{"id":3800,"date":"2010-08-20T10:15:43","date_gmt":"2010-08-20T09:15:43","guid":{"rendered":"http:\/\/fjala.shkoder.net\/?p=3800"},"modified":"2010-08-20T10:15:43","modified_gmt":"2010-08-20T09:15:43","slug":"cmimi-i-nje-provokimi","status":"publish","type":"post","link":"https:\/\/fjala.info\/2009-2015\/cmimi-i-nje-provokimi\/","title":{"rendered":"\u00c7mimi i nj\u00eb provokimi"},"content":{"rendered":"<p><img decoding=\"async\" style=\"margin-left: 10px; margin-right: 10px; border: 0px;\" title=\"Pre\u00e7 Zogaj\" src=\"http:\/\/www.shkoder.net\/images\/fjala\/prec_zogaj.jpg\" border=\"0\" alt=\"\" width=\"100\" align=\"left\" \/><\/p>\n<p><strong>Pre\u00e7 Zogaj<\/strong>, <em>20.08.2010<\/em><\/p>\n<p>Nuk ka ende asnj\u00eb reagim as nga Kryeministri Berisha, as nga Ministri i Jasht\u00ebm Meta n\u00eb lidhje me incidentin e fundit t\u00eb qeveris\u00eb shqiptare me qeverin\u00eb e Shteteve t\u00eb Bashkuara t\u00eb Amerik\u00ebs. Incidenti pa precedent n\u00eb marr\u00ebdh\u00ebniet dypal\u00ebshe ilustron shkall\u00ebn e p\u00ebrkeq\u00ebsimit t\u00eb k\u00ebtyre marr\u00ebdh\u00ebnieve deri n\u00eb humbjen e respektit formal n\u00eb komunikim dhe \u00ebsht\u00eb nj\u00eb sinjal alarmi p\u00ebr gjith\u00eb opinionin e gjer\u00eb proamerikanist n\u00eb Shqip\u00ebri.<\/p>\n<p>Ta rip\u00ebrmbledhim me pak fjal\u00eb: Ministri i Jasht\u00ebm i Shqip\u00ebris\u00eb, Ilir Meta, i ankohet Sekretares se Shtetit Hilari Klinton p\u00ebr q\u00ebndrimet publike t\u00eb ambasadorit amerikan Uidhers.<\/p>\n<p>Meta k\u00ebrkon distancimin e Departamentit t\u00eb Shtetit nga ambasadori p\u00ebr t\u00eb proklamuar pask\u00ebtaj me z\u00eb t\u00eb lart\u00eb at\u00eb q\u00eb qeveria &#8220;Berisha&#8221; e thot\u00eb prej koh\u00ebsh me z\u00eb t\u00eb ul\u00ebt se Uidhers flet n\u00eb kok\u00eb t\u00eb vet.<\/p>\n<p>\u00cbsht\u00eb nj\u00eb loj\u00eb fati kjo e ministrit shqiptar. Me dy rreshta let\u00ebr k\u00ebrkon t\u00eb asgj\u00ebsoj\u00eb gjith\u00eb shpres\u00ebn p\u00ebr drejt\u00ebsi q\u00eb opozit\u00ebs dhe opinionit publik shqiptar i ka ardhur dhe i vjen gjithnj\u00eb nga Uashingtoni.<\/p>\n<p>Pala amerikane nuk mjaftohet t\u00eb kthej\u00eb p\u00ebrgjigje n\u00eb t\u00eb nj\u00ebjtat kanale nga ka marr\u00eb letr\u00ebn, por vendos ta publikoj\u00eb p\u00ebrgjigjen n\u00eb form\u00ebn e nj\u00eb lajmi. P\u00ebrgjigja \u00ebsht\u00eb nj\u00eb shuplak\u00eb p\u00ebr let\u00ebrshkruesin: q\u00ebndrimet e ambasadorit Uidhers kan\u00eb qen\u00eb dhe jan\u00eb q\u00ebndrimet zyrtare t\u00eb SHBA-s\u00eb.<\/p>\n<p>M\u00eb shum\u00eb se mb\u00ebshtetja q\u00eb Departamenti i Shtetit i jep ambasadorit t\u00eb vet, Tiran\u00ebs i djeg fakti q\u00eb p\u00ebrgjigja i jepet medias p\u00ebr publikim. Kjo nuk \u00ebsht\u00eb d\u00ebgjuar m\u00eb par\u00eb. Do t\u00eb thot\u00eb se Departamenti i Shtetit \u00ebsht\u00eb provokuar nga letra e zyrtarit t\u00eb lart\u00eb t\u00eb qeveris\u00eb s\u00eb Tiran\u00ebs dhe nuk mund ta mbaj\u00eb p\u00ebr vete k\u00ebt\u00eb provokim.<\/p>\n<p>Do t\u00eb mjaftonte kaq sa u tha m\u00eb sip\u00ebr p\u00ebr t\u00eb ringritur akoma m\u00eb fort shqet\u00ebsimin se \u00e7&#8217;po ndodh me marr\u00ebdh\u00ebniet e qeveris\u00eb &#8220;Berisha-Meta&#8221; me administrat\u00ebn &#8220;Obama-Klinton&#8221;. Ku po shkojm\u00eb ? Por nuk mbaron k\u00ebtu. Meta th\u00ebrret t\u00ebr\u00eb mediat vendase dhe p\u00ebrg\u00ebnjeshtron lajmin p\u00ebr letr\u00ebn e tij kund\u00ebr ambasadorit Uidhers. K\u00ebsaj radhe pala amerikane kund\u00ebrp\u00ebrgjigjet flak\u00eb p\u00ebr flak\u00eb me publikimin e faksimiles s\u00eb p\u00ebrgjigjes q\u00eb ka marr\u00eb Meta nga Departamenti i Shtetit.<\/p>\n<p>Mesazhi p\u00ebr Met\u00ebn dhe Tiran\u00ebn zyrtare \u00ebsht\u00eb i qart\u00eb: Nuk ka heshtje n\u00eb Uashington p\u00ebr provokimet dhe g\u00ebnjeshtrat tuaja n\u00eb lidhje me ne!<br \/>\nMegjith\u00ebse \u00ebsht\u00eb kapur n\u00eb nj\u00eb g\u00ebnjesht\u00ebr t\u00eb past\u00ebr, Meta nuk ka gjetur m\u00ebnyr\u00ebn t\u00eb shpjegohet me publikun p\u00ebr \u00e7far\u00eb ka ndodhur.<\/p>\n<p>Me sa duket, nd\u00ebrsa nuk i del llogaria t\u00eb zbatoj\u00eb n\u00eb rastin konkret parimin e xhungl\u00ebs &#8220;mbrojtja m\u00eb e mir\u00eb \u00ebsht\u00eb sulmi&#8221;, ka menduar se mbrojtja m\u00eb e mir\u00eb \u00ebsht\u00eb heshtja, derisa t\u00eb harrohet edhe kjo \u00e7udi. Mir\u00ebpo ai ka detyrimin t\u00eb shpjegohet, t\u00eb sqarohet, t\u00eb pranoj\u00eb gabimin, t\u00eb k\u00ebrkoj\u00eb falje apo di\u00e7ka t\u00eb ngjashme, sepse \u00ebsht\u00eb Minist\u00ebr i Jasht\u00ebm i Shqip\u00ebris\u00eb .<\/p>\n<p>Tri jan\u00eb mund\u00ebsit\u00eb: ose e ka shkruar letr\u00ebn dhe ka menduar deri n\u00eb fund se amerikan\u00ebt nuk do ta shesin, edhe pse po u k\u00ebrkonte t\u00eb shisnin Uidhersin. Ose e ka marr\u00eb me mend se reagimi amerikan do t\u00eb ishte ky q\u00eb ishte, por ka plot\u00ebsuar si vart\u00ebs nj\u00eb k\u00ebrkes\u00eb apo porosi t\u00eb kryeministri Berisha. Ose letr\u00ebn e ka shkruar dikush tjet\u00ebr n\u00eb em\u00ebr t\u00eb tij dhe tani ai mendon q\u00eb p\u00ebrmes heshtjes t\u00eb shp\u00ebtoj\u00eb \u00e7far\u00eb mund t\u00eb shp\u00ebtohet nga nderi i humbur i qeveris\u00eb.<\/p>\n<p>N\u00eb t\u00eb gjitha rastet, Meta ka marr\u00eb p\u00ebrsip\u00ebr nj\u00eb barr\u00eb t\u00eb madhe dhe askush nuk e beson pas k\u00ebsaj kur flet p\u00ebr marr\u00ebdh\u00ebnie t\u00eb shk\u00eblqyera me SHBA-n\u00eb apo p\u00ebr raporte shum\u00eb t\u00eb mira me ambasadorin Uidhers. Nga tre variantet e p\u00ebrmendura m\u00eb sip\u00ebr mendoj se varianti m\u00eb af\u00ebr se v\u00ebrtet\u00ebs \u00ebsht\u00eb i dyti. Nuk mund t\u00eb shkruhet nj\u00eb let\u00ebr kund\u00ebr ambasadorit amerikan pa marr\u00eb minimumi miratimin e kryeministrit. Posti q\u00eb mban e implikon kryetarin e qeveris\u00eb n\u00eb k\u00ebt\u00eb skandal.<\/p>\n<p>Edhe po t\u00eb jet\u00eb dor\u00ebjasht\u00eb, gj\u00eb q\u00eb do t\u00eb ishte nj\u00eb \u00e7udi. Ministrit i Jasht\u00ebm nuk \u00ebsht\u00eb i p\u00ebrjashtuar nga p\u00ebrgjegj\u00ebsia edhe po t\u00eb ket\u00eb ofruar vet\u00ebm dor\u00ebn p\u00ebr t\u00eb firmosur letr\u00ebn. P\u00ebrve\u00e7se minist\u00ebr, ai \u00ebsht\u00eb n\u00eb t\u00eb nj\u00ebjt\u00ebn koh\u00eb k\u00ebshilltari kryesor i kryeministrit p\u00ebr \u00e7\u00ebshtje t\u00eb politik\u00ebs s\u00eb jashtme. Ai ka n\u00eb dor\u00eb edhe mjetin e dor\u00ebheqjes p\u00ebr t\u00eb kund\u00ebrshtuar e ndaluar veprime q\u00eb cenojn\u00eb \u00e7far\u00eb nuk duhet t\u00eb cenohet. Politikani nuk \u00ebsht\u00eb rrog\u00ebtar.<\/p>\n<p>Pse po flasim k\u00ebtu p\u00ebr munges\u00eb p\u00ebrgjegj\u00ebsie nga dy zyrtar\u00ebt m\u00eb t\u00eb lart\u00eb t\u00eb qeveris\u00eb? A nuk mund t\u00eb v\u00ebshtrohet historia edhe nga ana tjet\u00ebr e medaljes si nj\u00eb p\u00ebrpjekje e pasuksesshme p\u00ebr t\u00eb v\u00ebn\u00eb n\u00eb vend nj\u00eb pretendim, q\u00eb n\u00eb mos qoft\u00eb i drejt\u00eb, nuk \u00ebsht\u00eb kriminal? Po, historia mund t\u00eb shihet edhe k\u00ebshtu, n\u00ebse zyrtar\u00ebt shqiptar\u00eb na e shpjegojn\u00eb k\u00ebshtu.<\/p>\n<p>Por, kur shohim Ilir Met\u00ebn duke u p\u00ebrg\u00ebnjeshtruar nga amerikan\u00ebt si p\u00ebrg\u00ebnjeshtrues i amerikan\u00ebve, nuk mund t\u00eb mos kuptojm\u00eb se pala shqiptare nuk luan past\u00ebr por si dikush q\u00eb hedh gurin e k\u00ebrkon t\u00eb fsheh\u00eb dor\u00ebn. Incidentin n\u00eb fjal\u00eb e shpjegon mir\u00eb shprehja popullore &#8220;shkon t\u00eb k\u00ebrkosh brir\u00eb dhe l\u00eb edhe vesh\u00ebt&#8221;. Kjo \u00ebsht\u00eb. Por, megjith\u00ebse ka brenda \u00e7mimin q\u00eb paguan kurdoher\u00eb naiviteti dhe kryelart\u00ebsia boshe, kjo histori nuk \u00ebsht\u00eb thjesht shprehje naiviteti.<\/p>\n<p>Si\u00e7 theksuam m\u00eb lart, SHBA jan\u00eb provokuar nga letra e Met\u00ebs, p\u00ebrndryshe v\u00ebshtir\u00eb se do t\u00eb kishin reaguar si\u00e7 reaguan. Ku q\u00ebndron provokimi?<\/p>\n<p>\u00cbsht\u00eb e pakuptimt\u00eb se si Ministri i Jasht\u00ebm k\u00ebrkon distancimin e qeveris\u00eb amerikane nga nj\u00eb ambasador q\u00eb po ik\u00ebn dhe, me sa dim\u00eb, do t\u00eb dal\u00eb n\u00eb pension. Nj\u00eb ankes\u00eb e till\u00eb \u00ebsht\u00eb e padobishme n\u00eb pik\u00ebpamje praktike- b\u00ebri \u00e7&#8217;b\u00ebri, ambasadori po ik\u00ebn tani, nuk do t\u00eb jet\u00eb m\u00eb. Ankesa \u00e7alon edhe n\u00eb pik\u00ebpamje etike: \u00e7 duhet t\u00eb b\u00ebj\u00eb nj\u00eb qeveri me nj\u00eb funksionar q\u00eb po mbyll karrier\u00ebn?<\/p>\n<p>T\u00eb gjitha k\u00ebto i kupton \u00e7do njeri me inteligjenc\u00eb mesatare. Por, goditja nga Tirana nuk \u00ebsht\u00eb thjesht p\u00ebr t&#8217;i b\u00ebr\u00eb keq apo p\u00ebr t\u00eb marr\u00eb hak ndaj ambasadorit Uidhers. Goditja ka synime m\u00eb t\u00eb gjera, ajo \u00ebsht\u00eb e llogaritur, sado q\u00eb pa laps t\u00eb trash\u00eb; ajo \u00ebsht\u00eb si nj\u00eb trokitje e guximshme dhe e rrezikshme n\u00eb k\u00ebshtjell\u00eb p\u00ebr t\u00eb marr\u00eb shum\u00eb ose p\u00ebr t\u00eb humbur shum\u00eb- varet si do ta shoh\u00eb pun\u00ebn i zoti i k\u00ebshtjell\u00ebs.<\/p>\n<p>Tirana nuk e ka m\u00eb hallin te ambasadori q\u00eb po ik\u00ebn, por te ambasadori q\u00eb po vjen. Duke paditur djalin te babai,si\u00e7 thot\u00eb populli, edhe pse kjo \u00ebsht\u00eb me zarar, Tirana k\u00ebrkon t\u00eb ndikoj\u00eb korniz\u00ebn e re ku duhet t\u00eb veproj\u00eb ambasadori i ri. I riu nuk duhet t\u00eb b\u00ebj\u00eb si paraardh\u00ebsi i tij.<\/p>\n<p>Dometh\u00ebn\u00eb i riu nuk duhet t\u00eb ndihet p\u00ebr projektligjet dhe aktet e vler\u00ebsuara si antikushtetuese, antiligjore apo antidemokratike. Mendoj se pala amerikane ka par\u00eb n\u00eb letr\u00ebn e Met\u00ebs di\u00e7ka akoma m\u00eb thelb\u00ebsore: ka par\u00eb kund\u00ebrshtimin e qeveris\u00eb shqiptare ndaj q\u00ebndrimeve amerikane p\u00ebr zhvillimet demokratike n\u00eb Shqip\u00ebri.<\/p>\n<p>Pala jon\u00eb, si me th\u00ebn\u00eb, ka dashur t&#8217;i bjer\u00eb pragut t\u00eb d\u00ebgjoj\u00eb dera. Se nuk beson njeri q\u00eb nuk ditka ministri i jasht\u00ebm n\u00eb em\u00ebr t\u00eb kujt flet ambasadori i SHBA-s\u00eb.<\/p>\n<p>Ja, pra: me letr\u00ebn kund\u00ebr ambasadorit n\u00eb ikje Uidhers, Tirana zyrtare i ka k\u00ebrkuar Departamentit t\u00eb Shtetit t\u00eb ndryshoj\u00eb politik\u00ebn dhe q\u00ebndrimet ndaj saj, duke mbyllur, pse jo, nj\u00eb sy e nj\u00eb vesh, ose dy syt\u00eb e dy vesh\u00ebt p\u00ebr disa ngjarje dhe \u00e7\u00ebshtje pikante, q\u00eb ng\u00ebrthejn\u00eb tjet\u00ebrsimin e shtetit ligjor n\u00eb Shqip\u00ebri.<\/p>\n<p>Dashje pa dashje SHBA jan\u00eb ftuar t\u00eb l\u00ebn\u00eb m\u00ebnjan\u00eb n\u00eb rastin ne Shqip\u00ebris\u00eb misionin e tyre historik n\u00eb mbrojtje t\u00eb demokracis\u00eb, pra t\u00eb b\u00ebhen me heshtjen e tyre bashk\u00ebp\u00ebrgjegj\u00ebs n\u00eb cenimin e lirive dhe t\u00eb drejtave n\u00eb vendin ton\u00eb.<\/p>\n<p>Ky \u00ebsht\u00eb thelbi provokues i letr\u00ebs, q\u00eb ka \u00e7uar n\u00eb publikimin e pashembullt t\u00eb p\u00ebrgjigjes nga marr\u00ebsi. P\u00ebrgjigja dhe publikimi i saj jan\u00eb shprehje e refuzimit t\u00eb SHBA-s\u00eb p\u00ebr at\u00eb q\u00eb u k\u00ebrkohet dhe nj\u00ebkoh\u00ebsisht e vendosm\u00ebris\u00eb s\u00eb tyre p\u00ebr t\u00eb ndihmuar Shqip\u00ebrin\u00eb e shqiptar\u00ebt n\u00eb rrug\u00ebn e liris\u00eb dhe demokracis\u00eb.<\/p>\n<p>Guximi i qeveris\u00eb s\u00eb Tiran\u00ebs p\u00ebr t\u00eb provokuar n\u00eb k\u00ebt\u00eb nivel nuk ka justifikim, por mund t\u00eb shpjegohet ndoshta me ndonj\u00eb monedh\u00eb shk\u00ebmbimi q\u00eb Tirana mendon se ka n\u00eb dor\u00eb p\u00ebr t&#8217;u b\u00ebr\u00eb presion t\u00eb t\u00ebrthort\u00eb amerikan\u00ebve.<\/p>\n<p>&#8220;Na l\u00ebshoni k\u00ebtu, q\u00eb t\u00eb l\u00ebshojm\u00eb atje&#8221;! Po t\u00eb jet\u00eb e v\u00ebrtet\u00eb kjo, do t\u00eb ishte thjesht nj\u00eb mendjeleht\u00ebsi e koh\u00ebve t\u00eb shkuara. Shqip\u00ebria nuk ka asnj\u00eb arsye t\u00eb luaj\u00eb k\u00ebshtu me nj\u00eb vend kaq t\u00eb dashur e kaq t\u00eb madh si SHBA. Por duhet ta themi nd\u00ebrkoh\u00eb se Shqip\u00ebria, dometh\u00ebn\u00eb qeveria e saj, nuk ka ndonj\u00eb gj\u00eb n\u00eb dor\u00eb p\u00ebr t\u00eb b\u00ebr\u00eb pazar p\u00ebr interesat e pushtetit t\u00eb saj n\u00eb kurriz t\u00eb demokracis\u00eb.<\/p>\n<p>Karta e k\u00ebrc\u00ebnimit me destabilizim t\u00eb rajonit, e p\u00ebrdorur her\u00eb pas her\u00eb n\u00eb vitet e shkuara nga disa politikan\u00eb shqiptar\u00eb k\u00ebndej dhe andej kufirit, nuk vlen m\u00eb. Karta tjet\u00ebr e k\u00ebrc\u00ebnimit me ndryshim t\u00eb aleancave, duke u orientuar me p\u00ebrpar\u00ebsi drejt regjimeve autoritariste t\u00eb Lindjes s\u00eb sotme, si\u00e7 kan\u00eb b\u00ebr\u00eb tradicionalisht qeverit\u00eb shqiptare q\u00eb nuk p\u00ebrballojn\u00eb dot demokracin\u00eb, nuk \u00ebsht\u00eb e leht\u00eb t\u00eb p\u00ebrdoret sepse do t\u00eb ndeshte n\u00eb kund\u00ebrshtimin e gjer\u00eb t\u00eb popullit dhe kombit t\u00eb orientuar nga per\u00ebndimi.<\/p>\n<p>Proamerikanizmi \u00ebsht\u00eb nj\u00eb ndjenj\u00eb p\u00ebrbashkuese e kombit shqiptar, e krahasueshme p\u00ebr nga pesha dhe forca me gjuh\u00ebn. Asnj\u00eb forc\u00eb politike dhe asnj\u00eb politikan serioz shqiptar n\u00eb Shqip\u00ebri, Kosov\u00eb dhe Maqedoni nuk mund t\u00eb zgjedh\u00eb, pa u distancuar nga populli, nj\u00eb kurs politik q\u00eb bien ndesh me k\u00ebt\u00eb ndjenj\u00eb.<\/p>\n<p>Marr\u00ebdh\u00ebniet dypal\u00ebshe me Rusin\u00eb apo me Turqin\u00eb jan\u00eb t\u00eb r\u00ebnd\u00ebsishme p\u00ebr politik\u00ebn e hapur q\u00eb ndjek Shqip\u00ebria, por ato nuk mund t&#8217;u mbivendosen dhe ca m\u00eb pak t\u00eb z\u00ebvend\u00ebsojn\u00eb partneritetin strategjik me SHBA, t\u00eb themeluar n\u00eb vlerat universale t\u00eb demokracis\u00eb dhe kontributin madhor t\u00eb SHBA-s\u00eb p\u00ebr pavar\u00ebsin\u00eb dhe prosperitetin e Shqip\u00ebris\u00eb dhe Kosov\u00ebs.<\/p>\n<p>Ajo q\u00eb ngush\u00ebllon paksa n\u00eb k\u00ebt\u00eb histori \u00ebsht\u00eb fakti se zyrtar\u00ebt shqiptar\u00eb gjithsesi k\u00ebrkojn\u00eb dor\u00ebn e SHBA-s\u00eb edhe kur duan t\u00eb realizojn\u00eb synime q\u00eb nuk p\u00ebrkojn\u00eb me filozofin\u00eb per\u00ebndimore t\u00eb shtetit t\u00eb s\u00eb drejt\u00ebs. Kjo do t\u00eb thot\u00eb se megjith\u00ebse SHBA po b\u00ebhet m\u00eb modeste n\u00eb raport me bot\u00ebn, ajo mbetet busulla e demokracis\u00eb. Edhe p\u00ebr ne. Nuk ia dalim pa Amerik\u00ebn. \u00cbsht\u00eb fat q\u00eb nuk ia dalim.<\/p>\n","protected":false},"excerpt":{"rendered":"<p>Pre\u00e7 Zogaj, 20.08.2010 Nuk ka ende asnj\u00eb reagim as nga Kryeministri Berisha, as nga Ministri i Jasht\u00ebm Meta n\u00eb lidhje me incidentin e fundit t\u00eb qeveris\u00eb shqiptare me qeverin\u00eb e Shteteve t\u00eb Bashkuara t\u00eb Amerik\u00ebs. Incidenti pa precedent n\u00eb marr\u00ebdh\u00ebniet dypal\u00ebshe ilustron shkall\u00ebn e p\u00ebrkeq\u00ebsimit t\u00eb k\u00ebtyre marr\u00ebdh\u00ebnieve deri n\u00eb humbjen e respektit formal n\u00eb [&hellip;]<\/p>\n","protected":false},"author":1,"featured_media":0,"comment_status":"open","ping_status":"closed","sticky":false,"template":"","format":"standard","meta":{"footnotes":""},"categories":[2],"tags":[],"class_list":{"0":"post-3800","1":"post","2":"type-post","3":"status-publish","4":"format-standard","6":"category-artikuj"},"yoast_head":"<!-- This site is optimized with the Yoast SEO plugin v27.4 - https:\/\/yoast.com\/product\/yoast-seo-wordpress\/ -->\n<title>\u00c7mimi i nj\u00eb provokimi - FjALA e LIR\u00cb - Arkivi<\/title>\n<meta name=\"robots\" content=\"index, follow, max-snippet:-1, max-image-preview:large, max-video-preview:-1\" \/>\n<link rel=\"canonical\" href=\"https:\/\/fjala.info\/2009-2015\/cmimi-i-nje-provokimi\/\" \/>\n<meta property=\"og:locale\" content=\"sq_AL\" \/>\n<meta property=\"og:type\" content=\"article\" \/>\n<meta property=\"og:title\" content=\"\u00c7mimi i nj\u00eb provokimi - FjALA e LIR\u00cb - Arkivi\" \/>\n<meta property=\"og:description\" content=\"Pre\u00e7 Zogaj, 20.08.2010 Nuk ka ende asnj\u00eb reagim as nga Kryeministri Berisha, as nga Ministri i Jasht\u00ebm Meta n\u00eb lidhje me incidentin e fundit t\u00eb qeveris\u00eb shqiptare me qeverin\u00eb e Shteteve t\u00eb Bashkuara t\u00eb Amerik\u00ebs. Incidenti pa precedent n\u00eb marr\u00ebdh\u00ebniet dypal\u00ebshe ilustron shkall\u00ebn e p\u00ebrkeq\u00ebsimit t\u00eb k\u00ebtyre marr\u00ebdh\u00ebnieve deri n\u00eb humbjen e respektit formal n\u00eb [&hellip;]\" \/>\n<meta property=\"og:url\" content=\"https:\/\/fjala.info\/2009-2015\/cmimi-i-nje-provokimi\/\" \/>\n<meta property=\"og:site_name\" content=\"FjALA e LIR\u00cb - Arkivi\" \/>\n<meta property=\"article:published_time\" content=\"2010-08-20T09:15:43+00:00\" \/>\n<meta property=\"og:image\" content=\"http:\/\/www.shkoder.net\/images\/fjala\/prec_zogaj.jpg\" \/>\n<meta name=\"author\" content=\"admin\" \/>\n<meta name=\"twitter:card\" content=\"summary_large_image\" \/>\n<meta name=\"twitter:label1\" content=\"Written by\" \/>\n\t<meta name=\"twitter:data1\" content=\"admin\" \/>\n\t<meta name=\"twitter:label2\" content=\"Est. reading time\" \/>\n\t<meta name=\"twitter:data2\" content=\"10 minutes\" \/>\n<script type=\"application\/ld+json\" class=\"yoast-schema-graph\">{\"@context\":\"https:\\\/\\\/schema.org\",\"@graph\":[{\"@type\":\"Article\",\"@id\":\"https:\\\/\\\/fjala.info\\\/2009-2015\\\/cmimi-i-nje-provokimi\\\/#article\",\"isPartOf\":{\"@id\":\"https:\\\/\\\/fjala.info\\\/2009-2015\\\/cmimi-i-nje-provokimi\\\/\"},\"author\":{\"name\":\"admin\",\"@id\":\"https:\\\/\\\/fjala.info\\\/2009-2015\\\/#\\\/schema\\\/person\\\/3aa1163ef05469c496fc94e77611ada2\"},\"headline\":\"\u00c7mimi i nj\u00eb provokimi\",\"datePublished\":\"2010-08-20T09:15:43+00:00\",\"mainEntityOfPage\":{\"@id\":\"https:\\\/\\\/fjala.info\\\/2009-2015\\\/cmimi-i-nje-provokimi\\\/\"},\"wordCount\":1933,\"commentCount\":0,\"publisher\":{\"@id\":\"https:\\\/\\\/fjala.info\\\/2009-2015\\\/#organization\"},\"image\":{\"@id\":\"https:\\\/\\\/fjala.info\\\/2009-2015\\\/cmimi-i-nje-provokimi\\\/#primaryimage\"},\"thumbnailUrl\":\"http:\\\/\\\/www.shkoder.net\\\/images\\\/fjala\\\/prec_zogaj.jpg\",\"articleSection\":[\"Artikuj\"],\"inLanguage\":\"sq-AL\",\"potentialAction\":[{\"@type\":\"CommentAction\",\"name\":\"Comment\",\"target\":[\"https:\\\/\\\/fjala.info\\\/2009-2015\\\/cmimi-i-nje-provokimi\\\/#respond\"]}]},{\"@type\":\"WebPage\",\"@id\":\"https:\\\/\\\/fjala.info\\\/2009-2015\\\/cmimi-i-nje-provokimi\\\/\",\"url\":\"https:\\\/\\\/fjala.info\\\/2009-2015\\\/cmimi-i-nje-provokimi\\\/\",\"name\":\"\u00c7mimi i nj\u00eb provokimi - FjALA e LIR\u00cb - Arkivi\",\"isPartOf\":{\"@id\":\"https:\\\/\\\/fjala.info\\\/2009-2015\\\/#website\"},\"primaryImageOfPage\":{\"@id\":\"https:\\\/\\\/fjala.info\\\/2009-2015\\\/cmimi-i-nje-provokimi\\\/#primaryimage\"},\"image\":{\"@id\":\"https:\\\/\\\/fjala.info\\\/2009-2015\\\/cmimi-i-nje-provokimi\\\/#primaryimage\"},\"thumbnailUrl\":\"http:\\\/\\\/www.shkoder.net\\\/images\\\/fjala\\\/prec_zogaj.jpg\",\"datePublished\":\"2010-08-20T09:15:43+00:00\",\"breadcrumb\":{\"@id\":\"https:\\\/\\\/fjala.info\\\/2009-2015\\\/cmimi-i-nje-provokimi\\\/#breadcrumb\"},\"inLanguage\":\"sq-AL\",\"potentialAction\":[{\"@type\":\"ReadAction\",\"target\":[\"https:\\\/\\\/fjala.info\\\/2009-2015\\\/cmimi-i-nje-provokimi\\\/\"]}]},{\"@type\":\"ImageObject\",\"inLanguage\":\"sq-AL\",\"@id\":\"https:\\\/\\\/fjala.info\\\/2009-2015\\\/cmimi-i-nje-provokimi\\\/#primaryimage\",\"url\":\"http:\\\/\\\/www.shkoder.net\\\/images\\\/fjala\\\/prec_zogaj.jpg\",\"contentUrl\":\"http:\\\/\\\/www.shkoder.net\\\/images\\\/fjala\\\/prec_zogaj.jpg\"},{\"@type\":\"BreadcrumbList\",\"@id\":\"https:\\\/\\\/fjala.info\\\/2009-2015\\\/cmimi-i-nje-provokimi\\\/#breadcrumb\",\"itemListElement\":[{\"@type\":\"ListItem\",\"position\":1,\"name\":\"Home\",\"item\":\"https:\\\/\\\/fjala.info\\\/2009-2015\\\/\"},{\"@type\":\"ListItem\",\"position\":2,\"name\":\"\u00c7mimi i nj\u00eb provokimi\"}]},{\"@type\":\"WebSite\",\"@id\":\"https:\\\/\\\/fjala.info\\\/2009-2015\\\/#website\",\"url\":\"https:\\\/\\\/fjala.info\\\/2009-2015\\\/\",\"name\":\"FjALA e LIR\u00cb - Arkivi\",\"description\":\"Arkivi 2009-2015\",\"publisher\":{\"@id\":\"https:\\\/\\\/fjala.info\\\/2009-2015\\\/#organization\"},\"potentialAction\":[{\"@type\":\"SearchAction\",\"target\":{\"@type\":\"EntryPoint\",\"urlTemplate\":\"https:\\\/\\\/fjala.info\\\/2009-2015\\\/?s={search_term_string}\"},\"query-input\":{\"@type\":\"PropertyValueSpecification\",\"valueRequired\":true,\"valueName\":\"search_term_string\"}}],\"inLanguage\":\"sq-AL\"},{\"@type\":\"Organization\",\"@id\":\"https:\\\/\\\/fjala.info\\\/2009-2015\\\/#organization\",\"name\":\"FjALA e LIR\u00cb - Arkivi\",\"url\":\"https:\\\/\\\/fjala.info\\\/2009-2015\\\/\",\"logo\":{\"@type\":\"ImageObject\",\"inLanguage\":\"sq-AL\",\"@id\":\"https:\\\/\\\/fjala.info\\\/2009-2015\\\/#\\\/schema\\\/logo\\\/image\\\/\",\"url\":\"\",\"contentUrl\":\"\",\"caption\":\"FjALA e LIR\u00cb - Arkivi\"},\"image\":{\"@id\":\"https:\\\/\\\/fjala.info\\\/2009-2015\\\/#\\\/schema\\\/logo\\\/image\\\/\"}},{\"@type\":\"Person\",\"@id\":\"https:\\\/\\\/fjala.info\\\/2009-2015\\\/#\\\/schema\\\/person\\\/3aa1163ef05469c496fc94e77611ada2\",\"name\":\"admin\",\"image\":{\"@type\":\"ImageObject\",\"inLanguage\":\"sq-AL\",\"@id\":\"https:\\\/\\\/fjala.info\\\/2009-2015\\\/wp-content\\\/uploads\\\/2012\\\/02\\\/arben_cokaj-120x150.jpg\",\"url\":\"https:\\\/\\\/fjala.info\\\/2009-2015\\\/wp-content\\\/uploads\\\/2012\\\/02\\\/arben_cokaj-120x150.jpg\",\"contentUrl\":\"https:\\\/\\\/fjala.info\\\/2009-2015\\\/wp-content\\\/uploads\\\/2012\\\/02\\\/arben_cokaj-120x150.jpg\",\"caption\":\"admin\"},\"description\":\"Admin, Fjala e Lir\u00eb\",\"sameAs\":[\"https:\\\/\\\/fjala.info\\\/\"],\"url\":\"https:\\\/\\\/fjala.info\\\/2009-2015\\\/author\\\/admin\\\/\"}]}<\/script>\n<!-- \/ Yoast SEO plugin. -->","yoast_head_json":{"title":"\u00c7mimi i nj\u00eb provokimi - FjALA e LIR\u00cb - Arkivi","robots":{"index":"index","follow":"follow","max-snippet":"max-snippet:-1","max-image-preview":"max-image-preview:large","max-video-preview":"max-video-preview:-1"},"canonical":"https:\/\/fjala.info\/2009-2015\/cmimi-i-nje-provokimi\/","og_locale":"sq_AL","og_type":"article","og_title":"\u00c7mimi i nj\u00eb provokimi - FjALA e LIR\u00cb - Arkivi","og_description":"Pre\u00e7 Zogaj, 20.08.2010 Nuk ka ende asnj\u00eb reagim as nga Kryeministri Berisha, as nga Ministri i Jasht\u00ebm Meta n\u00eb lidhje me incidentin e fundit t\u00eb qeveris\u00eb shqiptare me qeverin\u00eb e Shteteve t\u00eb Bashkuara t\u00eb Amerik\u00ebs. Incidenti pa precedent n\u00eb marr\u00ebdh\u00ebniet dypal\u00ebshe ilustron shkall\u00ebn e p\u00ebrkeq\u00ebsimit t\u00eb k\u00ebtyre marr\u00ebdh\u00ebnieve deri n\u00eb humbjen e respektit formal n\u00eb [&hellip;]","og_url":"https:\/\/fjala.info\/2009-2015\/cmimi-i-nje-provokimi\/","og_site_name":"FjALA e LIR\u00cb - Arkivi","article_published_time":"2010-08-20T09:15:43+00:00","og_image":[{"url":"http:\/\/www.shkoder.net\/images\/fjala\/prec_zogaj.jpg","type":"","width":"","height":""}],"author":"admin","twitter_card":"summary_large_image","twitter_misc":{"Written by":"admin","Est. reading time":"10 minutes"},"schema":{"@context":"https:\/\/schema.org","@graph":[{"@type":"Article","@id":"https:\/\/fjala.info\/2009-2015\/cmimi-i-nje-provokimi\/#article","isPartOf":{"@id":"https:\/\/fjala.info\/2009-2015\/cmimi-i-nje-provokimi\/"},"author":{"name":"admin","@id":"https:\/\/fjala.info\/2009-2015\/#\/schema\/person\/3aa1163ef05469c496fc94e77611ada2"},"headline":"\u00c7mimi i nj\u00eb provokimi","datePublished":"2010-08-20T09:15:43+00:00","mainEntityOfPage":{"@id":"https:\/\/fjala.info\/2009-2015\/cmimi-i-nje-provokimi\/"},"wordCount":1933,"commentCount":0,"publisher":{"@id":"https:\/\/fjala.info\/2009-2015\/#organization"},"image":{"@id":"https:\/\/fjala.info\/2009-2015\/cmimi-i-nje-provokimi\/#primaryimage"},"thumbnailUrl":"http:\/\/www.shkoder.net\/images\/fjala\/prec_zogaj.jpg","articleSection":["Artikuj"],"inLanguage":"sq-AL","potentialAction":[{"@type":"CommentAction","name":"Comment","target":["https:\/\/fjala.info\/2009-2015\/cmimi-i-nje-provokimi\/#respond"]}]},{"@type":"WebPage","@id":"https:\/\/fjala.info\/2009-2015\/cmimi-i-nje-provokimi\/","url":"https:\/\/fjala.info\/2009-2015\/cmimi-i-nje-provokimi\/","name":"\u00c7mimi i nj\u00eb provokimi - FjALA e LIR\u00cb - Arkivi","isPartOf":{"@id":"https:\/\/fjala.info\/2009-2015\/#website"},"primaryImageOfPage":{"@id":"https:\/\/fjala.info\/2009-2015\/cmimi-i-nje-provokimi\/#primaryimage"},"image":{"@id":"https:\/\/fjala.info\/2009-2015\/cmimi-i-nje-provokimi\/#primaryimage"},"thumbnailUrl":"http:\/\/www.shkoder.net\/images\/fjala\/prec_zogaj.jpg","datePublished":"2010-08-20T09:15:43+00:00","breadcrumb":{"@id":"https:\/\/fjala.info\/2009-2015\/cmimi-i-nje-provokimi\/#breadcrumb"},"inLanguage":"sq-AL","potentialAction":[{"@type":"ReadAction","target":["https:\/\/fjala.info\/2009-2015\/cmimi-i-nje-provokimi\/"]}]},{"@type":"ImageObject","inLanguage":"sq-AL","@id":"https:\/\/fjala.info\/2009-2015\/cmimi-i-nje-provokimi\/#primaryimage","url":"http:\/\/www.shkoder.net\/images\/fjala\/prec_zogaj.jpg","contentUrl":"http:\/\/www.shkoder.net\/images\/fjala\/prec_zogaj.jpg"},{"@type":"BreadcrumbList","@id":"https:\/\/fjala.info\/2009-2015\/cmimi-i-nje-provokimi\/#breadcrumb","itemListElement":[{"@type":"ListItem","position":1,"name":"Home","item":"https:\/\/fjala.info\/2009-2015\/"},{"@type":"ListItem","position":2,"name":"\u00c7mimi i nj\u00eb provokimi"}]},{"@type":"WebSite","@id":"https:\/\/fjala.info\/2009-2015\/#website","url":"https:\/\/fjala.info\/2009-2015\/","name":"FjALA e LIR\u00cb - Arkivi","description":"Arkivi 2009-2015","publisher":{"@id":"https:\/\/fjala.info\/2009-2015\/#organization"},"potentialAction":[{"@type":"SearchAction","target":{"@type":"EntryPoint","urlTemplate":"https:\/\/fjala.info\/2009-2015\/?s={search_term_string}"},"query-input":{"@type":"PropertyValueSpecification","valueRequired":true,"valueName":"search_term_string"}}],"inLanguage":"sq-AL"},{"@type":"Organization","@id":"https:\/\/fjala.info\/2009-2015\/#organization","name":"FjALA e LIR\u00cb - Arkivi","url":"https:\/\/fjala.info\/2009-2015\/","logo":{"@type":"ImageObject","inLanguage":"sq-AL","@id":"https:\/\/fjala.info\/2009-2015\/#\/schema\/logo\/image\/","url":"","contentUrl":"","caption":"FjALA e LIR\u00cb - Arkivi"},"image":{"@id":"https:\/\/fjala.info\/2009-2015\/#\/schema\/logo\/image\/"}},{"@type":"Person","@id":"https:\/\/fjala.info\/2009-2015\/#\/schema\/person\/3aa1163ef05469c496fc94e77611ada2","name":"admin","image":{"@type":"ImageObject","inLanguage":"sq-AL","@id":"https:\/\/fjala.info\/2009-2015\/wp-content\/uploads\/2012\/02\/arben_cokaj-120x150.jpg","url":"https:\/\/fjala.info\/2009-2015\/wp-content\/uploads\/2012\/02\/arben_cokaj-120x150.jpg","contentUrl":"https:\/\/fjala.info\/2009-2015\/wp-content\/uploads\/2012\/02\/arben_cokaj-120x150.jpg","caption":"admin"},"description":"Admin, Fjala e Lir\u00eb","sameAs":["https:\/\/fjala.info\/"],"url":"https:\/\/fjala.info\/2009-2015\/author\/admin\/"}]}},"_links":{"self":[{"href":"https:\/\/fjala.info\/2009-2015\/wp-json\/wp\/v2\/posts\/3800","targetHints":{"allow":["GET"]}}],"collection":[{"href":"https:\/\/fjala.info\/2009-2015\/wp-json\/wp\/v2\/posts"}],"about":[{"href":"https:\/\/fjala.info\/2009-2015\/wp-json\/wp\/v2\/types\/post"}],"author":[{"embeddable":true,"href":"https:\/\/fjala.info\/2009-2015\/wp-json\/wp\/v2\/users\/1"}],"replies":[{"embeddable":true,"href":"https:\/\/fjala.info\/2009-2015\/wp-json\/wp\/v2\/comments?post=3800"}],"version-history":[{"count":0,"href":"https:\/\/fjala.info\/2009-2015\/wp-json\/wp\/v2\/posts\/3800\/revisions"}],"wp:attachment":[{"href":"https:\/\/fjala.info\/2009-2015\/wp-json\/wp\/v2\/media?parent=3800"}],"wp:term":[{"taxonomy":"category","embeddable":true,"href":"https:\/\/fjala.info\/2009-2015\/wp-json\/wp\/v2\/categories?post=3800"},{"taxonomy":"post_tag","embeddable":true,"href":"https:\/\/fjala.info\/2009-2015\/wp-json\/wp\/v2\/tags?post=3800"}],"curies":[{"name":"wp","href":"https:\/\/api.w.org\/{rel}","templated":true}]}}