{"id":380,"date":"2011-11-28T23:50:43","date_gmt":"2011-11-28T22:50:43","guid":{"rendered":"http:\/\/fjala.shkoder.net\/?p=380"},"modified":"2011-11-28T23:50:43","modified_gmt":"2011-11-28T22:50:43","slug":"skane-me-droje-bejne-cu-do-qejfi","status":"publish","type":"post","link":"https:\/\/fjala.info\/2009-2015\/skane-me-droje-bejne-cu-do-qejfi\/","title":{"rendered":"S\u2019kan\u00eb m\u00eb droj\u00eb; b\u00ebjn\u00eb \u00e7\u2019u do qejfi"},"content":{"rendered":"<p><img decoding=\"async\" class=\"alignleft size-thumbnail wp-image-7236\" title=\"Mustafa Nano\" src=\"http:\/\/www.shkoder.net\/images\/fjala\/mustafa_nano.jpg\" alt=\"\" width=\"150\" \/><strong>Mustafa Nano<\/strong>\/ <em>ResPublica.al<\/em><\/p>\n<p>Nj\u00eb. Kryeministri shkon p\u00ebruron me pomp\u00eb t\u00eb madhe nj\u00eb qend\u00ebr treg\u00ebtare t\u00eb ngritur nga biznesmen\u00ebt e tij; mobilizoi gjith\u00eb shtetin p\u00ebr k\u00ebt\u00eb ngjarje (edhe ndonj\u00eb shtet tjet\u00ebr, duhet th\u00ebn\u00eb; ambasadori amerikan u pa aty pran\u00eb me g\u00ebrsh\u00ebr\u00eb n\u00eb dor\u00eb); braktisi dhe diskutimin p\u00ebr projekt-buxhetin bash p\u00ebr k\u00ebt\u00eb pun\u00eb.<\/p>\n<p>Dy. Kryeparlamentarja \u00e7on dh\u00ebnd\u00ebrrin n\u00eb Paris, n\u00eb ambasad\u00eb, q\u00eb ai t\u00eb ket\u00eb mund\u00ebsi t\u00eb rrij\u00eb af\u00ebr t\u00eb dashur\u00ebs, vajz\u00ebs s\u00eb kryeparlamentares, q\u00eb \u00ebsht\u00eb gjithashtu n\u00eb Paris.<\/p>\n<p>Tre. Kryeministri s\u00ebrish em\u00ebron nipin e vet n\u00eb polici; nipi i vet u kap n\u00eb nj\u00eb moment, teksa nxirrte e p\u00ebrdorte arm\u00ebn n\u00eb qytet; me at\u00eb rast hiqet nga policia; por s\u2019kalon pak koh\u00eb, dhe \u00e7ohet polic n\u00eb Rom\u00eb, pjes\u00eb e stafit diplomatik atje.<\/p>\n<p>Kat\u00ebr. Lulzim Basha e ka shnd\u00ebrruar bashkin\u00eb e Tiran\u00ebs n\u00eb nj\u00eb nd\u00ebrmarrje private; kunati i tij, p\u00ebr t\u00eb cilin kujtonim se ish thjesht nj\u00eb personazh folklorik e fantomatik i rubrik\u00ebs satirike t\u00eb Mero Bazes, nuk \u00ebsht\u00eb as foklorik, as fantomatik; sot na del q\u00eb ai \u00ebsht\u00eb nj\u00eb alamet persoanzhi real; media raporton se parat\u00eb e bashkis\u00eb t\u00eb caktuara p\u00ebr dekorin urban jan\u00eb fituar n\u00eb nj\u00eb tender nga nj\u00eb kompani e nj\u00eb mikut t\u00eb kunatit, dhe e nj\u00eb vajze q\u00eb ka udh\u00ebhequr fushat\u00ebn elektorale t\u00eb Bash\u00ebs.<\/p>\n<p>K\u00ebto jan\u00eb disa nga b\u00ebmat abuzive e korruptive, q\u00eb b\u00ebhen n\u00eb m\u00ebnyr\u00eb arrogante nga pushtetar\u00ebt e sot\u00ebm. I b\u00ebjn\u00eb aq hapur, sa duket sikur duan t\u00eb na thon\u00eb: kush pjerdh p\u00ebr ju? Dhe t\u00eb mendosh se sa m\u00eb sip\u00ebr jan\u00eb b\u00ebma minore; jan\u00eb nj\u00eb hi\u00e7 krahasuar me G\u00ebrdecin, me 21 janarin, me korrupsionin n\u00eb rrug\u00ebn Dur\u00ebs-Kuk\u00ebs, etj.<\/p>\n","protected":false},"excerpt":{"rendered":"<p>Mustafa Nano\/ ResPublica.al Nj\u00eb. Kryeministri shkon p\u00ebruron me pomp\u00eb t\u00eb madhe nj\u00eb qend\u00ebr treg\u00ebtare t\u00eb ngritur nga biznesmen\u00ebt e tij; mobilizoi gjith\u00eb shtetin p\u00ebr k\u00ebt\u00eb ngjarje (edhe ndonj\u00eb shtet tjet\u00ebr, duhet th\u00ebn\u00eb; ambasadori amerikan u pa aty pran\u00eb me g\u00ebrsh\u00ebr\u00eb n\u00eb dor\u00eb); braktisi dhe diskutimin p\u00ebr projekt-buxhetin bash p\u00ebr k\u00ebt\u00eb pun\u00eb. Dy. Kryeparlamentarja \u00e7on dh\u00ebnd\u00ebrrin [&hellip;]<\/p>\n","protected":false},"author":1,"featured_media":0,"comment_status":"open","ping_status":"closed","sticky":false,"template":"","format":"standard","meta":{"footnotes":""},"categories":[2],"tags":[],"class_list":{"0":"post-380","1":"post","2":"type-post","3":"status-publish","4":"format-standard","6":"category-artikuj"},"yoast_head":"<!-- This site is optimized with the Yoast SEO plugin v27.4 - https:\/\/yoast.com\/product\/yoast-seo-wordpress\/ -->\n<title>S\u2019kan\u00eb m\u00eb droj\u00eb; b\u00ebjn\u00eb \u00e7\u2019u do qejfi - FjALA e LIR\u00cb - Arkivi<\/title>\n<meta name=\"robots\" content=\"index, follow, max-snippet:-1, max-image-preview:large, max-video-preview:-1\" \/>\n<link rel=\"canonical\" href=\"https:\/\/fjala.info\/2009-2015\/skane-me-droje-bejne-cu-do-qejfi\/\" \/>\n<meta property=\"og:locale\" content=\"sq_AL\" \/>\n<meta property=\"og:type\" content=\"article\" \/>\n<meta property=\"og:title\" content=\"S\u2019kan\u00eb m\u00eb droj\u00eb; b\u00ebjn\u00eb \u00e7\u2019u do qejfi - FjALA e LIR\u00cb - Arkivi\" \/>\n<meta property=\"og:description\" content=\"Mustafa Nano\/ ResPublica.al Nj\u00eb. Kryeministri shkon p\u00ebruron me pomp\u00eb t\u00eb madhe nj\u00eb qend\u00ebr treg\u00ebtare t\u00eb ngritur nga biznesmen\u00ebt e tij; mobilizoi gjith\u00eb shtetin p\u00ebr k\u00ebt\u00eb ngjarje (edhe ndonj\u00eb shtet tjet\u00ebr, duhet th\u00ebn\u00eb; ambasadori amerikan u pa aty pran\u00eb me g\u00ebrsh\u00ebr\u00eb n\u00eb dor\u00eb); braktisi dhe diskutimin p\u00ebr projekt-buxhetin bash p\u00ebr k\u00ebt\u00eb pun\u00eb. Dy. Kryeparlamentarja \u00e7on dh\u00ebnd\u00ebrrin [&hellip;]\" \/>\n<meta property=\"og:url\" content=\"https:\/\/fjala.info\/2009-2015\/skane-me-droje-bejne-cu-do-qejfi\/\" \/>\n<meta property=\"og:site_name\" content=\"FjALA e LIR\u00cb - Arkivi\" \/>\n<meta property=\"article:published_time\" content=\"2011-11-28T22:50:43+00:00\" \/>\n<meta property=\"og:image\" content=\"http:\/\/www.shkoder.net\/images\/fjala\/mustafa_nano.jpg\" \/>\n<meta name=\"author\" content=\"admin\" \/>\n<meta name=\"twitter:card\" content=\"summary_large_image\" \/>\n<meta name=\"twitter:label1\" content=\"Written by\" \/>\n\t<meta name=\"twitter:data1\" content=\"admin\" \/>\n\t<meta name=\"twitter:label2\" content=\"Est. reading time\" \/>\n\t<meta name=\"twitter:data2\" content=\"2 minutes\" \/>\n<script type=\"application\/ld+json\" class=\"yoast-schema-graph\">{\"@context\":\"https:\\\/\\\/schema.org\",\"@graph\":[{\"@type\":\"Article\",\"@id\":\"https:\\\/\\\/fjala.info\\\/2009-2015\\\/skane-me-droje-bejne-cu-do-qejfi\\\/#article\",\"isPartOf\":{\"@id\":\"https:\\\/\\\/fjala.info\\\/2009-2015\\\/skane-me-droje-bejne-cu-do-qejfi\\\/\"},\"author\":{\"name\":\"admin\",\"@id\":\"https:\\\/\\\/fjala.info\\\/2009-2015\\\/#\\\/schema\\\/person\\\/3aa1163ef05469c496fc94e77611ada2\"},\"headline\":\"S\u2019kan\u00eb m\u00eb droj\u00eb; b\u00ebjn\u00eb \u00e7\u2019u do qejfi\",\"datePublished\":\"2011-11-28T22:50:43+00:00\",\"mainEntityOfPage\":{\"@id\":\"https:\\\/\\\/fjala.info\\\/2009-2015\\\/skane-me-droje-bejne-cu-do-qejfi\\\/\"},\"wordCount\":320,\"commentCount\":0,\"publisher\":{\"@id\":\"https:\\\/\\\/fjala.info\\\/2009-2015\\\/#organization\"},\"image\":{\"@id\":\"https:\\\/\\\/fjala.info\\\/2009-2015\\\/skane-me-droje-bejne-cu-do-qejfi\\\/#primaryimage\"},\"thumbnailUrl\":\"http:\\\/\\\/www.shkoder.net\\\/images\\\/fjala\\\/mustafa_nano.jpg\",\"articleSection\":[\"Artikuj\"],\"inLanguage\":\"sq-AL\",\"potentialAction\":[{\"@type\":\"CommentAction\",\"name\":\"Comment\",\"target\":[\"https:\\\/\\\/fjala.info\\\/2009-2015\\\/skane-me-droje-bejne-cu-do-qejfi\\\/#respond\"]}]},{\"@type\":\"WebPage\",\"@id\":\"https:\\\/\\\/fjala.info\\\/2009-2015\\\/skane-me-droje-bejne-cu-do-qejfi\\\/\",\"url\":\"https:\\\/\\\/fjala.info\\\/2009-2015\\\/skane-me-droje-bejne-cu-do-qejfi\\\/\",\"name\":\"S\u2019kan\u00eb m\u00eb droj\u00eb; b\u00ebjn\u00eb \u00e7\u2019u do qejfi - FjALA e LIR\u00cb - Arkivi\",\"isPartOf\":{\"@id\":\"https:\\\/\\\/fjala.info\\\/2009-2015\\\/#website\"},\"primaryImageOfPage\":{\"@id\":\"https:\\\/\\\/fjala.info\\\/2009-2015\\\/skane-me-droje-bejne-cu-do-qejfi\\\/#primaryimage\"},\"image\":{\"@id\":\"https:\\\/\\\/fjala.info\\\/2009-2015\\\/skane-me-droje-bejne-cu-do-qejfi\\\/#primaryimage\"},\"thumbnailUrl\":\"http:\\\/\\\/www.shkoder.net\\\/images\\\/fjala\\\/mustafa_nano.jpg\",\"datePublished\":\"2011-11-28T22:50:43+00:00\",\"breadcrumb\":{\"@id\":\"https:\\\/\\\/fjala.info\\\/2009-2015\\\/skane-me-droje-bejne-cu-do-qejfi\\\/#breadcrumb\"},\"inLanguage\":\"sq-AL\",\"potentialAction\":[{\"@type\":\"ReadAction\",\"target\":[\"https:\\\/\\\/fjala.info\\\/2009-2015\\\/skane-me-droje-bejne-cu-do-qejfi\\\/\"]}]},{\"@type\":\"ImageObject\",\"inLanguage\":\"sq-AL\",\"@id\":\"https:\\\/\\\/fjala.info\\\/2009-2015\\\/skane-me-droje-bejne-cu-do-qejfi\\\/#primaryimage\",\"url\":\"http:\\\/\\\/www.shkoder.net\\\/images\\\/fjala\\\/mustafa_nano.jpg\",\"contentUrl\":\"http:\\\/\\\/www.shkoder.net\\\/images\\\/fjala\\\/mustafa_nano.jpg\"},{\"@type\":\"BreadcrumbList\",\"@id\":\"https:\\\/\\\/fjala.info\\\/2009-2015\\\/skane-me-droje-bejne-cu-do-qejfi\\\/#breadcrumb\",\"itemListElement\":[{\"@type\":\"ListItem\",\"position\":1,\"name\":\"Home\",\"item\":\"https:\\\/\\\/fjala.info\\\/2009-2015\\\/\"},{\"@type\":\"ListItem\",\"position\":2,\"name\":\"S\u2019kan\u00eb m\u00eb droj\u00eb; b\u00ebjn\u00eb \u00e7\u2019u do qejfi\"}]},{\"@type\":\"WebSite\",\"@id\":\"https:\\\/\\\/fjala.info\\\/2009-2015\\\/#website\",\"url\":\"https:\\\/\\\/fjala.info\\\/2009-2015\\\/\",\"name\":\"FjALA e LIR\u00cb - Arkivi\",\"description\":\"Arkivi 2009-2015\",\"publisher\":{\"@id\":\"https:\\\/\\\/fjala.info\\\/2009-2015\\\/#organization\"},\"potentialAction\":[{\"@type\":\"SearchAction\",\"target\":{\"@type\":\"EntryPoint\",\"urlTemplate\":\"https:\\\/\\\/fjala.info\\\/2009-2015\\\/?s={search_term_string}\"},\"query-input\":{\"@type\":\"PropertyValueSpecification\",\"valueRequired\":true,\"valueName\":\"search_term_string\"}}],\"inLanguage\":\"sq-AL\"},{\"@type\":\"Organization\",\"@id\":\"https:\\\/\\\/fjala.info\\\/2009-2015\\\/#organization\",\"name\":\"FjALA e LIR\u00cb - Arkivi\",\"url\":\"https:\\\/\\\/fjala.info\\\/2009-2015\\\/\",\"logo\":{\"@type\":\"ImageObject\",\"inLanguage\":\"sq-AL\",\"@id\":\"https:\\\/\\\/fjala.info\\\/2009-2015\\\/#\\\/schema\\\/logo\\\/image\\\/\",\"url\":\"\",\"contentUrl\":\"\",\"caption\":\"FjALA e LIR\u00cb - Arkivi\"},\"image\":{\"@id\":\"https:\\\/\\\/fjala.info\\\/2009-2015\\\/#\\\/schema\\\/logo\\\/image\\\/\"}},{\"@type\":\"Person\",\"@id\":\"https:\\\/\\\/fjala.info\\\/2009-2015\\\/#\\\/schema\\\/person\\\/3aa1163ef05469c496fc94e77611ada2\",\"name\":\"admin\",\"image\":{\"@type\":\"ImageObject\",\"inLanguage\":\"sq-AL\",\"@id\":\"https:\\\/\\\/fjala.info\\\/2009-2015\\\/wp-content\\\/uploads\\\/2012\\\/02\\\/arben_cokaj-120x150.jpg\",\"url\":\"https:\\\/\\\/fjala.info\\\/2009-2015\\\/wp-content\\\/uploads\\\/2012\\\/02\\\/arben_cokaj-120x150.jpg\",\"contentUrl\":\"https:\\\/\\\/fjala.info\\\/2009-2015\\\/wp-content\\\/uploads\\\/2012\\\/02\\\/arben_cokaj-120x150.jpg\",\"caption\":\"admin\"},\"description\":\"Admin, Fjala e Lir\u00eb\",\"sameAs\":[\"https:\\\/\\\/fjala.info\\\/\"],\"url\":\"https:\\\/\\\/fjala.info\\\/2009-2015\\\/author\\\/admin\\\/\"}]}<\/script>\n<!-- \/ Yoast SEO plugin. -->","yoast_head_json":{"title":"S\u2019kan\u00eb m\u00eb droj\u00eb; b\u00ebjn\u00eb \u00e7\u2019u do qejfi - FjALA e LIR\u00cb - Arkivi","robots":{"index":"index","follow":"follow","max-snippet":"max-snippet:-1","max-image-preview":"max-image-preview:large","max-video-preview":"max-video-preview:-1"},"canonical":"https:\/\/fjala.info\/2009-2015\/skane-me-droje-bejne-cu-do-qejfi\/","og_locale":"sq_AL","og_type":"article","og_title":"S\u2019kan\u00eb m\u00eb droj\u00eb; b\u00ebjn\u00eb \u00e7\u2019u do qejfi - FjALA e LIR\u00cb - Arkivi","og_description":"Mustafa Nano\/ ResPublica.al Nj\u00eb. Kryeministri shkon p\u00ebruron me pomp\u00eb t\u00eb madhe nj\u00eb qend\u00ebr treg\u00ebtare t\u00eb ngritur nga biznesmen\u00ebt e tij; mobilizoi gjith\u00eb shtetin p\u00ebr k\u00ebt\u00eb ngjarje (edhe ndonj\u00eb shtet tjet\u00ebr, duhet th\u00ebn\u00eb; ambasadori amerikan u pa aty pran\u00eb me g\u00ebrsh\u00ebr\u00eb n\u00eb dor\u00eb); braktisi dhe diskutimin p\u00ebr projekt-buxhetin bash p\u00ebr k\u00ebt\u00eb pun\u00eb. Dy. Kryeparlamentarja \u00e7on dh\u00ebnd\u00ebrrin [&hellip;]","og_url":"https:\/\/fjala.info\/2009-2015\/skane-me-droje-bejne-cu-do-qejfi\/","og_site_name":"FjALA e LIR\u00cb - Arkivi","article_published_time":"2011-11-28T22:50:43+00:00","og_image":[{"url":"http:\/\/www.shkoder.net\/images\/fjala\/mustafa_nano.jpg","type":"","width":"","height":""}],"author":"admin","twitter_card":"summary_large_image","twitter_misc":{"Written by":"admin","Est. reading time":"2 minutes"},"schema":{"@context":"https:\/\/schema.org","@graph":[{"@type":"Article","@id":"https:\/\/fjala.info\/2009-2015\/skane-me-droje-bejne-cu-do-qejfi\/#article","isPartOf":{"@id":"https:\/\/fjala.info\/2009-2015\/skane-me-droje-bejne-cu-do-qejfi\/"},"author":{"name":"admin","@id":"https:\/\/fjala.info\/2009-2015\/#\/schema\/person\/3aa1163ef05469c496fc94e77611ada2"},"headline":"S\u2019kan\u00eb m\u00eb droj\u00eb; b\u00ebjn\u00eb \u00e7\u2019u do qejfi","datePublished":"2011-11-28T22:50:43+00:00","mainEntityOfPage":{"@id":"https:\/\/fjala.info\/2009-2015\/skane-me-droje-bejne-cu-do-qejfi\/"},"wordCount":320,"commentCount":0,"publisher":{"@id":"https:\/\/fjala.info\/2009-2015\/#organization"},"image":{"@id":"https:\/\/fjala.info\/2009-2015\/skane-me-droje-bejne-cu-do-qejfi\/#primaryimage"},"thumbnailUrl":"http:\/\/www.shkoder.net\/images\/fjala\/mustafa_nano.jpg","articleSection":["Artikuj"],"inLanguage":"sq-AL","potentialAction":[{"@type":"CommentAction","name":"Comment","target":["https:\/\/fjala.info\/2009-2015\/skane-me-droje-bejne-cu-do-qejfi\/#respond"]}]},{"@type":"WebPage","@id":"https:\/\/fjala.info\/2009-2015\/skane-me-droje-bejne-cu-do-qejfi\/","url":"https:\/\/fjala.info\/2009-2015\/skane-me-droje-bejne-cu-do-qejfi\/","name":"S\u2019kan\u00eb m\u00eb droj\u00eb; b\u00ebjn\u00eb \u00e7\u2019u do qejfi - FjALA e LIR\u00cb - Arkivi","isPartOf":{"@id":"https:\/\/fjala.info\/2009-2015\/#website"},"primaryImageOfPage":{"@id":"https:\/\/fjala.info\/2009-2015\/skane-me-droje-bejne-cu-do-qejfi\/#primaryimage"},"image":{"@id":"https:\/\/fjala.info\/2009-2015\/skane-me-droje-bejne-cu-do-qejfi\/#primaryimage"},"thumbnailUrl":"http:\/\/www.shkoder.net\/images\/fjala\/mustafa_nano.jpg","datePublished":"2011-11-28T22:50:43+00:00","breadcrumb":{"@id":"https:\/\/fjala.info\/2009-2015\/skane-me-droje-bejne-cu-do-qejfi\/#breadcrumb"},"inLanguage":"sq-AL","potentialAction":[{"@type":"ReadAction","target":["https:\/\/fjala.info\/2009-2015\/skane-me-droje-bejne-cu-do-qejfi\/"]}]},{"@type":"ImageObject","inLanguage":"sq-AL","@id":"https:\/\/fjala.info\/2009-2015\/skane-me-droje-bejne-cu-do-qejfi\/#primaryimage","url":"http:\/\/www.shkoder.net\/images\/fjala\/mustafa_nano.jpg","contentUrl":"http:\/\/www.shkoder.net\/images\/fjala\/mustafa_nano.jpg"},{"@type":"BreadcrumbList","@id":"https:\/\/fjala.info\/2009-2015\/skane-me-droje-bejne-cu-do-qejfi\/#breadcrumb","itemListElement":[{"@type":"ListItem","position":1,"name":"Home","item":"https:\/\/fjala.info\/2009-2015\/"},{"@type":"ListItem","position":2,"name":"S\u2019kan\u00eb m\u00eb droj\u00eb; b\u00ebjn\u00eb \u00e7\u2019u do qejfi"}]},{"@type":"WebSite","@id":"https:\/\/fjala.info\/2009-2015\/#website","url":"https:\/\/fjala.info\/2009-2015\/","name":"FjALA e LIR\u00cb - Arkivi","description":"Arkivi 2009-2015","publisher":{"@id":"https:\/\/fjala.info\/2009-2015\/#organization"},"potentialAction":[{"@type":"SearchAction","target":{"@type":"EntryPoint","urlTemplate":"https:\/\/fjala.info\/2009-2015\/?s={search_term_string}"},"query-input":{"@type":"PropertyValueSpecification","valueRequired":true,"valueName":"search_term_string"}}],"inLanguage":"sq-AL"},{"@type":"Organization","@id":"https:\/\/fjala.info\/2009-2015\/#organization","name":"FjALA e LIR\u00cb - Arkivi","url":"https:\/\/fjala.info\/2009-2015\/","logo":{"@type":"ImageObject","inLanguage":"sq-AL","@id":"https:\/\/fjala.info\/2009-2015\/#\/schema\/logo\/image\/","url":"","contentUrl":"","caption":"FjALA e LIR\u00cb - Arkivi"},"image":{"@id":"https:\/\/fjala.info\/2009-2015\/#\/schema\/logo\/image\/"}},{"@type":"Person","@id":"https:\/\/fjala.info\/2009-2015\/#\/schema\/person\/3aa1163ef05469c496fc94e77611ada2","name":"admin","image":{"@type":"ImageObject","inLanguage":"sq-AL","@id":"https:\/\/fjala.info\/2009-2015\/wp-content\/uploads\/2012\/02\/arben_cokaj-120x150.jpg","url":"https:\/\/fjala.info\/2009-2015\/wp-content\/uploads\/2012\/02\/arben_cokaj-120x150.jpg","contentUrl":"https:\/\/fjala.info\/2009-2015\/wp-content\/uploads\/2012\/02\/arben_cokaj-120x150.jpg","caption":"admin"},"description":"Admin, Fjala e Lir\u00eb","sameAs":["https:\/\/fjala.info\/"],"url":"https:\/\/fjala.info\/2009-2015\/author\/admin\/"}]}},"_links":{"self":[{"href":"https:\/\/fjala.info\/2009-2015\/wp-json\/wp\/v2\/posts\/380","targetHints":{"allow":["GET"]}}],"collection":[{"href":"https:\/\/fjala.info\/2009-2015\/wp-json\/wp\/v2\/posts"}],"about":[{"href":"https:\/\/fjala.info\/2009-2015\/wp-json\/wp\/v2\/types\/post"}],"author":[{"embeddable":true,"href":"https:\/\/fjala.info\/2009-2015\/wp-json\/wp\/v2\/users\/1"}],"replies":[{"embeddable":true,"href":"https:\/\/fjala.info\/2009-2015\/wp-json\/wp\/v2\/comments?post=380"}],"version-history":[{"count":0,"href":"https:\/\/fjala.info\/2009-2015\/wp-json\/wp\/v2\/posts\/380\/revisions"}],"wp:attachment":[{"href":"https:\/\/fjala.info\/2009-2015\/wp-json\/wp\/v2\/media?parent=380"}],"wp:term":[{"taxonomy":"category","embeddable":true,"href":"https:\/\/fjala.info\/2009-2015\/wp-json\/wp\/v2\/categories?post=380"},{"taxonomy":"post_tag","embeddable":true,"href":"https:\/\/fjala.info\/2009-2015\/wp-json\/wp\/v2\/tags?post=380"}],"curies":[{"name":"wp","href":"https:\/\/api.w.org\/{rel}","templated":true}]}}