{"id":3798,"date":"2010-08-20T10:14:20","date_gmt":"2010-08-20T09:14:20","guid":{"rendered":"http:\/\/fjala.shkoder.net\/?p=3798"},"modified":"2010-08-20T10:14:20","modified_gmt":"2010-08-20T09:14:20","slug":"daullet-e-dules-dhe-bollanos","status":"publish","type":"post","link":"https:\/\/fjala.info\/2009-2015\/daullet-e-dules-dhe-bollanos\/","title":{"rendered":"Daullet e Dules dhe Bollanos"},"content":{"rendered":"<p><strong>Prof. Dr. Ago Nezha<\/strong>, <em>20.08.2010<\/em><\/p>\n<p>Minoritetet, n\u00eb gjeostrategjin\u00eb e kombeve t\u00eb p\u00ebrparuara t\u00eb bot\u00ebs, kan\u00eb qen\u00eb dhe mbeten ur\u00eb lidhje dhe komunikimi t\u00eb miq\u00ebsis\u00eb dhe marr\u00ebdh\u00ebnieve institucionale t\u00eb nd\u00ebrsjella. Shqip\u00ebria, pa asnj\u00eb m\u00ebdyshje mund t\u00eb merret si nj\u00eb model unikal i bashk\u00ebjetes\u00ebs, pa konflikte etnike e fetare n\u00eb rajonin e Ballkanit.<\/p>\n<p>Historikisht, odiseja e provokacioneve t\u00eb fqinjit jugor ka qen\u00eb p\u00ebr motive ekspansioniste, p\u00ebr t\u00eb ashtuquajturin Vorio -Epiri i Shqip\u00ebris\u00eb. Variantet dhe taktikat e p\u00ebrdorura nga qarqe ekstremiste, shoviniste greke, kan\u00eb qen\u00eb t\u00eb improvizuara n\u00eb hap\u00ebsir\u00eb dhe n\u00eb koh\u00eb sipas nj\u00eb strategjie koherente, duke i tejkaluar edhe kufijt\u00eb emocional.<\/p>\n<p>Inventari i provokimeve dhe pretendimeve absurde, po i shton frakturat q\u00eb ka shkaktuar politika aventureske e qarqeve agresive Vorio-Epiriote.<\/p>\n<p>Duke mbajtur n\u00eb kujtes\u00eb, aktin kriminal t\u00eb ushtar\u00ebve grek\u00eb n\u00eb post\u00ebn kufitare t\u00eb Peshkopis\u00eb n\u00eb Gjirokast\u00ebr, vrasjet makabre p\u00ebr tifoz\u00ebri apo festa komb\u00ebtare, k\u00ebng\u00ebt genocidiste t\u00eb ushtar\u00ebve grek\u00eb, procesin &#8220;Bollano&#8221; p\u00ebr henelizimin e krahin\u00ebs s\u00eb Himar\u00ebs, pretendimet p\u00ebr varreza greke n\u00eb kat\u00ebr qytete t\u00eb jugut, hapjen e shkollave greke n\u00eb gjith\u00eb krahinat e vendit, p\u00ebrvet\u00ebsimin e vij\u00ebs kufitare detare, e shum\u00eb veprime n\u00eb dinamik\u00eb revanshiste, deri te sfondi politik apo etnik q\u00eb duan t&#8217;i veshin rastit t\u00eb humbjes s\u00eb jet\u00ebs t\u00eb t\u00eb riut himarjot. Sponsor\u00ebt politik si Kryetari i PBDNJ-s\u00eb z.<\/p>\n<p>Vangjel Dule, dhe i &#8220;shenjti&#8221; i zotit, Janullatos, u indinjuan s\u00eb tep\u00ebrmi p\u00ebr humbjen e jet\u00ebs t\u00eb &#8220;minoritarit&#8221; Aristotel Guma, jo p\u00ebr humaniz\u00ebm njer\u00ebzor, por se e ngat\u00ebrrojn\u00eb me etni greke. Ka pasur raste shum\u00eb m\u00eb tragjike (pa dashur ta zbehim aktin e t\u00eb riut himarjot) dhe as &#8220;daullet&#8221; e Dules, e as &#8220;pushk\u00ebt&#8221; e Kryepeshkopit Janullatos nuk jan\u00eb d\u00ebgjuar t\u00eb bien p\u00ebr ndonj\u00eb incident t\u00eb padrejt\u00eb. Alibia p\u00ebr etnin\u00eb greke t\u00eb t\u00eb riut himarjot, b\u00ebn q\u00eb filtri etnik q\u00eb q\u00ebndron n\u00eb kokat e politikan\u00ebve minoritar\u00eb si shpata e Demokleut, t\u00eb ndez\u00eb opinionin mediatik, p\u00ebr nj\u00eb vrasje genocidiste.<\/p>\n<p>K\u00ebta misionar\u00eb, sensibilizuan Ministrin\u00eb e Jashtme Greke matan\u00eb kufirit dhe kryetarin Dule brenda vendit, q\u00eb zem\u00ebrimi i tij shkon deri n\u00eb kufijt\u00eb e k\u00ebrkes\u00ebs p\u00ebr masa operacionale, si vendosja e policis\u00eb greke n\u00eb Himar\u00eb, nd\u00ebrkomb\u00ebtarizimi i zgjidhjes s\u00eb konfliktit t\u00eb t\u00eb rinjve n\u00eb organizata nd\u00ebrkomb\u00ebtare, dhe ngritjen n\u00eb protesta t\u00eb komun\u00ebs s\u00eb Dropullit, duke e identifikuar e vendosur paralele me Bashkin\u00eb e Himar\u00ebs, si minoritet.<\/p>\n<p>Dule deklaron n\u00eb d\u00eblirin e tij politik, se Greqia ka t\u00eb drejt\u00eb t\u00eb interesohet p\u00ebr minoritar\u00ebt dhe qytetar\u00ebt shqiptar\u00eb, si an\u00ebtare e BE-s\u00eb, sikur k\u00ebta t\u00eb jen\u00eb jetim. N\u00eb k\u00ebt\u00eb sfond, pse t\u00eb mos pretendoj\u00eb dhe Shqip\u00ebria t\u00eb interesohet p\u00ebr Arvanitasit, p\u00ebr \u00e7am\u00ebt, pa folur p\u00ebr shqiptar\u00ebt q\u00eb punojn\u00eb e jetojn\u00eb prej vitesh n\u00eb Greqi, p\u00ebr t&#8217;iu siguruar t\u00eb drejtat, etnin\u00eb dhe m\u00ebsimin e gjuh\u00eb shqipe.<\/p>\n<p>K\u00ebto marr\u00ebzi t\u00eb Dules, duken qart\u00eb se kan\u00eb nj\u00eb prapavij\u00eb politike. Por, ajo q\u00eb \u00ebsht\u00eb m\u00eb shqet\u00ebsuese, \u00ebsht\u00eb shurdh\u00ebria dhe memec\u00ebria e shtetit Shqiptar. Shqip\u00ebria s&#8217;ka njohur kurr\u00eb barazi n\u00eb marr\u00ebdh\u00ebniet me Greqin\u00eb.<\/p>\n<p>\u00cbsht\u00eb mohuar \u00e7\u00ebshtja \u00e7ame, jan\u00eb vrar\u00eb e masakruar me dhjet\u00ebra shqiptar\u00eb, u \u00ebsht\u00eb mohuar jo vet\u00ebm shkolla por edhe etnia, emri e gjuha, dhe ndihen jetim\u00eb e t\u00eb pa mbrojtur nga shteti shqiptar. P\u00ebr gjith\u00eb k\u00ebt\u00eb situat\u00eb q\u00eb ka mbjell\u00eb rr\u00ebnj\u00ebt e konflikteve dhe urrejtjes nd\u00ebretnike, ka aktor\u00eb aktiv\u00eb q\u00eb kan\u00eb luajtur rolin e tyre inspirues, si klani Dule-Bollano.<\/p>\n<p>Por autor\u00ebsia e tyre vepron n\u00eb nj\u00eb terren dhe klim\u00eb t\u00eb favorshme pushtetar. Aleanca p\u00ebr t\u00eb ruajtur pushtetin, e ka b\u00ebr\u00eb Berish\u00ebn derivat t\u00eb Bollanos. Faji nuk q\u00ebndron as te Dule, as te Bollano, por te mekanizmi i prishur i shtetit dhe politik\u00ebs shqiptare, pik\u00ebrisht n\u00eb nyj\u00ebn nevralgjike t\u00eb barazis\u00eb midis shteteve, me fqinjin jugor.<\/p>\n","protected":false},"excerpt":{"rendered":"<p>Prof. Dr. Ago Nezha, 20.08.2010 Minoritetet, n\u00eb gjeostrategjin\u00eb e kombeve t\u00eb p\u00ebrparuara t\u00eb bot\u00ebs, kan\u00eb qen\u00eb dhe mbeten ur\u00eb lidhje dhe komunikimi t\u00eb miq\u00ebsis\u00eb dhe marr\u00ebdh\u00ebnieve institucionale t\u00eb nd\u00ebrsjella. Shqip\u00ebria, pa asnj\u00eb m\u00ebdyshje mund t\u00eb merret si nj\u00eb model unikal i bashk\u00ebjetes\u00ebs, pa konflikte etnike e fetare n\u00eb rajonin e Ballkanit. Historikisht, odiseja e provokacioneve [&hellip;]<\/p>\n","protected":false},"author":1,"featured_media":0,"comment_status":"open","ping_status":"closed","sticky":false,"template":"","format":"standard","meta":{"footnotes":""},"categories":[2],"tags":[],"class_list":{"0":"post-3798","1":"post","2":"type-post","3":"status-publish","4":"format-standard","6":"category-artikuj"},"yoast_head":"<!-- This site is optimized with the Yoast SEO plugin v27.4 - https:\/\/yoast.com\/product\/yoast-seo-wordpress\/ -->\n<title>Daullet e Dules dhe Bollanos - FjALA e LIR\u00cb - Arkivi<\/title>\n<meta name=\"robots\" content=\"index, follow, max-snippet:-1, max-image-preview:large, max-video-preview:-1\" \/>\n<link rel=\"canonical\" href=\"https:\/\/fjala.info\/2009-2015\/daullet-e-dules-dhe-bollanos\/\" \/>\n<meta property=\"og:locale\" content=\"sq_AL\" \/>\n<meta property=\"og:type\" content=\"article\" \/>\n<meta property=\"og:title\" content=\"Daullet e Dules dhe Bollanos - FjALA e LIR\u00cb - Arkivi\" \/>\n<meta property=\"og:description\" content=\"Prof. Dr. Ago Nezha, 20.08.2010 Minoritetet, n\u00eb gjeostrategjin\u00eb e kombeve t\u00eb p\u00ebrparuara t\u00eb bot\u00ebs, kan\u00eb qen\u00eb dhe mbeten ur\u00eb lidhje dhe komunikimi t\u00eb miq\u00ebsis\u00eb dhe marr\u00ebdh\u00ebnieve institucionale t\u00eb nd\u00ebrsjella. Shqip\u00ebria, pa asnj\u00eb m\u00ebdyshje mund t\u00eb merret si nj\u00eb model unikal i bashk\u00ebjetes\u00ebs, pa konflikte etnike e fetare n\u00eb rajonin e Ballkanit. Historikisht, odiseja e provokacioneve [&hellip;]\" \/>\n<meta property=\"og:url\" content=\"https:\/\/fjala.info\/2009-2015\/daullet-e-dules-dhe-bollanos\/\" \/>\n<meta property=\"og:site_name\" content=\"FjALA e LIR\u00cb - Arkivi\" \/>\n<meta property=\"article:published_time\" content=\"2010-08-20T09:14:20+00:00\" \/>\n<meta name=\"author\" content=\"admin\" \/>\n<meta name=\"twitter:card\" content=\"summary_large_image\" \/>\n<meta name=\"twitter:label1\" content=\"Written by\" \/>\n\t<meta name=\"twitter:data1\" content=\"admin\" \/>\n\t<meta name=\"twitter:label2\" content=\"Est. reading time\" \/>\n\t<meta name=\"twitter:data2\" content=\"3 minutes\" \/>\n<script type=\"application\/ld+json\" class=\"yoast-schema-graph\">{\"@context\":\"https:\\\/\\\/schema.org\",\"@graph\":[{\"@type\":\"Article\",\"@id\":\"https:\\\/\\\/fjala.info\\\/2009-2015\\\/daullet-e-dules-dhe-bollanos\\\/#article\",\"isPartOf\":{\"@id\":\"https:\\\/\\\/fjala.info\\\/2009-2015\\\/daullet-e-dules-dhe-bollanos\\\/\"},\"author\":{\"name\":\"admin\",\"@id\":\"https:\\\/\\\/fjala.info\\\/2009-2015\\\/#\\\/schema\\\/person\\\/3aa1163ef05469c496fc94e77611ada2\"},\"headline\":\"Daullet e Dules dhe Bollanos\",\"datePublished\":\"2010-08-20T09:14:20+00:00\",\"mainEntityOfPage\":{\"@id\":\"https:\\\/\\\/fjala.info\\\/2009-2015\\\/daullet-e-dules-dhe-bollanos\\\/\"},\"wordCount\":690,\"commentCount\":0,\"publisher\":{\"@id\":\"https:\\\/\\\/fjala.info\\\/2009-2015\\\/#organization\"},\"articleSection\":[\"Artikuj\"],\"inLanguage\":\"sq-AL\",\"potentialAction\":[{\"@type\":\"CommentAction\",\"name\":\"Comment\",\"target\":[\"https:\\\/\\\/fjala.info\\\/2009-2015\\\/daullet-e-dules-dhe-bollanos\\\/#respond\"]}]},{\"@type\":\"WebPage\",\"@id\":\"https:\\\/\\\/fjala.info\\\/2009-2015\\\/daullet-e-dules-dhe-bollanos\\\/\",\"url\":\"https:\\\/\\\/fjala.info\\\/2009-2015\\\/daullet-e-dules-dhe-bollanos\\\/\",\"name\":\"Daullet e Dules dhe Bollanos - FjALA e LIR\u00cb - Arkivi\",\"isPartOf\":{\"@id\":\"https:\\\/\\\/fjala.info\\\/2009-2015\\\/#website\"},\"datePublished\":\"2010-08-20T09:14:20+00:00\",\"breadcrumb\":{\"@id\":\"https:\\\/\\\/fjala.info\\\/2009-2015\\\/daullet-e-dules-dhe-bollanos\\\/#breadcrumb\"},\"inLanguage\":\"sq-AL\",\"potentialAction\":[{\"@type\":\"ReadAction\",\"target\":[\"https:\\\/\\\/fjala.info\\\/2009-2015\\\/daullet-e-dules-dhe-bollanos\\\/\"]}]},{\"@type\":\"BreadcrumbList\",\"@id\":\"https:\\\/\\\/fjala.info\\\/2009-2015\\\/daullet-e-dules-dhe-bollanos\\\/#breadcrumb\",\"itemListElement\":[{\"@type\":\"ListItem\",\"position\":1,\"name\":\"Home\",\"item\":\"https:\\\/\\\/fjala.info\\\/2009-2015\\\/\"},{\"@type\":\"ListItem\",\"position\":2,\"name\":\"Daullet e Dules dhe Bollanos\"}]},{\"@type\":\"WebSite\",\"@id\":\"https:\\\/\\\/fjala.info\\\/2009-2015\\\/#website\",\"url\":\"https:\\\/\\\/fjala.info\\\/2009-2015\\\/\",\"name\":\"FjALA e LIR\u00cb - Arkivi\",\"description\":\"Arkivi 2009-2015\",\"publisher\":{\"@id\":\"https:\\\/\\\/fjala.info\\\/2009-2015\\\/#organization\"},\"potentialAction\":[{\"@type\":\"SearchAction\",\"target\":{\"@type\":\"EntryPoint\",\"urlTemplate\":\"https:\\\/\\\/fjala.info\\\/2009-2015\\\/?s={search_term_string}\"},\"query-input\":{\"@type\":\"PropertyValueSpecification\",\"valueRequired\":true,\"valueName\":\"search_term_string\"}}],\"inLanguage\":\"sq-AL\"},{\"@type\":\"Organization\",\"@id\":\"https:\\\/\\\/fjala.info\\\/2009-2015\\\/#organization\",\"name\":\"FjALA e LIR\u00cb - Arkivi\",\"url\":\"https:\\\/\\\/fjala.info\\\/2009-2015\\\/\",\"logo\":{\"@type\":\"ImageObject\",\"inLanguage\":\"sq-AL\",\"@id\":\"https:\\\/\\\/fjala.info\\\/2009-2015\\\/#\\\/schema\\\/logo\\\/image\\\/\",\"url\":\"\",\"contentUrl\":\"\",\"caption\":\"FjALA e LIR\u00cb - Arkivi\"},\"image\":{\"@id\":\"https:\\\/\\\/fjala.info\\\/2009-2015\\\/#\\\/schema\\\/logo\\\/image\\\/\"}},{\"@type\":\"Person\",\"@id\":\"https:\\\/\\\/fjala.info\\\/2009-2015\\\/#\\\/schema\\\/person\\\/3aa1163ef05469c496fc94e77611ada2\",\"name\":\"admin\",\"image\":{\"@type\":\"ImageObject\",\"inLanguage\":\"sq-AL\",\"@id\":\"https:\\\/\\\/fjala.info\\\/2009-2015\\\/wp-content\\\/uploads\\\/2012\\\/02\\\/arben_cokaj-120x150.jpg\",\"url\":\"https:\\\/\\\/fjala.info\\\/2009-2015\\\/wp-content\\\/uploads\\\/2012\\\/02\\\/arben_cokaj-120x150.jpg\",\"contentUrl\":\"https:\\\/\\\/fjala.info\\\/2009-2015\\\/wp-content\\\/uploads\\\/2012\\\/02\\\/arben_cokaj-120x150.jpg\",\"caption\":\"admin\"},\"description\":\"Admin, Fjala e Lir\u00eb\",\"sameAs\":[\"https:\\\/\\\/fjala.info\\\/\"],\"url\":\"https:\\\/\\\/fjala.info\\\/2009-2015\\\/author\\\/admin\\\/\"}]}<\/script>\n<!-- \/ Yoast SEO plugin. -->","yoast_head_json":{"title":"Daullet e Dules dhe Bollanos - FjALA e LIR\u00cb - Arkivi","robots":{"index":"index","follow":"follow","max-snippet":"max-snippet:-1","max-image-preview":"max-image-preview:large","max-video-preview":"max-video-preview:-1"},"canonical":"https:\/\/fjala.info\/2009-2015\/daullet-e-dules-dhe-bollanos\/","og_locale":"sq_AL","og_type":"article","og_title":"Daullet e Dules dhe Bollanos - FjALA e LIR\u00cb - Arkivi","og_description":"Prof. Dr. Ago Nezha, 20.08.2010 Minoritetet, n\u00eb gjeostrategjin\u00eb e kombeve t\u00eb p\u00ebrparuara t\u00eb bot\u00ebs, kan\u00eb qen\u00eb dhe mbeten ur\u00eb lidhje dhe komunikimi t\u00eb miq\u00ebsis\u00eb dhe marr\u00ebdh\u00ebnieve institucionale t\u00eb nd\u00ebrsjella. Shqip\u00ebria, pa asnj\u00eb m\u00ebdyshje mund t\u00eb merret si nj\u00eb model unikal i bashk\u00ebjetes\u00ebs, pa konflikte etnike e fetare n\u00eb rajonin e Ballkanit. Historikisht, odiseja e provokacioneve [&hellip;]","og_url":"https:\/\/fjala.info\/2009-2015\/daullet-e-dules-dhe-bollanos\/","og_site_name":"FjALA e LIR\u00cb - Arkivi","article_published_time":"2010-08-20T09:14:20+00:00","author":"admin","twitter_card":"summary_large_image","twitter_misc":{"Written by":"admin","Est. reading time":"3 minutes"},"schema":{"@context":"https:\/\/schema.org","@graph":[{"@type":"Article","@id":"https:\/\/fjala.info\/2009-2015\/daullet-e-dules-dhe-bollanos\/#article","isPartOf":{"@id":"https:\/\/fjala.info\/2009-2015\/daullet-e-dules-dhe-bollanos\/"},"author":{"name":"admin","@id":"https:\/\/fjala.info\/2009-2015\/#\/schema\/person\/3aa1163ef05469c496fc94e77611ada2"},"headline":"Daullet e Dules dhe Bollanos","datePublished":"2010-08-20T09:14:20+00:00","mainEntityOfPage":{"@id":"https:\/\/fjala.info\/2009-2015\/daullet-e-dules-dhe-bollanos\/"},"wordCount":690,"commentCount":0,"publisher":{"@id":"https:\/\/fjala.info\/2009-2015\/#organization"},"articleSection":["Artikuj"],"inLanguage":"sq-AL","potentialAction":[{"@type":"CommentAction","name":"Comment","target":["https:\/\/fjala.info\/2009-2015\/daullet-e-dules-dhe-bollanos\/#respond"]}]},{"@type":"WebPage","@id":"https:\/\/fjala.info\/2009-2015\/daullet-e-dules-dhe-bollanos\/","url":"https:\/\/fjala.info\/2009-2015\/daullet-e-dules-dhe-bollanos\/","name":"Daullet e Dules dhe Bollanos - FjALA e LIR\u00cb - Arkivi","isPartOf":{"@id":"https:\/\/fjala.info\/2009-2015\/#website"},"datePublished":"2010-08-20T09:14:20+00:00","breadcrumb":{"@id":"https:\/\/fjala.info\/2009-2015\/daullet-e-dules-dhe-bollanos\/#breadcrumb"},"inLanguage":"sq-AL","potentialAction":[{"@type":"ReadAction","target":["https:\/\/fjala.info\/2009-2015\/daullet-e-dules-dhe-bollanos\/"]}]},{"@type":"BreadcrumbList","@id":"https:\/\/fjala.info\/2009-2015\/daullet-e-dules-dhe-bollanos\/#breadcrumb","itemListElement":[{"@type":"ListItem","position":1,"name":"Home","item":"https:\/\/fjala.info\/2009-2015\/"},{"@type":"ListItem","position":2,"name":"Daullet e Dules dhe Bollanos"}]},{"@type":"WebSite","@id":"https:\/\/fjala.info\/2009-2015\/#website","url":"https:\/\/fjala.info\/2009-2015\/","name":"FjALA e LIR\u00cb - Arkivi","description":"Arkivi 2009-2015","publisher":{"@id":"https:\/\/fjala.info\/2009-2015\/#organization"},"potentialAction":[{"@type":"SearchAction","target":{"@type":"EntryPoint","urlTemplate":"https:\/\/fjala.info\/2009-2015\/?s={search_term_string}"},"query-input":{"@type":"PropertyValueSpecification","valueRequired":true,"valueName":"search_term_string"}}],"inLanguage":"sq-AL"},{"@type":"Organization","@id":"https:\/\/fjala.info\/2009-2015\/#organization","name":"FjALA e LIR\u00cb - Arkivi","url":"https:\/\/fjala.info\/2009-2015\/","logo":{"@type":"ImageObject","inLanguage":"sq-AL","@id":"https:\/\/fjala.info\/2009-2015\/#\/schema\/logo\/image\/","url":"","contentUrl":"","caption":"FjALA e LIR\u00cb - Arkivi"},"image":{"@id":"https:\/\/fjala.info\/2009-2015\/#\/schema\/logo\/image\/"}},{"@type":"Person","@id":"https:\/\/fjala.info\/2009-2015\/#\/schema\/person\/3aa1163ef05469c496fc94e77611ada2","name":"admin","image":{"@type":"ImageObject","inLanguage":"sq-AL","@id":"https:\/\/fjala.info\/2009-2015\/wp-content\/uploads\/2012\/02\/arben_cokaj-120x150.jpg","url":"https:\/\/fjala.info\/2009-2015\/wp-content\/uploads\/2012\/02\/arben_cokaj-120x150.jpg","contentUrl":"https:\/\/fjala.info\/2009-2015\/wp-content\/uploads\/2012\/02\/arben_cokaj-120x150.jpg","caption":"admin"},"description":"Admin, Fjala e Lir\u00eb","sameAs":["https:\/\/fjala.info\/"],"url":"https:\/\/fjala.info\/2009-2015\/author\/admin\/"}]}},"_links":{"self":[{"href":"https:\/\/fjala.info\/2009-2015\/wp-json\/wp\/v2\/posts\/3798","targetHints":{"allow":["GET"]}}],"collection":[{"href":"https:\/\/fjala.info\/2009-2015\/wp-json\/wp\/v2\/posts"}],"about":[{"href":"https:\/\/fjala.info\/2009-2015\/wp-json\/wp\/v2\/types\/post"}],"author":[{"embeddable":true,"href":"https:\/\/fjala.info\/2009-2015\/wp-json\/wp\/v2\/users\/1"}],"replies":[{"embeddable":true,"href":"https:\/\/fjala.info\/2009-2015\/wp-json\/wp\/v2\/comments?post=3798"}],"version-history":[{"count":0,"href":"https:\/\/fjala.info\/2009-2015\/wp-json\/wp\/v2\/posts\/3798\/revisions"}],"wp:attachment":[{"href":"https:\/\/fjala.info\/2009-2015\/wp-json\/wp\/v2\/media?parent=3798"}],"wp:term":[{"taxonomy":"category","embeddable":true,"href":"https:\/\/fjala.info\/2009-2015\/wp-json\/wp\/v2\/categories?post=3798"},{"taxonomy":"post_tag","embeddable":true,"href":"https:\/\/fjala.info\/2009-2015\/wp-json\/wp\/v2\/tags?post=3798"}],"curies":[{"name":"wp","href":"https:\/\/api.w.org\/{rel}","templated":true}]}}