{"id":3796,"date":"2010-08-20T10:12:44","date_gmt":"2010-08-20T09:12:44","guid":{"rendered":"http:\/\/fjala.shkoder.net\/?p=3796"},"modified":"2010-08-20T10:12:44","modified_gmt":"2010-08-20T09:12:44","slug":"gafat-e-qeverise-me-pronen-ne-gjykaten-e-strasburgut","status":"publish","type":"post","link":"https:\/\/fjala.info\/2009-2015\/gafat-e-qeverise-me-pronen-ne-gjykaten-e-strasburgut\/","title":{"rendered":"Gafat e qeveris\u00eb me pron\u00ebn n\u00eb gjykat\u00ebn e Strasburgut"},"content":{"rendered":"<p><strong>Njazi Muka<\/strong>, <em>20.08.2010<\/em><\/p>\n<p>Me k\u00ebt\u00eb shkrim, d\u00ebshiroj q\u00eb sot t\u00eb sensibilizoj mediat, duke kritikuar publikisht k\u00ebrkes\u00ebn q\u00eb ka b\u00ebr\u00eb Shteti Shqiptar n\u00eb Gjykat\u00ebn e Strasburgut, q\u00eb kjo Gjykat\u00eb t\u00eb mos shqyrtoj\u00eb ankesat e pronar\u00ebve shqiptar\u00eb, sepse shteti nuk ka para t\u00eb paguaj\u00eb. Turp m\u00eb t\u00eb madh, faqe Evrop\u00ebs, nuk ka.<\/p>\n<p>N\u00ebse Qeveria nuk ka para t\u00eb paguaj pse nuk i kthen \u00e7do pronari pron\u00ebn e tij, por miraton ligje q\u00eb n\u00eb titull dhe me nj\u00eb apo dy nene tee kthej\u00eb pron\u00ebn dhe me shum\u00eb nene t\u00eb tjera e pengon kthimin e pron\u00ebs.<\/p>\n<p>Pse qeveria ka b\u00ebr\u00eb ligj q\u00eb pron\u00ebn e nj\u00eb pronari ia legalizon nj\u00eb shtetasi tjet\u00ebr thjesht sepse ai ka pasur guximin t\u00eb shkeli ligjin, duke nd\u00ebrtuar pa leje n\u00eb tok\u00ebn q\u00eb duhet t&#8217;i kthehet pronarit t\u00eb shpron\u00ebsuar?<\/p>\n<p>A nuk \u00ebsht\u00eb turp q\u00eb politikan\u00ebt ne pronar\u00ebve na quajn\u00eb ish-pronar\u00eb, kur edhe diktatori Enver na quajti t\u00eb shpron\u00ebsuar ?<\/p>\n<p>Duke vazhduar me Qeverin\u00eb Berisha dhe Strasburgun \u00ebsht\u00eb p\u00ebr t&#8217;u habitur se si kjo gaf\u00eb e pa precedent e Qeveris\u00eb demokratike, q\u00eb k\u00ebrkon t&#8217;i vej\u00eb kufi Gjykat\u00ebs s\u00eb t\u00eb Drejtave t\u00eb Njeriut (e b\u00ebr\u00eb n\u00ebp\u00ebrmjet Vendimit t\u00eb K\u00ebshillit t\u00eb Ministrave dhe e transmetuar prej Avokatit t\u00eb Shtetit), nuk \u00ebsht\u00eb b\u00ebr\u00eb n\u00eb mas\u00ebn e duhur, objekt debati deri n\u00eb zgjidhje t\u00eb problemit prej medias si pushtet i kat\u00ebrt.<\/p>\n<p>A nuk duhet kritikuar me plot goj\u00eb pse Qeveria i k\u00ebrkon Strasburgut k\u00ebt\u00eb &#8220;budallall\u00ebk&#8221; q\u00eb praktikisht \u00ebsht\u00eb maskim i strategjis\u00eb s\u00eb Ramiz Alis\u00eb p\u00ebr t\u00eb p\u00ebrvet\u00ebsuar pronat e shtetit dhe t\u00eb pronar\u00ebve sipas platform\u00ebs s\u00eb Katovic\u00ebs.<\/p>\n<p>Megjith\u00ebse prej 19 vjet\u00ebsh t\u00eb shpallur zyrtarisht Shtet demokratik q\u00eb zbaton Deklarat\u00ebn e Helsinkit dhe Lirit\u00eb e t\u00eb drejtat e njeriut pronat e qytetar\u00ebve shqiptar\u00eb q\u00eb u em\u00ebrtuan &#8220;Pron\u00eb e shtetit&#8221; nga diktatura e Enver Hoxh\u00ebs, po vidhen nga pushtetar\u00ebt e t\u00eb dy krah\u00ebve dhe kjo periudh\u00eb po quhet edhe nga per\u00ebndimor\u00ebt periudha e tranzicionit .<\/p>\n<p>A nuk ju \u00e7udit naiviteti i ambasador\u00ebve t\u00eb KE, OSBE , Bank\u00ebs Bot\u00ebrore dhe gjith\u00eb institucioneve t\u00eb tjera p\u00ebr faktin se ata jan\u00eb n\u00eb dijeni se prej 19 vjet\u00ebsh pronat e shtet\u00ebzuara, n\u00eb vend q\u00eb t\u00eb kthehen n\u00eb origjin\u00eb , vazhdojn\u00eb t\u00eb mbahen n\u00eb dor\u00ebn dhe n\u00ebn arbitraritetin e shtetit dhe as nuk ju jan\u00eb kthyer fizikisht t\u00eb zot\u00ebve dhe as nuk ju \u00ebsht\u00eb kompensuar.<\/p>\n<p>Ata e kuptoj\u00eb se legalizimi me ligjet q\u00eb ka miratuar qeveria i sh\u00ebrben qeveritar\u00ebve dhe jo parimeve demokratike dhe p\u00ebrs\u00ebri nuk b\u00ebjn\u00eb asnj\u00eb veprim p\u00ebr t\u00eb detyruar qeveritar\u00ebt p\u00ebr t\u00eb zbatuar t\u00eb drejtat themelore t\u00eb njeriut dhe p\u00ebr ta ndalur k\u00ebt\u00eb hajdut\u00ebri q\u00eb b\u00ebhet n\u00eb em\u00ebr t\u00eb demokracis\u00eb<\/p>\n<p>Si ka mund\u00ebsi q\u00eb pas 19 vjet\u00ebsh akoma nuk ka mbaruar kthimi fizik i pronave por b\u00ebhet me nxitim legalizimi i pushtimeve dhe i nd\u00ebrtimeve t\u00eb paligjshme.<\/p>\n<p>A nuk quhet kjo rumpalla apo \u00e7menduria e shtetit me pronat tona. Mos vall\u00eb nuk paska nj\u00eb gazet\u00eb, televizor, analist politik ta b\u00ebj\u00eb objekt debati deri n\u00eb zgjidhjen p\u00ebrfundimtare k\u00ebt\u00eb q\u00ebndrim absurd t\u00eb Qeveris\u00eb.<\/p>\n<p>A mund t\u00eb quhet e majt\u00eb partia socialiste kur t\u00eb gjith\u00eb drejtuesit e saj, p\u00ebrfshi edhe sot Edi Ram\u00ebn, heshtin ndaj k\u00ebrkesave t\u00eb drejta t\u00eb familjeve t\u00eb shpron\u00ebsuar q\u00eb shteti t&#8217;ju kthej\u00eb me ligj pronat e grabitura nga komunizmi, dhe mos t&#8217;i shtyj\u00eb pronar\u00ebt n\u00eb vet\u00ebgjyq\u00ebsi dhe gjakderdhje p\u00ebr t\u00eb \u00e7liruar pronat e t\u00eb par\u00ebve t\u00eb tyre, prona q\u00eb as pushtimi turk dhe as pushtimi nazist nuk jua tjet\u00ebrsoi. A mund t\u00eb quhen opozitar\u00eb dhe shqiptar\u00eb k\u00ebta drejtues t\u00eb PS kur heshtin p\u00ebr problemin e mos respektimit t\u00eb drejt\u00ebs s\u00eb pron\u00ebs.<\/p>\n<p>Un\u00eb jam dakord me udh\u00ebzimin q\u00eb ju ka dh\u00ebn\u00eb Kryetari i Shoqat\u00ebs Komb\u00ebtare, z. Rrapo Hajredin Danushi, q\u00eb t\u00eb gjith\u00eb t\u00eb shpron\u00ebsuarit q\u00eb kan\u00eb marr\u00eb vendime kthimi apo kompensimi q\u00eb nuk po zbatohen, ti drejtohen Strasburgut, pasi gjykatat shqiptare jan\u00eb t\u00eb komanduara nga politika dhe nga paraja.<\/p>\n<p>Strasburgu p\u00ebr ne t\u00eb shpron\u00ebsuarit mbetet drita jeshile, vendimet e t\u00eb cil\u00ebs do na japin t\u00eb drejt\u00ebn ton\u00eb . Po ashtu vendimet e Strasburgut gjithnj\u00eb e m\u00eb shum\u00eb do t\u00eb tregojn\u00eb se sistemi i drejt\u00ebsis\u00eb n\u00eb Shqip\u00ebri nuk \u00ebsht\u00eb i aft\u00eb t\u00eb japi drejt\u00ebsi si p\u00ebr shkak t\u00eb ligjit dhe p\u00ebr shkak t\u00eb &#8220;Maliqit&#8221;<\/p>\n<p>Pronar\u00ebt shqiptar\u00eb kan\u00eb filluar ta k\u00ebrkojn\u00eb por duhet t\u00eb shtohen k\u00ebrkesat p\u00ebr arin e grabitur nga regjimi i Enverit, fakt p\u00ebr t\u00eb cilin Kuvendi i Shqip\u00ebris\u00eb, p\u00ebr turp po vazhdon t\u00eb heshti. Jan\u00eb 320 ton ar detyrim i shteti p\u00ebr t&#8217;ua kthyer pronar\u00ebve.<\/p>\n<p>Shoqata Pron\u00ebsi me Drejt\u00ebsi q\u00eb n\u00eb fillim t\u00eb veprimtaris\u00eb s\u00eb saj ka insistuar se zgjidhja e drejt\u00eb \u00ebsht\u00eb kthimi fizik dhe jo kompensimi dhe q\u00eb kompensimi duhet vet\u00ebm p\u00ebr prona q\u00eb jan\u00eb tjet\u00ebrsuar p\u00ebr nevoja publike.<\/p>\n<p>Kan\u00eb kaluar 19 vjet q\u00eb po shtyhem ne g\u00ebnjeshtra dhe demagogji. Vet\u00eb kryeministri Sali Berisha ka deklaruar: me pronat kemi gabuar, por prona do t\u00eb shkoj\u00eb tek i zoti. Kur mor zoti Sali, kur ? Edhe sa koh\u00eb ky popull q\u00eb vuajti 45 vjet komuniz\u00ebm, duhet t\u00eb vuaj postkomuniz\u00ebm q\u00eb qenka m\u00eb i keq se komunizmi i Mosk\u00ebs.<\/p>\n<p>Un\u00eb shikoj se t\u00eb gjith\u00eb politikan\u00ebt e pas vitit 1991 deri m\u00eb sot, drejtuesit e periudh\u00ebs s\u00eb tranzicionit postkomunist do t\u00eb jen\u00eb t\u00eb gjith\u00eb t\u00eb d\u00ebnuar nga historia, se si t\u00eb shpron\u00ebsuarit edhe t\u00eb p\u00ebrndjekurit q\u00eb vuajt\u00ebn nga Enver Hoxha e Ramiz Alia, nuk i kan\u00eb fituar t\u00eb drejtat e tyre sipas detyrimeve kushtetuese dhe konvent\u00ebs nd\u00ebrkomb\u00ebtare t\u00eb t\u00eb drejtave t\u00eb njeriut .<\/p>\n<p>Mungoj\u00eb mjetet informative por me ligjet q\u00eb ka miratuar ky Kuvend i quajtur i Shqip\u00ebris\u00eb (t\u00eb dy partit\u00eb PD &#8211; PS) prona nuk i \u00ebsht\u00eb kthyer t\u00eb zotit por at\u00eb e kan\u00eb p\u00ebrvet\u00ebsuar pushtetar\u00ebt; pronar\u00ebt po vriten me nj\u00ebri tjetrin. Deri tani shifra e krimeve ka shkuar 6000, t\u00eb zhdukur, t\u00eb vrar\u00eb brenda familjes apo me njeri tjetrin.<\/p>\n<p>Sllavokomunizmi vrau 6000 qytetar\u00eb t\u00eb pafajsh\u00ebm dhe po aq ka vrar\u00eb edhe postkomunizmi por krimet e tranzicionit po vazhdojn\u00eb dhe historia do t\u00eb ju nd\u00ebshkoj\u00eb. Kur do t\u00eb vij\u00eb dita q\u00eb ju q\u00eb jeni sot drejtues t\u00eb Qeveris\u00eb dhe t\u00eb Shtetit t\u00eb zbatoni Kushtetut\u00ebn? Un\u00eb dhe populli im, po vazhdojm\u00eb t\u00eb vuajm\u00eb nga mos respektimi i t\u00eb drejtave themelore t\u00eb njeriut sepse president\u00ebt, kryeministrat dhe deputet\u00ebt e pas vitit 1991 i jan\u00eb n\u00ebnshtruar dhe kan\u00eb b\u00ebr\u00eb ligje si\u00e7 ju intereson mafies postkomuniste.<\/p>\n<p>N\u00ebse Kuvendi do vazhdoj\u00eb t\u00eb miratoj\u00eb ligje, duke spekuluar me mekanizmin e shumic\u00ebs 71 vota, duke vazhduar ta shkel\u00eb t\u00eb drejt\u00ebn e pron\u00ebs dhe q\u00eb pronari t\u00eb vazhdoj\u00eb t\u00eb sorollatet dhe mos ti kthehet fizikisht prona q\u00eb duhet t&#8217;i ishte kthyer q\u00eb n\u00eb vitin 1991, Kushtetuta, p\u00ebr t\u00eb cil\u00ebn ju jeni betuar se do ta zbatoni, do mbes me vler\u00ebn e nj\u00eb pa\u00e7avureje. Un\u00eb n\u00eb mosh\u00ebn, p\u00ebrvoj\u00ebn dhe vuajtjet q\u00eb kam kaluar, i drejtohem politikan\u00ebve me thirrjen: mos turp\u00ebroni veten tuaj.<\/p>\n<p>Ju drejtohem ambasadorit t\u00eb KE zotit Helmuth Lohan : ju lutem mos gjeni justifikime formale dhe mos lejoni k\u00ebt\u00eb q\u00ebndrim n\u00eb dukje naiv ndaj shkeljes s\u00eb t\u00eb drejt\u00ebs s\u00eb pron\u00ebs dhe rumpall\u00ebs s\u00eb pron\u00ebs q\u00eb prej 19 vjet\u00ebsh vazhdon n\u00ebn ombrell\u00ebn tuaj, prandaj \u00ebsht\u00eb koha t\u00eb themi: Posht\u00eb komunizmi dhe korrupsioni i pushtetar\u00ebve n\u00eb Shqip\u00ebri.<\/p>\n","protected":false},"excerpt":{"rendered":"<p>Njazi Muka, 20.08.2010 Me k\u00ebt\u00eb shkrim, d\u00ebshiroj q\u00eb sot t\u00eb sensibilizoj mediat, duke kritikuar publikisht k\u00ebrkes\u00ebn q\u00eb ka b\u00ebr\u00eb Shteti Shqiptar n\u00eb Gjykat\u00ebn e Strasburgut, q\u00eb kjo Gjykat\u00eb t\u00eb mos shqyrtoj\u00eb ankesat e pronar\u00ebve shqiptar\u00eb, sepse shteti nuk ka para t\u00eb paguaj\u00eb. Turp m\u00eb t\u00eb madh, faqe Evrop\u00ebs, nuk ka. N\u00ebse Qeveria nuk ka para [&hellip;]<\/p>\n","protected":false},"author":1,"featured_media":0,"comment_status":"open","ping_status":"closed","sticky":false,"template":"","format":"standard","meta":{"footnotes":""},"categories":[2],"tags":[],"class_list":{"0":"post-3796","1":"post","2":"type-post","3":"status-publish","4":"format-standard","6":"category-artikuj"},"yoast_head":"<!-- This site is optimized with the Yoast SEO plugin v27.4 - https:\/\/yoast.com\/product\/yoast-seo-wordpress\/ -->\n<title>Gafat e qeveris\u00eb me pron\u00ebn n\u00eb gjykat\u00ebn e Strasburgut - FjALA e LIR\u00cb - Arkivi<\/title>\n<meta name=\"robots\" content=\"index, follow, max-snippet:-1, max-image-preview:large, max-video-preview:-1\" \/>\n<link rel=\"canonical\" href=\"https:\/\/fjala.info\/2009-2015\/gafat-e-qeverise-me-pronen-ne-gjykaten-e-strasburgut\/\" \/>\n<meta property=\"og:locale\" content=\"sq_AL\" \/>\n<meta property=\"og:type\" content=\"article\" \/>\n<meta property=\"og:title\" content=\"Gafat e qeveris\u00eb me pron\u00ebn n\u00eb gjykat\u00ebn e Strasburgut - FjALA e LIR\u00cb - Arkivi\" \/>\n<meta property=\"og:description\" content=\"Njazi Muka, 20.08.2010 Me k\u00ebt\u00eb shkrim, d\u00ebshiroj q\u00eb sot t\u00eb sensibilizoj mediat, duke kritikuar publikisht k\u00ebrkes\u00ebn q\u00eb ka b\u00ebr\u00eb Shteti Shqiptar n\u00eb Gjykat\u00ebn e Strasburgut, q\u00eb kjo Gjykat\u00eb t\u00eb mos shqyrtoj\u00eb ankesat e pronar\u00ebve shqiptar\u00eb, sepse shteti nuk ka para t\u00eb paguaj\u00eb. Turp m\u00eb t\u00eb madh, faqe Evrop\u00ebs, nuk ka. N\u00ebse Qeveria nuk ka para [&hellip;]\" \/>\n<meta property=\"og:url\" content=\"https:\/\/fjala.info\/2009-2015\/gafat-e-qeverise-me-pronen-ne-gjykaten-e-strasburgut\/\" \/>\n<meta property=\"og:site_name\" content=\"FjALA e LIR\u00cb - Arkivi\" \/>\n<meta property=\"article:published_time\" content=\"2010-08-20T09:12:44+00:00\" \/>\n<meta name=\"author\" content=\"admin\" \/>\n<meta name=\"twitter:card\" content=\"summary_large_image\" \/>\n<meta name=\"twitter:label1\" content=\"Written by\" \/>\n\t<meta name=\"twitter:data1\" content=\"admin\" \/>\n\t<meta name=\"twitter:label2\" content=\"Est. reading time\" \/>\n\t<meta name=\"twitter:data2\" content=\"7 minutes\" \/>\n<script type=\"application\/ld+json\" class=\"yoast-schema-graph\">{\"@context\":\"https:\\\/\\\/schema.org\",\"@graph\":[{\"@type\":\"Article\",\"@id\":\"https:\\\/\\\/fjala.info\\\/2009-2015\\\/gafat-e-qeverise-me-pronen-ne-gjykaten-e-strasburgut\\\/#article\",\"isPartOf\":{\"@id\":\"https:\\\/\\\/fjala.info\\\/2009-2015\\\/gafat-e-qeverise-me-pronen-ne-gjykaten-e-strasburgut\\\/\"},\"author\":{\"name\":\"admin\",\"@id\":\"https:\\\/\\\/fjala.info\\\/2009-2015\\\/#\\\/schema\\\/person\\\/3aa1163ef05469c496fc94e77611ada2\"},\"headline\":\"Gafat e qeveris\u00eb me pron\u00ebn n\u00eb gjykat\u00ebn e Strasburgut\",\"datePublished\":\"2010-08-20T09:12:44+00:00\",\"mainEntityOfPage\":{\"@id\":\"https:\\\/\\\/fjala.info\\\/2009-2015\\\/gafat-e-qeverise-me-pronen-ne-gjykaten-e-strasburgut\\\/\"},\"wordCount\":1319,\"commentCount\":0,\"publisher\":{\"@id\":\"https:\\\/\\\/fjala.info\\\/2009-2015\\\/#organization\"},\"articleSection\":[\"Artikuj\"],\"inLanguage\":\"sq-AL\",\"potentialAction\":[{\"@type\":\"CommentAction\",\"name\":\"Comment\",\"target\":[\"https:\\\/\\\/fjala.info\\\/2009-2015\\\/gafat-e-qeverise-me-pronen-ne-gjykaten-e-strasburgut\\\/#respond\"]}]},{\"@type\":\"WebPage\",\"@id\":\"https:\\\/\\\/fjala.info\\\/2009-2015\\\/gafat-e-qeverise-me-pronen-ne-gjykaten-e-strasburgut\\\/\",\"url\":\"https:\\\/\\\/fjala.info\\\/2009-2015\\\/gafat-e-qeverise-me-pronen-ne-gjykaten-e-strasburgut\\\/\",\"name\":\"Gafat e qeveris\u00eb me pron\u00ebn n\u00eb gjykat\u00ebn e Strasburgut - FjALA e LIR\u00cb - Arkivi\",\"isPartOf\":{\"@id\":\"https:\\\/\\\/fjala.info\\\/2009-2015\\\/#website\"},\"datePublished\":\"2010-08-20T09:12:44+00:00\",\"breadcrumb\":{\"@id\":\"https:\\\/\\\/fjala.info\\\/2009-2015\\\/gafat-e-qeverise-me-pronen-ne-gjykaten-e-strasburgut\\\/#breadcrumb\"},\"inLanguage\":\"sq-AL\",\"potentialAction\":[{\"@type\":\"ReadAction\",\"target\":[\"https:\\\/\\\/fjala.info\\\/2009-2015\\\/gafat-e-qeverise-me-pronen-ne-gjykaten-e-strasburgut\\\/\"]}]},{\"@type\":\"BreadcrumbList\",\"@id\":\"https:\\\/\\\/fjala.info\\\/2009-2015\\\/gafat-e-qeverise-me-pronen-ne-gjykaten-e-strasburgut\\\/#breadcrumb\",\"itemListElement\":[{\"@type\":\"ListItem\",\"position\":1,\"name\":\"Home\",\"item\":\"https:\\\/\\\/fjala.info\\\/2009-2015\\\/\"},{\"@type\":\"ListItem\",\"position\":2,\"name\":\"Gafat e qeveris\u00eb me pron\u00ebn n\u00eb gjykat\u00ebn e Strasburgut\"}]},{\"@type\":\"WebSite\",\"@id\":\"https:\\\/\\\/fjala.info\\\/2009-2015\\\/#website\",\"url\":\"https:\\\/\\\/fjala.info\\\/2009-2015\\\/\",\"name\":\"FjALA e LIR\u00cb - Arkivi\",\"description\":\"Arkivi 2009-2015\",\"publisher\":{\"@id\":\"https:\\\/\\\/fjala.info\\\/2009-2015\\\/#organization\"},\"potentialAction\":[{\"@type\":\"SearchAction\",\"target\":{\"@type\":\"EntryPoint\",\"urlTemplate\":\"https:\\\/\\\/fjala.info\\\/2009-2015\\\/?s={search_term_string}\"},\"query-input\":{\"@type\":\"PropertyValueSpecification\",\"valueRequired\":true,\"valueName\":\"search_term_string\"}}],\"inLanguage\":\"sq-AL\"},{\"@type\":\"Organization\",\"@id\":\"https:\\\/\\\/fjala.info\\\/2009-2015\\\/#organization\",\"name\":\"FjALA e LIR\u00cb - Arkivi\",\"url\":\"https:\\\/\\\/fjala.info\\\/2009-2015\\\/\",\"logo\":{\"@type\":\"ImageObject\",\"inLanguage\":\"sq-AL\",\"@id\":\"https:\\\/\\\/fjala.info\\\/2009-2015\\\/#\\\/schema\\\/logo\\\/image\\\/\",\"url\":\"\",\"contentUrl\":\"\",\"caption\":\"FjALA e LIR\u00cb - Arkivi\"},\"image\":{\"@id\":\"https:\\\/\\\/fjala.info\\\/2009-2015\\\/#\\\/schema\\\/logo\\\/image\\\/\"}},{\"@type\":\"Person\",\"@id\":\"https:\\\/\\\/fjala.info\\\/2009-2015\\\/#\\\/schema\\\/person\\\/3aa1163ef05469c496fc94e77611ada2\",\"name\":\"admin\",\"image\":{\"@type\":\"ImageObject\",\"inLanguage\":\"sq-AL\",\"@id\":\"https:\\\/\\\/fjala.info\\\/2009-2015\\\/wp-content\\\/uploads\\\/2012\\\/02\\\/arben_cokaj-120x150.jpg\",\"url\":\"https:\\\/\\\/fjala.info\\\/2009-2015\\\/wp-content\\\/uploads\\\/2012\\\/02\\\/arben_cokaj-120x150.jpg\",\"contentUrl\":\"https:\\\/\\\/fjala.info\\\/2009-2015\\\/wp-content\\\/uploads\\\/2012\\\/02\\\/arben_cokaj-120x150.jpg\",\"caption\":\"admin\"},\"description\":\"Admin, Fjala e Lir\u00eb\",\"sameAs\":[\"https:\\\/\\\/fjala.info\\\/\"],\"url\":\"https:\\\/\\\/fjala.info\\\/2009-2015\\\/author\\\/admin\\\/\"}]}<\/script>\n<!-- \/ Yoast SEO plugin. -->","yoast_head_json":{"title":"Gafat e qeveris\u00eb me pron\u00ebn n\u00eb gjykat\u00ebn e Strasburgut - FjALA e LIR\u00cb - Arkivi","robots":{"index":"index","follow":"follow","max-snippet":"max-snippet:-1","max-image-preview":"max-image-preview:large","max-video-preview":"max-video-preview:-1"},"canonical":"https:\/\/fjala.info\/2009-2015\/gafat-e-qeverise-me-pronen-ne-gjykaten-e-strasburgut\/","og_locale":"sq_AL","og_type":"article","og_title":"Gafat e qeveris\u00eb me pron\u00ebn n\u00eb gjykat\u00ebn e Strasburgut - FjALA e LIR\u00cb - Arkivi","og_description":"Njazi Muka, 20.08.2010 Me k\u00ebt\u00eb shkrim, d\u00ebshiroj q\u00eb sot t\u00eb sensibilizoj mediat, duke kritikuar publikisht k\u00ebrkes\u00ebn q\u00eb ka b\u00ebr\u00eb Shteti Shqiptar n\u00eb Gjykat\u00ebn e Strasburgut, q\u00eb kjo Gjykat\u00eb t\u00eb mos shqyrtoj\u00eb ankesat e pronar\u00ebve shqiptar\u00eb, sepse shteti nuk ka para t\u00eb paguaj\u00eb. Turp m\u00eb t\u00eb madh, faqe Evrop\u00ebs, nuk ka. N\u00ebse Qeveria nuk ka para [&hellip;]","og_url":"https:\/\/fjala.info\/2009-2015\/gafat-e-qeverise-me-pronen-ne-gjykaten-e-strasburgut\/","og_site_name":"FjALA e LIR\u00cb - Arkivi","article_published_time":"2010-08-20T09:12:44+00:00","author":"admin","twitter_card":"summary_large_image","twitter_misc":{"Written by":"admin","Est. reading time":"7 minutes"},"schema":{"@context":"https:\/\/schema.org","@graph":[{"@type":"Article","@id":"https:\/\/fjala.info\/2009-2015\/gafat-e-qeverise-me-pronen-ne-gjykaten-e-strasburgut\/#article","isPartOf":{"@id":"https:\/\/fjala.info\/2009-2015\/gafat-e-qeverise-me-pronen-ne-gjykaten-e-strasburgut\/"},"author":{"name":"admin","@id":"https:\/\/fjala.info\/2009-2015\/#\/schema\/person\/3aa1163ef05469c496fc94e77611ada2"},"headline":"Gafat e qeveris\u00eb me pron\u00ebn n\u00eb gjykat\u00ebn e Strasburgut","datePublished":"2010-08-20T09:12:44+00:00","mainEntityOfPage":{"@id":"https:\/\/fjala.info\/2009-2015\/gafat-e-qeverise-me-pronen-ne-gjykaten-e-strasburgut\/"},"wordCount":1319,"commentCount":0,"publisher":{"@id":"https:\/\/fjala.info\/2009-2015\/#organization"},"articleSection":["Artikuj"],"inLanguage":"sq-AL","potentialAction":[{"@type":"CommentAction","name":"Comment","target":["https:\/\/fjala.info\/2009-2015\/gafat-e-qeverise-me-pronen-ne-gjykaten-e-strasburgut\/#respond"]}]},{"@type":"WebPage","@id":"https:\/\/fjala.info\/2009-2015\/gafat-e-qeverise-me-pronen-ne-gjykaten-e-strasburgut\/","url":"https:\/\/fjala.info\/2009-2015\/gafat-e-qeverise-me-pronen-ne-gjykaten-e-strasburgut\/","name":"Gafat e qeveris\u00eb me pron\u00ebn n\u00eb gjykat\u00ebn e Strasburgut - FjALA e LIR\u00cb - Arkivi","isPartOf":{"@id":"https:\/\/fjala.info\/2009-2015\/#website"},"datePublished":"2010-08-20T09:12:44+00:00","breadcrumb":{"@id":"https:\/\/fjala.info\/2009-2015\/gafat-e-qeverise-me-pronen-ne-gjykaten-e-strasburgut\/#breadcrumb"},"inLanguage":"sq-AL","potentialAction":[{"@type":"ReadAction","target":["https:\/\/fjala.info\/2009-2015\/gafat-e-qeverise-me-pronen-ne-gjykaten-e-strasburgut\/"]}]},{"@type":"BreadcrumbList","@id":"https:\/\/fjala.info\/2009-2015\/gafat-e-qeverise-me-pronen-ne-gjykaten-e-strasburgut\/#breadcrumb","itemListElement":[{"@type":"ListItem","position":1,"name":"Home","item":"https:\/\/fjala.info\/2009-2015\/"},{"@type":"ListItem","position":2,"name":"Gafat e qeveris\u00eb me pron\u00ebn n\u00eb gjykat\u00ebn e Strasburgut"}]},{"@type":"WebSite","@id":"https:\/\/fjala.info\/2009-2015\/#website","url":"https:\/\/fjala.info\/2009-2015\/","name":"FjALA e LIR\u00cb - Arkivi","description":"Arkivi 2009-2015","publisher":{"@id":"https:\/\/fjala.info\/2009-2015\/#organization"},"potentialAction":[{"@type":"SearchAction","target":{"@type":"EntryPoint","urlTemplate":"https:\/\/fjala.info\/2009-2015\/?s={search_term_string}"},"query-input":{"@type":"PropertyValueSpecification","valueRequired":true,"valueName":"search_term_string"}}],"inLanguage":"sq-AL"},{"@type":"Organization","@id":"https:\/\/fjala.info\/2009-2015\/#organization","name":"FjALA e LIR\u00cb - Arkivi","url":"https:\/\/fjala.info\/2009-2015\/","logo":{"@type":"ImageObject","inLanguage":"sq-AL","@id":"https:\/\/fjala.info\/2009-2015\/#\/schema\/logo\/image\/","url":"","contentUrl":"","caption":"FjALA e LIR\u00cb - Arkivi"},"image":{"@id":"https:\/\/fjala.info\/2009-2015\/#\/schema\/logo\/image\/"}},{"@type":"Person","@id":"https:\/\/fjala.info\/2009-2015\/#\/schema\/person\/3aa1163ef05469c496fc94e77611ada2","name":"admin","image":{"@type":"ImageObject","inLanguage":"sq-AL","@id":"https:\/\/fjala.info\/2009-2015\/wp-content\/uploads\/2012\/02\/arben_cokaj-120x150.jpg","url":"https:\/\/fjala.info\/2009-2015\/wp-content\/uploads\/2012\/02\/arben_cokaj-120x150.jpg","contentUrl":"https:\/\/fjala.info\/2009-2015\/wp-content\/uploads\/2012\/02\/arben_cokaj-120x150.jpg","caption":"admin"},"description":"Admin, Fjala e Lir\u00eb","sameAs":["https:\/\/fjala.info\/"],"url":"https:\/\/fjala.info\/2009-2015\/author\/admin\/"}]}},"_links":{"self":[{"href":"https:\/\/fjala.info\/2009-2015\/wp-json\/wp\/v2\/posts\/3796","targetHints":{"allow":["GET"]}}],"collection":[{"href":"https:\/\/fjala.info\/2009-2015\/wp-json\/wp\/v2\/posts"}],"about":[{"href":"https:\/\/fjala.info\/2009-2015\/wp-json\/wp\/v2\/types\/post"}],"author":[{"embeddable":true,"href":"https:\/\/fjala.info\/2009-2015\/wp-json\/wp\/v2\/users\/1"}],"replies":[{"embeddable":true,"href":"https:\/\/fjala.info\/2009-2015\/wp-json\/wp\/v2\/comments?post=3796"}],"version-history":[{"count":0,"href":"https:\/\/fjala.info\/2009-2015\/wp-json\/wp\/v2\/posts\/3796\/revisions"}],"wp:attachment":[{"href":"https:\/\/fjala.info\/2009-2015\/wp-json\/wp\/v2\/media?parent=3796"}],"wp:term":[{"taxonomy":"category","embeddable":true,"href":"https:\/\/fjala.info\/2009-2015\/wp-json\/wp\/v2\/categories?post=3796"},{"taxonomy":"post_tag","embeddable":true,"href":"https:\/\/fjala.info\/2009-2015\/wp-json\/wp\/v2\/tags?post=3796"}],"curies":[{"name":"wp","href":"https:\/\/api.w.org\/{rel}","templated":true}]}}