{"id":3792,"date":"2010-08-19T22:36:45","date_gmt":"2010-08-19T21:36:45","guid":{"rendered":"http:\/\/fjala.shkoder.net\/?p=3792"},"modified":"2010-08-19T22:36:45","modified_gmt":"2010-08-19T21:36:45","slug":"burokracia-e-politizuar-eshte-e-rrezikshme","status":"publish","type":"post","link":"https:\/\/fjala.info\/2009-2015\/burokracia-e-politizuar-eshte-e-rrezikshme\/","title":{"rendered":"BUROKRACIA E POLITIZUAR \u00cbSHT\u00cb E RREZIKSHME"},"content":{"rendered":"<p><img decoding=\"async\" style=\"margin-left: 10px; margin-right: 10px; border: 0px;\" title=\"Mustafa Nano\" src=\"http:\/\/www.shkoder.net\/images\/fjala\/mustafa_nano.jpg\" border=\"0\" alt=\"\" width=\"100\" align=\"left\" \/><\/p>\n<p><strong>Mustafa Nano<\/strong><\/p>\n<p><em>Zululand<\/em><br \/>\nI ngacmuar nga letra q\u00eb i d\u00ebrgoja kryeredaktorit t\u00eb \u201cShqipit\u201d lidhur me at\u00eb n\u00ebpun\u00ebsin luftarak t\u00eb administrat\u00ebs publike, Dritan Hila e mbyll k\u00ebshtu komentin e tij t\u00eb dy dit\u00ebve m\u00eb par\u00eb: \u201cNuk \u00ebsht\u00eb e drejt\u00eb, q\u00eb kund\u00ebrshtari (i M. Nanos) t\u00eb jet\u00eb i ushqyer dy her\u00eb, t\u00eb ket\u00eb patkonj n\u00eb doreza dhe t\u00eb godas\u00eb posht\u00eb rripit\u201d. Duket qart\u00eb nga kjo fraz\u00eb (por edhe nga gjith\u00eb shkrimi), se Hila ka ve\u00e7uar nga letra \u201cdram\u00ebn time personale\u201d p\u00ebrball\u00eb nj\u00eb sulmi t\u00eb padrejt\u00eb e t\u00eb shp\u00ebrpjestimuar, dhe n\u00eb k\u00ebt\u00eb kuptim, shkrimin e tij e marr edhe si nj\u00eb shenj\u00eb solidariteti.<\/p>\n<p>Megjith\u00ebse n\u00eb reagimin tim nuk arrita (e nuk doja) t\u2019i shmangja tonet e ngjyrat e nj\u00eb marazi personal, \u00e7\u00ebshtja n\u00eb fjal\u00eb nuk \u00ebsht\u00eb hi\u00e7 personale. N\u00ebse s\u2019e kam b\u00ebr\u00eb t\u00eb qart\u00eb her\u00ebn e par\u00eb, po e b\u00ebj tani. N\u00eb planin personal nuk do t\u00eb kisha asnj\u00eb motivim p\u00ebr ta th\u00ebn\u00eb timen n\u00eb nj\u00eb rrethan\u00eb t\u00eb till\u00eb. Dhe e v\u00ebrteta \u00ebsht\u00eb, se \u201cturfullimi\u201d im i drejtohej m\u00eb s\u00eb pari gazet\u00ebs ku shkruaj.<\/p>\n<p>Por ka nj\u00eb arsye tjet\u00ebr, q\u00eb m\u00eb nxiti t\u00eb marr pen\u00ebn n\u00eb dor\u00eb. Ai robi i LSI-s\u00eb \u00ebsht\u00eb dhe n\u00ebpun\u00ebs i administrat\u00ebs publike. Dhe \u00e7\u00ebshtja nuk \u00ebsht\u00eb q\u00eb \u201cai l\u00ebshohet mbi mua\u201d; \u00e7\u00ebshtja \u00ebsht\u00eb se ai ka kuraj\u00ebn t\u00eb b\u00ebj\u00eb beteja publike n\u00eb mbrojtje t\u00eb qeveris\u00eb e kund\u00ebr kund\u00ebrshtar\u00ebve t\u00eb saj. Kjo, sipas meje, \u00ebsht\u00eb nj\u00eb gj\u00eb e r\u00ebnd\u00eb, e rrezikshme, e papranueshme, e pafalshme.<\/p>\n<p>N\u00eb \u00e7do vend normal, nj\u00eb njeri i till\u00eb do ishte shkarkuar qysh t\u00eb nes\u00ebrmen nga puna, e nuk do t\u00eb ishte \u00e7udi q\u00eb pas k\u00ebsaj, t\u00eb hapej nj\u00eb debat i madh publik e politik mbi qasjen e sjelljen partizane t\u00eb administrat\u00ebs publike. Askush nuk mund t\u00eb toleroj\u00eb n\u00eb ndonj\u00eb vend tjet\u00ebr, s\u00eb pari q\u00eb nj\u00eb n\u00ebpun\u00ebs t\u00eb deklaroj\u00eb faqe bot\u00ebs se \u201c\u00ebsht\u00eb n\u00eb at\u00eb pun\u00eb p\u00ebr merita partiake dhe se vijon ta ket\u00eb xhan, shpirt, e zem\u00ebr partin\u00eb e tij\u201d, e s\u00eb dyti q\u00eb i nj\u00ebjti n\u00ebpun\u00ebs t\u00eb ket\u00eb guximin t\u2019i v\u00ebrsulet publikisht kryetarit t\u00eb nj\u00eb partie opozitare, dhe nj\u00eb gazetari, q\u00eb nuk ha n\u00eb nj\u00eb \u00e7anak me qeverin\u00eb.<\/p>\n<p>Si\u00e7 shihet, problemi \u00ebsht\u00eb me r\u00ebnd\u00ebsi publike. Nuk ka t\u00eb b\u00ebj\u00eb fare me nj\u00eb gazetar t\u00eb sulmuar; ka t\u00eb b\u00ebj\u00eb me shtetin. Nuk ka t\u00eb b\u00ebj\u00eb fare me nj\u00eb rruga\u00e7; ka t\u00eb b\u00ebj\u00eb me mij\u00ebra rruga\u00e7\u00eb, q\u00eb jan\u00eb shp\u00ebrblyer me poste n\u00eb administrat\u00eb n\u00eb k\u00ebmbim t\u00eb kontributeve e sh\u00ebrbimeve t\u00eb llojllojshme n\u00eb favor t\u00eb nj\u00eb partie. Nuk ka t\u00eb b\u00ebj\u00eb vet\u00ebm me LSI-n\u00eb, s\u2019ka gj\u00eb se kjo e fundit \u00ebsht\u00eb nj\u00eb parti e ngritur ekskluzivisht mbi klientelizmin; ka t\u00eb b\u00ebj\u00eb edhe me dy partit\u00eb e m\u00ebdha, t\u00eb cilat, sa koh\u00eb jan\u00eb n\u00eb opozit\u00eb, i mbajn\u00eb militant\u00ebt e tyre me shpres\u00ebn se pushteti do t\u2019i nxjerr\u00eb nga hallet e shumta dhe me t\u00eb ardhur n\u00eb pushtet, i hapin kat\u00ebrkanatash p\u00ebr ta dyert e administrat\u00ebs. Kemi t\u00eb b\u00ebjm\u00eb me nj\u00eb atentat q\u00eb i b\u00ebhet aspirat\u00ebs p\u00ebr nj\u00eb shtet serioz e efektiv t\u00eb s\u00eb drejt\u00ebs, i cili nuk mund t\u00eb kuptohet pa nj\u00eb administrat\u00eb e burokraci t\u00eb ngritur mbi kritere meritokratike.<\/p>\n","protected":false},"excerpt":{"rendered":"<p>Mustafa Nano Zululand I ngacmuar nga letra q\u00eb i d\u00ebrgoja kryeredaktorit t\u00eb \u201cShqipit\u201d lidhur me at\u00eb n\u00ebpun\u00ebsin luftarak t\u00eb administrat\u00ebs publike, Dritan Hila e mbyll k\u00ebshtu komentin e tij t\u00eb dy dit\u00ebve m\u00eb par\u00eb: \u201cNuk \u00ebsht\u00eb e drejt\u00eb, q\u00eb kund\u00ebrshtari (i M. Nanos) t\u00eb jet\u00eb i ushqyer dy her\u00eb, t\u00eb ket\u00eb patkonj n\u00eb doreza dhe [&hellip;]<\/p>\n","protected":false},"author":1,"featured_media":0,"comment_status":"open","ping_status":"closed","sticky":false,"template":"","format":"standard","meta":{"footnotes":""},"categories":[2],"tags":[],"class_list":{"0":"post-3792","1":"post","2":"type-post","3":"status-publish","4":"format-standard","6":"category-artikuj"},"yoast_head":"<!-- This site is optimized with the Yoast SEO plugin v27.4 - https:\/\/yoast.com\/product\/yoast-seo-wordpress\/ -->\n<title>BUROKRACIA E POLITIZUAR \u00cbSHT\u00cb E RREZIKSHME - FjALA e LIR\u00cb - Arkivi<\/title>\n<meta name=\"robots\" content=\"index, follow, max-snippet:-1, max-image-preview:large, max-video-preview:-1\" \/>\n<link rel=\"canonical\" href=\"https:\/\/fjala.info\/2009-2015\/burokracia-e-politizuar-eshte-e-rrezikshme\/\" \/>\n<meta property=\"og:locale\" content=\"sq_AL\" \/>\n<meta property=\"og:type\" content=\"article\" \/>\n<meta property=\"og:title\" content=\"BUROKRACIA E POLITIZUAR \u00cbSHT\u00cb E RREZIKSHME - FjALA e LIR\u00cb - Arkivi\" \/>\n<meta property=\"og:description\" content=\"Mustafa Nano Zululand I ngacmuar nga letra q\u00eb i d\u00ebrgoja kryeredaktorit t\u00eb \u201cShqipit\u201d lidhur me at\u00eb n\u00ebpun\u00ebsin luftarak t\u00eb administrat\u00ebs publike, Dritan Hila e mbyll k\u00ebshtu komentin e tij t\u00eb dy dit\u00ebve m\u00eb par\u00eb: \u201cNuk \u00ebsht\u00eb e drejt\u00eb, q\u00eb kund\u00ebrshtari (i M. Nanos) t\u00eb jet\u00eb i ushqyer dy her\u00eb, t\u00eb ket\u00eb patkonj n\u00eb doreza dhe [&hellip;]\" \/>\n<meta property=\"og:url\" content=\"https:\/\/fjala.info\/2009-2015\/burokracia-e-politizuar-eshte-e-rrezikshme\/\" \/>\n<meta property=\"og:site_name\" content=\"FjALA e LIR\u00cb - Arkivi\" \/>\n<meta property=\"article:published_time\" content=\"2010-08-19T21:36:45+00:00\" \/>\n<meta property=\"og:image\" content=\"http:\/\/www.shkoder.net\/images\/fjala\/mustafa_nano.jpg\" \/>\n<meta name=\"author\" content=\"admin\" \/>\n<meta name=\"twitter:card\" content=\"summary_large_image\" \/>\n<meta name=\"twitter:label1\" content=\"Written by\" \/>\n\t<meta name=\"twitter:data1\" content=\"admin\" \/>\n\t<meta name=\"twitter:label2\" content=\"Est. reading time\" \/>\n\t<meta name=\"twitter:data2\" content=\"3 minutes\" \/>\n<script type=\"application\/ld+json\" class=\"yoast-schema-graph\">{\"@context\":\"https:\\\/\\\/schema.org\",\"@graph\":[{\"@type\":\"Article\",\"@id\":\"https:\\\/\\\/fjala.info\\\/2009-2015\\\/burokracia-e-politizuar-eshte-e-rrezikshme\\\/#article\",\"isPartOf\":{\"@id\":\"https:\\\/\\\/fjala.info\\\/2009-2015\\\/burokracia-e-politizuar-eshte-e-rrezikshme\\\/\"},\"author\":{\"name\":\"admin\",\"@id\":\"https:\\\/\\\/fjala.info\\\/2009-2015\\\/#\\\/schema\\\/person\\\/3aa1163ef05469c496fc94e77611ada2\"},\"headline\":\"BUROKRACIA E POLITIZUAR \u00cbSHT\u00cb E RREZIKSHME\",\"datePublished\":\"2010-08-19T21:36:45+00:00\",\"mainEntityOfPage\":{\"@id\":\"https:\\\/\\\/fjala.info\\\/2009-2015\\\/burokracia-e-politizuar-eshte-e-rrezikshme\\\/\"},\"wordCount\":584,\"commentCount\":0,\"publisher\":{\"@id\":\"https:\\\/\\\/fjala.info\\\/2009-2015\\\/#organization\"},\"image\":{\"@id\":\"https:\\\/\\\/fjala.info\\\/2009-2015\\\/burokracia-e-politizuar-eshte-e-rrezikshme\\\/#primaryimage\"},\"thumbnailUrl\":\"http:\\\/\\\/www.shkoder.net\\\/images\\\/fjala\\\/mustafa_nano.jpg\",\"articleSection\":[\"Artikuj\"],\"inLanguage\":\"sq-AL\",\"potentialAction\":[{\"@type\":\"CommentAction\",\"name\":\"Comment\",\"target\":[\"https:\\\/\\\/fjala.info\\\/2009-2015\\\/burokracia-e-politizuar-eshte-e-rrezikshme\\\/#respond\"]}]},{\"@type\":\"WebPage\",\"@id\":\"https:\\\/\\\/fjala.info\\\/2009-2015\\\/burokracia-e-politizuar-eshte-e-rrezikshme\\\/\",\"url\":\"https:\\\/\\\/fjala.info\\\/2009-2015\\\/burokracia-e-politizuar-eshte-e-rrezikshme\\\/\",\"name\":\"BUROKRACIA E POLITIZUAR \u00cbSHT\u00cb E RREZIKSHME - FjALA e LIR\u00cb - Arkivi\",\"isPartOf\":{\"@id\":\"https:\\\/\\\/fjala.info\\\/2009-2015\\\/#website\"},\"primaryImageOfPage\":{\"@id\":\"https:\\\/\\\/fjala.info\\\/2009-2015\\\/burokracia-e-politizuar-eshte-e-rrezikshme\\\/#primaryimage\"},\"image\":{\"@id\":\"https:\\\/\\\/fjala.info\\\/2009-2015\\\/burokracia-e-politizuar-eshte-e-rrezikshme\\\/#primaryimage\"},\"thumbnailUrl\":\"http:\\\/\\\/www.shkoder.net\\\/images\\\/fjala\\\/mustafa_nano.jpg\",\"datePublished\":\"2010-08-19T21:36:45+00:00\",\"breadcrumb\":{\"@id\":\"https:\\\/\\\/fjala.info\\\/2009-2015\\\/burokracia-e-politizuar-eshte-e-rrezikshme\\\/#breadcrumb\"},\"inLanguage\":\"sq-AL\",\"potentialAction\":[{\"@type\":\"ReadAction\",\"target\":[\"https:\\\/\\\/fjala.info\\\/2009-2015\\\/burokracia-e-politizuar-eshte-e-rrezikshme\\\/\"]}]},{\"@type\":\"ImageObject\",\"inLanguage\":\"sq-AL\",\"@id\":\"https:\\\/\\\/fjala.info\\\/2009-2015\\\/burokracia-e-politizuar-eshte-e-rrezikshme\\\/#primaryimage\",\"url\":\"http:\\\/\\\/www.shkoder.net\\\/images\\\/fjala\\\/mustafa_nano.jpg\",\"contentUrl\":\"http:\\\/\\\/www.shkoder.net\\\/images\\\/fjala\\\/mustafa_nano.jpg\"},{\"@type\":\"BreadcrumbList\",\"@id\":\"https:\\\/\\\/fjala.info\\\/2009-2015\\\/burokracia-e-politizuar-eshte-e-rrezikshme\\\/#breadcrumb\",\"itemListElement\":[{\"@type\":\"ListItem\",\"position\":1,\"name\":\"Home\",\"item\":\"https:\\\/\\\/fjala.info\\\/2009-2015\\\/\"},{\"@type\":\"ListItem\",\"position\":2,\"name\":\"BUROKRACIA E POLITIZUAR \u00cbSHT\u00cb E RREZIKSHME\"}]},{\"@type\":\"WebSite\",\"@id\":\"https:\\\/\\\/fjala.info\\\/2009-2015\\\/#website\",\"url\":\"https:\\\/\\\/fjala.info\\\/2009-2015\\\/\",\"name\":\"FjALA e LIR\u00cb - Arkivi\",\"description\":\"Arkivi 2009-2015\",\"publisher\":{\"@id\":\"https:\\\/\\\/fjala.info\\\/2009-2015\\\/#organization\"},\"potentialAction\":[{\"@type\":\"SearchAction\",\"target\":{\"@type\":\"EntryPoint\",\"urlTemplate\":\"https:\\\/\\\/fjala.info\\\/2009-2015\\\/?s={search_term_string}\"},\"query-input\":{\"@type\":\"PropertyValueSpecification\",\"valueRequired\":true,\"valueName\":\"search_term_string\"}}],\"inLanguage\":\"sq-AL\"},{\"@type\":\"Organization\",\"@id\":\"https:\\\/\\\/fjala.info\\\/2009-2015\\\/#organization\",\"name\":\"FjALA e LIR\u00cb - Arkivi\",\"url\":\"https:\\\/\\\/fjala.info\\\/2009-2015\\\/\",\"logo\":{\"@type\":\"ImageObject\",\"inLanguage\":\"sq-AL\",\"@id\":\"https:\\\/\\\/fjala.info\\\/2009-2015\\\/#\\\/schema\\\/logo\\\/image\\\/\",\"url\":\"\",\"contentUrl\":\"\",\"caption\":\"FjALA e LIR\u00cb - Arkivi\"},\"image\":{\"@id\":\"https:\\\/\\\/fjala.info\\\/2009-2015\\\/#\\\/schema\\\/logo\\\/image\\\/\"}},{\"@type\":\"Person\",\"@id\":\"https:\\\/\\\/fjala.info\\\/2009-2015\\\/#\\\/schema\\\/person\\\/3aa1163ef05469c496fc94e77611ada2\",\"name\":\"admin\",\"image\":{\"@type\":\"ImageObject\",\"inLanguage\":\"sq-AL\",\"@id\":\"https:\\\/\\\/fjala.info\\\/2009-2015\\\/wp-content\\\/uploads\\\/2012\\\/02\\\/arben_cokaj-120x150.jpg\",\"url\":\"https:\\\/\\\/fjala.info\\\/2009-2015\\\/wp-content\\\/uploads\\\/2012\\\/02\\\/arben_cokaj-120x150.jpg\",\"contentUrl\":\"https:\\\/\\\/fjala.info\\\/2009-2015\\\/wp-content\\\/uploads\\\/2012\\\/02\\\/arben_cokaj-120x150.jpg\",\"caption\":\"admin\"},\"description\":\"Admin, Fjala e Lir\u00eb\",\"sameAs\":[\"https:\\\/\\\/fjala.info\\\/\"],\"url\":\"https:\\\/\\\/fjala.info\\\/2009-2015\\\/author\\\/admin\\\/\"}]}<\/script>\n<!-- \/ Yoast SEO plugin. -->","yoast_head_json":{"title":"BUROKRACIA E POLITIZUAR \u00cbSHT\u00cb E RREZIKSHME - FjALA e LIR\u00cb - Arkivi","robots":{"index":"index","follow":"follow","max-snippet":"max-snippet:-1","max-image-preview":"max-image-preview:large","max-video-preview":"max-video-preview:-1"},"canonical":"https:\/\/fjala.info\/2009-2015\/burokracia-e-politizuar-eshte-e-rrezikshme\/","og_locale":"sq_AL","og_type":"article","og_title":"BUROKRACIA E POLITIZUAR \u00cbSHT\u00cb E RREZIKSHME - FjALA e LIR\u00cb - Arkivi","og_description":"Mustafa Nano Zululand I ngacmuar nga letra q\u00eb i d\u00ebrgoja kryeredaktorit t\u00eb \u201cShqipit\u201d lidhur me at\u00eb n\u00ebpun\u00ebsin luftarak t\u00eb administrat\u00ebs publike, Dritan Hila e mbyll k\u00ebshtu komentin e tij t\u00eb dy dit\u00ebve m\u00eb par\u00eb: \u201cNuk \u00ebsht\u00eb e drejt\u00eb, q\u00eb kund\u00ebrshtari (i M. Nanos) t\u00eb jet\u00eb i ushqyer dy her\u00eb, t\u00eb ket\u00eb patkonj n\u00eb doreza dhe [&hellip;]","og_url":"https:\/\/fjala.info\/2009-2015\/burokracia-e-politizuar-eshte-e-rrezikshme\/","og_site_name":"FjALA e LIR\u00cb - Arkivi","article_published_time":"2010-08-19T21:36:45+00:00","og_image":[{"url":"http:\/\/www.shkoder.net\/images\/fjala\/mustafa_nano.jpg","type":"","width":"","height":""}],"author":"admin","twitter_card":"summary_large_image","twitter_misc":{"Written by":"admin","Est. reading time":"3 minutes"},"schema":{"@context":"https:\/\/schema.org","@graph":[{"@type":"Article","@id":"https:\/\/fjala.info\/2009-2015\/burokracia-e-politizuar-eshte-e-rrezikshme\/#article","isPartOf":{"@id":"https:\/\/fjala.info\/2009-2015\/burokracia-e-politizuar-eshte-e-rrezikshme\/"},"author":{"name":"admin","@id":"https:\/\/fjala.info\/2009-2015\/#\/schema\/person\/3aa1163ef05469c496fc94e77611ada2"},"headline":"BUROKRACIA E POLITIZUAR \u00cbSHT\u00cb E RREZIKSHME","datePublished":"2010-08-19T21:36:45+00:00","mainEntityOfPage":{"@id":"https:\/\/fjala.info\/2009-2015\/burokracia-e-politizuar-eshte-e-rrezikshme\/"},"wordCount":584,"commentCount":0,"publisher":{"@id":"https:\/\/fjala.info\/2009-2015\/#organization"},"image":{"@id":"https:\/\/fjala.info\/2009-2015\/burokracia-e-politizuar-eshte-e-rrezikshme\/#primaryimage"},"thumbnailUrl":"http:\/\/www.shkoder.net\/images\/fjala\/mustafa_nano.jpg","articleSection":["Artikuj"],"inLanguage":"sq-AL","potentialAction":[{"@type":"CommentAction","name":"Comment","target":["https:\/\/fjala.info\/2009-2015\/burokracia-e-politizuar-eshte-e-rrezikshme\/#respond"]}]},{"@type":"WebPage","@id":"https:\/\/fjala.info\/2009-2015\/burokracia-e-politizuar-eshte-e-rrezikshme\/","url":"https:\/\/fjala.info\/2009-2015\/burokracia-e-politizuar-eshte-e-rrezikshme\/","name":"BUROKRACIA E POLITIZUAR \u00cbSHT\u00cb E RREZIKSHME - FjALA e LIR\u00cb - Arkivi","isPartOf":{"@id":"https:\/\/fjala.info\/2009-2015\/#website"},"primaryImageOfPage":{"@id":"https:\/\/fjala.info\/2009-2015\/burokracia-e-politizuar-eshte-e-rrezikshme\/#primaryimage"},"image":{"@id":"https:\/\/fjala.info\/2009-2015\/burokracia-e-politizuar-eshte-e-rrezikshme\/#primaryimage"},"thumbnailUrl":"http:\/\/www.shkoder.net\/images\/fjala\/mustafa_nano.jpg","datePublished":"2010-08-19T21:36:45+00:00","breadcrumb":{"@id":"https:\/\/fjala.info\/2009-2015\/burokracia-e-politizuar-eshte-e-rrezikshme\/#breadcrumb"},"inLanguage":"sq-AL","potentialAction":[{"@type":"ReadAction","target":["https:\/\/fjala.info\/2009-2015\/burokracia-e-politizuar-eshte-e-rrezikshme\/"]}]},{"@type":"ImageObject","inLanguage":"sq-AL","@id":"https:\/\/fjala.info\/2009-2015\/burokracia-e-politizuar-eshte-e-rrezikshme\/#primaryimage","url":"http:\/\/www.shkoder.net\/images\/fjala\/mustafa_nano.jpg","contentUrl":"http:\/\/www.shkoder.net\/images\/fjala\/mustafa_nano.jpg"},{"@type":"BreadcrumbList","@id":"https:\/\/fjala.info\/2009-2015\/burokracia-e-politizuar-eshte-e-rrezikshme\/#breadcrumb","itemListElement":[{"@type":"ListItem","position":1,"name":"Home","item":"https:\/\/fjala.info\/2009-2015\/"},{"@type":"ListItem","position":2,"name":"BUROKRACIA E POLITIZUAR \u00cbSHT\u00cb E RREZIKSHME"}]},{"@type":"WebSite","@id":"https:\/\/fjala.info\/2009-2015\/#website","url":"https:\/\/fjala.info\/2009-2015\/","name":"FjALA e LIR\u00cb - Arkivi","description":"Arkivi 2009-2015","publisher":{"@id":"https:\/\/fjala.info\/2009-2015\/#organization"},"potentialAction":[{"@type":"SearchAction","target":{"@type":"EntryPoint","urlTemplate":"https:\/\/fjala.info\/2009-2015\/?s={search_term_string}"},"query-input":{"@type":"PropertyValueSpecification","valueRequired":true,"valueName":"search_term_string"}}],"inLanguage":"sq-AL"},{"@type":"Organization","@id":"https:\/\/fjala.info\/2009-2015\/#organization","name":"FjALA e LIR\u00cb - Arkivi","url":"https:\/\/fjala.info\/2009-2015\/","logo":{"@type":"ImageObject","inLanguage":"sq-AL","@id":"https:\/\/fjala.info\/2009-2015\/#\/schema\/logo\/image\/","url":"","contentUrl":"","caption":"FjALA e LIR\u00cb - Arkivi"},"image":{"@id":"https:\/\/fjala.info\/2009-2015\/#\/schema\/logo\/image\/"}},{"@type":"Person","@id":"https:\/\/fjala.info\/2009-2015\/#\/schema\/person\/3aa1163ef05469c496fc94e77611ada2","name":"admin","image":{"@type":"ImageObject","inLanguage":"sq-AL","@id":"https:\/\/fjala.info\/2009-2015\/wp-content\/uploads\/2012\/02\/arben_cokaj-120x150.jpg","url":"https:\/\/fjala.info\/2009-2015\/wp-content\/uploads\/2012\/02\/arben_cokaj-120x150.jpg","contentUrl":"https:\/\/fjala.info\/2009-2015\/wp-content\/uploads\/2012\/02\/arben_cokaj-120x150.jpg","caption":"admin"},"description":"Admin, Fjala e Lir\u00eb","sameAs":["https:\/\/fjala.info\/"],"url":"https:\/\/fjala.info\/2009-2015\/author\/admin\/"}]}},"_links":{"self":[{"href":"https:\/\/fjala.info\/2009-2015\/wp-json\/wp\/v2\/posts\/3792","targetHints":{"allow":["GET"]}}],"collection":[{"href":"https:\/\/fjala.info\/2009-2015\/wp-json\/wp\/v2\/posts"}],"about":[{"href":"https:\/\/fjala.info\/2009-2015\/wp-json\/wp\/v2\/types\/post"}],"author":[{"embeddable":true,"href":"https:\/\/fjala.info\/2009-2015\/wp-json\/wp\/v2\/users\/1"}],"replies":[{"embeddable":true,"href":"https:\/\/fjala.info\/2009-2015\/wp-json\/wp\/v2\/comments?post=3792"}],"version-history":[{"count":0,"href":"https:\/\/fjala.info\/2009-2015\/wp-json\/wp\/v2\/posts\/3792\/revisions"}],"wp:attachment":[{"href":"https:\/\/fjala.info\/2009-2015\/wp-json\/wp\/v2\/media?parent=3792"}],"wp:term":[{"taxonomy":"category","embeddable":true,"href":"https:\/\/fjala.info\/2009-2015\/wp-json\/wp\/v2\/categories?post=3792"},{"taxonomy":"post_tag","embeddable":true,"href":"https:\/\/fjala.info\/2009-2015\/wp-json\/wp\/v2\/tags?post=3792"}],"curies":[{"name":"wp","href":"https:\/\/api.w.org\/{rel}","templated":true}]}}