{"id":3788,"date":"2010-08-19T16:56:06","date_gmt":"2010-08-19T15:56:06","guid":{"rendered":"http:\/\/fjala.shkoder.net\/?p=3788"},"modified":"2010-08-19T16:56:06","modified_gmt":"2010-08-19T15:56:06","slug":"camet","status":"publish","type":"post","link":"https:\/\/fjala.info\/2009-2015\/camet\/","title":{"rendered":"\u00c7am\u00ebt&#8230;"},"content":{"rendered":"<p><img decoding=\"async\" style=\"margin-left: 10px; margin-right: 10px; border: 0px;\" title=\"Shefki Hysa\" src=\"http:\/\/www.shkoder.net\/images\/fjala\/shefki_hysa.jpg\" border=\"0\" alt=\"\" width=\"100\" align=\"right\" \/><\/p>\n<p><strong>Shefki Hysa<\/strong><\/p>\n<p>Mos m\u00eb l\u00ebndoni!&#8230;<br \/>\nT\u00eb pakt\u00ebn ju, miqt\u00eb e t\u00eb njohurit e mi, mos m\u00eb l\u00ebndoni!&#8230;<br \/>\nT\u00eb tjer\u00ebt, ata q\u00eb nuk m\u00eb duan dhe armiqt\u00eb, le t\u00eb b\u00ebjn\u00eb si t\u00eb duan&#8230;<br \/>\nNuk m\u00eb hyn n\u00eb sy sjellja e tyre&#8230;<br \/>\nM\u00eb dhembin ve\u00e7 paragjykimet dhe gjykimet tuaja p\u00ebr \u00e7am\u00ebt dhe \u00c7am\u00ebrin\u00eb&#8230;<br \/>\nMos m\u00eb l\u00ebndoni!&#8230;<br \/>\nMos m\u00eb detyroni t\u00eb flas un\u00eb p\u00ebr \u00e7am\u00ebt, se jam edhe vet\u00eb \u00e7am, jam nga \u00c7am\u00ebria. Nuk jam m\u00ebsuar t\u00eb vet\u00eblavd\u00ebrohem, por jan\u00eb dyshimet tuaja q\u00eb m\u00eb shtyjn\u00eb t\u00eb b\u00ebhem apologjet i vetes dhe avokat i v\u00ebllez\u00ebrve t\u00eb mi \u00e7am\u00eb, megjith\u00ebse e kam t\u00eb v\u00ebshtir\u00eb t\u00eb stis fjal\u00eb kur b\u00ebmat, veprat e vlerat e bijve t\u00eb \u00c7am\u00ebris\u00eb ndrijn\u00eb si ar para sajesave t\u00eb armiqve dhe t\u00eb atyre q\u00eb nuk u duan t\u00eb mir\u00ebn&#8230;<br \/>\nShikojini mir\u00eb!&#8230;<br \/>\nMale t\u00eb t\u00ebra me thesare ari prarojn\u00eb para jush dhe \u00e7uditem si nuk doni t&#8217;i shihni! Mos vall\u00eb ju jan\u00eb l\u00ebbyrur syt\u00eb nga prarimi i vlerave \u00e7ame, apo mos vall\u00eb jeni verbuar nga vet\u00ebtimat e tyre, q\u00eb nuk doni t\u00eb pranoni ekzistenc\u00ebn e \u00c7am\u00ebris\u00eb si nj\u00eb realitet i preksh\u00ebm q\u00eb ju ka z\u00ebn\u00eb udh\u00ebn?!&#8230;<br \/>\nMos m\u00eb l\u00ebndoni!&#8230;<br \/>\nNuk mund t\u00eb kap\u00ebrceni kaq vargmale dhe t\u00eb mos ndiheni t\u00eb lodhur&#8230; Shndrin lodhja n\u00eb fytyrat tuaja&#8230; Edhe lodhja juaj ndrin n\u00eb udh\u00ebn ton\u00eb drejt \u00c7am\u00ebris\u00eb&#8230;<br \/>\nJu lutem, mos m\u00eb l\u00ebndoni!&#8230;<br \/>\nBoll m\u00eb kan\u00eb l\u00ebnduar ata q\u00eb na kan\u00eb prer\u00eb n\u00eb bes\u00eb&#8230;<br \/>\nBoll i kan\u00eb mohuar thesaret tona shpirt\u00ebrore bes\u00ebprer\u00ebt dhe mosmir\u00ebnjoh\u00ebsit&#8230;<br \/>\n\u00c7am\u00ebt, i pari shteti shqiptar i preu n\u00eb bes\u00eb dhe ca palo politikan\u00eb, nj\u00eblloj si padron\u00ebt e tyre shoven\u00eb-helen\u00eb (e p\u00ebrsh\u00ebndes plot respekt qytet\u00ebrimin grek), i etiketuan dhe i shit\u00ebn si t\u00eb pabes\u00eb&#8230;<br \/>\nJu, miq, mos m\u00eb l\u00ebndoni!&#8230;<br \/>\nM\u00eb lini t\u00eb pakt\u00ebn t\u00eb qet\u00eb n\u00eb fush\u00ebbetejat e mia me armiqt\u00eb tan\u00eb!&#8230;<br \/>\n\u00c7am\u00ebt jan\u00eb si blet\u00ebt q\u00eb mbledhin pa u lodhur nektarin lule m\u00eb lule dhe prodhojn\u00eb mjalt\u00eb p\u00ebr vete e p\u00ebr t\u00eb tjer\u00ebt&#8230; A mund t\u00eb jen\u00eb t\u00eb pabesa blet\u00ebt?!&#8230; Ato q\u00eb vet\u00ebm punojn\u00eb, nd\u00ebrtojn\u00eb e prodhojn\u00eb me artin m\u00eb t\u00eb rrall\u00eb ushqimin m\u00eb t\u00eb mrekulluesh\u00ebm, mjaltin?!&#8230;<br \/>\nMos m\u00eb l\u00ebndoni!&#8230;<br \/>\nDjemt\u00eb \u00e7am\u00eb jan\u00eb si p\u00ebllumba q\u00eb u vijn\u00eb rrotull dhe u gugurisin p\u00ebllumbeshave t\u00eb veta (jo sorrave t\u00eb bot\u00ebs; u druhen p\u00ebsimeve t\u00eb fabulave me laraska me pend\u00eb p\u00ebllumbeshash). A mund t\u00eb jen\u00eb t\u00eb pabes\u00eb p\u00ebllumbat e paqes?!&#8230; Ata q\u00eb e b\u00ebjn\u00eb, e duan dhe ua p\u00ebrcjellin t\u00eb tjer\u00ebve me aq dashuri mesazhin e paqes?!&#8230;<br \/>\nMos m\u00eb l\u00ebndoni!&#8230;<br \/>\n\u00c7am\u00ebt jan\u00eb si luan\u00eb q\u00eb u shmangen gomar\u00ebve me l\u00ebkur\u00eb luani&#8230; Dhe dihet se luan\u00ebt jan\u00eb luan\u00eb, trima e luft\u00ebtar\u00eb betejash dhe jo pabesipjell\u00ebs e aktor\u00eb n\u00eb role pabesish&#8230;<br \/>\nMos m\u00eb l\u00ebndoni!&#8230;<br \/>\nDjemt\u00eb \u00e7am\u00eb jan\u00eb Osman Takat e Bilbilenjt\u00eb shqiptar\u00eb q\u00eb vall\u00ebzojn\u00eb edhe para vdekjes&#8230;<br \/>\nMos m\u00eb l\u00ebndoni!&#8230;<br \/>\nDjemt\u00eb e \u00c7am\u00ebris\u00eb jan\u00eb si Bilal Xhaferri q\u00eb u tret si Qiriri i Naimit p\u00ebr Shqip\u00ebrin\u00eb&#8230;<br \/>\nMos m\u00eb l\u00ebndoni!&#8230;<br \/>\nMos m\u00eb keqkuptoni, nuk dua t\u00eb jem si Beluli, ky far\u00eb bufoni modern q\u00eb vet\u00eblavd\u00ebrohet n\u00eb stilin Mark Antoni, i cili e falimentoi sakaq madh\u00ebshtin\u00eb e Brutit, vras\u00ebsit t\u00eb Cezarit Tiran&#8230;<br \/>\nMos m\u00eb l\u00ebndoni!&#8230;<br \/>\nVajzat \u00e7ame jan\u00eb si Kleopatra, mbret\u00ebresha e Egjyptit, q\u00eb i detyroi Cezar\u00ebt t\u00eb ulnin kok\u00ebn n\u00eb preh\u00ebrin e saj e t&#8217;i adhuronin hiret si t\u00eb ishte per\u00ebndi&#8230;<br \/>\nMos m\u00eb l\u00ebndoni!&#8230;<br \/>\nVajzat \u00e7ame jan\u00eb si nusja q\u00eb pranoi t\u00eb flijohej n\u00eb themelet e ur\u00ebs s\u00eb Art\u00ebs, q\u00eb ajo t\u00eb nd\u00ebrtohej p\u00ebr t\u00eb sjell\u00eb bashkimin e qytet\u00ebrimin e brigjeve njer\u00ebzor\u00eb&#8230;<br \/>\nVajzat \u00e7ame jan\u00eb si suliotet q\u00eb u gremis\u00ebn nga shk\u00ebmbinjt\u00eb e maleve t\u00eb Sulit p\u00ebr t\u00eb mos p\u00ebrfunduar robina t\u00eb mizoris\u00eb s\u00eb pushtuesve&#8230;<br \/>\nVajzat \u00e7ame jan\u00eb si Vasiliqia q\u00eb me nj\u00eb v\u00ebshtrim zbriti nga kali pashan\u00eb mizor, Ali Tepelen\u00ebn, ia flaku tutje shpat\u00ebn e i m\u00ebsoi qytet\u00ebrimin&#8230;<br \/>\nMos m\u00eb l\u00ebndoni!&#8230;<br \/>\n\u00c7am\u00ebt jan\u00eb si k\u00ebng\u00ebtarja Enkeleda Alushi, nuse n\u00eb Kosov\u00eb q\u00eb i k\u00ebndon me mall \u00c7am\u00ebris\u00eb&#8230;<br \/>\nMos m\u00eb l\u00ebndoni!&#8230;<br \/>\n\u00c7am\u00ebt jan\u00eb si un\u00eb q\u00eb e p\u00ebrul kok\u00ebn vet\u00ebm n\u00eb preh\u00ebrin e \u00c7am\u00ebris\u00eb!&#8230;<br \/>\nMos m\u00eb l\u00ebndoni!&#8230;<\/p>\n","protected":false},"excerpt":{"rendered":"<p>Shefki Hysa Mos m\u00eb l\u00ebndoni!&#8230; T\u00eb pakt\u00ebn ju, miqt\u00eb e t\u00eb njohurit e mi, mos m\u00eb l\u00ebndoni!&#8230; T\u00eb tjer\u00ebt, ata q\u00eb nuk m\u00eb duan dhe armiqt\u00eb, le t\u00eb b\u00ebjn\u00eb si t\u00eb duan&#8230; Nuk m\u00eb hyn n\u00eb sy sjellja e tyre&#8230; M\u00eb dhembin ve\u00e7 paragjykimet dhe gjykimet tuaja p\u00ebr \u00e7am\u00ebt dhe \u00c7am\u00ebrin\u00eb&#8230; Mos m\u00eb l\u00ebndoni!&#8230; Mos [&hellip;]<\/p>\n","protected":false},"author":1,"featured_media":0,"comment_status":"open","ping_status":"closed","sticky":false,"template":"","format":"standard","meta":{"footnotes":""},"categories":[2],"tags":[],"class_list":{"0":"post-3788","1":"post","2":"type-post","3":"status-publish","4":"format-standard","6":"category-artikuj"},"yoast_head":"<!-- This site is optimized with the Yoast SEO plugin v27.4 - https:\/\/yoast.com\/product\/yoast-seo-wordpress\/ -->\n<title>\u00c7am\u00ebt... - FjALA e LIR\u00cb - Arkivi<\/title>\n<meta name=\"robots\" content=\"index, follow, max-snippet:-1, max-image-preview:large, max-video-preview:-1\" \/>\n<link rel=\"canonical\" href=\"https:\/\/fjala.info\/2009-2015\/camet\/\" \/>\n<meta property=\"og:locale\" content=\"sq_AL\" \/>\n<meta property=\"og:type\" content=\"article\" \/>\n<meta property=\"og:title\" content=\"\u00c7am\u00ebt... - FjALA e LIR\u00cb - Arkivi\" \/>\n<meta property=\"og:description\" content=\"Shefki Hysa Mos m\u00eb l\u00ebndoni!&#8230; T\u00eb pakt\u00ebn ju, miqt\u00eb e t\u00eb njohurit e mi, mos m\u00eb l\u00ebndoni!&#8230; T\u00eb tjer\u00ebt, ata q\u00eb nuk m\u00eb duan dhe armiqt\u00eb, le t\u00eb b\u00ebjn\u00eb si t\u00eb duan&#8230; Nuk m\u00eb hyn n\u00eb sy sjellja e tyre&#8230; M\u00eb dhembin ve\u00e7 paragjykimet dhe gjykimet tuaja p\u00ebr \u00e7am\u00ebt dhe \u00c7am\u00ebrin\u00eb&#8230; Mos m\u00eb l\u00ebndoni!&#8230; Mos [&hellip;]\" \/>\n<meta property=\"og:url\" content=\"https:\/\/fjala.info\/2009-2015\/camet\/\" \/>\n<meta property=\"og:site_name\" content=\"FjALA e LIR\u00cb - Arkivi\" \/>\n<meta property=\"article:published_time\" content=\"2010-08-19T15:56:06+00:00\" \/>\n<meta property=\"og:image\" content=\"http:\/\/www.shkoder.net\/images\/fjala\/shefki_hysa.jpg\" \/>\n<meta name=\"author\" content=\"admin\" \/>\n<meta name=\"twitter:card\" content=\"summary_large_image\" \/>\n<meta name=\"twitter:label1\" content=\"Written by\" \/>\n\t<meta name=\"twitter:data1\" content=\"admin\" \/>\n\t<meta name=\"twitter:label2\" content=\"Est. reading time\" \/>\n\t<meta name=\"twitter:data2\" content=\"4 minutes\" \/>\n<script type=\"application\/ld+json\" class=\"yoast-schema-graph\">{\"@context\":\"https:\\\/\\\/schema.org\",\"@graph\":[{\"@type\":\"Article\",\"@id\":\"https:\\\/\\\/fjala.info\\\/2009-2015\\\/camet\\\/#article\",\"isPartOf\":{\"@id\":\"https:\\\/\\\/fjala.info\\\/2009-2015\\\/camet\\\/\"},\"author\":{\"name\":\"admin\",\"@id\":\"https:\\\/\\\/fjala.info\\\/2009-2015\\\/#\\\/schema\\\/person\\\/3aa1163ef05469c496fc94e77611ada2\"},\"headline\":\"\u00c7am\u00ebt&#8230;\",\"datePublished\":\"2010-08-19T15:56:06+00:00\",\"mainEntityOfPage\":{\"@id\":\"https:\\\/\\\/fjala.info\\\/2009-2015\\\/camet\\\/\"},\"wordCount\":769,\"commentCount\":0,\"publisher\":{\"@id\":\"https:\\\/\\\/fjala.info\\\/2009-2015\\\/#organization\"},\"image\":{\"@id\":\"https:\\\/\\\/fjala.info\\\/2009-2015\\\/camet\\\/#primaryimage\"},\"thumbnailUrl\":\"http:\\\/\\\/www.shkoder.net\\\/images\\\/fjala\\\/shefki_hysa.jpg\",\"articleSection\":[\"Artikuj\"],\"inLanguage\":\"sq-AL\",\"potentialAction\":[{\"@type\":\"CommentAction\",\"name\":\"Comment\",\"target\":[\"https:\\\/\\\/fjala.info\\\/2009-2015\\\/camet\\\/#respond\"]}]},{\"@type\":\"WebPage\",\"@id\":\"https:\\\/\\\/fjala.info\\\/2009-2015\\\/camet\\\/\",\"url\":\"https:\\\/\\\/fjala.info\\\/2009-2015\\\/camet\\\/\",\"name\":\"\u00c7am\u00ebt... - FjALA e LIR\u00cb - Arkivi\",\"isPartOf\":{\"@id\":\"https:\\\/\\\/fjala.info\\\/2009-2015\\\/#website\"},\"primaryImageOfPage\":{\"@id\":\"https:\\\/\\\/fjala.info\\\/2009-2015\\\/camet\\\/#primaryimage\"},\"image\":{\"@id\":\"https:\\\/\\\/fjala.info\\\/2009-2015\\\/camet\\\/#primaryimage\"},\"thumbnailUrl\":\"http:\\\/\\\/www.shkoder.net\\\/images\\\/fjala\\\/shefki_hysa.jpg\",\"datePublished\":\"2010-08-19T15:56:06+00:00\",\"breadcrumb\":{\"@id\":\"https:\\\/\\\/fjala.info\\\/2009-2015\\\/camet\\\/#breadcrumb\"},\"inLanguage\":\"sq-AL\",\"potentialAction\":[{\"@type\":\"ReadAction\",\"target\":[\"https:\\\/\\\/fjala.info\\\/2009-2015\\\/camet\\\/\"]}]},{\"@type\":\"ImageObject\",\"inLanguage\":\"sq-AL\",\"@id\":\"https:\\\/\\\/fjala.info\\\/2009-2015\\\/camet\\\/#primaryimage\",\"url\":\"http:\\\/\\\/www.shkoder.net\\\/images\\\/fjala\\\/shefki_hysa.jpg\",\"contentUrl\":\"http:\\\/\\\/www.shkoder.net\\\/images\\\/fjala\\\/shefki_hysa.jpg\"},{\"@type\":\"BreadcrumbList\",\"@id\":\"https:\\\/\\\/fjala.info\\\/2009-2015\\\/camet\\\/#breadcrumb\",\"itemListElement\":[{\"@type\":\"ListItem\",\"position\":1,\"name\":\"Home\",\"item\":\"https:\\\/\\\/fjala.info\\\/2009-2015\\\/\"},{\"@type\":\"ListItem\",\"position\":2,\"name\":\"\u00c7am\u00ebt&#8230;\"}]},{\"@type\":\"WebSite\",\"@id\":\"https:\\\/\\\/fjala.info\\\/2009-2015\\\/#website\",\"url\":\"https:\\\/\\\/fjala.info\\\/2009-2015\\\/\",\"name\":\"FjALA e LIR\u00cb - Arkivi\",\"description\":\"Arkivi 2009-2015\",\"publisher\":{\"@id\":\"https:\\\/\\\/fjala.info\\\/2009-2015\\\/#organization\"},\"potentialAction\":[{\"@type\":\"SearchAction\",\"target\":{\"@type\":\"EntryPoint\",\"urlTemplate\":\"https:\\\/\\\/fjala.info\\\/2009-2015\\\/?s={search_term_string}\"},\"query-input\":{\"@type\":\"PropertyValueSpecification\",\"valueRequired\":true,\"valueName\":\"search_term_string\"}}],\"inLanguage\":\"sq-AL\"},{\"@type\":\"Organization\",\"@id\":\"https:\\\/\\\/fjala.info\\\/2009-2015\\\/#organization\",\"name\":\"FjALA e LIR\u00cb - Arkivi\",\"url\":\"https:\\\/\\\/fjala.info\\\/2009-2015\\\/\",\"logo\":{\"@type\":\"ImageObject\",\"inLanguage\":\"sq-AL\",\"@id\":\"https:\\\/\\\/fjala.info\\\/2009-2015\\\/#\\\/schema\\\/logo\\\/image\\\/\",\"url\":\"\",\"contentUrl\":\"\",\"caption\":\"FjALA e LIR\u00cb - Arkivi\"},\"image\":{\"@id\":\"https:\\\/\\\/fjala.info\\\/2009-2015\\\/#\\\/schema\\\/logo\\\/image\\\/\"}},{\"@type\":\"Person\",\"@id\":\"https:\\\/\\\/fjala.info\\\/2009-2015\\\/#\\\/schema\\\/person\\\/3aa1163ef05469c496fc94e77611ada2\",\"name\":\"admin\",\"image\":{\"@type\":\"ImageObject\",\"inLanguage\":\"sq-AL\",\"@id\":\"https:\\\/\\\/fjala.info\\\/2009-2015\\\/wp-content\\\/uploads\\\/2012\\\/02\\\/arben_cokaj-120x150.jpg\",\"url\":\"https:\\\/\\\/fjala.info\\\/2009-2015\\\/wp-content\\\/uploads\\\/2012\\\/02\\\/arben_cokaj-120x150.jpg\",\"contentUrl\":\"https:\\\/\\\/fjala.info\\\/2009-2015\\\/wp-content\\\/uploads\\\/2012\\\/02\\\/arben_cokaj-120x150.jpg\",\"caption\":\"admin\"},\"description\":\"Admin, Fjala e Lir\u00eb\",\"sameAs\":[\"https:\\\/\\\/fjala.info\\\/\"],\"url\":\"https:\\\/\\\/fjala.info\\\/2009-2015\\\/author\\\/admin\\\/\"}]}<\/script>\n<!-- \/ Yoast SEO plugin. -->","yoast_head_json":{"title":"\u00c7am\u00ebt... - FjALA e LIR\u00cb - Arkivi","robots":{"index":"index","follow":"follow","max-snippet":"max-snippet:-1","max-image-preview":"max-image-preview:large","max-video-preview":"max-video-preview:-1"},"canonical":"https:\/\/fjala.info\/2009-2015\/camet\/","og_locale":"sq_AL","og_type":"article","og_title":"\u00c7am\u00ebt... - FjALA e LIR\u00cb - Arkivi","og_description":"Shefki Hysa Mos m\u00eb l\u00ebndoni!&#8230; T\u00eb pakt\u00ebn ju, miqt\u00eb e t\u00eb njohurit e mi, mos m\u00eb l\u00ebndoni!&#8230; T\u00eb tjer\u00ebt, ata q\u00eb nuk m\u00eb duan dhe armiqt\u00eb, le t\u00eb b\u00ebjn\u00eb si t\u00eb duan&#8230; Nuk m\u00eb hyn n\u00eb sy sjellja e tyre&#8230; M\u00eb dhembin ve\u00e7 paragjykimet dhe gjykimet tuaja p\u00ebr \u00e7am\u00ebt dhe \u00c7am\u00ebrin\u00eb&#8230; Mos m\u00eb l\u00ebndoni!&#8230; Mos [&hellip;]","og_url":"https:\/\/fjala.info\/2009-2015\/camet\/","og_site_name":"FjALA e LIR\u00cb - Arkivi","article_published_time":"2010-08-19T15:56:06+00:00","og_image":[{"url":"http:\/\/www.shkoder.net\/images\/fjala\/shefki_hysa.jpg","type":"","width":"","height":""}],"author":"admin","twitter_card":"summary_large_image","twitter_misc":{"Written by":"admin","Est. reading time":"4 minutes"},"schema":{"@context":"https:\/\/schema.org","@graph":[{"@type":"Article","@id":"https:\/\/fjala.info\/2009-2015\/camet\/#article","isPartOf":{"@id":"https:\/\/fjala.info\/2009-2015\/camet\/"},"author":{"name":"admin","@id":"https:\/\/fjala.info\/2009-2015\/#\/schema\/person\/3aa1163ef05469c496fc94e77611ada2"},"headline":"\u00c7am\u00ebt&#8230;","datePublished":"2010-08-19T15:56:06+00:00","mainEntityOfPage":{"@id":"https:\/\/fjala.info\/2009-2015\/camet\/"},"wordCount":769,"commentCount":0,"publisher":{"@id":"https:\/\/fjala.info\/2009-2015\/#organization"},"image":{"@id":"https:\/\/fjala.info\/2009-2015\/camet\/#primaryimage"},"thumbnailUrl":"http:\/\/www.shkoder.net\/images\/fjala\/shefki_hysa.jpg","articleSection":["Artikuj"],"inLanguage":"sq-AL","potentialAction":[{"@type":"CommentAction","name":"Comment","target":["https:\/\/fjala.info\/2009-2015\/camet\/#respond"]}]},{"@type":"WebPage","@id":"https:\/\/fjala.info\/2009-2015\/camet\/","url":"https:\/\/fjala.info\/2009-2015\/camet\/","name":"\u00c7am\u00ebt... - FjALA e LIR\u00cb - Arkivi","isPartOf":{"@id":"https:\/\/fjala.info\/2009-2015\/#website"},"primaryImageOfPage":{"@id":"https:\/\/fjala.info\/2009-2015\/camet\/#primaryimage"},"image":{"@id":"https:\/\/fjala.info\/2009-2015\/camet\/#primaryimage"},"thumbnailUrl":"http:\/\/www.shkoder.net\/images\/fjala\/shefki_hysa.jpg","datePublished":"2010-08-19T15:56:06+00:00","breadcrumb":{"@id":"https:\/\/fjala.info\/2009-2015\/camet\/#breadcrumb"},"inLanguage":"sq-AL","potentialAction":[{"@type":"ReadAction","target":["https:\/\/fjala.info\/2009-2015\/camet\/"]}]},{"@type":"ImageObject","inLanguage":"sq-AL","@id":"https:\/\/fjala.info\/2009-2015\/camet\/#primaryimage","url":"http:\/\/www.shkoder.net\/images\/fjala\/shefki_hysa.jpg","contentUrl":"http:\/\/www.shkoder.net\/images\/fjala\/shefki_hysa.jpg"},{"@type":"BreadcrumbList","@id":"https:\/\/fjala.info\/2009-2015\/camet\/#breadcrumb","itemListElement":[{"@type":"ListItem","position":1,"name":"Home","item":"https:\/\/fjala.info\/2009-2015\/"},{"@type":"ListItem","position":2,"name":"\u00c7am\u00ebt&#8230;"}]},{"@type":"WebSite","@id":"https:\/\/fjala.info\/2009-2015\/#website","url":"https:\/\/fjala.info\/2009-2015\/","name":"FjALA e LIR\u00cb - Arkivi","description":"Arkivi 2009-2015","publisher":{"@id":"https:\/\/fjala.info\/2009-2015\/#organization"},"potentialAction":[{"@type":"SearchAction","target":{"@type":"EntryPoint","urlTemplate":"https:\/\/fjala.info\/2009-2015\/?s={search_term_string}"},"query-input":{"@type":"PropertyValueSpecification","valueRequired":true,"valueName":"search_term_string"}}],"inLanguage":"sq-AL"},{"@type":"Organization","@id":"https:\/\/fjala.info\/2009-2015\/#organization","name":"FjALA e LIR\u00cb - Arkivi","url":"https:\/\/fjala.info\/2009-2015\/","logo":{"@type":"ImageObject","inLanguage":"sq-AL","@id":"https:\/\/fjala.info\/2009-2015\/#\/schema\/logo\/image\/","url":"","contentUrl":"","caption":"FjALA e LIR\u00cb - Arkivi"},"image":{"@id":"https:\/\/fjala.info\/2009-2015\/#\/schema\/logo\/image\/"}},{"@type":"Person","@id":"https:\/\/fjala.info\/2009-2015\/#\/schema\/person\/3aa1163ef05469c496fc94e77611ada2","name":"admin","image":{"@type":"ImageObject","inLanguage":"sq-AL","@id":"https:\/\/fjala.info\/2009-2015\/wp-content\/uploads\/2012\/02\/arben_cokaj-120x150.jpg","url":"https:\/\/fjala.info\/2009-2015\/wp-content\/uploads\/2012\/02\/arben_cokaj-120x150.jpg","contentUrl":"https:\/\/fjala.info\/2009-2015\/wp-content\/uploads\/2012\/02\/arben_cokaj-120x150.jpg","caption":"admin"},"description":"Admin, Fjala e Lir\u00eb","sameAs":["https:\/\/fjala.info\/"],"url":"https:\/\/fjala.info\/2009-2015\/author\/admin\/"}]}},"_links":{"self":[{"href":"https:\/\/fjala.info\/2009-2015\/wp-json\/wp\/v2\/posts\/3788","targetHints":{"allow":["GET"]}}],"collection":[{"href":"https:\/\/fjala.info\/2009-2015\/wp-json\/wp\/v2\/posts"}],"about":[{"href":"https:\/\/fjala.info\/2009-2015\/wp-json\/wp\/v2\/types\/post"}],"author":[{"embeddable":true,"href":"https:\/\/fjala.info\/2009-2015\/wp-json\/wp\/v2\/users\/1"}],"replies":[{"embeddable":true,"href":"https:\/\/fjala.info\/2009-2015\/wp-json\/wp\/v2\/comments?post=3788"}],"version-history":[{"count":0,"href":"https:\/\/fjala.info\/2009-2015\/wp-json\/wp\/v2\/posts\/3788\/revisions"}],"wp:attachment":[{"href":"https:\/\/fjala.info\/2009-2015\/wp-json\/wp\/v2\/media?parent=3788"}],"wp:term":[{"taxonomy":"category","embeddable":true,"href":"https:\/\/fjala.info\/2009-2015\/wp-json\/wp\/v2\/categories?post=3788"},{"taxonomy":"post_tag","embeddable":true,"href":"https:\/\/fjala.info\/2009-2015\/wp-json\/wp\/v2\/tags?post=3788"}],"curies":[{"name":"wp","href":"https:\/\/api.w.org\/{rel}","templated":true}]}}