{"id":3779,"date":"2010-08-18T07:31:23","date_gmt":"2010-08-18T06:31:23","guid":{"rendered":"http:\/\/fjala.shkoder.net\/?p=3779"},"modified":"2010-08-18T07:31:23","modified_gmt":"2010-08-18T06:31:23","slug":"paqesimi-i-veriut-te-kosoves","status":"publish","type":"post","link":"https:\/\/fjala.info\/2009-2015\/paqesimi-i-veriut-te-kosoves\/","title":{"rendered":"PAQESIMI I VERIUT T\u00cb KOSOV\u00cbS"},"content":{"rendered":"<p><img decoding=\"async\" style=\"margin-left: 10px; margin-right: 10px; border: 0px;\" title=\"Bekim Rexhepi\" src=\"http:\/\/www.shkoder.net\/images\/fjala\/bekim_rexhepi.jpg\" border=\"0\" alt=\"\" width=\"100\" align=\"right\" \/><\/p>\n<p><em>Paq\u00ebsimi i veriut \u00ebsht\u00eb i domosdosh\u00ebm edhe p\u00ebr vet serbet sepse u hap perspektiv\u00eb m\u00eb t\u00eb mir\u00eb, se sa vet izolimi dhe mbetja n\u00ebn k\u00ebrc\u00ebnim permanent e kriminal duke p\u00ebrfill\u00eb mos bindje qytetar\u00ebsie.<\/em><\/p>\n<p>nga <strong>Bekim Rexhepi<\/strong><\/p>\n<p>Duket se pas vendimit t\u00eb GJND-s\u00eb, Kosova pret njohje t\u00eb reja, t\u00eb cilat n\u00eb fakt nuk po ndodhin, ato u ngulfat\u00ebn n\u00eb retorik\u00ebn mbyt\u00ebse t\u00eb dit\u00ebs. U b\u00ebn\u00eb m\u00eb shum\u00eb se tre jav\u00eb nga vendimi i lart\u00eb i GJND-\u00ebs, dhe Kosova nuk ka marr\u00eb asnj\u00eb njohje t\u00eb re. Mbase, p\u00ebr k\u00ebt\u00eb zvarritje duhet pranuar se diplomacia kosovare nuk ka lobuar sa, e si duhet, pik\u00ebrisht n\u00eb drejtim t\u00eb atyre vende q\u00eb u deklaruan se ndofta do t\u00eb mund t\u00eb merrnin ndonj\u00eb vendim t\u00eb arsyesh\u00ebm drejt\u00eb njohjes s\u00eb pavar\u00ebsis\u00eb s\u00eb Kosov\u00ebs, por vet\u00ebm pasi t\u00eb ket\u00eb dh\u00ebn\u00eb mendimin GJND-ja &#8230;<\/p>\n<p>T\u00eb p\u00ebr kujtojm\u00eb, jo pa shkas se Serbia ka, marr\u00eb menj\u00ebher\u00eb insiativat e saja diplomatike, p\u00ebr t\u00eb parandaluar mund\u00ebsin e njohjeve q\u00eb mund t\u00eb vinin nga rezultati i favorsh\u00ebm i mendimit t\u00eb GJND-s\u00eb, e kjo mund t\u00eb vinte nga vendet arabe t\u00eb cilat duksh\u00ebm po hezitojn\u00eb ne njohje t\u00eb Kosov\u00ebs.<\/p>\n<p>Qeveria e Kosov\u00ebs doemos duhet t\u00eb analizoj se pse nuk ka nj\u00eb lobim m\u00eb t\u00eb qart\u00eb rrethe mund\u00ebsive p\u00ebr te sjell\u00eb njohje te reja, edhe nga ato vende qe nuk duhet t\u00eb ndaleshin pa ndonj\u00eb arsye t\u00eb madhe. Nd\u00ebrsa edhe njohjet e deritashme shikuar realisht, nuk mund te cil\u00ebsohen se ishin suksesi i diplomacis\u00eb kosovare, p\u00ebr faktin se ato me shume kan\u00eb ndodhur n\u00eb relacione t\u00eb mb\u00ebshtetjes dhe njohjes q\u00eb i ka dh\u00ebn\u00eb SHBA, Franca, Italia, Britania e madhe dhe Gjermania, etj.<\/p>\n<p>Qeveria e Kosov\u00ebs nuk duhet t\u00eb ndihet rehat me k\u00ebto njohje sepse me k\u00ebto njohje nuk mund t\u00eb sigurohet as vend n\u00eb BE apo edhe n\u00eb OKB, megjith\u00ebse jan\u00eb njohje q\u00eb vlejn\u00eb, por edhe jo t\u00eb mjaftueshme.<\/p>\n<p>Ndofta vet\u00ebm at\u00ebher\u00eb kur Kosova t\u00eb jet\u00eb an\u00ebtare e plotfuqishme e BE-s\u00eb dhe e OKB-\u00ebs, p\u00ebr Serbin\u00eb do t\u00eb jet\u00eb e pavler\u00eb mosnjohja e shtetit t\u00eb Kosov\u00ebs dhe serbet e Kosov\u00ebs do t\u00eb p\u00ebrul\u00ebn turpsh\u00ebm para faktit se Kosova \u00ebsht\u00eb shtet i qeverisur nga shumica shqiptare.<\/p>\n<p>Qeveria duket u komoduar n\u00eb ket\u00eb strategji lodh\u00ebse, e cila p\u00ebrpos, premtimeve verore t\u00eb njohjeve, nuk ka sjell\u00eb dhe nuk ka shfryt\u00ebzuar sa duhet at\u00eb vendimin m\u00eb pozitiv\u00eb t\u00eb GJND-se.<\/p>\n<p><strong>REZOLUTA SERBE<\/strong><\/p>\n<p>Rezoluta serbe p\u00ebr ta d\u00ebnuar pavar\u00ebsin\u00eb e Kosov\u00ebs n\u00eb KS t\u00eb OKB-s\u00eb, \u00ebsht\u00eb orvatje tjet\u00ebr diplomatike q\u00eb Serbia synon t\u00eb arrij\u00eb duke mos i b\u00ebr\u00eb kompromise interesit t\u00eb saj nacional. Kjo rezolut\u00eb serbe, si\u00e7 duket \u00ebsht\u00eb tentativa e radh\u00ebs, qe Serbia nd\u00ebrmerr kund\u00ebr pavar\u00ebsis\u00eb s\u00eb Kosov\u00ebs. Sponsorimi i rezolut\u00ebs serbe duket si edhe k\u00ebt\u00eb radh\u00eb t\u00eb b\u00ebhet me ndihm\u00ebn direket t\u00eb Rusis\u00eb dhe Kin\u00ebs.<\/p>\n<p>Pra, Serbia do t\u00eb provoj\u00eb deri n\u00eb fund, mund\u00ebsit e saja p\u00ebr t\u00eb \u00e7montuar shtet\u00ebsin\u00eb e Kosov\u00ebs, a do t ia arrij kjo ka pak gjasa dhe shpresa.<\/p>\n<p>&#8230;<\/p>\n<p>Ministria e jashtme dhe Qeveria e Kosov\u00ebs, po ashtu kan\u00eb d\u00ebrguar nj\u00eb k\u00ebrkes\u00eb n\u00eb KS t\u00eb OKB-s\u00eb q\u00eb t\u00eb z\u00ebvend\u00ebsohet rezoluta 1244-er, e cila me realitetin e krijuar n\u00eb Kosov\u00eb prej sa vitesh nuk p\u00ebrkon m\u00eb. M\u00eb gjith\u00eb konstatimin ton\u00eb se realiteti i tanish\u00ebm nuk p\u00ebrkon m\u00eb me rezolut\u00ebn 1244-er, ministria jon\u00eb e jashtme e koordinuar me Qeverin\u00eb e Kosov\u00ebs kan\u00eb k\u00ebrkuar me \u00e7do kusht z\u00ebvend\u00ebsimin e saj me nj\u00eb rezolut\u00eb tjet\u00ebr, t\u00eb re, e cila m\u00eb shum\u00eb n\u00ebnkuptohet si nj\u00eb gradualitet dhe si nj\u00eb kompromis tjet\u00ebr politik, n\u00eb at\u00eb p\u00ebrmbyllje t\u00eb plot\u00eb q\u00eb duhet t\u00eb p\u00ebrmbaj\u00eb tashm\u00eb \u00e7\u00ebshtja e Kosov\u00ebs.<\/p>\n<p>Nj\u00eb gj\u00eb duhet kuptuar se p\u00ebrkrahja diplomatike qe ka Kosova nga faktori nd\u00ebrkomb\u00ebtar, nuk mund t\u00eb jet\u00eb konstante dhe gjat\u00eb e pranishme. Pra, duke b\u00ebr\u00eb koncesione n\u00eb \u00e7\u00ebshtjen e shtet\u00ebzimit t\u00eb Kosov\u00ebs, nuk i mbyll shtegu Serbis\u00eb. Ajo edhe me tej vazhdon t\u00eb gjej\u00eb?&#8230;- gj\u00ebra t\u00eb tjera penguese, e deri tek nj\u00eb konflikt i mundsh\u00ebm, i brendsh\u00ebm p\u00ebr ta d\u00ebmtuar shtet\u00ebzimin e Kosov\u00ebs n\u00eb favorin e shumic\u00ebs shqiptare.<\/p>\n<p>Qeveria e Kosov\u00ebs duhet t\u00eb k\u00ebrkoj nga KFOR-i, qe paq\u00ebsoi veriun e Kosov\u00ebs nga segmente luft\u00ebnxit\u00ebse dhe kriminele, m\u00eb q\u00ebllim qe t\u00eb evitohet konflikti i mundsh\u00ebm nd\u00ebretnik. Kjo k\u00ebrkes\u00eb, p\u00ebr paq\u00ebsimin e veriut t\u00eb Kosov\u00ebs nuk \u00ebsht\u00eb dhe gjithsesi nuk mund t\u00eb jet\u00eb nj\u00eb k\u00ebrkes\u00eb jo legjitime. Paq\u00ebsimi i veriut \u00ebsht\u00eb i domosdosh\u00ebm edhe p\u00ebr vet serbet sepse u hap perspektiv\u00eb m\u00eb t\u00eb mir\u00eb, se sa vet izolimi dhe mbetja n\u00ebn k\u00ebrc\u00ebnim permanent e kriminal duke p\u00ebrfill\u00eb mos bindje qytetar\u00ebsie.<\/p>\n<p><em>17.08.2010<\/em><\/p>\n","protected":false},"excerpt":{"rendered":"<p>Paq\u00ebsimi i veriut \u00ebsht\u00eb i domosdosh\u00ebm edhe p\u00ebr vet serbet sepse u hap perspektiv\u00eb m\u00eb t\u00eb mir\u00eb, se sa vet izolimi dhe mbetja n\u00ebn k\u00ebrc\u00ebnim permanent e kriminal duke p\u00ebrfill\u00eb mos bindje qytetar\u00ebsie. nga Bekim Rexhepi Duket se pas vendimit t\u00eb GJND-s\u00eb, Kosova pret njohje t\u00eb reja, t\u00eb cilat n\u00eb fakt nuk po ndodhin, ato [&hellip;]<\/p>\n","protected":false},"author":1,"featured_media":0,"comment_status":"open","ping_status":"closed","sticky":false,"template":"","format":"standard","meta":{"footnotes":""},"categories":[2],"tags":[],"class_list":{"0":"post-3779","1":"post","2":"type-post","3":"status-publish","4":"format-standard","6":"category-artikuj"},"yoast_head":"<!-- This site is optimized with the Yoast SEO plugin v27.4 - https:\/\/yoast.com\/product\/yoast-seo-wordpress\/ -->\n<title>PAQESIMI I VERIUT T\u00cb KOSOV\u00cbS - FjALA e LIR\u00cb - Arkivi<\/title>\n<meta name=\"robots\" content=\"index, follow, max-snippet:-1, max-image-preview:large, max-video-preview:-1\" \/>\n<link rel=\"canonical\" href=\"https:\/\/fjala.info\/2009-2015\/paqesimi-i-veriut-te-kosoves\/\" \/>\n<meta property=\"og:locale\" content=\"sq_AL\" \/>\n<meta property=\"og:type\" content=\"article\" \/>\n<meta property=\"og:title\" content=\"PAQESIMI I VERIUT T\u00cb KOSOV\u00cbS - FjALA e LIR\u00cb - Arkivi\" \/>\n<meta property=\"og:description\" content=\"Paq\u00ebsimi i veriut \u00ebsht\u00eb i domosdosh\u00ebm edhe p\u00ebr vet serbet sepse u hap perspektiv\u00eb m\u00eb t\u00eb mir\u00eb, se sa vet izolimi dhe mbetja n\u00ebn k\u00ebrc\u00ebnim permanent e kriminal duke p\u00ebrfill\u00eb mos bindje qytetar\u00ebsie. nga Bekim Rexhepi Duket se pas vendimit t\u00eb GJND-s\u00eb, Kosova pret njohje t\u00eb reja, t\u00eb cilat n\u00eb fakt nuk po ndodhin, ato [&hellip;]\" \/>\n<meta property=\"og:url\" content=\"https:\/\/fjala.info\/2009-2015\/paqesimi-i-veriut-te-kosoves\/\" \/>\n<meta property=\"og:site_name\" content=\"FjALA e LIR\u00cb - Arkivi\" \/>\n<meta property=\"article:published_time\" content=\"2010-08-18T06:31:23+00:00\" \/>\n<meta property=\"og:image\" content=\"http:\/\/www.shkoder.net\/images\/fjala\/bekim_rexhepi.jpg\" \/>\n<meta name=\"author\" content=\"admin\" \/>\n<meta name=\"twitter:card\" content=\"summary_large_image\" \/>\n<meta name=\"twitter:label1\" content=\"Written by\" \/>\n\t<meta name=\"twitter:data1\" content=\"admin\" \/>\n\t<meta name=\"twitter:label2\" content=\"Est. reading time\" \/>\n\t<meta name=\"twitter:data2\" content=\"4 minutes\" \/>\n<script type=\"application\/ld+json\" class=\"yoast-schema-graph\">{\"@context\":\"https:\\\/\\\/schema.org\",\"@graph\":[{\"@type\":\"Article\",\"@id\":\"https:\\\/\\\/fjala.info\\\/2009-2015\\\/paqesimi-i-veriut-te-kosoves\\\/#article\",\"isPartOf\":{\"@id\":\"https:\\\/\\\/fjala.info\\\/2009-2015\\\/paqesimi-i-veriut-te-kosoves\\\/\"},\"author\":{\"name\":\"admin\",\"@id\":\"https:\\\/\\\/fjala.info\\\/2009-2015\\\/#\\\/schema\\\/person\\\/3aa1163ef05469c496fc94e77611ada2\"},\"headline\":\"PAQESIMI I VERIUT T\u00cb KOSOV\u00cbS\",\"datePublished\":\"2010-08-18T06:31:23+00:00\",\"mainEntityOfPage\":{\"@id\":\"https:\\\/\\\/fjala.info\\\/2009-2015\\\/paqesimi-i-veriut-te-kosoves\\\/\"},\"wordCount\":858,\"commentCount\":0,\"publisher\":{\"@id\":\"https:\\\/\\\/fjala.info\\\/2009-2015\\\/#organization\"},\"image\":{\"@id\":\"https:\\\/\\\/fjala.info\\\/2009-2015\\\/paqesimi-i-veriut-te-kosoves\\\/#primaryimage\"},\"thumbnailUrl\":\"http:\\\/\\\/www.shkoder.net\\\/images\\\/fjala\\\/bekim_rexhepi.jpg\",\"articleSection\":[\"Artikuj\"],\"inLanguage\":\"sq-AL\",\"potentialAction\":[{\"@type\":\"CommentAction\",\"name\":\"Comment\",\"target\":[\"https:\\\/\\\/fjala.info\\\/2009-2015\\\/paqesimi-i-veriut-te-kosoves\\\/#respond\"]}]},{\"@type\":\"WebPage\",\"@id\":\"https:\\\/\\\/fjala.info\\\/2009-2015\\\/paqesimi-i-veriut-te-kosoves\\\/\",\"url\":\"https:\\\/\\\/fjala.info\\\/2009-2015\\\/paqesimi-i-veriut-te-kosoves\\\/\",\"name\":\"PAQESIMI I VERIUT T\u00cb KOSOV\u00cbS - FjALA e LIR\u00cb - Arkivi\",\"isPartOf\":{\"@id\":\"https:\\\/\\\/fjala.info\\\/2009-2015\\\/#website\"},\"primaryImageOfPage\":{\"@id\":\"https:\\\/\\\/fjala.info\\\/2009-2015\\\/paqesimi-i-veriut-te-kosoves\\\/#primaryimage\"},\"image\":{\"@id\":\"https:\\\/\\\/fjala.info\\\/2009-2015\\\/paqesimi-i-veriut-te-kosoves\\\/#primaryimage\"},\"thumbnailUrl\":\"http:\\\/\\\/www.shkoder.net\\\/images\\\/fjala\\\/bekim_rexhepi.jpg\",\"datePublished\":\"2010-08-18T06:31:23+00:00\",\"breadcrumb\":{\"@id\":\"https:\\\/\\\/fjala.info\\\/2009-2015\\\/paqesimi-i-veriut-te-kosoves\\\/#breadcrumb\"},\"inLanguage\":\"sq-AL\",\"potentialAction\":[{\"@type\":\"ReadAction\",\"target\":[\"https:\\\/\\\/fjala.info\\\/2009-2015\\\/paqesimi-i-veriut-te-kosoves\\\/\"]}]},{\"@type\":\"ImageObject\",\"inLanguage\":\"sq-AL\",\"@id\":\"https:\\\/\\\/fjala.info\\\/2009-2015\\\/paqesimi-i-veriut-te-kosoves\\\/#primaryimage\",\"url\":\"http:\\\/\\\/www.shkoder.net\\\/images\\\/fjala\\\/bekim_rexhepi.jpg\",\"contentUrl\":\"http:\\\/\\\/www.shkoder.net\\\/images\\\/fjala\\\/bekim_rexhepi.jpg\"},{\"@type\":\"BreadcrumbList\",\"@id\":\"https:\\\/\\\/fjala.info\\\/2009-2015\\\/paqesimi-i-veriut-te-kosoves\\\/#breadcrumb\",\"itemListElement\":[{\"@type\":\"ListItem\",\"position\":1,\"name\":\"Home\",\"item\":\"https:\\\/\\\/fjala.info\\\/2009-2015\\\/\"},{\"@type\":\"ListItem\",\"position\":2,\"name\":\"PAQESIMI I VERIUT T\u00cb KOSOV\u00cbS\"}]},{\"@type\":\"WebSite\",\"@id\":\"https:\\\/\\\/fjala.info\\\/2009-2015\\\/#website\",\"url\":\"https:\\\/\\\/fjala.info\\\/2009-2015\\\/\",\"name\":\"FjALA e LIR\u00cb - Arkivi\",\"description\":\"Arkivi 2009-2015\",\"publisher\":{\"@id\":\"https:\\\/\\\/fjala.info\\\/2009-2015\\\/#organization\"},\"potentialAction\":[{\"@type\":\"SearchAction\",\"target\":{\"@type\":\"EntryPoint\",\"urlTemplate\":\"https:\\\/\\\/fjala.info\\\/2009-2015\\\/?s={search_term_string}\"},\"query-input\":{\"@type\":\"PropertyValueSpecification\",\"valueRequired\":true,\"valueName\":\"search_term_string\"}}],\"inLanguage\":\"sq-AL\"},{\"@type\":\"Organization\",\"@id\":\"https:\\\/\\\/fjala.info\\\/2009-2015\\\/#organization\",\"name\":\"FjALA e LIR\u00cb - Arkivi\",\"url\":\"https:\\\/\\\/fjala.info\\\/2009-2015\\\/\",\"logo\":{\"@type\":\"ImageObject\",\"inLanguage\":\"sq-AL\",\"@id\":\"https:\\\/\\\/fjala.info\\\/2009-2015\\\/#\\\/schema\\\/logo\\\/image\\\/\",\"url\":\"\",\"contentUrl\":\"\",\"caption\":\"FjALA e LIR\u00cb - Arkivi\"},\"image\":{\"@id\":\"https:\\\/\\\/fjala.info\\\/2009-2015\\\/#\\\/schema\\\/logo\\\/image\\\/\"}},{\"@type\":\"Person\",\"@id\":\"https:\\\/\\\/fjala.info\\\/2009-2015\\\/#\\\/schema\\\/person\\\/3aa1163ef05469c496fc94e77611ada2\",\"name\":\"admin\",\"image\":{\"@type\":\"ImageObject\",\"inLanguage\":\"sq-AL\",\"@id\":\"https:\\\/\\\/fjala.info\\\/2009-2015\\\/wp-content\\\/uploads\\\/2012\\\/02\\\/arben_cokaj-120x150.jpg\",\"url\":\"https:\\\/\\\/fjala.info\\\/2009-2015\\\/wp-content\\\/uploads\\\/2012\\\/02\\\/arben_cokaj-120x150.jpg\",\"contentUrl\":\"https:\\\/\\\/fjala.info\\\/2009-2015\\\/wp-content\\\/uploads\\\/2012\\\/02\\\/arben_cokaj-120x150.jpg\",\"caption\":\"admin\"},\"description\":\"Admin, Fjala e Lir\u00eb\",\"sameAs\":[\"https:\\\/\\\/fjala.info\\\/\"],\"url\":\"https:\\\/\\\/fjala.info\\\/2009-2015\\\/author\\\/admin\\\/\"}]}<\/script>\n<!-- \/ Yoast SEO plugin. -->","yoast_head_json":{"title":"PAQESIMI I VERIUT T\u00cb KOSOV\u00cbS - FjALA e LIR\u00cb - Arkivi","robots":{"index":"index","follow":"follow","max-snippet":"max-snippet:-1","max-image-preview":"max-image-preview:large","max-video-preview":"max-video-preview:-1"},"canonical":"https:\/\/fjala.info\/2009-2015\/paqesimi-i-veriut-te-kosoves\/","og_locale":"sq_AL","og_type":"article","og_title":"PAQESIMI I VERIUT T\u00cb KOSOV\u00cbS - FjALA e LIR\u00cb - Arkivi","og_description":"Paq\u00ebsimi i veriut \u00ebsht\u00eb i domosdosh\u00ebm edhe p\u00ebr vet serbet sepse u hap perspektiv\u00eb m\u00eb t\u00eb mir\u00eb, se sa vet izolimi dhe mbetja n\u00ebn k\u00ebrc\u00ebnim permanent e kriminal duke p\u00ebrfill\u00eb mos bindje qytetar\u00ebsie. nga Bekim Rexhepi Duket se pas vendimit t\u00eb GJND-s\u00eb, Kosova pret njohje t\u00eb reja, t\u00eb cilat n\u00eb fakt nuk po ndodhin, ato [&hellip;]","og_url":"https:\/\/fjala.info\/2009-2015\/paqesimi-i-veriut-te-kosoves\/","og_site_name":"FjALA e LIR\u00cb - Arkivi","article_published_time":"2010-08-18T06:31:23+00:00","og_image":[{"url":"http:\/\/www.shkoder.net\/images\/fjala\/bekim_rexhepi.jpg","type":"","width":"","height":""}],"author":"admin","twitter_card":"summary_large_image","twitter_misc":{"Written by":"admin","Est. reading time":"4 minutes"},"schema":{"@context":"https:\/\/schema.org","@graph":[{"@type":"Article","@id":"https:\/\/fjala.info\/2009-2015\/paqesimi-i-veriut-te-kosoves\/#article","isPartOf":{"@id":"https:\/\/fjala.info\/2009-2015\/paqesimi-i-veriut-te-kosoves\/"},"author":{"name":"admin","@id":"https:\/\/fjala.info\/2009-2015\/#\/schema\/person\/3aa1163ef05469c496fc94e77611ada2"},"headline":"PAQESIMI I VERIUT T\u00cb KOSOV\u00cbS","datePublished":"2010-08-18T06:31:23+00:00","mainEntityOfPage":{"@id":"https:\/\/fjala.info\/2009-2015\/paqesimi-i-veriut-te-kosoves\/"},"wordCount":858,"commentCount":0,"publisher":{"@id":"https:\/\/fjala.info\/2009-2015\/#organization"},"image":{"@id":"https:\/\/fjala.info\/2009-2015\/paqesimi-i-veriut-te-kosoves\/#primaryimage"},"thumbnailUrl":"http:\/\/www.shkoder.net\/images\/fjala\/bekim_rexhepi.jpg","articleSection":["Artikuj"],"inLanguage":"sq-AL","potentialAction":[{"@type":"CommentAction","name":"Comment","target":["https:\/\/fjala.info\/2009-2015\/paqesimi-i-veriut-te-kosoves\/#respond"]}]},{"@type":"WebPage","@id":"https:\/\/fjala.info\/2009-2015\/paqesimi-i-veriut-te-kosoves\/","url":"https:\/\/fjala.info\/2009-2015\/paqesimi-i-veriut-te-kosoves\/","name":"PAQESIMI I VERIUT T\u00cb KOSOV\u00cbS - FjALA e LIR\u00cb - Arkivi","isPartOf":{"@id":"https:\/\/fjala.info\/2009-2015\/#website"},"primaryImageOfPage":{"@id":"https:\/\/fjala.info\/2009-2015\/paqesimi-i-veriut-te-kosoves\/#primaryimage"},"image":{"@id":"https:\/\/fjala.info\/2009-2015\/paqesimi-i-veriut-te-kosoves\/#primaryimage"},"thumbnailUrl":"http:\/\/www.shkoder.net\/images\/fjala\/bekim_rexhepi.jpg","datePublished":"2010-08-18T06:31:23+00:00","breadcrumb":{"@id":"https:\/\/fjala.info\/2009-2015\/paqesimi-i-veriut-te-kosoves\/#breadcrumb"},"inLanguage":"sq-AL","potentialAction":[{"@type":"ReadAction","target":["https:\/\/fjala.info\/2009-2015\/paqesimi-i-veriut-te-kosoves\/"]}]},{"@type":"ImageObject","inLanguage":"sq-AL","@id":"https:\/\/fjala.info\/2009-2015\/paqesimi-i-veriut-te-kosoves\/#primaryimage","url":"http:\/\/www.shkoder.net\/images\/fjala\/bekim_rexhepi.jpg","contentUrl":"http:\/\/www.shkoder.net\/images\/fjala\/bekim_rexhepi.jpg"},{"@type":"BreadcrumbList","@id":"https:\/\/fjala.info\/2009-2015\/paqesimi-i-veriut-te-kosoves\/#breadcrumb","itemListElement":[{"@type":"ListItem","position":1,"name":"Home","item":"https:\/\/fjala.info\/2009-2015\/"},{"@type":"ListItem","position":2,"name":"PAQESIMI I VERIUT T\u00cb KOSOV\u00cbS"}]},{"@type":"WebSite","@id":"https:\/\/fjala.info\/2009-2015\/#website","url":"https:\/\/fjala.info\/2009-2015\/","name":"FjALA e LIR\u00cb - Arkivi","description":"Arkivi 2009-2015","publisher":{"@id":"https:\/\/fjala.info\/2009-2015\/#organization"},"potentialAction":[{"@type":"SearchAction","target":{"@type":"EntryPoint","urlTemplate":"https:\/\/fjala.info\/2009-2015\/?s={search_term_string}"},"query-input":{"@type":"PropertyValueSpecification","valueRequired":true,"valueName":"search_term_string"}}],"inLanguage":"sq-AL"},{"@type":"Organization","@id":"https:\/\/fjala.info\/2009-2015\/#organization","name":"FjALA e LIR\u00cb - Arkivi","url":"https:\/\/fjala.info\/2009-2015\/","logo":{"@type":"ImageObject","inLanguage":"sq-AL","@id":"https:\/\/fjala.info\/2009-2015\/#\/schema\/logo\/image\/","url":"","contentUrl":"","caption":"FjALA e LIR\u00cb - Arkivi"},"image":{"@id":"https:\/\/fjala.info\/2009-2015\/#\/schema\/logo\/image\/"}},{"@type":"Person","@id":"https:\/\/fjala.info\/2009-2015\/#\/schema\/person\/3aa1163ef05469c496fc94e77611ada2","name":"admin","image":{"@type":"ImageObject","inLanguage":"sq-AL","@id":"https:\/\/fjala.info\/2009-2015\/wp-content\/uploads\/2012\/02\/arben_cokaj-120x150.jpg","url":"https:\/\/fjala.info\/2009-2015\/wp-content\/uploads\/2012\/02\/arben_cokaj-120x150.jpg","contentUrl":"https:\/\/fjala.info\/2009-2015\/wp-content\/uploads\/2012\/02\/arben_cokaj-120x150.jpg","caption":"admin"},"description":"Admin, Fjala e Lir\u00eb","sameAs":["https:\/\/fjala.info\/"],"url":"https:\/\/fjala.info\/2009-2015\/author\/admin\/"}]}},"_links":{"self":[{"href":"https:\/\/fjala.info\/2009-2015\/wp-json\/wp\/v2\/posts\/3779","targetHints":{"allow":["GET"]}}],"collection":[{"href":"https:\/\/fjala.info\/2009-2015\/wp-json\/wp\/v2\/posts"}],"about":[{"href":"https:\/\/fjala.info\/2009-2015\/wp-json\/wp\/v2\/types\/post"}],"author":[{"embeddable":true,"href":"https:\/\/fjala.info\/2009-2015\/wp-json\/wp\/v2\/users\/1"}],"replies":[{"embeddable":true,"href":"https:\/\/fjala.info\/2009-2015\/wp-json\/wp\/v2\/comments?post=3779"}],"version-history":[{"count":0,"href":"https:\/\/fjala.info\/2009-2015\/wp-json\/wp\/v2\/posts\/3779\/revisions"}],"wp:attachment":[{"href":"https:\/\/fjala.info\/2009-2015\/wp-json\/wp\/v2\/media?parent=3779"}],"wp:term":[{"taxonomy":"category","embeddable":true,"href":"https:\/\/fjala.info\/2009-2015\/wp-json\/wp\/v2\/categories?post=3779"},{"taxonomy":"post_tag","embeddable":true,"href":"https:\/\/fjala.info\/2009-2015\/wp-json\/wp\/v2\/tags?post=3779"}],"curies":[{"name":"wp","href":"https:\/\/api.w.org\/{rel}","templated":true}]}}