{"id":3772,"date":"2010-08-18T21:52:40","date_gmt":"2010-08-18T20:52:40","guid":{"rendered":"http:\/\/fjala.shkoder.net\/?p=3772"},"modified":"2010-08-18T21:52:40","modified_gmt":"2010-08-18T20:52:40","slug":"gjaku-shqiptar-i-himares","status":"publish","type":"post","link":"https:\/\/fjala.info\/2009-2015\/gjaku-shqiptar-i-himares\/","title":{"rendered":"Gjaku shqiptar i Himar\u00ebs"},"content":{"rendered":"<p><strong>Petro Marko<\/strong>, <em>18.08.2010<\/em><\/p>\n<p>Pra \u00e7&#8217;jemi ne? Shqiptar\u00eb! Po pse e humb\u00ebm gjuh\u00ebn? Un\u00eb do t\u00eb them ato q\u00eb di: Pse n\u00ebnat plaka, gjysh\u00ebt dhe gjyshet din\u00eb m\u00eb mir\u00eb shqipen se greqishten? Pse qajm\u00eb e k\u00ebndojm\u00eb n\u00eb shqip? Pse fjal\u00ebt e urta i themi n\u00eb shqip?<\/p>\n<p>Si\u00e7 duket q\u00eb nga viti 1820 e k\u00ebtej, greqizimi u b\u00eb me q\u00ebllim politik nga vet\u00eb Greqia, q\u00eb fitoi lirin\u00eb me gjakun e shqiptar\u00ebve, qoft\u00eb n\u00eb Mesolongji, qoft\u00eb n\u00eb revolucionin grek. Suli dhe Himara ishin shqiptar\u00eb, po dy krahina autonome q\u00eb nuk njihnin as Greqin\u00eb, as Shqip\u00ebrin\u00eb, s\u00eb cil\u00ebs i kishte humbur edhe emri. Suli dhe Himara ishin kurdoher\u00eb n\u00eb luft\u00eb me turkun.<\/p>\n<p>Erdhi koha q\u00eb Himara u nda: Himara bregdetare mbeti e lir\u00eb dhe e krishter\u00eb, kurse Himara e brendshme, Lab\u00ebria, Kurveleshi, Lumi i Vlor\u00ebs e Dukati u myslimanizuan dhe u ndan\u00eb. Megjith\u00ebse u ndan\u00eb n\u00eb dy fe nuk e humb\u00ebn kurr\u00eb lidhjet e gjakut dhe t\u00eb fisit. \u00c7do fshatar kishte t\u00eb tijt\u00eb n\u00eb nj\u00eb fshat t\u00eb myslimanizuar q\u00eb n\u00eb koh\u00ebn e Ali Pash\u00eb Tepelen\u00ebs.<\/p>\n<p>Kur b\u00ebheshin operacione nd\u00ebshkimore nga turqit, bregasit nuk shkonin p\u00ebrtej maleve, n\u00eb Mesaplik e n\u00eb Kurvelesh, p\u00ebr t&#8217;u mbrojtur, si\u00e7 b\u00ebnin gjer n\u00eb at\u00eb koh\u00eb, por iknin me varka p\u00ebr n\u00eb Korfuz ose p\u00ebr n\u00eb Gjirit, n\u00ebn mbrojtjen e venecian\u00ebve.<\/p>\n<p>Aty shkonin pleq e plaka dhe f\u00ebmij\u00ebt. Burrat luftonin. Aty rrinin shum\u00eb vjet, gjersa mbaronin operacionet nd\u00ebshkimore. Thon\u00eb se banor\u00ebt e Dh\u00ebrmiut shkonin n\u00eb ishullin grek, kurse ata t\u00eb Himar\u00ebs n\u00eb Gjirit.<\/p>\n<p>Prandaj dhe, kur flasin greqisht, dh\u00ebrmijasit flasin si korfjan\u00ebt, kurse himarjot\u00ebt, si gjiritlinjt\u00eb. Pastaj shkollat ishin greke. Mesha k\u00ebndohej greqisht. tregtin\u00eb e b\u00ebnin me Korfuzin, Janin\u00ebn. Pak nga pak u shk\u00ebputen lidhjet me Lab\u00ebrin\u00eb, me Dukatin.<\/p>\n<p>Greqia, q\u00eb u \u00e7lirua e para, thoshte se kudo ku jan\u00eb ortodoks\u00eb, jan\u00eb grek\u00eb; mysliman\u00ebt jan\u00eb turq. Nisi antagonizmi turq e kaur\u00eb! Propaganda b\u00ebnte pun\u00ebn e saj. Kjo u thellua n\u00eb koh\u00ebn e Ali pash\u00eb Tepelen\u00ebs, i cili d\u00ebrgoi nj\u00eb delegacion n\u00eb Himar\u00eb, q\u00eb dhe Himara t\u00eb myslimanizohej.<\/p>\n<p>Paria e Himar\u00ebs delegacionin e priti n\u00eb Qeparo, se kishte m\u00eb shum\u00eb kapedan\u00eb. Delegat\u00ebt e Ali pash\u00eb Tepelen\u00ebs u than\u00eb mendimin dhe q\u00ebllimin e vizit\u00ebs. M\u00eb plaku i kuvendit himarjot u tha delegat\u00ebve:<\/p>\n<p>&#8211; E fal\u00ebnderojm\u00eb pashan\u00eb, q\u00eb mendon p\u00ebr t\u00eb mir\u00ebn ton\u00eb. Po i thoni pashait se k\u00ebtu posht\u00eb, n\u00eb fshat, kemi nj\u00eb fush\u00eb q\u00eb s&#8217;ka uj\u00eb. Thahet n\u00eb ver\u00eb dhe nuk na jep asgj\u00eb. I jemi lutur Krishtit dhe Sh\u00ebn M\u00ebris\u00eb, Sh\u00ebn Kozmait dhe Sh\u00ebn Spiridhonit, po s&#8217;na dhan\u00eb uj\u00eb. N\u00eb na dh\u00ebnt\u00eb Muhamedi uj\u00eb, menj\u00ebher\u00eb b\u00ebhemi mysliman\u00eb. K\u00ebshtu i thoni pashait. Kur vajt\u00ebn e ia than\u00eb pashait p\u00ebrgjigjen e bregasve, ai qeshi me zem\u00ebrim dhe tha:<\/p>\n<p>&#8211; Eh kaur\u00ebt e dreqit, do t\u00eb ma paguajn\u00eb!<\/p>\n<p>-Pastaj, duke qeshur : &#8211; Pizeveng\u00ebt, jan\u00eb t\u00eb zgjuar, s&#8217;ke \u00e7&#8217;thua, jan\u00eb rrufjan\u00eb t\u00eb m\u00ebdhenj!<br \/>\nPak nga pak propaganda greke b\u00ebhej m\u00eb e madhe, duke pretenduar se Himara ishte krahina heroike e Greqis\u00eb. Shum\u00eb kapedan\u00eb, sidomos paria, kishin privilegje.<\/p>\n<p>Dhe parat\u00eb e mir\u00ebb\u00ebr\u00ebsve himarjot\u00eb, q\u00eb i kishin l\u00ebn\u00eb n\u00eb bankat greke p\u00ebr shkollat e Himar\u00ebs, ishin nj\u00eb shkak shum\u00eb serioz p\u00ebr propagand\u00ebn greke.<\/p>\n<p>Gjik\u00eb Bixhili nga Dh\u00ebrmiu kishte fituar shum\u00eb para n\u00eb Rusi, ku e kishte marr\u00eb Pano Bixhili, p\u00ebrfaq\u00ebsues i himarjot\u00ebve pran\u00eb Carit, n\u00eb Pet\u00ebrsburg. M\u00ebsuesit dhe shpenzimet p\u00ebr shkoll\u00ebn merreshin nga fondi i Gjik\u00eb Bixhilit. Gjik\u00eb Bixhili nd\u00ebrtoi dhe nj\u00eb shkoll\u00eb, q\u00eb \u00ebsht\u00eb sot e k\u00ebsaj dite. Ne kur ishim t\u00eb vegj\u00ebl, n\u00eb shkoll\u00ebn e fshatit shihnim portretin e tij, t\u00eb varur n\u00eb klas\u00eb.<\/p>\n<p>Si\u00e7 i la Gjik\u00eb Bixhili parat\u00eb n\u00eb bank\u00ebn greke, ashtu i lan\u00eb dhe shum\u00eb mir\u00ebb\u00ebr\u00ebs t\u00eb tjer\u00eb nga Jugu, si Zhapa me shok\u00eb. Ishin miliona, t\u00eb cilat u b\u00ebn\u00eb burim p\u00ebr t\u00eb ushqyer propagand\u00ebn greke n\u00eb vendin ton\u00eb, sa u krijua miti i Vorio Epirit dhe sillogu vorioepiriot, q\u00eb merrej me \u00e7lirimin e Vorio Epirit, dometh\u00ebn\u00eb t\u00eb Shqip\u00ebris\u00eb s\u00eb Jugut. Parat\u00eb u vun\u00eb n\u00eb dispozicion t\u00eb paris\u00eb, e cila merrte nj\u00eb mij\u00eb dhe shpenzonte nj\u00eb&#8230;<\/p>\n<p>Paria merrte para nga banka greke, e cila qe e autorizuar nga qeverit\u00eb reaksionare nacionaliste t\u00eb Megali Idhes\u00eb ( Megali Idheja: q\u00eb Greqia t\u00eb behej e madhe duke p\u00ebrfshir\u00eb n\u00eb kufijt\u00eb e saj jugun e Shqip\u00ebris\u00eb dhe vendet ballkanike ku jan\u00eb ortodoks\u00eb).<\/p>\n<p>Himarjot\u00ebt q\u00eb emigronin n\u00eb Greqi, kishin privilegje: p\u00ebrkraheshin si bij t\u00eb nj\u00eb &#8220;krahine heroike greke&#8221; me histori trim\u00ebrie e burr\u00ebrie.<\/p>\n<p>Fatkeq\u00ebsia ishte se Shqip\u00ebria u \u00e7lirua e fundit n\u00eb Ballkan. Himara kishte ushqyer shpirtin e aneksartis\u00eb, autonomis\u00eb, si Suli, i cili pak nga pak u greqizua. Dhe, pasi u \u00e7lirua Shqip\u00ebria, me kufijt\u00eb t\u00eb cunguar shum\u00eb, propaganda greke e ushqeu shum\u00eb iden\u00eb e autonomis\u00eb s\u00eb Himar\u00ebs: as shqiptar\u00eb, as greke! Kishte hedhur rr\u00ebnj\u00eb t\u00eb thell\u00eb kjo propagand\u00eb n\u00eb shpirtin e himarjot\u00ebve, t\u00eb cil\u00ebt syt\u00eb i mbanin nga Greqia.<\/p>\n<p>Krer\u00ebt himarjot\u00eb, si Spiro Miloja, nj\u00eb luft\u00ebtar q\u00eb e ndihmoi shum\u00eb Greqin\u00eb, ishte n\u00eb krye t\u00eb k\u00ebsaj propagande, me gjith\u00eb farefisin dhe sojin e tij t\u00eb p\u00ebrndar\u00eb n\u00eb Dh\u00ebrmi, Vuno e gjetk\u00eb.<\/p>\n<p>Spiro Miloja ishte nga Progonati. N\u00eb fshatin ton\u00eb ai kishte farefis Lluk\u00eb Zh. e t\u00eb tjer\u00eb, q\u00eb propagandonin ndarjen e Himar\u00ebs nga Shqip\u00ebria. Si baz\u00eb kryesore t\u00eb propagand\u00ebs p\u00ebrdornin dhe k\u00ebt\u00eb: Pse Lab\u00ebria u b\u00eb turke?<\/p>\n<p>E pse te mos b\u00ebhemi edhe ne me Greqin\u00eb, q\u00eb \u00ebsht\u00eb armike e betuar e Turqis\u00eb, si\u00e7 jemi dhe ne armiq t\u00eb betuar t\u00eb turkut. Shum\u00eb fanatik\u00eb ishin fshatar\u00ebt e mi! Nj\u00ebzet e gjasht\u00eb kisha kishte. Mbaj mend un\u00eb se kishte tet\u00eb prift\u00ebrinj.<\/p>\n<p>Lidhjet ekonomike, privilegjet n\u00eb Greqi, interesimi i Greqis\u00eb p\u00ebr himarjot\u00ebt, sillogu vorioepiriot ndikuan shum\u00eb p\u00ebr t&#8217;i b\u00ebr\u00eb himarjot\u00ebt t&#8217;i kthenin syt\u00eb nga Greqia dhe t\u00eb \u00ebnd\u00ebrronin p\u00ebr nj\u00eb autonomi. Pastaj, edhe n\u00eb koh\u00ebn e pavar\u00ebsis\u00eb himarjot\u00ebt pan\u00eb se asnj\u00eb qeveri e Tiran\u00ebs nuk u kujdesua asnj\u00ebher\u00eb p\u00ebr ta. Nuk shkonin as xhandar\u00eb dhe nuk merreshin n\u00eb asnj\u00eb pun\u00eb.<\/p>\n<p>Ata p\u00eblqyen t\u00eb m\u00ebrgonin: her\u00ebn e par\u00eb n\u00eb Llavrion, ku kishte miniera; n\u00eb Korint, p\u00ebr t\u00eb hapur kanalin; n\u00eb Vllahi, n\u00eb Rusi, pastaj n\u00eb Amerik\u00eb, n\u00eb Franc\u00eb, n\u00eb Meksik\u00eb, n\u00eb Argjentin\u00eb, n\u00eb Australi, Kanada e gjetk\u00eb. K\u00ebshtu ne dinim m\u00eb mir\u00eb ku binte Buenos Airesi sesa Kuk\u00ebsi, q\u00eb nuk ia kishim d\u00ebgjuar kurr\u00eb emrin. Dinim ku binte Australia dhe jo Kosova, q\u00eb nuk ja kishim d\u00ebgjuar kurr\u00eb emrin. Dinim ku binte Athina dhe Korfuzi ose Tirana e Shkodra. Ishim pa asnj\u00eb lidhje me atdheun ton\u00eb.<\/p>\n<p>Disa p\u00ebr\u00e7ar\u00ebs, vet\u00eb regjimi i Zogut, sidomos Musa Juka, na p\u00ebr\u00e7au. U ndam\u00eb n\u00eb fshat n\u00eb dy parti: pend\u00ebkuqet q\u00eb desh\u00ebn Shqip\u00ebrin\u00eb dhe shkollat shqipe; dhe pend\u00ebbardh\u00ebt, q\u00eb desh\u00ebn Greqin\u00eb e shkollat greke n\u00eb fshat. K\u00ebt\u00eb p\u00ebr\u00e7arje e ushqeu shum\u00eb Musa Juka, duke na armiq\u00ebsuar v\u00eblla me v\u00eblla.<\/p>\n<p>Familja jon\u00eb b\u00ebnte pjes\u00eb n\u00eb partin\u00eb e pend\u00ebkuqeve dhe mbanim n\u00eb ballkon kurdoher\u00eb flamurin e Shqip\u00ebris\u00eb. Kapedan\u00ebt e Spiro Milos na kishin ardhur disa her\u00eb n\u00eb sht\u00ebpi, duke na th\u00ebn\u00eb se Andrea Desh\u00ebn q\u00eb ne t\u00eb linim sht\u00ebpin\u00eb e t\u00eb shkonim n\u00eb Korfuz, ku do t\u00eb na mbante me shkolla e me pensione Athina.<\/p>\n<p>Qoft\u00eb im v\u00eblla, Fotoja, qoft\u00eb kush\u00ebriri im Jani, i sikterisnin duke u th\u00ebn\u00eb: &#8220;Andrea Markoja u vra p\u00ebr Himar\u00ebn dhe Marko Jani vdiq i veremosur nga internimet dhe vuajtjet e shumta p\u00ebr Himar\u00ebn dhe jo p\u00ebr Greqin\u00eb. Himara sot \u00ebsht\u00eb dhe mbetet shqiptare. Prandaj mbajm\u00eb dhe flamurin dit\u00eb e nat\u00eb n\u00eb ballkon. Ne e dim\u00eb gjakun ton\u00eb se nga buron&#8221;.<\/p>\n<p><em>Pjes\u00eb e shk\u00ebputur nga libri i &#8220;Intervist\u00eb me vetveten&#8221;<\/em><\/p>\n","protected":false},"excerpt":{"rendered":"<p>Petro Marko, 18.08.2010 Pra \u00e7&#8217;jemi ne? Shqiptar\u00eb! Po pse e humb\u00ebm gjuh\u00ebn? Un\u00eb do t\u00eb them ato q\u00eb di: Pse n\u00ebnat plaka, gjysh\u00ebt dhe gjyshet din\u00eb m\u00eb mir\u00eb shqipen se greqishten? Pse qajm\u00eb e k\u00ebndojm\u00eb n\u00eb shqip? Pse fjal\u00ebt e urta i themi n\u00eb shqip? Si\u00e7 duket q\u00eb nga viti 1820 e k\u00ebtej, greqizimi u [&hellip;]<\/p>\n","protected":false},"author":1,"featured_media":0,"comment_status":"open","ping_status":"closed","sticky":false,"template":"","format":"standard","meta":{"footnotes":""},"categories":[2],"tags":[],"class_list":{"0":"post-3772","1":"post","2":"type-post","3":"status-publish","4":"format-standard","6":"category-artikuj"},"yoast_head":"<!-- This site is optimized with the Yoast SEO plugin v27.4 - https:\/\/yoast.com\/product\/yoast-seo-wordpress\/ -->\n<title>Gjaku shqiptar i Himar\u00ebs - FjALA e LIR\u00cb - Arkivi<\/title>\n<meta name=\"robots\" content=\"index, follow, max-snippet:-1, max-image-preview:large, max-video-preview:-1\" \/>\n<link rel=\"canonical\" href=\"https:\/\/fjala.info\/2009-2015\/gjaku-shqiptar-i-himares\/\" \/>\n<meta property=\"og:locale\" content=\"sq_AL\" \/>\n<meta property=\"og:type\" content=\"article\" \/>\n<meta property=\"og:title\" content=\"Gjaku shqiptar i Himar\u00ebs - FjALA e LIR\u00cb - Arkivi\" \/>\n<meta property=\"og:description\" content=\"Petro Marko, 18.08.2010 Pra \u00e7&#8217;jemi ne? Shqiptar\u00eb! Po pse e humb\u00ebm gjuh\u00ebn? Un\u00eb do t\u00eb them ato q\u00eb di: Pse n\u00ebnat plaka, gjysh\u00ebt dhe gjyshet din\u00eb m\u00eb mir\u00eb shqipen se greqishten? Pse qajm\u00eb e k\u00ebndojm\u00eb n\u00eb shqip? Pse fjal\u00ebt e urta i themi n\u00eb shqip? Si\u00e7 duket q\u00eb nga viti 1820 e k\u00ebtej, greqizimi u [&hellip;]\" \/>\n<meta property=\"og:url\" content=\"https:\/\/fjala.info\/2009-2015\/gjaku-shqiptar-i-himares\/\" \/>\n<meta property=\"og:site_name\" content=\"FjALA e LIR\u00cb - Arkivi\" \/>\n<meta property=\"article:published_time\" content=\"2010-08-18T20:52:40+00:00\" \/>\n<meta name=\"author\" content=\"admin\" \/>\n<meta name=\"twitter:card\" content=\"summary_large_image\" \/>\n<meta name=\"twitter:label1\" content=\"Written by\" \/>\n\t<meta name=\"twitter:data1\" content=\"admin\" \/>\n\t<meta name=\"twitter:label2\" content=\"Est. reading time\" \/>\n\t<meta name=\"twitter:data2\" content=\"7 minutes\" \/>\n<script type=\"application\/ld+json\" class=\"yoast-schema-graph\">{\"@context\":\"https:\\\/\\\/schema.org\",\"@graph\":[{\"@type\":\"Article\",\"@id\":\"https:\\\/\\\/fjala.info\\\/2009-2015\\\/gjaku-shqiptar-i-himares\\\/#article\",\"isPartOf\":{\"@id\":\"https:\\\/\\\/fjala.info\\\/2009-2015\\\/gjaku-shqiptar-i-himares\\\/\"},\"author\":{\"name\":\"admin\",\"@id\":\"https:\\\/\\\/fjala.info\\\/2009-2015\\\/#\\\/schema\\\/person\\\/3aa1163ef05469c496fc94e77611ada2\"},\"headline\":\"Gjaku shqiptar i Himar\u00ebs\",\"datePublished\":\"2010-08-18T20:52:40+00:00\",\"mainEntityOfPage\":{\"@id\":\"https:\\\/\\\/fjala.info\\\/2009-2015\\\/gjaku-shqiptar-i-himares\\\/\"},\"wordCount\":1391,\"commentCount\":0,\"publisher\":{\"@id\":\"https:\\\/\\\/fjala.info\\\/2009-2015\\\/#organization\"},\"articleSection\":[\"Artikuj\"],\"inLanguage\":\"sq-AL\",\"potentialAction\":[{\"@type\":\"CommentAction\",\"name\":\"Comment\",\"target\":[\"https:\\\/\\\/fjala.info\\\/2009-2015\\\/gjaku-shqiptar-i-himares\\\/#respond\"]}]},{\"@type\":\"WebPage\",\"@id\":\"https:\\\/\\\/fjala.info\\\/2009-2015\\\/gjaku-shqiptar-i-himares\\\/\",\"url\":\"https:\\\/\\\/fjala.info\\\/2009-2015\\\/gjaku-shqiptar-i-himares\\\/\",\"name\":\"Gjaku shqiptar i Himar\u00ebs - FjALA e LIR\u00cb - Arkivi\",\"isPartOf\":{\"@id\":\"https:\\\/\\\/fjala.info\\\/2009-2015\\\/#website\"},\"datePublished\":\"2010-08-18T20:52:40+00:00\",\"breadcrumb\":{\"@id\":\"https:\\\/\\\/fjala.info\\\/2009-2015\\\/gjaku-shqiptar-i-himares\\\/#breadcrumb\"},\"inLanguage\":\"sq-AL\",\"potentialAction\":[{\"@type\":\"ReadAction\",\"target\":[\"https:\\\/\\\/fjala.info\\\/2009-2015\\\/gjaku-shqiptar-i-himares\\\/\"]}]},{\"@type\":\"BreadcrumbList\",\"@id\":\"https:\\\/\\\/fjala.info\\\/2009-2015\\\/gjaku-shqiptar-i-himares\\\/#breadcrumb\",\"itemListElement\":[{\"@type\":\"ListItem\",\"position\":1,\"name\":\"Home\",\"item\":\"https:\\\/\\\/fjala.info\\\/2009-2015\\\/\"},{\"@type\":\"ListItem\",\"position\":2,\"name\":\"Gjaku shqiptar i Himar\u00ebs\"}]},{\"@type\":\"WebSite\",\"@id\":\"https:\\\/\\\/fjala.info\\\/2009-2015\\\/#website\",\"url\":\"https:\\\/\\\/fjala.info\\\/2009-2015\\\/\",\"name\":\"FjALA e LIR\u00cb - Arkivi\",\"description\":\"Arkivi 2009-2015\",\"publisher\":{\"@id\":\"https:\\\/\\\/fjala.info\\\/2009-2015\\\/#organization\"},\"potentialAction\":[{\"@type\":\"SearchAction\",\"target\":{\"@type\":\"EntryPoint\",\"urlTemplate\":\"https:\\\/\\\/fjala.info\\\/2009-2015\\\/?s={search_term_string}\"},\"query-input\":{\"@type\":\"PropertyValueSpecification\",\"valueRequired\":true,\"valueName\":\"search_term_string\"}}],\"inLanguage\":\"sq-AL\"},{\"@type\":\"Organization\",\"@id\":\"https:\\\/\\\/fjala.info\\\/2009-2015\\\/#organization\",\"name\":\"FjALA e LIR\u00cb - Arkivi\",\"url\":\"https:\\\/\\\/fjala.info\\\/2009-2015\\\/\",\"logo\":{\"@type\":\"ImageObject\",\"inLanguage\":\"sq-AL\",\"@id\":\"https:\\\/\\\/fjala.info\\\/2009-2015\\\/#\\\/schema\\\/logo\\\/image\\\/\",\"url\":\"\",\"contentUrl\":\"\",\"caption\":\"FjALA e LIR\u00cb - Arkivi\"},\"image\":{\"@id\":\"https:\\\/\\\/fjala.info\\\/2009-2015\\\/#\\\/schema\\\/logo\\\/image\\\/\"}},{\"@type\":\"Person\",\"@id\":\"https:\\\/\\\/fjala.info\\\/2009-2015\\\/#\\\/schema\\\/person\\\/3aa1163ef05469c496fc94e77611ada2\",\"name\":\"admin\",\"image\":{\"@type\":\"ImageObject\",\"inLanguage\":\"sq-AL\",\"@id\":\"https:\\\/\\\/fjala.info\\\/2009-2015\\\/wp-content\\\/uploads\\\/2012\\\/02\\\/arben_cokaj-120x150.jpg\",\"url\":\"https:\\\/\\\/fjala.info\\\/2009-2015\\\/wp-content\\\/uploads\\\/2012\\\/02\\\/arben_cokaj-120x150.jpg\",\"contentUrl\":\"https:\\\/\\\/fjala.info\\\/2009-2015\\\/wp-content\\\/uploads\\\/2012\\\/02\\\/arben_cokaj-120x150.jpg\",\"caption\":\"admin\"},\"description\":\"Admin, Fjala e Lir\u00eb\",\"sameAs\":[\"https:\\\/\\\/fjala.info\\\/\"],\"url\":\"https:\\\/\\\/fjala.info\\\/2009-2015\\\/author\\\/admin\\\/\"}]}<\/script>\n<!-- \/ Yoast SEO plugin. -->","yoast_head_json":{"title":"Gjaku shqiptar i Himar\u00ebs - FjALA e LIR\u00cb - Arkivi","robots":{"index":"index","follow":"follow","max-snippet":"max-snippet:-1","max-image-preview":"max-image-preview:large","max-video-preview":"max-video-preview:-1"},"canonical":"https:\/\/fjala.info\/2009-2015\/gjaku-shqiptar-i-himares\/","og_locale":"sq_AL","og_type":"article","og_title":"Gjaku shqiptar i Himar\u00ebs - FjALA e LIR\u00cb - Arkivi","og_description":"Petro Marko, 18.08.2010 Pra \u00e7&#8217;jemi ne? Shqiptar\u00eb! Po pse e humb\u00ebm gjuh\u00ebn? Un\u00eb do t\u00eb them ato q\u00eb di: Pse n\u00ebnat plaka, gjysh\u00ebt dhe gjyshet din\u00eb m\u00eb mir\u00eb shqipen se greqishten? Pse qajm\u00eb e k\u00ebndojm\u00eb n\u00eb shqip? Pse fjal\u00ebt e urta i themi n\u00eb shqip? Si\u00e7 duket q\u00eb nga viti 1820 e k\u00ebtej, greqizimi u [&hellip;]","og_url":"https:\/\/fjala.info\/2009-2015\/gjaku-shqiptar-i-himares\/","og_site_name":"FjALA e LIR\u00cb - Arkivi","article_published_time":"2010-08-18T20:52:40+00:00","author":"admin","twitter_card":"summary_large_image","twitter_misc":{"Written by":"admin","Est. reading time":"7 minutes"},"schema":{"@context":"https:\/\/schema.org","@graph":[{"@type":"Article","@id":"https:\/\/fjala.info\/2009-2015\/gjaku-shqiptar-i-himares\/#article","isPartOf":{"@id":"https:\/\/fjala.info\/2009-2015\/gjaku-shqiptar-i-himares\/"},"author":{"name":"admin","@id":"https:\/\/fjala.info\/2009-2015\/#\/schema\/person\/3aa1163ef05469c496fc94e77611ada2"},"headline":"Gjaku shqiptar i Himar\u00ebs","datePublished":"2010-08-18T20:52:40+00:00","mainEntityOfPage":{"@id":"https:\/\/fjala.info\/2009-2015\/gjaku-shqiptar-i-himares\/"},"wordCount":1391,"commentCount":0,"publisher":{"@id":"https:\/\/fjala.info\/2009-2015\/#organization"},"articleSection":["Artikuj"],"inLanguage":"sq-AL","potentialAction":[{"@type":"CommentAction","name":"Comment","target":["https:\/\/fjala.info\/2009-2015\/gjaku-shqiptar-i-himares\/#respond"]}]},{"@type":"WebPage","@id":"https:\/\/fjala.info\/2009-2015\/gjaku-shqiptar-i-himares\/","url":"https:\/\/fjala.info\/2009-2015\/gjaku-shqiptar-i-himares\/","name":"Gjaku shqiptar i Himar\u00ebs - FjALA e LIR\u00cb - Arkivi","isPartOf":{"@id":"https:\/\/fjala.info\/2009-2015\/#website"},"datePublished":"2010-08-18T20:52:40+00:00","breadcrumb":{"@id":"https:\/\/fjala.info\/2009-2015\/gjaku-shqiptar-i-himares\/#breadcrumb"},"inLanguage":"sq-AL","potentialAction":[{"@type":"ReadAction","target":["https:\/\/fjala.info\/2009-2015\/gjaku-shqiptar-i-himares\/"]}]},{"@type":"BreadcrumbList","@id":"https:\/\/fjala.info\/2009-2015\/gjaku-shqiptar-i-himares\/#breadcrumb","itemListElement":[{"@type":"ListItem","position":1,"name":"Home","item":"https:\/\/fjala.info\/2009-2015\/"},{"@type":"ListItem","position":2,"name":"Gjaku shqiptar i Himar\u00ebs"}]},{"@type":"WebSite","@id":"https:\/\/fjala.info\/2009-2015\/#website","url":"https:\/\/fjala.info\/2009-2015\/","name":"FjALA e LIR\u00cb - Arkivi","description":"Arkivi 2009-2015","publisher":{"@id":"https:\/\/fjala.info\/2009-2015\/#organization"},"potentialAction":[{"@type":"SearchAction","target":{"@type":"EntryPoint","urlTemplate":"https:\/\/fjala.info\/2009-2015\/?s={search_term_string}"},"query-input":{"@type":"PropertyValueSpecification","valueRequired":true,"valueName":"search_term_string"}}],"inLanguage":"sq-AL"},{"@type":"Organization","@id":"https:\/\/fjala.info\/2009-2015\/#organization","name":"FjALA e LIR\u00cb - Arkivi","url":"https:\/\/fjala.info\/2009-2015\/","logo":{"@type":"ImageObject","inLanguage":"sq-AL","@id":"https:\/\/fjala.info\/2009-2015\/#\/schema\/logo\/image\/","url":"","contentUrl":"","caption":"FjALA e LIR\u00cb - Arkivi"},"image":{"@id":"https:\/\/fjala.info\/2009-2015\/#\/schema\/logo\/image\/"}},{"@type":"Person","@id":"https:\/\/fjala.info\/2009-2015\/#\/schema\/person\/3aa1163ef05469c496fc94e77611ada2","name":"admin","image":{"@type":"ImageObject","inLanguage":"sq-AL","@id":"https:\/\/fjala.info\/2009-2015\/wp-content\/uploads\/2012\/02\/arben_cokaj-120x150.jpg","url":"https:\/\/fjala.info\/2009-2015\/wp-content\/uploads\/2012\/02\/arben_cokaj-120x150.jpg","contentUrl":"https:\/\/fjala.info\/2009-2015\/wp-content\/uploads\/2012\/02\/arben_cokaj-120x150.jpg","caption":"admin"},"description":"Admin, Fjala e Lir\u00eb","sameAs":["https:\/\/fjala.info\/"],"url":"https:\/\/fjala.info\/2009-2015\/author\/admin\/"}]}},"_links":{"self":[{"href":"https:\/\/fjala.info\/2009-2015\/wp-json\/wp\/v2\/posts\/3772","targetHints":{"allow":["GET"]}}],"collection":[{"href":"https:\/\/fjala.info\/2009-2015\/wp-json\/wp\/v2\/posts"}],"about":[{"href":"https:\/\/fjala.info\/2009-2015\/wp-json\/wp\/v2\/types\/post"}],"author":[{"embeddable":true,"href":"https:\/\/fjala.info\/2009-2015\/wp-json\/wp\/v2\/users\/1"}],"replies":[{"embeddable":true,"href":"https:\/\/fjala.info\/2009-2015\/wp-json\/wp\/v2\/comments?post=3772"}],"version-history":[{"count":0,"href":"https:\/\/fjala.info\/2009-2015\/wp-json\/wp\/v2\/posts\/3772\/revisions"}],"wp:attachment":[{"href":"https:\/\/fjala.info\/2009-2015\/wp-json\/wp\/v2\/media?parent=3772"}],"wp:term":[{"taxonomy":"category","embeddable":true,"href":"https:\/\/fjala.info\/2009-2015\/wp-json\/wp\/v2\/categories?post=3772"},{"taxonomy":"post_tag","embeddable":true,"href":"https:\/\/fjala.info\/2009-2015\/wp-json\/wp\/v2\/tags?post=3772"}],"curies":[{"name":"wp","href":"https:\/\/api.w.org\/{rel}","templated":true}]}}