{"id":3770,"date":"2010-08-18T21:29:01","date_gmt":"2010-08-18T20:29:01","guid":{"rendered":"http:\/\/fjala.shkoder.net\/?p=3770"},"modified":"2010-08-18T21:29:01","modified_gmt":"2010-08-18T20:29:01","slug":"pas-njerit-gabimi-i-dyte-strategjik","status":"publish","type":"post","link":"https:\/\/fjala.info\/2009-2015\/pas-njerit-gabimi-i-dyte-strategjik\/","title":{"rendered":"Pas nj\u00ebrit, gabimi i dyt\u00eb strategjik"},"content":{"rendered":"<p><img decoding=\"async\" style=\"margin-left: 10px; margin-right: 10px; border: 0px;\" title=\"Veton Surroi\" src=\"http:\/\/www.shkoder.net\/images\/fjala\/veton_surroi.jpg\" border=\"0\" alt=\"\" width=\"100\" align=\"left\" \/><\/p>\n<p><strong>Veton Surroi<\/strong><\/p>\n<p><em><strong>Kryeministri i Kosov\u00ebs dhe ministri i tij i Jasht\u00ebm nd\u00ebrmarrin hapa t\u00eb pamenduar dhe kok\u00eb m\u00eb vete<\/strong><\/em><\/p>\n<p>1. Brenda nj\u00eb jave, politika e jashtme e Kosov\u00ebs ka b\u00ebr\u00eb s\u00eb paku dy gjeste q\u00eb e kualifikojn\u00eb si joserioze, p\u00ebr t\u00eb mos p\u00ebrdorur shprehje m\u00eb t\u00eb r\u00ebnd\u00eb.<\/p>\n<p>Ministri i Jasht\u00ebm, fillimisht, shkoi n\u00eb New York dhe nga sekretari i p\u00ebrgjithsh\u00ebm k\u00ebrkoi q\u00eb ta nd\u00ebrroj\u00eb Rezolut\u00ebn 1244 t\u00eb K\u00ebshillit t\u00eb Sigurimit me nj\u00eb tjet\u00ebr, ku do t\u00eb njihej realiteti i ri i Kosov\u00ebs s\u00eb pavarur. Disa dit\u00eb m\u00eb pas, kryeministri i vendit p\u00ebrkrahu ministrin e tij t\u00eb Jasht\u00ebm n\u00eb p\u00ebrpjekjet p\u00ebr t\u00eb sjell\u00eb nj\u00eb Rezolut\u00eb t\u00eb re t\u00eb K\u00ebshillit t\u00eb Sigurimit dhe po ashtu ofroi nj\u00eb kontribut shtes\u00eb p\u00ebr politik\u00ebn e jashtme t\u00eb Kosov\u00ebs, duke shpallur se mbik\u00ebqyrjes nd\u00ebrkomb\u00ebtare t\u00eb pavar\u00ebsis\u00eb i ka ardhur fundi.<\/p>\n<p>Logjika fillestare dhe vet\u00ebm kaq &#8211; pra fillestare, \u00ebsht\u00eb n\u00eb an\u00ebn e kryeministrit dhe ministrit t\u00eb tij t\u00eb Jasht\u00ebm. \u00cbsht\u00eb e v\u00ebrtet\u00eb se Rezoluta 1244 tashm\u00eb \u00ebsht\u00eb b\u00ebr\u00eb bajate (p\u00ebr nj\u00eb shtet t\u00eb pavarur si ne) dhe \u00ebsht\u00eb po ashtu e v\u00ebrtet\u00eb se nj\u00eb dit\u00eb duhet t\u2019i vij\u00eb fundi mbik\u00ebqyrjes s\u00eb pavar\u00ebsis\u00eb. Por, p\u00ebrtej k\u00ebtyre tezave fillestare, \u00e7do gj\u00eb \u00ebsht\u00eb e nd\u00ebrlikuar dhe e gabuar, madje e gabuar deri n\u00eb strategji.<\/p>\n<p>2. S\u00eb pari fillojm\u00eb me Rezolut\u00ebn. \u00c7dokush q\u00eb di fare pak nga funksionimi i K\u00ebshillit t\u00eb Sigurimit do t\u00eb kuptoj\u00eb se Rezolutat n\u00eb praktik\u00eb iniciohen dhe dakordohen mes, kryesisht, an\u00ebtareve t\u00eb p\u00ebrhershme t\u00eb KS. N\u00eb momentin kur mb\u00ebrrin n\u00eb duart e sekretarit t\u00eb p\u00ebrgjithsh\u00ebm, drafti i Rezolut\u00ebs tashm\u00eb \u00ebsht\u00eb pothuajse i dakorduar mes shteteve me fuqi vetoje. Gabimi num\u00ebr nj\u00eb i ministrit t\u00eb z. Tha\u00e7i \u00ebsht\u00eb taktik: Ban Ki Moon ka pak fuqi praktike inicimi t\u00eb nj\u00eb Rezolute t\u00eb re p\u00ebr Kosov\u00ebn, si\u00e7 ia k\u00ebrkoi ministri. Ndikimi i tij politik te fuqit\u00eb e m\u00ebdha, madje, \u00ebsht\u00eb edhe m\u00eb i vog\u00ebl. Nj\u00eb minist\u00ebr kosovar nuk k\u00ebrkon Rezoluta prej sekretarit t\u00eb p\u00ebrgjithsh\u00ebm, madje publikisht, por te shtetet an\u00ebtare t\u00eb p\u00ebrhershme q\u00eb e kan\u00eb p\u00ebrkrahur pavar\u00ebsin\u00eb e Kosov\u00ebs.<\/p>\n<p>Gabimi num\u00ebr dy \u00ebsht\u00eb po ashtu taktik. N\u00eb momentin kur n\u00eb OKB zhvillohet nj\u00eb konflikt mes Serbis\u00eb dhe Per\u00ebndimit, lidhur me Draft Rezolut\u00ebn e Asambles\u00eb s\u00eb P\u00ebrgjithshme pas mendimit k\u00ebshilldh\u00ebn\u00ebs t\u00eb GJND-s\u00eb, n\u00eb debat futet iniciativa kosovare (n\u00eb New York nuk din\u00eb se iniciativat e ministrit t\u00eb z. Tha\u00e7i dhe t\u00eb vet z. Tha\u00e7i b\u00ebhen kok\u00eb m\u00eb vete) p\u00ebr nj\u00eb Rezolut\u00eb t\u00eb re, por tashm\u00eb n\u00eb K\u00ebshill t\u00eb Sigurimit. N\u00eb nj\u00eb debat p\u00ebr moll\u00ebt, pala kosovare insiston q\u00eb t\u00eb bisedohet p\u00ebr dardha.<\/p>\n<p>Gabimi num\u00ebr tre \u00ebsht\u00eb m\u00eb i madh, ai strategjik. Zhvillimi i \u00e7\u00ebshtjes s\u00eb Kosov\u00ebs prej vendosjes s\u00eb Rezolut\u00ebs 1244 deri te shpallja e pavar\u00ebsis\u00eb ka qen\u00eb nj\u00eb proces i mundimsh\u00ebm, i cili u p\u00ebrpoq q\u00eb, duke respektuar formulimet (shum\u00ebkuptim\u00ebshe) t\u00eb Rezolut\u00ebs 1244, t\u00eb b\u00ebj\u00eb t\u00eb panevojsh\u00ebm veton e disa prej fuqive t\u00eb m\u00ebdha (n\u00eb radh\u00eb t\u00eb par\u00eb t\u00eb Rusis\u00eb).<\/p>\n<p>Kur Rekomandimet e presidentit Ahtisaari nuk mor\u00ebn p\u00ebrkrahjen e K\u00ebshillit t\u00eb Sigurimit t\u00eb OKB-s\u00eb, u cil\u00ebsua nga p\u00ebrkrah\u00ebsit e pavar\u00ebsis\u00eb s\u00eb Kosov\u00ebs se Rezoluta 1244 linte mjaft hap\u00ebsir\u00eb p\u00ebr t\u00eb shpallur e p\u00ebrkrahur pavar\u00ebsin\u00eb e Kosov\u00ebs, pa nevoj\u00ebn e bekimit t\u00eb K\u00ebshillit t\u00eb Sigurimit t\u00eb OKB-s\u00eb. Gjykata Nd\u00ebrkomb\u00ebtare e Drejt\u00ebsis\u00eb, me mendimin e vet jasht\u00ebzakonisht t\u00eb qart\u00eb k\u00ebshilldh\u00ebn\u00ebs, konfirmoi legalitetin e k\u00ebtij interpretimi, pra se shpallja e pavar\u00ebsis\u00eb u b\u00eb brenda kontekstit formal t\u00eb Rezolut\u00ebs 1244.<\/p>\n<p>Me k\u00ebt\u00eb mendim u konsumua vlera politike e Rezolut\u00ebs 1244, nd\u00ebrsa me njohjen e pavar\u00ebsis\u00eb nga shtetet q\u00eb e kan\u00eb njohur u konsumua edhe nj\u00eb pjes\u00eb e dukshme e vler\u00ebs juridike t\u00eb Rezolut\u00ebs. T\u00eb insistosh q\u00eb p\u00ebr Kosov\u00ebn t\u00eb sajohet nj\u00eb Rezolut\u00eb e re e K\u00ebshillit t\u00eb Sigurimit t\u00eb OKB-s\u00eb, n\u00eb em\u00ebr t\u00eb z\u00ebvend\u00ebsimit t\u00eb asaj 1244, \u00ebsht\u00eb t\u00eb rihap\u00ebsh debatin, n\u00eb po k\u00ebt\u00eb K\u00ebshill t\u00eb Sigurimit lidhur me validitetin e pavar\u00ebsis\u00eb s\u00eb Kosov\u00ebs, nj\u00eb debat me po ato shtete q\u00eb nuk e kan\u00eb njohur pavar\u00ebsin\u00eb e Kosov\u00ebs apo jan\u00eb k\u00ebrc\u00ebnuar se do t\u00eb v\u00ebn\u00eb veto po qe se Rezoluta e pavar\u00ebsis\u00eb vihet n\u00eb KS.<\/p>\n<p>Do t\u00eb ishte e kuptueshme q\u00eb Serbia t\u00eb k\u00ebrkonte Rezolut\u00eb t\u00eb re t\u00eb KS t\u00eb OKB (si\u00e7 k\u00ebrkon debat, edhe t\u00eb kot\u00eb si t\u00eb herave t\u00eb kaluara, sa here q\u00eb i bie n\u00eb mend). Nuk \u00ebsht\u00eb e kuptueshme q\u00eb me dor\u00ebn e vet Kosova ta kthej\u00eb \u00e7\u00ebshtjen e pavar\u00ebsis\u00eb s\u00eb saj n\u00eb KS, qoft\u00eb edhe n\u00eb form\u00ebn gati komike q\u00eb e b\u00ebn tani.<\/p>\n<p>3. Kryeministri, pas p\u00ebrkrahjes q\u00eb i dha gabimit t\u00eb ministrit t\u00eb tij, b\u00ebri vet gabimin e radh\u00ebs, gati duke shpallur n\u00eb form\u00eb uniliterale se i kishte ardhur fundi pavar\u00ebsis\u00eb s\u00eb mbik\u00ebqyrur.<\/p>\n<p>Mbik\u00ebqyrja e pavar\u00ebsis\u00eb ka qen\u00eb nj\u00eb domosdoshm\u00ebri e pranuar n\u00eb procesin negociator t\u00eb udh\u00ebhequr nga presidenti Ahtisaari, p\u00ebr t\u2019i bindur shtetet q\u00eb nuk ishin gjithaq t\u00eb bindura p\u00ebr pavar\u00ebsin\u00eb e Kosov\u00ebs, q\u00eb t\u2019i bashkohen list\u00ebs s\u00eb shteteve q\u00eb e p\u00ebrkrahnin. K\u00ebshtu, mbik\u00ebqyrja e pavar\u00ebsis\u00eb, \u00ebsht\u00eb n\u00eb fakt nj\u00eb partneritet mes Kosov\u00ebs dhe p\u00ebrkrah\u00ebsve t\u00eb saj n\u00eb Per\u00ebndim.<\/p>\n<p>N\u00eb k\u00ebt\u00eb partneritet, Kosova fiton p\u00ebrkrahjen amerikane dhe europiane n\u00eb k\u00ebmbim t\u00eb fuqive ekzekutive q\u00eb duhet t\u00eb korrigjojn\u00eb veprimet eventuale t\u00eb gabuara t\u00eb institucioneve kosovare. Ky partneritet \u00ebsht\u00eb tashm\u00eb para obligimeve shum\u00eb m\u00eb t\u00eb m\u00ebdha se\u00e7 ishin pandehur fillimisht: nevoj\u00ebn e vendosjes s\u00eb nj\u00eb sistemi ligjor dhe doganor n\u00eb t\u00ebr\u00eb territorin e vendit dhe nevoj\u00ebn e dekriminalizimit t\u00eb politik\u00ebs kosovare, n\u00ebp\u00ebrmjet luft\u00ebs kund\u00ebr korrupsionit dhe krimit politik.<\/p>\n<p>Gabaimi i kryeministrit nuk q\u00ebndron n\u00eb k\u00ebrkes\u00ebn q\u00eb t\u00eb p\u00ebrfundoj\u00eb mbik\u00ebqyrja e pavar\u00ebsis\u00eb. Gabimi i tij konsiston n\u00eb munges\u00ebn e nj\u00eb marr\u00ebveshjeje t\u00eb re me partner\u00ebt nd\u00ebrkomb\u00ebtar\u00eb p\u00ebr k\u00ebt\u00eb. E, marr\u00ebveshja e re duhej t\u00eb definonte se me \u00e7far\u00eb kutesh do t\u00eb matej p\u00ebrmbushja e objektivave t\u00eb p\u00ebrbashk\u00ebt kosovar\u00eb dhe nd\u00ebrkomb\u00ebtar\u00eb (p\u00ebr shembull n\u00eb luft\u00ebn kund\u00ebr krimit e korrupsionit, apo n\u00eb vendosjen e sovranitetit t\u00eb vendit), dhe rrjedhimisht korniza kohore p\u00ebr p\u00ebrmbushjen e tyre.<\/p>\n<p>Duke k\u00ebrkuar fundin e tanish\u00ebm t\u00eb pavar\u00ebsis\u00eb s\u00eb mbik\u00ebqyrur, kryeministri shkon ndesh me nj\u00eb disponim shum\u00eb t\u00eb thelluar, serioz dhe t\u00eb matur, t\u00eb qytetar\u00ebve t\u00eb Kosov\u00ebs q\u00eb k\u00ebrkojn\u00eb m\u00eb shum\u00eb nd\u00ebrhyrje t\u00eb pranis\u00eb nd\u00ebrkomb\u00ebtare n\u00eb Kosov\u00eb. M\u00eb shum\u00eb nd\u00ebrhyrje n\u00eb vendosjen e rendit dhe ligjit n\u00eb Veri t\u00eb vendit. M\u00eb shum\u00eb nd\u00ebrhyrje n\u00eb luft\u00ebn kund\u00ebr korrupsionit t\u00eb vet qeveris\u00eb s\u00eb tij, e cila e ka ngritur n\u00eb form\u00eb t\u00eb paprecedent\u00eb shp\u00ebrdorimin e paras\u00eb publike. Dhe, n\u00eb fund, m\u00eb shum\u00eb nd\u00ebrhyrje n\u00eb organizimin e zgjedhjeve parlamentare p\u00ebr vitin e ardhsh\u00ebm, p\u00ebr shkak t\u00eb rritjes, po ashtu t\u00eb paprecedenc\u00eb, t\u00eb vjedhjes s\u00eb vot\u00ebs.<\/p>\n<p>4. Qeveria duhet urgjentisht t\u00eb korrigjoj\u00eb veten n\u00eb k\u00ebt\u00eb segment (ka shum\u00eb p\u00ebr t\u00eb b\u00ebr\u00eb edhe n\u00eb segmente t\u00eb tjera t\u00eb jet\u00ebs). Korrigjimi fillestar do b\u00ebhej n\u00ebse, pos gabimeve, hiqet dor\u00eb edhe nga mbrojtja e m\u00ebtejme e tyre, posa\u00e7\u00ebrisht me arroganc\u00ebn e pushtetit e munges\u00ebn e argumenteve.<\/p>\n","protected":false},"excerpt":{"rendered":"<p>Veton Surroi Kryeministri i Kosov\u00ebs dhe ministri i tij i Jasht\u00ebm nd\u00ebrmarrin hapa t\u00eb pamenduar dhe kok\u00eb m\u00eb vete 1. Brenda nj\u00eb jave, politika e jashtme e Kosov\u00ebs ka b\u00ebr\u00eb s\u00eb paku dy gjeste q\u00eb e kualifikojn\u00eb si joserioze, p\u00ebr t\u00eb mos p\u00ebrdorur shprehje m\u00eb t\u00eb r\u00ebnd\u00eb. Ministri i Jasht\u00ebm, fillimisht, shkoi n\u00eb New York [&hellip;]<\/p>\n","protected":false},"author":1,"featured_media":0,"comment_status":"open","ping_status":"closed","sticky":false,"template":"","format":"standard","meta":{"footnotes":""},"categories":[2],"tags":[],"class_list":{"0":"post-3770","1":"post","2":"type-post","3":"status-publish","4":"format-standard","6":"category-artikuj"},"yoast_head":"<!-- This site is optimized with the Yoast SEO plugin v27.4 - https:\/\/yoast.com\/product\/yoast-seo-wordpress\/ -->\n<title>Pas nj\u00ebrit, gabimi i dyt\u00eb strategjik - FjALA e LIR\u00cb - Arkivi<\/title>\n<meta name=\"robots\" content=\"index, follow, max-snippet:-1, max-image-preview:large, max-video-preview:-1\" \/>\n<link rel=\"canonical\" href=\"https:\/\/fjala.info\/2009-2015\/pas-njerit-gabimi-i-dyte-strategjik\/\" \/>\n<meta property=\"og:locale\" content=\"sq_AL\" \/>\n<meta property=\"og:type\" content=\"article\" \/>\n<meta property=\"og:title\" content=\"Pas nj\u00ebrit, gabimi i dyt\u00eb strategjik - FjALA e LIR\u00cb - Arkivi\" \/>\n<meta property=\"og:description\" content=\"Veton Surroi Kryeministri i Kosov\u00ebs dhe ministri i tij i Jasht\u00ebm nd\u00ebrmarrin hapa t\u00eb pamenduar dhe kok\u00eb m\u00eb vete 1. Brenda nj\u00eb jave, politika e jashtme e Kosov\u00ebs ka b\u00ebr\u00eb s\u00eb paku dy gjeste q\u00eb e kualifikojn\u00eb si joserioze, p\u00ebr t\u00eb mos p\u00ebrdorur shprehje m\u00eb t\u00eb r\u00ebnd\u00eb. Ministri i Jasht\u00ebm, fillimisht, shkoi n\u00eb New York [&hellip;]\" \/>\n<meta property=\"og:url\" content=\"https:\/\/fjala.info\/2009-2015\/pas-njerit-gabimi-i-dyte-strategjik\/\" \/>\n<meta property=\"og:site_name\" content=\"FjALA e LIR\u00cb - Arkivi\" \/>\n<meta property=\"article:published_time\" content=\"2010-08-18T20:29:01+00:00\" \/>\n<meta property=\"og:image\" content=\"http:\/\/www.shkoder.net\/images\/fjala\/veton_surroi.jpg\" \/>\n<meta name=\"author\" content=\"admin\" \/>\n<meta name=\"twitter:card\" content=\"summary_large_image\" \/>\n<meta name=\"twitter:label1\" content=\"Written by\" \/>\n\t<meta name=\"twitter:data1\" content=\"admin\" \/>\n\t<meta name=\"twitter:label2\" content=\"Est. reading time\" \/>\n\t<meta name=\"twitter:data2\" content=\"7 minutes\" \/>\n<script type=\"application\/ld+json\" class=\"yoast-schema-graph\">{\"@context\":\"https:\\\/\\\/schema.org\",\"@graph\":[{\"@type\":\"Article\",\"@id\":\"https:\\\/\\\/fjala.info\\\/2009-2015\\\/pas-njerit-gabimi-i-dyte-strategjik\\\/#article\",\"isPartOf\":{\"@id\":\"https:\\\/\\\/fjala.info\\\/2009-2015\\\/pas-njerit-gabimi-i-dyte-strategjik\\\/\"},\"author\":{\"name\":\"admin\",\"@id\":\"https:\\\/\\\/fjala.info\\\/2009-2015\\\/#\\\/schema\\\/person\\\/3aa1163ef05469c496fc94e77611ada2\"},\"headline\":\"Pas nj\u00ebrit, gabimi i dyt\u00eb strategjik\",\"datePublished\":\"2010-08-18T20:29:01+00:00\",\"mainEntityOfPage\":{\"@id\":\"https:\\\/\\\/fjala.info\\\/2009-2015\\\/pas-njerit-gabimi-i-dyte-strategjik\\\/\"},\"wordCount\":1324,\"commentCount\":0,\"publisher\":{\"@id\":\"https:\\\/\\\/fjala.info\\\/2009-2015\\\/#organization\"},\"image\":{\"@id\":\"https:\\\/\\\/fjala.info\\\/2009-2015\\\/pas-njerit-gabimi-i-dyte-strategjik\\\/#primaryimage\"},\"thumbnailUrl\":\"http:\\\/\\\/www.shkoder.net\\\/images\\\/fjala\\\/veton_surroi.jpg\",\"articleSection\":[\"Artikuj\"],\"inLanguage\":\"sq-AL\",\"potentialAction\":[{\"@type\":\"CommentAction\",\"name\":\"Comment\",\"target\":[\"https:\\\/\\\/fjala.info\\\/2009-2015\\\/pas-njerit-gabimi-i-dyte-strategjik\\\/#respond\"]}]},{\"@type\":\"WebPage\",\"@id\":\"https:\\\/\\\/fjala.info\\\/2009-2015\\\/pas-njerit-gabimi-i-dyte-strategjik\\\/\",\"url\":\"https:\\\/\\\/fjala.info\\\/2009-2015\\\/pas-njerit-gabimi-i-dyte-strategjik\\\/\",\"name\":\"Pas nj\u00ebrit, gabimi i dyt\u00eb strategjik - FjALA e LIR\u00cb - Arkivi\",\"isPartOf\":{\"@id\":\"https:\\\/\\\/fjala.info\\\/2009-2015\\\/#website\"},\"primaryImageOfPage\":{\"@id\":\"https:\\\/\\\/fjala.info\\\/2009-2015\\\/pas-njerit-gabimi-i-dyte-strategjik\\\/#primaryimage\"},\"image\":{\"@id\":\"https:\\\/\\\/fjala.info\\\/2009-2015\\\/pas-njerit-gabimi-i-dyte-strategjik\\\/#primaryimage\"},\"thumbnailUrl\":\"http:\\\/\\\/www.shkoder.net\\\/images\\\/fjala\\\/veton_surroi.jpg\",\"datePublished\":\"2010-08-18T20:29:01+00:00\",\"breadcrumb\":{\"@id\":\"https:\\\/\\\/fjala.info\\\/2009-2015\\\/pas-njerit-gabimi-i-dyte-strategjik\\\/#breadcrumb\"},\"inLanguage\":\"sq-AL\",\"potentialAction\":[{\"@type\":\"ReadAction\",\"target\":[\"https:\\\/\\\/fjala.info\\\/2009-2015\\\/pas-njerit-gabimi-i-dyte-strategjik\\\/\"]}]},{\"@type\":\"ImageObject\",\"inLanguage\":\"sq-AL\",\"@id\":\"https:\\\/\\\/fjala.info\\\/2009-2015\\\/pas-njerit-gabimi-i-dyte-strategjik\\\/#primaryimage\",\"url\":\"http:\\\/\\\/www.shkoder.net\\\/images\\\/fjala\\\/veton_surroi.jpg\",\"contentUrl\":\"http:\\\/\\\/www.shkoder.net\\\/images\\\/fjala\\\/veton_surroi.jpg\"},{\"@type\":\"BreadcrumbList\",\"@id\":\"https:\\\/\\\/fjala.info\\\/2009-2015\\\/pas-njerit-gabimi-i-dyte-strategjik\\\/#breadcrumb\",\"itemListElement\":[{\"@type\":\"ListItem\",\"position\":1,\"name\":\"Home\",\"item\":\"https:\\\/\\\/fjala.info\\\/2009-2015\\\/\"},{\"@type\":\"ListItem\",\"position\":2,\"name\":\"Pas nj\u00ebrit, gabimi i dyt\u00eb strategjik\"}]},{\"@type\":\"WebSite\",\"@id\":\"https:\\\/\\\/fjala.info\\\/2009-2015\\\/#website\",\"url\":\"https:\\\/\\\/fjala.info\\\/2009-2015\\\/\",\"name\":\"FjALA e LIR\u00cb - Arkivi\",\"description\":\"Arkivi 2009-2015\",\"publisher\":{\"@id\":\"https:\\\/\\\/fjala.info\\\/2009-2015\\\/#organization\"},\"potentialAction\":[{\"@type\":\"SearchAction\",\"target\":{\"@type\":\"EntryPoint\",\"urlTemplate\":\"https:\\\/\\\/fjala.info\\\/2009-2015\\\/?s={search_term_string}\"},\"query-input\":{\"@type\":\"PropertyValueSpecification\",\"valueRequired\":true,\"valueName\":\"search_term_string\"}}],\"inLanguage\":\"sq-AL\"},{\"@type\":\"Organization\",\"@id\":\"https:\\\/\\\/fjala.info\\\/2009-2015\\\/#organization\",\"name\":\"FjALA e LIR\u00cb - Arkivi\",\"url\":\"https:\\\/\\\/fjala.info\\\/2009-2015\\\/\",\"logo\":{\"@type\":\"ImageObject\",\"inLanguage\":\"sq-AL\",\"@id\":\"https:\\\/\\\/fjala.info\\\/2009-2015\\\/#\\\/schema\\\/logo\\\/image\\\/\",\"url\":\"\",\"contentUrl\":\"\",\"caption\":\"FjALA e LIR\u00cb - Arkivi\"},\"image\":{\"@id\":\"https:\\\/\\\/fjala.info\\\/2009-2015\\\/#\\\/schema\\\/logo\\\/image\\\/\"}},{\"@type\":\"Person\",\"@id\":\"https:\\\/\\\/fjala.info\\\/2009-2015\\\/#\\\/schema\\\/person\\\/3aa1163ef05469c496fc94e77611ada2\",\"name\":\"admin\",\"image\":{\"@type\":\"ImageObject\",\"inLanguage\":\"sq-AL\",\"@id\":\"https:\\\/\\\/fjala.info\\\/2009-2015\\\/wp-content\\\/uploads\\\/2012\\\/02\\\/arben_cokaj-120x150.jpg\",\"url\":\"https:\\\/\\\/fjala.info\\\/2009-2015\\\/wp-content\\\/uploads\\\/2012\\\/02\\\/arben_cokaj-120x150.jpg\",\"contentUrl\":\"https:\\\/\\\/fjala.info\\\/2009-2015\\\/wp-content\\\/uploads\\\/2012\\\/02\\\/arben_cokaj-120x150.jpg\",\"caption\":\"admin\"},\"description\":\"Admin, Fjala e Lir\u00eb\",\"sameAs\":[\"https:\\\/\\\/fjala.info\\\/\"],\"url\":\"https:\\\/\\\/fjala.info\\\/2009-2015\\\/author\\\/admin\\\/\"}]}<\/script>\n<!-- \/ Yoast SEO plugin. -->","yoast_head_json":{"title":"Pas nj\u00ebrit, gabimi i dyt\u00eb strategjik - FjALA e LIR\u00cb - Arkivi","robots":{"index":"index","follow":"follow","max-snippet":"max-snippet:-1","max-image-preview":"max-image-preview:large","max-video-preview":"max-video-preview:-1"},"canonical":"https:\/\/fjala.info\/2009-2015\/pas-njerit-gabimi-i-dyte-strategjik\/","og_locale":"sq_AL","og_type":"article","og_title":"Pas nj\u00ebrit, gabimi i dyt\u00eb strategjik - FjALA e LIR\u00cb - Arkivi","og_description":"Veton Surroi Kryeministri i Kosov\u00ebs dhe ministri i tij i Jasht\u00ebm nd\u00ebrmarrin hapa t\u00eb pamenduar dhe kok\u00eb m\u00eb vete 1. Brenda nj\u00eb jave, politika e jashtme e Kosov\u00ebs ka b\u00ebr\u00eb s\u00eb paku dy gjeste q\u00eb e kualifikojn\u00eb si joserioze, p\u00ebr t\u00eb mos p\u00ebrdorur shprehje m\u00eb t\u00eb r\u00ebnd\u00eb. Ministri i Jasht\u00ebm, fillimisht, shkoi n\u00eb New York [&hellip;]","og_url":"https:\/\/fjala.info\/2009-2015\/pas-njerit-gabimi-i-dyte-strategjik\/","og_site_name":"FjALA e LIR\u00cb - Arkivi","article_published_time":"2010-08-18T20:29:01+00:00","og_image":[{"url":"http:\/\/www.shkoder.net\/images\/fjala\/veton_surroi.jpg","type":"","width":"","height":""}],"author":"admin","twitter_card":"summary_large_image","twitter_misc":{"Written by":"admin","Est. reading time":"7 minutes"},"schema":{"@context":"https:\/\/schema.org","@graph":[{"@type":"Article","@id":"https:\/\/fjala.info\/2009-2015\/pas-njerit-gabimi-i-dyte-strategjik\/#article","isPartOf":{"@id":"https:\/\/fjala.info\/2009-2015\/pas-njerit-gabimi-i-dyte-strategjik\/"},"author":{"name":"admin","@id":"https:\/\/fjala.info\/2009-2015\/#\/schema\/person\/3aa1163ef05469c496fc94e77611ada2"},"headline":"Pas nj\u00ebrit, gabimi i dyt\u00eb strategjik","datePublished":"2010-08-18T20:29:01+00:00","mainEntityOfPage":{"@id":"https:\/\/fjala.info\/2009-2015\/pas-njerit-gabimi-i-dyte-strategjik\/"},"wordCount":1324,"commentCount":0,"publisher":{"@id":"https:\/\/fjala.info\/2009-2015\/#organization"},"image":{"@id":"https:\/\/fjala.info\/2009-2015\/pas-njerit-gabimi-i-dyte-strategjik\/#primaryimage"},"thumbnailUrl":"http:\/\/www.shkoder.net\/images\/fjala\/veton_surroi.jpg","articleSection":["Artikuj"],"inLanguage":"sq-AL","potentialAction":[{"@type":"CommentAction","name":"Comment","target":["https:\/\/fjala.info\/2009-2015\/pas-njerit-gabimi-i-dyte-strategjik\/#respond"]}]},{"@type":"WebPage","@id":"https:\/\/fjala.info\/2009-2015\/pas-njerit-gabimi-i-dyte-strategjik\/","url":"https:\/\/fjala.info\/2009-2015\/pas-njerit-gabimi-i-dyte-strategjik\/","name":"Pas nj\u00ebrit, gabimi i dyt\u00eb strategjik - FjALA e LIR\u00cb - Arkivi","isPartOf":{"@id":"https:\/\/fjala.info\/2009-2015\/#website"},"primaryImageOfPage":{"@id":"https:\/\/fjala.info\/2009-2015\/pas-njerit-gabimi-i-dyte-strategjik\/#primaryimage"},"image":{"@id":"https:\/\/fjala.info\/2009-2015\/pas-njerit-gabimi-i-dyte-strategjik\/#primaryimage"},"thumbnailUrl":"http:\/\/www.shkoder.net\/images\/fjala\/veton_surroi.jpg","datePublished":"2010-08-18T20:29:01+00:00","breadcrumb":{"@id":"https:\/\/fjala.info\/2009-2015\/pas-njerit-gabimi-i-dyte-strategjik\/#breadcrumb"},"inLanguage":"sq-AL","potentialAction":[{"@type":"ReadAction","target":["https:\/\/fjala.info\/2009-2015\/pas-njerit-gabimi-i-dyte-strategjik\/"]}]},{"@type":"ImageObject","inLanguage":"sq-AL","@id":"https:\/\/fjala.info\/2009-2015\/pas-njerit-gabimi-i-dyte-strategjik\/#primaryimage","url":"http:\/\/www.shkoder.net\/images\/fjala\/veton_surroi.jpg","contentUrl":"http:\/\/www.shkoder.net\/images\/fjala\/veton_surroi.jpg"},{"@type":"BreadcrumbList","@id":"https:\/\/fjala.info\/2009-2015\/pas-njerit-gabimi-i-dyte-strategjik\/#breadcrumb","itemListElement":[{"@type":"ListItem","position":1,"name":"Home","item":"https:\/\/fjala.info\/2009-2015\/"},{"@type":"ListItem","position":2,"name":"Pas nj\u00ebrit, gabimi i dyt\u00eb strategjik"}]},{"@type":"WebSite","@id":"https:\/\/fjala.info\/2009-2015\/#website","url":"https:\/\/fjala.info\/2009-2015\/","name":"FjALA e LIR\u00cb - Arkivi","description":"Arkivi 2009-2015","publisher":{"@id":"https:\/\/fjala.info\/2009-2015\/#organization"},"potentialAction":[{"@type":"SearchAction","target":{"@type":"EntryPoint","urlTemplate":"https:\/\/fjala.info\/2009-2015\/?s={search_term_string}"},"query-input":{"@type":"PropertyValueSpecification","valueRequired":true,"valueName":"search_term_string"}}],"inLanguage":"sq-AL"},{"@type":"Organization","@id":"https:\/\/fjala.info\/2009-2015\/#organization","name":"FjALA e LIR\u00cb - Arkivi","url":"https:\/\/fjala.info\/2009-2015\/","logo":{"@type":"ImageObject","inLanguage":"sq-AL","@id":"https:\/\/fjala.info\/2009-2015\/#\/schema\/logo\/image\/","url":"","contentUrl":"","caption":"FjALA e LIR\u00cb - Arkivi"},"image":{"@id":"https:\/\/fjala.info\/2009-2015\/#\/schema\/logo\/image\/"}},{"@type":"Person","@id":"https:\/\/fjala.info\/2009-2015\/#\/schema\/person\/3aa1163ef05469c496fc94e77611ada2","name":"admin","image":{"@type":"ImageObject","inLanguage":"sq-AL","@id":"https:\/\/fjala.info\/2009-2015\/wp-content\/uploads\/2012\/02\/arben_cokaj-120x150.jpg","url":"https:\/\/fjala.info\/2009-2015\/wp-content\/uploads\/2012\/02\/arben_cokaj-120x150.jpg","contentUrl":"https:\/\/fjala.info\/2009-2015\/wp-content\/uploads\/2012\/02\/arben_cokaj-120x150.jpg","caption":"admin"},"description":"Admin, Fjala e Lir\u00eb","sameAs":["https:\/\/fjala.info\/"],"url":"https:\/\/fjala.info\/2009-2015\/author\/admin\/"}]}},"_links":{"self":[{"href":"https:\/\/fjala.info\/2009-2015\/wp-json\/wp\/v2\/posts\/3770","targetHints":{"allow":["GET"]}}],"collection":[{"href":"https:\/\/fjala.info\/2009-2015\/wp-json\/wp\/v2\/posts"}],"about":[{"href":"https:\/\/fjala.info\/2009-2015\/wp-json\/wp\/v2\/types\/post"}],"author":[{"embeddable":true,"href":"https:\/\/fjala.info\/2009-2015\/wp-json\/wp\/v2\/users\/1"}],"replies":[{"embeddable":true,"href":"https:\/\/fjala.info\/2009-2015\/wp-json\/wp\/v2\/comments?post=3770"}],"version-history":[{"count":0,"href":"https:\/\/fjala.info\/2009-2015\/wp-json\/wp\/v2\/posts\/3770\/revisions"}],"wp:attachment":[{"href":"https:\/\/fjala.info\/2009-2015\/wp-json\/wp\/v2\/media?parent=3770"}],"wp:term":[{"taxonomy":"category","embeddable":true,"href":"https:\/\/fjala.info\/2009-2015\/wp-json\/wp\/v2\/categories?post=3770"},{"taxonomy":"post_tag","embeddable":true,"href":"https:\/\/fjala.info\/2009-2015\/wp-json\/wp\/v2\/tags?post=3770"}],"curies":[{"name":"wp","href":"https:\/\/api.w.org\/{rel}","templated":true}]}}