{"id":3768,"date":"2010-08-18T21:25:59","date_gmt":"2010-08-18T20:25:59","guid":{"rendered":"http:\/\/fjala.shkoder.net\/?p=3768"},"modified":"2010-08-18T21:25:59","modified_gmt":"2010-08-18T20:25:59","slug":"ne-himare-u-vra-i-pari-pluripartizmi","status":"publish","type":"post","link":"https:\/\/fjala.info\/2009-2015\/ne-himare-u-vra-i-pari-pluripartizmi\/","title":{"rendered":"N\u00eb Himar\u00eb u vra i pari pluripartizmi"},"content":{"rendered":"<p><img decoding=\"async\" style=\"margin-left: 10px; margin-right: 10px; border: 0px;\" title=\"Aleksand\u00ebr \u00c7ipa\" src=\"http:\/\/www.shkoder.net\/images\/fjala\/aleksander_cipa.jpg\" border=\"0\" alt=\"\" width=\"150\" align=\"right\" \/><\/p>\n<p><strong>Aleksand\u00ebr \u00c7ipa<\/strong><\/p>\n<p>Himara me incidento-aksidentin e fundit, t\u00eb vrasjes s\u00eb djaloshit 35-vje\u00e7ar Aristotel Guma, po shnd\u00ebrrohet n\u00eb nj\u00eb kazus politik mes p\u00ebrfaq\u00ebsuesve t\u00eb pakic\u00ebs greke dhe shtetit shqiptar dhe sipas gjasave, mes Greqis\u00eb zyrtare dhe Shqip\u00ebris\u00eb. Shteti shqiptar e ka shp\u00ebrfillur q\u00ebllimin opozitaro-etnik t\u00eb zotit Dule, deri n\u00eb k\u00ebto \u00e7aste, duke u v\u00ebn\u00eb n\u00eb nj\u00ebfar\u00eb m\u00ebnyre p\u00ebrball\u00eb nj\u00eb kostoje t\u00eb re diplomatiko-politike me shtetin fqinj, por sidomos me p\u00ebrfaq\u00ebsuesit e saj n\u00eb Bruksel.<\/p>\n<p>Gjasat jan\u00eb q\u00eb diplomacia greke n\u00eb gjith\u00eb kapacitetet e saj, ta delegoj\u00eb k\u00ebt\u00eb \u201c\u00e7\u00ebshtje\u201d n\u00eb Bruksel, sikund\u00ebr ka b\u00ebr\u00eb p\u00ebrgjat\u00eb gjith\u00eb k\u00ebtij tranzicioni 20- vje\u00e7ar. Madje paralajm\u00ebrimi p\u00ebr ta debatuar at\u00eb n\u00eb Parlamentin Europian dhe p\u00ebr ta p\u00ebrfshir\u00eb n\u00eb raport-vler\u00ebsimin e situat\u00ebs s\u00eb Shqip\u00ebris\u00eb, si pretedente p\u00ebr statusin e vendit kandidat p\u00ebr BE-n\u00eb, tashm\u00eb \u00ebsht\u00eb b\u00ebr\u00eb nga disa europarlamentar\u00eb grek\u00eb.<\/p>\n<p>P\u00ebr vrasjen e dhimbshme kan\u00eb folur pa pushim Vangjel Dule i PBDNJ-s\u00eb, m\u00eb pak kryebashkiaku i Himar\u00ebs dhe kryetari i OMONIA-s Vasil Bollano. Ka folur dhe vijon t\u00eb flas\u00eb media shqiptare. Po hesht, sikur gjendet n\u00eb nj\u00eb kompleks impotent, politika e vendit.<\/p>\n<p>Shum\u00eb pak kan\u00eb folur vet\u00eb himarjot\u00ebt dhe asnj\u00eb fjal\u00eb familjar\u00ebt e djalit t\u00eb ikur nga kjo jet\u00eb. Shumica e koleg\u00ebve t\u00eb mi t\u00eb medias nuk kan\u00eb marr\u00eb qoft\u00eb edhe nj\u00eb sinkron t\u00eb vet\u00ebm nga ati i atij djali q\u00eb nuk vjen m\u00eb n\u00eb jet\u00eb dhe q\u00eb si nj\u00eb qytetar modest e pun\u00ebtor, kurr\u00eb nuk \u00ebsht\u00eb marr\u00eb me politik\u00eb. (S\u00eb paku si\u00e7 pohojn\u00eb bashk\u00ebvend\u00ebsit e tij n\u00eb Himar\u00ebn fshat). Matan\u00eb asaj sht\u00ebpie modeste n\u00eb Himar\u00eb, po gum\u00ebzhin politika e pakic\u00ebs greke. Nj\u00eb gum\u00ebzhitje q\u00eb t\u00eb sjell n\u00eb kujtes\u00eb zhurmnaj\u00ebn p\u00ebr incidentet me priftin e dikursh\u00ebm grek n\u00eb Gjirokast\u00ebr, Kristostomos.<\/p>\n<p>Kujt i intereson kjo ngjashm\u00ebri? Pse eksponent\u00ebt e pakic\u00ebs greke po investohen kaq energjikisht p\u00ebr ta pasur nj\u00eb rast viktime etnike n\u00eb Himar\u00eb? A po bie pre media jon\u00eb n\u00eb k\u00ebt\u00eb tentativ\u00eb t\u00eb hapur propagandistike t\u00eb subjekteve politike t\u00eb pakic\u00ebs greke? A po ia del kjo pakic\u00eb t\u00eb zgjeroj\u00eb gjeografin\u00eb e prezenc\u00ebs s\u00eb saj n\u00eb territorin e Shqip\u00ebris\u00eb dhe a po i afrohet ajo q\u00ebllimit q\u00eb ta imponoj\u00eb shtetin, sidomos qeverin\u00eb shqiptare t\u00eb p\u00ebrballet me aktin e fundit t\u00eb k\u00ebrkes\u00ebs publike p\u00ebr legalizimin e minoritarizmit himarjot?<\/p>\n<p>Asnj\u00eb prej k\u00ebtyre pyetjeve nuk \u00ebsht\u00eb pjell\u00eb retorike, por thjesht nj\u00eb form\u00eb refleksioni. Prej disa vitesh, por sidomos gjat\u00eb k\u00ebtyre 10 vjet\u00ebve t\u00eb fundit, n\u00eb Himar\u00ebn e vog\u00ebl me m\u00eb pak se 10 mij\u00eb banor\u00eb n\u00eb krahin\u00ebn e gjasht\u00eb fshatrave dhe nj\u00eb qyteze, \u00ebsht\u00eb kryer nj\u00eb akt i past\u00ebr \u201casgj\u00ebsimi\u201d politik i partive lokale. Vini re, nd\u00ebrsa \u00ebsht\u00eb mbufatur prej PBDNJ-s\u00eb vdekja e djaloshit Guma, nga krer\u00ebt lokal\u00eb socialist\u00eb, demokrat\u00eb, republikan\u00eb, socialdemokrat\u00eb, LSI-st\u00eb apo p\u00ebrfaq\u00ebsues t\u00eb forcave t\u00eb tjera, ende nuk ka nj\u00eb opinion apo prononcim p\u00ebr mediat.<\/p>\n<p>Kurr\u00eb s\u2019jan\u00eb afishuar deklaratat e tyre p\u00ebr ato \u00e7ka kan\u00eb ndodhur n\u00eb Himar\u00eb apo p\u00ebr sjelljen irrituese t\u00eb omonist\u00ebve, q\u00eb sillen p\u00ebr fushatat tribale-elektorale q\u00eb zhvillohen aty. Propagandistikisht dhe mediatikisht \u00ebsht\u00eb krijuar imazhi sikur kjo zon\u00eb e vog\u00ebl, qenka nj\u00eb oaz monopartiak n\u00eb k\u00ebt\u00eb republik\u00eb. Kjo nuk \u00ebsht\u00eb nj\u00eb rast\u00ebsi, kjo \u00ebsht\u00eb nj\u00eb e v\u00ebrtet\u00eb q\u00eb lidhet me korrupsionin politik, i cili ndon\u00ebse n\u00eb nj\u00eb terren aq lokal, mbart rrezikshm\u00ebrin\u00eb e nj\u00eb krimi antikomb\u00ebtar.<\/p>\n<p>Ky korrupsion politik q\u00eb nuk u adresohet krer\u00ebve lokal\u00eb t\u00eb partive n\u00eb Himar\u00eb, por zyrave qendrore dhe lidershipit t\u00eb lart\u00eb partiak t\u00eb vendit, nuk \u00ebsht\u00eb nj\u00eb neglizhenc\u00eb, ai \u00ebsht\u00eb pjes\u00eb e nj\u00eb strategjie, t\u00eb cil\u00ebn shoq\u00ebria civile dhe segmentet e forta t\u00eb reagimit patriotik duhet ta denoncojn\u00eb, sa nuk \u00ebsht\u00eb von\u00eb. Fjala nuk \u00ebsht\u00eb p\u00ebr fushata dhe v\u00ebrshime populiste, as p\u00ebr parulla n\u00ebp\u00ebr mure, si\u00e7 ngjet r\u00ebndom\u00eb n\u00ebp\u00ebr rrug\u00ebt dhe fasadat e zon\u00ebs aktualisht, por p\u00ebr rikthimin e nj\u00eb vlere t\u00eb re p\u00ebrfaq\u00ebsimi intelektual n\u00eb Himar\u00eb.<\/p>\n<p>Kjo vler\u00eb p\u00ebrfaq\u00ebsimi \u00ebsht\u00eb vrar\u00eb p\u00ebrgjat\u00eb 20 vjet\u00ebve t\u00eb fundit me bekim t\u00eb q\u00ebllimsh\u00ebm. N\u00eb Himar\u00eb u hesht prej shtetit ton\u00eb, kur u shemb\u00ebn objektet muzeale, kur u humb varri i poet\u00ebve, kur u uzurpua oborri i shkoll\u00ebs dhe kur u zhb\u00ebn\u00eb grupet e artist\u00ebve q\u00eb vlejn\u00eb sa profesionist\u00ebt e rrall\u00eb t\u00eb muzik\u00ebs. T\u00eb gjitha k\u00ebto, jan\u00eb pjes\u00eb t\u00eb nj\u00eb s\u00eb t\u00ebre strategji.(!) Tashm\u00eb ka ardhur \u00e7asti jo t\u00eb ndizet dueli propagandistik, por t\u00eb ekspozohet infrastruktura dhe autor\u00ebsia e k\u00ebsaj strategjie.<\/p>\n<p>P\u00ebrplasja etnike n\u00eb Himar\u00eb, n\u00ebse i referohemi pohimit t\u00eb zotit Vangjel Dule n\u00eb BBC, \u201cka marr\u00eb form\u00ebn e gjarprit q\u00eb ngroh vez\u00ebt\u201d. E v\u00ebrteta sa ekzistenca e detit n\u00eb Himar\u00eb, \u00ebsht\u00eb se \u201cgjarpri nuk ishte, por vez\u00ebt kush i solli?\u201d. P\u00ebr t\u2019i flakur ato vez\u00eb, nuk nevojitet as lutja e as ndjesa pran\u00eb Greqis\u00eb, por ndikimi i t\u00eb gjith\u00ebve p\u00ebr rikthimin e nd\u00ebrgjegjes s\u00eb shtetdashjes, ikja prej kriz\u00ebs kaq t\u00eb gjat\u00eb t\u00eb debatit p\u00ebr identitet dhe t\u00eb pozicionimeve antagoniste radikale mes grek\u00ebsis\u00eb s\u00eb shfaqur dhe shqiptar\u00ebsis\u00eb s\u00eb qen\u00eb.<\/p>\n<p>Rikthimi dhe investimi imediat n\u00eb k\u00ebt\u00eb drejtim, k\u00ebrkon demaskim t\u00eb menj\u00ebhersh\u00ebm t\u00eb protagonizmit nacionalist dhe ftes\u00eb serioze p\u00ebr vlerat e p\u00ebrfaq\u00ebsimit t\u00eb k\u00ebtij komuniteti prej mendjehapurve dhe drejtuesve q\u00eb mund t\u00eb jen\u00eb bilingual\u00eb, por q\u00eb kultur\u00ebn e shtet\u00ebsis\u00eb e kan\u00eb shnd\u00ebrruar n\u00eb vler\u00eb t\u00eb nd\u00ebrgjegjshme. Krijimi i pakicave imponuese n\u00eb at\u00eb komunitet t\u00eb pakt\u00eb, nuk \u00ebsht\u00eb vler\u00eb plurale, por q\u00ebllim rekrutimesh t\u00eb err\u00ebta. Ky proces duhet ndalur sa m\u00eb par\u00eb prej institucioneve tona partiake, n\u00eb t\u00eb kund\u00ebrt, heshtja e tyre e sotme \u00ebsht\u00eb parath\u00ebnie p\u00ebr vrasje t\u00eb m\u00ebtejshme ballkanike n\u00eb Himar\u00eb.<\/p>\n<p>N\u00eb Himar\u00eb nuk p\u00ebrplasen kulturat e aq m\u00eb keq komb\u00ebsit\u00eb, aty ka nj\u00eb \u00e7oroditje t\u00eb injektuar komunitare, p\u00ebr t\u00eb cil\u00ebn \u00e7do dit\u00eb e m\u00eb pak prononcohen publikisht intelektual\u00ebt dhe njer\u00ebzit e kultivuar t\u00eb vendit dhe funksionon vet\u00ebm \u201cmegafoni\u201d politik i pakic\u00ebs q\u00eb konkurron vet\u00ebm me veten, pasi pluralizmin partiak n\u00eb at\u00eb zon\u00eb, e kan\u00eb memec\u00ebruar p\u00ebr q\u00ebllim t\u00eb korrupsionit politik, dy partit\u00eb kryesore n\u00eb Tiran\u00eb.<\/p>\n","protected":false},"excerpt":{"rendered":"<p>Aleksand\u00ebr \u00c7ipa Himara me incidento-aksidentin e fundit, t\u00eb vrasjes s\u00eb djaloshit 35-vje\u00e7ar Aristotel Guma, po shnd\u00ebrrohet n\u00eb nj\u00eb kazus politik mes p\u00ebrfaq\u00ebsuesve t\u00eb pakic\u00ebs greke dhe shtetit shqiptar dhe sipas gjasave, mes Greqis\u00eb zyrtare dhe Shqip\u00ebris\u00eb. Shteti shqiptar e ka shp\u00ebrfillur q\u00ebllimin opozitaro-etnik t\u00eb zotit Dule, deri n\u00eb k\u00ebto \u00e7aste, duke u v\u00ebn\u00eb n\u00eb nj\u00ebfar\u00eb [&hellip;]<\/p>\n","protected":false},"author":1,"featured_media":0,"comment_status":"open","ping_status":"closed","sticky":false,"template":"","format":"standard","meta":{"footnotes":""},"categories":[2],"tags":[],"class_list":{"0":"post-3768","1":"post","2":"type-post","3":"status-publish","4":"format-standard","6":"category-artikuj"},"yoast_head":"<!-- This site is optimized with the Yoast SEO plugin v27.4 - https:\/\/yoast.com\/product\/yoast-seo-wordpress\/ -->\n<title>N\u00eb Himar\u00eb u vra i pari pluripartizmi - FjALA e LIR\u00cb - Arkivi<\/title>\n<meta name=\"robots\" content=\"index, follow, max-snippet:-1, max-image-preview:large, max-video-preview:-1\" \/>\n<link rel=\"canonical\" href=\"https:\/\/fjala.info\/2009-2015\/ne-himare-u-vra-i-pari-pluripartizmi\/\" \/>\n<meta property=\"og:locale\" content=\"sq_AL\" \/>\n<meta property=\"og:type\" content=\"article\" \/>\n<meta property=\"og:title\" content=\"N\u00eb Himar\u00eb u vra i pari pluripartizmi - FjALA e LIR\u00cb - Arkivi\" \/>\n<meta property=\"og:description\" content=\"Aleksand\u00ebr \u00c7ipa Himara me incidento-aksidentin e fundit, t\u00eb vrasjes s\u00eb djaloshit 35-vje\u00e7ar Aristotel Guma, po shnd\u00ebrrohet n\u00eb nj\u00eb kazus politik mes p\u00ebrfaq\u00ebsuesve t\u00eb pakic\u00ebs greke dhe shtetit shqiptar dhe sipas gjasave, mes Greqis\u00eb zyrtare dhe Shqip\u00ebris\u00eb. Shteti shqiptar e ka shp\u00ebrfillur q\u00ebllimin opozitaro-etnik t\u00eb zotit Dule, deri n\u00eb k\u00ebto \u00e7aste, duke u v\u00ebn\u00eb n\u00eb nj\u00ebfar\u00eb [&hellip;]\" \/>\n<meta property=\"og:url\" content=\"https:\/\/fjala.info\/2009-2015\/ne-himare-u-vra-i-pari-pluripartizmi\/\" \/>\n<meta property=\"og:site_name\" content=\"FjALA e LIR\u00cb - Arkivi\" \/>\n<meta property=\"article:published_time\" content=\"2010-08-18T20:25:59+00:00\" \/>\n<meta property=\"og:image\" content=\"http:\/\/www.shkoder.net\/images\/fjala\/aleksander_cipa.jpg\" \/>\n<meta name=\"author\" content=\"admin\" \/>\n<meta name=\"twitter:card\" content=\"summary_large_image\" \/>\n<meta name=\"twitter:label1\" content=\"Written by\" \/>\n\t<meta name=\"twitter:data1\" content=\"admin\" \/>\n\t<meta name=\"twitter:label2\" content=\"Est. reading time\" \/>\n\t<meta name=\"twitter:data2\" content=\"5 minutes\" \/>\n<script type=\"application\/ld+json\" class=\"yoast-schema-graph\">{\"@context\":\"https:\\\/\\\/schema.org\",\"@graph\":[{\"@type\":\"Article\",\"@id\":\"https:\\\/\\\/fjala.info\\\/2009-2015\\\/ne-himare-u-vra-i-pari-pluripartizmi\\\/#article\",\"isPartOf\":{\"@id\":\"https:\\\/\\\/fjala.info\\\/2009-2015\\\/ne-himare-u-vra-i-pari-pluripartizmi\\\/\"},\"author\":{\"name\":\"admin\",\"@id\":\"https:\\\/\\\/fjala.info\\\/2009-2015\\\/#\\\/schema\\\/person\\\/3aa1163ef05469c496fc94e77611ada2\"},\"headline\":\"N\u00eb Himar\u00eb u vra i pari pluripartizmi\",\"datePublished\":\"2010-08-18T20:25:59+00:00\",\"mainEntityOfPage\":{\"@id\":\"https:\\\/\\\/fjala.info\\\/2009-2015\\\/ne-himare-u-vra-i-pari-pluripartizmi\\\/\"},\"wordCount\":1102,\"commentCount\":0,\"publisher\":{\"@id\":\"https:\\\/\\\/fjala.info\\\/2009-2015\\\/#organization\"},\"image\":{\"@id\":\"https:\\\/\\\/fjala.info\\\/2009-2015\\\/ne-himare-u-vra-i-pari-pluripartizmi\\\/#primaryimage\"},\"thumbnailUrl\":\"http:\\\/\\\/www.shkoder.net\\\/images\\\/fjala\\\/aleksander_cipa.jpg\",\"articleSection\":[\"Artikuj\"],\"inLanguage\":\"sq-AL\",\"potentialAction\":[{\"@type\":\"CommentAction\",\"name\":\"Comment\",\"target\":[\"https:\\\/\\\/fjala.info\\\/2009-2015\\\/ne-himare-u-vra-i-pari-pluripartizmi\\\/#respond\"]}]},{\"@type\":\"WebPage\",\"@id\":\"https:\\\/\\\/fjala.info\\\/2009-2015\\\/ne-himare-u-vra-i-pari-pluripartizmi\\\/\",\"url\":\"https:\\\/\\\/fjala.info\\\/2009-2015\\\/ne-himare-u-vra-i-pari-pluripartizmi\\\/\",\"name\":\"N\u00eb Himar\u00eb u vra i pari pluripartizmi - FjALA e LIR\u00cb - Arkivi\",\"isPartOf\":{\"@id\":\"https:\\\/\\\/fjala.info\\\/2009-2015\\\/#website\"},\"primaryImageOfPage\":{\"@id\":\"https:\\\/\\\/fjala.info\\\/2009-2015\\\/ne-himare-u-vra-i-pari-pluripartizmi\\\/#primaryimage\"},\"image\":{\"@id\":\"https:\\\/\\\/fjala.info\\\/2009-2015\\\/ne-himare-u-vra-i-pari-pluripartizmi\\\/#primaryimage\"},\"thumbnailUrl\":\"http:\\\/\\\/www.shkoder.net\\\/images\\\/fjala\\\/aleksander_cipa.jpg\",\"datePublished\":\"2010-08-18T20:25:59+00:00\",\"breadcrumb\":{\"@id\":\"https:\\\/\\\/fjala.info\\\/2009-2015\\\/ne-himare-u-vra-i-pari-pluripartizmi\\\/#breadcrumb\"},\"inLanguage\":\"sq-AL\",\"potentialAction\":[{\"@type\":\"ReadAction\",\"target\":[\"https:\\\/\\\/fjala.info\\\/2009-2015\\\/ne-himare-u-vra-i-pari-pluripartizmi\\\/\"]}]},{\"@type\":\"ImageObject\",\"inLanguage\":\"sq-AL\",\"@id\":\"https:\\\/\\\/fjala.info\\\/2009-2015\\\/ne-himare-u-vra-i-pari-pluripartizmi\\\/#primaryimage\",\"url\":\"http:\\\/\\\/www.shkoder.net\\\/images\\\/fjala\\\/aleksander_cipa.jpg\",\"contentUrl\":\"http:\\\/\\\/www.shkoder.net\\\/images\\\/fjala\\\/aleksander_cipa.jpg\"},{\"@type\":\"BreadcrumbList\",\"@id\":\"https:\\\/\\\/fjala.info\\\/2009-2015\\\/ne-himare-u-vra-i-pari-pluripartizmi\\\/#breadcrumb\",\"itemListElement\":[{\"@type\":\"ListItem\",\"position\":1,\"name\":\"Home\",\"item\":\"https:\\\/\\\/fjala.info\\\/2009-2015\\\/\"},{\"@type\":\"ListItem\",\"position\":2,\"name\":\"N\u00eb Himar\u00eb u vra i pari pluripartizmi\"}]},{\"@type\":\"WebSite\",\"@id\":\"https:\\\/\\\/fjala.info\\\/2009-2015\\\/#website\",\"url\":\"https:\\\/\\\/fjala.info\\\/2009-2015\\\/\",\"name\":\"FjALA e LIR\u00cb - Arkivi\",\"description\":\"Arkivi 2009-2015\",\"publisher\":{\"@id\":\"https:\\\/\\\/fjala.info\\\/2009-2015\\\/#organization\"},\"potentialAction\":[{\"@type\":\"SearchAction\",\"target\":{\"@type\":\"EntryPoint\",\"urlTemplate\":\"https:\\\/\\\/fjala.info\\\/2009-2015\\\/?s={search_term_string}\"},\"query-input\":{\"@type\":\"PropertyValueSpecification\",\"valueRequired\":true,\"valueName\":\"search_term_string\"}}],\"inLanguage\":\"sq-AL\"},{\"@type\":\"Organization\",\"@id\":\"https:\\\/\\\/fjala.info\\\/2009-2015\\\/#organization\",\"name\":\"FjALA e LIR\u00cb - Arkivi\",\"url\":\"https:\\\/\\\/fjala.info\\\/2009-2015\\\/\",\"logo\":{\"@type\":\"ImageObject\",\"inLanguage\":\"sq-AL\",\"@id\":\"https:\\\/\\\/fjala.info\\\/2009-2015\\\/#\\\/schema\\\/logo\\\/image\\\/\",\"url\":\"\",\"contentUrl\":\"\",\"caption\":\"FjALA e LIR\u00cb - Arkivi\"},\"image\":{\"@id\":\"https:\\\/\\\/fjala.info\\\/2009-2015\\\/#\\\/schema\\\/logo\\\/image\\\/\"}},{\"@type\":\"Person\",\"@id\":\"https:\\\/\\\/fjala.info\\\/2009-2015\\\/#\\\/schema\\\/person\\\/3aa1163ef05469c496fc94e77611ada2\",\"name\":\"admin\",\"image\":{\"@type\":\"ImageObject\",\"inLanguage\":\"sq-AL\",\"@id\":\"https:\\\/\\\/fjala.info\\\/2009-2015\\\/wp-content\\\/uploads\\\/2012\\\/02\\\/arben_cokaj-120x150.jpg\",\"url\":\"https:\\\/\\\/fjala.info\\\/2009-2015\\\/wp-content\\\/uploads\\\/2012\\\/02\\\/arben_cokaj-120x150.jpg\",\"contentUrl\":\"https:\\\/\\\/fjala.info\\\/2009-2015\\\/wp-content\\\/uploads\\\/2012\\\/02\\\/arben_cokaj-120x150.jpg\",\"caption\":\"admin\"},\"description\":\"Admin, Fjala e Lir\u00eb\",\"sameAs\":[\"https:\\\/\\\/fjala.info\\\/\"],\"url\":\"https:\\\/\\\/fjala.info\\\/2009-2015\\\/author\\\/admin\\\/\"}]}<\/script>\n<!-- \/ Yoast SEO plugin. -->","yoast_head_json":{"title":"N\u00eb Himar\u00eb u vra i pari pluripartizmi - FjALA e LIR\u00cb - Arkivi","robots":{"index":"index","follow":"follow","max-snippet":"max-snippet:-1","max-image-preview":"max-image-preview:large","max-video-preview":"max-video-preview:-1"},"canonical":"https:\/\/fjala.info\/2009-2015\/ne-himare-u-vra-i-pari-pluripartizmi\/","og_locale":"sq_AL","og_type":"article","og_title":"N\u00eb Himar\u00eb u vra i pari pluripartizmi - FjALA e LIR\u00cb - Arkivi","og_description":"Aleksand\u00ebr \u00c7ipa Himara me incidento-aksidentin e fundit, t\u00eb vrasjes s\u00eb djaloshit 35-vje\u00e7ar Aristotel Guma, po shnd\u00ebrrohet n\u00eb nj\u00eb kazus politik mes p\u00ebrfaq\u00ebsuesve t\u00eb pakic\u00ebs greke dhe shtetit shqiptar dhe sipas gjasave, mes Greqis\u00eb zyrtare dhe Shqip\u00ebris\u00eb. Shteti shqiptar e ka shp\u00ebrfillur q\u00ebllimin opozitaro-etnik t\u00eb zotit Dule, deri n\u00eb k\u00ebto \u00e7aste, duke u v\u00ebn\u00eb n\u00eb nj\u00ebfar\u00eb [&hellip;]","og_url":"https:\/\/fjala.info\/2009-2015\/ne-himare-u-vra-i-pari-pluripartizmi\/","og_site_name":"FjALA e LIR\u00cb - Arkivi","article_published_time":"2010-08-18T20:25:59+00:00","og_image":[{"url":"http:\/\/www.shkoder.net\/images\/fjala\/aleksander_cipa.jpg","type":"","width":"","height":""}],"author":"admin","twitter_card":"summary_large_image","twitter_misc":{"Written by":"admin","Est. reading time":"5 minutes"},"schema":{"@context":"https:\/\/schema.org","@graph":[{"@type":"Article","@id":"https:\/\/fjala.info\/2009-2015\/ne-himare-u-vra-i-pari-pluripartizmi\/#article","isPartOf":{"@id":"https:\/\/fjala.info\/2009-2015\/ne-himare-u-vra-i-pari-pluripartizmi\/"},"author":{"name":"admin","@id":"https:\/\/fjala.info\/2009-2015\/#\/schema\/person\/3aa1163ef05469c496fc94e77611ada2"},"headline":"N\u00eb Himar\u00eb u vra i pari pluripartizmi","datePublished":"2010-08-18T20:25:59+00:00","mainEntityOfPage":{"@id":"https:\/\/fjala.info\/2009-2015\/ne-himare-u-vra-i-pari-pluripartizmi\/"},"wordCount":1102,"commentCount":0,"publisher":{"@id":"https:\/\/fjala.info\/2009-2015\/#organization"},"image":{"@id":"https:\/\/fjala.info\/2009-2015\/ne-himare-u-vra-i-pari-pluripartizmi\/#primaryimage"},"thumbnailUrl":"http:\/\/www.shkoder.net\/images\/fjala\/aleksander_cipa.jpg","articleSection":["Artikuj"],"inLanguage":"sq-AL","potentialAction":[{"@type":"CommentAction","name":"Comment","target":["https:\/\/fjala.info\/2009-2015\/ne-himare-u-vra-i-pari-pluripartizmi\/#respond"]}]},{"@type":"WebPage","@id":"https:\/\/fjala.info\/2009-2015\/ne-himare-u-vra-i-pari-pluripartizmi\/","url":"https:\/\/fjala.info\/2009-2015\/ne-himare-u-vra-i-pari-pluripartizmi\/","name":"N\u00eb Himar\u00eb u vra i pari pluripartizmi - FjALA e LIR\u00cb - Arkivi","isPartOf":{"@id":"https:\/\/fjala.info\/2009-2015\/#website"},"primaryImageOfPage":{"@id":"https:\/\/fjala.info\/2009-2015\/ne-himare-u-vra-i-pari-pluripartizmi\/#primaryimage"},"image":{"@id":"https:\/\/fjala.info\/2009-2015\/ne-himare-u-vra-i-pari-pluripartizmi\/#primaryimage"},"thumbnailUrl":"http:\/\/www.shkoder.net\/images\/fjala\/aleksander_cipa.jpg","datePublished":"2010-08-18T20:25:59+00:00","breadcrumb":{"@id":"https:\/\/fjala.info\/2009-2015\/ne-himare-u-vra-i-pari-pluripartizmi\/#breadcrumb"},"inLanguage":"sq-AL","potentialAction":[{"@type":"ReadAction","target":["https:\/\/fjala.info\/2009-2015\/ne-himare-u-vra-i-pari-pluripartizmi\/"]}]},{"@type":"ImageObject","inLanguage":"sq-AL","@id":"https:\/\/fjala.info\/2009-2015\/ne-himare-u-vra-i-pari-pluripartizmi\/#primaryimage","url":"http:\/\/www.shkoder.net\/images\/fjala\/aleksander_cipa.jpg","contentUrl":"http:\/\/www.shkoder.net\/images\/fjala\/aleksander_cipa.jpg"},{"@type":"BreadcrumbList","@id":"https:\/\/fjala.info\/2009-2015\/ne-himare-u-vra-i-pari-pluripartizmi\/#breadcrumb","itemListElement":[{"@type":"ListItem","position":1,"name":"Home","item":"https:\/\/fjala.info\/2009-2015\/"},{"@type":"ListItem","position":2,"name":"N\u00eb Himar\u00eb u vra i pari pluripartizmi"}]},{"@type":"WebSite","@id":"https:\/\/fjala.info\/2009-2015\/#website","url":"https:\/\/fjala.info\/2009-2015\/","name":"FjALA e LIR\u00cb - Arkivi","description":"Arkivi 2009-2015","publisher":{"@id":"https:\/\/fjala.info\/2009-2015\/#organization"},"potentialAction":[{"@type":"SearchAction","target":{"@type":"EntryPoint","urlTemplate":"https:\/\/fjala.info\/2009-2015\/?s={search_term_string}"},"query-input":{"@type":"PropertyValueSpecification","valueRequired":true,"valueName":"search_term_string"}}],"inLanguage":"sq-AL"},{"@type":"Organization","@id":"https:\/\/fjala.info\/2009-2015\/#organization","name":"FjALA e LIR\u00cb - Arkivi","url":"https:\/\/fjala.info\/2009-2015\/","logo":{"@type":"ImageObject","inLanguage":"sq-AL","@id":"https:\/\/fjala.info\/2009-2015\/#\/schema\/logo\/image\/","url":"","contentUrl":"","caption":"FjALA e LIR\u00cb - Arkivi"},"image":{"@id":"https:\/\/fjala.info\/2009-2015\/#\/schema\/logo\/image\/"}},{"@type":"Person","@id":"https:\/\/fjala.info\/2009-2015\/#\/schema\/person\/3aa1163ef05469c496fc94e77611ada2","name":"admin","image":{"@type":"ImageObject","inLanguage":"sq-AL","@id":"https:\/\/fjala.info\/2009-2015\/wp-content\/uploads\/2012\/02\/arben_cokaj-120x150.jpg","url":"https:\/\/fjala.info\/2009-2015\/wp-content\/uploads\/2012\/02\/arben_cokaj-120x150.jpg","contentUrl":"https:\/\/fjala.info\/2009-2015\/wp-content\/uploads\/2012\/02\/arben_cokaj-120x150.jpg","caption":"admin"},"description":"Admin, Fjala e Lir\u00eb","sameAs":["https:\/\/fjala.info\/"],"url":"https:\/\/fjala.info\/2009-2015\/author\/admin\/"}]}},"_links":{"self":[{"href":"https:\/\/fjala.info\/2009-2015\/wp-json\/wp\/v2\/posts\/3768","targetHints":{"allow":["GET"]}}],"collection":[{"href":"https:\/\/fjala.info\/2009-2015\/wp-json\/wp\/v2\/posts"}],"about":[{"href":"https:\/\/fjala.info\/2009-2015\/wp-json\/wp\/v2\/types\/post"}],"author":[{"embeddable":true,"href":"https:\/\/fjala.info\/2009-2015\/wp-json\/wp\/v2\/users\/1"}],"replies":[{"embeddable":true,"href":"https:\/\/fjala.info\/2009-2015\/wp-json\/wp\/v2\/comments?post=3768"}],"version-history":[{"count":0,"href":"https:\/\/fjala.info\/2009-2015\/wp-json\/wp\/v2\/posts\/3768\/revisions"}],"wp:attachment":[{"href":"https:\/\/fjala.info\/2009-2015\/wp-json\/wp\/v2\/media?parent=3768"}],"wp:term":[{"taxonomy":"category","embeddable":true,"href":"https:\/\/fjala.info\/2009-2015\/wp-json\/wp\/v2\/categories?post=3768"},{"taxonomy":"post_tag","embeddable":true,"href":"https:\/\/fjala.info\/2009-2015\/wp-json\/wp\/v2\/tags?post=3768"}],"curies":[{"name":"wp","href":"https:\/\/api.w.org\/{rel}","templated":true}]}}