{"id":3766,"date":"2010-08-17T22:43:13","date_gmt":"2010-08-17T21:43:13","guid":{"rendered":"http:\/\/fjala.shkoder.net\/?p=3766"},"modified":"2010-08-17T22:43:13","modified_gmt":"2010-08-17T21:43:13","slug":"mbroni-demokracine","status":"publish","type":"post","link":"https:\/\/fjala.info\/2009-2015\/mbroni-demokracine\/","title":{"rendered":"&#8216;Mbroni Demokracin\u00eb!&#8217;"},"content":{"rendered":"<p><img decoding=\"async\" style=\"margin-left: 10px; margin-right: 10px; border: 0px;\" title=\"Bledar H. Prifti\" src=\"http:\/\/www.shkoder.net\/images\/fjala\/bledar_prifti.jpg\" border=\"0\" alt=\"\" width=\"150\" align=\"right\" \/><\/p>\n<p><strong>Bledar H. Prifti<\/strong>, <em>17.08.2010<\/em><\/p>\n<p>Shum\u00eb pak mediave dhe analist\u00ebve mund t&#8217;iu ken\u00eb shp\u00ebtuar deklarimet e Ambasadori Amerikan, John L. Withers II, n\u00eb emisionin &#8220;Top Story&#8221; t\u00eb Sokol Ball\u00ebs.<\/p>\n<p>Gjithashtu, shum\u00eb pak mediave dhe analist\u00ebve mund t&#8217;ju ket\u00eb shp\u00ebtuar \u00e7\u00ebshtja e letr\u00ebs &#8220;anonime&#8221; q\u00eb Zv. Kryeministri dhe Ministri i Jasht\u00ebm , Ilir Meta, i ka d\u00ebrguar Washingtonit si shprehje e shqet\u00ebsimit kund\u00ebr deklaratave dhe q\u00ebndrimeve t\u00eb Ambasadorit Amerikan n\u00eb Tiran\u00eb. Por, shum\u00eb pak media dhe analist\u00eb reaguan p\u00ebrkundrejt k\u00ebtyre ngjarjeve shum\u00eb t\u00eb r\u00ebnd\u00ebsishme t\u00eb politik\u00ebs son\u00eb t\u00eb jashtme.<\/p>\n<p>Pjesa d\u00ebrrmuese e mediave i dhan\u00eb m\u00eb shum\u00eb hap\u00ebsir\u00eb publicitare pushimeve t\u00eb notarit-kryeminist\u00ebr sesa i dhan\u00eb hap\u00ebsir\u00eb mediatike incidentit t\u00eb r\u00ebnd\u00eb diplomatik midis Shqip\u00ebris\u00eb dhe Shteteve t\u00eb Bashkuara t\u00eb Amerik\u00ebs (SHBA).<\/p>\n<p>Kush &#8220;merr pak er\u00eb&#8221; nga parimet baz\u00eb t\u00eb diplomacis\u00eb duhet ta kuptoj\u00eb se p\u00ebr SHBA-n\u00eb, veprimet politike t\u00eb qeveris\u00eb shqiptare (p\u00ebrfshir\u00eb k\u00ebtu edhe letr\u00ebn &#8220;anonime&#8221; t\u00eb Ministrit t\u00eb Jasht\u00ebm) jan\u00eb tregues shum\u00eb i fuqish\u00ebm i faktit se qeveria shqiptare \u00ebsht\u00eb injorante dhe e pap\u00ebrgjegjshme n\u00eb kryerjen e misionit t\u00eb saj dhe e pabesueshme n\u00eb nj\u00eb partneritet nd\u00ebrkomb\u00ebtar.<\/p>\n<p>N\u00eb &#8220;Top Story&#8221;, Ambasadori Amerikan l\u00ebshoi tre deklarata shum\u00eb t\u00eb fuqishme q\u00eb jo vet\u00ebm nuk mund t\u00eb injorohen nga media, politika, dhe shoq\u00ebria, por duhet konsideruar prioritet p\u00ebr \u00e7do l\u00ebvizje sociale dhe politike n\u00eb vend. S\u00eb pari, Ambasadori l\u00ebshoi deklarat\u00ebn-k\u00ebshill\u00eb p\u00ebr Shqiptar\u00ebt: &#8220;Mbroni Demokracin\u00eb!&#8221;.<\/p>\n<p>Pavar\u00ebsisht &#8220;zbukurimeve&#8221; q\u00eb Ambasadori i b\u00ebri deklarat\u00ebs s\u00eb tij &#8220;bomb\u00eb&#8221;, kuptohet nga t\u00eb gjith\u00eb se n\u00eb vendet me demokraci n\u00eb progres apo t\u00eb q\u00ebndrueshme p\u00ebrdoret k\u00ebshilla &#8220;Forconi Demokracin\u00eb!&#8221; kurse n\u00eb vendet me demokraci regresive dhe t\u00eb k\u00ebrc\u00ebnuar p\u00ebrdoret k\u00ebshilla &#8220;Mbroni Demokracin\u00eb!&#8221; Prej k\u00ebtej, duhet kuptuar se demokracia e brisht\u00eb shqiptare \u00ebsht\u00eb n\u00eb regres t\u00eb vazhduesh\u00ebm dhe n\u00ebn nj\u00eb k\u00ebrc\u00ebnim gjithmon\u00eb edhe m\u00eb t\u00eb madh nga element\u00eb antidemokratik.<\/p>\n<p>N\u00eb vazhdim, Ambasadori l\u00ebshon nj\u00eb deklarat\u00eb tjet\u00ebr t\u00eb fort\u00eb kur ai thekson se disa individ\u00eb t\u00eb cil\u00ebt personalizojn\u00eb deklaratat e tij ose jan\u00eb t\u00eb keqinformuar ose luajn\u00eb rolin e INJORANTIT n\u00eb lidhje me m\u00ebnyr\u00ebn se si funksionon diplomacia Amerikane. Ambasadori theksoi fuqimisht se \u00e7do deklarat\u00eb e tij ka qen\u00eb q\u00ebndrimi zyrtar i Washingtonit dhe i Sekretares Klinton.<\/p>\n<p>Dhe \u00ebsht\u00eb m\u00ebse e kuptueshme nga t\u00eb gjith\u00eb q\u00eb Ambasadori i drejtohet pushtetar\u00ebve shqiptar\u00eb q\u00eb kan\u00eb l\u00ebshuar deklarata t\u00eb atilla p\u00ebrkundrejt tij. N\u00eb m\u00ebnyr\u00eb m\u00eb t\u00eb specifikuar, kjo deklarat\u00eb e Ambasadorit Amerikan i drejtohet Ministrit t\u00eb Jasht\u00ebm Ilir Meta.<\/p>\n<p>Kjo deklarat\u00eb e Ambasadorit vjen si kund\u00ebrp\u00ebrgjigje ndaj letr\u00ebs &#8220;anonime&#8221; q\u00eb Ministri Meta i kishte d\u00ebrguar Washingtonit, let\u00ebr e cila konsistonte n\u00eb ankesa p\u00ebrkundrejt Ambasadorit dhe deklaratave t\u00eb tij.<\/p>\n<p>Kujtdo mund t&#8217;i kujtohet shum\u00eb mir\u00eb deklarata e Ministrit Meta kur ai u pyet nga shum\u00eb media shqiptare rreth q\u00ebndrimeve dhe deklaratave t\u00eb Ambasadorit Amerikan p\u00ebrsa i p\u00ebrket \u00e7\u00ebshtjes s\u00eb debatuar t\u00eb &#8220;SHISH&#8221; dhe em\u00ebrimeve nga parlamenti t\u00eb gjykat\u00ebsve. Ministri Meta reagoi duke deklaruar se &#8220;\u00e7do individ ka t\u00eb drejt\u00ebn t\u00eb japi mendimet e tij personale&#8221;.<\/p>\n<p>Mediat e posedojn\u00eb k\u00ebt\u00eb deklarat\u00eb t\u00eb Ilir Met\u00ebs t\u00eb regjistruar, por ngelet akoma p\u00ebr t&#8217;u p\u00ebrcaktuar n\u00ebse k\u00ebto media nuk e ripublikojn\u00eb deklarat\u00ebn p\u00ebr shkak t\u00eb lidhjes s\u00eb tyre me pushtetin apo p\u00ebr shkak t\u00eb paaft\u00ebsis\u00eb dhe injoranc\u00ebs p\u00ebr t\u00eb p\u00ebrmbushur detyrimet dhe funksionet e tyre p\u00ebrkundrejt shoq\u00ebris\u00eb.<\/p>\n<p>Media konsiderohet &#8220;pushteti i kat\u00ebrt&#8221; dhe ka p\u00ebr detyr\u00eb t\u00eb kontrolloj\u00eb pushtetet e tjera dhe jo t&#8217;i sh\u00ebrbej\u00eb atyre, me ose pa vet\u00ebdije. Deklarata t\u00eb ngjashme jan\u00eb b\u00ebr\u00eb disa her\u00eb n\u00eb media nga ministri n\u00eb fjal\u00eb dhe koleg\u00ebt e tij pushtetar\u00eb.<\/p>\n<p>P\u00ebr m\u00eb shum\u00eb, deklarata pararend\u00ebse e Ambasadorit n\u00eb studion e &#8220;Top Story&#8221; \u00ebsht\u00eb prelud i nj\u00eb deklarate &#8220;bomb\u00eb&#8221; q\u00eb tregon marr\u00ebzin\u00eb e qeveris\u00eb shqiptare dhe k\u00ebrc\u00ebnimin q\u00eb i b\u00ebhet an\u00ebtar\u00ebsimit dhe partneritetit n\u00eb NATO-n nga veprimet e k\u00ebsaj &#8220;qeverie kamikaz\u00ebsh&#8221;.<\/p>\n<p>N\u00eb m\u00ebnyr\u00eb t\u00eb hapur, si rrall\u00eb ndonj\u00ebher\u00eb, Ambasadori Withers deklaroi se qeveria shqiptare ka shkelur paktin e firmosur me NATO-n, pakt i cili e detyronte qeverin\u00eb shqiptare q\u00eb n\u00eb tre vitet q\u00eb do t\u00eb pasonin an\u00ebtar\u00ebsimin n\u00eb NATO t\u00eb mos b\u00ebnte asnj\u00eb l\u00ebvizje n\u00eb struktur\u00eb dhe n\u00eb personelin strategjik t\u00eb institucioneve q\u00eb kishin lidhje me sigurin\u00eb komb\u00ebtare, rajonale, dhe globale.<\/p>\n<p>Ambasadori n\u00ebnvizoi se shkelja e paktit komplikon dhe v\u00eb n\u00eb rrezik serioz partneritetin dhe q\u00ebndrimin e Shqip\u00ebris\u00eb n\u00eb institucionin e NATO-s.<\/p>\n<p>Duke d\u00ebgjuar k\u00ebto deklarata t\u00eb drejtp\u00ebrdrejta, nuk arrij ta kuptoj se \u00e7&#8217;duhet t\u00eb deklaronte m\u00eb fort\u00eb Ambasadori me q\u00ebllim q\u00eb t\u00eb vinte n\u00eb l\u00ebvizje median, analist\u00ebt, dhe mbar\u00eb opinionin publik.<\/p>\n<p>N\u00eb aspektin m\u00eb pozitiv, k\u00ebto deklarata t\u00eb Ambasadorit p\u00ebrdoren nga shum\u00eb pak analist\u00eb (1-2) si argument suplementar p\u00ebr t\u00eb analizuar nj\u00eb \u00e7\u00ebshtje q\u00eb n\u00eb t\u00eb v\u00ebrtet \u00ebsht\u00eb dyt\u00ebsore, kurse n\u00eb aspektin m\u00eb negativ\u00eb, k\u00ebto deklarata jo vet\u00ebm q\u00eb nuk analizohen publikisht por ajo keqinterpretohet q\u00ebllimisht dhe marr\u00ebzisht.<\/p>\n<p>\u00cbsht\u00eb e papranueshme q\u00eb nj\u00eb \u00e7\u00ebshtje par\u00ebsore si\u00e7 \u00ebsht\u00eb demokracia apo marr\u00ebdh\u00ebniet me partner strategjik\u00eb t\u00eb konsiderohen si \u00e7\u00ebshtje t\u00eb dor\u00ebs s\u00eb dyt\u00eb apo t\u00eb injorohen dhe keqp\u00ebrdoren nga media dhe pushteti deri n\u00eb kufijt\u00eb e marr\u00ebzis\u00eb dhe perversitetit politik.<\/p>\n<p>P\u00ebr t\u00eb mashtruar opinionin publik, disa syresh, p\u00ebrfaq\u00ebsues dhe hafije t\u00eb pushtetit Berisha-Meta, p\u00ebrdorin deklaratat e Departamentit t\u00eb Shtetit p\u00ebr marr\u00ebdh\u00ebnie &#8220;t\u00eb forta&#8221; me Shqip\u00ebrin\u00eb p\u00ebr t\u00eb mbuluar injoranc\u00ebn, paaft\u00ebsin\u00eb, dhe marr\u00ebzin\u00eb e qeverive shqiptare n\u00eb marr\u00ebdh\u00ebnie me SHBA.<\/p>\n<p>N\u00eb momentet e fundit t\u00eb q\u00ebndrimit n\u00eb Shqip\u00ebri (n\u00eb aeroportin &#8220;N\u00ebn\u00eb Tereza&#8221;), Ambasadori Amerikan deklaroi se marr\u00ebdh\u00ebniet Shqip\u00ebri-SHBA jan\u00eb &#8220;t\u00eb forta&#8221; dhe se pavar\u00ebsisht opinioneve t\u00eb ndryshme, &#8220;lidhja midis dy popujve \u00ebsht\u00eb shum\u00eb e ve\u00e7ant\u00eb&#8221;. Si\u00e7 kuptohet qart\u00eb, k\u00ebtu Ambasadori nuk i referohet n\u00eb asnj\u00eb moment lidhjeve me qeverit\u00eb e Tiran\u00ebs.<\/p>\n<p>Ai i referohet marr\u00ebdh\u00ebnieve midis dy popujve; marr\u00ebdh\u00ebnie q\u00eb kan\u00eb filluar q\u00eb me krijimin e shtetit shqiptar\u00eb, q\u00eb kan\u00eb vazhduar edhe gjat\u00eb regjimit komunist, q\u00eb u intensifikuan gjat\u00eb rr\u00ebzimit t\u00eb regjimit komunist, dhe q\u00eb kulminuan n\u00eb dit\u00ebt e sotme, sidomos pas sulmeve t\u00eb NATO-s mbi regjimin e Milloshevi\u00e7it dhe pavar\u00ebsis\u00eb s\u00eb Kosov\u00ebs.<\/p>\n<p>Deklaratat rutin\u00eb t\u00eb Departamentit t\u00eb Shtetit n\u00eb lidhje me roli politik\u00ebs son\u00eb t\u00eb jashtme n\u00eb rajon nuk kan\u00eb t\u00eb b\u00ebj\u00eb m\u00eb nj\u00eb vler\u00ebsim real t\u00eb politik\u00ebs son\u00eb t\u00eb jashtme, por me nj\u00eb angazhim t\u00eb qeveris\u00eb amerikan\u00eb p\u00ebr t\u00eb inkurajuar dhe mbajtur n\u00ebn v\u00ebzhgim performanc\u00ebn e qeveris\u00eb son\u00eb n\u00eb rajon.<\/p>\n<p>Por kjo nuk duhet t\u00eb ngat\u00ebrrohet dhe t\u00eb portretizohet si marr\u00ebdh\u00ebnie &#8220;t\u00eb forta&#8221; midis qeverive pasi ajo nuk ka qen\u00eb e till\u00eb as gjat\u00eb regjimit komunist, as gjat\u00eb qeverisjes 1992-1996 t\u00eb Sali Berish\u00ebs, as gjat\u00eb qeverisjes s\u00eb Fatos Nanos (p\u00ebrjashtim b\u00ebn rasti kur kryeminist\u00ebr ishte Z. Pandeli Majko), dhe as sot gjat\u00eb qeverisjes p\u00ebrs\u00ebri t\u00eb Sali Berish\u00ebs dhe Ilir Met\u00ebs.<\/p>\n<p>Por, duhet theksuar gjithashtu se n\u00eb diplomaci shum\u00eb pak \u00e7\u00ebshtje nd\u00ebrqeveritare b\u00ebhen publike. N\u00ebse nj\u00eb shqet\u00ebsim diplomatik b\u00ebhet publik, at\u00ebher\u00eb diplomacia midis dy vendeve \u00ebsht\u00eb drejtuar drejt incidenteve m\u00eb t\u00eb r\u00ebnda apo edhe drejt kolapsit.<\/p>\n<p>Deklaratat dhe b\u00ebrja publike e nj\u00eb \u00e7\u00ebshtje t\u00eb caktuar nuk \u00ebsht\u00eb gj\u00eb tjet\u00ebr ve\u00e7se nj\u00eb m\u00ebnyr\u00eb p\u00ebr &#8220;t&#8217;i t\u00ebrhequr v\u00ebmendjen&#8221; dhe p\u00ebr t\u00eb paralajm\u00ebruar shoq\u00ebrin\u00eb dhe qeverin\u00eb p\u00ebr veprime diplomatike m\u00eb t\u00eb ashpra n\u00eb t\u00eb ardhmen.<\/p>\n<p>Por \u00e7far\u00eb duhet t\u00eb kuptojm\u00eb dhe m\u00ebsojm\u00eb nga gjendja aktuale e demokracis\u00eb dhe politik\u00ebs son\u00eb t\u00eb jashtme? S\u00eb pari, besoj se p\u00ebrsa i p\u00ebrket politik\u00ebs s\u00eb jashtme, SHBA kan\u00eb t\u00eb gjith\u00eb potencialin politik p\u00ebr t\u00eb frenuar marr\u00ebzin\u00eb e qeveris\u00eb Berisha-Meta n\u00eb lidhje me politik\u00ebn e jashtme dhe me \u00e7\u00ebshtje q\u00eb lidhen direkt me sigurin\u00eb e NATO-s, t\u00eb rajonit, dhe m\u00eb gjer\u00eb.<\/p>\n<p>SHBA posedon t\u00eb gjith\u00eb mekanizmat p\u00ebr ta frenuar dhe b\u00ebr\u00eb nul\u00eb nj\u00eb politik perverse dhe t\u00eb marr\u00eb si\u00e7 \u00ebsht\u00eb ajo q\u00eb po prodhon qeveria aktuale e Shqip\u00ebris\u00eb. SHBA ka ditur t\u00eb mir\u00eb menaxhoj\u00eb n\u00eb t\u00eb shkuar\u00ebn situata tejet m\u00eb t\u00eb komplikuara me aktor\u00eb tejet m\u00eb t\u00eb marr\u00eb dhe t\u00eb fuqish\u00ebm sesa dyshja Berisha-Meta.<br \/>\nDikush me t\u00eb drejt\u00eb do t\u00eb pyeste se mir\u00eb p\u00ebr politik\u00ebn e jashtme e kemi t\u00eb qart\u00eb, por si i b\u00ebhet halli me demokracin\u00eb n\u00eb vend?!<\/p>\n<p>Duhet fiksuar nj\u00ebher\u00eb e mir\u00eb n\u00eb mendjet tona se jemi ne p\u00ebrgjegj\u00ebsit kryesor\u00eb p\u00ebr gjendjen e demokracis\u00eb n\u00eb vend. SHBA mund t\u00eb jap k\u00ebshilla dhe rekomandime por nuk mund t\u00eb zgjedh qeveritar\u00ebt Shqiptar\u00eb.<\/p>\n<p>Sidomos q\u00eb pas formimit t\u00eb &#8220;Church Committee&#8221;, qeveria Amerikane nuk mund t\u00eb ket\u00eb asnj\u00eb influenc\u00eb direkte mbi vendet e huaja (q\u00eb nuk p\u00ebrb\u00ebjn\u00eb k\u00ebrc\u00ebnim p\u00ebr sigurin\u00eb globale) p\u00ebr t\u00eb larguar diktator\u00eb dhe p\u00ebr t\u00eb sjell\u00eb n\u00eb pushtet qeveri demokratike. Tashm\u00eb ajo \u00ebsht\u00eb detyr\u00eb e \u00e7do populli t\u00eb largoj\u00eb p\u00ebrmes \u00e7do mjeti qeverit\u00eb diktatoriale q\u00eb punojn\u00eb kund\u00ebr interesave t\u00eb shteteve dhe shoq\u00ebrive t\u00eb tyre.<\/p>\n<p>\u00cbsht\u00eb detyr\u00eb e \u00e7do populli t\u00eb mbroj\u00eb dhe konsolidoj\u00eb demokracin\u00eb dhe t\u00eb drejtat e tij t\u00eb patjet\u00ebrsueshme.<\/p>\n<p>Ambasadori Amerikan deklaroi se demokracit\u00eb gjenden ngaher\u00eb t\u00eb k\u00ebrc\u00ebnuara nga element\u00eb antidemokratik dhe se shum\u00eb vullnet, aspirata, dhe sakrifica k\u00ebrkohen p\u00ebr ta mbrojtur at\u00eb. Duke qen\u00eb i vet\u00ebdijsh\u00ebm p\u00ebr rreziqet q\u00eb i kanosen vazhdim\u00ebsisht demokracis\u00eb dhe me idealin dhe aspirat\u00ebn p\u00ebr nj\u00eb republik\u00eb demokratike, Thomas Jefferson deklaroi se &#8220;\u00e7do gjenerat\u00eb ka nevoj\u00eb p\u00ebr nj\u00eb revolucion!&#8221;.<\/p>\n<p>Por ai ishte i drejtp\u00ebrdrejt kur theksoi se jo \u00e7do shoq\u00ebri e meriton demokracin\u00eb. P\u00ebr Jefferson, &#8220;nj\u00eb shoq\u00ebri q\u00eb shk\u00ebmben pak demokraci p\u00ebr pak\u00ebz rregull do t&#8217;i humbas\u00eb q\u00eb t\u00eb dyja dhe nuk meriton asnj\u00eb nga t\u00eb dyja.&#8221;<\/p>\n","protected":false},"excerpt":{"rendered":"<p>Bledar H. Prifti, 17.08.2010 Shum\u00eb pak mediave dhe analist\u00ebve mund t&#8217;iu ken\u00eb shp\u00ebtuar deklarimet e Ambasadori Amerikan, John L. Withers II, n\u00eb emisionin &#8220;Top Story&#8221; t\u00eb Sokol Ball\u00ebs. Gjithashtu, shum\u00eb pak mediave dhe analist\u00ebve mund t&#8217;ju ket\u00eb shp\u00ebtuar \u00e7\u00ebshtja e letr\u00ebs &#8220;anonime&#8221; q\u00eb Zv. Kryeministri dhe Ministri i Jasht\u00ebm , Ilir Meta, i ka d\u00ebrguar [&hellip;]<\/p>\n","protected":false},"author":1,"featured_media":0,"comment_status":"open","ping_status":"closed","sticky":false,"template":"","format":"standard","meta":{"footnotes":""},"categories":[2],"tags":[],"class_list":{"0":"post-3766","1":"post","2":"type-post","3":"status-publish","4":"format-standard","6":"category-artikuj"},"yoast_head":"<!-- This site is optimized with the Yoast SEO plugin v27.4 - https:\/\/yoast.com\/product\/yoast-seo-wordpress\/ -->\n<title>&#039;Mbroni Demokracin\u00eb!&#039; - FjALA e LIR\u00cb - Arkivi<\/title>\n<meta name=\"robots\" content=\"index, follow, max-snippet:-1, max-image-preview:large, max-video-preview:-1\" \/>\n<link rel=\"canonical\" href=\"https:\/\/fjala.info\/2009-2015\/mbroni-demokracine\/\" \/>\n<meta property=\"og:locale\" content=\"sq_AL\" \/>\n<meta property=\"og:type\" content=\"article\" \/>\n<meta property=\"og:title\" content=\"&#039;Mbroni Demokracin\u00eb!&#039; - FjALA e LIR\u00cb - Arkivi\" \/>\n<meta property=\"og:description\" content=\"Bledar H. Prifti, 17.08.2010 Shum\u00eb pak mediave dhe analist\u00ebve mund t&#8217;iu ken\u00eb shp\u00ebtuar deklarimet e Ambasadori Amerikan, John L. Withers II, n\u00eb emisionin &#8220;Top Story&#8221; t\u00eb Sokol Ball\u00ebs. Gjithashtu, shum\u00eb pak mediave dhe analist\u00ebve mund t&#8217;ju ket\u00eb shp\u00ebtuar \u00e7\u00ebshtja e letr\u00ebs &#8220;anonime&#8221; q\u00eb Zv. Kryeministri dhe Ministri i Jasht\u00ebm , Ilir Meta, i ka d\u00ebrguar [&hellip;]\" \/>\n<meta property=\"og:url\" content=\"https:\/\/fjala.info\/2009-2015\/mbroni-demokracine\/\" \/>\n<meta property=\"og:site_name\" content=\"FjALA e LIR\u00cb - Arkivi\" \/>\n<meta property=\"article:published_time\" content=\"2010-08-17T21:43:13+00:00\" \/>\n<meta property=\"og:image\" content=\"http:\/\/www.shkoder.net\/images\/fjala\/bledar_prifti.jpg\" \/>\n<meta name=\"author\" content=\"admin\" \/>\n<meta name=\"twitter:card\" content=\"summary_large_image\" \/>\n<meta name=\"twitter:label1\" content=\"Written by\" \/>\n\t<meta name=\"twitter:data1\" content=\"admin\" \/>\n\t<meta name=\"twitter:label2\" content=\"Est. reading time\" \/>\n\t<meta name=\"twitter:data2\" content=\"9 minutes\" \/>\n<script type=\"application\/ld+json\" class=\"yoast-schema-graph\">{\"@context\":\"https:\\\/\\\/schema.org\",\"@graph\":[{\"@type\":\"Article\",\"@id\":\"https:\\\/\\\/fjala.info\\\/2009-2015\\\/mbroni-demokracine\\\/#article\",\"isPartOf\":{\"@id\":\"https:\\\/\\\/fjala.info\\\/2009-2015\\\/mbroni-demokracine\\\/\"},\"author\":{\"name\":\"admin\",\"@id\":\"https:\\\/\\\/fjala.info\\\/2009-2015\\\/#\\\/schema\\\/person\\\/3aa1163ef05469c496fc94e77611ada2\"},\"headline\":\"&#8216;Mbroni Demokracin\u00eb!&#8217;\",\"datePublished\":\"2010-08-17T21:43:13+00:00\",\"mainEntityOfPage\":{\"@id\":\"https:\\\/\\\/fjala.info\\\/2009-2015\\\/mbroni-demokracine\\\/\"},\"wordCount\":1733,\"commentCount\":0,\"publisher\":{\"@id\":\"https:\\\/\\\/fjala.info\\\/2009-2015\\\/#organization\"},\"image\":{\"@id\":\"https:\\\/\\\/fjala.info\\\/2009-2015\\\/mbroni-demokracine\\\/#primaryimage\"},\"thumbnailUrl\":\"http:\\\/\\\/www.shkoder.net\\\/images\\\/fjala\\\/bledar_prifti.jpg\",\"articleSection\":[\"Artikuj\"],\"inLanguage\":\"sq-AL\",\"potentialAction\":[{\"@type\":\"CommentAction\",\"name\":\"Comment\",\"target\":[\"https:\\\/\\\/fjala.info\\\/2009-2015\\\/mbroni-demokracine\\\/#respond\"]}]},{\"@type\":\"WebPage\",\"@id\":\"https:\\\/\\\/fjala.info\\\/2009-2015\\\/mbroni-demokracine\\\/\",\"url\":\"https:\\\/\\\/fjala.info\\\/2009-2015\\\/mbroni-demokracine\\\/\",\"name\":\"'Mbroni Demokracin\u00eb!' - FjALA e LIR\u00cb - Arkivi\",\"isPartOf\":{\"@id\":\"https:\\\/\\\/fjala.info\\\/2009-2015\\\/#website\"},\"primaryImageOfPage\":{\"@id\":\"https:\\\/\\\/fjala.info\\\/2009-2015\\\/mbroni-demokracine\\\/#primaryimage\"},\"image\":{\"@id\":\"https:\\\/\\\/fjala.info\\\/2009-2015\\\/mbroni-demokracine\\\/#primaryimage\"},\"thumbnailUrl\":\"http:\\\/\\\/www.shkoder.net\\\/images\\\/fjala\\\/bledar_prifti.jpg\",\"datePublished\":\"2010-08-17T21:43:13+00:00\",\"breadcrumb\":{\"@id\":\"https:\\\/\\\/fjala.info\\\/2009-2015\\\/mbroni-demokracine\\\/#breadcrumb\"},\"inLanguage\":\"sq-AL\",\"potentialAction\":[{\"@type\":\"ReadAction\",\"target\":[\"https:\\\/\\\/fjala.info\\\/2009-2015\\\/mbroni-demokracine\\\/\"]}]},{\"@type\":\"ImageObject\",\"inLanguage\":\"sq-AL\",\"@id\":\"https:\\\/\\\/fjala.info\\\/2009-2015\\\/mbroni-demokracine\\\/#primaryimage\",\"url\":\"http:\\\/\\\/www.shkoder.net\\\/images\\\/fjala\\\/bledar_prifti.jpg\",\"contentUrl\":\"http:\\\/\\\/www.shkoder.net\\\/images\\\/fjala\\\/bledar_prifti.jpg\"},{\"@type\":\"BreadcrumbList\",\"@id\":\"https:\\\/\\\/fjala.info\\\/2009-2015\\\/mbroni-demokracine\\\/#breadcrumb\",\"itemListElement\":[{\"@type\":\"ListItem\",\"position\":1,\"name\":\"Home\",\"item\":\"https:\\\/\\\/fjala.info\\\/2009-2015\\\/\"},{\"@type\":\"ListItem\",\"position\":2,\"name\":\"&#8216;Mbroni Demokracin\u00eb!&#8217;\"}]},{\"@type\":\"WebSite\",\"@id\":\"https:\\\/\\\/fjala.info\\\/2009-2015\\\/#website\",\"url\":\"https:\\\/\\\/fjala.info\\\/2009-2015\\\/\",\"name\":\"FjALA e LIR\u00cb - Arkivi\",\"description\":\"Arkivi 2009-2015\",\"publisher\":{\"@id\":\"https:\\\/\\\/fjala.info\\\/2009-2015\\\/#organization\"},\"potentialAction\":[{\"@type\":\"SearchAction\",\"target\":{\"@type\":\"EntryPoint\",\"urlTemplate\":\"https:\\\/\\\/fjala.info\\\/2009-2015\\\/?s={search_term_string}\"},\"query-input\":{\"@type\":\"PropertyValueSpecification\",\"valueRequired\":true,\"valueName\":\"search_term_string\"}}],\"inLanguage\":\"sq-AL\"},{\"@type\":\"Organization\",\"@id\":\"https:\\\/\\\/fjala.info\\\/2009-2015\\\/#organization\",\"name\":\"FjALA e LIR\u00cb - Arkivi\",\"url\":\"https:\\\/\\\/fjala.info\\\/2009-2015\\\/\",\"logo\":{\"@type\":\"ImageObject\",\"inLanguage\":\"sq-AL\",\"@id\":\"https:\\\/\\\/fjala.info\\\/2009-2015\\\/#\\\/schema\\\/logo\\\/image\\\/\",\"url\":\"\",\"contentUrl\":\"\",\"caption\":\"FjALA e LIR\u00cb - Arkivi\"},\"image\":{\"@id\":\"https:\\\/\\\/fjala.info\\\/2009-2015\\\/#\\\/schema\\\/logo\\\/image\\\/\"}},{\"@type\":\"Person\",\"@id\":\"https:\\\/\\\/fjala.info\\\/2009-2015\\\/#\\\/schema\\\/person\\\/3aa1163ef05469c496fc94e77611ada2\",\"name\":\"admin\",\"image\":{\"@type\":\"ImageObject\",\"inLanguage\":\"sq-AL\",\"@id\":\"https:\\\/\\\/fjala.info\\\/2009-2015\\\/wp-content\\\/uploads\\\/2012\\\/02\\\/arben_cokaj-120x150.jpg\",\"url\":\"https:\\\/\\\/fjala.info\\\/2009-2015\\\/wp-content\\\/uploads\\\/2012\\\/02\\\/arben_cokaj-120x150.jpg\",\"contentUrl\":\"https:\\\/\\\/fjala.info\\\/2009-2015\\\/wp-content\\\/uploads\\\/2012\\\/02\\\/arben_cokaj-120x150.jpg\",\"caption\":\"admin\"},\"description\":\"Admin, Fjala e Lir\u00eb\",\"sameAs\":[\"https:\\\/\\\/fjala.info\\\/\"],\"url\":\"https:\\\/\\\/fjala.info\\\/2009-2015\\\/author\\\/admin\\\/\"}]}<\/script>\n<!-- \/ Yoast SEO plugin. -->","yoast_head_json":{"title":"'Mbroni Demokracin\u00eb!' - FjALA e LIR\u00cb - Arkivi","robots":{"index":"index","follow":"follow","max-snippet":"max-snippet:-1","max-image-preview":"max-image-preview:large","max-video-preview":"max-video-preview:-1"},"canonical":"https:\/\/fjala.info\/2009-2015\/mbroni-demokracine\/","og_locale":"sq_AL","og_type":"article","og_title":"'Mbroni Demokracin\u00eb!' - FjALA e LIR\u00cb - Arkivi","og_description":"Bledar H. Prifti, 17.08.2010 Shum\u00eb pak mediave dhe analist\u00ebve mund t&#8217;iu ken\u00eb shp\u00ebtuar deklarimet e Ambasadori Amerikan, John L. Withers II, n\u00eb emisionin &#8220;Top Story&#8221; t\u00eb Sokol Ball\u00ebs. Gjithashtu, shum\u00eb pak mediave dhe analist\u00ebve mund t&#8217;ju ket\u00eb shp\u00ebtuar \u00e7\u00ebshtja e letr\u00ebs &#8220;anonime&#8221; q\u00eb Zv. Kryeministri dhe Ministri i Jasht\u00ebm , Ilir Meta, i ka d\u00ebrguar [&hellip;]","og_url":"https:\/\/fjala.info\/2009-2015\/mbroni-demokracine\/","og_site_name":"FjALA e LIR\u00cb - Arkivi","article_published_time":"2010-08-17T21:43:13+00:00","og_image":[{"url":"http:\/\/www.shkoder.net\/images\/fjala\/bledar_prifti.jpg","type":"","width":"","height":""}],"author":"admin","twitter_card":"summary_large_image","twitter_misc":{"Written by":"admin","Est. reading time":"9 minutes"},"schema":{"@context":"https:\/\/schema.org","@graph":[{"@type":"Article","@id":"https:\/\/fjala.info\/2009-2015\/mbroni-demokracine\/#article","isPartOf":{"@id":"https:\/\/fjala.info\/2009-2015\/mbroni-demokracine\/"},"author":{"name":"admin","@id":"https:\/\/fjala.info\/2009-2015\/#\/schema\/person\/3aa1163ef05469c496fc94e77611ada2"},"headline":"&#8216;Mbroni Demokracin\u00eb!&#8217;","datePublished":"2010-08-17T21:43:13+00:00","mainEntityOfPage":{"@id":"https:\/\/fjala.info\/2009-2015\/mbroni-demokracine\/"},"wordCount":1733,"commentCount":0,"publisher":{"@id":"https:\/\/fjala.info\/2009-2015\/#organization"},"image":{"@id":"https:\/\/fjala.info\/2009-2015\/mbroni-demokracine\/#primaryimage"},"thumbnailUrl":"http:\/\/www.shkoder.net\/images\/fjala\/bledar_prifti.jpg","articleSection":["Artikuj"],"inLanguage":"sq-AL","potentialAction":[{"@type":"CommentAction","name":"Comment","target":["https:\/\/fjala.info\/2009-2015\/mbroni-demokracine\/#respond"]}]},{"@type":"WebPage","@id":"https:\/\/fjala.info\/2009-2015\/mbroni-demokracine\/","url":"https:\/\/fjala.info\/2009-2015\/mbroni-demokracine\/","name":"'Mbroni Demokracin\u00eb!' - FjALA e LIR\u00cb - Arkivi","isPartOf":{"@id":"https:\/\/fjala.info\/2009-2015\/#website"},"primaryImageOfPage":{"@id":"https:\/\/fjala.info\/2009-2015\/mbroni-demokracine\/#primaryimage"},"image":{"@id":"https:\/\/fjala.info\/2009-2015\/mbroni-demokracine\/#primaryimage"},"thumbnailUrl":"http:\/\/www.shkoder.net\/images\/fjala\/bledar_prifti.jpg","datePublished":"2010-08-17T21:43:13+00:00","breadcrumb":{"@id":"https:\/\/fjala.info\/2009-2015\/mbroni-demokracine\/#breadcrumb"},"inLanguage":"sq-AL","potentialAction":[{"@type":"ReadAction","target":["https:\/\/fjala.info\/2009-2015\/mbroni-demokracine\/"]}]},{"@type":"ImageObject","inLanguage":"sq-AL","@id":"https:\/\/fjala.info\/2009-2015\/mbroni-demokracine\/#primaryimage","url":"http:\/\/www.shkoder.net\/images\/fjala\/bledar_prifti.jpg","contentUrl":"http:\/\/www.shkoder.net\/images\/fjala\/bledar_prifti.jpg"},{"@type":"BreadcrumbList","@id":"https:\/\/fjala.info\/2009-2015\/mbroni-demokracine\/#breadcrumb","itemListElement":[{"@type":"ListItem","position":1,"name":"Home","item":"https:\/\/fjala.info\/2009-2015\/"},{"@type":"ListItem","position":2,"name":"&#8216;Mbroni Demokracin\u00eb!&#8217;"}]},{"@type":"WebSite","@id":"https:\/\/fjala.info\/2009-2015\/#website","url":"https:\/\/fjala.info\/2009-2015\/","name":"FjALA e LIR\u00cb - Arkivi","description":"Arkivi 2009-2015","publisher":{"@id":"https:\/\/fjala.info\/2009-2015\/#organization"},"potentialAction":[{"@type":"SearchAction","target":{"@type":"EntryPoint","urlTemplate":"https:\/\/fjala.info\/2009-2015\/?s={search_term_string}"},"query-input":{"@type":"PropertyValueSpecification","valueRequired":true,"valueName":"search_term_string"}}],"inLanguage":"sq-AL"},{"@type":"Organization","@id":"https:\/\/fjala.info\/2009-2015\/#organization","name":"FjALA e LIR\u00cb - Arkivi","url":"https:\/\/fjala.info\/2009-2015\/","logo":{"@type":"ImageObject","inLanguage":"sq-AL","@id":"https:\/\/fjala.info\/2009-2015\/#\/schema\/logo\/image\/","url":"","contentUrl":"","caption":"FjALA e LIR\u00cb - Arkivi"},"image":{"@id":"https:\/\/fjala.info\/2009-2015\/#\/schema\/logo\/image\/"}},{"@type":"Person","@id":"https:\/\/fjala.info\/2009-2015\/#\/schema\/person\/3aa1163ef05469c496fc94e77611ada2","name":"admin","image":{"@type":"ImageObject","inLanguage":"sq-AL","@id":"https:\/\/fjala.info\/2009-2015\/wp-content\/uploads\/2012\/02\/arben_cokaj-120x150.jpg","url":"https:\/\/fjala.info\/2009-2015\/wp-content\/uploads\/2012\/02\/arben_cokaj-120x150.jpg","contentUrl":"https:\/\/fjala.info\/2009-2015\/wp-content\/uploads\/2012\/02\/arben_cokaj-120x150.jpg","caption":"admin"},"description":"Admin, Fjala e Lir\u00eb","sameAs":["https:\/\/fjala.info\/"],"url":"https:\/\/fjala.info\/2009-2015\/author\/admin\/"}]}},"_links":{"self":[{"href":"https:\/\/fjala.info\/2009-2015\/wp-json\/wp\/v2\/posts\/3766","targetHints":{"allow":["GET"]}}],"collection":[{"href":"https:\/\/fjala.info\/2009-2015\/wp-json\/wp\/v2\/posts"}],"about":[{"href":"https:\/\/fjala.info\/2009-2015\/wp-json\/wp\/v2\/types\/post"}],"author":[{"embeddable":true,"href":"https:\/\/fjala.info\/2009-2015\/wp-json\/wp\/v2\/users\/1"}],"replies":[{"embeddable":true,"href":"https:\/\/fjala.info\/2009-2015\/wp-json\/wp\/v2\/comments?post=3766"}],"version-history":[{"count":0,"href":"https:\/\/fjala.info\/2009-2015\/wp-json\/wp\/v2\/posts\/3766\/revisions"}],"wp:attachment":[{"href":"https:\/\/fjala.info\/2009-2015\/wp-json\/wp\/v2\/media?parent=3766"}],"wp:term":[{"taxonomy":"category","embeddable":true,"href":"https:\/\/fjala.info\/2009-2015\/wp-json\/wp\/v2\/categories?post=3766"},{"taxonomy":"post_tag","embeddable":true,"href":"https:\/\/fjala.info\/2009-2015\/wp-json\/wp\/v2\/tags?post=3766"}],"curies":[{"name":"wp","href":"https:\/\/api.w.org\/{rel}","templated":true}]}}