{"id":3735,"date":"2010-08-15T16:51:32","date_gmt":"2010-08-15T15:51:32","guid":{"rendered":"http:\/\/fjala.shkoder.net\/?p=3735"},"modified":"2010-08-15T16:51:32","modified_gmt":"2010-08-15T15:51:32","slug":"z-janullatos-te-gjithe-njerezit-jane-te-perendise","status":"publish","type":"post","link":"https:\/\/fjala.info\/2009-2015\/z-janullatos-te-gjithe-njerezit-jane-te-perendise\/","title":{"rendered":"Z. Janullatos, t\u00eb gjith\u00eb njer\u00ebzit jan\u00eb t\u00eb Per\u00ebndis\u00eb"},"content":{"rendered":"<p><strong>Mentor Kikia<\/strong><\/p>\n<p>Nuk kishte asnj\u00eb surpriz\u00eb n\u00eb at\u00eb q\u00eb pasoi vrasjen e nj\u00eb burri n\u00eb Himar\u00eb. Qeveria greke nuk vonoi t\u00eb l\u00ebshonte nj\u00eb deklarat\u00eb t\u00eb fort\u00eb, t\u00eb kujtonte marr\u00ebveshjet dypal\u00ebshe dhe t\u00eb drejtat e pakicave komb\u00ebtare dhe, padyshim t\u2019u k\u00ebrkoj\u00eb autoriteteve shqiptare nd\u00ebshkimin e autor\u00ebve t\u00eb krimit. <\/p>\n<p>Vrasja e nj\u00eb njeriu \u00ebsht\u00eb padyshim nj\u00eb krim i r\u00ebnd\u00eb, pavar\u00ebsisht n\u00eb \u00e7\u2019rrethana ndodh krimi, pavar\u00ebsisht gjinis\u00eb, rac\u00ebs apo komb\u00ebsis\u00eb s\u00eb viktim\u00ebs. Dhe k\u00ebtu nuk ka asnj\u00eb ekuivok, ai krim \u00ebsht\u00eb i d\u00ebnuesh\u00ebm dhe autori apo autor\u00ebt, duhet t\u00eb marrin d\u00ebnimin maksimal q\u00eb parashikon ligji i vendit t\u00eb tyre. Deri k\u00ebtu ndajm\u00eb t\u00eb gjith\u00eb t\u00eb nj\u00ebjt\u00ebn dhimbje p\u00ebr viktim\u00ebn dhe t\u00eb nj\u00ebjt\u00ebn urrejtje p\u00ebr autor\u00ebt.<\/p>\n<p>Por, pas k\u00ebsaj fillojn\u00eb absurdet ballkanase, fillojn\u00eb reagimet kryene\u00e7e nacionaliste, fillojn\u00eb ng\u00ebrdheshjet diplomatike. Ministria e Jashtme greke reagoi me nxitim dhe ashp\u00ebr, a thua autor i krimit ishte vet\u00eb policia shqiptare, a thua qeveria kishte vendosur t\u2019u ndalonte himarjot\u00ebve, shqiptar\u00eb e grek\u00eb, t\u00eb flisnin greqisht, a thua qeveria kishte vendosur t\u2019i shp\u00ebrngulte himarjot\u00ebt nga trojet e tyre e t\u2019i d\u00ebrgonte n\u00eb tokat q\u00eb lan\u00eb \u00e7am\u00ebt dhunsh\u00ebm n\u00eb mesin e shekullit t\u00eb kaluar. <\/p>\n<p>Ishte nj\u00eb krim, nj\u00eb krim si ai q\u00eb ndodhi nj\u00eb dit\u00eb m\u00eb par\u00eb edhe n\u00eb Durr\u00ebs, nj\u00eb krim si ai q\u00eb ndodhi nj\u00eb jav\u00eb m\u00eb par\u00eb edhe n\u00eb Shkod\u00ebr, n\u00eb Kuk\u00ebs, Elbasan e gjetk\u00eb. Ishte nj\u00eb krim si ata q\u00eb ndodhin \u00e7do dit\u00eb rrug\u00ebve t\u00eb Athin\u00ebs, ishujve t\u00eb Egjeut e anemban\u00eb bot\u00ebs, t\u00eb zhvilluar apo t\u00eb prapambetur. Por, p\u00ebrse at\u00ebher\u00eb duhej t\u00eb nxitonte Athina t\u00eb implikohej n\u00eb nj\u00eb ngjarje t\u00eb till\u00eb, pa asnj\u00eb prapavij\u00eb politike, pa asnj\u00eb kontekst nacionalist zyrtar dhe pa asnj\u00eb suport shoq\u00ebror e publik? <\/p>\n<p>Pas k\u00ebtyre akrobacirave diplomatike t\u00eb Athin\u00ebs, Vasil Bollano, n\u00eb cil\u00ebsin\u00eb e kryetarit t\u00eb bashkis\u00eb, nuk vonoi t\u00eb l\u00ebshonte edhe bro\u00e7kulla t\u00eb tilla, si ato t\u00eb tipit \u201ct\u00eb p\u00ebrz\u00ebm\u00eb pushuesit nga Himara\u201d. N\u00eb fakt, Bollano mund edhe ta provonte k\u00ebt\u00eb, p\u00ebr t\u00eb par\u00eb n\u00ebse pronar\u00ebt e hoteleve e sht\u00ebpive do ta mb\u00ebshtesnin apo jo, por kjo \u00ebsht\u00eb tjet\u00ebr tem\u00eb.<\/p>\n<p>Sikur t\u00eb mos mjaftonin reagimet e politik\u00ebs, n\u00eb Tiran\u00eb, u zgjua edhe Kryepeshkopi Anastas. Edhe ai i k\u00ebrkoi shtetit t\u00eb zbardh\u00eb k\u00ebt\u00eb ngjarje dhe t\u00eb d\u00ebnoj\u00eb autor\u00ebt dhe nuk harroi t\u00eb paralajm\u00ebroj\u00eb se veprime t\u00eb tilla, p\u00ebrb\u00ebjn\u00eb k\u00ebrc\u00ebnim p\u00ebr klim\u00ebn e bashkekzistenc\u00ebs paq\u00ebsore dhe p\u00ebr m\u00eb tep\u00ebr, jan\u00eb rrezik p\u00ebr t\u00eb ndezur p\u00ebrplasje dhe urrejtje t\u00eb reja. Janullatos \u00ebsht\u00eb Kryepeshkop i Kish\u00ebs Ortodokse t\u00eb Shqip\u00ebris\u00eb dhe, si njeri i per\u00ebndis\u00eb, ai duhet t\u00eb shqet\u00ebsohet nj\u00ebsoj kur \u00e7do njeriu t\u00eb sjell\u00eb n\u00eb jet\u00eb nga Zoti (sikund\u00ebr thot\u00eb edhe feja e tij), ia marrin jet\u00ebn pa t\u00eb drejt\u00eb, sikund\u00ebr t\u00eb ndjerit Guma n\u00eb Himar\u00eb. <\/p>\n<p>Por deri tani, ne nuk kemi d\u00ebgjuar gj\u00ebkundi, q\u00eb Kryepeshkopi Anastas t\u00eb ngrej\u00eb z\u00ebrin p\u00ebr vrasjen e ndonj\u00eb shqiptari, p\u00ebr vrasjen e ndonj\u00eb gruaje, ndonj\u00eb f\u00ebmije, n\u00eb Shqip\u00ebri apo kudo pjes\u00ebs tjet\u00ebr t\u00eb bot\u00ebs. Dhe mir\u00eb ka b\u00ebr\u00eb q\u00eb nuk \u00ebsht\u00eb p\u00ebrzier n\u00eb k\u00ebto pun\u00eb, pasi k\u00ebto jan\u00eb pun\u00eb t\u00eb shtetit dhe kisha ka rrug\u00ebn e saj, e cila nuk kryq\u00ebzohet gj\u00ebkundi me at\u00eb t\u00eb shtetit dhe drejt\u00ebsis\u00eb. Por, n\u00eb rastin e fundit, zoti Janullatos nuk ndenji dot pa treguar se ai nuk \u00ebsht\u00eb nj\u00eb njeri q\u00eb predikon fjal\u00ebn dhe urtin\u00eb e per\u00ebndis\u00eb, por \u00ebsht\u00eb thjesht nj\u00eb prift grek, q\u00eb ka okupuar kish\u00ebn shqiptare dhe si i till\u00eb, sa her\u00eb q\u00eb shtypet butoni n\u00eb Athin\u00eb, ai duhet t\u00eb l\u00ebviz\u00eb prapanic\u00ebn nga karrigia e ngroht\u00eb e tij n\u00eb Tiran\u00eb, p\u00ebr t\u00eb b\u00ebr\u00eb at\u00eb q\u00eb i thuhet t\u00eb b\u00ebj\u00eb. <\/p>\n<p>Sa t\u00eb rinj shqiptar\u00eb jan\u00eb kthyer n\u00eb arkivole zoti Janullatos dhe jan\u00eb vrar\u00eb rrug\u00ebve t\u00eb Greqis\u00eb, n\u00eb shum\u00eb raste edhe vet\u00ebm se kan\u00eb qen\u00eb shqiptar\u00eb. Nj\u00eb i ri shqiptar, vet\u00ebm sepse gjat\u00eb nj\u00eb ndeshjeje futbolli po mbante mbi supe flamurin e skuadr\u00ebs s\u00eb vendit t\u00eb tij, u masakrua me thika nga bashk\u00ebmoshatar\u00ebt grek\u00eb. Por asnj\u00eb zyrtar n\u00eb Tiran\u00eb nuk ka th\u00ebn\u00eb se kjo po cenon marr\u00ebdh\u00ebniet mes dy vendeve. As kisha dhe as juve nuk reaguat e denjuat t\u00eb thonit dy fjal\u00eb, meq\u00eb jeni edhe shtetas grek edhe peshkopi yn\u00eb. <\/p>\n<p>Ajo q\u00eb ndodhi n\u00eb Himar\u00eb ishte nj\u00eb vrasje zoti Janullatos, ishte nj\u00eb krim q\u00eb mori pas urrejtjen e mbar\u00eb shoq\u00ebris\u00eb shqiptare dhe q\u00eb do t\u00eb hetohet, gjykohet e nd\u00ebshkohet si gjith\u00eb krimet e tjera. Pas asaj q\u00eb ndodhi n\u00eb Himar\u00eb, n\u00eb em\u00ebr t\u00eb nacionalizm\u00ebs q\u00eb ju dhe padron\u00ebt tuaj n\u00eb Athin\u00eb e predikoni aq shum\u00eb, bashk\u00ebjetes\u00ebs dhe paqes shoq\u00ebrore, njer\u00ebzit nd\u00ebrtuan nj\u00eb barrikad\u00eb n\u00eb rrug\u00eb. <\/p>\n<p>Ata e bllokuan qarkullimin, bllokuan kalimin e makinave dhe mij\u00ebra njer\u00ebz, burra, gra e f\u00ebmij\u00eb, t\u00eb cil\u00ebt po shkonin t\u00eb pushonin edhe n\u00eb Himar\u00ebn q\u00eb Bollano e trajton si \u00e7iflig, e kaluan nat\u00ebn n\u00ebp\u00ebr makina. Nd\u00ebrsa policia shqiptare, q\u00eb kishte gjith\u00eb t\u00eb drejt\u00ebn ligjore t\u00eb nd\u00ebrhynte me forc\u00eb, ashtu si\u00e7 b\u00ebn policia greke kur grek\u00ebt z\u00ebn\u00eb rrug\u00ebt, q\u00ebndroi n\u00eb heshtje vet\u00ebm e vet\u00ebm t\u00eb mos e acaronte situat\u00ebn. Kjo, juve padyshim q\u00eb nuk ju b\u00ebn p\u00ebrshtypje.<\/p>\n<p>Nd\u00ebrhyrja e Kryepeshkopit dhe reagimi i Athin\u00ebs padyshim q\u00eb meritonte edhe reagimet e politik\u00ebs shqiptare, e cila nd\u00ebr veti ng\u00ebrdheshet dhe zbraz gjith\u00eb arsenalin e armatimeve, por kur vjen fjala p\u00ebr t\u00eb reaguar ndaj ndonj\u00eb deklarate t\u00eb till\u00eb, fsheh prapanic\u00ebn gjith\u00eb serviliz\u00ebm. Kryeministri Berisha d\u00ebnoi vet\u00ebm krimin, nd\u00ebrsa opozita, edhe m\u00eb keq akoma, akuzoi qeverin\u00eb si fajtore p\u00ebr vrasjen e shtetasit shqiptar me komb\u00ebsi greke.<\/p>\n<p>Megjithat\u00eb, t\u00eb gjith\u00eb duhet t\u00eb jen\u00eb t\u00eb qet\u00eb, se bashk\u00ebjetesa mes nacionaliteteve n\u00eb Shqip\u00ebri do t\u00eb vazhdoj\u00eb t\u00eb jet\u00eb po aq miq\u00ebsore e paq\u00ebsore sa ka qen\u00eb n\u00eb vite, pavar\u00ebsisht fitilave q\u00eb ndezin janullatos\u00ebt dhe politikan\u00ebt n\u00eb Athin\u00eb.<\/p>\n","protected":false},"excerpt":{"rendered":"<p>Mentor Kikia Nuk kishte asnj\u00eb surpriz\u00eb n\u00eb at\u00eb q\u00eb pasoi vrasjen e nj\u00eb burri n\u00eb Himar\u00eb. Qeveria greke nuk vonoi t\u00eb l\u00ebshonte nj\u00eb deklarat\u00eb t\u00eb fort\u00eb, t\u00eb kujtonte marr\u00ebveshjet dypal\u00ebshe dhe t\u00eb drejtat e pakicave komb\u00ebtare dhe, padyshim t\u2019u k\u00ebrkoj\u00eb autoriteteve shqiptare nd\u00ebshkimin e autor\u00ebve t\u00eb krimit. Vrasja e nj\u00eb njeriu \u00ebsht\u00eb padyshim nj\u00eb krim [&hellip;]<\/p>\n","protected":false},"author":1,"featured_media":0,"comment_status":"open","ping_status":"closed","sticky":false,"template":"","format":"standard","meta":{"footnotes":""},"categories":[2],"tags":[],"class_list":{"0":"post-3735","1":"post","2":"type-post","3":"status-publish","4":"format-standard","6":"category-artikuj"},"yoast_head":"<!-- This site is optimized with the Yoast SEO plugin v27.4 - https:\/\/yoast.com\/product\/yoast-seo-wordpress\/ -->\n<title>Z. Janullatos, t\u00eb gjith\u00eb njer\u00ebzit jan\u00eb t\u00eb Per\u00ebndis\u00eb - FjALA e LIR\u00cb - Arkivi<\/title>\n<meta name=\"robots\" content=\"index, follow, max-snippet:-1, max-image-preview:large, max-video-preview:-1\" \/>\n<link rel=\"canonical\" href=\"https:\/\/fjala.info\/2009-2015\/z-janullatos-te-gjithe-njerezit-jane-te-perendise\/\" \/>\n<meta property=\"og:locale\" content=\"sq_AL\" \/>\n<meta property=\"og:type\" content=\"article\" \/>\n<meta property=\"og:title\" content=\"Z. Janullatos, t\u00eb gjith\u00eb njer\u00ebzit jan\u00eb t\u00eb Per\u00ebndis\u00eb - FjALA e LIR\u00cb - Arkivi\" \/>\n<meta property=\"og:description\" content=\"Mentor Kikia Nuk kishte asnj\u00eb surpriz\u00eb n\u00eb at\u00eb q\u00eb pasoi vrasjen e nj\u00eb burri n\u00eb Himar\u00eb. Qeveria greke nuk vonoi t\u00eb l\u00ebshonte nj\u00eb deklarat\u00eb t\u00eb fort\u00eb, t\u00eb kujtonte marr\u00ebveshjet dypal\u00ebshe dhe t\u00eb drejtat e pakicave komb\u00ebtare dhe, padyshim t\u2019u k\u00ebrkoj\u00eb autoriteteve shqiptare nd\u00ebshkimin e autor\u00ebve t\u00eb krimit. Vrasja e nj\u00eb njeriu \u00ebsht\u00eb padyshim nj\u00eb krim [&hellip;]\" \/>\n<meta property=\"og:url\" content=\"https:\/\/fjala.info\/2009-2015\/z-janullatos-te-gjithe-njerezit-jane-te-perendise\/\" \/>\n<meta property=\"og:site_name\" content=\"FjALA e LIR\u00cb - Arkivi\" \/>\n<meta property=\"article:published_time\" content=\"2010-08-15T15:51:32+00:00\" \/>\n<meta name=\"author\" content=\"admin\" \/>\n<meta name=\"twitter:card\" content=\"summary_large_image\" \/>\n<meta name=\"twitter:label1\" content=\"Written by\" \/>\n\t<meta name=\"twitter:data1\" content=\"admin\" \/>\n\t<meta name=\"twitter:label2\" content=\"Est. reading time\" \/>\n\t<meta name=\"twitter:data2\" content=\"5 minutes\" \/>\n<script type=\"application\/ld+json\" class=\"yoast-schema-graph\">{\"@context\":\"https:\\\/\\\/schema.org\",\"@graph\":[{\"@type\":\"Article\",\"@id\":\"https:\\\/\\\/fjala.info\\\/2009-2015\\\/z-janullatos-te-gjithe-njerezit-jane-te-perendise\\\/#article\",\"isPartOf\":{\"@id\":\"https:\\\/\\\/fjala.info\\\/2009-2015\\\/z-janullatos-te-gjithe-njerezit-jane-te-perendise\\\/\"},\"author\":{\"name\":\"admin\",\"@id\":\"https:\\\/\\\/fjala.info\\\/2009-2015\\\/#\\\/schema\\\/person\\\/3aa1163ef05469c496fc94e77611ada2\"},\"headline\":\"Z. Janullatos, t\u00eb gjith\u00eb njer\u00ebzit jan\u00eb t\u00eb Per\u00ebndis\u00eb\",\"datePublished\":\"2010-08-15T15:51:32+00:00\",\"mainEntityOfPage\":{\"@id\":\"https:\\\/\\\/fjala.info\\\/2009-2015\\\/z-janullatos-te-gjithe-njerezit-jane-te-perendise\\\/\"},\"wordCount\":1088,\"commentCount\":0,\"publisher\":{\"@id\":\"https:\\\/\\\/fjala.info\\\/2009-2015\\\/#organization\"},\"articleSection\":[\"Artikuj\"],\"inLanguage\":\"sq-AL\",\"potentialAction\":[{\"@type\":\"CommentAction\",\"name\":\"Comment\",\"target\":[\"https:\\\/\\\/fjala.info\\\/2009-2015\\\/z-janullatos-te-gjithe-njerezit-jane-te-perendise\\\/#respond\"]}]},{\"@type\":\"WebPage\",\"@id\":\"https:\\\/\\\/fjala.info\\\/2009-2015\\\/z-janullatos-te-gjithe-njerezit-jane-te-perendise\\\/\",\"url\":\"https:\\\/\\\/fjala.info\\\/2009-2015\\\/z-janullatos-te-gjithe-njerezit-jane-te-perendise\\\/\",\"name\":\"Z. Janullatos, t\u00eb gjith\u00eb njer\u00ebzit jan\u00eb t\u00eb Per\u00ebndis\u00eb - FjALA e LIR\u00cb - Arkivi\",\"isPartOf\":{\"@id\":\"https:\\\/\\\/fjala.info\\\/2009-2015\\\/#website\"},\"datePublished\":\"2010-08-15T15:51:32+00:00\",\"breadcrumb\":{\"@id\":\"https:\\\/\\\/fjala.info\\\/2009-2015\\\/z-janullatos-te-gjithe-njerezit-jane-te-perendise\\\/#breadcrumb\"},\"inLanguage\":\"sq-AL\",\"potentialAction\":[{\"@type\":\"ReadAction\",\"target\":[\"https:\\\/\\\/fjala.info\\\/2009-2015\\\/z-janullatos-te-gjithe-njerezit-jane-te-perendise\\\/\"]}]},{\"@type\":\"BreadcrumbList\",\"@id\":\"https:\\\/\\\/fjala.info\\\/2009-2015\\\/z-janullatos-te-gjithe-njerezit-jane-te-perendise\\\/#breadcrumb\",\"itemListElement\":[{\"@type\":\"ListItem\",\"position\":1,\"name\":\"Home\",\"item\":\"https:\\\/\\\/fjala.info\\\/2009-2015\\\/\"},{\"@type\":\"ListItem\",\"position\":2,\"name\":\"Z. Janullatos, t\u00eb gjith\u00eb njer\u00ebzit jan\u00eb t\u00eb Per\u00ebndis\u00eb\"}]},{\"@type\":\"WebSite\",\"@id\":\"https:\\\/\\\/fjala.info\\\/2009-2015\\\/#website\",\"url\":\"https:\\\/\\\/fjala.info\\\/2009-2015\\\/\",\"name\":\"FjALA e LIR\u00cb - Arkivi\",\"description\":\"Arkivi 2009-2015\",\"publisher\":{\"@id\":\"https:\\\/\\\/fjala.info\\\/2009-2015\\\/#organization\"},\"potentialAction\":[{\"@type\":\"SearchAction\",\"target\":{\"@type\":\"EntryPoint\",\"urlTemplate\":\"https:\\\/\\\/fjala.info\\\/2009-2015\\\/?s={search_term_string}\"},\"query-input\":{\"@type\":\"PropertyValueSpecification\",\"valueRequired\":true,\"valueName\":\"search_term_string\"}}],\"inLanguage\":\"sq-AL\"},{\"@type\":\"Organization\",\"@id\":\"https:\\\/\\\/fjala.info\\\/2009-2015\\\/#organization\",\"name\":\"FjALA e LIR\u00cb - Arkivi\",\"url\":\"https:\\\/\\\/fjala.info\\\/2009-2015\\\/\",\"logo\":{\"@type\":\"ImageObject\",\"inLanguage\":\"sq-AL\",\"@id\":\"https:\\\/\\\/fjala.info\\\/2009-2015\\\/#\\\/schema\\\/logo\\\/image\\\/\",\"url\":\"\",\"contentUrl\":\"\",\"caption\":\"FjALA e LIR\u00cb - Arkivi\"},\"image\":{\"@id\":\"https:\\\/\\\/fjala.info\\\/2009-2015\\\/#\\\/schema\\\/logo\\\/image\\\/\"}},{\"@type\":\"Person\",\"@id\":\"https:\\\/\\\/fjala.info\\\/2009-2015\\\/#\\\/schema\\\/person\\\/3aa1163ef05469c496fc94e77611ada2\",\"name\":\"admin\",\"image\":{\"@type\":\"ImageObject\",\"inLanguage\":\"sq-AL\",\"@id\":\"https:\\\/\\\/fjala.info\\\/2009-2015\\\/wp-content\\\/uploads\\\/2012\\\/02\\\/arben_cokaj-120x150.jpg\",\"url\":\"https:\\\/\\\/fjala.info\\\/2009-2015\\\/wp-content\\\/uploads\\\/2012\\\/02\\\/arben_cokaj-120x150.jpg\",\"contentUrl\":\"https:\\\/\\\/fjala.info\\\/2009-2015\\\/wp-content\\\/uploads\\\/2012\\\/02\\\/arben_cokaj-120x150.jpg\",\"caption\":\"admin\"},\"description\":\"Admin, Fjala e Lir\u00eb\",\"sameAs\":[\"https:\\\/\\\/fjala.info\\\/\"],\"url\":\"https:\\\/\\\/fjala.info\\\/2009-2015\\\/author\\\/admin\\\/\"}]}<\/script>\n<!-- \/ Yoast SEO plugin. -->","yoast_head_json":{"title":"Z. Janullatos, t\u00eb gjith\u00eb njer\u00ebzit jan\u00eb t\u00eb Per\u00ebndis\u00eb - FjALA e LIR\u00cb - Arkivi","robots":{"index":"index","follow":"follow","max-snippet":"max-snippet:-1","max-image-preview":"max-image-preview:large","max-video-preview":"max-video-preview:-1"},"canonical":"https:\/\/fjala.info\/2009-2015\/z-janullatos-te-gjithe-njerezit-jane-te-perendise\/","og_locale":"sq_AL","og_type":"article","og_title":"Z. Janullatos, t\u00eb gjith\u00eb njer\u00ebzit jan\u00eb t\u00eb Per\u00ebndis\u00eb - FjALA e LIR\u00cb - Arkivi","og_description":"Mentor Kikia Nuk kishte asnj\u00eb surpriz\u00eb n\u00eb at\u00eb q\u00eb pasoi vrasjen e nj\u00eb burri n\u00eb Himar\u00eb. Qeveria greke nuk vonoi t\u00eb l\u00ebshonte nj\u00eb deklarat\u00eb t\u00eb fort\u00eb, t\u00eb kujtonte marr\u00ebveshjet dypal\u00ebshe dhe t\u00eb drejtat e pakicave komb\u00ebtare dhe, padyshim t\u2019u k\u00ebrkoj\u00eb autoriteteve shqiptare nd\u00ebshkimin e autor\u00ebve t\u00eb krimit. Vrasja e nj\u00eb njeriu \u00ebsht\u00eb padyshim nj\u00eb krim [&hellip;]","og_url":"https:\/\/fjala.info\/2009-2015\/z-janullatos-te-gjithe-njerezit-jane-te-perendise\/","og_site_name":"FjALA e LIR\u00cb - Arkivi","article_published_time":"2010-08-15T15:51:32+00:00","author":"admin","twitter_card":"summary_large_image","twitter_misc":{"Written by":"admin","Est. reading time":"5 minutes"},"schema":{"@context":"https:\/\/schema.org","@graph":[{"@type":"Article","@id":"https:\/\/fjala.info\/2009-2015\/z-janullatos-te-gjithe-njerezit-jane-te-perendise\/#article","isPartOf":{"@id":"https:\/\/fjala.info\/2009-2015\/z-janullatos-te-gjithe-njerezit-jane-te-perendise\/"},"author":{"name":"admin","@id":"https:\/\/fjala.info\/2009-2015\/#\/schema\/person\/3aa1163ef05469c496fc94e77611ada2"},"headline":"Z. Janullatos, t\u00eb gjith\u00eb njer\u00ebzit jan\u00eb t\u00eb Per\u00ebndis\u00eb","datePublished":"2010-08-15T15:51:32+00:00","mainEntityOfPage":{"@id":"https:\/\/fjala.info\/2009-2015\/z-janullatos-te-gjithe-njerezit-jane-te-perendise\/"},"wordCount":1088,"commentCount":0,"publisher":{"@id":"https:\/\/fjala.info\/2009-2015\/#organization"},"articleSection":["Artikuj"],"inLanguage":"sq-AL","potentialAction":[{"@type":"CommentAction","name":"Comment","target":["https:\/\/fjala.info\/2009-2015\/z-janullatos-te-gjithe-njerezit-jane-te-perendise\/#respond"]}]},{"@type":"WebPage","@id":"https:\/\/fjala.info\/2009-2015\/z-janullatos-te-gjithe-njerezit-jane-te-perendise\/","url":"https:\/\/fjala.info\/2009-2015\/z-janullatos-te-gjithe-njerezit-jane-te-perendise\/","name":"Z. Janullatos, t\u00eb gjith\u00eb njer\u00ebzit jan\u00eb t\u00eb Per\u00ebndis\u00eb - FjALA e LIR\u00cb - Arkivi","isPartOf":{"@id":"https:\/\/fjala.info\/2009-2015\/#website"},"datePublished":"2010-08-15T15:51:32+00:00","breadcrumb":{"@id":"https:\/\/fjala.info\/2009-2015\/z-janullatos-te-gjithe-njerezit-jane-te-perendise\/#breadcrumb"},"inLanguage":"sq-AL","potentialAction":[{"@type":"ReadAction","target":["https:\/\/fjala.info\/2009-2015\/z-janullatos-te-gjithe-njerezit-jane-te-perendise\/"]}]},{"@type":"BreadcrumbList","@id":"https:\/\/fjala.info\/2009-2015\/z-janullatos-te-gjithe-njerezit-jane-te-perendise\/#breadcrumb","itemListElement":[{"@type":"ListItem","position":1,"name":"Home","item":"https:\/\/fjala.info\/2009-2015\/"},{"@type":"ListItem","position":2,"name":"Z. Janullatos, t\u00eb gjith\u00eb njer\u00ebzit jan\u00eb t\u00eb Per\u00ebndis\u00eb"}]},{"@type":"WebSite","@id":"https:\/\/fjala.info\/2009-2015\/#website","url":"https:\/\/fjala.info\/2009-2015\/","name":"FjALA e LIR\u00cb - Arkivi","description":"Arkivi 2009-2015","publisher":{"@id":"https:\/\/fjala.info\/2009-2015\/#organization"},"potentialAction":[{"@type":"SearchAction","target":{"@type":"EntryPoint","urlTemplate":"https:\/\/fjala.info\/2009-2015\/?s={search_term_string}"},"query-input":{"@type":"PropertyValueSpecification","valueRequired":true,"valueName":"search_term_string"}}],"inLanguage":"sq-AL"},{"@type":"Organization","@id":"https:\/\/fjala.info\/2009-2015\/#organization","name":"FjALA e LIR\u00cb - Arkivi","url":"https:\/\/fjala.info\/2009-2015\/","logo":{"@type":"ImageObject","inLanguage":"sq-AL","@id":"https:\/\/fjala.info\/2009-2015\/#\/schema\/logo\/image\/","url":"","contentUrl":"","caption":"FjALA e LIR\u00cb - Arkivi"},"image":{"@id":"https:\/\/fjala.info\/2009-2015\/#\/schema\/logo\/image\/"}},{"@type":"Person","@id":"https:\/\/fjala.info\/2009-2015\/#\/schema\/person\/3aa1163ef05469c496fc94e77611ada2","name":"admin","image":{"@type":"ImageObject","inLanguage":"sq-AL","@id":"https:\/\/fjala.info\/2009-2015\/wp-content\/uploads\/2012\/02\/arben_cokaj-120x150.jpg","url":"https:\/\/fjala.info\/2009-2015\/wp-content\/uploads\/2012\/02\/arben_cokaj-120x150.jpg","contentUrl":"https:\/\/fjala.info\/2009-2015\/wp-content\/uploads\/2012\/02\/arben_cokaj-120x150.jpg","caption":"admin"},"description":"Admin, Fjala e Lir\u00eb","sameAs":["https:\/\/fjala.info\/"],"url":"https:\/\/fjala.info\/2009-2015\/author\/admin\/"}]}},"_links":{"self":[{"href":"https:\/\/fjala.info\/2009-2015\/wp-json\/wp\/v2\/posts\/3735","targetHints":{"allow":["GET"]}}],"collection":[{"href":"https:\/\/fjala.info\/2009-2015\/wp-json\/wp\/v2\/posts"}],"about":[{"href":"https:\/\/fjala.info\/2009-2015\/wp-json\/wp\/v2\/types\/post"}],"author":[{"embeddable":true,"href":"https:\/\/fjala.info\/2009-2015\/wp-json\/wp\/v2\/users\/1"}],"replies":[{"embeddable":true,"href":"https:\/\/fjala.info\/2009-2015\/wp-json\/wp\/v2\/comments?post=3735"}],"version-history":[{"count":0,"href":"https:\/\/fjala.info\/2009-2015\/wp-json\/wp\/v2\/posts\/3735\/revisions"}],"wp:attachment":[{"href":"https:\/\/fjala.info\/2009-2015\/wp-json\/wp\/v2\/media?parent=3735"}],"wp:term":[{"taxonomy":"category","embeddable":true,"href":"https:\/\/fjala.info\/2009-2015\/wp-json\/wp\/v2\/categories?post=3735"},{"taxonomy":"post_tag","embeddable":true,"href":"https:\/\/fjala.info\/2009-2015\/wp-json\/wp\/v2\/tags?post=3735"}],"curies":[{"name":"wp","href":"https:\/\/api.w.org\/{rel}","templated":true}]}}