{"id":3728,"date":"2010-08-14T22:09:57","date_gmt":"2010-08-14T21:09:57","guid":{"rendered":"http:\/\/fjala.shkoder.net\/?p=3728"},"modified":"2010-08-14T22:09:57","modified_gmt":"2010-08-14T21:09:57","slug":"lartesia-e-te-nenshtruarve","status":"publish","type":"post","link":"https:\/\/fjala.info\/2009-2015\/lartesia-e-te-nenshtruarve\/","title":{"rendered":"LART\u00cbSIA E T\u00cb N\u00cbNSHTRUARVE"},"content":{"rendered":"<p><img decoding=\"async\" style=\"margin-left: 10px; margin-right: 10px; border: 0px;\" title=\"Kim Mehmeti\" src=\"http:\/\/www.shkoder.net\/images\/fjala\/kim_mehmeti.jpg\" border=\"0\" alt=\"\" width=\"100\" align=\"right\" \/><\/p>\n<p><strong>Kim Mehmeti<\/strong><\/p>\n<p><em>SCRIPTA MANENT<\/em><br \/>\nKaluan n\u00ebnt\u00eb vite nga n\u00ebnshkrimi i Marr\u00ebveshjes s\u00eb Ohrit. N\u00eb fillim, ajo ishte shpres\u00eb e madhe p\u00ebr shqiptar\u00ebt e k\u00ebtush\u00ebm dhe arsyetim se konflikti i 2001 rezultoi me nj\u00eb t\u00eb arrir\u00eb historike p\u00ebr ta. Nga ana tjet\u00ebr, p\u00ebr pal\u00ebn maqedonase, ajo ishte dhe mbeti simbol i nj\u00eb humbjeje t\u00eb pafalshme t\u00eb tyre p\u00ebrball\u00eb shqiptar\u00ebve. E p\u00ebrjetuar krejt ndryshe nga dy etnitetet numerikisht m\u00eb t\u00eb m\u00ebdha t\u00eb Maqedonis\u00eb, ajo mbeti peng i dy synimeve me q\u00ebllime t\u00eb kund\u00ebrta: orvatjes shqiptare q\u00eb ajo t\u00eb realizohet sa m\u00eb shpejt dhe n\u00eb afatet e caktuara, dhe asaj maqedonase q\u00eb me \u00e7do kusht t\u00eb pengohet realizimi i saj.<\/p>\n<p>Diku n\u00eb mes t\u00eb k\u00ebtyre dy orvatjeve dhe e humbur diku n\u00eb p\u00ebrkthimin e saj, mbeti e v\u00ebrteta se kjo Marr\u00ebveshje nuk duhej t\u00eb sh\u00ebnonte as fitoren e shqiptar\u00ebve, as humbjen e maqedonasve, por t\u00eb stabilizonte shtetin e katandisur rrug\u00ebs s\u00eb vet\u00ebshkat\u00ebrrimit. Dhe sot, n\u00ebnt\u00eb vite pas n\u00ebnshkrimit t\u00eb saj, kjo Marr\u00ebveshje nuk \u00ebsht\u00eb asgj\u00eb m\u00eb shum\u00eb se nj\u00eb dokument i vdekur, t\u00eb cilin partit\u00eb shqiptare e p\u00ebrdorin p\u00ebr t\u00eb pun\u00ebsuar partizan\u00ebt e vet partiak\u00eb kur vijn\u00eb n\u00eb pushtet, e pushtetar\u00ebt maqedonas e nd\u00ebrmendin vet\u00ebm p\u00ebrpara t\u00eb huajve, at\u00ebher\u00eb kur duan t\u00eb d\u00ebshmojn\u00eb besnik\u00ebrin\u00eb e tyre ndaj konceptit shumetnik t\u00eb Maqedonis\u00eb.<\/p>\n<p>Me \u00e7ka, kjo Marr\u00ebveshje gjithnj\u00eb e m\u00eb shum\u00eb ngjan si e imponuar nga faktori nd\u00ebrkomb\u00ebtar, e jo si di\u00e7ka e nevojshme p\u00ebr ardhm\u00ebrin\u00eb e Maqedonis\u00eb, si di\u00e7ka q\u00eb u mund\u00ebson politikan\u00ebve t\u00eb k\u00ebtush\u00ebm shqiptar\u00eb e maqedonas, t\u00eb maskohen kur duan t\u00eb tregohen se jan\u00eb t\u00eb p\u00ebrmasave europiane, e t\u00eb cil\u00ebt, n\u00eb t\u00eb v\u00ebrtet\u00eb harrojn\u00eb se, e p\u00ebrdorur p\u00ebr nj\u00eb koh\u00eb t\u00eb gjat\u00eb, maska nj\u00eb dit\u00eb shkrihet dhe b\u00ebhet fytyr\u00eb. Gj\u00eb q\u00eb ndodhi edhe me Marr\u00ebveshjen e Ohrit, e cila u b\u00eb fytyr\u00eb njoh\u00ebse e Maqedonis\u00eb, por ky shtet kurr\u00eb nuk u b\u00eb pasqyrim i saj.<\/p>\n<p>Me \u00e7ka pra, ky shtet edhe nj\u00eb her\u00eb d\u00ebshmoi se nuk ka kapacitet as vullnet politik t\u2019i realizoj\u00eb as marr\u00ebveshjet q\u00eb i kan\u00eb n\u00ebnshkruar politikan\u00ebt e k\u00ebtush\u00ebm, e jo m\u00eb ato me dimension nd\u00ebrkomb\u00ebtar. Apo, u dha edhe nj\u00eb d\u00ebshmi atyre q\u00eb shum\u00eb m\u00eb her\u00ebt kan\u00eb th\u00ebn\u00eb se, Maqedonia \u00ebsht\u00eb shtet i d\u00ebnuar t\u00eb kalbet nga brenda dhe se nga ky fat, at\u00eb mund ta shp\u00ebtojn\u00eb vet\u00ebm ata q\u00eb din\u00eb t\u2019i bashkojn\u00eb konceptet e kund\u00ebrta p\u00ebr t\u00eb ardhmen e saj t\u00eb dy etnive numerikisht m\u00eb t\u00eb m\u00ebdha.<\/p>\n<p>Pra, mosrealizimi i k\u00ebsaj marr\u00ebveshjeje \u00ebsht\u00eb edhe nj\u00eb d\u00ebshmi p\u00ebr ata q\u00eb para kohe paralajm\u00ebrojn\u00eb at\u00eb q\u00eb mund t\u2019i ndodh\u00eb k\u00ebtij shteti, edhe at\u00eb duke e ditur se t\u00eb v\u00ebrtetat e th\u00ebna para kohe, politikan\u00ebve u ting\u00ebllojn\u00eb si g\u00ebnjeshtra, sepse shumica e tyre, t\u00eb verb\u00ebruar nga privilegjet q\u00eb kan\u00eb, nuk shohin at\u00eb q\u00eb me t\u00eb v\u00ebrtet \u00ebsht\u00eb duke ndodhur, por at\u00eb q\u00eb d\u00ebshirojn\u00eb t\u00eb ndodh\u00eb.<\/p>\n<p>Si do q\u00eb t\u00eb jet\u00eb, edhe n\u00ebnt\u00eb vite pas n\u00ebnshkrimit t\u00eb saj, elitat politike maqedonase, Marr\u00ebveshjen e Ohrit e lexojn\u00eb si dokument i cili e p\u00ebrcakton t\u00eb \u201cparin\u201d dhe t\u00eb \u201cdytin\u201d n\u00eb shtet. P\u00ebrball\u00eb tyre q\u00ebndrojn\u00eb politikan\u00ebt shqiptar\u00eb, t\u00eb cil\u00ebt k\u00ebt\u00eb Marr\u00ebveshje e mbajn\u00eb p\u00ebr dokument q\u00eb t\u00eb gjith\u00eb grupet etnike t\u00eb Maqedonis\u00eb i vendos n\u00eb t\u00eb nj\u00ebjtin rrafsh, por nd\u00ebrkoh\u00eb, duke pranuar rolin e t\u00eb \u201cdytit\u201d, apo t\u00eb vasalit.<\/p>\n<p>Me \u00e7ka pushtetar\u00ebt shqiptar\u00eb treguan se nuk e kishin m\u00ebsuar as leksionin m\u00eb elementar t\u00eb politik\u00ebb\u00ebrjes: se kur pranon pozit\u00ebn e t\u00eb \u201cdytit\u201d n\u00eb shtet, at\u00ebher\u00eb je i d\u00ebnuar t\u00eb ec\u00ebsh rrug\u00ebs s\u00eb pritjes dhe bulevardeve ku shprehet revolta, e q\u00eb t\u00eb dyja k\u00ebto udh\u00eb, t\u00eb \u00e7ojn\u00eb drejt pranimit t\u00eb kompromiseve t\u00eb parallogaritura nga i \u201cpari\u201d.<\/p>\n<p>Ja shembuj konkret p\u00ebr k\u00ebt\u00eb: Gruevski botoi dhe promovoi \u201cEnciklopedin\u00eb\u201d me elemente shovene antishqiptare, q\u00eb pastaj shqiptar\u00ebt t\u00eb protestojn\u00eb e t\u00eb vrapojn\u00eb pas tij p\u00ebr t\u00eb arritur kompromis p\u00ebr ndreqjen e gabimeve; Gruevski promovoi dhe filloi realizimin e projektit \u201cShkupi 20014\u201d, q\u00eb pastaj Ali Ahmeti t\u00eb pres\u00eb q\u00eb ai ta pranoj\u00eb n\u00eb kabinetin e tij, q\u00eb ta bind\u00eb se n\u00eb sheshin e Shkupit duhet t\u00eb ket\u00eb edhe ndonj\u00eb p\u00ebrmendore nga e kaluara shqiptare. Dhe kuptohet, edhe Gruevski edhe Ali Ahmeti thirret n\u00eb Marr\u00ebveshjen e Ohrit, duke e shnd\u00ebrruar at\u00eb n\u00eb dokument nga i cili shqiptar\u00ebt e Maqedonis\u00eb mbase kan\u00eb filluar edhe t\u00eb turp\u00ebrohen, sepse asgj\u00eb si kjo Marr\u00ebveshje nuk e shpalos paaft\u00ebsin\u00eb e tyre politike t\u2019u dal\u00eb zot gj\u00ebrave q\u00eb jan\u00eb fituar edhe me gjak.<\/p>\n<p>Se si duket Maqedonia e pas Marr\u00ebveshjes s\u00eb Ohrit dhe se ajo dallon nga vetvetja e para konfliktit t\u00eb vitit 2001, m\u00eb s\u00eb miri e d\u00ebshmon pozita e partive shqiptare n\u00eb koalicionet qeveris\u00ebse ku ato mbet\u00ebn n\u00eb rrafshin e atij q\u00eb ka \u201c20 p\u00ebr qind t\u00eb drejta\u201d, n\u00eb pozitat e t\u00eb renditurit si \u201ci dyti\u201d n\u00eb orkestr\u00ebn q\u00eb drejton shtetin, n\u00eb pozit\u00ebn e vasalit q\u00eb pret m\u00ebshir\u00ebn e sunduesit p\u00ebr t\u2019i dh\u00ebn\u00eb di\u00e7ka sa p\u00ebr ta arsyetuar vasalitetin e vet.<\/p>\n<p>E nd\u00ebrkoh\u00eb, duhet th\u00ebn\u00eb hapur se kjo Marr\u00ebveshje nuk u realizua jo aq p\u00ebr shkak t\u00eb aft\u00ebsive t\u00eb m\u00ebdha t\u00eb pal\u00ebs maqedonase p\u00ebr ta penguar realizimin e saj, se sa p\u00ebr shkak t\u00eb paaft\u00ebsis\u00eb marramend\u00ebse t\u00eb politikan\u00ebve shqiptar\u00eb p\u00ebr t\u2019i bindur koleg\u00ebt e tyre maqedonas se kjo Marr\u00ebveshje s\u2019ka pse u duhet shqiptar\u00ebve, n\u00ebse k\u00ebt\u00eb Marr\u00ebveshje ata e vler\u00ebsojn\u00eb si t\u00eb d\u00ebmshme p\u00ebr Maqedonin\u00eb.<\/p>\n<p>Si do q\u00eb t\u00eb jet\u00eb, kaluan n\u00ebnt\u00eb vite nga n\u00ebnshkrimi i Marr\u00ebveshjes s\u00eb Ohrit, e shqiptar\u00ebt e Maqedonis\u00eb ende debatojn\u00eb se kush \u00ebsht\u00eb fajtor pse me shum\u00eb\u00e7ka mbet\u00ebn aty ku ishin p\u00ebrpara konfliktit t\u00eb 2001. Dit\u00ebn kur do botohet ky tekst, BDI-ja e Ali Ahmetit do ta ket\u00eb kremtuar p\u00ebrvjetorin e n\u00ebnt\u00eb t\u00eb saj. Ndoshta BDI-ja \u00ebsht\u00eb e vetmja parti q\u00eb me ngulm i sh\u00ebnon dit\u00eblindjet e nj\u00eb \u201cf\u00ebmije\u201d i cili mbase ishte i abortuar dhe duke mbetur pa \u201cinkubatorin\u201d e nd\u00ebrkomb\u00ebtar\u00ebve, ai vdiq para se k\u00ebt\u00eb ta kuptonin pushtetar\u00ebt shqiptar\u00eb.<\/p>\n<p>Ku ta dish, ndoshta sivjet, t\u00eb mbledhurit n\u00eb sall\u00ebn e hotelit \u201cAleksand\u00ebr Palas\u201d t\u00eb Shkupit, duke d\u00ebgjuar fjalimin solemn t\u00eb Ali Ahmetit, e kan\u00eb kuptuar sa t\u00eb pakuptimta jan\u00eb kremtet q\u00eb madh\u00ebrojn\u00eb d\u00ebshtimet tona, sa t\u00eb pahijshme jan\u00eb kremtet kur ndjehesh kund\u00ebrshtar i vetvetes, kur b\u00ebhesh se nuk e di se politikan m\u00eb i mir\u00eb \u00ebsht\u00eb ai q\u00eb sundon edhe mbrapsht \u2013 si p\u00ebr shembull Gruevski, por q\u00eb arrin t\u00eb b\u00ebj\u00eb vepra t\u00eb mira p\u00ebr popullin e vet, se sa ai q\u00eb sundon njer\u00ebzish\u00ebm, por \u00ebsht\u00eb i paaft\u00eb t\u00eb realizoj\u00eb at\u00eb q\u00eb ia ka premtuar popullit.<\/p>\n<p>Apo, ku ta dish, mbase problemi nuk q\u00ebndron gjithaq te politikan\u00ebt shqiptar\u00eb, sa te paaft\u00ebsia kolektive e shqiptar\u00ebve t\u00eb k\u00ebtush\u00ebm p\u00ebr t\u00eb kuptuar t\u00eb v\u00ebrtet\u00ebn se popuj t\u00eb suksessh\u00ebm jan\u00eb ata t\u00eb cil\u00ebve u prijn\u00eb individ\u00eb q\u00eb ndjehen m\u00eb lart se t\u00eb tjer\u00ebt dhe nuk i p\u00ebrkulen askujt, por nj\u00ebkoh\u00ebsisht mbeten t\u00eb n\u00ebnshtruarit e p\u00ebrhersh\u00ebm t\u00eb popullit t\u00eb vet.<\/p>\n","protected":false},"excerpt":{"rendered":"<p>Kim Mehmeti SCRIPTA MANENT Kaluan n\u00ebnt\u00eb vite nga n\u00ebnshkrimi i Marr\u00ebveshjes s\u00eb Ohrit. N\u00eb fillim, ajo ishte shpres\u00eb e madhe p\u00ebr shqiptar\u00ebt e k\u00ebtush\u00ebm dhe arsyetim se konflikti i 2001 rezultoi me nj\u00eb t\u00eb arrir\u00eb historike p\u00ebr ta. Nga ana tjet\u00ebr, p\u00ebr pal\u00ebn maqedonase, ajo ishte dhe mbeti simbol i nj\u00eb humbjeje t\u00eb pafalshme t\u00eb [&hellip;]<\/p>\n","protected":false},"author":1,"featured_media":0,"comment_status":"open","ping_status":"closed","sticky":false,"template":"","format":"standard","meta":{"footnotes":""},"categories":[2],"tags":[],"class_list":{"0":"post-3728","1":"post","2":"type-post","3":"status-publish","4":"format-standard","6":"category-artikuj"},"yoast_head":"<!-- This site is optimized with the Yoast SEO plugin v27.4 - https:\/\/yoast.com\/product\/yoast-seo-wordpress\/ -->\n<title>LART\u00cbSIA E T\u00cb N\u00cbNSHTRUARVE - FjALA e LIR\u00cb - Arkivi<\/title>\n<meta name=\"robots\" content=\"index, follow, max-snippet:-1, max-image-preview:large, max-video-preview:-1\" \/>\n<link rel=\"canonical\" href=\"https:\/\/fjala.info\/2009-2015\/lartesia-e-te-nenshtruarve\/\" \/>\n<meta property=\"og:locale\" content=\"sq_AL\" \/>\n<meta property=\"og:type\" content=\"article\" \/>\n<meta property=\"og:title\" content=\"LART\u00cbSIA E T\u00cb N\u00cbNSHTRUARVE - FjALA e LIR\u00cb - Arkivi\" \/>\n<meta property=\"og:description\" content=\"Kim Mehmeti SCRIPTA MANENT Kaluan n\u00ebnt\u00eb vite nga n\u00ebnshkrimi i Marr\u00ebveshjes s\u00eb Ohrit. N\u00eb fillim, ajo ishte shpres\u00eb e madhe p\u00ebr shqiptar\u00ebt e k\u00ebtush\u00ebm dhe arsyetim se konflikti i 2001 rezultoi me nj\u00eb t\u00eb arrir\u00eb historike p\u00ebr ta. Nga ana tjet\u00ebr, p\u00ebr pal\u00ebn maqedonase, ajo ishte dhe mbeti simbol i nj\u00eb humbjeje t\u00eb pafalshme t\u00eb [&hellip;]\" \/>\n<meta property=\"og:url\" content=\"https:\/\/fjala.info\/2009-2015\/lartesia-e-te-nenshtruarve\/\" \/>\n<meta property=\"og:site_name\" content=\"FjALA e LIR\u00cb - Arkivi\" \/>\n<meta property=\"article:published_time\" content=\"2010-08-14T21:09:57+00:00\" \/>\n<meta property=\"og:image\" content=\"http:\/\/www.shkoder.net\/images\/fjala\/kim_mehmeti.jpg\" \/>\n<meta name=\"author\" content=\"admin\" \/>\n<meta name=\"twitter:card\" content=\"summary_large_image\" \/>\n<meta name=\"twitter:label1\" content=\"Written by\" \/>\n\t<meta name=\"twitter:data1\" content=\"admin\" \/>\n\t<meta name=\"twitter:label2\" content=\"Est. reading time\" \/>\n\t<meta name=\"twitter:data2\" content=\"7 minutes\" \/>\n<script type=\"application\/ld+json\" class=\"yoast-schema-graph\">{\"@context\":\"https:\\\/\\\/schema.org\",\"@graph\":[{\"@type\":\"Article\",\"@id\":\"https:\\\/\\\/fjala.info\\\/2009-2015\\\/lartesia-e-te-nenshtruarve\\\/#article\",\"isPartOf\":{\"@id\":\"https:\\\/\\\/fjala.info\\\/2009-2015\\\/lartesia-e-te-nenshtruarve\\\/\"},\"author\":{\"name\":\"admin\",\"@id\":\"https:\\\/\\\/fjala.info\\\/2009-2015\\\/#\\\/schema\\\/person\\\/3aa1163ef05469c496fc94e77611ada2\"},\"headline\":\"LART\u00cbSIA E T\u00cb N\u00cbNSHTRUARVE\",\"datePublished\":\"2010-08-14T21:09:57+00:00\",\"mainEntityOfPage\":{\"@id\":\"https:\\\/\\\/fjala.info\\\/2009-2015\\\/lartesia-e-te-nenshtruarve\\\/\"},\"wordCount\":1312,\"commentCount\":0,\"publisher\":{\"@id\":\"https:\\\/\\\/fjala.info\\\/2009-2015\\\/#organization\"},\"image\":{\"@id\":\"https:\\\/\\\/fjala.info\\\/2009-2015\\\/lartesia-e-te-nenshtruarve\\\/#primaryimage\"},\"thumbnailUrl\":\"http:\\\/\\\/www.shkoder.net\\\/images\\\/fjala\\\/kim_mehmeti.jpg\",\"articleSection\":[\"Artikuj\"],\"inLanguage\":\"sq-AL\",\"potentialAction\":[{\"@type\":\"CommentAction\",\"name\":\"Comment\",\"target\":[\"https:\\\/\\\/fjala.info\\\/2009-2015\\\/lartesia-e-te-nenshtruarve\\\/#respond\"]}]},{\"@type\":\"WebPage\",\"@id\":\"https:\\\/\\\/fjala.info\\\/2009-2015\\\/lartesia-e-te-nenshtruarve\\\/\",\"url\":\"https:\\\/\\\/fjala.info\\\/2009-2015\\\/lartesia-e-te-nenshtruarve\\\/\",\"name\":\"LART\u00cbSIA E T\u00cb N\u00cbNSHTRUARVE - FjALA e LIR\u00cb - Arkivi\",\"isPartOf\":{\"@id\":\"https:\\\/\\\/fjala.info\\\/2009-2015\\\/#website\"},\"primaryImageOfPage\":{\"@id\":\"https:\\\/\\\/fjala.info\\\/2009-2015\\\/lartesia-e-te-nenshtruarve\\\/#primaryimage\"},\"image\":{\"@id\":\"https:\\\/\\\/fjala.info\\\/2009-2015\\\/lartesia-e-te-nenshtruarve\\\/#primaryimage\"},\"thumbnailUrl\":\"http:\\\/\\\/www.shkoder.net\\\/images\\\/fjala\\\/kim_mehmeti.jpg\",\"datePublished\":\"2010-08-14T21:09:57+00:00\",\"breadcrumb\":{\"@id\":\"https:\\\/\\\/fjala.info\\\/2009-2015\\\/lartesia-e-te-nenshtruarve\\\/#breadcrumb\"},\"inLanguage\":\"sq-AL\",\"potentialAction\":[{\"@type\":\"ReadAction\",\"target\":[\"https:\\\/\\\/fjala.info\\\/2009-2015\\\/lartesia-e-te-nenshtruarve\\\/\"]}]},{\"@type\":\"ImageObject\",\"inLanguage\":\"sq-AL\",\"@id\":\"https:\\\/\\\/fjala.info\\\/2009-2015\\\/lartesia-e-te-nenshtruarve\\\/#primaryimage\",\"url\":\"http:\\\/\\\/www.shkoder.net\\\/images\\\/fjala\\\/kim_mehmeti.jpg\",\"contentUrl\":\"http:\\\/\\\/www.shkoder.net\\\/images\\\/fjala\\\/kim_mehmeti.jpg\"},{\"@type\":\"BreadcrumbList\",\"@id\":\"https:\\\/\\\/fjala.info\\\/2009-2015\\\/lartesia-e-te-nenshtruarve\\\/#breadcrumb\",\"itemListElement\":[{\"@type\":\"ListItem\",\"position\":1,\"name\":\"Home\",\"item\":\"https:\\\/\\\/fjala.info\\\/2009-2015\\\/\"},{\"@type\":\"ListItem\",\"position\":2,\"name\":\"LART\u00cbSIA E T\u00cb N\u00cbNSHTRUARVE\"}]},{\"@type\":\"WebSite\",\"@id\":\"https:\\\/\\\/fjala.info\\\/2009-2015\\\/#website\",\"url\":\"https:\\\/\\\/fjala.info\\\/2009-2015\\\/\",\"name\":\"FjALA e LIR\u00cb - Arkivi\",\"description\":\"Arkivi 2009-2015\",\"publisher\":{\"@id\":\"https:\\\/\\\/fjala.info\\\/2009-2015\\\/#organization\"},\"potentialAction\":[{\"@type\":\"SearchAction\",\"target\":{\"@type\":\"EntryPoint\",\"urlTemplate\":\"https:\\\/\\\/fjala.info\\\/2009-2015\\\/?s={search_term_string}\"},\"query-input\":{\"@type\":\"PropertyValueSpecification\",\"valueRequired\":true,\"valueName\":\"search_term_string\"}}],\"inLanguage\":\"sq-AL\"},{\"@type\":\"Organization\",\"@id\":\"https:\\\/\\\/fjala.info\\\/2009-2015\\\/#organization\",\"name\":\"FjALA e LIR\u00cb - Arkivi\",\"url\":\"https:\\\/\\\/fjala.info\\\/2009-2015\\\/\",\"logo\":{\"@type\":\"ImageObject\",\"inLanguage\":\"sq-AL\",\"@id\":\"https:\\\/\\\/fjala.info\\\/2009-2015\\\/#\\\/schema\\\/logo\\\/image\\\/\",\"url\":\"\",\"contentUrl\":\"\",\"caption\":\"FjALA e LIR\u00cb - Arkivi\"},\"image\":{\"@id\":\"https:\\\/\\\/fjala.info\\\/2009-2015\\\/#\\\/schema\\\/logo\\\/image\\\/\"}},{\"@type\":\"Person\",\"@id\":\"https:\\\/\\\/fjala.info\\\/2009-2015\\\/#\\\/schema\\\/person\\\/3aa1163ef05469c496fc94e77611ada2\",\"name\":\"admin\",\"image\":{\"@type\":\"ImageObject\",\"inLanguage\":\"sq-AL\",\"@id\":\"https:\\\/\\\/fjala.info\\\/2009-2015\\\/wp-content\\\/uploads\\\/2012\\\/02\\\/arben_cokaj-120x150.jpg\",\"url\":\"https:\\\/\\\/fjala.info\\\/2009-2015\\\/wp-content\\\/uploads\\\/2012\\\/02\\\/arben_cokaj-120x150.jpg\",\"contentUrl\":\"https:\\\/\\\/fjala.info\\\/2009-2015\\\/wp-content\\\/uploads\\\/2012\\\/02\\\/arben_cokaj-120x150.jpg\",\"caption\":\"admin\"},\"description\":\"Admin, Fjala e Lir\u00eb\",\"sameAs\":[\"https:\\\/\\\/fjala.info\\\/\"],\"url\":\"https:\\\/\\\/fjala.info\\\/2009-2015\\\/author\\\/admin\\\/\"}]}<\/script>\n<!-- \/ Yoast SEO plugin. -->","yoast_head_json":{"title":"LART\u00cbSIA E T\u00cb N\u00cbNSHTRUARVE - FjALA e LIR\u00cb - Arkivi","robots":{"index":"index","follow":"follow","max-snippet":"max-snippet:-1","max-image-preview":"max-image-preview:large","max-video-preview":"max-video-preview:-1"},"canonical":"https:\/\/fjala.info\/2009-2015\/lartesia-e-te-nenshtruarve\/","og_locale":"sq_AL","og_type":"article","og_title":"LART\u00cbSIA E T\u00cb N\u00cbNSHTRUARVE - FjALA e LIR\u00cb - Arkivi","og_description":"Kim Mehmeti SCRIPTA MANENT Kaluan n\u00ebnt\u00eb vite nga n\u00ebnshkrimi i Marr\u00ebveshjes s\u00eb Ohrit. N\u00eb fillim, ajo ishte shpres\u00eb e madhe p\u00ebr shqiptar\u00ebt e k\u00ebtush\u00ebm dhe arsyetim se konflikti i 2001 rezultoi me nj\u00eb t\u00eb arrir\u00eb historike p\u00ebr ta. Nga ana tjet\u00ebr, p\u00ebr pal\u00ebn maqedonase, ajo ishte dhe mbeti simbol i nj\u00eb humbjeje t\u00eb pafalshme t\u00eb [&hellip;]","og_url":"https:\/\/fjala.info\/2009-2015\/lartesia-e-te-nenshtruarve\/","og_site_name":"FjALA e LIR\u00cb - Arkivi","article_published_time":"2010-08-14T21:09:57+00:00","og_image":[{"url":"http:\/\/www.shkoder.net\/images\/fjala\/kim_mehmeti.jpg","type":"","width":"","height":""}],"author":"admin","twitter_card":"summary_large_image","twitter_misc":{"Written by":"admin","Est. reading time":"7 minutes"},"schema":{"@context":"https:\/\/schema.org","@graph":[{"@type":"Article","@id":"https:\/\/fjala.info\/2009-2015\/lartesia-e-te-nenshtruarve\/#article","isPartOf":{"@id":"https:\/\/fjala.info\/2009-2015\/lartesia-e-te-nenshtruarve\/"},"author":{"name":"admin","@id":"https:\/\/fjala.info\/2009-2015\/#\/schema\/person\/3aa1163ef05469c496fc94e77611ada2"},"headline":"LART\u00cbSIA E T\u00cb N\u00cbNSHTRUARVE","datePublished":"2010-08-14T21:09:57+00:00","mainEntityOfPage":{"@id":"https:\/\/fjala.info\/2009-2015\/lartesia-e-te-nenshtruarve\/"},"wordCount":1312,"commentCount":0,"publisher":{"@id":"https:\/\/fjala.info\/2009-2015\/#organization"},"image":{"@id":"https:\/\/fjala.info\/2009-2015\/lartesia-e-te-nenshtruarve\/#primaryimage"},"thumbnailUrl":"http:\/\/www.shkoder.net\/images\/fjala\/kim_mehmeti.jpg","articleSection":["Artikuj"],"inLanguage":"sq-AL","potentialAction":[{"@type":"CommentAction","name":"Comment","target":["https:\/\/fjala.info\/2009-2015\/lartesia-e-te-nenshtruarve\/#respond"]}]},{"@type":"WebPage","@id":"https:\/\/fjala.info\/2009-2015\/lartesia-e-te-nenshtruarve\/","url":"https:\/\/fjala.info\/2009-2015\/lartesia-e-te-nenshtruarve\/","name":"LART\u00cbSIA E T\u00cb N\u00cbNSHTRUARVE - FjALA e LIR\u00cb - Arkivi","isPartOf":{"@id":"https:\/\/fjala.info\/2009-2015\/#website"},"primaryImageOfPage":{"@id":"https:\/\/fjala.info\/2009-2015\/lartesia-e-te-nenshtruarve\/#primaryimage"},"image":{"@id":"https:\/\/fjala.info\/2009-2015\/lartesia-e-te-nenshtruarve\/#primaryimage"},"thumbnailUrl":"http:\/\/www.shkoder.net\/images\/fjala\/kim_mehmeti.jpg","datePublished":"2010-08-14T21:09:57+00:00","breadcrumb":{"@id":"https:\/\/fjala.info\/2009-2015\/lartesia-e-te-nenshtruarve\/#breadcrumb"},"inLanguage":"sq-AL","potentialAction":[{"@type":"ReadAction","target":["https:\/\/fjala.info\/2009-2015\/lartesia-e-te-nenshtruarve\/"]}]},{"@type":"ImageObject","inLanguage":"sq-AL","@id":"https:\/\/fjala.info\/2009-2015\/lartesia-e-te-nenshtruarve\/#primaryimage","url":"http:\/\/www.shkoder.net\/images\/fjala\/kim_mehmeti.jpg","contentUrl":"http:\/\/www.shkoder.net\/images\/fjala\/kim_mehmeti.jpg"},{"@type":"BreadcrumbList","@id":"https:\/\/fjala.info\/2009-2015\/lartesia-e-te-nenshtruarve\/#breadcrumb","itemListElement":[{"@type":"ListItem","position":1,"name":"Home","item":"https:\/\/fjala.info\/2009-2015\/"},{"@type":"ListItem","position":2,"name":"LART\u00cbSIA E T\u00cb N\u00cbNSHTRUARVE"}]},{"@type":"WebSite","@id":"https:\/\/fjala.info\/2009-2015\/#website","url":"https:\/\/fjala.info\/2009-2015\/","name":"FjALA e LIR\u00cb - Arkivi","description":"Arkivi 2009-2015","publisher":{"@id":"https:\/\/fjala.info\/2009-2015\/#organization"},"potentialAction":[{"@type":"SearchAction","target":{"@type":"EntryPoint","urlTemplate":"https:\/\/fjala.info\/2009-2015\/?s={search_term_string}"},"query-input":{"@type":"PropertyValueSpecification","valueRequired":true,"valueName":"search_term_string"}}],"inLanguage":"sq-AL"},{"@type":"Organization","@id":"https:\/\/fjala.info\/2009-2015\/#organization","name":"FjALA e LIR\u00cb - Arkivi","url":"https:\/\/fjala.info\/2009-2015\/","logo":{"@type":"ImageObject","inLanguage":"sq-AL","@id":"https:\/\/fjala.info\/2009-2015\/#\/schema\/logo\/image\/","url":"","contentUrl":"","caption":"FjALA e LIR\u00cb - Arkivi"},"image":{"@id":"https:\/\/fjala.info\/2009-2015\/#\/schema\/logo\/image\/"}},{"@type":"Person","@id":"https:\/\/fjala.info\/2009-2015\/#\/schema\/person\/3aa1163ef05469c496fc94e77611ada2","name":"admin","image":{"@type":"ImageObject","inLanguage":"sq-AL","@id":"https:\/\/fjala.info\/2009-2015\/wp-content\/uploads\/2012\/02\/arben_cokaj-120x150.jpg","url":"https:\/\/fjala.info\/2009-2015\/wp-content\/uploads\/2012\/02\/arben_cokaj-120x150.jpg","contentUrl":"https:\/\/fjala.info\/2009-2015\/wp-content\/uploads\/2012\/02\/arben_cokaj-120x150.jpg","caption":"admin"},"description":"Admin, Fjala e Lir\u00eb","sameAs":["https:\/\/fjala.info\/"],"url":"https:\/\/fjala.info\/2009-2015\/author\/admin\/"}]}},"_links":{"self":[{"href":"https:\/\/fjala.info\/2009-2015\/wp-json\/wp\/v2\/posts\/3728","targetHints":{"allow":["GET"]}}],"collection":[{"href":"https:\/\/fjala.info\/2009-2015\/wp-json\/wp\/v2\/posts"}],"about":[{"href":"https:\/\/fjala.info\/2009-2015\/wp-json\/wp\/v2\/types\/post"}],"author":[{"embeddable":true,"href":"https:\/\/fjala.info\/2009-2015\/wp-json\/wp\/v2\/users\/1"}],"replies":[{"embeddable":true,"href":"https:\/\/fjala.info\/2009-2015\/wp-json\/wp\/v2\/comments?post=3728"}],"version-history":[{"count":0,"href":"https:\/\/fjala.info\/2009-2015\/wp-json\/wp\/v2\/posts\/3728\/revisions"}],"wp:attachment":[{"href":"https:\/\/fjala.info\/2009-2015\/wp-json\/wp\/v2\/media?parent=3728"}],"wp:term":[{"taxonomy":"category","embeddable":true,"href":"https:\/\/fjala.info\/2009-2015\/wp-json\/wp\/v2\/categories?post=3728"},{"taxonomy":"post_tag","embeddable":true,"href":"https:\/\/fjala.info\/2009-2015\/wp-json\/wp\/v2\/tags?post=3728"}],"curies":[{"name":"wp","href":"https:\/\/api.w.org\/{rel}","templated":true}]}}