{"id":3726,"date":"2010-08-14T18:05:43","date_gmt":"2010-08-14T17:05:43","guid":{"rendered":"http:\/\/fjala.shkoder.net\/?p=3726"},"modified":"2010-08-14T18:05:43","modified_gmt":"2010-08-14T17:05:43","slug":"withers-si-testament-amerikan","status":"publish","type":"post","link":"https:\/\/fjala.info\/2009-2015\/withers-si-testament-amerikan\/","title":{"rendered":"Withers si testament amerikan"},"content":{"rendered":"<p><img decoding=\"async\" style=\"margin-left: 10px; margin-right: 10px; border: 0px;\" title=\"Afrim Krasniqi\" src=\"http:\/\/www.shkoder.net\/images\/fjala\/afrim_krasniqi.jpg\" border=\"0\" alt=\"\" width=\"100\" align=\"right\" \/><\/p>\n<p>Nga <strong>Afrim Krasniqi<\/strong>, GSH, <em>14.08.2010<\/em><\/p>\n<p>John Withers nuk do t\u00eb jet\u00eb m\u00eb ambasador i SHBA-ve n\u00eb Tiran\u00eb. Ai e mbaroi mandatin e tij diplomatik n\u00eb Shqip\u00ebri, dhe sipas procedur\u00ebs amerikane, do t\u00eb marr\u00eb nj\u00eb em\u00ebrim t\u00eb ri n\u00eb sh\u00ebrbimin diplomatik. Z\u00ebvend\u00ebsimi i ambasador\u00ebve \u00ebsht\u00eb nj\u00eb proces normal gati protokollar, por q\u00eb n\u00eb vende t\u00eb vogla si Shqip\u00ebria, gjithnj\u00eb shoq\u00ebrohet me iluzione politike dhe komente t\u00eb shumta. N\u00eb cdo rast ambasador\u00ebt amerikan\u00eb jan\u00eb p\u00ebrcjell\u00eb me respekt, nderim nga shteti dhe vler\u00ebsim p\u00ebr mandatin e tij diplomatik. John Withers paraqet nj\u00eb p\u00ebrjashtim.<\/p>\n<p>Ai \u00ebsht\u00eb i pari ambasador q\u00eb p\u00ebrcillet gati me g\u00ebzim nga qeveria, pa dekorat\u00eb zyrtare nga ana e shtetit, me sjellje agonike nga opozita, por me siguri, me shum\u00eb respekt nga shumica e qytetar\u00ebve shqiptar\u00eb. Si n\u00eb nj\u00eb pazar fshati, tregu shqiptar politik dominohet nga mend\u00ebsi simpliste, ndaj edhe disa mendojn\u00eb se Withers ai ishte ambasadori m\u00eb aktiv amerikan n\u00eb Shqip\u00ebrin\u00eb postkomuniste, t\u00eb tjer\u00eb vler\u00ebsojn\u00eb me nota kritike aktivitetin e tij, dhe dy pal\u00ebt thurrin shpresa e skenar\u00eb vjeshtor\u00eb mbi ambasadorin e ri. Withers nuk ishte nj\u00eb p\u00ebrjashtim nga modelet e diplomacis\u00eb amerikane n\u00eb Shqip\u00ebri. Ai ishte m\u00eb ndryshe se shumica e ambasador\u00ebve t\u00eb tjer\u00eb t\u00eb m\u00ebparsh\u00ebm, shum\u00eb m\u00eb i paansh\u00ebm politikisht se Rajerson apo Lino, shum\u00eb m\u00eb aktiv se Ries apo Limprecht, deri diku i krahasuesh\u00ebm me diplomatin autoritar Xhefri. Withers nuk mori pjes\u00eb n\u00eb mitingje elektorale apo politike si disa emra t\u00eb m\u00ebsip\u00ebrm, nuk shkroi raporte asnjan\u00ebse dhe nuk p\u00ebrdori lidhjet personale p\u00ebr promovim t\u00eb figurave t\u00eb vecanta partiake n\u00eb Shqip\u00ebri.<\/p>\n<p>Ai zgjodhi t\u00eb jet\u00eb aktiv, t\u00eb jet\u00eb i paansh\u00ebm, t\u00eb mos hesht\u00eb n\u00eb raste skandalesh, t\u00eb kryej\u00eb rolin e negocioatorit dhe k\u00ebshilltarit ndaj autoriteteve t\u00eb larta shqiptare, dhe simbolikisht, t\u00eb lexoj\u00eb m\u00eb shum\u00eb se kushdo tjet\u00ebr m\u00eb par\u00eb, libra t\u00eb shqiptar\u00ebve shqiptar\u00eb, komente t\u00eb m\u00ebdias, letra t\u00eb qytetar\u00ebve apo t\u00eb dh\u00ebna kulturore e historike. Withers ofroi nj\u00eb model t\u00eb ri diplomati per\u00ebndimor n\u00eb Tiran\u00eb, nj\u00eb diplomat q\u00eb ka kurajo, flet, denoncon an\u00ebt negative, mbron t\u00eb pafajshmin e t\u00eb pambrojturin, etj. Ai \u00ebsht\u00eb i pari ambasador amerikan q\u00eb doli pubikisht para gazetar\u00ebve p\u00ebr t\u00eb denoncuar dhun\u00ebn e nj\u00eb deputeti ndaj nj\u00eb gazetari. Ai ishte i pari diplomat q\u00eb i foli hapur dhe direkt qeveris\u00eb n\u00eb cdo vendim t\u00eb saj t\u00eb cil\u00ebsuar si c\u00ebnim t\u00eb normave demokratike apo frym\u00ebs atlantike. Ai ishte aktiv n\u00eb mbrojtjen e medias s\u00eb lir\u00eb, n\u00eb mbrojtjen e t\u00eb drejtave t\u00eb njeriut, dhe po kaq aktiv n\u00eb apelet p\u00ebr drejt\u00ebsi n\u00eb raste abuzime e skandale t\u00eb m\u00ebdha, si rasti i G\u00ebrdecit. Ai d\u00ebshmoi respekt maksimal p\u00ebr disidenc\u00ebn antikomuniste shqiptare, sa edhe ishte avokat aktiv n\u00eb mbrojtjen e parimeve t\u00eb sotme kushtetuese nga fushatat e seleksionimit politik.<\/p>\n<p>Tradita e sjelljes s\u00eb Tiran\u00ebs politike me ambasador\u00ebt amerikan\u00eb mbetet e pandryshuar. M\u00eb 1992 e majta n\u00eb opozit\u00eb kishte k\u00ebrkuar ikjen e Rajerson, m\u00eb 2003 e majta n\u00eb qeveri ishte kritike me Xhefri. Pas M.Lino m\u00eb 1996, Withers b\u00ebhet i dyti ambasador amerikan p\u00ebr t\u00eb cilin qeveria k\u00ebrkon zyrtarisht largimin e tij. Largimi i nj\u00eb ambasadori amerikan mund t\u00eb k\u00ebrkohet vet\u00ebm n\u00eb dy raste: kur ai ka kryer akte personale, ka nxitur administrat\u00ebn e shtetit t\u00eb tij t\u00eb kryej\u00eb veprime ose t\u00eb shpreh\u00eb qartazi mendime q\u00eb bien ndesh me interesat madhore shqiptare. Withers nuk ishte i till\u00eb. Sipas p\u00ebrgjigjes s\u00eb Departamentit t\u00eb Shtetit Withers ishte nj\u00eb diplomat i suksessh\u00ebm karriere, me kontribute t\u00eb m\u00ebdha n\u00eb forcimin e marr\u00ebdh\u00ebnieve dypal\u00ebshe, an\u00ebtar\u00ebsimin e Shqip\u00ebris\u00eb n\u00eb NATO dhe zhvillimin e demokracis\u00eb n\u00eb Shqip\u00ebri.<\/p>\n<p>Withers u p\u00ebrball me nj\u00eb situat\u00eb paradoksale n\u00eb Shqip\u00ebri: n\u00eb vendin m\u00eb proamerikan n\u00eb Europ\u00eb, ambasadori amerikan, sic ka deklaruar ai vet\u00eb, pati shum\u00eb v\u00ebshtir\u00ebsi n\u00eb kryerjen e detyr\u00ebs s\u00eb tij. Withers ka patur shum\u00eb mb\u00ebshtet\u00ebs, shum\u00eb kritik\u00eb, shum\u00eb kund\u00ebrshtar\u00eb. Mb\u00ebshtet\u00ebsit kan\u00eb q\u00ebn\u00eb mendjet liberale dhe shumica qytetare, kritik\u00eb &#8211; pjes\u00eb t\u00eb k\u00ebsaj shumice q\u00eb shpreshher\u00eb keqkuptojn\u00eb rolin amerikan n\u00eb zgjidhjen e problemeve t\u00eb tyre t\u00eb p\u00ebrditshme. Kund\u00ebr u b\u00ebn\u00eb ose ishin politikan\u00ebt abuziv t\u00eb tranzicionit, t\u00eb cil\u00ebt flamurin amerikane e duan vet\u00ebm p\u00ebr fushat\u00eb elektorale dhe ambasadorin amerikan vet\u00ebm si noter t\u00eb veprimeve t\u00eb tyre shpeshher\u00eb antidemokratike apo aventurier\u00eb politik\u00eb t\u00eb cil\u00ebt sa her\u00eb abuzuan me pushtetin mbush\u00ebn faqe gazetash kund\u00ebr ambasadorit, \u201cguvernator\u00ebve t\u00eb em\u00ebruar\u201d dhe n\u00eb mbrojtje t\u00eb \u201csovranitetit\u201d. Kund\u00ebr ishin gjyqtar, zyrtar\u00eb e biznesmen\u00eb t\u00eb korruptuar apo grupe kriminale t\u00eb p\u00ebrmendur n\u00eb raportet amerikane, ashtu si edhe grupet ekstremiste me financime t\u00eb dyshimta fondamentaliste.<\/p>\n<p>Intervista e tij e fundit televizive ishte nj\u00eb pohim i trisht\u00eb amerikan i sjelljes pa etik\u00eb e seriozitet t\u00eb shtetit shqiptar, i krijuar me veto amerikane, i shp\u00ebtuar m\u00eb 1999 me nd\u00ebrhjyrje amerikane, i pranuar n\u00eb NATO me veto amerikane. Deklarata se tre vjet pas pranimit n\u00eb NATO Shqip\u00ebria rrezikon shum\u00eb me shkeljen e marr\u00ebveshjes s\u00eb pranimit, p\u00ebrb\u00ebn zhvillimin m\u00eb dramatik n\u00eb politik\u00ebn shqiptare q\u00eb prej nj\u00eb dekade. Z\u00ebvend\u00ebsimi i ambasadorit nuk p\u00ebrb\u00ebn dram\u00eb, \u00ebsht\u00eb protokollar.<\/p>\n<p>\u00c7\u00ebshtja \u00ebsht\u00eb \u00e7far\u00eb do t\u00eb ndodh\u00eb kur edhe ambasadori pasues, t\u00eb nis\u00eb pun\u00ebn me axhend\u00ebn e shqet\u00ebsime t\u00eb Withers, dmth, t\u00eb shqet\u00ebsimeve t\u00eb administrat\u00ebs amerikane? Seanca d\u00ebgjimore n\u00eb Kongres ishte nj\u00eb paralajmerim se edhe me ikjen Withers SHBA kan\u00eb qen\u00eb, jan\u00eb e do t\u00eb jen\u00eb k\u00ebtu, p\u00ebr t\u00eb folur lirsh\u00ebm dhe me kurajo gjuh\u00ebn e shkoll\u00ebs s\u00eb demokracis\u00eb, e cila n\u00eb Tiran\u00ebn e shkoll\u00ebs komuniste, ende nuk njihet, nuk flitet, madje fatkqe\u00ebsisht, ende ka vullnet p\u00ebr pa m\u00ebsuar!<\/p>\n","protected":false},"excerpt":{"rendered":"<p>Nga Afrim Krasniqi, GSH, 14.08.2010 John Withers nuk do t\u00eb jet\u00eb m\u00eb ambasador i SHBA-ve n\u00eb Tiran\u00eb. Ai e mbaroi mandatin e tij diplomatik n\u00eb Shqip\u00ebri, dhe sipas procedur\u00ebs amerikane, do t\u00eb marr\u00eb nj\u00eb em\u00ebrim t\u00eb ri n\u00eb sh\u00ebrbimin diplomatik. Z\u00ebvend\u00ebsimi i ambasador\u00ebve \u00ebsht\u00eb nj\u00eb proces normal gati protokollar, por q\u00eb n\u00eb vende t\u00eb vogla [&hellip;]<\/p>\n","protected":false},"author":1,"featured_media":0,"comment_status":"open","ping_status":"closed","sticky":false,"template":"","format":"standard","meta":{"footnotes":""},"categories":[2],"tags":[],"class_list":{"0":"post-3726","1":"post","2":"type-post","3":"status-publish","4":"format-standard","6":"category-artikuj"},"yoast_head":"<!-- This site is optimized with the Yoast SEO plugin v27.4 - https:\/\/yoast.com\/product\/yoast-seo-wordpress\/ -->\n<title>Withers si testament amerikan - FjALA e LIR\u00cb - Arkivi<\/title>\n<meta name=\"robots\" content=\"index, follow, max-snippet:-1, max-image-preview:large, max-video-preview:-1\" \/>\n<link rel=\"canonical\" href=\"https:\/\/fjala.info\/2009-2015\/withers-si-testament-amerikan\/\" \/>\n<meta property=\"og:locale\" content=\"sq_AL\" \/>\n<meta property=\"og:type\" content=\"article\" \/>\n<meta property=\"og:title\" content=\"Withers si testament amerikan - FjALA e LIR\u00cb - Arkivi\" \/>\n<meta property=\"og:description\" content=\"Nga Afrim Krasniqi, GSH, 14.08.2010 John Withers nuk do t\u00eb jet\u00eb m\u00eb ambasador i SHBA-ve n\u00eb Tiran\u00eb. Ai e mbaroi mandatin e tij diplomatik n\u00eb Shqip\u00ebri, dhe sipas procedur\u00ebs amerikane, do t\u00eb marr\u00eb nj\u00eb em\u00ebrim t\u00eb ri n\u00eb sh\u00ebrbimin diplomatik. Z\u00ebvend\u00ebsimi i ambasador\u00ebve \u00ebsht\u00eb nj\u00eb proces normal gati protokollar, por q\u00eb n\u00eb vende t\u00eb vogla [&hellip;]\" \/>\n<meta property=\"og:url\" content=\"https:\/\/fjala.info\/2009-2015\/withers-si-testament-amerikan\/\" \/>\n<meta property=\"og:site_name\" content=\"FjALA e LIR\u00cb - Arkivi\" \/>\n<meta property=\"article:published_time\" content=\"2010-08-14T17:05:43+00:00\" \/>\n<meta property=\"og:image\" content=\"http:\/\/www.shkoder.net\/images\/fjala\/afrim_krasniqi.jpg\" \/>\n<meta name=\"author\" content=\"admin\" \/>\n<meta name=\"twitter:card\" content=\"summary_large_image\" \/>\n<meta name=\"twitter:label1\" content=\"Written by\" \/>\n\t<meta name=\"twitter:data1\" content=\"admin\" \/>\n\t<meta name=\"twitter:label2\" content=\"Est. reading time\" \/>\n\t<meta name=\"twitter:data2\" content=\"5 minutes\" \/>\n<script type=\"application\/ld+json\" class=\"yoast-schema-graph\">{\"@context\":\"https:\\\/\\\/schema.org\",\"@graph\":[{\"@type\":\"Article\",\"@id\":\"https:\\\/\\\/fjala.info\\\/2009-2015\\\/withers-si-testament-amerikan\\\/#article\",\"isPartOf\":{\"@id\":\"https:\\\/\\\/fjala.info\\\/2009-2015\\\/withers-si-testament-amerikan\\\/\"},\"author\":{\"name\":\"admin\",\"@id\":\"https:\\\/\\\/fjala.info\\\/2009-2015\\\/#\\\/schema\\\/person\\\/3aa1163ef05469c496fc94e77611ada2\"},\"headline\":\"Withers si testament amerikan\",\"datePublished\":\"2010-08-14T17:05:43+00:00\",\"mainEntityOfPage\":{\"@id\":\"https:\\\/\\\/fjala.info\\\/2009-2015\\\/withers-si-testament-amerikan\\\/\"},\"wordCount\":1001,\"commentCount\":0,\"publisher\":{\"@id\":\"https:\\\/\\\/fjala.info\\\/2009-2015\\\/#organization\"},\"image\":{\"@id\":\"https:\\\/\\\/fjala.info\\\/2009-2015\\\/withers-si-testament-amerikan\\\/#primaryimage\"},\"thumbnailUrl\":\"http:\\\/\\\/www.shkoder.net\\\/images\\\/fjala\\\/afrim_krasniqi.jpg\",\"articleSection\":[\"Artikuj\"],\"inLanguage\":\"sq-AL\",\"potentialAction\":[{\"@type\":\"CommentAction\",\"name\":\"Comment\",\"target\":[\"https:\\\/\\\/fjala.info\\\/2009-2015\\\/withers-si-testament-amerikan\\\/#respond\"]}]},{\"@type\":\"WebPage\",\"@id\":\"https:\\\/\\\/fjala.info\\\/2009-2015\\\/withers-si-testament-amerikan\\\/\",\"url\":\"https:\\\/\\\/fjala.info\\\/2009-2015\\\/withers-si-testament-amerikan\\\/\",\"name\":\"Withers si testament amerikan - FjALA e LIR\u00cb - Arkivi\",\"isPartOf\":{\"@id\":\"https:\\\/\\\/fjala.info\\\/2009-2015\\\/#website\"},\"primaryImageOfPage\":{\"@id\":\"https:\\\/\\\/fjala.info\\\/2009-2015\\\/withers-si-testament-amerikan\\\/#primaryimage\"},\"image\":{\"@id\":\"https:\\\/\\\/fjala.info\\\/2009-2015\\\/withers-si-testament-amerikan\\\/#primaryimage\"},\"thumbnailUrl\":\"http:\\\/\\\/www.shkoder.net\\\/images\\\/fjala\\\/afrim_krasniqi.jpg\",\"datePublished\":\"2010-08-14T17:05:43+00:00\",\"breadcrumb\":{\"@id\":\"https:\\\/\\\/fjala.info\\\/2009-2015\\\/withers-si-testament-amerikan\\\/#breadcrumb\"},\"inLanguage\":\"sq-AL\",\"potentialAction\":[{\"@type\":\"ReadAction\",\"target\":[\"https:\\\/\\\/fjala.info\\\/2009-2015\\\/withers-si-testament-amerikan\\\/\"]}]},{\"@type\":\"ImageObject\",\"inLanguage\":\"sq-AL\",\"@id\":\"https:\\\/\\\/fjala.info\\\/2009-2015\\\/withers-si-testament-amerikan\\\/#primaryimage\",\"url\":\"http:\\\/\\\/www.shkoder.net\\\/images\\\/fjala\\\/afrim_krasniqi.jpg\",\"contentUrl\":\"http:\\\/\\\/www.shkoder.net\\\/images\\\/fjala\\\/afrim_krasniqi.jpg\"},{\"@type\":\"BreadcrumbList\",\"@id\":\"https:\\\/\\\/fjala.info\\\/2009-2015\\\/withers-si-testament-amerikan\\\/#breadcrumb\",\"itemListElement\":[{\"@type\":\"ListItem\",\"position\":1,\"name\":\"Home\",\"item\":\"https:\\\/\\\/fjala.info\\\/2009-2015\\\/\"},{\"@type\":\"ListItem\",\"position\":2,\"name\":\"Withers si testament amerikan\"}]},{\"@type\":\"WebSite\",\"@id\":\"https:\\\/\\\/fjala.info\\\/2009-2015\\\/#website\",\"url\":\"https:\\\/\\\/fjala.info\\\/2009-2015\\\/\",\"name\":\"FjALA e LIR\u00cb - Arkivi\",\"description\":\"Arkivi 2009-2015\",\"publisher\":{\"@id\":\"https:\\\/\\\/fjala.info\\\/2009-2015\\\/#organization\"},\"potentialAction\":[{\"@type\":\"SearchAction\",\"target\":{\"@type\":\"EntryPoint\",\"urlTemplate\":\"https:\\\/\\\/fjala.info\\\/2009-2015\\\/?s={search_term_string}\"},\"query-input\":{\"@type\":\"PropertyValueSpecification\",\"valueRequired\":true,\"valueName\":\"search_term_string\"}}],\"inLanguage\":\"sq-AL\"},{\"@type\":\"Organization\",\"@id\":\"https:\\\/\\\/fjala.info\\\/2009-2015\\\/#organization\",\"name\":\"FjALA e LIR\u00cb - Arkivi\",\"url\":\"https:\\\/\\\/fjala.info\\\/2009-2015\\\/\",\"logo\":{\"@type\":\"ImageObject\",\"inLanguage\":\"sq-AL\",\"@id\":\"https:\\\/\\\/fjala.info\\\/2009-2015\\\/#\\\/schema\\\/logo\\\/image\\\/\",\"url\":\"\",\"contentUrl\":\"\",\"caption\":\"FjALA e LIR\u00cb - Arkivi\"},\"image\":{\"@id\":\"https:\\\/\\\/fjala.info\\\/2009-2015\\\/#\\\/schema\\\/logo\\\/image\\\/\"}},{\"@type\":\"Person\",\"@id\":\"https:\\\/\\\/fjala.info\\\/2009-2015\\\/#\\\/schema\\\/person\\\/3aa1163ef05469c496fc94e77611ada2\",\"name\":\"admin\",\"image\":{\"@type\":\"ImageObject\",\"inLanguage\":\"sq-AL\",\"@id\":\"https:\\\/\\\/fjala.info\\\/2009-2015\\\/wp-content\\\/uploads\\\/2012\\\/02\\\/arben_cokaj-120x150.jpg\",\"url\":\"https:\\\/\\\/fjala.info\\\/2009-2015\\\/wp-content\\\/uploads\\\/2012\\\/02\\\/arben_cokaj-120x150.jpg\",\"contentUrl\":\"https:\\\/\\\/fjala.info\\\/2009-2015\\\/wp-content\\\/uploads\\\/2012\\\/02\\\/arben_cokaj-120x150.jpg\",\"caption\":\"admin\"},\"description\":\"Admin, Fjala e Lir\u00eb\",\"sameAs\":[\"https:\\\/\\\/fjala.info\\\/\"],\"url\":\"https:\\\/\\\/fjala.info\\\/2009-2015\\\/author\\\/admin\\\/\"}]}<\/script>\n<!-- \/ Yoast SEO plugin. -->","yoast_head_json":{"title":"Withers si testament amerikan - FjALA e LIR\u00cb - Arkivi","robots":{"index":"index","follow":"follow","max-snippet":"max-snippet:-1","max-image-preview":"max-image-preview:large","max-video-preview":"max-video-preview:-1"},"canonical":"https:\/\/fjala.info\/2009-2015\/withers-si-testament-amerikan\/","og_locale":"sq_AL","og_type":"article","og_title":"Withers si testament amerikan - FjALA e LIR\u00cb - Arkivi","og_description":"Nga Afrim Krasniqi, GSH, 14.08.2010 John Withers nuk do t\u00eb jet\u00eb m\u00eb ambasador i SHBA-ve n\u00eb Tiran\u00eb. Ai e mbaroi mandatin e tij diplomatik n\u00eb Shqip\u00ebri, dhe sipas procedur\u00ebs amerikane, do t\u00eb marr\u00eb nj\u00eb em\u00ebrim t\u00eb ri n\u00eb sh\u00ebrbimin diplomatik. Z\u00ebvend\u00ebsimi i ambasador\u00ebve \u00ebsht\u00eb nj\u00eb proces normal gati protokollar, por q\u00eb n\u00eb vende t\u00eb vogla [&hellip;]","og_url":"https:\/\/fjala.info\/2009-2015\/withers-si-testament-amerikan\/","og_site_name":"FjALA e LIR\u00cb - Arkivi","article_published_time":"2010-08-14T17:05:43+00:00","og_image":[{"url":"http:\/\/www.shkoder.net\/images\/fjala\/afrim_krasniqi.jpg","type":"","width":"","height":""}],"author":"admin","twitter_card":"summary_large_image","twitter_misc":{"Written by":"admin","Est. reading time":"5 minutes"},"schema":{"@context":"https:\/\/schema.org","@graph":[{"@type":"Article","@id":"https:\/\/fjala.info\/2009-2015\/withers-si-testament-amerikan\/#article","isPartOf":{"@id":"https:\/\/fjala.info\/2009-2015\/withers-si-testament-amerikan\/"},"author":{"name":"admin","@id":"https:\/\/fjala.info\/2009-2015\/#\/schema\/person\/3aa1163ef05469c496fc94e77611ada2"},"headline":"Withers si testament amerikan","datePublished":"2010-08-14T17:05:43+00:00","mainEntityOfPage":{"@id":"https:\/\/fjala.info\/2009-2015\/withers-si-testament-amerikan\/"},"wordCount":1001,"commentCount":0,"publisher":{"@id":"https:\/\/fjala.info\/2009-2015\/#organization"},"image":{"@id":"https:\/\/fjala.info\/2009-2015\/withers-si-testament-amerikan\/#primaryimage"},"thumbnailUrl":"http:\/\/www.shkoder.net\/images\/fjala\/afrim_krasniqi.jpg","articleSection":["Artikuj"],"inLanguage":"sq-AL","potentialAction":[{"@type":"CommentAction","name":"Comment","target":["https:\/\/fjala.info\/2009-2015\/withers-si-testament-amerikan\/#respond"]}]},{"@type":"WebPage","@id":"https:\/\/fjala.info\/2009-2015\/withers-si-testament-amerikan\/","url":"https:\/\/fjala.info\/2009-2015\/withers-si-testament-amerikan\/","name":"Withers si testament amerikan - FjALA e LIR\u00cb - Arkivi","isPartOf":{"@id":"https:\/\/fjala.info\/2009-2015\/#website"},"primaryImageOfPage":{"@id":"https:\/\/fjala.info\/2009-2015\/withers-si-testament-amerikan\/#primaryimage"},"image":{"@id":"https:\/\/fjala.info\/2009-2015\/withers-si-testament-amerikan\/#primaryimage"},"thumbnailUrl":"http:\/\/www.shkoder.net\/images\/fjala\/afrim_krasniqi.jpg","datePublished":"2010-08-14T17:05:43+00:00","breadcrumb":{"@id":"https:\/\/fjala.info\/2009-2015\/withers-si-testament-amerikan\/#breadcrumb"},"inLanguage":"sq-AL","potentialAction":[{"@type":"ReadAction","target":["https:\/\/fjala.info\/2009-2015\/withers-si-testament-amerikan\/"]}]},{"@type":"ImageObject","inLanguage":"sq-AL","@id":"https:\/\/fjala.info\/2009-2015\/withers-si-testament-amerikan\/#primaryimage","url":"http:\/\/www.shkoder.net\/images\/fjala\/afrim_krasniqi.jpg","contentUrl":"http:\/\/www.shkoder.net\/images\/fjala\/afrim_krasniqi.jpg"},{"@type":"BreadcrumbList","@id":"https:\/\/fjala.info\/2009-2015\/withers-si-testament-amerikan\/#breadcrumb","itemListElement":[{"@type":"ListItem","position":1,"name":"Home","item":"https:\/\/fjala.info\/2009-2015\/"},{"@type":"ListItem","position":2,"name":"Withers si testament amerikan"}]},{"@type":"WebSite","@id":"https:\/\/fjala.info\/2009-2015\/#website","url":"https:\/\/fjala.info\/2009-2015\/","name":"FjALA e LIR\u00cb - Arkivi","description":"Arkivi 2009-2015","publisher":{"@id":"https:\/\/fjala.info\/2009-2015\/#organization"},"potentialAction":[{"@type":"SearchAction","target":{"@type":"EntryPoint","urlTemplate":"https:\/\/fjala.info\/2009-2015\/?s={search_term_string}"},"query-input":{"@type":"PropertyValueSpecification","valueRequired":true,"valueName":"search_term_string"}}],"inLanguage":"sq-AL"},{"@type":"Organization","@id":"https:\/\/fjala.info\/2009-2015\/#organization","name":"FjALA e LIR\u00cb - Arkivi","url":"https:\/\/fjala.info\/2009-2015\/","logo":{"@type":"ImageObject","inLanguage":"sq-AL","@id":"https:\/\/fjala.info\/2009-2015\/#\/schema\/logo\/image\/","url":"","contentUrl":"","caption":"FjALA e LIR\u00cb - Arkivi"},"image":{"@id":"https:\/\/fjala.info\/2009-2015\/#\/schema\/logo\/image\/"}},{"@type":"Person","@id":"https:\/\/fjala.info\/2009-2015\/#\/schema\/person\/3aa1163ef05469c496fc94e77611ada2","name":"admin","image":{"@type":"ImageObject","inLanguage":"sq-AL","@id":"https:\/\/fjala.info\/2009-2015\/wp-content\/uploads\/2012\/02\/arben_cokaj-120x150.jpg","url":"https:\/\/fjala.info\/2009-2015\/wp-content\/uploads\/2012\/02\/arben_cokaj-120x150.jpg","contentUrl":"https:\/\/fjala.info\/2009-2015\/wp-content\/uploads\/2012\/02\/arben_cokaj-120x150.jpg","caption":"admin"},"description":"Admin, Fjala e Lir\u00eb","sameAs":["https:\/\/fjala.info\/"],"url":"https:\/\/fjala.info\/2009-2015\/author\/admin\/"}]}},"_links":{"self":[{"href":"https:\/\/fjala.info\/2009-2015\/wp-json\/wp\/v2\/posts\/3726","targetHints":{"allow":["GET"]}}],"collection":[{"href":"https:\/\/fjala.info\/2009-2015\/wp-json\/wp\/v2\/posts"}],"about":[{"href":"https:\/\/fjala.info\/2009-2015\/wp-json\/wp\/v2\/types\/post"}],"author":[{"embeddable":true,"href":"https:\/\/fjala.info\/2009-2015\/wp-json\/wp\/v2\/users\/1"}],"replies":[{"embeddable":true,"href":"https:\/\/fjala.info\/2009-2015\/wp-json\/wp\/v2\/comments?post=3726"}],"version-history":[{"count":0,"href":"https:\/\/fjala.info\/2009-2015\/wp-json\/wp\/v2\/posts\/3726\/revisions"}],"wp:attachment":[{"href":"https:\/\/fjala.info\/2009-2015\/wp-json\/wp\/v2\/media?parent=3726"}],"wp:term":[{"taxonomy":"category","embeddable":true,"href":"https:\/\/fjala.info\/2009-2015\/wp-json\/wp\/v2\/categories?post=3726"},{"taxonomy":"post_tag","embeddable":true,"href":"https:\/\/fjala.info\/2009-2015\/wp-json\/wp\/v2\/tags?post=3726"}],"curies":[{"name":"wp","href":"https:\/\/api.w.org\/{rel}","templated":true}]}}