{"id":3722,"date":"2010-08-14T17:44:17","date_gmt":"2010-08-14T16:44:17","guid":{"rendered":"http:\/\/fjala.shkoder.net\/?p=3722"},"modified":"2010-08-14T17:44:17","modified_gmt":"2010-08-14T16:44:17","slug":"albania-invalide-sos","status":"publish","type":"post","link":"https:\/\/fjala.info\/2009-2015\/albania-invalide-sos\/","title":{"rendered":"Albania invalide&#8230; Sos!&#8230;"},"content":{"rendered":"<p><img decoding=\"async\" style=\"margin-left: 10px; margin-right: 10px; border: 0px;\" title=\"Shefki Hysa\" src=\"http:\/\/www.shkoder.net\/images\/fjala\/shefki_hysa.jpg\" border=\"0\" alt=\"\" width=\"150\" align=\"right\" \/><\/p>\n<p><strong>Shefki Hysa<\/strong><\/p>\n<p><strong>Dikur mbijetoi, por&#8230;<\/strong><br \/>\nThon\u00eb se dikur jetonte e Bukura e Dheut. Ndrinte ajo vet\u00eb, ndrinte dhe gjith\u00e7ka p\u00ebrqark saj. Nuk kishte t\u00eb krahasuar bukuria e saj, as dit\u00ebn e as nat\u00ebn: Del o diell t\u00eb dal, del o h\u00ebn\u00eb t\u00eb dal.<\/p>\n<p>Thon\u00eb se t\u00eb Bukur\u00ebn e Dheut fillimisht e quanin Pellazgji. Ishte aq madh\u00ebshtore, e hirshme dhe magjiplot\u00eb saq\u00eb u dashuruan marr\u00ebzisht pas saj t\u00ebr\u00eb fqinj\u00ebt dhe t\u00eb larg\u00ebtit q\u00eb njiheshin me t\u00eb, t\u00eb qytet\u00ebruarit dhe barbar\u00ebt. Po Pellazgjia rrinte krenare n\u00eb jet\u00ebn e vet. I nderonte dhe i respektonte t\u00ebr\u00eb ata q\u00eb i vinin rrotull, pa iu p\u00ebrulur askujt.<\/p>\n<p>Na u b\u00ebn\u00eb ziliqar\u00eb barbar\u00ebt p\u00ebr krenarin\u00eb, vlerat dhe thesaret e saj. Dhe dikur iu turr\u00ebn p\u00ebr ta mposhtur me p\u00ebrdhun\u00eb. U kacafyt\u00ebn gjat\u00eb barbar\u00ebt me t\u00eb, i rr\u00ebmbyen aty-k\u00ebtu edhe copa stolish e thesaresh, megjithat\u00eb Pellazgjia nuk u mposht&#8230;<\/p>\n<p>Ajo q\u00eb mbeti pas atyre betejave grabitqare u quajt Iliri. Barbar\u00ebt u kacafyt\u00ebn edhe me Ilirin\u00eb, i rr\u00ebmbyen t\u00eb tjera thesare, t\u00eb tjera stoli, po ajo nuk u dha. Tashm\u00eb e quanin Arb\u00ebri dhe trash\u00ebgonte ende nj\u00eb pjes\u00eb nga hiret e s\u00eb Bukur\u00ebs s\u00eb Dheut, Pellazgjis\u00eb. Ashtu e hijshme, si gjith\u00eb t\u00eb Bukurat e Dheut n\u00ebp\u00ebr p\u00ebrralla, megjith\u00ebse e lodhur nga kacafytjet e gjata p\u00ebrdhunuese, Arb\u00ebria e paepur rrezatonte n\u00eb syt\u00eb e barbar\u00ebve q\u00eb nuk e duronin dot drit\u00ebn e qytet\u00ebrimit t\u00eb saj.<\/p>\n<p>Dhe ata vrisnin mendjen si ta mposhtnin. Dhe i turreshin p\u00ebrs\u00ebri e p\u00ebrs\u00ebri, dit\u00ebve e net\u00ebve, gjat\u00eb dimrave e behar\u00ebve, i grabisnin stolit\u00eb, e plagosnin, e gjakosnin, i k\u00ebpusnin gjymtyr\u00ebt, por ajo, megjith\u00ebse mpakej e mpakej prej dhun\u00ebs, nuk jepej. Ashtu e mpakur dhe e paepur ngjante rishtas e bukur dhe rrezatonte qytet\u00ebrim n\u00eb syt\u00eb e armiqve barbar\u00eb q\u00eb donin ta zhb\u00ebnin me \u00e7do kusht.<br \/>\nTashm\u00eb ca e th\u00ebrrisnin Albani e ca t\u00eb tjer\u00eb Shqip\u00ebri. Armiqt\u00eb si gjithmon\u00eb e kishin hal\u00eb n\u00eb sy dhe i turreshin p\u00ebrbindsh\u00ebm bukuris\u00eb s\u00eb saj&#8230;<br \/>\nShqip\u00ebria e vog\u00ebl, p\u00ebr mendjen e mbrapsht\u00eb t\u00eb barbar\u00ebve, ishte Pellazgjia e dikurshme q\u00eb ende nuk ishte epur prej dhun\u00ebs grabit\u00ebse, prandaj nuk duhej l\u00ebn\u00eb rehat. Ajo duhej zhdukur&#8230;<br \/>\nKjo far\u00eb Shqip\u00ebrie ishte apo nuk ishte Pellazgjia e dikurshme?!&#8230; Debatonin e debatonin armiqt\u00eb e saj dhe i turreshin p\u00ebrs\u00ebri p\u00ebr ta zhb\u00ebr\u00eb q\u00eb t\u00eb mos i mbetej as nami e as nishani Pellazgjis\u00eb s\u00eb dikurshme q\u00eb rronte ende n\u00eb gjenet e Shqip\u00ebris\u00eb&#8230;<br \/>\nArmiqt\u00eb e saj tashm\u00eb ishin jo vet\u00ebm barbar\u00ebt, por edhe fqinj\u00ebt e qytet\u00ebruar. Edhe ata i lakmonin ato pak thesare q\u00eb trash\u00ebgonte Shqip\u00ebria prej Pellazgjis\u00eb s\u00eb dikurshme&#8230;<br \/>\nIshte apo nuk ishte Pellazgjia?!&#8230; Tashm\u00eb gjith\u00e7ka ishte shnd\u00ebrruar n\u00eb legjend\u00eb&#8230; Pellazgjia, e Bukura e Dheut, tashm\u00eb ishte nj\u00eb p\u00ebrrall\u00eb q\u00eb u rr\u00ebfehej net\u00ebve kalamajve&#8230;<\/p>\n<p>Nd\u00ebrkoh\u00eb dilte dikush q\u00eb vendoste t\u00eb eksploronte viset e legjend\u00ebs. Dhe duke k\u00ebrkuar n\u00ebp\u00ebr udh\u00ebt e v\u00ebshtira t\u00eb meditimit muzgjeve t\u00eb legjend\u00ebs, si arkeolog i paepur, dikushi po zbulonte cop\u00ebza stolish, gur\u00eb t\u00eb \u00e7muar, diamante e perla, q\u00eb p\u00ebrb\u00ebnin dikur thesaret e bizhuterive t\u00eb Pellazgjis\u00eb&#8230;<br \/>\nDikush, duke k\u00ebrkuar, zbuluar dhe restauruar cop\u00ebzat e bizhuve t\u00eb grabitura n\u00ebp\u00ebr shekuj nga trupi i Pellazgjis\u00eb, arrinte t\u00eb rind\u00ebrtonte profilin e Albanis\u00eb prej t\u00eb Bukure Dheu&#8230; Dhe k\u00ebshtu, dal\u00ebngadal\u00eb legjenda po shnd\u00ebrrohej n\u00eb realitet&#8230; Mir\u00ebpo, ky realitet, megjith\u00ebse u p\u00ebrkiste koh\u00ebve moderne, vazhdonte t\u00eb ishte tejet shqet\u00ebsues p\u00ebr st\u00ebrnip\u00ebt e qytet\u00ebruar t\u00eb barbar\u00ebve t\u00eb dikursh\u00ebm&#8230;<br \/>\nDhe ata, me men\u00e7urin\u00eb djall\u00ebzore t\u00eb st\u00ebrgjyshit Odise, i dhuruan nj\u00eb kal\u00eb t\u00eb bardh\u00eb politik\u00ebs shqiptare, nj\u00eb kal\u00eb paqeje, n\u00eb dukje, mutacion i Kalit t\u00eb Troj\u00ebs&#8230;<br \/>\nDhe politika mutante shqiptare ia shaloi kalit t\u00eb bardh\u00eb dhe iu turr p\u00ebr ta shkat\u00ebrruar Shqip\u00ebrin\u00eb p\u00ebr hesap t\u00eb padron\u00ebve t\u00eb vet&#8230; Dihet se lufta brenda llojit \u00ebsht\u00eb vdekja m\u00eb e sigurt&#8230; Padron\u00ebt e rinj t\u00eb politik\u00ebs tiranike shqiptare e dinin mir\u00eb k\u00ebt\u00eb fakt dhe p\u00ebrfundimin q\u00eb do t\u00eb sillte&#8230;<br \/>\nDhe k\u00ebshtu, shpirtrat e barbar\u00ebve t\u00eb dikursh\u00ebm m\u00eb n\u00eb fund mund t\u00eb ndiheshin t\u00eb qet\u00eb&#8230; Shqip\u00ebris\u00eb m\u00eb n\u00eb fund po i vinte fundi prej vet\u00eb politik\u00ebs shqiptare, prej mutacionit t\u00eb llojit t\u00eb vet&#8230;<br \/>\nDikur mbijetoi Shqip\u00ebria, por sot po vdes&#8230;<\/p>\n<p>Sos!&#8230; Shqip\u00ebria po vdes!&#8230;<br \/>\nEj, Shqip\u00ebria po vdes!&#8230; Shqiptar\u00eb, zgjohuni prej gjumit t\u00eb vdekjes!&#8230; Shqip\u00ebria po vdes!&#8230;<br \/>\nNuk e besoni?!&#8230;<br \/>\nPo k\u00eblthas se Shqip\u00ebria, ku edhe vdekja blihet e shitet, po vdes!&#8230; Kuptojeni n\u00eb kuptimin e mir\u00ebfillt\u00eb t\u00eb fjal\u00ebs: po vdes!&#8230;<br \/>\nBesom\u00ebni!&#8230; Po vdesin shqiptar\u00ebt dhe shqiptaria!&#8230; Po vdesin liria, idealet, shpirti!&#8230;<br \/>\nKuptojeni mir\u00eb, fjal\u00ebt e mia jan\u00eb klithm\u00eb e pashpres\u00eb n\u00eb k\u00ebt\u00eb agoni kolektive m\u00eb e r\u00ebnd\u00eb se agonit\u00eb e shkaktuara nga murtajat e mesjet\u00ebs evropiane&#8230; Sos!&#8230; Shqip\u00ebria po vdes!&#8230; Po vdes n\u00ebn l\u00ebngimin e murtaj\u00ebs politik\u00eb!&#8230; Politik\u00ebs shqiptare q\u00eb blihet e shitet p\u00ebrdit\u00eb te padron\u00ebt grek\u00eb e serb\u00eb&#8230; Sos!&#8230; Sos!&#8230; Sos!&#8230;<br \/>\nNuk m\u00eb besoni?!&#8230; N\u00eb k\u00ebt\u00eb vend, gjith\u00e7ka blihet e shitet prej politik\u00ebs q\u00eb blihet e shitet p\u00ebr vete te armiqt\u00eb tan\u00eb tradicional\u00eb!&#8230; Gjith\u00e7ka blihet e shitet me urdh\u00ebr t\u00eb Berish\u00ebs e t\u00eb Ram\u00ebs, nga klanet e Berish\u00ebs e t\u00eb Ram\u00ebs, p\u00ebr klanet e Berish\u00ebs e t\u00eb Ram\u00ebs&#8230; N\u00eb k\u00ebt\u00eb vend t\u00eb varf\u00ebr ku po rr\u00ebnohen gjenet, traditat dhe kultura, mbijetojn\u00eb vet\u00ebm injoranca dhe frika!&#8230; Dhe vdekja!&#8230; Dhe vdekja&#8230; Dhe vdekja!&#8230;<br \/>\nPo ju kujtoj se n\u00eb k\u00ebt\u00eb vend ku mbizot\u00ebron murtaja e politik\u00ebs, mbijeton ende i vetmi ideal, \u00c7am\u00ebria!&#8230;<br \/>\nPo kujt i plasi p\u00ebr \u00c7am\u00ebrin\u00eb, do thot\u00eb dikush n\u00eb prag t\u00eb vdekjes, kur edhe vet \u00e7am\u00ebt jan\u00eb ftohur dhe i kan\u00eb kthyer prapanic\u00ebn k\u00ebtij ideali?!&#8230;<br \/>\nV\u00ebrtet, nuk i plas askujt prej atyre q\u00eb p\u00ebrjetojn\u00eb agonin\u00eb e vet!&#8230;<br \/>\nEeej, ndoshta i plas Amerik\u00ebs p\u00ebr \u00c7am\u00ebrin\u00eb, nj\u00eblloj si p\u00ebr Kosov\u00ebn, se aha&#8230; atdhetarizmi shqiptar po vdes&#8230; shqiptar\u00ebt po vdesin p\u00ebr vete!&#8230;<br \/>\nEeej!&#8230; N\u00eb k\u00ebt\u00eb agoni mesjetare q\u00eb ka pllakosur Shqip\u00ebrin\u00eb e koh\u00ebve moderne, mundohem t\u00eb mbijetoj edhe un\u00eb&#8230; M\u00eb besoni, mundohem t\u00eb mbijetoj me shpirt nd\u00ebr dh\u00ebmb\u00eb!&#8230;<br \/>\nDhe n\u00eb buz\u00eb t\u00eb gremin\u00ebs s\u00eb mbijetes\u00ebs, u kujtova dikur dhe i d\u00ebrgova nj\u00eb mesazh mikut tim \u00e7am, deputetit Shp\u00ebtim Idrizi: I nderuar, ke Shansin e Madh t\u00eb Epok\u00ebs s\u00eb Madhe t\u00eb Dinosaurve q\u00eb t\u00eb b\u00ebsh Epok\u00eb!&#8230; P\u00ebrqafoje fort idealin \u00e7am dhe shp\u00ebtoje \u00c7am\u00ebrin\u00eb!&#8230; Mos e humb k\u00ebt\u00eb shans!&#8230;<br \/>\nMiku im, Shp\u00ebtimi, t\u00eb pakt\u00ebn n\u00eb dukje, p\u00ebrpiqet p\u00ebr ta mbajtur gjall\u00eb idealin \u00e7am, p\u00ebr ta shp\u00ebtuar \u00c7am\u00ebrin\u00eb!&#8230; Ishalla nuk po tjet\u00ebrsohet edhe ai, t\u00eb blihet e t\u00eb shitet si gjith\u00e7ka tjet\u00ebr shqiptare me urdh\u00ebr t\u00eb Berish\u00ebs e t\u00eb Ram\u00ebs p\u00ebr hesap t\u00eb klaneve t\u00eb Berish\u00ebs e t\u00eb Ram\u00ebs!&#8230;<\/p>\n<p>Eh!&#8230; N\u00eb k\u00ebt\u00eb vend, pron\u00eb e Zotit, ku politika pretendon rolin e Zotit, duhet q\u00eb t\u00eb shes\u00ebsh edhe prapanic\u00ebn p\u00ebr t&#8217;u &#8220;ringjallur&#8221; e p\u00ebr t\u00eb fituar Statusin e Zombit&#8230; Duhet t&#8217;ia shes\u00ebsh Berish\u00ebs ose Ram\u00ebs&#8230; K\u00ebshtu duan t\u00eb thon\u00eb&#8230; Ca q\u00eb nuk i binden politik\u00ebs&#8230;<br \/>\nEj, shqiptar\u00eb, kujdes!&#8230; Tundini prapanicat e mos harroni se edhe ato jan\u00eb pron\u00eb e Zotit!&#8230; Dhe dijeni mir\u00eb se nuk abuzohet aq leht\u00eb me pronat e Zotit!&#8230; Nuk blihen e shiten pronat e Zotit aq leht\u00ebs as prej politik\u00ebs!&#8230; Qoft\u00eb ajo m\u00eb e sofistikuara dhe m\u00eb djall\u00ebzorja!&#8230;<br \/>\nO Zot!&#8230; A ka Zot q\u00eb ta shp\u00ebtoj\u00eb Shqip\u00ebrin\u00eb prej vdekjes, e cila blihet e shitet si gjith\u00e7ka tjet\u00ebr me urdh\u00ebr t\u00eb Berish\u00ebs e t\u00eb Ram\u00ebs?!&#8230; Na duhet t\u00eb gjith\u00ebve e fort\u00eb Albani-Shqip\u00ebria, or miq&#8230; Na duhet se pa t\u00eb nuk do t\u00eb g\u00ebzojm\u00eb as emrin e ndritur: shqiptar!&#8230;<br \/>\nMe siguri, Albania invalide nuk i duhet as Evrop\u00ebs!&#8230; Nj\u00eb Shqip\u00ebri e vdekur nuk i sh\u00ebrben askujt, besoj as politik\u00ebs s\u00eb shitur shqiptare&#8230; Sos!&#8230;<br \/>\nEeej, shqiptar\u00eb, zgjohuni prej gjumit t\u00eb vdekjes!&#8230; Ngrehuni si st\u00ebrgjysh\u00ebt tan\u00eb pellazgo-ilir\u00eb q\u00eb u rilind\u00ebn sa her\u00eb si feniksi prej hirit t\u00eb vdekjes s\u00eb vet!&#8230;<br \/>\nShp\u00ebtojeni Shqip\u00ebrin\u00eb evropiane prej shkret\u00ebtir\u00ebs q\u00eb i shkakton murtaja politik\u00eb q\u00eb blihet e shitet p\u00ebr hesap t\u00eb padron\u00ebve t\u00eb vet, pronar\u00eb t\u00eb kalit t\u00eb bardh\u00eb t\u00eb vdekjes!&#8230; Sos!&#8230; Sos!&#8230; Sos!&#8230;<\/p>\n","protected":false},"excerpt":{"rendered":"<p>Shefki Hysa Dikur mbijetoi, por&#8230; Thon\u00eb se dikur jetonte e Bukura e Dheut. Ndrinte ajo vet\u00eb, ndrinte dhe gjith\u00e7ka p\u00ebrqark saj. Nuk kishte t\u00eb krahasuar bukuria e saj, as dit\u00ebn e as nat\u00ebn: Del o diell t\u00eb dal, del o h\u00ebn\u00eb t\u00eb dal. Thon\u00eb se t\u00eb Bukur\u00ebn e Dheut fillimisht e quanin Pellazgji. Ishte aq [&hellip;]<\/p>\n","protected":false},"author":1,"featured_media":0,"comment_status":"open","ping_status":"closed","sticky":false,"template":"","format":"standard","meta":{"footnotes":""},"categories":[2],"tags":[],"class_list":{"0":"post-3722","1":"post","2":"type-post","3":"status-publish","4":"format-standard","6":"category-artikuj"},"yoast_head":"<!-- This site is optimized with the Yoast SEO plugin v27.4 - https:\/\/yoast.com\/product\/yoast-seo-wordpress\/ -->\n<title>Albania invalide... Sos!... - FjALA e LIR\u00cb - Arkivi<\/title>\n<meta name=\"robots\" content=\"index, follow, max-snippet:-1, max-image-preview:large, max-video-preview:-1\" \/>\n<link rel=\"canonical\" href=\"https:\/\/fjala.info\/2009-2015\/albania-invalide-sos\/\" \/>\n<meta property=\"og:locale\" content=\"sq_AL\" \/>\n<meta property=\"og:type\" content=\"article\" \/>\n<meta property=\"og:title\" content=\"Albania invalide... Sos!... - FjALA e LIR\u00cb - Arkivi\" \/>\n<meta property=\"og:description\" content=\"Shefki Hysa Dikur mbijetoi, por&#8230; Thon\u00eb se dikur jetonte e Bukura e Dheut. Ndrinte ajo vet\u00eb, ndrinte dhe gjith\u00e7ka p\u00ebrqark saj. Nuk kishte t\u00eb krahasuar bukuria e saj, as dit\u00ebn e as nat\u00ebn: Del o diell t\u00eb dal, del o h\u00ebn\u00eb t\u00eb dal. Thon\u00eb se t\u00eb Bukur\u00ebn e Dheut fillimisht e quanin Pellazgji. Ishte aq [&hellip;]\" \/>\n<meta property=\"og:url\" content=\"https:\/\/fjala.info\/2009-2015\/albania-invalide-sos\/\" \/>\n<meta property=\"og:site_name\" content=\"FjALA e LIR\u00cb - Arkivi\" \/>\n<meta property=\"article:published_time\" content=\"2010-08-14T16:44:17+00:00\" \/>\n<meta property=\"og:image\" content=\"http:\/\/www.shkoder.net\/images\/fjala\/shefki_hysa.jpg\" \/>\n<meta name=\"author\" content=\"admin\" \/>\n<meta name=\"twitter:card\" content=\"summary_large_image\" \/>\n<meta name=\"twitter:label1\" content=\"Written by\" \/>\n\t<meta name=\"twitter:data1\" content=\"admin\" \/>\n\t<meta name=\"twitter:label2\" content=\"Est. reading time\" \/>\n\t<meta name=\"twitter:data2\" content=\"8 minutes\" \/>\n<script type=\"application\/ld+json\" class=\"yoast-schema-graph\">{\"@context\":\"https:\\\/\\\/schema.org\",\"@graph\":[{\"@type\":\"Article\",\"@id\":\"https:\\\/\\\/fjala.info\\\/2009-2015\\\/albania-invalide-sos\\\/#article\",\"isPartOf\":{\"@id\":\"https:\\\/\\\/fjala.info\\\/2009-2015\\\/albania-invalide-sos\\\/\"},\"author\":{\"name\":\"admin\",\"@id\":\"https:\\\/\\\/fjala.info\\\/2009-2015\\\/#\\\/schema\\\/person\\\/3aa1163ef05469c496fc94e77611ada2\"},\"headline\":\"Albania invalide&#8230; Sos!&#8230;\",\"datePublished\":\"2010-08-14T16:44:17+00:00\",\"mainEntityOfPage\":{\"@id\":\"https:\\\/\\\/fjala.info\\\/2009-2015\\\/albania-invalide-sos\\\/\"},\"wordCount\":1511,\"commentCount\":0,\"publisher\":{\"@id\":\"https:\\\/\\\/fjala.info\\\/2009-2015\\\/#organization\"},\"image\":{\"@id\":\"https:\\\/\\\/fjala.info\\\/2009-2015\\\/albania-invalide-sos\\\/#primaryimage\"},\"thumbnailUrl\":\"http:\\\/\\\/www.shkoder.net\\\/images\\\/fjala\\\/shefki_hysa.jpg\",\"articleSection\":[\"Artikuj\"],\"inLanguage\":\"sq-AL\",\"potentialAction\":[{\"@type\":\"CommentAction\",\"name\":\"Comment\",\"target\":[\"https:\\\/\\\/fjala.info\\\/2009-2015\\\/albania-invalide-sos\\\/#respond\"]}]},{\"@type\":\"WebPage\",\"@id\":\"https:\\\/\\\/fjala.info\\\/2009-2015\\\/albania-invalide-sos\\\/\",\"url\":\"https:\\\/\\\/fjala.info\\\/2009-2015\\\/albania-invalide-sos\\\/\",\"name\":\"Albania invalide... Sos!... - FjALA e LIR\u00cb - Arkivi\",\"isPartOf\":{\"@id\":\"https:\\\/\\\/fjala.info\\\/2009-2015\\\/#website\"},\"primaryImageOfPage\":{\"@id\":\"https:\\\/\\\/fjala.info\\\/2009-2015\\\/albania-invalide-sos\\\/#primaryimage\"},\"image\":{\"@id\":\"https:\\\/\\\/fjala.info\\\/2009-2015\\\/albania-invalide-sos\\\/#primaryimage\"},\"thumbnailUrl\":\"http:\\\/\\\/www.shkoder.net\\\/images\\\/fjala\\\/shefki_hysa.jpg\",\"datePublished\":\"2010-08-14T16:44:17+00:00\",\"breadcrumb\":{\"@id\":\"https:\\\/\\\/fjala.info\\\/2009-2015\\\/albania-invalide-sos\\\/#breadcrumb\"},\"inLanguage\":\"sq-AL\",\"potentialAction\":[{\"@type\":\"ReadAction\",\"target\":[\"https:\\\/\\\/fjala.info\\\/2009-2015\\\/albania-invalide-sos\\\/\"]}]},{\"@type\":\"ImageObject\",\"inLanguage\":\"sq-AL\",\"@id\":\"https:\\\/\\\/fjala.info\\\/2009-2015\\\/albania-invalide-sos\\\/#primaryimage\",\"url\":\"http:\\\/\\\/www.shkoder.net\\\/images\\\/fjala\\\/shefki_hysa.jpg\",\"contentUrl\":\"http:\\\/\\\/www.shkoder.net\\\/images\\\/fjala\\\/shefki_hysa.jpg\"},{\"@type\":\"BreadcrumbList\",\"@id\":\"https:\\\/\\\/fjala.info\\\/2009-2015\\\/albania-invalide-sos\\\/#breadcrumb\",\"itemListElement\":[{\"@type\":\"ListItem\",\"position\":1,\"name\":\"Home\",\"item\":\"https:\\\/\\\/fjala.info\\\/2009-2015\\\/\"},{\"@type\":\"ListItem\",\"position\":2,\"name\":\"Albania invalide&#8230; Sos!&#8230;\"}]},{\"@type\":\"WebSite\",\"@id\":\"https:\\\/\\\/fjala.info\\\/2009-2015\\\/#website\",\"url\":\"https:\\\/\\\/fjala.info\\\/2009-2015\\\/\",\"name\":\"FjALA e LIR\u00cb - Arkivi\",\"description\":\"Arkivi 2009-2015\",\"publisher\":{\"@id\":\"https:\\\/\\\/fjala.info\\\/2009-2015\\\/#organization\"},\"potentialAction\":[{\"@type\":\"SearchAction\",\"target\":{\"@type\":\"EntryPoint\",\"urlTemplate\":\"https:\\\/\\\/fjala.info\\\/2009-2015\\\/?s={search_term_string}\"},\"query-input\":{\"@type\":\"PropertyValueSpecification\",\"valueRequired\":true,\"valueName\":\"search_term_string\"}}],\"inLanguage\":\"sq-AL\"},{\"@type\":\"Organization\",\"@id\":\"https:\\\/\\\/fjala.info\\\/2009-2015\\\/#organization\",\"name\":\"FjALA e LIR\u00cb - Arkivi\",\"url\":\"https:\\\/\\\/fjala.info\\\/2009-2015\\\/\",\"logo\":{\"@type\":\"ImageObject\",\"inLanguage\":\"sq-AL\",\"@id\":\"https:\\\/\\\/fjala.info\\\/2009-2015\\\/#\\\/schema\\\/logo\\\/image\\\/\",\"url\":\"\",\"contentUrl\":\"\",\"caption\":\"FjALA e LIR\u00cb - Arkivi\"},\"image\":{\"@id\":\"https:\\\/\\\/fjala.info\\\/2009-2015\\\/#\\\/schema\\\/logo\\\/image\\\/\"}},{\"@type\":\"Person\",\"@id\":\"https:\\\/\\\/fjala.info\\\/2009-2015\\\/#\\\/schema\\\/person\\\/3aa1163ef05469c496fc94e77611ada2\",\"name\":\"admin\",\"image\":{\"@type\":\"ImageObject\",\"inLanguage\":\"sq-AL\",\"@id\":\"https:\\\/\\\/fjala.info\\\/2009-2015\\\/wp-content\\\/uploads\\\/2012\\\/02\\\/arben_cokaj-120x150.jpg\",\"url\":\"https:\\\/\\\/fjala.info\\\/2009-2015\\\/wp-content\\\/uploads\\\/2012\\\/02\\\/arben_cokaj-120x150.jpg\",\"contentUrl\":\"https:\\\/\\\/fjala.info\\\/2009-2015\\\/wp-content\\\/uploads\\\/2012\\\/02\\\/arben_cokaj-120x150.jpg\",\"caption\":\"admin\"},\"description\":\"Admin, Fjala e Lir\u00eb\",\"sameAs\":[\"https:\\\/\\\/fjala.info\\\/\"],\"url\":\"https:\\\/\\\/fjala.info\\\/2009-2015\\\/author\\\/admin\\\/\"}]}<\/script>\n<!-- \/ Yoast SEO plugin. -->","yoast_head_json":{"title":"Albania invalide... Sos!... - FjALA e LIR\u00cb - Arkivi","robots":{"index":"index","follow":"follow","max-snippet":"max-snippet:-1","max-image-preview":"max-image-preview:large","max-video-preview":"max-video-preview:-1"},"canonical":"https:\/\/fjala.info\/2009-2015\/albania-invalide-sos\/","og_locale":"sq_AL","og_type":"article","og_title":"Albania invalide... Sos!... - FjALA e LIR\u00cb - Arkivi","og_description":"Shefki Hysa Dikur mbijetoi, por&#8230; Thon\u00eb se dikur jetonte e Bukura e Dheut. Ndrinte ajo vet\u00eb, ndrinte dhe gjith\u00e7ka p\u00ebrqark saj. Nuk kishte t\u00eb krahasuar bukuria e saj, as dit\u00ebn e as nat\u00ebn: Del o diell t\u00eb dal, del o h\u00ebn\u00eb t\u00eb dal. Thon\u00eb se t\u00eb Bukur\u00ebn e Dheut fillimisht e quanin Pellazgji. Ishte aq [&hellip;]","og_url":"https:\/\/fjala.info\/2009-2015\/albania-invalide-sos\/","og_site_name":"FjALA e LIR\u00cb - Arkivi","article_published_time":"2010-08-14T16:44:17+00:00","og_image":[{"url":"http:\/\/www.shkoder.net\/images\/fjala\/shefki_hysa.jpg","type":"","width":"","height":""}],"author":"admin","twitter_card":"summary_large_image","twitter_misc":{"Written by":"admin","Est. reading time":"8 minutes"},"schema":{"@context":"https:\/\/schema.org","@graph":[{"@type":"Article","@id":"https:\/\/fjala.info\/2009-2015\/albania-invalide-sos\/#article","isPartOf":{"@id":"https:\/\/fjala.info\/2009-2015\/albania-invalide-sos\/"},"author":{"name":"admin","@id":"https:\/\/fjala.info\/2009-2015\/#\/schema\/person\/3aa1163ef05469c496fc94e77611ada2"},"headline":"Albania invalide&#8230; Sos!&#8230;","datePublished":"2010-08-14T16:44:17+00:00","mainEntityOfPage":{"@id":"https:\/\/fjala.info\/2009-2015\/albania-invalide-sos\/"},"wordCount":1511,"commentCount":0,"publisher":{"@id":"https:\/\/fjala.info\/2009-2015\/#organization"},"image":{"@id":"https:\/\/fjala.info\/2009-2015\/albania-invalide-sos\/#primaryimage"},"thumbnailUrl":"http:\/\/www.shkoder.net\/images\/fjala\/shefki_hysa.jpg","articleSection":["Artikuj"],"inLanguage":"sq-AL","potentialAction":[{"@type":"CommentAction","name":"Comment","target":["https:\/\/fjala.info\/2009-2015\/albania-invalide-sos\/#respond"]}]},{"@type":"WebPage","@id":"https:\/\/fjala.info\/2009-2015\/albania-invalide-sos\/","url":"https:\/\/fjala.info\/2009-2015\/albania-invalide-sos\/","name":"Albania invalide... Sos!... - FjALA e LIR\u00cb - Arkivi","isPartOf":{"@id":"https:\/\/fjala.info\/2009-2015\/#website"},"primaryImageOfPage":{"@id":"https:\/\/fjala.info\/2009-2015\/albania-invalide-sos\/#primaryimage"},"image":{"@id":"https:\/\/fjala.info\/2009-2015\/albania-invalide-sos\/#primaryimage"},"thumbnailUrl":"http:\/\/www.shkoder.net\/images\/fjala\/shefki_hysa.jpg","datePublished":"2010-08-14T16:44:17+00:00","breadcrumb":{"@id":"https:\/\/fjala.info\/2009-2015\/albania-invalide-sos\/#breadcrumb"},"inLanguage":"sq-AL","potentialAction":[{"@type":"ReadAction","target":["https:\/\/fjala.info\/2009-2015\/albania-invalide-sos\/"]}]},{"@type":"ImageObject","inLanguage":"sq-AL","@id":"https:\/\/fjala.info\/2009-2015\/albania-invalide-sos\/#primaryimage","url":"http:\/\/www.shkoder.net\/images\/fjala\/shefki_hysa.jpg","contentUrl":"http:\/\/www.shkoder.net\/images\/fjala\/shefki_hysa.jpg"},{"@type":"BreadcrumbList","@id":"https:\/\/fjala.info\/2009-2015\/albania-invalide-sos\/#breadcrumb","itemListElement":[{"@type":"ListItem","position":1,"name":"Home","item":"https:\/\/fjala.info\/2009-2015\/"},{"@type":"ListItem","position":2,"name":"Albania invalide&#8230; Sos!&#8230;"}]},{"@type":"WebSite","@id":"https:\/\/fjala.info\/2009-2015\/#website","url":"https:\/\/fjala.info\/2009-2015\/","name":"FjALA e LIR\u00cb - Arkivi","description":"Arkivi 2009-2015","publisher":{"@id":"https:\/\/fjala.info\/2009-2015\/#organization"},"potentialAction":[{"@type":"SearchAction","target":{"@type":"EntryPoint","urlTemplate":"https:\/\/fjala.info\/2009-2015\/?s={search_term_string}"},"query-input":{"@type":"PropertyValueSpecification","valueRequired":true,"valueName":"search_term_string"}}],"inLanguage":"sq-AL"},{"@type":"Organization","@id":"https:\/\/fjala.info\/2009-2015\/#organization","name":"FjALA e LIR\u00cb - Arkivi","url":"https:\/\/fjala.info\/2009-2015\/","logo":{"@type":"ImageObject","inLanguage":"sq-AL","@id":"https:\/\/fjala.info\/2009-2015\/#\/schema\/logo\/image\/","url":"","contentUrl":"","caption":"FjALA e LIR\u00cb - Arkivi"},"image":{"@id":"https:\/\/fjala.info\/2009-2015\/#\/schema\/logo\/image\/"}},{"@type":"Person","@id":"https:\/\/fjala.info\/2009-2015\/#\/schema\/person\/3aa1163ef05469c496fc94e77611ada2","name":"admin","image":{"@type":"ImageObject","inLanguage":"sq-AL","@id":"https:\/\/fjala.info\/2009-2015\/wp-content\/uploads\/2012\/02\/arben_cokaj-120x150.jpg","url":"https:\/\/fjala.info\/2009-2015\/wp-content\/uploads\/2012\/02\/arben_cokaj-120x150.jpg","contentUrl":"https:\/\/fjala.info\/2009-2015\/wp-content\/uploads\/2012\/02\/arben_cokaj-120x150.jpg","caption":"admin"},"description":"Admin, Fjala e Lir\u00eb","sameAs":["https:\/\/fjala.info\/"],"url":"https:\/\/fjala.info\/2009-2015\/author\/admin\/"}]}},"_links":{"self":[{"href":"https:\/\/fjala.info\/2009-2015\/wp-json\/wp\/v2\/posts\/3722","targetHints":{"allow":["GET"]}}],"collection":[{"href":"https:\/\/fjala.info\/2009-2015\/wp-json\/wp\/v2\/posts"}],"about":[{"href":"https:\/\/fjala.info\/2009-2015\/wp-json\/wp\/v2\/types\/post"}],"author":[{"embeddable":true,"href":"https:\/\/fjala.info\/2009-2015\/wp-json\/wp\/v2\/users\/1"}],"replies":[{"embeddable":true,"href":"https:\/\/fjala.info\/2009-2015\/wp-json\/wp\/v2\/comments?post=3722"}],"version-history":[{"count":0,"href":"https:\/\/fjala.info\/2009-2015\/wp-json\/wp\/v2\/posts\/3722\/revisions"}],"wp:attachment":[{"href":"https:\/\/fjala.info\/2009-2015\/wp-json\/wp\/v2\/media?parent=3722"}],"wp:term":[{"taxonomy":"category","embeddable":true,"href":"https:\/\/fjala.info\/2009-2015\/wp-json\/wp\/v2\/categories?post=3722"},{"taxonomy":"post_tag","embeddable":true,"href":"https:\/\/fjala.info\/2009-2015\/wp-json\/wp\/v2\/tags?post=3722"}],"curies":[{"name":"wp","href":"https:\/\/api.w.org\/{rel}","templated":true}]}}