{"id":3717,"date":"2010-08-13T23:17:29","date_gmt":"2010-08-13T22:17:29","guid":{"rendered":"http:\/\/fjala.shkoder.net\/?p=3717"},"modified":"2010-08-13T23:17:29","modified_gmt":"2010-08-13T22:17:29","slug":"topalli-kerkon-qetesi-zbraz-plazhin-nga-pushuesit","status":"publish","type":"post","link":"https:\/\/fjala.info\/2009-2015\/topalli-kerkon-qetesi-zbraz-plazhin-nga-pushuesit\/","title":{"rendered":"Topalli k\u00ebrkon qet\u00ebsi, zbraz plazhin nga pushuesit"},"content":{"rendered":"<p><img loading=\"lazy\" decoding=\"async\" class=\"alignright size-medium wp-image-3718\" title=\"Topalli n\u00eb skaf\" src=\"http:\/\/fjala.shkoder.net\/wp-content\/uploads\/2010\/08\/topalli_skaf-300x205.jpg\" alt=\"\" width=\"300\" height=\"205\" \/><\/p>\n<p><strong>Arlinda Gjypi<\/strong>, <em>13.08.2010<\/em><\/p>\n<p><em>VLOR\u00cb<\/em> &#8211; Mb\u00ebrritja n\u00eb Vlor\u00eb e Jozefina Topallit nuk ka kaluar pa u marr\u00eb vesh nga pothuajse t\u00eb gjith\u00eb personat q\u00eb pushojn\u00eb n\u00eb k\u00ebt\u00eb qytet dhe po ashtu nga banor\u00ebt e saj. M\u00ebsohet se kryetarja e parlamentit ka mb\u00ebrritur n\u00eb qytetin bregdetar bashk\u00eb me an\u00ebtar\u00eb t\u00eb familjes s\u00eb saj, ku b\u00ebn pjes\u00eb edhe dh\u00ebndri Luiz Ejlli.<\/p>\n<p>Pushues n\u00eb k\u00ebt\u00eb qytet b\u00ebjn\u00eb t\u00eb ditur se Topalli ka zgjedhur p\u00ebr t\u00eb pushuar zon\u00ebn e vilave, e pik\u00ebrisht at\u00eb t\u00eb ish-Vil\u00ebs s\u00eb Mehmet Shehut. Por ajo \u00e7ka ka b\u00ebr\u00eb q\u00eb emri i kryeparlamentares t\u00eb p\u00ebrflitet n\u00ebp\u00ebr qytet ka qen\u00eb nje veprim me pushuesit e zones.<\/p>\n<p>Pushuesit pran\u00eb zon\u00ebs s\u00eb vilave kan\u00eb par\u00eb t\u00eb gjith\u00eb pushuesit e zon\u00ebs s\u00eb rezidenc\u00ebs qeveritare t\u00eb zhvendoseshin n\u00eb plazhin ku ndodheshin ata.<\/p>\n<p>Kryetarja e parlamentit si\u00e7 duket d\u00ebshironte q\u00eb ta kishte t\u00eb gjith\u00eb plazhin p\u00ebr vete, sepse sapo ajo zbriti me fuoristrad\u00ebn e vet ne vilen e Mehmetit, bashke me familjen, &#8211; t\u00eb gjith\u00eb ata q\u00eb ndodheshin duke b\u00ebr\u00eb plazh n\u00eb zon\u00ebn e vilave, (shume jan\u00eb punonj\u00ebs t\u00eb administrat\u00ebs), u zhvendos\u00ebn nga truprojat me gjith\u00eb placka p\u00ebr n\u00eb plazhin privat ngjitur. Veprimet e truprojave t\u00eb kryetares s\u00eb parlamentit jane pare nga shume pushues. Megjithese Plazhi n\u00eb zon\u00ebn e vilave mund t\u00eb mbaj\u00eb deri 1000 pushues, familja Topalli ka dashur qetesi absolute. Menj\u00ebher\u00eb pasi jane debuar plazhistet e tjere nga zona, nj\u00eb person i armatosur ka q\u00ebndruar n\u00eb ndarjen mes dy plazheve.<\/p>\n<p>Topalli ndodhet n\u00eb vil\u00eb bashk\u00eb me familjen e saj, p\u00ebrfshir\u00eb k\u00ebtu edhe dh\u00ebndrin e vet, kengetarin e ri, Luiz Ejlli. Vila e Mehmet Shehut, tashm\u00eb eshte cil\u00ebsuar si rezidenc\u00eb qeveritare.<br \/>\nVila ka qen\u00eb n\u00eb rikonstruksion dhe tashm\u00eb ka p\u00ebrfunduar punimet, duke b\u00ebr\u00eb t\u00eb mundur q\u00eb kryetarja e parlamentit t\u00eb q\u00ebndroj\u00eb e qet\u00eb bashk\u00eb me familjen. &#8220;<em>E shohim n\u00eb daljet n\u00eb ballkon<\/em>&#8220;, thon\u00eb pushuesit.<\/p>\n<p>Qet\u00ebsia e kryetares se Kuvendit ka vene ne alarm edhe policine e zones. Asnj\u00eb nga lokalet e nat\u00ebs nuk ka guxuar t\u00eb thyej\u00eb rregullin e or\u00ebs 24:00, kur duhet t\u00eb ulet z\u00ebri i muzik\u00ebs. Para mberritjes se saj, toleranca ne kete drejtim ka qene e dukshme.<br \/>\nJav\u00ebn e kaluar, psh. nj\u00eb nga diskot verore ishte mbushur plot. T\u00eb rinjt\u00eb e frekuentojn\u00eb edhe p\u00ebr faktin se \u00ebsht\u00eb larg banesave dhe si rrjedhoj\u00eb mund\u00ebsia p\u00ebr t\u00eb ardhur policia dhe p\u00ebr t&#8217;i ulur z\u00ebrin duhet t\u00eb jet\u00eb zero, pasi nuk shqet\u00ebson banor\u00ebt.<\/p>\n<p>Por kur shkoi ora 00:00 aty mb\u00ebrriti furgoni i policis\u00eb dhe absolutisht nuk e lejoi m\u00eb ngritjen e muzik\u00ebs. Njer\u00ebzit prit\u00ebn deri n\u00eb or\u00ebn 01:00, por u than\u00eb se p\u00ebr pushime n\u00eb Vlor\u00eb kishte ardhur kryetarja e parlamentit e si rrjedhoj\u00eb t\u00eb mos shpresonin n\u00eb ngritjen e muzik\u00ebs, pasi nj\u00eb gj\u00eb e till\u00eb nuk do t\u00eb ndodhte.<\/p>\n<p>&#8220;<em>As nuk e kuptuam se ku shqet\u00ebsohej Xhozi nga muzika e nj\u00eb lokali q\u00eb ndodhet larg zonave t\u00eb banuara&#8221;, tregon nj\u00eb pushuese e nervozuar. (artikullin e plote mund ta lexoni ne Shekulli Print)<\/em><\/p>\n","protected":false},"excerpt":{"rendered":"<p>Arlinda Gjypi, 13.08.2010 VLOR\u00cb &#8211; Mb\u00ebrritja n\u00eb Vlor\u00eb e Jozefina Topallit nuk ka kaluar pa u marr\u00eb vesh nga pothuajse t\u00eb gjith\u00eb personat q\u00eb pushojn\u00eb n\u00eb k\u00ebt\u00eb qytet dhe po ashtu nga banor\u00ebt e saj. M\u00ebsohet se kryetarja e parlamentit ka mb\u00ebrritur n\u00eb qytetin bregdetar bashk\u00eb me an\u00ebtar\u00eb t\u00eb familjes s\u00eb saj, ku b\u00ebn pjes\u00eb [&hellip;]<\/p>\n","protected":false},"author":1,"featured_media":0,"comment_status":"open","ping_status":"closed","sticky":false,"template":"","format":"standard","meta":{"footnotes":""},"categories":[2],"tags":[],"class_list":{"0":"post-3717","1":"post","2":"type-post","3":"status-publish","4":"format-standard","6":"category-artikuj"},"yoast_head":"<!-- This site is optimized with the Yoast SEO plugin v27.4 - https:\/\/yoast.com\/product\/yoast-seo-wordpress\/ -->\n<title>Topalli k\u00ebrkon qet\u00ebsi, zbraz plazhin nga pushuesit - FjALA e LIR\u00cb - Arkivi<\/title>\n<meta name=\"robots\" content=\"index, follow, max-snippet:-1, max-image-preview:large, max-video-preview:-1\" \/>\n<link rel=\"canonical\" href=\"https:\/\/fjala.info\/2009-2015\/topalli-kerkon-qetesi-zbraz-plazhin-nga-pushuesit\/\" \/>\n<meta property=\"og:locale\" content=\"sq_AL\" \/>\n<meta property=\"og:type\" content=\"article\" \/>\n<meta property=\"og:title\" content=\"Topalli k\u00ebrkon qet\u00ebsi, zbraz plazhin nga pushuesit - FjALA e LIR\u00cb - Arkivi\" \/>\n<meta property=\"og:description\" content=\"Arlinda Gjypi, 13.08.2010 VLOR\u00cb &#8211; Mb\u00ebrritja n\u00eb Vlor\u00eb e Jozefina Topallit nuk ka kaluar pa u marr\u00eb vesh nga pothuajse t\u00eb gjith\u00eb personat q\u00eb pushojn\u00eb n\u00eb k\u00ebt\u00eb qytet dhe po ashtu nga banor\u00ebt e saj. M\u00ebsohet se kryetarja e parlamentit ka mb\u00ebrritur n\u00eb qytetin bregdetar bashk\u00eb me an\u00ebtar\u00eb t\u00eb familjes s\u00eb saj, ku b\u00ebn pjes\u00eb [&hellip;]\" \/>\n<meta property=\"og:url\" content=\"https:\/\/fjala.info\/2009-2015\/topalli-kerkon-qetesi-zbraz-plazhin-nga-pushuesit\/\" \/>\n<meta property=\"og:site_name\" content=\"FjALA e LIR\u00cb - Arkivi\" \/>\n<meta property=\"article:published_time\" content=\"2010-08-13T22:17:29+00:00\" \/>\n<meta property=\"og:image\" content=\"http:\/\/fjala.shkoder.net\/wp-content\/uploads\/2010\/08\/topalli_skaf-300x205.jpg\" \/>\n<meta name=\"author\" content=\"admin\" \/>\n<meta name=\"twitter:card\" content=\"summary_large_image\" \/>\n<meta name=\"twitter:label1\" content=\"Written by\" \/>\n\t<meta name=\"twitter:data1\" content=\"admin\" \/>\n\t<meta name=\"twitter:label2\" content=\"Est. reading time\" \/>\n\t<meta name=\"twitter:data2\" content=\"3 minutes\" \/>\n<script type=\"application\/ld+json\" class=\"yoast-schema-graph\">{\"@context\":\"https:\\\/\\\/schema.org\",\"@graph\":[{\"@type\":\"Article\",\"@id\":\"https:\\\/\\\/fjala.info\\\/2009-2015\\\/topalli-kerkon-qetesi-zbraz-plazhin-nga-pushuesit\\\/#article\",\"isPartOf\":{\"@id\":\"https:\\\/\\\/fjala.info\\\/2009-2015\\\/topalli-kerkon-qetesi-zbraz-plazhin-nga-pushuesit\\\/\"},\"author\":{\"name\":\"admin\",\"@id\":\"https:\\\/\\\/fjala.info\\\/2009-2015\\\/#\\\/schema\\\/person\\\/3aa1163ef05469c496fc94e77611ada2\"},\"headline\":\"Topalli k\u00ebrkon qet\u00ebsi, zbraz plazhin nga pushuesit\",\"datePublished\":\"2010-08-13T22:17:29+00:00\",\"mainEntityOfPage\":{\"@id\":\"https:\\\/\\\/fjala.info\\\/2009-2015\\\/topalli-kerkon-qetesi-zbraz-plazhin-nga-pushuesit\\\/\"},\"wordCount\":544,\"commentCount\":0,\"publisher\":{\"@id\":\"https:\\\/\\\/fjala.info\\\/2009-2015\\\/#organization\"},\"image\":{\"@id\":\"https:\\\/\\\/fjala.info\\\/2009-2015\\\/topalli-kerkon-qetesi-zbraz-plazhin-nga-pushuesit\\\/#primaryimage\"},\"thumbnailUrl\":\"http:\\\/\\\/fjala.shkoder.net\\\/wp-content\\\/uploads\\\/2010\\\/08\\\/topalli_skaf-300x205.jpg\",\"articleSection\":[\"Artikuj\"],\"inLanguage\":\"sq-AL\",\"potentialAction\":[{\"@type\":\"CommentAction\",\"name\":\"Comment\",\"target\":[\"https:\\\/\\\/fjala.info\\\/2009-2015\\\/topalli-kerkon-qetesi-zbraz-plazhin-nga-pushuesit\\\/#respond\"]}]},{\"@type\":\"WebPage\",\"@id\":\"https:\\\/\\\/fjala.info\\\/2009-2015\\\/topalli-kerkon-qetesi-zbraz-plazhin-nga-pushuesit\\\/\",\"url\":\"https:\\\/\\\/fjala.info\\\/2009-2015\\\/topalli-kerkon-qetesi-zbraz-plazhin-nga-pushuesit\\\/\",\"name\":\"Topalli k\u00ebrkon qet\u00ebsi, zbraz plazhin nga pushuesit - FjALA e LIR\u00cb - Arkivi\",\"isPartOf\":{\"@id\":\"https:\\\/\\\/fjala.info\\\/2009-2015\\\/#website\"},\"primaryImageOfPage\":{\"@id\":\"https:\\\/\\\/fjala.info\\\/2009-2015\\\/topalli-kerkon-qetesi-zbraz-plazhin-nga-pushuesit\\\/#primaryimage\"},\"image\":{\"@id\":\"https:\\\/\\\/fjala.info\\\/2009-2015\\\/topalli-kerkon-qetesi-zbraz-plazhin-nga-pushuesit\\\/#primaryimage\"},\"thumbnailUrl\":\"http:\\\/\\\/fjala.shkoder.net\\\/wp-content\\\/uploads\\\/2010\\\/08\\\/topalli_skaf-300x205.jpg\",\"datePublished\":\"2010-08-13T22:17:29+00:00\",\"breadcrumb\":{\"@id\":\"https:\\\/\\\/fjala.info\\\/2009-2015\\\/topalli-kerkon-qetesi-zbraz-plazhin-nga-pushuesit\\\/#breadcrumb\"},\"inLanguage\":\"sq-AL\",\"potentialAction\":[{\"@type\":\"ReadAction\",\"target\":[\"https:\\\/\\\/fjala.info\\\/2009-2015\\\/topalli-kerkon-qetesi-zbraz-plazhin-nga-pushuesit\\\/\"]}]},{\"@type\":\"ImageObject\",\"inLanguage\":\"sq-AL\",\"@id\":\"https:\\\/\\\/fjala.info\\\/2009-2015\\\/topalli-kerkon-qetesi-zbraz-plazhin-nga-pushuesit\\\/#primaryimage\",\"url\":\"http:\\\/\\\/fjala.shkoder.net\\\/wp-content\\\/uploads\\\/2010\\\/08\\\/topalli_skaf-300x205.jpg\",\"contentUrl\":\"http:\\\/\\\/fjala.shkoder.net\\\/wp-content\\\/uploads\\\/2010\\\/08\\\/topalli_skaf-300x205.jpg\"},{\"@type\":\"BreadcrumbList\",\"@id\":\"https:\\\/\\\/fjala.info\\\/2009-2015\\\/topalli-kerkon-qetesi-zbraz-plazhin-nga-pushuesit\\\/#breadcrumb\",\"itemListElement\":[{\"@type\":\"ListItem\",\"position\":1,\"name\":\"Home\",\"item\":\"https:\\\/\\\/fjala.info\\\/2009-2015\\\/\"},{\"@type\":\"ListItem\",\"position\":2,\"name\":\"Topalli k\u00ebrkon qet\u00ebsi, zbraz plazhin nga pushuesit\"}]},{\"@type\":\"WebSite\",\"@id\":\"https:\\\/\\\/fjala.info\\\/2009-2015\\\/#website\",\"url\":\"https:\\\/\\\/fjala.info\\\/2009-2015\\\/\",\"name\":\"FjALA e LIR\u00cb - Arkivi\",\"description\":\"Arkivi 2009-2015\",\"publisher\":{\"@id\":\"https:\\\/\\\/fjala.info\\\/2009-2015\\\/#organization\"},\"potentialAction\":[{\"@type\":\"SearchAction\",\"target\":{\"@type\":\"EntryPoint\",\"urlTemplate\":\"https:\\\/\\\/fjala.info\\\/2009-2015\\\/?s={search_term_string}\"},\"query-input\":{\"@type\":\"PropertyValueSpecification\",\"valueRequired\":true,\"valueName\":\"search_term_string\"}}],\"inLanguage\":\"sq-AL\"},{\"@type\":\"Organization\",\"@id\":\"https:\\\/\\\/fjala.info\\\/2009-2015\\\/#organization\",\"name\":\"FjALA e LIR\u00cb - Arkivi\",\"url\":\"https:\\\/\\\/fjala.info\\\/2009-2015\\\/\",\"logo\":{\"@type\":\"ImageObject\",\"inLanguage\":\"sq-AL\",\"@id\":\"https:\\\/\\\/fjala.info\\\/2009-2015\\\/#\\\/schema\\\/logo\\\/image\\\/\",\"url\":\"\",\"contentUrl\":\"\",\"caption\":\"FjALA e LIR\u00cb - Arkivi\"},\"image\":{\"@id\":\"https:\\\/\\\/fjala.info\\\/2009-2015\\\/#\\\/schema\\\/logo\\\/image\\\/\"}},{\"@type\":\"Person\",\"@id\":\"https:\\\/\\\/fjala.info\\\/2009-2015\\\/#\\\/schema\\\/person\\\/3aa1163ef05469c496fc94e77611ada2\",\"name\":\"admin\",\"image\":{\"@type\":\"ImageObject\",\"inLanguage\":\"sq-AL\",\"@id\":\"https:\\\/\\\/fjala.info\\\/2009-2015\\\/wp-content\\\/uploads\\\/2012\\\/02\\\/arben_cokaj-120x150.jpg\",\"url\":\"https:\\\/\\\/fjala.info\\\/2009-2015\\\/wp-content\\\/uploads\\\/2012\\\/02\\\/arben_cokaj-120x150.jpg\",\"contentUrl\":\"https:\\\/\\\/fjala.info\\\/2009-2015\\\/wp-content\\\/uploads\\\/2012\\\/02\\\/arben_cokaj-120x150.jpg\",\"caption\":\"admin\"},\"description\":\"Admin, Fjala e Lir\u00eb\",\"sameAs\":[\"https:\\\/\\\/fjala.info\\\/\"],\"url\":\"https:\\\/\\\/fjala.info\\\/2009-2015\\\/author\\\/admin\\\/\"}]}<\/script>\n<!-- \/ Yoast SEO plugin. -->","yoast_head_json":{"title":"Topalli k\u00ebrkon qet\u00ebsi, zbraz plazhin nga pushuesit - FjALA e LIR\u00cb - Arkivi","robots":{"index":"index","follow":"follow","max-snippet":"max-snippet:-1","max-image-preview":"max-image-preview:large","max-video-preview":"max-video-preview:-1"},"canonical":"https:\/\/fjala.info\/2009-2015\/topalli-kerkon-qetesi-zbraz-plazhin-nga-pushuesit\/","og_locale":"sq_AL","og_type":"article","og_title":"Topalli k\u00ebrkon qet\u00ebsi, zbraz plazhin nga pushuesit - FjALA e LIR\u00cb - Arkivi","og_description":"Arlinda Gjypi, 13.08.2010 VLOR\u00cb &#8211; Mb\u00ebrritja n\u00eb Vlor\u00eb e Jozefina Topallit nuk ka kaluar pa u marr\u00eb vesh nga pothuajse t\u00eb gjith\u00eb personat q\u00eb pushojn\u00eb n\u00eb k\u00ebt\u00eb qytet dhe po ashtu nga banor\u00ebt e saj. M\u00ebsohet se kryetarja e parlamentit ka mb\u00ebrritur n\u00eb qytetin bregdetar bashk\u00eb me an\u00ebtar\u00eb t\u00eb familjes s\u00eb saj, ku b\u00ebn pjes\u00eb [&hellip;]","og_url":"https:\/\/fjala.info\/2009-2015\/topalli-kerkon-qetesi-zbraz-plazhin-nga-pushuesit\/","og_site_name":"FjALA e LIR\u00cb - Arkivi","article_published_time":"2010-08-13T22:17:29+00:00","og_image":[{"url":"http:\/\/fjala.shkoder.net\/wp-content\/uploads\/2010\/08\/topalli_skaf-300x205.jpg","type":"","width":"","height":""}],"author":"admin","twitter_card":"summary_large_image","twitter_misc":{"Written by":"admin","Est. reading time":"3 minutes"},"schema":{"@context":"https:\/\/schema.org","@graph":[{"@type":"Article","@id":"https:\/\/fjala.info\/2009-2015\/topalli-kerkon-qetesi-zbraz-plazhin-nga-pushuesit\/#article","isPartOf":{"@id":"https:\/\/fjala.info\/2009-2015\/topalli-kerkon-qetesi-zbraz-plazhin-nga-pushuesit\/"},"author":{"name":"admin","@id":"https:\/\/fjala.info\/2009-2015\/#\/schema\/person\/3aa1163ef05469c496fc94e77611ada2"},"headline":"Topalli k\u00ebrkon qet\u00ebsi, zbraz plazhin nga pushuesit","datePublished":"2010-08-13T22:17:29+00:00","mainEntityOfPage":{"@id":"https:\/\/fjala.info\/2009-2015\/topalli-kerkon-qetesi-zbraz-plazhin-nga-pushuesit\/"},"wordCount":544,"commentCount":0,"publisher":{"@id":"https:\/\/fjala.info\/2009-2015\/#organization"},"image":{"@id":"https:\/\/fjala.info\/2009-2015\/topalli-kerkon-qetesi-zbraz-plazhin-nga-pushuesit\/#primaryimage"},"thumbnailUrl":"http:\/\/fjala.shkoder.net\/wp-content\/uploads\/2010\/08\/topalli_skaf-300x205.jpg","articleSection":["Artikuj"],"inLanguage":"sq-AL","potentialAction":[{"@type":"CommentAction","name":"Comment","target":["https:\/\/fjala.info\/2009-2015\/topalli-kerkon-qetesi-zbraz-plazhin-nga-pushuesit\/#respond"]}]},{"@type":"WebPage","@id":"https:\/\/fjala.info\/2009-2015\/topalli-kerkon-qetesi-zbraz-plazhin-nga-pushuesit\/","url":"https:\/\/fjala.info\/2009-2015\/topalli-kerkon-qetesi-zbraz-plazhin-nga-pushuesit\/","name":"Topalli k\u00ebrkon qet\u00ebsi, zbraz plazhin nga pushuesit - FjALA e LIR\u00cb - Arkivi","isPartOf":{"@id":"https:\/\/fjala.info\/2009-2015\/#website"},"primaryImageOfPage":{"@id":"https:\/\/fjala.info\/2009-2015\/topalli-kerkon-qetesi-zbraz-plazhin-nga-pushuesit\/#primaryimage"},"image":{"@id":"https:\/\/fjala.info\/2009-2015\/topalli-kerkon-qetesi-zbraz-plazhin-nga-pushuesit\/#primaryimage"},"thumbnailUrl":"http:\/\/fjala.shkoder.net\/wp-content\/uploads\/2010\/08\/topalli_skaf-300x205.jpg","datePublished":"2010-08-13T22:17:29+00:00","breadcrumb":{"@id":"https:\/\/fjala.info\/2009-2015\/topalli-kerkon-qetesi-zbraz-plazhin-nga-pushuesit\/#breadcrumb"},"inLanguage":"sq-AL","potentialAction":[{"@type":"ReadAction","target":["https:\/\/fjala.info\/2009-2015\/topalli-kerkon-qetesi-zbraz-plazhin-nga-pushuesit\/"]}]},{"@type":"ImageObject","inLanguage":"sq-AL","@id":"https:\/\/fjala.info\/2009-2015\/topalli-kerkon-qetesi-zbraz-plazhin-nga-pushuesit\/#primaryimage","url":"http:\/\/fjala.shkoder.net\/wp-content\/uploads\/2010\/08\/topalli_skaf-300x205.jpg","contentUrl":"http:\/\/fjala.shkoder.net\/wp-content\/uploads\/2010\/08\/topalli_skaf-300x205.jpg"},{"@type":"BreadcrumbList","@id":"https:\/\/fjala.info\/2009-2015\/topalli-kerkon-qetesi-zbraz-plazhin-nga-pushuesit\/#breadcrumb","itemListElement":[{"@type":"ListItem","position":1,"name":"Home","item":"https:\/\/fjala.info\/2009-2015\/"},{"@type":"ListItem","position":2,"name":"Topalli k\u00ebrkon qet\u00ebsi, zbraz plazhin nga pushuesit"}]},{"@type":"WebSite","@id":"https:\/\/fjala.info\/2009-2015\/#website","url":"https:\/\/fjala.info\/2009-2015\/","name":"FjALA e LIR\u00cb - Arkivi","description":"Arkivi 2009-2015","publisher":{"@id":"https:\/\/fjala.info\/2009-2015\/#organization"},"potentialAction":[{"@type":"SearchAction","target":{"@type":"EntryPoint","urlTemplate":"https:\/\/fjala.info\/2009-2015\/?s={search_term_string}"},"query-input":{"@type":"PropertyValueSpecification","valueRequired":true,"valueName":"search_term_string"}}],"inLanguage":"sq-AL"},{"@type":"Organization","@id":"https:\/\/fjala.info\/2009-2015\/#organization","name":"FjALA e LIR\u00cb - Arkivi","url":"https:\/\/fjala.info\/2009-2015\/","logo":{"@type":"ImageObject","inLanguage":"sq-AL","@id":"https:\/\/fjala.info\/2009-2015\/#\/schema\/logo\/image\/","url":"","contentUrl":"","caption":"FjALA e LIR\u00cb - Arkivi"},"image":{"@id":"https:\/\/fjala.info\/2009-2015\/#\/schema\/logo\/image\/"}},{"@type":"Person","@id":"https:\/\/fjala.info\/2009-2015\/#\/schema\/person\/3aa1163ef05469c496fc94e77611ada2","name":"admin","image":{"@type":"ImageObject","inLanguage":"sq-AL","@id":"https:\/\/fjala.info\/2009-2015\/wp-content\/uploads\/2012\/02\/arben_cokaj-120x150.jpg","url":"https:\/\/fjala.info\/2009-2015\/wp-content\/uploads\/2012\/02\/arben_cokaj-120x150.jpg","contentUrl":"https:\/\/fjala.info\/2009-2015\/wp-content\/uploads\/2012\/02\/arben_cokaj-120x150.jpg","caption":"admin"},"description":"Admin, Fjala e Lir\u00eb","sameAs":["https:\/\/fjala.info\/"],"url":"https:\/\/fjala.info\/2009-2015\/author\/admin\/"}]}},"_links":{"self":[{"href":"https:\/\/fjala.info\/2009-2015\/wp-json\/wp\/v2\/posts\/3717","targetHints":{"allow":["GET"]}}],"collection":[{"href":"https:\/\/fjala.info\/2009-2015\/wp-json\/wp\/v2\/posts"}],"about":[{"href":"https:\/\/fjala.info\/2009-2015\/wp-json\/wp\/v2\/types\/post"}],"author":[{"embeddable":true,"href":"https:\/\/fjala.info\/2009-2015\/wp-json\/wp\/v2\/users\/1"}],"replies":[{"embeddable":true,"href":"https:\/\/fjala.info\/2009-2015\/wp-json\/wp\/v2\/comments?post=3717"}],"version-history":[{"count":0,"href":"https:\/\/fjala.info\/2009-2015\/wp-json\/wp\/v2\/posts\/3717\/revisions"}],"wp:attachment":[{"href":"https:\/\/fjala.info\/2009-2015\/wp-json\/wp\/v2\/media?parent=3717"}],"wp:term":[{"taxonomy":"category","embeddable":true,"href":"https:\/\/fjala.info\/2009-2015\/wp-json\/wp\/v2\/categories?post=3717"},{"taxonomy":"post_tag","embeddable":true,"href":"https:\/\/fjala.info\/2009-2015\/wp-json\/wp\/v2\/tags?post=3717"}],"curies":[{"name":"wp","href":"https:\/\/api.w.org\/{rel}","templated":true}]}}