{"id":3712,"date":"2010-08-13T09:28:44","date_gmt":"2010-08-13T08:28:44","guid":{"rendered":"http:\/\/fjala.shkoder.net\/?p=3712"},"modified":"2010-08-13T09:28:44","modified_gmt":"2010-08-13T08:28:44","slug":"uidhers-shish-berisha-shkeli-marreveshjen-3-vjecare-me-nato-n","status":"publish","type":"post","link":"https:\/\/fjala.info\/2009-2015\/uidhers-shish-berisha-shkeli-marreveshjen-3-vjecare-me-nato-n\/","title":{"rendered":"Uidhers: SHISH, Berisha shkeli marr\u00ebveshjen 3 vje\u00e7are me NATO-n"},"content":{"rendered":"<p><img loading=\"lazy\" decoding=\"async\" class=\"alignleft size-medium wp-image-3713\" title=\"Withers dhe Berisha\" src=\"http:\/\/fjala.shkoder.net\/wp-content\/uploads\/2010\/08\/withers_berisha1-300x168.jpg\" alt=\"\" width=\"300\" height=\"168\" \/><\/p>\n<p><strong>Shekulli Online<\/strong>, <em>13.08.2010<\/em><\/p>\n<p>N\u00eb k\u00ebt\u00eb intervist\u00eb p\u00ebr emisionin &#8220;Top Story&#8221;, t\u00eb cil\u00ebn po e risjellim p\u00ebr lexuesin e Shekullit me shkurtime, ambasadori amerikan n\u00eb Tiran\u00eb, Uidhers, flet mbi arsyet e kund\u00ebrshtimit t\u00eb projektligjit t\u00eb SHISH-it, p\u00ebrplasjet me nj\u00eb pjes\u00eb t\u00eb politik\u00ebs s\u00eb Tiran\u00ebs, duke theksuar vazhdimisht q\u00eb ai flet n\u00eb em\u00ebr t\u00eb qeveris\u00eb s\u00eb SHBA dhe se kush mendon ndryshe, nuk e njeh as funksionimin e administrat\u00ebs amerikane dhe as karakterin amerikan.<\/p>\n<p><em>Z. Ambasador, \u00e7&#8217;mendoni p\u00ebr Shqip\u00ebrin\u00eb, demokracin\u00eb shqiptare, rrug\u00ebn q\u00eb po ec\u00ebn dhe sfidat q\u00eb e presin?<\/em><\/p>\n<p>Mendoj se nj\u00eb nga p\u00ebrshtypjet me t\u00eb gjalla q\u00eb do mbart me vete, \u00ebsht\u00eb forca e miq\u00ebsis\u00eb mes SHBA dhe Shqip\u00ebris\u00eb. Kjo \u00ebsht\u00eb nj\u00eb miq\u00ebsi me rr\u00ebnje historike q\u00eb shkojn\u00eb n\u00eb dekada. Mua m\u00eb ka prekur fakti q\u00eb gjat\u00eb k\u00ebtyre tre viteve kam vazhduar t\u00eb shoh rritjen e k\u00ebsaj miq\u00ebsie dhe thell\u00ebsin\u00eb e saj.<\/p>\n<p><em>\u00cbsht\u00eb nj\u00eb p\u00ebrgjigje e pjesshme zoti ambasador sepse pyetja ime ishte edhe p\u00ebr demokracin\u00eb. Keni ardhur tre vjet m\u00eb par\u00eb. Si e shikoni sot demokracin\u00eb shqiptare dhe cilat jan\u00eb sfidat q\u00eb ajo ka p\u00ebrball\u00eb?<\/em><\/p>\n<p>Mendoj se gjat\u00eb viteve t\u00eb fundit ka pasur probleme q\u00eb jan\u00eb shfaqur dhe t\u00eb cilat un\u00eb i kam diskutuar shum\u00eb hapur me ju dhe popullin shqiptar. Ju i njihni si\u00e7 i njoh edhe un\u00eb. Ka pasur shqet\u00ebsime n\u00eb lidhje me pavar\u00ebsin\u00eb e institucioneve, ve\u00e7an\u00ebrisht gjykatat, shqet\u00ebsime me drafte t\u00eb caktuara ligjore si ligji pastrimit t\u00eb figurave dhe m\u00eb s\u00eb fundi ligji i sh\u00ebrbimit informativ. Un\u00eb mendoj se demokracia e \u00e7far\u00ebdo lloj qeverisje nuk \u00ebsht\u00eb statike, nuk \u00ebsht\u00eb di\u00e7ka q\u00eb arrihet dhe b\u00ebhet e p\u00ebrhershme.<\/p>\n<p>Ajo \u00ebsht\u00eb di\u00e7ka q\u00eb gjithmon\u00eb evokon. Qoft\u00eb n\u00eb SHBA, Franc\u00eb, Suedi, apo Shqip\u00ebri, ajo q\u00eb \u00ebsht\u00eb me rend\u00ebsi kritike \u00ebsht\u00eb q\u00eb t\u00eb ushqehet kjo ecje p\u00ebrpara e demokracis\u00eb. \u00cbsht\u00eb me rend\u00ebsi themelore n\u00eb k\u00ebt\u00eb vend dhe n\u00eb vende t\u00eb tjera, q\u00eb demokracia t\u00eb mbrohet, q\u00eb ajo t\u00eb b\u00ebje p\u00ebrpara. T\u00eb kryej\u00eb funksionin e saj themelor q\u00eb \u00ebsht\u00eb ti sh\u00ebrbeje mir\u00ebqenies dhe aspiratave pozitive t\u00eb popullit shqiptar. N\u00ebse un\u00eb do t\u00eb kisha nj\u00eb k\u00ebshill\u00eb p\u00ebr popullin shqiptar n\u00eb p\u00ebrgjith\u00ebsi do t\u00eb ishte shum\u00eb i thjesht\u00eb: Mbrojeni demokracin\u00eb tuaj!<\/p>\n<p><em>Ky \u00ebsht\u00eb nj\u00eb mesazh shum\u00eb i fort\u00eb dhe shum\u00eb i r\u00ebnd\u00ebsish\u00ebm p\u00ebr shqiptaret sidomos kur vjen nga SHBA. Kur thoni &#8220;mbroni demokracin\u00eb tuaj&#8221;, a mos vall\u00eb ajo \u00ebsht\u00eb n\u00eb rrezik?<\/em><\/p>\n<p>Un\u00eb besoj se sistemet demokratike m\u00eb shum\u00eb se \u00e7do sistem tjet\u00ebr m\u00eb shum\u00eb se sistemet absolutiste apo monarkike ose jan\u00eb n\u00eb rritje ose jan\u00eb n\u00eb r\u00ebnie. Dhe n\u00eb k\u00ebt\u00eb k\u00ebndv\u00ebshtrim demokracit\u00eb jan\u00eb n\u00eb nj\u00eb k\u00ebndv\u00ebshtrim t\u00eb caktuar n\u00eb nj\u00eb lloj k\u00ebrc\u00ebnimi. Ajo q\u00eb \u00ebsht\u00eb e domosdoshme \u00ebsht\u00eb q\u00eb drejtuesit, publiku media, institucionet t\u00eb ushtrojn\u00eb funksionet e tyre t\u00eb mb\u00ebshtesin parimet themelore mbi t\u00eb cilat \u00ebsht\u00eb nd\u00ebrtuar kjo shoq\u00ebri. Pra, demokracia nuk \u00ebsht\u00eb di\u00e7ka q\u00eb jepet nj\u00ebher\u00eb e p\u00ebrgjithmon\u00eb pa kosto, \u00ebsht\u00eb di\u00e7ka q\u00eb fitohet dhe duhet t\u00eb fitohet n\u00eb m\u00ebnyr\u00eb t\u00eb vazhdueshme n\u00eb procesin e koh\u00ebs&#8230;<\/p>\n<p><em>Jeni duke ikur, por duke ikur u \u00ebsht\u00eb dashur t\u00eb nd\u00ebrhyni edhe nj\u00ebher\u00eb p\u00ebr projektligjin e sh\u00ebrbimeve inteligjente. Pse opinioni i SHBA \u00ebsht\u00eb kund\u00ebr k\u00ebtij ligji?<\/em><\/p>\n<p>Mendoj se jan\u00eb nj\u00eb s\u00ebr\u00eb arsyesh q\u00eb ne kemi shqet\u00ebsime. Ne jemi thell\u00ebsisht t\u00eb shqet\u00ebsuar p\u00ebr \u00e7do draft projektligj apo \u00e7do l\u00ebvizje apo \u00e7do ndryshim strukturash apo personeli q\u00eb do t\u00eb dob\u00ebsonte apo mund t\u00eb minonte profesionalizmin e institucionit, autonomin\u00eb e institucionit apo t\u00eb mund t\u00eb politizonte institucionin n\u00eb nj\u00eb m\u00ebnyr\u00eb t\u00eb till\u00eb sa do t\u00eb d\u00ebmtonte karakterin e tij themelor demokratik dhe aft\u00ebsin\u00eb p\u00ebr t\u00eb vepruar n\u00eb nj\u00eb kontekst demokratik.<br \/>\nS\u00eb dyti jemi t\u00eb shqet\u00ebsuar p\u00ebr implikimet e k\u00ebtij ligji p\u00ebr statusin dhe pozicionin e Shqip\u00ebris\u00eb n\u00eb NATO. NATO n\u00eb nivelet e saj m\u00eb t\u00eb larta i shprehu haptas shqet\u00ebsimet e thella dhe mendoj se njer\u00ebzit q\u00eb e d\u00ebgjojn\u00eb diskutimin ton\u00eb t\u00eb mbajn\u00eb n\u00eb mendje element\u00ebt e procesit t\u00eb hyrjes s\u00eb Shqip\u00ebris\u00eb n\u00eb NATO. Nd\u00ebrsa Shqip\u00ebria u p\u00ebrpoq q\u00eb t\u00eb arrinte k\u00ebrkesat p\u00ebr hyrje n\u00eb NATO, institucione si SHISH ishin tem\u00eb e nj\u00eb v\u00ebmendje dhe pun\u00eb t\u00eb madhe p\u00ebr t&#8217;i sjell\u00eb k\u00ebto institucione n\u00eb standardin q\u00eb NATO k\u00ebrkon p\u00ebr \u00e7do an\u00ebtar.<br \/>\nShqip\u00ebria nd\u00ebrmori nj\u00eb angazhim dhe ndoshta shum\u00eb qytetar\u00eb nuk jan\u00eb n\u00eb dijeni t\u00eb k\u00ebtij fakti, institucione t\u00eb tilla si SHISH dhe institucione t\u00eb tilla t\u00eb ngjashme nuk mund t\u00eb ndryshoheshin p\u00ebr nj\u00eb periudhe tre vje\u00e7are pas an\u00ebtar\u00ebsimit t\u00eb Shqip\u00ebris\u00eb. N\u00ebse do t\u00eb nd\u00ebrmerreshin ndryshime t\u00eb tilla k\u00ebto ndryshime do t\u00eb vinin nj\u00eb proces rivler\u00ebsimi nga ana e NATO-s. Ne nuk duam q\u00eb pas nj\u00eb angazhimi t\u00eb q\u00ebndruesh\u00ebm t\u00eb Shqip\u00ebris\u00eb dhe t\u00eb p\u00ebrkushtuar ndaj procesit t\u00eb an\u00ebtar\u00ebsimit t\u00eb nd\u00ebrmerrte ndonj\u00eb veprim q\u00eb mund t\u00eb komplikonte funksionimin e saj t\u00eb vazhduesh\u00ebm n\u00eb organizate.<\/p>\n<p>Ju siguroj q\u00eb n\u00eb opinionin publik ky detaj nuk dihet, sot po e d\u00ebgjojm\u00eb p\u00ebr her\u00eb t\u00eb par\u00eb q\u00eb k\u00ebto institucione nuk duhet t\u00eb prekeshin p\u00ebr nj\u00eb afat tre vje\u00e7ar. Ajo q\u00eb nuk kuptojn\u00eb \u00ebsht\u00eb se pse mazhoranca tentoi ta ndryshoj\u00eb k\u00ebt\u00eb institucion duke shkelur k\u00ebt\u00eb moratorium vendosur nga Nato? E dyta kur vjen puna te sh\u00ebrbimet sekrete ka nj\u00eb lloj misteri, vishen me nj\u00eb pallto misteri ekstra sip\u00ebr. Po ju p\u00ebrmend amendamentin e par\u00eb t\u00eb kushtetut\u00ebs amerikane q\u00eb \u00ebsht\u00eb transparenca dhe n\u00eb em\u00ebr t\u00eb saj a ka di\u00e7ka q\u00eb nuk thuhet n\u00eb debatin p\u00ebr SHISH dhe q\u00eb mund t\u00eb thuhet tani&#8230;?<\/p>\n<p>Pjesa e par\u00eb e pyetjes suaj. Un\u00eb nuk jam n\u00eb at\u00eb pozicion q\u00eb mund ti jap p\u00ebrgjigje.<br \/>\nPers\u00eb i p\u00ebrket funksionet e sh\u00ebrbimit informativ, sigurisht ne jetojm\u00eb n\u00eb nj\u00eb bot\u00eb ku kemi t\u00eb nevojshme q\u00eb t\u00eb kemi n\u00eb p\u00ebrdorim t\u00eb gjitha instrumentet e mbrojtjes kund\u00ebr armiqve shum\u00eb t\u00eb rreziksh\u00ebm q\u00eb kan\u00eb ekzistuar dhe ekzistojn\u00eb n\u00eb mbar\u00eb bot\u00ebn. Dhe \u00ebsht\u00eb n\u00eb v\u00ebmendje &#8211; ve\u00e7an\u00ebrisht n\u00eb epok\u00ebn ton\u00eb &#8211; terrorizmi. Kam n\u00eb mend bashk\u00ebpunimin n\u00eb luft\u00ebn kund\u00ebr terrorizmit me Shqip\u00ebrin\u00eb. Ka qen\u00eb i shk\u00eblqyer n\u00eb nivel t\u00eb lart\u00eb profesional dhe ky bashk\u00ebpunim duhet t\u00eb \u00e7ohet me tej. T\u00eb zhvillohet me tej dhe t\u00eb vazhdohet me tej n\u00eb ato baza n\u00eb t\u00eb cilat kemi punuar kaq mir\u00eb deri m\u00eb tani.<\/p>\n<p><em>Zoti ambasador kaq fort sa \u00e7&#8217;keni nd\u00ebrhyre p\u00ebr ligjin e sh\u00ebrbimeve inteligjente mbaj mend q\u00eb nd\u00ebrhyt\u00eb p\u00ebr ligjin e lustracionit. Prej asaj dite nuk kan\u00eb munguar deri me sot, sulme nga oborri i mazhoranc\u00ebs se i b\u00ebni nj\u00eb zbatim personal politik\u00ebs s\u00eb SHBA-s\u00eb n\u00eb Shqip\u00ebri?<\/em><\/p>\n<p>(qesh&#8230;).Mendoj se ata persona ose jan\u00eb t\u00eb keqinformuar ose jan\u00eb t\u00eb paditur p\u00ebr m\u00ebnyr\u00ebn se si funksionon sistemi qeverisjes amerikane. Gjate tre viteve q\u00eb un\u00eb kam sh\u00ebrbyer n\u00eb Shqip\u00ebri, un\u00eb nuk kam b\u00ebr\u00eb asnj\u00eb deklarat\u00eb politike t\u00eb nj\u00eb \u00e7\u00ebshtje me rend\u00ebsi politike mbi baza personale. Dhe nj\u00eb gj\u00eb e till\u00eb nuk \u00ebsht\u00eb e mundur.<\/p>\n<p>Nj\u00eb ambasador i SHBA flet n\u00eb em\u00ebr t\u00eb qeveris\u00eb s\u00eb SHBA. Ne jemi p\u00ebrfaq\u00ebsuesit personale t\u00eb Presidentit te SHBA n\u00eb vendet ku jemi akredituar. Veprimet tona jan\u00eb t\u00eb koordinuara ngusht\u00eb n\u00eb t\u00ebr\u00eb struktur\u00ebn e sh\u00ebrbimit diplomatik t\u00eb qeveris\u00eb son\u00eb n\u00eb Uashington. Kushdo q\u00eb thot\u00eb apo b\u00ebn komente t\u00eb tilla, thjesht nuk e kupton m\u00ebnyr\u00ebn se si ne funksionojm\u00eb ose p\u00ebrpiqet t\u00eb dob\u00ebsoj\u00eb q\u00ebndrimin q\u00eb SHBA ka marr\u00eb n\u00eb \u00e7\u00ebshtje t\u00eb caktuar&#8230;<br \/>\nUn\u00eb besoj se tashm\u00eb do t\u00eb jet\u00eb e qart\u00eb se sekretarja Klinton mb\u00ebshtet plot\u00ebsisht gj\u00ebrat q\u00eb ne jemi duke b\u00ebr\u00eb n\u00eb Shqip\u00ebri, sepse ato jan\u00eb n\u00eb p\u00ebrputhje t\u00eb plot\u00eb me bindjet e saj t\u00eb thella politike. Dhe nuk mendoj se do t\u00eb ket\u00eb ndonj\u00eb ambiguitet n\u00eb lidhje me k\u00ebt\u00eb.<\/p>\n<p><em>Z. Ambasador megjithat\u00eb nga mazhoranca nuk e fshehin q\u00eb ju Xhon Uidhers po largoheni. Tek e djathta \u00ebsht\u00eb b\u00ebr\u00eb publik fakti se SHBA-t\u00eb indetifikohen me antikomunizmin dhe nj\u00eb nga argumentet e p\u00ebrdorura kund\u00ebr jush si ambasador \u00ebsht\u00eb q\u00ebndrimi q\u00eb mbajt\u00ebt ndaj ligjit p\u00ebr lustracionit q\u00eb n\u00eb fakt nd\u00ebshkon t\u00eb shkuar\u00ebn komuniste. Dhe jeni interpretuar n\u00eb nj\u00eb far\u00eb m\u00ebnyre se i keni b\u00ebr\u00eb apologjin\u00eb komunizmit dhe i jeni kund\u00ebrv\u00ebn\u00eb nj\u00eb kryeministri t\u00eb djatht\u00eb. Nd\u00ebrkoh\u00eb nuk ka pasur nga ju asnj\u00eb kritike p\u00ebr opozit\u00ebn.<\/em><br \/>\nUn\u00eb shpesh arg\u00ebtohem nga komente q\u00eb b\u00ebhen nga gazetar\u00ebt shqiptar\u00eb por edhe nga politikan\u00eb q\u00eb n\u00eb nj\u00eb m\u00ebnyr\u00eb apo tjet\u00ebr p\u00ebrpiqen t&#8217;i japin jet\u00eb nj\u00eb nocioni t\u00eb nj\u00eb marr\u00ebdh\u00ebnie t\u00eb v\u00ebshtir\u00eb personale mes &#8211; le t\u00eb themi &#8211; politikaneve me nj\u00ebri-tjetrin, apo marr\u00ebdh\u00ebnieve personale mes meje dhe nj\u00eb zyrtari tjet\u00ebr.<br \/>\nMe lejoni t\u00eb them shum\u00eb qart\u00eb: Un\u00eb nuk kam asnj\u00eb v\u00ebshtir\u00ebsi personale n\u00eb marr\u00ebdh\u00ebniet e mia me ask\u00ebnd qofshin k\u00ebta n\u00eb qeveri apo opozit\u00eb. Un\u00eb kam respektin m\u00eb t\u00eb thell\u00eb p\u00ebr t\u00eb gjith\u00eb zyrtar\u00ebt q\u00eb kam pasur privilegjin t&#8217;i takoj n\u00eb Shqip\u00ebri.<br \/>\nP\u00ebrmenda termin q\u00eb \u00ebsht\u00eb arg\u00ebtues koncepti q\u00eb nj\u00eb ambasador amerikan do merrte krahun e nj\u00ebr\u00ebs pal\u00eb apo tjetr\u00ebs. Mendoj se shfaqjet e mija publike dhe ky historiku im publik \u00ebsht\u00eb i qart\u00eb. Se un\u00eb gjithmon\u00eb i kam shprehur mendimet e mija qartazi p\u00ebr secilin krah. Po t\u00eb shikosh k\u00ebt\u00eb historik pozicionesh mendoj se shikon qart\u00eb se si nga pik\u00ebpamja publike apo dhe nga marr\u00ebdh\u00ebnia private kemi diskutime t\u00eb hapura me t\u00eb gjitha grupet n\u00eb vend.<\/p>\n<p>P\u00ebr cilindo q\u00eb ka pasur mund\u00ebsi t\u00eb m\u00eb v\u00ebzhgoje n\u00eb Shqip\u00ebri gjat\u00eb k\u00ebtyre 3 viteve, do ishte e pamundur q\u00eb t\u00eb mendonte se un\u00eb flas n\u00eb em\u00ebr t\u00eb dikujt tjet\u00ebr p\u00ebrve\u00e7se n\u00eb em\u00ebr t\u00eb qeveris\u00eb amerikane. Ne si amerikan\u00eb jemi goxha strikt n\u00eb bindjen ton\u00eb. Flasim haptazi, por gjithmon\u00eb flasim n\u00eb em\u00ebr t\u00eb qeveris\u00eb ton\u00eb dhe popullit ton\u00eb. Dhe k\u00ebt\u00eb t\u00eb drejt\u00eb nuk do lejonim t\u00eb na e hiqte askush.<\/p>\n<p><em>Dy vjet pas G\u00ebrdecit zoti Uidhers, \u00e7far\u00eb mendoni se ndodhi atje&#8230;?<\/em><\/p>\n<p>Un\u00eb jam i shqet\u00ebsuar nga ajo \u00e7ka nuk ka ndodhur. Dhe un\u00eb do ta shprehja n\u00eb k\u00ebt\u00eb m\u00ebnyr\u00eb. Ne t\u00eb gjith\u00eb na kujtohet ajo dit\u00eb e tmerrshme. Na kujtohen t\u00eb gjith\u00ebve ato imazhe t\u00eb rip\u00ebrs\u00ebritura n\u00eb m\u00ebnyre t\u00eb vazhdueshme t\u00eb qytetareve q\u00eb \u00e7oheshin me shpejt\u00ebsi drejt spitalit, q\u00eb rridhnin gjak nga cop\u00ebzat e predhave q\u00eb kishin prekur trupat e tyre. 26 qytetar\u00eb humb\u00ebn jet\u00ebn. Qindra u plagos\u00ebn. Pasuri t\u00eb tera u shkat\u00ebrruan. T\u00eb gjith\u00ebve na kujtohen.<br \/>\nUn\u00eb do ti b\u00ebja nj\u00eb pyetje shqiptar\u00ebve. Jo vet\u00ebm atyre q\u00eb ishin viktima por qytetar\u00ebve t\u00eb k\u00ebtij vendi: A \u00ebsht\u00eb v\u00ebn\u00eb drejt\u00ebsia n\u00eb vend p\u00ebr k\u00ebt\u00eb \u00e7\u00ebshtje? Un\u00eb mendoj se kjo \u00ebsht\u00eb nj\u00eb pyetje p\u00ebr qytetaret shqiptar\u00eb se \u00ebsht\u00eb nj\u00eb gj\u00eb q\u00eb i shqet\u00ebson ata thell\u00ebsisht dhe q\u00eb duhet ta ndjekin.<\/p>\n<p>Pyetja tjet\u00ebr \u00ebsht\u00eb: A po vihet drejt\u00ebsia n\u00eb vend, a u shfryt\u00ebzua gama e plot\u00eb e shkeljeve t\u00eb mundshme q\u00eb mund t\u00eb jen\u00eb kryer atje, a po eksplorohen ato n\u00eb t\u00ebr\u00ebsin\u00eb e tyre? Aty jan\u00eb t\u00eb gjith\u00eb ata q\u00eb mund t\u00eb ken\u00eb pasur nj\u00eb rol n\u00eb at\u00eb q\u00eb ndodhi. Jan\u00eb duke u ekzaminuar me t\u00ebr\u00eb p\u00ebrpik\u00ebrin\u00eb q\u00eb k\u00ebrkon drejt\u00ebsia? A po p\u00ebrdoret dispozita arkaike e imunitetit q\u00eb pengon nj\u00eb hetim dhe nj\u00eb k\u00ebrkim p\u00ebr t\u00eb vendosur drejt\u00ebsin\u00eb e plote n\u00eb em\u00ebr t\u00eb atyre qytetar\u00ebve q\u00eb vuajt\u00ebn?<\/p>\n<p>Kjo \u00ebsht\u00eb ajo q\u00eb un\u00eb mendoj se \u00ebsht\u00eb puna e pap\u00ebrfunduar e G\u00ebrdecit. P\u00ebr aq koh\u00eb sa drejt\u00ebsia e plot\u00eb &#8211; dhe jo drejt\u00ebsia e pjesshme &#8211; \u00ebsht\u00eb akoma pa u p\u00ebrmbushur dhe nuk po ndiqet, at\u00ebher\u00eb mendoj se ka nj\u00eb mungese p\u00ebrfundimi t\u00eb k\u00ebsaj \u00e7\u00ebshtje. Un\u00eb nuk po e drejtoj gishtin ndaj askujt. Un\u00eb nuk e di se kush \u00ebsht\u00eb i pafajsh\u00ebm dhe kush fajtor, por q\u00eb t\u00eb pengosh aft\u00ebsin\u00eb e njer\u00ebzve p\u00ebr t\u00eb ndjekur nj\u00eb hetim t\u00eb plot\u00eb, nuk m\u00eb duket m\u00ebnyra p\u00ebr t\u00eb v\u00ebn\u00eb n\u00eb vend drejt\u00ebsin\u00eb. Dhe deri sa t\u00eb vendoset kjo drejt\u00ebsi \u00ebsht\u00eb sikur ato plag\u00eb t\u00eb vazhdojn\u00eb t\u00eb kullojn\u00eb gjak.<\/p>\n<p><em>Si i gjykoni ju zgjedhjet e 28 qershorit si proces i t\u00ebr\u00eb? D.m.th p\u00ebrfshir\u00eb edhe at\u00eb t\u00eb num\u00ebrimit?<\/em><\/p>\n<p>Vler\u00ebsimi i zgjedhjeve n\u00eb p\u00ebrgjith\u00ebsi n\u00eb t\u00ebr\u00ebsin\u00eb e tyre \u00ebsht\u00eb shprehur nga gjith\u00eb vendet tona p\u00ebrfshir\u00eb edhe SBA. Ne njoh\u00ebm dhe vum\u00eb re elemente pozitive t\u00eb zgjedhjeve p\u00ebrparime t\u00eb k\u00ebtyre zgjedhjeve q\u00eb ishin t\u00eb dukshme, por mendoj q\u00eb pas k\u00ebsaj mbeten dy pyetje t\u00eb r\u00ebnd\u00ebsishme:<br \/>\nPyetja e par\u00eb \u00ebsht\u00eb se ajo shpres\u00eb q\u00eb un\u00eb shpreha se qytetaret e Shqip\u00ebris\u00eb t\u00eb kishin nj\u00eb dit\u00eb t\u00eb mir\u00eb t\u00eb nes\u00ebrmen a doli? Kjo shpres\u00eb nuk doli e till\u00eb. Ne jemi p\u00ebrballur me nj\u00eb kriz\u00eb politike t\u00eb vazhdueshme mes opozit\u00ebs dhe mazhoranc\u00ebs. Ka nj\u00eb konfrontim q\u00eb ka vazhduar dhe ka d\u00ebmtuar t\u00eb mir\u00ebn e vendit dhe un\u00eb mendoj q\u00eb \u00ebsht\u00eb me r\u00ebnd\u00ebsi absolute q\u00eb t\u00eb gjendet nj\u00eb m\u00ebnyr\u00eb p\u00ebr zgjidhjen e k\u00ebsaj dileme q\u00eb vendi t\u00eb jet\u00eb n\u00eb gjendje q\u00eb t\u00eb rikthehet te v\u00ebmendja p\u00ebr t\u00eb gjitha \u00e7\u00ebshtjeve q\u00eb jan\u00eb me rend\u00ebsi p\u00ebr t\u00eb.<br \/>\nMendoj se pasardh\u00ebsi im zoti Arvizu, e shprehu aq mir\u00eb n\u00eb fjal\u00ebn e tij dhe un\u00eb d\u00ebshiroj ta citoj: n\u00eb momente t\u00eb caktuara duket sikur klasa politike shqiptare \u00ebsht\u00eb m\u00eb e shqet\u00ebsuar p\u00ebr rivalitetet brenda saj se sa p\u00ebr t\u00eb mir\u00ebn e qytetareve t\u00eb zakonsh\u00ebm.<\/p>\n<p><em>Ju e njihni zotin Arvizu?<\/em><\/p>\n<p>S\u00eb pari me lejoni t\u00eb shprehem n\u00eb m\u00ebnyr\u00ebn m\u00eb t\u00eb sakt\u00eb: Ambasadori Arvizu \u00ebsht\u00eb akoma i propozuar, pra ai do t\u00eb b\u00ebhet ambasador n\u00eb p\u00ebrfundimin e procesit. Un\u00eb kam pasur privilegjin ta takoj Aleksin. Po merrni n\u00eb Tiran\u00eb nj\u00eb nga diplomat\u00ebt tan\u00eb m\u00eb t\u00eb mir\u00eb.<\/p>\n<p><em>Nga e djathta p\u00ebshp\u00ebritet se ky i riu q\u00eb do t\u00eb vij\u00eb do na l\u00ebr\u00eb rehat deri n\u00eb zgjedhje lokale nga e majta thon\u00eb se ky i riu vjen p\u00ebr gj\u00ebra t\u00eb m\u00ebdha. N\u00eb fakt \u00e7far\u00eb ndryshon n\u00eb politik\u00ebn e SHBA-s\u00eb pas ikjes suaj?<\/em><\/p>\n<p>Un\u00eb nuk kam asnj\u00eb ide se nga po i marrin k\u00ebto informacione k\u00ebto grupe politike. \u00c7far\u00eb do ndryshoje? Do t\u00eb vij\u00eb nj\u00eb ambasador i ri me ide t\u00eb reja me sy t\u00eb fresk\u00ebt me energji t\u00eb m\u00ebdha. Por ajo q\u00eb nuk ndryshon \u00ebsht\u00eb politika e SHBA dhe kushdo q\u00eb dyshon t\u00eb kund\u00ebrt\u00ebn po b\u00ebn nj\u00eb loj\u00eb. Kushdo q\u00eb beson se politika amerikane l\u00ebviz n\u00eb drejtimin q\u00eb merr era mendoj se nuk e kupton ose e keqkupton thell\u00eb karakterin amerikan.<\/p>\n<p>*<em>Marr\u00eb me shkurtime nga Top Story<\/em><\/p>\n<p>* * *<\/p>\n<p>Nj\u00eb dit\u00eb m\u00eb par\u00eb Partia Socialiste e konsideroi letr\u00ebn e Ndihm\u00ebs Sekretarit Amerikan t\u00eb Shtetit Philip Gordon me k\u00ebrkes\u00eb dhe n\u00eb em\u00ebr t\u00eb sekretares s\u00eb Shtetit Hillary Clinton, nj\u00eb paralajm\u00ebrim t\u00eb SHBA ndaj aventur\u00ebs s\u00eb qeveris\u00eb s\u00eb Berish\u00ebs p\u00ebr t\u00eb v\u00ebn\u00eb n\u00ebn kontroll drejt\u00ebsin\u00eb dhe SHISH-in.<\/p>\n<p>Deputeti Ditmir Bushati, n\u00eb em\u00ebr t\u00eb PS-s\u00eb ka deklaruar sot se letra \u00ebsht\u00eb nj\u00eb q\u00ebndrim i rikonfirmuar i qeveris\u00eb amerikane n\u00eb lidhje me zgjidhjen e shpejt\u00eb t\u00eb kriz\u00ebs politike dhe garantimin e pavar\u00ebsis\u00eb s\u00eb funksionimit t\u00eb institucioneve.<\/p>\n<p>&#8220;Ankesat e qeveris\u00eb shqiptare ndaj q\u00ebndrimeve t\u00eb Ambasadorit t\u00eb SHBA-ve d\u00ebshmojn\u00eb nj\u00eb sharlataniz\u00ebm politik dhe munges\u00eb sensi e p\u00ebrgjegj\u00ebsie komb\u00ebtare, kur dihet nga praktika e marr\u00ebdh\u00ebnieve nd\u00ebrkomb\u00ebtare se nj\u00eb ambasador p\u00ebrfaq\u00ebson q\u00ebndrimet dhe pik\u00ebpamjet e vendit t\u00eb vet. Q\u00ebndrimet e Ambasadorit n\u00eb ikje \u00cbithers dhe atij n\u00eb ardhje Arvizu n\u00eb lidhje me zhvillimet politike n\u00eb Shqip\u00ebri ngjasojn\u00eb si dy pika uji, pasi nuk jan\u00eb q\u00ebndrime personale, por q\u00ebndrimet e aleatit kryesor t\u00eb kombit shqiptar, SHBA-ve&#8221;- tha Bushati.<\/p>\n<p>Sipas tij, \u00ebsht\u00eb e pafalshme q\u00eb Sali Berisha me praktikat okulte t\u00eb &#8217;96-&#8217;97, p\u00ebrdori Lulzim Bash\u00ebn n\u00eb 2008 dhe Ilir Met\u00ebn n\u00eb 2010, respektivisht me administrat\u00ebn Bush dhe Obama, p\u00ebr t&#8217;u ankuar ndaj p\u00ebrfaq\u00ebsuesve diplomatik t\u00eb SHBA-ve, t\u00eb cil\u00ebt kan\u00eb dh\u00ebn\u00eb nj\u00eb ndihm\u00eb t\u00eb pakursyer ndaj vendit dhe kombit ton\u00eb qysh nga ekzistenca e shtetit shqiptar.<\/p>\n<p>Ai i quan t\u00eb d\u00ebnueshme k\u00ebto veprime t\u00eb qeveris\u00eb s\u00eb Sali Berish\u00ebs, p\u00ebr m\u00eb tep\u00ebr n\u00eb kushtet kur roli gjeopolitik i shqiptar\u00ebve n\u00eb rajon \u00ebsht\u00eb rritur ndjesh\u00ebm, sidomos dekad\u00ebn e fundit, fal\u00eb mb\u00ebshtetjes s\u00eb vyer t\u00eb SHBA-ve.<br \/>\n_____<\/p>\n<p>Ministri i Jasht\u00ebm, Ilir Meta, nj\u00ebher\u00ebsh numri dy i qeveris\u00eb deklaroi sot se nuk ka d\u00ebrguar asnj\u00eb let\u00ebr ankes\u00eb p\u00ebr ndonj\u00eb ambasador n\u00eb Shqip\u00ebri, nd\u00ebrkoh\u00eb q\u00eb ka theksuar se marr\u00ebdh\u00ebniet me SHBA-n\u00eb jan\u00eb t\u00eb shk\u00eblqyera.<\/p>\n<p>Vet\u00ebm nj\u00eb dit\u00eb pas reagimit zyrtar t\u00eb SHBA-s\u00eb, p\u00ebrmes nj\u00eb letre nga ndihm\u00ebs sekretari amerikan i Shtetit p\u00ebr c\u00ebshtjet europiane Philip Gordon, me k\u00ebrkes\u00eb dhe n\u00eb em\u00ebr t\u00eb sekretares s\u00eb Shtetit Hillary Clinton, ku theksohej prer\u00eb se deklaratat e Withersit jan\u00eb n\u00eb fakt q\u00ebndrimi i vet\u00eb SHBA-s\u00eb, Meta ka p\u00ebrg\u00ebnjeshtruar t\u00eb ket\u00eb nisur ndonj\u00eb let\u00ebr ankese.<\/p>\n<p>&#8220;M\u00eb vjen shum\u00eb keq q\u00eb kjo that\u00ebsir\u00eb q\u00eb vjen nga koha ka sjell\u00eb dhe that\u00ebsir\u00ebn p\u00ebr lajme. Puna ime m\u00eb b\u00ebn q\u00eb t\u00eb shk\u00ebmbej letra me Washingtonin por nuk ka asnj\u00eb let\u00ebr zyrtare drejtuar cilitdo shtet jasht\u00eb p\u00ebr ndonj\u00eb ambasador &#8220;- tha Meta gjat\u00eb nj\u00eb komunikimi me gazetar\u00ebt sot n\u00eb mesdit\u00eb.<\/p>\n<p>__________<\/p>\n<p><strong>Goditja e radh\u00ebs nga SHBA<\/strong><\/p>\n<p>Shtetet e Bashkuara t\u00eb Amerik\u00ebs kan\u00eb hequr \u00e7do dyshim te mazhoranc\u00ebs shqiptare, se deklaratat e ambasadorit Withers kane qen\u00eb q\u00ebndrime personale t\u00eb tij.<\/p>\n<p>N\u00eb nj\u00eb let\u00ebr derguar qeveris\u00eb shqiptare nga ndihm\u00ebssekretari amerikan i Shtetit p\u00ebr c\u00ebshtjet europiane Philip Gordon, me k\u00ebrkes\u00eb dhe n\u00eb em\u00ebr t\u00eb sekretares s\u00eb Shtetit Hillary Clinton, detaje t\u00eb s\u00eb cil\u00ebs jan\u00eb zbuluar nga Top Channel thuhet :<\/p>\n<p>&#8220;&#8221;Sekretarja dhe un\u00eb kemi besim t\u00eb plot\u00eb tek ambasadori \u00cbithers dhe n\u00eb pun\u00ebn q\u00eb ai po b\u00ebn p\u00ebr t\u00eb cuar p\u00ebrpara marredh\u00ebniet tona dhe ndihm\u00ebn p\u00ebr Shqip\u00ebrin\u00eb n\u00eb realizimin e potencialit t\u00eb saj t\u00eb plot\u00eb. P\u00ebrkushtimi i tij ndaj idealeve t\u00eb demokracis\u00eb dhe shtetit ligjor p\u00ebrgjat\u00eb 26 viteve sh\u00ebrbimi t\u00eb shquar kan\u00eb luajtur rol thelb\u00ebsor n\u00eb arritjen nga ana e Shqip\u00ebris\u00eb t\u00eb an\u00ebtar\u00ebsimit n\u00eb NATO dhe respektimit t\u00eb detyrimeve q\u00eb rrjedhin nga an\u00ebtar\u00ebsimi n\u00eb NATO&#8221;<\/p>\n<p>Sipas Top Channel, letra \u00ebsht\u00eb nj\u00eb p\u00ebrgjigje e letr\u00ebs q\u00eb m\u00eb par\u00eb z\u00ebvend\u00ebskryeministri dhe ministri i Jasht\u00ebm Ilir Meta i kishte d\u00ebrguar sekretares Clinton me ankesa p\u00ebr q\u00ebndrimet e ambasadorit Withers, p\u00ebrfshir\u00eb dhe deklaratat e tij p\u00ebr em\u00ebrimet n\u00eb gjykata, specifikisht n\u00eb Gjykat\u00ebn Kushtetuese.<\/p>\n<p>Sa i p\u00ebrket em\u00ebrimeve n\u00eb gjykata, ku dhe kritikat e mazhoranc\u00ebs kan\u00eb qen\u00eb m\u00eb t\u00eb forta, ndihm\u00ebssekretari Gordon shprehet n\u00eb m\u00ebnyr\u00eb t\u00eb prer\u00eb n\u00eb t\u00eb nj\u00ebjt\u00ebn linj\u00eb me ambasadorin Withers:<\/p>\n<p>&#8220;Ne mb\u00ebshtesim nj\u00eb transparenc\u00eb t\u00eb plot\u00eb t\u00eb procesit t\u00eb em\u00ebrimit dhe konfirmimit t\u00eb gjykat\u00ebsve&#8221;.<\/p>\n<p>Ndihm\u00ebssekretari Gordon, nuk ka l\u00ebn\u00eb pa ngritur edhe shqet\u00ebsimin p\u00ebr tejzgjatjen e kriz\u00ebs politike n\u00eb vend. Sipas tij, kjo po kusht\u00ebzon integrimin europian t\u00eb Shqip\u00ebris\u00eb.<\/p>\n<p>&#8220;Ne besojm\u00eb se nj\u00eb zgjidhje e shpejt\u00eb e ng\u00ebr\u00e7it politik do t\u00eb lejonte Shqip\u00ebrin\u00eb t\u00eb vazhdonte t\u00eb sh\u00ebnonte p\u00ebrparim n\u00eb p\u00ebrmbushjen e objektivit t\u00eb integrimit t\u00eb plot\u00eb n\u00eb komunitetin euroatlantik&#8221;-ka p\u00ebrfunduar Gordon<\/p>\n<p>***<\/p>\n<p><strong>Projektligji p\u00ebr SHISH-in, Withers: SHBA e ka dh\u00ebn\u00eb mendimin e saj<\/strong><\/p>\n<p>KUK\u00cbS- Ambasadori i Shteteve t\u00eb Bashkuara t\u00eb Amerik\u00ebs n\u00eb vendin ton\u00eb, John Withers ka deklaruar nga Kuk\u00ebsi, se SHBA dhe ai vet\u00eb e kan\u00eb dh\u00ebn\u00eb mendimin p\u00ebr projektligjin e SHISH.<\/p>\n<p>I pyetur p\u00ebr zhvillimet e fundit dhe debatin p\u00ebr projektligjin n\u00eb fjal\u00eb, Withers ka th\u00ebn\u00eb se &#8220;p\u00ebr k\u00ebt\u00eb ligj, ambasada e SHBA-s\u00eb ka dh\u00ebn\u00eb opinionin e saj q\u00eb mund t\u00eb gjendet n\u00eb faqen e saj zyrtare&#8221;.<\/p>\n<p>N\u00eb faqen zyrtare t\u00eb Ambasad\u00ebs \u00ebsht\u00eb deklarata ku SHBA ndan shqet\u00ebsimin serioz p\u00ebr projektligjin p\u00ebr SHISH, pasi ai minon parimin e pavar\u00ebsis\u00eb dhe liris\u00eb nga t\u00eb gjitha nd\u00ebrhyrjet politike.<\/p>\n<p>&#8220;E marrim v\u00ebrtet shum\u00eb seriozisht. Shqip\u00ebria \u00ebsht\u00eb nj\u00eb an\u00ebtare e re e NATO-s dhe ka aspirate p\u00ebr integrim t\u00eb plot\u00eb euro-atlantik. Ndjejm\u00eb se ky projektligj e \u00e7on Shqip\u00ebrin\u00eb n\u00eb drejtimin e gabuar. Si miq, si miq t\u00eb ngusht\u00eb t\u00eb Shqip\u00ebris\u00eb, ne duam t\u00eb ofrojm\u00eb k\u00ebshillat tona p\u00ebr t&#8217;u siguruar q\u00eb mikja jon\u00eb Shqip\u00ebria nuk do t\u00eb vazhdoj\u00eb n\u00eb at\u00eb drejtim t\u00eb gabuar&#8221;- ka th\u00ebn\u00eb Withers n\u00eb deklarat\u00ebn e marsit, publikuar n\u00eb faqen zyrtare t\u00eb ambasad\u00ebs.<\/p>\n<p>Projektligji p\u00ebr SHISH-in, mbetet p\u00ebr t&#8217;u diskutuar n\u00eb sesion tjet\u00ebr parlamentar, n\u00eb muajin shtator.<\/p>\n<p>Pa dh\u00ebn\u00eb sqarime, mazhoranca \u00ebsht\u00eb t\u00ebrhequr nga projektligji, i cili ka marr\u00eb kritika t\u00eb forta, jo vet\u00ebm nga opozita, por edhe nga faktori nd\u00ebrkomb\u00ebtar, SHBA, NATO, madje ka marr\u00eb vot\u00ebn kund\u00ebr edhe nga pjesa e koalicionit, LSI-ja.<\/p>\n<p>E l\u00ebn\u00eb p\u00ebr t&#8217;u diskutuar n\u00eb dit\u00ebn e fundit t\u00eb sesionit, pra n\u00eb rendin e sot\u00ebm t\u00eb punimeve t\u00eb Kuvendit, projektigji \u00ebsht\u00eb spostuar.<\/p>\n<p>***<\/p>\n<p>Presidenti i vendit, Bamir Topi, i pyetur p\u00ebr q\u00ebndrimin e tij lidhur me projektligjin p\u00ebr SHISH-in ka deklaruar se ai ka qen\u00eb dhe do t\u00eb mbetet luajal i parimeve t\u00eb NATO-s. Nderkohe qe kryeministri Berisha ka deklaruar se ne Shqiperi nuk do te kete asnje zyrtar te larte pa mandat, perfshire edhe kreun e SHISH-it.<\/p>\n<p>Gjat\u00eb nj\u00eb deklarate p\u00ebr mediat, kreu i shtetit shqiptar ka pranuar se po e ndjek k\u00ebt\u00eb proces me shum\u00eb v\u00ebmendje dhe nuk mund t\u00eb paragjykoj\u00eb vendimin e Kuvendit.<\/p>\n<p>&#8220;Un\u00eb mund t\u00eb them se po e ndjek me v\u00ebmendje k\u00ebt\u00eb proces dhe jam i kujdessh\u00ebm p\u00ebr tu th\u00ebn\u00eb q\u00eb nuk paragjykoj vendimin e kuvendit, sepse presidenti flet n\u00eb momentin kur ka nj\u00eb vendimmarrje t\u00eb Kuvendit dhe realizohet komunikimi zyrtar mes Kuvendit dhe institucionit t\u00eb Presidentit&#8221;- tha Topi.<\/p>\n<p>Megjithat\u00eb ai ka theksuar se &#8220;n\u00eb parim un\u00eb kam qen\u00eb e mbetem luajal i parimeve fondamentale t\u00eb aleanc\u00ebs s\u00eb Atlantikut t\u00eb Veriut q\u00eb \u00ebsht\u00eb aleanca e paqes dhe siguris\u00eb. Nga ky parim i madh dalin edhe p\u00ebrfundime t\u00eb m\u00ebdha&#8221;- tha Topi.<\/p>\n<p>Berisha: Kreu i SHISH-it, me mandat<\/p>\n<p>Kryeministri Sali Berisha ka theksuar prer\u00eb se kreu i SHISH-it do t\u00eb jet\u00eb me mandat.<br \/>\nI pyetur nga gazetar\u00ebt se si do t\u00eb veproj\u00eb mazhoranca lidhur me ligjin p\u00ebr Sh\u00ebrbimin Informativ Shtet\u00ebror, Berisha deklaroi se n\u00eb Shqip\u00ebri nuk do t\u00eb ket\u00eb zyrtar\u00eb t\u00eb lart\u00eb t\u00eb em\u00ebruar pa mandat.<\/p>\n<p>&#8220;Ky \u00ebsht\u00eb nj\u00eb q\u00ebndrim p\u00ebrfundimtar i Kryeministrit t\u00eb vendit. Vendet an\u00ebtare t\u00eb NATO-s n\u00eb t\u00ebr\u00ebsin\u00eb e tyre i kan\u00eb t\u00eb gjith\u00eb zyrtar\u00eb me mandate t\u00eb ndryshme. 4 vjet e kan\u00eb mandatin p\u00ebr Kryeministrin, 4 apo 5 vjet e kan\u00eb mandatin p\u00ebr Presidentin, dikush me mandat m\u00eb t\u00eb shkurt\u00ebr, dikush me mandat m\u00eb t\u00eb gjat\u00eb. Por mandatet jan\u00eb nj\u00eb norm\u00eb dhe nj\u00eb standard i vendeve demokratike&#8221;- tha Berisha, por pa u p\u00ebrgjigjur n\u00ebse Kuvendi do e kaloj\u00eb ligjin pavar\u00ebsisht kontestimit t\u00eb fort\u00eb t\u00eb opozit\u00ebs, faktorit nd\u00ebrkomb\u00ebtar dhe vot\u00ebs kund\u00ebr t\u00eb LSI-s\u00eb.<\/p>\n<p>&#8212;<\/p>\n<p><strong>Kaos n\u00eb Kuvend, PD t\u00ebrheq ligjin e SHISH, telefonon Rasmussen<\/strong><\/p>\n<p>TIRAN\u00cb &#8211; Mungesa e numrave t\u00eb duhur n\u00eb Parlament, por edhe nj\u00eb telefonat\u00eb e kreut t\u00eb NATO-s, Rasmussen, me kryeministrin Berisha kan\u00eb detyruar mazhoranc\u00ebn q\u00eb p\u00ebr her\u00eb t\u00eb dyt\u00eb t\u00eb t\u00ebrhiqet nga ligji i SHISH. Edhe her\u00ebn e par\u00eb t\u00eb djatht\u00ebt u dor\u00ebzuan p\u00ebrpara presionit nd\u00ebrkomb\u00ebtar. Por, dje, ata vendos\u00ebn, n\u00eb m\u00ebnyr\u00eb surpriz\u00eb, t\u00eb hedhin edhe nj\u00eb her\u00eb n\u00eb votim ligjin q\u00eb vendos Sh\u00ebrbimin Informativ Shtet\u00ebror n\u00eb vart\u00ebsi t\u00eb kryeministrit.<\/p>\n<p><strong>Debatet<\/strong><\/p>\n<p>Q\u00eb n\u00eb fillim t\u00eb seanc\u00ebs, opozita ka kund\u00ebrshtuar futjen n\u00eb kalendarin e punimeve t\u00eb amendimit t\u00eb propozuar nga deputeti Fatos Hoxha p\u00ebr ligjin p\u00ebr SHISH. Sipas socialist\u00ebve, ky ligj duhet t\u00eb hiqet nga kalendari i rendit t\u00eb dit\u00ebs. &#8220;Minimumi jeni t\u00eb detyruar ta b\u00ebni k\u00ebt\u00eb, qoft\u00eb p\u00ebr t\u00eb realizuar dhe nenin formal t\u00eb rregullores q\u00eb k\u00ebrkon dy dit\u00eb koh\u00eb. \u00cbsht\u00eb e drejta juaj q\u00eb n\u00eb seanc\u00ebn pasardh\u00ebse, duke na siguruar ne si opozit\u00eb minimumin t\u00eb drejt\u00ebn e njohjes me projektligjin, e t\u00eb drejt\u00ebn e njohjes me relacionin e komisionit p\u00ebrkat\u00ebs, q\u00eb dit\u00ebn e h\u00ebn\u00eb t\u00eb ulemi ta diskutojm\u00eb&#8221;, u shpreh kreu n\u00eb em\u00ebr t\u00eb grupit t\u00eb PS, Gramoz Ru\u00e7i.<\/p>\n<p>Duke shfryt\u00ebzuar pamjaftueshm\u00ebrin\u00eb e votave nga ana e mazhoranc\u00ebs, kreu i grupit parlamentar t\u00eb PS k\u00ebrkoi hedhjen n\u00eb votim t\u00eb propozimit t\u00eb tij p\u00ebr heqjen nga kalendari i punimeve t\u00eb projektligjit p\u00ebr SHISH. &#8220;N\u00eb em\u00ebr t\u00eb grupit parlamentar, ju propozoj q\u00eb t\u00eb hidhni n\u00eb vot\u00eb, t\u00eb nxirrni nga rendi i dit\u00ebs s\u00eb pik\u00ebs q\u00eb b\u00ebn fjal\u00eb p\u00ebr projektligjin e Sh\u00ebrbimit Informativ. Ky \u00ebsht\u00eb propozimi yn\u00eb, q\u00eb t\u00eb hidhet n\u00eb vot\u00eb&#8221;, tha Ru\u00e7i. Por kryeparlamentarja Jozefina Topalli e kund\u00ebrshtoi, duke deklaruar se \u00ebsht\u00eb respektuar rregullorja. &#8220;P\u00ebr sa koh\u00eb q\u00eb ne kemi kalendarin e votuar nga seanca plenare.<\/p>\n<p>Ju keni t\u00eb drejt\u00eb t\u00eb k\u00ebrkoni q\u00eb t\u00eb hiqet nga rendi i dit\u00ebs&#8221;, sqaroi Topalli. Edhe kryetari i grupit parlamentar demokrat, Astrit Patozi, ka kund\u00ebrshtuar heqjen nga rendi i dit\u00ebs i projektligjit p\u00ebr SHISH. &#8220;Nuk \u00ebsht\u00eb e v\u00ebrtet\u00eb q\u00eb projektligji ka ardhur n\u00eb seanc\u00eb papritur. Nuk \u00ebsht\u00eb problemi yn\u00eb q\u00eb kur projektligji ka kaluar n\u00eb Komisionin e Siguris\u00eb, opozita nuk ka qen\u00eb e pranishme n\u00eb komision. Fakti q\u00eb PS nuk ka marr\u00eb pjes\u00eb n\u00eb t\u00eb gjitha komisionet e siguris\u00eb nuk p\u00ebrb\u00ebn shkak&#8221;, &#8211; deklaroi kreu i grupit parlamentar demokrat. Nd\u00ebrsa aleati i kryeministrit Berisha, kreu i LSI-s\u00eb, Ilir Meta, n\u00eb em\u00ebr t\u00eb grupit u shpreh kund\u00ebr kalimit t\u00eb ligjit p\u00ebr SHISH, duke e cil\u00ebsuar at\u00eb t\u00eb nxituar, pasi nuk \u00ebsht\u00eb marr\u00eb mendimi i NATO-s.<\/p>\n<p><strong>Numrat<\/strong><\/p>\n<p>Pas deklarat\u00ebs s\u00eb Met\u00ebs, kryetarja e Kuvendit, Jozefina Topalli, nisi t\u00eb b\u00ebj\u00eb llogarit\u00eb e numrave q\u00eb kishte Partia Demokratike. P\u00ebrve\u00e7 l\u00ebvizjeve t\u00eb shum\u00eb deputet\u00ebve q\u00eb hynin e dilnin nga salla e Parlamentit, mazhoranc\u00ebs i mungonin edhe disa deputet\u00eb, mes tyre edhe kryeministri Berisha. Mungesa e deputet\u00ebve dhe kat\u00ebr votat e LSI-s\u00eb kund\u00ebr ligjit t\u00eb SHISH vun\u00eb n\u00eb dyshim serioz votimin ose jo t\u00eb ligjit n\u00eb seanc\u00ebn e djeshme. N\u00eb k\u00ebto kushte, Topalli nisi t\u00eb l\u00ebshoj\u00eb pe kundrejt k\u00ebrkes\u00ebs s\u00eb opozit\u00ebs.<\/p>\n<p><strong>Telefonata<\/strong><\/p>\n<p>Burime t\u00eb &#8220;Shekulli&#8221;-t b\u00ebjn\u00eb me dije se arsyeja e v\u00ebrtet\u00eb e t\u00ebrheqjes s\u00eb mazhoranc\u00ebs nga amendimi i ligjit p\u00ebr SHISH i propozuar nga deputeti Fatos Hoxha ka ardhur si pasoj\u00eb e nd\u00ebrhyrjes s\u00eb faktorit nd\u00ebrkomb\u00ebtar. Ka qen\u00eb kreu i NATO-s, Rasmussen, ai q\u00eb i ka telefonuar kryeministrit Berisha dhe i ka k\u00ebrkuar t\u00ebrheqjen e k\u00ebtij ligji. Kjo \u00ebsht\u00eb nd\u00ebrhyrja e dyt\u00eb e nd\u00ebrkomb\u00ebtar\u00ebve, t\u00eb cil\u00ebt i k\u00ebrkojn\u00eb mazhoranc\u00ebs q\u00eb t\u00eb mos ndryshoj\u00eb ligjin ekzistues p\u00ebr SHISH.<\/p>\n<p><strong>T\u00ebrheqja<\/strong><\/p>\n<p>P\u00ebr t\u00eb mos b\u00ebr\u00eb nj\u00eb t\u00ebrheqje n\u00eb sall\u00ebn e Kuvendit, mazhoranca vendosi nd\u00ebrprerjen e seanc\u00ebs plenare dhe mbledhjen e shpejt\u00eb t\u00eb Komisionit Parlamentar t\u00eb Siguris\u00eb. N\u00eb k\u00ebt\u00eb mbledhje, p\u00ebrve\u00e7 votave kund\u00ebr t\u00eb opozit\u00ebs, dhan\u00eb vot\u00ebn kund\u00ebr edhe deputet\u00ebt e djatht\u00eb, Leonard Demi, Paulin Sterkaj dhe Gazmend Oketa. Pas k\u00ebsaj, kryeparlamentarja Topalli deklaroi se &#8220;plot\u00ebson&#8221; k\u00ebrkes\u00ebn e opozit\u00ebs dhe i jep asaj 24 or\u00eb koh\u00eb p\u00ebr t&#8217;u njohur me ligjin e ri t\u00eb SHISH.<\/p>\n","protected":false},"excerpt":{"rendered":"<p>Shekulli Online, 13.08.2010 N\u00eb k\u00ebt\u00eb intervist\u00eb p\u00ebr emisionin &#8220;Top Story&#8221;, t\u00eb cil\u00ebn po e risjellim p\u00ebr lexuesin e Shekullit me shkurtime, ambasadori amerikan n\u00eb Tiran\u00eb, Uidhers, flet mbi arsyet e kund\u00ebrshtimit t\u00eb projektligjit t\u00eb SHISH-it, p\u00ebrplasjet me nj\u00eb pjes\u00eb t\u00eb politik\u00ebs s\u00eb Tiran\u00ebs, duke theksuar vazhdimisht q\u00eb ai flet n\u00eb em\u00ebr t\u00eb qeveris\u00eb s\u00eb SHBA [&hellip;]<\/p>\n","protected":false},"author":1,"featured_media":0,"comment_status":"open","ping_status":"closed","sticky":false,"template":"","format":"standard","meta":{"footnotes":""},"categories":[2,4],"tags":[],"class_list":{"0":"post-3712","1":"post","2":"type-post","3":"status-publish","4":"format-standard","6":"category-artikuj","7":"category-intervista"},"yoast_head":"<!-- This site is optimized with the Yoast SEO plugin v27.4 - https:\/\/yoast.com\/product\/yoast-seo-wordpress\/ -->\n<title>Uidhers: SHISH, Berisha shkeli marr\u00ebveshjen 3 vje\u00e7are me NATO-n - FjALA e LIR\u00cb - Arkivi<\/title>\n<meta name=\"robots\" content=\"index, follow, max-snippet:-1, max-image-preview:large, max-video-preview:-1\" \/>\n<link rel=\"canonical\" href=\"https:\/\/fjala.info\/2009-2015\/uidhers-shish-berisha-shkeli-marreveshjen-3-vjecare-me-nato-n\/\" \/>\n<meta property=\"og:locale\" content=\"sq_AL\" \/>\n<meta property=\"og:type\" content=\"article\" \/>\n<meta property=\"og:title\" content=\"Uidhers: SHISH, Berisha shkeli marr\u00ebveshjen 3 vje\u00e7are me NATO-n - FjALA e LIR\u00cb - Arkivi\" \/>\n<meta property=\"og:description\" content=\"Shekulli Online, 13.08.2010 N\u00eb k\u00ebt\u00eb intervist\u00eb p\u00ebr emisionin &#8220;Top Story&#8221;, t\u00eb cil\u00ebn po e risjellim p\u00ebr lexuesin e Shekullit me shkurtime, ambasadori amerikan n\u00eb Tiran\u00eb, Uidhers, flet mbi arsyet e kund\u00ebrshtimit t\u00eb projektligjit t\u00eb SHISH-it, p\u00ebrplasjet me nj\u00eb pjes\u00eb t\u00eb politik\u00ebs s\u00eb Tiran\u00ebs, duke theksuar vazhdimisht q\u00eb ai flet n\u00eb em\u00ebr t\u00eb qeveris\u00eb s\u00eb SHBA [&hellip;]\" \/>\n<meta property=\"og:url\" content=\"https:\/\/fjala.info\/2009-2015\/uidhers-shish-berisha-shkeli-marreveshjen-3-vjecare-me-nato-n\/\" \/>\n<meta property=\"og:site_name\" content=\"FjALA e LIR\u00cb - Arkivi\" \/>\n<meta property=\"article:published_time\" content=\"2010-08-13T08:28:44+00:00\" \/>\n<meta property=\"og:image\" content=\"http:\/\/fjala.shkoder.net\/wp-content\/uploads\/2010\/08\/withers_berisha1-300x168.jpg\" \/>\n<meta name=\"author\" content=\"admin\" \/>\n<meta name=\"twitter:card\" content=\"summary_large_image\" \/>\n<meta name=\"twitter:label1\" content=\"Written by\" \/>\n\t<meta name=\"twitter:data1\" content=\"admin\" \/>\n\t<meta name=\"twitter:label2\" content=\"Est. reading time\" \/>\n\t<meta name=\"twitter:data2\" content=\"24 minutes\" \/>\n<script type=\"application\/ld+json\" class=\"yoast-schema-graph\">{\"@context\":\"https:\\\/\\\/schema.org\",\"@graph\":[{\"@type\":\"Article\",\"@id\":\"https:\\\/\\\/fjala.info\\\/2009-2015\\\/uidhers-shish-berisha-shkeli-marreveshjen-3-vjecare-me-nato-n\\\/#article\",\"isPartOf\":{\"@id\":\"https:\\\/\\\/fjala.info\\\/2009-2015\\\/uidhers-shish-berisha-shkeli-marreveshjen-3-vjecare-me-nato-n\\\/\"},\"author\":{\"name\":\"admin\",\"@id\":\"https:\\\/\\\/fjala.info\\\/2009-2015\\\/#\\\/schema\\\/person\\\/3aa1163ef05469c496fc94e77611ada2\"},\"headline\":\"Uidhers: SHISH, Berisha shkeli marr\u00ebveshjen 3 vje\u00e7are me NATO-n\",\"datePublished\":\"2010-08-13T08:28:44+00:00\",\"mainEntityOfPage\":{\"@id\":\"https:\\\/\\\/fjala.info\\\/2009-2015\\\/uidhers-shish-berisha-shkeli-marreveshjen-3-vjecare-me-nato-n\\\/\"},\"wordCount\":4854,\"commentCount\":0,\"publisher\":{\"@id\":\"https:\\\/\\\/fjala.info\\\/2009-2015\\\/#organization\"},\"image\":{\"@id\":\"https:\\\/\\\/fjala.info\\\/2009-2015\\\/uidhers-shish-berisha-shkeli-marreveshjen-3-vjecare-me-nato-n\\\/#primaryimage\"},\"thumbnailUrl\":\"http:\\\/\\\/fjala.shkoder.net\\\/wp-content\\\/uploads\\\/2010\\\/08\\\/withers_berisha1-300x168.jpg\",\"articleSection\":[\"Artikuj\",\"Intervista\"],\"inLanguage\":\"sq-AL\",\"potentialAction\":[{\"@type\":\"CommentAction\",\"name\":\"Comment\",\"target\":[\"https:\\\/\\\/fjala.info\\\/2009-2015\\\/uidhers-shish-berisha-shkeli-marreveshjen-3-vjecare-me-nato-n\\\/#respond\"]}]},{\"@type\":\"WebPage\",\"@id\":\"https:\\\/\\\/fjala.info\\\/2009-2015\\\/uidhers-shish-berisha-shkeli-marreveshjen-3-vjecare-me-nato-n\\\/\",\"url\":\"https:\\\/\\\/fjala.info\\\/2009-2015\\\/uidhers-shish-berisha-shkeli-marreveshjen-3-vjecare-me-nato-n\\\/\",\"name\":\"Uidhers: SHISH, Berisha shkeli marr\u00ebveshjen 3 vje\u00e7are me NATO-n - FjALA e LIR\u00cb - Arkivi\",\"isPartOf\":{\"@id\":\"https:\\\/\\\/fjala.info\\\/2009-2015\\\/#website\"},\"primaryImageOfPage\":{\"@id\":\"https:\\\/\\\/fjala.info\\\/2009-2015\\\/uidhers-shish-berisha-shkeli-marreveshjen-3-vjecare-me-nato-n\\\/#primaryimage\"},\"image\":{\"@id\":\"https:\\\/\\\/fjala.info\\\/2009-2015\\\/uidhers-shish-berisha-shkeli-marreveshjen-3-vjecare-me-nato-n\\\/#primaryimage\"},\"thumbnailUrl\":\"http:\\\/\\\/fjala.shkoder.net\\\/wp-content\\\/uploads\\\/2010\\\/08\\\/withers_berisha1-300x168.jpg\",\"datePublished\":\"2010-08-13T08:28:44+00:00\",\"breadcrumb\":{\"@id\":\"https:\\\/\\\/fjala.info\\\/2009-2015\\\/uidhers-shish-berisha-shkeli-marreveshjen-3-vjecare-me-nato-n\\\/#breadcrumb\"},\"inLanguage\":\"sq-AL\",\"potentialAction\":[{\"@type\":\"ReadAction\",\"target\":[\"https:\\\/\\\/fjala.info\\\/2009-2015\\\/uidhers-shish-berisha-shkeli-marreveshjen-3-vjecare-me-nato-n\\\/\"]}]},{\"@type\":\"ImageObject\",\"inLanguage\":\"sq-AL\",\"@id\":\"https:\\\/\\\/fjala.info\\\/2009-2015\\\/uidhers-shish-berisha-shkeli-marreveshjen-3-vjecare-me-nato-n\\\/#primaryimage\",\"url\":\"http:\\\/\\\/fjala.shkoder.net\\\/wp-content\\\/uploads\\\/2010\\\/08\\\/withers_berisha1-300x168.jpg\",\"contentUrl\":\"http:\\\/\\\/fjala.shkoder.net\\\/wp-content\\\/uploads\\\/2010\\\/08\\\/withers_berisha1-300x168.jpg\"},{\"@type\":\"BreadcrumbList\",\"@id\":\"https:\\\/\\\/fjala.info\\\/2009-2015\\\/uidhers-shish-berisha-shkeli-marreveshjen-3-vjecare-me-nato-n\\\/#breadcrumb\",\"itemListElement\":[{\"@type\":\"ListItem\",\"position\":1,\"name\":\"Home\",\"item\":\"https:\\\/\\\/fjala.info\\\/2009-2015\\\/\"},{\"@type\":\"ListItem\",\"position\":2,\"name\":\"Uidhers: SHISH, Berisha shkeli marr\u00ebveshjen 3 vje\u00e7are me NATO-n\"}]},{\"@type\":\"WebSite\",\"@id\":\"https:\\\/\\\/fjala.info\\\/2009-2015\\\/#website\",\"url\":\"https:\\\/\\\/fjala.info\\\/2009-2015\\\/\",\"name\":\"FjALA e LIR\u00cb - Arkivi\",\"description\":\"Arkivi 2009-2015\",\"publisher\":{\"@id\":\"https:\\\/\\\/fjala.info\\\/2009-2015\\\/#organization\"},\"potentialAction\":[{\"@type\":\"SearchAction\",\"target\":{\"@type\":\"EntryPoint\",\"urlTemplate\":\"https:\\\/\\\/fjala.info\\\/2009-2015\\\/?s={search_term_string}\"},\"query-input\":{\"@type\":\"PropertyValueSpecification\",\"valueRequired\":true,\"valueName\":\"search_term_string\"}}],\"inLanguage\":\"sq-AL\"},{\"@type\":\"Organization\",\"@id\":\"https:\\\/\\\/fjala.info\\\/2009-2015\\\/#organization\",\"name\":\"FjALA e LIR\u00cb - Arkivi\",\"url\":\"https:\\\/\\\/fjala.info\\\/2009-2015\\\/\",\"logo\":{\"@type\":\"ImageObject\",\"inLanguage\":\"sq-AL\",\"@id\":\"https:\\\/\\\/fjala.info\\\/2009-2015\\\/#\\\/schema\\\/logo\\\/image\\\/\",\"url\":\"\",\"contentUrl\":\"\",\"caption\":\"FjALA e LIR\u00cb - Arkivi\"},\"image\":{\"@id\":\"https:\\\/\\\/fjala.info\\\/2009-2015\\\/#\\\/schema\\\/logo\\\/image\\\/\"}},{\"@type\":\"Person\",\"@id\":\"https:\\\/\\\/fjala.info\\\/2009-2015\\\/#\\\/schema\\\/person\\\/3aa1163ef05469c496fc94e77611ada2\",\"name\":\"admin\",\"image\":{\"@type\":\"ImageObject\",\"inLanguage\":\"sq-AL\",\"@id\":\"https:\\\/\\\/fjala.info\\\/2009-2015\\\/wp-content\\\/uploads\\\/2012\\\/02\\\/arben_cokaj-120x150.jpg\",\"url\":\"https:\\\/\\\/fjala.info\\\/2009-2015\\\/wp-content\\\/uploads\\\/2012\\\/02\\\/arben_cokaj-120x150.jpg\",\"contentUrl\":\"https:\\\/\\\/fjala.info\\\/2009-2015\\\/wp-content\\\/uploads\\\/2012\\\/02\\\/arben_cokaj-120x150.jpg\",\"caption\":\"admin\"},\"description\":\"Admin, Fjala e Lir\u00eb\",\"sameAs\":[\"https:\\\/\\\/fjala.info\\\/\"],\"url\":\"https:\\\/\\\/fjala.info\\\/2009-2015\\\/author\\\/admin\\\/\"}]}<\/script>\n<!-- \/ Yoast SEO plugin. -->","yoast_head_json":{"title":"Uidhers: SHISH, Berisha shkeli marr\u00ebveshjen 3 vje\u00e7are me NATO-n - FjALA e LIR\u00cb - Arkivi","robots":{"index":"index","follow":"follow","max-snippet":"max-snippet:-1","max-image-preview":"max-image-preview:large","max-video-preview":"max-video-preview:-1"},"canonical":"https:\/\/fjala.info\/2009-2015\/uidhers-shish-berisha-shkeli-marreveshjen-3-vjecare-me-nato-n\/","og_locale":"sq_AL","og_type":"article","og_title":"Uidhers: SHISH, Berisha shkeli marr\u00ebveshjen 3 vje\u00e7are me NATO-n - FjALA e LIR\u00cb - Arkivi","og_description":"Shekulli Online, 13.08.2010 N\u00eb k\u00ebt\u00eb intervist\u00eb p\u00ebr emisionin &#8220;Top Story&#8221;, t\u00eb cil\u00ebn po e risjellim p\u00ebr lexuesin e Shekullit me shkurtime, ambasadori amerikan n\u00eb Tiran\u00eb, Uidhers, flet mbi arsyet e kund\u00ebrshtimit t\u00eb projektligjit t\u00eb SHISH-it, p\u00ebrplasjet me nj\u00eb pjes\u00eb t\u00eb politik\u00ebs s\u00eb Tiran\u00ebs, duke theksuar vazhdimisht q\u00eb ai flet n\u00eb em\u00ebr t\u00eb qeveris\u00eb s\u00eb SHBA [&hellip;]","og_url":"https:\/\/fjala.info\/2009-2015\/uidhers-shish-berisha-shkeli-marreveshjen-3-vjecare-me-nato-n\/","og_site_name":"FjALA e LIR\u00cb - Arkivi","article_published_time":"2010-08-13T08:28:44+00:00","og_image":[{"url":"http:\/\/fjala.shkoder.net\/wp-content\/uploads\/2010\/08\/withers_berisha1-300x168.jpg","type":"","width":"","height":""}],"author":"admin","twitter_card":"summary_large_image","twitter_misc":{"Written by":"admin","Est. reading time":"24 minutes"},"schema":{"@context":"https:\/\/schema.org","@graph":[{"@type":"Article","@id":"https:\/\/fjala.info\/2009-2015\/uidhers-shish-berisha-shkeli-marreveshjen-3-vjecare-me-nato-n\/#article","isPartOf":{"@id":"https:\/\/fjala.info\/2009-2015\/uidhers-shish-berisha-shkeli-marreveshjen-3-vjecare-me-nato-n\/"},"author":{"name":"admin","@id":"https:\/\/fjala.info\/2009-2015\/#\/schema\/person\/3aa1163ef05469c496fc94e77611ada2"},"headline":"Uidhers: SHISH, Berisha shkeli marr\u00ebveshjen 3 vje\u00e7are me NATO-n","datePublished":"2010-08-13T08:28:44+00:00","mainEntityOfPage":{"@id":"https:\/\/fjala.info\/2009-2015\/uidhers-shish-berisha-shkeli-marreveshjen-3-vjecare-me-nato-n\/"},"wordCount":4854,"commentCount":0,"publisher":{"@id":"https:\/\/fjala.info\/2009-2015\/#organization"},"image":{"@id":"https:\/\/fjala.info\/2009-2015\/uidhers-shish-berisha-shkeli-marreveshjen-3-vjecare-me-nato-n\/#primaryimage"},"thumbnailUrl":"http:\/\/fjala.shkoder.net\/wp-content\/uploads\/2010\/08\/withers_berisha1-300x168.jpg","articleSection":["Artikuj","Intervista"],"inLanguage":"sq-AL","potentialAction":[{"@type":"CommentAction","name":"Comment","target":["https:\/\/fjala.info\/2009-2015\/uidhers-shish-berisha-shkeli-marreveshjen-3-vjecare-me-nato-n\/#respond"]}]},{"@type":"WebPage","@id":"https:\/\/fjala.info\/2009-2015\/uidhers-shish-berisha-shkeli-marreveshjen-3-vjecare-me-nato-n\/","url":"https:\/\/fjala.info\/2009-2015\/uidhers-shish-berisha-shkeli-marreveshjen-3-vjecare-me-nato-n\/","name":"Uidhers: SHISH, Berisha shkeli marr\u00ebveshjen 3 vje\u00e7are me NATO-n - FjALA e LIR\u00cb - Arkivi","isPartOf":{"@id":"https:\/\/fjala.info\/2009-2015\/#website"},"primaryImageOfPage":{"@id":"https:\/\/fjala.info\/2009-2015\/uidhers-shish-berisha-shkeli-marreveshjen-3-vjecare-me-nato-n\/#primaryimage"},"image":{"@id":"https:\/\/fjala.info\/2009-2015\/uidhers-shish-berisha-shkeli-marreveshjen-3-vjecare-me-nato-n\/#primaryimage"},"thumbnailUrl":"http:\/\/fjala.shkoder.net\/wp-content\/uploads\/2010\/08\/withers_berisha1-300x168.jpg","datePublished":"2010-08-13T08:28:44+00:00","breadcrumb":{"@id":"https:\/\/fjala.info\/2009-2015\/uidhers-shish-berisha-shkeli-marreveshjen-3-vjecare-me-nato-n\/#breadcrumb"},"inLanguage":"sq-AL","potentialAction":[{"@type":"ReadAction","target":["https:\/\/fjala.info\/2009-2015\/uidhers-shish-berisha-shkeli-marreveshjen-3-vjecare-me-nato-n\/"]}]},{"@type":"ImageObject","inLanguage":"sq-AL","@id":"https:\/\/fjala.info\/2009-2015\/uidhers-shish-berisha-shkeli-marreveshjen-3-vjecare-me-nato-n\/#primaryimage","url":"http:\/\/fjala.shkoder.net\/wp-content\/uploads\/2010\/08\/withers_berisha1-300x168.jpg","contentUrl":"http:\/\/fjala.shkoder.net\/wp-content\/uploads\/2010\/08\/withers_berisha1-300x168.jpg"},{"@type":"BreadcrumbList","@id":"https:\/\/fjala.info\/2009-2015\/uidhers-shish-berisha-shkeli-marreveshjen-3-vjecare-me-nato-n\/#breadcrumb","itemListElement":[{"@type":"ListItem","position":1,"name":"Home","item":"https:\/\/fjala.info\/2009-2015\/"},{"@type":"ListItem","position":2,"name":"Uidhers: SHISH, Berisha shkeli marr\u00ebveshjen 3 vje\u00e7are me NATO-n"}]},{"@type":"WebSite","@id":"https:\/\/fjala.info\/2009-2015\/#website","url":"https:\/\/fjala.info\/2009-2015\/","name":"FjALA e LIR\u00cb - Arkivi","description":"Arkivi 2009-2015","publisher":{"@id":"https:\/\/fjala.info\/2009-2015\/#organization"},"potentialAction":[{"@type":"SearchAction","target":{"@type":"EntryPoint","urlTemplate":"https:\/\/fjala.info\/2009-2015\/?s={search_term_string}"},"query-input":{"@type":"PropertyValueSpecification","valueRequired":true,"valueName":"search_term_string"}}],"inLanguage":"sq-AL"},{"@type":"Organization","@id":"https:\/\/fjala.info\/2009-2015\/#organization","name":"FjALA e LIR\u00cb - Arkivi","url":"https:\/\/fjala.info\/2009-2015\/","logo":{"@type":"ImageObject","inLanguage":"sq-AL","@id":"https:\/\/fjala.info\/2009-2015\/#\/schema\/logo\/image\/","url":"","contentUrl":"","caption":"FjALA e LIR\u00cb - Arkivi"},"image":{"@id":"https:\/\/fjala.info\/2009-2015\/#\/schema\/logo\/image\/"}},{"@type":"Person","@id":"https:\/\/fjala.info\/2009-2015\/#\/schema\/person\/3aa1163ef05469c496fc94e77611ada2","name":"admin","image":{"@type":"ImageObject","inLanguage":"sq-AL","@id":"https:\/\/fjala.info\/2009-2015\/wp-content\/uploads\/2012\/02\/arben_cokaj-120x150.jpg","url":"https:\/\/fjala.info\/2009-2015\/wp-content\/uploads\/2012\/02\/arben_cokaj-120x150.jpg","contentUrl":"https:\/\/fjala.info\/2009-2015\/wp-content\/uploads\/2012\/02\/arben_cokaj-120x150.jpg","caption":"admin"},"description":"Admin, Fjala e Lir\u00eb","sameAs":["https:\/\/fjala.info\/"],"url":"https:\/\/fjala.info\/2009-2015\/author\/admin\/"}]}},"_links":{"self":[{"href":"https:\/\/fjala.info\/2009-2015\/wp-json\/wp\/v2\/posts\/3712","targetHints":{"allow":["GET"]}}],"collection":[{"href":"https:\/\/fjala.info\/2009-2015\/wp-json\/wp\/v2\/posts"}],"about":[{"href":"https:\/\/fjala.info\/2009-2015\/wp-json\/wp\/v2\/types\/post"}],"author":[{"embeddable":true,"href":"https:\/\/fjala.info\/2009-2015\/wp-json\/wp\/v2\/users\/1"}],"replies":[{"embeddable":true,"href":"https:\/\/fjala.info\/2009-2015\/wp-json\/wp\/v2\/comments?post=3712"}],"version-history":[{"count":0,"href":"https:\/\/fjala.info\/2009-2015\/wp-json\/wp\/v2\/posts\/3712\/revisions"}],"wp:attachment":[{"href":"https:\/\/fjala.info\/2009-2015\/wp-json\/wp\/v2\/media?parent=3712"}],"wp:term":[{"taxonomy":"category","embeddable":true,"href":"https:\/\/fjala.info\/2009-2015\/wp-json\/wp\/v2\/categories?post=3712"},{"taxonomy":"post_tag","embeddable":true,"href":"https:\/\/fjala.info\/2009-2015\/wp-json\/wp\/v2\/tags?post=3712"}],"curies":[{"name":"wp","href":"https:\/\/api.w.org\/{rel}","templated":true}]}}