{"id":3709,"date":"2010-08-13T09:09:22","date_gmt":"2010-08-13T08:09:22","guid":{"rendered":"http:\/\/fjala.shkoder.net\/?p=3709"},"modified":"2010-08-13T09:09:22","modified_gmt":"2010-08-13T08:09:22","slug":"sumerianet-djepi-i-vertete-i-kultures-boterore","status":"publish","type":"post","link":"https:\/\/fjala.info\/2009-2015\/sumerianet-djepi-i-vertete-i-kultures-boterore\/","title":{"rendered":"Sumerian\u00ebt &#8211; djepi i v\u00ebrtet\u00eb i kultur\u00ebs bot\u00ebrore"},"content":{"rendered":"<p><strong>Gjuha e tyre &#8211; shqipja<\/strong><\/p>\n<p><em><strong>N\u00eb fillim sumerian\u00eb, pastaj pellazg\u00eb\/pelarg\u00eb, m\u00eb pas ilir\u00eb e arb\u00ebr, e sot shqiptar\u00eb<\/strong><\/em><\/p>\n<p>N\u00eb librat e shkoll\u00ebs 8-vje\u00e7are apo t\u00eb mesme kemi m\u00ebsuar se Lajbnici, matematikani e filozofi gjerman i shekullit t\u00eb 17-t\u00eb, ishte nj\u00ebkoh\u00ebsisht edhe albanolog i madh. Ndokush pyeste se \u00e7lidhje ka albanologjia me matematik\u00ebn, por nuk gjente p\u00ebrgjigje n\u00eb ato libra. Asnj\u00ebher\u00eb nuk \u00ebsht\u00eb p\u00ebrmendur th\u00ebnia e tij se \u201cn\u00ebse doni t\u00eb zbuloni historin\u00eb para Krishtit dhe shkencat e asaj kohe, duhet t\u00eb studioni gjuh\u00ebn shqipe\u201d. <\/p>\n<p>Dhe i madhi profesor Eqrem \u00c7abej thot\u00eb se \u201chistoria e gjuh\u00ebs \u00ebsht\u00eb historia e popullit q\u00eb e flet\u201d. Sa pak histori e kombit dhe sa e cunguar i \u00ebsht\u00eb servirur ajo brezit ton\u00eb! Krenaria komb\u00ebtare, identiteti komb\u00ebtar apo patriotizmi k\u00ebrkon nj\u00eb mb\u00ebshtetje t\u00eb fuqishme e reale, p\u00ebrndryshe ajo nuk mund t\u00eb jet\u00eb nj\u00eb shtys\u00eb drejt p\u00ebrparimit komb\u00ebtar, por kthehet n\u00eb parull\u00eb pa vler\u00eb. Krenaria komb\u00ebtare \u00ebsht\u00eb baza m\u00eb e thell\u00eb morale e njeriut, stimuli moral m\u00eb i natyrsh\u00ebm n\u00eb gjith\u00eb aktivitetin e tij. <\/p>\n<p>Formimi i personalitetit t\u00eb \u00e7donj\u00ebrit prej nesh bazohet n\u00eb radh\u00eb t\u00eb par\u00eb n\u00eb respektin ndaj vetes dhe kombit, prandaj njohja e historis\u00eb s\u00eb kombit \u00ebsht\u00eb elementi fillestar i kultur\u00ebs. Vini re k\u00ebtu v\u00ebmendjen e fqinj\u00ebve tan\u00eb dhe luft\u00ebn e tyre p\u00ebr problemet e identitetit si dhe agresivitetin n\u00eb rritje kund\u00ebr identitetit shqiptar. Ne shqiptar\u00ebt duhet t\u00eb m\u00ebsojm\u00eb nga fqinj\u00ebt nj\u00eb gj\u00eb: presioni \u00ebsht\u00eb art m\u00eb vete dhe, si i till\u00eb, duhet patjet\u00ebr t\u00eb p\u00ebrdoret vazhdimisht, e sidomos kur raporti i forcave nuk \u00ebsht\u00eb n\u00eb an\u00ebn ton\u00eb. <\/p>\n<p>P\u00ebr k\u00ebto arsye, identitetit ton\u00eb komb\u00ebtar duhet ti hiqet mbulesa e r\u00ebnd\u00eb mij\u00ebravje\u00e7are e mosdijes dhe e harres\u00ebs dhe media e shkruar dhe ajo vizive duhet tu b\u00ebjn\u00eb nj\u00eb reklam\u00eb t\u00eb madhe studimeve dhe zbulimeve t\u00eb fundit apo t\u00eb m\u00ebparshme p\u00ebr gjuh\u00ebn shqipe dhe identitetin ton\u00eb komb\u00ebtar. <\/p>\n<p>Gjithashtu historian\u00ebt e gjuh\u00ebtar\u00ebt tan\u00eb duhet t\u00eb jen\u00eb shum\u00eb m\u00eb aktiv\u00eb sot. GJUHA \u00ebsht\u00eb themeli i kombit, ajo q\u00eb na b\u00ebn t\u00eb ve\u00e7ant\u00eb nga t\u00eb tjer\u00ebt. Ne shqiptar\u00ebt krenohemi mjaft me Heroin ton\u00eb Komb\u00ebtar Sk\u00ebnderbeun, si pjes\u00eb madhore e mozaikut ton\u00eb t\u00eb identitetit, q\u00eb shpesh p\u00ebrpiqen t\u00eb na e vjedhin, sidomos tia ulin vlerat. Megjithat\u00eb, duhet pasur parasysh se Sk\u00ebnderbeu i p\u00ebrket nj\u00eb periudhe mjaft m\u00eb t\u00eb vonshme kohore sesa zanafilla e kombit ton\u00eb, e cila shtrihet n\u00eb mij\u00ebvje\u00e7ar\u00eb. <\/p>\n<p>Pra, aft\u00ebsia konkurruese q\u00eb nevojitet p\u00ebr t\u00eb sh\u00ebrbyer si shtyll\u00eb qendrore e krenaris\u00eb komb\u00ebtare, e identitetit ton\u00eb komb\u00ebtar kufizohet, p\u00ebr arsye se i duhet t\u00eb p\u00ebrballet me identitetin e kombeve t\u00eb tjera, q\u00eb jan\u00eb bazuar p\u00ebrgjith\u00ebsisht n\u00eb periudha kohore mjaft m\u00eb t\u00eb hershme dhe n\u00eb vazhdim\u00ebsi. <\/p>\n<p>N\u00eb m\u00ebnyr\u00eb q\u00eb krenaria komb\u00ebtare t\u00eb ulet k\u00ebmb\u00ebkryq n\u00eb subkoshienc\u00ebn ton\u00eb p\u00ebr t\u00eb na dh\u00ebn\u00eb qet\u00ebsin\u00eb, forc\u00ebn dhe stimulin e pakrahasuesh\u00ebm dhe aq t\u00eb nevojsh\u00ebm sot, na duhet t\u00eb bazohemi n\u00eb nj\u00eb shtyll\u00eb mjaft m\u00eb t\u00eb vjet\u00ebr n\u00eb koh\u00eb, rreth s\u00eb cil\u00ebs t\u00eb mund t\u00eb mblidhet e t\u00eb q\u00ebndroj\u00eb fort i gjith\u00eb mozaiku gjigant i historis\u00eb son\u00eb, i identitetit ton\u00eb komb\u00ebtar. Historia \u00ebsht\u00eb politik\u00eb, krenari dhe unitet, forc\u00eb shtyt\u00ebse e kombit. <\/p>\n<p>Prandaj \u00e7do shtet dhe \u00e7do klas\u00eb politike duhet t\u00eb investoj\u00eb m\u00eb shum\u00eb p\u00ebr zbulimin e saj. Dikush thot\u00eb: \u201c\u00c7na duhet historia?!\u201d Le t\u00eb shohim Amerik\u00ebn, q\u00eb me pak histori, vet\u00ebm 200 vjet, ka arritur majat, dhe t\u00eb ecim p\u00ebrpara pa u interesuar p\u00ebr historin\u00eb. Por nj\u00ebkoh\u00ebsisht ata thon\u00eb edhe se nuk ka dokumente historike n\u00eb shqip, se ne nuk paskemi as histori, as heronj, pra jemi kot! Por t\u00eb gjith\u00eb e kuptojm\u00eb se, kur mendon se je kot, vet\u00ebm demoralizohesh e nuk shkon p\u00ebrpara. <\/p>\n<p>Arrijn\u00eb deri aty sa qes\u00ebndisin paturp\u00ebsisht shqiptarizm\u00ebn!! \u201cDo t\u00eb hyjm\u00eb n\u00eb Evrop\u00eb\u201d, &#8211; thon\u00eb. Por aty duhet hyr\u00eb me dinjitet e identitet, jo nga dera e pasme. Gjithashtu duhet t\u00eb kuptojm\u00eb se p\u00ebr shkak t\u00eb ndarjes s\u00eb kufijve q\u00eb kemi sot ne shqiptar\u00ebt kemi ndjesi e koncepte m\u00eb t\u00eb ngushta apo m\u00eb t\u00eb ul\u00ebta p\u00ebr veten, krahasuar me ato t\u00eb shekullit t\u00eb 19-t\u00eb e m\u00eb par\u00eb. Ndarja jo e favorshme e kufijve si\u00e7 jan\u00eb deri sot solli nevoj\u00ebn p\u00ebr korrigjimin, n\u00eb fakt d\u00ebmtimin e vet\u00ebdijes son\u00eb komb\u00ebtare. <\/p>\n<p>Pse na pranon me v\u00ebshtir\u00ebsi Evropa, vet\u00ebm p\u00ebr nivelin e sot\u00ebm, apo sepse ajo dhe ne vet\u00eb nuk e njohim prejardhjen ton\u00eb, historin\u00eb dhe zanafill\u00ebn ton\u00eb, me t\u00eb cil\u00ebn t\u00eb prezantohemi n\u00eb Evrop\u00eb? Edhe n\u00eb nj\u00eb prezantim t\u00eb thjesht\u00eb midis njer\u00ebzve t\u00eb panjohur ne k\u00ebrkojm\u00eb t\u00eb dim\u00eb p\u00ebr prejardhjen e personit q\u00eb kemi p\u00ebrball\u00eb. Mosnjohja sjell frik\u00eb dhe pasiguri. E nj\u00ebjta logjik\u00eb vlen p\u00ebr marr\u00ebdh\u00ebniet midis shteteve. E pra, Evropa nuk na pranon, nuk na jep viz\u00eb, n\u00ebse nuk njohim dhe nuk ia tregojm\u00eb asaj historin\u00eb ton\u00eb, elementin fillestar t\u00eb kultur\u00ebs. <\/p>\n<p>Arma jon\u00eb kryesore, shtylla e identitetit ton\u00eb, me t\u00eb cil\u00ebn do t\u00eb p\u00ebrballemi me konkurrent\u00ebt tan\u00eb p\u00ebr t\u00eb rivendosur historin\u00eb, duhet dhe do t\u00eb jet\u00eb ve\u00e7oria baz\u00eb e ekzistenc\u00ebs s\u00eb nj\u00eb kombi, pra GJUHA. Shqipja \u00ebsht\u00eb GJUHA E PAR\u00cb E SHKRUAR N\u00cb BOT\u00cb, \u00ebsht\u00eb GJUHA E FILLIMIT! Po, po, mos kini frik\u00eb, provat jan\u00eb t\u00eb shumta dhe sistematike. Ato gjenden n\u00eb mbi 200 000 \u201clibra\u201d (pllaka me shkrim kuneiform) t\u00eb kultur\u00ebs m\u00eb t\u00eb lasht\u00eb t\u00eb bot\u00ebs &#8211; asaj sumere. Pasardh\u00ebsit akkadian\u00eb e babilonas e kan\u00eb quajtur at\u00eb vend Super (Shumer) apo \u201cShum Er\u00eb\u201d. <\/p>\n<p>Vet\u00eb shumer\u00ebt e quanin KI.E.NGIR, q\u00eb do t\u00eb thot\u00eb \u201ctok\u00eb e ngir\u00eb\u201d, e nginjur, e ngopur, e begat\u00eb. Provat gjenden edhe n\u00eb 3-4 miliard\u00eb kopje t\u00eb Bibl\u00ebs n\u00eb t\u00eb gjith\u00eb bot\u00ebn. Besohet se tregimet biblike, ve\u00e7an\u00ebrisht kapitulli i par\u00eb, zanafilla\/genesis, jan\u00eb me prejardhje nga shkrimet e pllakave sumere si \u201cEposi i krijimit\u201d. Bibla \u00ebsht\u00eb p\u00ebrkthyer n\u00eb mbi 2000 gjuh\u00eb t\u00eb ndryshme, por pjesa e par\u00eb e 39 librave p\u00ebrb\u00ebr\u00ebs t\u00eb &#8220;Dhiat\u00ebs s\u00eb Vjet\u00ebr&#8221;, e quajtur \u201cZanafilla\u201d, paragrafi 6:4, e p\u00ebrmban prov\u00ebn SHQIP me fjal\u00ebt &#8220;n\u00eb fillim&#8221;. <\/p>\n<p>Ajo ka qen\u00eb problem i madh p\u00ebr p\u00ebrkthyesit, t\u00eb cil\u00ebt p\u00ebrfundimisht e kan\u00eb l\u00ebn\u00eb n\u00eb gjuh\u00ebn origjinale dhe k\u00ebshtu shprehja \u201cn\u00eb fillim\u201d \u00ebsht\u00eb nj\u00eb nga provat m\u00eb t\u00eb r\u00ebnd\u00ebsishme p\u00ebr prejardhjen nga gjuha shqipe edhe t\u00eb tregimeve biblike. Nj\u00eb prov\u00eb tjet\u00ebr, p\u00ebrs\u00ebri n\u00eb Bib\u00ebl, \u00ebsht\u00eb fjala \u201cmallkim\u201d, e shkruar si \u201cMalakhim\u201d, n\u00eb \u201cZanafilla\u201d \u2013 18:20, 19:12. Prova m\u00eb e fuqishme p\u00ebr zanafill\u00ebn e identitetit shqiptar \u00ebsht\u00eb e lidhur me popullsin\u00eb e lasht\u00eb sumere e p\u00ebrqendruar midis lumenjve Tiger dhe Eufrat n\u00eb Mesopotami apo Irakun jugor t\u00eb sot\u00ebm. <\/p>\n<p>T\u00eb mbiquajturit sumerian\u00eb jan\u00eb realisht gjeneza apo zanafilla e njer\u00ebzimit, djepi i gjith\u00eb kultur\u00ebs bot\u00ebrore. Shum\u00ebkush e pranon tez\u00ebn se Bibla \u00ebsht\u00eb histori e njer\u00ebzimit dhe ajo thot\u00eb se FILLIMI \u00ebsht\u00eb n\u00eb Mesopotami. Mos jemi ne pasardh\u00ebsit e sumer\u00ebve? Po at\u00ebher\u00eb nuk qenkemi autokton\u00eb? Jo, ne jemi po aq autokton\u00eb sa gjith\u00eb europian\u00ebt. Jemi k\u00ebtu q\u00eb nga periudha prehistorike, q\u00eb nga koha e dyndjeve indoeuropiane, q\u00eb nga koha e shkat\u00ebrrimit t\u00eb Shumerit. <\/p>\n<p>Vini re gjithashtu se nga materialet e shumta figurative, edhe tredimensionale t\u00eb zbuluara e analizuara del se nga pik\u00ebpamja racore sumerian\u00ebt nuk ishin afrikan\u00eb me buz\u00eb t\u00eb trasha, si\u00e7 mund t\u00eb aludoj\u00eb ndokush, por kishin tiparet mesatare t\u00eb rac\u00ebs s\u00eb past\u00ebr shqiptare. N\u00eb hierarkin\u00eb e historis\u00eb antike shumer\u00ebt vendosen p\u00ebrpara akkadian\u00ebve, babilonasve apo egjiptian\u00ebve. Sumer\u00ebt kan\u00eb l\u00ebn\u00eb nj\u00eb trash\u00ebgimi mjaft t\u00eb gjer\u00eb e mjaft t\u00eb pasur n\u00eb t\u00eb gjitha fushat, e shkruar n\u00eb mbi 200 000 \u201cLibra\u201d\/ pllaka me shkrimin n\u00eb form\u00eb kunje ose kuneiform, i gdhendur mbi argjil\u00eb, e cila m\u00eb pas piqej e k\u00ebshtu ka mb\u00ebrritur deri n\u00eb dit\u00ebt tona n\u00eb materialet e shumta arkeologjike q\u00eb gjenden n\u00eb shum\u00eb muze dhe universitete t\u00eb bot\u00ebs. <\/p>\n<p>Gjuha sumeriane \u00ebsht\u00eb gjuha e par\u00eb e shkruar n\u00eb bot\u00eb me shkrimin kuneiform piktografik e m\u00eb pas me kuneiform abstrakt. Sa u p\u00ebrket periudhave kohore ka mendime t\u00eb ndryshme, ku p\u00ebrmenden fillimi n\u00eb vitet 13000 BC pas p\u00ebrmbytjes s\u00eb madhe, ose periudha e quajtur \u201cklasike\u201d midis 5300 deri 2900 BC. Gjuha sumeriane mendohet se u fol deri nga fundi i mij\u00ebvje\u00e7arit t\u00eb tret\u00eb para Krishtit, midis 2300-2100 BC, koh\u00eb kur ka nj\u00eb shk\u00ebputje dhe vendin e saj e z\u00ebn\u00eb perandorit\u00eb akkadiane dhe babilonase. Shkrimi kuneiform u p\u00ebrdor edhe nga akkad\u00ebt e babilonasit dhe gjuha sumeriane besohet se \u00ebsht\u00eb shkruar n\u00eb fjalor\u00ebt e ndrysh\u00ebm deri n\u00eb vitet 200 AD. <\/p>\n<p>Gjat\u00eb mij\u00ebvje\u00e7arit t\u00eb tret\u00eb BC duhet t\u00eb ket\u00eb ndodhur edhe shkat\u00ebrrimi i kultur\u00ebs s\u00eb madhe sumere, ngjarje e cila rezulton e v\u00ebrtetuar nga dy fakte: shkat\u00ebrrimi i qyteteve t\u00eb Sodom dhe Gomorrah sipas Bibl\u00ebs dhe dy dokumentet e gjetura n\u00eb pllakat sumeriane, t\u00eb cilat flasin p\u00ebr shkat\u00ebrrimin e Shumerit: 1) \u201cErra Epic\u201d ose \u201cEposi i Er\u00ebs\u201d (sumerian = \u201cErra\u201d) dhe 2) \u201cLamentation over desolation of Shumer\u201d, -\u201cVajtimi p\u00ebr shkat\u00ebrrimin e Shumerit\u201d. <\/p>\n<p>Nga p\u00ebrkthimi i tyre n\u00eb anglisht kuptohet se aty flitet p\u00ebr nj\u00eb er\u00eb t\u00eb fort\u00eb shkat\u00ebrrimtare dhe vras\u00ebse e s\u00ebmundjesjell\u00ebse, e cila \u00e7oi n\u00eb zhdukjen p\u00ebrfundimtare t\u00eb t\u00eb gjith\u00eb kultur\u00ebs dhe jet\u00ebs n\u00eb Shumer. Ky shkat\u00ebrrim duhet t\u00eb jet\u00eb shoq\u00ebruar edhe me dyndje t\u00eb popullsis\u00eb s\u00eb mbetur gjall\u00eb n\u00eb drejtim t\u00eb veriut e veriper\u00ebndimit. Pranimi si realitet i k\u00ebtij migrimi, i mb\u00ebshtetur edhe n\u00eb gjetjet arkeologjike, konfirmon konceptin e dyndjeve dhe t\u00eb gjuh\u00ebve indoevropiane, ku shqipja b\u00ebn pjes\u00eb si dega e par\u00eb dhe e pavarur e pem\u00ebs IE. <\/p>\n<p>Studiuesi dhe shkrimtari i njohur azerbajxhano-amerikani Zecharia Zit\u00e7in, ka studiuar kapitullin \u201cZanafilla\u201d\/(Genesis) t\u00eb Bibl\u00ebs dhe q\u00eb aty ka kaluar n\u00eb kultur\u00ebn greke, hebraike e deri n\u00eb studimin e shkrimeve sumere, t\u00eb cilat, sipas tij, sh\u00ebrbyen si burim p\u00ebr tregimet Biblike. Nga ana tjet\u00ebr, librat \u201cKronikat e tok\u00ebs\u201d t\u00eb Zit\u00e7init jan\u00eb t\u00eb mbushur plot me shembuj fjal\u00ebsh apo shprehjesh sumeriane, analiza historiko-logjike e t\u00eb cilave tregon se ato zb\u00ebrthehen etimologjikisht ose mund t\u00eb LEXOHEN SHQIP. <\/p>\n<p>Ndryshimet fonologjike midis dy gjuh\u00ebve: shqip dhe sumeriane, jan\u00eb shum\u00eb t\u00eb pakta, shpesh inekzistente. Gjuha sumeriane mendohet se \u00ebsht\u00eb aglutinative ose me fjal\u00eb q\u00eb formohen nga bashkimi i fjal\u00ebve m\u00eb t\u00eb thjeshta, pra nuk pranohet q\u00eb ajo t\u00eb jet\u00eb e lidhur me grupin indoeuropian. <\/p>\n<p>Por?!&#8230; Nga studimi i p\u00ebrkthimeve t\u00eb shkrimeve sumere n\u00eb anglisht rezulton se nga leksiku prej af\u00ebr 700 fjal\u00ebsh, q\u00eb n\u00eb fakt jan\u00eb shprehje dhe fjali, t\u00eb gjuh\u00ebs sumeriane, t\u00eb standartizuara deri m\u00eb sot n\u00eb fjalor\u00ebt sumerian-english, t\u00eb pakt\u00ebn 30-35% zb\u00ebrthehen n\u00eb fjal\u00eb shqip apo lexohen thjesht SHQIP, edhe me shqipen e sotme, kryesisht me dialektet geg\u00eb, por ka raste edhe at\u00eb tosk\u00eb. Ndarja e t\u00eb ashtuquajturave \u201cfjal\u00eb\u201d, n\u00eb fakt shprehje apo fjali sumeriane, n\u00eb fjal\u00eb m\u00eb t\u00eb thjeshta shqipe v\u00ebrteton se gjuha sumeriane \u00ebsht\u00eb aglutinative, por nj\u00ebkoh\u00ebsisht \u00ebsht\u00eb edhe indoevropiane, sepse zb\u00ebrthehet apo \u00ebsht\u00eb e barabart\u00eb me shqipen. <\/p>\n<p>N\u00eb k\u00ebta fjalor\u00eb sumerian-anglisht mund t\u00eb ket\u00eb edhe p\u00ebrzierje me gjuh\u00ebn e m\u00ebvonshme akkadiane e babilonase, duke i konsideruar si vazhdim t\u00eb asaj sumere, kjo sepse akkad\u00ebt dhe babilonasit vazhduan t\u00eb p\u00ebrdorin shkrimin kuneiform. Prezenca e shqipes \u00ebsht\u00eb plot\u00ebsisht e dukshme n\u00eb t\u00eb gjitha pjes\u00ebt e kultur\u00ebs materiale e shpirt\u00ebrore t\u00eb shkruar n\u00eb pllakat shumere, si n\u00eb astronomi e astrologji, n\u00eb toponime dhe emra zotash, gjysm\u00ebzotash, mbret\u00ebrish e prij\u00ebsish, n\u00eb em\u00ebrtime objektesh, pajisjesh, n\u00eb fjal\u00eb t\u00eb p\u00ebrdorimit t\u00eb p\u00ebrditsh\u00ebm, p\u00ebrfshir\u00eb emra, folje, ndajfolje, nyja etj. Pas konsiderimit edhe t\u00eb metodave krahasimore t\u00eb pranuara bot\u00ebrisht, rezulton se gjuha dhe identiteti shqiptar shtrihen dhe e kan\u00eb zanafill\u00ebn n\u00eb Shum.er, n\u00eb kultur\u00ebn m\u00eb t\u00eb vjet\u00ebr t\u00eb bot\u00ebs, midis 13000-2300 vjet BC. Le t\u00eb analizojm\u00eb tani provat e p\u00ebrmendura m\u00eb sip\u00ebr: <\/p>\n<p>1.\u201cNefilim\u201d = \u201cN\u00eb fillim\u201d. Do t\u00eb flasim m\u00eb tep\u00ebr p\u00ebr t\u00eb, sepse dihet se ajo p\u00ebrdoret tep\u00ebr shpesh n\u00eb t\u00eb folurin e p\u00ebrditsh\u00ebm. Vini re se Zecharia Zit\u00e7in e ka p\u00ebrkthyer nga hebraishtja e vjet\u00ebr \u201cNefilim\u201d = \u201cata q\u00eb u rr\u00ebzuan\u201d. N\u00eb fakt, zbulimi \u00ebsht\u00eb b\u00ebr\u00eb jo duke analizuar studimet apo librat e Zit\u00e7in, por duke krahasuar versionet shqip dhe anglisht t\u00eb Bibl\u00ebs t\u00eb botuara n\u00eb vitin 2005 e q\u00eb p\u00ebrputhen edhe me botime t\u00eb tjera t\u00eb saj. Ju lutem lexoni paragrafin p\u00ebrkat\u00ebs t\u00eb Bibl\u00ebs n\u00eb shqip e anglisht si dhe shpjegimin q\u00eb vijon: 5:32 Dhe Noeja u b\u00eb pes\u00ebqind vje\u00e7. Pastaj Noes\u00eb i lindi Semi (Shem), Kami (Ham), dhe Jafeti (Ja pheth).<\/p>\n<p> 6. Tani njer\u00ebzit nis\u00ebn t\u00eb shtoheshin mbi faqen e tok\u00ebs dhe u lind\u00ebn bija. 2. bijt\u00eb e Per\u00ebndis\u00eb (engj\u00ebjt) filluan t\u00eb vinin re q\u00eb bijat e njer\u00ebzve ishin t\u00eb bukura. K\u00ebshtu, nis\u00ebn t\u00eb merrnin p\u00ebr gra t\u00eb gjitha ato q\u00eb zgjodh\u00ebn&#8230;. 4. Nefilim-\u00eb kishte n\u00eb tok\u00eb n\u00eb ato dit\u00eb, madje dhe m\u00eb pas, koh\u00eb kur bijt\u00eb e Per\u00ebndis\u00eb pat\u00ebn marr\u00ebdh\u00ebnie me bijat e njer\u00ebzve dhe ato u lind\u00ebn bij. Ata ishin t\u00eb fuqishmit e koh\u00ebve t\u00eb lashta, (Herkuli etj.), burra me fam\u00eb. I nj\u00ebjti paragraph i Bibl\u00ebs n\u00eb anglisht \u00ebsht\u00eb si vijon: 6.1 Now it came about that when men started to grow in numbers on the surface of the ground and daughters were born to them. 2. then the sons of the God began to notice the daughters of men that they were good-looking; and they went taking wives for themselves, namely, all whom they chose&#8230;. <\/p>\n<p>4. The Nephi-lim proved to be in the earth in those days, and also after that, when the sons of the God continued to have relations with the daughters of men and they bore sons to them, they were the mighty ones who were of old, the men of fame. Tani lexoni me v\u00ebmendje shpjegimin e m\u00ebposht\u00ebm: Dihet se n\u00eb \u00e7do shkrim apo goj\u00ebdhan\u00eb q\u00eb p\u00ebrkthehet n\u00eb nj\u00eb gjuh\u00eb tjet\u00ebr, emrat dhe toponimet, normalisht, nuk ndryshohen nga p\u00ebrkthyesi, mbeten n\u00eb gjuh\u00ebn origjinale. N\u00eb rastin e tregimeve Biblike, p\u00ebr ta kuptuar duhet t\u00eb dim\u00eb se asokohe &#8220;emri&#8221; ishte nj\u00eb fjal\u00eb apo shprehje q\u00eb tregonte cil\u00ebsit\u00eb e personit apo t\u00eb vendit q\u00eb em\u00ebrtonte. <\/p>\n<p>Aty flitet p\u00ebr fillimin e njer\u00ebzimit, koha kur engj\u00ebjt (ndoshta bijt\u00eb e &#8220;vizitor\u00ebve nga kozmosi&#8221;\/ Zotave) p\u00eblqyen grat\u00eb e tok\u00ebs dhe fryti i lidhjes s\u00eb tyre ishin gjigant\u00ebt apo t\u00eb famshmit e koh\u00ebs s\u00eb fillimit. Duke e analizuar me kujdes k\u00ebt\u00eb paragraf t\u00eb Bibl\u00ebs, kuptojm\u00eb se \u201cNefilim\u201d n\u00eb fakt nuk jan\u00eb vet\u00eb gjigant\u00ebt, po nefilim\u00ebt ishin prezent n\u00eb tok\u00eb para e pas koh\u00ebs s\u00eb gjigant\u00ebve. Sipas Z. Zit\u00e7in \u201cNefilim\u201d ishin zotat e par\u00eb q\u00eb erdh\u00ebn n\u00eb planetin Tok\u00eb, ata q\u00eb krijuan njeriun e sot\u00ebm, \u201cHomo Sapiens\u201d, dhe i m\u00ebsuan atij gjith\u00e7ka, ndoshta edhe cil\u00ebsin\u00eb baz\u00eb njer\u00ebzore, t\u00eb folur\u00ebn &#8211; n\u00eb gjuh\u00ebn e tyre. Ndoshta \u201cgjigant\u00ebt\u201d, p\u00ebr ekzistenc\u00ebn e t\u00eb cil\u00ebve ka edhe gjetje t\u00eb fresk\u00ebta arkeologjike n\u00eb Indi, u sh\u00ebrbyen nefilim\u00ebve p\u00ebr nd\u00ebrtimin e piramidave t\u00eb Egjiptit, q\u00eb sot mendohet se jan\u00eb nd\u00ebrtuar rreth 10450 vjet para Krishtit. <\/p>\n<p>P\u00ebrmendim k\u00ebtu se edhe shkrimi egjiptian i vjet\u00ebr duket t\u00eb jet\u00eb bazuar n\u00eb gjuh\u00ebn shqipe, germat egjiptiane jan\u00eb germat e para t\u00eb fjal\u00ebve p\u00ebrkat\u00ebse nga gjuha shqipe. Ato germa jan\u00eb vizatime simbolike t\u00eb objekteve, em\u00ebrtimet e t\u00eb cilave vet\u00ebm n\u00eb shqip e kan\u00eb germ\u00ebn e par\u00eb t\u00eb nj\u00ebjt\u00eb me simbolin\/germ\u00ebn p\u00ebrkat\u00ebse t\u00eb alfabetit egjiptian, si p.sh. germa \u201cD\u201d paraqitet n\u00eb alfabetin egjiptian me nj\u00eb skic\u00eb t\u00eb p\u00ebll\u00ebmb\u00ebs, dor\u00ebs, pra D-dora etj. P\u00ebrfundimisht, rezulton se shprehja &#8220;Nefilim \/ N\u00eb fillim&#8221; lidhet plot\u00ebsisht me brendin\u00eb e paragrafit 6:4 t\u00eb \u201cZanafill\u00ebs\u201d dhe \u00ebsht\u00eb thjesht &#8220;SHQIP&#8221;, shihni fjalorin e gjuh\u00ebs shqipe me rr\u00ebnj\u00ebn \u201cfil\u201d (filiz, fill, filloj, fillim, zanafill\u00eb, etj). <\/p>\n<p>Shpjegimi i m\u00ebsip\u00ebrm \u00ebsht\u00eb shum\u00eb m\u00eb logjik se ai q\u00eb jepet n\u00eb p\u00ebrkthimin shqip nga anglishtja t\u00eb k\u00ebtij paragrafi t\u00eb Bibl\u00ebs, q\u00eb e shpjegon fjal\u00ebn &#8220;Nefilim&#8221;, nga hebraishtja e vjet\u00ebr me fjal\u00ebn &#8220;rr\u00ebzues&#8221;, q\u00eb nuk ka asnj\u00eb lidhje me brendin\u00eb e atij paragrafi dhe as me pjes\u00ebn tjet\u00ebr t\u00eb tregimeve Biblike. Fjala &#8220;n\u00eb fillim&#8221; ka mbetur n\u00eb gjuh\u00ebn origjinale- SHQIPE,- sepse nuk \u00ebsht\u00eb kuptuar lidhja e saj me brendin\u00eb e paragrafit, duke mbetur e pap\u00ebrkthyer. 2. \u201cMalakhim\u201d = Mallkim, &#8211; n\u00eb zanafilla 18:20, 19:12, \u2013 paralajm\u00ebrimi i zotit p\u00ebr shkat\u00ebrrimin e Sodom\u00ebs dhe Gomor\u00ebs. Kjo fjal\u00eb mund t\u00eb jet\u00eb formuar nga dy fjal\u00ebt shqipe \u201cmal\u201d dhe \u201cikim\u201d, duke shpjeguar edhe etimologjin\u00eb e fjal\u00ebs \u201cmallkim\u201d, q\u00eb do t\u00eb thot\u00eb \u201ct\u00eb ik\u00ebsh n\u00eb mal\u201d, larg nga e keqja, dhe dihet se \u201cmal\u201d dhe \u201cik\u201d apo \u201chik\u201d jan\u00eb thjesht shqip. Kjo fjal\u00eb \u00ebsht\u00eb p\u00ebrkthyer n\u00eb versionet e ndryshme t\u00eb Bibl\u00ebs si \u201cparalajm\u00ebrim\u201d. <\/p>\n<p>Zecharia Zit\u00e7in, thot\u00eb se n\u00eb hebraishten e vjet\u00ebr fjala \u201cMalakhim\u201d do t\u00eb thot\u00eb \u201ct\u00eb d\u00ebrguar\u201d (engj\u00ebjt, t\u00eb d\u00ebrguarit e Zotit), por ky kuptim nuk ka lidhje t\u00eb drejtp\u00ebrdrejt\u00eb logjike n\u00eb ata paragraf\u00eb dhe p\u00ebrkthyesit e kan\u00eb z\u00ebvend\u00ebsuar me fjal\u00ebn \u201cparalajm\u00ebrim\u201d dhe e kan\u00eb hequr fare k\u00ebt\u00eb fjal\u00eb n\u00eb mjaft raste. Kuptimi shqip \u201cMallkim\u201d \u00ebsht\u00eb plot\u00ebsisht i lidhur me logjik\u00ebn e ngjarjeve n\u00eb ata paragraf\u00eb dhe shum\u00eb af\u00ebr me kuptimin e fjal\u00ebs \u201cparalajm\u00ebrim\u201d. Etimologjia \u201cmal ikim\u201d e fjal\u00ebs \u201cmallkim\u201d na vjen n\u00eb ndihm\u00eb p\u00ebr v\u00ebrtetimin e shp\u00ebrnguljes s\u00eb sumereve \u201clarg nga e keqja\u201d drejt zonave m\u00eb t\u00eb sigurta e t\u00eb mbrojtura malore, dhe nj\u00ebkoh\u00ebsisht konfirmon tez\u00ebn e dyndjeve Indo-Europiane. N\u00eb k\u00ebt\u00eb logjik\u00eb mund t\u00eb konfirmohet se etimologjia e emrit \u201cPellazg\u201d vjen nga \u201cPe Larg\u201d. <\/p>\n<p>Pe-Larg\u00ebt ishin popullsia paraiilire q\u00eb erdhi nga vendi i shumer\u00ebve rreth mesit t\u00eb mij\u00ebvje\u00e7arit t\u00eb tret\u00eb BC, pas shkat\u00ebrrimit t\u00eb kultur\u00ebs shumere. Arrijm\u00eb k\u00ebshtu n\u00eb vargun plot muzikalitet: Nephilim\/N\u00eb fillim sumerian\u00eb, pastaj pelazg\u00eb\/pelarg\u00eb, m\u00eb pas ilir\u00eb e arb\u00ebr, e sot SHQIPTAR\u00cb 3. Etimologji e disa fjal\u00ebve e shprehjeve shumere, ku jan\u00eb zgjedhur ato m\u00eb t\u00eb kuptueshmet dhe nga fusha t\u00eb ndryshme t\u00eb kultur\u00ebs. Leksiku i plot\u00eb e i p\u00ebrpunuar sipas k\u00ebrkesave t\u00eb metodologjis\u00eb krahasuese gjuh\u00ebsore do t\u00eb botohet s\u00eb shpejti: <\/p>\n<p>SUMER\/SHUMER = Shum Er\u00eb KI = Ki = Ky, dheu, planeti Tok\u00eb<br \/>\nKIENGIR = Ki e Ngir = tok\u00eb e ngir\u00eb, e nginjur, tok\u00eb e begat\u00eb, e quanin vet\u00eb sumerian\u00ebt<\/p>\n","protected":false},"excerpt":{"rendered":"<p>Gjuha e tyre &#8211; shqipja N\u00eb fillim sumerian\u00eb, pastaj pellazg\u00eb\/pelarg\u00eb, m\u00eb pas ilir\u00eb e arb\u00ebr, e sot shqiptar\u00eb N\u00eb librat e shkoll\u00ebs 8-vje\u00e7are apo t\u00eb mesme kemi m\u00ebsuar se Lajbnici, matematikani e filozofi gjerman i shekullit t\u00eb 17-t\u00eb, ishte nj\u00ebkoh\u00ebsisht edhe albanolog i madh. Ndokush pyeste se \u00e7lidhje ka albanologjia me matematik\u00ebn, por nuk gjente [&hellip;]<\/p>\n","protected":false},"author":1,"featured_media":0,"comment_status":"open","ping_status":"closed","sticky":false,"template":"","format":"standard","meta":{"footnotes":""},"categories":[2],"tags":[],"class_list":{"0":"post-3709","1":"post","2":"type-post","3":"status-publish","4":"format-standard","6":"category-artikuj"},"yoast_head":"<!-- This site is optimized with the Yoast SEO plugin v27.4 - https:\/\/yoast.com\/product\/yoast-seo-wordpress\/ -->\n<title>Sumerian\u00ebt - djepi i v\u00ebrtet\u00eb i kultur\u00ebs bot\u00ebrore - FjALA e LIR\u00cb - Arkivi<\/title>\n<meta name=\"robots\" content=\"index, follow, max-snippet:-1, max-image-preview:large, max-video-preview:-1\" \/>\n<link rel=\"canonical\" href=\"https:\/\/fjala.info\/2009-2015\/sumerianet-djepi-i-vertete-i-kultures-boterore\/\" \/>\n<meta property=\"og:locale\" content=\"sq_AL\" \/>\n<meta property=\"og:type\" content=\"article\" \/>\n<meta property=\"og:title\" content=\"Sumerian\u00ebt - djepi i v\u00ebrtet\u00eb i kultur\u00ebs bot\u00ebrore - FjALA e LIR\u00cb - Arkivi\" \/>\n<meta property=\"og:description\" content=\"Gjuha e tyre &#8211; shqipja N\u00eb fillim sumerian\u00eb, pastaj pellazg\u00eb\/pelarg\u00eb, m\u00eb pas ilir\u00eb e arb\u00ebr, e sot shqiptar\u00eb N\u00eb librat e shkoll\u00ebs 8-vje\u00e7are apo t\u00eb mesme kemi m\u00ebsuar se Lajbnici, matematikani e filozofi gjerman i shekullit t\u00eb 17-t\u00eb, ishte nj\u00ebkoh\u00ebsisht edhe albanolog i madh. Ndokush pyeste se \u00e7lidhje ka albanologjia me matematik\u00ebn, por nuk gjente [&hellip;]\" \/>\n<meta property=\"og:url\" content=\"https:\/\/fjala.info\/2009-2015\/sumerianet-djepi-i-vertete-i-kultures-boterore\/\" \/>\n<meta property=\"og:site_name\" content=\"FjALA e LIR\u00cb - Arkivi\" \/>\n<meta property=\"article:published_time\" content=\"2010-08-13T08:09:22+00:00\" \/>\n<meta name=\"author\" content=\"admin\" \/>\n<meta name=\"twitter:card\" content=\"summary_large_image\" \/>\n<meta name=\"twitter:label1\" content=\"Written by\" \/>\n\t<meta name=\"twitter:data1\" content=\"admin\" \/>\n\t<meta name=\"twitter:label2\" content=\"Est. reading time\" \/>\n\t<meta name=\"twitter:data2\" content=\"16 minutes\" \/>\n<script type=\"application\/ld+json\" class=\"yoast-schema-graph\">{\"@context\":\"https:\\\/\\\/schema.org\",\"@graph\":[{\"@type\":\"Article\",\"@id\":\"https:\\\/\\\/fjala.info\\\/2009-2015\\\/sumerianet-djepi-i-vertete-i-kultures-boterore\\\/#article\",\"isPartOf\":{\"@id\":\"https:\\\/\\\/fjala.info\\\/2009-2015\\\/sumerianet-djepi-i-vertete-i-kultures-boterore\\\/\"},\"author\":{\"name\":\"admin\",\"@id\":\"https:\\\/\\\/fjala.info\\\/2009-2015\\\/#\\\/schema\\\/person\\\/3aa1163ef05469c496fc94e77611ada2\"},\"headline\":\"Sumerian\u00ebt &#8211; djepi i v\u00ebrtet\u00eb i kultur\u00ebs bot\u00ebrore\",\"datePublished\":\"2010-08-13T08:09:22+00:00\",\"mainEntityOfPage\":{\"@id\":\"https:\\\/\\\/fjala.info\\\/2009-2015\\\/sumerianet-djepi-i-vertete-i-kultures-boterore\\\/\"},\"wordCount\":3253,\"commentCount\":0,\"publisher\":{\"@id\":\"https:\\\/\\\/fjala.info\\\/2009-2015\\\/#organization\"},\"articleSection\":[\"Artikuj\"],\"inLanguage\":\"sq-AL\",\"potentialAction\":[{\"@type\":\"CommentAction\",\"name\":\"Comment\",\"target\":[\"https:\\\/\\\/fjala.info\\\/2009-2015\\\/sumerianet-djepi-i-vertete-i-kultures-boterore\\\/#respond\"]}]},{\"@type\":\"WebPage\",\"@id\":\"https:\\\/\\\/fjala.info\\\/2009-2015\\\/sumerianet-djepi-i-vertete-i-kultures-boterore\\\/\",\"url\":\"https:\\\/\\\/fjala.info\\\/2009-2015\\\/sumerianet-djepi-i-vertete-i-kultures-boterore\\\/\",\"name\":\"Sumerian\u00ebt - djepi i v\u00ebrtet\u00eb i kultur\u00ebs bot\u00ebrore - FjALA e LIR\u00cb - Arkivi\",\"isPartOf\":{\"@id\":\"https:\\\/\\\/fjala.info\\\/2009-2015\\\/#website\"},\"datePublished\":\"2010-08-13T08:09:22+00:00\",\"breadcrumb\":{\"@id\":\"https:\\\/\\\/fjala.info\\\/2009-2015\\\/sumerianet-djepi-i-vertete-i-kultures-boterore\\\/#breadcrumb\"},\"inLanguage\":\"sq-AL\",\"potentialAction\":[{\"@type\":\"ReadAction\",\"target\":[\"https:\\\/\\\/fjala.info\\\/2009-2015\\\/sumerianet-djepi-i-vertete-i-kultures-boterore\\\/\"]}]},{\"@type\":\"BreadcrumbList\",\"@id\":\"https:\\\/\\\/fjala.info\\\/2009-2015\\\/sumerianet-djepi-i-vertete-i-kultures-boterore\\\/#breadcrumb\",\"itemListElement\":[{\"@type\":\"ListItem\",\"position\":1,\"name\":\"Home\",\"item\":\"https:\\\/\\\/fjala.info\\\/2009-2015\\\/\"},{\"@type\":\"ListItem\",\"position\":2,\"name\":\"Sumerian\u00ebt &#8211; djepi i v\u00ebrtet\u00eb i kultur\u00ebs bot\u00ebrore\"}]},{\"@type\":\"WebSite\",\"@id\":\"https:\\\/\\\/fjala.info\\\/2009-2015\\\/#website\",\"url\":\"https:\\\/\\\/fjala.info\\\/2009-2015\\\/\",\"name\":\"FjALA e LIR\u00cb - Arkivi\",\"description\":\"Arkivi 2009-2015\",\"publisher\":{\"@id\":\"https:\\\/\\\/fjala.info\\\/2009-2015\\\/#organization\"},\"potentialAction\":[{\"@type\":\"SearchAction\",\"target\":{\"@type\":\"EntryPoint\",\"urlTemplate\":\"https:\\\/\\\/fjala.info\\\/2009-2015\\\/?s={search_term_string}\"},\"query-input\":{\"@type\":\"PropertyValueSpecification\",\"valueRequired\":true,\"valueName\":\"search_term_string\"}}],\"inLanguage\":\"sq-AL\"},{\"@type\":\"Organization\",\"@id\":\"https:\\\/\\\/fjala.info\\\/2009-2015\\\/#organization\",\"name\":\"FjALA e LIR\u00cb - Arkivi\",\"url\":\"https:\\\/\\\/fjala.info\\\/2009-2015\\\/\",\"logo\":{\"@type\":\"ImageObject\",\"inLanguage\":\"sq-AL\",\"@id\":\"https:\\\/\\\/fjala.info\\\/2009-2015\\\/#\\\/schema\\\/logo\\\/image\\\/\",\"url\":\"\",\"contentUrl\":\"\",\"caption\":\"FjALA e LIR\u00cb - Arkivi\"},\"image\":{\"@id\":\"https:\\\/\\\/fjala.info\\\/2009-2015\\\/#\\\/schema\\\/logo\\\/image\\\/\"}},{\"@type\":\"Person\",\"@id\":\"https:\\\/\\\/fjala.info\\\/2009-2015\\\/#\\\/schema\\\/person\\\/3aa1163ef05469c496fc94e77611ada2\",\"name\":\"admin\",\"image\":{\"@type\":\"ImageObject\",\"inLanguage\":\"sq-AL\",\"@id\":\"https:\\\/\\\/fjala.info\\\/2009-2015\\\/wp-content\\\/uploads\\\/2012\\\/02\\\/arben_cokaj-120x150.jpg\",\"url\":\"https:\\\/\\\/fjala.info\\\/2009-2015\\\/wp-content\\\/uploads\\\/2012\\\/02\\\/arben_cokaj-120x150.jpg\",\"contentUrl\":\"https:\\\/\\\/fjala.info\\\/2009-2015\\\/wp-content\\\/uploads\\\/2012\\\/02\\\/arben_cokaj-120x150.jpg\",\"caption\":\"admin\"},\"description\":\"Admin, Fjala e Lir\u00eb\",\"sameAs\":[\"https:\\\/\\\/fjala.info\\\/\"],\"url\":\"https:\\\/\\\/fjala.info\\\/2009-2015\\\/author\\\/admin\\\/\"}]}<\/script>\n<!-- \/ Yoast SEO plugin. -->","yoast_head_json":{"title":"Sumerian\u00ebt - djepi i v\u00ebrtet\u00eb i kultur\u00ebs bot\u00ebrore - FjALA e LIR\u00cb - Arkivi","robots":{"index":"index","follow":"follow","max-snippet":"max-snippet:-1","max-image-preview":"max-image-preview:large","max-video-preview":"max-video-preview:-1"},"canonical":"https:\/\/fjala.info\/2009-2015\/sumerianet-djepi-i-vertete-i-kultures-boterore\/","og_locale":"sq_AL","og_type":"article","og_title":"Sumerian\u00ebt - djepi i v\u00ebrtet\u00eb i kultur\u00ebs bot\u00ebrore - FjALA e LIR\u00cb - Arkivi","og_description":"Gjuha e tyre &#8211; shqipja N\u00eb fillim sumerian\u00eb, pastaj pellazg\u00eb\/pelarg\u00eb, m\u00eb pas ilir\u00eb e arb\u00ebr, e sot shqiptar\u00eb N\u00eb librat e shkoll\u00ebs 8-vje\u00e7are apo t\u00eb mesme kemi m\u00ebsuar se Lajbnici, matematikani e filozofi gjerman i shekullit t\u00eb 17-t\u00eb, ishte nj\u00ebkoh\u00ebsisht edhe albanolog i madh. Ndokush pyeste se \u00e7lidhje ka albanologjia me matematik\u00ebn, por nuk gjente [&hellip;]","og_url":"https:\/\/fjala.info\/2009-2015\/sumerianet-djepi-i-vertete-i-kultures-boterore\/","og_site_name":"FjALA e LIR\u00cb - Arkivi","article_published_time":"2010-08-13T08:09:22+00:00","author":"admin","twitter_card":"summary_large_image","twitter_misc":{"Written by":"admin","Est. reading time":"16 minutes"},"schema":{"@context":"https:\/\/schema.org","@graph":[{"@type":"Article","@id":"https:\/\/fjala.info\/2009-2015\/sumerianet-djepi-i-vertete-i-kultures-boterore\/#article","isPartOf":{"@id":"https:\/\/fjala.info\/2009-2015\/sumerianet-djepi-i-vertete-i-kultures-boterore\/"},"author":{"name":"admin","@id":"https:\/\/fjala.info\/2009-2015\/#\/schema\/person\/3aa1163ef05469c496fc94e77611ada2"},"headline":"Sumerian\u00ebt &#8211; djepi i v\u00ebrtet\u00eb i kultur\u00ebs bot\u00ebrore","datePublished":"2010-08-13T08:09:22+00:00","mainEntityOfPage":{"@id":"https:\/\/fjala.info\/2009-2015\/sumerianet-djepi-i-vertete-i-kultures-boterore\/"},"wordCount":3253,"commentCount":0,"publisher":{"@id":"https:\/\/fjala.info\/2009-2015\/#organization"},"articleSection":["Artikuj"],"inLanguage":"sq-AL","potentialAction":[{"@type":"CommentAction","name":"Comment","target":["https:\/\/fjala.info\/2009-2015\/sumerianet-djepi-i-vertete-i-kultures-boterore\/#respond"]}]},{"@type":"WebPage","@id":"https:\/\/fjala.info\/2009-2015\/sumerianet-djepi-i-vertete-i-kultures-boterore\/","url":"https:\/\/fjala.info\/2009-2015\/sumerianet-djepi-i-vertete-i-kultures-boterore\/","name":"Sumerian\u00ebt - djepi i v\u00ebrtet\u00eb i kultur\u00ebs bot\u00ebrore - FjALA e LIR\u00cb - Arkivi","isPartOf":{"@id":"https:\/\/fjala.info\/2009-2015\/#website"},"datePublished":"2010-08-13T08:09:22+00:00","breadcrumb":{"@id":"https:\/\/fjala.info\/2009-2015\/sumerianet-djepi-i-vertete-i-kultures-boterore\/#breadcrumb"},"inLanguage":"sq-AL","potentialAction":[{"@type":"ReadAction","target":["https:\/\/fjala.info\/2009-2015\/sumerianet-djepi-i-vertete-i-kultures-boterore\/"]}]},{"@type":"BreadcrumbList","@id":"https:\/\/fjala.info\/2009-2015\/sumerianet-djepi-i-vertete-i-kultures-boterore\/#breadcrumb","itemListElement":[{"@type":"ListItem","position":1,"name":"Home","item":"https:\/\/fjala.info\/2009-2015\/"},{"@type":"ListItem","position":2,"name":"Sumerian\u00ebt &#8211; djepi i v\u00ebrtet\u00eb i kultur\u00ebs bot\u00ebrore"}]},{"@type":"WebSite","@id":"https:\/\/fjala.info\/2009-2015\/#website","url":"https:\/\/fjala.info\/2009-2015\/","name":"FjALA e LIR\u00cb - Arkivi","description":"Arkivi 2009-2015","publisher":{"@id":"https:\/\/fjala.info\/2009-2015\/#organization"},"potentialAction":[{"@type":"SearchAction","target":{"@type":"EntryPoint","urlTemplate":"https:\/\/fjala.info\/2009-2015\/?s={search_term_string}"},"query-input":{"@type":"PropertyValueSpecification","valueRequired":true,"valueName":"search_term_string"}}],"inLanguage":"sq-AL"},{"@type":"Organization","@id":"https:\/\/fjala.info\/2009-2015\/#organization","name":"FjALA e LIR\u00cb - Arkivi","url":"https:\/\/fjala.info\/2009-2015\/","logo":{"@type":"ImageObject","inLanguage":"sq-AL","@id":"https:\/\/fjala.info\/2009-2015\/#\/schema\/logo\/image\/","url":"","contentUrl":"","caption":"FjALA e LIR\u00cb - Arkivi"},"image":{"@id":"https:\/\/fjala.info\/2009-2015\/#\/schema\/logo\/image\/"}},{"@type":"Person","@id":"https:\/\/fjala.info\/2009-2015\/#\/schema\/person\/3aa1163ef05469c496fc94e77611ada2","name":"admin","image":{"@type":"ImageObject","inLanguage":"sq-AL","@id":"https:\/\/fjala.info\/2009-2015\/wp-content\/uploads\/2012\/02\/arben_cokaj-120x150.jpg","url":"https:\/\/fjala.info\/2009-2015\/wp-content\/uploads\/2012\/02\/arben_cokaj-120x150.jpg","contentUrl":"https:\/\/fjala.info\/2009-2015\/wp-content\/uploads\/2012\/02\/arben_cokaj-120x150.jpg","caption":"admin"},"description":"Admin, Fjala e Lir\u00eb","sameAs":["https:\/\/fjala.info\/"],"url":"https:\/\/fjala.info\/2009-2015\/author\/admin\/"}]}},"_links":{"self":[{"href":"https:\/\/fjala.info\/2009-2015\/wp-json\/wp\/v2\/posts\/3709","targetHints":{"allow":["GET"]}}],"collection":[{"href":"https:\/\/fjala.info\/2009-2015\/wp-json\/wp\/v2\/posts"}],"about":[{"href":"https:\/\/fjala.info\/2009-2015\/wp-json\/wp\/v2\/types\/post"}],"author":[{"embeddable":true,"href":"https:\/\/fjala.info\/2009-2015\/wp-json\/wp\/v2\/users\/1"}],"replies":[{"embeddable":true,"href":"https:\/\/fjala.info\/2009-2015\/wp-json\/wp\/v2\/comments?post=3709"}],"version-history":[{"count":0,"href":"https:\/\/fjala.info\/2009-2015\/wp-json\/wp\/v2\/posts\/3709\/revisions"}],"wp:attachment":[{"href":"https:\/\/fjala.info\/2009-2015\/wp-json\/wp\/v2\/media?parent=3709"}],"wp:term":[{"taxonomy":"category","embeddable":true,"href":"https:\/\/fjala.info\/2009-2015\/wp-json\/wp\/v2\/categories?post=3709"},{"taxonomy":"post_tag","embeddable":true,"href":"https:\/\/fjala.info\/2009-2015\/wp-json\/wp\/v2\/tags?post=3709"}],"curies":[{"name":"wp","href":"https:\/\/api.w.org\/{rel}","templated":true}]}}