{"id":3700,"date":"2010-08-12T22:42:49","date_gmt":"2010-08-12T21:42:49","guid":{"rendered":"http:\/\/fjala.shkoder.net\/?p=3700"},"modified":"2010-08-12T22:42:49","modified_gmt":"2010-08-12T21:42:49","slug":"himara-dhe-dule-majtas-e-bollano-djathtas","status":"publish","type":"post","link":"https:\/\/fjala.info\/2009-2015\/himara-dhe-dule-majtas-e-bollano-djathtas\/","title":{"rendered":"Himara dhe Dule majtas, e Bollano djathtas"},"content":{"rendered":"<p><img decoding=\"async\" style=\"margin-left: 10px; margin-right: 10px; border: 0px;\" title=\"Aleksand\u00ebr \u00c7ipa\" src=\"http:\/\/www.shkoder.net\/images\/fjala\/aleksander_cipa.jpg\" border=\"0\" alt=\"\" width=\"100\" align=\"left\" \/><\/p>\n<p><strong>Aleksand\u00ebr \u00c7ipa<\/strong><\/p>\n<p>Nisje t\u00eb nd\u00ebrprera dhe parath\u00ebnie z\u00ebnkash, duket se mbart gushti p\u00ebr shtatorin e af\u00ebrt n\u00eb marr\u00ebdh\u00ebniet politike mes dy forcave kryesore politike t\u00eb vendit. Negociatat e dy krer\u00ebve t\u00eb grupeve parlamentare, p\u00ebrkat\u00ebsisht zotit Patozi dhe zotit Ruci, si\u00e7 po d\u00ebshmohet, kan\u00eb p\u00ebr t\u00eb qen\u00eb vet\u00ebm nj\u00eb nisje e nd\u00ebrprer\u00eb dhe e p\u00ebrdorur sa p\u00ebr t\u00eb spostuar v\u00ebmendjen.<\/p>\n<p>Ato ishin kapitulli i dyt\u00eb i nj\u00eb cikli negociatash t\u00eb d\u00ebshtuara, nisur prej muajsh m\u00eb par\u00eb. P\u00ebr koh\u00eb t\u00eb tjera, do t\u00eb mbetet ende e pashpjeguar e v\u00ebrteta e d\u00ebshtimit t\u00eb nj\u00ebpasnj\u00ebsh\u00ebm t\u00eb k\u00ebtyre negociatave mes PD-s\u00eb dhe PS-s\u00eb. Shum\u00ebkush sot mendon se nuk ishte vet\u00ebm refuzimi i zotit Berisha p\u00ebr hapjen e kutive t\u00eb votimit e as k\u00ebmb\u00ebngulja e zotit Rama p\u00ebr k\u00ebt\u00eb akt transparence, arsyeja q\u00eb negociatat d\u00ebshtuan.<\/p>\n<p>Pas k\u00ebtij fakti potencial ka edhe arsye t\u00eb tjera, t\u00eb th\u00ebna e t\u00eb path\u00ebna. Mosmarr\u00ebveshja e tyre, e cila n\u00eb nj\u00eb lexim t\u00eb holl\u00eb duhet shpjeguar si nj\u00eb marr\u00ebveshje mospranimi e refuzimi mes zotit Berisha dhe zotit Rama, konsumoi aq angazhim t\u00eb grupeve parlamentare t\u00eb PE-s\u00eb, shpenzoi ecejake ekspert\u00ebsh dhe t\u00eb d\u00ebrguarish nga Brukseli e Strasburgu n\u00eb Tiran\u00eb, si dhe vuri n\u00eb nj\u00eb prov\u00eb edhe autoritetin institucional t\u00eb Presidentit t\u00eb Republik\u00ebs.<\/p>\n<p>N\u00eb k\u00ebt\u00eb sorollatje, dy krer\u00ebt e politik\u00ebs, Berisha dhe Rama, mb\u00ebrrit\u00ebn n\u00eb korrik-gushtin e pushimeve verore, duke l\u00ebn\u00eb shijen e nj\u00eb kapitulli t\u00eb ri n\u00eb marr\u00ebdh\u00ebnien mes tyre. Kryeministri nisi sezonin e prerjes s\u00eb shiritave n\u00eb udh\u00ebt e skajshme turistike t\u00eb Jugut, duke mbajtur n\u00eb krah\u00eb edhe aleat\u00eb t\u00eb vegj\u00ebl. Q\u00ebndrimi i tij n\u00eb Himar\u00eb dhe p\u00ebrcjellja e mesazheve politike prej qytez\u00ebs s\u00eb bukur, duke mbajtur n\u00eb krah kryebashkiakun himarjot q\u00eb mban mandatin e kryesimit t\u00eb organizat\u00ebs s\u00eb grek\u00ebve t\u00eb Shqip\u00ebris\u00eb, \u00ebsht\u00eb nj\u00eb hap dometh\u00ebn\u00ebs paraelektoral.<\/p>\n<p>Ky personazh politik q\u00eb po konsumon dy mandate t\u00eb nj\u00ebhersh\u00ebm p\u00ebrfaq\u00ebsimi n\u00eb k\u00ebt\u00eb zon\u00eb, shfaqet si aleat me t\u00eb djatht\u00ebn q\u00eb kryeson zoti Berisha. Nd\u00ebrkoh\u00eb q\u00eb kreu i PBDNJ-s\u00eb, zoti Vangjel Dule, i cili gjithashtu dy-tre vjet\u00ebt e fundit pesh\u00ebn specifike t\u00eb veprimit dhe artikulimit t\u00eb tij politik e ka spostuar n\u00eb brigjet me tre fshatra greqishtfol\u00ebse, mbetet qartazi aleat me opozit\u00ebn e majt\u00eb.<\/p>\n<p>Imazhi p\u00ebr nj\u00eb stin\u00eb dhe dimension t\u00eb ri turistik q\u00eb po merr Himara dhe brigjet deri n\u00eb Sarand\u00eb, n\u00eb vetvete jan\u00eb nj\u00eb rast me t\u00eb dukshme dhe t\u00eb padukshme. Problemi i pron\u00ebsis\u00eb n\u00eb k\u00ebto zona \u00ebsht\u00eb mavijosur shum\u00eb dhe pal\u00ebt politike sipas shenjave t\u00eb deritanishme, kan\u00eb p\u00ebr ta rip\u00ebrdorur at\u00eb si argument dhe si kazus elektoral. Zbritja dhe q\u00ebndrimi verues i Kryeministrit n\u00eb k\u00ebto brigje, duket se ka v\u00ebn\u00eb n\u00eb l\u00ebvizje opozit\u00ebn lokale, por sidomos edhe nj\u00eb pjes\u00eb t\u00eb konsiderueshme t\u00eb filogrek\u00ebve t\u00eb vetndier grek\u00eb.<\/p>\n<p>Referimi i zotit Berisha nga kalaja e Himar\u00ebs p\u00ebr r\u00ebnd\u00ebsin\u00eb historike t\u00eb saj n\u00eb krejt hap\u00ebsir\u00ebn shqiptare, ishte nj\u00eb gjest p\u00ebr t\u00eb kap\u00ebrcyer shijen e hidhur t\u00eb l\u00ebn\u00eb n\u00eb vitin e shkuar, kur kryebashkiaku i Himar\u00ebs, b\u00ebnte deklarata q\u00eb nervozonin krejt shqiptar\u00ebt. Me t\u00eb n\u00eb krah, Kryeministri l\u00ebvdonte kalan\u00eb e Himar\u00ebs, duke na l\u00ebn\u00eb t\u00eb kuptojm\u00eb se n\u00eb stin\u00ebn e re t\u00eb investimit turistik, kjo bashki me shtat\u00eb fshatra, merr nj\u00eb r\u00ebnd\u00ebsi edhe m\u00eb t\u00eb ve\u00e7ant\u00eb p\u00ebr gar\u00ebn elektorale t\u00eb radh\u00ebs. Kush do t\u2019ia jap\u00eb aleanc\u00ebn Bollanos k\u00ebsaj here? Ose m\u00eb sakt\u00eb, pse zoti Dule po shkon majtas dhe Bollano q\u00ebndron djathtas? Mos vall\u00eb duke qen\u00eb Dule majtas dhe Bollano djathtas, Himara \u00ebsht\u00eb m\u00eb leht\u00eb p\u00ebr t\u00eb mbetur \u201ckazus\u201d i tyre?<\/p>\n<p>K\u00ebsaj here Himara \u00ebsht\u00eb nj\u00eb bashki me r\u00ebnd\u00ebsi t\u00eb dor\u00ebs s\u00eb par\u00eb, jo p\u00ebr shkaqe t\u00eb p\u00ebrplasjeve me motive etnike, por p\u00ebr interesa t\u00eb perspektiv\u00ebs turistike dhe investimeve t\u00eb pritshme q\u00eb do t\u00eb m\u00ebsyjn\u00eb k\u00ebt\u00eb zon\u00eb. Kjo gj\u00eb \u00ebsht\u00eb kuptuar s\u00eb fundi prej vet\u00eb himarjot\u00ebve, t\u00eb cil\u00ebt s\u2019kan\u00eb pik\u00eb dyshimi se pronar\u00eb t\u00eb trojeve t\u00eb tyre nuk mund t\u2019i b\u00ebjn\u00eb m\u00eb letrat e nj\u00eb shteti tjet\u00ebr, ve\u00e7se ai shtet ku jan\u00eb e kan\u00eb trash\u00ebguar. Nj\u00eb pjes\u00eb e tyre po shijojn\u00eb realisht reflektimin realpolitik. Mes tyre shfaqet edhe vet\u00eb kryebashkiaku aktual, i cili i gjendur n\u00eb hallin e tokave t\u00eb cunguara, nuk mund ta luaj\u00eb m\u00eb rolin e flamurtarit q\u00eb betohej sipas parull\u00ebs \u201cHimara u takon himarjot\u00ebve\u201d.<\/p>\n<p>Matan\u00eb fanatizmit t\u00eb grek\u00ebsis\u00eb s\u00eb omonist\u00ebve t\u00eb Himar\u00ebs, zgjedhjet e af\u00ebrta lokale n\u00eb vend, do t\u00eb ofrojn\u00eb nj\u00eb tjet\u00ebr gar\u00eb dhe t\u00eb tjera pretendime partish n\u00eb Bregdet. Kjo p\u00ebr shkak se grupet e interesit p\u00ebr t\u00eb marr\u00eb pjes\u00eb n\u00eb fitimin dhe biznesin turistik q\u00eb ofron kjo zon\u00eb magjike, jan\u00eb shtuar shum\u00eb dhe jan\u00eb m\u00eb t\u00eb fuqishme se \u00e7do tur t\u00eb m\u00ebparsh\u00ebm elektoral. Ky interes premton edhe tjet\u00ebrsimin e gar\u00ebs s\u00eb deritanishme partiake. Bilanci i k\u00ebsaj gare duket se ka filluar t\u00eb b\u00ebhet si majtas, ashtu edhe djathtas. \u00cbsht\u00eb nj\u00eb bilanc q\u00eb llogaritet n\u00ebn dijenin\u00eb dhe interesimin e drejtp\u00ebrdrejt\u00eb si t\u00eb Berish\u00ebs (djathtas) ashtu edhe t\u00eb Ram\u00ebs (majtas).<\/p>\n<p>Pozicionimi ndar\u00ebs i dy krer\u00ebve t\u00eb pakic\u00ebs greke n\u00eb Shqip\u00ebri, n\u00eb raport me dy korpuset kryesore t\u00eb politik\u00ebs, por pa shkaktuar ndarje mes tyre, \u00ebsht\u00eb tipikisht nj\u00eb sjellje minoritar\u00ebsh. Dule dhe Bollano mes tyre, natyrisht q\u00eb mbesin n\u00eb p\u00ebrdorimin e nj\u00eb gjuhe, por fati politik i ka shtyr\u00eb t\u00eb sillen si bilingual\u00eb. N\u00eb dit\u00ebt e ardhme t\u00eb vitit elektoral, Himara ka p\u00ebr t\u00eb qen\u00eb sprova e re p\u00ebr politik\u00ebn shqiptare, sprova e rikthimit n\u00eb sjelljen dhe nd\u00ebrgjegjen e p\u00ebrgjegj\u00ebsis\u00eb komb\u00ebtare dhe t\u00eb interesave perspektive t\u00eb turizmit komb\u00ebtar.<\/p>\n","protected":false},"excerpt":{"rendered":"<p>Aleksand\u00ebr \u00c7ipa Nisje t\u00eb nd\u00ebrprera dhe parath\u00ebnie z\u00ebnkash, duket se mbart gushti p\u00ebr shtatorin e af\u00ebrt n\u00eb marr\u00ebdh\u00ebniet politike mes dy forcave kryesore politike t\u00eb vendit. Negociatat e dy krer\u00ebve t\u00eb grupeve parlamentare, p\u00ebrkat\u00ebsisht zotit Patozi dhe zotit Ruci, si\u00e7 po d\u00ebshmohet, kan\u00eb p\u00ebr t\u00eb qen\u00eb vet\u00ebm nj\u00eb nisje e nd\u00ebrprer\u00eb dhe e p\u00ebrdorur sa [&hellip;]<\/p>\n","protected":false},"author":1,"featured_media":0,"comment_status":"open","ping_status":"closed","sticky":false,"template":"","format":"standard","meta":{"footnotes":""},"categories":[2],"tags":[],"class_list":{"0":"post-3700","1":"post","2":"type-post","3":"status-publish","4":"format-standard","6":"category-artikuj"},"yoast_head":"<!-- This site is optimized with the Yoast SEO plugin v27.4 - https:\/\/yoast.com\/product\/yoast-seo-wordpress\/ -->\n<title>Himara dhe Dule majtas, e Bollano djathtas - FjALA e LIR\u00cb - Arkivi<\/title>\n<meta name=\"robots\" content=\"index, follow, max-snippet:-1, max-image-preview:large, max-video-preview:-1\" \/>\n<link rel=\"canonical\" href=\"https:\/\/fjala.info\/2009-2015\/himara-dhe-dule-majtas-e-bollano-djathtas\/\" \/>\n<meta property=\"og:locale\" content=\"sq_AL\" \/>\n<meta property=\"og:type\" content=\"article\" \/>\n<meta property=\"og:title\" content=\"Himara dhe Dule majtas, e Bollano djathtas - FjALA e LIR\u00cb - Arkivi\" \/>\n<meta property=\"og:description\" content=\"Aleksand\u00ebr \u00c7ipa Nisje t\u00eb nd\u00ebrprera dhe parath\u00ebnie z\u00ebnkash, duket se mbart gushti p\u00ebr shtatorin e af\u00ebrt n\u00eb marr\u00ebdh\u00ebniet politike mes dy forcave kryesore politike t\u00eb vendit. Negociatat e dy krer\u00ebve t\u00eb grupeve parlamentare, p\u00ebrkat\u00ebsisht zotit Patozi dhe zotit Ruci, si\u00e7 po d\u00ebshmohet, kan\u00eb p\u00ebr t\u00eb qen\u00eb vet\u00ebm nj\u00eb nisje e nd\u00ebrprer\u00eb dhe e p\u00ebrdorur sa [&hellip;]\" \/>\n<meta property=\"og:url\" content=\"https:\/\/fjala.info\/2009-2015\/himara-dhe-dule-majtas-e-bollano-djathtas\/\" \/>\n<meta property=\"og:site_name\" content=\"FjALA e LIR\u00cb - Arkivi\" \/>\n<meta property=\"article:published_time\" content=\"2010-08-12T21:42:49+00:00\" \/>\n<meta property=\"og:image\" content=\"http:\/\/www.shkoder.net\/images\/fjala\/aleksander_cipa.jpg\" \/>\n<meta name=\"author\" content=\"admin\" \/>\n<meta name=\"twitter:card\" content=\"summary_large_image\" \/>\n<meta name=\"twitter:label1\" content=\"Written by\" \/>\n\t<meta name=\"twitter:data1\" content=\"admin\" \/>\n\t<meta name=\"twitter:label2\" content=\"Est. reading time\" \/>\n\t<meta name=\"twitter:data2\" content=\"5 minutes\" \/>\n<script type=\"application\/ld+json\" class=\"yoast-schema-graph\">{\"@context\":\"https:\\\/\\\/schema.org\",\"@graph\":[{\"@type\":\"Article\",\"@id\":\"https:\\\/\\\/fjala.info\\\/2009-2015\\\/himara-dhe-dule-majtas-e-bollano-djathtas\\\/#article\",\"isPartOf\":{\"@id\":\"https:\\\/\\\/fjala.info\\\/2009-2015\\\/himara-dhe-dule-majtas-e-bollano-djathtas\\\/\"},\"author\":{\"name\":\"admin\",\"@id\":\"https:\\\/\\\/fjala.info\\\/2009-2015\\\/#\\\/schema\\\/person\\\/3aa1163ef05469c496fc94e77611ada2\"},\"headline\":\"Himara dhe Dule majtas, e Bollano djathtas\",\"datePublished\":\"2010-08-12T21:42:49+00:00\",\"mainEntityOfPage\":{\"@id\":\"https:\\\/\\\/fjala.info\\\/2009-2015\\\/himara-dhe-dule-majtas-e-bollano-djathtas\\\/\"},\"wordCount\":1036,\"commentCount\":0,\"publisher\":{\"@id\":\"https:\\\/\\\/fjala.info\\\/2009-2015\\\/#organization\"},\"image\":{\"@id\":\"https:\\\/\\\/fjala.info\\\/2009-2015\\\/himara-dhe-dule-majtas-e-bollano-djathtas\\\/#primaryimage\"},\"thumbnailUrl\":\"http:\\\/\\\/www.shkoder.net\\\/images\\\/fjala\\\/aleksander_cipa.jpg\",\"articleSection\":[\"Artikuj\"],\"inLanguage\":\"sq-AL\",\"potentialAction\":[{\"@type\":\"CommentAction\",\"name\":\"Comment\",\"target\":[\"https:\\\/\\\/fjala.info\\\/2009-2015\\\/himara-dhe-dule-majtas-e-bollano-djathtas\\\/#respond\"]}]},{\"@type\":\"WebPage\",\"@id\":\"https:\\\/\\\/fjala.info\\\/2009-2015\\\/himara-dhe-dule-majtas-e-bollano-djathtas\\\/\",\"url\":\"https:\\\/\\\/fjala.info\\\/2009-2015\\\/himara-dhe-dule-majtas-e-bollano-djathtas\\\/\",\"name\":\"Himara dhe Dule majtas, e Bollano djathtas - FjALA e LIR\u00cb - Arkivi\",\"isPartOf\":{\"@id\":\"https:\\\/\\\/fjala.info\\\/2009-2015\\\/#website\"},\"primaryImageOfPage\":{\"@id\":\"https:\\\/\\\/fjala.info\\\/2009-2015\\\/himara-dhe-dule-majtas-e-bollano-djathtas\\\/#primaryimage\"},\"image\":{\"@id\":\"https:\\\/\\\/fjala.info\\\/2009-2015\\\/himara-dhe-dule-majtas-e-bollano-djathtas\\\/#primaryimage\"},\"thumbnailUrl\":\"http:\\\/\\\/www.shkoder.net\\\/images\\\/fjala\\\/aleksander_cipa.jpg\",\"datePublished\":\"2010-08-12T21:42:49+00:00\",\"breadcrumb\":{\"@id\":\"https:\\\/\\\/fjala.info\\\/2009-2015\\\/himara-dhe-dule-majtas-e-bollano-djathtas\\\/#breadcrumb\"},\"inLanguage\":\"sq-AL\",\"potentialAction\":[{\"@type\":\"ReadAction\",\"target\":[\"https:\\\/\\\/fjala.info\\\/2009-2015\\\/himara-dhe-dule-majtas-e-bollano-djathtas\\\/\"]}]},{\"@type\":\"ImageObject\",\"inLanguage\":\"sq-AL\",\"@id\":\"https:\\\/\\\/fjala.info\\\/2009-2015\\\/himara-dhe-dule-majtas-e-bollano-djathtas\\\/#primaryimage\",\"url\":\"http:\\\/\\\/www.shkoder.net\\\/images\\\/fjala\\\/aleksander_cipa.jpg\",\"contentUrl\":\"http:\\\/\\\/www.shkoder.net\\\/images\\\/fjala\\\/aleksander_cipa.jpg\"},{\"@type\":\"BreadcrumbList\",\"@id\":\"https:\\\/\\\/fjala.info\\\/2009-2015\\\/himara-dhe-dule-majtas-e-bollano-djathtas\\\/#breadcrumb\",\"itemListElement\":[{\"@type\":\"ListItem\",\"position\":1,\"name\":\"Home\",\"item\":\"https:\\\/\\\/fjala.info\\\/2009-2015\\\/\"},{\"@type\":\"ListItem\",\"position\":2,\"name\":\"Himara dhe Dule majtas, e Bollano djathtas\"}]},{\"@type\":\"WebSite\",\"@id\":\"https:\\\/\\\/fjala.info\\\/2009-2015\\\/#website\",\"url\":\"https:\\\/\\\/fjala.info\\\/2009-2015\\\/\",\"name\":\"FjALA e LIR\u00cb - Arkivi\",\"description\":\"Arkivi 2009-2015\",\"publisher\":{\"@id\":\"https:\\\/\\\/fjala.info\\\/2009-2015\\\/#organization\"},\"potentialAction\":[{\"@type\":\"SearchAction\",\"target\":{\"@type\":\"EntryPoint\",\"urlTemplate\":\"https:\\\/\\\/fjala.info\\\/2009-2015\\\/?s={search_term_string}\"},\"query-input\":{\"@type\":\"PropertyValueSpecification\",\"valueRequired\":true,\"valueName\":\"search_term_string\"}}],\"inLanguage\":\"sq-AL\"},{\"@type\":\"Organization\",\"@id\":\"https:\\\/\\\/fjala.info\\\/2009-2015\\\/#organization\",\"name\":\"FjALA e LIR\u00cb - Arkivi\",\"url\":\"https:\\\/\\\/fjala.info\\\/2009-2015\\\/\",\"logo\":{\"@type\":\"ImageObject\",\"inLanguage\":\"sq-AL\",\"@id\":\"https:\\\/\\\/fjala.info\\\/2009-2015\\\/#\\\/schema\\\/logo\\\/image\\\/\",\"url\":\"\",\"contentUrl\":\"\",\"caption\":\"FjALA e LIR\u00cb - Arkivi\"},\"image\":{\"@id\":\"https:\\\/\\\/fjala.info\\\/2009-2015\\\/#\\\/schema\\\/logo\\\/image\\\/\"}},{\"@type\":\"Person\",\"@id\":\"https:\\\/\\\/fjala.info\\\/2009-2015\\\/#\\\/schema\\\/person\\\/3aa1163ef05469c496fc94e77611ada2\",\"name\":\"admin\",\"image\":{\"@type\":\"ImageObject\",\"inLanguage\":\"sq-AL\",\"@id\":\"https:\\\/\\\/fjala.info\\\/2009-2015\\\/wp-content\\\/uploads\\\/2012\\\/02\\\/arben_cokaj-120x150.jpg\",\"url\":\"https:\\\/\\\/fjala.info\\\/2009-2015\\\/wp-content\\\/uploads\\\/2012\\\/02\\\/arben_cokaj-120x150.jpg\",\"contentUrl\":\"https:\\\/\\\/fjala.info\\\/2009-2015\\\/wp-content\\\/uploads\\\/2012\\\/02\\\/arben_cokaj-120x150.jpg\",\"caption\":\"admin\"},\"description\":\"Admin, Fjala e Lir\u00eb\",\"sameAs\":[\"https:\\\/\\\/fjala.info\\\/\"],\"url\":\"https:\\\/\\\/fjala.info\\\/2009-2015\\\/author\\\/admin\\\/\"}]}<\/script>\n<!-- \/ Yoast SEO plugin. -->","yoast_head_json":{"title":"Himara dhe Dule majtas, e Bollano djathtas - FjALA e LIR\u00cb - Arkivi","robots":{"index":"index","follow":"follow","max-snippet":"max-snippet:-1","max-image-preview":"max-image-preview:large","max-video-preview":"max-video-preview:-1"},"canonical":"https:\/\/fjala.info\/2009-2015\/himara-dhe-dule-majtas-e-bollano-djathtas\/","og_locale":"sq_AL","og_type":"article","og_title":"Himara dhe Dule majtas, e Bollano djathtas - FjALA e LIR\u00cb - Arkivi","og_description":"Aleksand\u00ebr \u00c7ipa Nisje t\u00eb nd\u00ebrprera dhe parath\u00ebnie z\u00ebnkash, duket se mbart gushti p\u00ebr shtatorin e af\u00ebrt n\u00eb marr\u00ebdh\u00ebniet politike mes dy forcave kryesore politike t\u00eb vendit. Negociatat e dy krer\u00ebve t\u00eb grupeve parlamentare, p\u00ebrkat\u00ebsisht zotit Patozi dhe zotit Ruci, si\u00e7 po d\u00ebshmohet, kan\u00eb p\u00ebr t\u00eb qen\u00eb vet\u00ebm nj\u00eb nisje e nd\u00ebrprer\u00eb dhe e p\u00ebrdorur sa [&hellip;]","og_url":"https:\/\/fjala.info\/2009-2015\/himara-dhe-dule-majtas-e-bollano-djathtas\/","og_site_name":"FjALA e LIR\u00cb - Arkivi","article_published_time":"2010-08-12T21:42:49+00:00","og_image":[{"url":"http:\/\/www.shkoder.net\/images\/fjala\/aleksander_cipa.jpg","type":"","width":"","height":""}],"author":"admin","twitter_card":"summary_large_image","twitter_misc":{"Written by":"admin","Est. reading time":"5 minutes"},"schema":{"@context":"https:\/\/schema.org","@graph":[{"@type":"Article","@id":"https:\/\/fjala.info\/2009-2015\/himara-dhe-dule-majtas-e-bollano-djathtas\/#article","isPartOf":{"@id":"https:\/\/fjala.info\/2009-2015\/himara-dhe-dule-majtas-e-bollano-djathtas\/"},"author":{"name":"admin","@id":"https:\/\/fjala.info\/2009-2015\/#\/schema\/person\/3aa1163ef05469c496fc94e77611ada2"},"headline":"Himara dhe Dule majtas, e Bollano djathtas","datePublished":"2010-08-12T21:42:49+00:00","mainEntityOfPage":{"@id":"https:\/\/fjala.info\/2009-2015\/himara-dhe-dule-majtas-e-bollano-djathtas\/"},"wordCount":1036,"commentCount":0,"publisher":{"@id":"https:\/\/fjala.info\/2009-2015\/#organization"},"image":{"@id":"https:\/\/fjala.info\/2009-2015\/himara-dhe-dule-majtas-e-bollano-djathtas\/#primaryimage"},"thumbnailUrl":"http:\/\/www.shkoder.net\/images\/fjala\/aleksander_cipa.jpg","articleSection":["Artikuj"],"inLanguage":"sq-AL","potentialAction":[{"@type":"CommentAction","name":"Comment","target":["https:\/\/fjala.info\/2009-2015\/himara-dhe-dule-majtas-e-bollano-djathtas\/#respond"]}]},{"@type":"WebPage","@id":"https:\/\/fjala.info\/2009-2015\/himara-dhe-dule-majtas-e-bollano-djathtas\/","url":"https:\/\/fjala.info\/2009-2015\/himara-dhe-dule-majtas-e-bollano-djathtas\/","name":"Himara dhe Dule majtas, e Bollano djathtas - FjALA e LIR\u00cb - Arkivi","isPartOf":{"@id":"https:\/\/fjala.info\/2009-2015\/#website"},"primaryImageOfPage":{"@id":"https:\/\/fjala.info\/2009-2015\/himara-dhe-dule-majtas-e-bollano-djathtas\/#primaryimage"},"image":{"@id":"https:\/\/fjala.info\/2009-2015\/himara-dhe-dule-majtas-e-bollano-djathtas\/#primaryimage"},"thumbnailUrl":"http:\/\/www.shkoder.net\/images\/fjala\/aleksander_cipa.jpg","datePublished":"2010-08-12T21:42:49+00:00","breadcrumb":{"@id":"https:\/\/fjala.info\/2009-2015\/himara-dhe-dule-majtas-e-bollano-djathtas\/#breadcrumb"},"inLanguage":"sq-AL","potentialAction":[{"@type":"ReadAction","target":["https:\/\/fjala.info\/2009-2015\/himara-dhe-dule-majtas-e-bollano-djathtas\/"]}]},{"@type":"ImageObject","inLanguage":"sq-AL","@id":"https:\/\/fjala.info\/2009-2015\/himara-dhe-dule-majtas-e-bollano-djathtas\/#primaryimage","url":"http:\/\/www.shkoder.net\/images\/fjala\/aleksander_cipa.jpg","contentUrl":"http:\/\/www.shkoder.net\/images\/fjala\/aleksander_cipa.jpg"},{"@type":"BreadcrumbList","@id":"https:\/\/fjala.info\/2009-2015\/himara-dhe-dule-majtas-e-bollano-djathtas\/#breadcrumb","itemListElement":[{"@type":"ListItem","position":1,"name":"Home","item":"https:\/\/fjala.info\/2009-2015\/"},{"@type":"ListItem","position":2,"name":"Himara dhe Dule majtas, e Bollano djathtas"}]},{"@type":"WebSite","@id":"https:\/\/fjala.info\/2009-2015\/#website","url":"https:\/\/fjala.info\/2009-2015\/","name":"FjALA e LIR\u00cb - Arkivi","description":"Arkivi 2009-2015","publisher":{"@id":"https:\/\/fjala.info\/2009-2015\/#organization"},"potentialAction":[{"@type":"SearchAction","target":{"@type":"EntryPoint","urlTemplate":"https:\/\/fjala.info\/2009-2015\/?s={search_term_string}"},"query-input":{"@type":"PropertyValueSpecification","valueRequired":true,"valueName":"search_term_string"}}],"inLanguage":"sq-AL"},{"@type":"Organization","@id":"https:\/\/fjala.info\/2009-2015\/#organization","name":"FjALA e LIR\u00cb - Arkivi","url":"https:\/\/fjala.info\/2009-2015\/","logo":{"@type":"ImageObject","inLanguage":"sq-AL","@id":"https:\/\/fjala.info\/2009-2015\/#\/schema\/logo\/image\/","url":"","contentUrl":"","caption":"FjALA e LIR\u00cb - Arkivi"},"image":{"@id":"https:\/\/fjala.info\/2009-2015\/#\/schema\/logo\/image\/"}},{"@type":"Person","@id":"https:\/\/fjala.info\/2009-2015\/#\/schema\/person\/3aa1163ef05469c496fc94e77611ada2","name":"admin","image":{"@type":"ImageObject","inLanguage":"sq-AL","@id":"https:\/\/fjala.info\/2009-2015\/wp-content\/uploads\/2012\/02\/arben_cokaj-120x150.jpg","url":"https:\/\/fjala.info\/2009-2015\/wp-content\/uploads\/2012\/02\/arben_cokaj-120x150.jpg","contentUrl":"https:\/\/fjala.info\/2009-2015\/wp-content\/uploads\/2012\/02\/arben_cokaj-120x150.jpg","caption":"admin"},"description":"Admin, Fjala e Lir\u00eb","sameAs":["https:\/\/fjala.info\/"],"url":"https:\/\/fjala.info\/2009-2015\/author\/admin\/"}]}},"_links":{"self":[{"href":"https:\/\/fjala.info\/2009-2015\/wp-json\/wp\/v2\/posts\/3700","targetHints":{"allow":["GET"]}}],"collection":[{"href":"https:\/\/fjala.info\/2009-2015\/wp-json\/wp\/v2\/posts"}],"about":[{"href":"https:\/\/fjala.info\/2009-2015\/wp-json\/wp\/v2\/types\/post"}],"author":[{"embeddable":true,"href":"https:\/\/fjala.info\/2009-2015\/wp-json\/wp\/v2\/users\/1"}],"replies":[{"embeddable":true,"href":"https:\/\/fjala.info\/2009-2015\/wp-json\/wp\/v2\/comments?post=3700"}],"version-history":[{"count":0,"href":"https:\/\/fjala.info\/2009-2015\/wp-json\/wp\/v2\/posts\/3700\/revisions"}],"wp:attachment":[{"href":"https:\/\/fjala.info\/2009-2015\/wp-json\/wp\/v2\/media?parent=3700"}],"wp:term":[{"taxonomy":"category","embeddable":true,"href":"https:\/\/fjala.info\/2009-2015\/wp-json\/wp\/v2\/categories?post=3700"},{"taxonomy":"post_tag","embeddable":true,"href":"https:\/\/fjala.info\/2009-2015\/wp-json\/wp\/v2\/tags?post=3700"}],"curies":[{"name":"wp","href":"https:\/\/api.w.org\/{rel}","templated":true}]}}