{"id":3698,"date":"2010-08-12T22:40:30","date_gmt":"2010-08-12T21:40:30","guid":{"rendered":"http:\/\/fjala.shkoder.net\/?p=3698"},"modified":"2010-08-12T22:40:30","modified_gmt":"2010-08-12T21:40:30","slug":"inflacioni-vjedhje-e-dhunshme","status":"publish","type":"post","link":"https:\/\/fjala.info\/2009-2015\/inflacioni-vjedhje-e-dhunshme\/","title":{"rendered":"Inflacioni, vjedhje e dhunshme"},"content":{"rendered":"<p><img decoding=\"async\" style=\"margin-left: 10px; margin-right: 10px; border: 0px;\" title=\"Arben Malaj\" src=\"http:\/\/www.shkoder.net\/images\/fjala\/arben_malaj.jpg\" border=\"0\" alt=\"\" width=\"100\" align=\"right\" \/><\/p>\n<p>nga <strong>ARBEN MALAJ<\/strong>, <em>12.08.2010<\/em><\/p>\n<p>\u00c7do sistem politik i majt\u00eb apo i djatht\u00eb, pavar\u00ebsisht nga debatet p\u00ebr rolin e shtetit n\u00eb ekonomi dhe politik\u00ebn e taksave, \u00ebsht\u00eb i angazhuar n\u00eb arritjen e kohezionit social pra nga rritja ekonomike t\u00eb p\u00ebrfitojn\u00eb t\u00eb gjitha shtresat sociale, dhe barra e taksave t\u00eb shp\u00ebrndahet m\u00eb mir\u00eb midis k\u00ebtyre grupeve.<\/p>\n<p>Po k\u00ebshtu \u00ebsht\u00eb pranuar q\u00eb rritja ekonomike t\u00eb realizohet n\u00eb kushtet e nj\u00eb inflacioni t\u00eb ul\u00ebt dhe kjo \u00ebsht\u00eb m\u00eb e drejt\u00eb nga pik\u00ebpamja sociale. Kjo, sepse vlera reale e \u00e7do t\u00eb ardhure n\u00eb trajt\u00eb; page, pensioni, ndihme sociale apo edhe fitim nga aktivitetet private \u00ebsht\u00eb e kusht\u00ebzuar nga niveli i inflacionit. Rritja e inflacionit g\u00ebrryen fuqin\u00eb reale t\u00eb pagave, pensioneve dhe ndihm\u00ebs sociale.<\/p>\n<p>Ndaj t\u00eb gjitha qeverit\u00eb n\u00eb \u00e7do vend t\u00eb bot\u00ebs n\u00eb objektivat themelore t\u00eb politikave t\u00eb tyre ekonomike, p\u00ebrfshijn\u00eb detyrimisht edhe nivelin e ul\u00ebt t\u00eb inflacionit. P\u00ebr t\u00eb mbajtur n\u00ebn kontroll inflacionin u \u00ebsht\u00eb dh\u00ebn\u00eb pushtet absolut bankave qendrore t\u00eb t\u00eb gjitha vendeve. Sa her\u00eb q\u00eb kryeministra dhe president\u00eb kan\u00eb debatuar rreth pavar\u00ebsis\u00eb absolute nga banka qendrore, rezultati p\u00ebrfundimtar i tyre ka qen\u00eb s\u00ebrish n\u00eb favor t\u00eb bankave qendrore.<\/p>\n<p>Kjo edhe p\u00ebr faktin q\u00eb nj\u00eb impakt negativ mbi inflacionin kan\u00eb edhe deficitet dhe borxhet e larta publike. Nj\u00eb argument tjet\u00ebr p\u00ebr r\u00ebnd\u00ebsin\u00eb e treguesit t\u00eb inflacionit \u00ebsht\u00eb edhe fakti q\u00eb pranimi n\u00eb Eurozon\u00eb nuk kusht\u00ebzohet nga niveli i rritjes ekonomike q\u00eb kan\u00eb vendet kandidate, por nga niveli i inflacionit, deficitit dhe borxhit.<br \/>\nJan\u00eb k\u00ebto disa momente p\u00ebr t\u00eb kuptuar pse ky tregues \u00ebsht\u00eb kaq i r\u00ebnd\u00ebsish\u00ebm, pse inflacioni k\u00ebrkohet t\u00eb jet\u00eb sa m\u00eb i ul\u00ebt dhe pse qeverit\u00eb duhet t\u00eb shqet\u00ebsohen kur inflacioni tenton t\u00eb rritet.<\/p>\n<p>N\u00eb debatet ekonomike e politike inflacioni konsiderohet nj\u00eb tatim indirekt, nj\u00eb tatim, i cili r\u00ebndon mbi t\u00eb gjith\u00eb, por q\u00eb prek m\u00eb shum\u00eb shtresat m\u00eb t\u00eb varfra t\u00eb shoq\u00ebris\u00eb. Pik\u00ebrisht sepse \u00ebsht\u00eb nj\u00eb tatim pa ligj, inflacioni konsiderohet vjedhje me mask\u00eb.<\/p>\n<p>Problemi social i inflacionit b\u00ebhet shqet\u00ebsues p\u00ebr faktin q\u00eb ai godet m\u00eb shum\u00eb shtresat m\u00eb t\u00eb varfra t\u00eb shoq\u00ebris\u00eb.<\/p>\n<p>K\u00ebtu ka disa argumente konkrete. E para, pesha specifike e pagave, pensioneve, ndihm\u00ebs sociale q\u00eb p\u00ebrdoret p\u00ebr nevojat m\u00eb jetike, ushqimet dhe ila\u00e7et \u00ebsht\u00eb shum\u00eb m\u00eb e madhe tek familjet m\u00eb t\u00eb ardhura t\u00eb pakta. Nj\u00eb pensionisti, nj\u00eb t\u00eb papuni dhe nj\u00eb t\u00eb paafti, ushqimet dhe ila\u00e7et i z\u00ebn\u00eb nga 60-80 % t\u00eb t\u00eb ardhurave mujore, nd\u00ebrsa p\u00ebr nj\u00eb person me t\u00eb ardhura t\u00eb larta kjo shif\u00ebr mund t\u00eb jet\u00eb 20-30%.<\/p>\n<p>\u00c7do ndryshim i kostos s\u00eb ushqimit dhe kostos s\u00eb kujdesit sh\u00ebndet\u00ebsor i godet grupet me t\u00eb ardhura t\u00eb ul\u00ebta gjithnj\u00eb e m\u00eb shum\u00eb, i b\u00ebn k\u00ebto grupe sociale m\u00eb t\u00eb varfra, e b\u00ebn shoq\u00ebrin\u00eb ton\u00eb gjithnj\u00eb e m\u00eb brisht\u00eb nga pik\u00ebpamja e kohezionit social.<\/p>\n<p>Lidhur me realitetin ton\u00eb. E para, koh\u00ebt e fundit po konstatohet se kredibiliteti i shifrave t\u00eb inflacionit \u00ebsht\u00eb i cenuar r\u00ebnd\u00eb.<\/p>\n<p>E dyta, koh\u00ebt e fundit po v\u00ebrtetohet nj\u00eb tendenc\u00eb n\u00eb rritje e \u00e7mimeve n\u00eb tregjet nd\u00ebrkomb\u00ebtare, si\u00e7 \u00ebsht\u00eb nafta dhe ushqimet. Sipas eksperiencave t\u00eb krizave t\u00eb m\u00ebparshme, rritja e \u00e7mimit t\u00eb naft\u00ebs do t\u00eb krijoj\u00eb efektin zinxhir mbi l\u00ebnd\u00ebt e tjera, nd\u00ebrsa rritja e \u00e7mimit t\u00eb grurit dhe ushqimeve t\u00eb tjera do t\u00eb krijoj\u00eb nj\u00eb efekt zinxhir t\u00eb rritjes s\u00eb \u00e7mimeve mbi mallrat e konsumit.<\/p>\n<p>E treta, rritja e kostos s\u00eb kujdesit sh\u00ebndet\u00ebsor. \u00cbsht\u00eb prekur sh\u00ebrbimi jetik m\u00eb t\u00eb cilin ballafaqohen m\u00eb shum\u00eb pensionist\u00ebt, t\u00eb s\u00ebmur\u00ebt, t\u00eb paaft\u00ebt, pra grupet sociale m\u00eb t\u00eb ekspozuara t\u00eb shoq\u00ebris\u00eb son\u00eb. Nuk mund t\u00eb mos mbajm\u00eb parasysh q\u00eb nj\u00eb pjes\u00eb e mir\u00eb e kostove t\u00eb rritura, por t\u00eb papasqyruara as nga metodologjit\u00eb bashk\u00ebkohore t\u00eb Institutit t\u00eb Statistikave jan\u00eb pagesat informale, pagesat korruptive dhe pagesat p\u00ebr medikamente t\u00eb munguara, q\u00eb \u00ebsht\u00eb b\u00ebr\u00eb fenomeni m\u00eb i p\u00ebrhapur, m\u00eb i r\u00ebnd\u00eb dhe m\u00eb shqet\u00ebsues p\u00ebr \u00e7do person q\u00eb vet\u00eb apo familjar\u00ebt e tij detyrohen t\u00eb shtrohen n\u00eb spitale pa medikamente.<\/p>\n<p>E kat\u00ebrta, sistemi sh\u00ebndet\u00ebsor shqiptar \u00ebsht\u00eb vler\u00ebsuar shum\u00eb i prekur nga korrupsioni, u prek r\u00ebnd\u00eb nga shkurtimet buxhetore, dhe s\u00eb fundi po preket edhe nga inflacioni i kostove t\u00eb tarifave dhe kostos s\u00eb medikamenteve.<\/p>\n<p>\u00cbsht\u00eb e qart\u00eb se inflacioni monetar do t\u00eb rritet deri n\u00eb fund t\u00eb vitit, Qeveria nga ky tatim indirekt mund t\u00eb marr\u00eb disa t\u00eb ardhura m\u00eb shum\u00eb nga doganat dhe tatimet, por burimi i k\u00ebtyre t\u00eb ardhurave nuk \u00ebsht\u00eb rritja e performac\u00ebs s\u00eb tyre, por r\u00ebnia e fuqis\u00eb bler\u00ebse t\u00eb pagave, pensioneve, asistenc\u00ebs sociale p\u00ebr papun\u00ebsin\u00eb dhe paaft\u00ebsin\u00eb, rritja e tyre vjen nga rritja e varf\u00ebris\u00eb.<br \/>\nTendenca p\u00ebr t\u00eb mbuluar k\u00ebt\u00eb rritje t\u00eb varf\u00ebris\u00eb me inflacionin e deklaratave euforike t\u00eb Qeveris\u00eb, hipokrizia politike p\u00ebr t\u00eb fshehur p\u00ebrmasat, risqet dhe pasojat e inflacionit n\u00eb rritje p\u00ebr mallrat e sh\u00ebrbimet m\u00eb jetike \u00ebsht\u00eb moralisht e papranueshme.<\/p>\n","protected":false},"excerpt":{"rendered":"<p>nga ARBEN MALAJ, 12.08.2010 \u00c7do sistem politik i majt\u00eb apo i djatht\u00eb, pavar\u00ebsisht nga debatet p\u00ebr rolin e shtetit n\u00eb ekonomi dhe politik\u00ebn e taksave, \u00ebsht\u00eb i angazhuar n\u00eb arritjen e kohezionit social pra nga rritja ekonomike t\u00eb p\u00ebrfitojn\u00eb t\u00eb gjitha shtresat sociale, dhe barra e taksave t\u00eb shp\u00ebrndahet m\u00eb mir\u00eb midis k\u00ebtyre grupeve. Po [&hellip;]<\/p>\n","protected":false},"author":1,"featured_media":0,"comment_status":"open","ping_status":"closed","sticky":false,"template":"","format":"standard","meta":{"footnotes":""},"categories":[2],"tags":[],"class_list":{"0":"post-3698","1":"post","2":"type-post","3":"status-publish","4":"format-standard","6":"category-artikuj"},"yoast_head":"<!-- This site is optimized with the Yoast SEO plugin v27.4 - https:\/\/yoast.com\/product\/yoast-seo-wordpress\/ -->\n<title>Inflacioni, vjedhje e dhunshme - FjALA e LIR\u00cb - Arkivi<\/title>\n<meta name=\"robots\" content=\"index, follow, max-snippet:-1, max-image-preview:large, max-video-preview:-1\" \/>\n<link rel=\"canonical\" href=\"https:\/\/fjala.info\/2009-2015\/inflacioni-vjedhje-e-dhunshme\/\" \/>\n<meta property=\"og:locale\" content=\"sq_AL\" \/>\n<meta property=\"og:type\" content=\"article\" \/>\n<meta property=\"og:title\" content=\"Inflacioni, vjedhje e dhunshme - FjALA e LIR\u00cb - Arkivi\" \/>\n<meta property=\"og:description\" content=\"nga ARBEN MALAJ, 12.08.2010 \u00c7do sistem politik i majt\u00eb apo i djatht\u00eb, pavar\u00ebsisht nga debatet p\u00ebr rolin e shtetit n\u00eb ekonomi dhe politik\u00ebn e taksave, \u00ebsht\u00eb i angazhuar n\u00eb arritjen e kohezionit social pra nga rritja ekonomike t\u00eb p\u00ebrfitojn\u00eb t\u00eb gjitha shtresat sociale, dhe barra e taksave t\u00eb shp\u00ebrndahet m\u00eb mir\u00eb midis k\u00ebtyre grupeve. Po [&hellip;]\" \/>\n<meta property=\"og:url\" content=\"https:\/\/fjala.info\/2009-2015\/inflacioni-vjedhje-e-dhunshme\/\" \/>\n<meta property=\"og:site_name\" content=\"FjALA e LIR\u00cb - Arkivi\" \/>\n<meta property=\"article:published_time\" content=\"2010-08-12T21:40:30+00:00\" \/>\n<meta property=\"og:image\" content=\"http:\/\/www.shkoder.net\/images\/fjala\/arben_malaj.jpg\" \/>\n<meta name=\"author\" content=\"admin\" \/>\n<meta name=\"twitter:card\" content=\"summary_large_image\" \/>\n<meta name=\"twitter:label1\" content=\"Written by\" \/>\n\t<meta name=\"twitter:data1\" content=\"admin\" \/>\n\t<meta name=\"twitter:label2\" content=\"Est. reading time\" \/>\n\t<meta name=\"twitter:data2\" content=\"4 minutes\" \/>\n<script type=\"application\/ld+json\" class=\"yoast-schema-graph\">{\"@context\":\"https:\\\/\\\/schema.org\",\"@graph\":[{\"@type\":\"Article\",\"@id\":\"https:\\\/\\\/fjala.info\\\/2009-2015\\\/inflacioni-vjedhje-e-dhunshme\\\/#article\",\"isPartOf\":{\"@id\":\"https:\\\/\\\/fjala.info\\\/2009-2015\\\/inflacioni-vjedhje-e-dhunshme\\\/\"},\"author\":{\"name\":\"admin\",\"@id\":\"https:\\\/\\\/fjala.info\\\/2009-2015\\\/#\\\/schema\\\/person\\\/3aa1163ef05469c496fc94e77611ada2\"},\"headline\":\"Inflacioni, vjedhje e dhunshme\",\"datePublished\":\"2010-08-12T21:40:30+00:00\",\"mainEntityOfPage\":{\"@id\":\"https:\\\/\\\/fjala.info\\\/2009-2015\\\/inflacioni-vjedhje-e-dhunshme\\\/\"},\"wordCount\":880,\"commentCount\":0,\"publisher\":{\"@id\":\"https:\\\/\\\/fjala.info\\\/2009-2015\\\/#organization\"},\"image\":{\"@id\":\"https:\\\/\\\/fjala.info\\\/2009-2015\\\/inflacioni-vjedhje-e-dhunshme\\\/#primaryimage\"},\"thumbnailUrl\":\"http:\\\/\\\/www.shkoder.net\\\/images\\\/fjala\\\/arben_malaj.jpg\",\"articleSection\":[\"Artikuj\"],\"inLanguage\":\"sq-AL\",\"potentialAction\":[{\"@type\":\"CommentAction\",\"name\":\"Comment\",\"target\":[\"https:\\\/\\\/fjala.info\\\/2009-2015\\\/inflacioni-vjedhje-e-dhunshme\\\/#respond\"]}]},{\"@type\":\"WebPage\",\"@id\":\"https:\\\/\\\/fjala.info\\\/2009-2015\\\/inflacioni-vjedhje-e-dhunshme\\\/\",\"url\":\"https:\\\/\\\/fjala.info\\\/2009-2015\\\/inflacioni-vjedhje-e-dhunshme\\\/\",\"name\":\"Inflacioni, vjedhje e dhunshme - FjALA e LIR\u00cb - Arkivi\",\"isPartOf\":{\"@id\":\"https:\\\/\\\/fjala.info\\\/2009-2015\\\/#website\"},\"primaryImageOfPage\":{\"@id\":\"https:\\\/\\\/fjala.info\\\/2009-2015\\\/inflacioni-vjedhje-e-dhunshme\\\/#primaryimage\"},\"image\":{\"@id\":\"https:\\\/\\\/fjala.info\\\/2009-2015\\\/inflacioni-vjedhje-e-dhunshme\\\/#primaryimage\"},\"thumbnailUrl\":\"http:\\\/\\\/www.shkoder.net\\\/images\\\/fjala\\\/arben_malaj.jpg\",\"datePublished\":\"2010-08-12T21:40:30+00:00\",\"breadcrumb\":{\"@id\":\"https:\\\/\\\/fjala.info\\\/2009-2015\\\/inflacioni-vjedhje-e-dhunshme\\\/#breadcrumb\"},\"inLanguage\":\"sq-AL\",\"potentialAction\":[{\"@type\":\"ReadAction\",\"target\":[\"https:\\\/\\\/fjala.info\\\/2009-2015\\\/inflacioni-vjedhje-e-dhunshme\\\/\"]}]},{\"@type\":\"ImageObject\",\"inLanguage\":\"sq-AL\",\"@id\":\"https:\\\/\\\/fjala.info\\\/2009-2015\\\/inflacioni-vjedhje-e-dhunshme\\\/#primaryimage\",\"url\":\"http:\\\/\\\/www.shkoder.net\\\/images\\\/fjala\\\/arben_malaj.jpg\",\"contentUrl\":\"http:\\\/\\\/www.shkoder.net\\\/images\\\/fjala\\\/arben_malaj.jpg\"},{\"@type\":\"BreadcrumbList\",\"@id\":\"https:\\\/\\\/fjala.info\\\/2009-2015\\\/inflacioni-vjedhje-e-dhunshme\\\/#breadcrumb\",\"itemListElement\":[{\"@type\":\"ListItem\",\"position\":1,\"name\":\"Home\",\"item\":\"https:\\\/\\\/fjala.info\\\/2009-2015\\\/\"},{\"@type\":\"ListItem\",\"position\":2,\"name\":\"Inflacioni, vjedhje e dhunshme\"}]},{\"@type\":\"WebSite\",\"@id\":\"https:\\\/\\\/fjala.info\\\/2009-2015\\\/#website\",\"url\":\"https:\\\/\\\/fjala.info\\\/2009-2015\\\/\",\"name\":\"FjALA e LIR\u00cb - Arkivi\",\"description\":\"Arkivi 2009-2015\",\"publisher\":{\"@id\":\"https:\\\/\\\/fjala.info\\\/2009-2015\\\/#organization\"},\"potentialAction\":[{\"@type\":\"SearchAction\",\"target\":{\"@type\":\"EntryPoint\",\"urlTemplate\":\"https:\\\/\\\/fjala.info\\\/2009-2015\\\/?s={search_term_string}\"},\"query-input\":{\"@type\":\"PropertyValueSpecification\",\"valueRequired\":true,\"valueName\":\"search_term_string\"}}],\"inLanguage\":\"sq-AL\"},{\"@type\":\"Organization\",\"@id\":\"https:\\\/\\\/fjala.info\\\/2009-2015\\\/#organization\",\"name\":\"FjALA e LIR\u00cb - Arkivi\",\"url\":\"https:\\\/\\\/fjala.info\\\/2009-2015\\\/\",\"logo\":{\"@type\":\"ImageObject\",\"inLanguage\":\"sq-AL\",\"@id\":\"https:\\\/\\\/fjala.info\\\/2009-2015\\\/#\\\/schema\\\/logo\\\/image\\\/\",\"url\":\"\",\"contentUrl\":\"\",\"caption\":\"FjALA e LIR\u00cb - Arkivi\"},\"image\":{\"@id\":\"https:\\\/\\\/fjala.info\\\/2009-2015\\\/#\\\/schema\\\/logo\\\/image\\\/\"}},{\"@type\":\"Person\",\"@id\":\"https:\\\/\\\/fjala.info\\\/2009-2015\\\/#\\\/schema\\\/person\\\/3aa1163ef05469c496fc94e77611ada2\",\"name\":\"admin\",\"image\":{\"@type\":\"ImageObject\",\"inLanguage\":\"sq-AL\",\"@id\":\"https:\\\/\\\/fjala.info\\\/2009-2015\\\/wp-content\\\/uploads\\\/2012\\\/02\\\/arben_cokaj-120x150.jpg\",\"url\":\"https:\\\/\\\/fjala.info\\\/2009-2015\\\/wp-content\\\/uploads\\\/2012\\\/02\\\/arben_cokaj-120x150.jpg\",\"contentUrl\":\"https:\\\/\\\/fjala.info\\\/2009-2015\\\/wp-content\\\/uploads\\\/2012\\\/02\\\/arben_cokaj-120x150.jpg\",\"caption\":\"admin\"},\"description\":\"Admin, Fjala e Lir\u00eb\",\"sameAs\":[\"https:\\\/\\\/fjala.info\\\/\"],\"url\":\"https:\\\/\\\/fjala.info\\\/2009-2015\\\/author\\\/admin\\\/\"}]}<\/script>\n<!-- \/ Yoast SEO plugin. -->","yoast_head_json":{"title":"Inflacioni, vjedhje e dhunshme - FjALA e LIR\u00cb - Arkivi","robots":{"index":"index","follow":"follow","max-snippet":"max-snippet:-1","max-image-preview":"max-image-preview:large","max-video-preview":"max-video-preview:-1"},"canonical":"https:\/\/fjala.info\/2009-2015\/inflacioni-vjedhje-e-dhunshme\/","og_locale":"sq_AL","og_type":"article","og_title":"Inflacioni, vjedhje e dhunshme - FjALA e LIR\u00cb - Arkivi","og_description":"nga ARBEN MALAJ, 12.08.2010 \u00c7do sistem politik i majt\u00eb apo i djatht\u00eb, pavar\u00ebsisht nga debatet p\u00ebr rolin e shtetit n\u00eb ekonomi dhe politik\u00ebn e taksave, \u00ebsht\u00eb i angazhuar n\u00eb arritjen e kohezionit social pra nga rritja ekonomike t\u00eb p\u00ebrfitojn\u00eb t\u00eb gjitha shtresat sociale, dhe barra e taksave t\u00eb shp\u00ebrndahet m\u00eb mir\u00eb midis k\u00ebtyre grupeve. Po [&hellip;]","og_url":"https:\/\/fjala.info\/2009-2015\/inflacioni-vjedhje-e-dhunshme\/","og_site_name":"FjALA e LIR\u00cb - Arkivi","article_published_time":"2010-08-12T21:40:30+00:00","og_image":[{"url":"http:\/\/www.shkoder.net\/images\/fjala\/arben_malaj.jpg","type":"","width":"","height":""}],"author":"admin","twitter_card":"summary_large_image","twitter_misc":{"Written by":"admin","Est. reading time":"4 minutes"},"schema":{"@context":"https:\/\/schema.org","@graph":[{"@type":"Article","@id":"https:\/\/fjala.info\/2009-2015\/inflacioni-vjedhje-e-dhunshme\/#article","isPartOf":{"@id":"https:\/\/fjala.info\/2009-2015\/inflacioni-vjedhje-e-dhunshme\/"},"author":{"name":"admin","@id":"https:\/\/fjala.info\/2009-2015\/#\/schema\/person\/3aa1163ef05469c496fc94e77611ada2"},"headline":"Inflacioni, vjedhje e dhunshme","datePublished":"2010-08-12T21:40:30+00:00","mainEntityOfPage":{"@id":"https:\/\/fjala.info\/2009-2015\/inflacioni-vjedhje-e-dhunshme\/"},"wordCount":880,"commentCount":0,"publisher":{"@id":"https:\/\/fjala.info\/2009-2015\/#organization"},"image":{"@id":"https:\/\/fjala.info\/2009-2015\/inflacioni-vjedhje-e-dhunshme\/#primaryimage"},"thumbnailUrl":"http:\/\/www.shkoder.net\/images\/fjala\/arben_malaj.jpg","articleSection":["Artikuj"],"inLanguage":"sq-AL","potentialAction":[{"@type":"CommentAction","name":"Comment","target":["https:\/\/fjala.info\/2009-2015\/inflacioni-vjedhje-e-dhunshme\/#respond"]}]},{"@type":"WebPage","@id":"https:\/\/fjala.info\/2009-2015\/inflacioni-vjedhje-e-dhunshme\/","url":"https:\/\/fjala.info\/2009-2015\/inflacioni-vjedhje-e-dhunshme\/","name":"Inflacioni, vjedhje e dhunshme - FjALA e LIR\u00cb - Arkivi","isPartOf":{"@id":"https:\/\/fjala.info\/2009-2015\/#website"},"primaryImageOfPage":{"@id":"https:\/\/fjala.info\/2009-2015\/inflacioni-vjedhje-e-dhunshme\/#primaryimage"},"image":{"@id":"https:\/\/fjala.info\/2009-2015\/inflacioni-vjedhje-e-dhunshme\/#primaryimage"},"thumbnailUrl":"http:\/\/www.shkoder.net\/images\/fjala\/arben_malaj.jpg","datePublished":"2010-08-12T21:40:30+00:00","breadcrumb":{"@id":"https:\/\/fjala.info\/2009-2015\/inflacioni-vjedhje-e-dhunshme\/#breadcrumb"},"inLanguage":"sq-AL","potentialAction":[{"@type":"ReadAction","target":["https:\/\/fjala.info\/2009-2015\/inflacioni-vjedhje-e-dhunshme\/"]}]},{"@type":"ImageObject","inLanguage":"sq-AL","@id":"https:\/\/fjala.info\/2009-2015\/inflacioni-vjedhje-e-dhunshme\/#primaryimage","url":"http:\/\/www.shkoder.net\/images\/fjala\/arben_malaj.jpg","contentUrl":"http:\/\/www.shkoder.net\/images\/fjala\/arben_malaj.jpg"},{"@type":"BreadcrumbList","@id":"https:\/\/fjala.info\/2009-2015\/inflacioni-vjedhje-e-dhunshme\/#breadcrumb","itemListElement":[{"@type":"ListItem","position":1,"name":"Home","item":"https:\/\/fjala.info\/2009-2015\/"},{"@type":"ListItem","position":2,"name":"Inflacioni, vjedhje e dhunshme"}]},{"@type":"WebSite","@id":"https:\/\/fjala.info\/2009-2015\/#website","url":"https:\/\/fjala.info\/2009-2015\/","name":"FjALA e LIR\u00cb - Arkivi","description":"Arkivi 2009-2015","publisher":{"@id":"https:\/\/fjala.info\/2009-2015\/#organization"},"potentialAction":[{"@type":"SearchAction","target":{"@type":"EntryPoint","urlTemplate":"https:\/\/fjala.info\/2009-2015\/?s={search_term_string}"},"query-input":{"@type":"PropertyValueSpecification","valueRequired":true,"valueName":"search_term_string"}}],"inLanguage":"sq-AL"},{"@type":"Organization","@id":"https:\/\/fjala.info\/2009-2015\/#organization","name":"FjALA e LIR\u00cb - Arkivi","url":"https:\/\/fjala.info\/2009-2015\/","logo":{"@type":"ImageObject","inLanguage":"sq-AL","@id":"https:\/\/fjala.info\/2009-2015\/#\/schema\/logo\/image\/","url":"","contentUrl":"","caption":"FjALA e LIR\u00cb - Arkivi"},"image":{"@id":"https:\/\/fjala.info\/2009-2015\/#\/schema\/logo\/image\/"}},{"@type":"Person","@id":"https:\/\/fjala.info\/2009-2015\/#\/schema\/person\/3aa1163ef05469c496fc94e77611ada2","name":"admin","image":{"@type":"ImageObject","inLanguage":"sq-AL","@id":"https:\/\/fjala.info\/2009-2015\/wp-content\/uploads\/2012\/02\/arben_cokaj-120x150.jpg","url":"https:\/\/fjala.info\/2009-2015\/wp-content\/uploads\/2012\/02\/arben_cokaj-120x150.jpg","contentUrl":"https:\/\/fjala.info\/2009-2015\/wp-content\/uploads\/2012\/02\/arben_cokaj-120x150.jpg","caption":"admin"},"description":"Admin, Fjala e Lir\u00eb","sameAs":["https:\/\/fjala.info\/"],"url":"https:\/\/fjala.info\/2009-2015\/author\/admin\/"}]}},"_links":{"self":[{"href":"https:\/\/fjala.info\/2009-2015\/wp-json\/wp\/v2\/posts\/3698","targetHints":{"allow":["GET"]}}],"collection":[{"href":"https:\/\/fjala.info\/2009-2015\/wp-json\/wp\/v2\/posts"}],"about":[{"href":"https:\/\/fjala.info\/2009-2015\/wp-json\/wp\/v2\/types\/post"}],"author":[{"embeddable":true,"href":"https:\/\/fjala.info\/2009-2015\/wp-json\/wp\/v2\/users\/1"}],"replies":[{"embeddable":true,"href":"https:\/\/fjala.info\/2009-2015\/wp-json\/wp\/v2\/comments?post=3698"}],"version-history":[{"count":0,"href":"https:\/\/fjala.info\/2009-2015\/wp-json\/wp\/v2\/posts\/3698\/revisions"}],"wp:attachment":[{"href":"https:\/\/fjala.info\/2009-2015\/wp-json\/wp\/v2\/media?parent=3698"}],"wp:term":[{"taxonomy":"category","embeddable":true,"href":"https:\/\/fjala.info\/2009-2015\/wp-json\/wp\/v2\/categories?post=3698"},{"taxonomy":"post_tag","embeddable":true,"href":"https:\/\/fjala.info\/2009-2015\/wp-json\/wp\/v2\/tags?post=3698"}],"curies":[{"name":"wp","href":"https:\/\/api.w.org\/{rel}","templated":true}]}}