{"id":3695,"date":"2010-08-12T11:26:32","date_gmt":"2010-08-12T10:26:32","guid":{"rendered":"http:\/\/fjala.shkoder.net\/?p=3695"},"modified":"2010-08-12T11:26:32","modified_gmt":"2010-08-12T10:26:32","slug":"raste-te-pakrahasueshme","status":"publish","type":"post","link":"https:\/\/fjala.info\/2009-2015\/raste-te-pakrahasueshme\/","title":{"rendered":"Raste t\u00eb pakrahasueshme"},"content":{"rendered":"<p><img decoding=\"async\" style=\"margin-left: 10px; margin-right: 10px; border: 0px;\" title=\"Pre\u00e7 Zogaj\" src=\"http:\/\/www.shkoder.net\/images\/fjala\/prec_zogaj.jpg\" border=\"0\" alt=\"\" width=\"100\" align=\"left\" \/><\/p>\n<p><strong>Pre\u00e7 Zogaj<\/strong>, <em>12.08.2010<\/em><\/p>\n<p>P\u00ebr disa dit\u00eb radhazi, deputet dhe drejtues t\u00eb PS-s\u00eb, kryesisht femra, kan\u00eb ven\u00eb n\u00eb sh\u00ebnjest\u00ebr t\u00eb denoncimeve t\u00eb tyre p\u00ebr korrupsion deputeten e PD-s\u00eb, Albana Vokshin. Kjo deputete akuzohet se nuk ka deklaruar pasurin\u00eb e bashk\u00ebshortit t\u00eb saj, Arjan Tartari, biznesmen. Zonja Vokshi \u00ebsht\u00eb p\u00ebrgjigjur se bashk\u00ebjeton, ka nj\u00eb f\u00ebmij\u00eb, por nuk ka v\u00ebn\u00eb kuror\u00eb me zotin Tartari, pra nuk \u00ebsht\u00eb e martuar ligj\u00ebrisht me t\u00eb dhe prandaj nuk e ka deklaruar si t\u00eb saj\u00ebn apo si t\u00eb p\u00ebrbashk\u00ebt pasurin\u00eb e tij. Bashk\u00ebjetesa pa celebrim e \u00e7ifteve \u00ebsht\u00eb nj\u00eb dukuri e p\u00ebrhapur tashm\u00eb edhe n\u00eb Shqip\u00ebri. <\/p>\n<p>P\u00ebrve\u00e7se nj\u00eb zgjedhje e lir\u00eb e partner\u00ebve, ajo \u00ebsht\u00eb edhe nj\u00eb kopertur\u00eb problemesh, mosp\u00ebrputhjesh e pasigurish q\u00eb mbesin enigm\u00eb n\u00eb sfer\u00ebn e privat\u00ebsis\u00eb s\u00eb burrit dhe gruas. Megjithat\u00eb, shpjegimi q\u00eb ka dh\u00ebn\u00eb zonja Vokshi, vet\u00ebm e ka shtuar vrullin e akuzave ndaj saj. Nga foltorja socialiste publiku \u00ebsht\u00eb informuar se Arjan Tartari ka a 12 a 20 p\u00ebrqind t\u00eb aksioneve n\u00eb nj\u00eb shoq\u00ebri t\u00eb huaj q\u00eb merret me nxjerrjen e naft\u00ebs n\u00eb nj\u00eb zon\u00eb t\u00eb Fierit. Zoti Tartari ka marr\u00eb gjithashtu nga Ministria e Ekonomis\u00eb dy koncesione p\u00ebr nd\u00ebrtimin e dy hidrocentraleve t\u00eb vegj\u00ebl. <\/p>\n<p>Nga e nj\u00ebjta foltore, PS ka treguar edhe sa \u00ebsht\u00eb vlera e pasuris\u00eb s\u00eb Arjan Tartarit, q\u00eb nuk e ka deklaruar Albana Vokshi. Sipas letrave q\u00eb nxori nj\u00eb dit\u00eb si me ndrojtje nj\u00eb deputete e re socialiste, b\u00ebhet fjal\u00eb p\u00ebr shuma marramend\u00ebse n\u00eb disa milion euro.<\/p>\n<p>Si\u00e7 po shihet, opozitar\u00ebt q\u00eb po merren me ket\u00eb rast kan\u00eb bindjen se kan\u00eb kapur nj\u00eb peshk t\u00eb madh. Kjo shpjegon alternimin dhe ngulmimin e tyre t\u00eb p\u00ebrditsh\u00ebm n\u00eb fushat\u00ebn q\u00eb kan\u00eb nd\u00ebrmarr\u00eb. N\u00eb legjislatur\u00ebn e kaluar Albana Vokshi ka qen\u00eb p\u00ebr pak koh\u00eb k\u00ebshilltare e kryeministrit Berisha, kurse tani \u00ebsht\u00eb deputete e shumic\u00ebs. Motra e saj e madhe ka pasur nj\u00eb post ky\u00e7 n\u00eb drejtorin\u00eb e koncesioneve n\u00eb Ministrin\u00eb e Ekonomis\u00eb. <\/p>\n<p>N\u00eb p\u00ebrshtypjen e opinionit motrat Vokshi kan\u00eb qen\u00eb gjithnj\u00eb pjes\u00eb e oborrit berishian, si\u00e7 thuhet n\u00eb t\u00eb folur\u00ebn e tanishme opozitare. Pa pushtetin e tyre dhe pa nd\u00ebrhyrjen e tyre, Arjan Tartari nuk do t&#8217;i kishte marr\u00eb ato q\u00eb ka marr\u00eb! Sipas llogarive t\u00eb opozit\u00ebs, akuzat ndaj tyre i shkojn\u00eb automatikisht Berish\u00ebs! Goditjet n\u00eb adres\u00eb t\u00eb tyre i merr automatikisht qeveria dhe kryeministri Berisha!<br \/>\nKjo \u00ebsht\u00eb lidhja, e shkurt\u00ebr sigurisht dhe josh\u00ebse p\u00ebr natyr\u00ebn e varf\u00ebr t\u00eb luft\u00ebs politike n\u00eb Shqip\u00ebri. Kjo \u00ebsht\u00eb fabula. E vjet\u00ebr, e njohur, jo e paefektshme n\u00eb luft\u00ebrat e partive shqiptare p\u00ebr pushtet dhe denigrim. <\/p>\n<p>Besoj nuk kam nevoj\u00eb t\u00eb p\u00ebrs\u00ebris se lufta kund\u00ebr korrupsionit p\u00ebrb\u00ebn d\u00ebshtimin e madh t\u00eb qeveris\u00eb &#8220;Berisha&#8221;. E kam n\u00ebnvizuar disa her\u00eb n\u00eb shkrimet e mia se as Berisha nuk arriti t\u00eb pajtonte antikorrupsionin me mbajtjen e pushtetit. Edhe p\u00ebr t\u00eb antikorrupsioni dhe pushteti rezultuan nocione p\u00ebrjashtuese. Duhej zgjedhur nj\u00ebri ose tjetri. Berisha zgjodhi t\u00eb mbante pushtetin duke lejuar e bashk\u00ebjetuar deri brenda n\u00eb qeverin\u00eb e tij me korrupsionin. <\/p>\n<p>Ky \u00ebsht\u00eb d\u00ebshtimi, frytet e hidhura t\u00eb t\u00eb cilit nuk i kemi mbledhur akoma deri n\u00eb fund. \u00cbsht\u00eb detyra e opozit\u00ebs q\u00eb jo vet\u00ebm ta denoncoj\u00eb k\u00ebt\u00eb d\u00ebshtim, por t\u00eb jap\u00eb edhe garancit\u00eb e nj\u00eb luft\u00eb t\u00eb suksesshme kur t\u00eb vij\u00eb n\u00eb pushtet nes\u00ebr. Garancia e vetme p\u00ebr momentin \u00ebsht\u00eb m\u00ebnyra si e lufton opozita korrupsionin. Kur e lufton me drejt\u00ebsi dhe sakt\u00ebsi, do t\u00eb thot\u00eb se edhe nes\u00ebr n\u00eb pushtet k\u00ebshtu do t\u00eb veproj\u00eb . Nd\u00ebrsa kur e lufton kodra pas bregut sa p\u00ebr zhurm\u00eb, do t\u00eb thot\u00eb se antikorrupsioni \u00ebsht\u00eb nj\u00eb mashtrim p\u00ebr t\u00eb marr\u00eb vota.<\/p>\n<p>Opozita e sotme p\u00ebrpiqet t\u00eb b\u00ebj\u00eb mire luft\u00ebn kund\u00ebr korrupsionit. Ajo, n\u00eb p\u00ebrgjith\u00ebsi, as nuk mbytet n\u00eb nj\u00eb pik\u00eb uj\u00eb, as nuk trembet nga dallg\u00ebt e m\u00ebdha, as nuk i fut t\u00eb t\u00ebr\u00eb n\u00eb nj\u00eb thes, as nuk lufton me koka turku. Opozita \u00ebsht\u00eb p\u00ebrpjekur e p\u00ebrpiqet t\u00eb fokusohet te shkaqet themelore t\u00eb korrupsionit n\u00eb vend. Shkaqet i prodhojn\u00eb rastet dhe jo anasjelltas. T\u00eb nisesh vet\u00ebm nga rastet jasht\u00eb kontekstit t\u00eb shkaqeve do t\u00eb thot\u00eb m\u00eb e pakta t\u00eb jesh spontan dhe pa vizion.<\/p>\n<p>T\u00eb kthehemi te rasti &#8220;Vokshi-Tartari&#8221;, q\u00eb p\u00ebrmendem m\u00eb sip\u00ebr. Ky rast \u00ebsht\u00eb proporcional n\u00eb trajtim n\u00eb krahasim me rastin &#8220;Prifti&#8221;, t\u00eb cilin opozita e pat denoncuar m\u00eb par\u00eb n\u00eb Kuvend. Prifti \u00ebsht\u00eb minist\u00ebr dhe deputet, ka kompetenca vendimmarr\u00ebse t\u00eb r\u00ebnd\u00ebsishme, paguhet dhe p\u00ebrfiton privilegjet ligjore t\u00eb zyrtarit t\u00eb lart\u00eb, pra ka nj\u00eb status krejt tjet\u00ebr n\u00eb krahasim me nj\u00eb biznesmen si Arjan Tartari. <\/p>\n<p>\u00cbsht\u00eb e pakuptueshme q\u00eb opozita e vendit merret m\u00eb gjat\u00eb me pasurin\u00eb e k\u00ebtij biznesmeni, se sa me pasurimin e rrufeshme t\u00eb nj\u00eb ministri q\u00eb nuk ka argumentuar dot as si i vuri milionat, as p\u00ebrse nuk i ka paguar taksat shtetit. Sekreti i drejt\u00ebsis\u00eb \u00ebsht\u00eb t\u00eb peshoj\u00eb, t\u00eb dalloj\u00eb, t\u00eb rendis\u00eb, t\u00eb seleksionoj\u00eb, ti jap\u00eb secilit vendin dhe hakun.<\/p>\n<p>E merr vesh kushdo dhe e di edhe un\u00eb se opozita nuk e ka me Tartarin, por me Vokshin dhe pastaj me Berish\u00ebn. Mir\u00ebpo k\u00ebtu po denoncohen bizneset e Tartarit, apo jo? Un\u00eb nuk e di a i paguan ai taksat n\u00eb rregull apo jo dhe nuk e v\u00eb dor\u00ebn n\u00eb zjarr p\u00ebr asgj\u00eb, por ai po trajtohet si mish p\u00ebr top n\u00eb k\u00ebt\u00eb histori. Kjo nuk mund t\u00eb pranohet pa nj\u00eb argumentim t\u00eb sakt\u00eb t\u00eb shkeljes q\u00eb ka kryer biznesmeni, ku natyra e fakteve t\u00eb studiuara t\u00eb jet\u00eb e till\u00eb q\u00eb t\u00eb p\u00ebrligj\u00eb fushat\u00ebn ndaj tij. Opozita \u00ebsht\u00eb institucion, nuk \u00ebsht\u00eb fletushk\u00eb gazete. <\/p>\n<p>T\u00eb marr\u00ebt dhe t\u00eb pap\u00ebrgjegjshmit e kan\u00eb zakon t\u00eb hedhin bomb\u00ebn n\u00eb mexhlis me q\u00ebllim q\u00eb ndonj\u00eb cif\u00ebl t&#8217;i fishk\u00ebllej\u00eb armikut t\u00eb tyre te veshi. Detyra elementare e opozit\u00ebs n\u00eb raste t\u00eb tilla \u00ebsht\u00eb t\u00eb sakt\u00ebsoj\u00eb akuz\u00ebn. Cila \u00ebsht\u00eb akuza? Shkelje e ligjit? P\u00ebrvet\u00ebsim? Krijim leht\u00ebsirash e privilegjesh n\u00eb gar\u00eb? Jo \u00e7do shkelje \u00ebsht\u00eb korrupsion. Shkeljet duhen t\u00eb thirren me emrin q\u00eb kan\u00eb. Zakoni p\u00ebr t&#8217;i futur t\u00eb gjitha llojet e shkeljeve n\u00eb nj\u00eb thes, duke u v\u00ebn\u00eb emrin korrupsion, \u00ebsht\u00eb n\u00eb fakt sh\u00ebrbimi m\u00eb i madh q\u00eb i b\u00ebhet korrupsionit si dukuri. <\/p>\n<p>Mua m\u00eb duket se lufta e opozit\u00ebs kund\u00ebr korrupsionit \u00ebsht\u00eb produktive kur \u00ebsht\u00eb e drejt\u00eb, e argumentuar, konkrete dhe e mb\u00ebshtetur n\u00eb ve\u00e7orit\u00eb q\u00eb ka korrupsioni n\u00eb qeverisjen aktuale. Nd\u00ebrsa kur q\u00ebllon q\u00eb opozita t\u00eb bjer\u00eb n\u00eb kurthin e lidhjeve t\u00eb shkurtra apo t\u00eb luft\u00ebs p\u00ebr luft\u00eb, sa p\u00ebr zhurm\u00eb, antikorrupsioni nuk sjell rezultate. Opozita e ka kapur kryeministrin n\u00eb &#8220;deliktin&#8221; e heshtjes p\u00ebr rastin e Dritan Priftit, por duhet ditur se kryeministri nuk hesht vet\u00ebm kur kapet. <\/p>\n<p>Atij i vjen p\u00ebrshtat t\u00eb hesht\u00eb edhe kur ndihet dor\u00ebjasht\u00eb, sidomos kur opozita ekzagjeron apo ia fut kot. Lufta e padrejt\u00eb, e pamb\u00ebshtetur n\u00eb fakte t\u00eb studiuara, e kompromenton luft\u00ebn e drejt\u00eb dhe \u00ebsht\u00eb n\u00eb favor t\u00eb nj\u00eb qeverie t\u00eb korruptuar. Nj\u00eb deputet i opozit\u00ebs ka treguar tendenciozitet dhe amatoriz\u00ebm t\u00eb madh para pak dit\u00ebsh, kur p\u00ebr t\u00eb &#8220;tronditur&#8221; opinionin, llogariste si pasuri t\u00eb Arjan Tartari vler\u00ebn n\u00eb let\u00ebr t\u00eb krejt zon\u00ebs naft\u00ebmbajt\u00ebse ku punon shoq\u00ebria e huaj. T\u00eb tjer\u00ebt na duken shpesh shum\u00eb t\u00eb pasur. <\/p>\n<p>Politikan\u00ebt e kan\u00eb zakon t\u00eb mos mendohen dy her\u00eb p\u00ebr t\u00eb shtuar zero n\u00eb pasurin\u00eb e atyre q\u00eb ven\u00eb n\u00eb sh\u00ebnjest\u00ebr. Por kur vjen puna t\u00eb nj\u00eb llogari e q\u00ebruar, miliardat e biznesmen\u00ebve katandisen si kokoshi nj\u00eb thel\u00eb. R\u00ebndom, ve\u00e7an\u00ebrisht k\u00ebto dy vitet e fundit, shumica e biznesmen\u00ebve e vrasin mendjen vet\u00ebm si t\u00eb mbijetojn\u00eb dhe mezi paguajn\u00eb rrogat. Nj\u00eb miku im ka marr\u00eb para dy vitesh, pa paguar ryshfet, lejen e nd\u00ebrtimit me koncesion t\u00eb dy hidrocentraleve t\u00eb vegj\u00ebl. I duhen rreth dhjet\u00eb milion euro p\u00ebr t&#8217;i nd\u00ebrtuar, por nuk po i gjen ende, sepse bankat kan\u00eb shtr\u00ebnguar kredidh\u00ebnien. Problemi i tij dhe i shum\u00eb t\u00eb tjer\u00ebve si ai \u00ebsht\u00eb sigurimi i financimit. <\/p>\n<p>Nuk e di a \u00ebsht\u00eb ky problemi i Arjan Tartarit q\u00eb ka marr\u00eb dy leje. Por di se n\u00eb t\u00ebr\u00ebsi moria e hidrocentraleve t\u00eb vegj\u00ebl q\u00eb u dhan\u00eb me koncesion nuk po prodhojn\u00eb as energji, as para, por vet\u00ebm kok\u00eb\u00e7arje p\u00ebr koncensionmarr\u00ebsit. Ky \u00ebsht\u00eb nj\u00eb problem i madh i sip\u00ebrmarrjes , q\u00eb apelon zgjidhje dhe programe zhvillimi nga opozita si alternativ\u00eb e qeverisjes. A e njeh opozita k\u00ebt\u00eb problem? Kam p\u00ebrshtypjen se nuk e njeh mir\u00eb. P\u00ebrndryshe do t\u00eb matej shtat\u00eb her\u00eb p\u00ebrpara se t\u00eb fliste p\u00ebr milionat dhe miliardat n\u00eb hava t\u00eb dikujt q\u00eb ka q\u00eblluar t\u00eb jet\u00eb bashk\u00ebshorti i nj\u00eb deputeteje t\u00eb partis\u00eb n\u00eb pushtet.<\/p>\n<p>M\u00eb kujtohet vjeshta e vitit 2003, kur isha drejtor i fushat\u00ebs elektorale t\u00eb Spartak Ngjel\u00ebs n\u00eb Partin\u00eb Demokratike. Na u k\u00ebrkua t\u00eb organizonim nj\u00eb protest\u00eb pran\u00eb nj\u00eb benzinate, lejen e s\u00eb cil\u00ebs e kishte dh\u00ebn\u00eb Edi Rama. U kujtova k\u00ebto dit\u00eb se benzinata i p\u00ebrkiste biznesmenit Arjan Tartari. Un\u00eb, sigurisht nuk shkova. Nuk shkova p\u00ebr t\u00eb nj\u00ebjtat motive q\u00eb nuk miratoj sot fushat\u00ebn e opozit\u00ebs s\u00eb majt\u00eb kund\u00ebr &#8221; benzinat\u00ebs&#8221; se re t\u00eb zotit Tartari, q\u00eb k\u00ebsaj radhe nuk e paska marr\u00eb me firm\u00ebn e Ram\u00ebs, por me firm\u00ebn e Vokshit, dometh\u00ebn\u00eb Berish\u00ebs. Mjaft! Mjaft! <\/p>\n<p>Nj\u00ebsimi i biznesmen\u00ebve me pushtetin ku marrin lejet p\u00ebr t\u00eb punuar \u00ebsht\u00eb n\u00eb parim nj\u00eb qasje e turpshme q\u00eb nuk na thot\u00eb asgj\u00eb p\u00ebr ndershm\u00ebrin\u00eb apo ndershm\u00ebrin\u00eb e tyre, sikurse nuk na thot\u00eb asgj\u00eb fakti se me ke martohen dhe si i nd\u00ebrtojn\u00eb marr\u00ebdh\u00ebniet me grat\u00eb. Faktet p\u00ebrball\u00eb ligjit- k\u00ebto kan\u00eb vler\u00eb. Por edhe k\u00ebto duhen shpallur me shenj\u00ebn e mas\u00ebs dhe respektit p\u00ebr t\u00eb tjer\u00ebt. <\/p>\n","protected":false},"excerpt":{"rendered":"<p>Pre\u00e7 Zogaj, 12.08.2010 P\u00ebr disa dit\u00eb radhazi, deputet dhe drejtues t\u00eb PS-s\u00eb, kryesisht femra, kan\u00eb ven\u00eb n\u00eb sh\u00ebnjest\u00ebr t\u00eb denoncimeve t\u00eb tyre p\u00ebr korrupsion deputeten e PD-s\u00eb, Albana Vokshin. Kjo deputete akuzohet se nuk ka deklaruar pasurin\u00eb e bashk\u00ebshortit t\u00eb saj, Arjan Tartari, biznesmen. Zonja Vokshi \u00ebsht\u00eb p\u00ebrgjigjur se bashk\u00ebjeton, ka nj\u00eb f\u00ebmij\u00eb, por nuk [&hellip;]<\/p>\n","protected":false},"author":1,"featured_media":0,"comment_status":"open","ping_status":"closed","sticky":false,"template":"","format":"standard","meta":{"footnotes":""},"categories":[2],"tags":[],"class_list":{"0":"post-3695","1":"post","2":"type-post","3":"status-publish","4":"format-standard","6":"category-artikuj"},"yoast_head":"<!-- This site is optimized with the Yoast SEO plugin v27.4 - https:\/\/yoast.com\/product\/yoast-seo-wordpress\/ -->\n<title>Raste t\u00eb pakrahasueshme - FjALA e LIR\u00cb - Arkivi<\/title>\n<meta name=\"robots\" content=\"index, follow, max-snippet:-1, max-image-preview:large, max-video-preview:-1\" \/>\n<link rel=\"canonical\" href=\"https:\/\/fjala.info\/2009-2015\/raste-te-pakrahasueshme\/\" \/>\n<meta property=\"og:locale\" content=\"sq_AL\" \/>\n<meta property=\"og:type\" content=\"article\" \/>\n<meta property=\"og:title\" content=\"Raste t\u00eb pakrahasueshme - FjALA e LIR\u00cb - Arkivi\" \/>\n<meta property=\"og:description\" content=\"Pre\u00e7 Zogaj, 12.08.2010 P\u00ebr disa dit\u00eb radhazi, deputet dhe drejtues t\u00eb PS-s\u00eb, kryesisht femra, kan\u00eb ven\u00eb n\u00eb sh\u00ebnjest\u00ebr t\u00eb denoncimeve t\u00eb tyre p\u00ebr korrupsion deputeten e PD-s\u00eb, Albana Vokshin. Kjo deputete akuzohet se nuk ka deklaruar pasurin\u00eb e bashk\u00ebshortit t\u00eb saj, Arjan Tartari, biznesmen. Zonja Vokshi \u00ebsht\u00eb p\u00ebrgjigjur se bashk\u00ebjeton, ka nj\u00eb f\u00ebmij\u00eb, por nuk [&hellip;]\" \/>\n<meta property=\"og:url\" content=\"https:\/\/fjala.info\/2009-2015\/raste-te-pakrahasueshme\/\" \/>\n<meta property=\"og:site_name\" content=\"FjALA e LIR\u00cb - Arkivi\" \/>\n<meta property=\"article:published_time\" content=\"2010-08-12T10:26:32+00:00\" \/>\n<meta property=\"og:image\" content=\"http:\/\/www.shkoder.net\/images\/fjala\/prec_zogaj.jpg\" \/>\n<meta name=\"author\" content=\"admin\" \/>\n<meta name=\"twitter:card\" content=\"summary_large_image\" \/>\n<meta name=\"twitter:label1\" content=\"Written by\" \/>\n\t<meta name=\"twitter:data1\" content=\"admin\" \/>\n\t<meta name=\"twitter:label2\" content=\"Est. reading time\" \/>\n\t<meta name=\"twitter:data2\" content=\"9 minutes\" \/>\n<script type=\"application\/ld+json\" class=\"yoast-schema-graph\">{\"@context\":\"https:\\\/\\\/schema.org\",\"@graph\":[{\"@type\":\"Article\",\"@id\":\"https:\\\/\\\/fjala.info\\\/2009-2015\\\/raste-te-pakrahasueshme\\\/#article\",\"isPartOf\":{\"@id\":\"https:\\\/\\\/fjala.info\\\/2009-2015\\\/raste-te-pakrahasueshme\\\/\"},\"author\":{\"name\":\"admin\",\"@id\":\"https:\\\/\\\/fjala.info\\\/2009-2015\\\/#\\\/schema\\\/person\\\/3aa1163ef05469c496fc94e77611ada2\"},\"headline\":\"Raste t\u00eb pakrahasueshme\",\"datePublished\":\"2010-08-12T10:26:32+00:00\",\"mainEntityOfPage\":{\"@id\":\"https:\\\/\\\/fjala.info\\\/2009-2015\\\/raste-te-pakrahasueshme\\\/\"},\"wordCount\":1755,\"commentCount\":2,\"publisher\":{\"@id\":\"https:\\\/\\\/fjala.info\\\/2009-2015\\\/#organization\"},\"image\":{\"@id\":\"https:\\\/\\\/fjala.info\\\/2009-2015\\\/raste-te-pakrahasueshme\\\/#primaryimage\"},\"thumbnailUrl\":\"http:\\\/\\\/www.shkoder.net\\\/images\\\/fjala\\\/prec_zogaj.jpg\",\"articleSection\":[\"Artikuj\"],\"inLanguage\":\"sq-AL\",\"potentialAction\":[{\"@type\":\"CommentAction\",\"name\":\"Comment\",\"target\":[\"https:\\\/\\\/fjala.info\\\/2009-2015\\\/raste-te-pakrahasueshme\\\/#respond\"]}]},{\"@type\":\"WebPage\",\"@id\":\"https:\\\/\\\/fjala.info\\\/2009-2015\\\/raste-te-pakrahasueshme\\\/\",\"url\":\"https:\\\/\\\/fjala.info\\\/2009-2015\\\/raste-te-pakrahasueshme\\\/\",\"name\":\"Raste t\u00eb pakrahasueshme - FjALA e LIR\u00cb - Arkivi\",\"isPartOf\":{\"@id\":\"https:\\\/\\\/fjala.info\\\/2009-2015\\\/#website\"},\"primaryImageOfPage\":{\"@id\":\"https:\\\/\\\/fjala.info\\\/2009-2015\\\/raste-te-pakrahasueshme\\\/#primaryimage\"},\"image\":{\"@id\":\"https:\\\/\\\/fjala.info\\\/2009-2015\\\/raste-te-pakrahasueshme\\\/#primaryimage\"},\"thumbnailUrl\":\"http:\\\/\\\/www.shkoder.net\\\/images\\\/fjala\\\/prec_zogaj.jpg\",\"datePublished\":\"2010-08-12T10:26:32+00:00\",\"breadcrumb\":{\"@id\":\"https:\\\/\\\/fjala.info\\\/2009-2015\\\/raste-te-pakrahasueshme\\\/#breadcrumb\"},\"inLanguage\":\"sq-AL\",\"potentialAction\":[{\"@type\":\"ReadAction\",\"target\":[\"https:\\\/\\\/fjala.info\\\/2009-2015\\\/raste-te-pakrahasueshme\\\/\"]}]},{\"@type\":\"ImageObject\",\"inLanguage\":\"sq-AL\",\"@id\":\"https:\\\/\\\/fjala.info\\\/2009-2015\\\/raste-te-pakrahasueshme\\\/#primaryimage\",\"url\":\"http:\\\/\\\/www.shkoder.net\\\/images\\\/fjala\\\/prec_zogaj.jpg\",\"contentUrl\":\"http:\\\/\\\/www.shkoder.net\\\/images\\\/fjala\\\/prec_zogaj.jpg\"},{\"@type\":\"BreadcrumbList\",\"@id\":\"https:\\\/\\\/fjala.info\\\/2009-2015\\\/raste-te-pakrahasueshme\\\/#breadcrumb\",\"itemListElement\":[{\"@type\":\"ListItem\",\"position\":1,\"name\":\"Home\",\"item\":\"https:\\\/\\\/fjala.info\\\/2009-2015\\\/\"},{\"@type\":\"ListItem\",\"position\":2,\"name\":\"Raste t\u00eb pakrahasueshme\"}]},{\"@type\":\"WebSite\",\"@id\":\"https:\\\/\\\/fjala.info\\\/2009-2015\\\/#website\",\"url\":\"https:\\\/\\\/fjala.info\\\/2009-2015\\\/\",\"name\":\"FjALA e LIR\u00cb - Arkivi\",\"description\":\"Arkivi 2009-2015\",\"publisher\":{\"@id\":\"https:\\\/\\\/fjala.info\\\/2009-2015\\\/#organization\"},\"potentialAction\":[{\"@type\":\"SearchAction\",\"target\":{\"@type\":\"EntryPoint\",\"urlTemplate\":\"https:\\\/\\\/fjala.info\\\/2009-2015\\\/?s={search_term_string}\"},\"query-input\":{\"@type\":\"PropertyValueSpecification\",\"valueRequired\":true,\"valueName\":\"search_term_string\"}}],\"inLanguage\":\"sq-AL\"},{\"@type\":\"Organization\",\"@id\":\"https:\\\/\\\/fjala.info\\\/2009-2015\\\/#organization\",\"name\":\"FjALA e LIR\u00cb - Arkivi\",\"url\":\"https:\\\/\\\/fjala.info\\\/2009-2015\\\/\",\"logo\":{\"@type\":\"ImageObject\",\"inLanguage\":\"sq-AL\",\"@id\":\"https:\\\/\\\/fjala.info\\\/2009-2015\\\/#\\\/schema\\\/logo\\\/image\\\/\",\"url\":\"\",\"contentUrl\":\"\",\"caption\":\"FjALA e LIR\u00cb - Arkivi\"},\"image\":{\"@id\":\"https:\\\/\\\/fjala.info\\\/2009-2015\\\/#\\\/schema\\\/logo\\\/image\\\/\"}},{\"@type\":\"Person\",\"@id\":\"https:\\\/\\\/fjala.info\\\/2009-2015\\\/#\\\/schema\\\/person\\\/3aa1163ef05469c496fc94e77611ada2\",\"name\":\"admin\",\"image\":{\"@type\":\"ImageObject\",\"inLanguage\":\"sq-AL\",\"@id\":\"https:\\\/\\\/fjala.info\\\/2009-2015\\\/wp-content\\\/uploads\\\/2012\\\/02\\\/arben_cokaj-120x150.jpg\",\"url\":\"https:\\\/\\\/fjala.info\\\/2009-2015\\\/wp-content\\\/uploads\\\/2012\\\/02\\\/arben_cokaj-120x150.jpg\",\"contentUrl\":\"https:\\\/\\\/fjala.info\\\/2009-2015\\\/wp-content\\\/uploads\\\/2012\\\/02\\\/arben_cokaj-120x150.jpg\",\"caption\":\"admin\"},\"description\":\"Admin, Fjala e Lir\u00eb\",\"sameAs\":[\"https:\\\/\\\/fjala.info\\\/\"],\"url\":\"https:\\\/\\\/fjala.info\\\/2009-2015\\\/author\\\/admin\\\/\"}]}<\/script>\n<!-- \/ Yoast SEO plugin. -->","yoast_head_json":{"title":"Raste t\u00eb pakrahasueshme - FjALA e LIR\u00cb - Arkivi","robots":{"index":"index","follow":"follow","max-snippet":"max-snippet:-1","max-image-preview":"max-image-preview:large","max-video-preview":"max-video-preview:-1"},"canonical":"https:\/\/fjala.info\/2009-2015\/raste-te-pakrahasueshme\/","og_locale":"sq_AL","og_type":"article","og_title":"Raste t\u00eb pakrahasueshme - FjALA e LIR\u00cb - Arkivi","og_description":"Pre\u00e7 Zogaj, 12.08.2010 P\u00ebr disa dit\u00eb radhazi, deputet dhe drejtues t\u00eb PS-s\u00eb, kryesisht femra, kan\u00eb ven\u00eb n\u00eb sh\u00ebnjest\u00ebr t\u00eb denoncimeve t\u00eb tyre p\u00ebr korrupsion deputeten e PD-s\u00eb, Albana Vokshin. Kjo deputete akuzohet se nuk ka deklaruar pasurin\u00eb e bashk\u00ebshortit t\u00eb saj, Arjan Tartari, biznesmen. Zonja Vokshi \u00ebsht\u00eb p\u00ebrgjigjur se bashk\u00ebjeton, ka nj\u00eb f\u00ebmij\u00eb, por nuk [&hellip;]","og_url":"https:\/\/fjala.info\/2009-2015\/raste-te-pakrahasueshme\/","og_site_name":"FjALA e LIR\u00cb - Arkivi","article_published_time":"2010-08-12T10:26:32+00:00","og_image":[{"url":"http:\/\/www.shkoder.net\/images\/fjala\/prec_zogaj.jpg","type":"","width":"","height":""}],"author":"admin","twitter_card":"summary_large_image","twitter_misc":{"Written by":"admin","Est. reading time":"9 minutes"},"schema":{"@context":"https:\/\/schema.org","@graph":[{"@type":"Article","@id":"https:\/\/fjala.info\/2009-2015\/raste-te-pakrahasueshme\/#article","isPartOf":{"@id":"https:\/\/fjala.info\/2009-2015\/raste-te-pakrahasueshme\/"},"author":{"name":"admin","@id":"https:\/\/fjala.info\/2009-2015\/#\/schema\/person\/3aa1163ef05469c496fc94e77611ada2"},"headline":"Raste t\u00eb pakrahasueshme","datePublished":"2010-08-12T10:26:32+00:00","mainEntityOfPage":{"@id":"https:\/\/fjala.info\/2009-2015\/raste-te-pakrahasueshme\/"},"wordCount":1755,"commentCount":2,"publisher":{"@id":"https:\/\/fjala.info\/2009-2015\/#organization"},"image":{"@id":"https:\/\/fjala.info\/2009-2015\/raste-te-pakrahasueshme\/#primaryimage"},"thumbnailUrl":"http:\/\/www.shkoder.net\/images\/fjala\/prec_zogaj.jpg","articleSection":["Artikuj"],"inLanguage":"sq-AL","potentialAction":[{"@type":"CommentAction","name":"Comment","target":["https:\/\/fjala.info\/2009-2015\/raste-te-pakrahasueshme\/#respond"]}]},{"@type":"WebPage","@id":"https:\/\/fjala.info\/2009-2015\/raste-te-pakrahasueshme\/","url":"https:\/\/fjala.info\/2009-2015\/raste-te-pakrahasueshme\/","name":"Raste t\u00eb pakrahasueshme - FjALA e LIR\u00cb - Arkivi","isPartOf":{"@id":"https:\/\/fjala.info\/2009-2015\/#website"},"primaryImageOfPage":{"@id":"https:\/\/fjala.info\/2009-2015\/raste-te-pakrahasueshme\/#primaryimage"},"image":{"@id":"https:\/\/fjala.info\/2009-2015\/raste-te-pakrahasueshme\/#primaryimage"},"thumbnailUrl":"http:\/\/www.shkoder.net\/images\/fjala\/prec_zogaj.jpg","datePublished":"2010-08-12T10:26:32+00:00","breadcrumb":{"@id":"https:\/\/fjala.info\/2009-2015\/raste-te-pakrahasueshme\/#breadcrumb"},"inLanguage":"sq-AL","potentialAction":[{"@type":"ReadAction","target":["https:\/\/fjala.info\/2009-2015\/raste-te-pakrahasueshme\/"]}]},{"@type":"ImageObject","inLanguage":"sq-AL","@id":"https:\/\/fjala.info\/2009-2015\/raste-te-pakrahasueshme\/#primaryimage","url":"http:\/\/www.shkoder.net\/images\/fjala\/prec_zogaj.jpg","contentUrl":"http:\/\/www.shkoder.net\/images\/fjala\/prec_zogaj.jpg"},{"@type":"BreadcrumbList","@id":"https:\/\/fjala.info\/2009-2015\/raste-te-pakrahasueshme\/#breadcrumb","itemListElement":[{"@type":"ListItem","position":1,"name":"Home","item":"https:\/\/fjala.info\/2009-2015\/"},{"@type":"ListItem","position":2,"name":"Raste t\u00eb pakrahasueshme"}]},{"@type":"WebSite","@id":"https:\/\/fjala.info\/2009-2015\/#website","url":"https:\/\/fjala.info\/2009-2015\/","name":"FjALA e LIR\u00cb - Arkivi","description":"Arkivi 2009-2015","publisher":{"@id":"https:\/\/fjala.info\/2009-2015\/#organization"},"potentialAction":[{"@type":"SearchAction","target":{"@type":"EntryPoint","urlTemplate":"https:\/\/fjala.info\/2009-2015\/?s={search_term_string}"},"query-input":{"@type":"PropertyValueSpecification","valueRequired":true,"valueName":"search_term_string"}}],"inLanguage":"sq-AL"},{"@type":"Organization","@id":"https:\/\/fjala.info\/2009-2015\/#organization","name":"FjALA e LIR\u00cb - Arkivi","url":"https:\/\/fjala.info\/2009-2015\/","logo":{"@type":"ImageObject","inLanguage":"sq-AL","@id":"https:\/\/fjala.info\/2009-2015\/#\/schema\/logo\/image\/","url":"","contentUrl":"","caption":"FjALA e LIR\u00cb - Arkivi"},"image":{"@id":"https:\/\/fjala.info\/2009-2015\/#\/schema\/logo\/image\/"}},{"@type":"Person","@id":"https:\/\/fjala.info\/2009-2015\/#\/schema\/person\/3aa1163ef05469c496fc94e77611ada2","name":"admin","image":{"@type":"ImageObject","inLanguage":"sq-AL","@id":"https:\/\/fjala.info\/2009-2015\/wp-content\/uploads\/2012\/02\/arben_cokaj-120x150.jpg","url":"https:\/\/fjala.info\/2009-2015\/wp-content\/uploads\/2012\/02\/arben_cokaj-120x150.jpg","contentUrl":"https:\/\/fjala.info\/2009-2015\/wp-content\/uploads\/2012\/02\/arben_cokaj-120x150.jpg","caption":"admin"},"description":"Admin, Fjala e Lir\u00eb","sameAs":["https:\/\/fjala.info\/"],"url":"https:\/\/fjala.info\/2009-2015\/author\/admin\/"}]}},"_links":{"self":[{"href":"https:\/\/fjala.info\/2009-2015\/wp-json\/wp\/v2\/posts\/3695","targetHints":{"allow":["GET"]}}],"collection":[{"href":"https:\/\/fjala.info\/2009-2015\/wp-json\/wp\/v2\/posts"}],"about":[{"href":"https:\/\/fjala.info\/2009-2015\/wp-json\/wp\/v2\/types\/post"}],"author":[{"embeddable":true,"href":"https:\/\/fjala.info\/2009-2015\/wp-json\/wp\/v2\/users\/1"}],"replies":[{"embeddable":true,"href":"https:\/\/fjala.info\/2009-2015\/wp-json\/wp\/v2\/comments?post=3695"}],"version-history":[{"count":0,"href":"https:\/\/fjala.info\/2009-2015\/wp-json\/wp\/v2\/posts\/3695\/revisions"}],"wp:attachment":[{"href":"https:\/\/fjala.info\/2009-2015\/wp-json\/wp\/v2\/media?parent=3695"}],"wp:term":[{"taxonomy":"category","embeddable":true,"href":"https:\/\/fjala.info\/2009-2015\/wp-json\/wp\/v2\/categories?post=3695"},{"taxonomy":"post_tag","embeddable":true,"href":"https:\/\/fjala.info\/2009-2015\/wp-json\/wp\/v2\/tags?post=3695"}],"curies":[{"name":"wp","href":"https:\/\/api.w.org\/{rel}","templated":true}]}}