{"id":3690,"date":"2010-08-11T22:32:48","date_gmt":"2010-08-11T21:32:48","guid":{"rendered":"http:\/\/fjala.shkoder.net\/?p=3690"},"modified":"2010-08-11T22:32:48","modified_gmt":"2010-08-11T21:32:48","slug":"shba-i-pergjigjet-mazhorances-withers-flet-ne-emer-te-clinton","status":"publish","type":"post","link":"https:\/\/fjala.info\/2009-2015\/shba-i-pergjigjet-mazhorances-withers-flet-ne-emer-te-clinton\/","title":{"rendered":"SHBA i p\u00ebrgjigjet mazhoranc\u00ebs: Withers flet n\u00eb em\u00ebr t\u00eb Clinton"},"content":{"rendered":"<p><img loading=\"lazy\" decoding=\"async\" class=\"alignright size-medium wp-image-3691\" title=\"Ambasadori Withers dhe Berisha\" src=\"http:\/\/fjala.shkoder.net\/wp-content\/uploads\/2010\/08\/withers_berisha-300x168.jpg\" alt=\"\" width=\"300\" height=\"168\" \/><\/p>\n<p><strong>Shekulli Online<\/strong>, <em>11.08.2010<\/em><\/p>\n<p>Shtetet e Bashkuara t\u00eb Amerik\u00ebs kan\u00eb hequr \u00e7do dyshim te mazhoranc\u00ebs shqiptare, se deklaratat e ambasadorit Withers kane qen\u00eb q\u00ebndrime personale t\u00eb tij.<\/p>\n<p>N\u00eb nj\u00eb let\u00ebr derguar qeveris\u00eb shqiptare nga ndihm\u00ebssekretari amerikan i Shtetit p\u00ebr c\u00ebshtjet europiane Philip Gordon, me k\u00ebrkes\u00eb dhe n\u00eb em\u00ebr t\u00eb sekretares s\u00eb Shtetit Hillary Clinton, detaje t\u00eb s\u00eb cil\u00ebs jan\u00eb zbuluar nga Top Channel thuhet :<\/p>\n<p>&#8220;&#8221;Sekretarja dhe un\u00eb kemi besim t\u00eb plot\u00eb tek ambasadori \u00cbithers dhe n\u00eb pun\u00ebn q\u00eb ai po b\u00ebn p\u00ebr t\u00eb cuar p\u00ebrpara marredh\u00ebniet tona dhe ndihm\u00ebn p\u00ebr Shqip\u00ebrin\u00eb n\u00eb realizimin e potencialit t\u00eb saj t\u00eb plot\u00eb. P\u00ebrkushtimi i tij ndaj idealeve t\u00eb demokracis\u00eb dhe shtetit ligjor p\u00ebrgjat\u00eb 26 viteve sh\u00ebrbimi t\u00eb shquar kan\u00eb luajtur rol thelb\u00ebsor n\u00eb arritjen nga ana e Shqip\u00ebris\u00eb t\u00eb an\u00ebtar\u00ebsimit n\u00eb NATO dhe respektimit t\u00eb detyrimeve q\u00eb rrjedhin nga an\u00ebtar\u00ebsimi n\u00eb NATO&#8221;<\/p>\n<p>Sipas Top Channel, letra \u00ebsht\u00eb nj\u00eb p\u00ebrgjigje e letr\u00ebs q\u00eb m\u00eb par\u00eb z\u00ebvend\u00ebskryeministri dhe ministri i Jasht\u00ebm Ilir Meta i kishte d\u00ebrguar sekretares Clinton me ankesa p\u00ebr q\u00ebndrimet e ambasadorit Withers, p\u00ebrfshir\u00eb dhe deklaratat e tij p\u00ebr em\u00ebrimet n\u00eb gjykata, specifikisht n\u00eb Gjykat\u00ebn Kushtetuese.<\/p>\n<p>Sa i p\u00ebrket em\u00ebrimeve n\u00eb gjykata, ku dhe kritikat e mazhoranc\u00ebs kan\u00eb qen\u00eb m\u00eb t\u00eb forta, ndihm\u00ebssekretari Gordon shprehet n\u00eb m\u00ebnyr\u00eb t\u00eb prer\u00eb n\u00eb t\u00eb nj\u00ebjt\u00ebn linj\u00eb me ambasadorin Withers:<\/p>\n<p>&#8220;Ne mb\u00ebshtesim nj\u00eb transparenc\u00eb t\u00eb plot\u00eb t\u00eb procesit t\u00eb em\u00ebrimit dhe konfirmimit t\u00eb gjykat\u00ebsve&#8221;.<\/p>\n<p>Ndihm\u00ebssekretari Gordon, nuk ka l\u00ebn\u00eb pa ngritur edhe shqet\u00ebsimin p\u00ebr tejzgjatjen e kriz\u00ebs politike n\u00eb vend. Sipas tij, kjo po kusht\u00ebzon integrimin europian t\u00eb Shqip\u00ebris\u00eb.<\/p>\n<p>&#8220;Ne besojm\u00eb se nj\u00eb zgjidhje e shpejt\u00eb e ng\u00ebr\u00e7it politik do t\u00eb lejonte Shqip\u00ebrin\u00eb t\u00eb vazhdonte t\u00eb sh\u00ebnonte p\u00ebrparim n\u00eb p\u00ebrmbushjen e objektivit t\u00eb integrimit t\u00eb plot\u00eb n\u00eb komunitetin euroatlantik&#8221;-ka p\u00ebrfunduar Gordon<\/p>\n<p style=\"text-align: center;\">* * *<\/p>\n<p><strong>Projektligji p\u00ebr SHISH-in, Withers: SHBA e ka dh\u00ebn\u00eb mendimin e saj<\/strong><\/p>\n<p>KUK\u00cbS- Ambasadori i Shteteve t\u00eb Bashkuara t\u00eb Amerik\u00ebs n\u00eb vendin ton\u00eb, John Withers ka deklaruar nga Kuk\u00ebsi, se SHBA dhe ai vet\u00eb e kan\u00eb dh\u00ebn\u00eb mendimin p\u00ebr projektligjin e SHISH.<\/p>\n<p>I pyetur p\u00ebr zhvillimet e fundit dhe debatin p\u00ebr projektligjin n\u00eb fjal\u00eb, Withers ka th\u00ebn\u00eb se &#8220;p\u00ebr k\u00ebt\u00eb ligj, ambasada e SHBA-s\u00eb ka dh\u00ebn\u00eb opinionin e saj q\u00eb mund t\u00eb gjendet n\u00eb faqen e saj zyrtare&#8221;.<\/p>\n<p>N\u00eb faqen zyrtare t\u00eb Ambasad\u00ebs \u00ebsht\u00eb deklarata ku SHBA ndan shqet\u00ebsimin serioz p\u00ebr projektligjin p\u00ebr SHISH, pasi ai minon parimin e pavar\u00ebsis\u00eb dhe liris\u00eb nga t\u00eb gjitha nd\u00ebrhyrjet politike.<\/p>\n<p>&#8220;E marrim v\u00ebrtet shum\u00eb seriozisht. Shqip\u00ebria \u00ebsht\u00eb nj\u00eb an\u00ebtare e re e NATO-s dhe ka aspirate p\u00ebr integrim t\u00eb plot\u00eb euro-atlantik. Ndjejm\u00eb se ky projektligj e \u00e7on Shqip\u00ebrin\u00eb n\u00eb drejtimin e gabuar. Si miq, si miq t\u00eb ngusht\u00eb t\u00eb Shqip\u00ebris\u00eb, ne duam t\u00eb ofrojm\u00eb k\u00ebshillat tona p\u00ebr t&#8217;u siguruar q\u00eb mikja jon\u00eb Shqip\u00ebria nuk do t\u00eb vazhdoj\u00eb n\u00eb at\u00eb drejtim t\u00eb gabuar&#8221;- ka th\u00ebn\u00eb Withers n\u00eb deklarat\u00ebn e marsit, publikuar n\u00eb faqen zyrtare t\u00eb ambasad\u00ebs.<\/p>\n<p>Projektligji p\u00ebr SHISH-in, mbetet p\u00ebr t&#8217;u diskutuar n\u00eb sesion tjet\u00ebr parlamentar, n\u00eb muajin shtator.<\/p>\n<p>Pa dh\u00ebn\u00eb sqarime, mazhoranca \u00ebsht\u00eb t\u00ebrhequr nga projektligji, i cili ka marr\u00eb kritika t\u00eb forta, jo vet\u00ebm nga opozita, por edhe nga faktori nd\u00ebrkomb\u00ebtar, SHBA, NATO, madje ka marr\u00eb vot\u00ebn kund\u00ebr edhe nga pjesa e koalicionit, LSI-ja.<\/p>\n<p>E l\u00ebn\u00eb p\u00ebr t&#8217;u diskutuar n\u00eb dit\u00ebn e fundit t\u00eb sesionit, pra n\u00eb rendin e sot\u00ebm t\u00eb punimeve t\u00eb Kuvendit, projektigji \u00ebsht\u00eb spostuar.<\/p>\n<p style=\"text-align: center;\">* * *<\/p>\n<p>Presidenti i vendit, Bamir Topi, i pyetur p\u00ebr q\u00ebndrimin e tij lidhur me projektligjin p\u00ebr SHISH-in ka deklaruar se ai ka qen\u00eb dhe do t\u00eb mbetet luajal i parimeve t\u00eb NATO-s. Nderkohe qe kryeministri Berisha ka deklaruar se ne Shqiperi nuk do te kete asnje zyrtar te larte pa mandat, perfshire edhe kreun e SHISH-it.<\/p>\n<p>Gjat\u00eb nj\u00eb deklarate p\u00ebr mediat, kreu i shtetit shqiptar ka pranuar se po e ndjek k\u00ebt\u00eb proces me shum\u00eb v\u00ebmendje dhe nuk mund t\u00eb paragjykoj\u00eb vendimin e Kuvendit.<\/p>\n<p>&#8220;Un\u00eb mund t\u00eb them se po e ndjek me v\u00ebmendje k\u00ebt\u00eb proces dhe jam i kujdessh\u00ebm p\u00ebr tu th\u00ebn\u00eb q\u00eb nuk paragjykoj vendimin e kuvendit, sepse presidenti flet n\u00eb momentin kur ka nj\u00eb vendimmarrje t\u00eb Kuvendit dhe realizohet komunikimi zyrtar mes Kuvendit dhe institucionit t\u00eb Presidentit&#8221;- tha Topi.<\/p>\n<p>Megjithat\u00eb ai ka theksuar se &#8220;n\u00eb parim un\u00eb kam qen\u00eb e mbetem luajal i parimeve fondamentale t\u00eb aleanc\u00ebs s\u00eb Atlantikut t\u00eb Veriut q\u00eb \u00ebsht\u00eb aleanca e paqes dhe siguris\u00eb. Nga ky parim i madh dalin edhe p\u00ebrfundime t\u00eb m\u00ebdha&#8221;- tha Topi.<\/p>\n<p><strong>Berisha: Kreu i SHISH-it, me mandat<\/strong><\/p>\n<p>Kryeministri Sali Berisha ka theksuar prer\u00eb se kreu i SHISH-it do t\u00eb jet\u00eb me mandat.<\/p>\n<p>I pyetur nga gazetar\u00ebt se si do t\u00eb veproj\u00eb mazhoranca lidhur me ligjin p\u00ebr Sh\u00ebrbimin Informativ Shtet\u00ebror, Berisha deklaroi se n\u00eb Shqip\u00ebri nuk do t\u00eb ket\u00eb zyrtar\u00eb t\u00eb lart\u00eb t\u00eb em\u00ebruar pa mandat.<\/p>\n<p>&#8220;Ky \u00ebsht\u00eb nj\u00eb q\u00ebndrim p\u00ebrfundimtar i Kryeministrit t\u00eb vendit. Vendet an\u00ebtare t\u00eb NATO-s n\u00eb t\u00ebr\u00ebsin\u00eb e tyre i kan\u00eb t\u00eb gjith\u00eb zyrtar\u00eb me mandate t\u00eb ndryshme. 4 vjet e kan\u00eb mandatin p\u00ebr Kryeministrin, 4 apo 5 vjet e kan\u00eb mandatin p\u00ebr Presidentin, dikush me mandat m\u00eb t\u00eb shkurt\u00ebr, dikush me mandat m\u00eb t\u00eb gjat\u00eb. Por mandatet jan\u00eb nj\u00eb norm\u00eb dhe nj\u00eb standard i vendeve demokratike&#8221;- tha Berisha, por pa u p\u00ebrgjigjur n\u00ebse Kuvendi do e kaloj\u00eb ligjin pavar\u00ebsisht kontestimit t\u00eb fort\u00eb t\u00eb opozit\u00ebs, faktorit nd\u00ebrkomb\u00ebtar dhe vot\u00ebs kund\u00ebr t\u00eb LSI-s\u00eb.<\/p>\n<p>&#8212;&#8211;<\/p>\n<p><strong>Kaos n\u00eb Kuvend, PD t\u00ebrheq ligjin e SHISH, telefonon Rasmussen<\/strong><\/p>\n<p><em>TIRAN\u00cb<\/em> &#8211; Mungesa e numrave t\u00eb duhur n\u00eb Parlament, por edhe nj\u00eb telefonat\u00eb e kreut t\u00eb NATO-s, Rasmussen, me kryeministrin Berisha kan\u00eb detyruar mazhoranc\u00ebn q\u00eb p\u00ebr her\u00eb t\u00eb dyt\u00eb t\u00eb t\u00ebrhiqet nga ligji i SHISH. Edhe her\u00ebn e par\u00eb t\u00eb djatht\u00ebt u dor\u00ebzuan p\u00ebrpara presionit nd\u00ebrkomb\u00ebtar. Por, dje, ata vendos\u00ebn, n\u00eb m\u00ebnyr\u00eb surpriz\u00eb, t\u00eb hedhin edhe nj\u00eb her\u00eb n\u00eb votim ligjin q\u00eb vendos Sh\u00ebrbimin Informativ Shtet\u00ebror n\u00eb vart\u00ebsi t\u00eb kryeministrit.<\/p>\n<p><strong>Debatet<\/strong><\/p>\n<p>Q\u00eb n\u00eb fillim t\u00eb seanc\u00ebs, opozita ka kund\u00ebrshtuar futjen n\u00eb kalendarin e punimeve t\u00eb amendimit t\u00eb propozuar nga deputeti Fatos Hoxha p\u00ebr ligjin p\u00ebr SHISH. Sipas socialist\u00ebve, ky ligj duhet t\u00eb hiqet nga kalendari i rendit t\u00eb dit\u00ebs. &#8220;Minimumi jeni t\u00eb detyruar ta b\u00ebni k\u00ebt\u00eb, qoft\u00eb p\u00ebr t\u00eb realizuar dhe nenin formal t\u00eb rregullores q\u00eb k\u00ebrkon dy dit\u00eb koh\u00eb. \u00cbsht\u00eb e drejta juaj q\u00eb n\u00eb seanc\u00ebn pasardh\u00ebse, duke na siguruar ne si opozit\u00eb minimumin t\u00eb drejt\u00ebn e njohjes me projektligjin, e t\u00eb drejt\u00ebn e njohjes me relacionin e komisionit p\u00ebrkat\u00ebs, q\u00eb dit\u00ebn e h\u00ebn\u00eb t\u00eb ulemi ta diskutojm\u00eb&#8221;, u shpreh kreu n\u00eb em\u00ebr t\u00eb grupit t\u00eb PS, Gramoz Ru\u00e7i.<\/p>\n<p>Duke shfryt\u00ebzuar pamjaftueshm\u00ebrin\u00eb e votave nga ana e mazhoranc\u00ebs, kreu i grupit parlamentar t\u00eb PS k\u00ebrkoi hedhjen n\u00eb votim t\u00eb propozimit t\u00eb tij p\u00ebr heqjen nga kalendari i punimeve t\u00eb projektligjit p\u00ebr SHISH. &#8220;N\u00eb em\u00ebr t\u00eb grupit parlamentar, ju propozoj q\u00eb t\u00eb hidhni n\u00eb vot\u00eb, t\u00eb nxirrni nga rendi i dit\u00ebs s\u00eb pik\u00ebs q\u00eb b\u00ebn fjal\u00eb p\u00ebr projektligjin e Sh\u00ebrbimit Informativ.<\/p>\n<p>Ky \u00ebsht\u00eb propozimi yn\u00eb, q\u00eb t\u00eb hidhet n\u00eb vot\u00eb&#8221;, tha Ru\u00e7i. Por kryeparlamentarja Jozefina Topalli e kund\u00ebrshtoi, duke deklaruar se \u00ebsht\u00eb respektuar rregullorja. &#8220;P\u00ebr sa koh\u00eb q\u00eb ne kemi kalendarin e votuar nga seanca plenare. Ju keni t\u00eb drejt\u00eb t\u00eb k\u00ebrkoni q\u00eb t\u00eb hiqet nga rendi i dit\u00ebs&#8221;, sqaroi Topalli. Edhe kryetari i grupit parlamentar demokrat, Astrit Patozi, ka kund\u00ebrshtuar heqjen nga rendi i dit\u00ebs i projektligjit p\u00ebr SHISH. &#8220;Nuk \u00ebsht\u00eb e v\u00ebrtet\u00eb q\u00eb projektligji ka ardhur n\u00eb seanc\u00eb papritur.<\/p>\n<p>Nuk \u00ebsht\u00eb problemi yn\u00eb q\u00eb kur projektligji ka kaluar n\u00eb Komisionin e Siguris\u00eb, opozita nuk ka qen\u00eb e pranishme n\u00eb komision. Fakti q\u00eb PS nuk ka marr\u00eb pjes\u00eb n\u00eb t\u00eb gjitha komisionet e siguris\u00eb nuk p\u00ebrb\u00ebn shkak&#8221;, &#8211; deklaroi kreu i grupit parlamentar demokrat. Nd\u00ebrsa aleati i kryeministrit Berisha, kreu i LSI-s\u00eb, Ilir Meta, n\u00eb em\u00ebr t\u00eb grupit u shpreh kund\u00ebr kalimit t\u00eb ligjit p\u00ebr SHISH, duke e cil\u00ebsuar at\u00eb t\u00eb nxituar, pasi nuk \u00ebsht\u00eb marr\u00eb mendimi i NATO-s.<\/p>\n<p><strong>Numrat<\/strong><\/p>\n<p>Pas deklarat\u00ebs s\u00eb Met\u00ebs, kryetarja e Kuvendit, Jozefina Topalli, nisi t\u00eb b\u00ebj\u00eb llogarit\u00eb e numrave q\u00eb kishte Partia Demokratike. P\u00ebrve\u00e7 l\u00ebvizjeve t\u00eb shum\u00eb deputet\u00ebve q\u00eb hynin e dilnin nga salla e Parlamentit, mazhoranc\u00ebs i mungonin edhe disa deputet\u00eb, mes tyre edhe kryeministri Berisha. Mungesa e deputet\u00ebve dhe kat\u00ebr votat e LSI-s\u00eb kund\u00ebr ligjit t\u00eb SHISH vun\u00eb n\u00eb dyshim serioz votimin ose jo t\u00eb ligjit n\u00eb seanc\u00ebn e djeshme. N\u00eb k\u00ebto kushte, Topalli nisi t\u00eb l\u00ebshoj\u00eb pe kundrejt k\u00ebrkes\u00ebs s\u00eb opozit\u00ebs.<\/p>\n<p><strong>Telefonata<\/strong><\/p>\n<p>Burime t\u00eb &#8220;Shekulli&#8221;-t b\u00ebjn\u00eb me dije se arsyeja e v\u00ebrtet\u00eb e t\u00ebrheqjes s\u00eb mazhoranc\u00ebs nga amendimi i ligjit p\u00ebr SHISH i propozuar nga deputeti Fatos Hoxha ka ardhur si pasoj\u00eb e nd\u00ebrhyrjes s\u00eb faktorit nd\u00ebrkomb\u00ebtar. Ka qen\u00eb kreu i NATO-s, Rasmussen, ai q\u00eb i ka telefonuar kryeministrit Berisha dhe i ka k\u00ebrkuar t\u00ebrheqjen e k\u00ebtij ligji. Kjo \u00ebsht\u00eb nd\u00ebrhyrja e dyt\u00eb e nd\u00ebrkomb\u00ebtar\u00ebve, t\u00eb cil\u00ebt i k\u00ebrkojn\u00eb mazhoranc\u00ebs q\u00eb t\u00eb mos ndryshoj\u00eb ligjin ekzistues p\u00ebr SHISH.<\/p>\n<p><strong>T\u00ebrheqja<\/strong><\/p>\n<p>P\u00ebr t\u00eb mos b\u00ebr\u00eb nj\u00eb t\u00ebrheqje n\u00eb sall\u00ebn e Kuvendit, mazhoranca vendosi nd\u00ebrprerjen e seanc\u00ebs plenare dhe mbledhjen e shpejt\u00eb t\u00eb Komisionit Parlamentar t\u00eb Siguris\u00eb. N\u00eb k\u00ebt\u00eb mbledhje, p\u00ebrve\u00e7 votave kund\u00ebr t\u00eb opozit\u00ebs, dhan\u00eb vot\u00ebn kund\u00ebr edhe deputet\u00ebt e djatht\u00eb, Leonard Demi, Paulin Sterkaj dhe Gazmend Oketa. Pas k\u00ebsaj, kryeparlamentarja Topalli deklaroi se &#8220;plot\u00ebson&#8221; k\u00ebrkes\u00ebn e opozit\u00ebs dhe i jep asaj 24 or\u00eb koh\u00eb p\u00ebr t&#8217;u njohur me ligjin e ri t\u00eb SHISH.<\/p>\n","protected":false},"excerpt":{"rendered":"<p>Shekulli Online, 11.08.2010 Shtetet e Bashkuara t\u00eb Amerik\u00ebs kan\u00eb hequr \u00e7do dyshim te mazhoranc\u00ebs shqiptare, se deklaratat e ambasadorit Withers kane qen\u00eb q\u00ebndrime personale t\u00eb tij. N\u00eb nj\u00eb let\u00ebr derguar qeveris\u00eb shqiptare nga ndihm\u00ebssekretari amerikan i Shtetit p\u00ebr c\u00ebshtjet europiane Philip Gordon, me k\u00ebrkes\u00eb dhe n\u00eb em\u00ebr t\u00eb sekretares s\u00eb Shtetit Hillary Clinton, detaje t\u00eb [&hellip;]<\/p>\n","protected":false},"author":1,"featured_media":0,"comment_status":"open","ping_status":"closed","sticky":false,"template":"","format":"standard","meta":{"footnotes":""},"categories":[2],"tags":[],"class_list":{"0":"post-3690","1":"post","2":"type-post","3":"status-publish","4":"format-standard","6":"category-artikuj"},"yoast_head":"<!-- This site is optimized with the Yoast SEO plugin v27.4 - https:\/\/yoast.com\/product\/yoast-seo-wordpress\/ -->\n<title>SHBA i p\u00ebrgjigjet mazhoranc\u00ebs: Withers flet n\u00eb em\u00ebr t\u00eb Clinton - FjALA e LIR\u00cb - Arkivi<\/title>\n<meta name=\"robots\" content=\"index, follow, max-snippet:-1, max-image-preview:large, max-video-preview:-1\" \/>\n<link rel=\"canonical\" href=\"https:\/\/fjala.info\/2009-2015\/shba-i-pergjigjet-mazhorances-withers-flet-ne-emer-te-clinton\/\" \/>\n<meta property=\"og:locale\" content=\"sq_AL\" \/>\n<meta property=\"og:type\" content=\"article\" \/>\n<meta property=\"og:title\" content=\"SHBA i p\u00ebrgjigjet mazhoranc\u00ebs: Withers flet n\u00eb em\u00ebr t\u00eb Clinton - FjALA e LIR\u00cb - Arkivi\" \/>\n<meta property=\"og:description\" content=\"Shekulli Online, 11.08.2010 Shtetet e Bashkuara t\u00eb Amerik\u00ebs kan\u00eb hequr \u00e7do dyshim te mazhoranc\u00ebs shqiptare, se deklaratat e ambasadorit Withers kane qen\u00eb q\u00ebndrime personale t\u00eb tij. N\u00eb nj\u00eb let\u00ebr derguar qeveris\u00eb shqiptare nga ndihm\u00ebssekretari amerikan i Shtetit p\u00ebr c\u00ebshtjet europiane Philip Gordon, me k\u00ebrkes\u00eb dhe n\u00eb em\u00ebr t\u00eb sekretares s\u00eb Shtetit Hillary Clinton, detaje t\u00eb [&hellip;]\" \/>\n<meta property=\"og:url\" content=\"https:\/\/fjala.info\/2009-2015\/shba-i-pergjigjet-mazhorances-withers-flet-ne-emer-te-clinton\/\" \/>\n<meta property=\"og:site_name\" content=\"FjALA e LIR\u00cb - Arkivi\" \/>\n<meta property=\"article:published_time\" content=\"2010-08-11T21:32:48+00:00\" \/>\n<meta property=\"og:image\" content=\"http:\/\/fjala.shkoder.net\/wp-content\/uploads\/2010\/08\/withers_berisha-300x168.jpg\" \/>\n<meta name=\"author\" content=\"admin\" \/>\n<meta name=\"twitter:card\" content=\"summary_large_image\" \/>\n<meta name=\"twitter:label1\" content=\"Written by\" \/>\n\t<meta name=\"twitter:data1\" content=\"admin\" \/>\n\t<meta name=\"twitter:label2\" content=\"Est. reading time\" \/>\n\t<meta name=\"twitter:data2\" content=\"9 minutes\" \/>\n<script type=\"application\/ld+json\" class=\"yoast-schema-graph\">{\"@context\":\"https:\\\/\\\/schema.org\",\"@graph\":[{\"@type\":\"Article\",\"@id\":\"https:\\\/\\\/fjala.info\\\/2009-2015\\\/shba-i-pergjigjet-mazhorances-withers-flet-ne-emer-te-clinton\\\/#article\",\"isPartOf\":{\"@id\":\"https:\\\/\\\/fjala.info\\\/2009-2015\\\/shba-i-pergjigjet-mazhorances-withers-flet-ne-emer-te-clinton\\\/\"},\"author\":{\"name\":\"admin\",\"@id\":\"https:\\\/\\\/fjala.info\\\/2009-2015\\\/#\\\/schema\\\/person\\\/3aa1163ef05469c496fc94e77611ada2\"},\"headline\":\"SHBA i p\u00ebrgjigjet mazhoranc\u00ebs: Withers flet n\u00eb em\u00ebr t\u00eb Clinton\",\"datePublished\":\"2010-08-11T21:32:48+00:00\",\"mainEntityOfPage\":{\"@id\":\"https:\\\/\\\/fjala.info\\\/2009-2015\\\/shba-i-pergjigjet-mazhorances-withers-flet-ne-emer-te-clinton\\\/\"},\"wordCount\":1776,\"commentCount\":0,\"publisher\":{\"@id\":\"https:\\\/\\\/fjala.info\\\/2009-2015\\\/#organization\"},\"image\":{\"@id\":\"https:\\\/\\\/fjala.info\\\/2009-2015\\\/shba-i-pergjigjet-mazhorances-withers-flet-ne-emer-te-clinton\\\/#primaryimage\"},\"thumbnailUrl\":\"http:\\\/\\\/fjala.shkoder.net\\\/wp-content\\\/uploads\\\/2010\\\/08\\\/withers_berisha-300x168.jpg\",\"articleSection\":[\"Artikuj\"],\"inLanguage\":\"sq-AL\",\"potentialAction\":[{\"@type\":\"CommentAction\",\"name\":\"Comment\",\"target\":[\"https:\\\/\\\/fjala.info\\\/2009-2015\\\/shba-i-pergjigjet-mazhorances-withers-flet-ne-emer-te-clinton\\\/#respond\"]}]},{\"@type\":\"WebPage\",\"@id\":\"https:\\\/\\\/fjala.info\\\/2009-2015\\\/shba-i-pergjigjet-mazhorances-withers-flet-ne-emer-te-clinton\\\/\",\"url\":\"https:\\\/\\\/fjala.info\\\/2009-2015\\\/shba-i-pergjigjet-mazhorances-withers-flet-ne-emer-te-clinton\\\/\",\"name\":\"SHBA i p\u00ebrgjigjet mazhoranc\u00ebs: Withers flet n\u00eb em\u00ebr t\u00eb Clinton - FjALA e LIR\u00cb - Arkivi\",\"isPartOf\":{\"@id\":\"https:\\\/\\\/fjala.info\\\/2009-2015\\\/#website\"},\"primaryImageOfPage\":{\"@id\":\"https:\\\/\\\/fjala.info\\\/2009-2015\\\/shba-i-pergjigjet-mazhorances-withers-flet-ne-emer-te-clinton\\\/#primaryimage\"},\"image\":{\"@id\":\"https:\\\/\\\/fjala.info\\\/2009-2015\\\/shba-i-pergjigjet-mazhorances-withers-flet-ne-emer-te-clinton\\\/#primaryimage\"},\"thumbnailUrl\":\"http:\\\/\\\/fjala.shkoder.net\\\/wp-content\\\/uploads\\\/2010\\\/08\\\/withers_berisha-300x168.jpg\",\"datePublished\":\"2010-08-11T21:32:48+00:00\",\"breadcrumb\":{\"@id\":\"https:\\\/\\\/fjala.info\\\/2009-2015\\\/shba-i-pergjigjet-mazhorances-withers-flet-ne-emer-te-clinton\\\/#breadcrumb\"},\"inLanguage\":\"sq-AL\",\"potentialAction\":[{\"@type\":\"ReadAction\",\"target\":[\"https:\\\/\\\/fjala.info\\\/2009-2015\\\/shba-i-pergjigjet-mazhorances-withers-flet-ne-emer-te-clinton\\\/\"]}]},{\"@type\":\"ImageObject\",\"inLanguage\":\"sq-AL\",\"@id\":\"https:\\\/\\\/fjala.info\\\/2009-2015\\\/shba-i-pergjigjet-mazhorances-withers-flet-ne-emer-te-clinton\\\/#primaryimage\",\"url\":\"http:\\\/\\\/fjala.shkoder.net\\\/wp-content\\\/uploads\\\/2010\\\/08\\\/withers_berisha-300x168.jpg\",\"contentUrl\":\"http:\\\/\\\/fjala.shkoder.net\\\/wp-content\\\/uploads\\\/2010\\\/08\\\/withers_berisha-300x168.jpg\"},{\"@type\":\"BreadcrumbList\",\"@id\":\"https:\\\/\\\/fjala.info\\\/2009-2015\\\/shba-i-pergjigjet-mazhorances-withers-flet-ne-emer-te-clinton\\\/#breadcrumb\",\"itemListElement\":[{\"@type\":\"ListItem\",\"position\":1,\"name\":\"Home\",\"item\":\"https:\\\/\\\/fjala.info\\\/2009-2015\\\/\"},{\"@type\":\"ListItem\",\"position\":2,\"name\":\"SHBA i p\u00ebrgjigjet mazhoranc\u00ebs: Withers flet n\u00eb em\u00ebr t\u00eb Clinton\"}]},{\"@type\":\"WebSite\",\"@id\":\"https:\\\/\\\/fjala.info\\\/2009-2015\\\/#website\",\"url\":\"https:\\\/\\\/fjala.info\\\/2009-2015\\\/\",\"name\":\"FjALA e LIR\u00cb - Arkivi\",\"description\":\"Arkivi 2009-2015\",\"publisher\":{\"@id\":\"https:\\\/\\\/fjala.info\\\/2009-2015\\\/#organization\"},\"potentialAction\":[{\"@type\":\"SearchAction\",\"target\":{\"@type\":\"EntryPoint\",\"urlTemplate\":\"https:\\\/\\\/fjala.info\\\/2009-2015\\\/?s={search_term_string}\"},\"query-input\":{\"@type\":\"PropertyValueSpecification\",\"valueRequired\":true,\"valueName\":\"search_term_string\"}}],\"inLanguage\":\"sq-AL\"},{\"@type\":\"Organization\",\"@id\":\"https:\\\/\\\/fjala.info\\\/2009-2015\\\/#organization\",\"name\":\"FjALA e LIR\u00cb - Arkivi\",\"url\":\"https:\\\/\\\/fjala.info\\\/2009-2015\\\/\",\"logo\":{\"@type\":\"ImageObject\",\"inLanguage\":\"sq-AL\",\"@id\":\"https:\\\/\\\/fjala.info\\\/2009-2015\\\/#\\\/schema\\\/logo\\\/image\\\/\",\"url\":\"\",\"contentUrl\":\"\",\"caption\":\"FjALA e LIR\u00cb - Arkivi\"},\"image\":{\"@id\":\"https:\\\/\\\/fjala.info\\\/2009-2015\\\/#\\\/schema\\\/logo\\\/image\\\/\"}},{\"@type\":\"Person\",\"@id\":\"https:\\\/\\\/fjala.info\\\/2009-2015\\\/#\\\/schema\\\/person\\\/3aa1163ef05469c496fc94e77611ada2\",\"name\":\"admin\",\"image\":{\"@type\":\"ImageObject\",\"inLanguage\":\"sq-AL\",\"@id\":\"https:\\\/\\\/fjala.info\\\/2009-2015\\\/wp-content\\\/uploads\\\/2012\\\/02\\\/arben_cokaj-120x150.jpg\",\"url\":\"https:\\\/\\\/fjala.info\\\/2009-2015\\\/wp-content\\\/uploads\\\/2012\\\/02\\\/arben_cokaj-120x150.jpg\",\"contentUrl\":\"https:\\\/\\\/fjala.info\\\/2009-2015\\\/wp-content\\\/uploads\\\/2012\\\/02\\\/arben_cokaj-120x150.jpg\",\"caption\":\"admin\"},\"description\":\"Admin, Fjala e Lir\u00eb\",\"sameAs\":[\"https:\\\/\\\/fjala.info\\\/\"],\"url\":\"https:\\\/\\\/fjala.info\\\/2009-2015\\\/author\\\/admin\\\/\"}]}<\/script>\n<!-- \/ Yoast SEO plugin. -->","yoast_head_json":{"title":"SHBA i p\u00ebrgjigjet mazhoranc\u00ebs: Withers flet n\u00eb em\u00ebr t\u00eb Clinton - FjALA e LIR\u00cb - Arkivi","robots":{"index":"index","follow":"follow","max-snippet":"max-snippet:-1","max-image-preview":"max-image-preview:large","max-video-preview":"max-video-preview:-1"},"canonical":"https:\/\/fjala.info\/2009-2015\/shba-i-pergjigjet-mazhorances-withers-flet-ne-emer-te-clinton\/","og_locale":"sq_AL","og_type":"article","og_title":"SHBA i p\u00ebrgjigjet mazhoranc\u00ebs: Withers flet n\u00eb em\u00ebr t\u00eb Clinton - FjALA e LIR\u00cb - Arkivi","og_description":"Shekulli Online, 11.08.2010 Shtetet e Bashkuara t\u00eb Amerik\u00ebs kan\u00eb hequr \u00e7do dyshim te mazhoranc\u00ebs shqiptare, se deklaratat e ambasadorit Withers kane qen\u00eb q\u00ebndrime personale t\u00eb tij. N\u00eb nj\u00eb let\u00ebr derguar qeveris\u00eb shqiptare nga ndihm\u00ebssekretari amerikan i Shtetit p\u00ebr c\u00ebshtjet europiane Philip Gordon, me k\u00ebrkes\u00eb dhe n\u00eb em\u00ebr t\u00eb sekretares s\u00eb Shtetit Hillary Clinton, detaje t\u00eb [&hellip;]","og_url":"https:\/\/fjala.info\/2009-2015\/shba-i-pergjigjet-mazhorances-withers-flet-ne-emer-te-clinton\/","og_site_name":"FjALA e LIR\u00cb - Arkivi","article_published_time":"2010-08-11T21:32:48+00:00","og_image":[{"url":"http:\/\/fjala.shkoder.net\/wp-content\/uploads\/2010\/08\/withers_berisha-300x168.jpg","type":"","width":"","height":""}],"author":"admin","twitter_card":"summary_large_image","twitter_misc":{"Written by":"admin","Est. reading time":"9 minutes"},"schema":{"@context":"https:\/\/schema.org","@graph":[{"@type":"Article","@id":"https:\/\/fjala.info\/2009-2015\/shba-i-pergjigjet-mazhorances-withers-flet-ne-emer-te-clinton\/#article","isPartOf":{"@id":"https:\/\/fjala.info\/2009-2015\/shba-i-pergjigjet-mazhorances-withers-flet-ne-emer-te-clinton\/"},"author":{"name":"admin","@id":"https:\/\/fjala.info\/2009-2015\/#\/schema\/person\/3aa1163ef05469c496fc94e77611ada2"},"headline":"SHBA i p\u00ebrgjigjet mazhoranc\u00ebs: Withers flet n\u00eb em\u00ebr t\u00eb Clinton","datePublished":"2010-08-11T21:32:48+00:00","mainEntityOfPage":{"@id":"https:\/\/fjala.info\/2009-2015\/shba-i-pergjigjet-mazhorances-withers-flet-ne-emer-te-clinton\/"},"wordCount":1776,"commentCount":0,"publisher":{"@id":"https:\/\/fjala.info\/2009-2015\/#organization"},"image":{"@id":"https:\/\/fjala.info\/2009-2015\/shba-i-pergjigjet-mazhorances-withers-flet-ne-emer-te-clinton\/#primaryimage"},"thumbnailUrl":"http:\/\/fjala.shkoder.net\/wp-content\/uploads\/2010\/08\/withers_berisha-300x168.jpg","articleSection":["Artikuj"],"inLanguage":"sq-AL","potentialAction":[{"@type":"CommentAction","name":"Comment","target":["https:\/\/fjala.info\/2009-2015\/shba-i-pergjigjet-mazhorances-withers-flet-ne-emer-te-clinton\/#respond"]}]},{"@type":"WebPage","@id":"https:\/\/fjala.info\/2009-2015\/shba-i-pergjigjet-mazhorances-withers-flet-ne-emer-te-clinton\/","url":"https:\/\/fjala.info\/2009-2015\/shba-i-pergjigjet-mazhorances-withers-flet-ne-emer-te-clinton\/","name":"SHBA i p\u00ebrgjigjet mazhoranc\u00ebs: Withers flet n\u00eb em\u00ebr t\u00eb Clinton - FjALA e LIR\u00cb - Arkivi","isPartOf":{"@id":"https:\/\/fjala.info\/2009-2015\/#website"},"primaryImageOfPage":{"@id":"https:\/\/fjala.info\/2009-2015\/shba-i-pergjigjet-mazhorances-withers-flet-ne-emer-te-clinton\/#primaryimage"},"image":{"@id":"https:\/\/fjala.info\/2009-2015\/shba-i-pergjigjet-mazhorances-withers-flet-ne-emer-te-clinton\/#primaryimage"},"thumbnailUrl":"http:\/\/fjala.shkoder.net\/wp-content\/uploads\/2010\/08\/withers_berisha-300x168.jpg","datePublished":"2010-08-11T21:32:48+00:00","breadcrumb":{"@id":"https:\/\/fjala.info\/2009-2015\/shba-i-pergjigjet-mazhorances-withers-flet-ne-emer-te-clinton\/#breadcrumb"},"inLanguage":"sq-AL","potentialAction":[{"@type":"ReadAction","target":["https:\/\/fjala.info\/2009-2015\/shba-i-pergjigjet-mazhorances-withers-flet-ne-emer-te-clinton\/"]}]},{"@type":"ImageObject","inLanguage":"sq-AL","@id":"https:\/\/fjala.info\/2009-2015\/shba-i-pergjigjet-mazhorances-withers-flet-ne-emer-te-clinton\/#primaryimage","url":"http:\/\/fjala.shkoder.net\/wp-content\/uploads\/2010\/08\/withers_berisha-300x168.jpg","contentUrl":"http:\/\/fjala.shkoder.net\/wp-content\/uploads\/2010\/08\/withers_berisha-300x168.jpg"},{"@type":"BreadcrumbList","@id":"https:\/\/fjala.info\/2009-2015\/shba-i-pergjigjet-mazhorances-withers-flet-ne-emer-te-clinton\/#breadcrumb","itemListElement":[{"@type":"ListItem","position":1,"name":"Home","item":"https:\/\/fjala.info\/2009-2015\/"},{"@type":"ListItem","position":2,"name":"SHBA i p\u00ebrgjigjet mazhoranc\u00ebs: Withers flet n\u00eb em\u00ebr t\u00eb Clinton"}]},{"@type":"WebSite","@id":"https:\/\/fjala.info\/2009-2015\/#website","url":"https:\/\/fjala.info\/2009-2015\/","name":"FjALA e LIR\u00cb - Arkivi","description":"Arkivi 2009-2015","publisher":{"@id":"https:\/\/fjala.info\/2009-2015\/#organization"},"potentialAction":[{"@type":"SearchAction","target":{"@type":"EntryPoint","urlTemplate":"https:\/\/fjala.info\/2009-2015\/?s={search_term_string}"},"query-input":{"@type":"PropertyValueSpecification","valueRequired":true,"valueName":"search_term_string"}}],"inLanguage":"sq-AL"},{"@type":"Organization","@id":"https:\/\/fjala.info\/2009-2015\/#organization","name":"FjALA e LIR\u00cb - Arkivi","url":"https:\/\/fjala.info\/2009-2015\/","logo":{"@type":"ImageObject","inLanguage":"sq-AL","@id":"https:\/\/fjala.info\/2009-2015\/#\/schema\/logo\/image\/","url":"","contentUrl":"","caption":"FjALA e LIR\u00cb - Arkivi"},"image":{"@id":"https:\/\/fjala.info\/2009-2015\/#\/schema\/logo\/image\/"}},{"@type":"Person","@id":"https:\/\/fjala.info\/2009-2015\/#\/schema\/person\/3aa1163ef05469c496fc94e77611ada2","name":"admin","image":{"@type":"ImageObject","inLanguage":"sq-AL","@id":"https:\/\/fjala.info\/2009-2015\/wp-content\/uploads\/2012\/02\/arben_cokaj-120x150.jpg","url":"https:\/\/fjala.info\/2009-2015\/wp-content\/uploads\/2012\/02\/arben_cokaj-120x150.jpg","contentUrl":"https:\/\/fjala.info\/2009-2015\/wp-content\/uploads\/2012\/02\/arben_cokaj-120x150.jpg","caption":"admin"},"description":"Admin, Fjala e Lir\u00eb","sameAs":["https:\/\/fjala.info\/"],"url":"https:\/\/fjala.info\/2009-2015\/author\/admin\/"}]}},"_links":{"self":[{"href":"https:\/\/fjala.info\/2009-2015\/wp-json\/wp\/v2\/posts\/3690","targetHints":{"allow":["GET"]}}],"collection":[{"href":"https:\/\/fjala.info\/2009-2015\/wp-json\/wp\/v2\/posts"}],"about":[{"href":"https:\/\/fjala.info\/2009-2015\/wp-json\/wp\/v2\/types\/post"}],"author":[{"embeddable":true,"href":"https:\/\/fjala.info\/2009-2015\/wp-json\/wp\/v2\/users\/1"}],"replies":[{"embeddable":true,"href":"https:\/\/fjala.info\/2009-2015\/wp-json\/wp\/v2\/comments?post=3690"}],"version-history":[{"count":0,"href":"https:\/\/fjala.info\/2009-2015\/wp-json\/wp\/v2\/posts\/3690\/revisions"}],"wp:attachment":[{"href":"https:\/\/fjala.info\/2009-2015\/wp-json\/wp\/v2\/media?parent=3690"}],"wp:term":[{"taxonomy":"category","embeddable":true,"href":"https:\/\/fjala.info\/2009-2015\/wp-json\/wp\/v2\/categories?post=3690"},{"taxonomy":"post_tag","embeddable":true,"href":"https:\/\/fjala.info\/2009-2015\/wp-json\/wp\/v2\/tags?post=3690"}],"curies":[{"name":"wp","href":"https:\/\/api.w.org\/{rel}","templated":true}]}}