{"id":3686,"date":"2010-08-11T22:23:50","date_gmt":"2010-08-11T21:23:50","guid":{"rendered":"http:\/\/fjala.shkoder.net\/?p=3686"},"modified":"2010-08-11T22:23:50","modified_gmt":"2010-08-11T21:23:50","slug":"ne-fier-kam-njohur-nje-shqiptar-te-cuditshem","status":"publish","type":"post","link":"https:\/\/fjala.info\/2009-2015\/ne-fier-kam-njohur-nje-shqiptar-te-cuditshem\/","title":{"rendered":"N\u00cb FIER KAM NJOHUR NJ\u00cb SHQIPTAR \u201cT\u00cb \u00c7UDITSH\u00cbM\u201d"},"content":{"rendered":"<p><img decoding=\"async\" style=\"margin-left: 10px; margin-right: 10px; border: 0px;\" title=\"Mustafa Nano\" src=\"http:\/\/www.shkoder.net\/images\/fjala\/mustafa_nano.jpg\" border=\"0\" alt=\"\" width=\"100\" align=\"left\" \/><\/p>\n<p><strong>Mustafa Nano<\/strong><\/p>\n<p><em>Zululand<\/em><br \/>\nN\u00eb pamje t\u00eb par\u00eb, duket sikur Shqip\u00ebria e k\u00ebtyre koh\u00ebve \u00ebsht\u00eb krejt nj\u00ebngjyr\u00ebshe, d.m.th \u00ebsht\u00eb vendi ku t\u00eb gjith\u00eb njer\u00ebzit kan\u00eb t\u00eb nj\u00ebjtat pasione, t\u00eb nj\u00ebjtat shije, t\u00eb nj\u00ebjtat vese apo virtyte, i nj\u00ebjti stil jetese dhe e nj\u00ebjta m\u00ebnyr\u00eb t\u00eb menduari. Duket sikur k\u00ebtejpari ka vet\u00ebm nj\u00eb meanstream, q\u00eb n\u00eb p\u00ebrpjekje p\u00ebr t\u00eb legjitimuar e afirmuar vetveten, nuk e gjen t\u00eb udh\u00ebs t\u00eb l\u00ebr\u00eb pak vend p\u00ebr njer\u00ebz me pasione, shije e kok\u00eb\u00e7arje \u201cnazike\u201d.<\/p>\n<p>Duket, por s\u2019\u00ebsht\u00eb e th\u00ebn\u00eb t\u00eb jet\u00eb n\u00eb \u00e7do rast k\u00ebshtu. K\u00ebto dit\u00eb kam njohur dik\u00eb, q\u00eb ka zgjedhur t\u00eb jetoj\u00eb ndryshe, krejt ndryshe; kam njohur dik\u00eb q\u00eb ka mundur ta mund\u00eb trysnin\u00eb e lig\u00eb t\u00eb zakoneve e t\u00eb tabiateve morale t\u00eb gjindjes, q\u00eb e rrethon, e t\u00eb koh\u00ebs, n\u00eb t\u00eb cil\u00ebn jeton. N\u00eb kund\u00ebrshtim me \u00e7far\u00eb mund t\u00eb mendohet, nuk b\u00ebhet fjal\u00eb p\u00ebr ndonj\u00eb maverick, q\u00eb guxon t\u00eb ngrej\u00eb krye kund\u00ebr establishment-it sundues.<\/p>\n<p>P\u00ebrkundrazi, kam frik\u00eb se \u00ebsht\u00eb bash e kund\u00ebrta; \u00ebsht\u00eb nj\u00eb njeri \u201cpa z\u00eb\u201d, i p\u00ebrunjur, q\u00eb nuk k\u00ebrkon foltore e skena p\u00ebr t\u00eb b\u00ebrtitur ekzistenc\u00ebn e vet, e q\u00eb jeton larg syve t\u00eb bot\u00ebs. Quhet Kozma Dashi. \u00cbsht\u00eb \u201cprovincial\u201d (fierak), mesoburr\u00eb, i martuar, i diplomuar si inxhinier. \u201cE pastaj?\u201d, mund t\u00eb pyes\u00eb dikush. \u201cKy \u00ebsht\u00eb p\u00ebrshkrimi lakonik i identikit-it t\u00eb nj\u00eb shqiptari fare t\u00eb zakonsh\u00ebm\u201d.<\/p>\n<p>Mir\u00ebpo, ka t\u00eb tjera gj\u00ebra, q\u00eb mund t\u00eb thuhen p\u00ebr t\u00eb. Dhe k\u00ebtu fillon \u201cfabula\u201d. Kozmai ndryshon nga shum\u00eb shqiptar\u00eb, t\u00eb cil\u00ebt \u00e7far\u00eb nuk kan\u00eb b\u00ebr\u00eb e \u00e7far\u00eb nuk do t\u00eb b\u00ebnin p\u00ebr t\u2019u pasuruar shpejt e shpejt. N\u00eb \u00e7\u2019drejtim ndryshon? Ai \u201cb\u00ebn\u201d par\u00e1 n\u00eb saj\u00eb t\u00eb nj\u00eb sip\u00ebrmarrjeje private, dhe me to, n\u00eb koh\u00ebn e lir\u00eb, vjen v\u00ebrdall\u00eb n\u00ebp\u00ebr bot\u00eb e n\u00ebp\u00ebr Shqip\u00ebri p\u00ebr t\u00eb k\u00ebrkuar e bler\u00eb libra t\u00eb vjet\u00ebr, sh\u00ebnime udh\u00ebtar\u00ebsh t\u00eb hersh\u00ebm n\u00ebp\u00ebr viset shqiptare, monografi e biografi, botime shqiptare e t\u00eb huaja t\u00eb dekadave t\u00eb shkuara, albume fotografik\u00eb, piktura e vepra t\u00eb tjera arti, d\u00ebshmi historike t\u00eb llojeve nga m\u00eb t\u00eb ndryshmet etj., etj.<\/p>\n<p>E ka shnd\u00ebrruar sht\u00ebpin\u00eb n\u00eb nj\u00eb muze. Dhe kur them \u201cmuze\u201d nuk kam parasysh stilin e muzeumeve t\u00eb shpifur historik\u00eb t\u00eb ngritur me nj\u00eb motivim t\u00eb k\u00ebrkuar patriotik, por kam parasysh nj\u00eb antologji nd\u00ebrdisiplinore t\u00eb improvizuar nga nj\u00eb mendje e lir\u00eb e sqimatare, d.m.th caz\u00eb galeri, caz\u00eb bibliotek\u00eb, caz\u00eb antiquarium e caz\u00eb laborator k\u00ebrkimi.<\/p>\n<p>Kush hyn n\u00eb sht\u00ebpin\u00eb e Kozmait, edhe kur nuk ka arsye t\u2019ia b\u00ebj\u00eb \u201cuau!\u201d prej aritmetik\u00ebs s\u00eb vlerave (\u00ebsht\u00eb thjesht nj\u00eb sht\u00ebpi e shnd\u00ebrruar n\u00eb muze), ka arsye t\u2019ia b\u00ebj\u00eb \u201cuau!\u201d p\u00ebrball\u00eb pasionit e vendosm\u00ebris\u00eb s\u00eb tij p\u00ebr t\u00eb rravguar sa andej-k\u00ebtej (p\u00ebrpiqet t\u00eb ndjek\u00eb dhe ankandet, ku q\u00ebllon q\u00eb dalin n\u00eb shitje mallra t\u00eb k\u00ebtij lloji), e p\u00ebr t\u00eb mbledhur \u00e7ik\u00eb e nga nj\u00eb \u00e7ik\u00eb, me durimin e nj\u00eb pramatari apo q\u00ebndistari, d\u00ebshmi t\u00eb tradit\u00ebs e t\u00eb historis\u00eb s\u00eb Shqip\u00ebris\u00eb.<\/p>\n<p>Sipas meje, ajo sht\u00ebpi vlen m\u00eb shum\u00eb se t\u00eb gjitha p\u00ebrmendoret e ngritura n\u00eb sheshet e qyteteve tona si homazh p\u00ebr trimat putativ\u00eb shqiptar\u00eb q\u00eb kan\u00eb l\u00ebn\u00eb nam n\u00eb beteja t\u00eb panum\u00ebrta kund\u00ebr armiqve t\u00eb kombit.<\/p>\n","protected":false},"excerpt":{"rendered":"<p>Mustafa Nano Zululand N\u00eb pamje t\u00eb par\u00eb, duket sikur Shqip\u00ebria e k\u00ebtyre koh\u00ebve \u00ebsht\u00eb krejt nj\u00ebngjyr\u00ebshe, d.m.th \u00ebsht\u00eb vendi ku t\u00eb gjith\u00eb njer\u00ebzit kan\u00eb t\u00eb nj\u00ebjtat pasione, t\u00eb nj\u00ebjtat shije, t\u00eb nj\u00ebjtat vese apo virtyte, i nj\u00ebjti stil jetese dhe e nj\u00ebjta m\u00ebnyr\u00eb t\u00eb menduari. Duket sikur k\u00ebtejpari ka vet\u00ebm nj\u00eb meanstream, q\u00eb n\u00eb p\u00ebrpjekje [&hellip;]<\/p>\n","protected":false},"author":1,"featured_media":0,"comment_status":"open","ping_status":"closed","sticky":false,"template":"","format":"standard","meta":{"footnotes":""},"categories":[2],"tags":[],"class_list":{"0":"post-3686","1":"post","2":"type-post","3":"status-publish","4":"format-standard","6":"category-artikuj"},"yoast_head":"<!-- This site is optimized with the Yoast SEO plugin v27.4 - https:\/\/yoast.com\/product\/yoast-seo-wordpress\/ -->\n<title>N\u00cb FIER KAM NJOHUR NJ\u00cb SHQIPTAR \u201cT\u00cb \u00c7UDITSH\u00cbM\u201d - FjALA e LIR\u00cb - Arkivi<\/title>\n<meta name=\"robots\" content=\"index, follow, max-snippet:-1, max-image-preview:large, max-video-preview:-1\" \/>\n<link rel=\"canonical\" href=\"https:\/\/fjala.info\/2009-2015\/ne-fier-kam-njohur-nje-shqiptar-te-cuditshem\/\" \/>\n<meta property=\"og:locale\" content=\"sq_AL\" \/>\n<meta property=\"og:type\" content=\"article\" \/>\n<meta property=\"og:title\" content=\"N\u00cb FIER KAM NJOHUR NJ\u00cb SHQIPTAR \u201cT\u00cb \u00c7UDITSH\u00cbM\u201d - FjALA e LIR\u00cb - Arkivi\" \/>\n<meta property=\"og:description\" content=\"Mustafa Nano Zululand N\u00eb pamje t\u00eb par\u00eb, duket sikur Shqip\u00ebria e k\u00ebtyre koh\u00ebve \u00ebsht\u00eb krejt nj\u00ebngjyr\u00ebshe, d.m.th \u00ebsht\u00eb vendi ku t\u00eb gjith\u00eb njer\u00ebzit kan\u00eb t\u00eb nj\u00ebjtat pasione, t\u00eb nj\u00ebjtat shije, t\u00eb nj\u00ebjtat vese apo virtyte, i nj\u00ebjti stil jetese dhe e nj\u00ebjta m\u00ebnyr\u00eb t\u00eb menduari. Duket sikur k\u00ebtejpari ka vet\u00ebm nj\u00eb meanstream, q\u00eb n\u00eb p\u00ebrpjekje [&hellip;]\" \/>\n<meta property=\"og:url\" content=\"https:\/\/fjala.info\/2009-2015\/ne-fier-kam-njohur-nje-shqiptar-te-cuditshem\/\" \/>\n<meta property=\"og:site_name\" content=\"FjALA e LIR\u00cb - Arkivi\" \/>\n<meta property=\"article:published_time\" content=\"2010-08-11T21:23:50+00:00\" \/>\n<meta property=\"og:image\" content=\"http:\/\/www.shkoder.net\/images\/fjala\/mustafa_nano.jpg\" \/>\n<meta name=\"author\" content=\"admin\" \/>\n<meta name=\"twitter:card\" content=\"summary_large_image\" \/>\n<meta name=\"twitter:label1\" content=\"Written by\" \/>\n\t<meta name=\"twitter:data1\" content=\"admin\" \/>\n\t<meta name=\"twitter:label2\" content=\"Est. reading time\" \/>\n\t<meta name=\"twitter:data2\" content=\"3 minutes\" \/>\n<script type=\"application\/ld+json\" class=\"yoast-schema-graph\">{\"@context\":\"https:\\\/\\\/schema.org\",\"@graph\":[{\"@type\":\"Article\",\"@id\":\"https:\\\/\\\/fjala.info\\\/2009-2015\\\/ne-fier-kam-njohur-nje-shqiptar-te-cuditshem\\\/#article\",\"isPartOf\":{\"@id\":\"https:\\\/\\\/fjala.info\\\/2009-2015\\\/ne-fier-kam-njohur-nje-shqiptar-te-cuditshem\\\/\"},\"author\":{\"name\":\"admin\",\"@id\":\"https:\\\/\\\/fjala.info\\\/2009-2015\\\/#\\\/schema\\\/person\\\/3aa1163ef05469c496fc94e77611ada2\"},\"headline\":\"N\u00cb FIER KAM NJOHUR NJ\u00cb SHQIPTAR \u201cT\u00cb \u00c7UDITSH\u00cbM\u201d\",\"datePublished\":\"2010-08-11T21:23:50+00:00\",\"mainEntityOfPage\":{\"@id\":\"https:\\\/\\\/fjala.info\\\/2009-2015\\\/ne-fier-kam-njohur-nje-shqiptar-te-cuditshem\\\/\"},\"wordCount\":610,\"commentCount\":0,\"publisher\":{\"@id\":\"https:\\\/\\\/fjala.info\\\/2009-2015\\\/#organization\"},\"image\":{\"@id\":\"https:\\\/\\\/fjala.info\\\/2009-2015\\\/ne-fier-kam-njohur-nje-shqiptar-te-cuditshem\\\/#primaryimage\"},\"thumbnailUrl\":\"http:\\\/\\\/www.shkoder.net\\\/images\\\/fjala\\\/mustafa_nano.jpg\",\"articleSection\":[\"Artikuj\"],\"inLanguage\":\"sq-AL\",\"potentialAction\":[{\"@type\":\"CommentAction\",\"name\":\"Comment\",\"target\":[\"https:\\\/\\\/fjala.info\\\/2009-2015\\\/ne-fier-kam-njohur-nje-shqiptar-te-cuditshem\\\/#respond\"]}]},{\"@type\":\"WebPage\",\"@id\":\"https:\\\/\\\/fjala.info\\\/2009-2015\\\/ne-fier-kam-njohur-nje-shqiptar-te-cuditshem\\\/\",\"url\":\"https:\\\/\\\/fjala.info\\\/2009-2015\\\/ne-fier-kam-njohur-nje-shqiptar-te-cuditshem\\\/\",\"name\":\"N\u00cb FIER KAM NJOHUR NJ\u00cb SHQIPTAR \u201cT\u00cb \u00c7UDITSH\u00cbM\u201d - FjALA e LIR\u00cb - Arkivi\",\"isPartOf\":{\"@id\":\"https:\\\/\\\/fjala.info\\\/2009-2015\\\/#website\"},\"primaryImageOfPage\":{\"@id\":\"https:\\\/\\\/fjala.info\\\/2009-2015\\\/ne-fier-kam-njohur-nje-shqiptar-te-cuditshem\\\/#primaryimage\"},\"image\":{\"@id\":\"https:\\\/\\\/fjala.info\\\/2009-2015\\\/ne-fier-kam-njohur-nje-shqiptar-te-cuditshem\\\/#primaryimage\"},\"thumbnailUrl\":\"http:\\\/\\\/www.shkoder.net\\\/images\\\/fjala\\\/mustafa_nano.jpg\",\"datePublished\":\"2010-08-11T21:23:50+00:00\",\"breadcrumb\":{\"@id\":\"https:\\\/\\\/fjala.info\\\/2009-2015\\\/ne-fier-kam-njohur-nje-shqiptar-te-cuditshem\\\/#breadcrumb\"},\"inLanguage\":\"sq-AL\",\"potentialAction\":[{\"@type\":\"ReadAction\",\"target\":[\"https:\\\/\\\/fjala.info\\\/2009-2015\\\/ne-fier-kam-njohur-nje-shqiptar-te-cuditshem\\\/\"]}]},{\"@type\":\"ImageObject\",\"inLanguage\":\"sq-AL\",\"@id\":\"https:\\\/\\\/fjala.info\\\/2009-2015\\\/ne-fier-kam-njohur-nje-shqiptar-te-cuditshem\\\/#primaryimage\",\"url\":\"http:\\\/\\\/www.shkoder.net\\\/images\\\/fjala\\\/mustafa_nano.jpg\",\"contentUrl\":\"http:\\\/\\\/www.shkoder.net\\\/images\\\/fjala\\\/mustafa_nano.jpg\"},{\"@type\":\"BreadcrumbList\",\"@id\":\"https:\\\/\\\/fjala.info\\\/2009-2015\\\/ne-fier-kam-njohur-nje-shqiptar-te-cuditshem\\\/#breadcrumb\",\"itemListElement\":[{\"@type\":\"ListItem\",\"position\":1,\"name\":\"Home\",\"item\":\"https:\\\/\\\/fjala.info\\\/2009-2015\\\/\"},{\"@type\":\"ListItem\",\"position\":2,\"name\":\"N\u00cb FIER KAM NJOHUR NJ\u00cb SHQIPTAR \u201cT\u00cb \u00c7UDITSH\u00cbM\u201d\"}]},{\"@type\":\"WebSite\",\"@id\":\"https:\\\/\\\/fjala.info\\\/2009-2015\\\/#website\",\"url\":\"https:\\\/\\\/fjala.info\\\/2009-2015\\\/\",\"name\":\"FjALA e LIR\u00cb - Arkivi\",\"description\":\"Arkivi 2009-2015\",\"publisher\":{\"@id\":\"https:\\\/\\\/fjala.info\\\/2009-2015\\\/#organization\"},\"potentialAction\":[{\"@type\":\"SearchAction\",\"target\":{\"@type\":\"EntryPoint\",\"urlTemplate\":\"https:\\\/\\\/fjala.info\\\/2009-2015\\\/?s={search_term_string}\"},\"query-input\":{\"@type\":\"PropertyValueSpecification\",\"valueRequired\":true,\"valueName\":\"search_term_string\"}}],\"inLanguage\":\"sq-AL\"},{\"@type\":\"Organization\",\"@id\":\"https:\\\/\\\/fjala.info\\\/2009-2015\\\/#organization\",\"name\":\"FjALA e LIR\u00cb - Arkivi\",\"url\":\"https:\\\/\\\/fjala.info\\\/2009-2015\\\/\",\"logo\":{\"@type\":\"ImageObject\",\"inLanguage\":\"sq-AL\",\"@id\":\"https:\\\/\\\/fjala.info\\\/2009-2015\\\/#\\\/schema\\\/logo\\\/image\\\/\",\"url\":\"\",\"contentUrl\":\"\",\"caption\":\"FjALA e LIR\u00cb - Arkivi\"},\"image\":{\"@id\":\"https:\\\/\\\/fjala.info\\\/2009-2015\\\/#\\\/schema\\\/logo\\\/image\\\/\"}},{\"@type\":\"Person\",\"@id\":\"https:\\\/\\\/fjala.info\\\/2009-2015\\\/#\\\/schema\\\/person\\\/3aa1163ef05469c496fc94e77611ada2\",\"name\":\"admin\",\"image\":{\"@type\":\"ImageObject\",\"inLanguage\":\"sq-AL\",\"@id\":\"https:\\\/\\\/fjala.info\\\/2009-2015\\\/wp-content\\\/uploads\\\/2012\\\/02\\\/arben_cokaj-120x150.jpg\",\"url\":\"https:\\\/\\\/fjala.info\\\/2009-2015\\\/wp-content\\\/uploads\\\/2012\\\/02\\\/arben_cokaj-120x150.jpg\",\"contentUrl\":\"https:\\\/\\\/fjala.info\\\/2009-2015\\\/wp-content\\\/uploads\\\/2012\\\/02\\\/arben_cokaj-120x150.jpg\",\"caption\":\"admin\"},\"description\":\"Admin, Fjala e Lir\u00eb\",\"sameAs\":[\"https:\\\/\\\/fjala.info\\\/\"],\"url\":\"https:\\\/\\\/fjala.info\\\/2009-2015\\\/author\\\/admin\\\/\"}]}<\/script>\n<!-- \/ Yoast SEO plugin. -->","yoast_head_json":{"title":"N\u00cb FIER KAM NJOHUR NJ\u00cb SHQIPTAR \u201cT\u00cb \u00c7UDITSH\u00cbM\u201d - FjALA e LIR\u00cb - Arkivi","robots":{"index":"index","follow":"follow","max-snippet":"max-snippet:-1","max-image-preview":"max-image-preview:large","max-video-preview":"max-video-preview:-1"},"canonical":"https:\/\/fjala.info\/2009-2015\/ne-fier-kam-njohur-nje-shqiptar-te-cuditshem\/","og_locale":"sq_AL","og_type":"article","og_title":"N\u00cb FIER KAM NJOHUR NJ\u00cb SHQIPTAR \u201cT\u00cb \u00c7UDITSH\u00cbM\u201d - FjALA e LIR\u00cb - Arkivi","og_description":"Mustafa Nano Zululand N\u00eb pamje t\u00eb par\u00eb, duket sikur Shqip\u00ebria e k\u00ebtyre koh\u00ebve \u00ebsht\u00eb krejt nj\u00ebngjyr\u00ebshe, d.m.th \u00ebsht\u00eb vendi ku t\u00eb gjith\u00eb njer\u00ebzit kan\u00eb t\u00eb nj\u00ebjtat pasione, t\u00eb nj\u00ebjtat shije, t\u00eb nj\u00ebjtat vese apo virtyte, i nj\u00ebjti stil jetese dhe e nj\u00ebjta m\u00ebnyr\u00eb t\u00eb menduari. Duket sikur k\u00ebtejpari ka vet\u00ebm nj\u00eb meanstream, q\u00eb n\u00eb p\u00ebrpjekje [&hellip;]","og_url":"https:\/\/fjala.info\/2009-2015\/ne-fier-kam-njohur-nje-shqiptar-te-cuditshem\/","og_site_name":"FjALA e LIR\u00cb - Arkivi","article_published_time":"2010-08-11T21:23:50+00:00","og_image":[{"url":"http:\/\/www.shkoder.net\/images\/fjala\/mustafa_nano.jpg","type":"","width":"","height":""}],"author":"admin","twitter_card":"summary_large_image","twitter_misc":{"Written by":"admin","Est. reading time":"3 minutes"},"schema":{"@context":"https:\/\/schema.org","@graph":[{"@type":"Article","@id":"https:\/\/fjala.info\/2009-2015\/ne-fier-kam-njohur-nje-shqiptar-te-cuditshem\/#article","isPartOf":{"@id":"https:\/\/fjala.info\/2009-2015\/ne-fier-kam-njohur-nje-shqiptar-te-cuditshem\/"},"author":{"name":"admin","@id":"https:\/\/fjala.info\/2009-2015\/#\/schema\/person\/3aa1163ef05469c496fc94e77611ada2"},"headline":"N\u00cb FIER KAM NJOHUR NJ\u00cb SHQIPTAR \u201cT\u00cb \u00c7UDITSH\u00cbM\u201d","datePublished":"2010-08-11T21:23:50+00:00","mainEntityOfPage":{"@id":"https:\/\/fjala.info\/2009-2015\/ne-fier-kam-njohur-nje-shqiptar-te-cuditshem\/"},"wordCount":610,"commentCount":0,"publisher":{"@id":"https:\/\/fjala.info\/2009-2015\/#organization"},"image":{"@id":"https:\/\/fjala.info\/2009-2015\/ne-fier-kam-njohur-nje-shqiptar-te-cuditshem\/#primaryimage"},"thumbnailUrl":"http:\/\/www.shkoder.net\/images\/fjala\/mustafa_nano.jpg","articleSection":["Artikuj"],"inLanguage":"sq-AL","potentialAction":[{"@type":"CommentAction","name":"Comment","target":["https:\/\/fjala.info\/2009-2015\/ne-fier-kam-njohur-nje-shqiptar-te-cuditshem\/#respond"]}]},{"@type":"WebPage","@id":"https:\/\/fjala.info\/2009-2015\/ne-fier-kam-njohur-nje-shqiptar-te-cuditshem\/","url":"https:\/\/fjala.info\/2009-2015\/ne-fier-kam-njohur-nje-shqiptar-te-cuditshem\/","name":"N\u00cb FIER KAM NJOHUR NJ\u00cb SHQIPTAR \u201cT\u00cb \u00c7UDITSH\u00cbM\u201d - FjALA e LIR\u00cb - Arkivi","isPartOf":{"@id":"https:\/\/fjala.info\/2009-2015\/#website"},"primaryImageOfPage":{"@id":"https:\/\/fjala.info\/2009-2015\/ne-fier-kam-njohur-nje-shqiptar-te-cuditshem\/#primaryimage"},"image":{"@id":"https:\/\/fjala.info\/2009-2015\/ne-fier-kam-njohur-nje-shqiptar-te-cuditshem\/#primaryimage"},"thumbnailUrl":"http:\/\/www.shkoder.net\/images\/fjala\/mustafa_nano.jpg","datePublished":"2010-08-11T21:23:50+00:00","breadcrumb":{"@id":"https:\/\/fjala.info\/2009-2015\/ne-fier-kam-njohur-nje-shqiptar-te-cuditshem\/#breadcrumb"},"inLanguage":"sq-AL","potentialAction":[{"@type":"ReadAction","target":["https:\/\/fjala.info\/2009-2015\/ne-fier-kam-njohur-nje-shqiptar-te-cuditshem\/"]}]},{"@type":"ImageObject","inLanguage":"sq-AL","@id":"https:\/\/fjala.info\/2009-2015\/ne-fier-kam-njohur-nje-shqiptar-te-cuditshem\/#primaryimage","url":"http:\/\/www.shkoder.net\/images\/fjala\/mustafa_nano.jpg","contentUrl":"http:\/\/www.shkoder.net\/images\/fjala\/mustafa_nano.jpg"},{"@type":"BreadcrumbList","@id":"https:\/\/fjala.info\/2009-2015\/ne-fier-kam-njohur-nje-shqiptar-te-cuditshem\/#breadcrumb","itemListElement":[{"@type":"ListItem","position":1,"name":"Home","item":"https:\/\/fjala.info\/2009-2015\/"},{"@type":"ListItem","position":2,"name":"N\u00cb FIER KAM NJOHUR NJ\u00cb SHQIPTAR \u201cT\u00cb \u00c7UDITSH\u00cbM\u201d"}]},{"@type":"WebSite","@id":"https:\/\/fjala.info\/2009-2015\/#website","url":"https:\/\/fjala.info\/2009-2015\/","name":"FjALA e LIR\u00cb - Arkivi","description":"Arkivi 2009-2015","publisher":{"@id":"https:\/\/fjala.info\/2009-2015\/#organization"},"potentialAction":[{"@type":"SearchAction","target":{"@type":"EntryPoint","urlTemplate":"https:\/\/fjala.info\/2009-2015\/?s={search_term_string}"},"query-input":{"@type":"PropertyValueSpecification","valueRequired":true,"valueName":"search_term_string"}}],"inLanguage":"sq-AL"},{"@type":"Organization","@id":"https:\/\/fjala.info\/2009-2015\/#organization","name":"FjALA e LIR\u00cb - Arkivi","url":"https:\/\/fjala.info\/2009-2015\/","logo":{"@type":"ImageObject","inLanguage":"sq-AL","@id":"https:\/\/fjala.info\/2009-2015\/#\/schema\/logo\/image\/","url":"","contentUrl":"","caption":"FjALA e LIR\u00cb - Arkivi"},"image":{"@id":"https:\/\/fjala.info\/2009-2015\/#\/schema\/logo\/image\/"}},{"@type":"Person","@id":"https:\/\/fjala.info\/2009-2015\/#\/schema\/person\/3aa1163ef05469c496fc94e77611ada2","name":"admin","image":{"@type":"ImageObject","inLanguage":"sq-AL","@id":"https:\/\/fjala.info\/2009-2015\/wp-content\/uploads\/2012\/02\/arben_cokaj-120x150.jpg","url":"https:\/\/fjala.info\/2009-2015\/wp-content\/uploads\/2012\/02\/arben_cokaj-120x150.jpg","contentUrl":"https:\/\/fjala.info\/2009-2015\/wp-content\/uploads\/2012\/02\/arben_cokaj-120x150.jpg","caption":"admin"},"description":"Admin, Fjala e Lir\u00eb","sameAs":["https:\/\/fjala.info\/"],"url":"https:\/\/fjala.info\/2009-2015\/author\/admin\/"}]}},"_links":{"self":[{"href":"https:\/\/fjala.info\/2009-2015\/wp-json\/wp\/v2\/posts\/3686","targetHints":{"allow":["GET"]}}],"collection":[{"href":"https:\/\/fjala.info\/2009-2015\/wp-json\/wp\/v2\/posts"}],"about":[{"href":"https:\/\/fjala.info\/2009-2015\/wp-json\/wp\/v2\/types\/post"}],"author":[{"embeddable":true,"href":"https:\/\/fjala.info\/2009-2015\/wp-json\/wp\/v2\/users\/1"}],"replies":[{"embeddable":true,"href":"https:\/\/fjala.info\/2009-2015\/wp-json\/wp\/v2\/comments?post=3686"}],"version-history":[{"count":0,"href":"https:\/\/fjala.info\/2009-2015\/wp-json\/wp\/v2\/posts\/3686\/revisions"}],"wp:attachment":[{"href":"https:\/\/fjala.info\/2009-2015\/wp-json\/wp\/v2\/media?parent=3686"}],"wp:term":[{"taxonomy":"category","embeddable":true,"href":"https:\/\/fjala.info\/2009-2015\/wp-json\/wp\/v2\/categories?post=3686"},{"taxonomy":"post_tag","embeddable":true,"href":"https:\/\/fjala.info\/2009-2015\/wp-json\/wp\/v2\/tags?post=3686"}],"curies":[{"name":"wp","href":"https:\/\/api.w.org\/{rel}","templated":true}]}}