{"id":3679,"date":"2010-08-11T08:40:19","date_gmt":"2010-08-11T07:40:19","guid":{"rendered":"http:\/\/fjala.shkoder.net\/?p=3679"},"modified":"2010-08-11T08:40:19","modified_gmt":"2010-08-11T07:40:19","slug":"juristet-skeptike-per-referendumin","status":"publish","type":"post","link":"https:\/\/fjala.info\/2009-2015\/juristet-skeptike-per-referendumin\/","title":{"rendered":"Jurist\u00ebt: Skeptik\u00eb p\u00ebr Referendumin"},"content":{"rendered":"<p><strong>Shekulli<\/strong>, <em>11.08.2010<\/em><\/p>\n<p>Jurist\u00ebt Igli Totozani, Kristaq Kume dhe Vjollca Me\u00e7o flasin p\u00ebr &#8220;Shekulli&#8221; p\u00ebr nism\u00ebn e nj\u00eb grupi qytetar\u00ebsh t\u00eb cil\u00ebt kan\u00eb depozituar n\u00eb Komisionin Qendror t\u00eb Zgjedhjeve nj\u00eb k\u00ebrkes\u00eb n\u00eb t\u00eb cil\u00ebn k\u00ebrkohet referendum p\u00ebr rinum\u00ebrimin e votave t\u00eb zgjedhjeve t\u00eb 2009. Ata e shohin me skepticiz\u00ebm mund\u00ebsin\u00eb e mbajtjes s\u00eb nj\u00eb referendumi p\u00ebr hetimin e zgjedhjeve t\u00eb 28 qershorit. Sipas tyre k\u00ebrkesa e 14 nism\u00ebtar\u00ebve \u00ebsht\u00eb nj\u00eb e drejt\u00eb demokratike, por q\u00eb mund\u00ebsit\u00eb p\u00ebr zhvillimin e nj\u00eb referendumi jan\u00eb t\u00eb pakta.<\/p>\n<p>Eksperti Igli Totozani u shpreh se nj\u00eb aksion i till\u00eb, nuk do t\u00eb ndodh\u00eb n\u00eb Shqip\u00ebri. Sipas tij nj\u00eb nism\u00eb e till\u00eb nuk \u00ebsht\u00eb shum\u00eb e nevojshme pasi p\u00ebr juristin Totozani \u00e7\u00ebshtja q\u00eb ata k\u00ebrkojn\u00eb pra rinum\u00ebrimin e flet\u00ebve e ka nj\u00eb zgjidhje sipas legjislacionit n\u00eb fuqi. P\u00ebr t\u00eb, legjislacioni shqiptar jo vet\u00ebm nuk pengon hetimin por e b\u00ebn t\u00eb mundur at\u00eb n\u00eb m\u00ebnyr\u00ebn m\u00eb t\u00eb plot\u00eb, jo vet\u00ebm p\u00ebr listat dhe dokumente t\u00eb tjer\u00eb elektoral\u00eb por edhe p\u00ebr flet\u00ebt e votimit.<\/p>\n<p>Edhe ish kreu i Komisionit Qendror t\u00eb Zgjedhjeve Kristaq Kume e shikon t\u00eb pamundur nj\u00eb k\u00ebrkes\u00eb t\u00eb till\u00eb. P\u00ebr ish kreun e KQZ-s\u00eb me formulim q\u00eb i \u00ebsht\u00eb b\u00ebr\u00eb k\u00ebrkes\u00ebs, an\u00ebtar\u00ebt e KQZ-s\u00eb mund t\u00eb k\u00ebrkojn\u00eb nj\u00eb riformulim. Arsyeja e dyt\u00eb sipas tij ka t\u00eb b\u00ebj\u00eb edhe me objektin \u00e7ka do e b\u00ebj\u00eb t\u00eb v\u00ebshtir\u00eb zgjidhjen e dilem\u00ebs se kujt institucioni duhet t&#8217;i ishte drejtuar. Edhe pse e sheh si pozitive nism\u00ebn e 14 qytetar\u00ebve, Kristaq Kume thekson se rruga m\u00eb e mir\u00eb p\u00ebr zgjidhjen e kriz\u00ebs politike nd\u00ebrmjet forcave politike sipas tij ajo e nisur nga institucionet p\u00ebrkat\u00ebse. Nd\u00ebrsa kryetarja e Komitetit Shqiptar t\u00eb Helsinkit Vjollca Me\u00e7o deklaroi se fakti q\u00eb kan\u00eb d\u00ebshtuar t\u00eb gjitha tentativat me p\u00ebrjashtim t\u00eb nj\u00ebrit p\u00ebr t\u00eb zhvilluar referendum, do t\u00eb thot\u00eb q\u00eb ka di\u00e7ka q\u00eb nuk shkon.<\/p>\n<p><strong>Totozani: Hetimi i zgjedhjeve e ka p\u00ebrgjigjen n\u00eb legjislacionin shqiptar<\/strong><\/p>\n<p><em>Nj\u00eb grup qytetar\u00ebsh kan\u00eb paraqitur nj\u00eb nism\u00eb p\u00ebr hetimin e zgjedhjeve t\u00eb 28 qershorit. Si e vler\u00ebsoni k\u00ebt\u00eb k\u00ebrkes\u00eb ?<\/em><\/p>\n<p>Gj\u00ebja e par\u00eb q\u00eb t\u00eb bie n\u00eb mend sapo merr k\u00ebt\u00eb lajm \u00ebsht\u00eb fakti se kjo kriz\u00eb e st\u00ebrzgjatur politike q\u00eb tashm\u00eb po mbush nj\u00eb vit e ka lodhur tej mase qytetarin e k\u00ebtij vendi. Ai po kupton se gj\u00ebrat nuk po shkojn\u00eb si duhet n\u00eb vendin e tij dhe se n\u00eb opinionin publik po vazhdon t\u00eb dominoj\u00eb kjo \u00e7\u00ebshtje. S\u00eb dyti, referendumet jan\u00eb nj\u00eb shprehje e demokracis\u00eb direkte dhe si t\u00eb till\u00eb jan\u00eb ve\u00e7se t\u00eb mir\u00ebpritur.<\/p>\n<p>Mir\u00ebpo \u00e7\u00ebshtja q\u00eb k\u00ebta qytetar\u00eb ngren\u00eb n\u00eb k\u00ebrkes\u00ebn e tyre ka n\u00eb fakt nj\u00eb p\u00ebrgjigje. Dhe kjo p\u00ebr mua gjendet n\u00eb legjislacionin pozitiv shqiptar. Sipas mendimit tim, legjislacioni shqiptar jo vet\u00ebm nuk pengon hetimin por p\u00ebrkundrazi e b\u00ebn t\u00eb mundur at\u00eb n\u00eb m\u00ebnyr\u00ebn m\u00eb t\u00eb plot\u00eb, jo vet\u00ebm p\u00ebr listat dhe dokumente t\u00eb tjer\u00eb elektoral\u00eb por edhe p\u00ebr flet\u00ebt e votimit.<\/p>\n<p><em>Sa mund\u00ebsi ka q\u00eb k\u00ebrkesa e tyre t\u00eb merret parasysh nga KQZ ?<\/em><\/p>\n<p>K\u00ebt\u00eb nuk mund ta di. Edhe sikur t\u00eb kisha n\u00eb tryez\u00ebn time t\u00eb gjitha element\u00ebt e nevojsh\u00ebm p\u00ebr t\u00eb dh\u00ebn\u00eb nj\u00eb pik\u00ebpamje juridike do ta kisha v\u00ebshtir\u00eb ta jepja nj\u00eb p\u00ebrgjigje t\u00eb till\u00eb. Jo rrall\u00eb, n\u00eb Shqip\u00ebri parimi i ligjshm\u00ebris\u00eb shkelet me t\u00eb dyja k\u00ebmb\u00ebt. Megjithat\u00eb mendoj se nj\u00eb aksion i till\u00eb, nuk do t\u00eb ndodh\u00eb n\u00eb Shqip\u00ebri. E dua vendin tim dhe nuk mendoj se populli im do t\u00eb arrinte deri aty sa ti drejtonte vetes pyetje t\u00eb tilla, p\u00ebrgjigja pohuese e t\u00eb cilave nuk ka nevoj\u00eb t\u00eb testohet.<\/p>\n<p><em>A \u00ebsht\u00eb gati vendi nd\u00ebrkoh\u00eb q\u00eb p\u00ebrpara kemi zgjedhjet lokale p\u00ebr t\u00eb zhvilluar referendum?<\/em><\/p>\n<p>Edhe sikur t\u00eb ishte gati, ky referendum p\u00ebr mendimin tim \u00ebsht\u00eb jo logjik. Qoft\u00eb p\u00ebr koh\u00ebn q\u00eb po kalojm\u00eb qoft\u00eb p\u00ebr pyetjen pa kuptim q\u00eb ngre ai. Sepse p\u00ebrve\u00e7 t\u00eb tjerave p\u00ebr dik\u00eb q\u00eb njeh demokracin\u00eb nj\u00eb pyetje e till\u00eb \u00ebsht\u00eb retorike. Dihet p\u00ebrgjigja. Nuk mund t\u00eb ket\u00eb demokraci n\u00eb nj\u00eb vend ku gj\u00ebja apo aksioni publik fshihet n\u00eb err\u00ebsir\u00ebn e nj\u00eb kutie apo zyre. Ky \u00ebsht\u00eb vet\u00eb thelbi i k\u00ebtij sistemi.<\/p>\n<p><strong>Kristaq Kume: Zgjidhja m\u00eb mir\u00eb nga institucionet<\/strong><\/p>\n<p><em>A mundet nj\u00eb grup nism\u00ebtar\u00ebsh prej 14 vetash t\u00eb dor\u00ebzojn\u00eb n\u00eb KQZ nj\u00eb k\u00ebrkes\u00eb t\u00eb till\u00eb n\u00eb nj\u00eb koh\u00eb kur referendumi sipas Kushtetut\u00ebs do 50 mij\u00eb firma?<\/em><\/p>\n<p>N\u00eb kod p\u00ebrcaktohet se k\u00ebrkesa p\u00ebr fillimin e procedurave t\u00eb referendumeve n\u00eb KQZ kan\u00eb t\u00eb drejt\u00eb ta paraqesin jo m\u00eb pak se 12 nism\u00ebtar\u00eb. Pra kjo k\u00ebrkes\u00eb q\u00eb \u00ebsht\u00eb b\u00ebr\u00eb \u00ebsht\u00eb n\u00eb p\u00ebrputhje me at\u00eb q\u00eb parashikon ligji p\u00ebrkat\u00ebs p\u00ebr referendumin. Referendumet e p\u00ebrgjithshme ndahen n\u00eb dy grupe, referendum q\u00eb mund t\u00eb zhvillohen p\u00ebr t\u00eb trajtuar problematik\u00ebn p\u00ebr nj\u00eb ligj t\u00eb caktuar ose p\u00ebr pjes\u00eb t\u00eb nj\u00eb ligji t\u00eb caktuar dhe grupi i dyt\u00eb i referendumeve t\u00eb p\u00ebrgjegjshme jan\u00eb referendumet q\u00eb kan\u00eb t\u00eb b\u00ebj\u00eb me \u00e7\u00ebshtje t\u00eb ve\u00e7anta.<\/p>\n<p>N\u00eb kod p\u00ebrcaktohet q\u00eb referendumi n\u00eb t\u00eb cil\u00ebn k\u00ebrkohet shfuqizimi i nj\u00eb pjese t\u00eb ligjit ose i nj\u00eb ligji fillon procedurat duke kaluar nga KQZ. N\u00eb aspektin formal k\u00ebrkesa e d\u00ebrguar n\u00eb KQZ e formuluar n\u00eb k\u00ebt\u00eb m\u00ebnyr\u00eb nuk ka sens juridik. Pra, kam p\u00ebrshtypjen se KQZ q\u00eb n\u00eb k\u00ebt\u00eb formulim t\u00eb k\u00ebrkes\u00ebs mund t\u00eb k\u00ebrkojn\u00eb nj\u00eb riformulim prej nism\u00ebtar\u00ebve. E dyta q\u00eb \u00ebsht\u00eb m\u00eb e r\u00ebnd\u00ebsishme se kjo ka t\u00eb b\u00ebj\u00eb me at\u00eb \u00e7ka k\u00ebrkohet t\u00eb realizohet.<\/p>\n<p>Pyetja e par\u00eb q\u00eb \u00ebsht\u00eb thelb \u00ebsht\u00eb formuluar: &#8221; A duhet t\u00eb rinum\u00ebrohen flet\u00eb e votimit t\u00eb zgjedhjeve parlamentare t\u00eb vitit 2009?&#8221;. Duke qen\u00eb se si \u00ebsht\u00eb formuluar, \u00ebsht\u00eb evazive, nuk kam mund\u00ebsi dot t\u00eb arrij ta klasifikoj n\u00eb nj\u00ebr\u00ebn grup t\u00eb referendumit. \u00cbsht\u00eb e v\u00ebshtir\u00eb n\u00ebse \u00ebsht\u00eb adresuar sakt\u00eb apo duhet t\u00eb adresohej tek presidenti. Pra kam p\u00ebrshtypjen q\u00eb ky moment mund t\u00eb b\u00ebhet pjes\u00eb e diskutimeve t\u00eb KQZ-s\u00eb.<\/p>\n<p><em>Cila \u00ebsht\u00eb procedura deri n\u00eb referendum?<\/em><br \/>\nN\u00eb rast se KQZ pranon k\u00ebrkes\u00ebn pas k\u00ebsaj fillon procedura konkrete e realizimit t\u00eb procesit refendar q\u00eb do t\u00eb thot\u00eb nism\u00ebtar\u00ebt pajisen me flet\u00ebt e nevojshme p\u00ebr t\u00eb mbledhur firmat e 50 mij\u00eb votuesve. Pas k\u00ebsaj \u00ebsht\u00eb KQZ-ja q\u00eb shqyrton n\u00eb m\u00ebnyr\u00eb formale dokumentacionin dhe i d\u00ebrgon presidentit dhe Gjykat\u00ebs Kushtetuese dokumentacionin p\u00ebrkat\u00ebs p\u00ebr t\u00eb filluar procedur\u00ebn e organizimit t\u00eb referendumit dhe m\u00eb pas presidenti ka t\u00eb drejt\u00eb q\u00eb t\u00eb dekretoj\u00eb dat\u00ebn e zgjedhjeve. Por n\u00eb rast se KQZ-ja nuk e konsideron t\u00eb ligjshme, nism\u00ebtar\u00ebt kan\u00eb t\u00eb drejt\u00eb ti drejtohen gjykat\u00ebs p\u00ebr ta atakuar k\u00ebt\u00eb vendim dhe n\u00eb k\u00ebt\u00eb rast nuk ka afat kohor se kur gjykata do t\u00eb marr\u00eb n\u00eb shqyrtim k\u00ebt\u00eb k\u00ebrkes\u00eb.<\/p>\n<p><em>Mendoni se jemi gati p\u00ebr zhvillimin e nj\u00eb referendumi nd\u00ebrkoh\u00eb q\u00eb kemi p\u00ebrpara edhe zgjedhjet lokale?<\/em><br \/>\nDuke iu referuar koh\u00ebs kur b\u00ebhet k\u00ebrkesa p\u00ebr k\u00ebt\u00eb referendum t\u00eb p\u00ebrgjithshme,q\u00eb do t\u00eb thot\u00eb fakti q\u00eb n\u00eb pranver\u00ebn e ardhshme do t\u00eb kemi zgjedhje p\u00ebr organet e pushtetit vendor, kam p\u00ebrshtypjen q\u00eb koha e nevojshme \u00ebsht\u00eb jo e limituar, por praktikisht e pamjaftueshme p\u00ebr t\u00eb realizuar k\u00ebt\u00eb proces referendar. Un\u00eb e mir\u00ebkuptoj k\u00ebt\u00eb iniciat\u00eb por duke q\u00ebndruar n\u00eb aspekte formale nga nj\u00ebra an\u00eb, ballafaquar me nevoj\u00ebn p\u00ebr kap\u00ebrcimin e k\u00ebtyre aspekteve formale dhe koh\u00ebs q\u00eb \u00ebsht\u00eb n\u00eb dispozicion do t\u00eb thosha se rruga m\u00eb e mir\u00eb p\u00ebr zgjidhje \u00ebsht\u00eb ajo tashm\u00eb e nisur nga institucionet p\u00ebrkat\u00ebse.<\/p>\n<p><strong>Vjollca Me\u00e7o: Fakti q\u00eb kan\u00eb d\u00ebshtuar t\u00eb gjitha referendumet, ka di\u00e7ka q\u00eb nuk shkon<\/strong><\/p>\n<p><em>Si e shikoni nj\u00eb k\u00ebrkes\u00eb t\u00eb till\u00eb t\u00eb depozituar nga 14 nism\u00ebtar\u00eb n\u00eb Komisionin Qendror t\u00eb Zgjedhjeve?<\/em><br \/>\nN\u00eb fakt ne as nuk na \u00ebsht\u00eb k\u00ebrkuar dhe as kemi dh\u00ebn\u00eb mendim. Mua nuk m\u00eb duket si form\u00eb e p\u00ebrshtatshme n\u00eb sensin p\u00ebr t\u00eb zgjidhur k\u00ebt\u00eb konflikt q\u00eb ekziston. N\u00eb Shqip\u00ebri nuk \u00ebsht\u00eb se ka eksperienca n\u00eb referendum. Un\u00eb di vet\u00ebm nj\u00eb referendum q\u00eb \u00ebsht\u00eb mbajtur n\u00eb k\u00ebto 20 vitet e fundit, nd\u00ebrsa her\u00ebt e tjera referendumet nuk kan\u00eb arritur me sukses zhvillimin sepse ka shume hallka te parashikuara sipas kushtetut\u00ebs dhe ligjit, por nuk kane mb\u00ebrritur t\u00eb zhvillohen .K\u00ebshtu q\u00eb un\u00eb nuk e konsideroj si nj\u00eb propozim t\u00eb p\u00ebrshtatsh\u00ebm.<\/p>\n<p><em>Mendoni se duhet ndryshuar di\u00e7ka n\u00eb Kushtetut\u00eb q\u00eb t\u00eb leht\u00ebsohet procedura e marrjes n\u00eb m\u00ebnyr\u00eb t\u00eb drejtp\u00ebrdrejt\u00eb t\u00eb vendimeve nga qytetar\u00ebt n\u00ebp\u00ebrmjet referendumit?<\/em><\/p>\n<p>Para se t\u00eb shkojm\u00eb te Kushtetuta mbase \u00e7\u00ebshtja e referendumeve duhet par\u00eb, duhet trajtuar me ligjin sepse nuk \u00ebsht\u00eb Kushtetuta dispozita ligjore q\u00eb e b\u00ebn shtjellimin e instituteve q\u00eb ajo trajton. Pra Kushtetuta e ka sanksionuar t\u00eb drejt\u00ebn p\u00ebr referendum. Pra populli, zgjedh\u00ebsit mund t\u00eb shprehen p\u00ebr \u00e7\u00ebshtje t\u00eb caktuara t\u00eb interesit t\u00eb p\u00ebrgjithsh\u00ebm ose lokal. Por se si mund t\u00eb zhvillohen, si lindin nismat, k\u00ebtu \u00ebsht\u00eb ligji q\u00eb duhet.<\/p>\n<p>Fakti q\u00eb kan\u00eb d\u00ebshtuar t\u00eb gjitha referendumet me p\u00ebrjashtim t\u00eb nj\u00ebr\u00ebs p\u00ebr t\u00eb zhvilluar referendum, do t\u00eb thot\u00eb q\u00eb ka di\u00e7ka q\u00eb nuk shkon. P\u00ebr mendimin tim nuk \u00ebsht\u00eb e kushtetut\u00ebs, \u00ebsht\u00eb \u00e7\u00ebshtje e p\u00ebrmir\u00ebsimit t\u00eb legjislacionit dhe sido q\u00eb t\u00eb p\u00ebrmir\u00ebsohet ky legjislacion, nj\u00eb gj\u00eb ta them me siguri sot q\u00eb popullit nuk mund ti mohohet e drejta p\u00ebr t&#8217;u shprehur p\u00ebr nj\u00eb \u00e7\u00ebshtje t\u00eb interesit publik.<\/p>\n<p>&#8212;<\/p>\n<p><strong>Hetimi i zgjedhjeve, nism\u00eb p\u00ebr referendum n\u00eb KQZ<\/strong><br \/>\nNj\u00eb grup qytetar\u00ebsh n\u00eb Tiran\u00eb kan\u00eb paraqitur pran\u00eb KQZ-s\u00eb nj\u00eb k\u00ebrkes\u00eb p\u00ebr organizimin e nj\u00eb referendumi ku qytetar\u00ebt t\u00eb ftohen p\u00ebr t\u00eb votuar n\u00ebse duan t\u00eb rinum\u00ebrohen apo jo flet\u00ebt e votimit t\u00eb zgjedhjeve t\u00eb kaluara.<\/p>\n<p>N\u00eb k\u00ebrkes\u00ebn e tyre drejtuar KQZ-s\u00eb, firm\u00ebtar\u00ebt shtrojn\u00eb tri pyetje q\u00eb qytetar\u00ebt n\u00eb referendum duhet t&#8217;i p\u00ebrgjigjen me PO ose JO.<\/p>\n<p>K\u00ebto pyetje jan\u00eb:<\/p>\n<p><em>A duhet t\u00eb rinum\u00ebrohen flet\u00ebt e votimit t\u00eb zgjedhjeve parlamentare t\u00eb 2009-t\u00ebs?<\/em><\/p>\n<p><em>A duhet rinum\u00ebrimi t\u00eb b\u00ebhet nga shoq\u00ebria civile?<\/em><\/p>\n<p><em>A duhet q\u00eb rinum\u00ebrimi t\u00eb b\u00ebhet nga KQZ-ja?<\/em><\/p>\n<p>Andi Gjoliku, nj\u00eb nga nism\u00ebtar\u00ebt e k\u00ebrkes\u00ebs p\u00ebr referendum, thot\u00eb se ka ardhur koha q\u00eb vet\u00eb shtetasit t\u00eb vendosin p\u00ebr fatin e vot\u00ebs dhe se k\u00ebrkesa e tyre rrjedh nga e drejta q\u00eb u jep kushtetuta.<\/p>\n<p>Grupi i qytetar\u00ebve \u00ebsht\u00eb n\u00eb pritje t\u00eb p\u00ebrgjigjes q\u00eb duhet t&#8217;i jap\u00eb KQZ-ja e cila, sipas ligjit, duhet ta b\u00ebj\u00eb k\u00ebt\u00eb gj\u00eb brenda 20 dit\u00ebsh.<\/p>\n<p>Andi Gjoliku i tha BBC-s\u00eb se dhunimi i t\u00eb drejt\u00ebs p\u00ebr t\u00eb vet\u00ebvendosur p\u00ebrmes referendumit do t\u00eb pengonte \u00ebnd\u00ebrr\u00ebn evropiane.<\/p>\n<p>Nd\u00ebrkaq, Presidenti i Republik\u00ebs duhet t\u00eb shpall\u00eb brenda 8 shtatorit dat\u00ebn e zgjedhjeve t\u00eb reja lokale t\u00eb vitit 2011.<\/p>\n<p>Sipas ligjit, pas k\u00ebsaj flet\u00ebt e votimit t\u00eb zgjedhjeve t\u00eb m\u00ebparshme asgjesohen.<\/p>\n<p>\u00c7\u00ebshtja e flet\u00ebve t\u00eb votimit vazhdon t\u00eb jet\u00eb nyja gordiane n\u00eb mosarritjen e marr\u00ebveshjes mes shumic\u00ebs dhe opozit\u00ebs p\u00ebr kap\u00ebrcimin e kriz\u00ebs politike n\u00eb marr\u00ebdh\u00ebniet mes tyre.<\/p>\n<p>Opozita k\u00ebrkon q\u00eb transparenca e zgjedhjeve t\u00eb kaluara t\u00eb shtrihet deri te flet\u00ebt e votimit t\u00eb cilat, sipas saj, komisioni hetimor parlamentar duhet t&#8217;i rinum\u00ebroj\u00eb sa her\u00eb materiali zgjedhor nuk e plot\u00ebson transparenc\u00ebn.<\/p>\n<p>Por, shumica k\u00ebmb\u00ebngul n\u00eb q\u00ebndrimin e saj se kjo \u00e7\u00ebshtje duhet t\u00eb zgjidhet vet\u00ebm n\u00eb p\u00ebrputhje me ligjin egsistues.<\/p>\n","protected":false},"excerpt":{"rendered":"<p>Shekulli, 11.08.2010 Jurist\u00ebt Igli Totozani, Kristaq Kume dhe Vjollca Me\u00e7o flasin p\u00ebr &#8220;Shekulli&#8221; p\u00ebr nism\u00ebn e nj\u00eb grupi qytetar\u00ebsh t\u00eb cil\u00ebt kan\u00eb depozituar n\u00eb Komisionin Qendror t\u00eb Zgjedhjeve nj\u00eb k\u00ebrkes\u00eb n\u00eb t\u00eb cil\u00ebn k\u00ebrkohet referendum p\u00ebr rinum\u00ebrimin e votave t\u00eb zgjedhjeve t\u00eb 2009. Ata e shohin me skepticiz\u00ebm mund\u00ebsin\u00eb e mbajtjes s\u00eb nj\u00eb referendumi p\u00ebr [&hellip;]<\/p>\n","protected":false},"author":1,"featured_media":0,"comment_status":"open","ping_status":"closed","sticky":false,"template":"","format":"standard","meta":{"footnotes":""},"categories":[2],"tags":[],"class_list":{"0":"post-3679","1":"post","2":"type-post","3":"status-publish","4":"format-standard","6":"category-artikuj"},"yoast_head":"<!-- This site is optimized with the Yoast SEO plugin v27.4 - https:\/\/yoast.com\/product\/yoast-seo-wordpress\/ -->\n<title>Jurist\u00ebt: Skeptik\u00eb p\u00ebr Referendumin - FjALA e LIR\u00cb - Arkivi<\/title>\n<meta name=\"robots\" content=\"index, follow, max-snippet:-1, max-image-preview:large, max-video-preview:-1\" \/>\n<link rel=\"canonical\" href=\"https:\/\/fjala.info\/2009-2015\/juristet-skeptike-per-referendumin\/\" \/>\n<meta property=\"og:locale\" content=\"sq_AL\" \/>\n<meta property=\"og:type\" content=\"article\" \/>\n<meta property=\"og:title\" content=\"Jurist\u00ebt: Skeptik\u00eb p\u00ebr Referendumin - FjALA e LIR\u00cb - Arkivi\" \/>\n<meta property=\"og:description\" content=\"Shekulli, 11.08.2010 Jurist\u00ebt Igli Totozani, Kristaq Kume dhe Vjollca Me\u00e7o flasin p\u00ebr &#8220;Shekulli&#8221; p\u00ebr nism\u00ebn e nj\u00eb grupi qytetar\u00ebsh t\u00eb cil\u00ebt kan\u00eb depozituar n\u00eb Komisionin Qendror t\u00eb Zgjedhjeve nj\u00eb k\u00ebrkes\u00eb n\u00eb t\u00eb cil\u00ebn k\u00ebrkohet referendum p\u00ebr rinum\u00ebrimin e votave t\u00eb zgjedhjeve t\u00eb 2009. Ata e shohin me skepticiz\u00ebm mund\u00ebsin\u00eb e mbajtjes s\u00eb nj\u00eb referendumi p\u00ebr [&hellip;]\" \/>\n<meta property=\"og:url\" content=\"https:\/\/fjala.info\/2009-2015\/juristet-skeptike-per-referendumin\/\" \/>\n<meta property=\"og:site_name\" content=\"FjALA e LIR\u00cb - Arkivi\" \/>\n<meta property=\"article:published_time\" content=\"2010-08-11T07:40:19+00:00\" \/>\n<meta name=\"author\" content=\"admin\" \/>\n<meta name=\"twitter:card\" content=\"summary_large_image\" \/>\n<meta name=\"twitter:label1\" content=\"Written by\" \/>\n\t<meta name=\"twitter:data1\" content=\"admin\" \/>\n\t<meta name=\"twitter:label2\" content=\"Est. reading time\" \/>\n\t<meta name=\"twitter:data2\" content=\"10 minutes\" \/>\n<script type=\"application\/ld+json\" class=\"yoast-schema-graph\">{\"@context\":\"https:\\\/\\\/schema.org\",\"@graph\":[{\"@type\":\"Article\",\"@id\":\"https:\\\/\\\/fjala.info\\\/2009-2015\\\/juristet-skeptike-per-referendumin\\\/#article\",\"isPartOf\":{\"@id\":\"https:\\\/\\\/fjala.info\\\/2009-2015\\\/juristet-skeptike-per-referendumin\\\/\"},\"author\":{\"name\":\"admin\",\"@id\":\"https:\\\/\\\/fjala.info\\\/2009-2015\\\/#\\\/schema\\\/person\\\/3aa1163ef05469c496fc94e77611ada2\"},\"headline\":\"Jurist\u00ebt: Skeptik\u00eb p\u00ebr Referendumin\",\"datePublished\":\"2010-08-11T07:40:19+00:00\",\"mainEntityOfPage\":{\"@id\":\"https:\\\/\\\/fjala.info\\\/2009-2015\\\/juristet-skeptike-per-referendumin\\\/\"},\"wordCount\":2058,\"commentCount\":0,\"publisher\":{\"@id\":\"https:\\\/\\\/fjala.info\\\/2009-2015\\\/#organization\"},\"articleSection\":[\"Artikuj\"],\"inLanguage\":\"sq-AL\",\"potentialAction\":[{\"@type\":\"CommentAction\",\"name\":\"Comment\",\"target\":[\"https:\\\/\\\/fjala.info\\\/2009-2015\\\/juristet-skeptike-per-referendumin\\\/#respond\"]}]},{\"@type\":\"WebPage\",\"@id\":\"https:\\\/\\\/fjala.info\\\/2009-2015\\\/juristet-skeptike-per-referendumin\\\/\",\"url\":\"https:\\\/\\\/fjala.info\\\/2009-2015\\\/juristet-skeptike-per-referendumin\\\/\",\"name\":\"Jurist\u00ebt: Skeptik\u00eb p\u00ebr Referendumin - FjALA e LIR\u00cb - Arkivi\",\"isPartOf\":{\"@id\":\"https:\\\/\\\/fjala.info\\\/2009-2015\\\/#website\"},\"datePublished\":\"2010-08-11T07:40:19+00:00\",\"breadcrumb\":{\"@id\":\"https:\\\/\\\/fjala.info\\\/2009-2015\\\/juristet-skeptike-per-referendumin\\\/#breadcrumb\"},\"inLanguage\":\"sq-AL\",\"potentialAction\":[{\"@type\":\"ReadAction\",\"target\":[\"https:\\\/\\\/fjala.info\\\/2009-2015\\\/juristet-skeptike-per-referendumin\\\/\"]}]},{\"@type\":\"BreadcrumbList\",\"@id\":\"https:\\\/\\\/fjala.info\\\/2009-2015\\\/juristet-skeptike-per-referendumin\\\/#breadcrumb\",\"itemListElement\":[{\"@type\":\"ListItem\",\"position\":1,\"name\":\"Home\",\"item\":\"https:\\\/\\\/fjala.info\\\/2009-2015\\\/\"},{\"@type\":\"ListItem\",\"position\":2,\"name\":\"Jurist\u00ebt: Skeptik\u00eb p\u00ebr Referendumin\"}]},{\"@type\":\"WebSite\",\"@id\":\"https:\\\/\\\/fjala.info\\\/2009-2015\\\/#website\",\"url\":\"https:\\\/\\\/fjala.info\\\/2009-2015\\\/\",\"name\":\"FjALA e LIR\u00cb - Arkivi\",\"description\":\"Arkivi 2009-2015\",\"publisher\":{\"@id\":\"https:\\\/\\\/fjala.info\\\/2009-2015\\\/#organization\"},\"potentialAction\":[{\"@type\":\"SearchAction\",\"target\":{\"@type\":\"EntryPoint\",\"urlTemplate\":\"https:\\\/\\\/fjala.info\\\/2009-2015\\\/?s={search_term_string}\"},\"query-input\":{\"@type\":\"PropertyValueSpecification\",\"valueRequired\":true,\"valueName\":\"search_term_string\"}}],\"inLanguage\":\"sq-AL\"},{\"@type\":\"Organization\",\"@id\":\"https:\\\/\\\/fjala.info\\\/2009-2015\\\/#organization\",\"name\":\"FjALA e LIR\u00cb - Arkivi\",\"url\":\"https:\\\/\\\/fjala.info\\\/2009-2015\\\/\",\"logo\":{\"@type\":\"ImageObject\",\"inLanguage\":\"sq-AL\",\"@id\":\"https:\\\/\\\/fjala.info\\\/2009-2015\\\/#\\\/schema\\\/logo\\\/image\\\/\",\"url\":\"\",\"contentUrl\":\"\",\"caption\":\"FjALA e LIR\u00cb - Arkivi\"},\"image\":{\"@id\":\"https:\\\/\\\/fjala.info\\\/2009-2015\\\/#\\\/schema\\\/logo\\\/image\\\/\"}},{\"@type\":\"Person\",\"@id\":\"https:\\\/\\\/fjala.info\\\/2009-2015\\\/#\\\/schema\\\/person\\\/3aa1163ef05469c496fc94e77611ada2\",\"name\":\"admin\",\"image\":{\"@type\":\"ImageObject\",\"inLanguage\":\"sq-AL\",\"@id\":\"https:\\\/\\\/fjala.info\\\/2009-2015\\\/wp-content\\\/uploads\\\/2012\\\/02\\\/arben_cokaj-120x150.jpg\",\"url\":\"https:\\\/\\\/fjala.info\\\/2009-2015\\\/wp-content\\\/uploads\\\/2012\\\/02\\\/arben_cokaj-120x150.jpg\",\"contentUrl\":\"https:\\\/\\\/fjala.info\\\/2009-2015\\\/wp-content\\\/uploads\\\/2012\\\/02\\\/arben_cokaj-120x150.jpg\",\"caption\":\"admin\"},\"description\":\"Admin, Fjala e Lir\u00eb\",\"sameAs\":[\"https:\\\/\\\/fjala.info\\\/\"],\"url\":\"https:\\\/\\\/fjala.info\\\/2009-2015\\\/author\\\/admin\\\/\"}]}<\/script>\n<!-- \/ Yoast SEO plugin. -->","yoast_head_json":{"title":"Jurist\u00ebt: Skeptik\u00eb p\u00ebr Referendumin - FjALA e LIR\u00cb - Arkivi","robots":{"index":"index","follow":"follow","max-snippet":"max-snippet:-1","max-image-preview":"max-image-preview:large","max-video-preview":"max-video-preview:-1"},"canonical":"https:\/\/fjala.info\/2009-2015\/juristet-skeptike-per-referendumin\/","og_locale":"sq_AL","og_type":"article","og_title":"Jurist\u00ebt: Skeptik\u00eb p\u00ebr Referendumin - FjALA e LIR\u00cb - Arkivi","og_description":"Shekulli, 11.08.2010 Jurist\u00ebt Igli Totozani, Kristaq Kume dhe Vjollca Me\u00e7o flasin p\u00ebr &#8220;Shekulli&#8221; p\u00ebr nism\u00ebn e nj\u00eb grupi qytetar\u00ebsh t\u00eb cil\u00ebt kan\u00eb depozituar n\u00eb Komisionin Qendror t\u00eb Zgjedhjeve nj\u00eb k\u00ebrkes\u00eb n\u00eb t\u00eb cil\u00ebn k\u00ebrkohet referendum p\u00ebr rinum\u00ebrimin e votave t\u00eb zgjedhjeve t\u00eb 2009. Ata e shohin me skepticiz\u00ebm mund\u00ebsin\u00eb e mbajtjes s\u00eb nj\u00eb referendumi p\u00ebr [&hellip;]","og_url":"https:\/\/fjala.info\/2009-2015\/juristet-skeptike-per-referendumin\/","og_site_name":"FjALA e LIR\u00cb - Arkivi","article_published_time":"2010-08-11T07:40:19+00:00","author":"admin","twitter_card":"summary_large_image","twitter_misc":{"Written by":"admin","Est. reading time":"10 minutes"},"schema":{"@context":"https:\/\/schema.org","@graph":[{"@type":"Article","@id":"https:\/\/fjala.info\/2009-2015\/juristet-skeptike-per-referendumin\/#article","isPartOf":{"@id":"https:\/\/fjala.info\/2009-2015\/juristet-skeptike-per-referendumin\/"},"author":{"name":"admin","@id":"https:\/\/fjala.info\/2009-2015\/#\/schema\/person\/3aa1163ef05469c496fc94e77611ada2"},"headline":"Jurist\u00ebt: Skeptik\u00eb p\u00ebr Referendumin","datePublished":"2010-08-11T07:40:19+00:00","mainEntityOfPage":{"@id":"https:\/\/fjala.info\/2009-2015\/juristet-skeptike-per-referendumin\/"},"wordCount":2058,"commentCount":0,"publisher":{"@id":"https:\/\/fjala.info\/2009-2015\/#organization"},"articleSection":["Artikuj"],"inLanguage":"sq-AL","potentialAction":[{"@type":"CommentAction","name":"Comment","target":["https:\/\/fjala.info\/2009-2015\/juristet-skeptike-per-referendumin\/#respond"]}]},{"@type":"WebPage","@id":"https:\/\/fjala.info\/2009-2015\/juristet-skeptike-per-referendumin\/","url":"https:\/\/fjala.info\/2009-2015\/juristet-skeptike-per-referendumin\/","name":"Jurist\u00ebt: Skeptik\u00eb p\u00ebr Referendumin - FjALA e LIR\u00cb - Arkivi","isPartOf":{"@id":"https:\/\/fjala.info\/2009-2015\/#website"},"datePublished":"2010-08-11T07:40:19+00:00","breadcrumb":{"@id":"https:\/\/fjala.info\/2009-2015\/juristet-skeptike-per-referendumin\/#breadcrumb"},"inLanguage":"sq-AL","potentialAction":[{"@type":"ReadAction","target":["https:\/\/fjala.info\/2009-2015\/juristet-skeptike-per-referendumin\/"]}]},{"@type":"BreadcrumbList","@id":"https:\/\/fjala.info\/2009-2015\/juristet-skeptike-per-referendumin\/#breadcrumb","itemListElement":[{"@type":"ListItem","position":1,"name":"Home","item":"https:\/\/fjala.info\/2009-2015\/"},{"@type":"ListItem","position":2,"name":"Jurist\u00ebt: Skeptik\u00eb p\u00ebr Referendumin"}]},{"@type":"WebSite","@id":"https:\/\/fjala.info\/2009-2015\/#website","url":"https:\/\/fjala.info\/2009-2015\/","name":"FjALA e LIR\u00cb - Arkivi","description":"Arkivi 2009-2015","publisher":{"@id":"https:\/\/fjala.info\/2009-2015\/#organization"},"potentialAction":[{"@type":"SearchAction","target":{"@type":"EntryPoint","urlTemplate":"https:\/\/fjala.info\/2009-2015\/?s={search_term_string}"},"query-input":{"@type":"PropertyValueSpecification","valueRequired":true,"valueName":"search_term_string"}}],"inLanguage":"sq-AL"},{"@type":"Organization","@id":"https:\/\/fjala.info\/2009-2015\/#organization","name":"FjALA e LIR\u00cb - Arkivi","url":"https:\/\/fjala.info\/2009-2015\/","logo":{"@type":"ImageObject","inLanguage":"sq-AL","@id":"https:\/\/fjala.info\/2009-2015\/#\/schema\/logo\/image\/","url":"","contentUrl":"","caption":"FjALA e LIR\u00cb - Arkivi"},"image":{"@id":"https:\/\/fjala.info\/2009-2015\/#\/schema\/logo\/image\/"}},{"@type":"Person","@id":"https:\/\/fjala.info\/2009-2015\/#\/schema\/person\/3aa1163ef05469c496fc94e77611ada2","name":"admin","image":{"@type":"ImageObject","inLanguage":"sq-AL","@id":"https:\/\/fjala.info\/2009-2015\/wp-content\/uploads\/2012\/02\/arben_cokaj-120x150.jpg","url":"https:\/\/fjala.info\/2009-2015\/wp-content\/uploads\/2012\/02\/arben_cokaj-120x150.jpg","contentUrl":"https:\/\/fjala.info\/2009-2015\/wp-content\/uploads\/2012\/02\/arben_cokaj-120x150.jpg","caption":"admin"},"description":"Admin, Fjala e Lir\u00eb","sameAs":["https:\/\/fjala.info\/"],"url":"https:\/\/fjala.info\/2009-2015\/author\/admin\/"}]}},"_links":{"self":[{"href":"https:\/\/fjala.info\/2009-2015\/wp-json\/wp\/v2\/posts\/3679","targetHints":{"allow":["GET"]}}],"collection":[{"href":"https:\/\/fjala.info\/2009-2015\/wp-json\/wp\/v2\/posts"}],"about":[{"href":"https:\/\/fjala.info\/2009-2015\/wp-json\/wp\/v2\/types\/post"}],"author":[{"embeddable":true,"href":"https:\/\/fjala.info\/2009-2015\/wp-json\/wp\/v2\/users\/1"}],"replies":[{"embeddable":true,"href":"https:\/\/fjala.info\/2009-2015\/wp-json\/wp\/v2\/comments?post=3679"}],"version-history":[{"count":0,"href":"https:\/\/fjala.info\/2009-2015\/wp-json\/wp\/v2\/posts\/3679\/revisions"}],"wp:attachment":[{"href":"https:\/\/fjala.info\/2009-2015\/wp-json\/wp\/v2\/media?parent=3679"}],"wp:term":[{"taxonomy":"category","embeddable":true,"href":"https:\/\/fjala.info\/2009-2015\/wp-json\/wp\/v2\/categories?post=3679"},{"taxonomy":"post_tag","embeddable":true,"href":"https:\/\/fjala.info\/2009-2015\/wp-json\/wp\/v2\/tags?post=3679"}],"curies":[{"name":"wp","href":"https:\/\/api.w.org\/{rel}","templated":true}]}}