{"id":3676,"date":"2010-08-11T08:29:36","date_gmt":"2010-08-11T07:29:36","guid":{"rendered":"http:\/\/fjala.shkoder.net\/?p=3676"},"modified":"2010-08-11T08:29:36","modified_gmt":"2010-08-11T07:29:36","slug":"gjendja-e-brendshme-dhe-mania-e-njohjeve-nderkombetare","status":"publish","type":"post","link":"https:\/\/fjala.info\/2009-2015\/gjendja-e-brendshme-dhe-mania-e-njohjeve-nderkombetare\/","title":{"rendered":"Gjendja e brendshme dhe mania e njohjeve nd\u00ebrkomb\u00ebtare"},"content":{"rendered":"<p><img decoding=\"async\" style=\"margin-left: 10px; margin-right: 10px; border: 0px;\" title=\"Adri Nurellari\" src=\"http:\/\/www.shkoder.net\/images\/fjala\/adri_nurellari.jpg\" border=\"0\" alt=\"\" width=\"150\" align=\"right\" \/><\/p>\n<p><strong>Adri Nurellari<\/strong><\/p>\n<p>\u00c7do dit\u00eb, faqet e para t\u00eb gazetave kosovare jan\u00eb t\u00eb p\u00ebrmbytura nga lajme p\u00ebr njohjen apo mosnjohjen e Kosov\u00ebs nga shtete t\u00eb ndryshme duke monopolizuar v\u00ebmendjen e gjith\u00eb opinionit publik. \u00c7\u00ebshtja e njohjes s\u00eb Kosov\u00ebs \u00ebsht\u00eb shnd\u00ebrruar n\u00eb nj\u00eb fetish gjith\u00ebp\u00ebrfshir\u00ebs dhe n\u00eb nj\u00eb subjekt t\u00eb pashtersh\u00ebm bisedash tavoline duke ushqyer iluzionin se gjith\u00e7ka do t\u00eb shkoj\u00eb super vet\u00ebm n\u00ebse shteti futet n\u00eb OKB. Kjo situat\u00eb po devijon v\u00ebmendjen nga zhvillime t\u00eb tjera t\u00eb brendshme q\u00eb jo vet\u00ebm jan\u00eb mbase m\u00eb t\u00eb r\u00ebnd\u00ebsishme p\u00ebr momentin se njohjet nd\u00ebrkomb\u00ebtare, por q\u00eb shpesh jan\u00eb nj\u00ebherazi t\u00eb lidhura drejtp\u00ebrs\u00ebdrejti me vet\u00eb njohjet.<\/p>\n<p>Dometh\u00ebn\u00eb nuk mund t\u00eb pretendohet q\u00eb shtetet skeptike t\u00eb binden prej shpalljes s\u00eb pavar\u00ebsis\u00eb s\u00eb Kosov\u00ebs dhe ta pranojn\u00eb k\u00ebt\u00eb pavar\u00ebsi n\u00ebse nuk shohin se Kosova \u00ebsht\u00eb b\u00ebr\u00eb shtet funksional dhe i begat\u00eb. Sado q\u00eb t\u00eb jet\u00eb e aft\u00eb diplomacia amerikane dhe e Kosov\u00ebs p\u00ebr t\u00eb b\u00ebr\u00eb \u201cmarketing, lobbying apo PR\u201d p\u00ebr pavar\u00ebsin\u00eb e Kosov\u00ebs n\u00eb nivel nd\u00ebrkomb\u00ebtar, prap\u00ebseprap\u00eb zhvillimet e brendshme jan\u00eb vendimtare. Fundja po qe se nj\u00eb produkt nuk \u00ebsht\u00eb i plot\u00eb dhe cil\u00ebsor n\u00eb vetvete ai v\u00ebshtir\u00eb se do t\u00eb shitet sado q\u00eb t&#8217;ia \u201czbukurosh ambalazhin\u201d me diplomaci.<\/p>\n<p>N\u00eb aspektin diplomatik, Kosova ka aleat shtetin m\u00eb t\u00eb fuqish\u00ebm t\u00eb marr\u00ebdh\u00ebnieve nd\u00ebrkomb\u00ebtare k\u00ebshtu q\u00eb s\u2019mund t\u00eb pritet shum\u00eb nga Ministria e Jashtme kosovare. Asaj i takon m\u00eb s\u00eb paku t\u00eb mos b\u00ebj\u00eb gafa diplomatike si ato q\u00eb jan\u00eb v\u00ebn\u00eb re. Pas GJND-s\u00eb n\u00eb fakt ka ardhur momenti q\u00eb v\u00ebmendja e kosovar\u00ebve t\u00eb p\u00ebrqendrohet te prodhimi dhe p\u00ebrmir\u00ebsimi i \u201cproduktit\u201d e jo vet\u00ebm te reklamimi i tij te shtetet skeptike.<\/p>\n<p>N\u00eb fakt, duhet t\u00eb b\u00ebhet nj\u00ebher\u00eb e mir\u00eb e qart\u00eb n\u00eb Kosov\u00eb se pa u ndryshuar gj\u00ebrat n\u00eb terren dhe pa u v\u00ebn\u00eb shtetet skeptike para nj\u00eb fakti t\u00eb kryer dhe t\u00eb pakthyesh\u00ebm t\u00eb nj\u00eb shteti funksional e solid kosovar, v\u00ebshtir\u00eb se do t\u00eb b\u00ebhet e mundur njohja unanime e pavar\u00ebsis\u00eb. Vet\u00ebm n\u00eb k\u00ebt\u00eb m\u00ebnyr\u00eb do mund t\u00eb bindeshin shtete si Rusia e Kina q\u00eb jan\u00eb an\u00ebtare permanente me t\u00eb drejt\u00eb vetoje t\u00eb K\u00ebshillit t\u00eb Sigurimit t\u00eb OKB-s\u00eb, ku edhe duhet t\u00eb filtrohet aplikimi i Kosov\u00ebs p\u00ebr an\u00ebtar\u00ebsi.<\/p>\n<p>Kosova sot duhet t\u00eb p\u00ebrgatitet q\u00eb procesi i an\u00ebtar\u00ebsimit n\u00eb OKB mund t\u00eb jet\u00eb afatgjat\u00eb dhe nuk duhet t\u00eb shk\u00ebpus\u00eb v\u00ebmendjen nga t\u00eb tjera prioritete t\u00eb shtet-nd\u00ebrtimit dhe zhvillimit t\u00eb Kosov\u00ebs. Tajvani \u00ebsht\u00eb nj\u00eb rast interesant q\u00eb tregon se nj\u00eb shtet mund t\u00eb jet\u00eb i sigurt dhe t\u00eb begatoj\u00eb edhe pa u njohur zyrtarisht prej shumic\u00ebs s\u00eb bot\u00ebs dhe pa qen\u00eb pjes\u00eb e OKB-s\u00eb.<\/p>\n<p>Vet\u00ebm 23 shtete e njohin Tajvanin (n\u00ebn emrin Republika e Kin\u00ebs) dhe kjo nuk e pengon k\u00ebt\u00eb vend t\u00eb jet\u00eb nd\u00ebr m\u00eb t\u00eb p\u00ebrparuarit n\u00eb bot\u00eb dhe me mir\u00ebqenie shembullore. P\u00ebrpos k\u00ebsaj, pasaporta tajvaneze njihet de facto pothuaj kudo n\u00eb bot\u00eb dhe mbi 90 shtete e territore (q\u00eb do t\u00eb thot\u00eb se vet\u00ebm 33 shtete t\u00eb tjera l\u00ebvizin lirsh\u00ebm n\u00eb m\u00eb shum\u00eb shtete se Tajvani) i pranojn\u00eb banor\u00ebt e Tajvanit pa viz\u00eb ose me viz\u00eb t\u00eb l\u00ebshuar n\u00eb kufi. Nga ana tjet\u00ebr, ka shtete t\u00eb d\u00ebshtuara si Somalia q\u00eb jan\u00eb t\u00eb njohura formalisht n\u00eb nivel nd\u00ebrkomb\u00ebtar, por q\u00eb ngelen t\u00eb shkat\u00ebrruara.<\/p>\n<p>P\u00ebr t\u00eb treguar r\u00ebnd\u00ebsin\u00eb q\u00eb ka ndryshimi i situat\u00ebs n\u00eb terren mjafton t\u00eb hidhet nj\u00eb sy n\u00eb vendet e Ballkanit gjat\u00eb historis\u00eb bashk\u00ebkohore. Para 15 vitesh as q\u00eb mund t\u00eb mendohej q\u00eb Beogradi t\u00eb pranonte marr\u00ebdh\u00ebnie me Kroacin\u00eb, nd\u00ebrkoh\u00eb q\u00eb para pak jav\u00ebsh Beogradi i b\u00ebri nj\u00eb pritje madh\u00ebshtore Presidentit kroat duke kthyer prapa dhe g\u00eblltitur gjith\u00eb vrerin e hedhur dikur ndaj kroat\u00ebve dhe pavar\u00ebsis\u00eb s\u00eb tyre.<\/p>\n<p>Kjo ndodhte jo sepse serb\u00ebve befas iu kthye dashuria p\u00ebr kroat\u00ebt, por sepse vet\u00eb Kroacia jo vet\u00ebm \u00ebsht\u00eb realitet pa kthim mbrapa, por \u00ebsht\u00eb n\u00eb pararoj\u00eb t\u00eb proceseve integruese n\u00eb rajon e s\u00eb shpejti vet\u00eb Serbia do ia ket\u00eb nevoj\u00ebn. Nga ana tjet\u00ebr, rasti boshnjak tregon se ndryshimi i situat\u00ebs n\u00eb terren nuk \u00e7on vet\u00ebm n\u00eb progres, por edhe n\u00eb regres. Pranimi nga OKB-ja i Bosnj\u00eb-Hercegovin\u00ebs nuk qe nj\u00eb garanci p\u00ebr mir\u00ebqenien e popullsis\u00eb dhe nuk i dekurajoi serb\u00ebt nga planet ogurzeza.<\/p>\n<p>Edhe pse komuniteti nd\u00ebrkomb\u00ebtar e njohu zyrtarisht Bosnj\u00ebn me n\u00eb krye Izetbegovi\u00e7in dhe Silajxhi\u00e7in q\u00eb n\u00eb 1992, u detyrua q\u00eb n\u00eb dim\u00ebr t\u00eb vitit 1995 t\u00eb transformonte q\u00ebndrimin e vet si pasoj\u00eb e zhvillimeve n\u00eb terren dhe akomodonte nj\u00eb tjet\u00ebr realitet boshnjak. N\u00eb vend t\u00eb Bosnj\u00eb-Hercegovin\u00ebs monolite dhe unitare t\u00eb njohur formalisht n\u00eb pranver\u00eb t\u00eb vitit 1992, prej marr\u00ebveshjes s\u00eb Dejtonit ne kemi nj\u00eb shtet jofunksional t\u00eb fragmentuar n\u00eb kat\u00ebr nj\u00ebsi qeveris\u00ebse dhe n\u00ebn protektoratin e pashmangsh\u00ebm nd\u00ebrkomb\u00ebtar.<\/p>\n<p>Prandaj v\u00ebmendja dhe energjia n\u00eb Kosov\u00eb duhet t\u00eb drejtohet p\u00ebr nga konsolidimi i institucioneve ligjore dhe zhvillimi i demokracis\u00eb, liris\u00eb dhe ekonomis\u00eb e jo te procesi i zvarritur i njohjeve. P\u00ebrqendrimi i v\u00ebmendjes t\u00ebr\u00ebsisht te ky proces e l\u00ebnia pas dore t\u00eb gjendjes s\u00eb brendshme i sh\u00ebrben vet\u00ebm pap\u00ebrgjegjshm\u00ebris\u00eb dhe paaft\u00ebsis\u00eb s\u00eb qeveritar\u00ebve. Publiku duhet t\u00eb p\u00ebrdori si kut mat\u00ebs t\u00eb dobis\u00eb dhe efikasitetit t\u00eb elit\u00ebs politike kosovare zhvillimet e brendshme, sepse aty mund t\u00eb jepet kontributi maksimal p\u00ebr afirmimin e pavar\u00ebsis\u00eb s\u00eb Kosov\u00ebs.<\/p>\n","protected":false},"excerpt":{"rendered":"<p>Adri Nurellari \u00c7do dit\u00eb, faqet e para t\u00eb gazetave kosovare jan\u00eb t\u00eb p\u00ebrmbytura nga lajme p\u00ebr njohjen apo mosnjohjen e Kosov\u00ebs nga shtete t\u00eb ndryshme duke monopolizuar v\u00ebmendjen e gjith\u00eb opinionit publik. \u00c7\u00ebshtja e njohjes s\u00eb Kosov\u00ebs \u00ebsht\u00eb shnd\u00ebrruar n\u00eb nj\u00eb fetish gjith\u00ebp\u00ebrfshir\u00ebs dhe n\u00eb nj\u00eb subjekt t\u00eb pashtersh\u00ebm bisedash tavoline duke ushqyer iluzionin se [&hellip;]<\/p>\n","protected":false},"author":1,"featured_media":0,"comment_status":"open","ping_status":"closed","sticky":false,"template":"","format":"standard","meta":{"footnotes":""},"categories":[2],"tags":[],"class_list":{"0":"post-3676","1":"post","2":"type-post","3":"status-publish","4":"format-standard","6":"category-artikuj"},"yoast_head":"<!-- This site is optimized with the Yoast SEO plugin v27.4 - https:\/\/yoast.com\/product\/yoast-seo-wordpress\/ -->\n<title>Gjendja e brendshme dhe mania e njohjeve nd\u00ebrkomb\u00ebtare - FjALA e LIR\u00cb - Arkivi<\/title>\n<meta name=\"robots\" content=\"index, follow, max-snippet:-1, max-image-preview:large, max-video-preview:-1\" \/>\n<link rel=\"canonical\" href=\"https:\/\/fjala.info\/2009-2015\/gjendja-e-brendshme-dhe-mania-e-njohjeve-nderkombetare\/\" \/>\n<meta property=\"og:locale\" content=\"sq_AL\" \/>\n<meta property=\"og:type\" content=\"article\" \/>\n<meta property=\"og:title\" content=\"Gjendja e brendshme dhe mania e njohjeve nd\u00ebrkomb\u00ebtare - FjALA e LIR\u00cb - Arkivi\" \/>\n<meta property=\"og:description\" content=\"Adri Nurellari \u00c7do dit\u00eb, faqet e para t\u00eb gazetave kosovare jan\u00eb t\u00eb p\u00ebrmbytura nga lajme p\u00ebr njohjen apo mosnjohjen e Kosov\u00ebs nga shtete t\u00eb ndryshme duke monopolizuar v\u00ebmendjen e gjith\u00eb opinionit publik. \u00c7\u00ebshtja e njohjes s\u00eb Kosov\u00ebs \u00ebsht\u00eb shnd\u00ebrruar n\u00eb nj\u00eb fetish gjith\u00ebp\u00ebrfshir\u00ebs dhe n\u00eb nj\u00eb subjekt t\u00eb pashtersh\u00ebm bisedash tavoline duke ushqyer iluzionin se [&hellip;]\" \/>\n<meta property=\"og:url\" content=\"https:\/\/fjala.info\/2009-2015\/gjendja-e-brendshme-dhe-mania-e-njohjeve-nderkombetare\/\" \/>\n<meta property=\"og:site_name\" content=\"FjALA e LIR\u00cb - Arkivi\" \/>\n<meta property=\"article:published_time\" content=\"2010-08-11T07:29:36+00:00\" \/>\n<meta property=\"og:image\" content=\"http:\/\/www.shkoder.net\/images\/fjala\/adri_nurellari.jpg\" \/>\n<meta name=\"author\" content=\"admin\" \/>\n<meta name=\"twitter:card\" content=\"summary_large_image\" \/>\n<meta name=\"twitter:label1\" content=\"Written by\" \/>\n\t<meta name=\"twitter:data1\" content=\"admin\" \/>\n\t<meta name=\"twitter:label2\" content=\"Est. reading time\" \/>\n\t<meta name=\"twitter:data2\" content=\"5 minutes\" \/>\n<script type=\"application\/ld+json\" class=\"yoast-schema-graph\">{\"@context\":\"https:\\\/\\\/schema.org\",\"@graph\":[{\"@type\":\"Article\",\"@id\":\"https:\\\/\\\/fjala.info\\\/2009-2015\\\/gjendja-e-brendshme-dhe-mania-e-njohjeve-nderkombetare\\\/#article\",\"isPartOf\":{\"@id\":\"https:\\\/\\\/fjala.info\\\/2009-2015\\\/gjendja-e-brendshme-dhe-mania-e-njohjeve-nderkombetare\\\/\"},\"author\":{\"name\":\"admin\",\"@id\":\"https:\\\/\\\/fjala.info\\\/2009-2015\\\/#\\\/schema\\\/person\\\/3aa1163ef05469c496fc94e77611ada2\"},\"headline\":\"Gjendja e brendshme dhe mania e njohjeve nd\u00ebrkomb\u00ebtare\",\"datePublished\":\"2010-08-11T07:29:36+00:00\",\"mainEntityOfPage\":{\"@id\":\"https:\\\/\\\/fjala.info\\\/2009-2015\\\/gjendja-e-brendshme-dhe-mania-e-njohjeve-nderkombetare\\\/\"},\"wordCount\":995,\"commentCount\":0,\"publisher\":{\"@id\":\"https:\\\/\\\/fjala.info\\\/2009-2015\\\/#organization\"},\"image\":{\"@id\":\"https:\\\/\\\/fjala.info\\\/2009-2015\\\/gjendja-e-brendshme-dhe-mania-e-njohjeve-nderkombetare\\\/#primaryimage\"},\"thumbnailUrl\":\"http:\\\/\\\/www.shkoder.net\\\/images\\\/fjala\\\/adri_nurellari.jpg\",\"articleSection\":[\"Artikuj\"],\"inLanguage\":\"sq-AL\",\"potentialAction\":[{\"@type\":\"CommentAction\",\"name\":\"Comment\",\"target\":[\"https:\\\/\\\/fjala.info\\\/2009-2015\\\/gjendja-e-brendshme-dhe-mania-e-njohjeve-nderkombetare\\\/#respond\"]}]},{\"@type\":\"WebPage\",\"@id\":\"https:\\\/\\\/fjala.info\\\/2009-2015\\\/gjendja-e-brendshme-dhe-mania-e-njohjeve-nderkombetare\\\/\",\"url\":\"https:\\\/\\\/fjala.info\\\/2009-2015\\\/gjendja-e-brendshme-dhe-mania-e-njohjeve-nderkombetare\\\/\",\"name\":\"Gjendja e brendshme dhe mania e njohjeve nd\u00ebrkomb\u00ebtare - FjALA e LIR\u00cb - Arkivi\",\"isPartOf\":{\"@id\":\"https:\\\/\\\/fjala.info\\\/2009-2015\\\/#website\"},\"primaryImageOfPage\":{\"@id\":\"https:\\\/\\\/fjala.info\\\/2009-2015\\\/gjendja-e-brendshme-dhe-mania-e-njohjeve-nderkombetare\\\/#primaryimage\"},\"image\":{\"@id\":\"https:\\\/\\\/fjala.info\\\/2009-2015\\\/gjendja-e-brendshme-dhe-mania-e-njohjeve-nderkombetare\\\/#primaryimage\"},\"thumbnailUrl\":\"http:\\\/\\\/www.shkoder.net\\\/images\\\/fjala\\\/adri_nurellari.jpg\",\"datePublished\":\"2010-08-11T07:29:36+00:00\",\"breadcrumb\":{\"@id\":\"https:\\\/\\\/fjala.info\\\/2009-2015\\\/gjendja-e-brendshme-dhe-mania-e-njohjeve-nderkombetare\\\/#breadcrumb\"},\"inLanguage\":\"sq-AL\",\"potentialAction\":[{\"@type\":\"ReadAction\",\"target\":[\"https:\\\/\\\/fjala.info\\\/2009-2015\\\/gjendja-e-brendshme-dhe-mania-e-njohjeve-nderkombetare\\\/\"]}]},{\"@type\":\"ImageObject\",\"inLanguage\":\"sq-AL\",\"@id\":\"https:\\\/\\\/fjala.info\\\/2009-2015\\\/gjendja-e-brendshme-dhe-mania-e-njohjeve-nderkombetare\\\/#primaryimage\",\"url\":\"http:\\\/\\\/www.shkoder.net\\\/images\\\/fjala\\\/adri_nurellari.jpg\",\"contentUrl\":\"http:\\\/\\\/www.shkoder.net\\\/images\\\/fjala\\\/adri_nurellari.jpg\"},{\"@type\":\"BreadcrumbList\",\"@id\":\"https:\\\/\\\/fjala.info\\\/2009-2015\\\/gjendja-e-brendshme-dhe-mania-e-njohjeve-nderkombetare\\\/#breadcrumb\",\"itemListElement\":[{\"@type\":\"ListItem\",\"position\":1,\"name\":\"Home\",\"item\":\"https:\\\/\\\/fjala.info\\\/2009-2015\\\/\"},{\"@type\":\"ListItem\",\"position\":2,\"name\":\"Gjendja e brendshme dhe mania e njohjeve nd\u00ebrkomb\u00ebtare\"}]},{\"@type\":\"WebSite\",\"@id\":\"https:\\\/\\\/fjala.info\\\/2009-2015\\\/#website\",\"url\":\"https:\\\/\\\/fjala.info\\\/2009-2015\\\/\",\"name\":\"FjALA e LIR\u00cb - Arkivi\",\"description\":\"Arkivi 2009-2015\",\"publisher\":{\"@id\":\"https:\\\/\\\/fjala.info\\\/2009-2015\\\/#organization\"},\"potentialAction\":[{\"@type\":\"SearchAction\",\"target\":{\"@type\":\"EntryPoint\",\"urlTemplate\":\"https:\\\/\\\/fjala.info\\\/2009-2015\\\/?s={search_term_string}\"},\"query-input\":{\"@type\":\"PropertyValueSpecification\",\"valueRequired\":true,\"valueName\":\"search_term_string\"}}],\"inLanguage\":\"sq-AL\"},{\"@type\":\"Organization\",\"@id\":\"https:\\\/\\\/fjala.info\\\/2009-2015\\\/#organization\",\"name\":\"FjALA e LIR\u00cb - Arkivi\",\"url\":\"https:\\\/\\\/fjala.info\\\/2009-2015\\\/\",\"logo\":{\"@type\":\"ImageObject\",\"inLanguage\":\"sq-AL\",\"@id\":\"https:\\\/\\\/fjala.info\\\/2009-2015\\\/#\\\/schema\\\/logo\\\/image\\\/\",\"url\":\"\",\"contentUrl\":\"\",\"caption\":\"FjALA e LIR\u00cb - Arkivi\"},\"image\":{\"@id\":\"https:\\\/\\\/fjala.info\\\/2009-2015\\\/#\\\/schema\\\/logo\\\/image\\\/\"}},{\"@type\":\"Person\",\"@id\":\"https:\\\/\\\/fjala.info\\\/2009-2015\\\/#\\\/schema\\\/person\\\/3aa1163ef05469c496fc94e77611ada2\",\"name\":\"admin\",\"image\":{\"@type\":\"ImageObject\",\"inLanguage\":\"sq-AL\",\"@id\":\"https:\\\/\\\/fjala.info\\\/2009-2015\\\/wp-content\\\/uploads\\\/2012\\\/02\\\/arben_cokaj-120x150.jpg\",\"url\":\"https:\\\/\\\/fjala.info\\\/2009-2015\\\/wp-content\\\/uploads\\\/2012\\\/02\\\/arben_cokaj-120x150.jpg\",\"contentUrl\":\"https:\\\/\\\/fjala.info\\\/2009-2015\\\/wp-content\\\/uploads\\\/2012\\\/02\\\/arben_cokaj-120x150.jpg\",\"caption\":\"admin\"},\"description\":\"Admin, Fjala e Lir\u00eb\",\"sameAs\":[\"https:\\\/\\\/fjala.info\\\/\"],\"url\":\"https:\\\/\\\/fjala.info\\\/2009-2015\\\/author\\\/admin\\\/\"}]}<\/script>\n<!-- \/ Yoast SEO plugin. -->","yoast_head_json":{"title":"Gjendja e brendshme dhe mania e njohjeve nd\u00ebrkomb\u00ebtare - FjALA e LIR\u00cb - Arkivi","robots":{"index":"index","follow":"follow","max-snippet":"max-snippet:-1","max-image-preview":"max-image-preview:large","max-video-preview":"max-video-preview:-1"},"canonical":"https:\/\/fjala.info\/2009-2015\/gjendja-e-brendshme-dhe-mania-e-njohjeve-nderkombetare\/","og_locale":"sq_AL","og_type":"article","og_title":"Gjendja e brendshme dhe mania e njohjeve nd\u00ebrkomb\u00ebtare - FjALA e LIR\u00cb - Arkivi","og_description":"Adri Nurellari \u00c7do dit\u00eb, faqet e para t\u00eb gazetave kosovare jan\u00eb t\u00eb p\u00ebrmbytura nga lajme p\u00ebr njohjen apo mosnjohjen e Kosov\u00ebs nga shtete t\u00eb ndryshme duke monopolizuar v\u00ebmendjen e gjith\u00eb opinionit publik. \u00c7\u00ebshtja e njohjes s\u00eb Kosov\u00ebs \u00ebsht\u00eb shnd\u00ebrruar n\u00eb nj\u00eb fetish gjith\u00ebp\u00ebrfshir\u00ebs dhe n\u00eb nj\u00eb subjekt t\u00eb pashtersh\u00ebm bisedash tavoline duke ushqyer iluzionin se [&hellip;]","og_url":"https:\/\/fjala.info\/2009-2015\/gjendja-e-brendshme-dhe-mania-e-njohjeve-nderkombetare\/","og_site_name":"FjALA e LIR\u00cb - Arkivi","article_published_time":"2010-08-11T07:29:36+00:00","og_image":[{"url":"http:\/\/www.shkoder.net\/images\/fjala\/adri_nurellari.jpg","type":"","width":"","height":""}],"author":"admin","twitter_card":"summary_large_image","twitter_misc":{"Written by":"admin","Est. reading time":"5 minutes"},"schema":{"@context":"https:\/\/schema.org","@graph":[{"@type":"Article","@id":"https:\/\/fjala.info\/2009-2015\/gjendja-e-brendshme-dhe-mania-e-njohjeve-nderkombetare\/#article","isPartOf":{"@id":"https:\/\/fjala.info\/2009-2015\/gjendja-e-brendshme-dhe-mania-e-njohjeve-nderkombetare\/"},"author":{"name":"admin","@id":"https:\/\/fjala.info\/2009-2015\/#\/schema\/person\/3aa1163ef05469c496fc94e77611ada2"},"headline":"Gjendja e brendshme dhe mania e njohjeve nd\u00ebrkomb\u00ebtare","datePublished":"2010-08-11T07:29:36+00:00","mainEntityOfPage":{"@id":"https:\/\/fjala.info\/2009-2015\/gjendja-e-brendshme-dhe-mania-e-njohjeve-nderkombetare\/"},"wordCount":995,"commentCount":0,"publisher":{"@id":"https:\/\/fjala.info\/2009-2015\/#organization"},"image":{"@id":"https:\/\/fjala.info\/2009-2015\/gjendja-e-brendshme-dhe-mania-e-njohjeve-nderkombetare\/#primaryimage"},"thumbnailUrl":"http:\/\/www.shkoder.net\/images\/fjala\/adri_nurellari.jpg","articleSection":["Artikuj"],"inLanguage":"sq-AL","potentialAction":[{"@type":"CommentAction","name":"Comment","target":["https:\/\/fjala.info\/2009-2015\/gjendja-e-brendshme-dhe-mania-e-njohjeve-nderkombetare\/#respond"]}]},{"@type":"WebPage","@id":"https:\/\/fjala.info\/2009-2015\/gjendja-e-brendshme-dhe-mania-e-njohjeve-nderkombetare\/","url":"https:\/\/fjala.info\/2009-2015\/gjendja-e-brendshme-dhe-mania-e-njohjeve-nderkombetare\/","name":"Gjendja e brendshme dhe mania e njohjeve nd\u00ebrkomb\u00ebtare - FjALA e LIR\u00cb - Arkivi","isPartOf":{"@id":"https:\/\/fjala.info\/2009-2015\/#website"},"primaryImageOfPage":{"@id":"https:\/\/fjala.info\/2009-2015\/gjendja-e-brendshme-dhe-mania-e-njohjeve-nderkombetare\/#primaryimage"},"image":{"@id":"https:\/\/fjala.info\/2009-2015\/gjendja-e-brendshme-dhe-mania-e-njohjeve-nderkombetare\/#primaryimage"},"thumbnailUrl":"http:\/\/www.shkoder.net\/images\/fjala\/adri_nurellari.jpg","datePublished":"2010-08-11T07:29:36+00:00","breadcrumb":{"@id":"https:\/\/fjala.info\/2009-2015\/gjendja-e-brendshme-dhe-mania-e-njohjeve-nderkombetare\/#breadcrumb"},"inLanguage":"sq-AL","potentialAction":[{"@type":"ReadAction","target":["https:\/\/fjala.info\/2009-2015\/gjendja-e-brendshme-dhe-mania-e-njohjeve-nderkombetare\/"]}]},{"@type":"ImageObject","inLanguage":"sq-AL","@id":"https:\/\/fjala.info\/2009-2015\/gjendja-e-brendshme-dhe-mania-e-njohjeve-nderkombetare\/#primaryimage","url":"http:\/\/www.shkoder.net\/images\/fjala\/adri_nurellari.jpg","contentUrl":"http:\/\/www.shkoder.net\/images\/fjala\/adri_nurellari.jpg"},{"@type":"BreadcrumbList","@id":"https:\/\/fjala.info\/2009-2015\/gjendja-e-brendshme-dhe-mania-e-njohjeve-nderkombetare\/#breadcrumb","itemListElement":[{"@type":"ListItem","position":1,"name":"Home","item":"https:\/\/fjala.info\/2009-2015\/"},{"@type":"ListItem","position":2,"name":"Gjendja e brendshme dhe mania e njohjeve nd\u00ebrkomb\u00ebtare"}]},{"@type":"WebSite","@id":"https:\/\/fjala.info\/2009-2015\/#website","url":"https:\/\/fjala.info\/2009-2015\/","name":"FjALA e LIR\u00cb - Arkivi","description":"Arkivi 2009-2015","publisher":{"@id":"https:\/\/fjala.info\/2009-2015\/#organization"},"potentialAction":[{"@type":"SearchAction","target":{"@type":"EntryPoint","urlTemplate":"https:\/\/fjala.info\/2009-2015\/?s={search_term_string}"},"query-input":{"@type":"PropertyValueSpecification","valueRequired":true,"valueName":"search_term_string"}}],"inLanguage":"sq-AL"},{"@type":"Organization","@id":"https:\/\/fjala.info\/2009-2015\/#organization","name":"FjALA e LIR\u00cb - Arkivi","url":"https:\/\/fjala.info\/2009-2015\/","logo":{"@type":"ImageObject","inLanguage":"sq-AL","@id":"https:\/\/fjala.info\/2009-2015\/#\/schema\/logo\/image\/","url":"","contentUrl":"","caption":"FjALA e LIR\u00cb - Arkivi"},"image":{"@id":"https:\/\/fjala.info\/2009-2015\/#\/schema\/logo\/image\/"}},{"@type":"Person","@id":"https:\/\/fjala.info\/2009-2015\/#\/schema\/person\/3aa1163ef05469c496fc94e77611ada2","name":"admin","image":{"@type":"ImageObject","inLanguage":"sq-AL","@id":"https:\/\/fjala.info\/2009-2015\/wp-content\/uploads\/2012\/02\/arben_cokaj-120x150.jpg","url":"https:\/\/fjala.info\/2009-2015\/wp-content\/uploads\/2012\/02\/arben_cokaj-120x150.jpg","contentUrl":"https:\/\/fjala.info\/2009-2015\/wp-content\/uploads\/2012\/02\/arben_cokaj-120x150.jpg","caption":"admin"},"description":"Admin, Fjala e Lir\u00eb","sameAs":["https:\/\/fjala.info\/"],"url":"https:\/\/fjala.info\/2009-2015\/author\/admin\/"}]}},"_links":{"self":[{"href":"https:\/\/fjala.info\/2009-2015\/wp-json\/wp\/v2\/posts\/3676","targetHints":{"allow":["GET"]}}],"collection":[{"href":"https:\/\/fjala.info\/2009-2015\/wp-json\/wp\/v2\/posts"}],"about":[{"href":"https:\/\/fjala.info\/2009-2015\/wp-json\/wp\/v2\/types\/post"}],"author":[{"embeddable":true,"href":"https:\/\/fjala.info\/2009-2015\/wp-json\/wp\/v2\/users\/1"}],"replies":[{"embeddable":true,"href":"https:\/\/fjala.info\/2009-2015\/wp-json\/wp\/v2\/comments?post=3676"}],"version-history":[{"count":0,"href":"https:\/\/fjala.info\/2009-2015\/wp-json\/wp\/v2\/posts\/3676\/revisions"}],"wp:attachment":[{"href":"https:\/\/fjala.info\/2009-2015\/wp-json\/wp\/v2\/media?parent=3676"}],"wp:term":[{"taxonomy":"category","embeddable":true,"href":"https:\/\/fjala.info\/2009-2015\/wp-json\/wp\/v2\/categories?post=3676"},{"taxonomy":"post_tag","embeddable":true,"href":"https:\/\/fjala.info\/2009-2015\/wp-json\/wp\/v2\/tags?post=3676"}],"curies":[{"name":"wp","href":"https:\/\/api.w.org\/{rel}","templated":true}]}}