{"id":3674,"date":"2010-08-11T08:26:52","date_gmt":"2010-08-11T07:26:52","guid":{"rendered":"http:\/\/fjala.shkoder.net\/?p=3674"},"modified":"2010-08-11T08:26:52","modified_gmt":"2010-08-11T07:26:52","slug":"loja-e-madhe","status":"publish","type":"post","link":"https:\/\/fjala.info\/2009-2015\/loja-e-madhe\/","title":{"rendered":"LOJA E MADHE"},"content":{"rendered":"<p><img decoding=\"async\" style=\"margin-left: 10px; margin-right: 10px; border: 0px;\" title=\"Artan Lame\" src=\"http:\/\/www.shkoder.net\/images\/fjala\/artan_lame.jpg\" border=\"0\" alt=\"\" width=\"150\" align=\"right\" \/><\/p>\n<p><strong>Artan Lame<\/strong><\/p>\n<p><em>SHQIPNI TAVOLINASH<\/em><br \/>\nDuke ia l\u00ebn\u00eb shtatorit rikthimin te politika e madhe, le ta shkojm\u00eb koh\u00ebn me fillozofime n\u00eb k\u00ebto dit\u00eb zhegu. Si shum\u00eb t\u00eb tjer\u00eb, ndiqja para ca dit\u00ebsh te \u201cT\u201d-ja e \u201cDigitalb\u201d-it filmin \u201cDueli i heshtur\u201d. Nj\u00eb marinar q\u00eb zbaton detyr\u00ebn, nj\u00eb kapter i pak\u00ebnaqur, nj\u00eb komisar i pash\u00ebm dhe dy djem q\u00eb duan t\u00eb arratisen.<\/p>\n<p>Islam Kalluli dhe Bepini (Reshat Arbana dhe Bujar Kapexhiu) jan\u00eb dy djem q\u00eb i kan\u00eb pasur baballar\u00ebt tregtar\u00eb. Tani, shteti i ri komunist i ka shpron\u00ebsuar, u kan\u00eb marr\u00eb edhe lekun e fundit dhe atyre s\u2019u mbetet tjet\u00ebr ve\u00e7 t\u00eb arratisen p\u00ebr t\u00eb rrojtur n\u00eb Itali me parat\u00eb q\u00eb u kan\u00eb mbetur n\u00ebp\u00ebr bankat e p\u00ebrtej detit. \u00cbsht\u00eb e drejta e lindur e njeriut, p\u00ebr nj\u00eb jet\u00eb m\u00eb t\u00eb mir\u00eb, q\u00eb i shtyn. Kapteri (Ndrek Luca) \u00ebsht\u00eb i pak\u00ebnaqur me grad\u00ebn q\u00eb i ka dh\u00ebn\u00eb regjimi komunist dhe, i shtyr\u00eb edhe nga amerikan\u00ebt, d\u00ebshiron t\u00eb arratiset p\u00ebr t\u00eb d\u00ebshmuar n\u00eb Gjyqin e Hag\u00ebs kund\u00ebr Shqip\u00ebris\u00eb p\u00ebr incidentin e Kanalit t\u00eb Korfuzit.<\/p>\n<p>Tjetri, ushtar Sk\u00ebnderi (Rikard Larja), vjen nga fshati, e ka pasur baban\u00eb partizan dhe tani kryen sh\u00ebrbimin ushtarak si \u00e7do tjet\u00ebr djal\u00eb i mosh\u00ebs s\u00eb tij anek\u00ebnd globit. Komisari, q\u00eb edhe armiku detyrohet ta pranoj\u00eb q\u00eb \u201cqenka burr\u00eb i pash\u00ebm\u201d, kryen me nd\u00ebrgjegje pun\u00ebn e vet, i bindur se komunizmit i takon e ardhmja e lumtur e bot\u00ebs. T\u00eb gjith\u00eb k\u00ebta p\u00ebrplasen n\u00eb nj\u00eb konflikt t\u00eb p\u00ebrgjaksh\u00ebm me nj\u00ebri-tjetrin, brenda atyre pak metrave t\u00eb luftanijes q\u00eb gum\u00ebzhin gjith\u00eb koh\u00ebn. Cili syresh ka t\u00eb drejt\u00eb? Asnj\u00ebri plot\u00ebsisht, secili nga pak.<\/p>\n<p>Pun\u00eb dreqi historia. Fal\u00eb mund\u00ebsis\u00eb q\u00eb t\u00eb shtrihet n\u00eb koh\u00eb, ka aft\u00ebsin\u00eb t\u00eb na i kthej\u00eb p\u00ebrmbys bindjet e sotme, ta b\u00ebj\u00eb t\u00eb mir\u00eb t\u00eb keqen e djeshme dhe t\u00eb keqe t\u00eb mir\u00ebn e sotme, ndaj ka vet\u00ebm nj\u00eb mund\u00ebsi t\u00eb kuptojm\u00eb ato q\u00eb kan\u00eb ndodhur: t\u00eb presim q\u00eb koha t\u00eb b\u00ebj\u00eb t\u00eb saj\u00ebn, pra t\u00eb rrjedh\u00eb e qet\u00eb dhe e patrazuar. Ndoshta babai i Bepinit kishte shfryt\u00ebzuar koh\u00ebn e luft\u00ebs p\u00ebr t\u2019u pasuruar, por kjo nuk i jep t\u00eb drejt\u00ebn fitimtarit q\u00eb, pasi t\u00eb jet\u00eb hakmarr\u00eb me baban\u00eb, t\u2019i nxij\u00eb jet\u00ebn edhe t\u00eb birit.<\/p>\n<p>Logjika e thjesht\u00eb t\u00eb thot\u00eb q\u00eb n\u00ebse i trajton si armiq dhe si kund\u00ebrshtar\u00eb, t\u00eb pakt\u00ebn l\u00ebri t\u00eb ikin. Si\u00e7 e thash\u00eb m\u00eb lart, e drejta p\u00ebr nj\u00eb jet\u00eb m\u00eb t\u00eb mir\u00eb \u00ebsht\u00eb e drejt\u00eb e lindur e njeriut dhe q\u00eb e ka shoq\u00ebruar at\u00eb q\u00eb prej koh\u00ebs s\u00eb shpellave kur \u00ebnd\u00ebrronte nj\u00eb guv\u00eb me m\u00eb pak lag\u00ebshti e deri n\u00eb dit\u00ebt e sotme, kur \u00ebnd\u00ebrron p\u00ebr vetur\u00eb me kondicioner. Por kjo nuk u jep atyre t\u00eb drejt\u00ebn t\u00eb grabisin anijen e vendit t\u00eb tyre dhe p\u00ebr m\u00eb tep\u00ebr duke parashikuar t\u00eb vrasin edhe marinarin roje.<\/p>\n<p>Edhe kapteri ka t\u00eb dejt\u00eb t\u00eb jet\u00eb i pak\u00ebnaqur q\u00eb nuk mund t\u00eb b\u00ebj\u00eb p\u00ebrpara n\u00eb karrier\u00eb, vet\u00ebm e vet\u00ebm pse ka sh\u00ebrbyer n\u00eb ushtri edhe n\u00eb koh\u00ebn e Zogut. N\u00eb fund t\u00eb fundit, vendit t\u00eb vet i ka sh\u00ebrbyer edhe at\u00ebher\u00eb, pasi qeverit\u00eb shkojn\u00eb e vijn\u00eb nd\u00ebrsa Atdheu \u00ebsht\u00eb po ai. Por kjo nuk i jep t\u00eb drejt\u00ebn t\u00eb shkel\u00eb betimin ushtarak duke dezertuar dhe t\u00eb grabis\u00eb anijen q\u00eb Atdheu i vet ia ka besuar ta mbroj\u00eb.<\/p>\n<p>Po Sk\u00ebnderi, marinari q\u00eb mbron dh\u00ebmb p\u00ebr dh\u00ebmb anijen p\u00ebr t\u00eb mos tradhtuar atdheun, virtyti m\u00eb i lasht\u00eb ushtarak i t\u00eb gjitha koh\u00ebve e vendeve, a ka faj? Nd\u00ebr t\u00eb gjith\u00eb personazhet ai \u00ebsht\u00eb m\u00eb n\u00eb rregull. Ka b\u00ebr\u00eb betimin, po kryen sh\u00ebrbimin ushtarak dhe mbron deri n\u00eb fund k\u00ebto dy gj\u00ebra t\u00eb shenjta. Zor t\u00eb gjeni ndonj\u00eb vend t\u00eb bot\u00ebs t\u00eb \u00e7do kohe e t\u00eb \u00e7do lloj regjimi q\u00eb nuk do ta dekoronte e himnizonte gjestin e tij, q\u00eb nga Gjermania e Hitlerit, Rusia e Stalinit, Amerika e Obam\u00ebs apo Britania e Elisabet\u00ebs II.<\/p>\n<p>Ajo q\u00eb e kthen k\u00ebt\u00eb film nga art n\u00eb tragjedi jete, \u00ebsht\u00eb fakti q\u00eb e gjitha kjo \u00ebsht\u00eb histori e v\u00ebrtet\u00eb. Sk\u00ebnderi n\u00eb ngjarjen e v\u00ebrtet\u00eb \u00ebsht\u00eb marinari Spiro Kote, q\u00eb p\u00ebr gjestin e tij mori titullin Hero i Popullit (n\u00eb cilin vend t\u00eb bot\u00ebs nuk do t\u00eb qe dekoruar p\u00ebr nj\u00eb gjest t\u00eb till\u00eb!?) dhe ka vdekur von\u00eb n\u00eb vitet \u201880. N\u00eb ngjarjen e v\u00ebrtet\u00eb ai vrau dy prej atyre q\u00eb donin t\u00eb arratiseshin, nd\u00ebrsa ktheu n\u00eb tok\u00eb t\u00eb tretin. Durrsak\u00ebt e vjet\u00ebr duhet t\u00eb mbajn\u00eb mend gjyqin q\u00eb iu b\u00eb n\u00eb kinema k\u00ebtij fatziut t\u00eb mbetur, d\u00ebnimin e tij me vdekje dhe pushkatimin publik n\u00eb murin e hyrjes s\u00eb Portit, aty ku sot jan\u00eb vendosur tavolinat e nj\u00eb klubi dhe kalamajt\u00eb pin\u00eb \u201cCoca Cola\u201d kapitaliste.<\/p>\n<p>Koh\u00ebt kan\u00eb ndryshuar. N\u00ebse Bepini do ia kish dal\u00eb t\u00eb arratisej at\u00ebher\u00eb, do kish kaluar nj\u00eb jet\u00eb t\u00eb qet\u00eb n\u00ebp\u00ebr bot\u00eb dhe sot do t\u00eb ish pritur si hero n\u00eb atdhe, ku i plakur do t\u00eb kthehej p\u00ebr t\u00eb investuar dhe k\u00ebshtu edhe qeveria do t\u00eb mburrej se po shtohen investimet e bashkatdhetar\u00ebve.<\/p>\n<p>Familja e Sk\u00ebnderit, n\u00eb mars t\u00eb \u201991-shit me siguri do ket\u00eb ikur refugjat me t\u00eb tjera anije, p\u00ebr t\u00eb cilat gjyshi desh dha jet\u00ebn para 40 vjet\u00ebve. N\u00ebse Sk\u00ebnderi do u kish v\u00ebn\u00eb veshin fjal\u00ebve t\u00eb Bepinit dhe do t\u00eb ish arratisur me t\u00eb, v\u00ebrtet q\u00eb do shpallej tradhtar n\u00eb atdhe, por do kish ngritur familje e rritur f\u00ebmij\u00eb n\u00eb Itali a Franc\u00eb, q\u00eb do t\u00eb ktheheshin edhe ata n\u00eb atdhe pas \u201990-s, mes zilis\u00eb s\u00eb shqiptar\u00ebve t\u00eb k\u00ebtush\u00ebm q\u00eb h\u00ebngr\u00ebn dh\u00e9 me dh\u00ebmb\u00eb p\u00ebr 50 vjet, se nuk pat\u00ebn rast t\u00eb tradhtojn\u00eb Atdhen\u00eb si ai.<\/p>\n<p>D\u00ebshmia e kapter Ramiut p\u00ebr faj\u00ebsin\u00eb e Shqip\u00ebris\u00eb do kish qen\u00eb e rreme, pasi sot po v\u00ebrtetohet se minat n\u00eb Korfuz nuk i pask\u00ebshim v\u00ebn\u00eb ne. P\u00ebr m\u00eb tep\u00ebr, as Gjykat\u00ebn e Hag\u00ebs nuk e shajm\u00eb dot p\u00ebr vendimin jo t\u00eb paansh\u00ebm q\u00eb mori aso kohe ndaj shqiptar\u00ebve. E nj\u00ebjta gjykat\u00eb, 60 vjet m\u00eb pas, para pak dit\u00ebsh mori nj\u00eb tjet\u00ebr vendim, por k\u00ebsaj radhe n\u00eb favor t\u00eb shqiptar\u00ebve duke u njohur pavar\u00ebsin\u00eb e Kosov\u00ebs. Edhe anglo-amerikan\u00ebt, q\u00eb at\u00ebher\u00eb ishin armiq real\u00eb, pasi n\u00eb kund\u00ebrshtim me ligjet nd\u00ebrkomb\u00ebtare, po nxisnin arratisjen e nj\u00eb anijeje luftarake t\u00eb nj\u00eb vendi tjet\u00ebr, sot i kemi miq e shkuar mikut dhe s\u2019kan\u00eb m\u00eb nevoj\u00eb t\u00eb na i marrin m\u00eb anijet, pasi tani na i komandojn\u00eb ata vet\u00eb.<\/p>\n<p>Por historia nuk b\u00ebhet me \u201csikur\u201d. Nga gjith\u00eb ato drama e tragjedi njer\u00ebzore t\u00eb s\u00eb shkuar\u00ebs, sot na mbetet vet\u00ebm nj\u00eb film i realizuar bukur, nj\u00eb kolon\u00eb zanore madh\u00ebshtore dhe nj\u00eb Ndrek Luc\u00eb i shk\u00eblqyer n\u00ebn rrob\u00ebn e kapterit, tek thot\u00eb \u201cPo kjo ishte loja moreee!!!\u201d. Po, n\u00eb fakt e gjith\u00eb e shkuara ishte nj\u00eb loj\u00eb e madhe tragjike.<\/p>\n","protected":false},"excerpt":{"rendered":"<p>Artan Lame SHQIPNI TAVOLINASH Duke ia l\u00ebn\u00eb shtatorit rikthimin te politika e madhe, le ta shkojm\u00eb koh\u00ebn me fillozofime n\u00eb k\u00ebto dit\u00eb zhegu. Si shum\u00eb t\u00eb tjer\u00eb, ndiqja para ca dit\u00ebsh te \u201cT\u201d-ja e \u201cDigitalb\u201d-it filmin \u201cDueli i heshtur\u201d. Nj\u00eb marinar q\u00eb zbaton detyr\u00ebn, nj\u00eb kapter i pak\u00ebnaqur, nj\u00eb komisar i pash\u00ebm dhe dy djem [&hellip;]<\/p>\n","protected":false},"author":1,"featured_media":0,"comment_status":"open","ping_status":"closed","sticky":false,"template":"","format":"standard","meta":{"footnotes":""},"categories":[2],"tags":[],"class_list":{"0":"post-3674","1":"post","2":"type-post","3":"status-publish","4":"format-standard","6":"category-artikuj"},"yoast_head":"<!-- This site is optimized with the Yoast SEO plugin v27.4 - https:\/\/yoast.com\/product\/yoast-seo-wordpress\/ -->\n<title>LOJA E MADHE - FjALA e LIR\u00cb - Arkivi<\/title>\n<meta name=\"robots\" content=\"index, follow, max-snippet:-1, max-image-preview:large, max-video-preview:-1\" \/>\n<link rel=\"canonical\" href=\"https:\/\/fjala.info\/2009-2015\/loja-e-madhe\/\" \/>\n<meta property=\"og:locale\" content=\"sq_AL\" \/>\n<meta property=\"og:type\" content=\"article\" \/>\n<meta property=\"og:title\" content=\"LOJA E MADHE - FjALA e LIR\u00cb - Arkivi\" \/>\n<meta property=\"og:description\" content=\"Artan Lame SHQIPNI TAVOLINASH Duke ia l\u00ebn\u00eb shtatorit rikthimin te politika e madhe, le ta shkojm\u00eb koh\u00ebn me fillozofime n\u00eb k\u00ebto dit\u00eb zhegu. Si shum\u00eb t\u00eb tjer\u00eb, ndiqja para ca dit\u00ebsh te \u201cT\u201d-ja e \u201cDigitalb\u201d-it filmin \u201cDueli i heshtur\u201d. Nj\u00eb marinar q\u00eb zbaton detyr\u00ebn, nj\u00eb kapter i pak\u00ebnaqur, nj\u00eb komisar i pash\u00ebm dhe dy djem [&hellip;]\" \/>\n<meta property=\"og:url\" content=\"https:\/\/fjala.info\/2009-2015\/loja-e-madhe\/\" \/>\n<meta property=\"og:site_name\" content=\"FjALA e LIR\u00cb - Arkivi\" \/>\n<meta property=\"article:published_time\" content=\"2010-08-11T07:26:52+00:00\" \/>\n<meta property=\"og:image\" content=\"http:\/\/www.shkoder.net\/images\/fjala\/artan_lame.jpg\" \/>\n<meta name=\"author\" content=\"admin\" \/>\n<meta name=\"twitter:card\" content=\"summary_large_image\" \/>\n<meta name=\"twitter:label1\" content=\"Written by\" \/>\n\t<meta name=\"twitter:data1\" content=\"admin\" \/>\n\t<meta name=\"twitter:label2\" content=\"Est. reading time\" \/>\n\t<meta name=\"twitter:data2\" content=\"6 minutes\" \/>\n<script type=\"application\/ld+json\" class=\"yoast-schema-graph\">{\"@context\":\"https:\\\/\\\/schema.org\",\"@graph\":[{\"@type\":\"Article\",\"@id\":\"https:\\\/\\\/fjala.info\\\/2009-2015\\\/loja-e-madhe\\\/#article\",\"isPartOf\":{\"@id\":\"https:\\\/\\\/fjala.info\\\/2009-2015\\\/loja-e-madhe\\\/\"},\"author\":{\"name\":\"admin\",\"@id\":\"https:\\\/\\\/fjala.info\\\/2009-2015\\\/#\\\/schema\\\/person\\\/3aa1163ef05469c496fc94e77611ada2\"},\"headline\":\"LOJA E MADHE\",\"datePublished\":\"2010-08-11T07:26:52+00:00\",\"mainEntityOfPage\":{\"@id\":\"https:\\\/\\\/fjala.info\\\/2009-2015\\\/loja-e-madhe\\\/\"},\"wordCount\":1259,\"commentCount\":0,\"publisher\":{\"@id\":\"https:\\\/\\\/fjala.info\\\/2009-2015\\\/#organization\"},\"image\":{\"@id\":\"https:\\\/\\\/fjala.info\\\/2009-2015\\\/loja-e-madhe\\\/#primaryimage\"},\"thumbnailUrl\":\"http:\\\/\\\/www.shkoder.net\\\/images\\\/fjala\\\/artan_lame.jpg\",\"articleSection\":[\"Artikuj\"],\"inLanguage\":\"sq-AL\",\"potentialAction\":[{\"@type\":\"CommentAction\",\"name\":\"Comment\",\"target\":[\"https:\\\/\\\/fjala.info\\\/2009-2015\\\/loja-e-madhe\\\/#respond\"]}]},{\"@type\":\"WebPage\",\"@id\":\"https:\\\/\\\/fjala.info\\\/2009-2015\\\/loja-e-madhe\\\/\",\"url\":\"https:\\\/\\\/fjala.info\\\/2009-2015\\\/loja-e-madhe\\\/\",\"name\":\"LOJA E MADHE - FjALA e LIR\u00cb - Arkivi\",\"isPartOf\":{\"@id\":\"https:\\\/\\\/fjala.info\\\/2009-2015\\\/#website\"},\"primaryImageOfPage\":{\"@id\":\"https:\\\/\\\/fjala.info\\\/2009-2015\\\/loja-e-madhe\\\/#primaryimage\"},\"image\":{\"@id\":\"https:\\\/\\\/fjala.info\\\/2009-2015\\\/loja-e-madhe\\\/#primaryimage\"},\"thumbnailUrl\":\"http:\\\/\\\/www.shkoder.net\\\/images\\\/fjala\\\/artan_lame.jpg\",\"datePublished\":\"2010-08-11T07:26:52+00:00\",\"breadcrumb\":{\"@id\":\"https:\\\/\\\/fjala.info\\\/2009-2015\\\/loja-e-madhe\\\/#breadcrumb\"},\"inLanguage\":\"sq-AL\",\"potentialAction\":[{\"@type\":\"ReadAction\",\"target\":[\"https:\\\/\\\/fjala.info\\\/2009-2015\\\/loja-e-madhe\\\/\"]}]},{\"@type\":\"ImageObject\",\"inLanguage\":\"sq-AL\",\"@id\":\"https:\\\/\\\/fjala.info\\\/2009-2015\\\/loja-e-madhe\\\/#primaryimage\",\"url\":\"http:\\\/\\\/www.shkoder.net\\\/images\\\/fjala\\\/artan_lame.jpg\",\"contentUrl\":\"http:\\\/\\\/www.shkoder.net\\\/images\\\/fjala\\\/artan_lame.jpg\"},{\"@type\":\"BreadcrumbList\",\"@id\":\"https:\\\/\\\/fjala.info\\\/2009-2015\\\/loja-e-madhe\\\/#breadcrumb\",\"itemListElement\":[{\"@type\":\"ListItem\",\"position\":1,\"name\":\"Home\",\"item\":\"https:\\\/\\\/fjala.info\\\/2009-2015\\\/\"},{\"@type\":\"ListItem\",\"position\":2,\"name\":\"LOJA E MADHE\"}]},{\"@type\":\"WebSite\",\"@id\":\"https:\\\/\\\/fjala.info\\\/2009-2015\\\/#website\",\"url\":\"https:\\\/\\\/fjala.info\\\/2009-2015\\\/\",\"name\":\"FjALA e LIR\u00cb - Arkivi\",\"description\":\"Arkivi 2009-2015\",\"publisher\":{\"@id\":\"https:\\\/\\\/fjala.info\\\/2009-2015\\\/#organization\"},\"potentialAction\":[{\"@type\":\"SearchAction\",\"target\":{\"@type\":\"EntryPoint\",\"urlTemplate\":\"https:\\\/\\\/fjala.info\\\/2009-2015\\\/?s={search_term_string}\"},\"query-input\":{\"@type\":\"PropertyValueSpecification\",\"valueRequired\":true,\"valueName\":\"search_term_string\"}}],\"inLanguage\":\"sq-AL\"},{\"@type\":\"Organization\",\"@id\":\"https:\\\/\\\/fjala.info\\\/2009-2015\\\/#organization\",\"name\":\"FjALA e LIR\u00cb - Arkivi\",\"url\":\"https:\\\/\\\/fjala.info\\\/2009-2015\\\/\",\"logo\":{\"@type\":\"ImageObject\",\"inLanguage\":\"sq-AL\",\"@id\":\"https:\\\/\\\/fjala.info\\\/2009-2015\\\/#\\\/schema\\\/logo\\\/image\\\/\",\"url\":\"\",\"contentUrl\":\"\",\"caption\":\"FjALA e LIR\u00cb - Arkivi\"},\"image\":{\"@id\":\"https:\\\/\\\/fjala.info\\\/2009-2015\\\/#\\\/schema\\\/logo\\\/image\\\/\"}},{\"@type\":\"Person\",\"@id\":\"https:\\\/\\\/fjala.info\\\/2009-2015\\\/#\\\/schema\\\/person\\\/3aa1163ef05469c496fc94e77611ada2\",\"name\":\"admin\",\"image\":{\"@type\":\"ImageObject\",\"inLanguage\":\"sq-AL\",\"@id\":\"https:\\\/\\\/fjala.info\\\/2009-2015\\\/wp-content\\\/uploads\\\/2012\\\/02\\\/arben_cokaj-120x150.jpg\",\"url\":\"https:\\\/\\\/fjala.info\\\/2009-2015\\\/wp-content\\\/uploads\\\/2012\\\/02\\\/arben_cokaj-120x150.jpg\",\"contentUrl\":\"https:\\\/\\\/fjala.info\\\/2009-2015\\\/wp-content\\\/uploads\\\/2012\\\/02\\\/arben_cokaj-120x150.jpg\",\"caption\":\"admin\"},\"description\":\"Admin, Fjala e Lir\u00eb\",\"sameAs\":[\"https:\\\/\\\/fjala.info\\\/\"],\"url\":\"https:\\\/\\\/fjala.info\\\/2009-2015\\\/author\\\/admin\\\/\"}]}<\/script>\n<!-- \/ Yoast SEO plugin. -->","yoast_head_json":{"title":"LOJA E MADHE - FjALA e LIR\u00cb - Arkivi","robots":{"index":"index","follow":"follow","max-snippet":"max-snippet:-1","max-image-preview":"max-image-preview:large","max-video-preview":"max-video-preview:-1"},"canonical":"https:\/\/fjala.info\/2009-2015\/loja-e-madhe\/","og_locale":"sq_AL","og_type":"article","og_title":"LOJA E MADHE - FjALA e LIR\u00cb - Arkivi","og_description":"Artan Lame SHQIPNI TAVOLINASH Duke ia l\u00ebn\u00eb shtatorit rikthimin te politika e madhe, le ta shkojm\u00eb koh\u00ebn me fillozofime n\u00eb k\u00ebto dit\u00eb zhegu. Si shum\u00eb t\u00eb tjer\u00eb, ndiqja para ca dit\u00ebsh te \u201cT\u201d-ja e \u201cDigitalb\u201d-it filmin \u201cDueli i heshtur\u201d. Nj\u00eb marinar q\u00eb zbaton detyr\u00ebn, nj\u00eb kapter i pak\u00ebnaqur, nj\u00eb komisar i pash\u00ebm dhe dy djem [&hellip;]","og_url":"https:\/\/fjala.info\/2009-2015\/loja-e-madhe\/","og_site_name":"FjALA e LIR\u00cb - Arkivi","article_published_time":"2010-08-11T07:26:52+00:00","og_image":[{"url":"http:\/\/www.shkoder.net\/images\/fjala\/artan_lame.jpg","type":"","width":"","height":""}],"author":"admin","twitter_card":"summary_large_image","twitter_misc":{"Written by":"admin","Est. reading time":"6 minutes"},"schema":{"@context":"https:\/\/schema.org","@graph":[{"@type":"Article","@id":"https:\/\/fjala.info\/2009-2015\/loja-e-madhe\/#article","isPartOf":{"@id":"https:\/\/fjala.info\/2009-2015\/loja-e-madhe\/"},"author":{"name":"admin","@id":"https:\/\/fjala.info\/2009-2015\/#\/schema\/person\/3aa1163ef05469c496fc94e77611ada2"},"headline":"LOJA E MADHE","datePublished":"2010-08-11T07:26:52+00:00","mainEntityOfPage":{"@id":"https:\/\/fjala.info\/2009-2015\/loja-e-madhe\/"},"wordCount":1259,"commentCount":0,"publisher":{"@id":"https:\/\/fjala.info\/2009-2015\/#organization"},"image":{"@id":"https:\/\/fjala.info\/2009-2015\/loja-e-madhe\/#primaryimage"},"thumbnailUrl":"http:\/\/www.shkoder.net\/images\/fjala\/artan_lame.jpg","articleSection":["Artikuj"],"inLanguage":"sq-AL","potentialAction":[{"@type":"CommentAction","name":"Comment","target":["https:\/\/fjala.info\/2009-2015\/loja-e-madhe\/#respond"]}]},{"@type":"WebPage","@id":"https:\/\/fjala.info\/2009-2015\/loja-e-madhe\/","url":"https:\/\/fjala.info\/2009-2015\/loja-e-madhe\/","name":"LOJA E MADHE - FjALA e LIR\u00cb - Arkivi","isPartOf":{"@id":"https:\/\/fjala.info\/2009-2015\/#website"},"primaryImageOfPage":{"@id":"https:\/\/fjala.info\/2009-2015\/loja-e-madhe\/#primaryimage"},"image":{"@id":"https:\/\/fjala.info\/2009-2015\/loja-e-madhe\/#primaryimage"},"thumbnailUrl":"http:\/\/www.shkoder.net\/images\/fjala\/artan_lame.jpg","datePublished":"2010-08-11T07:26:52+00:00","breadcrumb":{"@id":"https:\/\/fjala.info\/2009-2015\/loja-e-madhe\/#breadcrumb"},"inLanguage":"sq-AL","potentialAction":[{"@type":"ReadAction","target":["https:\/\/fjala.info\/2009-2015\/loja-e-madhe\/"]}]},{"@type":"ImageObject","inLanguage":"sq-AL","@id":"https:\/\/fjala.info\/2009-2015\/loja-e-madhe\/#primaryimage","url":"http:\/\/www.shkoder.net\/images\/fjala\/artan_lame.jpg","contentUrl":"http:\/\/www.shkoder.net\/images\/fjala\/artan_lame.jpg"},{"@type":"BreadcrumbList","@id":"https:\/\/fjala.info\/2009-2015\/loja-e-madhe\/#breadcrumb","itemListElement":[{"@type":"ListItem","position":1,"name":"Home","item":"https:\/\/fjala.info\/2009-2015\/"},{"@type":"ListItem","position":2,"name":"LOJA E MADHE"}]},{"@type":"WebSite","@id":"https:\/\/fjala.info\/2009-2015\/#website","url":"https:\/\/fjala.info\/2009-2015\/","name":"FjALA e LIR\u00cb - Arkivi","description":"Arkivi 2009-2015","publisher":{"@id":"https:\/\/fjala.info\/2009-2015\/#organization"},"potentialAction":[{"@type":"SearchAction","target":{"@type":"EntryPoint","urlTemplate":"https:\/\/fjala.info\/2009-2015\/?s={search_term_string}"},"query-input":{"@type":"PropertyValueSpecification","valueRequired":true,"valueName":"search_term_string"}}],"inLanguage":"sq-AL"},{"@type":"Organization","@id":"https:\/\/fjala.info\/2009-2015\/#organization","name":"FjALA e LIR\u00cb - Arkivi","url":"https:\/\/fjala.info\/2009-2015\/","logo":{"@type":"ImageObject","inLanguage":"sq-AL","@id":"https:\/\/fjala.info\/2009-2015\/#\/schema\/logo\/image\/","url":"","contentUrl":"","caption":"FjALA e LIR\u00cb - Arkivi"},"image":{"@id":"https:\/\/fjala.info\/2009-2015\/#\/schema\/logo\/image\/"}},{"@type":"Person","@id":"https:\/\/fjala.info\/2009-2015\/#\/schema\/person\/3aa1163ef05469c496fc94e77611ada2","name":"admin","image":{"@type":"ImageObject","inLanguage":"sq-AL","@id":"https:\/\/fjala.info\/2009-2015\/wp-content\/uploads\/2012\/02\/arben_cokaj-120x150.jpg","url":"https:\/\/fjala.info\/2009-2015\/wp-content\/uploads\/2012\/02\/arben_cokaj-120x150.jpg","contentUrl":"https:\/\/fjala.info\/2009-2015\/wp-content\/uploads\/2012\/02\/arben_cokaj-120x150.jpg","caption":"admin"},"description":"Admin, Fjala e Lir\u00eb","sameAs":["https:\/\/fjala.info\/"],"url":"https:\/\/fjala.info\/2009-2015\/author\/admin\/"}]}},"_links":{"self":[{"href":"https:\/\/fjala.info\/2009-2015\/wp-json\/wp\/v2\/posts\/3674","targetHints":{"allow":["GET"]}}],"collection":[{"href":"https:\/\/fjala.info\/2009-2015\/wp-json\/wp\/v2\/posts"}],"about":[{"href":"https:\/\/fjala.info\/2009-2015\/wp-json\/wp\/v2\/types\/post"}],"author":[{"embeddable":true,"href":"https:\/\/fjala.info\/2009-2015\/wp-json\/wp\/v2\/users\/1"}],"replies":[{"embeddable":true,"href":"https:\/\/fjala.info\/2009-2015\/wp-json\/wp\/v2\/comments?post=3674"}],"version-history":[{"count":0,"href":"https:\/\/fjala.info\/2009-2015\/wp-json\/wp\/v2\/posts\/3674\/revisions"}],"wp:attachment":[{"href":"https:\/\/fjala.info\/2009-2015\/wp-json\/wp\/v2\/media?parent=3674"}],"wp:term":[{"taxonomy":"category","embeddable":true,"href":"https:\/\/fjala.info\/2009-2015\/wp-json\/wp\/v2\/categories?post=3674"},{"taxonomy":"post_tag","embeddable":true,"href":"https:\/\/fjala.info\/2009-2015\/wp-json\/wp\/v2\/tags?post=3674"}],"curies":[{"name":"wp","href":"https:\/\/api.w.org\/{rel}","templated":true}]}}