{"id":3669,"date":"2010-08-11T08:17:12","date_gmt":"2010-08-11T07:17:12","guid":{"rendered":"http:\/\/fjala.shkoder.net\/?p=3669"},"modified":"2010-08-11T08:17:12","modified_gmt":"2010-08-11T07:17:12","slug":"pse-voton-asambleja-e-okb","status":"publish","type":"post","link":"https:\/\/fjala.info\/2009-2015\/pse-voton-asambleja-e-okb\/","title":{"rendered":"Pse voton Asambleja e OKB"},"content":{"rendered":"<p><img decoding=\"async\" style=\"margin-left: 10px; margin-right: 10px; border: 0px;\" title=\"Mentor Nazarko\" src=\"http:\/\/www.shkoder.net\/images\/fjala\/mentor_nazarko.jpg\" border=\"0\" alt=\"\" width=\"150\" align=\"right\" \/><\/p>\n<p>nga <strong>MENTOR NAZARKO<\/strong>, <em>10.08.2010<\/em><\/p>\n<p>Ka edhe nj\u00eb \u00e7\u00ebshtje tjet\u00ebr n\u00eb Kosov\u00eb q\u00eb po dominon debatin publik, p\u00ebrve\u00e7 asaj n\u00ebse duhet apo jo nj\u00eb rezolut\u00eb e re p\u00ebr Kosov\u00ebn n\u00eb K\u00ebshillin e Sigurimit. \u00c7\u00ebshtja e dyt\u00eb, q\u00eb e trajtuam n\u00eb nj\u00eb shkrim t\u00eb m\u00ebparsh\u00ebm po z\u00eb hap\u00ebsir\u00ebn m\u00eb t\u00eb madhe t\u00eb diskutimit, megjith\u00ebse zhvillimet q\u00eb vijn\u00eb prej saj, apo vet\u00eb trajtimi i saj \u00ebsht\u00eb m\u00eb i vonsh\u00ebm. As Rusia nuk duket e gatshme t\u00eb miratoj\u00eb ndryshimin e statusit t\u00eb Kosov\u00ebs n\u00eb shtet t\u00eb pavarur, por as SHBA-t\u00eb nuk duken t\u00eb gatsh\u00ebm ta zgjidhin shpejt k\u00ebt\u00eb \u00e7\u00ebshtje, duke i afruar Rusis\u00eb di\u00e7ka n\u00eb k\u00ebmbim.<\/p>\n<p>\u00c7\u00ebshtja e par\u00eb n\u00eb radh\u00eb kohore \u00ebsht\u00eb: pse \u00ebsht\u00eb i r\u00ebnd\u00ebsish\u00ebm sesioni i 65-t\u00eb i Asambles\u00eb s\u00eb Kombeve t\u00eb Bashkuara?<\/p>\n<p>Si\u00e7 mund t\u00eb shikohet nga numri i madh i artikujve n\u00eb shtypin nd\u00ebrkomb\u00ebtar, ky sesion, rezultati i tij, \u00ebsht\u00eb shnd\u00ebrruar n\u00eb nj\u00eb problem me r\u00ebnd\u00ebsi globale. Asambleja \u00ebsht\u00eb skena e bot\u00ebs, teatri bot\u00ebror, ku ka shum\u00eb protagonist\u00eb q\u00eb luajn\u00eb n\u00eb t\u00eb, megjith\u00ebse fuqit\u00eb e m\u00ebdha i t\u00ebrheqin t\u00eb gjitha fijet kur duan. Britania e Madhe e k\u00ebrc\u00ebnon Serbin\u00eb pse paraqiti rezolut\u00eb t\u00eb re, Rusia e mbron Serbin\u00eb, nd\u00ebrmerren inkursione diplomatike p\u00ebr t\u00eb lobuar nga t\u00eb gjitha pal\u00ebt.<\/p>\n<p>Lufta \u00ebsht\u00eb globale: kush merr shumic\u00ebn e shteteve t\u00eb bot\u00ebs, rezoluta serbe, apo kund\u00ebrshtar\u00ebt e saj q\u00eb mund t\u00eb prezantojn\u00eb nj\u00eb projekt tjet\u00ebr? Edhe vet\u00eb Fuqit\u00eb e m\u00ebdha fitojn\u00eb autoritet shtes\u00eb nga nj\u00eb betej\u00eb e till\u00eb, q\u00eb do ta p\u00ebrdorin n\u00eb beteja t\u00eb reja. Po shtetet drejtp\u00ebrdrejt t\u00eb interesuara si Serbia dhe Kosova \u00e7&#8217;fitojn\u00eb?<\/p>\n<p>N\u00ebse linja serbe fiton, duket sikur asnjan\u00ebsohen efektet publike t\u00eb mendimit k\u00ebshillimor t\u00eb GJND. Serbia mund t&#8217;ia filloj\u00eb me nj\u00eb forc\u00eb t\u00eb re pretendimet e veta n\u00eb rrafsh global. Ajo do t\u00eb shtoj\u00eb pretendimet para se t\u00eb b\u00ebj\u00eb nj\u00eb l\u00ebshim t\u00eb ri. N\u00ebse s&#8217;\u00ebsht\u00eb e v\u00ebrtet\u00eb q\u00eb Serbia k\u00ebrkon faljen e borxheve t\u00eb saj p\u00ebr ta njohur Kosov\u00ebn, Serbia pretendon t\u00eb fitoj\u00eb di\u00e7ka.<\/p>\n<p>P\u00ebr \u00e7do l\u00ebshim, nj\u00eb p\u00ebrfitim! P\u00ebr k\u00ebt\u00eb arsye Serbia po zhvillon presion dhe tek shtetet q\u00eb e kan\u00eb njohur Kosov\u00ebn si p\u00ebr shembull Maqedonia. E b\u00ebn k\u00ebt\u00eb, megjith\u00ebse beteja \u00ebsht\u00eb e v\u00ebshtir\u00eb, n\u00eb kufijt\u00eb e t\u00eb pamundshmes, si\u00e7 tha ministri i Jasht\u00ebm Jeremi\u00e7. Q\u00eb tani ky minist\u00ebr ka takuar n\u00eb OKB n\u00eb nj\u00eb jav\u00eb 40 shtete, pa folur p\u00ebr emisar\u00ebt q\u00eb jan\u00eb d\u00ebrguar n\u00eb 55 shtete t\u00eb tjer\u00eb.<\/p>\n<p>Diskutimi p\u00ebr rezolut\u00ebn \u00ebsht\u00eb nj\u00eb test i r\u00ebnd\u00ebsish\u00ebm p\u00ebr at\u00eb sesa shtete jan\u00eb t\u00eb gatsh\u00ebm ta njohin Kosov\u00ebn, pas vendimit t\u00eb Gjykat\u00ebs Nd\u00ebrkomb\u00ebtare t\u00eb Drejt\u00ebsis\u00eb. N\u00ebse nj\u00eb vit m\u00eb par\u00eb, kur Asambleja pranoi k\u00ebrkes\u00ebn serbe p\u00ebr t&#8217;i k\u00ebrkuar mendim GJND-s\u00eb, u duk se numri i shteteve t\u00eb gatsh\u00ebm ta njihnin Kosov\u00ebn ishte i vog\u00ebl, k\u00ebt\u00eb her\u00eb nuk duket t\u00eb jet\u00eb k\u00ebshtu. P\u00ebr fitoren e Kosov\u00ebs nuk duket e interesuar vet\u00ebm ajo, por edhe miqt\u00eb e saj. Lufta \u00ebsht\u00eb globale.<br \/>\nDiskutimi p\u00ebr rezolut\u00ebn nuk lidhet me ndonj\u00eb pasoj\u00eb imediate juridike t\u00eb saj as p\u00ebr nj\u00ebr\u00ebn, as p\u00ebr tjetr\u00ebn pal\u00eb. Por rritet probabiliteti q\u00eb shum\u00eb shpejt t\u00eb kemi efekte juridike, nd\u00ebrkoh\u00eb q\u00eb efektet politike do t\u00eb ishin imediate.<\/p>\n<p>N\u00ebse pala serbe mundet, at\u00ebher\u00eb ajo s&#8217;do t\u00eb ket\u00eb m\u00eb argumente me vler\u00eb globale p\u00ebr pretendimin e saj p\u00ebr Kosov\u00ebn. Askush s&#8217;do t\u00eb ket\u00eb m\u00eb d\u00ebshir\u00eb ta d\u00ebgjoj\u00eb t\u00eb ankohet. Askush s&#8217;do ta pres\u00eb n\u00eb inkursionet e saj anti njohje. Reputacioni i saj nd\u00ebrkomb\u00ebtar do t\u00eb goditet shum\u00eb. N\u00eb planin e brendsh\u00ebm, kund\u00ebrshtar\u00ebt e saj do t\u00eb fitojn\u00eb m\u00eb shum\u00eb hap\u00ebsir\u00eb. Nuk dihet n\u00ebse mund t\u00eb shkohet n\u00eb kriz\u00eb qeveritare, por me siguri do t\u00eb shtohen shum\u00eb z\u00ebrat kritike ndaj Qeveris\u00eb. N\u00eb shtator pritet t\u00eb lirohet dhe Sheshelj dhe ky do t\u00eb jet\u00eb me siguri nj\u00eb zhvillim q\u00eb i turbullon uj\u00ebrat n\u00eb Serbi.<\/p>\n<p>P\u00ebrve\u00e7 faktit q\u00eb \u00e7far\u00eb e humb Serbia, e fiton Kosova, \u00e7far\u00eb mbetet tjet\u00ebr?<br \/>\nN\u00eb k\u00ebt\u00eb loj\u00eb s&#8217;ka dyshim dhe Kosova ka interesin e vet jetik t\u00eb drejtp\u00ebrdrejt\u00eb. Diskutimi p\u00ebr rezolut\u00ebn \u00ebsht\u00eb maksimumi i publicitetit, p\u00ebr nj\u00eb shtet t\u00eb vog\u00ebl si Kosova do t\u00eb prodhoj\u00eb k\u00ebshtu nj\u00eb lajm global. Si shtet i ri, Kosova kalitet n\u00eb beteja t\u00eb tilla q\u00eb s&#8217;jan\u00eb t\u00eb politik\u00ebs s\u00eb brendshme, por me vler\u00eb globale.<\/p>\n<p>Ajo v\u00eb n\u00eb prov\u00eb, st\u00ebrvit administrat\u00ebn e vet diplomatike n\u00eb ve\u00e7anti, klas\u00ebn e vet politike. N\u00eb rast fitoreje t\u00eb Kosov\u00ebs, vendimi pro saj do t\u00eb kapitalizohet n\u00eb t\u00ebr\u00ebsin\u00eb e akteve q\u00eb sh\u00ebnojn\u00eb lindjen e nj\u00eb shteti me mami nd\u00ebrkomb\u00ebtare. N\u00eb rast fitoreje, n\u00eb nj\u00eb mbledhje t\u00eb ardhshme t\u00eb K\u00ebshillit t\u00eb Sigurimit, Kosova, miqt\u00eb e saj nuk do t\u00eb depozitonin thjesht dhe vet\u00ebm nj\u00eb akt pa fuqi detyruese, si mendimi k\u00ebshillimor i GJND, por dy: dhe rezolut\u00ebn e Asambles\u00eb.<\/p>\n<p>N\u00eb shtator Kosova do t\u00eb arrinte t\u00eb kuptonte sesa shtete jan\u00eb t\u00eb gatsh\u00ebm ta njohin, megjith\u00ebse Asambleja nuk do t\u00eb vendos\u00eb sot pranimin e Kosov\u00ebs n\u00eb OKB. N\u00eb k\u00ebt\u00eb perspektiv\u00eb, arritja e nj\u00eb shumice t\u00eb thjesht\u00eb \u00ebsht\u00eb nj\u00eb fitore e madhe. Arritja e nj\u00eb shumice prej dy t\u00eb tretash \u00ebsht\u00eb nj\u00eb fitore absolute! Dy t\u00eb tretat e an\u00ebtar\u00ebve t\u00eb OKB-s\u00eb vendosin n\u00eb rastin e miratimit t\u00eb rekomandimit t\u00eb K\u00ebshillit t\u00eb Sigurimit p\u00ebr t\u00eb votuar an\u00ebtar\u00ebsimin e nj\u00eb shteti t\u00eb ri.<\/p>\n<p>\u00c7\u00ebshtja e an\u00ebtar\u00ebsimit t\u00eb nj\u00eb shteti t\u00eb ri \u00ebsht\u00eb nj\u00eb nga pak rastet kur Asambleja ka r\u00ebnd\u00ebsi vendimtare, edhe pse jo si faktor i par\u00eb, por pas K\u00ebshillit t\u00eb Sigurimit. K\u00ebto shtete mund t\u00eb mos e njohin Kosov\u00ebn n\u00eb plan dypal\u00ebsh, por kjo s&#8217;ka asnj\u00eb r\u00ebnd\u00ebsi p\u00ebrball\u00eb vot\u00ebs s\u00eb tyre pro. Mali i Zi mund t\u00eb ket\u00eb pak m\u00eb shum\u00eb njohje dypal\u00ebshe se Kosova, por ama \u00ebsht\u00eb an\u00ebtar i OKB-s\u00eb, pik\u00ebrisht prej vendimit t\u00eb p\u00ebrbashk\u00ebt t\u00eb K\u00ebshillit t\u00eb Sigurimit plus Asamblen\u00eb e KB-s\u00eb.<\/p>\n<p>N\u00eb planin e brendsh\u00ebm Kosova ka t\u00eb drejt\u00eb t\u00eb reagoj\u00eb m\u00eb vendosm\u00ebrisht ndaj provokimeve serbe n\u00ebp\u00ebrmjet institucioneve paralele. Ajo fiton stabilitet n\u00eb t\u00eb gjith\u00eb planet.<\/p>\n<p>P\u00ebr gjith\u00eb k\u00ebto arsye pro dhe kund\u00ebr saj, Kosova duhet t\u00eb ket\u00eb, apo ta shpall\u00eb n\u00ebse e ka, pjes\u00ebn publike t\u00eb strategjis\u00eb p\u00ebr mbledhjen e ardhshme t\u00eb Asambles\u00eb. T\u00eb d\u00ebrgoj\u00eb n\u00eb Nju Jork para se t\u00eb mblidhet Asambleja, nj\u00eb ekip t\u00eb madh jo thjesht zyrtar\u00ebsh t\u00eb vet. Edhe sikur tre krer\u00ebt e shtetit me ministrin e Jasht\u00ebm t\u00eb shkojn\u00eb n\u00eb OKB, bashk\u00eb me homolog\u00ebt e Shqip\u00ebris\u00eb jan\u00eb pak.<\/p>\n<p>T\u00eb takohen 192 delegacione n\u00eb pak dit\u00eb, duket objektiv i pamundur edhe p\u00ebr t\u00eb dy shtetet shqiptar\u00eb t\u00eb mbledhur s\u00eb bashku, n\u00ebse lobimi b\u00ebhet thjesht prej institucioneve dhe nuk p\u00ebrfshihen individ\u00eb t\u00eb shquar t\u00eb kombit ton\u00eb, miq nd\u00ebrkomb\u00ebtar\u00eb nga arti, apo \u00e7do individ me reputacion nd\u00ebrkomb\u00ebtar.<\/p>\n<p>N\u00ebse Kosova fiton n\u00eb Asamble me mbi dy t\u00eb tretat, pra me rreth 135 vota, ky votim p\u00ebrb\u00ebn nj\u00eb mekaniz\u00ebm t\u00eb fort\u00eb presioni mbi an\u00ebtar\u00ebt me t\u00eb drejt\u00eb vetoje n\u00eb K\u00ebshillin e Sigurimit. At\u00ebher\u00eb do t\u00eb kemi loj\u00eb t\u00eb re p\u00ebr rezolut\u00ebn anti 1244, q\u00eb do t&#8217;i jepte forc\u00eb detyruese vendimit t\u00eb GJND dhe do ta shpallte Kosov\u00ebn si shtet q\u00eb do paqen. Ja kjo \u00ebsht\u00eb nj\u00eb p\u00ebrgjigje edhe p\u00ebr \u00e7\u00ebshtjen e dyt\u00eb dhe q\u00eb i lidh me nj\u00ebra-tjetr\u00ebn rezolut\u00ebn e re detyruese t\u00eb K\u00ebshillit t\u00eb Sigurimit me rezolut\u00ebn e Asambles\u00eb s\u00eb OKB-s\u00eb, pa vler\u00eb detyruese.<\/p>\n","protected":false},"excerpt":{"rendered":"<p>nga MENTOR NAZARKO, 10.08.2010 Ka edhe nj\u00eb \u00e7\u00ebshtje tjet\u00ebr n\u00eb Kosov\u00eb q\u00eb po dominon debatin publik, p\u00ebrve\u00e7 asaj n\u00ebse duhet apo jo nj\u00eb rezolut\u00eb e re p\u00ebr Kosov\u00ebn n\u00eb K\u00ebshillin e Sigurimit. \u00c7\u00ebshtja e dyt\u00eb, q\u00eb e trajtuam n\u00eb nj\u00eb shkrim t\u00eb m\u00ebparsh\u00ebm po z\u00eb hap\u00ebsir\u00ebn m\u00eb t\u00eb madhe t\u00eb diskutimit, megjith\u00ebse zhvillimet q\u00eb vijn\u00eb [&hellip;]<\/p>\n","protected":false},"author":1,"featured_media":0,"comment_status":"open","ping_status":"closed","sticky":false,"template":"","format":"standard","meta":{"footnotes":""},"categories":[2],"tags":[],"class_list":{"0":"post-3669","1":"post","2":"type-post","3":"status-publish","4":"format-standard","6":"category-artikuj"},"yoast_head":"<!-- This site is optimized with the Yoast SEO plugin v27.4 - https:\/\/yoast.com\/product\/yoast-seo-wordpress\/ -->\n<title>Pse voton Asambleja e OKB - FjALA e LIR\u00cb - Arkivi<\/title>\n<meta name=\"robots\" content=\"index, follow, max-snippet:-1, max-image-preview:large, max-video-preview:-1\" \/>\n<link rel=\"canonical\" href=\"https:\/\/fjala.info\/2009-2015\/pse-voton-asambleja-e-okb\/\" \/>\n<meta property=\"og:locale\" content=\"sq_AL\" \/>\n<meta property=\"og:type\" content=\"article\" \/>\n<meta property=\"og:title\" content=\"Pse voton Asambleja e OKB - FjALA e LIR\u00cb - Arkivi\" \/>\n<meta property=\"og:description\" content=\"nga MENTOR NAZARKO, 10.08.2010 Ka edhe nj\u00eb \u00e7\u00ebshtje tjet\u00ebr n\u00eb Kosov\u00eb q\u00eb po dominon debatin publik, p\u00ebrve\u00e7 asaj n\u00ebse duhet apo jo nj\u00eb rezolut\u00eb e re p\u00ebr Kosov\u00ebn n\u00eb K\u00ebshillin e Sigurimit. \u00c7\u00ebshtja e dyt\u00eb, q\u00eb e trajtuam n\u00eb nj\u00eb shkrim t\u00eb m\u00ebparsh\u00ebm po z\u00eb hap\u00ebsir\u00ebn m\u00eb t\u00eb madhe t\u00eb diskutimit, megjith\u00ebse zhvillimet q\u00eb vijn\u00eb [&hellip;]\" \/>\n<meta property=\"og:url\" content=\"https:\/\/fjala.info\/2009-2015\/pse-voton-asambleja-e-okb\/\" \/>\n<meta property=\"og:site_name\" content=\"FjALA e LIR\u00cb - Arkivi\" \/>\n<meta property=\"article:published_time\" content=\"2010-08-11T07:17:12+00:00\" \/>\n<meta property=\"og:image\" content=\"http:\/\/www.shkoder.net\/images\/fjala\/mentor_nazarko.jpg\" \/>\n<meta name=\"author\" content=\"admin\" \/>\n<meta name=\"twitter:card\" content=\"summary_large_image\" \/>\n<meta name=\"twitter:label1\" content=\"Written by\" \/>\n\t<meta name=\"twitter:data1\" content=\"admin\" \/>\n\t<meta name=\"twitter:label2\" content=\"Est. reading time\" \/>\n\t<meta name=\"twitter:data2\" content=\"7 minutes\" \/>\n<script type=\"application\/ld+json\" class=\"yoast-schema-graph\">{\"@context\":\"https:\\\/\\\/schema.org\",\"@graph\":[{\"@type\":\"Article\",\"@id\":\"https:\\\/\\\/fjala.info\\\/2009-2015\\\/pse-voton-asambleja-e-okb\\\/#article\",\"isPartOf\":{\"@id\":\"https:\\\/\\\/fjala.info\\\/2009-2015\\\/pse-voton-asambleja-e-okb\\\/\"},\"author\":{\"name\":\"admin\",\"@id\":\"https:\\\/\\\/fjala.info\\\/2009-2015\\\/#\\\/schema\\\/person\\\/3aa1163ef05469c496fc94e77611ada2\"},\"headline\":\"Pse voton Asambleja e OKB\",\"datePublished\":\"2010-08-11T07:17:12+00:00\",\"mainEntityOfPage\":{\"@id\":\"https:\\\/\\\/fjala.info\\\/2009-2015\\\/pse-voton-asambleja-e-okb\\\/\"},\"wordCount\":1369,\"commentCount\":0,\"publisher\":{\"@id\":\"https:\\\/\\\/fjala.info\\\/2009-2015\\\/#organization\"},\"image\":{\"@id\":\"https:\\\/\\\/fjala.info\\\/2009-2015\\\/pse-voton-asambleja-e-okb\\\/#primaryimage\"},\"thumbnailUrl\":\"http:\\\/\\\/www.shkoder.net\\\/images\\\/fjala\\\/mentor_nazarko.jpg\",\"articleSection\":[\"Artikuj\"],\"inLanguage\":\"sq-AL\",\"potentialAction\":[{\"@type\":\"CommentAction\",\"name\":\"Comment\",\"target\":[\"https:\\\/\\\/fjala.info\\\/2009-2015\\\/pse-voton-asambleja-e-okb\\\/#respond\"]}]},{\"@type\":\"WebPage\",\"@id\":\"https:\\\/\\\/fjala.info\\\/2009-2015\\\/pse-voton-asambleja-e-okb\\\/\",\"url\":\"https:\\\/\\\/fjala.info\\\/2009-2015\\\/pse-voton-asambleja-e-okb\\\/\",\"name\":\"Pse voton Asambleja e OKB - FjALA e LIR\u00cb - Arkivi\",\"isPartOf\":{\"@id\":\"https:\\\/\\\/fjala.info\\\/2009-2015\\\/#website\"},\"primaryImageOfPage\":{\"@id\":\"https:\\\/\\\/fjala.info\\\/2009-2015\\\/pse-voton-asambleja-e-okb\\\/#primaryimage\"},\"image\":{\"@id\":\"https:\\\/\\\/fjala.info\\\/2009-2015\\\/pse-voton-asambleja-e-okb\\\/#primaryimage\"},\"thumbnailUrl\":\"http:\\\/\\\/www.shkoder.net\\\/images\\\/fjala\\\/mentor_nazarko.jpg\",\"datePublished\":\"2010-08-11T07:17:12+00:00\",\"breadcrumb\":{\"@id\":\"https:\\\/\\\/fjala.info\\\/2009-2015\\\/pse-voton-asambleja-e-okb\\\/#breadcrumb\"},\"inLanguage\":\"sq-AL\",\"potentialAction\":[{\"@type\":\"ReadAction\",\"target\":[\"https:\\\/\\\/fjala.info\\\/2009-2015\\\/pse-voton-asambleja-e-okb\\\/\"]}]},{\"@type\":\"ImageObject\",\"inLanguage\":\"sq-AL\",\"@id\":\"https:\\\/\\\/fjala.info\\\/2009-2015\\\/pse-voton-asambleja-e-okb\\\/#primaryimage\",\"url\":\"http:\\\/\\\/www.shkoder.net\\\/images\\\/fjala\\\/mentor_nazarko.jpg\",\"contentUrl\":\"http:\\\/\\\/www.shkoder.net\\\/images\\\/fjala\\\/mentor_nazarko.jpg\"},{\"@type\":\"BreadcrumbList\",\"@id\":\"https:\\\/\\\/fjala.info\\\/2009-2015\\\/pse-voton-asambleja-e-okb\\\/#breadcrumb\",\"itemListElement\":[{\"@type\":\"ListItem\",\"position\":1,\"name\":\"Home\",\"item\":\"https:\\\/\\\/fjala.info\\\/2009-2015\\\/\"},{\"@type\":\"ListItem\",\"position\":2,\"name\":\"Pse voton Asambleja e OKB\"}]},{\"@type\":\"WebSite\",\"@id\":\"https:\\\/\\\/fjala.info\\\/2009-2015\\\/#website\",\"url\":\"https:\\\/\\\/fjala.info\\\/2009-2015\\\/\",\"name\":\"FjALA e LIR\u00cb - Arkivi\",\"description\":\"Arkivi 2009-2015\",\"publisher\":{\"@id\":\"https:\\\/\\\/fjala.info\\\/2009-2015\\\/#organization\"},\"potentialAction\":[{\"@type\":\"SearchAction\",\"target\":{\"@type\":\"EntryPoint\",\"urlTemplate\":\"https:\\\/\\\/fjala.info\\\/2009-2015\\\/?s={search_term_string}\"},\"query-input\":{\"@type\":\"PropertyValueSpecification\",\"valueRequired\":true,\"valueName\":\"search_term_string\"}}],\"inLanguage\":\"sq-AL\"},{\"@type\":\"Organization\",\"@id\":\"https:\\\/\\\/fjala.info\\\/2009-2015\\\/#organization\",\"name\":\"FjALA e LIR\u00cb - Arkivi\",\"url\":\"https:\\\/\\\/fjala.info\\\/2009-2015\\\/\",\"logo\":{\"@type\":\"ImageObject\",\"inLanguage\":\"sq-AL\",\"@id\":\"https:\\\/\\\/fjala.info\\\/2009-2015\\\/#\\\/schema\\\/logo\\\/image\\\/\",\"url\":\"\",\"contentUrl\":\"\",\"caption\":\"FjALA e LIR\u00cb - Arkivi\"},\"image\":{\"@id\":\"https:\\\/\\\/fjala.info\\\/2009-2015\\\/#\\\/schema\\\/logo\\\/image\\\/\"}},{\"@type\":\"Person\",\"@id\":\"https:\\\/\\\/fjala.info\\\/2009-2015\\\/#\\\/schema\\\/person\\\/3aa1163ef05469c496fc94e77611ada2\",\"name\":\"admin\",\"image\":{\"@type\":\"ImageObject\",\"inLanguage\":\"sq-AL\",\"@id\":\"https:\\\/\\\/fjala.info\\\/2009-2015\\\/wp-content\\\/uploads\\\/2012\\\/02\\\/arben_cokaj-120x150.jpg\",\"url\":\"https:\\\/\\\/fjala.info\\\/2009-2015\\\/wp-content\\\/uploads\\\/2012\\\/02\\\/arben_cokaj-120x150.jpg\",\"contentUrl\":\"https:\\\/\\\/fjala.info\\\/2009-2015\\\/wp-content\\\/uploads\\\/2012\\\/02\\\/arben_cokaj-120x150.jpg\",\"caption\":\"admin\"},\"description\":\"Admin, Fjala e Lir\u00eb\",\"sameAs\":[\"https:\\\/\\\/fjala.info\\\/\"],\"url\":\"https:\\\/\\\/fjala.info\\\/2009-2015\\\/author\\\/admin\\\/\"}]}<\/script>\n<!-- \/ Yoast SEO plugin. -->","yoast_head_json":{"title":"Pse voton Asambleja e OKB - FjALA e LIR\u00cb - Arkivi","robots":{"index":"index","follow":"follow","max-snippet":"max-snippet:-1","max-image-preview":"max-image-preview:large","max-video-preview":"max-video-preview:-1"},"canonical":"https:\/\/fjala.info\/2009-2015\/pse-voton-asambleja-e-okb\/","og_locale":"sq_AL","og_type":"article","og_title":"Pse voton Asambleja e OKB - FjALA e LIR\u00cb - Arkivi","og_description":"nga MENTOR NAZARKO, 10.08.2010 Ka edhe nj\u00eb \u00e7\u00ebshtje tjet\u00ebr n\u00eb Kosov\u00eb q\u00eb po dominon debatin publik, p\u00ebrve\u00e7 asaj n\u00ebse duhet apo jo nj\u00eb rezolut\u00eb e re p\u00ebr Kosov\u00ebn n\u00eb K\u00ebshillin e Sigurimit. \u00c7\u00ebshtja e dyt\u00eb, q\u00eb e trajtuam n\u00eb nj\u00eb shkrim t\u00eb m\u00ebparsh\u00ebm po z\u00eb hap\u00ebsir\u00ebn m\u00eb t\u00eb madhe t\u00eb diskutimit, megjith\u00ebse zhvillimet q\u00eb vijn\u00eb [&hellip;]","og_url":"https:\/\/fjala.info\/2009-2015\/pse-voton-asambleja-e-okb\/","og_site_name":"FjALA e LIR\u00cb - Arkivi","article_published_time":"2010-08-11T07:17:12+00:00","og_image":[{"url":"http:\/\/www.shkoder.net\/images\/fjala\/mentor_nazarko.jpg","type":"","width":"","height":""}],"author":"admin","twitter_card":"summary_large_image","twitter_misc":{"Written by":"admin","Est. reading time":"7 minutes"},"schema":{"@context":"https:\/\/schema.org","@graph":[{"@type":"Article","@id":"https:\/\/fjala.info\/2009-2015\/pse-voton-asambleja-e-okb\/#article","isPartOf":{"@id":"https:\/\/fjala.info\/2009-2015\/pse-voton-asambleja-e-okb\/"},"author":{"name":"admin","@id":"https:\/\/fjala.info\/2009-2015\/#\/schema\/person\/3aa1163ef05469c496fc94e77611ada2"},"headline":"Pse voton Asambleja e OKB","datePublished":"2010-08-11T07:17:12+00:00","mainEntityOfPage":{"@id":"https:\/\/fjala.info\/2009-2015\/pse-voton-asambleja-e-okb\/"},"wordCount":1369,"commentCount":0,"publisher":{"@id":"https:\/\/fjala.info\/2009-2015\/#organization"},"image":{"@id":"https:\/\/fjala.info\/2009-2015\/pse-voton-asambleja-e-okb\/#primaryimage"},"thumbnailUrl":"http:\/\/www.shkoder.net\/images\/fjala\/mentor_nazarko.jpg","articleSection":["Artikuj"],"inLanguage":"sq-AL","potentialAction":[{"@type":"CommentAction","name":"Comment","target":["https:\/\/fjala.info\/2009-2015\/pse-voton-asambleja-e-okb\/#respond"]}]},{"@type":"WebPage","@id":"https:\/\/fjala.info\/2009-2015\/pse-voton-asambleja-e-okb\/","url":"https:\/\/fjala.info\/2009-2015\/pse-voton-asambleja-e-okb\/","name":"Pse voton Asambleja e OKB - FjALA e LIR\u00cb - Arkivi","isPartOf":{"@id":"https:\/\/fjala.info\/2009-2015\/#website"},"primaryImageOfPage":{"@id":"https:\/\/fjala.info\/2009-2015\/pse-voton-asambleja-e-okb\/#primaryimage"},"image":{"@id":"https:\/\/fjala.info\/2009-2015\/pse-voton-asambleja-e-okb\/#primaryimage"},"thumbnailUrl":"http:\/\/www.shkoder.net\/images\/fjala\/mentor_nazarko.jpg","datePublished":"2010-08-11T07:17:12+00:00","breadcrumb":{"@id":"https:\/\/fjala.info\/2009-2015\/pse-voton-asambleja-e-okb\/#breadcrumb"},"inLanguage":"sq-AL","potentialAction":[{"@type":"ReadAction","target":["https:\/\/fjala.info\/2009-2015\/pse-voton-asambleja-e-okb\/"]}]},{"@type":"ImageObject","inLanguage":"sq-AL","@id":"https:\/\/fjala.info\/2009-2015\/pse-voton-asambleja-e-okb\/#primaryimage","url":"http:\/\/www.shkoder.net\/images\/fjala\/mentor_nazarko.jpg","contentUrl":"http:\/\/www.shkoder.net\/images\/fjala\/mentor_nazarko.jpg"},{"@type":"BreadcrumbList","@id":"https:\/\/fjala.info\/2009-2015\/pse-voton-asambleja-e-okb\/#breadcrumb","itemListElement":[{"@type":"ListItem","position":1,"name":"Home","item":"https:\/\/fjala.info\/2009-2015\/"},{"@type":"ListItem","position":2,"name":"Pse voton Asambleja e OKB"}]},{"@type":"WebSite","@id":"https:\/\/fjala.info\/2009-2015\/#website","url":"https:\/\/fjala.info\/2009-2015\/","name":"FjALA e LIR\u00cb - Arkivi","description":"Arkivi 2009-2015","publisher":{"@id":"https:\/\/fjala.info\/2009-2015\/#organization"},"potentialAction":[{"@type":"SearchAction","target":{"@type":"EntryPoint","urlTemplate":"https:\/\/fjala.info\/2009-2015\/?s={search_term_string}"},"query-input":{"@type":"PropertyValueSpecification","valueRequired":true,"valueName":"search_term_string"}}],"inLanguage":"sq-AL"},{"@type":"Organization","@id":"https:\/\/fjala.info\/2009-2015\/#organization","name":"FjALA e LIR\u00cb - Arkivi","url":"https:\/\/fjala.info\/2009-2015\/","logo":{"@type":"ImageObject","inLanguage":"sq-AL","@id":"https:\/\/fjala.info\/2009-2015\/#\/schema\/logo\/image\/","url":"","contentUrl":"","caption":"FjALA e LIR\u00cb - Arkivi"},"image":{"@id":"https:\/\/fjala.info\/2009-2015\/#\/schema\/logo\/image\/"}},{"@type":"Person","@id":"https:\/\/fjala.info\/2009-2015\/#\/schema\/person\/3aa1163ef05469c496fc94e77611ada2","name":"admin","image":{"@type":"ImageObject","inLanguage":"sq-AL","@id":"https:\/\/fjala.info\/2009-2015\/wp-content\/uploads\/2012\/02\/arben_cokaj-120x150.jpg","url":"https:\/\/fjala.info\/2009-2015\/wp-content\/uploads\/2012\/02\/arben_cokaj-120x150.jpg","contentUrl":"https:\/\/fjala.info\/2009-2015\/wp-content\/uploads\/2012\/02\/arben_cokaj-120x150.jpg","caption":"admin"},"description":"Admin, Fjala e Lir\u00eb","sameAs":["https:\/\/fjala.info\/"],"url":"https:\/\/fjala.info\/2009-2015\/author\/admin\/"}]}},"_links":{"self":[{"href":"https:\/\/fjala.info\/2009-2015\/wp-json\/wp\/v2\/posts\/3669","targetHints":{"allow":["GET"]}}],"collection":[{"href":"https:\/\/fjala.info\/2009-2015\/wp-json\/wp\/v2\/posts"}],"about":[{"href":"https:\/\/fjala.info\/2009-2015\/wp-json\/wp\/v2\/types\/post"}],"author":[{"embeddable":true,"href":"https:\/\/fjala.info\/2009-2015\/wp-json\/wp\/v2\/users\/1"}],"replies":[{"embeddable":true,"href":"https:\/\/fjala.info\/2009-2015\/wp-json\/wp\/v2\/comments?post=3669"}],"version-history":[{"count":0,"href":"https:\/\/fjala.info\/2009-2015\/wp-json\/wp\/v2\/posts\/3669\/revisions"}],"wp:attachment":[{"href":"https:\/\/fjala.info\/2009-2015\/wp-json\/wp\/v2\/media?parent=3669"}],"wp:term":[{"taxonomy":"category","embeddable":true,"href":"https:\/\/fjala.info\/2009-2015\/wp-json\/wp\/v2\/categories?post=3669"},{"taxonomy":"post_tag","embeddable":true,"href":"https:\/\/fjala.info\/2009-2015\/wp-json\/wp\/v2\/tags?post=3669"}],"curies":[{"name":"wp","href":"https:\/\/api.w.org\/{rel}","templated":true}]}}