{"id":3663,"date":"2010-08-07T07:51:42","date_gmt":"2010-08-07T06:51:42","guid":{"rendered":"http:\/\/fjala.shkoder.net\/?p=3663"},"modified":"2010-08-07T07:51:42","modified_gmt":"2010-08-07T06:51:42","slug":"shtetesi-per-te-gjithe-shqiptaret","status":"publish","type":"post","link":"https:\/\/fjala.info\/2009-2015\/shtetesi-per-te-gjithe-shqiptaret\/","title":{"rendered":"Shtet\u00ebsi p\u00ebr t\u00eb gjith\u00eb shqiptar\u00ebt?"},"content":{"rendered":"<p><strong>Nazim Rashidi<\/strong>*, <em>07.08.2010<\/em><\/p>\n<p>Nj\u00eb ide e b\u00ebr\u00eb publike para disa koh\u00ebsh se Presidenti i Shqip\u00ebris\u00eb, Bamir Topi, duhet t\u00eb mund\u00ebsoj\u00eb shtet\u00ebsin\u00eb shqiptare p\u00ebr t\u00eb gjith\u00eb shqiptar\u00ebt kudo ku jan\u00eb, fillimisht u mb\u00ebshtet gjer\u00ebsisht n\u00eb Maqedoni. Ideja u p\u00ebrkrah edhe nga politikan\u00eb, por sidomos nga organizata civile shqiptare.<\/p>\n<p>Por, Partia p\u00ebr Prosperitet Demokratik, nj\u00eb parti jasht\u00eb parlamentare, tha se ideja \u00ebsht\u00eb &#8220;nj\u00eb patriotiz\u00ebm i rrejsh\u00ebm&#8221;, madje sipas saj ideja shkon n\u00eb d\u00ebm t\u00eb vet\u00eb shqiptar\u00ebve.<\/p>\n<p>Opinion t\u00eb ngjash\u00ebm ka edhe juristi dhe opinionisti Artan Sadiku: &#8220;<em>Problemi i par\u00eb \u00ebsht\u00eb paparashikueshm\u00ebria. Nuk e dim\u00eb se \u00e7far\u00eb procesesh sociale dhe politike do t\u00eb lindin nga ideja. Prandaj duhet menduar mir\u00eb.<\/em><\/p>\n<p><em>\u00c7\u00ebshtja e dyt\u00eb \u00ebsht\u00eb se brenda Shqip\u00ebris\u00eb do t\u00eb zvog\u00eblohet fuqia votuese dhe vendos\u00ebse e qytetar\u00ebve, sepse kur je shtetas i nj\u00eb vendi, ke t\u00eb drejt\u00eb t\u00eb zgjedh\u00ebsh dhe t\u00eb zgjidhesh. Gjithashtu, prezenca dhe forca e shqiptar\u00ebve n\u00eb shtetet e tjera jasht\u00eb Shqip\u00ebris\u00eb dob\u00ebsohet, n\u00ebse ata marrin edhe shtet\u00ebsin\u00eb shqiptare. Mund t\u00eb ndodh\u00eb q\u00eb Tirana t\u00eb b\u00ebhet qend\u00ebr frekuentuese dhe gravituese p\u00ebr shqiptar\u00ebt n\u00eb Ballkan, kurse t\u00eb tjer\u00ebt mund t\u00eb mbesin nj\u00eb periferi.<\/em><\/p>\n<p><em>N\u00eb Maqedoni ka edhe nj\u00eb \u00e7\u00ebshtje tjet\u00ebr politike, mij\u00ebra qytetar\u00eb shqiptar\u00eb q\u00eb jetojn\u00eb n\u00eb Maqedoni nuk kan\u00eb ende shtet\u00ebsi, dhe n\u00ebse marrin at\u00eb shqiptare, do t\u00eb jen\u00eb shtetas shqiptar\u00eb q\u00eb jetojn\u00eb n\u00eb Maqedoni. Nj\u00eb zgjidhje jo e duhur p\u00ebr ta<\/em>&#8220;, thot\u00eb juristi Artan Sadiku.<br \/>\nL\u00ebvizja &#8216;Zgjohu&#8217; tha se p\u00ebrkujdesja institucionale e Tiran\u00ebs zyrtare p\u00ebr shqiptar\u00ebt jasht\u00eb kufijve administrativ\u00eb t\u00eb Shqip\u00ebris\u00eb duhet t\u00eb formalizohet dhe ky hap mund\u00ebson leht\u00ebsimin e komunikimit nd\u00ebrshqiptar n\u00eb Ballkanin Veriper\u00ebndimor dhe diaspor\u00eb.<\/p>\n<p>Edhe organizata &#8216;Realiteti&#8217;, mb\u00ebshteti iden\u00eb q\u00eb t\u00eb gjith\u00eb shqiptar\u00ebt t\u00eb marrin shtet\u00ebsi shqiptare. &#8220;<em>Do t\u00eb kishim raporte t\u00eb ndryshuara mes shtetit shqiptar dhe shtetit maqedonas, sepse p\u00ebrkujdesi do t\u00eb ishte ndryshe ndaj shqiptar\u00ebve, t\u00eb cil\u00ebt do t\u00eb ishin shtetas edhe t\u00eb Shqip\u00ebris\u00eb. Diskriminimet jan\u00eb t\u00eb panum\u00ebrta ndaj shqiptar\u00ebve n\u00eb Maqedoni, at\u00ebher\u00eb do t\u00eb mund t\u00eb p\u00ebrdorej nj\u00eb trysni diplomatike, pasi shteti shqiptar \u00ebsht\u00eb an\u00ebtar i NATO-s.<\/em><\/p>\n<p><em>N\u00eb t\u00eb drejt\u00ebn nd\u00ebrkomb\u00ebtare shtetet jan\u00eb t\u00eb kufizuar n\u00eb nd\u00ebrhyrjen e pun\u00ebve t\u00eb nj\u00eb shteti. N\u00ebse Shqip\u00ebria nd\u00ebrhyn tani n\u00eb mbrojtje t\u00eb shqiptar\u00ebve n\u00eb m\u00ebnyr\u00eb m\u00eb direkte mund t\u00eb shkaktohej nj\u00eb problem nd\u00ebrkomb\u00ebtar me konstatimin se po nd\u00ebrhyn n\u00eb pun\u00ebt e brendshme t\u00eb nj\u00eb shteti<\/em>&#8220;, thot\u00eb Valon Bela, kryetar i organizat\u00ebs &#8216;Realiteti&#8217;.<\/p>\n<p>Ideja e shtet\u00ebsis\u00eb p\u00ebr t\u00eb gjith\u00eb shqiptar\u00ebt kudo ku jan\u00eb, nuk shihet si problematike nga disa ekspert\u00eb juridik\u00eb shqiptar\u00eb n\u00eb Maqedoni. Ata thon\u00eb se normat nd\u00ebrkomb\u00ebtare lejojn\u00eb dyshtet\u00ebsin\u00eb dhe nj\u00eb gj\u00eb e till\u00eb nuk k\u00ebrc\u00ebnon integritetin territorial apo sovranitetin e shteteve. Por v\u00ebzhgues Maqedonas thon\u00eb se ideja mund t\u00eb nxis\u00eb nacionalizmin.<\/p>\n<p>Temelko Ristevski \u00ebsht\u00eb profesor i t\u00eb drejt\u00ebs kushtetuese: &#8220;<em>N\u00ebse shikohet p\u00ebrgjith\u00ebsisht, \u00ebsht\u00eb nj\u00eb gj\u00eb e mir\u00eb q\u00eb njer\u00ebzit afrohen, por, nga ana tjet\u00ebr, nga aspekti i realizimit t\u00eb interesave komb\u00ebtare shqiptare b\u00ebhet fjal\u00eb p\u00ebr procese q\u00eb nuk \u00e7ojn\u00eb n\u00eb rrug\u00eb t\u00eb mir\u00eb, sa i p\u00ebrket interesave komb\u00ebtare maqedonase. Nj\u00eb gj\u00eb e till\u00eb \u00ebsht\u00eb e rrezikshme p\u00ebr Maqedonin\u00eb, n\u00ebse n\u00ebp\u00ebrmjet ides\u00eb realizohen ambiciet e grupimeve n\u00eb shoq\u00ebri, q\u00eb duan krijimin e shteteve t\u00eb m\u00ebdha<\/em>&#8220;, tha profesor Ristevski.<\/p>\n<p>Ideja p\u00ebr shtet\u00ebsi shqiptare p\u00ebr t\u00eb gjith\u00eb shqiptar\u00ebt kudo ku jan\u00eb, nuk ka marr\u00eb nj\u00eb p\u00ebrgjigje zyrtare nga Tirana. V\u00ebzhguesit e p\u00ebrmbajtur thon\u00eb se ajo duhet t\u00eb shqyrtohet me kujdes, n\u00ebse do t\u00eb konsiderohet. Praktikat nd\u00ebrkomb\u00ebtare jan\u00eb t\u00eb ndryshme. Gjermania p.sh., nuk pranon asnj\u00eb shtet\u00ebsi tjet\u00ebr, nd\u00ebrsa Kroacia ua ka dh\u00ebn\u00eb shtet\u00ebsin\u00eb kroate t\u00eb gjith\u00eb atyre q\u00eb jetojn\u00eb jasht\u00eb kufijve t\u00eb vendit.<\/p>\n<p>*<em>Autori \u00ebsht\u00eb korrespodent i BBC p\u00ebr Maqedonin\u00eb<\/em><\/p>\n","protected":false},"excerpt":{"rendered":"<p>Nazim Rashidi*, 07.08.2010 Nj\u00eb ide e b\u00ebr\u00eb publike para disa koh\u00ebsh se Presidenti i Shqip\u00ebris\u00eb, Bamir Topi, duhet t\u00eb mund\u00ebsoj\u00eb shtet\u00ebsin\u00eb shqiptare p\u00ebr t\u00eb gjith\u00eb shqiptar\u00ebt kudo ku jan\u00eb, fillimisht u mb\u00ebshtet gjer\u00ebsisht n\u00eb Maqedoni. Ideja u p\u00ebrkrah edhe nga politikan\u00eb, por sidomos nga organizata civile shqiptare. Por, Partia p\u00ebr Prosperitet Demokratik, nj\u00eb parti jasht\u00eb [&hellip;]<\/p>\n","protected":false},"author":1,"featured_media":0,"comment_status":"open","ping_status":"closed","sticky":false,"template":"","format":"standard","meta":{"footnotes":""},"categories":[2],"tags":[],"class_list":{"0":"post-3663","1":"post","2":"type-post","3":"status-publish","4":"format-standard","6":"category-artikuj"},"yoast_head":"<!-- This site is optimized with the Yoast SEO plugin v27.4 - https:\/\/yoast.com\/product\/yoast-seo-wordpress\/ -->\n<title>Shtet\u00ebsi p\u00ebr t\u00eb gjith\u00eb shqiptar\u00ebt? - FjALA e LIR\u00cb - Arkivi<\/title>\n<meta name=\"robots\" content=\"index, follow, max-snippet:-1, max-image-preview:large, max-video-preview:-1\" \/>\n<link rel=\"canonical\" href=\"https:\/\/fjala.info\/2009-2015\/shtetesi-per-te-gjithe-shqiptaret\/\" \/>\n<meta property=\"og:locale\" content=\"sq_AL\" \/>\n<meta property=\"og:type\" content=\"article\" \/>\n<meta property=\"og:title\" content=\"Shtet\u00ebsi p\u00ebr t\u00eb gjith\u00eb shqiptar\u00ebt? - FjALA e LIR\u00cb - Arkivi\" \/>\n<meta property=\"og:description\" content=\"Nazim Rashidi*, 07.08.2010 Nj\u00eb ide e b\u00ebr\u00eb publike para disa koh\u00ebsh se Presidenti i Shqip\u00ebris\u00eb, Bamir Topi, duhet t\u00eb mund\u00ebsoj\u00eb shtet\u00ebsin\u00eb shqiptare p\u00ebr t\u00eb gjith\u00eb shqiptar\u00ebt kudo ku jan\u00eb, fillimisht u mb\u00ebshtet gjer\u00ebsisht n\u00eb Maqedoni. Ideja u p\u00ebrkrah edhe nga politikan\u00eb, por sidomos nga organizata civile shqiptare. Por, Partia p\u00ebr Prosperitet Demokratik, nj\u00eb parti jasht\u00eb [&hellip;]\" \/>\n<meta property=\"og:url\" content=\"https:\/\/fjala.info\/2009-2015\/shtetesi-per-te-gjithe-shqiptaret\/\" \/>\n<meta property=\"og:site_name\" content=\"FjALA e LIR\u00cb - Arkivi\" \/>\n<meta property=\"article:published_time\" content=\"2010-08-07T06:51:42+00:00\" \/>\n<meta name=\"author\" content=\"admin\" \/>\n<meta name=\"twitter:card\" content=\"summary_large_image\" \/>\n<meta name=\"twitter:label1\" content=\"Written by\" \/>\n\t<meta name=\"twitter:data1\" content=\"admin\" \/>\n\t<meta name=\"twitter:label2\" content=\"Est. reading time\" \/>\n\t<meta name=\"twitter:data2\" content=\"3 minutes\" \/>\n<script type=\"application\/ld+json\" class=\"yoast-schema-graph\">{\"@context\":\"https:\\\/\\\/schema.org\",\"@graph\":[{\"@type\":\"Article\",\"@id\":\"https:\\\/\\\/fjala.info\\\/2009-2015\\\/shtetesi-per-te-gjithe-shqiptaret\\\/#article\",\"isPartOf\":{\"@id\":\"https:\\\/\\\/fjala.info\\\/2009-2015\\\/shtetesi-per-te-gjithe-shqiptaret\\\/\"},\"author\":{\"name\":\"admin\",\"@id\":\"https:\\\/\\\/fjala.info\\\/2009-2015\\\/#\\\/schema\\\/person\\\/3aa1163ef05469c496fc94e77611ada2\"},\"headline\":\"Shtet\u00ebsi p\u00ebr t\u00eb gjith\u00eb shqiptar\u00ebt?\",\"datePublished\":\"2010-08-07T06:51:42+00:00\",\"mainEntityOfPage\":{\"@id\":\"https:\\\/\\\/fjala.info\\\/2009-2015\\\/shtetesi-per-te-gjithe-shqiptaret\\\/\"},\"wordCount\":694,\"commentCount\":0,\"publisher\":{\"@id\":\"https:\\\/\\\/fjala.info\\\/2009-2015\\\/#organization\"},\"articleSection\":[\"Artikuj\"],\"inLanguage\":\"sq-AL\",\"potentialAction\":[{\"@type\":\"CommentAction\",\"name\":\"Comment\",\"target\":[\"https:\\\/\\\/fjala.info\\\/2009-2015\\\/shtetesi-per-te-gjithe-shqiptaret\\\/#respond\"]}]},{\"@type\":\"WebPage\",\"@id\":\"https:\\\/\\\/fjala.info\\\/2009-2015\\\/shtetesi-per-te-gjithe-shqiptaret\\\/\",\"url\":\"https:\\\/\\\/fjala.info\\\/2009-2015\\\/shtetesi-per-te-gjithe-shqiptaret\\\/\",\"name\":\"Shtet\u00ebsi p\u00ebr t\u00eb gjith\u00eb shqiptar\u00ebt? - FjALA e LIR\u00cb - Arkivi\",\"isPartOf\":{\"@id\":\"https:\\\/\\\/fjala.info\\\/2009-2015\\\/#website\"},\"datePublished\":\"2010-08-07T06:51:42+00:00\",\"breadcrumb\":{\"@id\":\"https:\\\/\\\/fjala.info\\\/2009-2015\\\/shtetesi-per-te-gjithe-shqiptaret\\\/#breadcrumb\"},\"inLanguage\":\"sq-AL\",\"potentialAction\":[{\"@type\":\"ReadAction\",\"target\":[\"https:\\\/\\\/fjala.info\\\/2009-2015\\\/shtetesi-per-te-gjithe-shqiptaret\\\/\"]}]},{\"@type\":\"BreadcrumbList\",\"@id\":\"https:\\\/\\\/fjala.info\\\/2009-2015\\\/shtetesi-per-te-gjithe-shqiptaret\\\/#breadcrumb\",\"itemListElement\":[{\"@type\":\"ListItem\",\"position\":1,\"name\":\"Home\",\"item\":\"https:\\\/\\\/fjala.info\\\/2009-2015\\\/\"},{\"@type\":\"ListItem\",\"position\":2,\"name\":\"Shtet\u00ebsi p\u00ebr t\u00eb gjith\u00eb shqiptar\u00ebt?\"}]},{\"@type\":\"WebSite\",\"@id\":\"https:\\\/\\\/fjala.info\\\/2009-2015\\\/#website\",\"url\":\"https:\\\/\\\/fjala.info\\\/2009-2015\\\/\",\"name\":\"FjALA e LIR\u00cb - Arkivi\",\"description\":\"Arkivi 2009-2015\",\"publisher\":{\"@id\":\"https:\\\/\\\/fjala.info\\\/2009-2015\\\/#organization\"},\"potentialAction\":[{\"@type\":\"SearchAction\",\"target\":{\"@type\":\"EntryPoint\",\"urlTemplate\":\"https:\\\/\\\/fjala.info\\\/2009-2015\\\/?s={search_term_string}\"},\"query-input\":{\"@type\":\"PropertyValueSpecification\",\"valueRequired\":true,\"valueName\":\"search_term_string\"}}],\"inLanguage\":\"sq-AL\"},{\"@type\":\"Organization\",\"@id\":\"https:\\\/\\\/fjala.info\\\/2009-2015\\\/#organization\",\"name\":\"FjALA e LIR\u00cb - Arkivi\",\"url\":\"https:\\\/\\\/fjala.info\\\/2009-2015\\\/\",\"logo\":{\"@type\":\"ImageObject\",\"inLanguage\":\"sq-AL\",\"@id\":\"https:\\\/\\\/fjala.info\\\/2009-2015\\\/#\\\/schema\\\/logo\\\/image\\\/\",\"url\":\"\",\"contentUrl\":\"\",\"caption\":\"FjALA e LIR\u00cb - Arkivi\"},\"image\":{\"@id\":\"https:\\\/\\\/fjala.info\\\/2009-2015\\\/#\\\/schema\\\/logo\\\/image\\\/\"}},{\"@type\":\"Person\",\"@id\":\"https:\\\/\\\/fjala.info\\\/2009-2015\\\/#\\\/schema\\\/person\\\/3aa1163ef05469c496fc94e77611ada2\",\"name\":\"admin\",\"image\":{\"@type\":\"ImageObject\",\"inLanguage\":\"sq-AL\",\"@id\":\"https:\\\/\\\/fjala.info\\\/2009-2015\\\/wp-content\\\/uploads\\\/2012\\\/02\\\/arben_cokaj-120x150.jpg\",\"url\":\"https:\\\/\\\/fjala.info\\\/2009-2015\\\/wp-content\\\/uploads\\\/2012\\\/02\\\/arben_cokaj-120x150.jpg\",\"contentUrl\":\"https:\\\/\\\/fjala.info\\\/2009-2015\\\/wp-content\\\/uploads\\\/2012\\\/02\\\/arben_cokaj-120x150.jpg\",\"caption\":\"admin\"},\"description\":\"Admin, Fjala e Lir\u00eb\",\"sameAs\":[\"https:\\\/\\\/fjala.info\\\/\"],\"url\":\"https:\\\/\\\/fjala.info\\\/2009-2015\\\/author\\\/admin\\\/\"}]}<\/script>\n<!-- \/ Yoast SEO plugin. -->","yoast_head_json":{"title":"Shtet\u00ebsi p\u00ebr t\u00eb gjith\u00eb shqiptar\u00ebt? - FjALA e LIR\u00cb - Arkivi","robots":{"index":"index","follow":"follow","max-snippet":"max-snippet:-1","max-image-preview":"max-image-preview:large","max-video-preview":"max-video-preview:-1"},"canonical":"https:\/\/fjala.info\/2009-2015\/shtetesi-per-te-gjithe-shqiptaret\/","og_locale":"sq_AL","og_type":"article","og_title":"Shtet\u00ebsi p\u00ebr t\u00eb gjith\u00eb shqiptar\u00ebt? - FjALA e LIR\u00cb - Arkivi","og_description":"Nazim Rashidi*, 07.08.2010 Nj\u00eb ide e b\u00ebr\u00eb publike para disa koh\u00ebsh se Presidenti i Shqip\u00ebris\u00eb, Bamir Topi, duhet t\u00eb mund\u00ebsoj\u00eb shtet\u00ebsin\u00eb shqiptare p\u00ebr t\u00eb gjith\u00eb shqiptar\u00ebt kudo ku jan\u00eb, fillimisht u mb\u00ebshtet gjer\u00ebsisht n\u00eb Maqedoni. Ideja u p\u00ebrkrah edhe nga politikan\u00eb, por sidomos nga organizata civile shqiptare. Por, Partia p\u00ebr Prosperitet Demokratik, nj\u00eb parti jasht\u00eb [&hellip;]","og_url":"https:\/\/fjala.info\/2009-2015\/shtetesi-per-te-gjithe-shqiptaret\/","og_site_name":"FjALA e LIR\u00cb - Arkivi","article_published_time":"2010-08-07T06:51:42+00:00","author":"admin","twitter_card":"summary_large_image","twitter_misc":{"Written by":"admin","Est. reading time":"3 minutes"},"schema":{"@context":"https:\/\/schema.org","@graph":[{"@type":"Article","@id":"https:\/\/fjala.info\/2009-2015\/shtetesi-per-te-gjithe-shqiptaret\/#article","isPartOf":{"@id":"https:\/\/fjala.info\/2009-2015\/shtetesi-per-te-gjithe-shqiptaret\/"},"author":{"name":"admin","@id":"https:\/\/fjala.info\/2009-2015\/#\/schema\/person\/3aa1163ef05469c496fc94e77611ada2"},"headline":"Shtet\u00ebsi p\u00ebr t\u00eb gjith\u00eb shqiptar\u00ebt?","datePublished":"2010-08-07T06:51:42+00:00","mainEntityOfPage":{"@id":"https:\/\/fjala.info\/2009-2015\/shtetesi-per-te-gjithe-shqiptaret\/"},"wordCount":694,"commentCount":0,"publisher":{"@id":"https:\/\/fjala.info\/2009-2015\/#organization"},"articleSection":["Artikuj"],"inLanguage":"sq-AL","potentialAction":[{"@type":"CommentAction","name":"Comment","target":["https:\/\/fjala.info\/2009-2015\/shtetesi-per-te-gjithe-shqiptaret\/#respond"]}]},{"@type":"WebPage","@id":"https:\/\/fjala.info\/2009-2015\/shtetesi-per-te-gjithe-shqiptaret\/","url":"https:\/\/fjala.info\/2009-2015\/shtetesi-per-te-gjithe-shqiptaret\/","name":"Shtet\u00ebsi p\u00ebr t\u00eb gjith\u00eb shqiptar\u00ebt? - FjALA e LIR\u00cb - Arkivi","isPartOf":{"@id":"https:\/\/fjala.info\/2009-2015\/#website"},"datePublished":"2010-08-07T06:51:42+00:00","breadcrumb":{"@id":"https:\/\/fjala.info\/2009-2015\/shtetesi-per-te-gjithe-shqiptaret\/#breadcrumb"},"inLanguage":"sq-AL","potentialAction":[{"@type":"ReadAction","target":["https:\/\/fjala.info\/2009-2015\/shtetesi-per-te-gjithe-shqiptaret\/"]}]},{"@type":"BreadcrumbList","@id":"https:\/\/fjala.info\/2009-2015\/shtetesi-per-te-gjithe-shqiptaret\/#breadcrumb","itemListElement":[{"@type":"ListItem","position":1,"name":"Home","item":"https:\/\/fjala.info\/2009-2015\/"},{"@type":"ListItem","position":2,"name":"Shtet\u00ebsi p\u00ebr t\u00eb gjith\u00eb shqiptar\u00ebt?"}]},{"@type":"WebSite","@id":"https:\/\/fjala.info\/2009-2015\/#website","url":"https:\/\/fjala.info\/2009-2015\/","name":"FjALA e LIR\u00cb - Arkivi","description":"Arkivi 2009-2015","publisher":{"@id":"https:\/\/fjala.info\/2009-2015\/#organization"},"potentialAction":[{"@type":"SearchAction","target":{"@type":"EntryPoint","urlTemplate":"https:\/\/fjala.info\/2009-2015\/?s={search_term_string}"},"query-input":{"@type":"PropertyValueSpecification","valueRequired":true,"valueName":"search_term_string"}}],"inLanguage":"sq-AL"},{"@type":"Organization","@id":"https:\/\/fjala.info\/2009-2015\/#organization","name":"FjALA e LIR\u00cb - Arkivi","url":"https:\/\/fjala.info\/2009-2015\/","logo":{"@type":"ImageObject","inLanguage":"sq-AL","@id":"https:\/\/fjala.info\/2009-2015\/#\/schema\/logo\/image\/","url":"","contentUrl":"","caption":"FjALA e LIR\u00cb - Arkivi"},"image":{"@id":"https:\/\/fjala.info\/2009-2015\/#\/schema\/logo\/image\/"}},{"@type":"Person","@id":"https:\/\/fjala.info\/2009-2015\/#\/schema\/person\/3aa1163ef05469c496fc94e77611ada2","name":"admin","image":{"@type":"ImageObject","inLanguage":"sq-AL","@id":"https:\/\/fjala.info\/2009-2015\/wp-content\/uploads\/2012\/02\/arben_cokaj-120x150.jpg","url":"https:\/\/fjala.info\/2009-2015\/wp-content\/uploads\/2012\/02\/arben_cokaj-120x150.jpg","contentUrl":"https:\/\/fjala.info\/2009-2015\/wp-content\/uploads\/2012\/02\/arben_cokaj-120x150.jpg","caption":"admin"},"description":"Admin, Fjala e Lir\u00eb","sameAs":["https:\/\/fjala.info\/"],"url":"https:\/\/fjala.info\/2009-2015\/author\/admin\/"}]}},"_links":{"self":[{"href":"https:\/\/fjala.info\/2009-2015\/wp-json\/wp\/v2\/posts\/3663","targetHints":{"allow":["GET"]}}],"collection":[{"href":"https:\/\/fjala.info\/2009-2015\/wp-json\/wp\/v2\/posts"}],"about":[{"href":"https:\/\/fjala.info\/2009-2015\/wp-json\/wp\/v2\/types\/post"}],"author":[{"embeddable":true,"href":"https:\/\/fjala.info\/2009-2015\/wp-json\/wp\/v2\/users\/1"}],"replies":[{"embeddable":true,"href":"https:\/\/fjala.info\/2009-2015\/wp-json\/wp\/v2\/comments?post=3663"}],"version-history":[{"count":0,"href":"https:\/\/fjala.info\/2009-2015\/wp-json\/wp\/v2\/posts\/3663\/revisions"}],"wp:attachment":[{"href":"https:\/\/fjala.info\/2009-2015\/wp-json\/wp\/v2\/media?parent=3663"}],"wp:term":[{"taxonomy":"category","embeddable":true,"href":"https:\/\/fjala.info\/2009-2015\/wp-json\/wp\/v2\/categories?post=3663"},{"taxonomy":"post_tag","embeddable":true,"href":"https:\/\/fjala.info\/2009-2015\/wp-json\/wp\/v2\/tags?post=3663"}],"curies":[{"name":"wp","href":"https:\/\/api.w.org\/{rel}","templated":true}]}}