{"id":3657,"date":"2010-08-06T22:42:40","date_gmt":"2010-08-06T21:42:40","guid":{"rendered":"http:\/\/fjala.shkoder.net\/?p=3657"},"modified":"2010-08-06T22:42:40","modified_gmt":"2010-08-06T21:42:40","slug":"cfare-do-te-ndodhe-me-krizen","status":"publish","type":"post","link":"https:\/\/fjala.info\/2009-2015\/cfare-do-te-ndodhe-me-krizen\/","title":{"rendered":"\u00c7far\u00eb do t\u00eb ndodh\u00eb me kriz\u00ebn"},"content":{"rendered":"<p><strong>Shekulli Online<\/strong>, <em>06.08.2010<\/em><\/p>\n<p><em>FORUM\/ N\u00eb k\u00ebt\u00eb forum analitik, 4 nga bashk\u00ebpun\u00ebtor\u00ebt m\u00eb t\u00eb ngusht\u00eb t\u00eb Shekullit, jan\u00eb ftuar nga drejtori i gazet\u00ebs Adrian Thano t\u00eb japin mendimet e tyre rreth nj\u00eb pyetjeje t\u00eb p\u00ebrbashk\u00ebt: &#8220;\u00c7far\u00eb do t\u00eb ndodh sipas jush? Si e shihni t\u00eb ardhmen e vendit, p\u00ebrfshir\u00eb k\u00ebtu faktor\u00eb si kriza e transparenc\u00ebs dhe ajo ekonomike&#8221;. <\/em><\/p>\n<p><em>N\u00eb forum sot marrin pjes\u00eb Pre\u00e7 Zogaj, Genc Burimi, Armand Vin\u00e7ani dhe Igli Totozani. Lexuesit mund t\u00eb d\u00ebrgojn\u00eb komente dhe sugjerime n\u00eb adresat tona t\u00eb p\u00ebrhershme t\u00eb kontaktit si dhe t\u00eb marrin pjes\u00eb n\u00eb debatin e p\u00ebrditsh\u00ebm t\u00eb lexuesve n\u00eb Shekulli Online<\/em> (wwww.shekulli.com.al)<\/p>\n<p><img decoding=\"async\" style=\"margin-left: 10px; margin-right: 10px; border: 0px;\" title=\"Pre\u00e7 Zogaj\" src=\"http:\/\/www.shkoder.net\/images\/fjala\/prec_zogaj.jpg\" border=\"0\" alt=\"\" width=\"100\" align=\"left\" \/><\/p>\n<p>&#8220;<strong>E keqja m\u00eb e madhe nuk ka ardhur akoma<\/strong>&#8221;<\/p>\n<p><strong>Pre\u00e7 Zogaj<\/strong><\/p>\n<p>K\u00ebrkova pardje dhe dje n\u00eb t\u00eb gjitha mediat se \u00e7far\u00eb kemi shitur, kush ka shitur, ku kemi shitur dhe sa kemi fituar nga rritja 67 p\u00ebr qind e eksporteve n\u00eb krahasim me shtat\u00ebmujorin e vitit t\u00eb kaluar, sipas njoftimit q\u00eb dha kryeministri Berisha n\u00eb mbledhjen e fundit t\u00eb qeveris\u00eb. M\u00eb shum\u00eb se sa p\u00ebr t\u00eb v\u00ebn\u00eb n\u00eb dyshim shifr\u00ebn e lart\u00eb t\u00eb rritjes, q\u00eb p\u00ebr mua nuk ka r\u00ebnd\u00ebsi n\u00eb vetvete as kur fryhet, as kur shfryhet p\u00ebr arsye ekstraeknomike, doja t\u00eb merrja vesh sinjalet qe jep ekonomia reale e vendit n\u00eb k\u00ebto koh\u00eb krize. Me \u00e7far\u00eb mallrash po \u00e7an Shqip\u00ebria n\u00eb tregjet e sotme t\u00eb rajonit dhe bot\u00ebs?<\/p>\n<p>A jan\u00eb k\u00ebto mallra eksporti fryt i ndonj\u00eb politike t\u00eb caktuar, q\u00eb ka p\u00ebr q\u00ebllim t\u00eb promovoj\u00eb resurset e ve\u00e7anta t\u00eb vendit, apo gjith\u00e7ka ka ardhur spontanisht, si produkt i p\u00ebrpjekjeve t\u00eb firmave dhe individ\u00ebve? Dhe m\u00eb tej, doja t\u00eb kuptoja a b\u00ebhet fjal\u00eb p\u00ebr prodhime q\u00eb priren t\u00eb krijojn\u00eb nj\u00eb tendenc\u00eb t\u00eb eksporteve komb\u00ebtare, apo p\u00ebr shkrepje t\u00eb rastit, stinore dhe rrethanore. K\u00ebto lloj lajmesh, kur jepen t\u00eb plota, t\u00eb besueshme dhe t\u00eb detajuara, jan\u00eb v\u00ebrtet\u00eb sihariqe. Jo vet\u00ebm p\u00ebr faktin se n\u00eb vend ka hyr\u00eb me shum\u00eb valut\u00eb e huaj dhe disa familje kan\u00eb p\u00ebrfituar nga kjo, por edhe p\u00ebr nj\u00eb arsye tjet\u00ebr me t\u00eb p\u00ebrgjithshme.<\/p>\n<p>N\u00eb koh\u00eb krizash q\u00ebllon q\u00eb ekonomia reale t\u00eb reagoj\u00eb me nj\u00eb sens gati-gati misterioz vet\u00ebveprues, duke \u00e7ar\u00eb n\u00eb shtigje q\u00eb nuk jan\u00eb parapar\u00eb nga kasandrat e ekonomis\u00eb dhe politik\u00ebs. Q\u00eb do t\u00eb thot\u00eb se artikujt q\u00eb kan\u00eb \u00e7uar n\u00eb nj\u00eb rritje aq t\u00eb madhe t\u00eb eksporteve shqiptare gjat\u00eb k\u00ebtyre shtat\u00eb muajve mund t\u00eb jen\u00eb jo vet\u00ebm burim pune dhe valute, por mund t\u00eb jen\u00eb edhe leksioni q\u00eb duhet t\u00eb marr\u00eb politika se ku duhet t\u00eb orientohet ekonomia p\u00ebr t&#8217;u b\u00ebr\u00eb kompetitive.<\/p>\n<p>E kot\u00eb shpresa ime p\u00ebr t\u00eb marr\u00eb n\u00eb media informacionin e m\u00ebsip\u00ebrm. Vet\u00ebm ndonj\u00eb e dh\u00ebn\u00eb e shk\u00ebputur p\u00ebr rritje 17 p\u00ebr qind t\u00eb eksportit t\u00eb mineraleve, pa specifikuar se \u00e7far\u00eb mineralesh dhe nga cila sip\u00ebrmarrje. Duket e \u00e7uditshme se si as kryeministri, as ministrit\u00eb nuk kujdesen t\u00eb &#8220;zb\u00ebrthejn\u00eb&#8221; lajmin sensacional t\u00eb rritjes 67 p\u00ebr qind. N\u00eb t\u00eb v\u00ebrtet\u00eb pa k\u00ebt\u00eb zb\u00ebrthim, shifra e rritjes duk\u00ebt m\u00eb shum\u00eb nj\u00eb tullumbace, se sa nj\u00eb tregues q\u00eb d\u00ebshmon nj\u00eb tendenc\u00eb t\u00eb rim\u00ebk\u00ebmbjes ekonomike. Dhe kjo mund t\u00eb jet\u00eb edhe arsyeja q\u00eb nuk zb\u00ebrthehet.<\/p>\n<p>P\u00ebr t\u00eb mos e ekspozuar hapur ndaj dyshimeve. P\u00ebr ta l\u00ebn\u00eb pezull: kush t\u00eb doj\u00eb le ta besoj\u00eb! Kush nuk do, t\u00eb mos e besoj\u00eb! Faktori psikologjik ka r\u00ebnd\u00ebsin\u00eb e vet dhe nganj\u00ebher\u00eb optimizmi i k\u00ebrkuar \u00ebsht\u00eb nj\u00eb kur\u00eb e mir\u00eb p\u00ebr t&#8217;i dh\u00ebn\u00eb zem\u00ebr biznesit. Por teprimi me optimiz\u00ebm, kapja me tendenc\u00eb pas shifrave dhe sukseseve pjesore apo r\u00ebnia n\u00eb propagand\u00eb \u00ebsht\u00eb nj\u00eb bumerang p\u00ebr ekonomin\u00eb.<\/p>\n<p>Faktori psikologjik apo, th\u00ebn\u00eb ndryshe, mbajtja e sip\u00ebrmarrjes me gajret, ka vler\u00eb kur bashkohet me nd\u00ebrhyrje t\u00eb tjera, me nxit\u00ebs ekonomik\u00eb dhe me paketa zhvillimi q\u00eb veprojn\u00eb n\u00eb harmoni si ingranazhet e t\u00eb nj\u00ebjtit mekaniz\u00ebm. Faktori psikologjik nuk punon n\u00eb t\u00eb that\u00eb. Kur punon n\u00eb t\u00eb that\u00eb, pra kur nuk shoq\u00ebrohet me masa konkrete antikriz\u00eb, ai b\u00ebhet qesharak dhe i d\u00ebmsh\u00ebm. Shqiptar\u00ebt e kan\u00eb ende t\u00eb fresk\u00ebt gj\u00ebegj\u00ebz\u00ebn q\u00eb thuhej shpesh andej k\u00ebndej n\u00ebn z\u00eb gjat\u00eb dekad\u00ebs s\u00eb fundit t\u00eb regjimit komunist.<\/p>\n<p>\u00c7&#8217;\u00ebsht\u00eb nj\u00eb gj\u00eb q\u00eb rritet e rritet e nuk shihet? &#8211; ishte pyetja. &#8220;Mir\u00ebqenia&#8221;, &#8211; ishte p\u00ebrgjigjja. Ajo rritej \u00e7do dit\u00eb n\u00eb pallatet e politik\u00ebs, por vet\u00ebm zvog\u00eblohej n\u00eb tryez\u00ebn e qytetarit dhe fshatarit shqiptar. Si p\u00ebr t\u00eb na freskuar m\u00eb tej kontrastin e thell\u00eb dhe tradicional midis arritjeve fiktive &#8220;madh\u00ebshtore&#8221; t\u00eb pallateve dhe varf\u00ebris\u00eb reale t\u00eb njer\u00ebzve, na ndihmon her\u00eb pas here emisioni &#8220;Histori me zhurmues&#8221; i nj\u00eb televizioni.<\/p>\n<p>Para pak dit\u00ebsh n\u00eb k\u00ebt\u00eb emision u transmetua nj\u00eb kronik\u00eb e koh\u00ebs s\u00eb tuf\u00ebzimit n\u00eb t\u00eb cil\u00ebn flitej me entuziaz\u00ebm dhe pompozitet t\u00eb madh p\u00ebr efektet e papara q\u00eb kishte krijuar tuf\u00ebzimi n\u00eb furnizimin me djatht\u00eb, qum\u00ebsht, mish dhe n\u00ebnprodukte t\u00eb tjera. Teksti ilustrohej me rr\u00ebshqitjen n\u00eb nj\u00eb transportier t\u00eb rrotullameve t\u00eb djathit, q\u00eb krijonin iden\u00eb e boll\u00ebkut. Kushdo q\u00eb e ka par\u00eb at\u00eb kronik\u00eb dhe q\u00eb e di se tuf\u00ebzimi ishte vrima e fundit n\u00eb rripin e popullit m\u00eb t\u00eb paushqyer t\u00eb kontinentit, nuk mund t\u00eb mos binte n\u00eb mendime. S\u00eb pari p\u00ebr t\u00eb rikujtuar s\u00ebrish se si kemi jetuar n\u00eb nj\u00eb mashtrim t\u00eb madh q\u00eb ishte b\u00ebr\u00eb gjendje dhe marr\u00ebzi pothuajse e p\u00ebrgjithshme.<\/p>\n<p>S\u00eb dyti, p\u00ebr t\u00eb kuptuar se krijimi i realiteteve fiktive n\u00eb lidhje me zhvillimin \u00ebsht\u00eb nj\u00eb s\u00ebmundje e vjet\u00ebr nga e cila politika shqiptare nuk ka shp\u00ebtuar dot as pasi ka par\u00eb shembjen e komunizmit, as pasi ka jetuar shembjen e modelit piramidal t\u00eb vitit 1996. Nuk \u00ebsht\u00eb rast\u00ebsi q\u00eb personat kryesor\u00eb q\u00eb japin &#8220;lajme shum\u00eb t\u00eb mira&#8221; p\u00ebr ekonomin\u00eb jan\u00eb ministrat dhe kryeministri, nd\u00ebrkoh\u00eb q\u00eb duhet t\u00eb k\u00ebrkosh me kandilin e Diogjenit p\u00ebr t\u00eb gjetur nj\u00eb firm\u00eb nd\u00ebrtuese, apo edhe prodhuese q\u00eb t\u00eb konfirmoj\u00eb me dor\u00eb n\u00eb zem\u00ebr k\u00ebto lajme.<\/p>\n<p>M\u00eb par\u00eb se sa t&#8217;i v\u00ebr\u00eb kapak kryeministri, do t\u00eb kishte qen\u00eb mir\u00eb q\u00eb p\u00ebr rritjen 67 p\u00ebr qind t\u00eb eksperteve t\u00eb kishin folur vet\u00eb operator\u00ebt. Aktualisht, edhe pse ka andej k\u00ebndej biznese q\u00eb ecin mir\u00eb, shumica d\u00ebrmuese e sip\u00ebrmarr\u00ebsve ankohen. Nj\u00eb pjes\u00eb kan\u00eb ngritur duart, nj\u00eb pjes\u00eb po kaurdisen me dhjamin e mbetur. Nj\u00eb pjes\u00eb tjet\u00ebr mbajn\u00eb hapin e ngadalsh\u00ebm n\u00eb pritje t\u00eb momentit t\u00eb p\u00ebrshtatsh\u00ebm p\u00ebr t&#8217;u rinisur. Sip\u00ebrmarr\u00ebsit shqiptar\u00eb kan\u00eb aq dije dhe kultur\u00eb sa ta din\u00eb se shkaqet e k\u00ebsaj gjendjeje jan\u00eb komplekse, me kontekst komb\u00ebtar e nd\u00ebrkomb\u00ebtar. Ata i k\u00ebrkojn\u00eb qeveris\u00eb t&#8217;i paguaj\u00eb p\u00ebr pun\u00ebt e porositura dhe t\u00eb p\u00ebrfunduara; i k\u00ebrkoj\u00eb t&#8217;i ndihmoj\u00eb p\u00ebr t\u00eb rimarr\u00eb veten me zgjidhje q\u00eb \u00e7do qeveri ka p\u00ebr detyr\u00eb t&#8217;i k\u00ebrkoj\u00eb.<\/p>\n<p>Opozita dhe publiku nga ana tjet\u00ebr k\u00ebrkojn\u00eb shpjegime serioze n\u00eb lidhje me pritshm\u00ebrin\u00eb e buxhetit t\u00eb ri n\u00eb drit\u00ebn e shkurtimeve t\u00eb m\u00ebdha t\u00eb buxhetit t\u00eb vjet\u00ebr. Si \u00ebsht\u00eb e mundur q\u00eb nj\u00eb buxhet i miratuar n\u00eb dhjetor korrigjohet me rreth 300 milion euro pes\u00eb muaj m\u00eb von\u00eb dhe nuk jepet asnj\u00eb shpjegim as p\u00ebr shkaqet, as p\u00ebr autor\u00ebt e gabimeve foshnjore n\u00eb planifikim??! Shqip\u00ebria \u00ebsht\u00eb vend i vog\u00ebl. Planifikimi i t\u00eb ardhurave t\u00eb buxhetit n\u00eb afat t\u00eb shkurt\u00ebr nuk k\u00ebrkon gjeni, por nuk duron as agjitator\u00eb q\u00eb t\u00eb b\u00ebjn\u00eb p\u00ebr budalla ama!<\/p>\n<p>Le t\u00eb mendojm\u00eb p\u00ebr nj\u00eb \u00e7ast se \u00e7do t\u00eb ndodhte po t\u00eb gabonin mjek\u00ebt na diagnostikim, si\u00e7 gabojn\u00eb zyrtar\u00ebt tan\u00eb n\u00eb planifikim. Kjo do t\u00eb thot\u00eb, m\u00eb e pakta, se k\u00ebta zyrtar\u00eb jan\u00eb tep\u00ebr larg profesionalizmit dhe akoma m\u00eb larg ekonomis\u00eb reale. Atyre u ka z\u00ebn\u00eb syt\u00eb korrupsioni, u ka trashur mendjen konformizmi dhe rehatia. Ata e shohin t\u00eb v\u00ebrtet\u00ebn vet\u00ebm kur nuk shohin parat\u00eb n\u00eb ark\u00eb. Por kjo \u00ebsht\u00eb shum\u00eb von\u00eb.<br \/>\nN\u00eb vend q\u00eb t\u00eb startoj\u00eb nga nj\u00eb analiz\u00eb e thell\u00eb e gjendjes, qeveria vazhdon me zakonin e vjet\u00ebr t\u00eb kapjes pas arritjeve t\u00eb pjesshme, t\u00eb arritjeve spontane apo t\u00eb arritjeve fiktive- e gjith\u00eb kjo p\u00ebr t\u00eb replikuar me opozit\u00ebn, gj\u00eb q\u00eb nuk ka vler\u00eb. Pak dit\u00eb m\u00eb par\u00eb kryeministri u duk me k\u00ebmb\u00ebt n\u00eb tok\u00eb kur foli p\u00ebr prodhimin e arrave, lajthive, g\u00ebshtenjave. Kjo \u00ebsht\u00eb rruga. Zhvillimi i resurseve q\u00eb ka vendi plus nj\u00eb politik\u00eb e re dhe efikase p\u00ebr koncesionet mund t\u00eb ishte nj\u00eb p\u00ebrgjigje p\u00ebr sot dhe p\u00ebr nes\u00ebr p\u00ebr ringritjen e ekonomis\u00eb.<\/p>\n<p>Por k\u00ebto shk\u00ebndijime shuhen dhe zhduken shpejt n\u00eb vorbull\u00ebn e propagand\u00ebs dhe vet\u00ebk\u00ebnaq\u00ebsis\u00eb. Propaganda dhe vet\u00ebk\u00ebnaq\u00ebsia japin tonin. \u00cbsht\u00eb nj\u00eb shenj\u00eb e keqe, nj\u00eb ogur i keq q\u00eb na kujton parabol\u00ebn e tre shok\u00ebve q\u00eb po pyesnin nj\u00ebri tjetrin p\u00ebr t\u00eb keqen m\u00eb t\u00eb madhe q\u00eb kishin jetuar. &#8220;E keqja m\u00eb e madhe nuk ka ardhur akoma&#8221;, tha i treti.<\/p>\n<p>&#8212;&#8212;&#8212;&#8212;-<\/p>\n<p><strong>E ardhmja varet nga aft\u00ebsia p\u00ebr t\u00eb dalluar t\u00eb v\u00ebrtet\u00ebn nga mashtrimi<\/strong><\/p>\n<p><strong>Armand Vin\u00e7ani<\/strong><\/p>\n<p>N\u00eb k\u00ebt\u00eb debat t\u00eb vlefsh\u00ebm do t\u00eb doja t\u00eb ndalesha n\u00eb dy aspekte, at\u00eb t\u00eb ideologjis\u00eb politike dhe transparenc\u00ebs s\u00eb sotme t\u00eb pushtetit.<br \/>\nIdeologjia politike. Kam pyetur shum\u00eb miq e shok\u00eb duke k\u00ebrkuar t\u00eb m\u00ebsoj se cila \u00ebsht\u00eb ideologjia politike q\u00eb sundon n\u00eb shoq\u00ebrin\u00eb shqiptare sot. N\u00eb m\u00eb t\u00eb shumt\u00ebn e rasteve kam marr\u00eb p\u00ebrgjigje t\u00eb zbehta ku p\u00ebrgjith\u00ebsisht identifikohet z\u00ebvend\u00ebsimi i ideologjis\u00eb s\u00eb m\u00ebparshme komuniste me at\u00eb kapitaliste, por pa elaboruar n\u00eb kontekstin e termit t\u00eb p\u00ebrdorur. Duke qen\u00eb se kuptimi filozofik i ideologjis\u00eb \u00ebsht\u00eb nj\u00eb koleksion idesh q\u00eb mund\u00ebson krijimin e nj\u00eb vizioni p\u00ebr t\u00eb ardhmen dhe orienton n\u00eb m\u00ebnyr\u00ebn se si do t\u00eb v\u00ebshtrosh n\u00eb dukurit\u00eb dhe proceset e jet\u00ebs shoq\u00ebrore natyrsh\u00ebm k\u00ebrkon t\u00eb gjesh se kush \u00ebsht\u00eb klasa dominante sot q\u00eb i propozon k\u00ebto ide tek t\u00eb gjith\u00eb an\u00ebtaret e shoq\u00ebris\u00eb.<\/p>\n<p>E v\u00ebrteta \u00ebsht\u00eb se n\u00eb 20 vitet e transformimit ideologjia politike \u00ebsht\u00eb par\u00eb si p\u00ebrplasje midis t\u00eb majt\u00ebs dhe t\u00eb djatht\u00ebs pa arritur asnj\u00ebher\u00eb t\u00eb ngrihet n\u00eb nivelin e nj\u00eb bashk\u00ebsie idesh, etikash, parimesh, doktrinash, apo simbolesh t\u00eb nj\u00eb l\u00ebvizjeje sociale, institucionesh, klase ose nj\u00eb grupi t\u00eb madh shoq\u00ebror q\u00eb do t\u00eb shpjegonte si duhet t\u00eb funksionoj\u00eb shoq\u00ebria shqiptare dhe ofronte skicime politike dhe kulturore p\u00ebr demokracin\u00eb t\u00eb cil\u00ebn e kemi zgjedhur si rendin ton\u00eb shoq\u00ebror.<\/p>\n<p>P\u00ebr 20 vjet rresht, ekzistenca e elitave t\u00eb reja q\u00eb prodhoi ndryshimi i regjimit n\u00eb vitet 90-t\u00eb \u00ebsht\u00eb b\u00ebr\u00eb e mundur vet\u00ebm n\u00eb saj\u00eb t\u00eb politikave konfliktuale q\u00eb kan\u00eb mbajtur ndezur edhe pjes\u00ebt m\u00eb t\u00eb polarizuara t\u00eb elektoratit duke luajtur nj\u00eb rol frenues n\u00eb civilizimin e shoq\u00ebris\u00eb. Nj\u00eb polarizim i till\u00eb \u00ebsht\u00eb thelluar edhe m\u00eb shum\u00eb sa her\u00eb q\u00eb marrja apo l\u00ebnia e pushtetit ka qen\u00eb n\u00eb rendin e dit\u00ebs. Ideologjia politike p\u00ebrgjith\u00ebsisht angazhohet n\u00eb p\u00ebrcaktimin e ndarjes s\u00eb pushtetit dhe si duhet t\u00eb p\u00ebrdoret ai.<br \/>\nN\u00eb Shqip\u00ebri ndodh e kund\u00ebrta &#8211; ideologjit\u00eb politike p\u00ebrpiqen p\u00ebr nj\u00eb radikaliz\u00ebm t\u00eb pushtetit e p\u00ebrqendrim t\u00eb tij n\u00eb duart e nj\u00eb individi t\u00eb vet\u00ebm. P\u00ebrpjekjet e sotme t\u00eb shumic\u00ebs dhe kryeministrit t\u00eb sot\u00ebm p\u00ebr t\u00eb v\u00ebn\u00eb n\u00eb var\u00ebsi de-facto institucionin e Presidentit, Sh\u00ebrbimin Informativ dhe at\u00eb t\u00eb Drejt\u00ebsis\u00eb me gjykatat dhe prokurorit\u00eb jan\u00eb shenja t\u00eb hapura t\u00eb nj\u00eb ideologjie uzurpative q\u00eb ka frenuar dhe do t\u00eb frenoj\u00eb edhe n\u00eb t\u00eb ardhmen demokratizimin e shoq\u00ebris\u00eb.<\/p>\n<p>Nj\u00eb ideologji politike q\u00eb k\u00ebrkon t\u00eb mbaj\u00eb ndezur ndarje klasore dhe shfaq hapur shenjat e luft\u00ebs s\u00eb klasave \u00ebsht\u00eb krejt e papajtueshme p\u00ebr parimet e demokracis\u00eb. P\u00ebr m\u00eb shum\u00eb akoma nj\u00eb luft\u00eb e till\u00eb udh\u00ebhiqet jo nga ata q\u00eb kan\u00eb vuajtur nga nj\u00eb ideologji e till\u00eb, por nga individ\u00eb q\u00eb n\u00eb karrierat e tyre kan\u00eb pasur implikime serioze n\u00eb sistemin e shkuar duke humbur moralin e duhur. Rreshtimi fizik dhe mendor n\u00eb radh\u00ebt e PD-s\u00eb nuk mund t\u00eb p\u00ebrbej\u00eb as alibi dhe as &#8220;larje gjynahesh&#8221; p\u00ebr ata q\u00eb komprometuan veten dje.<\/p>\n<p>Nj\u00eb primitiviz\u00ebm i till\u00eb n\u00eb konceptimin e ideologjis\u00eb politike i duhet vet\u00ebm atyre q\u00eb k\u00ebrkojn\u00eb t\u00eb mbijetojn\u00eb vet\u00eb duke p\u00ebrjashtuar t\u00eb tjer\u00ebt. P\u00ebr sa koh\u00eb ideologjia politike e shtetit nuk merr trajta t\u00eb ve\u00e7anta n\u00eb ideologjit\u00eb e partive nuk mund t\u00eb ket\u00eb konkurrenc\u00eb idesh dhe elektorati mbetet thjesht spektator pasiv i p\u00ebrfitimit t\u00eb vazhduesh\u00ebm t\u00eb elitave qe po shk\u00ebputen gjithnj\u00eb e m\u00eb shum\u00eb nga njer\u00ebzit e zakonsh\u00ebm. Me nj\u00eb ideologji politike t\u00eb ngritur p\u00ebr s\u00eb mbrapshti nuk mund t\u00eb ket\u00eb asnj\u00eb premis\u00eb p\u00ebr lul\u00ebzim t\u00eb ideologjive t\u00eb tjera.<\/p>\n<p>Transparenca e par\u00eb n\u00eb funksionin e saj t\u00eb dyfishte si koncept institucional dhe p\u00ebrb\u00ebr\u00ebse konceptuale e parimit t\u00eb demokracis\u00eb transparenca \u00ebsht\u00eb domosdoshm\u00ebri jetike p\u00ebr t\u00eb krijuar &#8220;tregun e lir\u00eb t\u00eb ideve&#8221;. N\u00ebse pranojm\u00eb se kemi nd\u00ebrtuar apo vazhdojm\u00eb t\u00eb nd\u00ebrtojm\u00eb nj\u00eb sistem demokratik duhet t\u00eb pranojm\u00eb edhe se qeveria ngrihet mbi baz\u00ebn e d\u00ebshir\u00ebs dhe vullnetit t\u00eb popullit.<\/p>\n<p>Qytetar\u00ebt e nj\u00eb vendi demokratik e din\u00eb mir\u00eb se demokracia varet nga mund\u00ebsit\u00eb p\u00ebr t\u00eb pasur njohjen m\u00eb t\u00eb gjer\u00eb t\u00eb mundshme t\u00eb ideve t\u00eb pacensuruara, t\u00eb t\u00eb dh\u00ebnave dhe opinioneve. Por n\u00ebse e drejta minimale e zgjedh\u00ebsve apo partive politike censurohet deri atje sa ato nuk munden t\u00eb verifikojn\u00eb num\u00ebrimin e votave t\u00eb tyre dhe kjo duke ngritur barriera artificiale, at\u00ebher\u00eb vet\u00eb sistemi demokratik \u00ebsht\u00eb i cunguar.<\/p>\n<p>P\u00ebr afro 14 muaj vendi ndodhet n\u00eb kriz\u00eb politike, pik\u00ebrisht p\u00ebr shkak t\u00eb munges\u00ebs s\u00eb transparenc\u00ebs dhe vullnetit t\u00eb pozit\u00ebs p\u00ebr t\u00eb mund\u00ebsuar leximin e vot\u00ebs n\u00eb zonat e kontestuara. Nuk mund t\u00eb ket\u00eb as kushtetut\u00eb, as ligj dhe as marr\u00ebveshje individ\u00ebsh q\u00eb mund t\u00eb bllokojn\u00eb k\u00ebt\u00eb proces. Koha e kaluar prej zgjedhjeve e deri m\u00eb tani tregon se ka munges\u00eb d\u00ebshir\u00eb p\u00ebr t\u00eb d\u00ebshmuar t\u00eb v\u00ebrtet\u00ebn e zgjedhjeve dhe d\u00ebshmitari i vet\u00ebm dhe m\u00eb i besuesh\u00ebm jan\u00eb vet\u00eb kutit\u00eb me materialet e tyre, t\u00eb cilat priten me padurim t\u00eb eliminohen e marrin me vete p\u00ebrmbajtjen e tyre.<\/p>\n<p>Por kjo munges\u00eb tolerance nga ana e pozit\u00ebs dhe kreut t\u00eb saj \u00ebsht\u00eb n\u00eb fakt nj\u00eb form\u00eb e dhun\u00ebs q\u00eb pengon seriozisht zhvillimin e demokracis\u00eb. Mund t\u00eb qeveris\u00ebsh edhe duke qen\u00eb n\u00eb minoranc\u00eb, por kjo \u00ebsht\u00eb e papranueshme p\u00ebr nj\u00eb rend demokratik q\u00eb ka n\u00eb baz\u00eb t\u00eb saj parimin e shumic\u00ebs. N\u00ebse pretendon t\u00eb jesh e till\u00eb duhet t\u00eb kesh kuraj\u00ebn e tregosh opinionit se ku mb\u00ebshtetet ajo. Sa m\u00eb shum\u00eb pushteti i shmanget transparenc\u00ebs aq m\u00eb shum\u00eb ndjehet nevoja e shtimit t\u00eb propagand\u00ebs. Kjo \u00ebsht\u00eb \u00e7far\u00eb po ndodh aktualisht n\u00eb Shqip\u00ebri.<\/p>\n<p>Pushteti i sot\u00ebm po tregohet shum\u00eb kok\u00ebfort\u00eb edhe p\u00ebrball\u00eb treguesve financiare q\u00eb masin performanc\u00ebn e ekonomis\u00eb son\u00eb. Shum\u00eb analiza e interpretim faktesh kan\u00eb treguar se gjendja ekonomike nuk \u00ebsht\u00eb si\u00e7 e paraqet qeveria e sotme. T\u00eb jesh transparent p\u00ebrpara publikut duke treguar hapur at\u00eb \u00e7ka \u00e7alon sot nuk do t\u00eb thot\u00eb se \u00ebsht\u00eb mohuar \u00e7do arritje q\u00eb duhet t\u00eb vler\u00ebsohet. P\u00ebrkundrazi, ajo do t\u00eb tregonte pjekuri dhe rriste besimin dhe autoritetin e qeveris\u00eb. Por n\u00ebse kjo e fundit i thot\u00eb opinionit se Shqip\u00ebria nuk e njohu dhe nuk u prek nga kriza ekonomike bot\u00ebrore duke u p\u00ebrpjekur t\u00eb rris\u00eb kredibilitetin e sa j t\u00eb cunguar kjo \u00ebsht\u00eb t\u00ebr\u00ebsisht mashtrim.<\/p>\n<p>\u00cbsht\u00eb mashtrim, sepse gjithkush e di mir\u00eb q\u00eb ekonomia e vendit ton\u00eb \u00ebsht\u00eb tejet e varur nga kapitali i huaj si dhe prurjet e emigrant\u00ebve. N\u00ebse nuk i shpjegon publikut se p\u00ebr ekonomin\u00eb shqiptare disa tregues financiare q\u00eb masin efektet e kriz\u00ebs n\u00eb vende t\u00eb ndryshme nuk jan\u00eb t\u00eb aplikuesh\u00ebm p\u00ebr vendin ton\u00eb q\u00eb ka nj\u00eb ekonomi jo formale at\u00ebher\u00eb p\u00ebrs\u00ebri q\u00ebllimi \u00ebsht\u00eb jo i sinqert\u00eb. N\u00ebse nuk i shpjegohet opinionit se duke mos qen\u00eb t\u00eb listuar n\u00eb bursat e m\u00ebdha t\u00eb bot\u00ebs me kompani t\u00eb vendit nuk ka se si luhatjet dhe r\u00ebniet e indekseve t\u00eb bursave t\u00eb t\u00eb prekin por i thuhet vet\u00ebm fakti jasht\u00eb kontekstit te realitetit ky p\u00ebrs\u00ebri \u00ebsht\u00eb mashtrim. P\u00ebrderisa qeveria i b\u00ebn propagand\u00eb pa kufi arritjeve ekonomike kur le n\u00eb &#8220;harres\u00eb&#8221; borxhin, deficitin e brendsh\u00ebm e t\u00eb jasht\u00ebm, r\u00ebnien e zhvillimit, rritjen e papun\u00ebsis\u00eb, nivelin e ul\u00ebt t\u00eb t\u00eb ardhurave p\u00ebr shumic\u00ebn e popullsis\u00eb etj., kjo do t\u00eb thot\u00eb se ajo po mb\u00ebrthehet keq nga ato faktor\u00eb q\u00eb me dashje i ka injoruar.<\/p>\n<p>T\u00eb shpall\u00ebsh si sukses t\u00eb madh mund\u00ebsin\u00eb e marrjes s\u00eb m\u00ebtejshme t\u00eb borxheve pa u shqet\u00ebsuar aspak p\u00ebr faktin se sa ka shkuar sot barra e tij p\u00ebr \u00e7do shqiptar do t\u00eb thot\u00eb t\u00eb mendosh vet\u00ebm p\u00ebr ekzistenc\u00ebn t\u00ebnde sot pa pyetur se \u00e7do te ndodh\u00eb me t\u00eb tjer\u00eb q\u00eb do vijn\u00eb pasnes\u00ebr. N\u00ebse qeveria jon\u00eb vepron k\u00ebshtu sot kjo \u00ebsht\u00eb e frikshme dhe na kujton se nuk duhet l\u00ebn\u00eb t\u00eb vazhdoj\u00eb me veprime t\u00eb pap\u00ebrgjegjshme dhe duhet detyruar t\u00eb njoh\u00eb llogarin\u00eb e saj. Por mekanizmi primar i p\u00ebrgjegj\u00ebsis\u00eb jan\u00eb pik\u00ebrisht zgjedhjet e lira dhe t\u00eb ndershme. At\u00ebher\u00eb shihet qart\u00eb se ngado t\u00eb rrotullohesh nuk gjen dot shteg p\u00ebr t\u00eb dale jasht\u00eb vorbull\u00ebs dhe ciklit t\u00eb mbyllur q\u00eb \u00ebsht\u00eb krijuar sot n\u00eb Shqip\u00ebri. Brenda k\u00ebtij cikli vepron sot mafia e korrupsionit dhe krimit ekonomik e ndihmuar nga pushteti.<\/p>\n<p>\u00c7do gj\u00eb \u00ebsht\u00eb e mbyllur brenda kornizave t\u00eb hekurta q\u00eb ka vendosur kjo form\u00eb e re diktature dhe kjo do v\u00ebshtir\u00ebsoj\u00eb zgjidhjet q\u00eb do ta fusnin vendin n\u00eb rrug\u00ebn e mbar\u00eb. Sot p\u00ebr sot kjo rrug\u00eb shihet e materializuar vet\u00ebm tek propaganda, por jo tek veprimet konkrete. Sa koh\u00eb do te duhet deri sa te mbyllet plot\u00ebsisht periudha e transformimeve t\u00eb pafund p\u00ebr shqiptar\u00ebt e kthimin e plot\u00eb t\u00eb t\u00eb drejtave t\u00eb tyre ekonomike e politike kjo do t\u00eb varet nga aft\u00ebsia jon\u00eb p\u00ebr t\u00eb dalluar t\u00eb v\u00ebrtet\u00ebn nga mashtrimi dhe g\u00ebnjeshtra. Dhe kjo do t\u00eb mund t\u00eb mbruhet at\u00ebher\u00eb kur ideologjia politike dhe transparenca e saj shihen t\u00eb lidhura pandashm\u00ebrisht me nj\u00ebra-tjetr\u00ebn.<\/p>\n<p>&#8212;&#8212;&#8212;-<\/p>\n<p><strong>&#8216;Berisha, nj\u00eb fiasko. Opozita duhet urgjentisht t\u00eb shpall\u00eb nj\u00eb program&#8217;<\/strong><\/p>\n<p><strong>Genc Burimi<br \/>\n<\/strong><\/p>\n<p>Edhe n\u00eb demokracit\u00eb m\u00eb t\u00eb konsoliduara \u00ebsht\u00eb gjithnj\u00eb delikate t\u00eb jap\u00ebsh parashikime p\u00ebr evolucionet afatmesme. Personi q\u00eb u gabua m\u00eb r\u00ebnd\u00eb dhe q\u00eb nuk e pa kriz\u00ebn bot\u00ebrore t\u00eb vinte, ishte pik\u00ebrisht ai, t\u00eb cilit Amerika i besonte verb\u00ebrisht, Alen Grinspan, ish-presidenti i Rezerv\u00ebs Federale. N\u00eb Shqip\u00ebri ku zgjedhjet kontestohen rregullisht dhe statistikat ekonomike nuk inspirojn\u00eb besim, prognoza e t\u00eb ardhmes \u00ebsht\u00eb thuajse mision i pamundur.<\/p>\n<p>P\u00ebr t\u00eb m\u00ebsuar mbi t\u00eb ardhmen, rruga m\u00eb e mir\u00eb mbetet t\u00eb pyes\u00ebsh t\u00eb kaluar\u00ebn. P\u00ebrvoja e t\u00eb tjer\u00ebve, por dhe e jona, na m\u00ebson se kurr\u00eb nj\u00eb parti nuk vjen n\u00eb pushtet n\u00ebse retorika e saj meshon vet\u00ebm mbi kritikat. Sikur kritikat do t\u00eb mjaftonin t\u00eb sillnin opozitat n\u00eb pushtet, af\u00ebrmendsh sot n\u00eb Europ\u00eb dhe m\u00eb gjer\u00eb duhet t\u00eb sundonin ekstremet e djathta.<\/p>\n<p>Nj\u00eb parti q\u00eb ka vokacion t\u00eb ushtroj\u00eb pushtet dallohet nga ekstremet qaramane dhe grindavece se p\u00ebrve\u00e7 grushtit n\u00eb tavolin\u00eb p\u00ebrplas dhe alternativa serioze. M\u00eb kujtohet, kisha nj\u00eb bised\u00eb t\u00eb tille me 2004 me nj\u00eb eksponent ekonomie t\u00eb PD-s\u00eb asaj kohe n\u00eb opozite. Ai nuk e kuptonte p\u00ebrse populli nuk e rrezonte Nanon q\u00eb ishte b\u00ebr\u00eb i paduruesh\u00ebm n\u00eb t\u00eb gjitha drejtimet dhe t&#8217;i jepte dhe nj\u00eb her\u00eb shansin opozit\u00ebs. Por dhe populli, i thash\u00eb, mbase nuk e kupton se si pretendoni ju p\u00ebr pushtet kur programin e keni t\u00eb kufizuar n\u00eb dy fjal\u00eb \u00abNano ik\u00bb. Kur e fshin sht\u00ebpin\u00eb me rr\u00ebnj\u00eb, duhet t\u00eb kesh disa ide minimale, sesi do ta mobilosh.<\/p>\n<p>Berisha i fjalorit t\u00eb \u00abrrusp\u00ebs\u00bb ndryshoi p\u00ebr zgjedhjet e 2005-\u00ebs, me nj\u00eb program t\u00eb besuesh\u00ebm qeveris\u00ebs. Premtoi drita dhe uj\u00eb pa nd\u00ebrprerje n\u00eb t\u00eb gjith\u00eb vendin dhe q\u00eb n\u00eb vitin e par\u00eb n\u00eb zonat turistike. Premtoi t\u00eb shtypte mafien, e t\u00eb fuste n\u00eb ark\u00ebn e shtetit 700 milion\u00eb euro evazion fiskal. Premtoi se vendin do ta drejtonte me ekspert\u00eb, e jo me \u00abverior\u00eb\u00bb, i famshmi KOP, nj\u00eb grup intelektual\u00ebsh t\u00eb cil\u00ebt i vuri n\u00eb pun\u00eb p\u00ebr t&#8217;i shkruar programin q\u00eb i dha pushtetin. Sot opozita mund t\u00eb qesh\u00eb dhe populli t\u00eb qaj\u00eb se premtimet nuk u mbajt\u00ebn dhe se ujku vet\u00ebm qimen nd\u00ebrroi. Por ajo \u00ebsht\u00eb naive.<\/p>\n<p>Kjo \u00ebsht\u00eb rruga, me pak kritika e m\u00eb shum\u00eb premtime, me shum\u00eb alternativa. Sarkozy, Berluskoni, Obama, p\u00ebr t\u00eb p\u00ebrmendur vet\u00ebm ata nuk qen\u00eb m\u00eb t\u00eb zot\u00eb n\u00eb vepra, por n\u00eb premtime. Sot shumica e italian\u00ebve dhe francez\u00ebve po t&#8217;u besosh sondazheve jan\u00eb fare t\u00eb pak\u00ebnaqur me pushtetin, por \u00e7udit\u00ebrisht nuk e duan m\u00eb shum\u00eb opozit\u00ebn pasi gjykojn\u00eb se ajo nuk do t&#8217;ju sjell\u00eb m\u00eb shum\u00eb bereqet. Edhe n\u00eb ShBA, sado zhg\u00ebnjyes t\u00eb tregohet Obama, ai do t\u00eb p\u00ebrfitoj\u00eb nga amullia e republikan\u00ebve q\u00eb nuk kan\u00eb m\u00eb alternativ\u00eb p\u00ebr t\u00eb ardhmen pas diskreditimit t\u00eb liberalizmit financiar.<\/p>\n<p>Pushteti merret pra vet\u00ebm me alternativa, p\u00ebrndryshe Berisha do t\u00eb kishte q\u00ebndruar dhe shume vite t\u00eb tjera n\u00eb opozit\u00eb. Mendoj se topi \u00ebsht\u00eb tani n\u00eb krahun e opozit\u00ebs aktuale. \u00cbsht\u00eb e pabesueshme kur d\u00ebgjon eksponent\u00eb t\u00eb PS-s\u00eb t\u00eb tregojn\u00eb jasht\u00eb mikrofonave se alternativat i kan\u00eb, por nuk i tregojn\u00eb se jua kopjon mazhoranca. N\u00ebse t\u00eb gjith\u00eb n\u00eb PS mendojn\u00eb k\u00ebshtu, at\u00ebher\u00eb kjo \u00ebsht\u00eb opozita me budallaqe n\u00eb bot\u00eb.<\/p>\n<p>Q\u00ebllimi i politik\u00ebs nuk duhet t\u00eb jet\u00eb rikthimi n\u00eb pushtet dhe rip\u00ebrt\u00ebritja brenda llojit t\u00eb saj, por mir\u00ebqenia kolektive. N\u00ebse e kan\u00eb \u00ab formul\u00ebn \u00bb le ta thon\u00eb. Koha nuk pret m\u00eb. Jo vet\u00ebm p\u00ebr zgjedhje t\u00eb parakohshme, q\u00eb nuk e besoj n\u00eb asnj\u00eb \u00e7ast se mund t\u00eb ndodhin, pasi hapet nj\u00eb kuti pandore q\u00eb mund t&#8217;i bjer\u00eb vet\u00eb asaj n\u00eb kok\u00eb kur t\u00eb jet\u00eb n\u00eb pushtet, por dhe p\u00ebr zgjedhjet e rregullta t\u00eb 2013-\u00ebs, opozita \u00ebsht\u00eb me vones\u00eb n\u00eb planin e propozimeve. Q\u00eb<\/p>\n<p>Shqip\u00ebria t\u00eb dal\u00eb nga kriza, duhet q\u00eb nj\u00eb klas\u00eb t\u00eb paguaj\u00eb me shum\u00eb se t\u00eb tjer\u00ebt. Taksa e shesht\u00eb e Berish\u00ebs, \u00ebsht\u00eb nj\u00eb fiasko. T\u00eb gjith\u00eb jemi d\u00ebshmitar\u00eb se sado t&#8217;ia ulesh taksen mbi fitimin sip\u00ebrmarr\u00ebsve, ata nuk do t\u00eb b\u00ebhen m\u00eb t\u00eb ndersh\u00ebm dhe do t\u00eb paguajn\u00eb si\u00e7 duhet kuotizacionet sociale q\u00eb sot nj\u00eb pjes\u00eb e tyre i fshehin. At\u00ebher\u00eb si do ta zgjidhe PS-ja skem\u00ebn e deficitit t\u00eb pensioneve e t\u00eb sigurimeve shoq\u00ebrore? Edhe borxhi q\u00eb po thellohet, nj\u00eb klase do paguaj\u00eb, kush do t\u00eb jet\u00eb ajo, si, sa? PS-ja nuk mund t\u00eb vazhdoj\u00eb t\u00eb b\u00ebj\u00eb m\u00eb gjat\u00eb politik\u00ebn e strucit p\u00ebr k\u00ebto \u00e7\u00ebshtje kapitale q\u00eb formojn\u00eb kolon\u00ebn vertebrale t\u00eb nj\u00eb programi politik. Nj\u00eb parti politike p\u00ebrfaq\u00ebson nj\u00eb shtres\u00eb elektor\u00ebsh. K\u00eb p\u00ebrfaq\u00ebson sot opozita dhe \u00e7far\u00eb i premton ajo asaj?<br \/>\nSigurisht q\u00eb kjo nuk do t\u00eb thot\u00eb se opozita nuk ka shanse serioze p\u00ebr t&#8217;i fituar zgjedhjet lokale. Edhe k\u00ebt\u00eb, \u00ebsht\u00eb p\u00ebrvoja q\u00eb na e thot\u00eb; i nj\u00ebjti fat u qeshi dhe opozitave n\u00eb Gjermani, Franc\u00eb e Itali. Zgjedhjet lokale, opinioni publik i p\u00ebrdor p\u00ebrgjith\u00ebsisht si zgjidhje, me t\u00eb cilat ai d\u00ebnon nj\u00eb politik\u00eb, i p\u00ebrdor si mesazh p\u00ebr pushtetin q\u00eb t\u00eb ket\u00eb kujdes. Nd\u00ebrsa n\u00eb zgjedhjet legjislative, elektorati shkon jo p\u00ebr t\u00eb d\u00ebnuar, por p\u00ebr t\u00eb nd\u00ebrtuar nj\u00eb t\u00eb ardhme, p\u00ebr t\u00eb b\u00ebr\u00eb nj\u00eb p\u00ebrzgjedhje n\u00eb nj\u00eb sasi programesh q\u00eb i ofrohen nga partit\u00eb politike.<\/p>\n<p>Kur kjo ofert\u00eb mungon, p\u00ebrvoja tregon se elektorati ka tendenc\u00eb t\u00eb rip\u00ebrcjell\u00eb n\u00eb pushtet mazhoranc\u00ebn e radh\u00ebs. Opozit\u00ebs i nevojitet nj\u00eb elektroshok programor, mund\u00ebsisht i majt\u00eb&#8230; dhe mazhoranc\u00ebs i duhet nj\u00eb horizont p\u00ebrtej heqjes s\u00eb vizave shengen. Shum\u00eb shqiptar\u00eb nuk kan\u00eb \u00e7&#8217;t\u00eb paguajn\u00eb p\u00ebr faturat jetike si korenti, uji e gazi, dhe \u00ebsht\u00eb nj\u00eb fyerje t&#8217;u premtosh udh\u00ebtime pa viza, sikur t\u00eb ishin udh\u00ebtime falas.<\/p>\n<p>&#8212;&#8212;&#8212;&#8212;&#8212;<\/p>\n<p><strong>&#8220;Rrezikojm\u00eb t\u00eb mos kemi zgjedhje vendore ose moslegjtim t\u00eb tyre&#8221;<\/strong><\/p>\n<p><strong>Igli Totozani<\/strong><\/p>\n<p>N\u00eb p\u00ebrgjith\u00ebsi t\u00eb parashikosh nuk \u00ebsht\u00eb nj\u00eb gj\u00eb e thjesht\u00eb. Aq m\u00eb tep\u00ebr \u00ebsht\u00eb e v\u00ebshtir\u00eb kur b\u00ebhet fjal\u00eb p\u00ebr parashikime q\u00eb kan\u00eb t\u00eb b\u00ebjn\u00eb me fenomene apo dukuri me natyr\u00eb sociale. \u00cbsht\u00eb si t\u00eb thuash, nj\u00eb ekuacion me shum\u00eb t\u00eb panjohura. N\u00eb \u00e7do rast, n\u00ebse evolucioni i nj\u00eb dukurie apo fenomeni objekt shqyrtimi do t\u00eb ish i bazuar n\u00eb disa parime apo norma rregullues edhe mund t&#8217;ia lejonim vetes t\u00eb parashikonim. N\u00eb t\u00eb kund\u00ebrt, mbetet nj\u00eb nd\u00ebrmarrje e pamundur.<\/p>\n<p>Nj\u00eb e till\u00eb, \u00ebsht\u00eb p\u00ebr mua edhe parashikimi i t\u00eb ardhmes politike t\u00eb Shqip\u00ebris\u00eb. Mbi \u00e7&#8217;ligje apo parime zhvillohet ajo? Mbi kushtetutshm\u00ebrin\u00eb, mbi meritokracin\u00eb, mbi pluralizmin e v\u00ebrtet\u00eb etj., etj?. T\u00eb gjith\u00eb e dim\u00eb q\u00eb nuk ndodh k\u00ebshtu dhe k\u00ebto parime diku edhe t\u00eb sanksionuar n\u00eb kushtetut\u00eb apo ligje nuk sh\u00ebrbejn\u00eb p\u00ebr rregullimin e jet\u00ebs politike n\u00eb Shqip\u00ebri.<\/p>\n<p>N\u00eb p\u00ebrgjith\u00ebsi, jeta politike n\u00eb vendin ton\u00eb l\u00ebviz dhe zhvillohet mbi nj\u00eb objektiv t\u00eb vet\u00ebm: marrjen ose mbajtjen e pushtetit. Ky q\u00ebllim mbetet i pandryshuar dhe deri diku \u00ebsht\u00eb normale. Ve\u00e7se pjesa tjet\u00ebr, pra m\u00ebnyrat dhe mjetet p\u00ebr ta realizuar k\u00ebt\u00eb variojn\u00eb shum\u00eb duke kap\u00ebrcyer shpesh \u00e7do kufizim kushtetues apo moral. Nj\u00eb jet\u00eb politike q\u00eb zhvillohet k\u00ebshtu nuk t\u00eb krijon kushte p\u00ebr parashikime t\u00eb s\u00eb ardhmes s\u00eb saj. Megjithat\u00eb disa supozime t\u00eb p\u00ebrgjithshme edhe mund t\u00eb b\u00ebhen duke u nisur nga p\u00ebrvoja e deritanishme. Mendoj se kriza do t\u00eb vazhdoj\u00eb. Vullneti dhe forca e opozit\u00ebs p\u00ebr t\u00eb k\u00ebrkuar rinum\u00ebrimin e flet\u00ebve t\u00eb votimit mund t\u00eb l\u00ebkundet ve\u00e7se nga ndikimi i komunitetit nd\u00ebrkomb\u00ebtar.<\/p>\n<p>Q\u00ebndrimi i k\u00ebtij t\u00eb fundit nuk e besoj se do t\u00eb ndryshoj\u00eb pra, transparenc\u00eb sipas kushtetut\u00ebs. Kjo sigurisht, do t\u00eb vazhdoj\u00eb t\u00eb p\u00ebrkthehet dhe interpretohet ndryshe nga pal\u00ebt. N\u00eb fakt, nuk duhet t\u00eb jen\u00eb pal\u00ebt q\u00eb ta b\u00ebjn\u00eb nj\u00eb interpretim t\u00eb till\u00eb. Gjykata Kushtetuese aktualisht \u00ebsht\u00eb e bllokuar sepse ajo ka sot ve\u00e7se pes\u00eb gjyqtar n\u00eb gjirin e saj kur dihet se p\u00ebr gjykim duhen t\u00eb pakt\u00ebn gjasht\u00eb. Kjo gjendje mund t\u00eb vazhdoj\u00eb gjat\u00eb. E vetmja mund\u00ebsi mbetet Komisioni i Venecias, opinionin e t\u00eb cilit, n\u00eb kushtet e mohimit nga shumica mbetet ta k\u00ebrkoj\u00eb Presidenti i Republik\u00ebs. Nd\u00ebrhyrja e k\u00ebtij t\u00eb fundit do ta zgjidhte kriz\u00ebn. Por kjo ka pak gjasa t\u00eb ndodh\u00eb p\u00ebr munges\u00eb vullneti nga ana e tij.<\/p>\n<p>N\u00eb k\u00ebto kushte:<br \/>\n\u2022 T\u00eb q\u00ebndrimit t\u00eb pal\u00ebkundur t\u00eb opozit\u00ebs p\u00ebr ti shkuar deri n\u00eb fund transparenc\u00ebs s\u00eb zgjedhjeve t\u00eb kaluara,<br \/>\n\u2022 T\u00eb q\u00ebndrimit, po aq t\u00eb pal\u00ebkundur t\u00eb shumic\u00ebs p\u00ebr t\u00eb mos ndodhur kjo,<br \/>\n\u2022 T\u00eb bllokimit t\u00eb Gjykat\u00ebs Kushtetuese,<br \/>\n\u2022 T\u00eb munges\u00ebs s\u00eb vullnetit t\u00eb Presidentit p\u00ebr t&#8217;iu drejtuar Komisionit t\u00eb Venecias<br \/>\n\u2022 T\u00eb vazhdimit t\u00eb presionit nd\u00ebrkomb\u00ebtar n\u00eb t\u00eb nj\u00ebjtat linja, transparenc\u00eb dhe kushtetutshm\u00ebri<br \/>\n\u2022 T\u00eb mos votimit n\u00eb parlament t\u00eb asnj\u00eb reforme pra dhe at\u00eb elektorale..<\/p>\n<p>..ne rrezikojm\u00eb mos zhvillimin e zgjedhjeve vendore ose n\u00eb rastin m\u00eb t\u00eb mir\u00eb t\u00eb mos legjitimimit t\u00eb rezultatit t\u00eb tyre. N\u00eb k\u00ebto kushte, mendoj se Shqip\u00ebria, n\u00eb muajt q\u00eb vijn\u00eb do ti drejtohet zgjedhjeve t\u00eb parakohshme. S&#8217;ka asgj\u00eb p\u00ebr t&#8217;u \u00e7uditur: n\u00eb kushte t\u00eb tilla edhe nj\u00eb shumic\u00eb e fuqishme do t&#8217;i drejtohej elektoratit, le pastaj nj\u00eb shumic\u00eb e panatyrshme si kjo q\u00eb drejton sot vendin.<\/p>\n<p>Sa p\u00ebr ekonomin\u00eb, mendoj se n\u00eb k\u00ebto kushte, nuk duhen pritur zhvillime pozitive ekonomike. P\u00ebrkundrazi. Ky do t\u00eb ishte pak a shum\u00eb parashikimi im. Por sigurisht, ai duhet marr\u00eb me rezerva. Sepse nuk duhet t\u00eb harrojm\u00eb: jemi n\u00eb Shqip\u00ebri, pra n\u00eb vendin ku \u00e7do gj\u00eb \u00ebsht\u00eb e mundshme.<\/p>\n","protected":false},"excerpt":{"rendered":"<p>Shekulli Online, 06.08.2010 FORUM\/ N\u00eb k\u00ebt\u00eb forum analitik, 4 nga bashk\u00ebpun\u00ebtor\u00ebt m\u00eb t\u00eb ngusht\u00eb t\u00eb Shekullit, jan\u00eb ftuar nga drejtori i gazet\u00ebs Adrian Thano t\u00eb japin mendimet e tyre rreth nj\u00eb pyetjeje t\u00eb p\u00ebrbashk\u00ebt: &#8220;\u00c7far\u00eb do t\u00eb ndodh sipas jush? Si e shihni t\u00eb ardhmen e vendit, p\u00ebrfshir\u00eb k\u00ebtu faktor\u00eb si kriza e transparenc\u00ebs dhe [&hellip;]<\/p>\n","protected":false},"author":1,"featured_media":0,"comment_status":"open","ping_status":"closed","sticky":false,"template":"","format":"standard","meta":{"footnotes":""},"categories":[2],"tags":[],"class_list":{"0":"post-3657","1":"post","2":"type-post","3":"status-publish","4":"format-standard","6":"category-artikuj"},"yoast_head":"<!-- This site is optimized with the Yoast SEO plugin v27.4 - https:\/\/yoast.com\/product\/yoast-seo-wordpress\/ -->\n<title>\u00c7far\u00eb do t\u00eb ndodh\u00eb me kriz\u00ebn - FjALA e LIR\u00cb - Arkivi<\/title>\n<meta name=\"robots\" content=\"index, follow, max-snippet:-1, max-image-preview:large, max-video-preview:-1\" \/>\n<link rel=\"canonical\" href=\"https:\/\/fjala.info\/2009-2015\/cfare-do-te-ndodhe-me-krizen\/\" \/>\n<meta property=\"og:locale\" content=\"sq_AL\" \/>\n<meta property=\"og:type\" content=\"article\" \/>\n<meta property=\"og:title\" content=\"\u00c7far\u00eb do t\u00eb ndodh\u00eb me kriz\u00ebn - FjALA e LIR\u00cb - Arkivi\" \/>\n<meta property=\"og:description\" content=\"Shekulli Online, 06.08.2010 FORUM\/ N\u00eb k\u00ebt\u00eb forum analitik, 4 nga bashk\u00ebpun\u00ebtor\u00ebt m\u00eb t\u00eb ngusht\u00eb t\u00eb Shekullit, jan\u00eb ftuar nga drejtori i gazet\u00ebs Adrian Thano t\u00eb japin mendimet e tyre rreth nj\u00eb pyetjeje t\u00eb p\u00ebrbashk\u00ebt: &#8220;\u00c7far\u00eb do t\u00eb ndodh sipas jush? Si e shihni t\u00eb ardhmen e vendit, p\u00ebrfshir\u00eb k\u00ebtu faktor\u00eb si kriza e transparenc\u00ebs dhe [&hellip;]\" \/>\n<meta property=\"og:url\" content=\"https:\/\/fjala.info\/2009-2015\/cfare-do-te-ndodhe-me-krizen\/\" \/>\n<meta property=\"og:site_name\" content=\"FjALA e LIR\u00cb - Arkivi\" \/>\n<meta property=\"article:published_time\" content=\"2010-08-06T21:42:40+00:00\" \/>\n<meta property=\"og:image\" content=\"http:\/\/www.shkoder.net\/images\/fjala\/prec_zogaj.jpg\" \/>\n<meta name=\"author\" content=\"admin\" \/>\n<meta name=\"twitter:card\" content=\"summary_large_image\" \/>\n<meta name=\"twitter:label1\" content=\"Written by\" \/>\n\t<meta name=\"twitter:data1\" content=\"admin\" \/>\n\t<meta name=\"twitter:label2\" content=\"Est. reading time\" \/>\n\t<meta name=\"twitter:data2\" content=\"24 minutes\" \/>\n<script type=\"application\/ld+json\" class=\"yoast-schema-graph\">{\"@context\":\"https:\\\/\\\/schema.org\",\"@graph\":[{\"@type\":\"Article\",\"@id\":\"https:\\\/\\\/fjala.info\\\/2009-2015\\\/cfare-do-te-ndodhe-me-krizen\\\/#article\",\"isPartOf\":{\"@id\":\"https:\\\/\\\/fjala.info\\\/2009-2015\\\/cfare-do-te-ndodhe-me-krizen\\\/\"},\"author\":{\"name\":\"admin\",\"@id\":\"https:\\\/\\\/fjala.info\\\/2009-2015\\\/#\\\/schema\\\/person\\\/3aa1163ef05469c496fc94e77611ada2\"},\"headline\":\"\u00c7far\u00eb do t\u00eb ndodh\u00eb me kriz\u00ebn\",\"datePublished\":\"2010-08-06T21:42:40+00:00\",\"mainEntityOfPage\":{\"@id\":\"https:\\\/\\\/fjala.info\\\/2009-2015\\\/cfare-do-te-ndodhe-me-krizen\\\/\"},\"wordCount\":4920,\"commentCount\":0,\"publisher\":{\"@id\":\"https:\\\/\\\/fjala.info\\\/2009-2015\\\/#organization\"},\"image\":{\"@id\":\"https:\\\/\\\/fjala.info\\\/2009-2015\\\/cfare-do-te-ndodhe-me-krizen\\\/#primaryimage\"},\"thumbnailUrl\":\"http:\\\/\\\/www.shkoder.net\\\/images\\\/fjala\\\/prec_zogaj.jpg\",\"articleSection\":[\"Artikuj\"],\"inLanguage\":\"sq-AL\",\"potentialAction\":[{\"@type\":\"CommentAction\",\"name\":\"Comment\",\"target\":[\"https:\\\/\\\/fjala.info\\\/2009-2015\\\/cfare-do-te-ndodhe-me-krizen\\\/#respond\"]}]},{\"@type\":\"WebPage\",\"@id\":\"https:\\\/\\\/fjala.info\\\/2009-2015\\\/cfare-do-te-ndodhe-me-krizen\\\/\",\"url\":\"https:\\\/\\\/fjala.info\\\/2009-2015\\\/cfare-do-te-ndodhe-me-krizen\\\/\",\"name\":\"\u00c7far\u00eb do t\u00eb ndodh\u00eb me kriz\u00ebn - FjALA e LIR\u00cb - Arkivi\",\"isPartOf\":{\"@id\":\"https:\\\/\\\/fjala.info\\\/2009-2015\\\/#website\"},\"primaryImageOfPage\":{\"@id\":\"https:\\\/\\\/fjala.info\\\/2009-2015\\\/cfare-do-te-ndodhe-me-krizen\\\/#primaryimage\"},\"image\":{\"@id\":\"https:\\\/\\\/fjala.info\\\/2009-2015\\\/cfare-do-te-ndodhe-me-krizen\\\/#primaryimage\"},\"thumbnailUrl\":\"http:\\\/\\\/www.shkoder.net\\\/images\\\/fjala\\\/prec_zogaj.jpg\",\"datePublished\":\"2010-08-06T21:42:40+00:00\",\"breadcrumb\":{\"@id\":\"https:\\\/\\\/fjala.info\\\/2009-2015\\\/cfare-do-te-ndodhe-me-krizen\\\/#breadcrumb\"},\"inLanguage\":\"sq-AL\",\"potentialAction\":[{\"@type\":\"ReadAction\",\"target\":[\"https:\\\/\\\/fjala.info\\\/2009-2015\\\/cfare-do-te-ndodhe-me-krizen\\\/\"]}]},{\"@type\":\"ImageObject\",\"inLanguage\":\"sq-AL\",\"@id\":\"https:\\\/\\\/fjala.info\\\/2009-2015\\\/cfare-do-te-ndodhe-me-krizen\\\/#primaryimage\",\"url\":\"http:\\\/\\\/www.shkoder.net\\\/images\\\/fjala\\\/prec_zogaj.jpg\",\"contentUrl\":\"http:\\\/\\\/www.shkoder.net\\\/images\\\/fjala\\\/prec_zogaj.jpg\"},{\"@type\":\"BreadcrumbList\",\"@id\":\"https:\\\/\\\/fjala.info\\\/2009-2015\\\/cfare-do-te-ndodhe-me-krizen\\\/#breadcrumb\",\"itemListElement\":[{\"@type\":\"ListItem\",\"position\":1,\"name\":\"Home\",\"item\":\"https:\\\/\\\/fjala.info\\\/2009-2015\\\/\"},{\"@type\":\"ListItem\",\"position\":2,\"name\":\"\u00c7far\u00eb do t\u00eb ndodh\u00eb me kriz\u00ebn\"}]},{\"@type\":\"WebSite\",\"@id\":\"https:\\\/\\\/fjala.info\\\/2009-2015\\\/#website\",\"url\":\"https:\\\/\\\/fjala.info\\\/2009-2015\\\/\",\"name\":\"FjALA e LIR\u00cb - Arkivi\",\"description\":\"Arkivi 2009-2015\",\"publisher\":{\"@id\":\"https:\\\/\\\/fjala.info\\\/2009-2015\\\/#organization\"},\"potentialAction\":[{\"@type\":\"SearchAction\",\"target\":{\"@type\":\"EntryPoint\",\"urlTemplate\":\"https:\\\/\\\/fjala.info\\\/2009-2015\\\/?s={search_term_string}\"},\"query-input\":{\"@type\":\"PropertyValueSpecification\",\"valueRequired\":true,\"valueName\":\"search_term_string\"}}],\"inLanguage\":\"sq-AL\"},{\"@type\":\"Organization\",\"@id\":\"https:\\\/\\\/fjala.info\\\/2009-2015\\\/#organization\",\"name\":\"FjALA e LIR\u00cb - Arkivi\",\"url\":\"https:\\\/\\\/fjala.info\\\/2009-2015\\\/\",\"logo\":{\"@type\":\"ImageObject\",\"inLanguage\":\"sq-AL\",\"@id\":\"https:\\\/\\\/fjala.info\\\/2009-2015\\\/#\\\/schema\\\/logo\\\/image\\\/\",\"url\":\"\",\"contentUrl\":\"\",\"caption\":\"FjALA e LIR\u00cb - Arkivi\"},\"image\":{\"@id\":\"https:\\\/\\\/fjala.info\\\/2009-2015\\\/#\\\/schema\\\/logo\\\/image\\\/\"}},{\"@type\":\"Person\",\"@id\":\"https:\\\/\\\/fjala.info\\\/2009-2015\\\/#\\\/schema\\\/person\\\/3aa1163ef05469c496fc94e77611ada2\",\"name\":\"admin\",\"image\":{\"@type\":\"ImageObject\",\"inLanguage\":\"sq-AL\",\"@id\":\"https:\\\/\\\/fjala.info\\\/2009-2015\\\/wp-content\\\/uploads\\\/2012\\\/02\\\/arben_cokaj-120x150.jpg\",\"url\":\"https:\\\/\\\/fjala.info\\\/2009-2015\\\/wp-content\\\/uploads\\\/2012\\\/02\\\/arben_cokaj-120x150.jpg\",\"contentUrl\":\"https:\\\/\\\/fjala.info\\\/2009-2015\\\/wp-content\\\/uploads\\\/2012\\\/02\\\/arben_cokaj-120x150.jpg\",\"caption\":\"admin\"},\"description\":\"Admin, Fjala e Lir\u00eb\",\"sameAs\":[\"https:\\\/\\\/fjala.info\\\/\"],\"url\":\"https:\\\/\\\/fjala.info\\\/2009-2015\\\/author\\\/admin\\\/\"}]}<\/script>\n<!-- \/ Yoast SEO plugin. -->","yoast_head_json":{"title":"\u00c7far\u00eb do t\u00eb ndodh\u00eb me kriz\u00ebn - FjALA e LIR\u00cb - Arkivi","robots":{"index":"index","follow":"follow","max-snippet":"max-snippet:-1","max-image-preview":"max-image-preview:large","max-video-preview":"max-video-preview:-1"},"canonical":"https:\/\/fjala.info\/2009-2015\/cfare-do-te-ndodhe-me-krizen\/","og_locale":"sq_AL","og_type":"article","og_title":"\u00c7far\u00eb do t\u00eb ndodh\u00eb me kriz\u00ebn - FjALA e LIR\u00cb - Arkivi","og_description":"Shekulli Online, 06.08.2010 FORUM\/ N\u00eb k\u00ebt\u00eb forum analitik, 4 nga bashk\u00ebpun\u00ebtor\u00ebt m\u00eb t\u00eb ngusht\u00eb t\u00eb Shekullit, jan\u00eb ftuar nga drejtori i gazet\u00ebs Adrian Thano t\u00eb japin mendimet e tyre rreth nj\u00eb pyetjeje t\u00eb p\u00ebrbashk\u00ebt: &#8220;\u00c7far\u00eb do t\u00eb ndodh sipas jush? Si e shihni t\u00eb ardhmen e vendit, p\u00ebrfshir\u00eb k\u00ebtu faktor\u00eb si kriza e transparenc\u00ebs dhe [&hellip;]","og_url":"https:\/\/fjala.info\/2009-2015\/cfare-do-te-ndodhe-me-krizen\/","og_site_name":"FjALA e LIR\u00cb - Arkivi","article_published_time":"2010-08-06T21:42:40+00:00","og_image":[{"url":"http:\/\/www.shkoder.net\/images\/fjala\/prec_zogaj.jpg","type":"","width":"","height":""}],"author":"admin","twitter_card":"summary_large_image","twitter_misc":{"Written by":"admin","Est. reading time":"24 minutes"},"schema":{"@context":"https:\/\/schema.org","@graph":[{"@type":"Article","@id":"https:\/\/fjala.info\/2009-2015\/cfare-do-te-ndodhe-me-krizen\/#article","isPartOf":{"@id":"https:\/\/fjala.info\/2009-2015\/cfare-do-te-ndodhe-me-krizen\/"},"author":{"name":"admin","@id":"https:\/\/fjala.info\/2009-2015\/#\/schema\/person\/3aa1163ef05469c496fc94e77611ada2"},"headline":"\u00c7far\u00eb do t\u00eb ndodh\u00eb me kriz\u00ebn","datePublished":"2010-08-06T21:42:40+00:00","mainEntityOfPage":{"@id":"https:\/\/fjala.info\/2009-2015\/cfare-do-te-ndodhe-me-krizen\/"},"wordCount":4920,"commentCount":0,"publisher":{"@id":"https:\/\/fjala.info\/2009-2015\/#organization"},"image":{"@id":"https:\/\/fjala.info\/2009-2015\/cfare-do-te-ndodhe-me-krizen\/#primaryimage"},"thumbnailUrl":"http:\/\/www.shkoder.net\/images\/fjala\/prec_zogaj.jpg","articleSection":["Artikuj"],"inLanguage":"sq-AL","potentialAction":[{"@type":"CommentAction","name":"Comment","target":["https:\/\/fjala.info\/2009-2015\/cfare-do-te-ndodhe-me-krizen\/#respond"]}]},{"@type":"WebPage","@id":"https:\/\/fjala.info\/2009-2015\/cfare-do-te-ndodhe-me-krizen\/","url":"https:\/\/fjala.info\/2009-2015\/cfare-do-te-ndodhe-me-krizen\/","name":"\u00c7far\u00eb do t\u00eb ndodh\u00eb me kriz\u00ebn - FjALA e LIR\u00cb - Arkivi","isPartOf":{"@id":"https:\/\/fjala.info\/2009-2015\/#website"},"primaryImageOfPage":{"@id":"https:\/\/fjala.info\/2009-2015\/cfare-do-te-ndodhe-me-krizen\/#primaryimage"},"image":{"@id":"https:\/\/fjala.info\/2009-2015\/cfare-do-te-ndodhe-me-krizen\/#primaryimage"},"thumbnailUrl":"http:\/\/www.shkoder.net\/images\/fjala\/prec_zogaj.jpg","datePublished":"2010-08-06T21:42:40+00:00","breadcrumb":{"@id":"https:\/\/fjala.info\/2009-2015\/cfare-do-te-ndodhe-me-krizen\/#breadcrumb"},"inLanguage":"sq-AL","potentialAction":[{"@type":"ReadAction","target":["https:\/\/fjala.info\/2009-2015\/cfare-do-te-ndodhe-me-krizen\/"]}]},{"@type":"ImageObject","inLanguage":"sq-AL","@id":"https:\/\/fjala.info\/2009-2015\/cfare-do-te-ndodhe-me-krizen\/#primaryimage","url":"http:\/\/www.shkoder.net\/images\/fjala\/prec_zogaj.jpg","contentUrl":"http:\/\/www.shkoder.net\/images\/fjala\/prec_zogaj.jpg"},{"@type":"BreadcrumbList","@id":"https:\/\/fjala.info\/2009-2015\/cfare-do-te-ndodhe-me-krizen\/#breadcrumb","itemListElement":[{"@type":"ListItem","position":1,"name":"Home","item":"https:\/\/fjala.info\/2009-2015\/"},{"@type":"ListItem","position":2,"name":"\u00c7far\u00eb do t\u00eb ndodh\u00eb me kriz\u00ebn"}]},{"@type":"WebSite","@id":"https:\/\/fjala.info\/2009-2015\/#website","url":"https:\/\/fjala.info\/2009-2015\/","name":"FjALA e LIR\u00cb - Arkivi","description":"Arkivi 2009-2015","publisher":{"@id":"https:\/\/fjala.info\/2009-2015\/#organization"},"potentialAction":[{"@type":"SearchAction","target":{"@type":"EntryPoint","urlTemplate":"https:\/\/fjala.info\/2009-2015\/?s={search_term_string}"},"query-input":{"@type":"PropertyValueSpecification","valueRequired":true,"valueName":"search_term_string"}}],"inLanguage":"sq-AL"},{"@type":"Organization","@id":"https:\/\/fjala.info\/2009-2015\/#organization","name":"FjALA e LIR\u00cb - Arkivi","url":"https:\/\/fjala.info\/2009-2015\/","logo":{"@type":"ImageObject","inLanguage":"sq-AL","@id":"https:\/\/fjala.info\/2009-2015\/#\/schema\/logo\/image\/","url":"","contentUrl":"","caption":"FjALA e LIR\u00cb - Arkivi"},"image":{"@id":"https:\/\/fjala.info\/2009-2015\/#\/schema\/logo\/image\/"}},{"@type":"Person","@id":"https:\/\/fjala.info\/2009-2015\/#\/schema\/person\/3aa1163ef05469c496fc94e77611ada2","name":"admin","image":{"@type":"ImageObject","inLanguage":"sq-AL","@id":"https:\/\/fjala.info\/2009-2015\/wp-content\/uploads\/2012\/02\/arben_cokaj-120x150.jpg","url":"https:\/\/fjala.info\/2009-2015\/wp-content\/uploads\/2012\/02\/arben_cokaj-120x150.jpg","contentUrl":"https:\/\/fjala.info\/2009-2015\/wp-content\/uploads\/2012\/02\/arben_cokaj-120x150.jpg","caption":"admin"},"description":"Admin, Fjala e Lir\u00eb","sameAs":["https:\/\/fjala.info\/"],"url":"https:\/\/fjala.info\/2009-2015\/author\/admin\/"}]}},"_links":{"self":[{"href":"https:\/\/fjala.info\/2009-2015\/wp-json\/wp\/v2\/posts\/3657","targetHints":{"allow":["GET"]}}],"collection":[{"href":"https:\/\/fjala.info\/2009-2015\/wp-json\/wp\/v2\/posts"}],"about":[{"href":"https:\/\/fjala.info\/2009-2015\/wp-json\/wp\/v2\/types\/post"}],"author":[{"embeddable":true,"href":"https:\/\/fjala.info\/2009-2015\/wp-json\/wp\/v2\/users\/1"}],"replies":[{"embeddable":true,"href":"https:\/\/fjala.info\/2009-2015\/wp-json\/wp\/v2\/comments?post=3657"}],"version-history":[{"count":0,"href":"https:\/\/fjala.info\/2009-2015\/wp-json\/wp\/v2\/posts\/3657\/revisions"}],"wp:attachment":[{"href":"https:\/\/fjala.info\/2009-2015\/wp-json\/wp\/v2\/media?parent=3657"}],"wp:term":[{"taxonomy":"category","embeddable":true,"href":"https:\/\/fjala.info\/2009-2015\/wp-json\/wp\/v2\/categories?post=3657"},{"taxonomy":"post_tag","embeddable":true,"href":"https:\/\/fjala.info\/2009-2015\/wp-json\/wp\/v2\/tags?post=3657"}],"curies":[{"name":"wp","href":"https:\/\/api.w.org\/{rel}","templated":true}]}}