{"id":3644,"date":"2010-08-05T06:10:11","date_gmt":"2010-08-05T05:10:11","guid":{"rendered":"http:\/\/fjala.shkoder.net\/?p=3644"},"modified":"2010-08-05T06:10:11","modified_gmt":"2010-08-05T05:10:11","slug":"pertej-mentalitetit-primitiv","status":"publish","type":"post","link":"https:\/\/fjala.info\/2009-2015\/pertej-mentalitetit-primitiv\/","title":{"rendered":"P\u00ebrtej mentalitetit primitiv"},"content":{"rendered":"<p><img decoding=\"async\" style=\"margin-left: 10px; margin-right: 10px; border: 0px;\" title=\"Bledar H. Prifti\" src=\"http:\/\/www.shkoder.net\/images\/fjala\/bledar_prifti.jpg\" border=\"0\" alt=\"\" width=\"150\" align=\"right\" \/><\/p>\n<p><strong>Bledar H. Prifti<\/strong>, <em>04.08.2010<\/em><\/p>\n<p>A e pranoni faktin se Sali Berisha erdhi n\u00eb pushtet n\u00eb 2009-\u00ebn nga votat e deputet\u00ebve t\u00eb LSI-s\u00eb? A e pranoni faktin se Berisha mbahet n\u00eb pushtet po nga votat e LSI-s\u00eb? A e pranoni faktin se asgj\u00eb nuk mund t\u00eb b\u00ebhet nga kjo qeveri pa miratimin e Ilir Met\u00ebs, Dritan Priftit dhe LSI?<\/p>\n<p>A e pranoni faktin q\u00eb Sali Berisha nuk mund t\u00eb nd\u00ebrmarr\u00eb asnj\u00eb iniciativ\u00eb ligjore apo politike pa miratimin e LSI-s\u00eb? A e pranoni faktin se (mos)aprovimi i ligjit p\u00ebr SHISH varet nga q\u00ebndrimi i LSI-s\u00eb?<\/p>\n<p>A e pranoni faktin se rasti i ndryshimeve n\u00eb SHISH tregon se kjo qeveri dhe \u00e7do produkt i saj politik, ekonomik, apo social nuk mund t\u00eb b\u00ebhen apo mbijetojn\u00eb dot pa miratimin e LSI-s\u00eb?<\/p>\n<p>Besoj se p\u00ebr t\u00eb gjitha pyetjet, mbar\u00eb opinioni publik do t\u00eb jepte p\u00ebrgjigjen &#8220;PO!&#8221;. Kjo nuk do shum\u00eb sofistikim politik p\u00ebr t&#8217;u kuptuar, pasi nj\u00eb veprim i thjesht matematik dhe deklaratat politike nga aktor\u00ebt kryesor\u00eb t\u00eb qeveris\u00eb v\u00ebrtetojn\u00eb nj\u00eb p\u00ebrgjigje t\u00eb till\u00eb.<\/p>\n<p>N\u00eb emisionin &#8220;Top Story&#8221; t\u00eb para disa dit\u00ebve, deputeti i LSI dhe nj\u00ebkoh\u00ebsisht n\u00ebnkryetari i Parlamentit, Z. Nasip Na\u00e7o, deklaroi se q\u00ebllimi primar i lidershipit socialist pas zgjedhjeve t\u00eb 28 qershorit ishte q\u00eb t\u00eb largonte Sali Berish\u00ebn nga pushteti, &#8220;duke e ftuar LSI-n\u00eb t\u00eb bashkonte votat me PS-n\u00eb&#8221;.<\/p>\n<p>Por, k\u00ebt\u00eb gj\u00eb &#8220;ne nuk e pranuam&#8221;, theksoi Na\u00e7o, dhe preferuam nj\u00eb koalicion me Berish\u00ebn kryeminist\u00ebr &#8220;p\u00ebr t\u00eb pasur nj\u00eb stabilitet ekonomik, p\u00ebr t\u00eb pasur stabilitet politik, p\u00ebr t&#8217;i sh\u00ebrbyer integrimit t\u00eb vendit&#8221;. Na\u00e7o, ashtu si edhe deklaratat e nj\u00ebpasnj\u00ebshme zyrtare t\u00eb LSI, e konsideroi tejet t\u00eb suksessh\u00ebm bashk\u00ebpunimin e LSI-s\u00eb me PD-n\u00eb dhe Berish\u00ebn.<\/p>\n<p>Gjithashtu, jo m\u00eb larg se para dy dit\u00ebsh, n\u00eb nj\u00eb konferenc\u00eb p\u00ebr shtyp, LSI akuzoi Partin\u00eb Socialiste (PS) se po p\u00ebrhapte &#8220;panik&#8221; n\u00eb popull n\u00eb lidhje me gjendjen ekonomike t\u00eb vendit, deklarat\u00eb e cila vjen pas dhjet\u00ebra deklaratash q\u00eb e akuzojn\u00eb Partin\u00eb Socialiste edhe p\u00ebr &#8220;panik&#8221; p\u00ebr gjendjen politike n\u00eb vend.<\/p>\n<p>P\u00ebr m\u00eb shum\u00eb, vler\u00ebsimi i n\u00ebnkryetarit t\u00eb Parlamentit, z. Na\u00e7o, p\u00ebr performanc\u00ebn e legjislativit dhe t\u00eb Kryetares Topalli i afrohej cakut t\u00eb adhurimit kur ai e vler\u00ebsonte p\u00ebrformanc\u00ebn e Kryetares me nota maksimale, duke e konsideruar performanc\u00ebn e legjislativit shum\u00eb produktive dhe t\u00eb mbar\u00eb p\u00ebr demokracin\u00eb shqiptare (Na\u00e7os nuk i kujtohet Ilir Meta q\u00eb i v\u00ebrsulej Topallit si Don Kishoti mullinjve t\u00eb er\u00ebs).<\/p>\n<p>Nga ana tjet\u00ebr, deklaratat e nj\u00ebpasnj\u00ebshme t\u00eb LSI-s\u00eb na b\u00ebjn\u00eb t\u00eb besojm\u00eb se edhe vler\u00ebsimi i zv.kryeministrit Meta p\u00ebr performanc\u00ebn e eprorit t\u00eb tij, Kryeministrit Berisha, dhe homolog\u00ebve t\u00eb tij, Basha dhe Mediu, duhet t\u00eb jet\u00eb me superlativa duke i p\u00ebrg\u00ebzuar k\u00ebta t\u00eb fundit p\u00ebr performanc\u00eb t\u00eb shk\u00eblqyer n\u00eb drejtimin e qeveris\u00eb aktuale, dhe, mbase, edhe asaj t\u00eb m\u00ebparshme.<\/p>\n<p>Por, n\u00eb jet\u00ebn e p\u00ebrditshme dhe nga analist\u00eb t\u00eb ndrysh\u00ebm d\u00ebgjojm\u00eb dhe lexojm\u00eb t\u00eb flasin p\u00ebr nj\u00eb qeverisje q\u00eb nuk para ndryshon shum\u00eb nga qeverisja e Berish\u00ebs q\u00eb prej &#8217;96-\u00ebs. K\u00ebta analist\u00eb, me t\u00eb drejt\u00eb, flasin kund\u00ebr qeverive apo regjimeve q\u00eb ka nd\u00ebrtuar Sali Berisha q\u00eb nga viti 1996 e deri m\u00eb tani.<\/p>\n<p>Flasin p\u00ebr t\u00eb keqen e madhe q\u00eb ka pllakosur politik\u00ebn dhe shoq\u00ebrin\u00eb shqiptare n\u00ebn diktatin e kryeministrit Berisha. Flasin p\u00ebr monopole dhe klane q\u00eb kan\u00eb uzurpuar dhe po uzurpojn\u00eb ekonomin\u00eb.<\/p>\n<p>Gjithashtu, ata flasin p\u00ebr tendencat grabitqare q\u00eb ka Berisha p\u00ebr t\u00eb vendosur n\u00ebn hyq\u00ebm t\u00eb gjitha institucionet e pavarura, sidomos gjykatat, SHISH, dhe Presidentin. P\u00ebr m\u00eb shum\u00eb, ata flasin p\u00ebr tragjedit\u00eb dhe G\u00ebrdecat q\u00eb Berisha i ka shkaktuar dhe po i shkakton shoq\u00ebris\u00eb, ekonomis\u00eb dhe demokracis\u00eb son\u00eb.<\/p>\n<p>Me pak fjal\u00eb, ata flasin p\u00ebr gjith\u00e7ka t\u00eb keqe q\u00eb ka lidhje me t\u00eb qenit e Berish\u00ebs kryeminist\u00ebr. Sipas asaj q\u00eb fjalosin k\u00ebta analist\u00eb, duket se ata pretendojn\u00eb se e vetmja zgjidhje p\u00ebr ta shp\u00ebtuar shtetin, ekonomin\u00eb dhe demokracin\u00eb shqiptare do t\u00eb ishte largimi i Sali Berish\u00ebs nga posti i kryeministrit dhe ndalimi i metodave Berishiane t\u00eb qeverisjes.<\/p>\n<p>Fatkeq\u00ebsisht, sot e k\u00ebsaj dite, vendi yn\u00eb drejtohet akoma nga kryeministri Sali Berisha p\u00ebrmes metodave q\u00eb tashm\u00eb dihen q\u00eb jan\u00eb &#8220;pasioni&#8221; i tij. Por, n\u00ebse dje ai ishte i vet\u00ebm n\u00eb qeverisjen &#8220;alla-berishjane, sot ai ka me vete edhe Met\u00ebn dhe LSI-n\u00eb.<\/p>\n<p>E v\u00ebrteta \u00ebsht\u00eb se Berish\u00ebn e njohim t\u00eb gjith\u00eb, pa p\u00ebrjashtim. Berisha asnj\u00ebher\u00eb nuk ka qeverisur ndryshe dhe asnj\u00ebher\u00eb nuk e ka marr\u00eb apo mbajtur pushtetin p\u00ebrmes kredos dhe kuotave t\u00eb tij politike.<\/p>\n<p>N\u00eb vitin 2005, ai erdhi n\u00eb pushte fal diversionit dhe \u00e7arjes politike t\u00eb s\u00eb majt\u00ebs dhe largimit t\u00eb Met\u00ebs dhe LSI-s\u00eb nga e majta socialiste. Kurse n\u00eb vitin 2009, Berisha e rimori p\u00ebrs\u00ebri pushtetin fal diversionit t\u00eb promovuar brenda s\u00eb majt\u00ebs, maskarad\u00ebs zgjedhore &#8220;alla-berishiane&#8221; t\u00eb 28 qershorit, dhe pazarit me LSI-n\u00eb.<\/p>\n<p>Ndaj, nuk mund t\u00eb k\u00ebrkohet shum\u00eb nga Berisha, jo sepse nuk \u00ebsht\u00eb e drejt\u00eb t\u00eb k\u00ebrkohet, por, sepse nuk ka asnj\u00eb gjas\u00eb q\u00eb k\u00ebrkesat t\u00eb ken\u00eb ndonj\u00eb impakt real n\u00eb politik\u00eb dhe qeverisje.<\/p>\n<p>Shum\u00eb nga ju do t\u00eb pyesnin: &#8220;At\u00ebher\u00eb i kujt \u00ebsht\u00eb faji q\u00eb ne kemi sot e k\u00ebsaj dite nj\u00eb qeverisje &#8220;alla-berishiane&#8221; si ajo e &#8217;96-\u00ebs?&#8221;<\/p>\n<p>Normalisht dhe logjikisht, p\u00ebrve\u00e7 faj\u00ebsimit t\u00eb Berish\u00ebs, t\u00eb gjith\u00eb do t\u00eb mendonim se realisht faji p\u00ebr k\u00ebt\u00eb &#8220;surpriz\u00eb t\u00eb pak\u00ebndshme&#8221; do t&#8217;i atribuohej Met\u00ebs dhe LSI-s\u00eb, t\u00eb cil\u00ebt soll\u00ebn, po mbajn\u00eb dhe po i sh\u00ebrbejn\u00eb p\u00ebrmes pazarll\u00ebqeve qeverisjes &#8220;alla-berishiane&#8221;.<\/p>\n<p>Por, \u00e7udit\u00ebrisht, sipas disa analist\u00ebve dhe mediave, fajin p\u00ebr k\u00ebt\u00eb qeverisje t\u00eb mbrapsht\u00eb na e paska opozita socialiste. Dhe ky deklarim na sjell nd\u00ebr m\u00ebnd nj\u00eb gj\u00ebegj\u00ebz\u00eb t\u00eb shk\u00ebputur nga humorist\u00ebt e famsh\u00ebm vlonjat\u00eb dhe nj\u00eb ske\u00e7 nga humorist\u00ebt po aq t\u00eb famsh\u00ebm fierak\u00eb.<\/p>\n<p>T\u00eb par\u00ebt hedhin gj\u00ebegj\u00ebz\u00ebn: &#8220;Doktor, k\u00ebtu kemi nj\u00eb mullar me bar\u00eb. Na vjen nj\u00eb lop\u00eb dhe nj\u00eb gomar\u00eb. Kush e h\u00ebngri barin i pari, lopa apo gomari?&#8221; Dhe p\u00ebrgjigjja &#8220;e sakt\u00eb&#8221; \u00ebsht\u00eb &#8220;Delja!&#8221; e fshehur pas mullarit.<\/p>\n<p>Nga ana tjet\u00ebr, humorist\u00ebt fierak\u00eb vajtojn\u00eb vjedhjen e lop\u00ebs s\u00eb Canes, duke faj\u00ebsuar Canen se nuk kishte mbyllur mir\u00eb kasollen, se flinte si i vdekur nat\u00ebn dhe se nuk mbante nj\u00eb qen p\u00ebr t\u00eb ruajtur lop\u00ebn nat\u00ebn. Por, nd\u00ebrsa t\u00eb gjith\u00eb u fokusuan tek &#8220;fajet&#8221; e Canes, asnj\u00eb nga miqt\u00eb dhe shok\u00ebt nuk faj\u00ebsoi hajdutin p\u00ebr lop\u00ebn e vjedhur.<\/p>\n<p>T\u00eb dyja k\u00ebto pjes\u00eb humori na tregojn\u00eb realitetin e diskursit politik sot n\u00eb media nga disa analist\u00eb. Akuzohet opozita se nuk arriti t\u00eb mbronte votat e 28 qershorit, edhe pse n\u00eb nj\u00eb vend demokratik votat jan\u00eb t\u00eb mbrojtura nga ligji dhe jo nga grupime paramilitare tipike n\u00eb xhunglave Afrikane.<\/p>\n<p>Akuzohet opozita se hartoi nj\u00eb kod Zgjedhor q\u00eb i sh\u00ebrbente Berish\u00ebs, edhe pse injorohet fakti se me kodin e vjet\u00ebr n\u00eb zgjedhjet e 2005-\u00ebs Berisha fitoi shum\u00eb m\u00eb thell\u00eb se n\u00eb 2009-\u00ebn me kodin e ri Elektoral.<\/p>\n<p>Akuzohet opozita se me ndryshimet kushtetuese ajo reduktoi fuqin\u00eb e Presidentit, fuqi e cila mund t\u00eb p\u00ebrdorej (Nj\u00eb Zot e di se si!) si presion\/mjet p\u00ebr largimin e Berish\u00ebs, edhe pse Kushtetuta e vjet\u00ebr d\u00ebshtoi q\u00eb ta p\u00ebrdorte zgjedhjen e Presidentit si mjet p\u00ebr t\u00eb larguar Berish\u00ebn.<\/p>\n<p>Akuzohet opozita se nuk pranoi t\u00eb b\u00ebnte koalicion me Met\u00ebn dhe LSI-n\u00eb, edhe pse nj\u00eb koalicion i till\u00eb ishte i pamundur p\u00ebr shkak t\u00eb ambicies dhe &#8220;uris\u00eb&#8221; s\u00eb tejskajshme t\u00eb Ilir Met\u00ebs p\u00ebr t&#8217;u b\u00ebr\u00eb kryeminist\u00ebr i vendit dhe lider i s\u00eb majt\u00ebs. Kjo ishte edhe arsyeja se p\u00ebrse Meta, Prifti dhe LSI nuk e kishin p\u00ebr gj\u00eb q\u00eb t\u00eb shk\u00ebputeshin nga PS n\u00eb 2004-\u00ebn dhe t\u00eb shkaktonin humbjen n\u00eb zgjedhjet e vitit 2005.<\/p>\n<p>Akuzohet opozita se nuk reagoi fuqish\u00ebm dje kund\u00ebr Berish\u00ebs pas tragjedis\u00eb s\u00eb G\u00ebrdecit, edhe pse t\u00eb gjitha gjasat do t\u00eb ishin q\u00eb shum\u00eb intelektual\u00eb dhe analist\u00eb do t&#8217;i cil\u00ebsonin protesta e opozit\u00ebs si nj\u00eb shfryt\u00ebzim t\u00eb fatkeq\u00ebsis\u00eb njer\u00ebzore p\u00ebr p\u00ebrfitime politike.<\/p>\n<p>Ky hamend\u00ebsim u v\u00ebrtetua plot\u00ebsisht gjat\u00eb bojkotit, protestave dhe grev\u00ebs p\u00ebr vot\u00ebn e lir\u00eb dhe transparenc\u00ebn e zgjedhjeve t\u00eb 28 qershorit kur shum\u00eb nga k\u00ebta analist\u00eb deklaronin se ishin p\u00ebr transparenc\u00eb, por nuk i mb\u00ebshtesnin protestat e opozit\u00ebs p\u00ebr shkak se ato b\u00ebhen p\u00ebr arsye pushtetit.<\/p>\n<p>Me k\u00ebta analist\u00eb dhe intelektual\u00eb t\u00eb z\u00eb belaja e proverb\u00ebs &#8220;\u00e7far\u00eb uji i ke dh\u00ebn\u00eb gomarit, t\u00eb ftoht\u00eb apo t\u00eb ngroht\u00eb?&#8221; Ndaj mund t\u00eb themi pa frik\u00eb, se si fatkeq\u00ebsia e G\u00ebrdecit dhe maskarada e zgjedhjeve t\u00eb 28 qershorit nuk nxor\u00ebn n\u00eb drit\u00eb paaft\u00ebsin\u00eb dhe kuraj\u00ebn e opozit\u00ebs, por paaft\u00ebsin\u00eb e analist\u00ebve, mediave dhe gjith\u00eb intelektual\u00ebve p\u00ebr t\u00eb mbrojtur interesat e shoq\u00ebris\u00eb Shqiptare nga qeverisjet &#8220;alla-berishiane&#8221;.<\/p>\n<p>Fuqia dhe apeli i 100 politikan\u00ebve t\u00eb opozit\u00ebs as nuk mund t\u00eb krahasohen me fuqin\u00eb dhe apelin e 300,000 intelektual\u00ebve shqiptar\u00eb.<\/p>\n<p>Me sulmet kund\u00ebr opozit\u00ebs, media, analist\u00ebt dhe klasa intelektuale k\u00ebrkojn\u00eb t\u00eb mbulojn\u00eb d\u00ebshtimin e tyre t\u00eb radh\u00ebs. Edi Rama dhe opozita mbar\u00ebpopullore kan\u00eb d\u00ebshmuar se ata kan\u00eb v\u00ebn\u00eb edhe jet\u00ebn e tyre n\u00eb rrezik p\u00ebr t\u00eb rr\u00ebzuar regjimet dhe qeverit\u00eb &#8220;alla-berishiane&#8221;.<\/p>\n<p>N\u00eb 1996-\u00ebn, Edi Rama u la p\u00ebr t\u00eb vdekur n\u00eb kanale nga forcat speciale t\u00eb Berish\u00ebs dhe mij\u00ebra socialist\u00eb t\u00eb tjer\u00eb u masakruan dhe u internuan vet\u00ebm e vet\u00ebm se nuk mund t\u00eb pranonin nj\u00eb qeverisje &#8220;alla-berishiane&#8221; si ajo e &#8217;96-\u00ebs.<\/p>\n<p>P\u00ebr m\u00eb shum\u00eb, akuzohet opozita se p\u00ebrmes bojkotit po anashkalon institucionin e parlamentit, edhe pse parlamenti \u00ebsht\u00eb shnd\u00ebrruar n\u00eb nj\u00eb teat\u00ebr kukullash q\u00eb p\u00ebrdoret p\u00ebr t\u00eb arg\u00ebtuar dhe plot\u00ebsuar epshet e kryeministrit Berisha dhe adjutantit t\u00eb tij Meta.<\/p>\n<p>Akuzohet opozita p\u00ebr \u00e7do gj\u00eb q\u00eb nuk u p\u00eblqen k\u00ebtyre syresh, por askush nga k\u00ebta nuk arrin ta kuptoj\u00eb se mbrojtja e s\u00eb drejt\u00ebs kushtetuese q\u00ebndron n\u00eb maj\u00ebn e hierarkis\u00eb s\u00eb nevoj\u00ebs demokratike. Nuk mund t&#8217;i k\u00ebrkosh viktim\u00ebs t\u00eb gjykohet nga xhelati apo institucionet q\u00eb kontrollohen nga ky xhelat.<\/p>\n<p>Ndjej keqardhje p\u00ebr k\u00ebdo q\u00eb nuk arrin t\u00eb kuptoj\u00eb kaq gj\u00eb t\u00eb thjesht\u00eb dhe q\u00eb merret me sofizma dhe sentimentalizma q\u00eb nuk kan\u00eb asnj\u00eb lidhje me vendin dhe situat\u00ebn, n\u00eb t\u00eb cil\u00ebn ndodhet demokracia Shqiptare.<\/p>\n<p>Ashtu si me &#8220;lop\u00ebn e Canes&#8221; dhe gj\u00ebegj\u00ebz\u00ebn e mullarit, lop\u00ebs dhe gomarit, edhe n\u00eb rastin ton\u00eb asnj\u00ebri nuk merret me shkaktarin e v\u00ebrtet, hajdutin, apo me at\u00eb q\u00eb e ndihmoi hajdutin t\u00eb vjedh\u00eb m\u00ebhall\u00ebn.<\/p>\n<p>N\u00ebse sot ne kemi nj\u00eb qeverisje hajdut\u00ebsh, kusar\u00ebsh, bastard\u00ebsh dhe t\u00eb paaft\u00ebsh, kjo \u00ebsht\u00eb p\u00ebrgjegj\u00ebsi kryesore e Berish\u00ebs e Met\u00ebs. Opozita dhe populli jan\u00eb thjesht\u00eb viktimat e k\u00ebsaj martese apo \u00e7orbe politike q\u00eb ka krijuar nj\u00eb qeverisje djall\u00ebzore dhe t\u00eb paaft\u00eb.<\/p>\n<p>Por, meqen\u00ebse Berisha nuk g\u00ebzon dhe nuk ka g\u00ebzuar ndonj\u00ebher\u00eb vlera, moral, kredo, dhe mb\u00ebshtetje politike popullore, dhe duke qen\u00eb i pandryshuesh\u00ebm n\u00eb metodat e tij qeveris\u00ebse, t\u00eb gjitha p\u00ebrgjegj\u00ebsit\u00eb politike DUHET t&#8217;i atribuohen asaj force politike q\u00eb i jep jet\u00eb dhe mban\u00eb gjall\u00eb modelin &#8220;alla-berishian&#8221; t\u00eb qeverisjes, forc\u00eb e cila \u00ebsht\u00eb LSI.<\/p>\n<p>Ndaj, besoj fuqish\u00ebm se ka ardhur koha q\u00eb t\u00eb mos t\u00eb merremi m\u00eb me sofizma t\u00eb pavenda dhe me gjetjen e gj\u00ebegj\u00ebzave politike t\u00eb hedhura nga t\u00eb marr\u00eb politik\u00eb dhe as t\u00eb sulmojm\u00eb viktim\u00ebn opozit\u00eb p\u00ebr paaft\u00ebsi q\u00eb nuk u mbrojt nga kriminel\u00ebt dhe hajdut\u00ebt.<\/p>\n<p>Ne jetojm\u00eb n\u00eb demokraci dhe jo n\u00eb xhunglat Afrikane, dhe si i till\u00eb, opinionb\u00ebrja dhe diskursi politik duhet t\u00eb jet\u00eb e drejtuar nga principet dhe vlerat demokratike dhe jo nga p\u00ebrqasjet dhe mentaliteti primitiv.<\/p>\n","protected":false},"excerpt":{"rendered":"<p>Bledar H. Prifti, 04.08.2010 A e pranoni faktin se Sali Berisha erdhi n\u00eb pushtet n\u00eb 2009-\u00ebn nga votat e deputet\u00ebve t\u00eb LSI-s\u00eb? A e pranoni faktin se Berisha mbahet n\u00eb pushtet po nga votat e LSI-s\u00eb? A e pranoni faktin se asgj\u00eb nuk mund t\u00eb b\u00ebhet nga kjo qeveri pa miratimin e Ilir Met\u00ebs, Dritan [&hellip;]<\/p>\n","protected":false},"author":1,"featured_media":0,"comment_status":"open","ping_status":"closed","sticky":false,"template":"","format":"standard","meta":{"footnotes":""},"categories":[2],"tags":[],"class_list":{"0":"post-3644","1":"post","2":"type-post","3":"status-publish","4":"format-standard","6":"category-artikuj"},"yoast_head":"<!-- This site is optimized with the Yoast SEO plugin v27.4 - https:\/\/yoast.com\/product\/yoast-seo-wordpress\/ -->\n<title>P\u00ebrtej mentalitetit primitiv - FjALA e LIR\u00cb - Arkivi<\/title>\n<meta name=\"robots\" content=\"index, follow, max-snippet:-1, max-image-preview:large, max-video-preview:-1\" \/>\n<link rel=\"canonical\" href=\"https:\/\/fjala.info\/2009-2015\/pertej-mentalitetit-primitiv\/\" \/>\n<meta property=\"og:locale\" content=\"sq_AL\" \/>\n<meta property=\"og:type\" content=\"article\" \/>\n<meta property=\"og:title\" content=\"P\u00ebrtej mentalitetit primitiv - FjALA e LIR\u00cb - Arkivi\" \/>\n<meta property=\"og:description\" content=\"Bledar H. Prifti, 04.08.2010 A e pranoni faktin se Sali Berisha erdhi n\u00eb pushtet n\u00eb 2009-\u00ebn nga votat e deputet\u00ebve t\u00eb LSI-s\u00eb? A e pranoni faktin se Berisha mbahet n\u00eb pushtet po nga votat e LSI-s\u00eb? A e pranoni faktin se asgj\u00eb nuk mund t\u00eb b\u00ebhet nga kjo qeveri pa miratimin e Ilir Met\u00ebs, Dritan [&hellip;]\" \/>\n<meta property=\"og:url\" content=\"https:\/\/fjala.info\/2009-2015\/pertej-mentalitetit-primitiv\/\" \/>\n<meta property=\"og:site_name\" content=\"FjALA e LIR\u00cb - Arkivi\" \/>\n<meta property=\"article:published_time\" content=\"2010-08-05T05:10:11+00:00\" \/>\n<meta property=\"og:image\" content=\"http:\/\/www.shkoder.net\/images\/fjala\/bledar_prifti.jpg\" \/>\n<meta name=\"author\" content=\"admin\" \/>\n<meta name=\"twitter:card\" content=\"summary_large_image\" \/>\n<meta name=\"twitter:label1\" content=\"Written by\" \/>\n\t<meta name=\"twitter:data1\" content=\"admin\" \/>\n\t<meta name=\"twitter:label2\" content=\"Est. reading time\" \/>\n\t<meta name=\"twitter:data2\" content=\"11 minutes\" \/>\n<script type=\"application\/ld+json\" class=\"yoast-schema-graph\">{\"@context\":\"https:\\\/\\\/schema.org\",\"@graph\":[{\"@type\":\"Article\",\"@id\":\"https:\\\/\\\/fjala.info\\\/2009-2015\\\/pertej-mentalitetit-primitiv\\\/#article\",\"isPartOf\":{\"@id\":\"https:\\\/\\\/fjala.info\\\/2009-2015\\\/pertej-mentalitetit-primitiv\\\/\"},\"author\":{\"name\":\"admin\",\"@id\":\"https:\\\/\\\/fjala.info\\\/2009-2015\\\/#\\\/schema\\\/person\\\/3aa1163ef05469c496fc94e77611ada2\"},\"headline\":\"P\u00ebrtej mentalitetit primitiv\",\"datePublished\":\"2010-08-05T05:10:11+00:00\",\"mainEntityOfPage\":{\"@id\":\"https:\\\/\\\/fjala.info\\\/2009-2015\\\/pertej-mentalitetit-primitiv\\\/\"},\"wordCount\":2108,\"commentCount\":0,\"publisher\":{\"@id\":\"https:\\\/\\\/fjala.info\\\/2009-2015\\\/#organization\"},\"image\":{\"@id\":\"https:\\\/\\\/fjala.info\\\/2009-2015\\\/pertej-mentalitetit-primitiv\\\/#primaryimage\"},\"thumbnailUrl\":\"http:\\\/\\\/www.shkoder.net\\\/images\\\/fjala\\\/bledar_prifti.jpg\",\"articleSection\":[\"Artikuj\"],\"inLanguage\":\"sq-AL\",\"potentialAction\":[{\"@type\":\"CommentAction\",\"name\":\"Comment\",\"target\":[\"https:\\\/\\\/fjala.info\\\/2009-2015\\\/pertej-mentalitetit-primitiv\\\/#respond\"]}]},{\"@type\":\"WebPage\",\"@id\":\"https:\\\/\\\/fjala.info\\\/2009-2015\\\/pertej-mentalitetit-primitiv\\\/\",\"url\":\"https:\\\/\\\/fjala.info\\\/2009-2015\\\/pertej-mentalitetit-primitiv\\\/\",\"name\":\"P\u00ebrtej mentalitetit primitiv - FjALA e LIR\u00cb - Arkivi\",\"isPartOf\":{\"@id\":\"https:\\\/\\\/fjala.info\\\/2009-2015\\\/#website\"},\"primaryImageOfPage\":{\"@id\":\"https:\\\/\\\/fjala.info\\\/2009-2015\\\/pertej-mentalitetit-primitiv\\\/#primaryimage\"},\"image\":{\"@id\":\"https:\\\/\\\/fjala.info\\\/2009-2015\\\/pertej-mentalitetit-primitiv\\\/#primaryimage\"},\"thumbnailUrl\":\"http:\\\/\\\/www.shkoder.net\\\/images\\\/fjala\\\/bledar_prifti.jpg\",\"datePublished\":\"2010-08-05T05:10:11+00:00\",\"breadcrumb\":{\"@id\":\"https:\\\/\\\/fjala.info\\\/2009-2015\\\/pertej-mentalitetit-primitiv\\\/#breadcrumb\"},\"inLanguage\":\"sq-AL\",\"potentialAction\":[{\"@type\":\"ReadAction\",\"target\":[\"https:\\\/\\\/fjala.info\\\/2009-2015\\\/pertej-mentalitetit-primitiv\\\/\"]}]},{\"@type\":\"ImageObject\",\"inLanguage\":\"sq-AL\",\"@id\":\"https:\\\/\\\/fjala.info\\\/2009-2015\\\/pertej-mentalitetit-primitiv\\\/#primaryimage\",\"url\":\"http:\\\/\\\/www.shkoder.net\\\/images\\\/fjala\\\/bledar_prifti.jpg\",\"contentUrl\":\"http:\\\/\\\/www.shkoder.net\\\/images\\\/fjala\\\/bledar_prifti.jpg\"},{\"@type\":\"BreadcrumbList\",\"@id\":\"https:\\\/\\\/fjala.info\\\/2009-2015\\\/pertej-mentalitetit-primitiv\\\/#breadcrumb\",\"itemListElement\":[{\"@type\":\"ListItem\",\"position\":1,\"name\":\"Home\",\"item\":\"https:\\\/\\\/fjala.info\\\/2009-2015\\\/\"},{\"@type\":\"ListItem\",\"position\":2,\"name\":\"P\u00ebrtej mentalitetit primitiv\"}]},{\"@type\":\"WebSite\",\"@id\":\"https:\\\/\\\/fjala.info\\\/2009-2015\\\/#website\",\"url\":\"https:\\\/\\\/fjala.info\\\/2009-2015\\\/\",\"name\":\"FjALA e LIR\u00cb - Arkivi\",\"description\":\"Arkivi 2009-2015\",\"publisher\":{\"@id\":\"https:\\\/\\\/fjala.info\\\/2009-2015\\\/#organization\"},\"potentialAction\":[{\"@type\":\"SearchAction\",\"target\":{\"@type\":\"EntryPoint\",\"urlTemplate\":\"https:\\\/\\\/fjala.info\\\/2009-2015\\\/?s={search_term_string}\"},\"query-input\":{\"@type\":\"PropertyValueSpecification\",\"valueRequired\":true,\"valueName\":\"search_term_string\"}}],\"inLanguage\":\"sq-AL\"},{\"@type\":\"Organization\",\"@id\":\"https:\\\/\\\/fjala.info\\\/2009-2015\\\/#organization\",\"name\":\"FjALA e LIR\u00cb - Arkivi\",\"url\":\"https:\\\/\\\/fjala.info\\\/2009-2015\\\/\",\"logo\":{\"@type\":\"ImageObject\",\"inLanguage\":\"sq-AL\",\"@id\":\"https:\\\/\\\/fjala.info\\\/2009-2015\\\/#\\\/schema\\\/logo\\\/image\\\/\",\"url\":\"\",\"contentUrl\":\"\",\"caption\":\"FjALA e LIR\u00cb - Arkivi\"},\"image\":{\"@id\":\"https:\\\/\\\/fjala.info\\\/2009-2015\\\/#\\\/schema\\\/logo\\\/image\\\/\"}},{\"@type\":\"Person\",\"@id\":\"https:\\\/\\\/fjala.info\\\/2009-2015\\\/#\\\/schema\\\/person\\\/3aa1163ef05469c496fc94e77611ada2\",\"name\":\"admin\",\"image\":{\"@type\":\"ImageObject\",\"inLanguage\":\"sq-AL\",\"@id\":\"https:\\\/\\\/fjala.info\\\/2009-2015\\\/wp-content\\\/uploads\\\/2012\\\/02\\\/arben_cokaj-120x150.jpg\",\"url\":\"https:\\\/\\\/fjala.info\\\/2009-2015\\\/wp-content\\\/uploads\\\/2012\\\/02\\\/arben_cokaj-120x150.jpg\",\"contentUrl\":\"https:\\\/\\\/fjala.info\\\/2009-2015\\\/wp-content\\\/uploads\\\/2012\\\/02\\\/arben_cokaj-120x150.jpg\",\"caption\":\"admin\"},\"description\":\"Admin, Fjala e Lir\u00eb\",\"sameAs\":[\"https:\\\/\\\/fjala.info\\\/\"],\"url\":\"https:\\\/\\\/fjala.info\\\/2009-2015\\\/author\\\/admin\\\/\"}]}<\/script>\n<!-- \/ Yoast SEO plugin. -->","yoast_head_json":{"title":"P\u00ebrtej mentalitetit primitiv - FjALA e LIR\u00cb - Arkivi","robots":{"index":"index","follow":"follow","max-snippet":"max-snippet:-1","max-image-preview":"max-image-preview:large","max-video-preview":"max-video-preview:-1"},"canonical":"https:\/\/fjala.info\/2009-2015\/pertej-mentalitetit-primitiv\/","og_locale":"sq_AL","og_type":"article","og_title":"P\u00ebrtej mentalitetit primitiv - FjALA e LIR\u00cb - Arkivi","og_description":"Bledar H. Prifti, 04.08.2010 A e pranoni faktin se Sali Berisha erdhi n\u00eb pushtet n\u00eb 2009-\u00ebn nga votat e deputet\u00ebve t\u00eb LSI-s\u00eb? A e pranoni faktin se Berisha mbahet n\u00eb pushtet po nga votat e LSI-s\u00eb? A e pranoni faktin se asgj\u00eb nuk mund t\u00eb b\u00ebhet nga kjo qeveri pa miratimin e Ilir Met\u00ebs, Dritan [&hellip;]","og_url":"https:\/\/fjala.info\/2009-2015\/pertej-mentalitetit-primitiv\/","og_site_name":"FjALA e LIR\u00cb - Arkivi","article_published_time":"2010-08-05T05:10:11+00:00","og_image":[{"url":"http:\/\/www.shkoder.net\/images\/fjala\/bledar_prifti.jpg","type":"","width":"","height":""}],"author":"admin","twitter_card":"summary_large_image","twitter_misc":{"Written by":"admin","Est. reading time":"11 minutes"},"schema":{"@context":"https:\/\/schema.org","@graph":[{"@type":"Article","@id":"https:\/\/fjala.info\/2009-2015\/pertej-mentalitetit-primitiv\/#article","isPartOf":{"@id":"https:\/\/fjala.info\/2009-2015\/pertej-mentalitetit-primitiv\/"},"author":{"name":"admin","@id":"https:\/\/fjala.info\/2009-2015\/#\/schema\/person\/3aa1163ef05469c496fc94e77611ada2"},"headline":"P\u00ebrtej mentalitetit primitiv","datePublished":"2010-08-05T05:10:11+00:00","mainEntityOfPage":{"@id":"https:\/\/fjala.info\/2009-2015\/pertej-mentalitetit-primitiv\/"},"wordCount":2108,"commentCount":0,"publisher":{"@id":"https:\/\/fjala.info\/2009-2015\/#organization"},"image":{"@id":"https:\/\/fjala.info\/2009-2015\/pertej-mentalitetit-primitiv\/#primaryimage"},"thumbnailUrl":"http:\/\/www.shkoder.net\/images\/fjala\/bledar_prifti.jpg","articleSection":["Artikuj"],"inLanguage":"sq-AL","potentialAction":[{"@type":"CommentAction","name":"Comment","target":["https:\/\/fjala.info\/2009-2015\/pertej-mentalitetit-primitiv\/#respond"]}]},{"@type":"WebPage","@id":"https:\/\/fjala.info\/2009-2015\/pertej-mentalitetit-primitiv\/","url":"https:\/\/fjala.info\/2009-2015\/pertej-mentalitetit-primitiv\/","name":"P\u00ebrtej mentalitetit primitiv - FjALA e LIR\u00cb - Arkivi","isPartOf":{"@id":"https:\/\/fjala.info\/2009-2015\/#website"},"primaryImageOfPage":{"@id":"https:\/\/fjala.info\/2009-2015\/pertej-mentalitetit-primitiv\/#primaryimage"},"image":{"@id":"https:\/\/fjala.info\/2009-2015\/pertej-mentalitetit-primitiv\/#primaryimage"},"thumbnailUrl":"http:\/\/www.shkoder.net\/images\/fjala\/bledar_prifti.jpg","datePublished":"2010-08-05T05:10:11+00:00","breadcrumb":{"@id":"https:\/\/fjala.info\/2009-2015\/pertej-mentalitetit-primitiv\/#breadcrumb"},"inLanguage":"sq-AL","potentialAction":[{"@type":"ReadAction","target":["https:\/\/fjala.info\/2009-2015\/pertej-mentalitetit-primitiv\/"]}]},{"@type":"ImageObject","inLanguage":"sq-AL","@id":"https:\/\/fjala.info\/2009-2015\/pertej-mentalitetit-primitiv\/#primaryimage","url":"http:\/\/www.shkoder.net\/images\/fjala\/bledar_prifti.jpg","contentUrl":"http:\/\/www.shkoder.net\/images\/fjala\/bledar_prifti.jpg"},{"@type":"BreadcrumbList","@id":"https:\/\/fjala.info\/2009-2015\/pertej-mentalitetit-primitiv\/#breadcrumb","itemListElement":[{"@type":"ListItem","position":1,"name":"Home","item":"https:\/\/fjala.info\/2009-2015\/"},{"@type":"ListItem","position":2,"name":"P\u00ebrtej mentalitetit primitiv"}]},{"@type":"WebSite","@id":"https:\/\/fjala.info\/2009-2015\/#website","url":"https:\/\/fjala.info\/2009-2015\/","name":"FjALA e LIR\u00cb - Arkivi","description":"Arkivi 2009-2015","publisher":{"@id":"https:\/\/fjala.info\/2009-2015\/#organization"},"potentialAction":[{"@type":"SearchAction","target":{"@type":"EntryPoint","urlTemplate":"https:\/\/fjala.info\/2009-2015\/?s={search_term_string}"},"query-input":{"@type":"PropertyValueSpecification","valueRequired":true,"valueName":"search_term_string"}}],"inLanguage":"sq-AL"},{"@type":"Organization","@id":"https:\/\/fjala.info\/2009-2015\/#organization","name":"FjALA e LIR\u00cb - Arkivi","url":"https:\/\/fjala.info\/2009-2015\/","logo":{"@type":"ImageObject","inLanguage":"sq-AL","@id":"https:\/\/fjala.info\/2009-2015\/#\/schema\/logo\/image\/","url":"","contentUrl":"","caption":"FjALA e LIR\u00cb - Arkivi"},"image":{"@id":"https:\/\/fjala.info\/2009-2015\/#\/schema\/logo\/image\/"}},{"@type":"Person","@id":"https:\/\/fjala.info\/2009-2015\/#\/schema\/person\/3aa1163ef05469c496fc94e77611ada2","name":"admin","image":{"@type":"ImageObject","inLanguage":"sq-AL","@id":"https:\/\/fjala.info\/2009-2015\/wp-content\/uploads\/2012\/02\/arben_cokaj-120x150.jpg","url":"https:\/\/fjala.info\/2009-2015\/wp-content\/uploads\/2012\/02\/arben_cokaj-120x150.jpg","contentUrl":"https:\/\/fjala.info\/2009-2015\/wp-content\/uploads\/2012\/02\/arben_cokaj-120x150.jpg","caption":"admin"},"description":"Admin, Fjala e Lir\u00eb","sameAs":["https:\/\/fjala.info\/"],"url":"https:\/\/fjala.info\/2009-2015\/author\/admin\/"}]}},"_links":{"self":[{"href":"https:\/\/fjala.info\/2009-2015\/wp-json\/wp\/v2\/posts\/3644","targetHints":{"allow":["GET"]}}],"collection":[{"href":"https:\/\/fjala.info\/2009-2015\/wp-json\/wp\/v2\/posts"}],"about":[{"href":"https:\/\/fjala.info\/2009-2015\/wp-json\/wp\/v2\/types\/post"}],"author":[{"embeddable":true,"href":"https:\/\/fjala.info\/2009-2015\/wp-json\/wp\/v2\/users\/1"}],"replies":[{"embeddable":true,"href":"https:\/\/fjala.info\/2009-2015\/wp-json\/wp\/v2\/comments?post=3644"}],"version-history":[{"count":0,"href":"https:\/\/fjala.info\/2009-2015\/wp-json\/wp\/v2\/posts\/3644\/revisions"}],"wp:attachment":[{"href":"https:\/\/fjala.info\/2009-2015\/wp-json\/wp\/v2\/media?parent=3644"}],"wp:term":[{"taxonomy":"category","embeddable":true,"href":"https:\/\/fjala.info\/2009-2015\/wp-json\/wp\/v2\/categories?post=3644"},{"taxonomy":"post_tag","embeddable":true,"href":"https:\/\/fjala.info\/2009-2015\/wp-json\/wp\/v2\/tags?post=3644"}],"curies":[{"name":"wp","href":"https:\/\/api.w.org\/{rel}","templated":true}]}}