{"id":3642,"date":"2010-08-05T05:08:02","date_gmt":"2010-08-05T04:08:02","guid":{"rendered":"http:\/\/fjala.shkoder.net\/?p=3642"},"modified":"2010-08-05T05:08:02","modified_gmt":"2010-08-05T04:08:02","slug":"be-kur-do-te-flitet-me-nje-ze","status":"publish","type":"post","link":"https:\/\/fjala.info\/2009-2015\/be-kur-do-te-flitet-me-nje-ze\/","title":{"rendered":"BE: Kur do t\u00eb flitet me nj\u00eb z\u00eb?"},"content":{"rendered":"<p><strong>Deutche Welle<\/strong>, <em>04.08.2010<\/em><\/p>\n<p><em>Sh\u00ebrbimi i Aksionit t\u00eb Jasht\u00ebm Europian, krijimi i t\u00eb cilit ishte neni kryesor i Marr\u00ebveshjes s\u00eb Lisbon\u00ebs<\/em><\/p>\n<p>Aktualisht, BE \u00ebsht\u00eb n\u00eb p\u00ebrgatitje e sip\u00ebr t\u00eb nj\u00eb sh\u00ebrbimi t\u00eb ri diplomatik t\u00eb p\u00ebrbashk\u00ebt.<\/p>\n<p>Ish-sekretari amerikan i Shtetit, Henri Kisinxher, nj\u00ebher\u00eb pati th\u00ebn\u00eb se nuk e kishte t\u00eb qart\u00eb se me k\u00eb duhet t\u00eb bisedoj\u00eb n\u00eb Europ\u00eb. Aktualisht, Bashkimi Europian \u00ebsht\u00eb n\u00eb p\u00ebrgatitje e sip\u00ebr t\u00eb nj\u00eb sh\u00ebrbimi t\u00eb ri diplomatik t\u00eb p\u00ebrbashk\u00ebt.<\/p>\n<p>Sh\u00ebrbimi i Aksionit t\u00eb Jasht\u00ebm Europian, krijimi i t\u00eb cilit ishte neni kryesor i Marr\u00ebveshjes s\u00eb Lisbon\u00ebs s\u00eb vitit t\u00eb kaluar, pritet q\u00eb t\u00eb jet\u00eb i gatsh\u00ebm p\u00ebr pun\u00eb n\u00eb fillim t\u00eb vitit t\u00eb ardhsh\u00ebm.<\/p>\n<p>Ai do t&#8217;i ket\u00eb mij\u00ebra diplomat\u00eb n\u00eb Bruksel dhe n\u00eb misionet e BE-s\u00eb n\u00eb mbar\u00eb bot\u00ebn. Por, derisa sh\u00ebrbimi i ri diplomatik ndoshta mund ta ndryshoj\u00eb m\u00ebnyr\u00ebn e zbatimit t\u00eb politik\u00ebs s\u00eb jashtme t\u00eb BE-s\u00eb, ai nuk do ta ndryshoj\u00eb m\u00ebnyr\u00ebn se si formulohet politika e jashtme e BE-s\u00eb.<\/p>\n<p>V\u00ebzhguesit thon\u00eb se politika e jashtme e Bashkimit Europian do t\u00eb vazhdoj\u00eb t\u00eb mbetet prerogativ\u00eb e qeverive t\u00eb shteteve an\u00ebtare. Ja se si e sheh k\u00ebt\u00eb \u00e7\u00ebshtje, analistja Klara O&#8217;Donell, nga Qendra p\u00ebr Reforma Europiane n\u00eb Lond\u00ebr:<\/p>\n<p>&#8220;P\u00ebr BE-n\u00eb, q\u00eb t\u00eb jet\u00eb e aft\u00eb p\u00ebr t\u00eb qen\u00eb aktore efektive e jashtme, nevojitet q\u00eb t\u00eb gjitha vendet an\u00ebtare t\u00eb pajtohen p\u00ebr nj\u00eb \u00e7\u00ebshtje, qoft\u00eb ajo se \u00e7ka t\u00eb b\u00ebhet n\u00eb Gjeorgji ose si t\u00eb veprohet me Rusin\u00eb&#8230; Duhet q\u00eb shtetet an\u00ebtare t\u00eb jen\u00eb t\u00eb gatshme q\u00eb ta lejojn\u00eb BE-n\u00eb p\u00ebr t\u00eb folur n\u00eb em\u00ebr t\u00eb tyre&#8221;, thot\u00eb O&#8217;Donell.<\/p>\n<p>Por, Kethrin Eshton, shefe e politik\u00ebs s\u00eb jashtme t\u00eb BE-s\u00eb dhe e sh\u00ebrbimit t\u00eb ri q\u00eb po krijohet, ka k\u00ebmb\u00ebngulur se ky grup i ri diplomatik do ta forcoj\u00eb pozit\u00ebn e BE-s\u00eb n\u00eb sken\u00ebn bot\u00ebrore.<\/p>\n<p>Sipas saj, sh\u00ebrbimi i ri do t&#8217;i mund\u00ebsoj\u00eb BE-s\u00eb p\u00ebrmbushjen e Marr\u00ebveshjes s\u00eb Lisbon\u00ebs, p\u00ebr &#8220;nd\u00ebrtimin e politik\u00ebs s\u00eb jashtme m\u00eb t\u00eb fuqishme dhe efektive t\u00eb Bashkimit Europian&#8221;.<\/p>\n<p>Megjithat\u00eb, zonja Eshton nuk i ka komentuar problemet e vazhdueshme t\u00eb ndarjeve nd\u00ebrmjet an\u00ebtar\u00ebve t\u00eb BE-s\u00eb, kur shqyrtohen raportet me fuqit\u00eb nd\u00ebrkomb\u00ebtare, si\u00e7 \u00ebsht\u00eb Rusia, ose p\u00ebr q\u00ebndrimet e ndryshme lidhur me Kosov\u00ebn.<\/p>\n<p>Analisti Janis Emanuelidis, nga Qendra p\u00ebr Politike Europiane n\u00eb Bruksel, thot\u00eb se shtetet an\u00ebtare nuk do t\u00eb heqin dor\u00eb nga sovraniteti i tyre ekskluziv p\u00ebr vendime n\u00eb politik\u00ebn e jashtme.<\/p>\n<p>&#8220;Elementet q\u00eb n\u00eb t\u00eb kaluar\u00ebn n\u00eb mas\u00eb t\u00eb madhe jan\u00eb udh\u00ebhequr nga Komisioni Europian, do t\u00eb jen\u00eb m\u00eb af\u00ebr elementeve, q\u00eb n\u00eb t\u00eb kaluar\u00ebn ishin udh\u00ebhequr nga shtetet an\u00ebtare. Prandaj, gj\u00ebrat do t\u00eb jen\u00eb m\u00eb t\u00eb p\u00ebrbashk\u00ebta, por kjo nuk do t\u00eb thot\u00eb se ato do t\u00eb l\u00ebvizin nga kompetencat e vendeve an\u00ebtare te BE-ja&#8221;, thot\u00eb Emanuelidis<\/p>\n","protected":false},"excerpt":{"rendered":"<p>Deutche Welle, 04.08.2010 Sh\u00ebrbimi i Aksionit t\u00eb Jasht\u00ebm Europian, krijimi i t\u00eb cilit ishte neni kryesor i Marr\u00ebveshjes s\u00eb Lisbon\u00ebs Aktualisht, BE \u00ebsht\u00eb n\u00eb p\u00ebrgatitje e sip\u00ebr t\u00eb nj\u00eb sh\u00ebrbimi t\u00eb ri diplomatik t\u00eb p\u00ebrbashk\u00ebt. Ish-sekretari amerikan i Shtetit, Henri Kisinxher, nj\u00ebher\u00eb pati th\u00ebn\u00eb se nuk e kishte t\u00eb qart\u00eb se me k\u00eb duhet t\u00eb [&hellip;]<\/p>\n","protected":false},"author":1,"featured_media":0,"comment_status":"open","ping_status":"closed","sticky":false,"template":"","format":"standard","meta":{"footnotes":""},"categories":[2],"tags":[],"class_list":{"0":"post-3642","1":"post","2":"type-post","3":"status-publish","4":"format-standard","6":"category-artikuj"},"yoast_head":"<!-- This site is optimized with the Yoast SEO plugin v27.4 - https:\/\/yoast.com\/product\/yoast-seo-wordpress\/ -->\n<title>BE: Kur do t\u00eb flitet me nj\u00eb z\u00eb? - FjALA e LIR\u00cb - Arkivi<\/title>\n<meta name=\"robots\" content=\"index, follow, max-snippet:-1, max-image-preview:large, max-video-preview:-1\" \/>\n<link rel=\"canonical\" href=\"https:\/\/fjala.info\/2009-2015\/be-kur-do-te-flitet-me-nje-ze\/\" \/>\n<meta property=\"og:locale\" content=\"sq_AL\" \/>\n<meta property=\"og:type\" content=\"article\" \/>\n<meta property=\"og:title\" content=\"BE: Kur do t\u00eb flitet me nj\u00eb z\u00eb? - FjALA e LIR\u00cb - Arkivi\" \/>\n<meta property=\"og:description\" content=\"Deutche Welle, 04.08.2010 Sh\u00ebrbimi i Aksionit t\u00eb Jasht\u00ebm Europian, krijimi i t\u00eb cilit ishte neni kryesor i Marr\u00ebveshjes s\u00eb Lisbon\u00ebs Aktualisht, BE \u00ebsht\u00eb n\u00eb p\u00ebrgatitje e sip\u00ebr t\u00eb nj\u00eb sh\u00ebrbimi t\u00eb ri diplomatik t\u00eb p\u00ebrbashk\u00ebt. Ish-sekretari amerikan i Shtetit, Henri Kisinxher, nj\u00ebher\u00eb pati th\u00ebn\u00eb se nuk e kishte t\u00eb qart\u00eb se me k\u00eb duhet t\u00eb [&hellip;]\" \/>\n<meta property=\"og:url\" content=\"https:\/\/fjala.info\/2009-2015\/be-kur-do-te-flitet-me-nje-ze\/\" \/>\n<meta property=\"og:site_name\" content=\"FjALA e LIR\u00cb - Arkivi\" \/>\n<meta property=\"article:published_time\" content=\"2010-08-05T04:08:02+00:00\" \/>\n<meta name=\"author\" content=\"admin\" \/>\n<meta name=\"twitter:card\" content=\"summary_large_image\" \/>\n<meta name=\"twitter:label1\" content=\"Written by\" \/>\n\t<meta name=\"twitter:data1\" content=\"admin\" \/>\n\t<meta name=\"twitter:label2\" content=\"Est. reading time\" \/>\n\t<meta name=\"twitter:data2\" content=\"3 minutes\" \/>\n<script type=\"application\/ld+json\" class=\"yoast-schema-graph\">{\"@context\":\"https:\\\/\\\/schema.org\",\"@graph\":[{\"@type\":\"Article\",\"@id\":\"https:\\\/\\\/fjala.info\\\/2009-2015\\\/be-kur-do-te-flitet-me-nje-ze\\\/#article\",\"isPartOf\":{\"@id\":\"https:\\\/\\\/fjala.info\\\/2009-2015\\\/be-kur-do-te-flitet-me-nje-ze\\\/\"},\"author\":{\"name\":\"admin\",\"@id\":\"https:\\\/\\\/fjala.info\\\/2009-2015\\\/#\\\/schema\\\/person\\\/3aa1163ef05469c496fc94e77611ada2\"},\"headline\":\"BE: Kur do t\u00eb flitet me nj\u00eb z\u00eb?\",\"datePublished\":\"2010-08-05T04:08:02+00:00\",\"mainEntityOfPage\":{\"@id\":\"https:\\\/\\\/fjala.info\\\/2009-2015\\\/be-kur-do-te-flitet-me-nje-ze\\\/\"},\"wordCount\":531,\"commentCount\":0,\"publisher\":{\"@id\":\"https:\\\/\\\/fjala.info\\\/2009-2015\\\/#organization\"},\"articleSection\":[\"Artikuj\"],\"inLanguage\":\"sq-AL\",\"potentialAction\":[{\"@type\":\"CommentAction\",\"name\":\"Comment\",\"target\":[\"https:\\\/\\\/fjala.info\\\/2009-2015\\\/be-kur-do-te-flitet-me-nje-ze\\\/#respond\"]}]},{\"@type\":\"WebPage\",\"@id\":\"https:\\\/\\\/fjala.info\\\/2009-2015\\\/be-kur-do-te-flitet-me-nje-ze\\\/\",\"url\":\"https:\\\/\\\/fjala.info\\\/2009-2015\\\/be-kur-do-te-flitet-me-nje-ze\\\/\",\"name\":\"BE: Kur do t\u00eb flitet me nj\u00eb z\u00eb? - FjALA e LIR\u00cb - Arkivi\",\"isPartOf\":{\"@id\":\"https:\\\/\\\/fjala.info\\\/2009-2015\\\/#website\"},\"datePublished\":\"2010-08-05T04:08:02+00:00\",\"breadcrumb\":{\"@id\":\"https:\\\/\\\/fjala.info\\\/2009-2015\\\/be-kur-do-te-flitet-me-nje-ze\\\/#breadcrumb\"},\"inLanguage\":\"sq-AL\",\"potentialAction\":[{\"@type\":\"ReadAction\",\"target\":[\"https:\\\/\\\/fjala.info\\\/2009-2015\\\/be-kur-do-te-flitet-me-nje-ze\\\/\"]}]},{\"@type\":\"BreadcrumbList\",\"@id\":\"https:\\\/\\\/fjala.info\\\/2009-2015\\\/be-kur-do-te-flitet-me-nje-ze\\\/#breadcrumb\",\"itemListElement\":[{\"@type\":\"ListItem\",\"position\":1,\"name\":\"Home\",\"item\":\"https:\\\/\\\/fjala.info\\\/2009-2015\\\/\"},{\"@type\":\"ListItem\",\"position\":2,\"name\":\"BE: Kur do t\u00eb flitet me nj\u00eb z\u00eb?\"}]},{\"@type\":\"WebSite\",\"@id\":\"https:\\\/\\\/fjala.info\\\/2009-2015\\\/#website\",\"url\":\"https:\\\/\\\/fjala.info\\\/2009-2015\\\/\",\"name\":\"FjALA e LIR\u00cb - Arkivi\",\"description\":\"Arkivi 2009-2015\",\"publisher\":{\"@id\":\"https:\\\/\\\/fjala.info\\\/2009-2015\\\/#organization\"},\"potentialAction\":[{\"@type\":\"SearchAction\",\"target\":{\"@type\":\"EntryPoint\",\"urlTemplate\":\"https:\\\/\\\/fjala.info\\\/2009-2015\\\/?s={search_term_string}\"},\"query-input\":{\"@type\":\"PropertyValueSpecification\",\"valueRequired\":true,\"valueName\":\"search_term_string\"}}],\"inLanguage\":\"sq-AL\"},{\"@type\":\"Organization\",\"@id\":\"https:\\\/\\\/fjala.info\\\/2009-2015\\\/#organization\",\"name\":\"FjALA e LIR\u00cb - Arkivi\",\"url\":\"https:\\\/\\\/fjala.info\\\/2009-2015\\\/\",\"logo\":{\"@type\":\"ImageObject\",\"inLanguage\":\"sq-AL\",\"@id\":\"https:\\\/\\\/fjala.info\\\/2009-2015\\\/#\\\/schema\\\/logo\\\/image\\\/\",\"url\":\"\",\"contentUrl\":\"\",\"caption\":\"FjALA e LIR\u00cb - Arkivi\"},\"image\":{\"@id\":\"https:\\\/\\\/fjala.info\\\/2009-2015\\\/#\\\/schema\\\/logo\\\/image\\\/\"}},{\"@type\":\"Person\",\"@id\":\"https:\\\/\\\/fjala.info\\\/2009-2015\\\/#\\\/schema\\\/person\\\/3aa1163ef05469c496fc94e77611ada2\",\"name\":\"admin\",\"image\":{\"@type\":\"ImageObject\",\"inLanguage\":\"sq-AL\",\"@id\":\"https:\\\/\\\/fjala.info\\\/2009-2015\\\/wp-content\\\/uploads\\\/2012\\\/02\\\/arben_cokaj-120x150.jpg\",\"url\":\"https:\\\/\\\/fjala.info\\\/2009-2015\\\/wp-content\\\/uploads\\\/2012\\\/02\\\/arben_cokaj-120x150.jpg\",\"contentUrl\":\"https:\\\/\\\/fjala.info\\\/2009-2015\\\/wp-content\\\/uploads\\\/2012\\\/02\\\/arben_cokaj-120x150.jpg\",\"caption\":\"admin\"},\"description\":\"Admin, Fjala e Lir\u00eb\",\"sameAs\":[\"https:\\\/\\\/fjala.info\\\/\"],\"url\":\"https:\\\/\\\/fjala.info\\\/2009-2015\\\/author\\\/admin\\\/\"}]}<\/script>\n<!-- \/ Yoast SEO plugin. -->","yoast_head_json":{"title":"BE: Kur do t\u00eb flitet me nj\u00eb z\u00eb? - FjALA e LIR\u00cb - Arkivi","robots":{"index":"index","follow":"follow","max-snippet":"max-snippet:-1","max-image-preview":"max-image-preview:large","max-video-preview":"max-video-preview:-1"},"canonical":"https:\/\/fjala.info\/2009-2015\/be-kur-do-te-flitet-me-nje-ze\/","og_locale":"sq_AL","og_type":"article","og_title":"BE: Kur do t\u00eb flitet me nj\u00eb z\u00eb? - FjALA e LIR\u00cb - Arkivi","og_description":"Deutche Welle, 04.08.2010 Sh\u00ebrbimi i Aksionit t\u00eb Jasht\u00ebm Europian, krijimi i t\u00eb cilit ishte neni kryesor i Marr\u00ebveshjes s\u00eb Lisbon\u00ebs Aktualisht, BE \u00ebsht\u00eb n\u00eb p\u00ebrgatitje e sip\u00ebr t\u00eb nj\u00eb sh\u00ebrbimi t\u00eb ri diplomatik t\u00eb p\u00ebrbashk\u00ebt. Ish-sekretari amerikan i Shtetit, Henri Kisinxher, nj\u00ebher\u00eb pati th\u00ebn\u00eb se nuk e kishte t\u00eb qart\u00eb se me k\u00eb duhet t\u00eb [&hellip;]","og_url":"https:\/\/fjala.info\/2009-2015\/be-kur-do-te-flitet-me-nje-ze\/","og_site_name":"FjALA e LIR\u00cb - Arkivi","article_published_time":"2010-08-05T04:08:02+00:00","author":"admin","twitter_card":"summary_large_image","twitter_misc":{"Written by":"admin","Est. reading time":"3 minutes"},"schema":{"@context":"https:\/\/schema.org","@graph":[{"@type":"Article","@id":"https:\/\/fjala.info\/2009-2015\/be-kur-do-te-flitet-me-nje-ze\/#article","isPartOf":{"@id":"https:\/\/fjala.info\/2009-2015\/be-kur-do-te-flitet-me-nje-ze\/"},"author":{"name":"admin","@id":"https:\/\/fjala.info\/2009-2015\/#\/schema\/person\/3aa1163ef05469c496fc94e77611ada2"},"headline":"BE: Kur do t\u00eb flitet me nj\u00eb z\u00eb?","datePublished":"2010-08-05T04:08:02+00:00","mainEntityOfPage":{"@id":"https:\/\/fjala.info\/2009-2015\/be-kur-do-te-flitet-me-nje-ze\/"},"wordCount":531,"commentCount":0,"publisher":{"@id":"https:\/\/fjala.info\/2009-2015\/#organization"},"articleSection":["Artikuj"],"inLanguage":"sq-AL","potentialAction":[{"@type":"CommentAction","name":"Comment","target":["https:\/\/fjala.info\/2009-2015\/be-kur-do-te-flitet-me-nje-ze\/#respond"]}]},{"@type":"WebPage","@id":"https:\/\/fjala.info\/2009-2015\/be-kur-do-te-flitet-me-nje-ze\/","url":"https:\/\/fjala.info\/2009-2015\/be-kur-do-te-flitet-me-nje-ze\/","name":"BE: Kur do t\u00eb flitet me nj\u00eb z\u00eb? - FjALA e LIR\u00cb - Arkivi","isPartOf":{"@id":"https:\/\/fjala.info\/2009-2015\/#website"},"datePublished":"2010-08-05T04:08:02+00:00","breadcrumb":{"@id":"https:\/\/fjala.info\/2009-2015\/be-kur-do-te-flitet-me-nje-ze\/#breadcrumb"},"inLanguage":"sq-AL","potentialAction":[{"@type":"ReadAction","target":["https:\/\/fjala.info\/2009-2015\/be-kur-do-te-flitet-me-nje-ze\/"]}]},{"@type":"BreadcrumbList","@id":"https:\/\/fjala.info\/2009-2015\/be-kur-do-te-flitet-me-nje-ze\/#breadcrumb","itemListElement":[{"@type":"ListItem","position":1,"name":"Home","item":"https:\/\/fjala.info\/2009-2015\/"},{"@type":"ListItem","position":2,"name":"BE: Kur do t\u00eb flitet me nj\u00eb z\u00eb?"}]},{"@type":"WebSite","@id":"https:\/\/fjala.info\/2009-2015\/#website","url":"https:\/\/fjala.info\/2009-2015\/","name":"FjALA e LIR\u00cb - Arkivi","description":"Arkivi 2009-2015","publisher":{"@id":"https:\/\/fjala.info\/2009-2015\/#organization"},"potentialAction":[{"@type":"SearchAction","target":{"@type":"EntryPoint","urlTemplate":"https:\/\/fjala.info\/2009-2015\/?s={search_term_string}"},"query-input":{"@type":"PropertyValueSpecification","valueRequired":true,"valueName":"search_term_string"}}],"inLanguage":"sq-AL"},{"@type":"Organization","@id":"https:\/\/fjala.info\/2009-2015\/#organization","name":"FjALA e LIR\u00cb - Arkivi","url":"https:\/\/fjala.info\/2009-2015\/","logo":{"@type":"ImageObject","inLanguage":"sq-AL","@id":"https:\/\/fjala.info\/2009-2015\/#\/schema\/logo\/image\/","url":"","contentUrl":"","caption":"FjALA e LIR\u00cb - Arkivi"},"image":{"@id":"https:\/\/fjala.info\/2009-2015\/#\/schema\/logo\/image\/"}},{"@type":"Person","@id":"https:\/\/fjala.info\/2009-2015\/#\/schema\/person\/3aa1163ef05469c496fc94e77611ada2","name":"admin","image":{"@type":"ImageObject","inLanguage":"sq-AL","@id":"https:\/\/fjala.info\/2009-2015\/wp-content\/uploads\/2012\/02\/arben_cokaj-120x150.jpg","url":"https:\/\/fjala.info\/2009-2015\/wp-content\/uploads\/2012\/02\/arben_cokaj-120x150.jpg","contentUrl":"https:\/\/fjala.info\/2009-2015\/wp-content\/uploads\/2012\/02\/arben_cokaj-120x150.jpg","caption":"admin"},"description":"Admin, Fjala e Lir\u00eb","sameAs":["https:\/\/fjala.info\/"],"url":"https:\/\/fjala.info\/2009-2015\/author\/admin\/"}]}},"_links":{"self":[{"href":"https:\/\/fjala.info\/2009-2015\/wp-json\/wp\/v2\/posts\/3642","targetHints":{"allow":["GET"]}}],"collection":[{"href":"https:\/\/fjala.info\/2009-2015\/wp-json\/wp\/v2\/posts"}],"about":[{"href":"https:\/\/fjala.info\/2009-2015\/wp-json\/wp\/v2\/types\/post"}],"author":[{"embeddable":true,"href":"https:\/\/fjala.info\/2009-2015\/wp-json\/wp\/v2\/users\/1"}],"replies":[{"embeddable":true,"href":"https:\/\/fjala.info\/2009-2015\/wp-json\/wp\/v2\/comments?post=3642"}],"version-history":[{"count":0,"href":"https:\/\/fjala.info\/2009-2015\/wp-json\/wp\/v2\/posts\/3642\/revisions"}],"wp:attachment":[{"href":"https:\/\/fjala.info\/2009-2015\/wp-json\/wp\/v2\/media?parent=3642"}],"wp:term":[{"taxonomy":"category","embeddable":true,"href":"https:\/\/fjala.info\/2009-2015\/wp-json\/wp\/v2\/categories?post=3642"},{"taxonomy":"post_tag","embeddable":true,"href":"https:\/\/fjala.info\/2009-2015\/wp-json\/wp\/v2\/tags?post=3642"}],"curies":[{"name":"wp","href":"https:\/\/api.w.org\/{rel}","templated":true}]}}