{"id":3640,"date":"2010-08-05T09:05:18","date_gmt":"2010-08-05T08:05:18","guid":{"rendered":"http:\/\/fjala.shkoder.net\/?p=3640"},"modified":"2010-08-05T09:05:18","modified_gmt":"2010-08-05T08:05:18","slug":"ish-guvernatori-7-deshtimet-e-qeverise","status":"publish","type":"post","link":"https:\/\/fjala.info\/2009-2015\/ish-guvernatori-7-deshtimet-e-qeverise\/","title":{"rendered":"Ish guvernatori: 7 d\u00ebshtimet e qeveris\u00eb"},"content":{"rendered":"<p><img decoding=\"async\" style=\"margin-left: 10px; margin-right: 10px; border: 0px;\" title=\"Bode, Berisha dhe Meta\" src=\"http:\/\/www.shkoder.net\/images\/fjala\/2010\/bode_berisha_meta.jpg\" border=\"0\" alt=\"\" width=\"300\" align=\"right\" \/><\/p>\n<p><strong>Shk\u00eblqim Cani<\/strong>, <em>05.08.2010<\/em><\/p>\n<p>Her\u00eb pas here, n\u00eb media, gazetar\u00eb, opinionist\u00eb, analist\u00eb, ekspert\u00eb shprehen dhe p\u00ebrher\u00eb politikan\u00eb t\u00eb pozit\u00ebs e ministra t\u00eb k\u00ebsaj qeverie &#8220;rrangalle&#8221;, akuzojn\u00eb opozit\u00ebn p\u00ebr q\u00ebndrime e vler\u00ebsime kritike ndaj qeverisjes, por &#8220;pa dh\u00ebn\u00eb alternative ose rrug\u00ebzgjidhje konkrete&#8221;. \u00cbsht\u00eb e tep\u00ebrt t\u00eb thuhet se ky lloj vler\u00ebsimi p\u00ebrmban n\u00eb vetvete edhe elemente dashamir\u00ebs.<\/p>\n<p>Ne ekspert\u00ebt e pavarur apo t\u00eb angazhuar n\u00eb nj\u00eb drejtim, pranojm\u00eb dhe synojm\u00eb q\u00eb m\u00eb shum\u00eb rrug\u00ebzgjidhje duhen parashtruar. Duke pranuar me sinqeritet v\u00ebrejtje, kritika apo sugjerime p\u00ebr alternativ\u00eb m\u00eb cil\u00ebsore e m\u00eb t\u00eb kualifikuara, kjo nuk duhet t\u00eb na ngat\u00ebrroj\u00eb dhe n\u00eb disa raste edhe t\u00eb na \u00e7oj\u00eb n\u00eb humbjen e drejtpeshimit n\u00eb vler\u00ebsimin sa m\u00eb real t\u00eb raporteve qeveri &#8211; opozit\u00eb, apo dhe m\u00eb keq t\u00eb mohojm\u00eb alternativat e parashtruara nga opozita.<\/p>\n<p>Qeveria dhe vet\u00eb Kryeministri prej koh\u00ebsh kan\u00eb nd\u00ebrmarr\u00eb nj\u00eb fushat\u00eb t\u00eb pand\u00ebrprer\u00eb p\u00ebr t\u00eb ngulitur n\u00eb mendjen e kujtdo q\u00eb opozita nuk ka alternativ\u00eb, kur n\u00eb fakt opozita i ka b\u00ebr\u00eb publike k\u00ebto alternativa n\u00eb m\u00ebnyr\u00eb t\u00eb p\u00ebrs\u00ebritur. Po ndalem p\u00ebr t\u00eb argumentuar shkurt sa m\u00eb lart, me disa pika, se cilat jan\u00eb disa nga alternativat e ofruara:<\/p>\n<p>S\u00eb pari, \u00ebsht\u00eb alternativ\u00eb thelb\u00ebsore t\u00eb nxjerr\u00ebsh n\u00eb shesh t\u00eb v\u00ebrtet\u00ebn. Kemi p\u00ebrball\u00eb nj\u00eb qeveri q\u00eb g\u00ebnjen &#8220;dit\u00ebn p\u00ebr diell, pa i b\u00ebr\u00eb terr syri&#8221;. Dit\u00ebn q\u00eb ul me 30 miliard\u00eb lek\u00eb apo me 1\/3 investimet n\u00eb buxhet del n\u00eb media Ministri i rrug\u00ebve dhe u tregon shqiptar\u00ebve se do t\u00eb vazhdoj\u00eb m\u00eb me intensitet nd\u00ebrtimi i rrug\u00ebve. (?!) Populli \u00e7oroditet dhe ndonj\u00eb edhe e &#8220;ha sapunin p\u00ebr djath\u00eb&#8221;. Por nuk besoj q\u00eb n\u00eb sht\u00ebpit\u00eb e tyre pjes\u00ebtar\u00ebt e nj\u00eb familje mund t\u00eb g\u00ebnjehen q\u00eb do t\u00eb vazhdoj\u00eb nd\u00ebrtimi i sht\u00ebpis\u00eb n\u00ebse shteron burimi i t\u00eb ardhurave t\u00eb familjes.<\/p>\n<p>Po k\u00ebshtu, n\u00eb kuadrin e g\u00ebnjeshtrave qeveria trumbetoi me t\u00eb madhe q\u00eb ka siguruar 3.2 miliard\u00eb dollar\u00eb, pik\u00ebrisht pak dit\u00eb pasi kishte d\u00ebshtuar p\u00ebr t\u00eb siguruar dhjet\u00eb her\u00eb m\u00eb pak para hua nga tregu. N\u00ebse qeveria siguroi kaq shum\u00eb para p\u00ebrse nuk i p\u00ebrdor menj\u00ebher\u00eb p\u00ebr nd\u00ebrtim rrug\u00ebsh, p\u00ebr spitalet, shkollat etj., q\u00eb jan\u00eb n\u00eb gjendje t\u00eb mjeruar?!! T\u00eb till\u00eb shembuj mund t\u00eb jepen me dhjet\u00ebra n\u00eb dit\u00eb dhe \u00ebsht\u00eb e kot\u00eb ta lodhim lexuesin.<\/p>\n<p>Kjo i ngjan asaj historis\u00eb q\u00eb tregonte nusja e re e sapoardhur n\u00eb sht\u00ebpin\u00eb e burrit, ku i zoti i sht\u00ebpis\u00eb k\u00ebrkonte p\u00ebr dark\u00eb ushqime nga m\u00eb cil\u00ebsoret, por n\u00eb tryez\u00eb nuk shtrohej asgj\u00eb. Pra, n\u00eb darke shtriheshin pa ngr\u00ebn\u00eb. Kur e pyeten prind\u00ebrit se si kalonte tek sht\u00ebpia e re, nusja tha: p\u00ebr nga ajo q\u00eb d\u00ebgjoj jam m\u00eb e lumtura n\u00eb bot\u00eb, p\u00ebr nga ajo q\u00eb shoh jam e mjer\u00eb.<\/p>\n<p>S\u00eb dyti, \u00ebsht\u00eb nj\u00eb tjet\u00ebr alternativ\u00eb t\u00eb nxjerr\u00ebsh n\u00eb shesh statistika t\u00eb v\u00ebrteta t\u00eb gjendjes ku jemi. Qeveria \u00ebsht\u00eb n\u00eb krye t\u00eb brigad\u00ebs s\u00eb falsifikuesve t\u00eb shifrave dhe statistikave t\u00eb vendit. Opozita, &#8211; por besoj nuk e ka t\u00eb v\u00ebshtir\u00eb dhe \u00e7do shtetas i k\u00ebtij vendi &#8211; konstaton dy bot\u00eb krejt t\u00eb kund\u00ebrta, nj\u00ebra me ekonomi &#8220;t\u00eb shk\u00eblqyer&#8221; dhe tjetra, realja, me nj\u00eb ekonomi q\u00eb merr t\u00eb tat\u00ebpjet\u00ebn \u00e7do dit\u00eb e m\u00eb shum\u00eb dhe q\u00eb qeveria as q\u00eb merr mundimin ta ndal\u00eb.<\/p>\n<p>Opozita po i b\u00ebn t\u00eb gjitha p\u00ebrpjekjet dhe po jep gjith\u00eb argumentet e mundsh\u00ebm p\u00ebr t\u00eb nd\u00ebrgjegj\u00ebsuar publikun p\u00ebr realitetin. Natyrisht q\u00eb do t\u00eb b\u00ebj\u00eb dhe hapat e duhur p\u00ebr t\u00eb v\u00ebn\u00eb p\u00ebrpara p\u00ebrgjegj\u00ebsis\u00eb t\u00eb gjith\u00eb falsifikator\u00ebt, por asaj i duhet edhe zgjimi e mb\u00ebshtetja e publikut e sidomos e medies p\u00ebr ta ndalur k\u00ebt\u00eb maskarad\u00eb t\u00eb radh\u00ebs. Nuk pati asnj\u00eb t\u00eb mir\u00eb Greqia, por p\u00ebrkundrazi i v\u00ebrshuan t\u00eb k\u00ebqijat dhe u penalizua kur nxori n\u00eb shesh me vones\u00eb falsitetin e shifrave.<\/p>\n<p>Ju beson ose jo shifrave, p\u00ebrs\u00ebri, p\u00ebr t\u00eb nd\u00ebrtuar nj\u00eb strategji duhet t\u00eb bazohesh mbi t\u00eb dh\u00ebna e mbi statistika. Sa m\u00eb t\u00eb rreme t\u00eb jen\u00eb statistikat, aq m\u00eb i v\u00ebshtir\u00eb b\u00ebhet &#8220;plani nd\u00ebrtues&#8221;. Pra, opozit\u00ebs i k\u00ebrkohet t\u00eb jap\u00eb alternativ\u00eb, pra t\u00eb nd\u00ebrtoj\u00eb nj\u00eb godin\u00eb funksionale, t\u00eb bukur dhe eficente, por asaj i jan\u00eb dh\u00ebn\u00eb informacione t\u00eb rreme, sepse thuhet &#8220;tok\u00eb&#8221; p\u00ebr di\u00e7ka q\u00eb \u00ebsht\u00eb &#8220;mo\u00e7al&#8221;, thuhet &#8220;beton e hekur&#8221; kur t\u00eb till\u00eb nuk ka dhe p\u00ebr m\u00eb tep\u00ebr i thuhet se jan\u00eb t\u00eb gjitha parat\u00eb &#8220;p\u00ebr t\u00eb p\u00ebrfunduar godin\u00ebn&#8221;, kur n\u00eb fakt k\u00ebto nuk ekzistojn\u00eb.<\/p>\n<p>Cili arkitekt e nd\u00ebrtues do t\u00eb mund t\u00eb jepte maksimumin n\u00eb nj\u00eb situat\u00eb t\u00eb till\u00eb? Kjo \u00ebsht\u00eb nj\u00ebsoj si t\u00eb t\u00eb lidhin syt\u00eb dhe t\u00eb t\u00eb \u00e7ojn\u00eb n\u00eb nj\u00eb pyll t\u00eb dendur t\u00eb globit dhe pa mjete t\u00eb t\u00eb thon\u00eb: &#8220;shko, ktheu n\u00eb Tiran\u00eb (!). Kjo \u00ebsht\u00eb arsyeja q\u00eb k\u00ebmb\u00ebngulim kaq shum\u00eb n\u00eb transparenc\u00ebn dhe realitetin e shifrave dhe statistikave shqiptare.<\/p>\n<p>S\u00eb treti, \u00ebsht\u00eb nj\u00eb alternativ\u00eb p\u00ebr t&#8217;u vler\u00ebsuar t\u00eb jap\u00ebsh parashikime sa m\u00eb precize e deri numerike p\u00ebr pritshm\u00ebrin\u00eb nj\u00eb apo disavje\u00e7are t\u00eb ekonomis\u00eb. Fatkeq\u00ebsisht, institucionet e vendit, q\u00eb e kan\u00eb si p\u00ebrgjegj\u00ebsi t\u00eb veten k\u00ebt\u00eb detyr\u00eb dhe q\u00eb kan\u00eb gjith\u00eb mjetet e kapacitet p\u00ebr ta realizuar, po d\u00ebshtojn\u00eb n\u00eb dh\u00ebnien e k\u00ebtyre parashikimeve. N\u00eb t\u00eb gjitha rastet q\u00eb jan\u00eb ballafaquar parashikimet p\u00ebr pritshm\u00ebrin\u00eb e ekonomis\u00eb, sipas k\u00ebndv\u00ebshtrimit t\u00eb qeveris\u00eb dhe opozit\u00ebs, ka qen\u00eb opozita q\u00eb ka dh\u00ebn\u00eb me sakt\u00ebsi realitetin (madje n\u00eb disa raste realiteti ka dal\u00eb edhe me negativ nga parashikimet e opozit\u00ebs).<\/p>\n<p>Kjo tregon qart\u00eb se opozita e njeh shum\u00eb her\u00eb m\u00eb mir\u00eb realitetin ku jetojm\u00eb dhe kupton qart\u00eb ku t\u00eb \u00e7ojn\u00eb politikat q\u00eb po ndiqen. Nuk besoj q\u00eb mund t\u00eb faj\u00ebsohet opozita n\u00ebse ajo paralajm\u00ebron qeverin\u00eb t\u00eb mos niset n\u00eb at\u00eb rrug\u00eb ku e presin shtr\u00ebngata shiu e d\u00ebbor\u00eb dhe qeveria vazhdon me kok\u00ebfort\u00ebsi n\u00eb t\u00eb saj\u00ebn, e madje (\u00e7ka e b\u00ebn situat\u00ebn edhe m\u00eb paradoksale) t&#8217;i kthehet opozit\u00ebs duke e akuzuar se e ka krijuar ajo shtr\u00ebngat\u00ebn.(!) T\u00eb tilla raste jan\u00eb me dhjet\u00ebra dhe jan\u00eb t\u00ebr\u00ebsisht t\u00eb dokumentuara n\u00eb kongrese, asamble apo tryeza diskutimi t\u00eb Partis\u00eb Socialiste, n\u00eb prononcime publike t\u00eb ekspert\u00ebve, por dhe n\u00eb punime shkencore t\u00eb viteve t\u00eb fundit.<\/p>\n<p>Cilido kureshtar apo mosbesues n\u00eb sa me sip\u00ebr mund t\u00eb g\u00ebrmoj\u00eb dhe do t\u00eb shoh\u00eb q\u00eb opozita ka qen\u00eb jo vet\u00ebm korrekte me vetveten, por edhe me qeverin\u00eb e sidomos me shtetasit shqiptar. P\u00ebr ilustrim, po marr vet\u00ebm rastin m\u00eb t\u00eb fundit t\u00eb rishikimit t\u00eb buxhetit:<br \/>\n&#8211; U b\u00eb rishikimi i tij me vones\u00eb edhe pse prej ekspert\u00ebve t\u00eb opozit\u00ebs ishte paralajm\u00ebruar e k\u00ebrkuar n\u00ebnt\u00eb muaj m\u00eb p\u00ebrpara nj\u00eb veprim i till\u00eb. Por, ky veprim i vonuar ka pasoja dhe d\u00ebme n\u00eb ekonomin\u00eb e vendit, d\u00ebme t\u00eb cilat si gjithnj\u00eb i paguajn\u00eb shtetasit shqiptar\u00eb.<\/p>\n<p>P\u00ebr m\u00eb tep\u00ebr, ndryshe nga tautologjia e eksponent\u00ebve eunuk\u00eb t\u00eb Partis\u00eb Demokratike, n\u00eb asnj\u00eb rast deputetet e Partis\u00eb Socialiste nuk ishin kund\u00ebr rishikimit t\u00eb buxhetit, por k\u00ebrkonin rishikim m\u00eb realist t\u00eb tij &#8211; q\u00eb t\u00eb mos prekeshin shpenzimet p\u00ebr sh\u00ebndet\u00ebsin\u00eb, arsimin, bujq\u00ebsin\u00eb dhe t\u00eb shihej p\u00ebr mb\u00ebshtetje m\u00eb t\u00eb mir\u00eb sociale t\u00eb shtetasve n\u00eb nevoj\u00eb etj. Dhe nuk mbaron k\u00ebtu&#8230; P\u00ebrs\u00ebri na duhet t\u00eb paralajm\u00ebrojm\u00eb q\u00eb edhe ky buxhet i rishikuar ka p\u00ebr destinacion mosrealizimin.<\/p>\n<p>S\u00eb kat\u00ebrti, po p\u00ebrmend disa nga idet\u00eb alternative m\u00eb kryesore, q\u00eb ka parashtruar opozita p\u00ebrgjat\u00eb dy viteve t\u00eb fundit, sidomos n\u00eb forumet zyrtare t\u00eb saj:<\/p>\n<p>N\u00eb kohen q\u00eb zyrtar\u00ebt tan\u00eb m\u00eb t\u00eb lart\u00eb silleshin si &#8220;kali n\u00eb l\u00ebm\u00eb&#8221; n\u00ebp\u00ebr bot\u00eb me mburrje groteske se kriza nuk do ta infektoj\u00eb Shqip\u00ebrin\u00eb, opozita paralajm\u00ebroi me sakt\u00ebsi gjith\u00e7ka do t\u00eb ndodhte gjat\u00eb viteve n\u00eb vijim dhe u p\u00ebrgatit me planin antikriz\u00eb &#8211; midis t\u00eb tjerash parashikoi e k\u00ebrkoi m\u00eb shum\u00eb transparenc\u00eb dhe edukim t\u00eb publikut, p\u00ebr t\u00eb mos r\u00ebn\u00eb n\u00eb panikun e kriz\u00ebs; k\u00ebrkoi nga qeveria t\u00eb p\u00ebrgatis\u00eb menj\u00ebher\u00eb programin antikriz\u00eb; kontaktoi me p\u00ebrfaq\u00ebsues t\u00eb FMN-s\u00eb etj., p\u00ebr t\u00eb parashtruar ide e mendime p\u00ebr ndikime sa m\u00eb t\u00eb pakta t\u00eb kriz\u00ebs n\u00eb ekonomin\u00eb ton\u00eb; k\u00ebrkoi pranin\u00eb e FMN p\u00ebr t\u00eb ndihmuar qeverin\u00eb n\u00eb situat\u00ebn e krijuar dhe m\u00eb pas i sugjeroi qeveris\u00eb t\u00eb k\u00ebrkoj\u00eb mb\u00ebshtetje financiare nga FMN; k\u00ebrkoi nd\u00ebrtimin e nj\u00eb buxheti dhe t\u00eb politikave antikriz\u00eb dhe shmangien e nj\u00eb buxheti t\u00ebr\u00ebsisht n\u00eb funksion t\u00eb fushat\u00ebs zgjedhore; sugjeroi plane kontigjenc\u00eb etj. Por gjith\u00e7ka u refuzua me mendjeleht\u00ebsi nga qeveria.<\/p>\n<p>Para miratimit t\u00eb tre buxheteve t\u00eb fundit Partia Socialiste me ekspert\u00eb t\u00eb saj dhe t\u00eb pavarur ka organizuar tryeza t\u00eb hapura p\u00ebr debat p\u00ebr buxhetin, ku jan\u00eb dh\u00ebn\u00eb dhe sugjerime konkrete se si mund t\u00eb p\u00ebrmir\u00ebsohej buxheti.<\/p>\n<p>N\u00eb nj\u00eb kongres dhe n\u00eb nj\u00eb asamble t\u00eb ve\u00e7ant\u00eb jan\u00eb marr\u00eb n\u00eb analiz\u00eb me p\u00ebrpar\u00ebsi ecuria, pritshm\u00ebrit\u00eb dhe alternativat p\u00ebr ndreqjen e ekonomis\u00eb dhe shmangien sa m\u00eb shum\u00eb t\u00eb kriz\u00ebs. N\u00eb to, nd\u00ebr t\u00eb tjera, jan\u00eb sugjeruar: nj\u00eb strategji e re p\u00ebr lufte reale ndaj monopoleve dhe kapjes s\u00eb shtetit, si metastaza n\u00eb trupin e ekonomis\u00eb shqiptare (\u00ebsht\u00eb sugjeruar ve\u00e7an\u00ebrisht forcimi i Autoritetit t\u00eb Konkurrenc\u00ebs, mb\u00ebshtetja e tij t\u00ebr\u00ebsore nga gjith\u00eb organet shtet\u00ebrore p\u00ebrkat\u00ebse dhe p\u00ebrmbushja me urgjenc\u00eb e standardeve n\u00eb veprimtarin\u00eb e k\u00ebtij institucioni); liberalizimi cil\u00ebsor i ekonomis\u00eb dhe nxitja reale e investimeve n\u00eb vend dhe t\u00eb eksporteve; p\u00ebrmir\u00ebsimi thelb\u00ebsor i statistikave n\u00eb vend dhe realizimi i nj\u00eb transparence reale n\u00eb ekonomi;<\/p>\n<p>luft\u00eb shum\u00eb m\u00eb serioze ndaj krimit t\u00eb organizuar; formalizim i p\u00ebrshpejtuar i ekonomis\u00eb duke ngjitur nga 5 shkall\u00eb \u00e7do vit n\u00eb renditjen e p\u00ebrgjithshme; pavar\u00ebsi m\u00eb e thelluar formale, por sidomos reale p\u00ebr institucionet e pavarura (duke i k\u00ebrkuar konkretisht Bank\u00ebs s\u00eb Shqip\u00ebris\u00eb t\u00eb dal\u00eb nga bunkeri i vet\u00ebcensurimit);<\/p>\n<p>kemi k\u00ebrkuar q\u00eb Banka e Shqip\u00ebris\u00eb t\u00eb shihte mund\u00ebsin\u00eb e uljes s\u00eb shpejt\u00eb dhe<br \/>\nt\u00eb thell\u00eb t\u00eb normave t\u00eb interesit etj. \u00cbsht\u00eb nj\u00eb fakt leht\u00ebsisht i verifikuesh\u00ebm q\u00eb<br \/>\nn\u00eb p\u00ebrgjith\u00ebsi politikat e Bank\u00ebs s\u00eb Shqip\u00ebris\u00eb kan\u00eb ndjekur rekomandimet e<br \/>\nekspert\u00ebve t\u00eb Partis\u00eb Socialiste, por n\u00eb t\u00ebr\u00ebsi kan\u00eb qen\u00eb t\u00eb vonuara, duke sjell\u00eb<br \/>\np\u00ebr pasoj\u00eb dhe d\u00ebme n\u00eb ekonomi, nd\u00ebrsa qeveria nuk u shk\u00ebput nga kok\u00ebfort\u00ebsia<br \/>\nn\u00eb mospranim t\u00eb sugjerimeve t\u00eb opozit\u00ebs.<\/p>\n<p>Do t\u00eb lodhej lexuesi n\u00ebse do t\u00eb p\u00ebrmendja programin elektoral dhe qeveris\u00ebs, si dhe shum\u00eb e shum\u00eb sugjerime e alternativa t\u00eb ekspert\u00ebve apo deputet\u00ebve t\u00eb ve\u00e7ant\u00eb t\u00eb opozit\u00ebs. P\u00ebr m\u00eb tep\u00ebr q\u00eb nuk dim\u00eb qoft\u00eb dhe nj\u00eb rast kur qeveria t\u00eb ket\u00eb fal\u00ebnderuar apo reflektuar hapur p\u00ebr sugjerime t\u00eb opozit\u00ebs. N\u00eb t\u00eb kund\u00ebrt\u00ebn, ka qen\u00eb jo vet\u00ebm nj\u00eb vesh i shurdh\u00ebt, por dhe nj\u00eb sulm i papar\u00eb ndaj kujtdo q\u00eb guxonte t\u00eb artikulonte qoft\u00eb nj\u00eb fjali p\u00ebr malin me zullume t\u00eb k\u00ebsaj qeverie.<\/p>\n<p>Dhe n\u00ebse dikush nga lexuesit ka ndonj\u00eb dyshim apo k\u00ebrkon t\u00eb m\u00ebsoj\u00eb m\u00eb shum\u00eb se \u00e7far\u00eb artilerie p\u00ebrdor qeveria ndaj oponent\u00ebve t\u00eb saj, le ta hap\u00eb k\u00ebt\u00eb debat n\u00eb media dhe t\u00eb d\u00ebgjoj\u00eb b\u00ebmat nga vet\u00eb ata q\u00eb do t\u00eb guxojn\u00eb t\u00eb flasin kund\u00ebr. Ky reagim t\u00eb duket i natyrsh\u00ebm kur kemi nj\u00eb qeveri ku bujq\u00ebsin\u00eb ia jep ta drejtoj\u00eb ekonomistit, bujkut i japin financat, shpenzimet m\u00eb t\u00eb m\u00ebdha t\u00eb buxhetit i b\u00ebn ai minist\u00ebr q\u00eb nuk ka mundur t\u00eb marr\u00eb as vitin e par\u00eb n\u00eb Fakultetin Ekonomik dhe vler\u00ebsimin e pun\u00ebs s\u00eb tyre e b\u00ebn ai q\u00eb ka fjetur vet\u00ebm me not\u00ebn pes\u00eb gjith\u00eb fakultetin.<\/p>\n<p>S\u00eb fundmi, me pak rend\u00ebsi p\u00ebr \u00e7\u00ebshtjen q\u00eb trajtojm\u00eb, por jo pa vler\u00eb p\u00ebr t&#8217;u<br \/>\np\u00ebrmendur. Me t\u00eb drejt\u00eb k\u00ebrkohet m\u00eb shum\u00eb dhe cil\u00ebsi sa m\u00eb e lart\u00eb p\u00ebr opozit\u00ebn, me gjith\u00eb pengesat q\u00eb ajo has dhe alternativat q\u00eb ka paraqitur. Por duhet par\u00eb dhe ajo q\u00eb pak v\u00ebrehet e k\u00ebrkohet deri tani, alternativat e vet\u00eb pozit\u00ebs.<\/p>\n<p>Alternativat prej saj ose jan\u00eb jo cil\u00ebsore ose kan\u00eb qen\u00eb t\u00ebr\u00ebsisht t\u00eb munguara. Nga alternativat duhen ndar\u00eb pjesa q\u00eb paraqesin organizmat nd\u00ebrkomb\u00ebtar\u00eb dhe strategji, programe etj., q\u00eb p\u00ebrpunojn\u00eb stafi teknik i pun\u00ebsuar n\u00eb administrat\u00ebn publike, prej mbi 100 mij\u00eb punonj\u00ebsish.<\/p>\n<p>T\u00eb marrim disa prej alternativave apo premtimeve q\u00eb ka b\u00ebr\u00eb pozita:<br \/>\n&#8211; rritja ekonomike nga 6-7% e premtuar p\u00ebr k\u00ebto 5 vite rezulton mesatarisht 4-5% ose 30-40% m\u00eb pak se zotimi;<br \/>\n&#8211; borxhi publik jo q\u00eb nuk u ul n\u00eb 50% t\u00eb PBB por u rrit n\u00eb 60% ose 20% m\u00eb shum\u00eb nga premtimi;<br \/>\n&#8211; papun\u00ebsia dhe varf\u00ebria u zmbrapsen n\u00eb pothuaj nivelet e asaj periudhe kur u mor pushteti nga mazhoranca;<br \/>\n&#8211; leku humbi fuqin\u00eb bler\u00ebse me 15-20% te tij, ose p\u00ebr her\u00eb t\u00eb par\u00eb q\u00eb p\u00ebrs\u00ebritet kjo histori pas vitit t\u00eb mbrapsht\u00eb 1997;<br \/>\n&#8211; korrupsioni dhe kapja e shtetit \u00ebsht\u00eb n\u00eb nivelet m\u00eb t\u00eb larta q\u00eb ka pasur ndonj\u00ebher\u00eb Shqip\u00ebria edhe pse nj\u00eb prej krye\u00e7\u00ebshtjeve t\u00eb premtuara nga opozita e at\u00ebhershme ishte lufta kund\u00ebr korrupsionit<br \/>\n&#8211; monopolet jan\u00eb t\u00eb gjithkundndodhura;<br \/>\n&#8211; &#8220;Shqip\u00ebria 1 euro&#8221; rezultoi n\u00eb &#8220;Shqip\u00ebria p\u00ebr 1 lek&#8221; etj.<\/p>\n<p>D\u00ebgjojm\u00eb shpesh nga analist\u00eb t\u00eb pavarur jo-ekonomist\u00eb, por ndonj\u00ebher\u00eb edhe<br \/>\nekonomist\u00eb, q\u00eb fajin e ka p\u00ebr gjith\u00e7ka modeli i rritjes ekonomike, i varur t\u00ebr\u00ebsisht nga d\u00ebrgesat e emigrant\u00ebve dhe duhen zgjedhur alternative t\u00eb reja p\u00ebr t\u00eb ardhmen. \u00cbsht\u00eb e gjith\u00ebpranuar q\u00eb modeli ka nevoj\u00eb p\u00ebr ndreqje thelb\u00ebsore, por pa u krijuar ideja sikur e shkreta qeveri mir\u00eb ka punuar, por fajin e kan\u00eb t\u00eb tjer\u00eb, pra faktor\u00eb q\u00eb s&#8217;varen prej saj. Kjo &#8220;shlyerje faji&#8221; p\u00ebr qeverin\u00eb \u00ebsht\u00eb sa e gabuar aq edhe e d\u00ebmshme, sepse kjo qeveri e ka n\u00eb tradit\u00ebn e saj &#8220;nd\u00ebrto nj\u00eb mur sot e prish dy nes\u00ebr&#8221;.<\/p>\n<p>Nuk besoj t\u00eb ndaj\u00eb t\u00eb nj\u00ebjtin mendim me mua mulla Zheki, q\u00eb kudo q\u00eb ka punuar n\u00eb institucionet publike blinte me 10-fishin e \u00e7mimit t\u00eb tregut (sa ia ka par\u00eb hairin ekonomis\u00eb s\u00eb tregut!), por e ke t\u00eb pranish\u00ebm n\u00eb t\u00eb gjitha mediet me leksione kund\u00ebr korrupsionit. Me t\u00eb drejt\u00eb n\u00eb ske\u00e7in e hersh\u00ebm t\u00eb Estrad\u00ebs s\u00eb Fierit, aktori i mir\u00ebnjohur, Luftar Paja pyeste: &#8220;Po hajduti q\u00eb m\u00eb vodhi lop\u00ebn nuk kishte faj?&#8221;<\/p>\n<p>Duhet t\u00eb d\u00ebnojm\u00eb r\u00ebnd\u00eb hajdutin q\u00eb po na vjedh &#8220;dit\u00ebn p\u00ebr diell&#8221; dhe jo t\u00eb pranojm\u00eb si t\u00eb keqe t\u00eb pash\u00ebrueshme pranin\u00eb e hajdutit dhe t\u00eb k\u00ebrkojm\u00eb sa m\u00eb shum\u00eb ruajt\u00ebs t\u00eb kualifikuar.<\/p>\n","protected":false},"excerpt":{"rendered":"<p>Shk\u00eblqim Cani, 05.08.2010 Her\u00eb pas here, n\u00eb media, gazetar\u00eb, opinionist\u00eb, analist\u00eb, ekspert\u00eb shprehen dhe p\u00ebrher\u00eb politikan\u00eb t\u00eb pozit\u00ebs e ministra t\u00eb k\u00ebsaj qeverie &#8220;rrangalle&#8221;, akuzojn\u00eb opozit\u00ebn p\u00ebr q\u00ebndrime e vler\u00ebsime kritike ndaj qeverisjes, por &#8220;pa dh\u00ebn\u00eb alternative ose rrug\u00ebzgjidhje konkrete&#8221;. \u00cbsht\u00eb e tep\u00ebrt t\u00eb thuhet se ky lloj vler\u00ebsimi p\u00ebrmban n\u00eb vetvete edhe elemente dashamir\u00ebs. [&hellip;]<\/p>\n","protected":false},"author":1,"featured_media":0,"comment_status":"open","ping_status":"closed","sticky":false,"template":"","format":"standard","meta":{"footnotes":""},"categories":[2],"tags":[],"class_list":{"0":"post-3640","1":"post","2":"type-post","3":"status-publish","4":"format-standard","6":"category-artikuj"},"yoast_head":"<!-- This site is optimized with the Yoast SEO plugin v27.4 - https:\/\/yoast.com\/product\/yoast-seo-wordpress\/ -->\n<title>Ish guvernatori: 7 d\u00ebshtimet e qeveris\u00eb - FjALA e LIR\u00cb - Arkivi<\/title>\n<meta name=\"robots\" content=\"index, follow, max-snippet:-1, max-image-preview:large, max-video-preview:-1\" \/>\n<link rel=\"canonical\" href=\"https:\/\/fjala.info\/2009-2015\/ish-guvernatori-7-deshtimet-e-qeverise\/\" \/>\n<meta property=\"og:locale\" content=\"sq_AL\" \/>\n<meta property=\"og:type\" content=\"article\" \/>\n<meta property=\"og:title\" content=\"Ish guvernatori: 7 d\u00ebshtimet e qeveris\u00eb - FjALA e LIR\u00cb - Arkivi\" \/>\n<meta property=\"og:description\" content=\"Shk\u00eblqim Cani, 05.08.2010 Her\u00eb pas here, n\u00eb media, gazetar\u00eb, opinionist\u00eb, analist\u00eb, ekspert\u00eb shprehen dhe p\u00ebrher\u00eb politikan\u00eb t\u00eb pozit\u00ebs e ministra t\u00eb k\u00ebsaj qeverie &#8220;rrangalle&#8221;, akuzojn\u00eb opozit\u00ebn p\u00ebr q\u00ebndrime e vler\u00ebsime kritike ndaj qeverisjes, por &#8220;pa dh\u00ebn\u00eb alternative ose rrug\u00ebzgjidhje konkrete&#8221;. \u00cbsht\u00eb e tep\u00ebrt t\u00eb thuhet se ky lloj vler\u00ebsimi p\u00ebrmban n\u00eb vetvete edhe elemente dashamir\u00ebs. [&hellip;]\" \/>\n<meta property=\"og:url\" content=\"https:\/\/fjala.info\/2009-2015\/ish-guvernatori-7-deshtimet-e-qeverise\/\" \/>\n<meta property=\"og:site_name\" content=\"FjALA e LIR\u00cb - Arkivi\" \/>\n<meta property=\"article:published_time\" content=\"2010-08-05T08:05:18+00:00\" \/>\n<meta property=\"og:image\" content=\"http:\/\/www.shkoder.net\/images\/fjala\/2010\/bode_berisha_meta.jpg\" \/>\n<meta name=\"author\" content=\"admin\" \/>\n<meta name=\"twitter:card\" content=\"summary_large_image\" \/>\n<meta name=\"twitter:label1\" content=\"Written by\" \/>\n\t<meta name=\"twitter:data1\" content=\"admin\" \/>\n\t<meta name=\"twitter:label2\" content=\"Est. reading time\" \/>\n\t<meta name=\"twitter:data2\" content=\"13 minutes\" \/>\n<script type=\"application\/ld+json\" class=\"yoast-schema-graph\">{\"@context\":\"https:\\\/\\\/schema.org\",\"@graph\":[{\"@type\":\"Article\",\"@id\":\"https:\\\/\\\/fjala.info\\\/2009-2015\\\/ish-guvernatori-7-deshtimet-e-qeverise\\\/#article\",\"isPartOf\":{\"@id\":\"https:\\\/\\\/fjala.info\\\/2009-2015\\\/ish-guvernatori-7-deshtimet-e-qeverise\\\/\"},\"author\":{\"name\":\"admin\",\"@id\":\"https:\\\/\\\/fjala.info\\\/2009-2015\\\/#\\\/schema\\\/person\\\/3aa1163ef05469c496fc94e77611ada2\"},\"headline\":\"Ish guvernatori: 7 d\u00ebshtimet e qeveris\u00eb\",\"datePublished\":\"2010-08-05T08:05:18+00:00\",\"mainEntityOfPage\":{\"@id\":\"https:\\\/\\\/fjala.info\\\/2009-2015\\\/ish-guvernatori-7-deshtimet-e-qeverise\\\/\"},\"wordCount\":2609,\"commentCount\":0,\"publisher\":{\"@id\":\"https:\\\/\\\/fjala.info\\\/2009-2015\\\/#organization\"},\"image\":{\"@id\":\"https:\\\/\\\/fjala.info\\\/2009-2015\\\/ish-guvernatori-7-deshtimet-e-qeverise\\\/#primaryimage\"},\"thumbnailUrl\":\"http:\\\/\\\/www.shkoder.net\\\/images\\\/fjala\\\/2010\\\/bode_berisha_meta.jpg\",\"articleSection\":[\"Artikuj\"],\"inLanguage\":\"sq-AL\",\"potentialAction\":[{\"@type\":\"CommentAction\",\"name\":\"Comment\",\"target\":[\"https:\\\/\\\/fjala.info\\\/2009-2015\\\/ish-guvernatori-7-deshtimet-e-qeverise\\\/#respond\"]}]},{\"@type\":\"WebPage\",\"@id\":\"https:\\\/\\\/fjala.info\\\/2009-2015\\\/ish-guvernatori-7-deshtimet-e-qeverise\\\/\",\"url\":\"https:\\\/\\\/fjala.info\\\/2009-2015\\\/ish-guvernatori-7-deshtimet-e-qeverise\\\/\",\"name\":\"Ish guvernatori: 7 d\u00ebshtimet e qeveris\u00eb - FjALA e LIR\u00cb - Arkivi\",\"isPartOf\":{\"@id\":\"https:\\\/\\\/fjala.info\\\/2009-2015\\\/#website\"},\"primaryImageOfPage\":{\"@id\":\"https:\\\/\\\/fjala.info\\\/2009-2015\\\/ish-guvernatori-7-deshtimet-e-qeverise\\\/#primaryimage\"},\"image\":{\"@id\":\"https:\\\/\\\/fjala.info\\\/2009-2015\\\/ish-guvernatori-7-deshtimet-e-qeverise\\\/#primaryimage\"},\"thumbnailUrl\":\"http:\\\/\\\/www.shkoder.net\\\/images\\\/fjala\\\/2010\\\/bode_berisha_meta.jpg\",\"datePublished\":\"2010-08-05T08:05:18+00:00\",\"breadcrumb\":{\"@id\":\"https:\\\/\\\/fjala.info\\\/2009-2015\\\/ish-guvernatori-7-deshtimet-e-qeverise\\\/#breadcrumb\"},\"inLanguage\":\"sq-AL\",\"potentialAction\":[{\"@type\":\"ReadAction\",\"target\":[\"https:\\\/\\\/fjala.info\\\/2009-2015\\\/ish-guvernatori-7-deshtimet-e-qeverise\\\/\"]}]},{\"@type\":\"ImageObject\",\"inLanguage\":\"sq-AL\",\"@id\":\"https:\\\/\\\/fjala.info\\\/2009-2015\\\/ish-guvernatori-7-deshtimet-e-qeverise\\\/#primaryimage\",\"url\":\"http:\\\/\\\/www.shkoder.net\\\/images\\\/fjala\\\/2010\\\/bode_berisha_meta.jpg\",\"contentUrl\":\"http:\\\/\\\/www.shkoder.net\\\/images\\\/fjala\\\/2010\\\/bode_berisha_meta.jpg\"},{\"@type\":\"BreadcrumbList\",\"@id\":\"https:\\\/\\\/fjala.info\\\/2009-2015\\\/ish-guvernatori-7-deshtimet-e-qeverise\\\/#breadcrumb\",\"itemListElement\":[{\"@type\":\"ListItem\",\"position\":1,\"name\":\"Home\",\"item\":\"https:\\\/\\\/fjala.info\\\/2009-2015\\\/\"},{\"@type\":\"ListItem\",\"position\":2,\"name\":\"Ish guvernatori: 7 d\u00ebshtimet e qeveris\u00eb\"}]},{\"@type\":\"WebSite\",\"@id\":\"https:\\\/\\\/fjala.info\\\/2009-2015\\\/#website\",\"url\":\"https:\\\/\\\/fjala.info\\\/2009-2015\\\/\",\"name\":\"FjALA e LIR\u00cb - Arkivi\",\"description\":\"Arkivi 2009-2015\",\"publisher\":{\"@id\":\"https:\\\/\\\/fjala.info\\\/2009-2015\\\/#organization\"},\"potentialAction\":[{\"@type\":\"SearchAction\",\"target\":{\"@type\":\"EntryPoint\",\"urlTemplate\":\"https:\\\/\\\/fjala.info\\\/2009-2015\\\/?s={search_term_string}\"},\"query-input\":{\"@type\":\"PropertyValueSpecification\",\"valueRequired\":true,\"valueName\":\"search_term_string\"}}],\"inLanguage\":\"sq-AL\"},{\"@type\":\"Organization\",\"@id\":\"https:\\\/\\\/fjala.info\\\/2009-2015\\\/#organization\",\"name\":\"FjALA e LIR\u00cb - Arkivi\",\"url\":\"https:\\\/\\\/fjala.info\\\/2009-2015\\\/\",\"logo\":{\"@type\":\"ImageObject\",\"inLanguage\":\"sq-AL\",\"@id\":\"https:\\\/\\\/fjala.info\\\/2009-2015\\\/#\\\/schema\\\/logo\\\/image\\\/\",\"url\":\"\",\"contentUrl\":\"\",\"caption\":\"FjALA e LIR\u00cb - Arkivi\"},\"image\":{\"@id\":\"https:\\\/\\\/fjala.info\\\/2009-2015\\\/#\\\/schema\\\/logo\\\/image\\\/\"}},{\"@type\":\"Person\",\"@id\":\"https:\\\/\\\/fjala.info\\\/2009-2015\\\/#\\\/schema\\\/person\\\/3aa1163ef05469c496fc94e77611ada2\",\"name\":\"admin\",\"image\":{\"@type\":\"ImageObject\",\"inLanguage\":\"sq-AL\",\"@id\":\"https:\\\/\\\/fjala.info\\\/2009-2015\\\/wp-content\\\/uploads\\\/2012\\\/02\\\/arben_cokaj-120x150.jpg\",\"url\":\"https:\\\/\\\/fjala.info\\\/2009-2015\\\/wp-content\\\/uploads\\\/2012\\\/02\\\/arben_cokaj-120x150.jpg\",\"contentUrl\":\"https:\\\/\\\/fjala.info\\\/2009-2015\\\/wp-content\\\/uploads\\\/2012\\\/02\\\/arben_cokaj-120x150.jpg\",\"caption\":\"admin\"},\"description\":\"Admin, Fjala e Lir\u00eb\",\"sameAs\":[\"https:\\\/\\\/fjala.info\\\/\"],\"url\":\"https:\\\/\\\/fjala.info\\\/2009-2015\\\/author\\\/admin\\\/\"}]}<\/script>\n<!-- \/ Yoast SEO plugin. -->","yoast_head_json":{"title":"Ish guvernatori: 7 d\u00ebshtimet e qeveris\u00eb - FjALA e LIR\u00cb - Arkivi","robots":{"index":"index","follow":"follow","max-snippet":"max-snippet:-1","max-image-preview":"max-image-preview:large","max-video-preview":"max-video-preview:-1"},"canonical":"https:\/\/fjala.info\/2009-2015\/ish-guvernatori-7-deshtimet-e-qeverise\/","og_locale":"sq_AL","og_type":"article","og_title":"Ish guvernatori: 7 d\u00ebshtimet e qeveris\u00eb - FjALA e LIR\u00cb - Arkivi","og_description":"Shk\u00eblqim Cani, 05.08.2010 Her\u00eb pas here, n\u00eb media, gazetar\u00eb, opinionist\u00eb, analist\u00eb, ekspert\u00eb shprehen dhe p\u00ebrher\u00eb politikan\u00eb t\u00eb pozit\u00ebs e ministra t\u00eb k\u00ebsaj qeverie &#8220;rrangalle&#8221;, akuzojn\u00eb opozit\u00ebn p\u00ebr q\u00ebndrime e vler\u00ebsime kritike ndaj qeverisjes, por &#8220;pa dh\u00ebn\u00eb alternative ose rrug\u00ebzgjidhje konkrete&#8221;. \u00cbsht\u00eb e tep\u00ebrt t\u00eb thuhet se ky lloj vler\u00ebsimi p\u00ebrmban n\u00eb vetvete edhe elemente dashamir\u00ebs. [&hellip;]","og_url":"https:\/\/fjala.info\/2009-2015\/ish-guvernatori-7-deshtimet-e-qeverise\/","og_site_name":"FjALA e LIR\u00cb - Arkivi","article_published_time":"2010-08-05T08:05:18+00:00","og_image":[{"url":"http:\/\/www.shkoder.net\/images\/fjala\/2010\/bode_berisha_meta.jpg","type":"","width":"","height":""}],"author":"admin","twitter_card":"summary_large_image","twitter_misc":{"Written by":"admin","Est. reading time":"13 minutes"},"schema":{"@context":"https:\/\/schema.org","@graph":[{"@type":"Article","@id":"https:\/\/fjala.info\/2009-2015\/ish-guvernatori-7-deshtimet-e-qeverise\/#article","isPartOf":{"@id":"https:\/\/fjala.info\/2009-2015\/ish-guvernatori-7-deshtimet-e-qeverise\/"},"author":{"name":"admin","@id":"https:\/\/fjala.info\/2009-2015\/#\/schema\/person\/3aa1163ef05469c496fc94e77611ada2"},"headline":"Ish guvernatori: 7 d\u00ebshtimet e qeveris\u00eb","datePublished":"2010-08-05T08:05:18+00:00","mainEntityOfPage":{"@id":"https:\/\/fjala.info\/2009-2015\/ish-guvernatori-7-deshtimet-e-qeverise\/"},"wordCount":2609,"commentCount":0,"publisher":{"@id":"https:\/\/fjala.info\/2009-2015\/#organization"},"image":{"@id":"https:\/\/fjala.info\/2009-2015\/ish-guvernatori-7-deshtimet-e-qeverise\/#primaryimage"},"thumbnailUrl":"http:\/\/www.shkoder.net\/images\/fjala\/2010\/bode_berisha_meta.jpg","articleSection":["Artikuj"],"inLanguage":"sq-AL","potentialAction":[{"@type":"CommentAction","name":"Comment","target":["https:\/\/fjala.info\/2009-2015\/ish-guvernatori-7-deshtimet-e-qeverise\/#respond"]}]},{"@type":"WebPage","@id":"https:\/\/fjala.info\/2009-2015\/ish-guvernatori-7-deshtimet-e-qeverise\/","url":"https:\/\/fjala.info\/2009-2015\/ish-guvernatori-7-deshtimet-e-qeverise\/","name":"Ish guvernatori: 7 d\u00ebshtimet e qeveris\u00eb - FjALA e LIR\u00cb - Arkivi","isPartOf":{"@id":"https:\/\/fjala.info\/2009-2015\/#website"},"primaryImageOfPage":{"@id":"https:\/\/fjala.info\/2009-2015\/ish-guvernatori-7-deshtimet-e-qeverise\/#primaryimage"},"image":{"@id":"https:\/\/fjala.info\/2009-2015\/ish-guvernatori-7-deshtimet-e-qeverise\/#primaryimage"},"thumbnailUrl":"http:\/\/www.shkoder.net\/images\/fjala\/2010\/bode_berisha_meta.jpg","datePublished":"2010-08-05T08:05:18+00:00","breadcrumb":{"@id":"https:\/\/fjala.info\/2009-2015\/ish-guvernatori-7-deshtimet-e-qeverise\/#breadcrumb"},"inLanguage":"sq-AL","potentialAction":[{"@type":"ReadAction","target":["https:\/\/fjala.info\/2009-2015\/ish-guvernatori-7-deshtimet-e-qeverise\/"]}]},{"@type":"ImageObject","inLanguage":"sq-AL","@id":"https:\/\/fjala.info\/2009-2015\/ish-guvernatori-7-deshtimet-e-qeverise\/#primaryimage","url":"http:\/\/www.shkoder.net\/images\/fjala\/2010\/bode_berisha_meta.jpg","contentUrl":"http:\/\/www.shkoder.net\/images\/fjala\/2010\/bode_berisha_meta.jpg"},{"@type":"BreadcrumbList","@id":"https:\/\/fjala.info\/2009-2015\/ish-guvernatori-7-deshtimet-e-qeverise\/#breadcrumb","itemListElement":[{"@type":"ListItem","position":1,"name":"Home","item":"https:\/\/fjala.info\/2009-2015\/"},{"@type":"ListItem","position":2,"name":"Ish guvernatori: 7 d\u00ebshtimet e qeveris\u00eb"}]},{"@type":"WebSite","@id":"https:\/\/fjala.info\/2009-2015\/#website","url":"https:\/\/fjala.info\/2009-2015\/","name":"FjALA e LIR\u00cb - Arkivi","description":"Arkivi 2009-2015","publisher":{"@id":"https:\/\/fjala.info\/2009-2015\/#organization"},"potentialAction":[{"@type":"SearchAction","target":{"@type":"EntryPoint","urlTemplate":"https:\/\/fjala.info\/2009-2015\/?s={search_term_string}"},"query-input":{"@type":"PropertyValueSpecification","valueRequired":true,"valueName":"search_term_string"}}],"inLanguage":"sq-AL"},{"@type":"Organization","@id":"https:\/\/fjala.info\/2009-2015\/#organization","name":"FjALA e LIR\u00cb - Arkivi","url":"https:\/\/fjala.info\/2009-2015\/","logo":{"@type":"ImageObject","inLanguage":"sq-AL","@id":"https:\/\/fjala.info\/2009-2015\/#\/schema\/logo\/image\/","url":"","contentUrl":"","caption":"FjALA e LIR\u00cb - Arkivi"},"image":{"@id":"https:\/\/fjala.info\/2009-2015\/#\/schema\/logo\/image\/"}},{"@type":"Person","@id":"https:\/\/fjala.info\/2009-2015\/#\/schema\/person\/3aa1163ef05469c496fc94e77611ada2","name":"admin","image":{"@type":"ImageObject","inLanguage":"sq-AL","@id":"https:\/\/fjala.info\/2009-2015\/wp-content\/uploads\/2012\/02\/arben_cokaj-120x150.jpg","url":"https:\/\/fjala.info\/2009-2015\/wp-content\/uploads\/2012\/02\/arben_cokaj-120x150.jpg","contentUrl":"https:\/\/fjala.info\/2009-2015\/wp-content\/uploads\/2012\/02\/arben_cokaj-120x150.jpg","caption":"admin"},"description":"Admin, Fjala e Lir\u00eb","sameAs":["https:\/\/fjala.info\/"],"url":"https:\/\/fjala.info\/2009-2015\/author\/admin\/"}]}},"_links":{"self":[{"href":"https:\/\/fjala.info\/2009-2015\/wp-json\/wp\/v2\/posts\/3640","targetHints":{"allow":["GET"]}}],"collection":[{"href":"https:\/\/fjala.info\/2009-2015\/wp-json\/wp\/v2\/posts"}],"about":[{"href":"https:\/\/fjala.info\/2009-2015\/wp-json\/wp\/v2\/types\/post"}],"author":[{"embeddable":true,"href":"https:\/\/fjala.info\/2009-2015\/wp-json\/wp\/v2\/users\/1"}],"replies":[{"embeddable":true,"href":"https:\/\/fjala.info\/2009-2015\/wp-json\/wp\/v2\/comments?post=3640"}],"version-history":[{"count":0,"href":"https:\/\/fjala.info\/2009-2015\/wp-json\/wp\/v2\/posts\/3640\/revisions"}],"wp:attachment":[{"href":"https:\/\/fjala.info\/2009-2015\/wp-json\/wp\/v2\/media?parent=3640"}],"wp:term":[{"taxonomy":"category","embeddable":true,"href":"https:\/\/fjala.info\/2009-2015\/wp-json\/wp\/v2\/categories?post=3640"},{"taxonomy":"post_tag","embeddable":true,"href":"https:\/\/fjala.info\/2009-2015\/wp-json\/wp\/v2\/tags?post=3640"}],"curies":[{"name":"wp","href":"https:\/\/api.w.org\/{rel}","templated":true}]}}