{"id":3634,"date":"2010-08-05T08:28:07","date_gmt":"2010-08-05T07:28:07","guid":{"rendered":"http:\/\/fjala.shkoder.net\/?p=3634"},"modified":"2010-08-05T08:28:07","modified_gmt":"2010-08-05T07:28:07","slug":"nje-gangster-ne-pushtet-eshte-kosto-e-madhe-per-vendin","status":"publish","type":"post","link":"https:\/\/fjala.info\/2009-2015\/nje-gangster-ne-pushtet-eshte-kosto-e-madhe-per-vendin\/","title":{"rendered":"NJ\u00cb GANGSTER N\u00cb PUSHTET \u00cbSHT\u00cb KOSTO E MADHE P\u00cbR VENDIN"},"content":{"rendered":"<p><img decoding=\"async\" style=\"margin-left: 10px; margin-right: 10px; border: 0px;\" title=\"Mustafa Nano\" src=\"http:\/\/www.shkoder.net\/images\/fjala\/mustafa_nano.jpg\" border=\"0\" alt=\"\" width=\"100\" align=\"left\" \/><\/p>\n<p><strong>Mustafa Nano<\/strong><\/p>\n<p><em>Zululand<\/em><br \/>\nJa se \u00e7\u2019shkruan midis t\u00eb tjerash lidhur me klas\u00ebn politike e drejtuese t\u00eb korruptuar ekonomisti e gazetari amerikan, Daniel Altman, n\u00eb librin e tij me titull \u201c24 or\u00eb i zhytur n\u00eb ekonomin\u00eb globale (24 hours in the Global Economy)\u201d, t\u00eb publikuar n\u00eb vitin 2007:<\/p>\n<p>\u201cDiktator\u00ebt e tiran\u00ebt, pothuajse gjithnj\u00eb, jepen pas korrupsionit, ngaq\u00eb n\u00eb k\u00ebt\u00eb m\u00ebnyr\u00eb h\u00ebm konsolidojn\u00eb pushtetin e tyre, h\u00ebm nxjerrin p\u00ebrfitime t\u00eb llojeve t\u00eb tjera: n\u00ebp\u00ebrmjet klientelizmit mbajn\u00eb t\u00eb ngjeshur e t\u00eb motivuar baz\u00ebn e tyre politike, teksa shtien n\u00eb pun\u00eb pushtetin e pakufizuar q\u00eb kan\u00eb p\u00ebr t\u00eb p\u00ebrvet\u00ebsuar sasira t\u00eb m\u00ebdha parash e pronash.<\/p>\n<p>Kur pozita e tyre z\u00eb e l\u00ebkundet, ata i mb\u00ebshtesin shpresat p\u00ebr t\u00eb mbijetuar tek fuqia q\u00eb kan\u00eb p\u00ebr t\u00eb kondicionuar e p\u00ebrcaktuar rrjedh\u00ebn e zhvillimeve politike t\u00eb vendit t\u00eb tyre; duhet theksuar, se duan t\u00eb mbijetojn\u00eb edhe p\u00ebr t\u00eb mos hequr dor\u00eb nga m\u00ebnyra e stili i t\u00eb jetuarit mes luksit e kapardisjes, t\u00eb cilat i kan\u00eb peshqesh bash prej korrupsionit. Me fjal\u00eb t\u00eb tjera, frutet e korrupsionit p\u00ebrb\u00ebjn\u00eb nj\u00eb alamet motivi p\u00ebr t\u2019i b\u00ebr\u00eb rezistenc\u00eb ndryshimit, apo \u2013 m\u00eb keq akoma \u2013 p\u00ebr t\u00eb shtypur me dhun\u00eb agjent\u00ebt e k\u00ebtij ndryshimi\u201d.<\/p>\n<p>As presjen nuk mund t\u2019i heq\u00ebsh k\u00ebtij arsyetimi. Duket sikur e ka shkruar p\u00ebr Shqip\u00ebrin\u00eb, ve\u00e7se n\u00eb k\u00ebt\u00eb rast, p\u00ebr t\u00eb qen\u00eb objektivisht korrekt\u00eb, termat \u201ctiran\u00eb e diktator\u00eb\u201d do t\u00eb ishte e udh\u00ebs t\u2019i z\u00ebvend\u00ebsonim me fraz\u00ebn \u201cgangster\u00eb me pushtet\u201d. Pse? Ngaq\u00eb fjal\u00ebt \u201ctiran\u00eb\u201d e \u201cdiktator\u00eb\u201d asociohen natyrsh\u00ebm me ushtrimin e nj\u00eb dhune elokuente ndaj kund\u00ebrshtar\u00ebve, gj\u00eb q\u00eb k\u00ebta tan\u00ebt nuk e kan\u00eb b\u00ebr\u00eb (t\u00eb pakt\u00ebn, nuk ka prova t\u00eb qarta q\u00eb ta ken\u00eb b\u00ebr\u00eb n\u00eb stilin mizor t\u00eb tiran\u00ebve). Am\u00e1 thelbi i arsyetimit t\u00eb holl\u00eb e t\u00eb thell\u00eb t\u00eb Altman-it vlen dhe p\u00ebr birbot e Tiran\u00ebs, t\u00eb cil\u00ebt \u201cjan\u00eb korruptuar me synimin p\u00ebr t\u00eb zgjeruar e fuqizuar pushtetin e tyre dhe t\u00eb cil\u00ebt pik\u00ebrisht korrupsioni nuk i l\u00eb ta \u00e7ojn\u00eb n\u00ebp\u00ebr mendje ndryshimin, d.m.th largimin e tyre\u201d.<\/p>\n<p>Ka nj\u00eb fraz\u00eb n\u00eb paragrafin e apostrofuar m\u00eb sip\u00ebr, e cila t\u00eb trondit me v\u00ebrtet\u00ebsin\u00eb e vet dhe t\u00eb cil\u00ebn un\u00eb po e perifrazoj: Kur pozita e tiran\u00ebve z\u00eb e l\u00ebkundet, ata s\u2019e kan\u00eb p\u00ebr gj\u00eb t\u00eb k\u00ebrc\u00ebnojn\u00eb me fuqin\u00eb e tyre p\u00ebr t\u00eb hedhur vendin n\u00eb gremin\u00eb. K\u00ebt\u00eb gj\u00eb ka b\u00ebr\u00eb gjith\u00eb koh\u00ebn kryegangsteri i Tiran\u00ebs, Sali Berisha, i cili, sa her\u00eb q\u00eb i thon\u00eb se duhet t\u00eb b\u00ebhet m\u00ebnjan\u00eb, apo sa her\u00eb q\u00eb kupton se po i dob\u00ebsohen pozitat, b\u00ebn gjith\u00e7ka p\u00ebr t\u00eb na p\u00ebrcjell\u00eb mesazhin: \u201cHej, ju mund t\u00eb m\u00eb keni n\u00eb dor\u00eb q\u00eb t\u00eb m\u00eb largoni, por mos harroni se kjo pun\u00eb ka nj\u00eb kosto t\u00eb madhe; un\u00eb kam n\u00eb dor\u00eb t\u00eb mos largohem pa e b\u00ebr\u00eb lesh e l\u00ed situat\u00ebn\u201d.<\/p>\n<p>Kjo \u00ebsht\u00eb nj\u00eb arsye m\u00eb vete, pse nuk duhet lejuar q\u00eb njer\u00ebz t\u00eb caktuar t\u00eb ken\u00eb n\u00ebn kontroll t\u00eb gjith\u00eb shtetin e t\u00eb gjith\u00eb vendin: n\u00eb rrethana t\u00eb tilla, fundi i tyre \u00ebsht\u00eb shpeshher\u00eb identik me nj\u00eb kriz\u00eb t\u00eb madhe komb\u00ebtare. Ndoshta \u00ebsht\u00eb identik dhe me m\u00eb shum\u00eb se sa kaq.<\/p>\n","protected":false},"excerpt":{"rendered":"<p>Mustafa Nano Zululand Ja se \u00e7\u2019shkruan midis t\u00eb tjerash lidhur me klas\u00ebn politike e drejtuese t\u00eb korruptuar ekonomisti e gazetari amerikan, Daniel Altman, n\u00eb librin e tij me titull \u201c24 or\u00eb i zhytur n\u00eb ekonomin\u00eb globale (24 hours in the Global Economy)\u201d, t\u00eb publikuar n\u00eb vitin 2007: \u201cDiktator\u00ebt e tiran\u00ebt, pothuajse gjithnj\u00eb, jepen pas korrupsionit, [&hellip;]<\/p>\n","protected":false},"author":1,"featured_media":0,"comment_status":"open","ping_status":"closed","sticky":false,"template":"","format":"standard","meta":{"footnotes":""},"categories":[2],"tags":[],"class_list":{"0":"post-3634","1":"post","2":"type-post","3":"status-publish","4":"format-standard","6":"category-artikuj"},"yoast_head":"<!-- This site is optimized with the Yoast SEO plugin v27.4 - https:\/\/yoast.com\/product\/yoast-seo-wordpress\/ -->\n<title>NJ\u00cb GANGSTER N\u00cb PUSHTET \u00cbSHT\u00cb KOSTO E MADHE P\u00cbR VENDIN - FjALA e LIR\u00cb - Arkivi<\/title>\n<meta name=\"robots\" content=\"index, follow, max-snippet:-1, max-image-preview:large, max-video-preview:-1\" \/>\n<link rel=\"canonical\" href=\"https:\/\/fjala.info\/2009-2015\/nje-gangster-ne-pushtet-eshte-kosto-e-madhe-per-vendin\/\" \/>\n<meta property=\"og:locale\" content=\"sq_AL\" \/>\n<meta property=\"og:type\" content=\"article\" \/>\n<meta property=\"og:title\" content=\"NJ\u00cb GANGSTER N\u00cb PUSHTET \u00cbSHT\u00cb KOSTO E MADHE P\u00cbR VENDIN - FjALA e LIR\u00cb - Arkivi\" \/>\n<meta property=\"og:description\" content=\"Mustafa Nano Zululand Ja se \u00e7\u2019shkruan midis t\u00eb tjerash lidhur me klas\u00ebn politike e drejtuese t\u00eb korruptuar ekonomisti e gazetari amerikan, Daniel Altman, n\u00eb librin e tij me titull \u201c24 or\u00eb i zhytur n\u00eb ekonomin\u00eb globale (24 hours in the Global Economy)\u201d, t\u00eb publikuar n\u00eb vitin 2007: \u201cDiktator\u00ebt e tiran\u00ebt, pothuajse gjithnj\u00eb, jepen pas korrupsionit, [&hellip;]\" \/>\n<meta property=\"og:url\" content=\"https:\/\/fjala.info\/2009-2015\/nje-gangster-ne-pushtet-eshte-kosto-e-madhe-per-vendin\/\" \/>\n<meta property=\"og:site_name\" content=\"FjALA e LIR\u00cb - Arkivi\" \/>\n<meta property=\"article:published_time\" content=\"2010-08-05T07:28:07+00:00\" \/>\n<meta property=\"og:image\" content=\"http:\/\/www.shkoder.net\/images\/fjala\/mustafa_nano.jpg\" \/>\n<meta name=\"author\" content=\"admin\" \/>\n<meta name=\"twitter:card\" content=\"summary_large_image\" \/>\n<meta name=\"twitter:label1\" content=\"Written by\" \/>\n\t<meta name=\"twitter:data1\" content=\"admin\" \/>\n\t<meta name=\"twitter:label2\" content=\"Est. reading time\" \/>\n\t<meta name=\"twitter:data2\" content=\"3 minutes\" \/>\n<script type=\"application\/ld+json\" class=\"yoast-schema-graph\">{\"@context\":\"https:\\\/\\\/schema.org\",\"@graph\":[{\"@type\":\"Article\",\"@id\":\"https:\\\/\\\/fjala.info\\\/2009-2015\\\/nje-gangster-ne-pushtet-eshte-kosto-e-madhe-per-vendin\\\/#article\",\"isPartOf\":{\"@id\":\"https:\\\/\\\/fjala.info\\\/2009-2015\\\/nje-gangster-ne-pushtet-eshte-kosto-e-madhe-per-vendin\\\/\"},\"author\":{\"name\":\"admin\",\"@id\":\"https:\\\/\\\/fjala.info\\\/2009-2015\\\/#\\\/schema\\\/person\\\/3aa1163ef05469c496fc94e77611ada2\"},\"headline\":\"NJ\u00cb GANGSTER N\u00cb PUSHTET \u00cbSHT\u00cb KOSTO E MADHE P\u00cbR VENDIN\",\"datePublished\":\"2010-08-05T07:28:07+00:00\",\"mainEntityOfPage\":{\"@id\":\"https:\\\/\\\/fjala.info\\\/2009-2015\\\/nje-gangster-ne-pushtet-eshte-kosto-e-madhe-per-vendin\\\/\"},\"wordCount\":595,\"commentCount\":0,\"publisher\":{\"@id\":\"https:\\\/\\\/fjala.info\\\/2009-2015\\\/#organization\"},\"image\":{\"@id\":\"https:\\\/\\\/fjala.info\\\/2009-2015\\\/nje-gangster-ne-pushtet-eshte-kosto-e-madhe-per-vendin\\\/#primaryimage\"},\"thumbnailUrl\":\"http:\\\/\\\/www.shkoder.net\\\/images\\\/fjala\\\/mustafa_nano.jpg\",\"articleSection\":[\"Artikuj\"],\"inLanguage\":\"sq-AL\",\"potentialAction\":[{\"@type\":\"CommentAction\",\"name\":\"Comment\",\"target\":[\"https:\\\/\\\/fjala.info\\\/2009-2015\\\/nje-gangster-ne-pushtet-eshte-kosto-e-madhe-per-vendin\\\/#respond\"]}]},{\"@type\":\"WebPage\",\"@id\":\"https:\\\/\\\/fjala.info\\\/2009-2015\\\/nje-gangster-ne-pushtet-eshte-kosto-e-madhe-per-vendin\\\/\",\"url\":\"https:\\\/\\\/fjala.info\\\/2009-2015\\\/nje-gangster-ne-pushtet-eshte-kosto-e-madhe-per-vendin\\\/\",\"name\":\"NJ\u00cb GANGSTER N\u00cb PUSHTET \u00cbSHT\u00cb KOSTO E MADHE P\u00cbR VENDIN - FjALA e LIR\u00cb - Arkivi\",\"isPartOf\":{\"@id\":\"https:\\\/\\\/fjala.info\\\/2009-2015\\\/#website\"},\"primaryImageOfPage\":{\"@id\":\"https:\\\/\\\/fjala.info\\\/2009-2015\\\/nje-gangster-ne-pushtet-eshte-kosto-e-madhe-per-vendin\\\/#primaryimage\"},\"image\":{\"@id\":\"https:\\\/\\\/fjala.info\\\/2009-2015\\\/nje-gangster-ne-pushtet-eshte-kosto-e-madhe-per-vendin\\\/#primaryimage\"},\"thumbnailUrl\":\"http:\\\/\\\/www.shkoder.net\\\/images\\\/fjala\\\/mustafa_nano.jpg\",\"datePublished\":\"2010-08-05T07:28:07+00:00\",\"breadcrumb\":{\"@id\":\"https:\\\/\\\/fjala.info\\\/2009-2015\\\/nje-gangster-ne-pushtet-eshte-kosto-e-madhe-per-vendin\\\/#breadcrumb\"},\"inLanguage\":\"sq-AL\",\"potentialAction\":[{\"@type\":\"ReadAction\",\"target\":[\"https:\\\/\\\/fjala.info\\\/2009-2015\\\/nje-gangster-ne-pushtet-eshte-kosto-e-madhe-per-vendin\\\/\"]}]},{\"@type\":\"ImageObject\",\"inLanguage\":\"sq-AL\",\"@id\":\"https:\\\/\\\/fjala.info\\\/2009-2015\\\/nje-gangster-ne-pushtet-eshte-kosto-e-madhe-per-vendin\\\/#primaryimage\",\"url\":\"http:\\\/\\\/www.shkoder.net\\\/images\\\/fjala\\\/mustafa_nano.jpg\",\"contentUrl\":\"http:\\\/\\\/www.shkoder.net\\\/images\\\/fjala\\\/mustafa_nano.jpg\"},{\"@type\":\"BreadcrumbList\",\"@id\":\"https:\\\/\\\/fjala.info\\\/2009-2015\\\/nje-gangster-ne-pushtet-eshte-kosto-e-madhe-per-vendin\\\/#breadcrumb\",\"itemListElement\":[{\"@type\":\"ListItem\",\"position\":1,\"name\":\"Home\",\"item\":\"https:\\\/\\\/fjala.info\\\/2009-2015\\\/\"},{\"@type\":\"ListItem\",\"position\":2,\"name\":\"NJ\u00cb GANGSTER N\u00cb PUSHTET \u00cbSHT\u00cb KOSTO E MADHE P\u00cbR VENDIN\"}]},{\"@type\":\"WebSite\",\"@id\":\"https:\\\/\\\/fjala.info\\\/2009-2015\\\/#website\",\"url\":\"https:\\\/\\\/fjala.info\\\/2009-2015\\\/\",\"name\":\"FjALA e LIR\u00cb - Arkivi\",\"description\":\"Arkivi 2009-2015\",\"publisher\":{\"@id\":\"https:\\\/\\\/fjala.info\\\/2009-2015\\\/#organization\"},\"potentialAction\":[{\"@type\":\"SearchAction\",\"target\":{\"@type\":\"EntryPoint\",\"urlTemplate\":\"https:\\\/\\\/fjala.info\\\/2009-2015\\\/?s={search_term_string}\"},\"query-input\":{\"@type\":\"PropertyValueSpecification\",\"valueRequired\":true,\"valueName\":\"search_term_string\"}}],\"inLanguage\":\"sq-AL\"},{\"@type\":\"Organization\",\"@id\":\"https:\\\/\\\/fjala.info\\\/2009-2015\\\/#organization\",\"name\":\"FjALA e LIR\u00cb - Arkivi\",\"url\":\"https:\\\/\\\/fjala.info\\\/2009-2015\\\/\",\"logo\":{\"@type\":\"ImageObject\",\"inLanguage\":\"sq-AL\",\"@id\":\"https:\\\/\\\/fjala.info\\\/2009-2015\\\/#\\\/schema\\\/logo\\\/image\\\/\",\"url\":\"\",\"contentUrl\":\"\",\"caption\":\"FjALA e LIR\u00cb - Arkivi\"},\"image\":{\"@id\":\"https:\\\/\\\/fjala.info\\\/2009-2015\\\/#\\\/schema\\\/logo\\\/image\\\/\"}},{\"@type\":\"Person\",\"@id\":\"https:\\\/\\\/fjala.info\\\/2009-2015\\\/#\\\/schema\\\/person\\\/3aa1163ef05469c496fc94e77611ada2\",\"name\":\"admin\",\"image\":{\"@type\":\"ImageObject\",\"inLanguage\":\"sq-AL\",\"@id\":\"https:\\\/\\\/fjala.info\\\/2009-2015\\\/wp-content\\\/uploads\\\/2012\\\/02\\\/arben_cokaj-120x150.jpg\",\"url\":\"https:\\\/\\\/fjala.info\\\/2009-2015\\\/wp-content\\\/uploads\\\/2012\\\/02\\\/arben_cokaj-120x150.jpg\",\"contentUrl\":\"https:\\\/\\\/fjala.info\\\/2009-2015\\\/wp-content\\\/uploads\\\/2012\\\/02\\\/arben_cokaj-120x150.jpg\",\"caption\":\"admin\"},\"description\":\"Admin, Fjala e Lir\u00eb\",\"sameAs\":[\"https:\\\/\\\/fjala.info\\\/\"],\"url\":\"https:\\\/\\\/fjala.info\\\/2009-2015\\\/author\\\/admin\\\/\"}]}<\/script>\n<!-- \/ Yoast SEO plugin. -->","yoast_head_json":{"title":"NJ\u00cb GANGSTER N\u00cb PUSHTET \u00cbSHT\u00cb KOSTO E MADHE P\u00cbR VENDIN - FjALA e LIR\u00cb - Arkivi","robots":{"index":"index","follow":"follow","max-snippet":"max-snippet:-1","max-image-preview":"max-image-preview:large","max-video-preview":"max-video-preview:-1"},"canonical":"https:\/\/fjala.info\/2009-2015\/nje-gangster-ne-pushtet-eshte-kosto-e-madhe-per-vendin\/","og_locale":"sq_AL","og_type":"article","og_title":"NJ\u00cb GANGSTER N\u00cb PUSHTET \u00cbSHT\u00cb KOSTO E MADHE P\u00cbR VENDIN - FjALA e LIR\u00cb - Arkivi","og_description":"Mustafa Nano Zululand Ja se \u00e7\u2019shkruan midis t\u00eb tjerash lidhur me klas\u00ebn politike e drejtuese t\u00eb korruptuar ekonomisti e gazetari amerikan, Daniel Altman, n\u00eb librin e tij me titull \u201c24 or\u00eb i zhytur n\u00eb ekonomin\u00eb globale (24 hours in the Global Economy)\u201d, t\u00eb publikuar n\u00eb vitin 2007: \u201cDiktator\u00ebt e tiran\u00ebt, pothuajse gjithnj\u00eb, jepen pas korrupsionit, [&hellip;]","og_url":"https:\/\/fjala.info\/2009-2015\/nje-gangster-ne-pushtet-eshte-kosto-e-madhe-per-vendin\/","og_site_name":"FjALA e LIR\u00cb - Arkivi","article_published_time":"2010-08-05T07:28:07+00:00","og_image":[{"url":"http:\/\/www.shkoder.net\/images\/fjala\/mustafa_nano.jpg","type":"","width":"","height":""}],"author":"admin","twitter_card":"summary_large_image","twitter_misc":{"Written by":"admin","Est. reading time":"3 minutes"},"schema":{"@context":"https:\/\/schema.org","@graph":[{"@type":"Article","@id":"https:\/\/fjala.info\/2009-2015\/nje-gangster-ne-pushtet-eshte-kosto-e-madhe-per-vendin\/#article","isPartOf":{"@id":"https:\/\/fjala.info\/2009-2015\/nje-gangster-ne-pushtet-eshte-kosto-e-madhe-per-vendin\/"},"author":{"name":"admin","@id":"https:\/\/fjala.info\/2009-2015\/#\/schema\/person\/3aa1163ef05469c496fc94e77611ada2"},"headline":"NJ\u00cb GANGSTER N\u00cb PUSHTET \u00cbSHT\u00cb KOSTO E MADHE P\u00cbR VENDIN","datePublished":"2010-08-05T07:28:07+00:00","mainEntityOfPage":{"@id":"https:\/\/fjala.info\/2009-2015\/nje-gangster-ne-pushtet-eshte-kosto-e-madhe-per-vendin\/"},"wordCount":595,"commentCount":0,"publisher":{"@id":"https:\/\/fjala.info\/2009-2015\/#organization"},"image":{"@id":"https:\/\/fjala.info\/2009-2015\/nje-gangster-ne-pushtet-eshte-kosto-e-madhe-per-vendin\/#primaryimage"},"thumbnailUrl":"http:\/\/www.shkoder.net\/images\/fjala\/mustafa_nano.jpg","articleSection":["Artikuj"],"inLanguage":"sq-AL","potentialAction":[{"@type":"CommentAction","name":"Comment","target":["https:\/\/fjala.info\/2009-2015\/nje-gangster-ne-pushtet-eshte-kosto-e-madhe-per-vendin\/#respond"]}]},{"@type":"WebPage","@id":"https:\/\/fjala.info\/2009-2015\/nje-gangster-ne-pushtet-eshte-kosto-e-madhe-per-vendin\/","url":"https:\/\/fjala.info\/2009-2015\/nje-gangster-ne-pushtet-eshte-kosto-e-madhe-per-vendin\/","name":"NJ\u00cb GANGSTER N\u00cb PUSHTET \u00cbSHT\u00cb KOSTO E MADHE P\u00cbR VENDIN - FjALA e LIR\u00cb - Arkivi","isPartOf":{"@id":"https:\/\/fjala.info\/2009-2015\/#website"},"primaryImageOfPage":{"@id":"https:\/\/fjala.info\/2009-2015\/nje-gangster-ne-pushtet-eshte-kosto-e-madhe-per-vendin\/#primaryimage"},"image":{"@id":"https:\/\/fjala.info\/2009-2015\/nje-gangster-ne-pushtet-eshte-kosto-e-madhe-per-vendin\/#primaryimage"},"thumbnailUrl":"http:\/\/www.shkoder.net\/images\/fjala\/mustafa_nano.jpg","datePublished":"2010-08-05T07:28:07+00:00","breadcrumb":{"@id":"https:\/\/fjala.info\/2009-2015\/nje-gangster-ne-pushtet-eshte-kosto-e-madhe-per-vendin\/#breadcrumb"},"inLanguage":"sq-AL","potentialAction":[{"@type":"ReadAction","target":["https:\/\/fjala.info\/2009-2015\/nje-gangster-ne-pushtet-eshte-kosto-e-madhe-per-vendin\/"]}]},{"@type":"ImageObject","inLanguage":"sq-AL","@id":"https:\/\/fjala.info\/2009-2015\/nje-gangster-ne-pushtet-eshte-kosto-e-madhe-per-vendin\/#primaryimage","url":"http:\/\/www.shkoder.net\/images\/fjala\/mustafa_nano.jpg","contentUrl":"http:\/\/www.shkoder.net\/images\/fjala\/mustafa_nano.jpg"},{"@type":"BreadcrumbList","@id":"https:\/\/fjala.info\/2009-2015\/nje-gangster-ne-pushtet-eshte-kosto-e-madhe-per-vendin\/#breadcrumb","itemListElement":[{"@type":"ListItem","position":1,"name":"Home","item":"https:\/\/fjala.info\/2009-2015\/"},{"@type":"ListItem","position":2,"name":"NJ\u00cb GANGSTER N\u00cb PUSHTET \u00cbSHT\u00cb KOSTO E MADHE P\u00cbR VENDIN"}]},{"@type":"WebSite","@id":"https:\/\/fjala.info\/2009-2015\/#website","url":"https:\/\/fjala.info\/2009-2015\/","name":"FjALA e LIR\u00cb - Arkivi","description":"Arkivi 2009-2015","publisher":{"@id":"https:\/\/fjala.info\/2009-2015\/#organization"},"potentialAction":[{"@type":"SearchAction","target":{"@type":"EntryPoint","urlTemplate":"https:\/\/fjala.info\/2009-2015\/?s={search_term_string}"},"query-input":{"@type":"PropertyValueSpecification","valueRequired":true,"valueName":"search_term_string"}}],"inLanguage":"sq-AL"},{"@type":"Organization","@id":"https:\/\/fjala.info\/2009-2015\/#organization","name":"FjALA e LIR\u00cb - Arkivi","url":"https:\/\/fjala.info\/2009-2015\/","logo":{"@type":"ImageObject","inLanguage":"sq-AL","@id":"https:\/\/fjala.info\/2009-2015\/#\/schema\/logo\/image\/","url":"","contentUrl":"","caption":"FjALA e LIR\u00cb - Arkivi"},"image":{"@id":"https:\/\/fjala.info\/2009-2015\/#\/schema\/logo\/image\/"}},{"@type":"Person","@id":"https:\/\/fjala.info\/2009-2015\/#\/schema\/person\/3aa1163ef05469c496fc94e77611ada2","name":"admin","image":{"@type":"ImageObject","inLanguage":"sq-AL","@id":"https:\/\/fjala.info\/2009-2015\/wp-content\/uploads\/2012\/02\/arben_cokaj-120x150.jpg","url":"https:\/\/fjala.info\/2009-2015\/wp-content\/uploads\/2012\/02\/arben_cokaj-120x150.jpg","contentUrl":"https:\/\/fjala.info\/2009-2015\/wp-content\/uploads\/2012\/02\/arben_cokaj-120x150.jpg","caption":"admin"},"description":"Admin, Fjala e Lir\u00eb","sameAs":["https:\/\/fjala.info\/"],"url":"https:\/\/fjala.info\/2009-2015\/author\/admin\/"}]}},"_links":{"self":[{"href":"https:\/\/fjala.info\/2009-2015\/wp-json\/wp\/v2\/posts\/3634","targetHints":{"allow":["GET"]}}],"collection":[{"href":"https:\/\/fjala.info\/2009-2015\/wp-json\/wp\/v2\/posts"}],"about":[{"href":"https:\/\/fjala.info\/2009-2015\/wp-json\/wp\/v2\/types\/post"}],"author":[{"embeddable":true,"href":"https:\/\/fjala.info\/2009-2015\/wp-json\/wp\/v2\/users\/1"}],"replies":[{"embeddable":true,"href":"https:\/\/fjala.info\/2009-2015\/wp-json\/wp\/v2\/comments?post=3634"}],"version-history":[{"count":0,"href":"https:\/\/fjala.info\/2009-2015\/wp-json\/wp\/v2\/posts\/3634\/revisions"}],"wp:attachment":[{"href":"https:\/\/fjala.info\/2009-2015\/wp-json\/wp\/v2\/media?parent=3634"}],"wp:term":[{"taxonomy":"category","embeddable":true,"href":"https:\/\/fjala.info\/2009-2015\/wp-json\/wp\/v2\/categories?post=3634"},{"taxonomy":"post_tag","embeddable":true,"href":"https:\/\/fjala.info\/2009-2015\/wp-json\/wp\/v2\/tags?post=3634"}],"curies":[{"name":"wp","href":"https:\/\/api.w.org\/{rel}","templated":true}]}}