{"id":3630,"date":"2010-08-05T08:22:52","date_gmt":"2010-08-05T07:22:52","guid":{"rendered":"http:\/\/fjala.shkoder.net\/?p=3630"},"modified":"2010-08-05T08:22:52","modified_gmt":"2010-08-05T07:22:52","slug":"burri-i-shtetit-dhe-kryetari-i-shtetit","status":"publish","type":"post","link":"https:\/\/fjala.info\/2009-2015\/burri-i-shtetit-dhe-kryetari-i-shtetit\/","title":{"rendered":"Burri i Shtetit dhe Kryetari i Shtetit"},"content":{"rendered":"<p><img decoding=\"async\" style=\"margin-left: 10px; margin-right: 10px; border: 0px;\" title=\"Nikolle Lesi\" src=\"http:\/\/www.shkoder.net\/images\/fjala\/nikolle_lesi.jpg\" border=\"0\" alt=\"\" width=\"100\" align=\"right\" \/><\/p>\n<p><strong>Nikoll\u00eb Lesi<\/strong>, <em>04.08.2010<\/em><\/p>\n<p>Debatet e k\u00ebtyre jav\u00ebve t\u00eb fundit mes nj\u00eb pjese t\u00eb PD-s\u00eb dhe Kryetarit&#8230;<br \/>\nt\u00eb Shtetit, zotit Topi, m\u00eb jan\u00eb dukur si nj\u00eb m\u00ebnyr\u00eb p\u00ebr t\u00eb kaluar pushimet e ver\u00ebs, pasi Parlamenti hapet n\u00eb shtator, opozita ka shkuar t\u00eb nxij\u00eb l\u00ebkur\u00ebn p\u00ebr ta b\u00ebr\u00eb gati p\u00ebr vjesht\u00ebn pa shum\u00eb gjethe t\u00eb k\u00ebtij viti, media nuk ka se \u00e7far\u00eb t\u00eb haj\u00eb ushqim t\u00eb p\u00ebrditsh\u00ebm gjat\u00eb muajit gusht. Pra, di\u00e7ka duhej sajuar.<\/p>\n<p>Plus k\u00ebsaj, meqen\u00ebse Presidenti nuk hodhi n\u00eb tryez\u00ebn e Parlamentit asnj\u00eb em\u00ebr p\u00ebr kryetar t\u00eb Gjykat\u00ebs Kushtetuese, at\u00ebher\u00eb grupi anti-Topi n\u00eb PD mendoi se mund t\u00eb miklonte sedr\u00ebn e Kryeministrit dhe liderit t\u00eb maxhoranc\u00ebs, duke synuar me nj\u00eb gur t\u00eb vriste dy zogj; edhe t\u00eb fitonte pik\u00eb te Berisha, por nj\u00ebkoh\u00ebsisht duke d\u00ebmtuar rikthimin e mundsh\u00ebm n\u00eb vitin 2012 t\u00eb Bamir Topit n\u00eb PD dhe k\u00ebshtu nuk u zinte njeri vendin n\u00eb hierarkin\u00eb drejtuese t\u00eb selis\u00eb blu. Fillimisht u krijua ideja se Berisha donte t\u00eb v\u00ebrtiste vet\u00eb predhat e topit mbi Topin, por nga pak e p\u00ebrdit\u00eb u darovit hamend\u00ebsimi. Kjo loj\u00eb kund\u00ebr Kryetarit t\u00eb Shtetit nuk mendoj se ka prapavij\u00ebn e burrit t\u00eb shtetit, zotit Berisha.<\/p>\n<p>Kam fakte dhe natyrisht eksperienca e k\u00ebtyre 20 viteve m\u00eb b\u00ebn ta pohoj publikisht k\u00ebt\u00eb gj\u00eb. N\u00ebse ndonj\u00ebri mendon apo n\u00ebnqesh n\u00ebp\u00ebr dh\u00ebmb\u00eb se &#8220;Lesi flet k\u00ebshtu se \u00ebsht\u00eb zv\/minist\u00ebr dhe e shkarkon Berisha&#8221; at\u00ebher\u00eb po b\u00ebjm\u00eb nj\u00eb pakt fjale q\u00eb n\u00eb fillim; nuk kam frik\u00eb nga asnj\u00ebri p\u00ebrderisa jam korrekt me ligjin dhe q\u00eb nes\u00ebr e dor\u00ebzoj me qejf karrigen e zv\/ministrit, n\u00ebse shumica mendon se kok\u00ebn e kam t\u00eb varur n\u00eb karrigen e Qeveris\u00eb!<\/p>\n<p>Por le ta l\u00ebm\u00eb k\u00ebt\u00eb hamendje t\u00eb disave, pasi ata DISA p\u00ebrher\u00eb kan\u00eb sajuar dreqnira dhe mikluar \u00e7do lloj pushteti p\u00ebr t\u00eb b\u00ebr\u00eb pazare p\u00ebr vete. Un\u00eb jam lloj tjet\u00ebr dhe ndaj do t\u00eb vazhdoj t\u00eb shkruaj, ashtu si\u00e7 edhe e mendoj, por edhe si duhet p\u00ebr t\u00eb ndaluar at\u00eb turr\u00eb drush zjarri q\u00eb duan t\u00eb v\u00ebn\u00eb mes Kryetarit t\u00eb Shtetit, zotit Topi dhe burrit t\u00eb shtetit, zotit Berisha.<\/p>\n<p>Zoti Berisha, duam apo nuk duam ka mbetur i vetmi Burr\u00eb Shteti n\u00eb k\u00ebto 20 vjet n\u00eb t\u00eb gjith\u00eb spektrin politik shqiptar. E kishte shansin edhe Fatos Nano t\u00eb kthehej n\u00eb Burr\u00eb Shteti, por e humbi p\u00ebr fajin e vet. Burr\u00eb Shteti nuk b\u00ebhet dokushdo. Ka plot politikan\u00eb, ish-kryeministra, ish-president\u00eb apo edhe Presidenti aktual. Asnj\u00ebri prej tyre nuk mund t\u00eb quhet Burr\u00eb Shteti.<\/p>\n<p>Si rregull historik burrat e shtetit lindin nj\u00ebher\u00eb n\u00eb 50 apo 100 vjet. E b\u00ebra k\u00ebt\u00eb sqarim t\u00eb nevojsh\u00ebm p\u00ebr t\u00eb b\u00ebr\u00eb dallimin tek lexuesi i thjesht\u00eb mes fjal\u00ebs Burr\u00eb Shteti dhe em\u00ebrtimit zyrtar Kryetar Shteti. T\u00eb par\u00ebn ta jep populli, pra historia, n\u00eb saj\u00eb t\u00eb pun\u00ebs e kontributit p\u00ebr kombin dhe t\u00eb dyt\u00ebn ta japin, natyrisht n\u00eb saj\u00eb t\u00eb vlerave pozitive e t\u00eb ve\u00e7anta q\u00eb ke si politikan apo si njeri. N\u00eb Europ\u00eb, burra shteti kan\u00eb qen\u00eb \u00c7\u00ebr\u00e7illi n\u00eb Britani apo De Goli n\u00eb Franc\u00eb.<\/p>\n<p>Tani t\u00eb rikthehemi tek tema e shkrimit q\u00eb nisa dhe dal\u00ebngadal\u00eb po e sqaroj se shum\u00eb pak veta q\u00eb kam takuar k\u00ebto dit\u00eb n\u00ebp\u00ebr Shqip\u00ebri besojn\u00eb se zoti Berisha k\u00ebrkon kok\u00ebn e Topit, apo se Kryeministri fiton ndonj\u00eb gj\u00eb nga k\u00ebto skenar\u00eb veror\u00eb.<\/p>\n<p>Shumica mendojn\u00eb, djathtas apo majtas apo edhe te paparti se k\u00ebto sulme kan\u00eb nj\u00eb prapavij\u00eb n\u00eb t\u00eb v\u00ebrtet\u00eb, por jan\u00eb pjes\u00eb t\u00eb grupeve n\u00eb PD, t\u00eb cil\u00ebt shikojn\u00eb nga vrima e gardhit se si mund t\u00eb marrin kreun e selis\u00eb blu, n\u00ebse Berisha ik\u00ebn, dikur, apo n\u00ebse Zoti nxiton n\u00eb pun\u00ebt e tij. Dhe po skutave t\u00eb PD-s\u00eb, dikush nxiton t\u00eb fus\u00eb mash\u00ebn e zjarrit mes t\u00eb dyve, n\u00eb m\u00ebnyr\u00eb q\u00eb ata t\u00eb dy t\u00eb mbushin topat kund\u00ebr nj\u00ebri-tjetrit dhe minjt\u00eb e oborrit t\u00eb skutave t\u00eb PD-s\u00eb nes\u00ebr t\u00eb b\u00ebhen mace n\u00eb vath\u00ebn e selis\u00eb blu.<\/p>\n<p>Nuk ka p\u00ebrse Berisha t\u00eb k\u00ebrkoj\u00eb konflikt me Presidentin, nd\u00ebrkoh\u00eb q\u00eb vet\u00eb personalisht e vuri President Topin dhe s\u00eb dyti, duhet pranuar q\u00eb Berisha nuk \u00ebsht\u00eb ai i pari q\u00eb kemi njohur dikur. Kush e njeh nga af\u00ebr dhe nuk e shikon vet\u00ebm n\u00eb televizor mund t\u00eb pohoj\u00eb se \u00ebsht\u00eb kthyer n\u00eb nj\u00eb Burr\u00eb Shteti. A kan\u00eb gabime edhe burrat e Shtetit mund t\u00eb pyesni?<\/p>\n<p>Patjet\u00ebr q\u00eb po dhe nuk mund t\u00eb jet\u00eb ndryshe, pasi at\u00ebher\u00eb flasim p\u00ebr mbinjeri dhe jemi jasht\u00eb realitetit ose flasim p\u00ebr fantashkenc\u00eb. Ndaj puna e shkeljes s\u00eb Kushtetues nga Presidenti k\u00ebto dit\u00eb p\u00ebr gjoja munges\u00ebn e kryetarit t\u00eb Gjykat\u00ebs Kushtetuese m\u00eb duket si nj\u00eb loj\u00eb e sajuar keq, pik\u00ebrisht se nuk \u00ebsht\u00eb Berisha n\u00eb prapasken\u00eb. Se po t\u00eb ishte Kryeministri, si\u00e7 thon\u00eb disa, tani vera ishte b\u00ebr\u00eb dim\u00ebr n\u00eb politik\u00eb! Jan\u00eb ata, minjt\u00eb n\u00eb PD, q\u00eb g\u00ebrmojn\u00eb p\u00ebr t\u00eb dal\u00eb skutave me shpres\u00ebn e ndonj\u00eb qosheje n\u00eb pranver\u00ebn pas Saliut!<\/p>\n<p>Problemi n\u00eb PD nuk \u00ebsht\u00eb p\u00ebr sot, por p\u00ebr mot, pra p\u00ebr trash\u00ebgimtarin e PD-s\u00eb. Dhe ata q\u00eb e synojn\u00eb kreun me marifet kan\u00eb thurur k\u00ebt\u00eb loj\u00eb e loj\u00ebra t\u00eb tjera priten, n\u00eb m\u00ebnyr\u00eb nes\u00ebr t\u00eb jen\u00eb n\u00eb loj\u00eb sa m\u00eb pak kandidat\u00eb potencial\u00eb. Dhe njeri prej tyre, nga m\u00eb t\u00eb r\u00ebnd\u00ebsishmit, mbetet Bamir Topi. Ndaj duhet anatemuar, goditur dhe ta mbajn\u00eb sa m\u00eb larg sht\u00ebpis\u00eb s\u00eb tij politike q\u00eb quhet PD, pavar\u00ebsisht se sot \u00ebsht\u00eb n\u00eb detyr\u00ebn e nderuar t\u00eb Kryetarit t\u00eb Shtetit.<\/p>\n<p>N\u00ebse do t\u00eb ishte p\u00ebr mua, edhe pse nuk jam n\u00eb PD, e kam pohuar publikisht dhe e rip\u00ebrs\u00ebris se i vetmi person q\u00eb mund ta mbaj\u00eb t\u00eb bashkuar PD edhe pasi Zoti t\u00eb k\u00ebt\u00eb mb\u00ebrritur papritur n\u00eb selin\u00eb blu \u00ebsht\u00eb Argita Berisha (Malltezi). Nuk kam p\u00ebrse t&#8217;i them edhe nj\u00ebher\u00eb argumentet, pasi i kam treguar hapur e jo skutave, bile pse e pohova k\u00ebt\u00eb fakt m\u00eb sulmuan skalionet e PD-s\u00eb n\u00eb Veri, duke m\u00eb b\u00ebr\u00eb q\u00eb t\u00eb skualifikohem k\u00ebt\u00eb her\u00eb p\u00ebr n\u00eb Parlament, por do t\u00eb rikthehem prap\u00eb atje n\u00eb Tempull!<\/p>\n<p>Nuk \u00ebsht\u00eb Berisha pas k\u00ebsaj loje edhe p\u00ebr nj\u00eb fakt tjet\u00ebr; mendoj se n\u00eb aritmetik\u00ebn e Doktorit, zoti Topi mbetet nj\u00eb As n\u00ebn dor\u00eb p\u00ebr n\u00eb zgjedhjet e ardhshme parlamentare t\u00eb vitit 2013. N\u00eb \u00e7do rrethan\u00eb, pas tet\u00eb viteve n\u00eb maxhoranc\u00eb, pushteti humbet kuota edhe kur ke punuar me shpirt e drejt\u00ebsi, pasi jan\u00eb shum\u00eb faktor\u00eb q\u00eb ndikojn\u00eb n\u00eb vitet e administrimit t\u00eb ekzekutivit. K\u00ebshtu q\u00eb thirren n\u00eb sken\u00eb apo af\u00ebr t\u00eb zotit t\u00eb selis\u00eb blu edhe emra q\u00eb kan\u00eb popullaritet e kariz\u00ebm, n\u00eb m\u00ebnyr\u00eb t\u00eb rifitohet mandati i tret\u00eb.<\/p>\n<p>Dhe p\u00ebr k\u00ebt\u00eb fakt Berisha nuk mendoj se ka interes t\u00eb godas\u00eb Kryetarin e Shtetit, pasi nj\u00eb Burr\u00eb Shteti \u00ebsht\u00eb m\u00eb lart se edhe Kryetari i Shtetit. Ndaj ata q\u00eb e sajuan k\u00ebt\u00eb &#8220;SHERR&#8221; jan\u00eb ata q\u00eb nuk e ndjejn\u00eb veten t\u00eb fort\u00eb nd\u00ebr radh\u00ebt e maxhoranc\u00ebs, apo q\u00eb duke futur n\u00eb luft\u00eb Kryeministrin me Presidentin t\u00eb ngrohin duart n\u00eb \u00ebndrrat e tyre p\u00ebr t\u00eb marr\u00eb ndonj\u00eb cop\u00eb tort\u00eb m\u00eb tep\u00ebr nga \u00e7&#8217;jan\u00eb m\u00ebsuar t\u00eb p\u00ebrlajn\u00eb tash gjasht\u00eb vite.<\/p>\n<p>Un\u00eb personalisht mendoj se zoti Kryeminist\u00ebr ka m\u00eb tep\u00ebr nevoj\u00eb t\u00eb shikoj\u00eb mund\u00ebsin\u00eb e ndryshimit t\u00eb imazhit t\u00eb Qeveris\u00eb tashm\u00eb q\u00eb po futemi n\u00eb fush\u00ebn e loj\u00ebs elektorale t\u00eb zgjedhjeve vendore t\u00eb vitit tjet\u00ebr. E them pa merak e ndrojtje se disa ministra nuk jan\u00eb askurrkund me hapin e Kryeministrit, i cili edhe p\u00ebr nga natyra nuk pranon q\u00eb segmente t\u00eb qeverisjes t\u00eb fusin ndryshk n\u00eb mekanizimin e tij t\u00eb progresit.<\/p>\n<p>Meqen\u00ebse nuk mund t\u00eb rrija pa folur p\u00ebr k\u00ebt\u00eb sajes\u00eb verore ndaj Kryetarit t\u00eb Shtetit po e them edhe nj\u00eb fjal\u00eb tjet\u00ebr n\u00eb raport me qeverisjen; ashtu sikurse nj\u00eb makin\u00eb q\u00eb punon pa ndales\u00eb ka nevoj\u00eb t\u00eb nd\u00ebrroj\u00eb filtrat, ferrotat, vajin, etj., edhe Qeveria ka nevoj\u00eb p\u00ebr pak nd\u00ebrrim &#8220;filtrash&#8221;!<\/p>\n","protected":false},"excerpt":{"rendered":"<p>Nikoll\u00eb Lesi, 04.08.2010 Debatet e k\u00ebtyre jav\u00ebve t\u00eb fundit mes nj\u00eb pjese t\u00eb PD-s\u00eb dhe Kryetarit&#8230; t\u00eb Shtetit, zotit Topi, m\u00eb jan\u00eb dukur si nj\u00eb m\u00ebnyr\u00eb p\u00ebr t\u00eb kaluar pushimet e ver\u00ebs, pasi Parlamenti hapet n\u00eb shtator, opozita ka shkuar t\u00eb nxij\u00eb l\u00ebkur\u00ebn p\u00ebr ta b\u00ebr\u00eb gati p\u00ebr vjesht\u00ebn pa shum\u00eb gjethe t\u00eb k\u00ebtij viti, [&hellip;]<\/p>\n","protected":false},"author":1,"featured_media":0,"comment_status":"open","ping_status":"closed","sticky":false,"template":"","format":"standard","meta":{"footnotes":""},"categories":[2],"tags":[],"class_list":{"0":"post-3630","1":"post","2":"type-post","3":"status-publish","4":"format-standard","6":"category-artikuj"},"yoast_head":"<!-- This site is optimized with the Yoast SEO plugin v27.4 - https:\/\/yoast.com\/product\/yoast-seo-wordpress\/ -->\n<title>Burri i Shtetit dhe Kryetari i Shtetit - FjALA e LIR\u00cb - Arkivi<\/title>\n<meta name=\"robots\" content=\"index, follow, max-snippet:-1, max-image-preview:large, max-video-preview:-1\" \/>\n<link rel=\"canonical\" href=\"https:\/\/fjala.info\/2009-2015\/burri-i-shtetit-dhe-kryetari-i-shtetit\/\" \/>\n<meta property=\"og:locale\" content=\"sq_AL\" \/>\n<meta property=\"og:type\" content=\"article\" \/>\n<meta property=\"og:title\" content=\"Burri i Shtetit dhe Kryetari i Shtetit - FjALA e LIR\u00cb - Arkivi\" \/>\n<meta property=\"og:description\" content=\"Nikoll\u00eb Lesi, 04.08.2010 Debatet e k\u00ebtyre jav\u00ebve t\u00eb fundit mes nj\u00eb pjese t\u00eb PD-s\u00eb dhe Kryetarit&#8230; t\u00eb Shtetit, zotit Topi, m\u00eb jan\u00eb dukur si nj\u00eb m\u00ebnyr\u00eb p\u00ebr t\u00eb kaluar pushimet e ver\u00ebs, pasi Parlamenti hapet n\u00eb shtator, opozita ka shkuar t\u00eb nxij\u00eb l\u00ebkur\u00ebn p\u00ebr ta b\u00ebr\u00eb gati p\u00ebr vjesht\u00ebn pa shum\u00eb gjethe t\u00eb k\u00ebtij viti, [&hellip;]\" \/>\n<meta property=\"og:url\" content=\"https:\/\/fjala.info\/2009-2015\/burri-i-shtetit-dhe-kryetari-i-shtetit\/\" \/>\n<meta property=\"og:site_name\" content=\"FjALA e LIR\u00cb - Arkivi\" \/>\n<meta property=\"article:published_time\" content=\"2010-08-05T07:22:52+00:00\" \/>\n<meta property=\"og:image\" content=\"http:\/\/www.shkoder.net\/images\/fjala\/nikolle_lesi.jpg\" \/>\n<meta name=\"author\" content=\"admin\" \/>\n<meta name=\"twitter:card\" content=\"summary_large_image\" \/>\n<meta name=\"twitter:label1\" content=\"Written by\" \/>\n\t<meta name=\"twitter:data1\" content=\"admin\" \/>\n\t<meta name=\"twitter:label2\" content=\"Est. reading time\" \/>\n\t<meta name=\"twitter:data2\" content=\"7 minutes\" \/>\n<script type=\"application\/ld+json\" class=\"yoast-schema-graph\">{\"@context\":\"https:\\\/\\\/schema.org\",\"@graph\":[{\"@type\":\"Article\",\"@id\":\"https:\\\/\\\/fjala.info\\\/2009-2015\\\/burri-i-shtetit-dhe-kryetari-i-shtetit\\\/#article\",\"isPartOf\":{\"@id\":\"https:\\\/\\\/fjala.info\\\/2009-2015\\\/burri-i-shtetit-dhe-kryetari-i-shtetit\\\/\"},\"author\":{\"name\":\"admin\",\"@id\":\"https:\\\/\\\/fjala.info\\\/2009-2015\\\/#\\\/schema\\\/person\\\/3aa1163ef05469c496fc94e77611ada2\"},\"headline\":\"Burri i Shtetit dhe Kryetari i Shtetit\",\"datePublished\":\"2010-08-05T07:22:52+00:00\",\"mainEntityOfPage\":{\"@id\":\"https:\\\/\\\/fjala.info\\\/2009-2015\\\/burri-i-shtetit-dhe-kryetari-i-shtetit\\\/\"},\"wordCount\":1428,\"commentCount\":0,\"publisher\":{\"@id\":\"https:\\\/\\\/fjala.info\\\/2009-2015\\\/#organization\"},\"image\":{\"@id\":\"https:\\\/\\\/fjala.info\\\/2009-2015\\\/burri-i-shtetit-dhe-kryetari-i-shtetit\\\/#primaryimage\"},\"thumbnailUrl\":\"http:\\\/\\\/www.shkoder.net\\\/images\\\/fjala\\\/nikolle_lesi.jpg\",\"articleSection\":[\"Artikuj\"],\"inLanguage\":\"sq-AL\",\"potentialAction\":[{\"@type\":\"CommentAction\",\"name\":\"Comment\",\"target\":[\"https:\\\/\\\/fjala.info\\\/2009-2015\\\/burri-i-shtetit-dhe-kryetari-i-shtetit\\\/#respond\"]}]},{\"@type\":\"WebPage\",\"@id\":\"https:\\\/\\\/fjala.info\\\/2009-2015\\\/burri-i-shtetit-dhe-kryetari-i-shtetit\\\/\",\"url\":\"https:\\\/\\\/fjala.info\\\/2009-2015\\\/burri-i-shtetit-dhe-kryetari-i-shtetit\\\/\",\"name\":\"Burri i Shtetit dhe Kryetari i Shtetit - FjALA e LIR\u00cb - Arkivi\",\"isPartOf\":{\"@id\":\"https:\\\/\\\/fjala.info\\\/2009-2015\\\/#website\"},\"primaryImageOfPage\":{\"@id\":\"https:\\\/\\\/fjala.info\\\/2009-2015\\\/burri-i-shtetit-dhe-kryetari-i-shtetit\\\/#primaryimage\"},\"image\":{\"@id\":\"https:\\\/\\\/fjala.info\\\/2009-2015\\\/burri-i-shtetit-dhe-kryetari-i-shtetit\\\/#primaryimage\"},\"thumbnailUrl\":\"http:\\\/\\\/www.shkoder.net\\\/images\\\/fjala\\\/nikolle_lesi.jpg\",\"datePublished\":\"2010-08-05T07:22:52+00:00\",\"breadcrumb\":{\"@id\":\"https:\\\/\\\/fjala.info\\\/2009-2015\\\/burri-i-shtetit-dhe-kryetari-i-shtetit\\\/#breadcrumb\"},\"inLanguage\":\"sq-AL\",\"potentialAction\":[{\"@type\":\"ReadAction\",\"target\":[\"https:\\\/\\\/fjala.info\\\/2009-2015\\\/burri-i-shtetit-dhe-kryetari-i-shtetit\\\/\"]}]},{\"@type\":\"ImageObject\",\"inLanguage\":\"sq-AL\",\"@id\":\"https:\\\/\\\/fjala.info\\\/2009-2015\\\/burri-i-shtetit-dhe-kryetari-i-shtetit\\\/#primaryimage\",\"url\":\"http:\\\/\\\/www.shkoder.net\\\/images\\\/fjala\\\/nikolle_lesi.jpg\",\"contentUrl\":\"http:\\\/\\\/www.shkoder.net\\\/images\\\/fjala\\\/nikolle_lesi.jpg\"},{\"@type\":\"BreadcrumbList\",\"@id\":\"https:\\\/\\\/fjala.info\\\/2009-2015\\\/burri-i-shtetit-dhe-kryetari-i-shtetit\\\/#breadcrumb\",\"itemListElement\":[{\"@type\":\"ListItem\",\"position\":1,\"name\":\"Home\",\"item\":\"https:\\\/\\\/fjala.info\\\/2009-2015\\\/\"},{\"@type\":\"ListItem\",\"position\":2,\"name\":\"Burri i Shtetit dhe Kryetari i Shtetit\"}]},{\"@type\":\"WebSite\",\"@id\":\"https:\\\/\\\/fjala.info\\\/2009-2015\\\/#website\",\"url\":\"https:\\\/\\\/fjala.info\\\/2009-2015\\\/\",\"name\":\"FjALA e LIR\u00cb - Arkivi\",\"description\":\"Arkivi 2009-2015\",\"publisher\":{\"@id\":\"https:\\\/\\\/fjala.info\\\/2009-2015\\\/#organization\"},\"potentialAction\":[{\"@type\":\"SearchAction\",\"target\":{\"@type\":\"EntryPoint\",\"urlTemplate\":\"https:\\\/\\\/fjala.info\\\/2009-2015\\\/?s={search_term_string}\"},\"query-input\":{\"@type\":\"PropertyValueSpecification\",\"valueRequired\":true,\"valueName\":\"search_term_string\"}}],\"inLanguage\":\"sq-AL\"},{\"@type\":\"Organization\",\"@id\":\"https:\\\/\\\/fjala.info\\\/2009-2015\\\/#organization\",\"name\":\"FjALA e LIR\u00cb - Arkivi\",\"url\":\"https:\\\/\\\/fjala.info\\\/2009-2015\\\/\",\"logo\":{\"@type\":\"ImageObject\",\"inLanguage\":\"sq-AL\",\"@id\":\"https:\\\/\\\/fjala.info\\\/2009-2015\\\/#\\\/schema\\\/logo\\\/image\\\/\",\"url\":\"\",\"contentUrl\":\"\",\"caption\":\"FjALA e LIR\u00cb - Arkivi\"},\"image\":{\"@id\":\"https:\\\/\\\/fjala.info\\\/2009-2015\\\/#\\\/schema\\\/logo\\\/image\\\/\"}},{\"@type\":\"Person\",\"@id\":\"https:\\\/\\\/fjala.info\\\/2009-2015\\\/#\\\/schema\\\/person\\\/3aa1163ef05469c496fc94e77611ada2\",\"name\":\"admin\",\"image\":{\"@type\":\"ImageObject\",\"inLanguage\":\"sq-AL\",\"@id\":\"https:\\\/\\\/fjala.info\\\/2009-2015\\\/wp-content\\\/uploads\\\/2012\\\/02\\\/arben_cokaj-120x150.jpg\",\"url\":\"https:\\\/\\\/fjala.info\\\/2009-2015\\\/wp-content\\\/uploads\\\/2012\\\/02\\\/arben_cokaj-120x150.jpg\",\"contentUrl\":\"https:\\\/\\\/fjala.info\\\/2009-2015\\\/wp-content\\\/uploads\\\/2012\\\/02\\\/arben_cokaj-120x150.jpg\",\"caption\":\"admin\"},\"description\":\"Admin, Fjala e Lir\u00eb\",\"sameAs\":[\"https:\\\/\\\/fjala.info\\\/\"],\"url\":\"https:\\\/\\\/fjala.info\\\/2009-2015\\\/author\\\/admin\\\/\"}]}<\/script>\n<!-- \/ Yoast SEO plugin. -->","yoast_head_json":{"title":"Burri i Shtetit dhe Kryetari i Shtetit - FjALA e LIR\u00cb - Arkivi","robots":{"index":"index","follow":"follow","max-snippet":"max-snippet:-1","max-image-preview":"max-image-preview:large","max-video-preview":"max-video-preview:-1"},"canonical":"https:\/\/fjala.info\/2009-2015\/burri-i-shtetit-dhe-kryetari-i-shtetit\/","og_locale":"sq_AL","og_type":"article","og_title":"Burri i Shtetit dhe Kryetari i Shtetit - FjALA e LIR\u00cb - Arkivi","og_description":"Nikoll\u00eb Lesi, 04.08.2010 Debatet e k\u00ebtyre jav\u00ebve t\u00eb fundit mes nj\u00eb pjese t\u00eb PD-s\u00eb dhe Kryetarit&#8230; t\u00eb Shtetit, zotit Topi, m\u00eb jan\u00eb dukur si nj\u00eb m\u00ebnyr\u00eb p\u00ebr t\u00eb kaluar pushimet e ver\u00ebs, pasi Parlamenti hapet n\u00eb shtator, opozita ka shkuar t\u00eb nxij\u00eb l\u00ebkur\u00ebn p\u00ebr ta b\u00ebr\u00eb gati p\u00ebr vjesht\u00ebn pa shum\u00eb gjethe t\u00eb k\u00ebtij viti, [&hellip;]","og_url":"https:\/\/fjala.info\/2009-2015\/burri-i-shtetit-dhe-kryetari-i-shtetit\/","og_site_name":"FjALA e LIR\u00cb - Arkivi","article_published_time":"2010-08-05T07:22:52+00:00","og_image":[{"url":"http:\/\/www.shkoder.net\/images\/fjala\/nikolle_lesi.jpg","type":"","width":"","height":""}],"author":"admin","twitter_card":"summary_large_image","twitter_misc":{"Written by":"admin","Est. reading time":"7 minutes"},"schema":{"@context":"https:\/\/schema.org","@graph":[{"@type":"Article","@id":"https:\/\/fjala.info\/2009-2015\/burri-i-shtetit-dhe-kryetari-i-shtetit\/#article","isPartOf":{"@id":"https:\/\/fjala.info\/2009-2015\/burri-i-shtetit-dhe-kryetari-i-shtetit\/"},"author":{"name":"admin","@id":"https:\/\/fjala.info\/2009-2015\/#\/schema\/person\/3aa1163ef05469c496fc94e77611ada2"},"headline":"Burri i Shtetit dhe Kryetari i Shtetit","datePublished":"2010-08-05T07:22:52+00:00","mainEntityOfPage":{"@id":"https:\/\/fjala.info\/2009-2015\/burri-i-shtetit-dhe-kryetari-i-shtetit\/"},"wordCount":1428,"commentCount":0,"publisher":{"@id":"https:\/\/fjala.info\/2009-2015\/#organization"},"image":{"@id":"https:\/\/fjala.info\/2009-2015\/burri-i-shtetit-dhe-kryetari-i-shtetit\/#primaryimage"},"thumbnailUrl":"http:\/\/www.shkoder.net\/images\/fjala\/nikolle_lesi.jpg","articleSection":["Artikuj"],"inLanguage":"sq-AL","potentialAction":[{"@type":"CommentAction","name":"Comment","target":["https:\/\/fjala.info\/2009-2015\/burri-i-shtetit-dhe-kryetari-i-shtetit\/#respond"]}]},{"@type":"WebPage","@id":"https:\/\/fjala.info\/2009-2015\/burri-i-shtetit-dhe-kryetari-i-shtetit\/","url":"https:\/\/fjala.info\/2009-2015\/burri-i-shtetit-dhe-kryetari-i-shtetit\/","name":"Burri i Shtetit dhe Kryetari i Shtetit - FjALA e LIR\u00cb - Arkivi","isPartOf":{"@id":"https:\/\/fjala.info\/2009-2015\/#website"},"primaryImageOfPage":{"@id":"https:\/\/fjala.info\/2009-2015\/burri-i-shtetit-dhe-kryetari-i-shtetit\/#primaryimage"},"image":{"@id":"https:\/\/fjala.info\/2009-2015\/burri-i-shtetit-dhe-kryetari-i-shtetit\/#primaryimage"},"thumbnailUrl":"http:\/\/www.shkoder.net\/images\/fjala\/nikolle_lesi.jpg","datePublished":"2010-08-05T07:22:52+00:00","breadcrumb":{"@id":"https:\/\/fjala.info\/2009-2015\/burri-i-shtetit-dhe-kryetari-i-shtetit\/#breadcrumb"},"inLanguage":"sq-AL","potentialAction":[{"@type":"ReadAction","target":["https:\/\/fjala.info\/2009-2015\/burri-i-shtetit-dhe-kryetari-i-shtetit\/"]}]},{"@type":"ImageObject","inLanguage":"sq-AL","@id":"https:\/\/fjala.info\/2009-2015\/burri-i-shtetit-dhe-kryetari-i-shtetit\/#primaryimage","url":"http:\/\/www.shkoder.net\/images\/fjala\/nikolle_lesi.jpg","contentUrl":"http:\/\/www.shkoder.net\/images\/fjala\/nikolle_lesi.jpg"},{"@type":"BreadcrumbList","@id":"https:\/\/fjala.info\/2009-2015\/burri-i-shtetit-dhe-kryetari-i-shtetit\/#breadcrumb","itemListElement":[{"@type":"ListItem","position":1,"name":"Home","item":"https:\/\/fjala.info\/2009-2015\/"},{"@type":"ListItem","position":2,"name":"Burri i Shtetit dhe Kryetari i Shtetit"}]},{"@type":"WebSite","@id":"https:\/\/fjala.info\/2009-2015\/#website","url":"https:\/\/fjala.info\/2009-2015\/","name":"FjALA e LIR\u00cb - Arkivi","description":"Arkivi 2009-2015","publisher":{"@id":"https:\/\/fjala.info\/2009-2015\/#organization"},"potentialAction":[{"@type":"SearchAction","target":{"@type":"EntryPoint","urlTemplate":"https:\/\/fjala.info\/2009-2015\/?s={search_term_string}"},"query-input":{"@type":"PropertyValueSpecification","valueRequired":true,"valueName":"search_term_string"}}],"inLanguage":"sq-AL"},{"@type":"Organization","@id":"https:\/\/fjala.info\/2009-2015\/#organization","name":"FjALA e LIR\u00cb - Arkivi","url":"https:\/\/fjala.info\/2009-2015\/","logo":{"@type":"ImageObject","inLanguage":"sq-AL","@id":"https:\/\/fjala.info\/2009-2015\/#\/schema\/logo\/image\/","url":"","contentUrl":"","caption":"FjALA e LIR\u00cb - Arkivi"},"image":{"@id":"https:\/\/fjala.info\/2009-2015\/#\/schema\/logo\/image\/"}},{"@type":"Person","@id":"https:\/\/fjala.info\/2009-2015\/#\/schema\/person\/3aa1163ef05469c496fc94e77611ada2","name":"admin","image":{"@type":"ImageObject","inLanguage":"sq-AL","@id":"https:\/\/fjala.info\/2009-2015\/wp-content\/uploads\/2012\/02\/arben_cokaj-120x150.jpg","url":"https:\/\/fjala.info\/2009-2015\/wp-content\/uploads\/2012\/02\/arben_cokaj-120x150.jpg","contentUrl":"https:\/\/fjala.info\/2009-2015\/wp-content\/uploads\/2012\/02\/arben_cokaj-120x150.jpg","caption":"admin"},"description":"Admin, Fjala e Lir\u00eb","sameAs":["https:\/\/fjala.info\/"],"url":"https:\/\/fjala.info\/2009-2015\/author\/admin\/"}]}},"_links":{"self":[{"href":"https:\/\/fjala.info\/2009-2015\/wp-json\/wp\/v2\/posts\/3630","targetHints":{"allow":["GET"]}}],"collection":[{"href":"https:\/\/fjala.info\/2009-2015\/wp-json\/wp\/v2\/posts"}],"about":[{"href":"https:\/\/fjala.info\/2009-2015\/wp-json\/wp\/v2\/types\/post"}],"author":[{"embeddable":true,"href":"https:\/\/fjala.info\/2009-2015\/wp-json\/wp\/v2\/users\/1"}],"replies":[{"embeddable":true,"href":"https:\/\/fjala.info\/2009-2015\/wp-json\/wp\/v2\/comments?post=3630"}],"version-history":[{"count":0,"href":"https:\/\/fjala.info\/2009-2015\/wp-json\/wp\/v2\/posts\/3630\/revisions"}],"wp:attachment":[{"href":"https:\/\/fjala.info\/2009-2015\/wp-json\/wp\/v2\/media?parent=3630"}],"wp:term":[{"taxonomy":"category","embeddable":true,"href":"https:\/\/fjala.info\/2009-2015\/wp-json\/wp\/v2\/categories?post=3630"},{"taxonomy":"post_tag","embeddable":true,"href":"https:\/\/fjala.info\/2009-2015\/wp-json\/wp\/v2\/tags?post=3630"}],"curies":[{"name":"wp","href":"https:\/\/api.w.org\/{rel}","templated":true}]}}