{"id":363,"date":"2011-11-27T22:01:41","date_gmt":"2011-11-27T21:01:41","guid":{"rendered":"http:\/\/fjala.shkoder.net\/?p=363"},"modified":"2011-11-27T22:01:41","modified_gmt":"2011-11-27T21:01:41","slug":"reagim-kunder-konfuzitetit-hipokrit-dhe-tendencioz-te-isuf-bytycit","status":"publish","type":"post","link":"https:\/\/fjala.info\/2009-2015\/reagim-kunder-konfuzitetit-hipokrit-dhe-tendencioz-te-isuf-bytycit\/","title":{"rendered":"Reagim kunder konfuzitetit hipokrit dhe tendencioz t\u00eb Isuf  Byty\u00e7it"},"content":{"rendered":"<p><img decoding=\"async\" class=\"alignright size-thumbnail wp-image-7236\" title=\"Asllan Dibrani\" src=\"http:\/\/www.shkoder.net\/images\/fjala\/asllan_dibrani.jpg\" alt=\"\" width=\"150\" \/> &#8230;<em><strong>q\u00eb mllefin p\u00ebrpiqet ta fsheh p\u00ebrmes Rexhep Qosjes!<\/strong><\/em><\/p>\n<p>Nga <strong>Asllan Dibrani<\/strong><\/p>\n<p>Vet\u00eb titulli se kush na qenka Asllan Dibrani \u00ebsht\u00eb nj\u00eb sinjal p\u00ebrshtypje qe ky tip butaku, injoranti ka tendenc\u00eb kund\u00ebr meje, kur ketu ne artikullin e tij shihet nje konfuzitet paqartesi, indiferentizem, zem\u00ebrngusht\u00ebsi, demagogji, manipulant dhe verberi nga nje intelekt abuzues i cekt qe ne brendesin\u00eb e te shprehurit ne artikull bene thirrje p\u00ebr\u00e7arje, urrejtje, ndarje krahinore, lokaliste politike ne kulture e ma gjere duke e mbrojtur ne m\u00ebnyre dinake q\u00ebndrimin pro fundamentalist\u00ebve islamik\u00eb vehabist\u00eb, por ne theks t\u00eb ve\u00e7anet zotin Rexhep Qosjen, p\u00ebrpiqet qe ta mbroj\u00eb, ku n\u00eb shum\u00eb raste as q\u00eb p\u00ebrputhet me shkrimin aktual brenda kornizave te artikullit tim;<\/p>\n<p><em>Asllan Dibrani<\/em>: <strong>Kushtrim p\u00ebr shp\u00ebtim nga rreziku i ekstremizmit islamik q\u00eb vepron n\u00eb m\u00ebnyr\u00eb perfide kund\u00ebr kombit shqiptar! <\/strong><\/p>\n<p>E Marte, 04-10-2011, 05:00pm<\/p>\n<p>Isuf I Byty\u00e7i: http:\/\/www.zemrashqiptare.net\/article\/Komente\/25078\/Rexhep%20Qosjen, mund ta krahasojm\u00eb me Gjergj Kastriotin<\/p>\n<p>E Shtune, 19-11-2011, 07:24pm (GMT)<\/p>\n<p>dhe &#8220;Shpikja dhe shpifja e kombit mysliman te shqiptar\u00ebt&#8221; qe u botua n\u00eb dhjet\u00ebra gazeta dhe faqe interneti gj\u00eb qe pati jehon\u00eb n\u00eb t\u00eb gjitha sferat mediave dhe me qindra komente qe e p\u00ebrkrah\u00ebn ne mas\u00eb t\u00eb madhe por n\u00eb mesin e komenteve doli nj\u00eb far\u00eb gazetaruri prandaj po i p\u00ebrgjigjet edhe kjo etik\u00eb me em\u00ebrtimin Urith-Isuf Bytyqi.<\/p>\n<p><img decoding=\"async\" class=\"alignleft size-thumbnail wp-image-7236\" title=\"Karikatur\u00eb e Isuf Bytyqit\" src=\"http:\/\/www.shkoder.net\/images\/fjala\/2011\/karikature_isuf_bytyci.jpg\" alt=\"\" width=\"300\" \/><em>Karikatur\u00eb e Isuf Urith Bytyqit <\/em><\/p>\n<p>As lagjia e vet nuk po e njohkan e lere ma ndonj\u00eb njeri apo medium shqiptar me pesh\u00eb, por me ndihm\u00ebn e njer\u00ebzve t\u00eb caktuar paska marr sugjerimet dhe forc\u00ebn e rrejshme nga pozicioni i manipulantit qe ti kund\u00ebrvihet shkrimi tim, plot dinamiz\u00ebm dhe progres p\u00ebr \u00e7\u00ebshtjen Komb\u00ebtar\u00eb. N\u00eb shkrimin tim i kam dhe nj\u00eb analiz\u00eb lidhur me pasojat dhe pozicioni i fundamentalizmit vehabist n\u00eb trojet tona shqiptare, por sikur k\u00ebtij far\u00eb voc\u00ebrrakut nuk i paska p\u00eblqyer kjo analiz\u00eb qe thot\u00eb se u botua ne gazet\u00ebn antikomb\u00ebtare n\u00eb &#8220;Bota Sot&#8221; dhe n\u00eb &#8220;Zemr\u00ebn Shqiptare&#8221;?<\/p>\n<p>Zot\u00ebri Bytyqi shihet manipulimi i juaj i dirigjuar dhe i gabuar se \u00ebsht\u00eb botuar n\u00eb shum\u00eb gazeta t\u00eb p\u00ebrditshme periodike, ne radio dhe faqe interneti etj. Ka hasur ne p\u00ebrkrahje nga zeri i arsyesh\u00ebm me prononcimet e intelektual\u00ebve dhe njer\u00ebzve t\u00eb pend\u00ebs me em\u00ebr. Jam bashk\u00ebpun\u00ebtor i shum\u00eb mediave por edhe &#8220;Bota Sot&#8221; i boton shkrimet e mia. Ju me vet\u00ebn tuaj, po bini ndesh kund\u00ebrth\u00ebn\u00ebse kur e quani antikomb\u00ebtare at\u00eb gazet\u00eb, ku ju paskeni vet\u00ebm nj\u00eb artikull, po ne k\u00ebt\u00eb gazet\u00eb dhe i dyti artikull \u00ebsht\u00eb ky qe kund\u00ebrshtoni q\u00ebndrimin tim. I vetmi shkrim qe ta paska shkruar dikush ma her\u00ebt qenka i botuar po n\u00eb at\u00eb gazet\u00eb antikomb\u00ebtare &#8220;Bota Sot&#8221;, ja ku e ke kliko: http:\/\/www.botasot.info\/def.php?id=17478 . Sipas jush po del se jeni nj\u00eb tradhtar ndaj kombit, pasi veten e paskeni gjet ne fush\u00ebn publike pik\u00ebrisht t\u00eb kjo gazet\u00eb antikomb\u00ebtar!<\/p>\n<p><em>Po te p\u00ebrgjigjem p\u00ebr mediat. Mediat n\u00eb trojet shqiptare fatkeq\u00ebsisht diktohen nga partit\u00eb politike sipas kutit t\u00eb tyre!<\/em><\/p>\n<p>As qe po dua ta mbroj\u00eb at\u00eb gazet\u00eb, por as te tjerat se shtypi dhe mediat n\u00eb trojet shqiptare fatkeq\u00ebsisht diktohen nga partit\u00eb politike, sipas kutit t\u00eb tyre!Zoti Bytyqi un\u00eb e shoh se nuk ke potencial aspak ti kund\u00ebrviheni k\u00ebtij shkrimi, se ai shkrim \u00ebsht\u00eb i p\u00ebrgatitur ne at\u00eb m\u00ebnyr\u00eb qe duhet t\u00eb p\u00ebrqafohet dhe t\u00eb p\u00ebrkrah\u00ebt ose te mbetesh ne oborrin e te apostrofuarve, k\u00ebshtu qe ju keni ngelur ne an\u00ebn e fundamentalizmit fetar duke u mb\u00ebshtetur dhe maskuar ne mbrojtjen e zotit Qosja qe vet shkrimet e tij e zbehin figur\u00ebn e tij ne let\u00ebrsin\u00eb shqiptare qe i ka dh\u00ebn\u00eb nj\u00eb kontribut te thukt\u00eb let\u00ebrsie shqiptare, por ne q\u00ebndrimet e tij te nj\u00ebanshme p\u00ebr \u00e7\u00ebshtjen fetare dhe ne pozicionin e tij politik , ka kaluar n\u00eb nj\u00eb figur\u00eb te pa arsyeshme, qe zoti Qosja si nj\u00eb intelektual i kalibrit t\u00eb madh e zvog\u00eblon veten e vet dhe e barazon me tipat e lartp\u00ebrmendur antishqiptar.<\/p>\n<p>Un\u00eb Qosjen e kam kritikuar ne interesin e tij fillimisht se mua me dhimbset ma tep\u00ebr se ty ta humbim nj\u00eb intelektual apo shkrimtar nder t\u00eb mir\u00ebt.<\/p>\n<p style=\"text-align: center;\"><img decoding=\"async\" class=\"aligncenter size-thumbnail wp-image-7236\" title=\"Gara p\u00ebr pushtet\" src=\"http:\/\/www.shkoder.net\/images\/fjala\/2011\/pikture_gara_per_pushtet.jpg\" alt=\"\" width=\"450\" \/>\u00a0<em>Rexhep Qosja ne gara p\u00ebr pushtet e kur Kosova u kallte flake ne te gjitha an\u00eb ta rikujtoj Isuf Bytyqi <\/em><br \/>\n<em>po ishte pak ma i ri ndoshta nuk te kujtohat!?&#8230;<\/em><\/p>\n<p>Ju jeni nj\u00eb tip matrapazi, qe keni fyer figur\u00ebn time por nuk i njihni gjerat n\u00eb realitet kur thoni qe te hapim hendeqe kund\u00ebr ati apo k\u00ebtij nder shqiptar\u00eb n\u00eb fush\u00ebn e kultur\u00ebs pik\u00ebrisht n\u00eb let\u00ebrsin\u00eb ton\u00eb e ne ve\u00e7anti dialektet Gege e Tosk\u00eb .Sharllotan Urith Isuf Bytyqi injorant i prir\u00eb p\u00ebr shpifje , kuptom\u00eb ti mua se nuk jam i mendimit te kritikoj as at\u00eb as k\u00ebt\u00eb por njohuria e juaj \u00ebsht\u00eb e vock\u00ebl, se ti je si ata kuajt qe nuk shohin anash nga frenj\u00ebt p\u00ebr shkaqe siguri t\u00eb syve.<\/p>\n<p>Nuk ke lexuar por edhe me lexuar i merr gjerat ngusht\u00eb si\u00e7 e ke shpirtngusht\u00ebsin\u00eb me paragjykime nga k\u00ebndi i vock\u00ebl i juaj .Un\u00eb mendoj sa i p\u00ebrket theksimit tuaj p\u00ebr dialektet se gjuha shqipe sot ka mungese transparence ne studimin e saj akoma . Kam cekur edhe ne artikull ne brend\u00ebsin\u00eb e fjalorit t\u00eb sotsh\u00ebm t\u00eb gjuh\u00ebs shqipe, nuk kemi ma shum\u00eb se 40,000 fjal\u00eb. Akoma kemi nj\u00eb gjuh\u00eb t\u00eb varf\u00ebr n\u00eb t\u00eb shkruar n\u00eb krahasim me at\u00eb q\u00eb flitet n\u00eb popull nga te gjitha trevat shqiptare dhe pik\u00ebrisht kam b\u00ebr\u00eb thirrje t\u00eb albanolog\u00ebt e nj\u00ebkoh\u00ebsisht edhe te zoti Rexhep Qosja q\u00eb t\u00eb thellohen n\u00eb p\u00ebrpunimin dhe studimin e gjuh\u00ebs standarde duke p\u00ebrfshire shum\u00eb fjal\u00eb t\u00eb shqipes qe nuk jan\u00eb p\u00ebrfshir\u00eb sot n\u00eb fjalorin e gjuh\u00ebs shqipe.<\/p>\n<p>K\u00ebtu ka nevoj\u00eb t\u00eb p\u00ebrmblidhen edhe fjal\u00ebt e dialektit geg\u00eb, por edhe t\u00eb ati tosk\u00eb. Studimi i fjal\u00ebve shqipe qe sot p\u00ebrdoren n\u00eb shqipen e folur, por edhe n\u00eb at\u00eb t\u00eb shkruar e konsiderohen si fjal\u00eb t\u00eb huaja me \u00e7ka n\u00eb shum\u00eb fjal\u00eb hasim q\u00eb jan\u00eb me burim t\u00eb shqipes ton\u00eb , por me rastin e pushtues mbas pushtuesish i kan\u00eb marre edhe si fjal\u00eb te vetat me \u00e7ka n\u00eb baz\u00eb t\u00eb k\u00ebsaj qe them del mendimi se gjuha shqipe \u00ebsht\u00eb nj\u00eb gjuh\u00eb ma e vjetra n\u00eb kontinent por edhe n\u00eb bot\u00eb q\u00eb shum\u00eb gjuh\u00eb kan\u00eb fjal\u00eb te marra nga gjuha jon\u00eb .Me nj\u00eb fjal\u00eb gjuha shqipe ka nevoje ta respektoj\u00eb Kongresin e Manastirit si me rend\u00ebsi p\u00ebr at\u00eb koh\u00eb dhe nj\u00eb ser\u00eb studimesh qe jan\u00eb b\u00ebr\u00eb ma von\u00eb \u00ebsht\u00eb pasuri e mire p\u00ebr leksikun e shqipes, por \u00ebsht\u00eb koha qe te mbahet nj\u00eb kongres gjith\u00ebkomb\u00ebtar p\u00ebr nj\u00eb unifikim t\u00eb nj\u00eb gjuhe standarde pa ndarje dialektesh ne forma rajonale apo lokale dhe unike p\u00ebr gjith\u00eb kombin.<\/p>\n<p>Fyerje qe ju beni studiuesve si\u00e7 jan\u00eb Migjen Kelmendin, Enver Robellin, Bardhyl Met\u00ebn, Halil Matoshin etj p\u00ebr dialektin geg\u00eb, \u00ebsht\u00eb gabim i juaj edhe k\u00ebta kan\u00eb te drejt\u00ebn e vet n\u00eb nj\u00eb ser\u00eb arsyesh dhe faktesh. Edhe ata te dialektit tosk\u00eb e kane nj\u00eb mori fjal\u00ebsh pa u p\u00ebrfshir\u00eb n\u00eb shpirtin e gjuh\u00ebs dhe let\u00ebrsis\u00eb shqiptare kemi nj\u00eb gjuh\u00eb nj\u00eb flamur ,nj\u00eb Komb dhe nj\u00eb gjak andaj ne duhet te jemi te bashkuar edhe ne p\u00ebrmir\u00ebsimin e gjuh\u00ebs ton\u00eb t\u00eb shtrenjt\u00eb dhe me fjal\u00eb t\u00eb bukura , edhe k\u00ebtu ju thirreni ne p\u00ebr\u00e7arje dhe v\u00ebllavrasje ,jo, jo duhet bashkim matrapaz shkarravit\u00ebs se nuk behet l\u00ebvrimi i gjuh\u00ebs shqipe duke share njeri tjetrin.<\/p>\n<p>Me dhimbset ky tip analisti qe shume gj\u00ebra i ngatrr\u00ebn nga nj\u00eb mllef i shfrenuar qe ja kam kritikuar pozicionin e Rexhep Qosjes me nj\u00eb karikatur\u00eb t\u00eb shoq\u00ebruar ne artikull tim. K\u00ebt\u00eb tip t\u00eb dale si urithi nga frika u mundua qe ti rezistoj argumenteve te fuqishme t\u00eb nj\u00eb sfere atakimesh qe jan\u00eb ballafaquar ne p\u00ebrmasa te m\u00ebdha q\u00eb n\u00eb nj\u00eb m\u00ebnyr\u00eb e legalizon k\u00ebrkes\u00ebn e vehabisteve p\u00ebr xhamia t\u00eb nd\u00ebrtohen n\u00eb \u00e7do lagje t\u00eb Kosov\u00eb, futjen e shamive n\u00eb shkolla n\u00eb parlament etj, matutje thekson se perse nuk i kund\u00ebrvihemi kish\u00ebs serbe qe u nd\u00ebrtua me dhun\u00eb n\u00eb Kosov\u00eb.<\/p>\n<p>Mor mjeran, p\u00ebr shqiptar\u00ebt jan\u00eb t\u00eb rrezikshme si ato turket, si ato sllav\u00ebt ne duhet t&#8217;i luftojm\u00eb se asnjeri as tjetri nuk kan\u00eb pasur tjet\u00ebr em\u00ebr pos pushtues. Ata kan\u00eb qen\u00eb pushtues q\u00eb kan\u00eb l\u00ebn\u00eb pasoja tek kultura shqiptare, n\u00eb doke, zakone dhe tradita. K\u00ebrkesa ime \u00ebsht\u00eb p\u00ebr nj\u00eb mir\u00ebkuptim , tolerance dhe nj\u00eb unitet nd\u00ebr shqiptar\u00eb edhe n\u00eb segmentin fetar t\u00eb jemi t\u00eb barabart\u00eb pa arab,turq, pakistanez boshnjak dhe pa vehabist etj !<\/p>\n<p>Mllefi shfrenues i nxitur nga ky tip abuzuesi shkarravit\u00ebs ka ngat\u00ebrruar shkrimin tim me gj\u00ebra tjera por edhe at\u00eb private, ku thekson biografin\u00eb time , p\u00ebr burgun tim qe e kam kaluar n\u00eb kazamatet serbe etj. Mburrem qe kam qene n\u00eb sh\u00ebrbimin e popullit tim edhe si ish i burgosur politik, por p\u00ebr tipin tuaj qe nuk ju p\u00eblqen, nuk mbeteni asgj\u00eb ma tep\u00ebr se p\u00ebrqafues i pushtetit serb ne at\u00eb koh\u00eb.<\/p>\n<p>Pastaj po t\u00eb k\u00ebrkohet biografia e juaj del se keni qene ndonj\u00eb kumbar\u00eb i pushtetit serb, nd\u00ebrsa un\u00eb me te tjer\u00ebt jemi dergjur neper burgjet sllave mos harro injorant se k\u00ebto do te ndrit\u00ebn nj\u00eb dite te gjitha, por ju nga nj\u00eb intelekt i dob\u00ebt keni dal n\u00eb sip\u00ebrfaqe si njeri i pa vlere qe nuk dine ti analizosh gjerat sipas interesit komb\u00ebtar, por ne gjuha e juaj e shpjegon shume mire pozicionin tuaj edhe se po e shoh se je viktim\u00eb e ndonje njeriu tjet\u00ebr qe nuk ka guxuar t\u00eb dal me emrin e vet!? Nuk \u00ebsht\u00eb v\u00ebshtir\u00eb qe ta verifikoj k\u00ebt\u00eb te dh\u00ebn\u00eb ne baz\u00eb te reagimit tuaj &#8220;pseo-gazetar&#8221;-uri i pa em\u00ebr dhe i pa vler\u00eb.<\/p>\n<p>Po te kujtoj se un\u00eb jo qe jam lejuar te vazhdoj Fakultetin, por isha i diferencuar n\u00eb familje, largim nga puna v\u00ebllain, motr\u00ebn, presione t\u00eb ndryshme edhe pas burgut se un\u00eb nuk kam qen\u00eb sahan l\u00ebpir\u00ebs si\u00e7 jeni ju Isuf Urith Bytyqi &#8211; spektator i ngjarjeve aktuale. Nuk po dua ta injoroj zotin Qosja por ajo kohe kur un\u00eb u burgosa edhe Qosja me shume komunista na ka quajtur irredentist kund\u00ebrrevolucionar, armiq t\u00eb ish sistemit jugosllav etj ka d\u00ebshmi, fakte sa t\u00eb duash, soji i juaj na ka l\u00ebnduar shpirt\u00ebrisht si bashk\u00ebpun\u00ebtor te pushtuesit qe ishit, as n\u00eb sht\u00ebpit\u00eb tona nuk na keni l\u00ebn\u00eb e lere ma te jemi shtrese e shkolluar, ju gjithmon\u00eb keni financuar m b\u00ebr\u00eb hoxhallar\u00eb sa ma tep\u00ebr n\u00eb Kosov\u00eb e sa ma pak krijues, gazetar\u00eb, shkrimtar\u00eb, publicist, piktore e shkenc\u00ebtar , andaj po i sugjeroj zotit Qosja dhe t\u00eb tjer\u00ebve qe shteti nuk p\u00ebrforcohet, nuk nd\u00ebrtohet, duke e share dhe injoruar gjysm\u00ebn e Kombit e them me fakte me sa vijon;<\/p>\n<p><strong>I sugjeroj zotit Qosja dhe t\u00eb tjer\u00ebve si nd\u00ebrtohet Shteti!<\/strong><\/p>\n<p>&gt;Zoti Rexhep Qosja bene diferencime fillimisht n\u00eb Akademin\u00eb e Arteve t\u00eb Kosov\u00ebs!<\/p>\n<p>&gt;Nuk b\u00ebn\u00eb me p\u00ebrk\u00ebdhel nj\u00eb parti dhe me gjykuar partine tjet\u00ebr, por me i afruar ne mes vete nj\u00eb gj\u00eb e tille \u00ebsht\u00eb evidente tek zoti Rexhep Qosja kur e hedh\u00eb Partin\u00eb Demokratike t\u00eb Shqip\u00ebris\u00eb, qe nuk e di sa ka simpatizant dhe adhurues, por e di se gjysm\u00ebn e popullit e ka,dhe ta p\u00ebrk\u00ebdhel Partin\u00eb Socialiste ti rrufeshem ke ke b\u00ebr\u00eb p\u00ebr\u00e7arje,ta p\u00ebrk\u00ebdhelesh PDK e Kosov\u00ebs sot dhe ta anashkalosh LDK do te thot\u00eb e p\u00ebr\u00e7an\u00eb qe un\u00eb as p\u00ebr nj\u00ebr\u00ebn as p\u00ebr tjetr\u00ebn nuk jam ithtar i tyre, por nuk jan\u00eb sinjale afrie po thyerje,ndarje,p\u00ebr\u00e7arje dhe dob\u00ebsimi armiqt\u00eb k\u00ebt\u00eb e duan !<\/p>\n<p>&gt;Ta p\u00ebrcillesh aktivitetin politik t\u00eb dikujt si spektator dhe n\u00eb fund dil e jap paragjykime \u00ebsht\u00eb e pa pranueshme duhet t\u00eb futesh edhe vet ne valle!<\/p>\n<p>&gt;T\u00eb b\u00ebsh nj\u00eb politik\u00eb lokaliste apo rajonale karshi kombit nuk je ma as lider as politikan as shkrimtar i mir\u00eb ke ra ne prov\u00eb !<\/p>\n<p>&gt;Ismail Kadare, Rexhep Qosja dhe Akademiket tjer\u00eb nga Shqiperia, Kosova, Maqedonia, Presheva, Mali i Zi, \u00c7am\u00ebria dhe nga Diaspora shqiptare duhet te bashkohen dhe te b\u00ebjeni platform\u00eb politike p\u00ebr Kombin e jo me mbetur nen hijen e matrapaz\u00ebve, politikan\u00ebve qe i blen diplomat me para nga podrumet e Kosov\u00ebs, mos t\u00eb udh\u00ebhiqen akademiket, intelektual\u00ebt nga ndikimi i njer\u00ebzve qe brenda nat\u00ebs b\u00ebhen heronj, politikan\u00eb, kapitalist\u00eb, biznesmen, doktor\u00eb e qe asgj\u00eb nuk kan\u00eb t\u00eb p\u00ebrbashk\u00ebt me popullin as Kombin, se t\u00eb pa diturit edhe ta humbin edhe at\u00eb vler\u00eb qe e ke, andaj \u00e7do gj\u00eb e pa djers\u00eb \u00ebsht\u00eb edhe e pa vler\u00eb andaj edhe ti matrapaz dhe butak Isufi, ti ke hedh gur ne vend te keq dhe tu rrokullisen n\u00eb kund\u00ebrgoditje me intelektin tuaj te cekt\u00eb por ruaje kok\u00ebn. Po t\u00eb lidhi dikush gjendet zgjedhja, por ta lidhesh veten nuk ke ma rrug\u00ebdalje andaj ngush\u00ebllo veten tuaj me bashk\u00ebmendimtaret e kuq e t\u00eb verdh se i deshtuar.<\/p>\n<p><strong>Ishim nder t\u00eb paret me shok\u00ebt tjer\u00eb qe na p\u00ebrjetuam torturat ma \u00e7&#8217;njr\u00ebzore n\u00eb kazamatat jugosllave, qe themelet e shteti jugosllav i goditem<\/strong><\/p>\n<p><strong>Mos harro se ishim nder te paret me shok\u00ebt tjer\u00eb qe na p\u00ebrjetuam torturat ma \u00e7&#8217;njr\u00ebzore n\u00eb kazamatat jugosllave, qe themelet e shteti jugosllav i goditem pastaj ju si komunist na keni gjykuar at\u00ebher\u00eb por edhe tani pas nj\u00eb pavar\u00ebsie t\u00eb cunguar t\u00eb Kosov\u00ebs<\/strong>. Un\u00eb i kam paraprir\u00eb me veprimtarin\u00eb time \u00e7lirimit te vendit por i kontribuoj edhe bashkimit te kombit ne nj\u00eb shtet te vet\u00ebm qe duke pasur parasysh qiftet tuaj jemi t\u00eb coptuar ne mese 6 shtete ballkanike. Ky far urithi thot\u00eb se Dibrani na qenka edhe piktor dhe me karikatur\u00eb e paska \u00e7oroditur grupin ekstremist islamik ku \u00ebsht\u00eb edhe zoti Rexhep Qosja .<\/p>\n<p>Karikatura \u00ebsht\u00eb nj\u00eb zhan\u00ebr n\u00eb vete i krijimtaris\u00eb qe i pasqyron gjerat ne stilin kritik te nj\u00eb shoq\u00ebrie!<\/p>\n<p>Po t\u00eb them mor qyqar se vet\u00ebm t\u00eb shqiptar\u00ebt nuk kan\u00eb vler\u00eb dhe nuk i japin merit\u00eb karikatur\u00ebs! Lloj i artit figurativ q\u00eb kritikon e demaskon an\u00ebt negative n\u00eb sjelljet e n\u00eb veprimet e dikujt n\u00ebp\u00ebrmjet paraqitjes s\u00eb zmadhuar e qesharake t\u00eb tipareve e t\u00eb metave; vizatim q\u00eb zmadhon tiparet e t\u00eb metat e dikujt dhe i paraqet ato n\u00eb m\u00ebnyr\u00eb qesharake.<\/p>\n<p><img decoding=\"async\" class=\"alignleft size-thumbnail wp-image-7236\" title=\"Publiku tubohet n\u00eb Bon\" src=\"http:\/\/www.shkoder.net\/images\/fjala\/2011\/ilustrim_ad1.jpg\" alt=\"\" width=\"200\" \/><em>Pamje e publikut n\u00eb ish kryeqytetin e Gjermanis\u00eb n\u00eb Bon n\u00eb nj\u00eb tubim antijugosllav dhe djathtas karikatura aktuale e t\u00eb apostrofuarve n\u00eb grupin ekstremist<\/em><br \/>\n<em> <img decoding=\"async\" class=\"alignright size-thumbnail wp-image-7236\" title=\"Grupi ekstremist vehabist\" src=\"http:\/\/www.shkoder.net\/images\/fjala\/2011\/ilustrim_ad.jpg\" alt=\"\" width=\"300\" \/> vehabist qe jan\u00eb po n\u00eb frym\u00ebn e kritikes p\u00ebrmes k\u00ebtij arti por gjithmon\u00eb ne interesin e Kombit, gjuh\u00ebs dhe kultur\u00ebs shqiptare !<\/em><\/p>\n<p>Karikatura \u00ebsht\u00eb nj\u00eb zhan\u00ebr n\u00eb vete i krijimtaris\u00eb qe i pasqyron gjerat ne stilin kritik te\u00eb nj\u00eb shoq\u00ebrie Po e them edhe nj\u00eb fakt tjet\u00ebr, se un\u00eb kam dal disa here me k\u00ebso karikaturash me p\u00ebrmasa te m\u00ebdha n\u00eb publik n\u00ebp\u00ebr tubime antijugosllave n\u00ebp\u00ebr kryeqytete t\u00eb Evrop\u00ebs deri ne Rambuje t\u00eb Franc\u00ebs qe u mbante konferenca nd\u00ebrkomb\u00ebtare p\u00ebr fatin e Kosov\u00ebs. K\u00ebto punime kishin jehon\u00ebn kudo qe u publikonin, karikatura me karakter politik qe i kisha p\u00ebrqendruar kund\u00ebr sistemit jugosllav e sidomos diktatorit Millosheviq.<br \/>\n<img decoding=\"async\" class=\"alignright size-thumbnail wp-image-7236\" title=\"Karikatur\u00eb AD\" src=\"http:\/\/www.shkoder.net\/images\/fjala\/2011\/dicitura_ad.jpg\" alt=\"\" width=\"200\" \/><br \/>\n<strong>Karikatura e miat jan\u00eb b\u00ebr\u00eb me koh\u00eb pastaj vler\u00ebsohen si kontribut dhe luftim kund\u00ebr Serbis\u00eb me te gjitha forcat e mia!<\/strong><\/p>\n<p>K\u00ebto punime gjithenje i ndiqnin gazetar\u00ebt dhe kameraman\u00ebt e televizioneve t\u00eb bot\u00ebs qe jepnin edhe reportazhe ne shum\u00eb mediume bot\u00ebrore, edhe p\u00ebr k\u00ebt\u00eb ka d\u00ebshmi dhe fakte urith sharllotan. K\u00ebt\u00eb em\u00ebr je mundua te ma v\u00ebsh mua por e bajshi me sh\u00ebndet se shum\u00eb mire po t\u00eb p\u00ebrgjigjet. Ky far urithi paska cekur se a jam An\u00ebtar i Lidhjes se Shkrimtar\u00ebve dhe Artisteve Shqiptar\u00eb n\u00eb Gjermani ( po jam edhe kam qene pjes\u00ebmarr\u00ebs i themelimit te k\u00ebsaj Lidhje, jan\u00eb faktet dhe njer\u00ebzit e gjall\u00eb shtypi dhe dokomenta.<br \/>\n<img decoding=\"async\" class=\"alignright size-thumbnail wp-image-7236\" title=\"Karikatur\u00eb AD\" src=\"http:\/\/www.shkoder.net\/images\/fjala\/2011\/dicitura_ad1.jpg\" alt=\"\" width=\"200\" \/><br \/>\nU mundua ta zb\u00ebrthej emrin tim se \u00e7ka dmth n\u00eb turqisht Asllan dhe ne shqip Luan &#8221; ket\u00eb e m\u00ebsova nga ti se paske bere nj\u00eb studim te mir\u00eb mor mjeran edhe kjo \u00ebsht\u00eb si pasoje e pushtimit turk qe na nd\u00ebrroj emra e fe me dhun\u00eb kultur\u00eb e zakon, at\u00ebher\u00eb pra nga sot qe e p\u00ebrmend ja pag\u00ebzoni ndonj\u00eb f\u00ebmij\u00eb n\u00eb familjen tuaj qe nga sot po ta fali se v\u00ebrtet \u00ebsht\u00eb nj\u00eb em\u00ebr i huaj Asller, Asllan, si t\u00eb p\u00eblqen publikisht po ta fali k\u00ebt\u00eb em\u00ebr se Asll\u00ebrat pardon Luanat shqip, s&#8217;po dua ma em\u00ebr turku jan\u00eb t\u00eb zot dhe kan\u00eb shume profesione dhe ma sheh hairin !&#8230;<br \/>\n<img decoding=\"async\" class=\"alignright size-thumbnail wp-image-7236\" title=\"Karikatur\u00eb AD\" src=\"http:\/\/www.shkoder.net\/images\/fjala\/2011\/dicitura_ad2.jpg\" alt=\"\" width=\"200\" \/><br \/>\nMe k\u00ebt\u00eb em\u00ebr Luan edhe shum\u00eb kush me th\u00ebrrasin, por si ta zb\u00ebrthejm\u00eb emrin tuaj Isuf qe nuk dihet se \u00e7&#8217;kuptim ka, nga e cila gjuh\u00eb e huaj rrjedh, por p\u00ebr ty nuk ka me r\u00ebnd\u00ebsi nuk din me i dalluar k\u00ebto gjera le ashtu si\u00e7 t\u00eb kan\u00eb pag\u00ebzuar, mos e vraj\u00eb mendjen, por n\u00ebse te p\u00eblqen mbaje k\u00ebt\u00eb qe ta vena un\u00eb Urith bile shqip \u00ebsht\u00eb edhe mos te p\u00eblqeft\u00eb. P\u00ebr k\u00ebt\u00eb ta thash ma larte qe ta p\u00ebrmir\u00ebsojm\u00eb leksikun e gjuh\u00ebs shqipe po pik\u00ebrisht \u00ebsht\u00eb edhe nj\u00eb rregull n\u00eb gjuh\u00ebn shqipe p\u00ebr em\u00ebrtimin edhe pag\u00ebzimin e emrave me qellim qe ti pastrojm\u00eb emrat nga Isufa e Asllana besoj se t\u00eb ka mbetur tani ne kok\u00eb sharllotan Isuf Urith Bytyqi!<\/p>\n<p>Mllefi i k\u00ebtij shkon edhe ma larg pa pasur kurrfar\u00eb publikimi me fjal\u00ebn tregtar ne artikullin Kushtrim p\u00ebr shp\u00ebtim nga rreziku i ekstremizmit islamik q\u00eb vepron n\u00eb m\u00ebnyr\u00eb perfide kund\u00ebr kombit shqiptar dhe (Rebelimi n\u00eb em\u00ebr t\u00eb fes\u00eb s\u00eb muxhahedin\u00ebve shqiptar\u00eb n\u00eb krye me Shefqet Krasniqin, Fuad Ramiqin, Ferid Aganin Memli Krasniqin dhe bab\u00ebn e tyre Rexhep Qosja) por e paskan g\u00ebnjyer ata qe i kane th\u00ebn\u00eb !? K\u00ebrko n\u00eb artikull qe shkruan dikund qe jam tregtar pastaj e meriton nj\u00eb em\u00ebr qe t\u00eb quajm\u00eb Urith Isuf Bytyq rrenci dyftyr\u00ebshi.<\/p>\n<p>Zot\u00ebri por mos me hy n\u00eb debate ma t\u00eb m\u00ebdha p\u00ebr Qosjen nuk desh por shkarravinat tua po me nxisin se Qosja n\u00eb dit\u00ebt ma te v\u00ebshtira p\u00ebr ne ish te burgosurit politik u gjet ne nj\u00eb pozicion t\u00eb pa falsh\u00ebm edhe n\u00eb aspektin moral andaj mos t\u00eb hyjm\u00eb ma thell\u00eb, ti mbaje p\u00ebr vete dhe nd\u00ebrgjegj\u00ebsohu n\u00ebse e din injorant i pa dijsh\u00ebm. G\u00ebnjeshtar ku p\u00ebrmendet zoti Hydajet Hyseni ne k\u00ebt\u00eb artikull qe thoni se Asllani thot\u00eb qe rrin\u00eb me te.<\/p>\n<p>Me Hydajet Hysenin kam qen\u00eb ne burgun e Nishit, kisha d\u00ebshir\u00eb me ndejt edhe me Hydajetin edhe me shok\u00ebt (e ke nj\u00eb interviste e kam zhvilluar me te para disa muajsh) tjer\u00eb por koha nuk po na premton se atdheun e kemi ne gjysme te rrug\u00ebs un\u00eb jam me i bashkuar shqiptar\u00ebt e jo me i p\u00ebr\u00e7ar\u00eb si\u00e7 p\u00ebrpiqesh n\u00eb shkrimin tuaj. Shqiptar\u00eb nuk kemi tep\u00ebr, un\u00eb me pas forc\u00eb nd\u00ebrtoj shqiptar\u00eb edhe nga guri e balta e jo me i qit ne toborrin e huaj por k\u00ebta t\u00eb apostrofuar e kane gjetur vendin aty ku edhe jan\u00eb pozicionuar, prandaj nuk \u00ebsht\u00eb vone dhe zoti Rexhep Qosja dhe te tjer\u00ebt t\u00eb kthehen ne mesin e popullit, t\u00eb veprojn\u00eb dhe te punojn\u00eb ne interesin ton\u00eb.<\/p>\n<p>Mos harro injorant se edhe inspektor\u00ebt sh\u00ebrb\u00ebtor(shqiptar) qe ishin te pushtetit serb qe nuk ma kane hequr dajakun mese shtat muaj dit\u00eb deri ne dit\u00ebn e gjykimit, pas daljes nga burgu i i kam falur vet\u00ebm a kan\u00eb qen\u00eb ata ne dije q\u00eb kishin gabuar dhe qe ishin n\u00eb sh\u00ebrbim t\u00eb huaj! Ishte ajo kohe qe t\u00eb bashkohemi ta luftojm\u00eb armikun ,prandaj nuk \u00ebsht\u00eb vone edhe p\u00ebr ju qe ti ktheheni interesit t\u00eb Kombit ti bashkoheni qe ta vazhdojm\u00eb rrug\u00ebn deri ne synimet tona p\u00ebr bashkim e jo p\u00ebr ndarje qe th\u00ebrret ti injorant. Ky Urith Isuf Bytyqi thot\u00eb se Asllan Dibrani paska shofer\u00eb serb, dokumento injorant vet\u00ebm nj\u00ebher\u00eb qe un\u00eb kam shkelur n\u00eb tok\u00ebn e Serbis\u00eb nga ajo dite qe kam dal nga burgu i Serbis\u00eb.<\/p>\n<p>Un\u00eb kam gjith\u00eb publikun shqiptar\u00eb qe e biznesin e Transportit p\u00ebr Kosov\u00eb Shqip\u00ebri dhe Maqedoni andaj merre me mend me i cu ndonj\u00eb shqiptari p\u00ebr shembull ne Gjermani nj\u00eb serb te sht\u00ebpia dhe me i th\u00ebn\u00eb ami mobilet tua se po i qoj n\u00eb Kosove ne em\u00ebr te Dibranit-Transport merreni me mend se kishte me u b\u00ebr\u00eb belaja se ne shqiptaret akoma jemi duke i sh\u00ebruar plag\u00ebt nga Barbaria serbe dhe masakrat qe u b\u00ebn\u00eb ne popullin e Kosov\u00ebs. Nj\u00eb gj\u00eb te till\u00eb qe vet edhe nj\u00eb naiv e kupton shpifjen tuaj shtazarake injoruese dhe hipokrite . Injorant un\u00eb mburrem me aktivitetin e firm\u00ebs qe kam se shpesh her\u00eb mu ka dh\u00ebn\u00eb rasti ta ndihmoj te varfrin dhe skamnorin por edhe invalid\u00ebt e U\u00c7K-s\u00eb jan\u00eb faktet dhe d\u00ebshmit\u00eb qe flasin kliko; <a href=\"http:\/\/aksion-humanitar-i-asllan-dibranit.blogspot.com\/\">http:\/\/aksion-humanitar-i-asllan-dibranit.blogspot.com\/<\/a> . <a href=\"http:\/\/www.albaniapress.com\/indeksi?p=lexo_lajmin&amp;id=10289\">http:\/\/www.albaniapress.com\/indeksi?p=lexo_lajmin&amp;id=10289<\/a><\/p>\n<p>Jemi nj\u00eb familje qe i kemi kontribuar \u00e7\u00ebshtjes se atdheut ka her\u00eb por me luft\u00ebtar n\u00eb Ushtrin\u00eb \u00c7lirimtare t\u00eb Kosov\u00ebs , qe njeri nder ta ishte komandant Fadil Dibrani, profesor n\u00eb shkoll\u00ebn teknike t\u00eb Prishtin\u00ebs qe udh\u00ebhoqi luft\u00ebn n\u00eb zon\u00ebn e Llapit dhe Gollakut. Babai im Feti Dibrani me n\u00ebn\u00ebn strehuan mese 400 veta ne sht\u00ebpin\u00eb ton\u00eb n\u00eb Prishtin\u00eb nga Drenica ,Llapi ,Gollaku e Prishtina deri ne dit\u00ebn e d\u00ebbimit masiv t\u00eb shqiptareve nga Kosova. Kemi dh\u00ebn\u00eb d\u00ebshmor edhe ne Luft\u00ebn e pare bot\u00ebrore por edhe n\u00eb t\u00eb dyt\u00ebn. Kishim edhe viktima n\u00eb familje.<\/p>\n<p><strong>Babai im ka p\u00ebrjetuar tri her\u00eb gjat\u00eb jet\u00ebs se tij qe ju ka djegur sht\u00ebpia me \u00e7do gj\u00eb qe kishte!<\/strong><\/p>\n<p>Babai im ka p\u00ebrjetuar tri her\u00eb gjat\u00eb jet\u00ebs se tij qe ju ka djegur sht\u00ebpia me \u00e7do gj\u00eb qe kishte andaj ne nuk jemi te barabart\u00eb t\u00eb flasim p\u00ebr \u00e7\u00ebshtjen e Kosov\u00ebs. Ti zot\u00ebri Isuf Urith Bytyqi thirresh nga nj\u00eb pozicion byrokart, komunist i kuq na keni d\u00ebmtuar gjithmon\u00eb duke e coptuar vendin duke e shitur dhe degraduar deri ne at\u00eb shkall\u00eb qe e vetmoheni gjenez\u00ebn e kombit duke u p\u00ebrpjekur qe te jemi gjithmon\u00eb te neperkembur, te gjunj\u00ebzuar, t\u00eb manipuluar, te shitur, te pushtuar dhe te shartuar me pretendime te jeni gjysme shqiptar.<\/p>\n<p>Ashtu len\u00eb p\u00ebrshtypje shkrimi i juaj i par\u00eb i dirigjuar, n\u00eb dy tri faqe interneti shqiptare, qe ta kane botuar sa ma tep\u00ebr me pa se ku q\u00ebndron soj i juaj anadallek i rangut primitiv pa ja prishur asnj\u00ebher\u00eb terezin\u00eb pushtuesve t\u00eb huaj. Kur \u00ebsht\u00eb ne pyetje te jemi unik dhe th\u00ebrret dikush p\u00ebr nj\u00eb gj\u00eb te tille dilni dhe e hapni gushen e urithit n\u00ebntok\u00ebsor me komunistet e kuq kund\u00ebr unitetit, bashkimit dhe ardhm\u00ebris\u00eb ton\u00eb!<\/p>\n<p>Vazhdim i reagimit tim sipas shkrimit citim;Rexhep Qosjen, mund ta krahasojm\u00eb me Gjergj Kastriotin, q\u00eb i pari e udh\u00ebhoqi kombin ton\u00eb me Shpat\u00eb e, nd\u00ebrsa i dyti ishte udh\u00ebrr\u00ebfyes. Ky u parapriu proceseve demokratike si n\u00eb Kosov\u00eb ashtu edhe n\u00eb Shqip\u00ebri.<\/p>\n<p>Mor Urith Isuf Bytyqi \u00ebsht\u00eb turp ta krahasosh Qosjen me Sk\u00ebnderbeun ngase Sk\u00ebnderbeu b\u00ebri lute kolosale ne interesin e Kombit e Qosja akoma ka mbetur ne pozicionin e spektatorit se kush po gabon ne karrier\u00ebn politike qe te japin leksikone nga larg pa hyr\u00eb ne vallen e veprimtaris\u00eb asnj\u00ebher\u00eb shih karikatur\u00ebn lart se kur ishte ne LBD, Qosja pardan zortri Isuf Urith Bytyqi se &#8220;ti nuk din me i vler\u00ebsua&#8221; kjo vlen p\u00ebr lexuesit.<\/p>\n<p>Po si mor mjeran qe sikur te ishte ajo qe thua ti ne nuk ishim akoma te shp\u00ebrndar\u00eb n\u00eb 6 shtete ballkanike pik e pese dmth Qosjes mos ti hyjm\u00eb ne hak p\u00ebr kontributin n\u00eb let\u00ebrsi, qe me veprat e tij , let\u00ebrsia jon\u00eb do te jet\u00eb edhe ma e pasur por k\u00ebtu gabon se nuk q\u00ebndron mendimi i varf\u00ebr i juaj !Shfrenimi brutal i tij shihet kur pasqyron gjera te pa v\u00ebrteta i strukur qe doli pas nj\u00eb kohe doli me plot te pa v\u00ebrteta un\u00eb as qe kam qene an\u00ebtar i LDK-se as t\u00eb ndonj\u00eb partie asnj\u00ebher\u00eb as nj\u00eb dite, andaj as qe thirrna n\u00eb ndonj\u00eb parti , bile edhe i gjykoj qe fare mos te ekzistojn\u00eb n\u00eb shtete e per\u00ebndimit me qe po nxisin p\u00ebr\u00e7arjen nd\u00ebr shqiptar\u00eb jan\u00eb edhe te d\u00ebmshme p\u00ebr m\u00ebrgat\u00ebn shqiptare.<\/p>\n<p>Reagim ne vazhdim sipas citojm\u00eb; N\u00eb k\u00ebt\u00eb let\u00ebr t\u00eb hapur \u201cKushtrim p\u00ebr shp\u00ebtim nga rreziku i ekstremizmit islamik q\u00eb vepron n\u00eb m\u00ebnyr\u00eb perfide kund\u00ebr kombit shqiptar\u201d te faqja e iternetit \u201eZemra Shqiptare\u201c, ky far\u00eb \u201eintelektuali\u201d, q\u00eb paska k\u00ebrkuar ndihm\u00eb nga gjith\u00eb k\u00ebto qeveri e institucione bot\u00ebrore e shqiptare, q\u00eb nga SHBA-t\u00eb e deri tek akademit\u00eb e shkencave, p\u00ebr habi se vet\u00ebm qeveris\u00eb s\u00eb Serbis\u00eb, t\u00eb Maqedonis\u00eb e t\u00eb Malit t\u00eb Zi, me k\u00ebt\u00eb \u201cLet\u00ebr t\u00eb hapur\u201d, si\u00e7 i thot\u00eb ky far\u00eb \u201cintelektuali\u201d, nuk u paska k\u00ebrkuar ndihm\u00eb,sepse kjo \u201cLet\u00ebr\u201d vet\u00ebm k\u00ebtyre shteteve u sh\u00ebrben m\u00eb s\u00eb miri.<\/p>\n<p>Zot\u00ebri Urith Isuf Bytyqi ta them te v\u00ebrteten se kjo do te realizohet shume shpejt edhe pa d\u00ebshir\u00ebn tuaj se spektri intelektual e ka dh\u00ebn\u00eb mendimin e vet dhe nuk rrin\u00eb spektator si ti karshi fatkeq\u00ebsive qe i paraqiten kombit nga ky fenomen e lartp\u00ebrmendur i vehabisteve me ide pro turke-arabe-serbe qe po i mihin varrin Shqip\u00ebris\u00eb bashk\u00eb me mendimtar\u00ebt tuaj. Ju injorant keni mbetur aq mbrapa sa qe nuk e vler\u00ebsoni mikun nga armiku. Amerika \u00ebsht\u00eb nj\u00eb shp\u00ebtimtar\u00eb e popullit mik shqiptar, prandaj ne do ti jemi mir\u00ebnjoh\u00ebs k\u00ebtij populli qe do ta nd\u00ebrtojm\u00eb nj\u00eb histori t\u00eb re ne interes t\u00eb kombit shqiptar.<\/p>\n<p>Ky projekt do t\u00eb realizohet edhe pa mendimin tuaj dhe bashk\u00ebmendimtar\u00ebve tuaj qe d\u00ebshirojn\u00eb t\u00eb na e nd\u00ebrrojn\u00eb edhe historin\u00eb edhe figurat tona me i p\u00ebrdhunos , edhe heronjve tan\u00eb tu thyhen varret nga njer\u00ebz t\u00eb tipit tuaj me qellim qe mos te mbeten gjurm\u00eb t\u00eb U\u00c7K-s\u00eb as te varri! Tu hiqen edhe fotot ushtareve tan\u00eb t\u00eb U\u00c7K-s\u00eb qe qenka &#8220;haram&#8221; me pas foto t\u00eb koka. Nj\u00eb ngjarje e till\u00eb ishte kur i thyet p\u00ebrmendoret ne fshatin Koliq te Prishtin\u00ebs, ata jan\u00eb pjell\u00eb e juaja dhe e soj i juaj fanatik islamik!Shprehja kofsha turk \u00ebsht\u00eb e juaja, dhe v\u00ebllez\u00ebrit turq \u00ebsht\u00eb ide e juaja, kofsha turk \u00ebsht\u00eb shprehje e juaja, marrje ne gruan e v\u00ebllait ne rast se vdes \u00ebsht\u00eb e sojit tuaj otoman, ferexheja \u00ebsht\u00eb pjelle e juaja, lejimi i martese me vajz\u00ebn e xhaxhait \u00ebsht\u00eb e sojit tuaj anadollak, g\u00ebnjeshtra dhe mashtrimi \u00ebsht\u00eb po e sojit tuaj turko-sllavo-arab, merhaba eshte nj\u00eb shprehje e juaja me pasoja jetike ne vend se te thuhet ju ngjat jeta, eselam alejkom qe u be shprehi ne kohet e fundit eshte e juaja gjysme shqiptar Isuf Urith Bytyqi.<\/p>\n<p>Ti Isuf Urith Bytyqi e ke gjetur vendin ashtu t\u00eb p\u00ebrshtateshim qe kurr\u00eb mos dil nga xhamia se aty e ke vendin dhe n\u00ebntoka e l\u00ebvrimit, tyt\u00ebn e turirit e ke gjigante n\u00eb t\u00eb nuhaturit se ken\u00eb me etiketua dhe p\u00ebr\u00e7are tjet\u00ebr her\u00eb hyn\u00eb me s\u00ebpat\u00eb t\u00eb mpreht\u00eb ne mal,se edhe te vetmen deg\u00eb nuk keni arritur ta krasitni lisit !<\/p>\n<p>Shkruan <strong>Asllan Dibrani<\/strong> 2011<\/p>\n<p>&#8212;&#8212;&#8212;&#8212;&#8212;&#8212;&#8211;<\/p>\n<p>Po ju sjell edhe nj\u00eb reagim t\u00eb para disa dit\u00ebsh nga Akademia e Shkencave deh Arteve t\u00eb Kosov\u00ebs lexo Zot\u00ebri Sharllotan Isuf Urith Bytyqi m\u00ebsohu me realitetin!<\/p>\n<p><em>Qosja \u00ebsht\u00eb i vetmi akademik servil i pushtetit<\/em><br \/>\nE M\u00ebrkur\u00eb 23 N\u00ebntor 2011 22:30 Tahir Shabani<\/p>\n<p><img decoding=\"async\" class=\"alignright size-thumbnail wp-image-7236\" title=\"Logo e Akademis\u00eb s\u00eb Kosov\u00ebs\" src=\"http:\/\/www.shkoder.net\/images\/fjala\/2011\/logo_akademise.jpg\" alt=\"\" width=\"250\" \/><\/p>\n<p><strong><em>Reagim i Kryesis\u00eb s\u00eb ASHAK-ut ndaj akuzave t\u00eb Rexhep Qosjes p\u00ebr Akademin\u00eb<\/em><\/strong><\/p>\n<p>Kryesia e ASHAK-ut n\u00eb mbledhjen e saj t\u00eb dat\u00ebs 23. 11. 2011, vendosi q\u00eb ndaj akuzave drejtuar Akademis\u00eb nga Rexhep Qosja ta informoj\u00eb opinionin p\u00ebr sa vijon:<\/p>\n<p>I. T\u00eb pav\u00ebrtetat:<\/p>\n<p>1. Ai thot\u00eb se n\u00eb Akademi bashk\u00eb me t\u00eb jan\u00eb vet\u00ebm edhe dy a tre akademik\u00eb, q\u00eb nuk jan\u00eb an\u00ebtar\u00eb t\u00eb LDK-s\u00eb.<\/p>\n<p>E v\u00ebrteta \u00ebsht\u00eb se n\u00eb t\u00ebr\u00eb Akademin\u00eb vet\u00ebm dy akademik\u00eb jan\u00eb an\u00ebtar\u00eb t\u00eb LDK-s\u00eb, t\u00eb cil\u00ebt n\u00eb asnj\u00eb rast nuk ushtrojn\u00eb ndikim partiak.<\/p>\n<p>2. Ai thot\u00eb se zgjedhja e Isa Mustaf\u00ebs, duke qen\u00eb kryetar i Komun\u00ebs s\u00eb Prishtin\u00ebs ishte antiligjore.<\/p>\n<p>E v\u00ebrteta \u00ebsht\u00eb se Ligji p\u00ebr Akademin\u00eb, q\u00eb e ka nxjerr\u00eb Kuvendi i Kosov\u00ebs m\u00eb 2004, me asnj\u00eb nen nuk e ndalon zgjedhjen e ndonj\u00eb funksionari an\u00ebtar t\u00eb Akademis\u00eb, k\u00ebshtu q\u00eb zgjedhja e tij nuk ishte n\u00eb kund\u00ebrshtim me Ligjin. Zoti Mustafa \u00ebsht\u00eb zgjedhur an\u00ebtar korrespondent i Akademis\u00eb si shkenc\u00ebtar, ekonomist, n\u00eb baz\u00eb t\u00eb propozimeve p\u00ebrkat\u00ebse, sipas ligjit.<\/p>\n<p>Akademia nuk ka pasur kurrfar\u00eb interesi q\u00eb ta zgjedh\u00eb kryetarin e komun\u00ebs. Akademia e ka trajtuar Isa Mustaf\u00ebn si an\u00ebtar\u00ebt e tjer\u00eb korrespondent\u00eb dhe ai \u00ebsht\u00eb sjell\u00eb vet\u00ebm si i till\u00eb n\u00eb kryerjen e pun\u00ebve q\u00eb ia ka caktuar Seksioni i Shkencave Shoq\u00ebrore, pa as m\u00eb t\u00eb voglin gjest t\u00eb sjelljes si autoritet politik.<\/p>\n<p>3. I pav\u00ebrtet\u00eb e tendencioz \u00ebsht\u00eb vler\u00ebsimi i Qosjes se Akademia \u00ebsht\u00eb politizuar skajshm\u00ebrisht e se \u00ebsht\u00eb b\u00ebr\u00eb \u201csht\u00ebpi partiake e Lidhjes Demokratike t\u00eb Kosov\u00ebs\u201d.<\/p>\n<p>E v\u00ebrteta \u00ebsht\u00eb se deri tash asnj\u00eb parti nuk ka shfaqur shenja p\u00ebr ta dirigjuar pun\u00ebt e k\u00ebtij institucioni t\u00eb lart\u00eb t\u00eb shkenc\u00ebs e t\u00eb artit, asnj\u00eb synim p\u00ebr ta cenuar pavar\u00ebsin\u00eb dhe autonomin\u00eb e tij. Me k\u00ebt\u00eb shpifje, paturp\u00ebsia e tij do q\u00eb ta b\u00ebj\u00eb t\u00eb nevojsh\u00ebm nd\u00ebshkimin e d\u00ebshiruar prej tij dhe prej mb\u00ebshtet\u00ebsve t\u00eb tij ndaj Akademis\u00eb. Nga ana tjet\u00ebr, Qosja \u00e7do her\u00eb \u00ebsht\u00eb n\u00eb list\u00ebn e kandidat\u00ebve p\u00ebr zgjedhje n\u00eb t\u00eb gjitha funksionet e Akademis\u00eb, por nuk ka marr\u00eb vot\u00eb.<\/p>\n<p>4. Pa fije turpi ai thot\u00eb se akademik\u00ebt e Seksionit t\u00eb Gjuh\u00ebsis\u00eb e t\u00eb Let\u00ebrsis\u00eb \u201cS\u2019 kan\u00eb b\u00ebr\u00eb pun\u00eb as shkencore, as artistike, as arsimore, as kulturore\u2026<\/p>\n<p>E v\u00ebrteta \u00ebsht\u00eb se t\u00eb gjith\u00eb k\u00ebta akademik\u00eb, pa asnj\u00eb p\u00ebrjashtim jan\u00eb vijimisht shum\u00eb aktiv\u00eb n\u00eb pun\u00ebn e tyre shkencore e artistike. Por, \u00ebsht\u00eb e sigurt se asnj\u00ebri nuk e lakmon nivelin e vepr\u00ebs letrare e shkencore t\u00eb Qosjes.<\/p>\n<p>5. G\u00ebnjen q\u00eb disa akademik\u00eb \u201cb\u00ebjn\u00eb luft\u00eb kund\u00ebr gjuh\u00ebs standarde\u201d.<\/p>\n<p>E v\u00ebrteta \u00ebsht\u00eb se gjuh\u00ebtar\u00ebt e Akademis\u00eb son\u00eb jan\u00eb an\u00ebtar\u00eb t\u00eb K\u00ebshillit Nd\u00ebrakademik p\u00ebr Gjuh\u00ebn Standarde, t\u00eb iniciuar nga Akademia e Shkencave e Shqip\u00ebris\u00eb n\u00eb baz\u00eb t\u00eb vendimit t\u00eb Konferenc\u00ebs gjuh\u00ebsore \u201cShqipja standarde dhe shoq\u00ebria shqiptare sot\u201d, t\u00eb mbajtur m\u00eb 2002. Ky K\u00ebshill nuk \u00ebsht\u00eb krijuar p\u00ebr ta luftuar gjuh\u00ebn standarde, por p\u00ebr ta begatuar aft\u00ebsin\u00eb shpreh\u00ebse t\u00eb saj e t\u00eb funksionalizimit shoq\u00ebror.<\/p>\n<p>6. Ai thot\u00eb se Akademia \u00ebsht\u00eb e p\u00ebrkushtuar ndaj institucioneve politike dhe vijon at\u00eb tradit\u00eb t\u00eb servilizmit intelektual.<\/p>\n<p>E v\u00ebrteta \u00ebsht\u00eb se n\u00eb koh\u00ebn e pushtetit t\u00eb LKJ-s\u00eb ka pasur serviliz\u00ebm intelektual n\u00eb t\u00eb cilin ka q\u00ebndruar edhe Rexhep Qosja, si n\u00eb rastin e pranimit an\u00ebtar t\u00eb Akademis\u00eb t\u00eb Sinan Hasanit, q\u00eb ishte funksionar i lart\u00eb i partis\u00eb n\u00eb Kosov\u00eb dhe n\u00eb Jugosllavi. Rexhep Qosja \u00ebsht\u00eb edhe tash i vetmi akademik servil i pushtetit.<\/p>\n<p>II. Morali:<\/p>\n<p>1. Ai e shan dhe e denigron Akademin\u00eb dhe vijon t\u00eb q\u00ebndroj\u00eb an\u00ebtar i k\u00ebsaj Akademie me etik\u00eb t\u00eb l\u00ebnduar, pa pasur kuraj\u00eb t\u00eb jap\u00eb dor\u00ebheqje nga ajo.<\/p>\n<p>2. Po b\u00ebhen dhjet\u00eb vjet q\u00eb nuk ka ardhur n\u00eb Akademi e q\u00eb nuk i kryen k\u00ebshtu obligimet q\u00eb ka secili akademik, nd\u00ebrsa e merr rregullisht shp\u00ebrblimin.<\/p>\n<p>3. Si askush n\u00eb Kosov\u00eb, n\u00eb kund\u00ebrshtim me ligjin, Qosja qe b\u00ebr\u00eb drejtor i Institutit Albanologjik n\u00eb mandat t\u00eb tret\u00eb.<\/p>\n<p>III. Denoncues policor:<\/p>\n<p>1. Ai thot\u00eb se gjendja n\u00eb Akademi \u00ebsht\u00eb \u201cas e lejueshme, as e pranueshme, as e mundshme dhe e d\u00ebmshme p\u00ebr Kosov\u00ebn\u201d.<\/p>\n<p>K\u00ebshtu n\u00eb stilin e vjet\u00ebr t\u00eb nj\u00eb polici, ai ua zbulon organeve p\u00ebrkat\u00ebse Akademin\u00eb si subjekt q\u00eb duhet d\u00ebnuar apo asgj\u00ebsuar.<\/p>\n<p>2. K\u00ebrkon q\u00eb akademik\u00ebt t\u00eb d\u00ebnohen, duke mos ua dh\u00ebn\u00eb pages\u00ebn q\u00eb \u00ebsht\u00eb n\u00eb shum\u00eb prej 400 eurove e q\u00eb ai e quan \u201crrog\u00eb komb\u00ebtare\u201d p\u00ebr t\u00eb l\u00ebn\u00eb p\u00ebrshtypjen se \u00ebsht\u00eb e madhe.<\/p>\n<p>IV. Logjika:<\/p>\n<p>1. Thot\u00eb se \u201cpara gjuh\u00ebtar\u00ebve Akademin\u00eb do t\u00eb duhej ta udh\u00ebhiqnin akademik\u00eb t\u00eb profesioneve t\u00eb tjera\u2026\u201d, sepse \u201cp\u00ebr mendjen e tyre m\u00eb s\u00eb shumti ka nevoj\u00eb Kosova, sepse kemi nevoj\u00eb p\u00ebr nj\u00eb zhvillim t\u00eb p\u00ebrgjithsh\u00ebm e jo t\u00eb na drejtojn\u00eb vet\u00ebm gjuh\u00ebtar\u00ebt ku do e v\u00ebm\u00eb \u00eb-n\u00eb pa z\u00eb e ku do e heqim\u201d.<\/p>\n<p>P\u00ebr udh\u00ebheq\u00ebsit e Akademis\u00eb Ligji i p\u00ebrcakton detyrat dhe p\u00ebrgjegj\u00ebsit\u00eb. Ato<\/p>\n<p>jan\u00eb mbi profesionet e tyre. Suksesi i pun\u00ebve t\u00eb Akademis\u00eb nuk varet nga profesioni i udh\u00ebheq\u00ebsit, por nga aft\u00ebsia e tij organizative dhe vizioni p\u00ebr zhvillimin e Akademis\u00eb dhe nga bashk\u00ebpunimi e angazhimi i an\u00ebtar\u00ebve t\u00eb Akademis\u00eb.<\/p>\n<p>2. Pasi thot\u00eb se \u201cMonografia p\u00ebr Kosov\u00ebn\u201d (botim i ASHAK-ut) \u00ebsht\u00eb nj\u00eb p\u00ebrmbledhje e 60-70 autor\u00ebve\u201d, konkludon se si e till\u00eb ajo \u201c\u00ebsht\u00eb nj\u00eb lib\u00ebr nj\u00ebsoj sikur i koh\u00ebs s\u00eb Stalinit, \u00c7ausheskut e Titos\u201d. Logjik\u00eb kjo \u201ce denj\u00eb p\u00ebr lart\u00ebsin\u00eb e tij intelektuale\u201d!<\/p>\n<p>V. N\u00eb fund:<\/p>\n<p>Me logjik\u00ebn e bajraktarit dhe me inate nuk vler\u00ebsohet krijimtaria dhe as funksionimi normal i institucioneve shkencore dhe artistike. Me derset e pareshtura ai hiqet si bashkues i kombit, nd\u00ebrkaq shum\u00eb prej veprimeve t\u00eb tij jan\u00eb vet\u00ebm veprime t\u00eb p\u00ebr\u00e7arjes.<\/p>\n<p>Me t\u00eb tilla q\u00ebndrime Qosja tregon se \u00ebsht\u00eb mb\u00ebrthyer e izoluar n\u00eb egocentrizmin e tij, n\u00eb megalomanin\u00eb dhe n\u00eb q\u00ebndrimin e nj\u00eb m\u00ebsuesi pa kredibilitet. Do t\u00eb d\u00ebshironim q\u00eb t\u00eb zbres\u00eb n\u00eb tok\u00eb si njeri me mas\u00eb reale t\u00eb vler\u00ebsimit t\u00eb pun\u00ebs s\u00eb vet e me dashuri njer\u00ebzore ndaj koleg\u00ebve e ndaj t\u00eb gjith\u00ebve.<\/p>\n<p><em>Prishtin\u00eb, 23.11.2011<\/em><\/p>\n<p><em>P\u00ebr Kryesin\u00eb e ASHAK-ut <\/em><br \/>\n<strong>Akademik Besim Bokshi<\/strong>, d.v.<\/p>\n","protected":false},"excerpt":{"rendered":"<p>&#8230;q\u00eb mllefin p\u00ebrpiqet ta fsheh p\u00ebrmes Rexhep Qosjes! Nga Asllan Dibrani Vet\u00eb titulli se kush na qenka Asllan Dibrani \u00ebsht\u00eb nj\u00eb sinjal p\u00ebrshtypje qe ky tip butaku, injoranti ka tendenc\u00eb kund\u00ebr meje, kur ketu ne artikullin e tij shihet nje konfuzitet paqartesi, indiferentizem, zem\u00ebrngusht\u00ebsi, demagogji, manipulant dhe verberi nga nje intelekt abuzues i cekt qe [&hellip;]<\/p>\n","protected":false},"author":1,"featured_media":0,"comment_status":"open","ping_status":"closed","sticky":false,"template":"","format":"standard","meta":{"footnotes":""},"categories":[2],"tags":[],"class_list":{"0":"post-363","1":"post","2":"type-post","3":"status-publish","4":"format-standard","6":"category-artikuj"},"yoast_head":"<!-- This site is optimized with the Yoast SEO plugin v27.4 - https:\/\/yoast.com\/product\/yoast-seo-wordpress\/ -->\n<title>Reagim kunder konfuzitetit hipokrit dhe tendencioz t\u00eb Isuf Byty\u00e7it - FjALA e LIR\u00cb - Arkivi<\/title>\n<meta name=\"robots\" content=\"index, follow, max-snippet:-1, max-image-preview:large, max-video-preview:-1\" \/>\n<link rel=\"canonical\" href=\"https:\/\/fjala.info\/2009-2015\/reagim-kunder-konfuzitetit-hipokrit-dhe-tendencioz-te-isuf-bytycit\/\" \/>\n<meta property=\"og:locale\" content=\"sq_AL\" \/>\n<meta property=\"og:type\" content=\"article\" \/>\n<meta property=\"og:title\" content=\"Reagim kunder konfuzitetit hipokrit dhe tendencioz t\u00eb Isuf Byty\u00e7it - FjALA e LIR\u00cb - Arkivi\" \/>\n<meta property=\"og:description\" content=\"&#8230;q\u00eb mllefin p\u00ebrpiqet ta fsheh p\u00ebrmes Rexhep Qosjes! Nga Asllan Dibrani Vet\u00eb titulli se kush na qenka Asllan Dibrani \u00ebsht\u00eb nj\u00eb sinjal p\u00ebrshtypje qe ky tip butaku, injoranti ka tendenc\u00eb kund\u00ebr meje, kur ketu ne artikullin e tij shihet nje konfuzitet paqartesi, indiferentizem, zem\u00ebrngusht\u00ebsi, demagogji, manipulant dhe verberi nga nje intelekt abuzues i cekt qe [&hellip;]\" \/>\n<meta property=\"og:url\" content=\"https:\/\/fjala.info\/2009-2015\/reagim-kunder-konfuzitetit-hipokrit-dhe-tendencioz-te-isuf-bytycit\/\" \/>\n<meta property=\"og:site_name\" content=\"FjALA e LIR\u00cb - Arkivi\" \/>\n<meta property=\"article:published_time\" content=\"2011-11-27T21:01:41+00:00\" \/>\n<meta property=\"og:image\" content=\"http:\/\/www.shkoder.net\/images\/fjala\/asllan_dibrani.jpg\" \/>\n<meta name=\"author\" content=\"admin\" \/>\n<meta name=\"twitter:card\" content=\"summary_large_image\" \/>\n<meta name=\"twitter:label1\" content=\"Written by\" \/>\n\t<meta name=\"twitter:data1\" content=\"admin\" \/>\n\t<meta name=\"twitter:label2\" content=\"Est. reading time\" \/>\n\t<meta name=\"twitter:data2\" content=\"30 minutes\" \/>\n<script type=\"application\/ld+json\" class=\"yoast-schema-graph\">{\"@context\":\"https:\\\/\\\/schema.org\",\"@graph\":[{\"@type\":\"Article\",\"@id\":\"https:\\\/\\\/fjala.info\\\/2009-2015\\\/reagim-kunder-konfuzitetit-hipokrit-dhe-tendencioz-te-isuf-bytycit\\\/#article\",\"isPartOf\":{\"@id\":\"https:\\\/\\\/fjala.info\\\/2009-2015\\\/reagim-kunder-konfuzitetit-hipokrit-dhe-tendencioz-te-isuf-bytycit\\\/\"},\"author\":{\"name\":\"admin\",\"@id\":\"https:\\\/\\\/fjala.info\\\/2009-2015\\\/#\\\/schema\\\/person\\\/3aa1163ef05469c496fc94e77611ada2\"},\"headline\":\"Reagim kunder konfuzitetit hipokrit dhe tendencioz t\u00eb Isuf Byty\u00e7it\",\"datePublished\":\"2011-11-27T21:01:41+00:00\",\"mainEntityOfPage\":{\"@id\":\"https:\\\/\\\/fjala.info\\\/2009-2015\\\/reagim-kunder-konfuzitetit-hipokrit-dhe-tendencioz-te-isuf-bytycit\\\/\"},\"wordCount\":6008,\"commentCount\":0,\"publisher\":{\"@id\":\"https:\\\/\\\/fjala.info\\\/2009-2015\\\/#organization\"},\"image\":{\"@id\":\"https:\\\/\\\/fjala.info\\\/2009-2015\\\/reagim-kunder-konfuzitetit-hipokrit-dhe-tendencioz-te-isuf-bytycit\\\/#primaryimage\"},\"thumbnailUrl\":\"http:\\\/\\\/www.shkoder.net\\\/images\\\/fjala\\\/asllan_dibrani.jpg\",\"articleSection\":[\"Artikuj\"],\"inLanguage\":\"sq-AL\",\"potentialAction\":[{\"@type\":\"CommentAction\",\"name\":\"Comment\",\"target\":[\"https:\\\/\\\/fjala.info\\\/2009-2015\\\/reagim-kunder-konfuzitetit-hipokrit-dhe-tendencioz-te-isuf-bytycit\\\/#respond\"]}]},{\"@type\":\"WebPage\",\"@id\":\"https:\\\/\\\/fjala.info\\\/2009-2015\\\/reagim-kunder-konfuzitetit-hipokrit-dhe-tendencioz-te-isuf-bytycit\\\/\",\"url\":\"https:\\\/\\\/fjala.info\\\/2009-2015\\\/reagim-kunder-konfuzitetit-hipokrit-dhe-tendencioz-te-isuf-bytycit\\\/\",\"name\":\"Reagim kunder konfuzitetit hipokrit dhe tendencioz t\u00eb Isuf Byty\u00e7it - FjALA e LIR\u00cb - Arkivi\",\"isPartOf\":{\"@id\":\"https:\\\/\\\/fjala.info\\\/2009-2015\\\/#website\"},\"primaryImageOfPage\":{\"@id\":\"https:\\\/\\\/fjala.info\\\/2009-2015\\\/reagim-kunder-konfuzitetit-hipokrit-dhe-tendencioz-te-isuf-bytycit\\\/#primaryimage\"},\"image\":{\"@id\":\"https:\\\/\\\/fjala.info\\\/2009-2015\\\/reagim-kunder-konfuzitetit-hipokrit-dhe-tendencioz-te-isuf-bytycit\\\/#primaryimage\"},\"thumbnailUrl\":\"http:\\\/\\\/www.shkoder.net\\\/images\\\/fjala\\\/asllan_dibrani.jpg\",\"datePublished\":\"2011-11-27T21:01:41+00:00\",\"breadcrumb\":{\"@id\":\"https:\\\/\\\/fjala.info\\\/2009-2015\\\/reagim-kunder-konfuzitetit-hipokrit-dhe-tendencioz-te-isuf-bytycit\\\/#breadcrumb\"},\"inLanguage\":\"sq-AL\",\"potentialAction\":[{\"@type\":\"ReadAction\",\"target\":[\"https:\\\/\\\/fjala.info\\\/2009-2015\\\/reagim-kunder-konfuzitetit-hipokrit-dhe-tendencioz-te-isuf-bytycit\\\/\"]}]},{\"@type\":\"ImageObject\",\"inLanguage\":\"sq-AL\",\"@id\":\"https:\\\/\\\/fjala.info\\\/2009-2015\\\/reagim-kunder-konfuzitetit-hipokrit-dhe-tendencioz-te-isuf-bytycit\\\/#primaryimage\",\"url\":\"http:\\\/\\\/www.shkoder.net\\\/images\\\/fjala\\\/asllan_dibrani.jpg\",\"contentUrl\":\"http:\\\/\\\/www.shkoder.net\\\/images\\\/fjala\\\/asllan_dibrani.jpg\"},{\"@type\":\"BreadcrumbList\",\"@id\":\"https:\\\/\\\/fjala.info\\\/2009-2015\\\/reagim-kunder-konfuzitetit-hipokrit-dhe-tendencioz-te-isuf-bytycit\\\/#breadcrumb\",\"itemListElement\":[{\"@type\":\"ListItem\",\"position\":1,\"name\":\"Home\",\"item\":\"https:\\\/\\\/fjala.info\\\/2009-2015\\\/\"},{\"@type\":\"ListItem\",\"position\":2,\"name\":\"Reagim kunder konfuzitetit hipokrit dhe tendencioz t\u00eb Isuf Byty\u00e7it\"}]},{\"@type\":\"WebSite\",\"@id\":\"https:\\\/\\\/fjala.info\\\/2009-2015\\\/#website\",\"url\":\"https:\\\/\\\/fjala.info\\\/2009-2015\\\/\",\"name\":\"FjALA e LIR\u00cb - Arkivi\",\"description\":\"Arkivi 2009-2015\",\"publisher\":{\"@id\":\"https:\\\/\\\/fjala.info\\\/2009-2015\\\/#organization\"},\"potentialAction\":[{\"@type\":\"SearchAction\",\"target\":{\"@type\":\"EntryPoint\",\"urlTemplate\":\"https:\\\/\\\/fjala.info\\\/2009-2015\\\/?s={search_term_string}\"},\"query-input\":{\"@type\":\"PropertyValueSpecification\",\"valueRequired\":true,\"valueName\":\"search_term_string\"}}],\"inLanguage\":\"sq-AL\"},{\"@type\":\"Organization\",\"@id\":\"https:\\\/\\\/fjala.info\\\/2009-2015\\\/#organization\",\"name\":\"FjALA e LIR\u00cb - Arkivi\",\"url\":\"https:\\\/\\\/fjala.info\\\/2009-2015\\\/\",\"logo\":{\"@type\":\"ImageObject\",\"inLanguage\":\"sq-AL\",\"@id\":\"https:\\\/\\\/fjala.info\\\/2009-2015\\\/#\\\/schema\\\/logo\\\/image\\\/\",\"url\":\"\",\"contentUrl\":\"\",\"caption\":\"FjALA e LIR\u00cb - Arkivi\"},\"image\":{\"@id\":\"https:\\\/\\\/fjala.info\\\/2009-2015\\\/#\\\/schema\\\/logo\\\/image\\\/\"}},{\"@type\":\"Person\",\"@id\":\"https:\\\/\\\/fjala.info\\\/2009-2015\\\/#\\\/schema\\\/person\\\/3aa1163ef05469c496fc94e77611ada2\",\"name\":\"admin\",\"image\":{\"@type\":\"ImageObject\",\"inLanguage\":\"sq-AL\",\"@id\":\"https:\\\/\\\/fjala.info\\\/2009-2015\\\/wp-content\\\/uploads\\\/2012\\\/02\\\/arben_cokaj-120x150.jpg\",\"url\":\"https:\\\/\\\/fjala.info\\\/2009-2015\\\/wp-content\\\/uploads\\\/2012\\\/02\\\/arben_cokaj-120x150.jpg\",\"contentUrl\":\"https:\\\/\\\/fjala.info\\\/2009-2015\\\/wp-content\\\/uploads\\\/2012\\\/02\\\/arben_cokaj-120x150.jpg\",\"caption\":\"admin\"},\"description\":\"Admin, Fjala e Lir\u00eb\",\"sameAs\":[\"https:\\\/\\\/fjala.info\\\/\"],\"url\":\"https:\\\/\\\/fjala.info\\\/2009-2015\\\/author\\\/admin\\\/\"}]}<\/script>\n<!-- \/ Yoast SEO plugin. -->","yoast_head_json":{"title":"Reagim kunder konfuzitetit hipokrit dhe tendencioz t\u00eb Isuf Byty\u00e7it - FjALA e LIR\u00cb - Arkivi","robots":{"index":"index","follow":"follow","max-snippet":"max-snippet:-1","max-image-preview":"max-image-preview:large","max-video-preview":"max-video-preview:-1"},"canonical":"https:\/\/fjala.info\/2009-2015\/reagim-kunder-konfuzitetit-hipokrit-dhe-tendencioz-te-isuf-bytycit\/","og_locale":"sq_AL","og_type":"article","og_title":"Reagim kunder konfuzitetit hipokrit dhe tendencioz t\u00eb Isuf Byty\u00e7it - FjALA e LIR\u00cb - Arkivi","og_description":"&#8230;q\u00eb mllefin p\u00ebrpiqet ta fsheh p\u00ebrmes Rexhep Qosjes! Nga Asllan Dibrani Vet\u00eb titulli se kush na qenka Asllan Dibrani \u00ebsht\u00eb nj\u00eb sinjal p\u00ebrshtypje qe ky tip butaku, injoranti ka tendenc\u00eb kund\u00ebr meje, kur ketu ne artikullin e tij shihet nje konfuzitet paqartesi, indiferentizem, zem\u00ebrngusht\u00ebsi, demagogji, manipulant dhe verberi nga nje intelekt abuzues i cekt qe [&hellip;]","og_url":"https:\/\/fjala.info\/2009-2015\/reagim-kunder-konfuzitetit-hipokrit-dhe-tendencioz-te-isuf-bytycit\/","og_site_name":"FjALA e LIR\u00cb - Arkivi","article_published_time":"2011-11-27T21:01:41+00:00","og_image":[{"url":"http:\/\/www.shkoder.net\/images\/fjala\/asllan_dibrani.jpg","type":"","width":"","height":""}],"author":"admin","twitter_card":"summary_large_image","twitter_misc":{"Written by":"admin","Est. reading time":"30 minutes"},"schema":{"@context":"https:\/\/schema.org","@graph":[{"@type":"Article","@id":"https:\/\/fjala.info\/2009-2015\/reagim-kunder-konfuzitetit-hipokrit-dhe-tendencioz-te-isuf-bytycit\/#article","isPartOf":{"@id":"https:\/\/fjala.info\/2009-2015\/reagim-kunder-konfuzitetit-hipokrit-dhe-tendencioz-te-isuf-bytycit\/"},"author":{"name":"admin","@id":"https:\/\/fjala.info\/2009-2015\/#\/schema\/person\/3aa1163ef05469c496fc94e77611ada2"},"headline":"Reagim kunder konfuzitetit hipokrit dhe tendencioz t\u00eb Isuf Byty\u00e7it","datePublished":"2011-11-27T21:01:41+00:00","mainEntityOfPage":{"@id":"https:\/\/fjala.info\/2009-2015\/reagim-kunder-konfuzitetit-hipokrit-dhe-tendencioz-te-isuf-bytycit\/"},"wordCount":6008,"commentCount":0,"publisher":{"@id":"https:\/\/fjala.info\/2009-2015\/#organization"},"image":{"@id":"https:\/\/fjala.info\/2009-2015\/reagim-kunder-konfuzitetit-hipokrit-dhe-tendencioz-te-isuf-bytycit\/#primaryimage"},"thumbnailUrl":"http:\/\/www.shkoder.net\/images\/fjala\/asllan_dibrani.jpg","articleSection":["Artikuj"],"inLanguage":"sq-AL","potentialAction":[{"@type":"CommentAction","name":"Comment","target":["https:\/\/fjala.info\/2009-2015\/reagim-kunder-konfuzitetit-hipokrit-dhe-tendencioz-te-isuf-bytycit\/#respond"]}]},{"@type":"WebPage","@id":"https:\/\/fjala.info\/2009-2015\/reagim-kunder-konfuzitetit-hipokrit-dhe-tendencioz-te-isuf-bytycit\/","url":"https:\/\/fjala.info\/2009-2015\/reagim-kunder-konfuzitetit-hipokrit-dhe-tendencioz-te-isuf-bytycit\/","name":"Reagim kunder konfuzitetit hipokrit dhe tendencioz t\u00eb Isuf Byty\u00e7it - FjALA e LIR\u00cb - Arkivi","isPartOf":{"@id":"https:\/\/fjala.info\/2009-2015\/#website"},"primaryImageOfPage":{"@id":"https:\/\/fjala.info\/2009-2015\/reagim-kunder-konfuzitetit-hipokrit-dhe-tendencioz-te-isuf-bytycit\/#primaryimage"},"image":{"@id":"https:\/\/fjala.info\/2009-2015\/reagim-kunder-konfuzitetit-hipokrit-dhe-tendencioz-te-isuf-bytycit\/#primaryimage"},"thumbnailUrl":"http:\/\/www.shkoder.net\/images\/fjala\/asllan_dibrani.jpg","datePublished":"2011-11-27T21:01:41+00:00","breadcrumb":{"@id":"https:\/\/fjala.info\/2009-2015\/reagim-kunder-konfuzitetit-hipokrit-dhe-tendencioz-te-isuf-bytycit\/#breadcrumb"},"inLanguage":"sq-AL","potentialAction":[{"@type":"ReadAction","target":["https:\/\/fjala.info\/2009-2015\/reagim-kunder-konfuzitetit-hipokrit-dhe-tendencioz-te-isuf-bytycit\/"]}]},{"@type":"ImageObject","inLanguage":"sq-AL","@id":"https:\/\/fjala.info\/2009-2015\/reagim-kunder-konfuzitetit-hipokrit-dhe-tendencioz-te-isuf-bytycit\/#primaryimage","url":"http:\/\/www.shkoder.net\/images\/fjala\/asllan_dibrani.jpg","contentUrl":"http:\/\/www.shkoder.net\/images\/fjala\/asllan_dibrani.jpg"},{"@type":"BreadcrumbList","@id":"https:\/\/fjala.info\/2009-2015\/reagim-kunder-konfuzitetit-hipokrit-dhe-tendencioz-te-isuf-bytycit\/#breadcrumb","itemListElement":[{"@type":"ListItem","position":1,"name":"Home","item":"https:\/\/fjala.info\/2009-2015\/"},{"@type":"ListItem","position":2,"name":"Reagim kunder konfuzitetit hipokrit dhe tendencioz t\u00eb Isuf Byty\u00e7it"}]},{"@type":"WebSite","@id":"https:\/\/fjala.info\/2009-2015\/#website","url":"https:\/\/fjala.info\/2009-2015\/","name":"FjALA e LIR\u00cb - Arkivi","description":"Arkivi 2009-2015","publisher":{"@id":"https:\/\/fjala.info\/2009-2015\/#organization"},"potentialAction":[{"@type":"SearchAction","target":{"@type":"EntryPoint","urlTemplate":"https:\/\/fjala.info\/2009-2015\/?s={search_term_string}"},"query-input":{"@type":"PropertyValueSpecification","valueRequired":true,"valueName":"search_term_string"}}],"inLanguage":"sq-AL"},{"@type":"Organization","@id":"https:\/\/fjala.info\/2009-2015\/#organization","name":"FjALA e LIR\u00cb - Arkivi","url":"https:\/\/fjala.info\/2009-2015\/","logo":{"@type":"ImageObject","inLanguage":"sq-AL","@id":"https:\/\/fjala.info\/2009-2015\/#\/schema\/logo\/image\/","url":"","contentUrl":"","caption":"FjALA e LIR\u00cb - Arkivi"},"image":{"@id":"https:\/\/fjala.info\/2009-2015\/#\/schema\/logo\/image\/"}},{"@type":"Person","@id":"https:\/\/fjala.info\/2009-2015\/#\/schema\/person\/3aa1163ef05469c496fc94e77611ada2","name":"admin","image":{"@type":"ImageObject","inLanguage":"sq-AL","@id":"https:\/\/fjala.info\/2009-2015\/wp-content\/uploads\/2012\/02\/arben_cokaj-120x150.jpg","url":"https:\/\/fjala.info\/2009-2015\/wp-content\/uploads\/2012\/02\/arben_cokaj-120x150.jpg","contentUrl":"https:\/\/fjala.info\/2009-2015\/wp-content\/uploads\/2012\/02\/arben_cokaj-120x150.jpg","caption":"admin"},"description":"Admin, Fjala e Lir\u00eb","sameAs":["https:\/\/fjala.info\/"],"url":"https:\/\/fjala.info\/2009-2015\/author\/admin\/"}]}},"_links":{"self":[{"href":"https:\/\/fjala.info\/2009-2015\/wp-json\/wp\/v2\/posts\/363","targetHints":{"allow":["GET"]}}],"collection":[{"href":"https:\/\/fjala.info\/2009-2015\/wp-json\/wp\/v2\/posts"}],"about":[{"href":"https:\/\/fjala.info\/2009-2015\/wp-json\/wp\/v2\/types\/post"}],"author":[{"embeddable":true,"href":"https:\/\/fjala.info\/2009-2015\/wp-json\/wp\/v2\/users\/1"}],"replies":[{"embeddable":true,"href":"https:\/\/fjala.info\/2009-2015\/wp-json\/wp\/v2\/comments?post=363"}],"version-history":[{"count":0,"href":"https:\/\/fjala.info\/2009-2015\/wp-json\/wp\/v2\/posts\/363\/revisions"}],"wp:attachment":[{"href":"https:\/\/fjala.info\/2009-2015\/wp-json\/wp\/v2\/media?parent=363"}],"wp:term":[{"taxonomy":"category","embeddable":true,"href":"https:\/\/fjala.info\/2009-2015\/wp-json\/wp\/v2\/categories?post=363"},{"taxonomy":"post_tag","embeddable":true,"href":"https:\/\/fjala.info\/2009-2015\/wp-json\/wp\/v2\/tags?post=363"}],"curies":[{"name":"wp","href":"https:\/\/api.w.org\/{rel}","templated":true}]}}