{"id":3628,"date":"2010-08-04T11:19:05","date_gmt":"2010-08-04T10:19:05","guid":{"rendered":"http:\/\/fjala.shkoder.net\/?p=3628"},"modified":"2010-08-04T11:19:05","modified_gmt":"2010-08-04T10:19:05","slug":"beogradi-ta-pranoje-kosoven-shtet-te-perqendrohet-ne-lugine-te-presheves-vojvodine-dhe-sanxhak","status":"publish","type":"post","link":"https:\/\/fjala.info\/2009-2015\/beogradi-ta-pranoje-kosoven-shtet-te-perqendrohet-ne-lugine-te-presheves-vojvodine-dhe-sanxhak\/","title":{"rendered":"Beogradi ta pranoj\u00eb Kosov\u00ebn shtet, t\u00eb p\u00ebrqendrohet n\u00eb Lugin\u00eb t\u00eb Preshev\u00ebs, Vojvodin\u00eb dhe Sanxhak"},"content":{"rendered":"<p><img decoding=\"async\" style=\"margin-left: 10px; margin-right: 10px; border: 0px;\" title=\"Refik HASANI\" src=\"http:\/\/www.shkoder.net\/images\/fjala\/refik_hasani.jpg\" border=\"0\" alt=\"\" width=\"100\" align=\"right\" \/><\/p>\n<p>Shkruan: <strong>Refik HASANI<\/strong><\/p>\n<p>N\u00ebse me njohjen e Prishtin\u00ebs nga Beogradi, supozojm se mbyllet kaptina &#8220;problem p\u00ebr \u00e7\u00ebshtje t\u00eb hapura me Serbin\u00eb&#8221;, gabojm\u00eb r\u00ebnd\u00eb se n\u00eb kuad\u00ebr t\u00eb Republik\u00ebs \u00ebsht\u00eb mbetur edhe Vojvodina, si ish-nj\u00ebsi e barabart\u00eb e Jugosllavis\u00eb. Me k\u00ebt\u00eb vet\u00ebm n\u00ebkuptohet t\u00eb fillohet nj\u00eb periudh\u00eb e ridefinimit, rregullimit t\u00eb brendsh\u00ebm t\u00eb shtetit t\u00eb Serbis\u00eb.<\/p>\n<p>Raporti Serbi dhe shqiptar\u00ebt e tri Komunave ku m\u00eb 1 e 2 mars t\u00eb vitit 1992, u mbajt referendumi p\u00ebr nj\u00eb auitonimi territoriale dhe me t\u00eb drejt\u00eb, <strong>bashkangjitje me Kosov\u00ebn<\/strong> <strong>am\u00eb<\/strong>. Vojvodina si ish-nj\u00ebsi e barabart\u00eb n\u00eb k\u00ebt\u00eb, duhet t&#8217;i p\u00ebrcaktoj\u00eb lidhjet me Serbin\u00eb dhe \u00e7far\u00eb statusi k\u00ebrkojn\u00eb t\u00eb ken\u00eb n\u00eb k\u00ebt\u00eb Hungarez\u00ebt. Rajoni i Sanxhakut, i banuar me popullat\u00eb d\u00ebrmuese Boshnjake. Vet\u00ebm pasi t\u00eb gjinden zgjidhje p\u00ebr k\u00ebto tri rajone apo krahina, at\u00ebher\u00eb duhet konsideruar mbyllja e \u00e7\u00ebshtjeve t\u00eb hapura t\u00eb Republik\u00ebs s\u00eb Serbis\u00eb.<\/p>\n<p style=\"text-align: center;\">* * *<\/p>\n<p>Akademik\u00ebt, intelektual\u00ebt dhe qeveritar\u00eb serb\u00eb duhet debatur dhe shtruar drejt\u00eb,\u00a0q\u00eb t\u00eb pregaditet opinioni q\u00eb Serbia mund dhe duhet t\u00eb fedaralizohet ! Vojvodina t\u00eb hyn\u00eb n\u00eb federat\u00eb apo konfederat\u00eb me Serbin\u00eb n\u00eb mes veti, por mos t\u00eb harxhoj\u00eb koh\u00eb dhe energji me Kosov\u00ebn n\u00eb asnj\u00eb variant apo kombinim, vet\u00ebm si dy shtete fqinje, s\u00eb bashku t\u00eb integruara n\u00eb NATO, BE por edhe me p\u00ebrgjegj\u00ebsi e obligime t\u00eb barabarta n\u00eb K\u00ebshillin e Sigurimit t\u00eb OKB-s\u00eb.<\/p>\n<p>Populli serb dhe shteti i tyre nuk kan nevoj\u00eb q\u00eb ne kosovar\u00ebve fare t\u00eb na afrojn\u00eb ndonj\u00eb autonomi substanciale, \u00e7fardo lloji qoft\u00eb e zgjeruar, themelore etj. K\u00ebto t&#8217;i ruaj\u00eb p\u00ebr tri rajone apo krahina, q\u00eb p\u00ebrve\u00e7 me popullat\u00eb homogjene shumic\u00eb jo serbe, jan\u00eb t\u00eb kufizuara edhe me territore t\u00eb shteteve am\u00eb. Tri rajone nuk mund t&#8217;i mbaj\u00eb gjat\u00eb n\u00ebn trysni, k\u00ebt\u00eb gatishm\u00ebri t\u2019ju afroj\u00eb dhe duhet t\u00eb vlej\u00eb s\u00eb pari p\u00ebr shqiptar\u00ebt n\u00eb Komun\u00ebn e Medvegj\u00ebs, Bujanocit dhe Preshev\u00ebs.<\/p>\n<p>Hungarez\u00ebt n\u00eb Vojvodin\u00eb dhe Boshnjak\u00ebt n\u00eb Sanxhak. P\u00ebr asnj\u00eb moment mos t\u00eb harrojm\u00eb edhe pse nuk jan\u00eb me shumic\u00eb n\u00eb nj\u00eb territor t\u00eb caktuar me num\u00ebr t\u00eb madh t\u00eb banor\u00ebve, p\u00ebrve\u00e7 q\u00eb jan\u00eb shumic\u00eb n\u00eb Komun\u00ebn e Pirotit, komunitetin jo t\u00eb vog\u00ebl q\u00eb shum\u00eb pak zihet n\u00eb goj\u00eb e k\u00ebto jan\u00eb Bullgar\u00ebt n\u00eb Serbi, Rumun\u00ebt n\u00eb Vojvodin\u00eb dhe Rom\u00ebt, q\u00eb jan\u00eb t\u00eb shp\u00ebrndar\u00eb n\u00ebp\u00ebr t\u00ebr\u00eb Serbin\u00eb dhe Vojvodin\u00ebn. Secili prej k\u00ebtyre tri komuniteteve si p\u00ebr nga numri i banor\u00ebve ashtu edhe nga shtrirja gjeografike jan\u00eb m\u00eb shum\u00eb se pakica serbe n\u00eb Kosov\u00ebs p\u00ebr disa her\u00eb!<\/p>\n<p style=\"text-align: center;\">* * *<\/p>\n<p>Ndoshta faktori nd\u00ebrkomb\u00ebtar duhet ta ndihmoj\u00eb, se shteti serb mos t\u00eb p\u00ebrqendrohet n\u00eb Kosov\u00eb, duke i patur edhe tri rajone tjera me popullat\u00eb dhe territor t\u00eb ve\u00e7ant\u00eb. Shteti serb p\u00ebr t&#8217;i mshef\u00eb k\u00ebto tri gj\u00ebra t\u00eb m\u00ebdha q\u00eb i cek\u00ebm m\u00eb lart, d\u00ebshiron q\u00eb luft\u00ebn diplomatike ta bart\u00eb prej vet\u00eb Serbis\u00eb e Vojvodin\u00ebs, n\u00eb Kosov\u00eb. P\u00ebrqendrimi me gjith\u00eb arsenalin e mundsh\u00ebm politik e diplomatik n\u00eb Kosov\u00eb dhe rreth Kosov\u00ebs me konsekuenca t\u00eb dukshme kund\u00ebr pavar\u00ebsis\u00eb s\u00eb Kosov\u00ebs.<\/p>\n<p>P\u00ebrve\u00e7 dhun\u00ebs qind-vje\u00e7are, q\u00eb ka ushtruar kund\u00ebr shqiptar\u00ebve t\u00eb Kosov\u00ebs e sidomos me paraqitjen n\u00eb sken\u00eb t\u00eb U\u00c7K-s\u00eb dhe intervenimin e forcave t\u00eb NATO-s, nj\u00eb intervenim i pari i k\u00ebtij lloji n\u00eb bot\u00eb. Serbia p\u00ebrfundimisht nuk ka t\u00eb drejt\u00eb as edhe t\u00eb kthej\u00eb kok\u00ebn kah Kosova, n\u00ebse mundet t\u00eb plasoj\u00eb ndonj\u00eb produkt t\u00eb vetin n\u00eb tregun e Kosov\u00ebs, boll e ka, se sa p\u00ebr p\u00ebr ta patur n\u00ebn sundim t\u00eb vetin, jo kurr\u00eb. Duke i mshefur tri probleme n\u00eb tri rajone, k\u00ebto krahina me popullat\u00eb dhe territor kompakt, Serbia don q\u00eb v\u00ebmendjen ta t\u00ebrheq\u00eb vet\u00ebm rreth Kosov\u00ebs.<\/p>\n<p>Beogradi duke e vonuar pafund njohjen e Kosov\u00ebs, d\u00ebshiron q\u00eb edhe m\u00eb tej t\u00eb mundohet t&#8217;i mbuloj\u00eb edhe tri probleme jo t\u00eb vogla, q\u00eb her\u00eb kur do, duhet t\u00eb ballafaqohet p\u00ebr ta gjetur nj\u00eb zgjidhje. Serbia at\u00eb q\u00eb k\u00ebrkon p\u00ebr serb\u00ebt e Bosnj\u00eb Hercegovin\u00ebs nuk mund t&#8217;ua mohoj\u00eb edhe shqiptar\u00ebve, hungarez\u00ebve dhe boshnjak\u00ebve. Nj\u00eb krahasim, Vojvodina ishte nj\u00ebsi n\u00eb federat\u00ebn e RSFJ-s\u00eb, kurse republika S\u00ebrpska vet\u00ebm n\u00eb baz\u00eb t\u00eb rezultateve t\u00eb luft\u00ebs, m\u00eb mir\u00eb t\u00eb themi pastrimit etnik \u00ebsht\u00eb pranuar si e till\u00eb, at\u00ebher\u00eb edhe faktori nd\u00ebrkomb\u00ebtar duhet t\u00eb ket\u00eb p\u00ebrgj\u00ebgj\u00ebsi n\u00eb k\u00ebt\u00eb.<\/p>\n<p>N\u00ebse Beogradi alarmon opinionin duke bartur kart\u00ebn e vet n\u00ebp\u00ebr zyrat europiane e bot\u00ebrore, ku b\u00ebhet politika dhe diplomacia. Kosova t\u00eb njifet si shtet nga Serbia, at\u00ebher\u00eb bashk\u00ebsia nd\u00ebrkomb\u00ebtare e ka shum\u00eb leht\u00eb ! ? N\u00ebse serb\u00ebve t\u00eb Bosnj\u00ebs ju kan\u00eb pranuar rezultatet e luft\u00ebs dhe k\u00ebto sot g\u00ebzojn\u00eb dhe jan\u00eb element gati konstituiv i Federat\u00ebs t\u00eb Bosnj\u00ebs dhe Hercegovin\u00ebs, at\u00ebher\u00eb pse nuk ju pranohet statusi i nj\u00eb autonomie edhe shqiptar\u00ebve, hungarez\u00ebve dhe boshnjak\u00ebve, n\u00eb kuad\u00ebr t\u00eb Republik\u00ebs s\u00eb Serbis\u00eb.<\/p>\n<p>Shqiptar\u00ebt n\u00eb Serbi kan\u00eb mbajtur edhe referendumin t\u00eb dat\u00ebs 1 e 2 marsit 1992, kan\u00eb organizuar kryengritje t\u00eb armatosur, q\u00eb p\u00ebrmes U\u00c7PMB-s\u00eb jan\u00eb ngritur n\u00eb nj\u00eb luft\u00eb t\u00eb armatosur kund\u00ebr pushtetit aparteid t\u00eb Serbis\u00eb dhe \u00ebsht\u00eb arritur Marr\u00ebveshja e Kon\u00e7ulit, n\u00ebn prezenc\u00ebn dhe monitorimin e faktorit politik dhe ushtarak t\u00eb bot\u00ebs. Kjo Krahin\u00eb shqiptare e mbetur n\u00ebn administrimin e Serbis\u00eb, ka tri elemente t\u00eb njohura edhe me konventa nd\u00ebrkomb\u00ebtare, q\u00eb t\u00eb jet\u00eb e ve\u00e7uar dhe t&#8217;i g\u00ebzoj\u00eb t\u00eb drejtat e saj kolektive. Hungarez\u00ebve n\u00eb krahin\u00ebn e Vojvodin\u00ebs do t\u00eb ishte m\u00eb mir\u00eb t&#8217;ju njifet sovraniteti dhe integriteti i tyre si nj\u00ebsi e barabart me serb\u00ebt.<\/p>\n<p>Vet\u00ebm pasi t\u00eb zgjidhet statuti i k\u00ebtyre tri rajoneve at\u00ebher\u00eb mund\u00eb t\u00eb flasim p\u00ebr komunitete t\u00eb tjera, si p\u00ebr t\u00eb drejtat e njeriut, shkollim, ruajtje t\u00eb kultur\u00ebs dhe identitetit nacional, se b\u00ebhet fjala p\u00ebr pakica t\u00eb vogla komb\u00ebtare. Tri rajonet e cekura edhe n\u00eb ball\u00eb t\u00eb titulluar nuk jan\u00eb t\u00eb drejta t\u00eb pakicave, por si mungesa p\u00ebr t\u00eb drejta kolektive. Duhet t\u00eb kuptojm\u00eb se pranimi i Kosov\u00ebs si shtet nga Serbia, n\u00ebnkupohet se do t\u00eb hapet t\u00ebr\u00ebsisht kutia e pandor\u00ebs e quajtur Serbi dhe Vojvodin\u00eb !?<\/p>\n<p style=\"text-align: center;\">* * *<\/p>\n<p>N\u00ebse bashk\u00ebsia nd\u00ebrkomb\u00ebtare nuk d\u00ebshiron ndryshim t\u00eb kufijve n\u00eb ballkan e ve\u00e7mas n\u00eb ish-hapsirat e federat\u00ebs Jugosllave at\u00ebher\u00eb mund t\u2019ia dal\u00eb edhe duke krijuar Republika t\u00eb tjera, sikur n\u00eb Bosnj\u00eb e Hercegovin\u00eb q\u00eb nga viti 1995 funksionon republika S\u00ebrpska, t\u00eb krijohen vet\u00ebm n\u00eb Serbi edhe tri republika t\u00eb ve\u00e7anta si e Vojvodin\u00ebs, Sanxhakut dhe e Lugin\u00ebs s\u00eb Preshev\u00ebs. Pra n\u00eb k\u00ebto tri rajone, Serbia ose duhet t\u00eb federalizohet edhe me tri Republika t\u00eb t jera, ose t\u00eb lejoj\u00eb t\u00eb bashkangjiten me shtetet e tyre am\u00eb, ku n\u00eb m\u00ebnyr\u00eb paq\u00ebsore me nj\u00eb marr\u00ebveshje paraprake, q\u00eb do t\u00eb ishte m\u00eb mir\u00eb p\u00ebr t\u00eb gjitha pal\u00ebt dhe do t\u00eb pranohet edhe nga faktori i huaj.<\/p>\n<p>P\u00ebrve\u00e7 k\u00ebtyre tri problemeve t\u00eb m\u00ebdha jan\u00eb edhe segmente q\u00eb nuk duhen n\u00ebn\u00e7muar dhe l\u00ebn\u00eb n\u00eb heshtje, e k\u00ebto jan\u00eb \u00e7\u00ebshtja e komuntitetit Rumun\u00eb, Bullgar\u00eb dhe Rom\u00eb. Edhe vet\u00eb Serbia e sotshme ka nj\u00eb territor m\u00eb nj\u00eb popullat\u00eb multietnike. Sa m\u00eb shum\u00eb q\u00eb zgjatet, q\u00eb Kosova t\u00eb njifet shtet nga Serbia, aq m\u00eb shum\u00eb zgjaten edhe problemet mbrenda vet\u00eb k\u00ebsaj Serbie. Nuk \u00ebsht\u00eb keq, q\u00eb lobi Serb q\u00eb vepron n\u00ebp\u00ebr bot\u00eb dhe elita intelektuale serbe, t\u00eb mirren shum\u00eb seriozisht p\u00ebr federalizmin e Serbis\u00eb dhe Vojvodin\u00ebs.<\/p>\n<p>Edhe Hungar\u00ebz\u00ebve n\u00eb Vojvodin\u00eb, Boshnjak\u00ebve n\u00eb Sanxhak, Shqiptar\u00ebve n\u00eb Lugin\u00eb t\u00eb Preshev\u00ebs ju takon t\u00eb g\u00ebzojn\u00eb Autonomi territoriale. Nuk \u00ebsht\u00eb e arsyeshme, q\u00eb vonesa q\u00eb Beogrdai ta njof\u00eb Prishtin\u00ebn si shtet t\u00eb st\u00ebrzgjatet, gati se u kalua gjysma e asaj periudhe ku RSFJ ishte duke funksionuar prej vitit 1945 deri n\u00eb vitin 1990. Kurse prej k\u00ebtij viti deri m\u00eb sot i kemi gati dy dekada kjo \u00ebsht\u00eb nj\u00eb st\u00ebrzgjatje dhe dikush duhet t\u00eb bart\u00eb p\u00ebrgj\u00ebsi p\u00ebr k\u00ebt\u00eb vones\u00eb tej mase, kjo \u00ebsht\u00eb e kushtueshme n\u00eb shum\u00eb aspekte edhe n\u00eb rrjedha t\u00eb tjera t\u00eb Ballkanit dhe t\u00eb Europ\u00ebs s\u00eb Bashkuar.<\/p>\n<p style=\"text-align: center;\">* * *<\/p>\n<p>Gabimet duhet t\u00eb k\u00ebrkohen te fillimi i shp\u00ebrb\u00ebrjes dhe marr\u00ebveshja s\u00eb Badinterit dhe qasja jo e drejt\u00eb q\u00eb n\u00eb at\u00eb koh\u00eb.<\/p>\n<p><em>03.08.2010<\/em><\/p>\n<p>* <em>Autori \u00ebsht\u00eb publicist i pavarur, punon si Prof. i Ekonomis\u00eb<br \/>\nE-mail adresa: refikhasani@hotmail.com<\/em><\/p>\n","protected":false},"excerpt":{"rendered":"<p>Shkruan: Refik HASANI N\u00ebse me njohjen e Prishtin\u00ebs nga Beogradi, supozojm se mbyllet kaptina &#8220;problem p\u00ebr \u00e7\u00ebshtje t\u00eb hapura me Serbin\u00eb&#8221;, gabojm\u00eb r\u00ebnd\u00eb se n\u00eb kuad\u00ebr t\u00eb Republik\u00ebs \u00ebsht\u00eb mbetur edhe Vojvodina, si ish-nj\u00ebsi e barabart\u00eb e Jugosllavis\u00eb. Me k\u00ebt\u00eb vet\u00ebm n\u00ebkuptohet t\u00eb fillohet nj\u00eb periudh\u00eb e ridefinimit, rregullimit t\u00eb brendsh\u00ebm t\u00eb shtetit t\u00eb Serbis\u00eb. [&hellip;]<\/p>\n","protected":false},"author":1,"featured_media":0,"comment_status":"open","ping_status":"closed","sticky":false,"template":"","format":"standard","meta":{"footnotes":""},"categories":[2],"tags":[],"class_list":{"0":"post-3628","1":"post","2":"type-post","3":"status-publish","4":"format-standard","6":"category-artikuj"},"yoast_head":"<!-- This site is optimized with the Yoast SEO plugin v27.4 - https:\/\/yoast.com\/product\/yoast-seo-wordpress\/ -->\n<title>Beogradi ta pranoj\u00eb Kosov\u00ebn shtet, t\u00eb p\u00ebrqendrohet n\u00eb Lugin\u00eb t\u00eb Preshev\u00ebs, Vojvodin\u00eb dhe Sanxhak - FjALA e LIR\u00cb - Arkivi<\/title>\n<meta name=\"robots\" content=\"index, follow, max-snippet:-1, max-image-preview:large, max-video-preview:-1\" \/>\n<link rel=\"canonical\" href=\"https:\/\/fjala.info\/2009-2015\/beogradi-ta-pranoje-kosoven-shtet-te-perqendrohet-ne-lugine-te-presheves-vojvodine-dhe-sanxhak\/\" \/>\n<meta property=\"og:locale\" content=\"sq_AL\" \/>\n<meta property=\"og:type\" content=\"article\" \/>\n<meta property=\"og:title\" content=\"Beogradi ta pranoj\u00eb Kosov\u00ebn shtet, t\u00eb p\u00ebrqendrohet n\u00eb Lugin\u00eb t\u00eb Preshev\u00ebs, Vojvodin\u00eb dhe Sanxhak - FjALA e LIR\u00cb - Arkivi\" \/>\n<meta property=\"og:description\" content=\"Shkruan: Refik HASANI N\u00ebse me njohjen e Prishtin\u00ebs nga Beogradi, supozojm se mbyllet kaptina &#8220;problem p\u00ebr \u00e7\u00ebshtje t\u00eb hapura me Serbin\u00eb&#8221;, gabojm\u00eb r\u00ebnd\u00eb se n\u00eb kuad\u00ebr t\u00eb Republik\u00ebs \u00ebsht\u00eb mbetur edhe Vojvodina, si ish-nj\u00ebsi e barabart\u00eb e Jugosllavis\u00eb. Me k\u00ebt\u00eb vet\u00ebm n\u00ebkuptohet t\u00eb fillohet nj\u00eb periudh\u00eb e ridefinimit, rregullimit t\u00eb brendsh\u00ebm t\u00eb shtetit t\u00eb Serbis\u00eb. [&hellip;]\" \/>\n<meta property=\"og:url\" content=\"https:\/\/fjala.info\/2009-2015\/beogradi-ta-pranoje-kosoven-shtet-te-perqendrohet-ne-lugine-te-presheves-vojvodine-dhe-sanxhak\/\" \/>\n<meta property=\"og:site_name\" content=\"FjALA e LIR\u00cb - Arkivi\" \/>\n<meta property=\"article:published_time\" content=\"2010-08-04T10:19:05+00:00\" \/>\n<meta property=\"og:image\" content=\"http:\/\/www.shkoder.net\/images\/fjala\/refik_hasani.jpg\" \/>\n<meta name=\"author\" content=\"admin\" \/>\n<meta name=\"twitter:card\" content=\"summary_large_image\" \/>\n<meta name=\"twitter:label1\" content=\"Written by\" \/>\n\t<meta name=\"twitter:data1\" content=\"admin\" \/>\n\t<meta name=\"twitter:label2\" content=\"Est. reading time\" \/>\n\t<meta name=\"twitter:data2\" content=\"7 minutes\" \/>\n<script type=\"application\/ld+json\" class=\"yoast-schema-graph\">{\"@context\":\"https:\\\/\\\/schema.org\",\"@graph\":[{\"@type\":\"Article\",\"@id\":\"https:\\\/\\\/fjala.info\\\/2009-2015\\\/beogradi-ta-pranoje-kosoven-shtet-te-perqendrohet-ne-lugine-te-presheves-vojvodine-dhe-sanxhak\\\/#article\",\"isPartOf\":{\"@id\":\"https:\\\/\\\/fjala.info\\\/2009-2015\\\/beogradi-ta-pranoje-kosoven-shtet-te-perqendrohet-ne-lugine-te-presheves-vojvodine-dhe-sanxhak\\\/\"},\"author\":{\"name\":\"admin\",\"@id\":\"https:\\\/\\\/fjala.info\\\/2009-2015\\\/#\\\/schema\\\/person\\\/3aa1163ef05469c496fc94e77611ada2\"},\"headline\":\"Beogradi ta pranoj\u00eb Kosov\u00ebn shtet, t\u00eb p\u00ebrqendrohet n\u00eb Lugin\u00eb t\u00eb Preshev\u00ebs, Vojvodin\u00eb dhe Sanxhak\",\"datePublished\":\"2010-08-04T10:19:05+00:00\",\"mainEntityOfPage\":{\"@id\":\"https:\\\/\\\/fjala.info\\\/2009-2015\\\/beogradi-ta-pranoje-kosoven-shtet-te-perqendrohet-ne-lugine-te-presheves-vojvodine-dhe-sanxhak\\\/\"},\"wordCount\":1510,\"commentCount\":0,\"publisher\":{\"@id\":\"https:\\\/\\\/fjala.info\\\/2009-2015\\\/#organization\"},\"image\":{\"@id\":\"https:\\\/\\\/fjala.info\\\/2009-2015\\\/beogradi-ta-pranoje-kosoven-shtet-te-perqendrohet-ne-lugine-te-presheves-vojvodine-dhe-sanxhak\\\/#primaryimage\"},\"thumbnailUrl\":\"http:\\\/\\\/www.shkoder.net\\\/images\\\/fjala\\\/refik_hasani.jpg\",\"articleSection\":[\"Artikuj\"],\"inLanguage\":\"sq-AL\",\"potentialAction\":[{\"@type\":\"CommentAction\",\"name\":\"Comment\",\"target\":[\"https:\\\/\\\/fjala.info\\\/2009-2015\\\/beogradi-ta-pranoje-kosoven-shtet-te-perqendrohet-ne-lugine-te-presheves-vojvodine-dhe-sanxhak\\\/#respond\"]}]},{\"@type\":\"WebPage\",\"@id\":\"https:\\\/\\\/fjala.info\\\/2009-2015\\\/beogradi-ta-pranoje-kosoven-shtet-te-perqendrohet-ne-lugine-te-presheves-vojvodine-dhe-sanxhak\\\/\",\"url\":\"https:\\\/\\\/fjala.info\\\/2009-2015\\\/beogradi-ta-pranoje-kosoven-shtet-te-perqendrohet-ne-lugine-te-presheves-vojvodine-dhe-sanxhak\\\/\",\"name\":\"Beogradi ta pranoj\u00eb Kosov\u00ebn shtet, t\u00eb p\u00ebrqendrohet n\u00eb Lugin\u00eb t\u00eb Preshev\u00ebs, Vojvodin\u00eb dhe Sanxhak - FjALA e LIR\u00cb - Arkivi\",\"isPartOf\":{\"@id\":\"https:\\\/\\\/fjala.info\\\/2009-2015\\\/#website\"},\"primaryImageOfPage\":{\"@id\":\"https:\\\/\\\/fjala.info\\\/2009-2015\\\/beogradi-ta-pranoje-kosoven-shtet-te-perqendrohet-ne-lugine-te-presheves-vojvodine-dhe-sanxhak\\\/#primaryimage\"},\"image\":{\"@id\":\"https:\\\/\\\/fjala.info\\\/2009-2015\\\/beogradi-ta-pranoje-kosoven-shtet-te-perqendrohet-ne-lugine-te-presheves-vojvodine-dhe-sanxhak\\\/#primaryimage\"},\"thumbnailUrl\":\"http:\\\/\\\/www.shkoder.net\\\/images\\\/fjala\\\/refik_hasani.jpg\",\"datePublished\":\"2010-08-04T10:19:05+00:00\",\"breadcrumb\":{\"@id\":\"https:\\\/\\\/fjala.info\\\/2009-2015\\\/beogradi-ta-pranoje-kosoven-shtet-te-perqendrohet-ne-lugine-te-presheves-vojvodine-dhe-sanxhak\\\/#breadcrumb\"},\"inLanguage\":\"sq-AL\",\"potentialAction\":[{\"@type\":\"ReadAction\",\"target\":[\"https:\\\/\\\/fjala.info\\\/2009-2015\\\/beogradi-ta-pranoje-kosoven-shtet-te-perqendrohet-ne-lugine-te-presheves-vojvodine-dhe-sanxhak\\\/\"]}]},{\"@type\":\"ImageObject\",\"inLanguage\":\"sq-AL\",\"@id\":\"https:\\\/\\\/fjala.info\\\/2009-2015\\\/beogradi-ta-pranoje-kosoven-shtet-te-perqendrohet-ne-lugine-te-presheves-vojvodine-dhe-sanxhak\\\/#primaryimage\",\"url\":\"http:\\\/\\\/www.shkoder.net\\\/images\\\/fjala\\\/refik_hasani.jpg\",\"contentUrl\":\"http:\\\/\\\/www.shkoder.net\\\/images\\\/fjala\\\/refik_hasani.jpg\"},{\"@type\":\"BreadcrumbList\",\"@id\":\"https:\\\/\\\/fjala.info\\\/2009-2015\\\/beogradi-ta-pranoje-kosoven-shtet-te-perqendrohet-ne-lugine-te-presheves-vojvodine-dhe-sanxhak\\\/#breadcrumb\",\"itemListElement\":[{\"@type\":\"ListItem\",\"position\":1,\"name\":\"Home\",\"item\":\"https:\\\/\\\/fjala.info\\\/2009-2015\\\/\"},{\"@type\":\"ListItem\",\"position\":2,\"name\":\"Beogradi ta pranoj\u00eb Kosov\u00ebn shtet, t\u00eb p\u00ebrqendrohet n\u00eb Lugin\u00eb t\u00eb Preshev\u00ebs, Vojvodin\u00eb dhe Sanxhak\"}]},{\"@type\":\"WebSite\",\"@id\":\"https:\\\/\\\/fjala.info\\\/2009-2015\\\/#website\",\"url\":\"https:\\\/\\\/fjala.info\\\/2009-2015\\\/\",\"name\":\"FjALA e LIR\u00cb - Arkivi\",\"description\":\"Arkivi 2009-2015\",\"publisher\":{\"@id\":\"https:\\\/\\\/fjala.info\\\/2009-2015\\\/#organization\"},\"potentialAction\":[{\"@type\":\"SearchAction\",\"target\":{\"@type\":\"EntryPoint\",\"urlTemplate\":\"https:\\\/\\\/fjala.info\\\/2009-2015\\\/?s={search_term_string}\"},\"query-input\":{\"@type\":\"PropertyValueSpecification\",\"valueRequired\":true,\"valueName\":\"search_term_string\"}}],\"inLanguage\":\"sq-AL\"},{\"@type\":\"Organization\",\"@id\":\"https:\\\/\\\/fjala.info\\\/2009-2015\\\/#organization\",\"name\":\"FjALA e LIR\u00cb - Arkivi\",\"url\":\"https:\\\/\\\/fjala.info\\\/2009-2015\\\/\",\"logo\":{\"@type\":\"ImageObject\",\"inLanguage\":\"sq-AL\",\"@id\":\"https:\\\/\\\/fjala.info\\\/2009-2015\\\/#\\\/schema\\\/logo\\\/image\\\/\",\"url\":\"\",\"contentUrl\":\"\",\"caption\":\"FjALA e LIR\u00cb - Arkivi\"},\"image\":{\"@id\":\"https:\\\/\\\/fjala.info\\\/2009-2015\\\/#\\\/schema\\\/logo\\\/image\\\/\"}},{\"@type\":\"Person\",\"@id\":\"https:\\\/\\\/fjala.info\\\/2009-2015\\\/#\\\/schema\\\/person\\\/3aa1163ef05469c496fc94e77611ada2\",\"name\":\"admin\",\"image\":{\"@type\":\"ImageObject\",\"inLanguage\":\"sq-AL\",\"@id\":\"https:\\\/\\\/fjala.info\\\/2009-2015\\\/wp-content\\\/uploads\\\/2012\\\/02\\\/arben_cokaj-120x150.jpg\",\"url\":\"https:\\\/\\\/fjala.info\\\/2009-2015\\\/wp-content\\\/uploads\\\/2012\\\/02\\\/arben_cokaj-120x150.jpg\",\"contentUrl\":\"https:\\\/\\\/fjala.info\\\/2009-2015\\\/wp-content\\\/uploads\\\/2012\\\/02\\\/arben_cokaj-120x150.jpg\",\"caption\":\"admin\"},\"description\":\"Admin, Fjala e Lir\u00eb\",\"sameAs\":[\"https:\\\/\\\/fjala.info\\\/\"],\"url\":\"https:\\\/\\\/fjala.info\\\/2009-2015\\\/author\\\/admin\\\/\"}]}<\/script>\n<!-- \/ Yoast SEO plugin. -->","yoast_head_json":{"title":"Beogradi ta pranoj\u00eb Kosov\u00ebn shtet, t\u00eb p\u00ebrqendrohet n\u00eb Lugin\u00eb t\u00eb Preshev\u00ebs, Vojvodin\u00eb dhe Sanxhak - FjALA e LIR\u00cb - Arkivi","robots":{"index":"index","follow":"follow","max-snippet":"max-snippet:-1","max-image-preview":"max-image-preview:large","max-video-preview":"max-video-preview:-1"},"canonical":"https:\/\/fjala.info\/2009-2015\/beogradi-ta-pranoje-kosoven-shtet-te-perqendrohet-ne-lugine-te-presheves-vojvodine-dhe-sanxhak\/","og_locale":"sq_AL","og_type":"article","og_title":"Beogradi ta pranoj\u00eb Kosov\u00ebn shtet, t\u00eb p\u00ebrqendrohet n\u00eb Lugin\u00eb t\u00eb Preshev\u00ebs, Vojvodin\u00eb dhe Sanxhak - FjALA e LIR\u00cb - Arkivi","og_description":"Shkruan: Refik HASANI N\u00ebse me njohjen e Prishtin\u00ebs nga Beogradi, supozojm se mbyllet kaptina &#8220;problem p\u00ebr \u00e7\u00ebshtje t\u00eb hapura me Serbin\u00eb&#8221;, gabojm\u00eb r\u00ebnd\u00eb se n\u00eb kuad\u00ebr t\u00eb Republik\u00ebs \u00ebsht\u00eb mbetur edhe Vojvodina, si ish-nj\u00ebsi e barabart\u00eb e Jugosllavis\u00eb. Me k\u00ebt\u00eb vet\u00ebm n\u00ebkuptohet t\u00eb fillohet nj\u00eb periudh\u00eb e ridefinimit, rregullimit t\u00eb brendsh\u00ebm t\u00eb shtetit t\u00eb Serbis\u00eb. [&hellip;]","og_url":"https:\/\/fjala.info\/2009-2015\/beogradi-ta-pranoje-kosoven-shtet-te-perqendrohet-ne-lugine-te-presheves-vojvodine-dhe-sanxhak\/","og_site_name":"FjALA e LIR\u00cb - Arkivi","article_published_time":"2010-08-04T10:19:05+00:00","og_image":[{"url":"http:\/\/www.shkoder.net\/images\/fjala\/refik_hasani.jpg","type":"","width":"","height":""}],"author":"admin","twitter_card":"summary_large_image","twitter_misc":{"Written by":"admin","Est. reading time":"7 minutes"},"schema":{"@context":"https:\/\/schema.org","@graph":[{"@type":"Article","@id":"https:\/\/fjala.info\/2009-2015\/beogradi-ta-pranoje-kosoven-shtet-te-perqendrohet-ne-lugine-te-presheves-vojvodine-dhe-sanxhak\/#article","isPartOf":{"@id":"https:\/\/fjala.info\/2009-2015\/beogradi-ta-pranoje-kosoven-shtet-te-perqendrohet-ne-lugine-te-presheves-vojvodine-dhe-sanxhak\/"},"author":{"name":"admin","@id":"https:\/\/fjala.info\/2009-2015\/#\/schema\/person\/3aa1163ef05469c496fc94e77611ada2"},"headline":"Beogradi ta pranoj\u00eb Kosov\u00ebn shtet, t\u00eb p\u00ebrqendrohet n\u00eb Lugin\u00eb t\u00eb Preshev\u00ebs, Vojvodin\u00eb dhe Sanxhak","datePublished":"2010-08-04T10:19:05+00:00","mainEntityOfPage":{"@id":"https:\/\/fjala.info\/2009-2015\/beogradi-ta-pranoje-kosoven-shtet-te-perqendrohet-ne-lugine-te-presheves-vojvodine-dhe-sanxhak\/"},"wordCount":1510,"commentCount":0,"publisher":{"@id":"https:\/\/fjala.info\/2009-2015\/#organization"},"image":{"@id":"https:\/\/fjala.info\/2009-2015\/beogradi-ta-pranoje-kosoven-shtet-te-perqendrohet-ne-lugine-te-presheves-vojvodine-dhe-sanxhak\/#primaryimage"},"thumbnailUrl":"http:\/\/www.shkoder.net\/images\/fjala\/refik_hasani.jpg","articleSection":["Artikuj"],"inLanguage":"sq-AL","potentialAction":[{"@type":"CommentAction","name":"Comment","target":["https:\/\/fjala.info\/2009-2015\/beogradi-ta-pranoje-kosoven-shtet-te-perqendrohet-ne-lugine-te-presheves-vojvodine-dhe-sanxhak\/#respond"]}]},{"@type":"WebPage","@id":"https:\/\/fjala.info\/2009-2015\/beogradi-ta-pranoje-kosoven-shtet-te-perqendrohet-ne-lugine-te-presheves-vojvodine-dhe-sanxhak\/","url":"https:\/\/fjala.info\/2009-2015\/beogradi-ta-pranoje-kosoven-shtet-te-perqendrohet-ne-lugine-te-presheves-vojvodine-dhe-sanxhak\/","name":"Beogradi ta pranoj\u00eb Kosov\u00ebn shtet, t\u00eb p\u00ebrqendrohet n\u00eb Lugin\u00eb t\u00eb Preshev\u00ebs, Vojvodin\u00eb dhe Sanxhak - FjALA e LIR\u00cb - Arkivi","isPartOf":{"@id":"https:\/\/fjala.info\/2009-2015\/#website"},"primaryImageOfPage":{"@id":"https:\/\/fjala.info\/2009-2015\/beogradi-ta-pranoje-kosoven-shtet-te-perqendrohet-ne-lugine-te-presheves-vojvodine-dhe-sanxhak\/#primaryimage"},"image":{"@id":"https:\/\/fjala.info\/2009-2015\/beogradi-ta-pranoje-kosoven-shtet-te-perqendrohet-ne-lugine-te-presheves-vojvodine-dhe-sanxhak\/#primaryimage"},"thumbnailUrl":"http:\/\/www.shkoder.net\/images\/fjala\/refik_hasani.jpg","datePublished":"2010-08-04T10:19:05+00:00","breadcrumb":{"@id":"https:\/\/fjala.info\/2009-2015\/beogradi-ta-pranoje-kosoven-shtet-te-perqendrohet-ne-lugine-te-presheves-vojvodine-dhe-sanxhak\/#breadcrumb"},"inLanguage":"sq-AL","potentialAction":[{"@type":"ReadAction","target":["https:\/\/fjala.info\/2009-2015\/beogradi-ta-pranoje-kosoven-shtet-te-perqendrohet-ne-lugine-te-presheves-vojvodine-dhe-sanxhak\/"]}]},{"@type":"ImageObject","inLanguage":"sq-AL","@id":"https:\/\/fjala.info\/2009-2015\/beogradi-ta-pranoje-kosoven-shtet-te-perqendrohet-ne-lugine-te-presheves-vojvodine-dhe-sanxhak\/#primaryimage","url":"http:\/\/www.shkoder.net\/images\/fjala\/refik_hasani.jpg","contentUrl":"http:\/\/www.shkoder.net\/images\/fjala\/refik_hasani.jpg"},{"@type":"BreadcrumbList","@id":"https:\/\/fjala.info\/2009-2015\/beogradi-ta-pranoje-kosoven-shtet-te-perqendrohet-ne-lugine-te-presheves-vojvodine-dhe-sanxhak\/#breadcrumb","itemListElement":[{"@type":"ListItem","position":1,"name":"Home","item":"https:\/\/fjala.info\/2009-2015\/"},{"@type":"ListItem","position":2,"name":"Beogradi ta pranoj\u00eb Kosov\u00ebn shtet, t\u00eb p\u00ebrqendrohet n\u00eb Lugin\u00eb t\u00eb Preshev\u00ebs, Vojvodin\u00eb dhe Sanxhak"}]},{"@type":"WebSite","@id":"https:\/\/fjala.info\/2009-2015\/#website","url":"https:\/\/fjala.info\/2009-2015\/","name":"FjALA e LIR\u00cb - Arkivi","description":"Arkivi 2009-2015","publisher":{"@id":"https:\/\/fjala.info\/2009-2015\/#organization"},"potentialAction":[{"@type":"SearchAction","target":{"@type":"EntryPoint","urlTemplate":"https:\/\/fjala.info\/2009-2015\/?s={search_term_string}"},"query-input":{"@type":"PropertyValueSpecification","valueRequired":true,"valueName":"search_term_string"}}],"inLanguage":"sq-AL"},{"@type":"Organization","@id":"https:\/\/fjala.info\/2009-2015\/#organization","name":"FjALA e LIR\u00cb - Arkivi","url":"https:\/\/fjala.info\/2009-2015\/","logo":{"@type":"ImageObject","inLanguage":"sq-AL","@id":"https:\/\/fjala.info\/2009-2015\/#\/schema\/logo\/image\/","url":"","contentUrl":"","caption":"FjALA e LIR\u00cb - Arkivi"},"image":{"@id":"https:\/\/fjala.info\/2009-2015\/#\/schema\/logo\/image\/"}},{"@type":"Person","@id":"https:\/\/fjala.info\/2009-2015\/#\/schema\/person\/3aa1163ef05469c496fc94e77611ada2","name":"admin","image":{"@type":"ImageObject","inLanguage":"sq-AL","@id":"https:\/\/fjala.info\/2009-2015\/wp-content\/uploads\/2012\/02\/arben_cokaj-120x150.jpg","url":"https:\/\/fjala.info\/2009-2015\/wp-content\/uploads\/2012\/02\/arben_cokaj-120x150.jpg","contentUrl":"https:\/\/fjala.info\/2009-2015\/wp-content\/uploads\/2012\/02\/arben_cokaj-120x150.jpg","caption":"admin"},"description":"Admin, Fjala e Lir\u00eb","sameAs":["https:\/\/fjala.info\/"],"url":"https:\/\/fjala.info\/2009-2015\/author\/admin\/"}]}},"_links":{"self":[{"href":"https:\/\/fjala.info\/2009-2015\/wp-json\/wp\/v2\/posts\/3628","targetHints":{"allow":["GET"]}}],"collection":[{"href":"https:\/\/fjala.info\/2009-2015\/wp-json\/wp\/v2\/posts"}],"about":[{"href":"https:\/\/fjala.info\/2009-2015\/wp-json\/wp\/v2\/types\/post"}],"author":[{"embeddable":true,"href":"https:\/\/fjala.info\/2009-2015\/wp-json\/wp\/v2\/users\/1"}],"replies":[{"embeddable":true,"href":"https:\/\/fjala.info\/2009-2015\/wp-json\/wp\/v2\/comments?post=3628"}],"version-history":[{"count":0,"href":"https:\/\/fjala.info\/2009-2015\/wp-json\/wp\/v2\/posts\/3628\/revisions"}],"wp:attachment":[{"href":"https:\/\/fjala.info\/2009-2015\/wp-json\/wp\/v2\/media?parent=3628"}],"wp:term":[{"taxonomy":"category","embeddable":true,"href":"https:\/\/fjala.info\/2009-2015\/wp-json\/wp\/v2\/categories?post=3628"},{"taxonomy":"post_tag","embeddable":true,"href":"https:\/\/fjala.info\/2009-2015\/wp-json\/wp\/v2\/tags?post=3628"}],"curies":[{"name":"wp","href":"https:\/\/api.w.org\/{rel}","templated":true}]}}