{"id":3624,"date":"2010-08-04T11:10:00","date_gmt":"2010-08-04T10:10:00","guid":{"rendered":"http:\/\/fjala.shkoder.net\/?p=3624"},"modified":"2010-08-04T11:10:00","modified_gmt":"2010-08-04T10:10:00","slug":"shqiptaret-ne-maqedoni-te-marrin-ne-dore-fatin-e-tyre","status":"publish","type":"post","link":"https:\/\/fjala.info\/2009-2015\/shqiptaret-ne-maqedoni-te-marrin-ne-dore-fatin-e-tyre\/","title":{"rendered":"Shqiptar\u00ebt n\u00eb Maqedoni t\u00eb marrin n\u00eb dor\u00eb fatin e tyre"},"content":{"rendered":"<p><strong>Dr. Sulejman Anazi<\/strong> (<strong>NESHAJ<\/strong>)<\/p>\n<p>Maqedonia, shteti artificial i regjimit titist, e s\u00ebmura n\u00eb k\u00ebrthiz\u00eb t\u00eb Ballkanit, po mbahet n\u00eb k\u00ebmb\u00eb n\u00eb saj t\u00eb separatizmit politik shqiptar. Nuk do t\u00eb d\u00ebshironim t\u00eb ishte k\u00ebshtu, por ky \u00ebsht\u00eb realiteti i hidhur q\u00eb po i kushton shum\u00eb \u00e7\u00ebshtjes komb\u00ebtare shqiptare. <\/p>\n<p>Problemin e kam me \u201celit\u00ebn\u201d politike shqiptare n\u00eb Maqedoni, pa p\u00ebrjashtuar ask\u00ebnd, e cila sot e sheh veten t\u00eb zhytur n\u00eb korrupsion politik, moral dhe ekonomik, duke harruar gjakun e t\u00eb r\u00ebn\u00ebve dhe identitetin e saj komb\u00ebtare. K\u00ebtu nuk ka vend p\u00ebr moralizim, por p\u00ebr trasparenc\u00eb me opinionin e sh\u00ebndosh patriotik dhe intelektual shqiptar, p\u00ebr t\u2019i dal\u00eb p\u00ebrpara t\u00eb keqes s\u00eb madhe, e cila duke mos pasur valvula shkarkimi nj\u00eb dit\u00eb do t\u00eb shp\u00ebrtheje me pasoja shum\u00eb t\u00eb r\u00ebnda. <\/p>\n<p>M\u00eb konkretisht: Liderve shqiptar\u00eb n\u00eb Maqedoni u \u00ebsht\u00eb b\u00ebr\u00eb ftes\u00eb publike p\u00ebr krijimin e forumit politik shqiptar p\u00ebr unifikimin e q\u00ebndrimeve n\u00eb \u00e7\u00ebshtjen komb\u00ebtare, t\u00eb cil\u00ebs i jan\u00eb p\u00ebrgjigjur negativisht, duke paragjykuar inisiator\u00ebt n\u00eb emra t\u00eb ve\u00e7ant\u00eb dhe duke ju n\u00ebnshtruar presioneve politike t\u00eb OSBE-s\u00eb.<\/p>\n<p>Pretendimet e tyre q\u00eb, politik\u00ebn n\u00eb Maqedoni e kan\u00eb n\u00ebn kontroll amerikan\u00ebt dhe faktori nd\u00ebrkomb\u00ebtar, \u00ebsht\u00eb nj\u00eb absurd dhe nj\u00ebherazi mashtrim q\u00eb po i b\u00ebhet opinionuit shqiptar, duke e katandisur klas\u00ebn politike pa asnj\u00eb alternativ\u00eb zhvillimi, por t\u00eb t\u00ebrhiqet zvarr\u00eb pas ngjarjeve.<\/p>\n<p>Vendi po zbrazet dhe ata heshtin, pasi kjo u intereson q\u00eb t\u00eb kryejn\u00eb t\u00eb pashqet\u00ebsuar pun\u00ebt e tyre n\u00eb perandorin\u00eb e korrupsionit politik dhe t\u00eb krimit n\u00eb p\u00ebrmasa komb\u00ebtare. <\/p>\n<p>Shkollat shqipe rrezikojn\u00eb t\u00eb mbyllen p\u00ebr shkak t\u00eb zvog\u00eblimit t\u00eb numrit t\u00eb nx\u00ebn\u00ebsve dhe arsimtar\u00ebt t\u00eb mbeten pa pun\u00eb.<\/p>\n<p>Po ndodhin vrasje dhe arrestime me skenar\u00eb policor\u00eb monstruoz\u00eb dhe ata heshtin, duke konfirmuar faj\u00ebsin\u00eb p\u00ebr pjesmarrjen e tyre n\u00eb k\u00ebto krime, t\u00eb kapur fort\u00eb pas karrigeve t\u00eb pushtetit politik.<\/p>\n<p>Administrata publike \u00ebsht\u00eb mbushur vet\u00ebm me punonj\u00ebs maqedon dhe ata heshtin posht\u00ebrsisht edhe pse jan\u00eb t\u00eb p\u00ebrjashtuar t\u00ebr\u00ebsisht nga element\u00ebt e siguris\u00eb, duke i b\u00ebr\u00eb iso nj\u00eb marr\u00ebvesheje t\u00eb d\u00ebshtuar, si\u00e7 \u00ebsht\u00eb katandisur Marr\u00ebveshja e Ohrit.<\/p>\n<p>Shqiptar\u00ebt po i \u00e7rregjistrojn\u00eb nga gjendjet civile p\u00ebr shkak t\u00eb emigrimit dhe ata me nj\u00eb serviliz\u00ebm politik t\u00eb shpifur vet\u00ebm heshtin. <\/p>\n<p>Flasin shum\u00eb p\u00ebr standarde politike dhe sociale p\u00ebrball\u00eb realitetit skandaloz, duke i sh\u00ebrbyer me besnik\u00ebri nj\u00eb shteti policor antidemokratik dhe antishqiptar, p\u00ebr ta afruar at\u00eb me BE-n\u00eb. Ata jan\u00eb po aq bashk\u00ebfajtor\u00eb brenda nj\u00eb procesi t\u00eb montuar politik dhe nuk mund t\u00eb fshehin dot falsitetin demokratik t\u00eb shtetit. <\/p>\n<p>Miopia e tyre  politike i ka rr\u00ebnj\u00ebt thell\u00eb n\u00eb kompromentimin e tyre moral. Ata mbeten po aq bashk\u00ebfajtor\u00eb sa dhe vet\u00eb pushteti policor i inkriminuar dhe antishqiptar i shtetit maqedon, i cili sot vuan pasojat e nacionalizmit t\u00eb tij ekstrem me kriz\u00eb identiteti.<\/p>\n<p>\u201cElita\u201d politike shqiptare po l\u00ebn\u00eb t\u00eb kaloj\u00eb n\u00eb heshtje \u00e7\u00ebshtja e emrit t\u00eb Maqedonis\u00eb, kur kan\u00eb aq shum\u00eb hap\u00ebsira p\u00ebr t\u00eb p\u00ebrfituar politikisht n\u00eb sh\u00ebrbim t\u00eb \u00e7\u00ebshtjes shqiptare brenda shtetit maqedon. Ky mbetet nj\u00eb krim i p\u00ebrmasave komb\u00ebtare. <\/p>\n<p>Ata nuk po mb\u00ebshtesin elit\u00ebn intelektuale dhe akademike shqiptare, p\u00ebr t\u00eb mbrotjur \u00e7\u00ebshtjen komb\u00ebtare kund\u00ebr fallsiteteve t\u00eb karakterit historik, duke krijuar v\u00ebshtir\u00ebsi deri n\u00eb dhunim t\u00eb t\u00eb drejtave vetmit universitet shqiptar n\u00eb mes t\u00eb Maqedonis\u00eb. <\/p>\n<p>Ata kan\u00eb shkelur me dashje mbi gjakun e t\u00eb r\u00ebn\u00ebve dhe idealeve t\u00eb liris\u00eb, kund\u00ebr atyre q\u00eb sakrifikuan aq shum\u00eb p\u00ebr t\u00eb nd\u00ebrkomb\u00ebtarizuar nj\u00eb shtet dykomb\u00ebsh, duke konfirmuar me dashje kolonizimin e skajsh\u00ebm t\u00eb hap\u00ebsir\u00ebs shqiptare. M\u00eb k\u00ebt\u00eb q\u00ebndrim ata jan\u00eb b\u00ebr\u00eb pjes\u00eb e pandashme e avangard\u00ebs s\u00eb klanit m\u00eb reaksionar antishqiptar t\u00eb Ballkanit.<\/p>\n<p>Ata jan\u00eb kthyer n\u00eb nj\u00eb lod\u00ebr politike n\u00eb duart e ultranacionalizmit vendas dhe n\u00eb nj\u00eb l\u00ebkur\u00eb mbrojtj\u00ebse e pushtetit t\u00eb tyre t\u00eb degjeneruar politik, kund\u00ebr proceseve demokratike n\u00eb k\u00ebt\u00eb vend. E vetmja opozit\u00eb n\u00eb Maqedoni duhet t\u00eb jet\u00eb opzita e bashkuar shqiptare, e cila do t\u00eb ket\u00eb forc\u00ebn dhe mb\u00ebshtetjen ta fus\u00eb k\u00ebt\u00eb vend n\u00eb rrug\u00ebn e proceseve demokratike. Ky mbetet nj\u00eb sh\u00ebrbim edhe n\u00eb planin rajonal p\u00ebr t\u00eb sh\u00ebruar sistemin politik t\u00eb s\u00ebmur\u00eb maqedon. <\/p>\n<p>Ata vazhdojn\u00eb t\u00eb heshtin, duke miratuar projektin antishqiptar \u201dShkupi-2014\u201d, duke pranuar k\u00ebshtu trasformimin n\u00ebn simbolet asimiluese slave t\u00eb kryeq\u00ebndr\u00ebs s\u00eb vilajetit historik t\u00eb Kosov\u00ebs. Ky \u00ebsht\u00eb nj\u00eb krim i karakterit komb\u00ebtar. <\/p>\n<p>Ata kan\u00eb krijuar partite \u2013 qytet me falanga militant\u00ebsh t\u00eb paguar, t\u00eb cil\u00ebt jan\u00eb v\u00ebn\u00eb n\u00ebn urdh\u00ebrat e tyre dhe ushqejn\u00eb terrorin psikologjik mbi popullsin\u00eb shqiptare, t\u00eb lodhur dhe t\u00eb zhg\u00ebnjyer thell\u00eb tashm\u00eb nga politika. <\/p>\n<p>Opinion shqiptar sheh p\u00ebrdit\u00eb se si \u201celita\u201d politike po pasurohet n\u00ebp\u00ebrmjet rrjeteve kriminale t\u00eb trafiqeve dhe kontraband\u00ebs, pa v\u00ebn\u00eb re akumulimin e revolt\u00ebs t\u00eb nj\u00eb popullsie n\u00eb d\u00ebshp\u00ebrim, e cila nj\u00eb dit\u00eb nuk do t\u00eb ket\u00eb m\u00eb kufij.<br \/>\nJa kush jan\u00eb ata: Ndryshku shpirt\u00ebror dhe korrupsioni politik, moral dhe shoq\u00ebror i k\u00ebsaj \u201celite\u201d, po e b\u00ebn at\u00eb t\u00eb mos ket\u00eb m\u00eb fuqi t\u00eb dal\u00eb p\u00ebrtej vetes, t\u00eb ket\u00eb frik\u00eb nga nd\u00ebrgjegja e saj e korruptuar, duke pranuar \u201ct\u00eb kapur\u201d t\u00eb zhyten \u00e7do dit\u00eb e m\u00eb shum\u00eb n\u00eb rrug\u00ebn e krimit me fytyr\u00eb antikomb\u00ebtare. N\u00eb k\u00ebt\u00eb m\u00ebnyr\u00eb pushteti politik policor n\u00eb k\u00ebt\u00eb shtet, arrin t\u2019i nxjerr\u00eb g\u00ebshtenjat nga zjarri me duar e vet\u00eb politik\u00ebs s\u00eb p\u00ebr\u00e7ar\u00eb separatiste shqiptare. Ky \u00ebsht\u00eb nj\u00eb turp, q\u00eb nuk do t\u00eb ket\u00eb oqean q\u00eb ta laj\u00eb.<\/p>\n<p>Popullsia shqiptare n\u00eb Maqedoni duhet t\u00eb marr\u00eb n\u00eb dor\u00eb fatin e saj. Ajo ka brenda vetes njer\u00ebzit e mir\u00eb t\u00eb barkut t\u00eb saj. Ajo duhet t\u2019u drejtohet atyre me besim e vendosm\u00ebri. <\/p>\n<p>Ka ardhur koha q\u00eb kjo struktur\u00eb e vjet\u00ebr arkaike e me p\u00ebrmbajtje dhe mb\u00ebshtetje orientale duhet t\u00eb shkat\u00ebrrohet. Nevoja e nj\u00eb force t\u00eb re politike, e aft\u00eb p\u00ebr t\u00eb integruar t\u00eb gjith\u00eb faktor\u00ebt me orientim qytetar demokratik, p\u00ebr pasurimin dhe ruajtjen e vlerave komb\u00ebtare gjithp\u00ebrfshir\u00ebse po vjen si nj\u00eb nevoj\u00eb e koh\u00ebs.<br \/>\nKa ardhur koha t\u00eb luftohet p\u00ebr shfryt\u00ebzimin e t\u00eb gjitha mund\u00ebsive dhe t\u00eb drejtave q\u00eb jep kushtetuta e atij vendi dhe Marr\u00ebveshja e Ohrit, jo t\u00eb lexuara mbrapsht si deri tani, por n\u00eb sencin e gjer\u00eb komb\u00ebtar. Ka mjaft\u00eb \u00e7\u00ebshtje t\u00eb mbetura pezull, t\u00eb cilat nuk jan\u00eb ezauruar n\u00eb rrug\u00eb demokratike, p\u00ebr shkak t\u00eb servilizmit politik shqiptar dhe arroganc\u00ebs politike t\u00eb pushtetit. <\/p>\n<p>Ka ardhur koha t\u00eb k\u00ebrkohet rregjistrimi i sakt\u00eb i popullsis\u00eb shqiptare dhe t\u00eb hidhet drit\u00eb nga njer\u00ebzit e men\u00e7ur mbi popullsin\u00eb shqiptare \u201ct\u00eb asimiluar\u201d, duke hedhur hapa p\u00ebr riciklimin e nd\u00ebrgjegjes komb\u00ebtare. \u00cbsht\u00eb nevoj\u00eb e koh\u00ebs q\u00eb t\u00eb realizohe p\u00ebrputhja e numrit t\u00eb popullsis\u00eb shqiptare me p\u00ebrqindjen elektorale (relative), duke shkallmuar nga themelet rregullin matematikor antishqiptar t\u00eb p\u00ebrfaq\u00ebsimit deri n\u00eb \u201cnumrin 28\u201d.<\/p>\n<p>Ka ardhur koha t\u00eb luftohet p\u00ebr nj\u00eb ligj zgjedhor nj\u00eb zonal, q\u00eb vlerat e vot\u00ebs s\u00eb \u00e7do shqiptari t\u00eb pasqyrohen n\u00eb prezenc\u00ebn e faktorit shqiptar n\u00eb politik\u00eb dhe n\u00eb institucionet e r\u00ebnd\u00ebsishme t\u00eb pushtetit. Faktori politik shqiptar i ka t\u00eb gjitha shanset t\u00eb jet\u00eb vendimarr\u00ebs n\u00eb politik\u00ebn e shtetit maqedon.  <\/p>\n<p>Ka ardhur koha t\u00eb rifreskoh\u00ebt klasa politike m\u00eb figura t\u00eb reja. Ora e tyre ka mbetur n\u00eb 2001-in. Qarkullimi i \u201celit\u00ebs\u201d politike \u00ebsht\u00eb nj\u00eb domosdoshm\u00ebri, edhe pse nuk jemi aq shum\u00eb sa t\u2019i nd\u00ebrrojm\u00eb ato n\u00eb \u00e7do koh\u00eb. Kjo \u201celit\u00eb\u201d politike e ka plot\u00ebsuar misionin e saj kolaboracionist antishqiptar dhe nuk ka se \u00e7far\u00eb t\u00eb b\u00ebj m\u00eb tjet\u00ebr. Ajo e tejlodhur, e inkriminuar, pa ide zhvillimi, vazhdon t\u2019i bjer\u00eb fyellit t\u00eb politik\u00ebs n\u00eb nj\u00eb vrim\u00eb, pa b\u00ebr\u00eb asgj\u00eb n\u00eb planin e \u00e7\u00ebshtjes komb\u00ebtare. <\/p>\n<p>Ndryshimi i situat\u00ebs, p\u00ebrmbysja e raporteve dhe mb\u00ebshtetja e t\u00eb drejtave humane, njer\u00ebzore dhe komb\u00ebtare e bashk\u00ebkombasve t\u00eb tyre, \u00ebsht\u00eb akti i fundit q\u00eb mund t\u00eb b\u00ebjn\u00eb, duke e l\u00ebn\u00eb popullin t\u00eb qet\u00eb n\u00eb rrug\u00ebn e tij, drejt proceseve t\u00eb integrimit dhe t\u00eb Bashkimit Komb\u00ebtar. <\/p>\n<p>Ish luft\u00ebtar\u00ebt e U\u00c7K-s\u00eb dhe atdhetar\u00ebt patriot\u00eb t\u00eb v\u00ebrtet\u00eb shqiptar, duhet t\u00eb ruhen nga d\u00ebshp\u00ebrimi i momentit q\u00eb po sjell kjo situat\u00eb politike &#8211; kriz\u00eb. Ata duhet t\u00eb rrijn\u00eb larg veprimeve t\u00eb nxituara q\u00eb po kushtojn\u00eb aq shum\u00eb. Ata nuk duhet t\u00eb lejojn\u00eb aventura q\u00eb shkaktojn\u00eb d\u00ebm n\u00eb \u00e7\u00ebshtjen komb\u00ebtare, deri n\u00eb shafqjen hapur t\u00eb vidjove n\u00eb publik mbi organizime ushtarake. Kjo marr\u00ebzi kushton shum\u00eb, p\u00ebrball\u00eb nj\u00eb pushteti t\u00eb eg\u00ebr, q\u00eb vret me skenar\u00eb filmash djemt\u00eb tan\u00eb. <\/p>\n<p>Ata t\u00eb bashkuar, pa asnj\u00eb kompromis politik, duhet t\u00eb dalin hapur n\u00eb mbrotje t\u00eb vlerave t\u00eb luft\u00ebs \u00e7lirimtare. Vet\u00ebm t\u00eb organizuar dhe t\u00eb bashkuar ata mund t\u00eb kthehen n\u00eb nj\u00eb forc\u00eb madhore kund\u00ebr separatizmit idiot shqiptar dhe vet\u00eb pushtetit politik t\u00eb korruptuar dhe antishqiptar n\u00eb Maqedoni. <\/p>\n<p>N\u00eb m\u00eb t\u00eb pakt\u00ebn, institucionet q\u00ebndrore t\u00eb shteti administrativ n\u00eb Republik\u00ebn e Shqip\u00ebris\u00eb, duhet t\u00eb marrin p\u00ebrgjegj\u00ebsit\u00eb e tyre n\u00eb mbrojtje t\u00eb t\u00eb drejtave t\u00eb shqiptar\u00ebve n\u00eb shtetin maqedon, duke u mb\u00ebshtetur n\u00eb t\u00eb drejt\u00ebn kushtetuese dhe t\u00eb drejt\u00ebn nd\u00ebrkomb\u00ebtare. Ato e kan\u00eb p\u00ebr detyr\u00eb t\u00eb ofrojn\u00eb unifikimin politik t\u00eb shqiptar\u00ebve n\u00eb planin e \u00e7\u00ebshtjes komb\u00ebtare.<\/p>\n<p>Ballafaqohuni: Rasti i sindromit t\u00eb mendimit politik mbi nj\u00eb mentalitet bizantin arrin t\u00eb pasqyroj\u00eb \u00e7do gj\u00eb p\u00ebr t\u00eb ligj\u00ebruar perandorin\u00eb e pushtetit, riformatimin e modelit individual dhe ekzistenc\u00ebs absurde. N\u00eb k\u00ebto kushte kemi t\u00eb pasqyruar aft\u00ebsin\u00eb e pamund\u00ebsis\u00eb s\u00eb shanseve t\u00eb barabarta p\u00ebr t\u00eb b\u00ebr\u00eb nj\u00eb gj\u00eb t\u00eb dobishme dhe realitetin e mund\u00ebsive pa kufi p\u00ebr t\u00eb b\u00ebr\u00eb \u00e7do gj\u00eb t\u00eb d\u00ebmshme, t\u00eb d\u00ebnueshme, t\u00eb rrezik\u00ebshme\u2026mos e n\u00ebnvleft\u00ebsoni z\u00ebm\u00ebrat\u00ebn popullore.  <\/p>\n<p><em>Tiran\u00eb, 3 korrik 2010<\/em><\/p>\n","protected":false},"excerpt":{"rendered":"<p>Dr. Sulejman Anazi (NESHAJ) Maqedonia, shteti artificial i regjimit titist, e s\u00ebmura n\u00eb k\u00ebrthiz\u00eb t\u00eb Ballkanit, po mbahet n\u00eb k\u00ebmb\u00eb n\u00eb saj t\u00eb separatizmit politik shqiptar. Nuk do t\u00eb d\u00ebshironim t\u00eb ishte k\u00ebshtu, por ky \u00ebsht\u00eb realiteti i hidhur q\u00eb po i kushton shum\u00eb \u00e7\u00ebshtjes komb\u00ebtare shqiptare. Problemin e kam me \u201celit\u00ebn\u201d politike shqiptare n\u00eb [&hellip;]<\/p>\n","protected":false},"author":1,"featured_media":0,"comment_status":"open","ping_status":"closed","sticky":false,"template":"","format":"standard","meta":{"footnotes":""},"categories":[2],"tags":[],"class_list":{"0":"post-3624","1":"post","2":"type-post","3":"status-publish","4":"format-standard","6":"category-artikuj"},"yoast_head":"<!-- This site is optimized with the Yoast SEO plugin v27.4 - https:\/\/yoast.com\/product\/yoast-seo-wordpress\/ -->\n<title>Shqiptar\u00ebt n\u00eb Maqedoni t\u00eb marrin n\u00eb dor\u00eb fatin e tyre - FjALA e LIR\u00cb - Arkivi<\/title>\n<meta name=\"robots\" content=\"index, follow, max-snippet:-1, max-image-preview:large, max-video-preview:-1\" \/>\n<link rel=\"canonical\" href=\"https:\/\/fjala.info\/2009-2015\/shqiptaret-ne-maqedoni-te-marrin-ne-dore-fatin-e-tyre\/\" \/>\n<meta property=\"og:locale\" content=\"sq_AL\" \/>\n<meta property=\"og:type\" content=\"article\" \/>\n<meta property=\"og:title\" content=\"Shqiptar\u00ebt n\u00eb Maqedoni t\u00eb marrin n\u00eb dor\u00eb fatin e tyre - FjALA e LIR\u00cb - Arkivi\" \/>\n<meta property=\"og:description\" content=\"Dr. Sulejman Anazi (NESHAJ) Maqedonia, shteti artificial i regjimit titist, e s\u00ebmura n\u00eb k\u00ebrthiz\u00eb t\u00eb Ballkanit, po mbahet n\u00eb k\u00ebmb\u00eb n\u00eb saj t\u00eb separatizmit politik shqiptar. Nuk do t\u00eb d\u00ebshironim t\u00eb ishte k\u00ebshtu, por ky \u00ebsht\u00eb realiteti i hidhur q\u00eb po i kushton shum\u00eb \u00e7\u00ebshtjes komb\u00ebtare shqiptare. Problemin e kam me \u201celit\u00ebn\u201d politike shqiptare n\u00eb [&hellip;]\" \/>\n<meta property=\"og:url\" content=\"https:\/\/fjala.info\/2009-2015\/shqiptaret-ne-maqedoni-te-marrin-ne-dore-fatin-e-tyre\/\" \/>\n<meta property=\"og:site_name\" content=\"FjALA e LIR\u00cb - Arkivi\" \/>\n<meta property=\"article:published_time\" content=\"2010-08-04T10:10:00+00:00\" \/>\n<meta name=\"author\" content=\"admin\" \/>\n<meta name=\"twitter:card\" content=\"summary_large_image\" \/>\n<meta name=\"twitter:label1\" content=\"Written by\" \/>\n\t<meta name=\"twitter:data1\" content=\"admin\" \/>\n\t<meta name=\"twitter:label2\" content=\"Est. reading time\" \/>\n\t<meta name=\"twitter:data2\" content=\"9 minutes\" \/>\n<script type=\"application\/ld+json\" class=\"yoast-schema-graph\">{\"@context\":\"https:\\\/\\\/schema.org\",\"@graph\":[{\"@type\":\"Article\",\"@id\":\"https:\\\/\\\/fjala.info\\\/2009-2015\\\/shqiptaret-ne-maqedoni-te-marrin-ne-dore-fatin-e-tyre\\\/#article\",\"isPartOf\":{\"@id\":\"https:\\\/\\\/fjala.info\\\/2009-2015\\\/shqiptaret-ne-maqedoni-te-marrin-ne-dore-fatin-e-tyre\\\/\"},\"author\":{\"name\":\"admin\",\"@id\":\"https:\\\/\\\/fjala.info\\\/2009-2015\\\/#\\\/schema\\\/person\\\/3aa1163ef05469c496fc94e77611ada2\"},\"headline\":\"Shqiptar\u00ebt n\u00eb Maqedoni t\u00eb marrin n\u00eb dor\u00eb fatin e tyre\",\"datePublished\":\"2010-08-04T10:10:00+00:00\",\"mainEntityOfPage\":{\"@id\":\"https:\\\/\\\/fjala.info\\\/2009-2015\\\/shqiptaret-ne-maqedoni-te-marrin-ne-dore-fatin-e-tyre\\\/\"},\"wordCount\":1747,\"commentCount\":0,\"publisher\":{\"@id\":\"https:\\\/\\\/fjala.info\\\/2009-2015\\\/#organization\"},\"articleSection\":[\"Artikuj\"],\"inLanguage\":\"sq-AL\",\"potentialAction\":[{\"@type\":\"CommentAction\",\"name\":\"Comment\",\"target\":[\"https:\\\/\\\/fjala.info\\\/2009-2015\\\/shqiptaret-ne-maqedoni-te-marrin-ne-dore-fatin-e-tyre\\\/#respond\"]}]},{\"@type\":\"WebPage\",\"@id\":\"https:\\\/\\\/fjala.info\\\/2009-2015\\\/shqiptaret-ne-maqedoni-te-marrin-ne-dore-fatin-e-tyre\\\/\",\"url\":\"https:\\\/\\\/fjala.info\\\/2009-2015\\\/shqiptaret-ne-maqedoni-te-marrin-ne-dore-fatin-e-tyre\\\/\",\"name\":\"Shqiptar\u00ebt n\u00eb Maqedoni t\u00eb marrin n\u00eb dor\u00eb fatin e tyre - FjALA e LIR\u00cb - Arkivi\",\"isPartOf\":{\"@id\":\"https:\\\/\\\/fjala.info\\\/2009-2015\\\/#website\"},\"datePublished\":\"2010-08-04T10:10:00+00:00\",\"breadcrumb\":{\"@id\":\"https:\\\/\\\/fjala.info\\\/2009-2015\\\/shqiptaret-ne-maqedoni-te-marrin-ne-dore-fatin-e-tyre\\\/#breadcrumb\"},\"inLanguage\":\"sq-AL\",\"potentialAction\":[{\"@type\":\"ReadAction\",\"target\":[\"https:\\\/\\\/fjala.info\\\/2009-2015\\\/shqiptaret-ne-maqedoni-te-marrin-ne-dore-fatin-e-tyre\\\/\"]}]},{\"@type\":\"BreadcrumbList\",\"@id\":\"https:\\\/\\\/fjala.info\\\/2009-2015\\\/shqiptaret-ne-maqedoni-te-marrin-ne-dore-fatin-e-tyre\\\/#breadcrumb\",\"itemListElement\":[{\"@type\":\"ListItem\",\"position\":1,\"name\":\"Home\",\"item\":\"https:\\\/\\\/fjala.info\\\/2009-2015\\\/\"},{\"@type\":\"ListItem\",\"position\":2,\"name\":\"Shqiptar\u00ebt n\u00eb Maqedoni t\u00eb marrin n\u00eb dor\u00eb fatin e tyre\"}]},{\"@type\":\"WebSite\",\"@id\":\"https:\\\/\\\/fjala.info\\\/2009-2015\\\/#website\",\"url\":\"https:\\\/\\\/fjala.info\\\/2009-2015\\\/\",\"name\":\"FjALA e LIR\u00cb - Arkivi\",\"description\":\"Arkivi 2009-2015\",\"publisher\":{\"@id\":\"https:\\\/\\\/fjala.info\\\/2009-2015\\\/#organization\"},\"potentialAction\":[{\"@type\":\"SearchAction\",\"target\":{\"@type\":\"EntryPoint\",\"urlTemplate\":\"https:\\\/\\\/fjala.info\\\/2009-2015\\\/?s={search_term_string}\"},\"query-input\":{\"@type\":\"PropertyValueSpecification\",\"valueRequired\":true,\"valueName\":\"search_term_string\"}}],\"inLanguage\":\"sq-AL\"},{\"@type\":\"Organization\",\"@id\":\"https:\\\/\\\/fjala.info\\\/2009-2015\\\/#organization\",\"name\":\"FjALA e LIR\u00cb - Arkivi\",\"url\":\"https:\\\/\\\/fjala.info\\\/2009-2015\\\/\",\"logo\":{\"@type\":\"ImageObject\",\"inLanguage\":\"sq-AL\",\"@id\":\"https:\\\/\\\/fjala.info\\\/2009-2015\\\/#\\\/schema\\\/logo\\\/image\\\/\",\"url\":\"\",\"contentUrl\":\"\",\"caption\":\"FjALA e LIR\u00cb - Arkivi\"},\"image\":{\"@id\":\"https:\\\/\\\/fjala.info\\\/2009-2015\\\/#\\\/schema\\\/logo\\\/image\\\/\"}},{\"@type\":\"Person\",\"@id\":\"https:\\\/\\\/fjala.info\\\/2009-2015\\\/#\\\/schema\\\/person\\\/3aa1163ef05469c496fc94e77611ada2\",\"name\":\"admin\",\"image\":{\"@type\":\"ImageObject\",\"inLanguage\":\"sq-AL\",\"@id\":\"https:\\\/\\\/fjala.info\\\/2009-2015\\\/wp-content\\\/uploads\\\/2012\\\/02\\\/arben_cokaj-120x150.jpg\",\"url\":\"https:\\\/\\\/fjala.info\\\/2009-2015\\\/wp-content\\\/uploads\\\/2012\\\/02\\\/arben_cokaj-120x150.jpg\",\"contentUrl\":\"https:\\\/\\\/fjala.info\\\/2009-2015\\\/wp-content\\\/uploads\\\/2012\\\/02\\\/arben_cokaj-120x150.jpg\",\"caption\":\"admin\"},\"description\":\"Admin, Fjala e Lir\u00eb\",\"sameAs\":[\"https:\\\/\\\/fjala.info\\\/\"],\"url\":\"https:\\\/\\\/fjala.info\\\/2009-2015\\\/author\\\/admin\\\/\"}]}<\/script>\n<!-- \/ Yoast SEO plugin. -->","yoast_head_json":{"title":"Shqiptar\u00ebt n\u00eb Maqedoni t\u00eb marrin n\u00eb dor\u00eb fatin e tyre - FjALA e LIR\u00cb - Arkivi","robots":{"index":"index","follow":"follow","max-snippet":"max-snippet:-1","max-image-preview":"max-image-preview:large","max-video-preview":"max-video-preview:-1"},"canonical":"https:\/\/fjala.info\/2009-2015\/shqiptaret-ne-maqedoni-te-marrin-ne-dore-fatin-e-tyre\/","og_locale":"sq_AL","og_type":"article","og_title":"Shqiptar\u00ebt n\u00eb Maqedoni t\u00eb marrin n\u00eb dor\u00eb fatin e tyre - FjALA e LIR\u00cb - Arkivi","og_description":"Dr. Sulejman Anazi (NESHAJ) Maqedonia, shteti artificial i regjimit titist, e s\u00ebmura n\u00eb k\u00ebrthiz\u00eb t\u00eb Ballkanit, po mbahet n\u00eb k\u00ebmb\u00eb n\u00eb saj t\u00eb separatizmit politik shqiptar. Nuk do t\u00eb d\u00ebshironim t\u00eb ishte k\u00ebshtu, por ky \u00ebsht\u00eb realiteti i hidhur q\u00eb po i kushton shum\u00eb \u00e7\u00ebshtjes komb\u00ebtare shqiptare. Problemin e kam me \u201celit\u00ebn\u201d politike shqiptare n\u00eb [&hellip;]","og_url":"https:\/\/fjala.info\/2009-2015\/shqiptaret-ne-maqedoni-te-marrin-ne-dore-fatin-e-tyre\/","og_site_name":"FjALA e LIR\u00cb - Arkivi","article_published_time":"2010-08-04T10:10:00+00:00","author":"admin","twitter_card":"summary_large_image","twitter_misc":{"Written by":"admin","Est. reading time":"9 minutes"},"schema":{"@context":"https:\/\/schema.org","@graph":[{"@type":"Article","@id":"https:\/\/fjala.info\/2009-2015\/shqiptaret-ne-maqedoni-te-marrin-ne-dore-fatin-e-tyre\/#article","isPartOf":{"@id":"https:\/\/fjala.info\/2009-2015\/shqiptaret-ne-maqedoni-te-marrin-ne-dore-fatin-e-tyre\/"},"author":{"name":"admin","@id":"https:\/\/fjala.info\/2009-2015\/#\/schema\/person\/3aa1163ef05469c496fc94e77611ada2"},"headline":"Shqiptar\u00ebt n\u00eb Maqedoni t\u00eb marrin n\u00eb dor\u00eb fatin e tyre","datePublished":"2010-08-04T10:10:00+00:00","mainEntityOfPage":{"@id":"https:\/\/fjala.info\/2009-2015\/shqiptaret-ne-maqedoni-te-marrin-ne-dore-fatin-e-tyre\/"},"wordCount":1747,"commentCount":0,"publisher":{"@id":"https:\/\/fjala.info\/2009-2015\/#organization"},"articleSection":["Artikuj"],"inLanguage":"sq-AL","potentialAction":[{"@type":"CommentAction","name":"Comment","target":["https:\/\/fjala.info\/2009-2015\/shqiptaret-ne-maqedoni-te-marrin-ne-dore-fatin-e-tyre\/#respond"]}]},{"@type":"WebPage","@id":"https:\/\/fjala.info\/2009-2015\/shqiptaret-ne-maqedoni-te-marrin-ne-dore-fatin-e-tyre\/","url":"https:\/\/fjala.info\/2009-2015\/shqiptaret-ne-maqedoni-te-marrin-ne-dore-fatin-e-tyre\/","name":"Shqiptar\u00ebt n\u00eb Maqedoni t\u00eb marrin n\u00eb dor\u00eb fatin e tyre - FjALA e LIR\u00cb - Arkivi","isPartOf":{"@id":"https:\/\/fjala.info\/2009-2015\/#website"},"datePublished":"2010-08-04T10:10:00+00:00","breadcrumb":{"@id":"https:\/\/fjala.info\/2009-2015\/shqiptaret-ne-maqedoni-te-marrin-ne-dore-fatin-e-tyre\/#breadcrumb"},"inLanguage":"sq-AL","potentialAction":[{"@type":"ReadAction","target":["https:\/\/fjala.info\/2009-2015\/shqiptaret-ne-maqedoni-te-marrin-ne-dore-fatin-e-tyre\/"]}]},{"@type":"BreadcrumbList","@id":"https:\/\/fjala.info\/2009-2015\/shqiptaret-ne-maqedoni-te-marrin-ne-dore-fatin-e-tyre\/#breadcrumb","itemListElement":[{"@type":"ListItem","position":1,"name":"Home","item":"https:\/\/fjala.info\/2009-2015\/"},{"@type":"ListItem","position":2,"name":"Shqiptar\u00ebt n\u00eb Maqedoni t\u00eb marrin n\u00eb dor\u00eb fatin e tyre"}]},{"@type":"WebSite","@id":"https:\/\/fjala.info\/2009-2015\/#website","url":"https:\/\/fjala.info\/2009-2015\/","name":"FjALA e LIR\u00cb - Arkivi","description":"Arkivi 2009-2015","publisher":{"@id":"https:\/\/fjala.info\/2009-2015\/#organization"},"potentialAction":[{"@type":"SearchAction","target":{"@type":"EntryPoint","urlTemplate":"https:\/\/fjala.info\/2009-2015\/?s={search_term_string}"},"query-input":{"@type":"PropertyValueSpecification","valueRequired":true,"valueName":"search_term_string"}}],"inLanguage":"sq-AL"},{"@type":"Organization","@id":"https:\/\/fjala.info\/2009-2015\/#organization","name":"FjALA e LIR\u00cb - Arkivi","url":"https:\/\/fjala.info\/2009-2015\/","logo":{"@type":"ImageObject","inLanguage":"sq-AL","@id":"https:\/\/fjala.info\/2009-2015\/#\/schema\/logo\/image\/","url":"","contentUrl":"","caption":"FjALA e LIR\u00cb - Arkivi"},"image":{"@id":"https:\/\/fjala.info\/2009-2015\/#\/schema\/logo\/image\/"}},{"@type":"Person","@id":"https:\/\/fjala.info\/2009-2015\/#\/schema\/person\/3aa1163ef05469c496fc94e77611ada2","name":"admin","image":{"@type":"ImageObject","inLanguage":"sq-AL","@id":"https:\/\/fjala.info\/2009-2015\/wp-content\/uploads\/2012\/02\/arben_cokaj-120x150.jpg","url":"https:\/\/fjala.info\/2009-2015\/wp-content\/uploads\/2012\/02\/arben_cokaj-120x150.jpg","contentUrl":"https:\/\/fjala.info\/2009-2015\/wp-content\/uploads\/2012\/02\/arben_cokaj-120x150.jpg","caption":"admin"},"description":"Admin, Fjala e Lir\u00eb","sameAs":["https:\/\/fjala.info\/"],"url":"https:\/\/fjala.info\/2009-2015\/author\/admin\/"}]}},"_links":{"self":[{"href":"https:\/\/fjala.info\/2009-2015\/wp-json\/wp\/v2\/posts\/3624","targetHints":{"allow":["GET"]}}],"collection":[{"href":"https:\/\/fjala.info\/2009-2015\/wp-json\/wp\/v2\/posts"}],"about":[{"href":"https:\/\/fjala.info\/2009-2015\/wp-json\/wp\/v2\/types\/post"}],"author":[{"embeddable":true,"href":"https:\/\/fjala.info\/2009-2015\/wp-json\/wp\/v2\/users\/1"}],"replies":[{"embeddable":true,"href":"https:\/\/fjala.info\/2009-2015\/wp-json\/wp\/v2\/comments?post=3624"}],"version-history":[{"count":0,"href":"https:\/\/fjala.info\/2009-2015\/wp-json\/wp\/v2\/posts\/3624\/revisions"}],"wp:attachment":[{"href":"https:\/\/fjala.info\/2009-2015\/wp-json\/wp\/v2\/media?parent=3624"}],"wp:term":[{"taxonomy":"category","embeddable":true,"href":"https:\/\/fjala.info\/2009-2015\/wp-json\/wp\/v2\/categories?post=3624"},{"taxonomy":"post_tag","embeddable":true,"href":"https:\/\/fjala.info\/2009-2015\/wp-json\/wp\/v2\/tags?post=3624"}],"curies":[{"name":"wp","href":"https:\/\/api.w.org\/{rel}","templated":true}]}}