{"id":3618,"date":"2010-08-03T10:59:10","date_gmt":"2010-08-03T09:59:10","guid":{"rendered":"http:\/\/fjala.shkoder.net\/?p=3618"},"modified":"2010-08-03T10:59:10","modified_gmt":"2010-08-03T09:59:10","slug":"bonuset-antishqiptare-ndaj-serbise","status":"publish","type":"post","link":"https:\/\/fjala.info\/2009-2015\/bonuset-antishqiptare-ndaj-serbise\/","title":{"rendered":"Bonuset antishqiptare ndaj Serbis\u00eb"},"content":{"rendered":"<p><img decoding=\"async\" style=\"margin-left: 10px; margin-right: 10px; border: 0px;\" title=\"Arben Rrozhani\" src=\"http:\/\/www.shkoder.net\/images\/fjala\/arben_rrozhani.jpg\" border=\"0\" alt=\"\" width=\"150\" align=\"right\" \/><\/p>\n<p><strong>Arben Rrozhani<\/strong>, <em>03.08.2010<\/em><\/p>\n<p>Qeveria e Tiran\u00ebs i ka dh\u00ebn\u00eb nj\u00eb arm\u00eb m\u00eb shum\u00eb qeveris\u00eb s\u00eb Beogradit p\u00ebr t\u00eb vijuar politik\u00ebn e saj antishqiptare n\u00eb Ballkan, ve\u00e7an\u00ebrisht n\u00eb q\u00ebndrimin e saj kund\u00ebr pavar\u00ebsis\u00eb s\u00eb Kosov\u00ebs, shpallur n\u00eb shkurtin e vitit 2008-t\u00eb.<\/p>\n<p>Deklarimi i ambasadorit t\u00eb Shqip\u00ebris\u00eb n\u00eb Beograd, se presidenti serb Tadi\u00e7 \u00ebsht\u00eb ftuar n\u00eb Tiran\u00eb nga kryeministri shqiptar, Sali Berisha, botuar dje n\u00eb shkrimin kryesor t\u00eb gazet\u00ebs beogradase &#8220;Danas&#8221;, nuk linte shkas p\u00ebr dyshime. Ministria e Jashtme e Shqip\u00ebris\u00eb e hodhi posht\u00eb si &#8220;keqkuptim&#8221; gazetaresk, deklarimin e ambasadorit Shp\u00ebtim \u00c7aushi q\u00eb citohet nga &#8220;Danas&#8221;: &#8220;<em>Marr\u00ebdh\u00ebniet mes Serbis\u00eb dhe Shqip\u00ebris\u00eb jan\u00eb t\u00eb shk\u00eblqyera. N\u00eb k\u00ebt\u00eb kuad\u00ebr, s\u00eb shpejti do t\u00eb ket\u00eb vizita t\u00eb r\u00ebnd\u00ebsishme nga t\u00eb dyja pal\u00ebt p\u00ebrfshir\u00eb k\u00ebtu edhe vizit\u00ebn e presidentit Tadi\u00e7 n\u00eb Shqip\u00ebri<\/em>&#8220;, &#8211; shprehej ambasadori shqiptar, duke deklaruar se ftesa ishte b\u00ebr\u00eb nga kryeministri Berisha dhe me k\u00ebt\u00eb titull hapej dje edhe gazeta serbe.<\/p>\n<p>N\u00ebse Boris Tadi\u00e7 do t\u00eb vinte n\u00eb Shqip\u00ebri si nj\u00eb qytetar serb, ai nuk do t\u00eb ishte as i pari dhe as i fundit. Prej vitesh, sidomos gjat\u00eb qeverisjes s\u00eb Nanos dhe m\u00eb pas, p\u00ebr t\u00eb kulmuar me qeverisjet e Berish\u00ebs, serb\u00ebt jan\u00eb ulur &#8220;k\u00ebmb\u00ebkryq&#8221; n\u00eb Shqip\u00ebri, pik\u00ebs\u00ebpari n\u00eb biznes.<\/p>\n<p>Miku m\u00eb i ngusht\u00eb i kryeministrit t\u00eb Shqip\u00ebris\u00eb \u00ebsht\u00eb prej vitit 2005, nj\u00eb serb, i quajtur Damir Fazli\u00e7, i cili p\u00ebrfaq\u00ebson n\u00ebntok\u00ebn e err\u00ebt t\u00eb kriminalitetit n\u00eb hap\u00ebsir\u00ebn e ish-Jugosllavis\u00eb, sekser i familjeve q\u00eb kan\u00eb pasur pushtetin ekonomik dhe sot kan\u00eb edhe at\u00eb politik n\u00eb Serbi, apo Bosnje-Hercegovin\u00eb.<\/p>\n<p>Ky njeri ka fituar fal\u00eb mb\u00ebshtetjes s\u00eb qeveris\u00eb shqiptare pasuri (t\u00eb deklaruar nga ai vet\u00eb) mbi 50 milion\u00eb euro vet\u00ebm n\u00eb nj\u00eb rast koncesioni dhe \u00ebsht\u00eb nd\u00ebrmjet\u00ebs s\u00eb disa marr\u00ebveshjeve q\u00eb Shqip\u00ebria ka lidhur me firmat serbe, p\u00ebr t\u00eb importuar energji elektrike n\u00eb koh\u00ebn e kriz\u00ebs energjetike, ka nd\u00ebrmjet\u00ebsuar edhe afrimin e lobimit t\u00eb nj\u00eb zyrtari t\u00eb lart\u00eb amerikan, p\u00ebr integrimin e Shqip\u00ebris\u00eb n\u00eb NATO dhe \u00ebsht\u00eb vazhdimisht i pranish\u00ebm n\u00eb Tiran\u00eb, n\u00ebn shoq\u00ebrin\u00eb e ministrave t\u00eb kabinetit &#8220;Berisha&#8221;.<\/p>\n<p>Qeveria e Shqip\u00ebris\u00eb i ka shqyer dyert p\u00ebr biznesin serb n\u00eb vend. Ai ka sht\u00ebn\u00eb n\u00eb dor\u00eb rrjetin e furnizimit t\u00eb vendit me mallra t\u00eb konsumit t\u00eb gjer\u00eb, q\u00eb vijn\u00eb direkt e nga mapot e biznesmenit pro qeveritar, Mirosllav Mishkovi\u00e7, i pasuruar dikur si bashk\u00ebpun\u00ebtor i Milloshevi\u00e7it.<\/p>\n<p>Kat\u00ebr muaj m\u00eb par\u00eb, ministri p\u00ebr Minierat dhe Energjin\u00eb i Serbis\u00eb, Petar Skundri\u00e7, tregoi synimet e qeveris\u00eb s\u00eb Beogradit p\u00ebr t\u00eb shtuar pranin\u00eb n\u00eb Shqip\u00ebri, n\u00eb fush\u00ebn e energjetik\u00ebs, minierave dhe t\u00eb industris\u00eb. Serbia ka premtuar se do ta furnizoj\u00eb Shqip\u00ebrin\u00eb me gaz, n\u00ebse n\u00ebp\u00ebrmjet saj do t\u00eb kaloj\u00eb tubacioni &#8220;South Stream&#8221;, ose p\u00ebrdorimi i infrastruktur\u00ebs shqiptare p\u00ebr shk\u00ebmbime tregtare.<\/p>\n<p>Boris Tadi\u00e7, n\u00ebse do t\u00eb vinte n\u00eb Shqip\u00ebri me kostumin e biznesmenit apo turistit, k\u00ebsisoj nuk do t\u00eb ishte problem, por nj\u00eb shans m\u00eb shum\u00eb p\u00ebr qeverin\u00eb. Problemi \u00ebsht\u00eb se Tadi\u00e7 \u00ebsht\u00eb premtuar se do t\u00eb vij\u00eb n\u00eb Tiran\u00eb, p\u00ebr her\u00eb t\u00eb par\u00eb n\u00eb histori, si president i shtetit t\u00eb Serbis\u00eb, vendit q\u00eb ende \u00ebsht\u00eb i aft\u00eb t\u00eb mbaj\u00eb pezull dhe t\u00eb trazoj\u00eb paqen e brisht\u00eb n\u00eb hap\u00ebsir\u00ebn e ish-Jugosllavis\u00eb, mbi t\u00eb gjith\u00eb n\u00eb shtetin e pavarur t\u00eb Kosov\u00ebs.<\/p>\n<p>Boris Tadi\u00e7 u zgjodh si president i Serbis\u00eb, duke mundur radikal\u00ebt e Vojislav Shesheljit dhe socialist\u00ebt e ish-partis\u00eb s\u00eb Slobodan Milloshevi\u00e7it, duke premtuar integrimin e vendit n\u00eb Europ\u00eb, por duke mos hequr dor\u00eb nga mbajtja e Kosov\u00ebs.<\/p>\n<p>Sa m\u00eb shum\u00eb kalojn\u00eb vitet, sa m\u00eb shum\u00eb vende e njohin shtetin e pavarur t\u00eb Kosov\u00ebs, sa m\u00eb shum\u00eb organizmat nd\u00ebrkomb\u00ebtare i japin t\u00eb drejt\u00eb vendimit p\u00ebr pavar\u00ebsin\u00eb e shtetit, aq m\u00eb t\u00eb larta dhe t\u00eb ashpra b\u00ebhen tonet e Beogradit p\u00ebr t\u00eb anuluar vendimin e pakthyesh\u00ebm t\u00eb ndarjes p\u00ebrfundimtare t\u00eb zgjedh\u00ebs serbe ndaj shtetit t\u00eb Kosov\u00ebs.<\/p>\n<p>Boris Tadi\u00e7 si president nuk mund t\u00eb vij\u00eb n\u00eb Shqip\u00ebri, pa k\u00ebrkuar m\u00eb par\u00eb falje zyrtare p\u00ebr masakrat q\u00eb jan\u00eb b\u00ebr\u00eb mbi shqiptar\u00ebt n\u00eb Kosov\u00eb gjat\u00eb regjimit t\u00eb Milloshevi\u00e7it, zhdukjes s\u00eb mij\u00ebra shqiptar\u00ebve q\u00eb ende nuk dihet ku jan\u00eb varrosur.<\/p>\n<p>Nuk mund t\u00eb vij\u00eb pa k\u00ebrkuar falje edhe p\u00ebr ato qindra viktima, t\u00eb vrar\u00eb dhe t\u00eb sakatuar p\u00ebrjet\u00eb n\u00eb kufirin verilindor t\u00eb Shqip\u00ebris\u00eb me Kosov\u00ebs, q\u00eb u mboll\u00ebn me mina antinjeri gjat\u00eb luft\u00ebs s\u00eb viteve 1998-1999 nga ish-armata jugosllave.<\/p>\n<p>Pa k\u00ebrkuar falje p\u00ebr politik\u00ebn e p\u00ebrbaltosjes s\u00eb Shqip\u00ebris\u00eb n\u00ebp\u00ebr bot\u00eb, sepse prokurori i Serbis\u00eb sa her\u00eb citon Shqip\u00ebrin\u00eb, do t\u00eb p\u00ebrmend\u00eb &#8220;sht\u00ebpin\u00eb e verdh\u00eb&#8221;, t\u00eb ashtuquajturin vend, ku pa baza dhe fakte shqiptar\u00ebt akuzohen se kan\u00eb marr\u00eb vrar\u00eb serb\u00ebt e rr\u00ebmbyer gjat\u00eb luft\u00ebs s\u00eb Kosov\u00ebs p\u00ebr trafik organesh.<\/p>\n<p>Kur n\u00eb marsin e shkuar ministri i Jasht\u00ebm shqiptar, Ilir Meta, vizitoi Beogradin dhe m\u00eb pas lugin\u00ebn e Preshev\u00ebs s\u00eb banuar nga shqiptar\u00eb, qeveria u ngut t\u00eb shprehej se ky ishte nj\u00eb sinjal p\u00ebr afrimin e m\u00ebtejsh\u00ebm t\u00eb vendeve dhe p\u00ebrmir\u00ebsimit t\u00eb pozit\u00ebs s\u00eb shqiptar\u00ebve n\u00eb Serbi.<\/p>\n<p>Qeveria e Shqip\u00ebris\u00eb shpejtoi edhe t\u00eb heq\u00eb vizat e q\u00ebndrimit afatshkurt\u00ebr p\u00ebr shtetasit e Serbis\u00eb, me arsyetimin se kjo mas\u00eb do t\u00eb leht\u00ebsonte l\u00ebvizjen edhe t\u00eb shqiptar\u00ebve n\u00eb Lugin\u00ebn e Preshev\u00ebs dhe t\u00eb gjith\u00eb shtetasve serb\u00eb me komb\u00ebsi shqiptare, t\u00eb cil\u00ebt p\u00ebr shkak t\u00eb regjimit t\u00eb vizave, q\u00eb t\u00eb hyjn\u00eb n\u00eb Shqip\u00ebri u duhet t\u00eb marrin viz\u00eb n\u00eb ambasad\u00ebn shqiptare n\u00eb Beograd.<\/p>\n<p>Por pozita e shqiptar\u00ebve nuk u p\u00ebrmir\u00ebsua pas bonuseve t\u00eb Shqip\u00ebris\u00eb, dhe i vetmi investim i ri n\u00eb lugin\u00ebn e Presh\u00ebv\u00ebs \u00ebsht\u00eb nj\u00eb baz\u00eb e re e ushtris\u00eb serbe, nd\u00ebrsa shqiptar\u00ebt vijojn\u00eb ende t\u00eb p\u00ebrfitojn\u00eb nga liberalizimi i vizave t\u00eb Serbis\u00eb n\u00eb zon\u00ebn Shengen, duke u larguar masivisht nga trojet e tyre n\u00eb k\u00ebrkim t\u00eb mbijetes\u00ebs.<\/p>\n<p>Qeveria e Serbis\u00eb ende nuk ka vendosur t\u00eb heq\u00eb vizat afatshkurtra p\u00ebr shtetasit e Shqip\u00ebris\u00eb, kur k\u00ebt\u00eb e b\u00ebri pak dit\u00eb m\u00eb par\u00eb p\u00ebr 70 milion\u00eb shtetasit e Turqis\u00eb, edhe pse Shqip\u00ebria pret n\u00eb fund t\u00eb vitit liberalizimin e vizave me hap\u00ebsir\u00ebn Shengen dhe, ku gati shumica e vendeve t\u00eb Ballkanit nuk u k\u00ebrkojn\u00eb m\u00eb viza shqiptar\u00ebve.<\/p>\n<p>N\u00eb koh\u00ebn kur Ballkani k\u00ebrkon t&#8217;i bashkohet pjes\u00ebs tjet\u00ebr t\u00eb Europ\u00ebs, \u00ebsht\u00eb e domosdoshme q\u00eb paqja dhe siguria t\u00eb ket\u00eb z\u00ebn\u00eb rr\u00ebnj\u00eb n\u00eb k\u00ebto vende, t\u00eb cilat prej shekujsh jan\u00eb p\u00ebrgjakur, sigurisht nga planet e kral\u00ebve serbo-malazez\u00eb, m\u00eb pas mbret\u00ebris\u00eb s\u00eb Karagjorgjevi\u00e7\u00ebve dhe m\u00eb pas nga regjimet e Titos dhe t\u00eb Sllobodan Milloshevi\u00e7it.<\/p>\n<p>Por thirrjet e inspiruara nga Beogradi p\u00ebr veriun e Kosov\u00ebs, klithmat p\u00ebr gjak shqiptari n\u00eb p\u00ebrkujtimin e disfat\u00ebs serbe n\u00eb betej\u00ebn e Fush\u00eb-Kosov\u00ebs dhe manovrat diplomatike p\u00ebr t\u00eb nd\u00ebrprer\u00eb rrug\u00ebtimin e Kosov\u00ebs si shtet i pavarur, jan\u00eb kund\u00ebr paqes dhe bashk\u00ebpunimit n\u00eb rajon, ve\u00e7an\u00ebrisht mes serb\u00ebve dhe shqiptar\u00ebve.<\/p>\n<p>Dhe pa mbyllur k\u00ebto llogari, ku serb\u00ebt u jan\u00eb aq borxhlinj shqiptar\u00ebve, vizitat q\u00eb propagandohen si &#8220;historike&#8221;, do t\u00eb mbesin vet\u00ebm &#8220;histerike&#8221;, n\u00eb vazhd\u00ebn e histeris\u00eb antishqiptare n\u00eb Ballkan.<\/p>\n","protected":false},"excerpt":{"rendered":"<p>Arben Rrozhani, 03.08.2010 Qeveria e Tiran\u00ebs i ka dh\u00ebn\u00eb nj\u00eb arm\u00eb m\u00eb shum\u00eb qeveris\u00eb s\u00eb Beogradit p\u00ebr t\u00eb vijuar politik\u00ebn e saj antishqiptare n\u00eb Ballkan, ve\u00e7an\u00ebrisht n\u00eb q\u00ebndrimin e saj kund\u00ebr pavar\u00ebsis\u00eb s\u00eb Kosov\u00ebs, shpallur n\u00eb shkurtin e vitit 2008-t\u00eb. Deklarimi i ambasadorit t\u00eb Shqip\u00ebris\u00eb n\u00eb Beograd, se presidenti serb Tadi\u00e7 \u00ebsht\u00eb ftuar n\u00eb Tiran\u00eb [&hellip;]<\/p>\n","protected":false},"author":1,"featured_media":0,"comment_status":"open","ping_status":"closed","sticky":false,"template":"","format":"standard","meta":{"footnotes":""},"categories":[2],"tags":[],"class_list":{"0":"post-3618","1":"post","2":"type-post","3":"status-publish","4":"format-standard","6":"category-artikuj"},"yoast_head":"<!-- This site is optimized with the Yoast SEO plugin v27.4 - https:\/\/yoast.com\/product\/yoast-seo-wordpress\/ -->\n<title>Bonuset antishqiptare ndaj Serbis\u00eb - FjALA e LIR\u00cb - Arkivi<\/title>\n<meta name=\"robots\" content=\"index, follow, max-snippet:-1, max-image-preview:large, max-video-preview:-1\" \/>\n<link rel=\"canonical\" href=\"https:\/\/fjala.info\/2009-2015\/bonuset-antishqiptare-ndaj-serbise\/\" \/>\n<meta property=\"og:locale\" content=\"sq_AL\" \/>\n<meta property=\"og:type\" content=\"article\" \/>\n<meta property=\"og:title\" content=\"Bonuset antishqiptare ndaj Serbis\u00eb - FjALA e LIR\u00cb - Arkivi\" \/>\n<meta property=\"og:description\" content=\"Arben Rrozhani, 03.08.2010 Qeveria e Tiran\u00ebs i ka dh\u00ebn\u00eb nj\u00eb arm\u00eb m\u00eb shum\u00eb qeveris\u00eb s\u00eb Beogradit p\u00ebr t\u00eb vijuar politik\u00ebn e saj antishqiptare n\u00eb Ballkan, ve\u00e7an\u00ebrisht n\u00eb q\u00ebndrimin e saj kund\u00ebr pavar\u00ebsis\u00eb s\u00eb Kosov\u00ebs, shpallur n\u00eb shkurtin e vitit 2008-t\u00eb. Deklarimi i ambasadorit t\u00eb Shqip\u00ebris\u00eb n\u00eb Beograd, se presidenti serb Tadi\u00e7 \u00ebsht\u00eb ftuar n\u00eb Tiran\u00eb [&hellip;]\" \/>\n<meta property=\"og:url\" content=\"https:\/\/fjala.info\/2009-2015\/bonuset-antishqiptare-ndaj-serbise\/\" \/>\n<meta property=\"og:site_name\" content=\"FjALA e LIR\u00cb - Arkivi\" \/>\n<meta property=\"article:published_time\" content=\"2010-08-03T09:59:10+00:00\" \/>\n<meta property=\"og:image\" content=\"http:\/\/www.shkoder.net\/images\/fjala\/arben_rrozhani.jpg\" \/>\n<meta name=\"author\" content=\"admin\" \/>\n<meta name=\"twitter:card\" content=\"summary_large_image\" \/>\n<meta name=\"twitter:label1\" content=\"Written by\" \/>\n\t<meta name=\"twitter:data1\" content=\"admin\" \/>\n\t<meta name=\"twitter:label2\" content=\"Est. reading time\" \/>\n\t<meta name=\"twitter:data2\" content=\"7 minutes\" \/>\n<script type=\"application\/ld+json\" class=\"yoast-schema-graph\">{\"@context\":\"https:\\\/\\\/schema.org\",\"@graph\":[{\"@type\":\"Article\",\"@id\":\"https:\\\/\\\/fjala.info\\\/2009-2015\\\/bonuset-antishqiptare-ndaj-serbise\\\/#article\",\"isPartOf\":{\"@id\":\"https:\\\/\\\/fjala.info\\\/2009-2015\\\/bonuset-antishqiptare-ndaj-serbise\\\/\"},\"author\":{\"name\":\"admin\",\"@id\":\"https:\\\/\\\/fjala.info\\\/2009-2015\\\/#\\\/schema\\\/person\\\/3aa1163ef05469c496fc94e77611ada2\"},\"headline\":\"Bonuset antishqiptare ndaj Serbis\u00eb\",\"datePublished\":\"2010-08-03T09:59:10+00:00\",\"mainEntityOfPage\":{\"@id\":\"https:\\\/\\\/fjala.info\\\/2009-2015\\\/bonuset-antishqiptare-ndaj-serbise\\\/\"},\"wordCount\":1307,\"commentCount\":0,\"publisher\":{\"@id\":\"https:\\\/\\\/fjala.info\\\/2009-2015\\\/#organization\"},\"image\":{\"@id\":\"https:\\\/\\\/fjala.info\\\/2009-2015\\\/bonuset-antishqiptare-ndaj-serbise\\\/#primaryimage\"},\"thumbnailUrl\":\"http:\\\/\\\/www.shkoder.net\\\/images\\\/fjala\\\/arben_rrozhani.jpg\",\"articleSection\":[\"Artikuj\"],\"inLanguage\":\"sq-AL\",\"potentialAction\":[{\"@type\":\"CommentAction\",\"name\":\"Comment\",\"target\":[\"https:\\\/\\\/fjala.info\\\/2009-2015\\\/bonuset-antishqiptare-ndaj-serbise\\\/#respond\"]}]},{\"@type\":\"WebPage\",\"@id\":\"https:\\\/\\\/fjala.info\\\/2009-2015\\\/bonuset-antishqiptare-ndaj-serbise\\\/\",\"url\":\"https:\\\/\\\/fjala.info\\\/2009-2015\\\/bonuset-antishqiptare-ndaj-serbise\\\/\",\"name\":\"Bonuset antishqiptare ndaj Serbis\u00eb - FjALA e LIR\u00cb - Arkivi\",\"isPartOf\":{\"@id\":\"https:\\\/\\\/fjala.info\\\/2009-2015\\\/#website\"},\"primaryImageOfPage\":{\"@id\":\"https:\\\/\\\/fjala.info\\\/2009-2015\\\/bonuset-antishqiptare-ndaj-serbise\\\/#primaryimage\"},\"image\":{\"@id\":\"https:\\\/\\\/fjala.info\\\/2009-2015\\\/bonuset-antishqiptare-ndaj-serbise\\\/#primaryimage\"},\"thumbnailUrl\":\"http:\\\/\\\/www.shkoder.net\\\/images\\\/fjala\\\/arben_rrozhani.jpg\",\"datePublished\":\"2010-08-03T09:59:10+00:00\",\"breadcrumb\":{\"@id\":\"https:\\\/\\\/fjala.info\\\/2009-2015\\\/bonuset-antishqiptare-ndaj-serbise\\\/#breadcrumb\"},\"inLanguage\":\"sq-AL\",\"potentialAction\":[{\"@type\":\"ReadAction\",\"target\":[\"https:\\\/\\\/fjala.info\\\/2009-2015\\\/bonuset-antishqiptare-ndaj-serbise\\\/\"]}]},{\"@type\":\"ImageObject\",\"inLanguage\":\"sq-AL\",\"@id\":\"https:\\\/\\\/fjala.info\\\/2009-2015\\\/bonuset-antishqiptare-ndaj-serbise\\\/#primaryimage\",\"url\":\"http:\\\/\\\/www.shkoder.net\\\/images\\\/fjala\\\/arben_rrozhani.jpg\",\"contentUrl\":\"http:\\\/\\\/www.shkoder.net\\\/images\\\/fjala\\\/arben_rrozhani.jpg\"},{\"@type\":\"BreadcrumbList\",\"@id\":\"https:\\\/\\\/fjala.info\\\/2009-2015\\\/bonuset-antishqiptare-ndaj-serbise\\\/#breadcrumb\",\"itemListElement\":[{\"@type\":\"ListItem\",\"position\":1,\"name\":\"Home\",\"item\":\"https:\\\/\\\/fjala.info\\\/2009-2015\\\/\"},{\"@type\":\"ListItem\",\"position\":2,\"name\":\"Bonuset antishqiptare ndaj Serbis\u00eb\"}]},{\"@type\":\"WebSite\",\"@id\":\"https:\\\/\\\/fjala.info\\\/2009-2015\\\/#website\",\"url\":\"https:\\\/\\\/fjala.info\\\/2009-2015\\\/\",\"name\":\"FjALA e LIR\u00cb - Arkivi\",\"description\":\"Arkivi 2009-2015\",\"publisher\":{\"@id\":\"https:\\\/\\\/fjala.info\\\/2009-2015\\\/#organization\"},\"potentialAction\":[{\"@type\":\"SearchAction\",\"target\":{\"@type\":\"EntryPoint\",\"urlTemplate\":\"https:\\\/\\\/fjala.info\\\/2009-2015\\\/?s={search_term_string}\"},\"query-input\":{\"@type\":\"PropertyValueSpecification\",\"valueRequired\":true,\"valueName\":\"search_term_string\"}}],\"inLanguage\":\"sq-AL\"},{\"@type\":\"Organization\",\"@id\":\"https:\\\/\\\/fjala.info\\\/2009-2015\\\/#organization\",\"name\":\"FjALA e LIR\u00cb - Arkivi\",\"url\":\"https:\\\/\\\/fjala.info\\\/2009-2015\\\/\",\"logo\":{\"@type\":\"ImageObject\",\"inLanguage\":\"sq-AL\",\"@id\":\"https:\\\/\\\/fjala.info\\\/2009-2015\\\/#\\\/schema\\\/logo\\\/image\\\/\",\"url\":\"\",\"contentUrl\":\"\",\"caption\":\"FjALA e LIR\u00cb - Arkivi\"},\"image\":{\"@id\":\"https:\\\/\\\/fjala.info\\\/2009-2015\\\/#\\\/schema\\\/logo\\\/image\\\/\"}},{\"@type\":\"Person\",\"@id\":\"https:\\\/\\\/fjala.info\\\/2009-2015\\\/#\\\/schema\\\/person\\\/3aa1163ef05469c496fc94e77611ada2\",\"name\":\"admin\",\"image\":{\"@type\":\"ImageObject\",\"inLanguage\":\"sq-AL\",\"@id\":\"https:\\\/\\\/fjala.info\\\/2009-2015\\\/wp-content\\\/uploads\\\/2012\\\/02\\\/arben_cokaj-120x150.jpg\",\"url\":\"https:\\\/\\\/fjala.info\\\/2009-2015\\\/wp-content\\\/uploads\\\/2012\\\/02\\\/arben_cokaj-120x150.jpg\",\"contentUrl\":\"https:\\\/\\\/fjala.info\\\/2009-2015\\\/wp-content\\\/uploads\\\/2012\\\/02\\\/arben_cokaj-120x150.jpg\",\"caption\":\"admin\"},\"description\":\"Admin, Fjala e Lir\u00eb\",\"sameAs\":[\"https:\\\/\\\/fjala.info\\\/\"],\"url\":\"https:\\\/\\\/fjala.info\\\/2009-2015\\\/author\\\/admin\\\/\"}]}<\/script>\n<!-- \/ Yoast SEO plugin. -->","yoast_head_json":{"title":"Bonuset antishqiptare ndaj Serbis\u00eb - FjALA e LIR\u00cb - Arkivi","robots":{"index":"index","follow":"follow","max-snippet":"max-snippet:-1","max-image-preview":"max-image-preview:large","max-video-preview":"max-video-preview:-1"},"canonical":"https:\/\/fjala.info\/2009-2015\/bonuset-antishqiptare-ndaj-serbise\/","og_locale":"sq_AL","og_type":"article","og_title":"Bonuset antishqiptare ndaj Serbis\u00eb - FjALA e LIR\u00cb - Arkivi","og_description":"Arben Rrozhani, 03.08.2010 Qeveria e Tiran\u00ebs i ka dh\u00ebn\u00eb nj\u00eb arm\u00eb m\u00eb shum\u00eb qeveris\u00eb s\u00eb Beogradit p\u00ebr t\u00eb vijuar politik\u00ebn e saj antishqiptare n\u00eb Ballkan, ve\u00e7an\u00ebrisht n\u00eb q\u00ebndrimin e saj kund\u00ebr pavar\u00ebsis\u00eb s\u00eb Kosov\u00ebs, shpallur n\u00eb shkurtin e vitit 2008-t\u00eb. Deklarimi i ambasadorit t\u00eb Shqip\u00ebris\u00eb n\u00eb Beograd, se presidenti serb Tadi\u00e7 \u00ebsht\u00eb ftuar n\u00eb Tiran\u00eb [&hellip;]","og_url":"https:\/\/fjala.info\/2009-2015\/bonuset-antishqiptare-ndaj-serbise\/","og_site_name":"FjALA e LIR\u00cb - Arkivi","article_published_time":"2010-08-03T09:59:10+00:00","og_image":[{"url":"http:\/\/www.shkoder.net\/images\/fjala\/arben_rrozhani.jpg","type":"","width":"","height":""}],"author":"admin","twitter_card":"summary_large_image","twitter_misc":{"Written by":"admin","Est. reading time":"7 minutes"},"schema":{"@context":"https:\/\/schema.org","@graph":[{"@type":"Article","@id":"https:\/\/fjala.info\/2009-2015\/bonuset-antishqiptare-ndaj-serbise\/#article","isPartOf":{"@id":"https:\/\/fjala.info\/2009-2015\/bonuset-antishqiptare-ndaj-serbise\/"},"author":{"name":"admin","@id":"https:\/\/fjala.info\/2009-2015\/#\/schema\/person\/3aa1163ef05469c496fc94e77611ada2"},"headline":"Bonuset antishqiptare ndaj Serbis\u00eb","datePublished":"2010-08-03T09:59:10+00:00","mainEntityOfPage":{"@id":"https:\/\/fjala.info\/2009-2015\/bonuset-antishqiptare-ndaj-serbise\/"},"wordCount":1307,"commentCount":0,"publisher":{"@id":"https:\/\/fjala.info\/2009-2015\/#organization"},"image":{"@id":"https:\/\/fjala.info\/2009-2015\/bonuset-antishqiptare-ndaj-serbise\/#primaryimage"},"thumbnailUrl":"http:\/\/www.shkoder.net\/images\/fjala\/arben_rrozhani.jpg","articleSection":["Artikuj"],"inLanguage":"sq-AL","potentialAction":[{"@type":"CommentAction","name":"Comment","target":["https:\/\/fjala.info\/2009-2015\/bonuset-antishqiptare-ndaj-serbise\/#respond"]}]},{"@type":"WebPage","@id":"https:\/\/fjala.info\/2009-2015\/bonuset-antishqiptare-ndaj-serbise\/","url":"https:\/\/fjala.info\/2009-2015\/bonuset-antishqiptare-ndaj-serbise\/","name":"Bonuset antishqiptare ndaj Serbis\u00eb - FjALA e LIR\u00cb - Arkivi","isPartOf":{"@id":"https:\/\/fjala.info\/2009-2015\/#website"},"primaryImageOfPage":{"@id":"https:\/\/fjala.info\/2009-2015\/bonuset-antishqiptare-ndaj-serbise\/#primaryimage"},"image":{"@id":"https:\/\/fjala.info\/2009-2015\/bonuset-antishqiptare-ndaj-serbise\/#primaryimage"},"thumbnailUrl":"http:\/\/www.shkoder.net\/images\/fjala\/arben_rrozhani.jpg","datePublished":"2010-08-03T09:59:10+00:00","breadcrumb":{"@id":"https:\/\/fjala.info\/2009-2015\/bonuset-antishqiptare-ndaj-serbise\/#breadcrumb"},"inLanguage":"sq-AL","potentialAction":[{"@type":"ReadAction","target":["https:\/\/fjala.info\/2009-2015\/bonuset-antishqiptare-ndaj-serbise\/"]}]},{"@type":"ImageObject","inLanguage":"sq-AL","@id":"https:\/\/fjala.info\/2009-2015\/bonuset-antishqiptare-ndaj-serbise\/#primaryimage","url":"http:\/\/www.shkoder.net\/images\/fjala\/arben_rrozhani.jpg","contentUrl":"http:\/\/www.shkoder.net\/images\/fjala\/arben_rrozhani.jpg"},{"@type":"BreadcrumbList","@id":"https:\/\/fjala.info\/2009-2015\/bonuset-antishqiptare-ndaj-serbise\/#breadcrumb","itemListElement":[{"@type":"ListItem","position":1,"name":"Home","item":"https:\/\/fjala.info\/2009-2015\/"},{"@type":"ListItem","position":2,"name":"Bonuset antishqiptare ndaj Serbis\u00eb"}]},{"@type":"WebSite","@id":"https:\/\/fjala.info\/2009-2015\/#website","url":"https:\/\/fjala.info\/2009-2015\/","name":"FjALA e LIR\u00cb - Arkivi","description":"Arkivi 2009-2015","publisher":{"@id":"https:\/\/fjala.info\/2009-2015\/#organization"},"potentialAction":[{"@type":"SearchAction","target":{"@type":"EntryPoint","urlTemplate":"https:\/\/fjala.info\/2009-2015\/?s={search_term_string}"},"query-input":{"@type":"PropertyValueSpecification","valueRequired":true,"valueName":"search_term_string"}}],"inLanguage":"sq-AL"},{"@type":"Organization","@id":"https:\/\/fjala.info\/2009-2015\/#organization","name":"FjALA e LIR\u00cb - Arkivi","url":"https:\/\/fjala.info\/2009-2015\/","logo":{"@type":"ImageObject","inLanguage":"sq-AL","@id":"https:\/\/fjala.info\/2009-2015\/#\/schema\/logo\/image\/","url":"","contentUrl":"","caption":"FjALA e LIR\u00cb - Arkivi"},"image":{"@id":"https:\/\/fjala.info\/2009-2015\/#\/schema\/logo\/image\/"}},{"@type":"Person","@id":"https:\/\/fjala.info\/2009-2015\/#\/schema\/person\/3aa1163ef05469c496fc94e77611ada2","name":"admin","image":{"@type":"ImageObject","inLanguage":"sq-AL","@id":"https:\/\/fjala.info\/2009-2015\/wp-content\/uploads\/2012\/02\/arben_cokaj-120x150.jpg","url":"https:\/\/fjala.info\/2009-2015\/wp-content\/uploads\/2012\/02\/arben_cokaj-120x150.jpg","contentUrl":"https:\/\/fjala.info\/2009-2015\/wp-content\/uploads\/2012\/02\/arben_cokaj-120x150.jpg","caption":"admin"},"description":"Admin, Fjala e Lir\u00eb","sameAs":["https:\/\/fjala.info\/"],"url":"https:\/\/fjala.info\/2009-2015\/author\/admin\/"}]}},"_links":{"self":[{"href":"https:\/\/fjala.info\/2009-2015\/wp-json\/wp\/v2\/posts\/3618","targetHints":{"allow":["GET"]}}],"collection":[{"href":"https:\/\/fjala.info\/2009-2015\/wp-json\/wp\/v2\/posts"}],"about":[{"href":"https:\/\/fjala.info\/2009-2015\/wp-json\/wp\/v2\/types\/post"}],"author":[{"embeddable":true,"href":"https:\/\/fjala.info\/2009-2015\/wp-json\/wp\/v2\/users\/1"}],"replies":[{"embeddable":true,"href":"https:\/\/fjala.info\/2009-2015\/wp-json\/wp\/v2\/comments?post=3618"}],"version-history":[{"count":0,"href":"https:\/\/fjala.info\/2009-2015\/wp-json\/wp\/v2\/posts\/3618\/revisions"}],"wp:attachment":[{"href":"https:\/\/fjala.info\/2009-2015\/wp-json\/wp\/v2\/media?parent=3618"}],"wp:term":[{"taxonomy":"category","embeddable":true,"href":"https:\/\/fjala.info\/2009-2015\/wp-json\/wp\/v2\/categories?post=3618"},{"taxonomy":"post_tag","embeddable":true,"href":"https:\/\/fjala.info\/2009-2015\/wp-json\/wp\/v2\/tags?post=3618"}],"curies":[{"name":"wp","href":"https:\/\/api.w.org\/{rel}","templated":true}]}}