{"id":3613,"date":"2010-08-03T10:48:21","date_gmt":"2010-08-03T09:48:21","guid":{"rendered":"http:\/\/fjala.shkoder.net\/?p=3613"},"modified":"2010-08-03T10:48:21","modified_gmt":"2010-08-03T09:48:21","slug":"dibra-ne-kohen-e-migjenit-apo-ne-moshen-e-internetit","status":"publish","type":"post","link":"https:\/\/fjala.info\/2009-2015\/dibra-ne-kohen-e-migjenit-apo-ne-moshen-e-internetit\/","title":{"rendered":"Dibra n\u00eb koh\u00ebn e Migjenit apo n\u00eb mosh\u00ebn e internetit?"},"content":{"rendered":"<p><img loading=\"lazy\" decoding=\"async\" class=\"alignright size-medium wp-image-3614\" title=\"Dibra\" src=\"http:\/\/fjala.shkoder.net\/wp-content\/uploads\/2010\/08\/dibra-300x172.jpg\" alt=\"\" width=\"300\" height=\"172\" \/><\/p>\n<p><strong>Ulsi Manja<\/strong>, <em>03.08.2010<\/em><\/p>\n<p>T\u00eb shkosh dhe t\u00eb ik\u00ebsh i p\u00ebrlotur nga vendlindja do t\u00eb thot\u00eb se ke mall p\u00ebr vendlindjen, por t\u00eb shkosh dhe t\u00eb ik\u00ebsh duke vajtuar, do t\u00eb thot\u00eb se ndjen dhimbje dhe breng\u00eb p\u00ebr vendlindjen t\u00ebnde.<\/p>\n<p>Kam p\u00ebrshtypjen se kjo i ndodh \u00e7do dibrani q\u00eb mer rrug\u00ebn p\u00ebr t\u00eb shkuar n\u00eb Dib\u00ebr t\u00eb cil\u00ebs tashm\u00eb i ka mbetur vet\u00ebm emri dhe krenaria e dikurshme nj\u00ebher\u00eb e nj\u00ebkoh\u00eb.<\/p>\n<p>Dibr\u00ebs nuk i qahen hallet sepse p\u00ebrve\u00e7 varf\u00ebris\u00eb dhe harres\u00ebs s\u00eb pushtetit q\u00ebndror n\u00eb Tiran\u00eb i ka &#8220;hipur n\u00eb shpin\u00eb&#8221; dhe nuk po i zbret keqqeverisja dhe korrupsioni i zi q\u00eb ka p\u00ebrpirr\u00eb qeverisjen vendore dhe m\u00eb gj\u00ebr\u00eb.<\/p>\n<p>Pushteti n\u00eb Dib\u00ebr \u00ebsht\u00eb privat dhe i ka ndar\u00eb dibran\u00ebt n\u00eb &#8220;blu&#8221; dhe t\u00eb &#8220;kuq&#8221; dhe sipas etiket\u00ebs q\u00eb u ka v\u00ebn\u00eb u ofron edhe sh\u00ebrbimet publike. T\u00eb par\u00ebt p\u00ebrfitojn\u00eb t\u00eb gjitha t\u00eb mirat e pushtetit nd\u00ebrsa t\u00eb dyt\u00ebt jan\u00eb t\u00eb detyruar t\u00eb paguajn\u00eb vet\u00ebm taksat dhe xhelepet p\u00ebr pushtetar\u00ebt dhe n\u00ebse ndonj\u00ebri prej tyre ngre krye ndaj pushtetit i pritet asistenca ose e largojn\u00eb menj\u00ebher\u00eb nga puna me soj\u00eb e farefis .<\/p>\n<p>Edhe kafenet\u00eb n\u00ebp\u00ebr fshatra apo qytet socialist\u00ebt dhe demokrat\u00ebt i kan\u00eb t\u00eb ndara, nuk b\u00ebhet fjal\u00eb q\u00eb ato t\u00eb ngat\u00ebrrojn\u00eb ndonj\u00ebher\u00eb kafenet\u00eb e tyre. Por halli m\u00eb i madh ka z\u00ebn\u00eb t\u00eb l\u00ebkundurit t\u00eb cil\u00ebt nuk din\u00eb ku ta pin\u00eb kafen\u00eb, por edhe ata e kan\u00eb gjetur nj\u00eb zgjidhje pragmatiste: socialist\u00ebve u b\u00ebjn\u00eb telefon dhe u thon\u00eb jemi me ju nd\u00ebrsa kafen e pin\u00eb n\u00eb lokalet e demokrat\u00ebve p\u00ebr t\u00eb mos r\u00ebn\u00eb n\u00eb sy se ndryshe i gjen belaja me punonj\u00ebsin e asistenc\u00ebs n\u00eb Komun\u00eb apo Bashki.<\/p>\n<p>Por t\u00eb k\u00ebqijat e k\u00ebsaj pune nuk mbarojn\u00eb me kaq, socialist\u00ebt dhe demokrat\u00ebt edhe furgonat e pasagjer\u00ebve q\u00eb lidhin fshatrat me qytetin i kan\u00eb t\u00eb ndara, por me nj\u00eb ndryshim thelb\u00ebsor: furgonat e socialist\u00ebve jan\u00eb t\u00eb rregullt me gjith\u00eb dokumentacionin q\u00eb duhet p\u00ebr qarkullim rrugor dhe jan\u00eb t\u00eb targuara sipas ligjit nd\u00ebrsa furgonat e demokrat\u00ebve jan\u00eb pa targa ose n\u00eb rastin m\u00eb t\u00eb mir\u00eb kan\u00eb targa zetor\u00ebsh dhe n\u00eb vend t\u00eb dokumentave t\u00eb mjetit kan\u00eb posterin e dal\u00eb boje t\u00eb doktorit &#8220;Shqip\u00ebria po ndryshon&#8221; ose flamurin e PD-s\u00eb, t\u00eb cilin e mbajn\u00eb t\u00eb varur n\u00eb makin\u00eb q\u00eb n\u00eb vitin 2005.<\/p>\n<p>Policia e qarkullimit n\u00eb Dib\u00ebr blloqet e gjobave i harxhon vet\u00ebm me &#8220;furgonat e socialist\u00ebve&#8221; t\u00eb cil\u00ebt i gjurmon gjith\u00eb dit\u00ebn n\u00ebp\u00ebr qytet e kudo n\u00eb rrug\u00eb p\u00ebr ti kapur n\u00eb shkelje sepse pjes\u00ebn tjet\u00ebr jo vet\u00ebm nuk mund ta gjobis\u00eb apo tu k\u00ebrkoj\u00eb letrat e mjeteve por nuk duhet ti shoh\u00eb as n\u00eb sy. Komunat dhe komunar\u00ebt e zgjedhur n\u00eb Dib\u00ebr kan\u00eb rikthyer edhe nj\u00ebher\u00eb bajraqet dhe bajraktar\u00ebt e dikursh\u00ebm.<\/p>\n<p>K\u00ebshtu n\u00ebse ke ndonj\u00eb pun\u00eb p\u00ebr t\u00eb zgjidhur n\u00eb Komun\u00eb k\u00ebt\u00eb mund ta b\u00ebsh vet\u00ebm n\u00eb nj\u00eb dit\u00eb t\u00eb caktuar t\u00eb jav\u00ebs, sepse zyrtar\u00ebt e Komun\u00ebs ose jan\u00eb duke luajtur shah n\u00eb zyrat e tyre me dyer t\u00eb mbyllura nuk duhet ti shqet\u00ebsosh ose jan\u00eb duke luajtur bixhoz apo duke plot\u00ebsuar skedina ndeshjesh futbolli n\u00eb qytet.<\/p>\n<p>Por ka edhe Kryetar\u00eb komunash q\u00eb tani n\u00eb ver\u00eb nj\u00eblloj si bajraktar\u00ebt e dikursh\u00ebm shtrohen n\u00eb gosti me mish keci apo qingji buz\u00eb lumit Drin, n\u00eb Muhur ose n\u00eb Podgorc\u00eb t\u00eb Maqellar\u00ebs, nd\u00ebrsa servili i radh\u00ebs i kryetarit, i lar\u00eb n\u00eb djers\u00eb pret para lokalit me domixhanin e rakis\u00eb dhe me xhepat plot lek\u00eb p\u00ebr t\u00eb paguar vaktin e ngr\u00ebnies.<\/p>\n<p>Por \u00e7udia nuk mbaron me kaqsepse komunar\u00ebt e k\u00ebtyre an\u00ebve jan\u00eb b\u00ebr\u00eb kodosh\u00eb me pun\u00ebt e shtetit. N\u00eb dispozicion t\u00eb fshatar\u00ebve n\u00eb komun\u00eb ka p\u00ebrher\u00eb nj\u00eb zyr\u00eb hapur n\u00eb t\u00eb cil\u00ebn punon punonj\u00ebsi q\u00eb nuk \u00ebsht\u00eb i zoti p\u00ebr t\u00eb p\u00ebrballuar tavolin\u00ebn e rakis\u00eb ose si\u00e7 i thon\u00eb t\u00eb tjer\u00ebt &#8220;i lodhuri i komun\u00ebs&#8221;, i cili kryen detyra polifunksionale: ai jep v\u00ebrtetime t\u00eb ndryshme tip t\u00eb paplot\u00ebsuara, jep \u00e7ertifikata t\u00eb gjendjes civile, jep formular\u00eb bosh, mban sh\u00ebnim ankesat e ndryshme, ark\u00ebton lek\u00ebt n\u00eb ark\u00ebn e komun\u00ebs etj.<\/p>\n<p>Por puna m\u00eb delikate q\u00eb ai kryen \u00ebsht\u00eb q\u00eb t\u00eb adresoj\u00eb sakt\u00eb fshatar\u00ebt n\u00ebp\u00ebr lokalet e ndryshme t\u00eb qytetit t\u00eb Peshkopis\u00eb, n\u00ebn hijen e arr\u00ebs apo buz\u00eb lumit ku po han e pin Kryetari, p\u00ebr t\u00eb firmosur e vulosur letrat sepse k\u00ebtyre an\u00ebve \u00ebsht\u00eb b\u00ebr\u00eb e mod\u00ebs q\u00eb vul\u00ebn e institucionit e merr me vete ngado q\u00eb shkon Kryetari, bile ata nuk harrojn\u00eb ta marrin edhe n\u00eb banjo nga frika se mos familjaret ua &#8220;p\u00ebrdorin vulen pa hesap&#8221;.<\/p>\n<p>K\u00ebshtu i ziu hallexhi kur shkon p\u00ebr t\u00eb vulosur letrat p\u00ebrve\u00e7 tarif\u00ebs ligjore t\u00eb sh\u00ebrbimit q\u00eb paguan n\u00eb zyr\u00ebn e komun\u00ebs duhet t\u00eb ket\u00eb edhe ndonj\u00eb lek me vete p\u00ebr t\u00eb paguar &#8220;dor\u00ebn e rakis\u00eb apo birr\u00ebs&#8221; p\u00ebr Kryetarin se p\u00ebrndryshe i shkon dita bosh e nuk mbaron pun\u00eb. Por hallet e dibran\u00ebve vet\u00ebm shtohen.<\/p>\n<p>N\u00ebse je s\u00ebmur\u00eb dhe nisesh drejt spitalit t\u00eb Peshkopis\u00eb p\u00ebr ndihm\u00eb t\u00eb specializuar pa rekomandim t\u00eb mjekut t\u00eb Komun\u00ebs nuk t\u00eb l\u00ebn\u00eb t\u00eb hysh n\u00eb spital ose n\u00ebse nuk ke t\u00eb paguash 3000 lek\u00eb tarif\u00ebn e Ministrit Vasili, t\u00eb l\u00ebn\u00eb t\u00eb vdes\u00ebsh tek dera e spitalit. Por halli \u00ebsht\u00eb q\u00eb shumica e mjek\u00ebve nuk rin\u00eb n\u00ebp\u00ebr komuna pasi ato l\u00ebvizin n\u00ebp\u00ebr dreka e darka me Kryetar\u00ebt t\u00eb cil\u00ebt sh\u00ebndetin e kan\u00eb me merak t\u00eb madh.<\/p>\n<p>T\u00eb b\u00ebsh operacion urgjent \u00ebsht\u00eb e pamundur pasi Ministria e Sh\u00ebndet\u00ebsis\u00eb e ka l\u00ebn\u00eb spitalin e Peshkopis\u00eb me nj\u00eb mjek narkoze, p\u00ebr t\u00eb cilin dibran\u00ebt thon\u00eb se \u00ebsht\u00eb burr\u00eb zotni, por k\u00ebtij spitali i mungojn\u00eb mbi 7 ose 8 mjek\u00eb t\u00eb specialiteteve t\u00eb ndryshme, dhe njer\u00ebzit detyrohen t\u00eb marrin rrug\u00ebn p\u00ebr n\u00eb Tiran\u00eb ose n\u00eb Oh\u00ebr t\u00eb Maqedonis\u00eb p\u00ebr t\u00eb mb\u00ebrthyer kockat e thyera.<\/p>\n<p>N\u00eb k\u00ebt\u00eb pjes\u00eb t\u00eb Shqip\u00ebris\u00eb varf\u00ebria \u00ebsht\u00eb buka e p\u00ebrditshme, k\u00ebtu njer\u00ebzit shesin dhe blejn\u00eb varf\u00ebrin\u00eb e nj\u00ebri-tjetrit nj\u00eblloj si n\u00eb koh\u00ebn e Migjenit nd\u00ebrsa Kryeministri yn\u00eb mendjendritur u premton internet m\u00eb fibra optike n\u00eb \u00e7do sht\u00ebpi.<\/p>\n<p>Fshatari dibran bie n\u00eb qytet dhe k\u00ebmben mis\u00ebr me krip\u00eb, tjetri k\u00ebmben delen me nj\u00eb thes miell, mal\u00ebsia k\u00ebmben patatet me ushqim p\u00ebr bag\u00ebtit\u00eb, tjetri shet dru zjarri e blen gozhd\u00eb p\u00ebr t\u00eb mb\u00ebrthyer trar\u00ebrt e sht\u00ebpis\u00eb apo thumba p\u00ebr kuaj, e pra \u00ebsht\u00eb gjall\u00ebruar si n\u00eb koh\u00ebt e q\u00ebmotit treg\u00ebtia mall me mall, sepse paraja n\u00eb Dib\u00ebr pothuajse \u00ebsht\u00eb zhdukur nga qarkullimi, t\u00eb vetmit q\u00eb bljen\u00eb buk\u00ebn dhe ushqimin e p\u00ebrditsh\u00ebm me para n\u00eb dor\u00eb jan\u00eb disa n\u00ebnpun\u00ebs t\u00eb thjesht\u00eb t\u00eb administrat\u00ebs.<\/p>\n<p>Paria e vendit si n\u00eb fshat ashtu edhe n\u00eb qytet vet\u00ebm buk\u00ebn blejn\u00eb n\u00eb dyqan me para n\u00eb dor\u00eb se u vjen turp nga mileti nd\u00ebrsa harxhet e dit\u00ebs si bie fjala mishin, qum\u00ebshtin apo djathin ua \u00e7ojn\u00eb bakshish sejmen\u00ebt n\u00eb sht\u00ebpi.<\/p>\n<p>P\u00ebr pjes\u00ebn m\u00eb t\u00eb madhe t\u00eb popullsis\u00eb bulmeti dhe mishi jan\u00eb &#8220;moll\u00eb e ndalueme&#8221; , ato shkojn\u00eb ushqim p\u00ebr Tiran\u00ebn dhe Durr\u00ebsin, pasi treg\u00ebtar\u00ebt e k\u00ebtyre qyteteve vijn\u00eb t\u00eb dielave dhe duke shfryt\u00ebzuar fukarall\u00ebkun e fshatar\u00ebve gati ua blejn\u00eb falas. Disa fermer\u00eb t\u00eb zhytur n\u00eb kredi bujq\u00ebsore dhe blegtorale po kalojn\u00eb n\u00eb depresion dhe zot na ruaj mos vrafshin veten ndonj\u00eb dit\u00eb kur bankat tu shkojn\u00eb tu marrin sht\u00ebpit\u00eb.<\/p>\n<p>Dhe kjo jo se nuk kan\u00eb p\u00ebr ta shlyer kredin\u00eb po se nuk do Drejtoria e Bujq\u00ebis\u00eb s\u00eb Rrethit, pasi zyrtar\u00ebt e saj jan\u00eb shitur tek mafia e vi\u00e7ave kontraband\u00eb q\u00eb vijn\u00eb nga Bullgaria dhe Maqedonia ilegalisht.<\/p>\n<p>Drejtoria e Bujq\u00ebsi\u00eb duke mos i pajisur me raport mjek\u00ebsor veterinar p\u00ebr bag\u00ebtit\u00eb nuk u hap rrug\u00eb blegtor\u00ebve t\u00eb dalin n\u00eb tregun e Tiran\u00ebs dhe n\u00ebse ndonj\u00ebri niset p\u00ebr rrug\u00eb pa k\u00ebt\u00eb raport, vi\u00e7at ua sekuestron policia e shtetit nj\u00eblloj si ujku bag\u00ebtit\u00eb n\u00eb mal.<\/p>\n<p>Me mij\u00ebra familje dibrane hapin syt\u00eb nga kurbeti por prej andej nuk vijn\u00eb m\u00eb lek\u00eb p\u00ebr shkak t\u00eb kriz\u00ebs e n\u00eb k\u00ebt\u00eb luft\u00eb p\u00ebr mbijetes\u00eb njer\u00ebzit mbushin lokalet p\u00ebr ta humbur arsyen e q\u00ebnies njeri n\u00eb got\u00ebn e rakis\u00eb. Por edhe pija e rakis\u00eb n\u00eb lokalet e Dibr\u00ebs \u00ebsht\u00eb nj\u00eb p\u00ebrzierje e varf\u00ebris\u00eb me korrupsionin.<\/p>\n<p>Rrushi, kumbullat, moll\u00ebt dhe gjith\u00e7ka tjet\u00ebr n\u00eb Dib\u00ebr zihet raki dhe nuk shitet si frut, pasi tregun e mbyt malli q\u00eb vjen nga Maqedonia. Ndaj dibran\u00ebt kur dalin n\u00eb qytet apo n\u00eb lokalet e fshatrave rakin\u00eb e marin p\u00ebrher\u00eb me vete nd\u00ebrsan\u00eb lokal porosisin vet\u00ebm vez\u00ebt e ziera apo ndonj\u00eb cop\u00eb sallam pasi nuk kan\u00eb lek\u00eb p\u00ebr ti paguar t\u00eb dyja. T\u00eb jesh kamarier apo banakier n\u00eb Dib\u00ebr \u00ebsht\u00eb pun\u00eb luksi sepse k\u00ebtu njer\u00ebzve u sh\u00ebrben vet\u00ebm nj\u00ebher\u00eb pastaj ata i sh\u00ebrbejn\u00eb vet\u00eb nj\u00ebri-tjetrit.<\/p>\n<p>Qyteti i Peshkopis\u00eb \u00ebsht\u00eb nj\u00eb telenovel\u00eb m\u00eb vete e keqqeverisjes, korrupsionit dhe shkat\u00ebrrimit t\u00eb vlerave qytetare.. Zhvillimi urban i qytetit \u00ebsht\u00eb n\u00eb kaos t\u00eb plot\u00eb, qyteti i Peshkopis\u00eb jo vet\u00ebm q\u00eb nuk ka nj\u00eb plan urbanistik t\u00eb zhvillimit t\u00eb tij, por Bashkia me moton &#8221; nd\u00ebrtoni ku t\u00eb gjeni nj\u00eb vend lir\u00eb&#8221;, i ka hapur rrug\u00eb nj\u00eb masakre urbane q\u00eb ka pushtuar gjith\u00e7ka: lulishte, hap\u00ebsira boshe mes pallateve, kopshte, \u00e7erdhe, konsultore f\u00ebmij\u00ebsh, nd\u00ebrtesa publike dhe sociale. Lulishtet jan\u00eb betonizuar nga garazhet pa fund t\u00eb makinave dhe shtesat e pallateve pa project, q\u00eb nj\u00eb zot e di se \u00e7far\u00eb mund t\u00eb b\u00ebhet me ta n\u00ebse bie ndonj\u00eb t\u00ebrmet.<\/p>\n<p>N\u00eb t\u00eb dy an\u00ebt e bulevardit g\u00eblojn\u00eb tendat e lokaleve q\u00eb pothuajse nga hyrja e qytetit n\u00eb lagjen Dobrov\u00eb e deri n\u00eb dalje tek ish-Uj\u00ebsjell\u00ebsi i qytetit kan\u00eb mbuluar trotuaret dhe po u nxjerin syt\u00eb kalimtar\u00ebve t\u00eb p\u00ebrditsh\u00ebm q\u00eb kan\u00eb halle e pun\u00eb n\u00eb qytet. Kudo nd\u00ebrtohet, ku me leje e ku pa leje.<\/p>\n<p>Qyteti vetqeveriset sepse zyrtar\u00ebt e djatht\u00eb t\u00eb bashkis\u00eb nuk kan\u00eb forc\u00eb p\u00ebr t\u00eb qeverisur, ata nuk i p\u00ebrfill askush, sepse mb\u00ebshtet\u00ebsit e vot\u00ebs s\u00eb vjedhur tani po marin borxhin e premtuar n\u00eb fushat\u00eb.<\/p>\n<p>Nd\u00ebrtesa social-kulturore si teatri, qendra kulturore e f\u00ebmij\u00ebve, kinemaja etj jan\u00eb l\u00ebn\u00eb n\u00eb m\u00ebshir\u00eb t\u00eb fatit ose p\u00ebrdoren nga t\u00eb zot\u00ebt e tok\u00ebs si depo p\u00ebr t\u00eb mbajtur drut\u00eb e dimrit apo jepen me qera<br \/>\nprej tyre.<\/p>\n<p>Pallati i kultur\u00ebs dhe pallati i sportit dy nga projektet m\u00eb t\u00eb m\u00ebdha t\u00eb nd\u00ebrtuara n\u00eb Shqip\u00ebri pas viteve &#8217;90, n\u00eb qytetin e Peshkopis\u00eb jan\u00eb jasht\u00eb destinacionit p\u00ebr t\u00eb cil\u00ebn jan\u00eb nd\u00ebrtuar sepse Bashkia e qytetit kultur\u00ebn dhe sportin n\u00eb Dib\u00ebr i ka varrosur p\u00ebrgjithnj\u00eb.<\/p>\n<p>Ato jan\u00eb kthyer n\u00eb vatra korrupsioni ku paguhen dhjetra e dhjetra punonj\u00ebs anonim\u00eb. I vetmi aktivitet q\u00eb zhvillohet n\u00eb pallatin e kultur\u00ebs jan\u00eb disa kurse private q\u00eb lejohet t\u00eb b\u00ebjn\u00eb vet\u00ebm njer\u00ebzit e pushtetit dhe nj\u00eb pijetore q\u00eb i \u00ebsht\u00eb dh\u00ebn\u00eb gjasme me qera nj\u00eb n\u00ebnpun\u00ebsi t\u00eb flakt\u00eb t\u00eb PD-s\u00eb. Po ashtu sheshi para pallatit t\u00eb kultur\u00ebs \u00ebsht\u00eb sh\u00ebndruar n\u00eb lokal veror dhe dibran\u00ebt me ironi thon\u00eb &#8221; se lokalin e kan\u00eb 50 me 50 Sk\u00ebnderbeu e nj\u00eb militant t\u00eb PD-s\u00eb&#8221;.<\/p>\n<p>Por Bashkia e qytetit t\u00eb Peshkopis\u00eb ka nj\u00eb lib\u00ebr me histori t\u00eb \u00e7uditshme korrupsioni q\u00eb fillon q\u00eb me godin\u00ebn e Bashkis\u00eb e cila p\u00ebr ironi t\u00eb fatit \u00ebsht\u00eb sistemuar n\u00eb godin\u00ebn e muzeut t\u00eb qytetit memorien e vet historike.<\/p>\n<p>Megjith\u00ebse kishte ambiente t\u00eb tjera publike shum\u00eb m\u00eb komode ku mund t\u00eb vendosej godina e Bashkis\u00eb, korrupsioni me blerjen e tok\u00ebs dhe investimin e shnd\u00ebrimit t\u00eb saj n\u00eb Bashki jan\u00eb arsye m\u00ebse t\u00eb mjaftueshme q\u00eb ajo t\u00eb vendosej aty ku \u00ebsht\u00eb sot.<\/p>\n<p>Megjith\u00ebse jan\u00eb investuar miliona, aty nuk shet e blen askush, sepse p\u00ebr t\u00eb shkuar atje bler\u00ebsit duhet t\u00eb humbasin dit\u00ebn vajtje &#8211; ardhje e m\u00eb pas t\u00eb kthehen n\u00eb sht\u00ebpi me surratin gjith\u00eb pluhur dhe me k\u00ebpuc\u00ebt t\u00eb shqyera.<\/p>\n<p>Por kjo nuk p\u00ebrb\u00ebn aspak problem p\u00ebr zyrtar\u00ebt e Bashkis\u00eb, e r\u00ebnd\u00ebsishme p\u00ebr ta \u00ebsht\u00eb marja e 20% t\u00eb tenderit t\u00eb nd\u00ebrtimit, pa qytetar\u00ebt t\u00eb shesin e t\u00eb blejn\u00eb ku t\u00eb duan. Por librit t\u00eb madh t\u00eb korrupsionit n\u00eb Bashkin\u00eb e Peshkopis\u00eb nuk mund ti mungoj\u00eb kompleksi i llixhave ose i uj\u00ebrave termale. K\u00ebtu korrupsioni \u00ebsht\u00eb unikal n\u00eb llojin e vet n\u00eb gjith\u00eb Shqip\u00ebrin\u00eb.<\/p>\n<p>Banor\u00ebt q\u00eb ushtrojn\u00eb nj\u00eb mini-turiz\u00ebm familjar n\u00eb k\u00ebt\u00eb pjes\u00eb t\u00eb qytetit nj\u00eblloj si n\u00eb koh\u00ebn e turqis\u00eb paguajn\u00eb taks\u00eb n\u00ebn dor\u00eb p\u00ebr \u00e7do &#8220;kok\u00eb&#8221; njeriu t\u00eb shtruar aty p\u00ebr hall dhe megjith\u00ebse Bashkia vjel miliarda lek\u00eb prej tyre, gjendja e sh\u00ebrbimit q\u00eb u ofrohet klient\u00ebve \u00ebsht\u00eb ajo e 30 apo 40 viteve m\u00eb par\u00eb si n\u00eb koh\u00ebn e komunizmit n\u00eb mos m\u00eb keq sepse lek\u00ebt p\u00ebrfundojn\u00eb jo n\u00eb ark\u00ebn e Bashkis\u00eb por n\u00eb apartamente apo vila p\u00ebr zyrtar\u00ebt vendor\u00eb n\u00eb Tiran\u00eb.<\/p>\n<p>Por llumi i zi i korrupsionit n\u00eb k\u00ebt\u00eb lib\u00ebr mbetet uj\u00ebsjell\u00ebsi fantazm\u00eb i qytetit ku u investuan miliarda lek\u00eb dhe uji i pis\u00ebt q\u00eb rrodhi n\u00ebp\u00ebr \u00e7ezmat e dibran\u00ebve gati sa nuk shkaktoi nj\u00eb tragjedi njer\u00ebzore dhe sot \u00ebsht\u00eb jasht\u00eb funksionit dhe uji sot derdhet n\u00eb lumin Drin.<\/p>\n<p>Megjith\u00ebse ndaj zyrtar\u00ebve t\u00eb Bashkis\u00eb s\u00eb Qytetit t\u00eb Peshkopis\u00eb ka patur vazhdimisht kall\u00ebzime penale nga ana e Kontrollit t\u00eb Lart\u00eb t\u00eb Shtetit, thon\u00eb se dosjet jan\u00eb mbyllur e mbyllen p\u00ebr munges\u00eb provash, por n\u00eb kodin e korrupsionit nj\u00eblloj si tek kodi i mafias n\u00eb Itali: dosjet mbyllen me t\u00eb nj\u00ebjt\u00ebn procedure, sepse paria e qytetit nuk mund t\u00eb hetohet dhe as t\u00eb burgoset.<\/p>\n<p>Si n\u00eb mbar\u00eb Shqip\u00ebrin\u00eb edhe n\u00eb Dib\u00ebr burgu \u00ebsht\u00eb luks vet\u00ebm p\u00ebr hallexhit\u00eb dhe jo p\u00ebr ndonj\u00eb shtres\u00eb tjet\u00ebr. Shkurt muhabeti banor\u00ebt e Dibr\u00ebs nuk qeverisen m\u00eb nga pushtetar\u00eb e sh\u00ebrbestar\u00eb por nga agallar\u00eb e kusar\u00eb.<\/p>\n<p>Dhe s\u00eb fundi e keqja e gjith\u00eb t\u00eb k\u00ebqijave \u00ebsht\u00eb se dibran\u00ebt e kan\u00eb humbur shpres\u00ebn tek shteti dhe institucionet e tij dhe po p\u00ebrjetojn\u00eb \u00e7do dit\u00eb e m\u00eb shum\u00eb nj\u00eb kriz\u00eb t\u00eb madhe besimi, ata nuk shpresojn\u00eb m\u00eb se nj\u00eb dit\u00eb shteti do t\u00eb kujtohet p\u00ebr ta.<\/p>\n<p>Dhe nuk kan\u00eb faj sepse pushteti q\u00ebndror i ka harruar krejt, pushteti lokal \u00ebsht\u00eb n\u00eb sh\u00ebrbim vet\u00ebm t\u00eb nj\u00ebr\u00ebs pal\u00eb, por edhe atyre u jep \u00e7far\u00eb u tepron nga tasi i madh i korrupsionit pasi ngopen vet\u00eb.<\/p>\n<p>N\u00eb administrat\u00ebn lokale apo n\u00eb nd\u00ebrmarjet n\u00eb var\u00ebsi t\u00eb pushtetit q\u00ebndror n\u00eb Dib\u00ebr pun\u00ebsohesh vet\u00ebm n\u00ebse plot\u00ebson kriteret e v\u00ebna nga pushteti: t\u00eb kesh mbaruar Fakultetin e Partis\u00eb Demokratike me not\u00ebn 10 dhe n\u00eb l\u00ebnd\u00ebn e militantizmit partiak dhe at\u00eb t\u00eb manipulimit t\u00eb votave n\u00eb zgjedhjet e rradh\u00ebs, t\u00eb kesh marr\u00eb \u00e7ertifikat\u00ebn e masterit tek Ferdinand Pone n\u00eb Ministrin\u00eb e Brend\u00ebshme.<\/p>\n<p>N\u00eb Qark, n\u00eb Bashki, n\u00eb Komuna dhe kudo ku ka dor\u00eb shteti, punojn\u00eb gjithsej 20 apo 30 familje t\u00eb lidhura n\u00eb m\u00ebnyr\u00eb nepotike me drejtuesit e institucioneve dhe me nj\u00ebri-tjetrin.<\/p>\n<p>Nd\u00ebrsa Prefektura ku me shum\u00eb sakrifica fal\u00eb nj\u00eb Prefekti jabanxhi, t\u00eb shkolluar si\u00e7 e ka dh\u00ebn\u00eb zoti, \u00ebsht\u00eb ruajtur niveli i p\u00ebrfaq\u00ebsimit intelektual t\u00eb kuadrove dibran\u00eb, s\u00eb fundi \u00ebsht\u00eb b\u00ebr\u00eb target p\u00ebr politik\u00ebn e djatht\u00eb n\u00eb Dib\u00ebr p\u00ebr t\u00eb cil\u00ebt prefektura nuk \u00ebsht\u00eb gj\u00eb tjet\u00ebr ve\u00e7se nj\u00eb &#8221; \u00e7erdhe komunist\u00ebsh&#8221; q\u00eb duhet marr\u00eb me \u00e7do \u00e7mim, pa\u00e7ka se Prefekti \u00ebsht\u00eb i zgjedhuri i forc\u00ebs s\u00eb tyre politike dhe njeri me shum\u00eb vlera p\u00ebr popullin e Dibr\u00ebs.<\/p>\n<p>Por me gjas\u00eb edhe ky institucion s\u00eb shpejti do bie n\u00eb duart e t\u00eb paaft\u00ebve dhe pastaj pushteti vendor n\u00eb Dib\u00ebr do t\u00eb jet\u00eb n\u00eb sintoni t\u00eb plot\u00eb p\u00ebr sa i p\u00ebrket nivelit arsimor dhe kulturor. Dibr\u00ebs e dibran\u00ebve nuk u qahen hallet dhe problemet e shumta q\u00eb kan\u00eb, por pushteti i sot\u00ebm p\u00ebr tua marr\u00eb mendjen u ka premtuar se do tu nd\u00ebrtoj\u00eb Rrug\u00ebn e Arb\u00ebrit, p\u00ebr ta lidhur Dibr\u00ebn me Tiran\u00ebn p\u00ebr nj\u00eb or\u00eb.<\/p>\n<p>Por n\u00ebse kjo rrug\u00eb do t\u00eb nd\u00ebrtohet nj\u00eb dit\u00eb, ajo do ti sh\u00ebrbej\u00eb m\u00eb s\u00eb miri integrimit t\u00eb korrupsionit lokal me thesin e madh t\u00eb korrupsionit t\u00eb Qeveris\u00eb n\u00eb Tiran\u00eb, pasi Dibra e dikurshme do jet\u00eb p\u00ebrmbytur nga kon\u00e7ensioni i Skavic\u00ebs q\u00eb pritet t\u00eb firmos\u00eb s\u00eb shpejti &#8220;Prifti i korrupsionit&#8221; dhe qyteti i Peshkopis\u00eb do jet\u00eb katandisur n\u00eb nj\u00eb g\u00ebrmadh\u00eb urbane ose do jet\u00eb kthyer n\u00eb nj\u00eb fshat t\u00eb madh pa njer\u00ebz. Por q\u00eb t\u00eb mos ndodh\u00eb kjo, lypset t\u00eb zgjohet nd\u00ebrgjegja e dikurshme e qytetaris\u00eb dhe e men\u00e7uris\u00eb Dibrane e cila duhet ti thot\u00eb &#8220;stop rr\u00ebnimit&#8221; t\u00eb m\u00ebtejsh\u00ebm t\u00eb vlerave dhe historis\u00eb s\u00eb Dibr\u00ebs.<\/p>\n<p>Dhe kjo b\u00ebhet duke u \u00e7liruar nga frika e pushtetit dhe duke sjell\u00eb<br \/>\nn\u00eb krye t\u00eb pun\u00ebve t\u00eb Dibr\u00ebs njer\u00ebzit e shkolluar dhe me vlera t\u00eb mir\u00ebfillta qytetarie. Rradha p\u00ebr ta b\u00ebr\u00eb k\u00ebt\u00eb do t\u00eb vij\u00eb s\u00eb shpejti por lipset q\u00eb dibran\u00ebt ti b\u00ebjn\u00eb syt\u00eb kat\u00ebr se boll kan\u00eb durruar deri tani.<\/p>\n<p>Q\u00eb t\u00eb largojm\u00eb varf\u00ebrin\u00eb e Migjenit nga Dibra e pastaj t\u00eb p\u00ebrpiqemi tu sjellim t\u00eb rinjve internetin na duhet t\u00eb mos pranojm\u00eb t\u00eb qeverisemi nga ata q\u00eb deri dje internetin e quanin shpikje kapitaliste.<\/p>\n","protected":false},"excerpt":{"rendered":"<p>Ulsi Manja, 03.08.2010 T\u00eb shkosh dhe t\u00eb ik\u00ebsh i p\u00ebrlotur nga vendlindja do t\u00eb thot\u00eb se ke mall p\u00ebr vendlindjen, por t\u00eb shkosh dhe t\u00eb ik\u00ebsh duke vajtuar, do t\u00eb thot\u00eb se ndjen dhimbje dhe breng\u00eb p\u00ebr vendlindjen t\u00ebnde. Kam p\u00ebrshtypjen se kjo i ndodh \u00e7do dibrani q\u00eb mer rrug\u00ebn p\u00ebr t\u00eb shkuar n\u00eb Dib\u00ebr [&hellip;]<\/p>\n","protected":false},"author":1,"featured_media":0,"comment_status":"open","ping_status":"closed","sticky":false,"template":"","format":"standard","meta":{"footnotes":""},"categories":[2],"tags":[],"class_list":{"0":"post-3613","1":"post","2":"type-post","3":"status-publish","4":"format-standard","6":"category-artikuj"},"yoast_head":"<!-- This site is optimized with the Yoast SEO plugin v27.4 - https:\/\/yoast.com\/product\/yoast-seo-wordpress\/ -->\n<title>Dibra n\u00eb koh\u00ebn e Migjenit apo n\u00eb mosh\u00ebn e internetit? - FjALA e LIR\u00cb - Arkivi<\/title>\n<meta name=\"robots\" content=\"index, follow, max-snippet:-1, max-image-preview:large, max-video-preview:-1\" \/>\n<link rel=\"canonical\" href=\"https:\/\/fjala.info\/2009-2015\/dibra-ne-kohen-e-migjenit-apo-ne-moshen-e-internetit\/\" \/>\n<meta property=\"og:locale\" content=\"sq_AL\" \/>\n<meta property=\"og:type\" content=\"article\" \/>\n<meta property=\"og:title\" content=\"Dibra n\u00eb koh\u00ebn e Migjenit apo n\u00eb mosh\u00ebn e internetit? - FjALA e LIR\u00cb - Arkivi\" \/>\n<meta property=\"og:description\" content=\"Ulsi Manja, 03.08.2010 T\u00eb shkosh dhe t\u00eb ik\u00ebsh i p\u00ebrlotur nga vendlindja do t\u00eb thot\u00eb se ke mall p\u00ebr vendlindjen, por t\u00eb shkosh dhe t\u00eb ik\u00ebsh duke vajtuar, do t\u00eb thot\u00eb se ndjen dhimbje dhe breng\u00eb p\u00ebr vendlindjen t\u00ebnde. Kam p\u00ebrshtypjen se kjo i ndodh \u00e7do dibrani q\u00eb mer rrug\u00ebn p\u00ebr t\u00eb shkuar n\u00eb Dib\u00ebr [&hellip;]\" \/>\n<meta property=\"og:url\" content=\"https:\/\/fjala.info\/2009-2015\/dibra-ne-kohen-e-migjenit-apo-ne-moshen-e-internetit\/\" \/>\n<meta property=\"og:site_name\" content=\"FjALA e LIR\u00cb - Arkivi\" \/>\n<meta property=\"article:published_time\" content=\"2010-08-03T09:48:21+00:00\" \/>\n<meta property=\"og:image\" content=\"http:\/\/fjala.shkoder.net\/wp-content\/uploads\/2010\/08\/dibra-300x172.jpg\" \/>\n<meta name=\"author\" content=\"admin\" \/>\n<meta name=\"twitter:card\" content=\"summary_large_image\" \/>\n<meta name=\"twitter:label1\" content=\"Written by\" \/>\n\t<meta name=\"twitter:data1\" content=\"admin\" \/>\n\t<meta name=\"twitter:label2\" content=\"Est. reading time\" \/>\n\t<meta name=\"twitter:data2\" content=\"16 minutes\" \/>\n<script type=\"application\/ld+json\" class=\"yoast-schema-graph\">{\"@context\":\"https:\\\/\\\/schema.org\",\"@graph\":[{\"@type\":\"Article\",\"@id\":\"https:\\\/\\\/fjala.info\\\/2009-2015\\\/dibra-ne-kohen-e-migjenit-apo-ne-moshen-e-internetit\\\/#article\",\"isPartOf\":{\"@id\":\"https:\\\/\\\/fjala.info\\\/2009-2015\\\/dibra-ne-kohen-e-migjenit-apo-ne-moshen-e-internetit\\\/\"},\"author\":{\"name\":\"admin\",\"@id\":\"https:\\\/\\\/fjala.info\\\/2009-2015\\\/#\\\/schema\\\/person\\\/3aa1163ef05469c496fc94e77611ada2\"},\"headline\":\"Dibra n\u00eb koh\u00ebn e Migjenit apo n\u00eb mosh\u00ebn e internetit?\",\"datePublished\":\"2010-08-03T09:48:21+00:00\",\"mainEntityOfPage\":{\"@id\":\"https:\\\/\\\/fjala.info\\\/2009-2015\\\/dibra-ne-kohen-e-migjenit-apo-ne-moshen-e-internetit\\\/\"},\"wordCount\":3141,\"commentCount\":0,\"publisher\":{\"@id\":\"https:\\\/\\\/fjala.info\\\/2009-2015\\\/#organization\"},\"image\":{\"@id\":\"https:\\\/\\\/fjala.info\\\/2009-2015\\\/dibra-ne-kohen-e-migjenit-apo-ne-moshen-e-internetit\\\/#primaryimage\"},\"thumbnailUrl\":\"http:\\\/\\\/fjala.shkoder.net\\\/wp-content\\\/uploads\\\/2010\\\/08\\\/dibra-300x172.jpg\",\"articleSection\":[\"Artikuj\"],\"inLanguage\":\"sq-AL\",\"potentialAction\":[{\"@type\":\"CommentAction\",\"name\":\"Comment\",\"target\":[\"https:\\\/\\\/fjala.info\\\/2009-2015\\\/dibra-ne-kohen-e-migjenit-apo-ne-moshen-e-internetit\\\/#respond\"]}]},{\"@type\":\"WebPage\",\"@id\":\"https:\\\/\\\/fjala.info\\\/2009-2015\\\/dibra-ne-kohen-e-migjenit-apo-ne-moshen-e-internetit\\\/\",\"url\":\"https:\\\/\\\/fjala.info\\\/2009-2015\\\/dibra-ne-kohen-e-migjenit-apo-ne-moshen-e-internetit\\\/\",\"name\":\"Dibra n\u00eb koh\u00ebn e Migjenit apo n\u00eb mosh\u00ebn e internetit? - FjALA e LIR\u00cb - Arkivi\",\"isPartOf\":{\"@id\":\"https:\\\/\\\/fjala.info\\\/2009-2015\\\/#website\"},\"primaryImageOfPage\":{\"@id\":\"https:\\\/\\\/fjala.info\\\/2009-2015\\\/dibra-ne-kohen-e-migjenit-apo-ne-moshen-e-internetit\\\/#primaryimage\"},\"image\":{\"@id\":\"https:\\\/\\\/fjala.info\\\/2009-2015\\\/dibra-ne-kohen-e-migjenit-apo-ne-moshen-e-internetit\\\/#primaryimage\"},\"thumbnailUrl\":\"http:\\\/\\\/fjala.shkoder.net\\\/wp-content\\\/uploads\\\/2010\\\/08\\\/dibra-300x172.jpg\",\"datePublished\":\"2010-08-03T09:48:21+00:00\",\"breadcrumb\":{\"@id\":\"https:\\\/\\\/fjala.info\\\/2009-2015\\\/dibra-ne-kohen-e-migjenit-apo-ne-moshen-e-internetit\\\/#breadcrumb\"},\"inLanguage\":\"sq-AL\",\"potentialAction\":[{\"@type\":\"ReadAction\",\"target\":[\"https:\\\/\\\/fjala.info\\\/2009-2015\\\/dibra-ne-kohen-e-migjenit-apo-ne-moshen-e-internetit\\\/\"]}]},{\"@type\":\"ImageObject\",\"inLanguage\":\"sq-AL\",\"@id\":\"https:\\\/\\\/fjala.info\\\/2009-2015\\\/dibra-ne-kohen-e-migjenit-apo-ne-moshen-e-internetit\\\/#primaryimage\",\"url\":\"http:\\\/\\\/fjala.shkoder.net\\\/wp-content\\\/uploads\\\/2010\\\/08\\\/dibra-300x172.jpg\",\"contentUrl\":\"http:\\\/\\\/fjala.shkoder.net\\\/wp-content\\\/uploads\\\/2010\\\/08\\\/dibra-300x172.jpg\"},{\"@type\":\"BreadcrumbList\",\"@id\":\"https:\\\/\\\/fjala.info\\\/2009-2015\\\/dibra-ne-kohen-e-migjenit-apo-ne-moshen-e-internetit\\\/#breadcrumb\",\"itemListElement\":[{\"@type\":\"ListItem\",\"position\":1,\"name\":\"Home\",\"item\":\"https:\\\/\\\/fjala.info\\\/2009-2015\\\/\"},{\"@type\":\"ListItem\",\"position\":2,\"name\":\"Dibra n\u00eb koh\u00ebn e Migjenit apo n\u00eb mosh\u00ebn e internetit?\"}]},{\"@type\":\"WebSite\",\"@id\":\"https:\\\/\\\/fjala.info\\\/2009-2015\\\/#website\",\"url\":\"https:\\\/\\\/fjala.info\\\/2009-2015\\\/\",\"name\":\"FjALA e LIR\u00cb - Arkivi\",\"description\":\"Arkivi 2009-2015\",\"publisher\":{\"@id\":\"https:\\\/\\\/fjala.info\\\/2009-2015\\\/#organization\"},\"potentialAction\":[{\"@type\":\"SearchAction\",\"target\":{\"@type\":\"EntryPoint\",\"urlTemplate\":\"https:\\\/\\\/fjala.info\\\/2009-2015\\\/?s={search_term_string}\"},\"query-input\":{\"@type\":\"PropertyValueSpecification\",\"valueRequired\":true,\"valueName\":\"search_term_string\"}}],\"inLanguage\":\"sq-AL\"},{\"@type\":\"Organization\",\"@id\":\"https:\\\/\\\/fjala.info\\\/2009-2015\\\/#organization\",\"name\":\"FjALA e LIR\u00cb - Arkivi\",\"url\":\"https:\\\/\\\/fjala.info\\\/2009-2015\\\/\",\"logo\":{\"@type\":\"ImageObject\",\"inLanguage\":\"sq-AL\",\"@id\":\"https:\\\/\\\/fjala.info\\\/2009-2015\\\/#\\\/schema\\\/logo\\\/image\\\/\",\"url\":\"\",\"contentUrl\":\"\",\"caption\":\"FjALA e LIR\u00cb - Arkivi\"},\"image\":{\"@id\":\"https:\\\/\\\/fjala.info\\\/2009-2015\\\/#\\\/schema\\\/logo\\\/image\\\/\"}},{\"@type\":\"Person\",\"@id\":\"https:\\\/\\\/fjala.info\\\/2009-2015\\\/#\\\/schema\\\/person\\\/3aa1163ef05469c496fc94e77611ada2\",\"name\":\"admin\",\"image\":{\"@type\":\"ImageObject\",\"inLanguage\":\"sq-AL\",\"@id\":\"https:\\\/\\\/fjala.info\\\/2009-2015\\\/wp-content\\\/uploads\\\/2012\\\/02\\\/arben_cokaj-120x150.jpg\",\"url\":\"https:\\\/\\\/fjala.info\\\/2009-2015\\\/wp-content\\\/uploads\\\/2012\\\/02\\\/arben_cokaj-120x150.jpg\",\"contentUrl\":\"https:\\\/\\\/fjala.info\\\/2009-2015\\\/wp-content\\\/uploads\\\/2012\\\/02\\\/arben_cokaj-120x150.jpg\",\"caption\":\"admin\"},\"description\":\"Admin, Fjala e Lir\u00eb\",\"sameAs\":[\"https:\\\/\\\/fjala.info\\\/\"],\"url\":\"https:\\\/\\\/fjala.info\\\/2009-2015\\\/author\\\/admin\\\/\"}]}<\/script>\n<!-- \/ Yoast SEO plugin. -->","yoast_head_json":{"title":"Dibra n\u00eb koh\u00ebn e Migjenit apo n\u00eb mosh\u00ebn e internetit? - FjALA e LIR\u00cb - Arkivi","robots":{"index":"index","follow":"follow","max-snippet":"max-snippet:-1","max-image-preview":"max-image-preview:large","max-video-preview":"max-video-preview:-1"},"canonical":"https:\/\/fjala.info\/2009-2015\/dibra-ne-kohen-e-migjenit-apo-ne-moshen-e-internetit\/","og_locale":"sq_AL","og_type":"article","og_title":"Dibra n\u00eb koh\u00ebn e Migjenit apo n\u00eb mosh\u00ebn e internetit? - FjALA e LIR\u00cb - Arkivi","og_description":"Ulsi Manja, 03.08.2010 T\u00eb shkosh dhe t\u00eb ik\u00ebsh i p\u00ebrlotur nga vendlindja do t\u00eb thot\u00eb se ke mall p\u00ebr vendlindjen, por t\u00eb shkosh dhe t\u00eb ik\u00ebsh duke vajtuar, do t\u00eb thot\u00eb se ndjen dhimbje dhe breng\u00eb p\u00ebr vendlindjen t\u00ebnde. Kam p\u00ebrshtypjen se kjo i ndodh \u00e7do dibrani q\u00eb mer rrug\u00ebn p\u00ebr t\u00eb shkuar n\u00eb Dib\u00ebr [&hellip;]","og_url":"https:\/\/fjala.info\/2009-2015\/dibra-ne-kohen-e-migjenit-apo-ne-moshen-e-internetit\/","og_site_name":"FjALA e LIR\u00cb - Arkivi","article_published_time":"2010-08-03T09:48:21+00:00","og_image":[{"url":"http:\/\/fjala.shkoder.net\/wp-content\/uploads\/2010\/08\/dibra-300x172.jpg","type":"","width":"","height":""}],"author":"admin","twitter_card":"summary_large_image","twitter_misc":{"Written by":"admin","Est. reading time":"16 minutes"},"schema":{"@context":"https:\/\/schema.org","@graph":[{"@type":"Article","@id":"https:\/\/fjala.info\/2009-2015\/dibra-ne-kohen-e-migjenit-apo-ne-moshen-e-internetit\/#article","isPartOf":{"@id":"https:\/\/fjala.info\/2009-2015\/dibra-ne-kohen-e-migjenit-apo-ne-moshen-e-internetit\/"},"author":{"name":"admin","@id":"https:\/\/fjala.info\/2009-2015\/#\/schema\/person\/3aa1163ef05469c496fc94e77611ada2"},"headline":"Dibra n\u00eb koh\u00ebn e Migjenit apo n\u00eb mosh\u00ebn e internetit?","datePublished":"2010-08-03T09:48:21+00:00","mainEntityOfPage":{"@id":"https:\/\/fjala.info\/2009-2015\/dibra-ne-kohen-e-migjenit-apo-ne-moshen-e-internetit\/"},"wordCount":3141,"commentCount":0,"publisher":{"@id":"https:\/\/fjala.info\/2009-2015\/#organization"},"image":{"@id":"https:\/\/fjala.info\/2009-2015\/dibra-ne-kohen-e-migjenit-apo-ne-moshen-e-internetit\/#primaryimage"},"thumbnailUrl":"http:\/\/fjala.shkoder.net\/wp-content\/uploads\/2010\/08\/dibra-300x172.jpg","articleSection":["Artikuj"],"inLanguage":"sq-AL","potentialAction":[{"@type":"CommentAction","name":"Comment","target":["https:\/\/fjala.info\/2009-2015\/dibra-ne-kohen-e-migjenit-apo-ne-moshen-e-internetit\/#respond"]}]},{"@type":"WebPage","@id":"https:\/\/fjala.info\/2009-2015\/dibra-ne-kohen-e-migjenit-apo-ne-moshen-e-internetit\/","url":"https:\/\/fjala.info\/2009-2015\/dibra-ne-kohen-e-migjenit-apo-ne-moshen-e-internetit\/","name":"Dibra n\u00eb koh\u00ebn e Migjenit apo n\u00eb mosh\u00ebn e internetit? - FjALA e LIR\u00cb - Arkivi","isPartOf":{"@id":"https:\/\/fjala.info\/2009-2015\/#website"},"primaryImageOfPage":{"@id":"https:\/\/fjala.info\/2009-2015\/dibra-ne-kohen-e-migjenit-apo-ne-moshen-e-internetit\/#primaryimage"},"image":{"@id":"https:\/\/fjala.info\/2009-2015\/dibra-ne-kohen-e-migjenit-apo-ne-moshen-e-internetit\/#primaryimage"},"thumbnailUrl":"http:\/\/fjala.shkoder.net\/wp-content\/uploads\/2010\/08\/dibra-300x172.jpg","datePublished":"2010-08-03T09:48:21+00:00","breadcrumb":{"@id":"https:\/\/fjala.info\/2009-2015\/dibra-ne-kohen-e-migjenit-apo-ne-moshen-e-internetit\/#breadcrumb"},"inLanguage":"sq-AL","potentialAction":[{"@type":"ReadAction","target":["https:\/\/fjala.info\/2009-2015\/dibra-ne-kohen-e-migjenit-apo-ne-moshen-e-internetit\/"]}]},{"@type":"ImageObject","inLanguage":"sq-AL","@id":"https:\/\/fjala.info\/2009-2015\/dibra-ne-kohen-e-migjenit-apo-ne-moshen-e-internetit\/#primaryimage","url":"http:\/\/fjala.shkoder.net\/wp-content\/uploads\/2010\/08\/dibra-300x172.jpg","contentUrl":"http:\/\/fjala.shkoder.net\/wp-content\/uploads\/2010\/08\/dibra-300x172.jpg"},{"@type":"BreadcrumbList","@id":"https:\/\/fjala.info\/2009-2015\/dibra-ne-kohen-e-migjenit-apo-ne-moshen-e-internetit\/#breadcrumb","itemListElement":[{"@type":"ListItem","position":1,"name":"Home","item":"https:\/\/fjala.info\/2009-2015\/"},{"@type":"ListItem","position":2,"name":"Dibra n\u00eb koh\u00ebn e Migjenit apo n\u00eb mosh\u00ebn e internetit?"}]},{"@type":"WebSite","@id":"https:\/\/fjala.info\/2009-2015\/#website","url":"https:\/\/fjala.info\/2009-2015\/","name":"FjALA e LIR\u00cb - Arkivi","description":"Arkivi 2009-2015","publisher":{"@id":"https:\/\/fjala.info\/2009-2015\/#organization"},"potentialAction":[{"@type":"SearchAction","target":{"@type":"EntryPoint","urlTemplate":"https:\/\/fjala.info\/2009-2015\/?s={search_term_string}"},"query-input":{"@type":"PropertyValueSpecification","valueRequired":true,"valueName":"search_term_string"}}],"inLanguage":"sq-AL"},{"@type":"Organization","@id":"https:\/\/fjala.info\/2009-2015\/#organization","name":"FjALA e LIR\u00cb - Arkivi","url":"https:\/\/fjala.info\/2009-2015\/","logo":{"@type":"ImageObject","inLanguage":"sq-AL","@id":"https:\/\/fjala.info\/2009-2015\/#\/schema\/logo\/image\/","url":"","contentUrl":"","caption":"FjALA e LIR\u00cb - Arkivi"},"image":{"@id":"https:\/\/fjala.info\/2009-2015\/#\/schema\/logo\/image\/"}},{"@type":"Person","@id":"https:\/\/fjala.info\/2009-2015\/#\/schema\/person\/3aa1163ef05469c496fc94e77611ada2","name":"admin","image":{"@type":"ImageObject","inLanguage":"sq-AL","@id":"https:\/\/fjala.info\/2009-2015\/wp-content\/uploads\/2012\/02\/arben_cokaj-120x150.jpg","url":"https:\/\/fjala.info\/2009-2015\/wp-content\/uploads\/2012\/02\/arben_cokaj-120x150.jpg","contentUrl":"https:\/\/fjala.info\/2009-2015\/wp-content\/uploads\/2012\/02\/arben_cokaj-120x150.jpg","caption":"admin"},"description":"Admin, Fjala e Lir\u00eb","sameAs":["https:\/\/fjala.info\/"],"url":"https:\/\/fjala.info\/2009-2015\/author\/admin\/"}]}},"_links":{"self":[{"href":"https:\/\/fjala.info\/2009-2015\/wp-json\/wp\/v2\/posts\/3613","targetHints":{"allow":["GET"]}}],"collection":[{"href":"https:\/\/fjala.info\/2009-2015\/wp-json\/wp\/v2\/posts"}],"about":[{"href":"https:\/\/fjala.info\/2009-2015\/wp-json\/wp\/v2\/types\/post"}],"author":[{"embeddable":true,"href":"https:\/\/fjala.info\/2009-2015\/wp-json\/wp\/v2\/users\/1"}],"replies":[{"embeddable":true,"href":"https:\/\/fjala.info\/2009-2015\/wp-json\/wp\/v2\/comments?post=3613"}],"version-history":[{"count":0,"href":"https:\/\/fjala.info\/2009-2015\/wp-json\/wp\/v2\/posts\/3613\/revisions"}],"wp:attachment":[{"href":"https:\/\/fjala.info\/2009-2015\/wp-json\/wp\/v2\/media?parent=3613"}],"wp:term":[{"taxonomy":"category","embeddable":true,"href":"https:\/\/fjala.info\/2009-2015\/wp-json\/wp\/v2\/categories?post=3613"},{"taxonomy":"post_tag","embeddable":true,"href":"https:\/\/fjala.info\/2009-2015\/wp-json\/wp\/v2\/tags?post=3613"}],"curies":[{"name":"wp","href":"https:\/\/api.w.org\/{rel}","templated":true}]}}