{"id":355,"date":"2011-11-27T09:51:36","date_gmt":"2011-11-27T08:51:36","guid":{"rendered":"http:\/\/fjala.shkoder.net\/?p=355"},"modified":"2011-11-27T09:51:36","modified_gmt":"2011-11-27T08:51:36","slug":"italia-dhe-shqiperia-nje-fat-i-perbashket-dhe-dy-rilindje-te-bashkekoheshme","status":"publish","type":"post","link":"https:\/\/fjala.info\/2009-2015\/italia-dhe-shqiperia-nje-fat-i-perbashket-dhe-dy-rilindje-te-bashkekoheshme\/","title":{"rendered":"Italia dhe Shqip\u00ebria : nj\u00eb fat i p\u00ebrbashk\u00ebt dhe dy rilindje t\u00eb bashk\u00ebkoh\u00ebshme"},"content":{"rendered":"<p><img decoding=\"async\" class=\"alignright size-thumbnail wp-image-7236\" title=\"Arjan Th. Kall\u00e7o\" src=\"http:\/\/www.shkoder.net\/images\/fjala\/2011\/arjan_kallco.jpg\" alt=\"\" width=\"150\" \/><br \/>\n(<em>Konferenc\u00eb e prof. Emilio Benvenutos n\u00eb Universitetin Fan S. Noli, Kor\u00e7\u00eb<\/em>)<\/p>\n<p>Mendova se Festat tona t\u00eb 28-29 n\u00ebntorit jan\u00eb momenti m\u00eb i duhur p\u00ebr t\u00eb sjell\u00eb k\u00ebt\u00eb kumtes\u00eb t\u00eb akademikut italian Benvenuto n\u00eb k\u00ebt\u00eb p\u00ebrvjetor t\u00eb Bashkimit t\u00eb Italis\u00eb, por edhe t\u00eb Pavar\u00ebsis\u00eb son\u00eb komb\u00ebtare, ashtu si\u00e7 ishte edhe tema e konferenc\u00ebs q\u00eb ai mbajti n\u00eb universitetin ton\u00eb. Duke q\u00ebn\u00eb nj\u00eb njoh\u00ebs dhe studiues i mir\u00eb i historis\u00eb s\u00eb arb\u00ebresh\u00ebve, ai sjell me fakte pik\u00ebrisht kontributin e madh t\u00eb tyre midis dy brigjeve, Italis\u00eb dhe Atdheut m\u00ebm\u00eb. Historia nuk \u00ebsht\u00eb kurr\u00eb haraqe e pashpirt e ngjarjeve m\u00eb t\u00eb r\u00ebnd\u00ebsishme t\u00eb nj\u00eb kombi, as plangprish\u00ebse e tyre, por \u00ebsht\u00eb nj\u00eb thirrje p\u00ebr nd\u00ebrgjegje dhe p\u00ebr zgjim, pasi fati yn\u00eb \u00ebsht\u00eb kurdoher\u00eb i lidhur me fatin e popujve t\u00eb tjer\u00eb, e atyre q\u00eb n\u00eb shekuj pat\u00ebn d\u00ebshir\u00ebn dhe guximin q\u00eb t\u00eb na bujtnin n\u00eb vendin e vet, kur tek ne frynin furtunat tona t\u00eb hsitoris\u00eb.<\/p>\n<p>T\u00eb nderuar pjes\u00ebmarr\u00ebs,<br \/>\nkjo konferenc\u00eb \u00ebsht\u00eb m\u00eb shum\u00eb se nj\u00eb fest\u00eb, se nj\u00eb p\u00ebrvjetor. Ne kremtojm\u00eb p\u00ebrvjetoret e dy vendeve tona, e dy brigjeve tona q\u00eb ndahen nga nj\u00eb det, por q\u00eb kan\u00eb q\u00ebn\u00eb m\u00eb af\u00ebr se kurr\u00eb n\u00eb histori. Komuniteti arb\u00ebresh n\u00eb Itali, ose Komuniteti i shqiptar\u00ebve t\u00eb Italis\u00eb p\u00ebrfshin 51 komuna q\u00eb nj\u00eb fat i p\u00ebrbashk\u00ebt i lidhi pazgjidhm\u00ebsisht me at\u00eb t\u00eb qyteteve italishfol\u00ebse dhe ndonj\u00ebher\u00eb edhe joamtare t\u00eb vendosura n\u00eb nj\u00eb radh\u00eb t\u00eb pand\u00ebrprer\u00eb nga Abrucoja n\u00eb Si\u00e7ili. Ja disa prej tyre :<\/p>\n<p>\u2022 K\u00e8marini, Monxhfuni, Portkanuni e Ruri n\u00eb Kampobasso!<br \/>\n\u2022 Carafa, Karfici, Puh\u00e8riu, Sh\u00e8n Kolli e Vina n\u00eb Katanxaro!<br \/>\n\u2022 Cervikati, Qifti, Ejanina, Fallkunara, Farneta, Ferma, Firmoza, Kajverici, Kasternexhi, Maqi, Marri, Mungrasana, Qana, Sh\u00ebn Benediti, Sh\u00ebn Japku, Sh\u00ebn Mitri. Sh\u00ebn Murtiri. Sh\u00ebn Sofia, Sh\u00ebn Vasili, Ungra e Vakarici n\u00eb Kozenca!<br \/>\n\u2022 Kazalveqi e Qefti n\u00eb Foxha!<br \/>\n\u2022 Hora e Arb\u00ebresh\u00ebvet, Kundisa, Munxifsi, Pallaci e S\u00e8ndahstina n\u00eb Palermo!<br \/>\nKan\u00eb kaluar 311 vjet, plot me ngjarje midis shp\u00ebrnguljeve historike nga e para (1448) tek e fundit (1759) t\u00eb shqiptar\u00ebve n\u00eb Itali. N\u00eb atdheun e ri dalin dokumentat m\u00eb t\u00eb vjetra letrare shqiptare dhe mbajn\u00eb emrin e Matrang\u00ebs, Budit, Bogdanit \u2013 q\u00eb \u00ebsht\u00eb autor edhe i nj\u00eb krijimi (ode) q\u00eb p\u00ebrmbante shpres\u00ebn e nj\u00eb Shqip\u00ebrie t\u00eb ardhshme t\u00eb pavarur, t\u00eb lir\u00eb nga shtypja turke. N\u00eb shekullin e 17-t\u00eb Kisha katolike, p\u00ebr shkak t\u00eb num\u00ebrit t\u00eb madh t\u00eb italo-shqiptar\u00ebve, themeloi nj\u00eb Kolegj fetar shqiptar n\u00eb Rom\u00eb p\u00ebr formimin e klerit lokal, si dhe nj\u00eb dioqez\u00eb me rit lindor p\u00ebr komunitetet shqiptare me seli n\u00eb Sh\u00ebn Benedet Ullano (1794), q\u00eb m\u00eb pas u transferua n\u00eb at\u00eb t\u00eb Sh\u00ebn Dhimitrit. T\u00eb nj\u00ebjtin vendim e mori edhe Si\u00e7ilia p\u00ebr komunitetin arb\u00ebresh me krijimin e nj\u00eb dioqeze t\u00eb ritit lindor n\u00eb Piana degli albanesi, dioqeza q\u00eb ekzistojn\u00eb ende sot.<\/p>\n<p>Ky shekull p\u00ebr t\u00eb cilin flasim nxori poet\u00eb shqiptar\u00eb me ndikim turk si Berati, Cami, vazhdon t\u00eb regjistroj\u00eb poet\u00eb t\u00eb mir\u00eb italo-shqiptar\u00eb t\u00eb lidhur me tradit\u00ebn fetare kristiane : Brankato, Filia q\u00eb ishte famulltar i Qeftit, Bar\u00e7a, bashk\u00ebkoh\u00ebs i tij, t\u00eb gjith\u00eb si\u00e7ilian\u00eb, por lirika shqiptare e mori pag\u00ebzimin e vet n\u00eb Rom\u00eb n\u00eb vitin 1762 ku u botuan poemat Jeta e Virgj\u00ebresh\u00ebs dhe Jeta e Jezusit t\u00eb priftit kozentinas Varitoba.<\/p>\n<p>Komunitetet italo-shqiptare sot jan\u00eb 51 qyteza, num\u00ebronin at\u00ebher\u00eb rreth nj\u00eb qind fshatra. T\u00eb formuara nga l\u00ebvizjet dhe t\u00eb p\u00ebrhapura n\u00eb t\u00eb gjith\u00eb territorin e Dy Si\u00e7ilive, ishin q\u00eb nga lindja ishuj t\u00eb v\u00ebrtet\u00eb gjuh\u00ebsor\u00eb, por iu lejua dhe i ruajt\u00ebn kontaktet mes tyre, me atdheun m\u00ebm\u00eb dhe Greqin\u00eb shqpifol\u00ebse nga e cila vazhduan t\u00eb mb\u00ebrrinin deri n\u00eb vitin 1744 grupe emigrant\u00ebsh, m\u00eb i fundit ai i Bades\u00ebs n\u00eb Peskara. Ishin t\u00eb mbrojtur nga privilegje q\u00eb u lejonin autonomin\u00eb administrative, fetare edhe pse t\u00eb ritit grek, bile dhe at\u00eb ushtarake, k\u00ebshtu q\u00eb komunitetet italo-shqiptare t\u00eb pajisura secila me Bashkin\u00eb e vet, shp\u00ebtuan n\u00eb shekuj gjuh\u00ebn e tyre, e vetmja e mbijetuar e grupit trako-ilir, e paklasifikueshme, baras me greqishten, n\u00eb asnj\u00eb prej familjeve gjuh\u00ebsore indoeuropiane, n\u00eb ve\u00e7antin\u00eb dhe past\u00ebrtin\u00eb e vet, kultur\u00ebn e tyre t\u00eb lasht\u00eb, t\u00eb drejt\u00ebn zakonore, zakonet e tyre t\u00eb \u00e7muara. Ruajt\u00ebn gjithashtu edhe lidhjet sentimentale me tok\u00ebn e prejardhjes.<\/p>\n<p>Mund t\u00eb themi se jugu i Italis\u00eb ka q\u00ebn\u00eb p\u00ebr nj\u00eb periudh\u00eb t\u00eb caktuar, Atdheu kulturor i popullit shqiptar. Vat\u00ebr e ideve fisnike, lulishte njer\u00ebzore e kavalier\u00ebve t\u00eb fort\u00eb t\u00eb liris\u00eb dhe drejt\u00ebsis\u00eb ishte Kolegji italo-shqiptar i Sh\u00ebn Mitrit t\u00eb Koron\u00ebs, t\u00eb cilit n\u00eb shenj\u00eb falenderimi p\u00ebr sh\u00ebrbimet q\u00eb iu b\u00ebn\u00eb Italis\u00eb nga shqiptar\u00ebt, Garibaldi, Diktatori napoletan, i akordoi 60 mij\u00eb skude.<br \/>\nMikele Moreli martiri i par\u00eb i Bashkimit t\u00eb Italis\u00eb, me revolt\u00ebn e tij antiborbone, flet duksh\u00ebm p\u00ebr t\u00eb gjith\u00eb italo-shqiptar\u00ebt, si p\u00ebr t\u00eb gjitha sakrificat e atyre p\u00ebr kauz\u00ebn e rilindjes nga nj\u00eb tregues i qart\u00eb, nj\u00eb fshat shqipfol\u00ebs prej 1500 frym\u00eb q\u00eb d\u00ebrgoi 300 burra ose 20% t\u00eb popullsis\u00eb, n\u00ebn drejtimin e gjeneral Gribaldit.<br \/>\nN\u00eb rrethimin e Gaet\u00ebs, vullnetar\u00ebt kalabrez\u00eb t\u00eb komanduar prej Pa\u00e7es, t\u00eb kapur papritur dhe n\u00eb befasi nga garnizoni borbon, po iknin t\u00eb terrorizuar dhe do t\u00eb kishte patur pasoja t\u00eb r\u00ebnda p\u00ebr rrethimin, sikur 23 t\u00eb rinj shqiptar\u00eb t\u00eb Sh\u00ebn Mitrit t\u00eb mos ishin p\u00ebrleshur me armikun dhe t\u2019u kishin dh\u00ebn\u00eb koh\u00eb q\u00eb t\u00eb rioganizoheshin.<\/p>\n<p>Nd\u00ebrkoh\u00eb komunitetet shqiptare t\u00eb Italis\u00eb, duke mos harruar detyrimet q\u00eb e lidhnin me Italin\u00eb, nuk e harruan p\u00ebr asnj\u00eb \u00e7ast atdheun e tyre t\u00eb origjin\u00ebs, me t\u00eb cilin nuk rresht\u00ebn s\u00eb komunikuari. N\u00eb fakt botime t\u00eb shumta n\u00eb italisht dhe shqip, kongrese dhe tubime, protesta t\u00eb fuqishme n\u00eb mbrojtje t\u00eb atdheut, afirmojn\u00eb vazhdimisht lidhjet e gjakut dhe besimit n\u00eb fatin e mbrapsht\u00eb t\u00eb Shqip\u00ebris\u00eb.<br \/>\nKan\u00eb kaluar shum\u00eb shekuj qysh kur Shqip\u00ebria ishte n\u00ebn Turqin\u00eb, megjithat\u00eb t\u00eb m\u00ebrguarit dhe refugjat\u00ebt e vuajt\u00ebn gjithmon\u00eb nostalgjin\u00eb q\u00eb e shfaqnin n\u00eb veprimet m\u00eb t\u00eb vogla t\u00eb jet\u00ebs, ishin krenar\u00eb p\u00ebr atdheun e tyre dhe q\u00eb ende e ruajn\u00eb kultin e tij, q\u00eb disave u duket fanatik, por q\u00eb nuk e p\u00ebrjashton simpatin\u00eb e shum\u00eb njer\u00ebzve q\u00eb pat\u00ebn fatin q\u00eb t\u00eb mos i err\u00ebsonin ndjenjat e shenjta me t\u00eb cilat e nderonin atdheun.<br \/>\nShqiptari i Italis\u00eb flet p\u00ebr tok\u00ebn e vet p\u00ebrtej detit me keqardhje : i p\u00ebrulet Italis\u00eb, toka mikprit\u00ebse e steh\u00ebs s\u00eb prind\u00ebrve t\u00eb vet dhe \u00ebsht\u00eb gati t\u00eb p\u00ebrs\u00ebrit\u00eb sakrificat p\u00ebr t\u00eb, si p\u00ebr \u00e7do kauz\u00eb t\u00eb drejt\u00eb, por n\u00ebse e pyesin p\u00ebr komb\u00ebsin\u00eb, p\u00ebrgjigjet krenar : Un\u00eb jam arb\u00ebresh, me krenari jo m\u00eb t\u00eb vog\u00ebl me t\u00eb cil\u00ebn nj\u00eb roman do t\u00eb thoshte : Jam qytetar i Rom\u00ebs!<br \/>\nArb\u00ebresh do t\u00eb thot\u00eb Shqiptari i Italis\u00eb dhe me Italin\u00eb g\u00ebrshetohen zhvillimet e historis\u00eb s\u00eb Shqip\u00ebris\u00eb s\u00eb lir\u00eb. Varitoba \u00ebsht\u00eb krjuesi i poezis\u00eb moderne shqiptare dhe pararend\u00ebsi i menj\u00ebhersh\u00ebm i t\u00eb ashtuquajturave Tre kurorat e poezis\u00eb shqiptare De Rada, Fishta dhe Naim Frash\u00ebri. Poezia shpreh me ta nj\u00eb ndikim t\u00eb r\u00ebnd\u00ebsis\u00eb s\u00eb madhe : fenomen befasues q\u00eb p\u00ebrs\u00ebritet gjithmon\u00eb n\u00eb historin\u00eb e popujve.<\/p>\n<p>\u00cbsht\u00eb nj\u00eb lul\u00ebzim i k\u00ebng\u00ebve popullore q\u00eb transmetohen nga brezi n\u00eb brez dhe q\u00eb vet\u00ebm von\u00eb n\u00eb shekullin e XIX u mbodh\u00ebn dhe u botuan. Populli i k\u00ebndon, nostalgjik, vendit q\u00eb nuk mund ta shoh\u00eb m\u00eb, b\u00ebmave t\u00eb heroit komb\u00ebtar, forc\u00ebs, kurajos dhe ndjenj\u00ebs kavalereske t\u00eb prejardhjes. Mund t\u00eb p\u00ebrmendim dy poet\u00eb t\u00eb m\u00ebdhenj si De Rad\u00ebn dhe Skiroin. N\u00eb vitin 1836 n\u00eb koh\u00ebt krejt\u00ebsisht t\u00eb err\u00ebta dhe kur dukej marr\u00ebzi t\u00eb shpresoje, i pari ende 22 vje\u00e7ar i shpalos Europ\u00ebs, Milosaon, thirrjen e injoruar t\u00eb popullit shqiptar dhe vazhdon m\u00eb pas pand\u00ebrprerje, gjat\u00eb gjith\u00eb jet\u00ebs, q\u00eb t\u00eb ekzaltoj\u00eb memoriet e lashta dhe t\u2019i nxit\u00eb bashk\u00ebkombasit e vet q\u00eb t\u00eb kontribuojn\u00eb n\u00eb rilindjen e vendit t\u00eb t\u00eb par\u00ebve, duke profetizuar ringjalljen.<\/p>\n<p>Tek De Rada q\u00eb filloi qysh i ri t\u00eb mblidhte k\u00ebng\u00ebt popullore, milicia ishte e lidhur me at\u00eb politike, gjejm\u00eb, n\u00eb t\u00eb nj\u00ebjt\u00ebn koh\u00eb, p\u00ebrkrah\u00ebsin e Rilindjes komb\u00ebtare italiane dhe shqiptare. Rievokon n\u00eb nj\u00eb poem\u00eb t\u00eb njohur t\u00eb tij, Sk\u00ebnderbegu i pafat, figur\u00ebn e heroit popullor shqiptar dhe n\u00eb vitin 1848 filloi t\u00eb botonte n\u00eb Napoli gazet\u00ebn politike Shqiptari i Italis\u00eb n\u00eb faqet e s\u00eb cil\u00ebs u edukua nj\u00eb brez i t\u00ebr\u00eb patriot\u00ebsh italo-shqiptar\u00eb. (vazhdon)<\/p>\n<p>Agesilao Milano, i biri i nj\u00eb shqiptari lindur n\u00eb Sh\u00ebn Benediktin Ullano n\u00eb Kozenca, i rritur n\u00eb kolegjin e Sh\u00ebn Mitrit Korone me kultin e liris\u00eb dhe revolucionit, u b\u00eb ushtar nga varf\u00ebria dhe konspirator me zgjedhje. N\u00eb kontakt me macinian\u00eb t\u00eb zjarrt\u00eb, thurr heqjen qafe t\u00eb tiranit, duke e goditur n\u00eb drit\u00ebn e diellit dhe duke siguruar k\u00ebshtu nj\u00eb vdekje t\u00eb lavdishme si pasardh\u00ebs i Sk\u00ebnderbeut. N\u00eb dit\u00ebn kur kremtohet Zonja e pap\u00ebrlyer, 8 dhjetor, nd\u00ebrsa mbreti kalonte me kal\u00eb, ushtari shqiptar del nga radha dhe mundohet ta godas\u00eb mbertin Fredinando me bajonet\u00eb, por shp\u00ebtoi nga k\u00ebll\u00ebfi i pistolet\u00ebs.<\/p>\n<p>N\u00eb tentativ\u00ebn e dyt\u00eb u bllokua nga rojet e mbretit dhe u arrestua. Ushtari nuk i pranoi akuzat e s\u00ebmundjes mendore, duke pohuar se e kishte planifikuar koh\u00eb m\u00eb par\u00eb k\u00ebt\u00eb vrasje. U d\u00ebnua me vdekje dhe e var\u00ebn m\u00eb dat\u00ebn 13 dhjetor.<br \/>\nRilindja italiane nga viti 1794-1861, duke patur edhe kontributin e gjer\u00eb t\u00eb italo-shqiptar\u00ebve, u shnd\u00ebrrua edhe n\u00eb rilindje politike shqiptare dhe Skiroi n\u00eb mbyllje t\u00eb poem\u00ebs s\u00eb tij Dheu i huaj, profetizoi ringjalljen e Shqip\u00ebris\u00eb me ndihm\u00ebn e Italis\u00eb s\u00eb rilindur.<br \/>\nFran\u00e7esko Krispi, revolucionar, garibaldin, dhe kryeminist\u00ebr i fuqish\u00ebm i Mbret\u00ebris\u00eb s\u00eb Italis\u00eb, ishte nj\u00eb shqiptar nga Si\u00e7ilia.<br \/>\nLuigj Gurakuqi q\u00eb n\u00eb vitin 1912 kishte marr\u00eb pjes\u00eb n\u00eb ngritjen e flamurit n\u00eb Vlor\u00eb, kishte studiuar n\u00eb Shkod\u00ebr, n\u00eb liceun Sh\u00ebn Mitri dhe Universitetin e Napolit, q\u00eb konsideroheshin qendrat m\u00eb t\u00eb m\u00ebdha t\u00eb studimeve shqiptare.<br \/>\nBashk\u00eb me kujtimet dhe traditat e gjalla, italo-shqiptar\u00ebt ruajn\u00eb t\u00eb gjall\u00eb dhe p\u00ebrpiqen t\u00eb arrijn\u00eb n\u00eb format e shk\u00eblqyera letrare gjuh\u00ebn e t\u00eb par\u00ebve, sepse v\u00ebllez\u00ebrit e tyre n\u00eb Shqip\u00ebri n\u00ebn zgjedh\u00ebn otomane nuk mund ta kultivonin lirsh\u00ebm p\u00ebr shkak t\u00eb politik\u00ebs shtyp\u00ebse t\u00eb turqve.<br \/>\nN\u00eb mbret\u00ebrin\u00eb e dy Si\u00e7ilive jan\u00eb dy istitute q\u00eb funksionuan si qendra p\u00ebr mbledhjen dhe p\u00ebrhapjen e kultur\u00ebs shqiptare. Kolegji italo-shqiptar i Sh\u00ebn Adrianit n\u00eb Sh\u00ebn Mitri Korone u themelua me nism\u00ebn e Stefan Rodotas\u00eb dhe u miratua me vul\u00ebn e Klementit t\u00eb XII n\u00eb vitin 1732 q\u00eb m\u00eb vn\u00eb u mb\u00ebshtet edhe nga Garibaldi si konsiderat\u00eb e sh\u00ebrbimeve ndaj \u00e7\u00ebshtjes komb\u00ebtare prej shqiptar\u00ebve trima dhe bujar\u00eb, nxori k\u00ebt\u00eb dekret n\u00eb vitin 1860 : \u201cPas p\u00ebrfundimit t\u00eb nevojave t\u00eb k\u00ebsaj lufte dhe pasi t\u00eb krijohet Italia me Viktor Emanuelin, Thesari i shtetit t\u00eb Napolit duhet t\u2019i jap\u00eb menj\u00ebher\u00eb shum\u00ebn 12 mij\u00eb dukate p\u00ebr zgjerimin e kolegjit t\u00eb sh\u00ebn Adrianit. Un\u00eb e vendos k\u00ebt\u00eb zbatim t\u00eb k\u00ebtij dekreti n\u00ebn garancin\u00eb e Vendit dhe t\u00eb Sovranit t\u00eb madh\u201d.<br \/>\nEdhe m\u00eb pas n\u00eb at\u00eb kolegj ku shkonin t\u00eb studionin t\u00eb rinj nga Shqip\u00ebria, si dhe p\u00ebr shum\u00eb \u00e7\u00ebshtje shqiptare, u interesua Qeveria italiane, ministri i s\u00eb cil\u00ebs mik i Macinit, ishte rekomanduar nga Krispi n\u00eb vitin 1881, gati 20 vjet pas Bashkimit t\u00eb vendit, q\u00eb ta zgjidhnin n\u00eb Dhom\u00ebn e deputet\u00ebve si p\u00ebrfaq\u00ebsuesin e tyre politk.<\/p>\n<p>Antonio Gaxeta ndihmoi n\u00eb themelimin e nj\u00eb qendre kulturore shqiptare, nj\u00eb seminar italo-shqiptar q\u00eb u quajt Seminari grek i Palermos, p\u00ebr shkak t\u00eb ritit grek q\u00eb praktikohej, ku studioi edhe vet\u00eb Krispi, i cili e vizitoi m\u00eb von\u00eb n\u00eb vitin 1898 dhe u tha nx\u00ebn\u00ebsve q\u00eb ta studiojn\u00eb n\u00eb menyr\u00eb t\u00eb ve\u00e7ant\u00eb gjuh\u00ebn dhe let\u00ebrsin\u00eb shqipe, duke shprehur shpres\u00ebn p\u00ebr nj\u00eb ringjallje t\u00eb Shqip\u00ebris\u00eb.<br \/>\nN\u00eb vigjilje t\u00eb Luftrave ballkanike 1912-13, shum\u00eb t\u00eb nd\u00ebrgjegjsh\u00ebm p\u00ebr r\u00ebnd\u00ebsin\u00eb e nj\u00eb gjuhe p\u00ebr shp\u00ebtimin e kombit, italo-shqiptar\u00ebt n\u00ebn udh\u00ebheqjen e De Rad\u00ebs, mbajt\u00ebn dy kongrese gjuh\u00ebsore shqiptare me r\u00ebnd\u00ebsi t\u00eb madhe : i pari n\u00eb Koriliano kalabro 1895 dhe i dyti n\u00eb Ungra-Lungro n\u00eb vitin 1897. Me rastin e kongresit t\u00eb par\u00eb, si kryetar nderi i Kongresit, krispi shkruan telegramin : Ju uroj q\u00eb thirr\u00ebt kongresin dhe ju jam mir\u00ebnjoh\u00ebs p\u00ebr nderin. Shqip\u00ebtar me gjak dhe zem\u00ebr, m\u00eb p\u00eblqen kjo nism\u00eb q\u00eb shpresoj t\u00eb jet\u00eb e dobishme p\u00ebr historin\u00eb e qytet\u00ebrimit shqiptar dhe rritjes s\u00eb let\u00ebrsis\u00eb.<\/p>\n<p>Kongresi vendosi formimin e nj\u00eb Shoq\u00ebrie Komb\u00ebtare Shqiptare, s\u00eb cil\u00ebs i dha detyr\u00ebn q\u00eb t\u00eb merrte masa p\u00ebr nj\u00eb alfabet t\u00eb vet\u00ebm, p\u00ebr krijimin e nj\u00eb fjalori dhe nj\u00eb reviste italo-shqiptare p\u00ebr fillim marr\u00ebdh\u00ebniesh me atdheun m\u00ebm\u00eb. U vendos edhe krijimi i gazet\u00ebs Kombi shqiptar. Pas kongresit t\u00eb dyt\u00eb gjuh\u00ebsor u krijua n\u00eb Rom\u00eb, n\u00eb prill t\u00eb vitit 1900 nj\u00eb Komitet komb\u00ebtar shqiptar, i cili n\u00eb rendin e dit\u00ebs k\u00ebmb\u00ebnguli p\u00ebr nevoj\u00ebn e intensifikimit t\u00eb studime gjuh\u00ebsore komb\u00ebtare. Nj\u00eb komitet i till\u00eb u krijua edhe n\u00eb Palermo n\u00eb vitin 1902.<br \/>\nN\u00eb nj\u00eb mesazh n\u00eb prill t\u00eb vitit 1896 u kujtonin v\u00ebllez\u00ebrve shqiptar\u00eb n\u00eb Shqip\u00ebri dhe flisnin p\u00ebr trajtimin vllaz\u00ebror q\u00eb pan\u00eb shqiptar\u00ebt n\u00eb Jug t\u00eb Italis\u00eb pas pushtimit turk t\u00eb atdheut. Nj\u00eb vit m\u00eb von\u00eb e nj\u00ebjta shoqat\u00eb i bashkonte protesta e veta me v\u00ebllez\u00ebrit e bregut tjet\u00ebr kund\u00ebr aspiratave greke q\u00eb ta merrnin gjith\u00eb Epirin dhe dol\u00ebn kund\u00ebr Austro-Hungaris\u00eb, Bullgaris\u00eb dhe S\u00ebrbis\u00eb q\u00eb deshin t\u2019i ndanin tokat tona. N\u00eb fjal\u00ebn e vet m\u00eb 3 maj 1900 Krispi thot\u00eb : Shqip\u00ebria nuk \u00ebsht\u00eb sllave, \u00ebsht\u00eb nj\u00eb komb q\u00eb ka nj\u00eb personalitet t\u00eb vetin, q\u00eb ka gjuh\u00ebn dhe zakonet e veta&#8230;Shqip\u00ebria i ka t\u00eb gjitha element\u00ebt p\u00ebr t\u00eb q\u00ebn\u00eb shtet autonom, vet\u00ebm q\u00eb t\u00eb mos e merrnin S\u00ebrbia dheBullgaria. Duke i dh\u00ebn\u00eb autonomin\u00eb qeveris\u00ebse, Europa do t\u00eb kryente vep\u00ebr qytet\u00ebrimi.<\/p>\n<p>P\u00ebrball\u00eb p\u00ebrpjekjeve t\u00eb vazhdueshme t\u00eb ndarjes s\u00eb vendit, ata b\u00ebn\u00eb sa kishin mund\u00ebsi, meq\u00eb kishin pesh\u00eb n\u00eb zgjedhje, q\u00eb Italia t\u2019i ndihmonte v\u00ebllez\u00ebrit e tyre n\u00eb konferenc\u00ebn e Fuqive t\u00eb m\u00ebdha europiane q\u00eb do t\u00eb vendosnin fatin e Atdheut t\u00eb Shqiponjave dhe t\u00eb kufijve : nj\u00eb territor q\u00eb p\u00ebrmbysjet ushtarake otomane kishin hapur dhe i pambrojtur nga pushtimet. N\u00eb nj\u00eb manifestim solemn p\u00ebr nj\u00eb Shqip\u00ebri t\u00eb madhe m\u00eb dat\u00ebn 27 janar 1913 mor\u00ebn pjes\u00eb n\u00eb Palermo jo vet\u00ebm italo-shqiptar\u00ebt dhe simpatizant\u00ebt e tyre, por ministra, sekretar\u00eb shteti, n\u00ebnsekretar\u00eb si p\u00ebrfaq\u00ebsues t\u00eb qeveris\u00eb, senator\u00eb t\u00eb Mbret\u00ebris\u00eb dhe deputet\u00eb t\u00eb Parlamentit, kryetari i Bashkis\u00eb s\u00eb Palermos, drejtues politik\u00eb dhe t\u00eb shoqatave, si dhe nj\u00eb mori e madhe njer\u00ebzish.<\/p>\n<p>Manifestimi doli me deklarat\u00ebn se duke marr\u00eb n\u00eb konsiderat\u00eb interesin e madh t\u00eb Italis\u00eb n\u00eb krijimin e nj\u00eb shteti t\u00eb fort\u00eb dhe t\u00eb q\u00ebndruesh\u00ebm shqiptar, duke marr\u00eb n\u00eb konsiderat\u00eb se Shqip\u00ebria e cop\u00ebzuar dhe zhveshur nga krahinat e veta m\u00eb pjellore, duke mos patur mund\u00ebsi q\u00eb t\u00eb zhvillohet ekonomikisht, t\u00eb progresoj\u00eb qytetarisht dhe duke mos patur mund\u00ebsi t\u00eb jet\u00eb e pavarur dhe e lir\u00eb nga \u00e7do nd\u00ebrhyrje e huaj, do t\u00eb ishte e pazonja q\u00eb t\u00eb ushtronte misionin e vet t\u00eb ekuilibrit n\u00eb Ballkan dhe Adriatik dhe kjo n\u00eb d\u00ebm t\u00eb madh p\u00ebr Italin\u00eb, u b\u00ebn thirrje Qeveris\u00eb italiane dhe Fuqive t\u00eb tjera t\u00eb m\u00ebdha t\u00eb njohin t\u00eb drejt\u00ebn e plot\u00eb q\u00eb shqiptar\u00ebt kan\u00eb mbi 4 ish vilajetet otomane, duke p\u00ebrcaktuar kufijt\u00eb e shtetit t\u00eb ri q\u00eb t\u2019u korrespondoj\u00eb q\u00ebllimeve m\u00eb t\u00eb larta&#8230;<br \/>\nDuke u b\u00ebr\u00eb arbitre mes Franc\u00ebs dhe Britanis\u00eb s\u00eb Madhe nga nj\u00ebra an\u00eb dhe Austro-Hungaris\u00eb dhe Gjermanis\u00eb nga ana tjet\u00ebr, z\u00ebri i saj nuk mund t\u00eb mos d\u00ebgjohej n\u00eb sken\u00ebn europiane : me Konferenc\u00ebn e Londr\u00ebs m\u00eb 1913 dhe Traktatin e Bukureshtit m\u00eb 10 gusht 1913, ku vendos p\u00ebrfundimisht se Shqip\u00ebria do t\u00eb ishte nj\u00eb shtet i pavarur dhe sovran, edhe pse me kufij q\u00eb nuk ishin t\u00eb natyrsh\u00ebm, as racional\u00eb.<br \/>\nGazetari i njohur Barnes shkruan : Ishte rezultat i nj\u00eb kompromisi midis Rusis\u00eb, kund\u00ebr krijimit t\u00eb nj\u00eb shteti t\u00eb ri, sepse d\u00ebshironte q\u00eb shqiptar\u00ebt t\u00eb asimiloheshin prej S\u00ebrb\u00ebve dhe ambicjeve Austro-Hungareze q\u00eb duke patur rivalitet me Rusin\u00eb p\u00ebr dominim n\u00eb Ballkan, kishte q\u00ebn\u00eb gjithmon\u00eb gati q\u00eb t\u00eb mb\u00ebshteste aspiratat e \u00e7do popullsie kund\u00ebr sllavizimit.<br \/>\nLordi Grey ishte mediator n\u00eb nj\u00eb situat\u00eb kaq t\u00eb nder\u00eb q\u00eb mund ta kishte p\u00ebrshpejuar m\u00eb leht\u00eb shp\u00ebrthimin e Luft\u00ebs s\u00eb Madhe. Ai u k\u00ebnaq me pun\u00ebn p\u00ebr nj\u00eb paqe t\u00eb p\u00ebrkoh\u00ebshme, por do t\u00eb kishte hedhur themelet e nj\u00eb paqe m\u00eb t\u00eb gjat\u00eb, n\u00ebse me k\u00ebshilltar\u00ebt e tij do t\u00eb kishte patur m\u00eb kurajo dhe nj\u00eb njohje m\u00eb t\u00eb mir\u00eb t\u00eb gjeografis\u00eb dhe etnografis\u00eb s\u00eb Ballkanit, pra t\u00eb problemit t\u00eb rregullimit t\u00eb kufijve.<br \/>\n\u201cLufta ishte nj\u00eb luft\u00eb n\u00eb ballkan, mes sllav\u00ebve dhe teuton\u00ebve, duke marr\u00eb pjes\u00eb kund\u00ebr Gjermanis\u00eb, nuk mund t\u00eb veprohej ndryshe, ne anglez\u00ebt duhet ta toleronim Rusin\u00eb dhe s\u00ebrbin\u00eb barbare. Si kund\u00ebrpesh\u00eb ndaj privilegjit q\u00eb t\u00eb luftonim n\u00eb krah t\u00eb Franc\u00ebs dhe Italis\u00eb t\u00eb qytet\u00ebruara\u201d.<br \/>\nRrjedha e historis\u00eb, m\u00eb pas, p\u00ebr fat t\u00eb keq, \u00ebsht\u00eb m\u00ebse e njohur.<\/p>\n<p><em>P\u00ebrktheu dhe p\u00ebrgatiti p\u00ebr botim <strong>Arjan Th. Kall\u00e7o<\/strong><\/em><\/p>\n","protected":false},"excerpt":{"rendered":"<p>(Konferenc\u00eb e prof. Emilio Benvenutos n\u00eb Universitetin Fan S. Noli, Kor\u00e7\u00eb) Mendova se Festat tona t\u00eb 28-29 n\u00ebntorit jan\u00eb momenti m\u00eb i duhur p\u00ebr t\u00eb sjell\u00eb k\u00ebt\u00eb kumtes\u00eb t\u00eb akademikut italian Benvenuto n\u00eb k\u00ebt\u00eb p\u00ebrvjetor t\u00eb Bashkimit t\u00eb Italis\u00eb, por edhe t\u00eb Pavar\u00ebsis\u00eb son\u00eb komb\u00ebtare, ashtu si\u00e7 ishte edhe tema e konferenc\u00ebs q\u00eb ai mbajti [&hellip;]<\/p>\n","protected":false},"author":1,"featured_media":0,"comment_status":"open","ping_status":"closed","sticky":false,"template":"","format":"standard","meta":{"footnotes":""},"categories":[2,4],"tags":[],"class_list":{"0":"post-355","1":"post","2":"type-post","3":"status-publish","4":"format-standard","6":"category-artikuj","7":"category-intervista"},"yoast_head":"<!-- This site is optimized with the Yoast SEO plugin v27.4 - https:\/\/yoast.com\/product\/yoast-seo-wordpress\/ -->\n<title>Italia dhe Shqip\u00ebria : nj\u00eb fat i p\u00ebrbashk\u00ebt dhe dy rilindje t\u00eb bashk\u00ebkoh\u00ebshme - FjALA e LIR\u00cb - Arkivi<\/title>\n<meta name=\"robots\" content=\"index, follow, max-snippet:-1, max-image-preview:large, max-video-preview:-1\" \/>\n<link rel=\"canonical\" href=\"https:\/\/fjala.info\/2009-2015\/italia-dhe-shqiperia-nje-fat-i-perbashket-dhe-dy-rilindje-te-bashkekoheshme\/\" \/>\n<meta property=\"og:locale\" content=\"sq_AL\" \/>\n<meta property=\"og:type\" content=\"article\" \/>\n<meta property=\"og:title\" content=\"Italia dhe Shqip\u00ebria : nj\u00eb fat i p\u00ebrbashk\u00ebt dhe dy rilindje t\u00eb bashk\u00ebkoh\u00ebshme - FjALA e LIR\u00cb - Arkivi\" \/>\n<meta property=\"og:description\" content=\"(Konferenc\u00eb e prof. Emilio Benvenutos n\u00eb Universitetin Fan S. Noli, Kor\u00e7\u00eb) Mendova se Festat tona t\u00eb 28-29 n\u00ebntorit jan\u00eb momenti m\u00eb i duhur p\u00ebr t\u00eb sjell\u00eb k\u00ebt\u00eb kumtes\u00eb t\u00eb akademikut italian Benvenuto n\u00eb k\u00ebt\u00eb p\u00ebrvjetor t\u00eb Bashkimit t\u00eb Italis\u00eb, por edhe t\u00eb Pavar\u00ebsis\u00eb son\u00eb komb\u00ebtare, ashtu si\u00e7 ishte edhe tema e konferenc\u00ebs q\u00eb ai mbajti [&hellip;]\" \/>\n<meta property=\"og:url\" content=\"https:\/\/fjala.info\/2009-2015\/italia-dhe-shqiperia-nje-fat-i-perbashket-dhe-dy-rilindje-te-bashkekoheshme\/\" \/>\n<meta property=\"og:site_name\" content=\"FjALA e LIR\u00cb - Arkivi\" \/>\n<meta property=\"article:published_time\" content=\"2011-11-27T08:51:36+00:00\" \/>\n<meta property=\"og:image\" content=\"http:\/\/www.shkoder.net\/images\/fjala\/2011\/arjan_kallco.jpg\" \/>\n<meta name=\"author\" content=\"admin\" \/>\n<meta name=\"twitter:card\" content=\"summary_large_image\" \/>\n<meta name=\"twitter:label1\" content=\"Written by\" \/>\n\t<meta name=\"twitter:data1\" content=\"admin\" \/>\n\t<meta name=\"twitter:label2\" content=\"Est. reading time\" \/>\n\t<meta name=\"twitter:data2\" content=\"15 minutes\" \/>\n<script type=\"application\/ld+json\" class=\"yoast-schema-graph\">{\"@context\":\"https:\\\/\\\/schema.org\",\"@graph\":[{\"@type\":\"Article\",\"@id\":\"https:\\\/\\\/fjala.info\\\/2009-2015\\\/italia-dhe-shqiperia-nje-fat-i-perbashket-dhe-dy-rilindje-te-bashkekoheshme\\\/#article\",\"isPartOf\":{\"@id\":\"https:\\\/\\\/fjala.info\\\/2009-2015\\\/italia-dhe-shqiperia-nje-fat-i-perbashket-dhe-dy-rilindje-te-bashkekoheshme\\\/\"},\"author\":{\"name\":\"admin\",\"@id\":\"https:\\\/\\\/fjala.info\\\/2009-2015\\\/#\\\/schema\\\/person\\\/3aa1163ef05469c496fc94e77611ada2\"},\"headline\":\"Italia dhe Shqip\u00ebria : nj\u00eb fat i p\u00ebrbashk\u00ebt dhe dy rilindje t\u00eb bashk\u00ebkoh\u00ebshme\",\"datePublished\":\"2011-11-27T08:51:36+00:00\",\"mainEntityOfPage\":{\"@id\":\"https:\\\/\\\/fjala.info\\\/2009-2015\\\/italia-dhe-shqiperia-nje-fat-i-perbashket-dhe-dy-rilindje-te-bashkekoheshme\\\/\"},\"wordCount\":3090,\"commentCount\":0,\"publisher\":{\"@id\":\"https:\\\/\\\/fjala.info\\\/2009-2015\\\/#organization\"},\"image\":{\"@id\":\"https:\\\/\\\/fjala.info\\\/2009-2015\\\/italia-dhe-shqiperia-nje-fat-i-perbashket-dhe-dy-rilindje-te-bashkekoheshme\\\/#primaryimage\"},\"thumbnailUrl\":\"http:\\\/\\\/www.shkoder.net\\\/images\\\/fjala\\\/2011\\\/arjan_kallco.jpg\",\"articleSection\":[\"Artikuj\",\"Intervista\"],\"inLanguage\":\"sq-AL\",\"potentialAction\":[{\"@type\":\"CommentAction\",\"name\":\"Comment\",\"target\":[\"https:\\\/\\\/fjala.info\\\/2009-2015\\\/italia-dhe-shqiperia-nje-fat-i-perbashket-dhe-dy-rilindje-te-bashkekoheshme\\\/#respond\"]}]},{\"@type\":\"WebPage\",\"@id\":\"https:\\\/\\\/fjala.info\\\/2009-2015\\\/italia-dhe-shqiperia-nje-fat-i-perbashket-dhe-dy-rilindje-te-bashkekoheshme\\\/\",\"url\":\"https:\\\/\\\/fjala.info\\\/2009-2015\\\/italia-dhe-shqiperia-nje-fat-i-perbashket-dhe-dy-rilindje-te-bashkekoheshme\\\/\",\"name\":\"Italia dhe Shqip\u00ebria : nj\u00eb fat i p\u00ebrbashk\u00ebt dhe dy rilindje t\u00eb bashk\u00ebkoh\u00ebshme - FjALA e LIR\u00cb - Arkivi\",\"isPartOf\":{\"@id\":\"https:\\\/\\\/fjala.info\\\/2009-2015\\\/#website\"},\"primaryImageOfPage\":{\"@id\":\"https:\\\/\\\/fjala.info\\\/2009-2015\\\/italia-dhe-shqiperia-nje-fat-i-perbashket-dhe-dy-rilindje-te-bashkekoheshme\\\/#primaryimage\"},\"image\":{\"@id\":\"https:\\\/\\\/fjala.info\\\/2009-2015\\\/italia-dhe-shqiperia-nje-fat-i-perbashket-dhe-dy-rilindje-te-bashkekoheshme\\\/#primaryimage\"},\"thumbnailUrl\":\"http:\\\/\\\/www.shkoder.net\\\/images\\\/fjala\\\/2011\\\/arjan_kallco.jpg\",\"datePublished\":\"2011-11-27T08:51:36+00:00\",\"breadcrumb\":{\"@id\":\"https:\\\/\\\/fjala.info\\\/2009-2015\\\/italia-dhe-shqiperia-nje-fat-i-perbashket-dhe-dy-rilindje-te-bashkekoheshme\\\/#breadcrumb\"},\"inLanguage\":\"sq-AL\",\"potentialAction\":[{\"@type\":\"ReadAction\",\"target\":[\"https:\\\/\\\/fjala.info\\\/2009-2015\\\/italia-dhe-shqiperia-nje-fat-i-perbashket-dhe-dy-rilindje-te-bashkekoheshme\\\/\"]}]},{\"@type\":\"ImageObject\",\"inLanguage\":\"sq-AL\",\"@id\":\"https:\\\/\\\/fjala.info\\\/2009-2015\\\/italia-dhe-shqiperia-nje-fat-i-perbashket-dhe-dy-rilindje-te-bashkekoheshme\\\/#primaryimage\",\"url\":\"http:\\\/\\\/www.shkoder.net\\\/images\\\/fjala\\\/2011\\\/arjan_kallco.jpg\",\"contentUrl\":\"http:\\\/\\\/www.shkoder.net\\\/images\\\/fjala\\\/2011\\\/arjan_kallco.jpg\"},{\"@type\":\"BreadcrumbList\",\"@id\":\"https:\\\/\\\/fjala.info\\\/2009-2015\\\/italia-dhe-shqiperia-nje-fat-i-perbashket-dhe-dy-rilindje-te-bashkekoheshme\\\/#breadcrumb\",\"itemListElement\":[{\"@type\":\"ListItem\",\"position\":1,\"name\":\"Home\",\"item\":\"https:\\\/\\\/fjala.info\\\/2009-2015\\\/\"},{\"@type\":\"ListItem\",\"position\":2,\"name\":\"Italia dhe Shqip\u00ebria : nj\u00eb fat i p\u00ebrbashk\u00ebt dhe dy rilindje t\u00eb bashk\u00ebkoh\u00ebshme\"}]},{\"@type\":\"WebSite\",\"@id\":\"https:\\\/\\\/fjala.info\\\/2009-2015\\\/#website\",\"url\":\"https:\\\/\\\/fjala.info\\\/2009-2015\\\/\",\"name\":\"FjALA e LIR\u00cb - Arkivi\",\"description\":\"Arkivi 2009-2015\",\"publisher\":{\"@id\":\"https:\\\/\\\/fjala.info\\\/2009-2015\\\/#organization\"},\"potentialAction\":[{\"@type\":\"SearchAction\",\"target\":{\"@type\":\"EntryPoint\",\"urlTemplate\":\"https:\\\/\\\/fjala.info\\\/2009-2015\\\/?s={search_term_string}\"},\"query-input\":{\"@type\":\"PropertyValueSpecification\",\"valueRequired\":true,\"valueName\":\"search_term_string\"}}],\"inLanguage\":\"sq-AL\"},{\"@type\":\"Organization\",\"@id\":\"https:\\\/\\\/fjala.info\\\/2009-2015\\\/#organization\",\"name\":\"FjALA e LIR\u00cb - Arkivi\",\"url\":\"https:\\\/\\\/fjala.info\\\/2009-2015\\\/\",\"logo\":{\"@type\":\"ImageObject\",\"inLanguage\":\"sq-AL\",\"@id\":\"https:\\\/\\\/fjala.info\\\/2009-2015\\\/#\\\/schema\\\/logo\\\/image\\\/\",\"url\":\"\",\"contentUrl\":\"\",\"caption\":\"FjALA e LIR\u00cb - Arkivi\"},\"image\":{\"@id\":\"https:\\\/\\\/fjala.info\\\/2009-2015\\\/#\\\/schema\\\/logo\\\/image\\\/\"}},{\"@type\":\"Person\",\"@id\":\"https:\\\/\\\/fjala.info\\\/2009-2015\\\/#\\\/schema\\\/person\\\/3aa1163ef05469c496fc94e77611ada2\",\"name\":\"admin\",\"image\":{\"@type\":\"ImageObject\",\"inLanguage\":\"sq-AL\",\"@id\":\"https:\\\/\\\/fjala.info\\\/2009-2015\\\/wp-content\\\/uploads\\\/2012\\\/02\\\/arben_cokaj-120x150.jpg\",\"url\":\"https:\\\/\\\/fjala.info\\\/2009-2015\\\/wp-content\\\/uploads\\\/2012\\\/02\\\/arben_cokaj-120x150.jpg\",\"contentUrl\":\"https:\\\/\\\/fjala.info\\\/2009-2015\\\/wp-content\\\/uploads\\\/2012\\\/02\\\/arben_cokaj-120x150.jpg\",\"caption\":\"admin\"},\"description\":\"Admin, Fjala e Lir\u00eb\",\"sameAs\":[\"https:\\\/\\\/fjala.info\\\/\"],\"url\":\"https:\\\/\\\/fjala.info\\\/2009-2015\\\/author\\\/admin\\\/\"}]}<\/script>\n<!-- \/ Yoast SEO plugin. -->","yoast_head_json":{"title":"Italia dhe Shqip\u00ebria : nj\u00eb fat i p\u00ebrbashk\u00ebt dhe dy rilindje t\u00eb bashk\u00ebkoh\u00ebshme - FjALA e LIR\u00cb - Arkivi","robots":{"index":"index","follow":"follow","max-snippet":"max-snippet:-1","max-image-preview":"max-image-preview:large","max-video-preview":"max-video-preview:-1"},"canonical":"https:\/\/fjala.info\/2009-2015\/italia-dhe-shqiperia-nje-fat-i-perbashket-dhe-dy-rilindje-te-bashkekoheshme\/","og_locale":"sq_AL","og_type":"article","og_title":"Italia dhe Shqip\u00ebria : nj\u00eb fat i p\u00ebrbashk\u00ebt dhe dy rilindje t\u00eb bashk\u00ebkoh\u00ebshme - FjALA e LIR\u00cb - Arkivi","og_description":"(Konferenc\u00eb e prof. Emilio Benvenutos n\u00eb Universitetin Fan S. Noli, Kor\u00e7\u00eb) Mendova se Festat tona t\u00eb 28-29 n\u00ebntorit jan\u00eb momenti m\u00eb i duhur p\u00ebr t\u00eb sjell\u00eb k\u00ebt\u00eb kumtes\u00eb t\u00eb akademikut italian Benvenuto n\u00eb k\u00ebt\u00eb p\u00ebrvjetor t\u00eb Bashkimit t\u00eb Italis\u00eb, por edhe t\u00eb Pavar\u00ebsis\u00eb son\u00eb komb\u00ebtare, ashtu si\u00e7 ishte edhe tema e konferenc\u00ebs q\u00eb ai mbajti [&hellip;]","og_url":"https:\/\/fjala.info\/2009-2015\/italia-dhe-shqiperia-nje-fat-i-perbashket-dhe-dy-rilindje-te-bashkekoheshme\/","og_site_name":"FjALA e LIR\u00cb - Arkivi","article_published_time":"2011-11-27T08:51:36+00:00","og_image":[{"url":"http:\/\/www.shkoder.net\/images\/fjala\/2011\/arjan_kallco.jpg","type":"","width":"","height":""}],"author":"admin","twitter_card":"summary_large_image","twitter_misc":{"Written by":"admin","Est. reading time":"15 minutes"},"schema":{"@context":"https:\/\/schema.org","@graph":[{"@type":"Article","@id":"https:\/\/fjala.info\/2009-2015\/italia-dhe-shqiperia-nje-fat-i-perbashket-dhe-dy-rilindje-te-bashkekoheshme\/#article","isPartOf":{"@id":"https:\/\/fjala.info\/2009-2015\/italia-dhe-shqiperia-nje-fat-i-perbashket-dhe-dy-rilindje-te-bashkekoheshme\/"},"author":{"name":"admin","@id":"https:\/\/fjala.info\/2009-2015\/#\/schema\/person\/3aa1163ef05469c496fc94e77611ada2"},"headline":"Italia dhe Shqip\u00ebria : nj\u00eb fat i p\u00ebrbashk\u00ebt dhe dy rilindje t\u00eb bashk\u00ebkoh\u00ebshme","datePublished":"2011-11-27T08:51:36+00:00","mainEntityOfPage":{"@id":"https:\/\/fjala.info\/2009-2015\/italia-dhe-shqiperia-nje-fat-i-perbashket-dhe-dy-rilindje-te-bashkekoheshme\/"},"wordCount":3090,"commentCount":0,"publisher":{"@id":"https:\/\/fjala.info\/2009-2015\/#organization"},"image":{"@id":"https:\/\/fjala.info\/2009-2015\/italia-dhe-shqiperia-nje-fat-i-perbashket-dhe-dy-rilindje-te-bashkekoheshme\/#primaryimage"},"thumbnailUrl":"http:\/\/www.shkoder.net\/images\/fjala\/2011\/arjan_kallco.jpg","articleSection":["Artikuj","Intervista"],"inLanguage":"sq-AL","potentialAction":[{"@type":"CommentAction","name":"Comment","target":["https:\/\/fjala.info\/2009-2015\/italia-dhe-shqiperia-nje-fat-i-perbashket-dhe-dy-rilindje-te-bashkekoheshme\/#respond"]}]},{"@type":"WebPage","@id":"https:\/\/fjala.info\/2009-2015\/italia-dhe-shqiperia-nje-fat-i-perbashket-dhe-dy-rilindje-te-bashkekoheshme\/","url":"https:\/\/fjala.info\/2009-2015\/italia-dhe-shqiperia-nje-fat-i-perbashket-dhe-dy-rilindje-te-bashkekoheshme\/","name":"Italia dhe Shqip\u00ebria : nj\u00eb fat i p\u00ebrbashk\u00ebt dhe dy rilindje t\u00eb bashk\u00ebkoh\u00ebshme - FjALA e LIR\u00cb - Arkivi","isPartOf":{"@id":"https:\/\/fjala.info\/2009-2015\/#website"},"primaryImageOfPage":{"@id":"https:\/\/fjala.info\/2009-2015\/italia-dhe-shqiperia-nje-fat-i-perbashket-dhe-dy-rilindje-te-bashkekoheshme\/#primaryimage"},"image":{"@id":"https:\/\/fjala.info\/2009-2015\/italia-dhe-shqiperia-nje-fat-i-perbashket-dhe-dy-rilindje-te-bashkekoheshme\/#primaryimage"},"thumbnailUrl":"http:\/\/www.shkoder.net\/images\/fjala\/2011\/arjan_kallco.jpg","datePublished":"2011-11-27T08:51:36+00:00","breadcrumb":{"@id":"https:\/\/fjala.info\/2009-2015\/italia-dhe-shqiperia-nje-fat-i-perbashket-dhe-dy-rilindje-te-bashkekoheshme\/#breadcrumb"},"inLanguage":"sq-AL","potentialAction":[{"@type":"ReadAction","target":["https:\/\/fjala.info\/2009-2015\/italia-dhe-shqiperia-nje-fat-i-perbashket-dhe-dy-rilindje-te-bashkekoheshme\/"]}]},{"@type":"ImageObject","inLanguage":"sq-AL","@id":"https:\/\/fjala.info\/2009-2015\/italia-dhe-shqiperia-nje-fat-i-perbashket-dhe-dy-rilindje-te-bashkekoheshme\/#primaryimage","url":"http:\/\/www.shkoder.net\/images\/fjala\/2011\/arjan_kallco.jpg","contentUrl":"http:\/\/www.shkoder.net\/images\/fjala\/2011\/arjan_kallco.jpg"},{"@type":"BreadcrumbList","@id":"https:\/\/fjala.info\/2009-2015\/italia-dhe-shqiperia-nje-fat-i-perbashket-dhe-dy-rilindje-te-bashkekoheshme\/#breadcrumb","itemListElement":[{"@type":"ListItem","position":1,"name":"Home","item":"https:\/\/fjala.info\/2009-2015\/"},{"@type":"ListItem","position":2,"name":"Italia dhe Shqip\u00ebria : nj\u00eb fat i p\u00ebrbashk\u00ebt dhe dy rilindje t\u00eb bashk\u00ebkoh\u00ebshme"}]},{"@type":"WebSite","@id":"https:\/\/fjala.info\/2009-2015\/#website","url":"https:\/\/fjala.info\/2009-2015\/","name":"FjALA e LIR\u00cb - Arkivi","description":"Arkivi 2009-2015","publisher":{"@id":"https:\/\/fjala.info\/2009-2015\/#organization"},"potentialAction":[{"@type":"SearchAction","target":{"@type":"EntryPoint","urlTemplate":"https:\/\/fjala.info\/2009-2015\/?s={search_term_string}"},"query-input":{"@type":"PropertyValueSpecification","valueRequired":true,"valueName":"search_term_string"}}],"inLanguage":"sq-AL"},{"@type":"Organization","@id":"https:\/\/fjala.info\/2009-2015\/#organization","name":"FjALA e LIR\u00cb - Arkivi","url":"https:\/\/fjala.info\/2009-2015\/","logo":{"@type":"ImageObject","inLanguage":"sq-AL","@id":"https:\/\/fjala.info\/2009-2015\/#\/schema\/logo\/image\/","url":"","contentUrl":"","caption":"FjALA e LIR\u00cb - Arkivi"},"image":{"@id":"https:\/\/fjala.info\/2009-2015\/#\/schema\/logo\/image\/"}},{"@type":"Person","@id":"https:\/\/fjala.info\/2009-2015\/#\/schema\/person\/3aa1163ef05469c496fc94e77611ada2","name":"admin","image":{"@type":"ImageObject","inLanguage":"sq-AL","@id":"https:\/\/fjala.info\/2009-2015\/wp-content\/uploads\/2012\/02\/arben_cokaj-120x150.jpg","url":"https:\/\/fjala.info\/2009-2015\/wp-content\/uploads\/2012\/02\/arben_cokaj-120x150.jpg","contentUrl":"https:\/\/fjala.info\/2009-2015\/wp-content\/uploads\/2012\/02\/arben_cokaj-120x150.jpg","caption":"admin"},"description":"Admin, Fjala e Lir\u00eb","sameAs":["https:\/\/fjala.info\/"],"url":"https:\/\/fjala.info\/2009-2015\/author\/admin\/"}]}},"_links":{"self":[{"href":"https:\/\/fjala.info\/2009-2015\/wp-json\/wp\/v2\/posts\/355","targetHints":{"allow":["GET"]}}],"collection":[{"href":"https:\/\/fjala.info\/2009-2015\/wp-json\/wp\/v2\/posts"}],"about":[{"href":"https:\/\/fjala.info\/2009-2015\/wp-json\/wp\/v2\/types\/post"}],"author":[{"embeddable":true,"href":"https:\/\/fjala.info\/2009-2015\/wp-json\/wp\/v2\/users\/1"}],"replies":[{"embeddable":true,"href":"https:\/\/fjala.info\/2009-2015\/wp-json\/wp\/v2\/comments?post=355"}],"version-history":[{"count":0,"href":"https:\/\/fjala.info\/2009-2015\/wp-json\/wp\/v2\/posts\/355\/revisions"}],"wp:attachment":[{"href":"https:\/\/fjala.info\/2009-2015\/wp-json\/wp\/v2\/media?parent=355"}],"wp:term":[{"taxonomy":"category","embeddable":true,"href":"https:\/\/fjala.info\/2009-2015\/wp-json\/wp\/v2\/categories?post=355"},{"taxonomy":"post_tag","embeddable":true,"href":"https:\/\/fjala.info\/2009-2015\/wp-json\/wp\/v2\/tags?post=355"}],"curies":[{"name":"wp","href":"https:\/\/api.w.org\/{rel}","templated":true}]}}