{"id":3491,"date":"2013-07-02T09:48:21","date_gmt":"2013-07-02T08:48:21","guid":{"rendered":"http:\/\/fjala.info\/?p=3491"},"modified":"2013-07-02T09:48:21","modified_gmt":"2013-07-02T08:48:21","slug":"berisha-renia-e-nje-modeli-nuk-iku-e-hoqen","status":"publish","type":"post","link":"https:\/\/fjala.info\/2009-2015\/berisha-renia-e-nje-modeli-nuk-iku-e-hoqen\/","title":{"rendered":"Berisha, r\u00ebnia e nj\u00eb modeli \u2013 Nuk iku, e hoq\u00ebn"},"content":{"rendered":"<p><img decoding=\"async\" class=\"alignleft size-thumbnail wp-image-7236\" title=\"Berisha iku\" alt=\"\" src=\"http:\/\/www.fjala.info\/2013\/berisha_iku.jpg\" width=\"300\" \/> <strong><em>Esht\u00eb padyshim figura m\u00eb kontraverse e historis\u00eb shqiptare, nj\u00eb nga tre kulmet e trek\u00ebnd\u00ebshit q\u00eb p\u00ebrfshijn\u00eb Ahmet Zogun dhe Enver Hoxh\u00ebn. E nj\u00ebjta teknologji e aft\u00eb t\u00eb krijoj\u00eb nj\u00eb marr\u00ebdh\u00ebnie t\u00eb paprer\u00eb mes dashuris\u00eb dhe urrjejtjes, g\u00ebnjeshtr\u00ebs dhe autosugjestionit. Sali Berisha \u00ebsht\u00eb nj\u00eb figur\u00eb plot dit\u00ebhije, por me shum\u00eb m\u00eb shum\u00eb hije sesa drit\u00eb. P\u00ebrmasat e nj\u00eb puzzle politik, cop\u00ebza t\u00eb t\u00eb cilit nuk ndodhen vet\u00ebm n\u00eb Shqip\u00ebri<\/em><\/strong><\/p>\n<p>Nga <strong>Lorenc Vangjeli<\/strong>, <em>JAVA<\/em>, <em>2 Korrik 2013<\/em><\/p>\n<p>Pothuaj pes\u00eb vjet m\u00eb par\u00eb, n\u00eb gusht 2008, Sali Berisha suprizoi me nj\u00eb veprim q\u00eb zakonisht e b\u00ebjn\u00eb t\u00eb dashuruarit. N\u00eb maj\u00ebn e malit t\u00eb Dajtit ai fshehu n\u00eb shishe nj\u00eb mesazh, q\u00eb pretendoi se do t\u00eb hapej vet\u00ebm n\u00eb vitin 2020. T\u00eb dashuruarit, premtimet e dashuris\u00eb i hedhin n\u00eb det. Berisha, asokohe dhe gjith\u00eb koh\u00ebn tjet\u00ebr \u00ebsht\u00eb dashnor i madh e pasionant i pushtetit dhe mesazhin e tij e mbylli n\u00eb mal. Pothuaj pes\u00eb vjet m\u00eb pas, t\u00eb diel\u00ebn e zgjedhjeve, megjithat\u00eb, ai kuptoi se d\u00ebshmitar\u00ebt e tij t\u00eb 23 viteve, i dhan\u00eb divorcin me pushtetin. Tre dit\u00ebt q\u00eb pasuan ai heshti dhe t\u00eb m\u00ebrkur\u00ebn, pranoi dhe vet\u00eb nj\u00eb gj\u00eb t\u00eb till\u00eb e tha t\u00eb vetmen fjali q\u00eb nuk e kishte th\u00ebn\u00eb kurr\u00eb n\u00eb jet\u00ebn e tij: Po iki! Dhe ktheu krah\u00ebt p\u00ebrball\u00eb nj\u00eb turme pasionante q\u00eb i p\u00ebrpinte fjal\u00ebt dhe d\u00ebneste.<\/p>\n<p>Ndoshta m\u00eb shum\u00eb se p\u00ebr ikjen e pabesueshme t\u00eb tij\u00ebn, d\u00ebneste p\u00ebr veten. \u00c7do humbje \u00ebsht\u00eb n\u00eb proporcion me pritshm\u00ebrin\u00eb personale: Berisha humbi pushtetin real dhe u duk se d\u00ebnesi, dikush humbi portofolin e ministrit, mandatin e deputetit, por ata nuk ndodheshin n\u00eb turm\u00eb q\u00eb t\u2019u dallohej d\u00ebnesja, shum\u00ebkush tjet\u00ebr kuptoi humbjen e skuadr\u00ebs p\u00ebr t\u00eb cil\u00ebn b\u00ebnte tifozll\u00ebk, pavar\u00ebsisht se ishte po aq i varf\u00ebr, po aq i d\u00ebrmuar sa tifozi i skuadr\u00ebs tjet\u00ebr fituese q\u00eb festonte pik\u00ebrisht at\u00eb p\u00ebr t\u00eb cil\u00ebn pala tjet\u00ebr qante.<\/p>\n<p><strong>Nj\u00eb epilog befasues<\/strong><\/p>\n<p>Nj\u00eb politikan, n\u00eb ballafaqimin e tij me t\u00eb nes\u00ebrmen, m\u00eb s\u00eb shumti mbahet mend p\u00ebr epilogun e karrier\u00ebs s\u00eb tij direkte politike sesa p\u00ebr vet\u00eb karrier\u00ebn e tij. N\u00eb epilogun e tij Berisha mund t\u00eb mburret se la pas dhe iku me zgjedhje q\u00eb ishin absolutisht m\u00eb t\u00eb mirat n\u00eb gjith\u00eb at\u00eb set zgjedhjesh alla shqiptare. Edhe pse gjat\u00eb fushat\u00ebs e p\u00ebrpara saj p\u00ebrdori gjith\u00e7ka kishte mund\u00ebsi e n\u00eb dor\u00eb, q\u00eb nga administrata dhe strukturat e shtetit, nga policia, tek f\u00ebmij\u00ebt e deri tek hipokrizia, g\u00ebnjeshtrat e lumi i parave, ai i rezistoi tundimit q\u00eb t\u00eb nd\u00ebrhynte n\u00eb pik\u00ebn thelb\u00ebsore t\u00eb zgjedhjeve: num\u00ebrimin e votave. I rezistoi dhe tundimit se do t\u00eb vazhdonte t\u00eb ishte q\u00ebndrestar dhe se do t\u00eb \u201cngrinte buz\u00ebqeshjen e fituesit\u201d, si\u00e7 kishte premtuar t\u00eb b\u00ebnte dhe b\u00ebri n\u00eb 2001-shin. N\u00eb t\u00eb kund\u00ebrt, pranoi rezultatin dhe me nj\u00eb gjest t\u00eb jasht\u00ebzakonsh\u00ebm politik q\u00eb i fliste m\u00eb s\u00eb shumti t\u00eb nes\u00ebrmes, morri mbi vete gjith\u00eb p\u00ebrgjegj\u00ebsin\u00eb p\u00ebr disfat\u00ebn elektorale.<\/p>\n<p>Duke shfaj\u00ebsuar k\u00ebshtu gjith\u00eb t\u00eb tjer\u00ebt n\u00eb parti, duke ju hequr atyre sikletet e pafundme t\u00eb debateve e rivaliteteve t\u00eb llojit, \u00e7far\u00eb b\u00ebra un\u00eb e \u00e7far\u00eb b\u00ebr\u00eb ti dhe duke hapur n\u00eb k\u00ebt\u00eb m\u00ebnyr\u00eb, skenaret e PD-s\u00eb s\u00eb nes\u00ebrme. Nj\u00eb proces q\u00eb hyri n\u00eb tranzicion disa mujor dhe q\u00eb n\u00eb fillim t\u00eb vjesht\u00ebs do t\u00eb afroj\u00eb rezultatin e tij, por q\u00eb padyshim dhe jasht\u00eb \u00e7do dyshimi, n\u00eb thelb do t\u00eb ket\u00eb emrin, fytyr\u00ebn dhe vul\u00ebn personale t\u00eb vet\u00eb Berish\u00ebs, pavar\u00ebsisht form\u00ebs q\u00eb do t\u00eb zgjidhet. Tashm\u00eb ai ka kuptuar nevoj\u00ebn e rithemelimit t\u00eb PD-s\u00eb. Mbasi mblodhi gjithk\u00ebnd q\u00eb kishte p\u00ebrz\u00ebn\u00eb n\u00eb vite, mbasi m\u00eb s\u00eb fundi t\u00eb gjith\u00eb e pranuan si \u201cdestin\u201d q\u00eb kjo parti \u00ebsht\u00eb pron\u00eb private e atij vet\u00eb, Berisha paralajm\u00ebroi transferimin e tapis\u00eb s\u00eb saj. N\u00eb dukje e ka b\u00ebr\u00eb zgjedhjen.<\/p>\n<p>Ai \u00ebsht\u00eb Lulzim Basha, kryetar i Bashkis\u00eb s\u00eb Tiran\u00ebs, i vetmi q\u00eb ka konkuruar dy vjet m\u00eb par\u00eb me drejtuesin e opozit\u00ebs q\u00eb tani dy vjet m\u00eb pas i mundi t\u00eb gjith\u00eb. Ka nj\u00eb pafund\u00ebsi arsyesh q\u00eb e \u00e7ojn\u00eb Berish\u00ebn drejt nj\u00eb zgjedhjeje t\u00eb till\u00eb, ashtu si\u00e7 ka dhe nj\u00eb mori arsyesh q\u00eb pik\u00ebrisht kjo kandidatur\u00eb e mundshme dhe krijes\u00eb e tij politike, mund t\u00eb rr\u00ebzohet. Luajaliteti i tij me Berish\u00ebn e sidomos problemet e mbartura nga e shkuara q\u00eb nisin q\u00eb me rrug\u00ebn Durr\u00ebs-Kuk\u00ebs e deri tek e Premtja e Zez\u00eb e 21 Janarit, mund edhe t\u00eb kthehen kund\u00ebr tij. E sigurt \u00ebsht\u00eb q\u00eb e nes\u00ebrmja e PD-s\u00eb do t\u00eb reflektoj\u00eb ekuilibret e rinj, brenda drejtuesve trandicional\u00eb t\u00eb saj si Topalli, Olldashi, Bode e Patozi, Imami, Ruli e t\u00eb tjer\u00eb, por n\u00eb proporcion me at\u00eb sesa do t\u00eb doj\u00eb vet\u00eb Berisha t\u00eb krijohen k\u00ebto ekuilibra.<\/p>\n<p><strong>Vota p\u00ebr demokracin\u00eb<\/strong><\/p>\n<p>Sali Berisha \u00ebsht\u00eb padyshim personazhi m\u00eb kontravers i Shqip\u00ebris\u00eb pluraliste dhe me siguri do t\u00eb jet\u00eb i fundmi i trinomit t\u00eb ndrysh\u00ebm\/t\u00eb ngjash\u00ebm me paraardh\u00ebsit e tij, Zogu e Hoxha. Ahmet Zogun e urrente n\u00eb rinin\u00eb e tij komuniste, e p\u00ebrbuzte gjat\u00eb rinis\u00eb s\u00eb tij politike dhe e dashuroi me pasion n\u00eb pjes\u00ebn e fundit t\u00eb karrier\u00ebs s\u00eb tij t\u00eb vrullshme. Enver Hoxh\u00ebn e idhujtarizonte n\u00eb rinin\u00eb e tij komuniste, e urreu eg\u00ebrsisht n\u00eb rinin\u00eb e tij politike dhe e imitoi duksh\u00ebm n\u00eb pjes\u00ebn e fundit t\u00eb karrier\u00ebs s\u00eb tij.<\/p>\n<blockquote><p>Ai ishte edhe nj\u00ebri, edhe tjetri.<br \/>\nAi ishte her\u00eb nj\u00ebri dhe her\u00eb tjetri.<\/p><\/blockquote>\n<p>Sali Berisha bashkohej me Zogun dhe Hoxh\u00ebn n\u00eb arroganc\u00ebn me t\u00eb cil\u00ebn ushtronte pushtetin dhe diferencohej nga bashk\u00ebpun\u00ebtor\u00ebt, bashkohej n\u00eb m\u00ebnyr\u00ebn sesi personalizoi politik\u00ebn dhe nd\u00ebrtoi e lejoi bashk\u00ebpun\u00ebtor\u00ebt t\u2019i ngrejn\u00eb kultin e friksh\u00ebm t\u00eb individit, ngjante me ta n\u00eb m\u00ebnyr\u00ebn sesi trajtoi miqt\u00eb e armiqt\u00eb dhe ishte identik me ta n\u00eb shk\u00ebputjen totale nga realiteti. Ndryshon nga ta vet\u00ebm n\u00eb kontekst kohor dhe modelet e kostumeve q\u00eb vesh, ndryshon n\u00eb form\u00eb, por jo n\u00eb thelb me ta, nj\u00eblloj ballkanas e dinak, nj\u00eblloj i gatsh\u00ebm t\u00eb shenjt\u00ebroj\u00eb \u00e7do mjet p\u00ebr hir t\u00eb q\u00ebllimit p\u00ebr pushtet dhe pushtetit si q\u00ebllim n\u00eb vetvete.<\/p>\n<p>Sali Berisha \u00ebsht\u00eb q\u00ebnie e mir\u00ebfillt\u00eb politike, me shum\u00eb drit\u00ebhije, me shum\u00eb m\u00eb shum\u00eb hije sesa drit\u00eb, ai njeri \u00ebsht\u00eb kasaforta e mbyllur e gjith\u00eb paqart\u00ebsive, anktheve e dilemave q\u00eb kan\u00eb shoq\u00ebruar rrug\u00ebtimin e vendit n\u00eb pluraliz\u00ebm. Duke nisur q\u00eb me dhjetorin e 90-\u00ebs, rolit t\u00eb tij n\u00eb at\u00eb kap\u00ebrcyell kohor, faktit sesi u p\u00ebrfshi, kush e p\u00ebrfshiu dhe si monopolizoi nj\u00eb l\u00ebvizje q\u00eb nuk ishte e tij.<\/p>\n<p>Ai q\u00ebndron pas gjith\u00e7kaje t\u00eb mir\u00eb dhe t\u00eb lig\u00eb, q\u00eb ka ndodhur n\u00eb Shqip\u00ebri; i aft\u00eb t\u00eb personalizonte gjith\u00e7ka n\u00eb an\u00ebn e tij politike, por shum\u00eb shpesh kusht\u00ebzues i an\u00ebs tjet\u00ebr t\u00eb gardhit politik, i gatsh\u00ebm p\u00ebr pirueta q\u00eb do t\u2019i merrnin mendjen \u00e7do balerine, por q\u00eb e ktheu baletin politik n\u00eb ringun e vet\u00ebm t\u00eb politik\u00ebs shqiptare. Autoritarist dhe pragmatist, ai gaboi vet\u00ebm n\u00eb nj\u00eb pik\u00eb t\u00eb verifikuar dhe nga eksperienca e varf\u00ebr politike n\u00eb vend: pushteti bie nga pesha e tij.<\/p>\n<p>M\u00eb shum\u00eb se kaq, Berisha ra sepse ju kund\u00ebrvu sistemit dhe u shnd\u00ebrrua n\u00eb nj\u00eb rrezik serioz p\u00ebr vet\u00eb demokracin\u00eb q\u00eb n\u00eb thelb parasheh balanc\u00ebn dhe kontrollin mes pushteteve. Pik\u00ebrisht k\u00ebtu e sulmoi instikti i pagabuesh\u00ebm i shqiptar\u00ebve: n\u00eb 23 qershor, n\u00eb thelb, ata nuk votuan as Edi Ram\u00ebn, as Ilir Met\u00ebn e gjith\u00eb koalicionin e majt\u00eb, ata nuk votuan as vet\u00ebm kund\u00ebr partis\u00eb s\u00eb tij, por votuan p\u00ebr demokracin\u00eb. Ky lexim i ndrysh\u00ebm i natyr\u00ebs s\u00eb vot\u00ebs s\u00eb shqiptar\u00ebve, ka gjasa t\u00eb jet\u00eb i v\u00ebrtet\u00eb n\u00ebse<\/p>\n<p>krahasohet thelbi i dy sistemeve q\u00eb z\u00ebvend\u00ebsuan nj\u00ebri-tjetrin nj\u00ebzet e ca vjet m\u00eb par\u00eb: nj\u00eblloj si n\u00eb komuniz\u00ebm, n\u00eb vend t\u00eb demokracis\u00eb reale, u tregtua partitokracia si demokraci. Ka pluraliz\u00ebm, por vendos p\u00ebr \u00e7do gj\u00eb e gjith\u00e7ka vet\u00ebm nj\u00eb parti, ka liri tregu, por liria \u00ebsht\u00eb e kontrolluar dhe pilotuar vet\u00ebm p\u00ebr klient\u00eb korrekt\u00eb politikisht, ka liri fjale, por dhe liri p\u00ebr t\u00eb mos d\u00ebgjuar kund\u00ebrshtarin dhe z\u00ebrat ndryshe. Diskriminimi i shqiptar\u00ebve sipas p\u00ebrkat\u00ebsis\u00eb politike u b\u00eb mbizot\u00ebrues dhe kjo ishte e fundit gj\u00eb q\u00eb votuesi do t\u00eb falte. Ndaj e nd\u00ebshkoi me vot\u00eb regjimin hibrid t\u00eb nd\u00ebrtuar. M\u00eb shum\u00eb se p\u00ebr t\u00eb sotmen e dy mandateve rresht t\u00eb demokrat\u00ebve, shqiptar\u00ebt refuzuan modelin e friksh\u00ebm t\u00eb mandatit t\u00eb tret\u00eb.<\/p>\n<p>Sepse n\u00ebse Shqip\u00ebria do t\u00eb ishte vet\u00ebm disa qindra kilometra m\u00eb tutje n\u00eb Lindje, ajo nuk do t\u00eb kishte asnj\u00eb ndryshim nga ish-republikat sovjetike q\u00eb b\u00ebjn\u00eb rregullisht zgjedhje, por q\u00eb para tyre dihet mir\u00eb se kush do t\u00eb zgjidhet. Berisha ra sepse ishte koha q\u00eb ai t\u00eb binte. Madje ra von\u00eb! Ra at\u00ebher\u00eb kur Sali Berisha e kishte b\u00ebr\u00eb t\u00eb udh\u00ebs t\u2019i drejtohej vetes me em\u00ebr dhe mbiem\u00ebr nj\u00eblloj si personazhet e Big Brother-it dhe t\u00eb lejonte t\u00eb tjer\u00ebt ta quanin prij\u00ebsi yn\u00eb. Ra sepse duke qen\u00eb n\u00eb k\u00ebmb\u00eb nuk mund t\u00eb afronte m\u00eb asgj\u00eb tjet\u00ebr p\u00ebr nj\u00eb vend t\u00eb zhytur m\u00eb shum\u00eb se n\u00eb kriz\u00eb ekonomike, n\u00eb nj\u00eb spirale krize ekzistenciale. Ra sepse nuk i frym\u00ebzonte m\u00eb asgj\u00eb shoq\u00ebris\u00eb shqiptare.<\/p>\n<p><strong>E mbani mend Enverin?<\/strong><\/p>\n<p>Edhe n\u00ebse nd\u00ebrtohej nj\u00eb shkoll\u00eb, nj\u00eb qend\u00ebr sh\u00ebndet\u00ebsore, nj\u00eb hidrocentral apo qoft\u00eb dhe jepej nj\u00eb e drejt\u00eb studimi, formula ishte e qart\u00eb: ajo ishte dhurat\u00eb e partis\u00eb dhe e udh\u00ebheq\u00ebsit. Ngjante se partia e komunist\u00ebve t\u00eb djesh\u00ebm q\u00eb pretendonte se nd\u00ebrtonte nj\u00eb vend pa taksa p\u00ebr qytetar\u00ebt, kishte nj\u00eb xhep magjik nga nxirrte parat\u00eb me t\u00eb cilat paguhej zhvillimi i vendit dhe gjith\u00eb jeta e tij. N\u00eb fakt e gjitha kishte t\u00eb b\u00ebnte me rolin rregullator q\u00eb shteti komunist p\u00ebrdorte n\u00eb shp\u00ebrndarjen e t\u00eb ardhurave q\u00eb prodhonin vet\u00eb qytetar\u00ebt. Nuk paguhej p\u00ebr arsimimin dhe spitalet, por parat\u00eb dilnin po nga xhepat e p\u00ebrbashk\u00ebta t\u00eb tyre, paguanin qera minimale p\u00ebr banesat apo energjin\u00eb, por parat\u00eb vinin s\u00ebrish nga puna e papaguar e tyre.<\/p>\n<p>Ishte p\u00ebrs\u00ebritur aq shpesh kjo lloj g\u00ebnjeshtre groteske sa ishte kthyer n\u00eb bindje popullore at\u00ebher\u00eb dhe n\u00eb kart\u00eb politike sot kur p\u00ebrdoret e nj\u00ebjta teknologji. \u00c7far\u00eb thot\u00eb vet\u00eb Berisha n\u00eb fjalimin e tij t\u00eb fundit? \u201cNe duhet t\u00eb jemi krenar\u00eb sot me Partin\u00eb Demokratike, sepse p\u00ebr t\u00eb b\u00ebr\u00eb t\u00eb v\u00ebrtet\u00eb \u00ebndrr\u00ebn e Shqip\u00ebris\u00eb s\u00eb zhvilluar t\u00eb qytetar\u00ebve shqiptar\u00eb, ne nd\u00ebrtuam n\u00eb mbar\u00eb vendin qindra uj\u00ebsjell\u00ebs dhe sisteme kanalizimi, nj\u00eb seri sistemesh t\u00eb pastrimit t\u00eb uj\u00ebrave t\u00eb ndotura dhe natyrisht mbetet ende shum\u00eb pun\u00eb p\u00ebr t\u00eb b\u00ebr\u00eb. Por, n\u00eb mandatin ton\u00eb t\u00eb ri ne do ta b\u00ebjm\u00eb Shqip\u00ebrin\u00eb me infrastruktur\u00eb ujore m\u00eb moderne q\u00eb ekziston.<\/p>\n<p>Shqip\u00ebria \u2013 vend i zhvilluar, p\u00ebr ne ishte dhe \u00ebsht\u00eb para s\u00eb gjithash Shqip\u00ebria e dijes. P\u00ebr t\u00eb arritur k\u00ebt\u00eb objektiv ne mbi dyfishuam rrogat e m\u00ebsuesve, nd\u00ebrtuam dhe rind\u00ebrtuam mbi 1300 shkolla fillore, n\u00ebnt\u00ebvje\u00e7are, t\u00eb mesme, korpuse universitare. Ne sot, nj\u00eblloj si vendet e zhvilluara, kemi shtrir\u00eb internetin n\u00eb \u00e7do shkoll\u00eb, nga vet\u00ebm 45 shkolla q\u00eb kishin internet dhe nga vet\u00ebm 700 kompjuter q\u00eb ishin shkollat tona pak vjet m\u00eb par\u00eb, sot kan\u00eb mbi 24.500. Shqip\u00ebria ka arritur nivelin e vendeve t\u00eb zhvilluara p\u00ebr student\u00eb p\u00ebr 1000 banor\u00eb dhe p\u00ebrqindjen e nx\u00ebn\u00ebsve q\u00eb ndjekin shkollat e mesme\u201d.<\/p>\n<p>Marr\u00ebzi apo nj\u00eb g\u00ebnjesht\u00ebr e p\u00ebrs\u00ebritur e shtuar me pretendimin se PD e futi Shqip\u00ebrin\u00eb n\u00eb NATO dhe hoqi vizat p\u00ebr udh\u00ebtimin n\u00eb vendet e BE-s\u00eb? Esht\u00eb qeveria ajo q\u00eb nd\u00ebrton rrug\u00eb apo qeveria duhet t\u00eb nd\u00ebrtoj\u00eb politika? E shpiku qeveria internetin e Facebook-un q\u00eb e referon shpesh, apo ato jan\u00eb zhvillime normale teknologjike? Ishte Shqip\u00ebria q\u00eb hyri n\u00eb NATO apo ishte politika e zgjerimit t\u00eb NATO-s q\u00eb i siguroi vendit vend n\u00ebn k\u00ebt\u00eb sistem global sigurie? Ishte PD q\u00eb hoqi rregjimin e vizave apo kjo \u00ebsht\u00eb gjithashtu pjes\u00eb e politik\u00ebs s\u00eb hapjes s\u00eb BE-s\u00eb n\u00eb vendet e Ballkanit? Natyrisht q\u00eb vendi ka plot\u00ebsuar kritere dhe kushte t\u00eb caktuara, por kjo \u00ebsht\u00eb thjesht dhe vet\u00ebm detyra e saj. Nuk<\/p>\n<p>mund t\u00eb quhet arritje ajo \u00e7far\u00eb \u00ebsht\u00eb normale. Nj\u00eblloj si rritja e rrogave e pensioneve q\u00eb \u00ebsht\u00eb p\u00ebrgjigja p\u00ebr shtrenjtimin e nivelit t\u00eb jetes\u00ebs, por q\u00eb nuk i jep p\u00ebrgjigje pyetjes: sa m\u00eb shum\u00eb t\u00eb mira materiale blejn\u00eb shqiptar\u00ebt me k\u00ebto rroga e pensione t\u00eb shtuara n\u00eb krahasim me vite m\u00eb par\u00eb. Dhe kur vjen puna tek rrug\u00ebt, s\u00ebrish nj\u00eblloj si\u00e7 do t\u00eb b\u00ebnte Enveri, ka vet\u00ebm heshtje p\u00ebr pyetjen: si jan\u00eb nd\u00ebrtuar, a jan\u00eb nd\u00ebrtuar realisht ato q\u00eb duheshin nd\u00ebrtuar dhe a do t\u00eb duhej t\u00eb nd\u00ebrtoheshin m\u00eb mir\u00eb? Keqkuptimi i madh komunist q\u00eb e sheh qeverin\u00eb si nj\u00eb lloj kryetari komune q\u00eb nd\u00ebrton uj\u00ebsjell\u00ebsa dhe kanalizime u mbart po nga vet\u00eb bot\u00ebkuptimi komunist i vet\u00eb Berish\u00ebs. U mbart deri n\u00eb pik\u00ebn q\u00eb ai me siguri e beson edhe vet\u00eb se gjith\u00e7ka n\u00eb k\u00ebt\u00eb vend q\u00eb \u00ebsht\u00eb frut i zhvillimit normal t\u00eb vendit, \u00ebsht\u00eb garantuar prej atij vet\u00eb. Nga kjo pikpamje, shqiptar\u00ebt i than\u00eb \u201cJo!\u201d edhe politik\u00ebb\u00ebrjes sipas stilit t\u00eb Babo Natale-s me thes n\u00eb dor\u00eb q\u00eb diku hedh nj\u00eb rrug\u00eb rurale, diku nj\u00eb qend\u00ebr interneti e diku tjet\u00ebr nj\u00eb uj\u00ebsjell\u00ebs apo nj\u00eb ur\u00eb.<\/p>\n<p><strong>Basti p\u00ebr historin\u00eb<\/strong><\/p>\n<p>Ky \u00ebsht\u00eb padyshim basti i madh i Sali Berish\u00ebs. Nj\u00eb njeri q\u00eb ka ditur t\u00eb ngjall\u00eb dashuri dhe urrejtje si pakkush n\u00eb k\u00ebt\u00eb vend. Gjithmon\u00eb do t\u00eb ket\u00eb shqiptar\u00eb q\u00eb do ta duan marr\u00ebzisht dhe shqiptar\u00eb q\u00eb do ta urrejn\u00eb me t\u00eb nj\u00ebjtin pasion. P\u00ebr t\u00eb jan\u00eb shkruar mij\u00ebra kilometra me let\u00ebr dhe n\u00eb 23 vjet ka qen\u00eb pjes\u00eb e bisedave t\u00eb \u00e7do shqiptari sepse ai ka ndikuar n\u00eb jet\u00ebn e \u00e7do shqiptari. P\u00ebr t\u00eb do t\u00eb vazhdohet t\u00eb shkruhet edhe m\u00eb tej dhe<\/p>\n<p>shum\u00eb madje. Por e v\u00ebrteta p\u00ebr t\u00eb nuk gjendet vet\u00ebm n\u00eb Shqip\u00ebri. Pjes\u00eb t\u00eb portretit t\u00eb tij politik, t\u00eb para dhe t\u00eb pas viteve<\/p>\n<p>90\u2019, jan\u00eb t\u00eb skicuara dhe gjetk\u00eb. Ndoshta duhet t\u00eb kalojn\u00eb 25 apo 50 vjet kur t\u00eb q\u00ebmtohen dhe pjes\u00eb t\u00eb tjera t\u00eb padukshme t\u00eb puzzle-s t\u00eb k\u00ebtij personazhi t\u00eb jasht\u00ebzakonsh\u00ebm q\u00eb n\u00eb qershorin e vitit 2008 ka mbyllur nj\u00eb mesazh privat n\u00eb shishe dhe q\u00eb e ka fshehur diku n\u00eb malin e Dajtit.<\/p>\n<blockquote><p>P.S. \u201c\u2026por, n\u00eb mandatin ton\u00eb t\u00eb ri ne do ta b\u00ebjm\u00eb Shqip\u00ebrin\u00eb me infrastruktur\u00eb ujore m\u00eb moderne q\u00eb ekziston\u201d. Kjo fraz\u00eb \u00ebsht\u00eb p\u00ebrs\u00ebritur disa her\u00eb n\u00eb fjalimin e kryeministrit n\u00eb detyr\u00eb Sali Berisha. N\u00eb fjalimin q\u00eb deklaroi dor\u00ebheqjen e tij nga funksionet n\u00eb PD. Ky lapsus d\u00ebshmon se pjes\u00eb t\u00eb konsiderueshme t\u00eb fjalimit kan\u00eb qen\u00eb copy paste nga fjalimet e fushat\u00ebs. Por ky \u00ebsht\u00eb vet\u00ebm nj\u00eb detaj. E t\u00ebra q\u00ebndron tek modeli i g\u00ebnjesht\u00ebrt, tek realiteti virtual q\u00eb ky teknolog i pashoq i manipulimit t\u00eb njer\u00ebzve ka krijuar n\u00eb 23 vjet, q\u00eb p\u00ebr ironi t\u00eb fatit e ka megjithat\u00eb nj\u00eb gj\u00eb t\u00eb dobishme. Ai \u00ebsht\u00eb nj\u00eb model q\u00eb duhet t\u00eb vazhdoj\u00eb t\u00eb ekzistoj\u00eb si nj\u00eb shembull q\u00eb nuk duhet ndjekur. Jo aq p\u00ebr efekt t\u00eb kontrastit, por p\u00ebr t\u00eb treguar se si nuk duhet t\u00eb jet\u00eb politika shqiptare e ushqyer prej tij me eg\u00ebrsi dhe arroganc\u00eb deri n\u00eb pik\u00ebn kuy litari i zullumit u k\u00ebput ngaq\u00eb u trash tej \u00e7do arsyeje.<\/p><\/blockquote>\n","protected":false},"excerpt":{"rendered":"<p>Esht\u00eb padyshim figura m\u00eb kontraverse e historis\u00eb shqiptare, nj\u00eb nga tre kulmet e trek\u00ebnd\u00ebshit q\u00eb p\u00ebrfshijn\u00eb Ahmet Zogun dhe Enver Hoxh\u00ebn. E nj\u00ebjta teknologji e aft\u00eb t\u00eb krijoj\u00eb nj\u00eb marr\u00ebdh\u00ebnie t\u00eb paprer\u00eb mes dashuris\u00eb dhe urrjejtjes, g\u00ebnjeshtr\u00ebs dhe autosugjestionit. Sali Berisha \u00ebsht\u00eb nj\u00eb figur\u00eb plot dit\u00ebhije, por me shum\u00eb m\u00eb shum\u00eb hije sesa drit\u00eb. P\u00ebrmasat [&hellip;]<\/p>\n","protected":false},"author":1,"featured_media":0,"comment_status":"open","ping_status":"closed","sticky":false,"template":"","format":"standard","meta":{"footnotes":""},"categories":[2],"tags":[],"class_list":{"0":"post-3491","1":"post","2":"type-post","3":"status-publish","4":"format-standard","6":"category-artikuj"},"yoast_head":"<!-- This site is optimized with the Yoast SEO plugin v27.4 - https:\/\/yoast.com\/product\/yoast-seo-wordpress\/ -->\n<title>Berisha, r\u00ebnia e nj\u00eb modeli \u2013 Nuk iku, e hoq\u00ebn - FjALA e LIR\u00cb - Arkivi<\/title>\n<meta name=\"robots\" content=\"index, follow, max-snippet:-1, max-image-preview:large, max-video-preview:-1\" \/>\n<link rel=\"canonical\" href=\"https:\/\/fjala.info\/2009-2015\/berisha-renia-e-nje-modeli-nuk-iku-e-hoqen\/\" \/>\n<meta property=\"og:locale\" content=\"sq_AL\" \/>\n<meta property=\"og:type\" content=\"article\" \/>\n<meta property=\"og:title\" content=\"Berisha, r\u00ebnia e nj\u00eb modeli \u2013 Nuk iku, e hoq\u00ebn - FjALA e LIR\u00cb - Arkivi\" \/>\n<meta property=\"og:description\" content=\"Esht\u00eb padyshim figura m\u00eb kontraverse e historis\u00eb shqiptare, nj\u00eb nga tre kulmet e trek\u00ebnd\u00ebshit q\u00eb p\u00ebrfshijn\u00eb Ahmet Zogun dhe Enver Hoxh\u00ebn. E nj\u00ebjta teknologji e aft\u00eb t\u00eb krijoj\u00eb nj\u00eb marr\u00ebdh\u00ebnie t\u00eb paprer\u00eb mes dashuris\u00eb dhe urrjejtjes, g\u00ebnjeshtr\u00ebs dhe autosugjestionit. Sali Berisha \u00ebsht\u00eb nj\u00eb figur\u00eb plot dit\u00ebhije, por me shum\u00eb m\u00eb shum\u00eb hije sesa drit\u00eb. P\u00ebrmasat [&hellip;]\" \/>\n<meta property=\"og:url\" content=\"https:\/\/fjala.info\/2009-2015\/berisha-renia-e-nje-modeli-nuk-iku-e-hoqen\/\" \/>\n<meta property=\"og:site_name\" content=\"FjALA e LIR\u00cb - Arkivi\" \/>\n<meta property=\"article:published_time\" content=\"2013-07-02T08:48:21+00:00\" \/>\n<meta property=\"og:image\" content=\"http:\/\/www.fjala.info\/2013\/berisha_iku.jpg\" \/>\n<meta name=\"author\" content=\"admin\" \/>\n<meta name=\"twitter:card\" content=\"summary_large_image\" \/>\n<meta name=\"twitter:label1\" content=\"Written by\" \/>\n\t<meta name=\"twitter:data1\" content=\"admin\" \/>\n\t<meta name=\"twitter:label2\" content=\"Est. reading time\" \/>\n\t<meta name=\"twitter:data2\" content=\"14 minutes\" \/>\n<script type=\"application\/ld+json\" class=\"yoast-schema-graph\">{\"@context\":\"https:\\\/\\\/schema.org\",\"@graph\":[{\"@type\":\"Article\",\"@id\":\"https:\\\/\\\/fjala.info\\\/2009-2015\\\/berisha-renia-e-nje-modeli-nuk-iku-e-hoqen\\\/#article\",\"isPartOf\":{\"@id\":\"https:\\\/\\\/fjala.info\\\/2009-2015\\\/berisha-renia-e-nje-modeli-nuk-iku-e-hoqen\\\/\"},\"author\":{\"name\":\"admin\",\"@id\":\"https:\\\/\\\/fjala.info\\\/2009-2015\\\/#\\\/schema\\\/person\\\/3aa1163ef05469c496fc94e77611ada2\"},\"headline\":\"Berisha, r\u00ebnia e nj\u00eb modeli \u2013 Nuk iku, e hoq\u00ebn\",\"datePublished\":\"2013-07-02T08:48:21+00:00\",\"mainEntityOfPage\":{\"@id\":\"https:\\\/\\\/fjala.info\\\/2009-2015\\\/berisha-renia-e-nje-modeli-nuk-iku-e-hoqen\\\/\"},\"wordCount\":2780,\"commentCount\":0,\"publisher\":{\"@id\":\"https:\\\/\\\/fjala.info\\\/2009-2015\\\/#organization\"},\"image\":{\"@id\":\"https:\\\/\\\/fjala.info\\\/2009-2015\\\/berisha-renia-e-nje-modeli-nuk-iku-e-hoqen\\\/#primaryimage\"},\"thumbnailUrl\":\"http:\\\/\\\/www.fjala.info\\\/2013\\\/berisha_iku.jpg\",\"articleSection\":[\"Artikuj\"],\"inLanguage\":\"sq-AL\",\"potentialAction\":[{\"@type\":\"CommentAction\",\"name\":\"Comment\",\"target\":[\"https:\\\/\\\/fjala.info\\\/2009-2015\\\/berisha-renia-e-nje-modeli-nuk-iku-e-hoqen\\\/#respond\"]}]},{\"@type\":\"WebPage\",\"@id\":\"https:\\\/\\\/fjala.info\\\/2009-2015\\\/berisha-renia-e-nje-modeli-nuk-iku-e-hoqen\\\/\",\"url\":\"https:\\\/\\\/fjala.info\\\/2009-2015\\\/berisha-renia-e-nje-modeli-nuk-iku-e-hoqen\\\/\",\"name\":\"Berisha, r\u00ebnia e nj\u00eb modeli \u2013 Nuk iku, e hoq\u00ebn - FjALA e LIR\u00cb - Arkivi\",\"isPartOf\":{\"@id\":\"https:\\\/\\\/fjala.info\\\/2009-2015\\\/#website\"},\"primaryImageOfPage\":{\"@id\":\"https:\\\/\\\/fjala.info\\\/2009-2015\\\/berisha-renia-e-nje-modeli-nuk-iku-e-hoqen\\\/#primaryimage\"},\"image\":{\"@id\":\"https:\\\/\\\/fjala.info\\\/2009-2015\\\/berisha-renia-e-nje-modeli-nuk-iku-e-hoqen\\\/#primaryimage\"},\"thumbnailUrl\":\"http:\\\/\\\/www.fjala.info\\\/2013\\\/berisha_iku.jpg\",\"datePublished\":\"2013-07-02T08:48:21+00:00\",\"breadcrumb\":{\"@id\":\"https:\\\/\\\/fjala.info\\\/2009-2015\\\/berisha-renia-e-nje-modeli-nuk-iku-e-hoqen\\\/#breadcrumb\"},\"inLanguage\":\"sq-AL\",\"potentialAction\":[{\"@type\":\"ReadAction\",\"target\":[\"https:\\\/\\\/fjala.info\\\/2009-2015\\\/berisha-renia-e-nje-modeli-nuk-iku-e-hoqen\\\/\"]}]},{\"@type\":\"ImageObject\",\"inLanguage\":\"sq-AL\",\"@id\":\"https:\\\/\\\/fjala.info\\\/2009-2015\\\/berisha-renia-e-nje-modeli-nuk-iku-e-hoqen\\\/#primaryimage\",\"url\":\"http:\\\/\\\/www.fjala.info\\\/2013\\\/berisha_iku.jpg\",\"contentUrl\":\"http:\\\/\\\/www.fjala.info\\\/2013\\\/berisha_iku.jpg\"},{\"@type\":\"BreadcrumbList\",\"@id\":\"https:\\\/\\\/fjala.info\\\/2009-2015\\\/berisha-renia-e-nje-modeli-nuk-iku-e-hoqen\\\/#breadcrumb\",\"itemListElement\":[{\"@type\":\"ListItem\",\"position\":1,\"name\":\"Home\",\"item\":\"https:\\\/\\\/fjala.info\\\/2009-2015\\\/\"},{\"@type\":\"ListItem\",\"position\":2,\"name\":\"Berisha, r\u00ebnia e nj\u00eb modeli \u2013 Nuk iku, e hoq\u00ebn\"}]},{\"@type\":\"WebSite\",\"@id\":\"https:\\\/\\\/fjala.info\\\/2009-2015\\\/#website\",\"url\":\"https:\\\/\\\/fjala.info\\\/2009-2015\\\/\",\"name\":\"FjALA e LIR\u00cb - Arkivi\",\"description\":\"Arkivi 2009-2015\",\"publisher\":{\"@id\":\"https:\\\/\\\/fjala.info\\\/2009-2015\\\/#organization\"},\"potentialAction\":[{\"@type\":\"SearchAction\",\"target\":{\"@type\":\"EntryPoint\",\"urlTemplate\":\"https:\\\/\\\/fjala.info\\\/2009-2015\\\/?s={search_term_string}\"},\"query-input\":{\"@type\":\"PropertyValueSpecification\",\"valueRequired\":true,\"valueName\":\"search_term_string\"}}],\"inLanguage\":\"sq-AL\"},{\"@type\":\"Organization\",\"@id\":\"https:\\\/\\\/fjala.info\\\/2009-2015\\\/#organization\",\"name\":\"FjALA e LIR\u00cb - Arkivi\",\"url\":\"https:\\\/\\\/fjala.info\\\/2009-2015\\\/\",\"logo\":{\"@type\":\"ImageObject\",\"inLanguage\":\"sq-AL\",\"@id\":\"https:\\\/\\\/fjala.info\\\/2009-2015\\\/#\\\/schema\\\/logo\\\/image\\\/\",\"url\":\"\",\"contentUrl\":\"\",\"caption\":\"FjALA e LIR\u00cb - Arkivi\"},\"image\":{\"@id\":\"https:\\\/\\\/fjala.info\\\/2009-2015\\\/#\\\/schema\\\/logo\\\/image\\\/\"}},{\"@type\":\"Person\",\"@id\":\"https:\\\/\\\/fjala.info\\\/2009-2015\\\/#\\\/schema\\\/person\\\/3aa1163ef05469c496fc94e77611ada2\",\"name\":\"admin\",\"image\":{\"@type\":\"ImageObject\",\"inLanguage\":\"sq-AL\",\"@id\":\"https:\\\/\\\/fjala.info\\\/2009-2015\\\/wp-content\\\/uploads\\\/2012\\\/02\\\/arben_cokaj-120x150.jpg\",\"url\":\"https:\\\/\\\/fjala.info\\\/2009-2015\\\/wp-content\\\/uploads\\\/2012\\\/02\\\/arben_cokaj-120x150.jpg\",\"contentUrl\":\"https:\\\/\\\/fjala.info\\\/2009-2015\\\/wp-content\\\/uploads\\\/2012\\\/02\\\/arben_cokaj-120x150.jpg\",\"caption\":\"admin\"},\"description\":\"Admin, Fjala e Lir\u00eb\",\"sameAs\":[\"https:\\\/\\\/fjala.info\\\/\"],\"url\":\"https:\\\/\\\/fjala.info\\\/2009-2015\\\/author\\\/admin\\\/\"}]}<\/script>\n<!-- \/ Yoast SEO plugin. -->","yoast_head_json":{"title":"Berisha, r\u00ebnia e nj\u00eb modeli \u2013 Nuk iku, e hoq\u00ebn - FjALA e LIR\u00cb - Arkivi","robots":{"index":"index","follow":"follow","max-snippet":"max-snippet:-1","max-image-preview":"max-image-preview:large","max-video-preview":"max-video-preview:-1"},"canonical":"https:\/\/fjala.info\/2009-2015\/berisha-renia-e-nje-modeli-nuk-iku-e-hoqen\/","og_locale":"sq_AL","og_type":"article","og_title":"Berisha, r\u00ebnia e nj\u00eb modeli \u2013 Nuk iku, e hoq\u00ebn - FjALA e LIR\u00cb - Arkivi","og_description":"Esht\u00eb padyshim figura m\u00eb kontraverse e historis\u00eb shqiptare, nj\u00eb nga tre kulmet e trek\u00ebnd\u00ebshit q\u00eb p\u00ebrfshijn\u00eb Ahmet Zogun dhe Enver Hoxh\u00ebn. E nj\u00ebjta teknologji e aft\u00eb t\u00eb krijoj\u00eb nj\u00eb marr\u00ebdh\u00ebnie t\u00eb paprer\u00eb mes dashuris\u00eb dhe urrjejtjes, g\u00ebnjeshtr\u00ebs dhe autosugjestionit. Sali Berisha \u00ebsht\u00eb nj\u00eb figur\u00eb plot dit\u00ebhije, por me shum\u00eb m\u00eb shum\u00eb hije sesa drit\u00eb. P\u00ebrmasat [&hellip;]","og_url":"https:\/\/fjala.info\/2009-2015\/berisha-renia-e-nje-modeli-nuk-iku-e-hoqen\/","og_site_name":"FjALA e LIR\u00cb - Arkivi","article_published_time":"2013-07-02T08:48:21+00:00","og_image":[{"url":"http:\/\/www.fjala.info\/2013\/berisha_iku.jpg","type":"","width":"","height":""}],"author":"admin","twitter_card":"summary_large_image","twitter_misc":{"Written by":"admin","Est. reading time":"14 minutes"},"schema":{"@context":"https:\/\/schema.org","@graph":[{"@type":"Article","@id":"https:\/\/fjala.info\/2009-2015\/berisha-renia-e-nje-modeli-nuk-iku-e-hoqen\/#article","isPartOf":{"@id":"https:\/\/fjala.info\/2009-2015\/berisha-renia-e-nje-modeli-nuk-iku-e-hoqen\/"},"author":{"name":"admin","@id":"https:\/\/fjala.info\/2009-2015\/#\/schema\/person\/3aa1163ef05469c496fc94e77611ada2"},"headline":"Berisha, r\u00ebnia e nj\u00eb modeli \u2013 Nuk iku, e hoq\u00ebn","datePublished":"2013-07-02T08:48:21+00:00","mainEntityOfPage":{"@id":"https:\/\/fjala.info\/2009-2015\/berisha-renia-e-nje-modeli-nuk-iku-e-hoqen\/"},"wordCount":2780,"commentCount":0,"publisher":{"@id":"https:\/\/fjala.info\/2009-2015\/#organization"},"image":{"@id":"https:\/\/fjala.info\/2009-2015\/berisha-renia-e-nje-modeli-nuk-iku-e-hoqen\/#primaryimage"},"thumbnailUrl":"http:\/\/www.fjala.info\/2013\/berisha_iku.jpg","articleSection":["Artikuj"],"inLanguage":"sq-AL","potentialAction":[{"@type":"CommentAction","name":"Comment","target":["https:\/\/fjala.info\/2009-2015\/berisha-renia-e-nje-modeli-nuk-iku-e-hoqen\/#respond"]}]},{"@type":"WebPage","@id":"https:\/\/fjala.info\/2009-2015\/berisha-renia-e-nje-modeli-nuk-iku-e-hoqen\/","url":"https:\/\/fjala.info\/2009-2015\/berisha-renia-e-nje-modeli-nuk-iku-e-hoqen\/","name":"Berisha, r\u00ebnia e nj\u00eb modeli \u2013 Nuk iku, e hoq\u00ebn - FjALA e LIR\u00cb - Arkivi","isPartOf":{"@id":"https:\/\/fjala.info\/2009-2015\/#website"},"primaryImageOfPage":{"@id":"https:\/\/fjala.info\/2009-2015\/berisha-renia-e-nje-modeli-nuk-iku-e-hoqen\/#primaryimage"},"image":{"@id":"https:\/\/fjala.info\/2009-2015\/berisha-renia-e-nje-modeli-nuk-iku-e-hoqen\/#primaryimage"},"thumbnailUrl":"http:\/\/www.fjala.info\/2013\/berisha_iku.jpg","datePublished":"2013-07-02T08:48:21+00:00","breadcrumb":{"@id":"https:\/\/fjala.info\/2009-2015\/berisha-renia-e-nje-modeli-nuk-iku-e-hoqen\/#breadcrumb"},"inLanguage":"sq-AL","potentialAction":[{"@type":"ReadAction","target":["https:\/\/fjala.info\/2009-2015\/berisha-renia-e-nje-modeli-nuk-iku-e-hoqen\/"]}]},{"@type":"ImageObject","inLanguage":"sq-AL","@id":"https:\/\/fjala.info\/2009-2015\/berisha-renia-e-nje-modeli-nuk-iku-e-hoqen\/#primaryimage","url":"http:\/\/www.fjala.info\/2013\/berisha_iku.jpg","contentUrl":"http:\/\/www.fjala.info\/2013\/berisha_iku.jpg"},{"@type":"BreadcrumbList","@id":"https:\/\/fjala.info\/2009-2015\/berisha-renia-e-nje-modeli-nuk-iku-e-hoqen\/#breadcrumb","itemListElement":[{"@type":"ListItem","position":1,"name":"Home","item":"https:\/\/fjala.info\/2009-2015\/"},{"@type":"ListItem","position":2,"name":"Berisha, r\u00ebnia e nj\u00eb modeli \u2013 Nuk iku, e hoq\u00ebn"}]},{"@type":"WebSite","@id":"https:\/\/fjala.info\/2009-2015\/#website","url":"https:\/\/fjala.info\/2009-2015\/","name":"FjALA e LIR\u00cb - Arkivi","description":"Arkivi 2009-2015","publisher":{"@id":"https:\/\/fjala.info\/2009-2015\/#organization"},"potentialAction":[{"@type":"SearchAction","target":{"@type":"EntryPoint","urlTemplate":"https:\/\/fjala.info\/2009-2015\/?s={search_term_string}"},"query-input":{"@type":"PropertyValueSpecification","valueRequired":true,"valueName":"search_term_string"}}],"inLanguage":"sq-AL"},{"@type":"Organization","@id":"https:\/\/fjala.info\/2009-2015\/#organization","name":"FjALA e LIR\u00cb - Arkivi","url":"https:\/\/fjala.info\/2009-2015\/","logo":{"@type":"ImageObject","inLanguage":"sq-AL","@id":"https:\/\/fjala.info\/2009-2015\/#\/schema\/logo\/image\/","url":"","contentUrl":"","caption":"FjALA e LIR\u00cb - Arkivi"},"image":{"@id":"https:\/\/fjala.info\/2009-2015\/#\/schema\/logo\/image\/"}},{"@type":"Person","@id":"https:\/\/fjala.info\/2009-2015\/#\/schema\/person\/3aa1163ef05469c496fc94e77611ada2","name":"admin","image":{"@type":"ImageObject","inLanguage":"sq-AL","@id":"https:\/\/fjala.info\/2009-2015\/wp-content\/uploads\/2012\/02\/arben_cokaj-120x150.jpg","url":"https:\/\/fjala.info\/2009-2015\/wp-content\/uploads\/2012\/02\/arben_cokaj-120x150.jpg","contentUrl":"https:\/\/fjala.info\/2009-2015\/wp-content\/uploads\/2012\/02\/arben_cokaj-120x150.jpg","caption":"admin"},"description":"Admin, Fjala e Lir\u00eb","sameAs":["https:\/\/fjala.info\/"],"url":"https:\/\/fjala.info\/2009-2015\/author\/admin\/"}]}},"_links":{"self":[{"href":"https:\/\/fjala.info\/2009-2015\/wp-json\/wp\/v2\/posts\/3491","targetHints":{"allow":["GET"]}}],"collection":[{"href":"https:\/\/fjala.info\/2009-2015\/wp-json\/wp\/v2\/posts"}],"about":[{"href":"https:\/\/fjala.info\/2009-2015\/wp-json\/wp\/v2\/types\/post"}],"author":[{"embeddable":true,"href":"https:\/\/fjala.info\/2009-2015\/wp-json\/wp\/v2\/users\/1"}],"replies":[{"embeddable":true,"href":"https:\/\/fjala.info\/2009-2015\/wp-json\/wp\/v2\/comments?post=3491"}],"version-history":[{"count":0,"href":"https:\/\/fjala.info\/2009-2015\/wp-json\/wp\/v2\/posts\/3491\/revisions"}],"wp:attachment":[{"href":"https:\/\/fjala.info\/2009-2015\/wp-json\/wp\/v2\/media?parent=3491"}],"wp:term":[{"taxonomy":"category","embeddable":true,"href":"https:\/\/fjala.info\/2009-2015\/wp-json\/wp\/v2\/categories?post=3491"},{"taxonomy":"post_tag","embeddable":true,"href":"https:\/\/fjala.info\/2009-2015\/wp-json\/wp\/v2\/tags?post=3491"}],"curies":[{"name":"wp","href":"https:\/\/api.w.org\/{rel}","templated":true}]}}