{"id":3489,"date":"2013-07-02T09:44:49","date_gmt":"2013-07-02T08:44:49","guid":{"rendered":"http:\/\/fjala.info\/?p=3489"},"modified":"2013-07-02T09:44:49","modified_gmt":"2013-07-02T08:44:49","slug":"masakrat-e-kriminelit-mehmet-fatih-mbi-shqiptaret-fakte-nga-kronikat-e-tursun-beut","status":"publish","type":"post","link":"https:\/\/fjala.info\/2009-2015\/masakrat-e-kriminelit-mehmet-fatih-mbi-shqiptaret-fakte-nga-kronikat-e-tursun-beut\/","title":{"rendered":"Masakrat e kriminelit Mehmet Fatih mbi shqiptar\u00ebt. Fakte nga kronikat e Tursun Beut"},"content":{"rendered":"<p><img decoding=\"async\" class=\"alignright size-thumbnail wp-image-7236\" title=\"Mehmet Fatih\" alt=\"\" src=\"http:\/\/www.fjala.info\/2013\/mehmet_fatih.jpg\" width=\"150\" \/> <em><strong>Pjesa e Par\u00eb<\/strong><\/em>.<\/p>\n<p>Fushata e sundimtarit Baba i Pushtimit n\u00eb trojet etnike t\u00eb Shqip\u00ebris\u00eb, n\u00ebnshtrimi i rebel\u00ebve vend\u00ebs dhe nd\u00ebrtimi i fortes\u00ebs s\u00eb Elbasanit.<\/p>\n<p>N\u00eb pranver\u00ebn e vitit tet\u00ebqind e shtat\u00ebdhjet\u00eb (1466), kur n\u00eb mes t\u00eb kuvendit t\u00eb l\u00ebndin\u00ebs lauresha psalte me z\u00eb melodioz vargun: &#8220;E v\u00ebshtro n\u00eb gjurm\u00ebt e m\u00ebshir\u00ebs s\u00eb Zotit, si Ai i jep jet\u00eb tok\u00ebs s\u00eb vdekur (Kurani 30:50)&#8221;, pas shpalljes s\u00eb nisjes s\u00eb luft\u00ebs kund\u00ebr Shqip\u00ebris\u00eb, \u00e7do gazi ngjeshi me d\u00ebshir\u00eb shpat\u00ebn. Flamujt-emblema t\u00eb pushtimit &#8211; u vun\u00eb n\u00eb l\u00ebvizje nga Edreneja.<\/p>\n<p>Kur tendat e fushimit t\u00eb Sulltanit shtrin\u00eb hijen e tyre mbi fush\u00ebn e qytetit t\u00eb Manastirit, aty rend\u00ebn nga t\u00eb gjitha an\u00ebt luft\u00ebtar\u00ebt &#8211; t\u00eb prir\u00eb prej fitores &#8211; p\u00ebr t&#8217;iu bashkuar ushtris\u00eb perandorake, si ca lumenj t\u00eb m\u00ebdhenj q\u00eb l\u00ebshohen n\u00eb det dhe, si dallg\u00ebt e detit q\u00eb ven\u00eb e p\u00ebrplasen, u derdh\u00ebn mbi Shqip\u00ebri. Aradhe t\u00eb tilla, secila me nj\u00eb mij\u00eb luft\u00ebtar\u00eb. Ku secili nga k\u00ebta guximtar\u00eb, sa nj\u00eb mij\u00eb heronj vlen. Kasneci i gjendjes b\u00ebri t\u00eb mb\u00ebrrij\u00eb n\u00eb vesh\u00ebt e m\u00ebkatar\u00ebve t\u00eb pafe jehona e k\u00ebrc\u00ebnimit: &#8220;O milingona! Futuni n\u00ebp\u00ebr sht\u00ebpi q\u00eb t\u00eb mos ju shkel\u00eb Solomoni me trupat e tij! (Kurani 27:18)&#8221;.<\/p>\n<p>T\u00eb pafet\u00eb e mallkuar mbet\u00ebn t\u00eb hutuar e t\u00eb \u00e7oroditur nga njoftimi i llahtarsh\u00ebm i k\u00ebtij sulmi t\u00eb af\u00ebrt dhe vajt\u00ebn u strehuan n\u00ebp\u00ebr malet e rr\u00ebpira e luginat e thella, duke bllokuar shtigjet. B\u00ebn\u00eb gjith\u00eb \u00e7&#8217;mund\u00ebn p\u00ebr t&#8217;u mbrojtur dhe k\u00ebshtu d\u00ebshmuan t\u00ebr\u00eb kryene\u00e7\u00ebsin\u00eb e tyre p\u00ebr t\u00eb rezistuar, duke k\u00ebmb\u00ebngulur n\u00eb prap\u00ebsin\u00eb e tyre m\u00eb t\u00eb skajshme. Por luft\u00ebtar\u00ebt e Sulltanit, t\u00eb nxitur prej mendimit t\u00eb shp\u00ebrbles\u00ebs hyjnore t\u00eb luft\u00ebs s\u00eb shenjt\u00eb, si dhe t\u00eb shpres\u00ebs p\u00ebr t\u00eb b\u00ebr\u00eb pla\u00e7k\u00eb t\u00eb madhe, p\u00ebrparuan n\u00eb t\u00eb atill\u00eb m\u00ebnyr\u00eb sa q\u00eb \u00e7do mal i pakap\u00ebrcyesh\u00ebm dhe \u00e7do lugin\u00eb e thell\u00eb u dukej rrafshin\u00eb e leht\u00eb &#8220;ku nuk do t\u00eb mund t\u00eb shihje as ult\u00ebsir\u00eb, as lart\u00ebsi (Kurani 20:107)&#8221;.<\/p>\n<p>Me ndihm\u00ebn e Zotit, m\u00eb t\u00eb Lartit pushtuan \u00e7do streh\u00eb q\u00eb m\u00ebsyn\u00eb dhe grabit\u00ebn e pla\u00e7kit\u00ebn kaq shum\u00eb pasuri t\u00eb frymore e jofrymore, saq\u00eb djelmosha me tipare engj\u00ebllore dhe vasha me pamje hyrish, q\u00eb vlenin tre a kat\u00ebr mij\u00eb aspra, krijesa t\u00eb k\u00ebndshme me tipare t\u00eb tilla q\u00eb mjaft q\u00eb t\u2019i shihje n\u00eb fytyr\u00eb q\u00eb t\u00eb t\u00eb ikte mendja, shiteshin ve\u00e7 p\u00ebr vet\u00ebm tre apo kat\u00ebrqind aspra. T\u00eb tilla hyri q\u00eb kushdo q\u00eb i sheh n\u00eb tend\u00eb kujton se \u00ebsht\u00eb p\u00ebrnj\u00ebmend n\u00eb Parajs\u00eb. T&#8217;i shihje kur mbi gjoksin tim dergjej, do besoje se n\u00eb nj\u00eb trup dy shpirtra qen\u00eb. Te till\u00eb djelmosha q\u00eb, p\u00ebr at\u00eb Zot, n\u00eb thon\u00eb Se ka dhe m\u00eb t\u00eb bukur, g\u00ebnjeshtra thon\u00eb.<\/p>\n<p>Ve\u00e7 k\u00ebsaj, buaj me l\u00ebkur\u00eb &#8220;n\u00eb ngjyr\u00eb t\u00eb verdh\u00eb t\u00eb ndezur q\u00eb k\u00ebnaq shikimin (Kurani 2:69)&#8221; mund t&#8217;i blije p\u00ebr tri a kat\u00ebr aspra, nd\u00ebrsa edhe p\u00ebr m\u00eb pak se dy aspra shitej nj\u00eb dash p\u00ebr\u00e7or i kopes\u00eb q\u00eb \u00ebsht\u00eb b\u00ebr\u00eb gati p\u00ebr t&#8217;iu flijuar Zotit. \u00c7do \u00e7ad\u00ebr ishte e mbushur p\u00ebrplot me pla\u00e7k\u00eb t\u00eb rr\u00ebmbyer. At\u00ebher\u00eb u dha urdhri t\u00eb shtroheshin n\u00eb bindje ata harbut\u00eb t\u00eb pafe. P\u00ebr k\u00ebt\u00eb arsye, n\u00eb \u00e7do vendq\u00ebndrim sillnin para Sovranit fitimtar meshkujt e lidhur me zinxhir\u00eb q\u00eb luft\u00ebtar\u00ebt guximtar\u00eb e t\u00eb shkath\u00ebt t\u00eb islamit me nj\u00eb t\u00eb r\u00ebn\u00eb t\u00eb shpat\u00ebs, fap-fap &#8211; i ekzekutonin. I b\u00ebn\u00eb k\u00ebshtu ata njer\u00ebz q\u00eb aq t\u00eb etur e t\u00eb d\u00ebshiruar qen\u00eb pas vdekjes, t\u00eb shijonin ver\u00ebn e rr\u00ebnimit q\u00eb derdhej prej shpat\u00ebs s\u00eb shndritshme.<\/p>\n<p>Pati ndalesa ku u shkuan n\u00eb shpat\u00eb deri n\u00eb tre mij\u00eb, kat\u00ebr mij\u00eb, shtat\u00eb mij\u00eb nga t\u00eb pafet\u00eb. Prej kufomave<br \/>\nt\u00eb shumta, lugina t\u00eb thella tanim\u00eb ngjasoni si t\u00eb ishin kodra. Prej gjakut t\u00eb derdhur, rrafshina t\u00eb gjera tani ngjasonin si Amudarja (Xhejhun: Oksusi i lasht\u00eb, q\u00eb bashk\u00eb me Sirdarjen formonin Transoksian\u00ebn,<br \/>\nterritor q\u00eb sot p\u00ebrkon pjes\u00ebrisht me Uzebkistanin . Aludohet p\u00ebr uj\u00ebrat e bollshme t\u00eb k\u00ebtij lumi) q\u00eb<br \/>\nrridhte. Pas t\u00ebr\u00eb k\u00ebtij shkat\u00ebrrimi, u mor vendimi i m\u00ebposht\u00ebm: n\u00eb fush\u00ebn e Jundit q\u00eb \u00ebsht\u00eb k\u00ebrthiza e atij vendi, do t\u00eb nd\u00ebrtohej nj\u00eb fortes\u00eb e pathyeshme.<\/p>\n<p>Sakaq m\u00ebk\u00ebmb\u00ebsit fisnik\u00eb, hodh\u00ebn themelet e nj\u00eb fortese t\u00eb q\u00ebndrueshme kat\u00ebrk\u00ebnd\u00ebshe, si\u00e7 qen\u00eb<br \/>\nurdh\u00ebruar, dhe brenda nj\u00eb kohe t\u00eb shkurt\u00ebr e kryen nd\u00ebrtimin. Kat\u00ebrk\u00ebnd\u00ebshi n\u00eb \u00ebsht\u00eb th\u00ebn\u00eb t\u00eb jet\u00eb me ogurzeza form\u00eb, s&#8217;ka dyshim se do t\u00eb ket\u00eb qene e till\u00eb p\u00ebr t\u00eb pafet\u00eb. N\u00eb past\u00eb di\u00e7ka q\u00eb t\u00eb p\u00ebrqaset me yllin e Shahut te gjith\u00ebsis\u00eb, s&#8217; ka dyshim se kjo \u00ebsht\u00eb m\u00eb e mbara e formave. Nj\u00eb k\u00ebshtjell\u00eb q\u00eb s&#8217;mund te dallohet prej reve, kull\u00eb e saj \u00ebsht\u00eb mur a re e zez\u00eb?<\/p>\n<p>Ai vend ishte i rrethuar nga t\u00eb gjitha an\u00ebt me male t\u00eb pakalueshme e gryka, por t\u00eb pafet\u00eb q\u00eb jetonin n\u00eb ato<br \/>\nlart\u00ebsi s&#8217;b\u00ebnin dot pa fush\u00ebn ku rrjedh uji i bollsh\u00ebm dhe ku tokat e buk\u00ebs jan\u00eb pjellore e t\u00eb pasura. Meq\u00eb<br \/>\nmes njer\u00ebzve u p\u00ebrhap fjala dhe zuri vend bindja se ishte nj\u00eb tok\u00eb pjellore, aty u dynd nga t\u00eb kat\u00ebr an\u00ebt<br \/>\nku ndodhej popullsia islame. Emrin ia vun\u00eb Elbasan, q\u00eb i p\u00ebrshtatej natyr\u00ebs s\u00eb tij (\u00cbsht\u00eb fjala p\u00ebr nj\u00eb loj\u00eb<br \/>\nt\u00eb mundshme fjal\u00ebsh mes emrit t\u00eb fortes\u00ebs dhe shprehjes \u201cel basan\u201d, q\u00eb mund t\u00eb p\u00ebrkthehet me shprehjen \u201ct\u00eb v\u00ebsh dor\u00ebn n\u00eb zjarr\u201d.<\/p>\n<p>Ende sot ai vendi \u00ebsht\u00eb kaq i lul\u00ebzuar saq\u00eb t\u00eb kujton gjurm\u00eb e nj\u00eb udh\u00ebtimi n\u00eb Sht\u00ebpin\u00eb e Parajs\u00ebs dhe vazhdon akoma t\u00eb rritet. U dyfishoft\u00eb rritja e tij. Pasi u krye nd\u00ebrtimi i fortes\u00ebs, Sulltani em\u00ebroi nj\u00eb komandant me nam dhe la aty roja t\u00eb p\u00ebrkushtuar gjer n\u00eb vdekje. Ajo iu bashk\u00ebngjit sanxhakut t\u00eb Ohrit dhe iu besua sanxhakbeut t\u00eb tij. At\u00ebher\u00eb sulltan Mehmeti u kthye fitimtar e triumfues n\u00eb Edrene, kryeqytet i Sulltanatit.<\/p>\n","protected":false},"excerpt":{"rendered":"<p>Pjesa e Par\u00eb. Fushata e sundimtarit Baba i Pushtimit n\u00eb trojet etnike t\u00eb Shqip\u00ebris\u00eb, n\u00ebnshtrimi i rebel\u00ebve vend\u00ebs dhe nd\u00ebrtimi i fortes\u00ebs s\u00eb Elbasanit. N\u00eb pranver\u00ebn e vitit tet\u00ebqind e shtat\u00ebdhjet\u00eb (1466), kur n\u00eb mes t\u00eb kuvendit t\u00eb l\u00ebndin\u00ebs lauresha psalte me z\u00eb melodioz vargun: &#8220;E v\u00ebshtro n\u00eb gjurm\u00ebt e m\u00ebshir\u00ebs s\u00eb Zotit, si Ai [&hellip;]<\/p>\n","protected":false},"author":1,"featured_media":0,"comment_status":"open","ping_status":"closed","sticky":false,"template":"","format":"standard","meta":{"footnotes":""},"categories":[2],"tags":[],"class_list":{"0":"post-3489","1":"post","2":"type-post","3":"status-publish","4":"format-standard","6":"category-artikuj"},"yoast_head":"<!-- This site is optimized with the Yoast SEO plugin v27.4 - https:\/\/yoast.com\/product\/yoast-seo-wordpress\/ -->\n<title>Masakrat e kriminelit Mehmet Fatih mbi shqiptar\u00ebt. Fakte nga kronikat e Tursun Beut - FjALA e LIR\u00cb - Arkivi<\/title>\n<meta name=\"robots\" content=\"index, follow, max-snippet:-1, max-image-preview:large, max-video-preview:-1\" \/>\n<link rel=\"canonical\" href=\"https:\/\/fjala.info\/2009-2015\/masakrat-e-kriminelit-mehmet-fatih-mbi-shqiptaret-fakte-nga-kronikat-e-tursun-beut\/\" \/>\n<meta property=\"og:locale\" content=\"sq_AL\" \/>\n<meta property=\"og:type\" content=\"article\" \/>\n<meta property=\"og:title\" content=\"Masakrat e kriminelit Mehmet Fatih mbi shqiptar\u00ebt. Fakte nga kronikat e Tursun Beut - FjALA e LIR\u00cb - Arkivi\" \/>\n<meta property=\"og:description\" content=\"Pjesa e Par\u00eb. Fushata e sundimtarit Baba i Pushtimit n\u00eb trojet etnike t\u00eb Shqip\u00ebris\u00eb, n\u00ebnshtrimi i rebel\u00ebve vend\u00ebs dhe nd\u00ebrtimi i fortes\u00ebs s\u00eb Elbasanit. N\u00eb pranver\u00ebn e vitit tet\u00ebqind e shtat\u00ebdhjet\u00eb (1466), kur n\u00eb mes t\u00eb kuvendit t\u00eb l\u00ebndin\u00ebs lauresha psalte me z\u00eb melodioz vargun: &#8220;E v\u00ebshtro n\u00eb gjurm\u00ebt e m\u00ebshir\u00ebs s\u00eb Zotit, si Ai [&hellip;]\" \/>\n<meta property=\"og:url\" content=\"https:\/\/fjala.info\/2009-2015\/masakrat-e-kriminelit-mehmet-fatih-mbi-shqiptaret-fakte-nga-kronikat-e-tursun-beut\/\" \/>\n<meta property=\"og:site_name\" content=\"FjALA e LIR\u00cb - Arkivi\" \/>\n<meta property=\"article:published_time\" content=\"2013-07-02T08:44:49+00:00\" \/>\n<meta property=\"og:image\" content=\"http:\/\/www.fjala.info\/2013\/mehmet_fatih.jpg\" \/>\n<meta name=\"author\" content=\"admin\" \/>\n<meta name=\"twitter:card\" content=\"summary_large_image\" \/>\n<meta name=\"twitter:label1\" content=\"Written by\" \/>\n\t<meta name=\"twitter:data1\" content=\"admin\" \/>\n\t<meta name=\"twitter:label2\" content=\"Est. reading time\" \/>\n\t<meta name=\"twitter:data2\" content=\"5 minutes\" \/>\n<script type=\"application\/ld+json\" class=\"yoast-schema-graph\">{\"@context\":\"https:\\\/\\\/schema.org\",\"@graph\":[{\"@type\":\"Article\",\"@id\":\"https:\\\/\\\/fjala.info\\\/2009-2015\\\/masakrat-e-kriminelit-mehmet-fatih-mbi-shqiptaret-fakte-nga-kronikat-e-tursun-beut\\\/#article\",\"isPartOf\":{\"@id\":\"https:\\\/\\\/fjala.info\\\/2009-2015\\\/masakrat-e-kriminelit-mehmet-fatih-mbi-shqiptaret-fakte-nga-kronikat-e-tursun-beut\\\/\"},\"author\":{\"name\":\"admin\",\"@id\":\"https:\\\/\\\/fjala.info\\\/2009-2015\\\/#\\\/schema\\\/person\\\/3aa1163ef05469c496fc94e77611ada2\"},\"headline\":\"Masakrat e kriminelit Mehmet Fatih mbi shqiptar\u00ebt. Fakte nga kronikat e Tursun Beut\",\"datePublished\":\"2013-07-02T08:44:49+00:00\",\"mainEntityOfPage\":{\"@id\":\"https:\\\/\\\/fjala.info\\\/2009-2015\\\/masakrat-e-kriminelit-mehmet-fatih-mbi-shqiptaret-fakte-nga-kronikat-e-tursun-beut\\\/\"},\"wordCount\":1120,\"commentCount\":0,\"publisher\":{\"@id\":\"https:\\\/\\\/fjala.info\\\/2009-2015\\\/#organization\"},\"image\":{\"@id\":\"https:\\\/\\\/fjala.info\\\/2009-2015\\\/masakrat-e-kriminelit-mehmet-fatih-mbi-shqiptaret-fakte-nga-kronikat-e-tursun-beut\\\/#primaryimage\"},\"thumbnailUrl\":\"http:\\\/\\\/www.fjala.info\\\/2013\\\/mehmet_fatih.jpg\",\"articleSection\":[\"Artikuj\"],\"inLanguage\":\"sq-AL\",\"potentialAction\":[{\"@type\":\"CommentAction\",\"name\":\"Comment\",\"target\":[\"https:\\\/\\\/fjala.info\\\/2009-2015\\\/masakrat-e-kriminelit-mehmet-fatih-mbi-shqiptaret-fakte-nga-kronikat-e-tursun-beut\\\/#respond\"]}]},{\"@type\":\"WebPage\",\"@id\":\"https:\\\/\\\/fjala.info\\\/2009-2015\\\/masakrat-e-kriminelit-mehmet-fatih-mbi-shqiptaret-fakte-nga-kronikat-e-tursun-beut\\\/\",\"url\":\"https:\\\/\\\/fjala.info\\\/2009-2015\\\/masakrat-e-kriminelit-mehmet-fatih-mbi-shqiptaret-fakte-nga-kronikat-e-tursun-beut\\\/\",\"name\":\"Masakrat e kriminelit Mehmet Fatih mbi shqiptar\u00ebt. Fakte nga kronikat e Tursun Beut - FjALA e LIR\u00cb - Arkivi\",\"isPartOf\":{\"@id\":\"https:\\\/\\\/fjala.info\\\/2009-2015\\\/#website\"},\"primaryImageOfPage\":{\"@id\":\"https:\\\/\\\/fjala.info\\\/2009-2015\\\/masakrat-e-kriminelit-mehmet-fatih-mbi-shqiptaret-fakte-nga-kronikat-e-tursun-beut\\\/#primaryimage\"},\"image\":{\"@id\":\"https:\\\/\\\/fjala.info\\\/2009-2015\\\/masakrat-e-kriminelit-mehmet-fatih-mbi-shqiptaret-fakte-nga-kronikat-e-tursun-beut\\\/#primaryimage\"},\"thumbnailUrl\":\"http:\\\/\\\/www.fjala.info\\\/2013\\\/mehmet_fatih.jpg\",\"datePublished\":\"2013-07-02T08:44:49+00:00\",\"breadcrumb\":{\"@id\":\"https:\\\/\\\/fjala.info\\\/2009-2015\\\/masakrat-e-kriminelit-mehmet-fatih-mbi-shqiptaret-fakte-nga-kronikat-e-tursun-beut\\\/#breadcrumb\"},\"inLanguage\":\"sq-AL\",\"potentialAction\":[{\"@type\":\"ReadAction\",\"target\":[\"https:\\\/\\\/fjala.info\\\/2009-2015\\\/masakrat-e-kriminelit-mehmet-fatih-mbi-shqiptaret-fakte-nga-kronikat-e-tursun-beut\\\/\"]}]},{\"@type\":\"ImageObject\",\"inLanguage\":\"sq-AL\",\"@id\":\"https:\\\/\\\/fjala.info\\\/2009-2015\\\/masakrat-e-kriminelit-mehmet-fatih-mbi-shqiptaret-fakte-nga-kronikat-e-tursun-beut\\\/#primaryimage\",\"url\":\"http:\\\/\\\/www.fjala.info\\\/2013\\\/mehmet_fatih.jpg\",\"contentUrl\":\"http:\\\/\\\/www.fjala.info\\\/2013\\\/mehmet_fatih.jpg\"},{\"@type\":\"BreadcrumbList\",\"@id\":\"https:\\\/\\\/fjala.info\\\/2009-2015\\\/masakrat-e-kriminelit-mehmet-fatih-mbi-shqiptaret-fakte-nga-kronikat-e-tursun-beut\\\/#breadcrumb\",\"itemListElement\":[{\"@type\":\"ListItem\",\"position\":1,\"name\":\"Home\",\"item\":\"https:\\\/\\\/fjala.info\\\/2009-2015\\\/\"},{\"@type\":\"ListItem\",\"position\":2,\"name\":\"Masakrat e kriminelit Mehmet Fatih mbi shqiptar\u00ebt. Fakte nga kronikat e Tursun Beut\"}]},{\"@type\":\"WebSite\",\"@id\":\"https:\\\/\\\/fjala.info\\\/2009-2015\\\/#website\",\"url\":\"https:\\\/\\\/fjala.info\\\/2009-2015\\\/\",\"name\":\"FjALA e LIR\u00cb - Arkivi\",\"description\":\"Arkivi 2009-2015\",\"publisher\":{\"@id\":\"https:\\\/\\\/fjala.info\\\/2009-2015\\\/#organization\"},\"potentialAction\":[{\"@type\":\"SearchAction\",\"target\":{\"@type\":\"EntryPoint\",\"urlTemplate\":\"https:\\\/\\\/fjala.info\\\/2009-2015\\\/?s={search_term_string}\"},\"query-input\":{\"@type\":\"PropertyValueSpecification\",\"valueRequired\":true,\"valueName\":\"search_term_string\"}}],\"inLanguage\":\"sq-AL\"},{\"@type\":\"Organization\",\"@id\":\"https:\\\/\\\/fjala.info\\\/2009-2015\\\/#organization\",\"name\":\"FjALA e LIR\u00cb - Arkivi\",\"url\":\"https:\\\/\\\/fjala.info\\\/2009-2015\\\/\",\"logo\":{\"@type\":\"ImageObject\",\"inLanguage\":\"sq-AL\",\"@id\":\"https:\\\/\\\/fjala.info\\\/2009-2015\\\/#\\\/schema\\\/logo\\\/image\\\/\",\"url\":\"\",\"contentUrl\":\"\",\"caption\":\"FjALA e LIR\u00cb - Arkivi\"},\"image\":{\"@id\":\"https:\\\/\\\/fjala.info\\\/2009-2015\\\/#\\\/schema\\\/logo\\\/image\\\/\"}},{\"@type\":\"Person\",\"@id\":\"https:\\\/\\\/fjala.info\\\/2009-2015\\\/#\\\/schema\\\/person\\\/3aa1163ef05469c496fc94e77611ada2\",\"name\":\"admin\",\"image\":{\"@type\":\"ImageObject\",\"inLanguage\":\"sq-AL\",\"@id\":\"https:\\\/\\\/fjala.info\\\/2009-2015\\\/wp-content\\\/uploads\\\/2012\\\/02\\\/arben_cokaj-120x150.jpg\",\"url\":\"https:\\\/\\\/fjala.info\\\/2009-2015\\\/wp-content\\\/uploads\\\/2012\\\/02\\\/arben_cokaj-120x150.jpg\",\"contentUrl\":\"https:\\\/\\\/fjala.info\\\/2009-2015\\\/wp-content\\\/uploads\\\/2012\\\/02\\\/arben_cokaj-120x150.jpg\",\"caption\":\"admin\"},\"description\":\"Admin, Fjala e Lir\u00eb\",\"sameAs\":[\"https:\\\/\\\/fjala.info\\\/\"],\"url\":\"https:\\\/\\\/fjala.info\\\/2009-2015\\\/author\\\/admin\\\/\"}]}<\/script>\n<!-- \/ Yoast SEO plugin. -->","yoast_head_json":{"title":"Masakrat e kriminelit Mehmet Fatih mbi shqiptar\u00ebt. Fakte nga kronikat e Tursun Beut - FjALA e LIR\u00cb - Arkivi","robots":{"index":"index","follow":"follow","max-snippet":"max-snippet:-1","max-image-preview":"max-image-preview:large","max-video-preview":"max-video-preview:-1"},"canonical":"https:\/\/fjala.info\/2009-2015\/masakrat-e-kriminelit-mehmet-fatih-mbi-shqiptaret-fakte-nga-kronikat-e-tursun-beut\/","og_locale":"sq_AL","og_type":"article","og_title":"Masakrat e kriminelit Mehmet Fatih mbi shqiptar\u00ebt. Fakte nga kronikat e Tursun Beut - FjALA e LIR\u00cb - Arkivi","og_description":"Pjesa e Par\u00eb. Fushata e sundimtarit Baba i Pushtimit n\u00eb trojet etnike t\u00eb Shqip\u00ebris\u00eb, n\u00ebnshtrimi i rebel\u00ebve vend\u00ebs dhe nd\u00ebrtimi i fortes\u00ebs s\u00eb Elbasanit. N\u00eb pranver\u00ebn e vitit tet\u00ebqind e shtat\u00ebdhjet\u00eb (1466), kur n\u00eb mes t\u00eb kuvendit t\u00eb l\u00ebndin\u00ebs lauresha psalte me z\u00eb melodioz vargun: &#8220;E v\u00ebshtro n\u00eb gjurm\u00ebt e m\u00ebshir\u00ebs s\u00eb Zotit, si Ai [&hellip;]","og_url":"https:\/\/fjala.info\/2009-2015\/masakrat-e-kriminelit-mehmet-fatih-mbi-shqiptaret-fakte-nga-kronikat-e-tursun-beut\/","og_site_name":"FjALA e LIR\u00cb - Arkivi","article_published_time":"2013-07-02T08:44:49+00:00","og_image":[{"url":"http:\/\/www.fjala.info\/2013\/mehmet_fatih.jpg","type":"","width":"","height":""}],"author":"admin","twitter_card":"summary_large_image","twitter_misc":{"Written by":"admin","Est. reading time":"5 minutes"},"schema":{"@context":"https:\/\/schema.org","@graph":[{"@type":"Article","@id":"https:\/\/fjala.info\/2009-2015\/masakrat-e-kriminelit-mehmet-fatih-mbi-shqiptaret-fakte-nga-kronikat-e-tursun-beut\/#article","isPartOf":{"@id":"https:\/\/fjala.info\/2009-2015\/masakrat-e-kriminelit-mehmet-fatih-mbi-shqiptaret-fakte-nga-kronikat-e-tursun-beut\/"},"author":{"name":"admin","@id":"https:\/\/fjala.info\/2009-2015\/#\/schema\/person\/3aa1163ef05469c496fc94e77611ada2"},"headline":"Masakrat e kriminelit Mehmet Fatih mbi shqiptar\u00ebt. Fakte nga kronikat e Tursun Beut","datePublished":"2013-07-02T08:44:49+00:00","mainEntityOfPage":{"@id":"https:\/\/fjala.info\/2009-2015\/masakrat-e-kriminelit-mehmet-fatih-mbi-shqiptaret-fakte-nga-kronikat-e-tursun-beut\/"},"wordCount":1120,"commentCount":0,"publisher":{"@id":"https:\/\/fjala.info\/2009-2015\/#organization"},"image":{"@id":"https:\/\/fjala.info\/2009-2015\/masakrat-e-kriminelit-mehmet-fatih-mbi-shqiptaret-fakte-nga-kronikat-e-tursun-beut\/#primaryimage"},"thumbnailUrl":"http:\/\/www.fjala.info\/2013\/mehmet_fatih.jpg","articleSection":["Artikuj"],"inLanguage":"sq-AL","potentialAction":[{"@type":"CommentAction","name":"Comment","target":["https:\/\/fjala.info\/2009-2015\/masakrat-e-kriminelit-mehmet-fatih-mbi-shqiptaret-fakte-nga-kronikat-e-tursun-beut\/#respond"]}]},{"@type":"WebPage","@id":"https:\/\/fjala.info\/2009-2015\/masakrat-e-kriminelit-mehmet-fatih-mbi-shqiptaret-fakte-nga-kronikat-e-tursun-beut\/","url":"https:\/\/fjala.info\/2009-2015\/masakrat-e-kriminelit-mehmet-fatih-mbi-shqiptaret-fakte-nga-kronikat-e-tursun-beut\/","name":"Masakrat e kriminelit Mehmet Fatih mbi shqiptar\u00ebt. Fakte nga kronikat e Tursun Beut - FjALA e LIR\u00cb - Arkivi","isPartOf":{"@id":"https:\/\/fjala.info\/2009-2015\/#website"},"primaryImageOfPage":{"@id":"https:\/\/fjala.info\/2009-2015\/masakrat-e-kriminelit-mehmet-fatih-mbi-shqiptaret-fakte-nga-kronikat-e-tursun-beut\/#primaryimage"},"image":{"@id":"https:\/\/fjala.info\/2009-2015\/masakrat-e-kriminelit-mehmet-fatih-mbi-shqiptaret-fakte-nga-kronikat-e-tursun-beut\/#primaryimage"},"thumbnailUrl":"http:\/\/www.fjala.info\/2013\/mehmet_fatih.jpg","datePublished":"2013-07-02T08:44:49+00:00","breadcrumb":{"@id":"https:\/\/fjala.info\/2009-2015\/masakrat-e-kriminelit-mehmet-fatih-mbi-shqiptaret-fakte-nga-kronikat-e-tursun-beut\/#breadcrumb"},"inLanguage":"sq-AL","potentialAction":[{"@type":"ReadAction","target":["https:\/\/fjala.info\/2009-2015\/masakrat-e-kriminelit-mehmet-fatih-mbi-shqiptaret-fakte-nga-kronikat-e-tursun-beut\/"]}]},{"@type":"ImageObject","inLanguage":"sq-AL","@id":"https:\/\/fjala.info\/2009-2015\/masakrat-e-kriminelit-mehmet-fatih-mbi-shqiptaret-fakte-nga-kronikat-e-tursun-beut\/#primaryimage","url":"http:\/\/www.fjala.info\/2013\/mehmet_fatih.jpg","contentUrl":"http:\/\/www.fjala.info\/2013\/mehmet_fatih.jpg"},{"@type":"BreadcrumbList","@id":"https:\/\/fjala.info\/2009-2015\/masakrat-e-kriminelit-mehmet-fatih-mbi-shqiptaret-fakte-nga-kronikat-e-tursun-beut\/#breadcrumb","itemListElement":[{"@type":"ListItem","position":1,"name":"Home","item":"https:\/\/fjala.info\/2009-2015\/"},{"@type":"ListItem","position":2,"name":"Masakrat e kriminelit Mehmet Fatih mbi shqiptar\u00ebt. Fakte nga kronikat e Tursun Beut"}]},{"@type":"WebSite","@id":"https:\/\/fjala.info\/2009-2015\/#website","url":"https:\/\/fjala.info\/2009-2015\/","name":"FjALA e LIR\u00cb - Arkivi","description":"Arkivi 2009-2015","publisher":{"@id":"https:\/\/fjala.info\/2009-2015\/#organization"},"potentialAction":[{"@type":"SearchAction","target":{"@type":"EntryPoint","urlTemplate":"https:\/\/fjala.info\/2009-2015\/?s={search_term_string}"},"query-input":{"@type":"PropertyValueSpecification","valueRequired":true,"valueName":"search_term_string"}}],"inLanguage":"sq-AL"},{"@type":"Organization","@id":"https:\/\/fjala.info\/2009-2015\/#organization","name":"FjALA e LIR\u00cb - Arkivi","url":"https:\/\/fjala.info\/2009-2015\/","logo":{"@type":"ImageObject","inLanguage":"sq-AL","@id":"https:\/\/fjala.info\/2009-2015\/#\/schema\/logo\/image\/","url":"","contentUrl":"","caption":"FjALA e LIR\u00cb - Arkivi"},"image":{"@id":"https:\/\/fjala.info\/2009-2015\/#\/schema\/logo\/image\/"}},{"@type":"Person","@id":"https:\/\/fjala.info\/2009-2015\/#\/schema\/person\/3aa1163ef05469c496fc94e77611ada2","name":"admin","image":{"@type":"ImageObject","inLanguage":"sq-AL","@id":"https:\/\/fjala.info\/2009-2015\/wp-content\/uploads\/2012\/02\/arben_cokaj-120x150.jpg","url":"https:\/\/fjala.info\/2009-2015\/wp-content\/uploads\/2012\/02\/arben_cokaj-120x150.jpg","contentUrl":"https:\/\/fjala.info\/2009-2015\/wp-content\/uploads\/2012\/02\/arben_cokaj-120x150.jpg","caption":"admin"},"description":"Admin, Fjala e Lir\u00eb","sameAs":["https:\/\/fjala.info\/"],"url":"https:\/\/fjala.info\/2009-2015\/author\/admin\/"}]}},"_links":{"self":[{"href":"https:\/\/fjala.info\/2009-2015\/wp-json\/wp\/v2\/posts\/3489","targetHints":{"allow":["GET"]}}],"collection":[{"href":"https:\/\/fjala.info\/2009-2015\/wp-json\/wp\/v2\/posts"}],"about":[{"href":"https:\/\/fjala.info\/2009-2015\/wp-json\/wp\/v2\/types\/post"}],"author":[{"embeddable":true,"href":"https:\/\/fjala.info\/2009-2015\/wp-json\/wp\/v2\/users\/1"}],"replies":[{"embeddable":true,"href":"https:\/\/fjala.info\/2009-2015\/wp-json\/wp\/v2\/comments?post=3489"}],"version-history":[{"count":0,"href":"https:\/\/fjala.info\/2009-2015\/wp-json\/wp\/v2\/posts\/3489\/revisions"}],"wp:attachment":[{"href":"https:\/\/fjala.info\/2009-2015\/wp-json\/wp\/v2\/media?parent=3489"}],"wp:term":[{"taxonomy":"category","embeddable":true,"href":"https:\/\/fjala.info\/2009-2015\/wp-json\/wp\/v2\/categories?post=3489"},{"taxonomy":"post_tag","embeddable":true,"href":"https:\/\/fjala.info\/2009-2015\/wp-json\/wp\/v2\/tags?post=3489"}],"curies":[{"name":"wp","href":"https:\/\/api.w.org\/{rel}","templated":true}]}}