{"id":3483,"date":"2013-07-01T22:55:29","date_gmt":"2013-07-01T21:55:29","guid":{"rendered":"http:\/\/fjala.info\/?p=3483"},"modified":"2013-07-01T22:55:29","modified_gmt":"2013-07-01T21:55:29","slug":"ne-gare-per-te-rivleresuar-berishen","status":"publish","type":"post","link":"https:\/\/fjala.info\/2009-2015\/ne-gare-per-te-rivleresuar-berishen\/","title":{"rendered":"N\u00eb gar\u00eb p\u00ebr t\u00eb rivler\u00ebsuar Berish\u00ebn!"},"content":{"rendered":"<p><img decoding=\"async\" class=\"alignright size-thumbnail wp-image-7236\" title=\"Mero Baze\" alt=\"\" src=\"http:\/\/www.fjala.info\/2012\/mero_baze.jpg\" width=\"150\" \/> Nga <strong>Mero Baze<\/strong>, <em>1 Korrik 2013<\/em><\/p>\n<p>Partia Demokratike po nxiton t\u2019i ik\u00eb nj\u00eb debati real mbi disfat\u00ebn homerike t\u00eb zgjedhjeve m\u00eb 23 qershor, duke u p\u00ebrpjekur t\u00eb sajoj\u00eb nj\u00eb gar\u00eb false n\u00eb qend\u00ebr t\u00eb s\u00eb cil\u00ebs \u00ebsht\u00eb rivler\u00ebsimi i figur\u00ebs s\u00eb Sali Berish\u00ebs. Gara ka p\u00ebrfunduar pa nisur. Lul\u00ebzim Basha \u00ebsht\u00eb em\u00ebruar de facto kryetar i ri i PD-s\u00eb n\u00ebn drejtimin e Berish\u00ebs, nd\u00ebrsa disa kandidat\u00eb t\u00eb tjer\u00eb q\u00eb duan t\u00eb ripozicionohen n\u00eb parti, po b\u00ebjn\u00eb rolin e garnitur\u00ebs. Sokol Olldashi, Arben Imami, Eduard Selami, dhe ndoshta dikush tjet\u00ebr, q\u00eb kan\u00eb nevoj\u00eb t\u00eb ken\u00eb nj\u00eb karrier\u00eb m\u00eb t\u00eb gjat\u00eb politike brenda PD-s\u00eb, jan\u00eb p\u00ebrfshir\u00eb pa asnj\u00eb m\u00ebdyshje n\u00eb loj\u00ebn q\u00eb po dirigjon Sali Berisha.<\/p>\n<p>Gara e nxituar p\u00ebr kreun e PD-s\u00eb \u00ebsht\u00eb false pik\u00ebs\u00ebpari se nuk po zhvillohet n\u00eb koh\u00ebn e duhur. Partia Demokratike ende nuk ka dor\u00ebzuar pushtetin dhe garuesit jan\u00eb ende n\u00eb zyrat e shtetit. Ministrat q\u00eb po kandidojn\u00eb jan\u00eb shkaktar\u00eb t\u00eb humbjes s\u00eb thell\u00eb t\u00eb Partis\u00eb Demokratike, nd\u00ebrsa Lul\u00ebzim Basha \u00ebsht\u00eb simbol i vot\u00ebs plot urrejtje q\u00eb qytetar\u00ebt dhan\u00eb kund\u00ebr PD-s\u00eb duke e zbuar at\u00eb dhe nga bastione t\u00eb tilla si Nj\u00ebsia 8 n\u00eb Tiran\u00eb, ku PD nuk ka humbur as m\u00eb \u201897 as m\u00eb 2000.<\/p>\n<p>Ajo q\u00eb ka nevoj\u00eb urgjente Partia Demokratik\u00eb \u00ebsht\u00eb t\u00eb qet\u00ebsohet, t\u00eb marr\u00eb frym\u00eb nga humbja dhe t\u00eb meditoj\u00eb p\u00ebr arsyet reale t\u00eb humbjes s\u00eb saj. Ka nevoj\u00eb t\u00eb flasin personalitete e m\u00ebnjanuara t\u00eb saj, ata q\u00eb kan\u00eb ndonj\u00eb ide p\u00ebrse shqiptar\u00ebt u ngrit\u00ebn n\u00eb kryengritje kund\u00ebr pushtetit t\u00eb Sali Berish\u00ebs. Ky reflektim normal fillon pas muajit shtator, kur ministrat t\u00eb ken\u00eb dal\u00eb nga zyrat, militant\u00ebt t\u00eb ken\u00eb l\u00ebshuar postet e zaptuara pa merit\u00eb dhe kur biznesmen\u00ebt mos t\u00eb ken\u00eb m\u00eb nevoj\u00eb t\u00eb takojn\u00eb Zenin apo Git\u00ebn p\u00ebr t\u00eb b\u00ebr\u00eb ndonj\u00eb pun\u00eb. Ajo \u00ebsht\u00eb koha kur PD-ja duhet t\u00eb ndjej\u00eb veten n\u00eb opozit\u00eb dhe t\u00eb ket\u00eb nevoj\u00eb t\u00eb zgjedh\u00eb nj\u00eb njeri q\u00eb di t\u00eb b\u00ebj\u00eb opozit\u00eb dhe ta udh\u00ebheq\u00eb at\u00eb drejt rim\u00ebk\u00ebmbjes.<\/p>\n<p>Ajo q\u00eb po ndodh tani, \u00ebsht\u00eb nj\u00eb nxitim kriminal p\u00ebr t\u00eb mos b\u00ebr\u00eb asnj\u00eb analiz\u00eb drejt humbjes, por t\u00eb reflektohet rreth lot\u00ebve t\u00eb derdhur p\u00ebr ikjen e Sali Berish\u00ebs nga pushteti. K\u00ebshtu, gjith\u00eb fushata mb\u00ebshtetet mbi at\u00eb se kush \u00ebsht\u00eb m\u00eb besnik i Sali Berish\u00ebs dhe jo kush do t\u00eb ndryshoj\u00eb t\u00eb ardhmen e PD-s\u00eb p\u00ebr t\u2019i shp\u00ebtuar trash\u00ebgimis\u00eb s\u00eb Sali Berish\u00ebs. Basha dhe Olldashi, dy konkurrent\u00eb n\u00eb dukje kryesor\u00eb, po p\u00ebrpiqen t\u00eb b\u00ebjn\u00eb fushat\u00eb me SMS-t\u00eb e Shk\u00eblzenit dhe Argit\u00ebs, dhe thashethemet p\u00ebr mb\u00ebshtetjen e Berish\u00ebs.<\/p>\n<p>Ata po rreken t\u00eb rivler\u00ebsojn\u00eb Sali Berish\u00ebn dhe trash\u00ebgimin\u00eb e tij p\u00ebr arsyen e thjesht\u00eb se din\u00eb q\u00eb zgjedhja e tyre n\u00eb krye t\u00eb PD-s\u00eb nuk b\u00ebhet sipas parimit nj\u00eb an\u00ebtar- nj\u00eb vot\u00eb, por vet\u00ebm me nj\u00eb vot\u00eb, at\u00eb t\u00eb Sali Berish\u00ebs. N\u00eb k\u00ebt\u00eb pik\u00eb kjo \u00ebsht\u00eb nj\u00eb gar\u00eb e sh\u00ebmtuar, e pasinqert\u00eb dhe fyese p\u00ebr demokrat\u00ebt e v\u00ebrtet\u00eb q\u00eb do t\u00eb vazhdojn\u00eb t\u00eb mbeten n\u00eb opozit\u00eb nga pafuqia p\u00ebr t\u00eb refuzuar nj\u00eb trash\u00ebgimi q\u00eb i sh\u00ebrben vet\u00ebm Familjes Berisha.<\/p>\n<p>Edhe m\u00eb e sh\u00ebmtuar \u00ebsht\u00eb kjo gar\u00eb p\u00ebr kandidat\u00ebt e tjer\u00eb p\u00ebrve\u00e7 Lul\u00ebzim Bash\u00ebs, i cili e ka siguruar em\u00ebrimin nga kryetari. Ata po b\u00ebhen fasad\u00eb e nj\u00eb procesi, t\u00eb cilin duhet ta refuzojn\u00eb me neveri. Kjo tregon se ata jan\u00eb pjes\u00eb e nj\u00eb mentaliteti dhe si t\u00eb till\u00eb nuk meritojn\u00eb t\u00eb fitojn\u00eb, por meritojn\u00eb t\u00eb p\u00ebrfaq\u00ebsohen nga nj\u00eb njeri q\u00eb di ta b\u00ebj\u00eb m\u00eb mir\u00eb se ata byth\u00ebl\u00ebpirjen e Familjes Berisha, i cili \u00ebsht\u00eb Lul\u00ebzim Basha.<\/p>\n<p>Problemi i dyt\u00eb q\u00eb ka kjo gar\u00eb, \u00ebsht\u00eb mungesa e guximit p\u00ebr t\u00eb pasur nj\u00eb platform\u00eb anti-Berish\u00eb n\u00eb gar\u00eb dhe nj\u00eb ide p\u00ebr t\u00eb bashkuar n\u00eb PD \u00e7dok\u00ebnd q\u00eb \u00ebsht\u00eb viktim\u00eb e berishizmit. T\u00eb konkurrosh p\u00ebr t\u00eb marr\u00eb kreun e PD-s\u00eb n\u00ebn moton kush e do m\u00eb shum\u00eb Sali Berish\u00ebn, si\u00e7 po kandidojn\u00eb kandidat\u00ebt aktual\u00eb, jo vet\u00ebm q\u00eb \u00ebsht\u00eb nj\u00eb tallje e madhe, por dhe nj\u00eb humbje e madhe kohe, pasi njeriu q\u00eb e do m\u00eb shum\u00eb Sali Berish\u00ebn dhe di t\u2019i b\u00ebj\u00eb shum\u00eb mir\u00eb rolin e tij, \u00ebsht\u00eb vet\u00eb Sali Berisha, i cili nuk ka vdekur dhe po drejton partin\u00eb. N\u00eb k\u00ebt\u00eb pik\u00eb nuk ia vlen t\u00eb investohemi tek kopje t\u00eb paafta t\u00eb tij, pa asnj\u00eb personalitet.<\/p>\n<p>N\u00eb PD duhet t\u00eb konkurroj\u00eb berishizmi me t\u00eb kund\u00ebrt\u00ebn e tij, dhe shpresa vjen nga triumfi i k\u00ebsaj t\u00eb dyt\u00ebs. Vet\u00ebm nj\u00eb kandidat q\u00eb \u00e7on partin\u00eb drejt reform\u00ebs s\u00eb thell\u00eb politike anti- Berish\u00eb, ka shanse t\u00eb hap partin\u00eb p\u00ebr nj\u00eb frym\u00eb t\u00eb re dhe t\u00eb p\u00ebrfshij\u00eb dhe berishist\u00ebt brenda vetes. \u00c7do triumf i kopjeve t\u00eb k\u00ebqija t\u00eb Berish\u00ebs, thjesht rrit shanset q\u00eb PD t\u00eb jet\u00eb parti e tret\u00eb n\u00eb zgjedhjet e ardhshme.<\/p>\n<p>E treta, por q\u00eb ka shum\u00eb r\u00ebnd\u00ebsi p\u00ebr zhvler\u00ebsimin e k\u00ebsaj gare, \u00ebsht\u00eb dhe platforma brenda berishist\u00ebve q\u00eb po konkurrojn\u00eb. Lul\u00ebzim Basha \u00ebsht\u00eb figura perfekte p\u00ebr t\u00eb qen\u00eb \u201cdh\u00ebnd\u00ebr brenda\u201d i pushteti t\u00eb Familjes Berisha, jo vet\u00ebm pse \u00ebsht\u00eb i gjat\u00eb dhe i bukur si\u00e7 thot\u00eb Grida, por se ka lejen e duhur t\u00eb flas\u00eb p\u00ebr hapjen e PD-s\u00eb, t\u00eb b\u00ebj aleat\u00eb Bamir Topin dhe Besnik Mustafajn, t\u00eb luaj\u00eb me kart\u00ebn e veriorit n\u00eb nj\u00eb parti, q\u00eb ka humbur jugun m\u00eb keq se n\u00eb vitin 1997, dhe t\u2019u jap\u00eb garanci bandave t\u00eb af\u00ebrta me Familjen Berisha se nuk do t\u2019i tradhtoj\u00eb.<\/p>\n<p>Problemi i tij i vet\u00ebm \u00ebsht\u00eb q\u00eb nuk fiton dot asnj\u00eb gar\u00eb po nuk ndryshoi rregullat e loj\u00ebs. Nj\u00ebsoj si n\u00eb vitin 2011, kur Berish\u00ebs ju desh t\u00eb ndryshonte rregullat pasi mbaruan votimet p\u00ebr ta b\u00ebr\u00eb kryetar t\u00eb dhunsh\u00ebm t\u00eb Tiran\u00ebs, edhe tani Berish\u00ebs si\u00e7 u pa ju desh t\u00eb ndryshoj\u00eb statutin e partis\u00eb p\u00ebr t\u2019u b\u00ebr\u00eb kryetar i PD-s\u00eb, pasi ka frik\u00eb se strukturat e partis\u00eb nuk ja votojn\u00eb.<\/p>\n<p>N\u00eb k\u00ebt\u00eb pik\u00eb shihet hapur se Berisha \u00ebsht\u00eb investuar p\u00ebr Bash\u00ebn, p\u00ebr t\u00eb pasur n\u00eb krye t\u00eb PD-s\u00eb nj\u00eb njeri q\u00eb shpreson t\u00eb mbrohet politikisht nga hapja e dosjeve dhe burgosja e mundshme nes\u00ebr, p\u00ebr shkak t\u00eb nj\u00eb dosje korrupsioni dhe nj\u00eb dosje t\u00eb vrasjeve politike. PD po hyn n\u00eb nj\u00eb gar\u00eb false jo p\u00ebr t\u00eb gjetur nj\u00eb kryetar, por p\u00ebr t\u2019i gjetur Bash\u00ebs nj\u00eb parti, q\u00eb ta mbroj\u00eb nga e shkuara e tij n\u00eb sh\u00ebrbim t\u00eb pushtetit t\u00eb Familjes. Olldashi, i cili duket m\u00eb i pasinqerti me veten dhe mb\u00ebshtet\u00ebsit e PD-s\u00eb n\u00eb k\u00ebt\u00eb gar\u00eb, nuk ofron asgj\u00eb.<\/p>\n<p>Ai as mund ta bashkoj\u00eb PD-n\u00eb, as mund t\u00eb pranohet nga ata q\u00eb jan\u00eb larguar nga PD-ja, dhe as ofron mund\u00ebsi bashk\u00ebpunimi me segmente t\u00eb pushtetit t\u00eb ri si\u00e7 ofron Basha. Ai \u00ebsht\u00eb jugor, i refuzuar n\u00eb jug. N\u00eb dy qarqet e jugut, Vlor\u00eb dhe Fier, PD-ja ka marr\u00eb m\u00eb pak se n\u00eb vitin 1997, kur votat e i num\u00ebronte Zani \u00c7aushi me shok\u00eb. Ai nuk rivalizon dot n\u00eb PD as si jugor, as si durrsak, as tirons, as si njeri me personalitet t\u00eb pavarur nga Berisha dhe as si nj\u00eb shpres\u00eb p\u00ebr fitore. Ai thjesht \u00ebsht\u00eb pjes\u00eb e marr\u00ebveshjes s\u00eb Familjes p\u00ebr t\u00eb imituar nj\u00eb gar\u00eb q\u00eb ata t\u00eb mos b\u00ebjn\u00eb kurr\u00eb gar\u00eb p\u00ebr kreun e PD-s\u00eb. \u00cbsht\u00eb e vetmja gj\u00eb q\u00eb di t\u00eb b\u00ebj\u00eb.<\/p>\n<p>Demokrat\u00ebt e v\u00ebrtet\u00eb duhet ta refuzojn\u00eb k\u00ebt\u00eb gar\u00eb dhe duhet ta ndalin k\u00ebt\u00eb ballo me maska, q\u00eb luhet mbi kurrizin e tyre. Ata kan\u00eb nevoj\u00eb p\u00ebr nj\u00eb lider fitues dhe jo p\u00ebr nj\u00eb lider q\u00eb t\u00eb mbroj\u00eb Berish\u00ebn nga humbja. Dhe mbi t\u00eb gjitha duhet t\u00eb presin t\u2019i b\u00ebjn\u00eb zgjedhjet kur t\u00eb jen\u00eb n\u00eb opozit\u00eb. At\u00ebher\u00eb kur t\u00eb mos ken\u00eb m\u00eb rrotull roje, badigard\u00eb, bandit\u00eb dhe biznesmen\u00eb q\u00eb jan\u00eb ushqyer nga pushteti i atij q\u00eb u refuzua nga shqiptar\u00ebt.<\/p>\n","protected":false},"excerpt":{"rendered":"<p>Nga Mero Baze, 1 Korrik 2013 Partia Demokratike po nxiton t\u2019i ik\u00eb nj\u00eb debati real mbi disfat\u00ebn homerike t\u00eb zgjedhjeve m\u00eb 23 qershor, duke u p\u00ebrpjekur t\u00eb sajoj\u00eb nj\u00eb gar\u00eb false n\u00eb qend\u00ebr t\u00eb s\u00eb cil\u00ebs \u00ebsht\u00eb rivler\u00ebsimi i figur\u00ebs s\u00eb Sali Berish\u00ebs. Gara ka p\u00ebrfunduar pa nisur. Lul\u00ebzim Basha \u00ebsht\u00eb em\u00ebruar de facto kryetar [&hellip;]<\/p>\n","protected":false},"author":1,"featured_media":0,"comment_status":"open","ping_status":"closed","sticky":false,"template":"","format":"standard","meta":{"footnotes":""},"categories":[2],"tags":[],"class_list":{"0":"post-3483","1":"post","2":"type-post","3":"status-publish","4":"format-standard","6":"category-artikuj"},"yoast_head":"<!-- This site is optimized with the Yoast SEO plugin v27.4 - https:\/\/yoast.com\/product\/yoast-seo-wordpress\/ -->\n<title>N\u00eb gar\u00eb p\u00ebr t\u00eb rivler\u00ebsuar Berish\u00ebn! - FjALA e LIR\u00cb - Arkivi<\/title>\n<meta name=\"robots\" content=\"index, follow, max-snippet:-1, max-image-preview:large, max-video-preview:-1\" \/>\n<link rel=\"canonical\" href=\"https:\/\/fjala.info\/2009-2015\/ne-gare-per-te-rivleresuar-berishen\/\" \/>\n<meta property=\"og:locale\" content=\"sq_AL\" \/>\n<meta property=\"og:type\" content=\"article\" \/>\n<meta property=\"og:title\" content=\"N\u00eb gar\u00eb p\u00ebr t\u00eb rivler\u00ebsuar Berish\u00ebn! - FjALA e LIR\u00cb - Arkivi\" \/>\n<meta property=\"og:description\" content=\"Nga Mero Baze, 1 Korrik 2013 Partia Demokratike po nxiton t\u2019i ik\u00eb nj\u00eb debati real mbi disfat\u00ebn homerike t\u00eb zgjedhjeve m\u00eb 23 qershor, duke u p\u00ebrpjekur t\u00eb sajoj\u00eb nj\u00eb gar\u00eb false n\u00eb qend\u00ebr t\u00eb s\u00eb cil\u00ebs \u00ebsht\u00eb rivler\u00ebsimi i figur\u00ebs s\u00eb Sali Berish\u00ebs. Gara ka p\u00ebrfunduar pa nisur. Lul\u00ebzim Basha \u00ebsht\u00eb em\u00ebruar de facto kryetar [&hellip;]\" \/>\n<meta property=\"og:url\" content=\"https:\/\/fjala.info\/2009-2015\/ne-gare-per-te-rivleresuar-berishen\/\" \/>\n<meta property=\"og:site_name\" content=\"FjALA e LIR\u00cb - Arkivi\" \/>\n<meta property=\"article:published_time\" content=\"2013-07-01T21:55:29+00:00\" \/>\n<meta property=\"og:image\" content=\"http:\/\/www.fjala.info\/2012\/mero_baze.jpg\" \/>\n<meta name=\"author\" content=\"admin\" \/>\n<meta name=\"twitter:card\" content=\"summary_large_image\" \/>\n<meta name=\"twitter:label1\" content=\"Written by\" \/>\n\t<meta name=\"twitter:data1\" content=\"admin\" \/>\n\t<meta name=\"twitter:label2\" content=\"Est. reading time\" \/>\n\t<meta name=\"twitter:data2\" content=\"7 minutes\" \/>\n<script type=\"application\/ld+json\" class=\"yoast-schema-graph\">{\"@context\":\"https:\\\/\\\/schema.org\",\"@graph\":[{\"@type\":\"Article\",\"@id\":\"https:\\\/\\\/fjala.info\\\/2009-2015\\\/ne-gare-per-te-rivleresuar-berishen\\\/#article\",\"isPartOf\":{\"@id\":\"https:\\\/\\\/fjala.info\\\/2009-2015\\\/ne-gare-per-te-rivleresuar-berishen\\\/\"},\"author\":{\"name\":\"admin\",\"@id\":\"https:\\\/\\\/fjala.info\\\/2009-2015\\\/#\\\/schema\\\/person\\\/3aa1163ef05469c496fc94e77611ada2\"},\"headline\":\"N\u00eb gar\u00eb p\u00ebr t\u00eb rivler\u00ebsuar Berish\u00ebn!\",\"datePublished\":\"2013-07-01T21:55:29+00:00\",\"mainEntityOfPage\":{\"@id\":\"https:\\\/\\\/fjala.info\\\/2009-2015\\\/ne-gare-per-te-rivleresuar-berishen\\\/\"},\"wordCount\":1415,\"commentCount\":0,\"publisher\":{\"@id\":\"https:\\\/\\\/fjala.info\\\/2009-2015\\\/#organization\"},\"image\":{\"@id\":\"https:\\\/\\\/fjala.info\\\/2009-2015\\\/ne-gare-per-te-rivleresuar-berishen\\\/#primaryimage\"},\"thumbnailUrl\":\"http:\\\/\\\/www.fjala.info\\\/2012\\\/mero_baze.jpg\",\"articleSection\":[\"Artikuj\"],\"inLanguage\":\"sq-AL\",\"potentialAction\":[{\"@type\":\"CommentAction\",\"name\":\"Comment\",\"target\":[\"https:\\\/\\\/fjala.info\\\/2009-2015\\\/ne-gare-per-te-rivleresuar-berishen\\\/#respond\"]}]},{\"@type\":\"WebPage\",\"@id\":\"https:\\\/\\\/fjala.info\\\/2009-2015\\\/ne-gare-per-te-rivleresuar-berishen\\\/\",\"url\":\"https:\\\/\\\/fjala.info\\\/2009-2015\\\/ne-gare-per-te-rivleresuar-berishen\\\/\",\"name\":\"N\u00eb gar\u00eb p\u00ebr t\u00eb rivler\u00ebsuar Berish\u00ebn! - FjALA e LIR\u00cb - Arkivi\",\"isPartOf\":{\"@id\":\"https:\\\/\\\/fjala.info\\\/2009-2015\\\/#website\"},\"primaryImageOfPage\":{\"@id\":\"https:\\\/\\\/fjala.info\\\/2009-2015\\\/ne-gare-per-te-rivleresuar-berishen\\\/#primaryimage\"},\"image\":{\"@id\":\"https:\\\/\\\/fjala.info\\\/2009-2015\\\/ne-gare-per-te-rivleresuar-berishen\\\/#primaryimage\"},\"thumbnailUrl\":\"http:\\\/\\\/www.fjala.info\\\/2012\\\/mero_baze.jpg\",\"datePublished\":\"2013-07-01T21:55:29+00:00\",\"breadcrumb\":{\"@id\":\"https:\\\/\\\/fjala.info\\\/2009-2015\\\/ne-gare-per-te-rivleresuar-berishen\\\/#breadcrumb\"},\"inLanguage\":\"sq-AL\",\"potentialAction\":[{\"@type\":\"ReadAction\",\"target\":[\"https:\\\/\\\/fjala.info\\\/2009-2015\\\/ne-gare-per-te-rivleresuar-berishen\\\/\"]}]},{\"@type\":\"ImageObject\",\"inLanguage\":\"sq-AL\",\"@id\":\"https:\\\/\\\/fjala.info\\\/2009-2015\\\/ne-gare-per-te-rivleresuar-berishen\\\/#primaryimage\",\"url\":\"http:\\\/\\\/www.fjala.info\\\/2012\\\/mero_baze.jpg\",\"contentUrl\":\"http:\\\/\\\/www.fjala.info\\\/2012\\\/mero_baze.jpg\"},{\"@type\":\"BreadcrumbList\",\"@id\":\"https:\\\/\\\/fjala.info\\\/2009-2015\\\/ne-gare-per-te-rivleresuar-berishen\\\/#breadcrumb\",\"itemListElement\":[{\"@type\":\"ListItem\",\"position\":1,\"name\":\"Home\",\"item\":\"https:\\\/\\\/fjala.info\\\/2009-2015\\\/\"},{\"@type\":\"ListItem\",\"position\":2,\"name\":\"N\u00eb gar\u00eb p\u00ebr t\u00eb rivler\u00ebsuar Berish\u00ebn!\"}]},{\"@type\":\"WebSite\",\"@id\":\"https:\\\/\\\/fjala.info\\\/2009-2015\\\/#website\",\"url\":\"https:\\\/\\\/fjala.info\\\/2009-2015\\\/\",\"name\":\"FjALA e LIR\u00cb - Arkivi\",\"description\":\"Arkivi 2009-2015\",\"publisher\":{\"@id\":\"https:\\\/\\\/fjala.info\\\/2009-2015\\\/#organization\"},\"potentialAction\":[{\"@type\":\"SearchAction\",\"target\":{\"@type\":\"EntryPoint\",\"urlTemplate\":\"https:\\\/\\\/fjala.info\\\/2009-2015\\\/?s={search_term_string}\"},\"query-input\":{\"@type\":\"PropertyValueSpecification\",\"valueRequired\":true,\"valueName\":\"search_term_string\"}}],\"inLanguage\":\"sq-AL\"},{\"@type\":\"Organization\",\"@id\":\"https:\\\/\\\/fjala.info\\\/2009-2015\\\/#organization\",\"name\":\"FjALA e LIR\u00cb - Arkivi\",\"url\":\"https:\\\/\\\/fjala.info\\\/2009-2015\\\/\",\"logo\":{\"@type\":\"ImageObject\",\"inLanguage\":\"sq-AL\",\"@id\":\"https:\\\/\\\/fjala.info\\\/2009-2015\\\/#\\\/schema\\\/logo\\\/image\\\/\",\"url\":\"\",\"contentUrl\":\"\",\"caption\":\"FjALA e LIR\u00cb - Arkivi\"},\"image\":{\"@id\":\"https:\\\/\\\/fjala.info\\\/2009-2015\\\/#\\\/schema\\\/logo\\\/image\\\/\"}},{\"@type\":\"Person\",\"@id\":\"https:\\\/\\\/fjala.info\\\/2009-2015\\\/#\\\/schema\\\/person\\\/3aa1163ef05469c496fc94e77611ada2\",\"name\":\"admin\",\"image\":{\"@type\":\"ImageObject\",\"inLanguage\":\"sq-AL\",\"@id\":\"https:\\\/\\\/fjala.info\\\/2009-2015\\\/wp-content\\\/uploads\\\/2012\\\/02\\\/arben_cokaj-120x150.jpg\",\"url\":\"https:\\\/\\\/fjala.info\\\/2009-2015\\\/wp-content\\\/uploads\\\/2012\\\/02\\\/arben_cokaj-120x150.jpg\",\"contentUrl\":\"https:\\\/\\\/fjala.info\\\/2009-2015\\\/wp-content\\\/uploads\\\/2012\\\/02\\\/arben_cokaj-120x150.jpg\",\"caption\":\"admin\"},\"description\":\"Admin, Fjala e Lir\u00eb\",\"sameAs\":[\"https:\\\/\\\/fjala.info\\\/\"],\"url\":\"https:\\\/\\\/fjala.info\\\/2009-2015\\\/author\\\/admin\\\/\"}]}<\/script>\n<!-- \/ Yoast SEO plugin. -->","yoast_head_json":{"title":"N\u00eb gar\u00eb p\u00ebr t\u00eb rivler\u00ebsuar Berish\u00ebn! - FjALA e LIR\u00cb - Arkivi","robots":{"index":"index","follow":"follow","max-snippet":"max-snippet:-1","max-image-preview":"max-image-preview:large","max-video-preview":"max-video-preview:-1"},"canonical":"https:\/\/fjala.info\/2009-2015\/ne-gare-per-te-rivleresuar-berishen\/","og_locale":"sq_AL","og_type":"article","og_title":"N\u00eb gar\u00eb p\u00ebr t\u00eb rivler\u00ebsuar Berish\u00ebn! - FjALA e LIR\u00cb - Arkivi","og_description":"Nga Mero Baze, 1 Korrik 2013 Partia Demokratike po nxiton t\u2019i ik\u00eb nj\u00eb debati real mbi disfat\u00ebn homerike t\u00eb zgjedhjeve m\u00eb 23 qershor, duke u p\u00ebrpjekur t\u00eb sajoj\u00eb nj\u00eb gar\u00eb false n\u00eb qend\u00ebr t\u00eb s\u00eb cil\u00ebs \u00ebsht\u00eb rivler\u00ebsimi i figur\u00ebs s\u00eb Sali Berish\u00ebs. Gara ka p\u00ebrfunduar pa nisur. Lul\u00ebzim Basha \u00ebsht\u00eb em\u00ebruar de facto kryetar [&hellip;]","og_url":"https:\/\/fjala.info\/2009-2015\/ne-gare-per-te-rivleresuar-berishen\/","og_site_name":"FjALA e LIR\u00cb - Arkivi","article_published_time":"2013-07-01T21:55:29+00:00","og_image":[{"url":"http:\/\/www.fjala.info\/2012\/mero_baze.jpg","type":"","width":"","height":""}],"author":"admin","twitter_card":"summary_large_image","twitter_misc":{"Written by":"admin","Est. reading time":"7 minutes"},"schema":{"@context":"https:\/\/schema.org","@graph":[{"@type":"Article","@id":"https:\/\/fjala.info\/2009-2015\/ne-gare-per-te-rivleresuar-berishen\/#article","isPartOf":{"@id":"https:\/\/fjala.info\/2009-2015\/ne-gare-per-te-rivleresuar-berishen\/"},"author":{"name":"admin","@id":"https:\/\/fjala.info\/2009-2015\/#\/schema\/person\/3aa1163ef05469c496fc94e77611ada2"},"headline":"N\u00eb gar\u00eb p\u00ebr t\u00eb rivler\u00ebsuar Berish\u00ebn!","datePublished":"2013-07-01T21:55:29+00:00","mainEntityOfPage":{"@id":"https:\/\/fjala.info\/2009-2015\/ne-gare-per-te-rivleresuar-berishen\/"},"wordCount":1415,"commentCount":0,"publisher":{"@id":"https:\/\/fjala.info\/2009-2015\/#organization"},"image":{"@id":"https:\/\/fjala.info\/2009-2015\/ne-gare-per-te-rivleresuar-berishen\/#primaryimage"},"thumbnailUrl":"http:\/\/www.fjala.info\/2012\/mero_baze.jpg","articleSection":["Artikuj"],"inLanguage":"sq-AL","potentialAction":[{"@type":"CommentAction","name":"Comment","target":["https:\/\/fjala.info\/2009-2015\/ne-gare-per-te-rivleresuar-berishen\/#respond"]}]},{"@type":"WebPage","@id":"https:\/\/fjala.info\/2009-2015\/ne-gare-per-te-rivleresuar-berishen\/","url":"https:\/\/fjala.info\/2009-2015\/ne-gare-per-te-rivleresuar-berishen\/","name":"N\u00eb gar\u00eb p\u00ebr t\u00eb rivler\u00ebsuar Berish\u00ebn! - FjALA e LIR\u00cb - Arkivi","isPartOf":{"@id":"https:\/\/fjala.info\/2009-2015\/#website"},"primaryImageOfPage":{"@id":"https:\/\/fjala.info\/2009-2015\/ne-gare-per-te-rivleresuar-berishen\/#primaryimage"},"image":{"@id":"https:\/\/fjala.info\/2009-2015\/ne-gare-per-te-rivleresuar-berishen\/#primaryimage"},"thumbnailUrl":"http:\/\/www.fjala.info\/2012\/mero_baze.jpg","datePublished":"2013-07-01T21:55:29+00:00","breadcrumb":{"@id":"https:\/\/fjala.info\/2009-2015\/ne-gare-per-te-rivleresuar-berishen\/#breadcrumb"},"inLanguage":"sq-AL","potentialAction":[{"@type":"ReadAction","target":["https:\/\/fjala.info\/2009-2015\/ne-gare-per-te-rivleresuar-berishen\/"]}]},{"@type":"ImageObject","inLanguage":"sq-AL","@id":"https:\/\/fjala.info\/2009-2015\/ne-gare-per-te-rivleresuar-berishen\/#primaryimage","url":"http:\/\/www.fjala.info\/2012\/mero_baze.jpg","contentUrl":"http:\/\/www.fjala.info\/2012\/mero_baze.jpg"},{"@type":"BreadcrumbList","@id":"https:\/\/fjala.info\/2009-2015\/ne-gare-per-te-rivleresuar-berishen\/#breadcrumb","itemListElement":[{"@type":"ListItem","position":1,"name":"Home","item":"https:\/\/fjala.info\/2009-2015\/"},{"@type":"ListItem","position":2,"name":"N\u00eb gar\u00eb p\u00ebr t\u00eb rivler\u00ebsuar Berish\u00ebn!"}]},{"@type":"WebSite","@id":"https:\/\/fjala.info\/2009-2015\/#website","url":"https:\/\/fjala.info\/2009-2015\/","name":"FjALA e LIR\u00cb - Arkivi","description":"Arkivi 2009-2015","publisher":{"@id":"https:\/\/fjala.info\/2009-2015\/#organization"},"potentialAction":[{"@type":"SearchAction","target":{"@type":"EntryPoint","urlTemplate":"https:\/\/fjala.info\/2009-2015\/?s={search_term_string}"},"query-input":{"@type":"PropertyValueSpecification","valueRequired":true,"valueName":"search_term_string"}}],"inLanguage":"sq-AL"},{"@type":"Organization","@id":"https:\/\/fjala.info\/2009-2015\/#organization","name":"FjALA e LIR\u00cb - Arkivi","url":"https:\/\/fjala.info\/2009-2015\/","logo":{"@type":"ImageObject","inLanguage":"sq-AL","@id":"https:\/\/fjala.info\/2009-2015\/#\/schema\/logo\/image\/","url":"","contentUrl":"","caption":"FjALA e LIR\u00cb - Arkivi"},"image":{"@id":"https:\/\/fjala.info\/2009-2015\/#\/schema\/logo\/image\/"}},{"@type":"Person","@id":"https:\/\/fjala.info\/2009-2015\/#\/schema\/person\/3aa1163ef05469c496fc94e77611ada2","name":"admin","image":{"@type":"ImageObject","inLanguage":"sq-AL","@id":"https:\/\/fjala.info\/2009-2015\/wp-content\/uploads\/2012\/02\/arben_cokaj-120x150.jpg","url":"https:\/\/fjala.info\/2009-2015\/wp-content\/uploads\/2012\/02\/arben_cokaj-120x150.jpg","contentUrl":"https:\/\/fjala.info\/2009-2015\/wp-content\/uploads\/2012\/02\/arben_cokaj-120x150.jpg","caption":"admin"},"description":"Admin, Fjala e Lir\u00eb","sameAs":["https:\/\/fjala.info\/"],"url":"https:\/\/fjala.info\/2009-2015\/author\/admin\/"}]}},"_links":{"self":[{"href":"https:\/\/fjala.info\/2009-2015\/wp-json\/wp\/v2\/posts\/3483","targetHints":{"allow":["GET"]}}],"collection":[{"href":"https:\/\/fjala.info\/2009-2015\/wp-json\/wp\/v2\/posts"}],"about":[{"href":"https:\/\/fjala.info\/2009-2015\/wp-json\/wp\/v2\/types\/post"}],"author":[{"embeddable":true,"href":"https:\/\/fjala.info\/2009-2015\/wp-json\/wp\/v2\/users\/1"}],"replies":[{"embeddable":true,"href":"https:\/\/fjala.info\/2009-2015\/wp-json\/wp\/v2\/comments?post=3483"}],"version-history":[{"count":0,"href":"https:\/\/fjala.info\/2009-2015\/wp-json\/wp\/v2\/posts\/3483\/revisions"}],"wp:attachment":[{"href":"https:\/\/fjala.info\/2009-2015\/wp-json\/wp\/v2\/media?parent=3483"}],"wp:term":[{"taxonomy":"category","embeddable":true,"href":"https:\/\/fjala.info\/2009-2015\/wp-json\/wp\/v2\/categories?post=3483"},{"taxonomy":"post_tag","embeddable":true,"href":"https:\/\/fjala.info\/2009-2015\/wp-json\/wp\/v2\/tags?post=3483"}],"curies":[{"name":"wp","href":"https:\/\/api.w.org\/{rel}","templated":true}]}}