{"id":3479,"date":"2013-07-01T22:49:29","date_gmt":"2013-07-01T21:49:29","guid":{"rendered":"http:\/\/fjala.info\/?p=3479"},"modified":"2013-07-01T22:49:29","modified_gmt":"2013-07-01T21:49:29","slug":"a-po-ciftezohet-vetevendosje-me-ekstremizmin-islamik","status":"publish","type":"post","link":"https:\/\/fjala.info\/2009-2015\/a-po-ciftezohet-vetevendosje-me-ekstremizmin-islamik\/","title":{"rendered":"A po \u00e7ift\u00ebzohet Vet\u00ebvendosje me ekstremizmin islamik?"},"content":{"rendered":"<p><img decoding=\"async\" class=\"alignright size-thumbnail wp-image-7236\" title=\"Albin Kurti\" alt=\"\" src=\"http:\/\/www.fjala.info\/2013\/albin_kurti1.jpg\" width=\"300\" \/> Nga <strong>Arben Idrizi<\/strong>, <em>1 Korrik 2013<\/em><\/p>\n<p>\u00cbsht\u00eb hera e par\u00eb q\u00eb ndaj nj\u00eb t\u00eb b\u00ebme t\u00eb zakonshme t\u00eb dhunshme t\u00eb Vet\u00ebvendosje reagojn\u00eb nj\u00ebz\u00ebri t\u00eb gjitha subjektet politike, institucionet e ndryshme n\u00eb vend, opinionist\u00ebt, etj.<\/p>\n<p>Me gjas\u00eb Vet\u00ebvendosjes i mbeti t\u00eb ngush\u00ebllohet vet\u00ebm nga p\u00ebrkrahja e ekstremizmit islamik.<\/p>\n<p>V\u00ebrej se shumica jan\u00eb t\u00eb habitur pse Vet\u00ebvendosje nuk k\u00ebrkon falje p\u00ebr k\u00ebt\u00eb gjest dhune, duke harruar se po t\u00eb k\u00ebrkonte falje p\u00ebr k\u00ebt\u00eb gjest, do t\u00eb thoshte t\u00eb k\u00ebrkonte falje p\u00ebr \u00e7do gjest t\u00eb till\u00eb t\u00eb deritanish\u00ebm; e deri tani nuk ka b\u00ebr\u00eb asgj\u00eb tjet\u00ebr ve\u00e7se gjeste t\u00eb tilla dhune. Pra, do t\u00eb thoshte t\u00eb k\u00ebrkonte falje p\u00ebr pranin\u00eb e saj politike dhe ideologjike dhe me k\u00ebt\u00eb t\u00eb ulej dhe ta rishikonte t\u00eb ardhmen e vet politike. Mbase p\u00ebr kund\u00ebrshtar\u00ebt e tyre do t\u00eb ishte ideale, e ndoshta edhe p\u00ebr ata vet\u00eb, ama zor se mund t\u00eb ndodh\u00eb nj\u00eb gj\u00eb e till\u00eb.<\/p>\n<p>P\u00ebr Vet\u00ebvendosjen dhuna \u00ebsht\u00eb mjet. Vet\u00ebvendosje s\u2019do t\u00eb heq\u00eb kurr\u00eb dor\u00eb nga dhuna. Aq m\u00eb tep\u00ebr kur (n\u00ebse do) t\u00eb vij\u00eb n\u00eb pushtet. Sepse at\u00ebher\u00eb do t\u2019i duhet edhe m\u00eb tep\u00ebr.<\/p>\n<p>Porse, tmerri dhe dyshimet e mia shkojn\u00eb m\u00eb tej se kaq.<\/p>\n<p>\u00c7ka ndodh kur dhuna si mjet i nacionalizmit bashkohet me dhun\u00ebn si mjet i religjionit?<\/p>\n<p>Pra, Vet\u00ebvendosje \u00ebsht\u00eb duke i dh\u00ebn\u00eb nj\u00eb kthes\u00eb t\u00eb \u00e7uditshme nacionalizmit shqiptar n\u00eb Kosov\u00eb (p\u00ebr aq sa ajo e p\u00ebrfaq\u00ebson dhe ng\u00ebrthen n\u00eb vete at\u00eb).<\/p>\n<p>Logjikisht do t\u00eb pritej q\u00eb nj\u00eb l\u00ebvizje e till\u00eb nacionaliste e pasluft\u00ebs t\u00eb ringjitej te l\u00ebvizjet e tjera t\u00eb tilla t\u00eb para dhe gjat\u00eb luft\u00ebs, tek eksponent\u00ebt, institucionet dhe burimet e tjera t\u00eb tilla. Mir\u00ebpo, ata q\u00eb dikur kishin nj\u00eb ideal t\u00eb till\u00eb si \u2018Bashkimi komb\u00ebtar\u2019 dhe edhe kishin marr\u00eb pjes\u00eb n\u00eb luft\u00eb pothuajse m\u00eb at\u00eb q\u00ebllim, sot mjaftohen me Kosov\u00ebn shtet t\u00eb pavarur dhe idealin tjet\u00ebr: BE-n\u00eb. Mund t\u00eb jen\u00eb hedhur verb\u00ebrisht n\u00eb t\u00eb, t\u00eb mos e ken\u00eb iden\u00eb se \u00e7far\u00eb \u00ebsht\u00eb Europa e Bashkuar, ama jan\u00eb aty, n\u00eb an\u00ebn e shumic\u00ebs.<\/p>\n<p>Do t\u00eb thot\u00eb, Vet\u00ebvendosje \u00ebsht\u00eb n\u00eb armiq\u00ebsin\u00eb m\u00eb t\u00eb thell\u00eb politike dhe ideologjike pik\u00ebrisht me fuqin\u00eb intelektuale dhe njer\u00ebzore, fuqin\u00eb nacionaliste pra,t\u00eb djeshme.<\/p>\n<p>Ajo fuqi nacionaliste e djeshme nuk kishte asfar\u00eb dallimi nga kjo fuqi nacionaliste e sotme, n\u00eb esenc\u00eb. Vet\u00ebm se, si\u00e7 po pretendojm\u00eb t\u00eb hamend\u00ebsojm\u00eb, Vet\u00ebvendosje sot \u00ebsht\u00eb duke e \u00e7uar k\u00ebt\u00eb nacionaliz\u00ebm n\u00eb shtratin \u00e7ift\u00ebzues t\u00eb ekstremizmit islamik. Edhe pse, \u00e7udia e zotit (me \u2018z\u2019 t\u00eb vog\u00ebl), jan\u00eb m\u00eb ateist\u00eb se un\u00eb q\u00eb e kam th\u00ebn\u00eb hapur.<\/p>\n<p>Nuk mund ta di se ku do t\u00eb \u00e7onte sakt\u00ebsisht t\u00ebr\u00eb kjo po qe se ndodh v\u00ebrtet. Ama, mendja nuk ma thot\u00eb se do t\u00eb \u00e7onte n\u00eb an\u00ebn e duhur.<\/p>\n","protected":false},"excerpt":{"rendered":"<p>Nga Arben Idrizi, 1 Korrik 2013 \u00cbsht\u00eb hera e par\u00eb q\u00eb ndaj nj\u00eb t\u00eb b\u00ebme t\u00eb zakonshme t\u00eb dhunshme t\u00eb Vet\u00ebvendosje reagojn\u00eb nj\u00ebz\u00ebri t\u00eb gjitha subjektet politike, institucionet e ndryshme n\u00eb vend, opinionist\u00ebt, etj. Me gjas\u00eb Vet\u00ebvendosjes i mbeti t\u00eb ngush\u00ebllohet vet\u00ebm nga p\u00ebrkrahja e ekstremizmit islamik. V\u00ebrej se shumica jan\u00eb t\u00eb habitur pse Vet\u00ebvendosje [&hellip;]<\/p>\n","protected":false},"author":1,"featured_media":0,"comment_status":"open","ping_status":"closed","sticky":false,"template":"","format":"standard","meta":{"footnotes":""},"categories":[2],"tags":[],"class_list":{"0":"post-3479","1":"post","2":"type-post","3":"status-publish","4":"format-standard","6":"category-artikuj"},"yoast_head":"<!-- This site is optimized with the Yoast SEO plugin v27.4 - https:\/\/yoast.com\/product\/yoast-seo-wordpress\/ -->\n<title>A po \u00e7ift\u00ebzohet Vet\u00ebvendosje me ekstremizmin islamik? - FjALA e LIR\u00cb - Arkivi<\/title>\n<meta name=\"robots\" content=\"index, follow, max-snippet:-1, max-image-preview:large, max-video-preview:-1\" \/>\n<link rel=\"canonical\" href=\"https:\/\/fjala.info\/2009-2015\/a-po-ciftezohet-vetevendosje-me-ekstremizmin-islamik\/\" \/>\n<meta property=\"og:locale\" content=\"sq_AL\" \/>\n<meta property=\"og:type\" content=\"article\" \/>\n<meta property=\"og:title\" content=\"A po \u00e7ift\u00ebzohet Vet\u00ebvendosje me ekstremizmin islamik? - FjALA e LIR\u00cb - Arkivi\" \/>\n<meta property=\"og:description\" content=\"Nga Arben Idrizi, 1 Korrik 2013 \u00cbsht\u00eb hera e par\u00eb q\u00eb ndaj nj\u00eb t\u00eb b\u00ebme t\u00eb zakonshme t\u00eb dhunshme t\u00eb Vet\u00ebvendosje reagojn\u00eb nj\u00ebz\u00ebri t\u00eb gjitha subjektet politike, institucionet e ndryshme n\u00eb vend, opinionist\u00ebt, etj. Me gjas\u00eb Vet\u00ebvendosjes i mbeti t\u00eb ngush\u00ebllohet vet\u00ebm nga p\u00ebrkrahja e ekstremizmit islamik. V\u00ebrej se shumica jan\u00eb t\u00eb habitur pse Vet\u00ebvendosje [&hellip;]\" \/>\n<meta property=\"og:url\" content=\"https:\/\/fjala.info\/2009-2015\/a-po-ciftezohet-vetevendosje-me-ekstremizmin-islamik\/\" \/>\n<meta property=\"og:site_name\" content=\"FjALA e LIR\u00cb - Arkivi\" \/>\n<meta property=\"article:published_time\" content=\"2013-07-01T21:49:29+00:00\" \/>\n<meta property=\"og:image\" content=\"http:\/\/www.fjala.info\/2013\/albin_kurti1.jpg\" \/>\n<meta name=\"author\" content=\"admin\" \/>\n<meta name=\"twitter:card\" content=\"summary_large_image\" \/>\n<meta name=\"twitter:label1\" content=\"Written by\" \/>\n\t<meta name=\"twitter:data1\" content=\"admin\" \/>\n\t<meta name=\"twitter:label2\" content=\"Est. reading time\" \/>\n\t<meta name=\"twitter:data2\" content=\"3 minutes\" \/>\n<script type=\"application\/ld+json\" class=\"yoast-schema-graph\">{\"@context\":\"https:\\\/\\\/schema.org\",\"@graph\":[{\"@type\":\"Article\",\"@id\":\"https:\\\/\\\/fjala.info\\\/2009-2015\\\/a-po-ciftezohet-vetevendosje-me-ekstremizmin-islamik\\\/#article\",\"isPartOf\":{\"@id\":\"https:\\\/\\\/fjala.info\\\/2009-2015\\\/a-po-ciftezohet-vetevendosje-me-ekstremizmin-islamik\\\/\"},\"author\":{\"name\":\"admin\",\"@id\":\"https:\\\/\\\/fjala.info\\\/2009-2015\\\/#\\\/schema\\\/person\\\/3aa1163ef05469c496fc94e77611ada2\"},\"headline\":\"A po \u00e7ift\u00ebzohet Vet\u00ebvendosje me ekstremizmin islamik?\",\"datePublished\":\"2013-07-01T21:49:29+00:00\",\"mainEntityOfPage\":{\"@id\":\"https:\\\/\\\/fjala.info\\\/2009-2015\\\/a-po-ciftezohet-vetevendosje-me-ekstremizmin-islamik\\\/\"},\"wordCount\":518,\"commentCount\":0,\"publisher\":{\"@id\":\"https:\\\/\\\/fjala.info\\\/2009-2015\\\/#organization\"},\"image\":{\"@id\":\"https:\\\/\\\/fjala.info\\\/2009-2015\\\/a-po-ciftezohet-vetevendosje-me-ekstremizmin-islamik\\\/#primaryimage\"},\"thumbnailUrl\":\"http:\\\/\\\/www.fjala.info\\\/2013\\\/albin_kurti1.jpg\",\"articleSection\":[\"Artikuj\"],\"inLanguage\":\"sq-AL\",\"potentialAction\":[{\"@type\":\"CommentAction\",\"name\":\"Comment\",\"target\":[\"https:\\\/\\\/fjala.info\\\/2009-2015\\\/a-po-ciftezohet-vetevendosje-me-ekstremizmin-islamik\\\/#respond\"]}]},{\"@type\":\"WebPage\",\"@id\":\"https:\\\/\\\/fjala.info\\\/2009-2015\\\/a-po-ciftezohet-vetevendosje-me-ekstremizmin-islamik\\\/\",\"url\":\"https:\\\/\\\/fjala.info\\\/2009-2015\\\/a-po-ciftezohet-vetevendosje-me-ekstremizmin-islamik\\\/\",\"name\":\"A po \u00e7ift\u00ebzohet Vet\u00ebvendosje me ekstremizmin islamik? - FjALA e LIR\u00cb - Arkivi\",\"isPartOf\":{\"@id\":\"https:\\\/\\\/fjala.info\\\/2009-2015\\\/#website\"},\"primaryImageOfPage\":{\"@id\":\"https:\\\/\\\/fjala.info\\\/2009-2015\\\/a-po-ciftezohet-vetevendosje-me-ekstremizmin-islamik\\\/#primaryimage\"},\"image\":{\"@id\":\"https:\\\/\\\/fjala.info\\\/2009-2015\\\/a-po-ciftezohet-vetevendosje-me-ekstremizmin-islamik\\\/#primaryimage\"},\"thumbnailUrl\":\"http:\\\/\\\/www.fjala.info\\\/2013\\\/albin_kurti1.jpg\",\"datePublished\":\"2013-07-01T21:49:29+00:00\",\"breadcrumb\":{\"@id\":\"https:\\\/\\\/fjala.info\\\/2009-2015\\\/a-po-ciftezohet-vetevendosje-me-ekstremizmin-islamik\\\/#breadcrumb\"},\"inLanguage\":\"sq-AL\",\"potentialAction\":[{\"@type\":\"ReadAction\",\"target\":[\"https:\\\/\\\/fjala.info\\\/2009-2015\\\/a-po-ciftezohet-vetevendosje-me-ekstremizmin-islamik\\\/\"]}]},{\"@type\":\"ImageObject\",\"inLanguage\":\"sq-AL\",\"@id\":\"https:\\\/\\\/fjala.info\\\/2009-2015\\\/a-po-ciftezohet-vetevendosje-me-ekstremizmin-islamik\\\/#primaryimage\",\"url\":\"http:\\\/\\\/www.fjala.info\\\/2013\\\/albin_kurti1.jpg\",\"contentUrl\":\"http:\\\/\\\/www.fjala.info\\\/2013\\\/albin_kurti1.jpg\"},{\"@type\":\"BreadcrumbList\",\"@id\":\"https:\\\/\\\/fjala.info\\\/2009-2015\\\/a-po-ciftezohet-vetevendosje-me-ekstremizmin-islamik\\\/#breadcrumb\",\"itemListElement\":[{\"@type\":\"ListItem\",\"position\":1,\"name\":\"Home\",\"item\":\"https:\\\/\\\/fjala.info\\\/2009-2015\\\/\"},{\"@type\":\"ListItem\",\"position\":2,\"name\":\"A po \u00e7ift\u00ebzohet Vet\u00ebvendosje me ekstremizmin islamik?\"}]},{\"@type\":\"WebSite\",\"@id\":\"https:\\\/\\\/fjala.info\\\/2009-2015\\\/#website\",\"url\":\"https:\\\/\\\/fjala.info\\\/2009-2015\\\/\",\"name\":\"FjALA e LIR\u00cb - Arkivi\",\"description\":\"Arkivi 2009-2015\",\"publisher\":{\"@id\":\"https:\\\/\\\/fjala.info\\\/2009-2015\\\/#organization\"},\"potentialAction\":[{\"@type\":\"SearchAction\",\"target\":{\"@type\":\"EntryPoint\",\"urlTemplate\":\"https:\\\/\\\/fjala.info\\\/2009-2015\\\/?s={search_term_string}\"},\"query-input\":{\"@type\":\"PropertyValueSpecification\",\"valueRequired\":true,\"valueName\":\"search_term_string\"}}],\"inLanguage\":\"sq-AL\"},{\"@type\":\"Organization\",\"@id\":\"https:\\\/\\\/fjala.info\\\/2009-2015\\\/#organization\",\"name\":\"FjALA e LIR\u00cb - Arkivi\",\"url\":\"https:\\\/\\\/fjala.info\\\/2009-2015\\\/\",\"logo\":{\"@type\":\"ImageObject\",\"inLanguage\":\"sq-AL\",\"@id\":\"https:\\\/\\\/fjala.info\\\/2009-2015\\\/#\\\/schema\\\/logo\\\/image\\\/\",\"url\":\"\",\"contentUrl\":\"\",\"caption\":\"FjALA e LIR\u00cb - Arkivi\"},\"image\":{\"@id\":\"https:\\\/\\\/fjala.info\\\/2009-2015\\\/#\\\/schema\\\/logo\\\/image\\\/\"}},{\"@type\":\"Person\",\"@id\":\"https:\\\/\\\/fjala.info\\\/2009-2015\\\/#\\\/schema\\\/person\\\/3aa1163ef05469c496fc94e77611ada2\",\"name\":\"admin\",\"image\":{\"@type\":\"ImageObject\",\"inLanguage\":\"sq-AL\",\"@id\":\"https:\\\/\\\/fjala.info\\\/2009-2015\\\/wp-content\\\/uploads\\\/2012\\\/02\\\/arben_cokaj-120x150.jpg\",\"url\":\"https:\\\/\\\/fjala.info\\\/2009-2015\\\/wp-content\\\/uploads\\\/2012\\\/02\\\/arben_cokaj-120x150.jpg\",\"contentUrl\":\"https:\\\/\\\/fjala.info\\\/2009-2015\\\/wp-content\\\/uploads\\\/2012\\\/02\\\/arben_cokaj-120x150.jpg\",\"caption\":\"admin\"},\"description\":\"Admin, Fjala e Lir\u00eb\",\"sameAs\":[\"https:\\\/\\\/fjala.info\\\/\"],\"url\":\"https:\\\/\\\/fjala.info\\\/2009-2015\\\/author\\\/admin\\\/\"}]}<\/script>\n<!-- \/ Yoast SEO plugin. -->","yoast_head_json":{"title":"A po \u00e7ift\u00ebzohet Vet\u00ebvendosje me ekstremizmin islamik? - FjALA e LIR\u00cb - Arkivi","robots":{"index":"index","follow":"follow","max-snippet":"max-snippet:-1","max-image-preview":"max-image-preview:large","max-video-preview":"max-video-preview:-1"},"canonical":"https:\/\/fjala.info\/2009-2015\/a-po-ciftezohet-vetevendosje-me-ekstremizmin-islamik\/","og_locale":"sq_AL","og_type":"article","og_title":"A po \u00e7ift\u00ebzohet Vet\u00ebvendosje me ekstremizmin islamik? - FjALA e LIR\u00cb - Arkivi","og_description":"Nga Arben Idrizi, 1 Korrik 2013 \u00cbsht\u00eb hera e par\u00eb q\u00eb ndaj nj\u00eb t\u00eb b\u00ebme t\u00eb zakonshme t\u00eb dhunshme t\u00eb Vet\u00ebvendosje reagojn\u00eb nj\u00ebz\u00ebri t\u00eb gjitha subjektet politike, institucionet e ndryshme n\u00eb vend, opinionist\u00ebt, etj. Me gjas\u00eb Vet\u00ebvendosjes i mbeti t\u00eb ngush\u00ebllohet vet\u00ebm nga p\u00ebrkrahja e ekstremizmit islamik. V\u00ebrej se shumica jan\u00eb t\u00eb habitur pse Vet\u00ebvendosje [&hellip;]","og_url":"https:\/\/fjala.info\/2009-2015\/a-po-ciftezohet-vetevendosje-me-ekstremizmin-islamik\/","og_site_name":"FjALA e LIR\u00cb - Arkivi","article_published_time":"2013-07-01T21:49:29+00:00","og_image":[{"url":"http:\/\/www.fjala.info\/2013\/albin_kurti1.jpg","type":"","width":"","height":""}],"author":"admin","twitter_card":"summary_large_image","twitter_misc":{"Written by":"admin","Est. reading time":"3 minutes"},"schema":{"@context":"https:\/\/schema.org","@graph":[{"@type":"Article","@id":"https:\/\/fjala.info\/2009-2015\/a-po-ciftezohet-vetevendosje-me-ekstremizmin-islamik\/#article","isPartOf":{"@id":"https:\/\/fjala.info\/2009-2015\/a-po-ciftezohet-vetevendosje-me-ekstremizmin-islamik\/"},"author":{"name":"admin","@id":"https:\/\/fjala.info\/2009-2015\/#\/schema\/person\/3aa1163ef05469c496fc94e77611ada2"},"headline":"A po \u00e7ift\u00ebzohet Vet\u00ebvendosje me ekstremizmin islamik?","datePublished":"2013-07-01T21:49:29+00:00","mainEntityOfPage":{"@id":"https:\/\/fjala.info\/2009-2015\/a-po-ciftezohet-vetevendosje-me-ekstremizmin-islamik\/"},"wordCount":518,"commentCount":0,"publisher":{"@id":"https:\/\/fjala.info\/2009-2015\/#organization"},"image":{"@id":"https:\/\/fjala.info\/2009-2015\/a-po-ciftezohet-vetevendosje-me-ekstremizmin-islamik\/#primaryimage"},"thumbnailUrl":"http:\/\/www.fjala.info\/2013\/albin_kurti1.jpg","articleSection":["Artikuj"],"inLanguage":"sq-AL","potentialAction":[{"@type":"CommentAction","name":"Comment","target":["https:\/\/fjala.info\/2009-2015\/a-po-ciftezohet-vetevendosje-me-ekstremizmin-islamik\/#respond"]}]},{"@type":"WebPage","@id":"https:\/\/fjala.info\/2009-2015\/a-po-ciftezohet-vetevendosje-me-ekstremizmin-islamik\/","url":"https:\/\/fjala.info\/2009-2015\/a-po-ciftezohet-vetevendosje-me-ekstremizmin-islamik\/","name":"A po \u00e7ift\u00ebzohet Vet\u00ebvendosje me ekstremizmin islamik? - FjALA e LIR\u00cb - Arkivi","isPartOf":{"@id":"https:\/\/fjala.info\/2009-2015\/#website"},"primaryImageOfPage":{"@id":"https:\/\/fjala.info\/2009-2015\/a-po-ciftezohet-vetevendosje-me-ekstremizmin-islamik\/#primaryimage"},"image":{"@id":"https:\/\/fjala.info\/2009-2015\/a-po-ciftezohet-vetevendosje-me-ekstremizmin-islamik\/#primaryimage"},"thumbnailUrl":"http:\/\/www.fjala.info\/2013\/albin_kurti1.jpg","datePublished":"2013-07-01T21:49:29+00:00","breadcrumb":{"@id":"https:\/\/fjala.info\/2009-2015\/a-po-ciftezohet-vetevendosje-me-ekstremizmin-islamik\/#breadcrumb"},"inLanguage":"sq-AL","potentialAction":[{"@type":"ReadAction","target":["https:\/\/fjala.info\/2009-2015\/a-po-ciftezohet-vetevendosje-me-ekstremizmin-islamik\/"]}]},{"@type":"ImageObject","inLanguage":"sq-AL","@id":"https:\/\/fjala.info\/2009-2015\/a-po-ciftezohet-vetevendosje-me-ekstremizmin-islamik\/#primaryimage","url":"http:\/\/www.fjala.info\/2013\/albin_kurti1.jpg","contentUrl":"http:\/\/www.fjala.info\/2013\/albin_kurti1.jpg"},{"@type":"BreadcrumbList","@id":"https:\/\/fjala.info\/2009-2015\/a-po-ciftezohet-vetevendosje-me-ekstremizmin-islamik\/#breadcrumb","itemListElement":[{"@type":"ListItem","position":1,"name":"Home","item":"https:\/\/fjala.info\/2009-2015\/"},{"@type":"ListItem","position":2,"name":"A po \u00e7ift\u00ebzohet Vet\u00ebvendosje me ekstremizmin islamik?"}]},{"@type":"WebSite","@id":"https:\/\/fjala.info\/2009-2015\/#website","url":"https:\/\/fjala.info\/2009-2015\/","name":"FjALA e LIR\u00cb - Arkivi","description":"Arkivi 2009-2015","publisher":{"@id":"https:\/\/fjala.info\/2009-2015\/#organization"},"potentialAction":[{"@type":"SearchAction","target":{"@type":"EntryPoint","urlTemplate":"https:\/\/fjala.info\/2009-2015\/?s={search_term_string}"},"query-input":{"@type":"PropertyValueSpecification","valueRequired":true,"valueName":"search_term_string"}}],"inLanguage":"sq-AL"},{"@type":"Organization","@id":"https:\/\/fjala.info\/2009-2015\/#organization","name":"FjALA e LIR\u00cb - Arkivi","url":"https:\/\/fjala.info\/2009-2015\/","logo":{"@type":"ImageObject","inLanguage":"sq-AL","@id":"https:\/\/fjala.info\/2009-2015\/#\/schema\/logo\/image\/","url":"","contentUrl":"","caption":"FjALA e LIR\u00cb - Arkivi"},"image":{"@id":"https:\/\/fjala.info\/2009-2015\/#\/schema\/logo\/image\/"}},{"@type":"Person","@id":"https:\/\/fjala.info\/2009-2015\/#\/schema\/person\/3aa1163ef05469c496fc94e77611ada2","name":"admin","image":{"@type":"ImageObject","inLanguage":"sq-AL","@id":"https:\/\/fjala.info\/2009-2015\/wp-content\/uploads\/2012\/02\/arben_cokaj-120x150.jpg","url":"https:\/\/fjala.info\/2009-2015\/wp-content\/uploads\/2012\/02\/arben_cokaj-120x150.jpg","contentUrl":"https:\/\/fjala.info\/2009-2015\/wp-content\/uploads\/2012\/02\/arben_cokaj-120x150.jpg","caption":"admin"},"description":"Admin, Fjala e Lir\u00eb","sameAs":["https:\/\/fjala.info\/"],"url":"https:\/\/fjala.info\/2009-2015\/author\/admin\/"}]}},"_links":{"self":[{"href":"https:\/\/fjala.info\/2009-2015\/wp-json\/wp\/v2\/posts\/3479","targetHints":{"allow":["GET"]}}],"collection":[{"href":"https:\/\/fjala.info\/2009-2015\/wp-json\/wp\/v2\/posts"}],"about":[{"href":"https:\/\/fjala.info\/2009-2015\/wp-json\/wp\/v2\/types\/post"}],"author":[{"embeddable":true,"href":"https:\/\/fjala.info\/2009-2015\/wp-json\/wp\/v2\/users\/1"}],"replies":[{"embeddable":true,"href":"https:\/\/fjala.info\/2009-2015\/wp-json\/wp\/v2\/comments?post=3479"}],"version-history":[{"count":0,"href":"https:\/\/fjala.info\/2009-2015\/wp-json\/wp\/v2\/posts\/3479\/revisions"}],"wp:attachment":[{"href":"https:\/\/fjala.info\/2009-2015\/wp-json\/wp\/v2\/media?parent=3479"}],"wp:term":[{"taxonomy":"category","embeddable":true,"href":"https:\/\/fjala.info\/2009-2015\/wp-json\/wp\/v2\/categories?post=3479"},{"taxonomy":"post_tag","embeddable":true,"href":"https:\/\/fjala.info\/2009-2015\/wp-json\/wp\/v2\/tags?post=3479"}],"curies":[{"name":"wp","href":"https:\/\/api.w.org\/{rel}","templated":true}]}}