{"id":3473,"date":"2013-07-01T05:26:27","date_gmt":"2013-07-01T04:26:27","guid":{"rendered":"http:\/\/fjala.info\/?p=3473"},"modified":"2013-07-01T05:26:27","modified_gmt":"2013-07-01T04:26:27","slug":"nje-ze-i-forte-i-shqiptarizmes-nga-mergimi-permes-valeve-te-radios-zerit-te-arberit","status":"publish","type":"post","link":"https:\/\/fjala.info\/2009-2015\/nje-ze-i-forte-i-shqiptarizmes-nga-mergimi-permes-valeve-te-radios-zerit-te-arberit\/","title":{"rendered":"NJ\u00cb Z\u00cb I FORT\u00cb I SHQIPTARIZM\u00cbS NGA M\u00cbRGIMI P\u00cbRMES VAL\u00cbVE T\u00cb RADIOS \u201dZ\u00cbRIT T\u00cb ARB\u00cbRIT\u201d"},"content":{"rendered":"<p><img decoding=\"async\" class=\"alignright size-thumbnail wp-image-7236\" title=\"Radio Z\u00ebri i Arb\u00ebrit\" alt=\"\" src=\"http:\/\/www.fjala.info\/2013\/radio_zeri_arberit1.jpg\" width=\"150\" \/> <strong><em>N\u00eb 12 vjetorin e Radios &#8220;Z\u00ebri i Arb\u00ebrit&#8221;<\/em><\/strong><\/p>\n<p><strong>P\u00cbRVJETOR\u00cbT E SHQIPTARIZM\u00cbS S\u00cb VUAJTUR JASHT TROJEVE T\u00cb TYRE<\/strong><\/p>\n<p>Shkruan: <strong>Shaban Cakolli<\/strong><\/p>\n<p>Duke medituar disa vjet pas shpalljes s\u00eb Deklarat\u00ebs Kushtetuese, e cila n\u00eb historin\u00eb m\u00eb t\u00eb re t\u00eb Kosov\u00ebs njihet si Deklarata e Pavar\u00ebsis\u00eb, mendoj se dy ngjarje t\u00eb m\u00ebdha e sh\u00ebnuan vitin 1990 q\u00eb me pietet dhe mburrje do t\u00eb kujtohen brez pas brezi: Deklarata Kushtetuese e 2 Korrikut dhe Shpallja e Republik\u00ebs s\u00eb Kosov\u00ebs, p\u00ebrkat\u00ebsisht, miratimi dhe shpallja e Kushtetut\u00ebs s\u00eb Republik\u00ebs s\u00eb Kosov\u00ebs, m\u00eb 7 Shtator t\u00eb t\u00eb nj\u00ebjtit vit, si aktin m\u00eb t\u00eb lart\u00eb politik dhe juridik t\u00eb nj\u00eb shteti. Nd\u00ebrkaq, fundshekullin e XX do ta pasojn\u00eb edhe vendimet dhe aktet e tjera jo m\u00eb pak t\u00eb r\u00ebnd\u00ebsishme se dy t\u00eb parat: Rezoluta mbi shpalljen e Republik\u00ebs s\u00eb Kosov\u00ebs shtet sovran dhe i pavarur e 22 shtatorit, Referendumi p\u00ebr Republik\u00ebn e Kosov\u00ebs shtet sovran dhe i pavarur q\u00eb u mbajt nga 26-30 shtator t\u00eb vitit 1991 dhe lufta \u00e7lirimtare e popullit t\u00eb Kosov\u00ebs.Dy korriku,i themelimit t\u00eb Radio Z\u00ebrit t\u00eb Arb\u00ebrit,nuk ishte di\u00e7ka rast\u00ebsi,ajo ka mundur t\u00eb themelohet m\u00eb par\u00eb,apo m\u00eb von\u00eb.<\/p>\n<p>Historia na m\u00ebson se shp\u00ebrnguljet e para masive t\u00eb ilir\u00ebve nga trojet e tyre,u b\u00ebn\u00eb q\u00eb n\u00eb vitin 167 para er\u00ebs son\u00eb,kur mbreti i mundur Ilir Genti me dhun\u00eb u d\u00ebp\u00ebrtua n\u00eb Rom\u00eb nga konsuli romak Pal Emili,i cili sh\u00ebndroi 150.000 banor\u00eb ilir n\u00eb skllav.Nga at\u00ebhere n\u00ebp\u00ebr rrjedhat e historis\u00eb shqiptar\u00ebt p\u00ebrjetuan dukurin\u00eb e hidhur t\u00eb shteg\u00ebtimeve,ekzodeve dhe emigrimeve masive.<\/p>\n<p>Shteg\u00ebtimet e tilla nuk b\u00ebheshin thjesht p\u00ebr t\u00eb marrur bot\u00ebn n\u00eb sy,por kishin shkaqet e tyre, ushtarake,ekonomike,politike,ideologjike e t\u00eb tjera.Nga at\u00ebhere e deri m\u00eb sot, armiq\u00ebt tan\u00eb kishin q\u00ebllime t\u00eb qarta ndaj nesh: T\u00eb na i rrudhin sa m\u00eb shum\u00eb q\u00eb ishte e mundur trojet tona etnike, zvog\u00eblimin e popullat\u00ebs son\u00eb duke b\u00ebr\u00eb elaborate rreth \u00e7faros\u00ebjes son\u00eb duke zbatuar dy forma dhunash: k\u00ebto ishin dy lloj dhunash ajo fizike dhe kulturore,q\u00eb asnj\u00ebra nuk ishte m\u00eb pak e rrezikshme se tjetra.<\/p>\n<p>Nga luft\u00ebrat e nj\u00ebpasnj\u00ebshme n\u00ebp\u00ebr shekuj,shqiptar\u00ebt n\u00eb trojet e tyre,por edhe ata t\u00eb p\u00ebrndjekurit me dhun\u00eb nga atdheu, arrit\u00ebn t\u00eb mbijetojn\u00eb duke ruajtur gjuh\u00ebn e tyre amtare, tradit\u00ebn dhe kultur\u00ebn, doket dhe zakonet shqiptare brez pas brezi, duke i mbajtur gjall\u00eb karakteristikat kryesore t\u00eb b\u00ebrtham\u00ebs sociale-familjen shqiptare.<\/p>\n<p><img decoding=\"async\" class=\"alignright size-thumbnail wp-image-7236\" title=\"Radio Z\u00ebri i Arb\u00ebrit\" alt=\"\" src=\"http:\/\/www.fjala.info\/2013\/radio_zeri_arberit.jpg\" width=\"300\" \/><\/p>\n<p>K\u00ebshtu ndodhi edhe viteve t\u00eb 90-ta,kur pushtuesi p\u00ebr q\u00ebllimet e tij t\u00eb err\u00ebta na shp\u00ebrndau me dhun\u00eb n\u00ebp\u00ebr bot\u00eb,duke menduar se k\u00ebsaj radhe na tjet\u00ebrsoi. Fati e deshti se kudo n\u00ebp\u00ebr vendet e bot\u00ebs ku k\u00ebrkuam strehim, pat\u00ebm veprimtar\u00eb t\u00eb devotsh\u00ebm t\u00eb \u00e7\u00ebshtjes komb\u00ebtare, q\u00eb veprimtarin\u00eb e tyre komb\u00ebtare n\u00eb atdhe e pat\u00ebn zhvilluar ilegalisht, por n\u00eb m\u00ebrgim e zgj\u00ebruan aq m\u00eb tep\u00ebr, p\u00ebr t\u00eb internacionalizuar \u00e7\u00ebshtjen ton\u00eb n\u00eb vendet ku ishim strehuar.<\/p>\n<p>Nj\u00ebri nga veprimtar\u00ebt tan\u00eb, q\u00eb fati i keq e p\u00ebrplasi n\u00eb Norvegjin\u00eb e larg\u00ebt ishte Imri Trena. I vetdijsh\u00ebm p\u00ebr pasojat q\u00eb do t\u00eb kishte atdheu dhe popullata jon\u00eb, n\u00ebse ne do t\u00eb q\u00ebndronim duarkryq dhenave t\u00eb huaja,u vu n\u00eb sh\u00ebrbim t\u00eb atdheut. Ai mori disa nisma q\u00eb p\u00ebrshumkend dukeshin t\u00eb pamundshme. Nismat e tij kishin q\u00ebllime t\u00eb ndri\u00e7onin sado q\u00eb do t\u00eb mundnin err\u00ebsir\u00ebn q\u00eb kishte r\u00ebn\u00eb mbi popullat\u00ebn ton\u00eb t\u00eb pushtuar.Ky ndri\u00e7im k\u00ebrkonte mund &#8220;sakrifica&#8221;, guxim, vendosm\u00ebri dhe vetbesim,por p\u00ebr veprimtar\u00eb t\u00eb ngulitur si ishte miku Imri Trena, kjo nuk ishte e pamundur. Dy nisma q\u00eb i shquaj nd\u00ebr m\u00eb t\u00eb shejtat q\u00eb mori veprimtari komb\u00ebtar, krijuesi dhe m\u00ebsuesi Imri Trena i mori mbi supe, jan\u00eb nisma pa t\u00eb cilat m\u00ebrgata jon\u00eb do t\u00eb ishte e varfur dhe e asimiluar.<\/p>\n<p>Nj\u00eb nism\u00ebtar\u00eb p\u00ebr hapjen e shkollave shqipe n\u00eb Norvegji n\u00eb baza vullnetare,p\u00ebr t\u00eb i m\u00ebsuar rinin\u00eb dhe shpres\u00ebn ton\u00eb t\u00eb njohin e t\u00eb duan atdheun,gjuh\u00ebn,kultur\u00ebn dhe tradit\u00ebn komb\u00ebtare,t\u00eb lexojn\u00eb e shkruajn\u00eb shqip,t\u00eb njohin gjeografin\u00eb dhe historin\u00eb e atdheut,pishtar\u00ebt e atdheut,traditat,doket zakonet e simbolet komb\u00ebtare,ishte nisma m\u00eb e ndritshme e k\u00ebti veprimtari q\u00eb po shp\u00ebtonte nj\u00eb rini t\u00eb pafajshme nga asimilimi.Ai bashk\u00eb me znj.Shemsije Trena kan\u00eb b\u00ebr\u00eb shum\u00eb p\u00ebr arsimimin e f\u00ebmij\u00ebve shqiptar\u00eb.Nisma tjet\u00ebr ishte hapja e nj\u00eb mediumi,n\u00eb t\u00eb cilin k\u00ebrkohej nj\u00eb z\u00eb i fort\u00eb, z\u00eb i cili p\u00ebrpiqej t\u00eb bashkoi faktorin shqiptar n\u00eb emigracion n\u00eb nj\u00eb front t\u00eb p\u00ebrbashk\u00ebt,z\u00eb q\u00eb do<\/p>\n<p>t\u00eb protestonte kund\u00ebr shtypjeve,burgosjeve dhe vrasjeve shqiptare,z\u00eb i cili leht\u00ebsonte m\u00ebrgimtar\u00ebt, i lidhte me atdheun dhe i njihte me aktualitetet n\u00eb atdhe,e shum\u00eb t\u00eb mira tjera.<\/p>\n<p>Ky medium u nis me nj\u00eb z\u00eb t\u00eb fort\u00eb,p\u00ebrmes val\u00ebve t\u00eb Radio Z\u00ebrit t\u00eb Arb\u00ebrit,me 2 korrik 2001,dhe sot me dy korrik 2011,po t\u00eb i l\u00ebm\u00eb anash mundin,p\u00ebrpjek\u00ebjet,kushtet n\u00eb t\u00eb cilat u ngrit ky medium, po kremtojm\u00eb dhjet\u00eb vjetorin e k\u00ebsaj pune t\u00eb ndritshme,ku t\u00eb gjith\u00eb jemi t\u00eb g\u00ebzuar dhe krenar p\u00ebr k\u00ebt\u00eb pun\u00eb t\u00eb k\u00ebtij mediumi.Meritat i takojn\u00eb mikut ton\u00eb veprimtar\u00eb z.Imri Trena,por edhe atyre q\u00eb u radhit\u00ebn n\u00eb ndihm\u00eb p\u00ebr t\u00eb mbajtur gjall\u00eb k\u00ebt\u00eb medium,si:Ali Rexhepi,Shemsije dhe Majlinda Trena,Driton Jashari,Shemsi Rukofci dhe disa t\u00eb tjer\u00eb q\u00eb ndoshta un\u00eb edhe nuk i njoh, por shpesh e kan\u00eb th\u00ebn\u00eb pa i hy kujt n\u00eb hak,stafi i k\u00ebsaj radioje.G\u00ebzimi \u00ebsht\u00eb aq m\u00eb i madh, kur dihej se n\u00eb fillim t\u00eb nism\u00ebs ky medium p\u00ebrshum\u00ebkend dukej si nj\u00eb pik\u00eb uji n\u00eb shkret\u00ebtir\u00eb,por me pun\u00eb e p\u00ebrkushtim sot u b\u00eb em\u00ebr q\u00eb n\u00eb historin\u00eb e s\u00eb nes\u00ebrmes son\u00eb,do t\u00eb lakohet n\u00eb t\u00eb gjitha rasat e kombtarizmit shqiptar.Radio\u201dZ\u00ebri i Arb\u00ebrit\u201d jo vet\u00ebm q\u00eb arriti t\u00eb i bashkoi shqiptar\u00ebt<\/p>\n<p>n\u00eb m\u00ebrgim,por i bashkoi edhe shqiptar\u00ebt e mbar\u00eb trojeve etnike dhe sot jan\u00eb pran\u00eb val\u00ebve t\u00eb tij\u00eb.<\/p>\n<p>Radio Z\u00ebri i Arb\u00ebrit n\u00eb Norvegji tani kremton 12 vjetorin e pun\u00ebs s\u00eb suksesshme. U themelua m\u00eb 2 korrik t\u0117 vitit 2001 n\u00eb qytetin e<\/p>\n<p>vog\u00ebl, por t\u00eb bukur Universitar \u00c5s i cili gjendet afro 30 kilometra nga pjesa verilindore e kryeqendr\u00ebs Oslo. Q\u00eb nga fillimi u ballafaqua<\/p>\n<p>me kushte financiare, por mbijetoi fal\u00eb sakrific\u00ebs s\u00eb pun\u00ebs vet\u00ebmohuese t\u0117 stafit. E vecanta e k\u00ebtij mediumi \u00ebsht\u00eb kultivimi dhe ruajtja me plot<\/p>\n<p>gjelozi e vlerave komb\u00ebtare ku q\u00eb nga fillimi i pun\u00ebs iu \u00ebsht\u00eb th\u00ebn\u00eb STOP pseudovlerave. Radio Z\u00ebri i Arb\u00ebrit sot ka pushtuar bot\u00ebn dhe<\/p>\n<p>d\u00ebgjohet edhe n\u00eb Zeland\u00ebn e Re e gjetiu kudo q\u00eb ka shqiptar.<\/p>\n<p>Me rastin e 100 vjetorit t\u00eb PAVAR\u0116SIS\u0116 S\u0116 SHQIP\u0116RIS\u0116 dhe t\u00eb 12 vjetorit t\u0117 pun\u00ebs, s\u00eb shpejti do t\u00eb del n\u00eb drit\u00eb libri me emrin:<\/p>\n<p>&#8220;Me Z\u00ebrat e Z\u00ebrit t\u0117 Arb\u00ebrit&#8221; &#8211; nj\u00eb monografi p\u00ebr pun\u00ebn e k\u00ebtij mediumi, nga autori Imri Trena.<\/p>\n<p>Imri Trena u lind m\u00eb 1961 n\u00eb fshatin Begrace t\u00eb Ka\u00e7anikut. U diplomua n\u00eb Fakultetin e Bujq\u00ebsis\u00eb n\u00eb Prishtin\u00eb. N\u00eb vitin 1999 bashk\u00eb me familje migroi n\u00eb Norvegji, ku jeton dhe vepron sot e k\u00ebsaj dite. Me vetiniciativ\u00ebn e tij, n\u00eb vitin 2001 themeloi Radiostacionin Regjional \u201c<\/p>\n<p>Z\u00ebri i Arb\u00ebrit\u201d, medium ky tjejet i r\u00ebnd\u00ebsish\u00ebm p\u00ebr bashkatdhetar\u00ebt tan\u00eb q\u00eb jetojn\u00eb n\u00eb Oslo e rrethin\u00eb. \u00cbsht\u00eb kryeredaktor i k\u00ebsaj radioje, si dhe arsimtar i Shkoll\u00ebs Shqipe n\u00eb Oslo, q\u00eb nga viti 2000. Esht\u00eb an\u00ebtar i Lidhjes s\u00eb Shkrimtar\u00ebve t\u00eb Kosov\u00ebs dhe ka botuar k\u00ebto vepra:<\/p>\n<p>\u201cBuz\u00ebqeshja e tretur&#8221;, \u201cPlag\u00eb n\u00eb zem\u00ebr&#8221;, \u201eShtegtimi i shqipeve\u201d, \u201cPrapa grilave\u201d, \u201cKosova ime e madhe\u201d, \u201cAndej \u00ebsht\u00eb Kosova\u201d, \u201eRruga e hidhur\u201d, \u201cDhembje e lot\u201d, \u201cN\u00eb Kampin Bjonerbek\u201d, \u201cArom\u00eb manushaqeje\u201d, \u201cMall i (pa)shuar, \u201cMe z\u00ebrat e Z\u00ebrit t\u00eb Arb\u00ebrit\u201d<\/p>\n<p>&#8211; &#8220;NET\u00cbT E BARDHA&#8221; &#8211; &#8220;Migrimet e para t\u00eb Shqiptar\u00ebve n\u00eb Norvegji&#8221;, ka z\u00ebn\u00eb vend n\u00eb nj\u00eb antologji Rumune, si dhe antologjive &#8220;Trinomi i Liris\u00eb&#8221; dhe &#8220;Nj\u00eb Shekull Drit\u00eb&#8221;, botuar nga LSHAKSH n\u00eb Gjermani. Shpesh mendoj me vete: Ku e merr k\u00ebt\u00eb burim force, energjie, ky njeri i madh Imri Trena? Ai nuk b\u00ebn\u00eb gjum\u00eb, ai punon n\u00eb shkolla, radio, ka obligime familjare, gjen\u00eb koh\u00eb t\u00eb mirret me krijimtari dhe ka botuar dhjet\u00ebra libra n\u00eb poezi e proz\u00eb.<\/p>\n<p>P\u00ebr Imri Tren\u00ebn dhe Radio Zerin e Arb\u00ebrit ka shum\u00eb p\u00ebr t\u00eb th\u00ebn\u00eb.N\u00eb nj\u00eb v\u00ebshtrim t\u00eb shkrimeve t\u00eb shkurt\u00ebra nuk mund t\u00eb i themi dot t\u00eb gjitha, por ja p\u00ebr nj\u00eb dhjet\u00ebvjetor\u00eb t\u00eb sukseseve jan\u00eb disa q\u00eb meodomos duhet t\u00eb i evidentosh.Puna e madhe, angazhimi, kujdesi p\u00ebr bashk\u00ebatdhetar\u00ebt n\u00eb m\u00ebrgat\u00eb dhe gjitha trojet shqiptare, p\u00ebrkrah\u00ebjen e sakrificave p\u00ebr \u00e7lirim, p\u00ebrpjek\u00ebjet p\u00ebr integrim t\u00eb m\u00ebrgimtar\u00ebve tan\u00eb n\u00eb mesin e shoq\u00ebrive ku jetojn\u00eb,mbrojt\u00ebja dhe pasurimi i gjuh\u00ebs amtare, dokeve, traditave, Kultures, sukseseve dhe sjelljeve t\u00eb vlerave t\u00eb mir\u00ebfillta, edhe pse nuk i cek\u00ebm t\u00eb gjitha,por q\u00eb jan\u00eb shum\u00eb t\u00eb lidhura me Zerin e Arb\u00ebrit. Radio Z\u00ebri i Arb\u00ebrit \u00ebsht\u00eb nj\u00eb z\u00eb i \u00ebmb\u00ebl shqip, q\u00eb d\u00ebgjohet nga Norvegjia e larg\u00ebt,i vetmi mjet i ndri\u00e7imit dhe p\u00ebrparimit moral t\u00eb shqiptar\u00ebve jasht\u00eb atdheut,me t\u00eb cilin jo vet\u00ebm q\u00eb duhet t\u00eb jemi krenar\u00eb ne, por q\u00eb edhe f\u00ebmij\u00ebt tan\u00eb do t\u00eb jen\u00eb fol\u00ebs dhe mbrojt\u00ebs s\u00eb gjuh\u00ebs son\u00eb amtare, gjuh\u00eb e shejt\u00eb q\u00eb ndihmon zhvillimin kulturor dhe intelektual t\u00eb rinis\u00eb son\u00eb t\u00eb m\u00ebrguar. P\u00ebr m\u00ebrgimtar\u00ebt tan\u00eb kudo q\u00eb ndodhen,ky z\u00eb duhet t\u00eb jet\u00eb shp\u00ebtim, z\u00eb q\u00eb mban\u00eb gjall\u00eb m\u00ebrgimtar\u00ebt,q\u00eb u jep kurajo dhe shpres\u00eb,q\u00eb i lidh\u00eb me bot\u00ebn shqiptare, z\u00eb q\u00eb i m\u00ebson f\u00ebmij\u00ebt t\u00eb duan atdheun,z\u00eb q\u00eb na mund\u00ebson t\u00eb d\u00ebgjojm\u00eb fjal\u00ebn e bukur artistike,q\u00eb t\u00eb njeh me shkrimtarin,poetin,piktorin,artistin e k\u00ebng\u00ebtarin shqiptar\u00eb si njoh\u00ebm:Riza Sheqirin,Agim Doqin, Martin \u00c7unin, Halil Xanin,si njoh\u00ebm piktoren dhe poeten Valdete Berisha,Rita Salihun, Hasan Qyqall\u00ebn e ,Sabit rRrustemin, eshum\u00eb t\u00eb tjer\u00eb\u2026deri k\u00ebto dit\u00ebt e k\u00ebtij muaji,kur n\u00eb studion e k\u00ebsaj radioje komb\u00ebtare.<\/p>\n<p>pati fatin t\u00eb intervistohej shkrimtarja dhe poetja m\u00eb e re nga Kosova,znjsh.Q\u00ebndresa Halili.<\/p>\n<p>K\u00ebtu njoh\u00ebm k\u00ebng\u00ebtar\u00eb e artist si: Shqipe Kastrati, Nazire Jaha, Selvete T\u00ebrstena-Halili, Shengyle Berisha-Shega, Emine Hasimi, e shum\u00eb tjer\u00eb q\u00eb nuk mund t\u00eb i p\u00ebrfshijm\u00eb n\u00eb k\u00ebt\u00eb shkrim kalimthazi.<\/p>\n<p>N\u00eb Radion Z\u00ebri i Arb\u00ebrit njoh\u00ebm gjitha thesaret n\u00eb gjuh\u00ebn e Perendis\u00eb,gjuh\u00ebn e \u00ebmb\u00ebl dhe t\u00eb fuqishme shqipe jasht\u00eb atdheut ton\u00eb,me t\u00eb cilen duhet dhe kemi me \u00e7ka t\u00eb krenohemi.<\/p>\n<p>Dor\u00ebn n\u00eb zem\u00ebr,un\u00eb kam arritur m\u00eb von\u00eb n\u00eb inkuadrimin e k\u00ebtyre val\u00ebve t\u00eb shejta t\u00eb Z\u00ebrit t\u00eb Arb\u00ebrit,por nga koha q\u00eb jam k\u00ebtu e kam p\u00ebrcjellur veprimtarin\u00eb e shquar komb\u00ebtare t\u00eb mikut ton\u00eb Imri Trena,poet,prozator,m\u00ebsues dhe kryeredaktor i Radio Z\u00ebrit t\u00eb Arb\u00ebrit,dhe m\u00eb ka r\u00ebn\u00eb n\u00eb sy nj\u00eb pun\u00eb e tij me shum\u00eb p\u00ebrkushtim e d\u00ebshir\u00eb t\u00eb zjarrt\u00eb p\u00ebr komb\u00ebtaren,p\u00ebr bashkimin e shqiptar\u00ebve.Nj\u00eb pun\u00eb e tij plot mund,sakrifica,por plot q\u00ebndres\u00eb dhe suksese,pa asnj\u00eb l\u00ebkundje q\u00eb nga themelimi e deri n\u00eb dhjet\u00ebvjetorin e saj,\u00ebsht\u00eb g\u00ebzim jo vet\u00ebm p\u00ebr te dhe stafin, por p\u00ebr t\u00eb gjith\u00eb ne d\u00ebgjuesit q\u00eb dijjn\u00eb dhe duan t\u00eb \u00e7mojn\u00eb vlera.N\u00eb k\u00ebt\u00eb korrik,n\u00eb k\u00ebt\u00eb dhjet\u00ebvjetor\u00eb t\u00eb pun\u00ebs s\u00eb tij t\u00eb ndritshme,miku yn\u00eb Imri Trena ndodhet n\u00eb vendlindje me siguri p\u00ebr t\u00eb u \u00e7mallur por jo p\u00ebr t\u00eb pushuar!Ai nuk njeh pushimin,nuk pajtohet me gjumin dhe k\u00ebtyre dit\u00ebve pushimi n\u00eb vendlindje iu \u00ebsht\u00eb rrekur nj\u00eb pune mjaft me p\u00ebrkushtim,pun\u00eb mjaft e r\u00ebnd\u00eb por d\u00ebshir\u00eb e zjarrt\u00eb<\/p>\n<p>e tij\u00eb,q\u00eb d\u00ebgjues\u00ebve dhe brezave q\u00eb vijn\u00eb t\u00eb u lihet di\u00e7ka e shkruar,p\u00ebr jet\u00ebn e mundimshme n\u00eb m\u00ebrgim,p\u00ebr p\u00ebrpjekjet e tyre,p\u00ebr kontributin e dh\u00ebn\u00eb n\u00eb k\u00ebt\u00eb radio,p\u00ebr ruajt\u00ebjen e gjuh\u00ebs, kultur\u00ebs e tradit\u00ebs n\u00eb m\u00ebrgim,p\u00ebr biografit\u00eb,shkrimet,krijimet dhe gazmoret,fjal\u00ebt e urta,kuizet, gj\u00ebegjezat e d\u00ebgjues\u00ebve t\u00eb k\u00ebsaj radioje.T\u00eb gjitha k\u00ebto miku yn\u00eb i palodhsh\u00ebm Imri Trena po punon t\u2019i fus n\u00eb nj\u00eb lib\u00ebr voluminoz,titulluar \u201cZ\u00ebrat e Radio Z\u00ebrit t\u00eb Arb\u00ebrit\u201d.<\/p>\n<p>Ky lib\u00ebr do t\u00eb jet\u00eb lib\u00ebr thesaresh,dokumentar,historik,mund t\u00eb e quajm\u00eb antologjik,por un\u00eb do ta quaja lib\u00ebr kujtimi q\u00eb do u sh\u00ebrbej brezave.Ky lib\u00ebr do t\u00eb jet\u00eb i pasuruar me plot fakte ,se kan\u00eb jetuar n\u00eb koh\u00eb dhunash e p\u00ebrndjek\u00ebjesh shum\u00eb shqiptar\u00eb n\u00eb m\u00ebrgim,q\u00eb edhe sot jetojn\u00eb atje,e q\u00eb ndoshta do t\u00eb jetojn\u00eb edhe n\u00eb t\u00eb ardh\u00ebmen,por q\u00eb kan\u00eb ruajtur shqiptarizm\u00ebn e plot\u00eb, t\u00eb hapur,nj\u00eb shqiptariz\u00ebm real,lib\u00ebr i bazuar n\u00eb fakte dhe nj\u00eb analiz\u00eb t\u00eb holl\u00ebsishme.<\/p>\n<p>Sot, sikur kam l\u00ebn\u00eb menjan\u00eb gjitha preokupimet,jam veshur n\u00eb shpirt me g\u00ebzimin dhe petkun festiv p\u00ebr k\u00ebt\u00eb p\u00ebrvjetor t\u00eb suksesh\u00ebm t\u00eb k\u00ebtij z\u00ebri t\u00eb arsyesh\u00ebm komb\u00ebtar\u00eb,z\u00ebrin e Radio Z\u00ebrit t\u00eb Arb\u00ebrit.<\/p>\n<p>I nderuari kryeredaktor iZ\u00ebrit t\u00eb Arb\u00ebrit,miku i Shtrenj\u00ebt Imri Trena, i nderuari miku Ali Rexhepi, Driton Jashari, t\u00eb nderuara znj.Shemsije dhe Majlinda Trena, t\u00eb nderuar d\u00ebgjues motra dhe v\u00ebllez\u00ebr q\u00eb d\u00ebgjoni dhe kontriboni n\u00eb Radio Z\u00ebrin e Arb\u00ebrit, urime, shum\u00eb urime p\u00ebr k\u00ebt\u00eb p\u00ebrvjetor\u00eb t\u00eb pun\u00ebs t\u00eb ndritshme komb\u00ebtare t\u00eb Radio Z\u00ebrit t\u00eb Arb\u00ebrit.<\/p>\n<p>Paqi sh\u00ebndet, harmoni familjare gjithnj\u00eb pran\u00eb Radio Z\u00ebrit t\u00eb Arb\u00ebrit,duke uruar q\u00eb ky medium i shejt\u00eb t\u00eb jetoj shekuj t\u00eb t\u00ebr\u00eb.<\/p>\n","protected":false},"excerpt":{"rendered":"<p>N\u00eb 12 vjetorin e Radios &#8220;Z\u00ebri i Arb\u00ebrit&#8221; P\u00cbRVJETOR\u00cbT E SHQIPTARIZM\u00cbS S\u00cb VUAJTUR JASHT TROJEVE T\u00cb TYRE Shkruan: Shaban Cakolli Duke medituar disa vjet pas shpalljes s\u00eb Deklarat\u00ebs Kushtetuese, e cila n\u00eb historin\u00eb m\u00eb t\u00eb re t\u00eb Kosov\u00ebs njihet si Deklarata e Pavar\u00ebsis\u00eb, mendoj se dy ngjarje t\u00eb m\u00ebdha e sh\u00ebnuan vitin 1990 q\u00eb me [&hellip;]<\/p>\n","protected":false},"author":1,"featured_media":0,"comment_status":"open","ping_status":"closed","sticky":false,"template":"","format":"standard","meta":{"footnotes":""},"categories":[2],"tags":[],"class_list":{"0":"post-3473","1":"post","2":"type-post","3":"status-publish","4":"format-standard","6":"category-artikuj"},"yoast_head":"<!-- This site is optimized with the Yoast SEO plugin v27.4 - https:\/\/yoast.com\/product\/yoast-seo-wordpress\/ -->\n<title>NJ\u00cb Z\u00cb I FORT\u00cb I SHQIPTARIZM\u00cbS NGA M\u00cbRGIMI P\u00cbRMES VAL\u00cbVE T\u00cb RADIOS \u201dZ\u00cbRIT T\u00cb ARB\u00cbRIT\u201d - FjALA e LIR\u00cb - Arkivi<\/title>\n<meta name=\"robots\" content=\"index, follow, max-snippet:-1, max-image-preview:large, max-video-preview:-1\" \/>\n<link rel=\"canonical\" href=\"https:\/\/fjala.info\/2009-2015\/nje-ze-i-forte-i-shqiptarizmes-nga-mergimi-permes-valeve-te-radios-zerit-te-arberit\/\" \/>\n<meta property=\"og:locale\" content=\"sq_AL\" \/>\n<meta property=\"og:type\" content=\"article\" \/>\n<meta property=\"og:title\" content=\"NJ\u00cb Z\u00cb I FORT\u00cb I SHQIPTARIZM\u00cbS NGA M\u00cbRGIMI P\u00cbRMES VAL\u00cbVE T\u00cb RADIOS \u201dZ\u00cbRIT T\u00cb ARB\u00cbRIT\u201d - FjALA e LIR\u00cb - Arkivi\" \/>\n<meta property=\"og:description\" content=\"N\u00eb 12 vjetorin e Radios &#8220;Z\u00ebri i Arb\u00ebrit&#8221; P\u00cbRVJETOR\u00cbT E SHQIPTARIZM\u00cbS S\u00cb VUAJTUR JASHT TROJEVE T\u00cb TYRE Shkruan: Shaban Cakolli Duke medituar disa vjet pas shpalljes s\u00eb Deklarat\u00ebs Kushtetuese, e cila n\u00eb historin\u00eb m\u00eb t\u00eb re t\u00eb Kosov\u00ebs njihet si Deklarata e Pavar\u00ebsis\u00eb, mendoj se dy ngjarje t\u00eb m\u00ebdha e sh\u00ebnuan vitin 1990 q\u00eb me [&hellip;]\" \/>\n<meta property=\"og:url\" content=\"https:\/\/fjala.info\/2009-2015\/nje-ze-i-forte-i-shqiptarizmes-nga-mergimi-permes-valeve-te-radios-zerit-te-arberit\/\" \/>\n<meta property=\"og:site_name\" content=\"FjALA e LIR\u00cb - Arkivi\" \/>\n<meta property=\"article:published_time\" content=\"2013-07-01T04:26:27+00:00\" \/>\n<meta property=\"og:image\" content=\"http:\/\/www.fjala.info\/2013\/radio_zeri_arberit1.jpg\" \/>\n<meta name=\"author\" content=\"admin\" \/>\n<meta name=\"twitter:card\" content=\"summary_large_image\" \/>\n<meta name=\"twitter:label1\" content=\"Written by\" \/>\n\t<meta name=\"twitter:data1\" content=\"admin\" \/>\n\t<meta name=\"twitter:label2\" content=\"Est. reading time\" \/>\n\t<meta name=\"twitter:data2\" content=\"13 minutes\" \/>\n<script type=\"application\/ld+json\" class=\"yoast-schema-graph\">{\"@context\":\"https:\\\/\\\/schema.org\",\"@graph\":[{\"@type\":\"Article\",\"@id\":\"https:\\\/\\\/fjala.info\\\/2009-2015\\\/nje-ze-i-forte-i-shqiptarizmes-nga-mergimi-permes-valeve-te-radios-zerit-te-arberit\\\/#article\",\"isPartOf\":{\"@id\":\"https:\\\/\\\/fjala.info\\\/2009-2015\\\/nje-ze-i-forte-i-shqiptarizmes-nga-mergimi-permes-valeve-te-radios-zerit-te-arberit\\\/\"},\"author\":{\"name\":\"admin\",\"@id\":\"https:\\\/\\\/fjala.info\\\/2009-2015\\\/#\\\/schema\\\/person\\\/3aa1163ef05469c496fc94e77611ada2\"},\"headline\":\"NJ\u00cb Z\u00cb I FORT\u00cb I SHQIPTARIZM\u00cbS NGA M\u00cbRGIMI P\u00cbRMES VAL\u00cbVE T\u00cb RADIOS \u201dZ\u00cbRIT T\u00cb ARB\u00cbRIT\u201d\",\"datePublished\":\"2013-07-01T04:26:27+00:00\",\"mainEntityOfPage\":{\"@id\":\"https:\\\/\\\/fjala.info\\\/2009-2015\\\/nje-ze-i-forte-i-shqiptarizmes-nga-mergimi-permes-valeve-te-radios-zerit-te-arberit\\\/\"},\"wordCount\":2528,\"commentCount\":0,\"publisher\":{\"@id\":\"https:\\\/\\\/fjala.info\\\/2009-2015\\\/#organization\"},\"image\":{\"@id\":\"https:\\\/\\\/fjala.info\\\/2009-2015\\\/nje-ze-i-forte-i-shqiptarizmes-nga-mergimi-permes-valeve-te-radios-zerit-te-arberit\\\/#primaryimage\"},\"thumbnailUrl\":\"http:\\\/\\\/www.fjala.info\\\/2013\\\/radio_zeri_arberit1.jpg\",\"articleSection\":[\"Artikuj\"],\"inLanguage\":\"sq-AL\",\"potentialAction\":[{\"@type\":\"CommentAction\",\"name\":\"Comment\",\"target\":[\"https:\\\/\\\/fjala.info\\\/2009-2015\\\/nje-ze-i-forte-i-shqiptarizmes-nga-mergimi-permes-valeve-te-radios-zerit-te-arberit\\\/#respond\"]}]},{\"@type\":\"WebPage\",\"@id\":\"https:\\\/\\\/fjala.info\\\/2009-2015\\\/nje-ze-i-forte-i-shqiptarizmes-nga-mergimi-permes-valeve-te-radios-zerit-te-arberit\\\/\",\"url\":\"https:\\\/\\\/fjala.info\\\/2009-2015\\\/nje-ze-i-forte-i-shqiptarizmes-nga-mergimi-permes-valeve-te-radios-zerit-te-arberit\\\/\",\"name\":\"NJ\u00cb Z\u00cb I FORT\u00cb I SHQIPTARIZM\u00cbS NGA M\u00cbRGIMI P\u00cbRMES VAL\u00cbVE T\u00cb RADIOS \u201dZ\u00cbRIT T\u00cb ARB\u00cbRIT\u201d - FjALA e LIR\u00cb - Arkivi\",\"isPartOf\":{\"@id\":\"https:\\\/\\\/fjala.info\\\/2009-2015\\\/#website\"},\"primaryImageOfPage\":{\"@id\":\"https:\\\/\\\/fjala.info\\\/2009-2015\\\/nje-ze-i-forte-i-shqiptarizmes-nga-mergimi-permes-valeve-te-radios-zerit-te-arberit\\\/#primaryimage\"},\"image\":{\"@id\":\"https:\\\/\\\/fjala.info\\\/2009-2015\\\/nje-ze-i-forte-i-shqiptarizmes-nga-mergimi-permes-valeve-te-radios-zerit-te-arberit\\\/#primaryimage\"},\"thumbnailUrl\":\"http:\\\/\\\/www.fjala.info\\\/2013\\\/radio_zeri_arberit1.jpg\",\"datePublished\":\"2013-07-01T04:26:27+00:00\",\"breadcrumb\":{\"@id\":\"https:\\\/\\\/fjala.info\\\/2009-2015\\\/nje-ze-i-forte-i-shqiptarizmes-nga-mergimi-permes-valeve-te-radios-zerit-te-arberit\\\/#breadcrumb\"},\"inLanguage\":\"sq-AL\",\"potentialAction\":[{\"@type\":\"ReadAction\",\"target\":[\"https:\\\/\\\/fjala.info\\\/2009-2015\\\/nje-ze-i-forte-i-shqiptarizmes-nga-mergimi-permes-valeve-te-radios-zerit-te-arberit\\\/\"]}]},{\"@type\":\"ImageObject\",\"inLanguage\":\"sq-AL\",\"@id\":\"https:\\\/\\\/fjala.info\\\/2009-2015\\\/nje-ze-i-forte-i-shqiptarizmes-nga-mergimi-permes-valeve-te-radios-zerit-te-arberit\\\/#primaryimage\",\"url\":\"http:\\\/\\\/www.fjala.info\\\/2013\\\/radio_zeri_arberit1.jpg\",\"contentUrl\":\"http:\\\/\\\/www.fjala.info\\\/2013\\\/radio_zeri_arberit1.jpg\"},{\"@type\":\"BreadcrumbList\",\"@id\":\"https:\\\/\\\/fjala.info\\\/2009-2015\\\/nje-ze-i-forte-i-shqiptarizmes-nga-mergimi-permes-valeve-te-radios-zerit-te-arberit\\\/#breadcrumb\",\"itemListElement\":[{\"@type\":\"ListItem\",\"position\":1,\"name\":\"Home\",\"item\":\"https:\\\/\\\/fjala.info\\\/2009-2015\\\/\"},{\"@type\":\"ListItem\",\"position\":2,\"name\":\"NJ\u00cb Z\u00cb I FORT\u00cb I SHQIPTARIZM\u00cbS NGA M\u00cbRGIMI P\u00cbRMES VAL\u00cbVE T\u00cb RADIOS \u201dZ\u00cbRIT T\u00cb ARB\u00cbRIT\u201d\"}]},{\"@type\":\"WebSite\",\"@id\":\"https:\\\/\\\/fjala.info\\\/2009-2015\\\/#website\",\"url\":\"https:\\\/\\\/fjala.info\\\/2009-2015\\\/\",\"name\":\"FjALA e LIR\u00cb - Arkivi\",\"description\":\"Arkivi 2009-2015\",\"publisher\":{\"@id\":\"https:\\\/\\\/fjala.info\\\/2009-2015\\\/#organization\"},\"potentialAction\":[{\"@type\":\"SearchAction\",\"target\":{\"@type\":\"EntryPoint\",\"urlTemplate\":\"https:\\\/\\\/fjala.info\\\/2009-2015\\\/?s={search_term_string}\"},\"query-input\":{\"@type\":\"PropertyValueSpecification\",\"valueRequired\":true,\"valueName\":\"search_term_string\"}}],\"inLanguage\":\"sq-AL\"},{\"@type\":\"Organization\",\"@id\":\"https:\\\/\\\/fjala.info\\\/2009-2015\\\/#organization\",\"name\":\"FjALA e LIR\u00cb - Arkivi\",\"url\":\"https:\\\/\\\/fjala.info\\\/2009-2015\\\/\",\"logo\":{\"@type\":\"ImageObject\",\"inLanguage\":\"sq-AL\",\"@id\":\"https:\\\/\\\/fjala.info\\\/2009-2015\\\/#\\\/schema\\\/logo\\\/image\\\/\",\"url\":\"\",\"contentUrl\":\"\",\"caption\":\"FjALA e LIR\u00cb - Arkivi\"},\"image\":{\"@id\":\"https:\\\/\\\/fjala.info\\\/2009-2015\\\/#\\\/schema\\\/logo\\\/image\\\/\"}},{\"@type\":\"Person\",\"@id\":\"https:\\\/\\\/fjala.info\\\/2009-2015\\\/#\\\/schema\\\/person\\\/3aa1163ef05469c496fc94e77611ada2\",\"name\":\"admin\",\"image\":{\"@type\":\"ImageObject\",\"inLanguage\":\"sq-AL\",\"@id\":\"https:\\\/\\\/fjala.info\\\/2009-2015\\\/wp-content\\\/uploads\\\/2012\\\/02\\\/arben_cokaj-120x150.jpg\",\"url\":\"https:\\\/\\\/fjala.info\\\/2009-2015\\\/wp-content\\\/uploads\\\/2012\\\/02\\\/arben_cokaj-120x150.jpg\",\"contentUrl\":\"https:\\\/\\\/fjala.info\\\/2009-2015\\\/wp-content\\\/uploads\\\/2012\\\/02\\\/arben_cokaj-120x150.jpg\",\"caption\":\"admin\"},\"description\":\"Admin, Fjala e Lir\u00eb\",\"sameAs\":[\"https:\\\/\\\/fjala.info\\\/\"],\"url\":\"https:\\\/\\\/fjala.info\\\/2009-2015\\\/author\\\/admin\\\/\"}]}<\/script>\n<!-- \/ Yoast SEO plugin. -->","yoast_head_json":{"title":"NJ\u00cb Z\u00cb I FORT\u00cb I SHQIPTARIZM\u00cbS NGA M\u00cbRGIMI P\u00cbRMES VAL\u00cbVE T\u00cb RADIOS \u201dZ\u00cbRIT T\u00cb ARB\u00cbRIT\u201d - FjALA e LIR\u00cb - Arkivi","robots":{"index":"index","follow":"follow","max-snippet":"max-snippet:-1","max-image-preview":"max-image-preview:large","max-video-preview":"max-video-preview:-1"},"canonical":"https:\/\/fjala.info\/2009-2015\/nje-ze-i-forte-i-shqiptarizmes-nga-mergimi-permes-valeve-te-radios-zerit-te-arberit\/","og_locale":"sq_AL","og_type":"article","og_title":"NJ\u00cb Z\u00cb I FORT\u00cb I SHQIPTARIZM\u00cbS NGA M\u00cbRGIMI P\u00cbRMES VAL\u00cbVE T\u00cb RADIOS \u201dZ\u00cbRIT T\u00cb ARB\u00cbRIT\u201d - FjALA e LIR\u00cb - Arkivi","og_description":"N\u00eb 12 vjetorin e Radios &#8220;Z\u00ebri i Arb\u00ebrit&#8221; P\u00cbRVJETOR\u00cbT E SHQIPTARIZM\u00cbS S\u00cb VUAJTUR JASHT TROJEVE T\u00cb TYRE Shkruan: Shaban Cakolli Duke medituar disa vjet pas shpalljes s\u00eb Deklarat\u00ebs Kushtetuese, e cila n\u00eb historin\u00eb m\u00eb t\u00eb re t\u00eb Kosov\u00ebs njihet si Deklarata e Pavar\u00ebsis\u00eb, mendoj se dy ngjarje t\u00eb m\u00ebdha e sh\u00ebnuan vitin 1990 q\u00eb me [&hellip;]","og_url":"https:\/\/fjala.info\/2009-2015\/nje-ze-i-forte-i-shqiptarizmes-nga-mergimi-permes-valeve-te-radios-zerit-te-arberit\/","og_site_name":"FjALA e LIR\u00cb - Arkivi","article_published_time":"2013-07-01T04:26:27+00:00","og_image":[{"url":"http:\/\/www.fjala.info\/2013\/radio_zeri_arberit1.jpg","type":"","width":"","height":""}],"author":"admin","twitter_card":"summary_large_image","twitter_misc":{"Written by":"admin","Est. reading time":"13 minutes"},"schema":{"@context":"https:\/\/schema.org","@graph":[{"@type":"Article","@id":"https:\/\/fjala.info\/2009-2015\/nje-ze-i-forte-i-shqiptarizmes-nga-mergimi-permes-valeve-te-radios-zerit-te-arberit\/#article","isPartOf":{"@id":"https:\/\/fjala.info\/2009-2015\/nje-ze-i-forte-i-shqiptarizmes-nga-mergimi-permes-valeve-te-radios-zerit-te-arberit\/"},"author":{"name":"admin","@id":"https:\/\/fjala.info\/2009-2015\/#\/schema\/person\/3aa1163ef05469c496fc94e77611ada2"},"headline":"NJ\u00cb Z\u00cb I FORT\u00cb I SHQIPTARIZM\u00cbS NGA M\u00cbRGIMI P\u00cbRMES VAL\u00cbVE T\u00cb RADIOS \u201dZ\u00cbRIT T\u00cb ARB\u00cbRIT\u201d","datePublished":"2013-07-01T04:26:27+00:00","mainEntityOfPage":{"@id":"https:\/\/fjala.info\/2009-2015\/nje-ze-i-forte-i-shqiptarizmes-nga-mergimi-permes-valeve-te-radios-zerit-te-arberit\/"},"wordCount":2528,"commentCount":0,"publisher":{"@id":"https:\/\/fjala.info\/2009-2015\/#organization"},"image":{"@id":"https:\/\/fjala.info\/2009-2015\/nje-ze-i-forte-i-shqiptarizmes-nga-mergimi-permes-valeve-te-radios-zerit-te-arberit\/#primaryimage"},"thumbnailUrl":"http:\/\/www.fjala.info\/2013\/radio_zeri_arberit1.jpg","articleSection":["Artikuj"],"inLanguage":"sq-AL","potentialAction":[{"@type":"CommentAction","name":"Comment","target":["https:\/\/fjala.info\/2009-2015\/nje-ze-i-forte-i-shqiptarizmes-nga-mergimi-permes-valeve-te-radios-zerit-te-arberit\/#respond"]}]},{"@type":"WebPage","@id":"https:\/\/fjala.info\/2009-2015\/nje-ze-i-forte-i-shqiptarizmes-nga-mergimi-permes-valeve-te-radios-zerit-te-arberit\/","url":"https:\/\/fjala.info\/2009-2015\/nje-ze-i-forte-i-shqiptarizmes-nga-mergimi-permes-valeve-te-radios-zerit-te-arberit\/","name":"NJ\u00cb Z\u00cb I FORT\u00cb I SHQIPTARIZM\u00cbS NGA M\u00cbRGIMI P\u00cbRMES VAL\u00cbVE T\u00cb RADIOS \u201dZ\u00cbRIT T\u00cb ARB\u00cbRIT\u201d - FjALA e LIR\u00cb - Arkivi","isPartOf":{"@id":"https:\/\/fjala.info\/2009-2015\/#website"},"primaryImageOfPage":{"@id":"https:\/\/fjala.info\/2009-2015\/nje-ze-i-forte-i-shqiptarizmes-nga-mergimi-permes-valeve-te-radios-zerit-te-arberit\/#primaryimage"},"image":{"@id":"https:\/\/fjala.info\/2009-2015\/nje-ze-i-forte-i-shqiptarizmes-nga-mergimi-permes-valeve-te-radios-zerit-te-arberit\/#primaryimage"},"thumbnailUrl":"http:\/\/www.fjala.info\/2013\/radio_zeri_arberit1.jpg","datePublished":"2013-07-01T04:26:27+00:00","breadcrumb":{"@id":"https:\/\/fjala.info\/2009-2015\/nje-ze-i-forte-i-shqiptarizmes-nga-mergimi-permes-valeve-te-radios-zerit-te-arberit\/#breadcrumb"},"inLanguage":"sq-AL","potentialAction":[{"@type":"ReadAction","target":["https:\/\/fjala.info\/2009-2015\/nje-ze-i-forte-i-shqiptarizmes-nga-mergimi-permes-valeve-te-radios-zerit-te-arberit\/"]}]},{"@type":"ImageObject","inLanguage":"sq-AL","@id":"https:\/\/fjala.info\/2009-2015\/nje-ze-i-forte-i-shqiptarizmes-nga-mergimi-permes-valeve-te-radios-zerit-te-arberit\/#primaryimage","url":"http:\/\/www.fjala.info\/2013\/radio_zeri_arberit1.jpg","contentUrl":"http:\/\/www.fjala.info\/2013\/radio_zeri_arberit1.jpg"},{"@type":"BreadcrumbList","@id":"https:\/\/fjala.info\/2009-2015\/nje-ze-i-forte-i-shqiptarizmes-nga-mergimi-permes-valeve-te-radios-zerit-te-arberit\/#breadcrumb","itemListElement":[{"@type":"ListItem","position":1,"name":"Home","item":"https:\/\/fjala.info\/2009-2015\/"},{"@type":"ListItem","position":2,"name":"NJ\u00cb Z\u00cb I FORT\u00cb I SHQIPTARIZM\u00cbS NGA M\u00cbRGIMI P\u00cbRMES VAL\u00cbVE T\u00cb RADIOS \u201dZ\u00cbRIT T\u00cb ARB\u00cbRIT\u201d"}]},{"@type":"WebSite","@id":"https:\/\/fjala.info\/2009-2015\/#website","url":"https:\/\/fjala.info\/2009-2015\/","name":"FjALA e LIR\u00cb - Arkivi","description":"Arkivi 2009-2015","publisher":{"@id":"https:\/\/fjala.info\/2009-2015\/#organization"},"potentialAction":[{"@type":"SearchAction","target":{"@type":"EntryPoint","urlTemplate":"https:\/\/fjala.info\/2009-2015\/?s={search_term_string}"},"query-input":{"@type":"PropertyValueSpecification","valueRequired":true,"valueName":"search_term_string"}}],"inLanguage":"sq-AL"},{"@type":"Organization","@id":"https:\/\/fjala.info\/2009-2015\/#organization","name":"FjALA e LIR\u00cb - Arkivi","url":"https:\/\/fjala.info\/2009-2015\/","logo":{"@type":"ImageObject","inLanguage":"sq-AL","@id":"https:\/\/fjala.info\/2009-2015\/#\/schema\/logo\/image\/","url":"","contentUrl":"","caption":"FjALA e LIR\u00cb - Arkivi"},"image":{"@id":"https:\/\/fjala.info\/2009-2015\/#\/schema\/logo\/image\/"}},{"@type":"Person","@id":"https:\/\/fjala.info\/2009-2015\/#\/schema\/person\/3aa1163ef05469c496fc94e77611ada2","name":"admin","image":{"@type":"ImageObject","inLanguage":"sq-AL","@id":"https:\/\/fjala.info\/2009-2015\/wp-content\/uploads\/2012\/02\/arben_cokaj-120x150.jpg","url":"https:\/\/fjala.info\/2009-2015\/wp-content\/uploads\/2012\/02\/arben_cokaj-120x150.jpg","contentUrl":"https:\/\/fjala.info\/2009-2015\/wp-content\/uploads\/2012\/02\/arben_cokaj-120x150.jpg","caption":"admin"},"description":"Admin, Fjala e Lir\u00eb","sameAs":["https:\/\/fjala.info\/"],"url":"https:\/\/fjala.info\/2009-2015\/author\/admin\/"}]}},"_links":{"self":[{"href":"https:\/\/fjala.info\/2009-2015\/wp-json\/wp\/v2\/posts\/3473","targetHints":{"allow":["GET"]}}],"collection":[{"href":"https:\/\/fjala.info\/2009-2015\/wp-json\/wp\/v2\/posts"}],"about":[{"href":"https:\/\/fjala.info\/2009-2015\/wp-json\/wp\/v2\/types\/post"}],"author":[{"embeddable":true,"href":"https:\/\/fjala.info\/2009-2015\/wp-json\/wp\/v2\/users\/1"}],"replies":[{"embeddable":true,"href":"https:\/\/fjala.info\/2009-2015\/wp-json\/wp\/v2\/comments?post=3473"}],"version-history":[{"count":0,"href":"https:\/\/fjala.info\/2009-2015\/wp-json\/wp\/v2\/posts\/3473\/revisions"}],"wp:attachment":[{"href":"https:\/\/fjala.info\/2009-2015\/wp-json\/wp\/v2\/media?parent=3473"}],"wp:term":[{"taxonomy":"category","embeddable":true,"href":"https:\/\/fjala.info\/2009-2015\/wp-json\/wp\/v2\/categories?post=3473"},{"taxonomy":"post_tag","embeddable":true,"href":"https:\/\/fjala.info\/2009-2015\/wp-json\/wp\/v2\/tags?post=3473"}],"curies":[{"name":"wp","href":"https:\/\/api.w.org\/{rel}","templated":true}]}}