{"id":3462,"date":"2013-07-01T07:45:20","date_gmt":"2013-07-01T06:45:20","guid":{"rendered":"http:\/\/fjala.info\/?p=3462"},"modified":"2013-07-01T07:45:20","modified_gmt":"2013-07-01T06:45:20","slug":"dy-poezi-nga-zef-mulaj","status":"publish","type":"post","link":"https:\/\/fjala.info\/2009-2015\/dy-poezi-nga-zef-mulaj\/","title":{"rendered":"Dy poezi nga Zef Mulaj"},"content":{"rendered":"<blockquote><p><strong>N\u00eb bar<\/strong><br \/>\n<img decoding=\"async\" class=\"alignright size-thumbnail wp-image-7236\" title=\"Zef Mulaj\" alt=\"\" src=\"http:\/\/www.fjala.info\/2012\/zef_mulaj.jpg\" width=\"200\" \/><\/p>\n<p>N\u00eb gjuh\u00ebn e tij<br \/>\nGazet\u00ebn lexoj\u2026<br \/>\nShikon.<br \/>\nNj\u00eb fjal\u00eb nuk thot\u00eb<br \/>\nN\u00eb heshtje rrin.<br \/>\nNj\u00eb fjal\u00eb nga gjuha ime<br \/>\nNuk e din\u00eb.<br \/>\nT\u00eb ndryshem jemi<br \/>\nPer at\u00eb nuk vlej&#8230;<br \/>\nEdhe pse gazet\u00ebn<br \/>\nn\u00eb gjuh\u00ebn e tij<br \/>\n\u00e7do dit\u00eb e lexoj\u2026<\/p>\n<p><strong>Zef Mulaj<\/strong><\/p>\n<p>&#8212;&#8212;&#8212;&#8212;&#8212;&#8212;&#8212;&#8212;&#8212;<\/p>\n<p><strong>UN&#8217; DHE TI<\/strong><\/p>\n<p>Shohim nj\u00ebri-tjetrin<br \/>\nN\u00eb heshtje.<br \/>\nNuk njihemi, e gjuh\u00eb<br \/>\nT\u00eb ndryshme flasim.<br \/>\nNj\u00ebri-tjetrit emrin<br \/>\nJa dim\u00eb\u2026<br \/>\nNga t\u00eb tjeret\u00a0i m\u00ebsuam<br \/>\nDuke na thirrur<br \/>\nO t\u00eb huaj !!!!<\/p>\n<p><strong>Zef Mulaj<\/strong><\/p><\/blockquote>\n","protected":false},"excerpt":{"rendered":"<p>N\u00eb bar N\u00eb gjuh\u00ebn e tij Gazet\u00ebn lexoj\u2026 Shikon. Nj\u00eb fjal\u00eb nuk thot\u00eb N\u00eb heshtje rrin. Nj\u00eb fjal\u00eb nga gjuha ime Nuk e din\u00eb. T\u00eb ndryshem jemi Per at\u00eb nuk vlej&#8230; Edhe pse gazet\u00ebn n\u00eb gjuh\u00ebn e tij \u00e7do dit\u00eb e lexoj\u2026 Zef Mulaj &#8212;&#8212;&#8212;&#8212;&#8212;&#8212;&#8212;&#8212;&#8212; UN&#8217; DHE TI Shohim nj\u00ebri-tjetrin N\u00eb heshtje. Nuk njihemi, e [&hellip;]<\/p>\n","protected":false},"author":1,"featured_media":0,"comment_status":"open","ping_status":"closed","sticky":false,"template":"","format":"standard","meta":{"footnotes":""},"categories":[7,9],"tags":[],"class_list":{"0":"post-3462","1":"post","2":"type-post","3":"status-publish","4":"format-standard","6":"category-letersi","7":"category-poezi"},"yoast_head":"<!-- This site is optimized with the Yoast SEO plugin v27.4 - https:\/\/yoast.com\/product\/yoast-seo-wordpress\/ -->\n<title>Dy poezi nga Zef Mulaj - FjALA e LIR\u00cb - Arkivi<\/title>\n<meta name=\"robots\" content=\"index, follow, max-snippet:-1, max-image-preview:large, max-video-preview:-1\" \/>\n<link rel=\"canonical\" href=\"https:\/\/fjala.info\/2009-2015\/dy-poezi-nga-zef-mulaj\/\" \/>\n<meta property=\"og:locale\" content=\"sq_AL\" \/>\n<meta property=\"og:type\" content=\"article\" \/>\n<meta property=\"og:title\" content=\"Dy poezi nga Zef Mulaj - FjALA e LIR\u00cb - Arkivi\" \/>\n<meta property=\"og:description\" content=\"N\u00eb bar N\u00eb gjuh\u00ebn e tij Gazet\u00ebn lexoj\u2026 Shikon. Nj\u00eb fjal\u00eb nuk thot\u00eb N\u00eb heshtje rrin. Nj\u00eb fjal\u00eb nga gjuha ime Nuk e din\u00eb. T\u00eb ndryshem jemi Per at\u00eb nuk vlej&#8230; Edhe pse gazet\u00ebn n\u00eb gjuh\u00ebn e tij \u00e7do dit\u00eb e lexoj\u2026 Zef Mulaj &#8212;&#8212;&#8212;&#8212;&#8212;&#8212;&#8212;&#8212;&#8212; UN&#8217; DHE TI Shohim nj\u00ebri-tjetrin N\u00eb heshtje. Nuk njihemi, e [&hellip;]\" \/>\n<meta property=\"og:url\" content=\"https:\/\/fjala.info\/2009-2015\/dy-poezi-nga-zef-mulaj\/\" \/>\n<meta property=\"og:site_name\" content=\"FjALA e LIR\u00cb - Arkivi\" \/>\n<meta property=\"article:published_time\" content=\"2013-07-01T06:45:20+00:00\" \/>\n<meta property=\"og:image\" content=\"http:\/\/www.fjala.info\/2012\/zef_mulaj.jpg\" \/>\n<meta name=\"author\" content=\"admin\" \/>\n<meta name=\"twitter:card\" content=\"summary_large_image\" \/>\n<meta name=\"twitter:label1\" content=\"Written by\" \/>\n\t<meta name=\"twitter:data1\" content=\"admin\" \/>\n<script type=\"application\/ld+json\" class=\"yoast-schema-graph\">{\"@context\":\"https:\\\/\\\/schema.org\",\"@graph\":[{\"@type\":\"Article\",\"@id\":\"https:\\\/\\\/fjala.info\\\/2009-2015\\\/dy-poezi-nga-zef-mulaj\\\/#article\",\"isPartOf\":{\"@id\":\"https:\\\/\\\/fjala.info\\\/2009-2015\\\/dy-poezi-nga-zef-mulaj\\\/\"},\"author\":{\"name\":\"admin\",\"@id\":\"https:\\\/\\\/fjala.info\\\/2009-2015\\\/#\\\/schema\\\/person\\\/3aa1163ef05469c496fc94e77611ada2\"},\"headline\":\"Dy poezi nga Zef Mulaj\",\"datePublished\":\"2013-07-01T06:45:20+00:00\",\"mainEntityOfPage\":{\"@id\":\"https:\\\/\\\/fjala.info\\\/2009-2015\\\/dy-poezi-nga-zef-mulaj\\\/\"},\"wordCount\":88,\"commentCount\":0,\"publisher\":{\"@id\":\"https:\\\/\\\/fjala.info\\\/2009-2015\\\/#organization\"},\"image\":{\"@id\":\"https:\\\/\\\/fjala.info\\\/2009-2015\\\/dy-poezi-nga-zef-mulaj\\\/#primaryimage\"},\"thumbnailUrl\":\"http:\\\/\\\/www.fjala.info\\\/2012\\\/zef_mulaj.jpg\",\"articleSection\":[\"Let\u00ebrsi\",\"Poezi\"],\"inLanguage\":\"sq-AL\",\"potentialAction\":[{\"@type\":\"CommentAction\",\"name\":\"Comment\",\"target\":[\"https:\\\/\\\/fjala.info\\\/2009-2015\\\/dy-poezi-nga-zef-mulaj\\\/#respond\"]}]},{\"@type\":\"WebPage\",\"@id\":\"https:\\\/\\\/fjala.info\\\/2009-2015\\\/dy-poezi-nga-zef-mulaj\\\/\",\"url\":\"https:\\\/\\\/fjala.info\\\/2009-2015\\\/dy-poezi-nga-zef-mulaj\\\/\",\"name\":\"Dy poezi nga Zef Mulaj - FjALA e LIR\u00cb - Arkivi\",\"isPartOf\":{\"@id\":\"https:\\\/\\\/fjala.info\\\/2009-2015\\\/#website\"},\"primaryImageOfPage\":{\"@id\":\"https:\\\/\\\/fjala.info\\\/2009-2015\\\/dy-poezi-nga-zef-mulaj\\\/#primaryimage\"},\"image\":{\"@id\":\"https:\\\/\\\/fjala.info\\\/2009-2015\\\/dy-poezi-nga-zef-mulaj\\\/#primaryimage\"},\"thumbnailUrl\":\"http:\\\/\\\/www.fjala.info\\\/2012\\\/zef_mulaj.jpg\",\"datePublished\":\"2013-07-01T06:45:20+00:00\",\"breadcrumb\":{\"@id\":\"https:\\\/\\\/fjala.info\\\/2009-2015\\\/dy-poezi-nga-zef-mulaj\\\/#breadcrumb\"},\"inLanguage\":\"sq-AL\",\"potentialAction\":[{\"@type\":\"ReadAction\",\"target\":[\"https:\\\/\\\/fjala.info\\\/2009-2015\\\/dy-poezi-nga-zef-mulaj\\\/\"]}]},{\"@type\":\"ImageObject\",\"inLanguage\":\"sq-AL\",\"@id\":\"https:\\\/\\\/fjala.info\\\/2009-2015\\\/dy-poezi-nga-zef-mulaj\\\/#primaryimage\",\"url\":\"http:\\\/\\\/www.fjala.info\\\/2012\\\/zef_mulaj.jpg\",\"contentUrl\":\"http:\\\/\\\/www.fjala.info\\\/2012\\\/zef_mulaj.jpg\"},{\"@type\":\"BreadcrumbList\",\"@id\":\"https:\\\/\\\/fjala.info\\\/2009-2015\\\/dy-poezi-nga-zef-mulaj\\\/#breadcrumb\",\"itemListElement\":[{\"@type\":\"ListItem\",\"position\":1,\"name\":\"Home\",\"item\":\"https:\\\/\\\/fjala.info\\\/2009-2015\\\/\"},{\"@type\":\"ListItem\",\"position\":2,\"name\":\"Dy poezi nga Zef Mulaj\"}]},{\"@type\":\"WebSite\",\"@id\":\"https:\\\/\\\/fjala.info\\\/2009-2015\\\/#website\",\"url\":\"https:\\\/\\\/fjala.info\\\/2009-2015\\\/\",\"name\":\"FjALA e LIR\u00cb - Arkivi\",\"description\":\"Arkivi 2009-2015\",\"publisher\":{\"@id\":\"https:\\\/\\\/fjala.info\\\/2009-2015\\\/#organization\"},\"potentialAction\":[{\"@type\":\"SearchAction\",\"target\":{\"@type\":\"EntryPoint\",\"urlTemplate\":\"https:\\\/\\\/fjala.info\\\/2009-2015\\\/?s={search_term_string}\"},\"query-input\":{\"@type\":\"PropertyValueSpecification\",\"valueRequired\":true,\"valueName\":\"search_term_string\"}}],\"inLanguage\":\"sq-AL\"},{\"@type\":\"Organization\",\"@id\":\"https:\\\/\\\/fjala.info\\\/2009-2015\\\/#organization\",\"name\":\"FjALA e LIR\u00cb - Arkivi\",\"url\":\"https:\\\/\\\/fjala.info\\\/2009-2015\\\/\",\"logo\":{\"@type\":\"ImageObject\",\"inLanguage\":\"sq-AL\",\"@id\":\"https:\\\/\\\/fjala.info\\\/2009-2015\\\/#\\\/schema\\\/logo\\\/image\\\/\",\"url\":\"\",\"contentUrl\":\"\",\"caption\":\"FjALA e LIR\u00cb - Arkivi\"},\"image\":{\"@id\":\"https:\\\/\\\/fjala.info\\\/2009-2015\\\/#\\\/schema\\\/logo\\\/image\\\/\"}},{\"@type\":\"Person\",\"@id\":\"https:\\\/\\\/fjala.info\\\/2009-2015\\\/#\\\/schema\\\/person\\\/3aa1163ef05469c496fc94e77611ada2\",\"name\":\"admin\",\"image\":{\"@type\":\"ImageObject\",\"inLanguage\":\"sq-AL\",\"@id\":\"https:\\\/\\\/fjala.info\\\/2009-2015\\\/wp-content\\\/uploads\\\/2012\\\/02\\\/arben_cokaj-120x150.jpg\",\"url\":\"https:\\\/\\\/fjala.info\\\/2009-2015\\\/wp-content\\\/uploads\\\/2012\\\/02\\\/arben_cokaj-120x150.jpg\",\"contentUrl\":\"https:\\\/\\\/fjala.info\\\/2009-2015\\\/wp-content\\\/uploads\\\/2012\\\/02\\\/arben_cokaj-120x150.jpg\",\"caption\":\"admin\"},\"description\":\"Admin, Fjala e Lir\u00eb\",\"sameAs\":[\"https:\\\/\\\/fjala.info\\\/\"],\"url\":\"https:\\\/\\\/fjala.info\\\/2009-2015\\\/author\\\/admin\\\/\"}]}<\/script>\n<!-- \/ Yoast SEO plugin. -->","yoast_head_json":{"title":"Dy poezi nga Zef Mulaj - FjALA e LIR\u00cb - Arkivi","robots":{"index":"index","follow":"follow","max-snippet":"max-snippet:-1","max-image-preview":"max-image-preview:large","max-video-preview":"max-video-preview:-1"},"canonical":"https:\/\/fjala.info\/2009-2015\/dy-poezi-nga-zef-mulaj\/","og_locale":"sq_AL","og_type":"article","og_title":"Dy poezi nga Zef Mulaj - FjALA e LIR\u00cb - Arkivi","og_description":"N\u00eb bar N\u00eb gjuh\u00ebn e tij Gazet\u00ebn lexoj\u2026 Shikon. Nj\u00eb fjal\u00eb nuk thot\u00eb N\u00eb heshtje rrin. Nj\u00eb fjal\u00eb nga gjuha ime Nuk e din\u00eb. T\u00eb ndryshem jemi Per at\u00eb nuk vlej&#8230; Edhe pse gazet\u00ebn n\u00eb gjuh\u00ebn e tij \u00e7do dit\u00eb e lexoj\u2026 Zef Mulaj &#8212;&#8212;&#8212;&#8212;&#8212;&#8212;&#8212;&#8212;&#8212; UN&#8217; DHE TI Shohim nj\u00ebri-tjetrin N\u00eb heshtje. Nuk njihemi, e [&hellip;]","og_url":"https:\/\/fjala.info\/2009-2015\/dy-poezi-nga-zef-mulaj\/","og_site_name":"FjALA e LIR\u00cb - Arkivi","article_published_time":"2013-07-01T06:45:20+00:00","og_image":[{"url":"http:\/\/www.fjala.info\/2012\/zef_mulaj.jpg","type":"","width":"","height":""}],"author":"admin","twitter_card":"summary_large_image","twitter_misc":{"Written by":"admin"},"schema":{"@context":"https:\/\/schema.org","@graph":[{"@type":"Article","@id":"https:\/\/fjala.info\/2009-2015\/dy-poezi-nga-zef-mulaj\/#article","isPartOf":{"@id":"https:\/\/fjala.info\/2009-2015\/dy-poezi-nga-zef-mulaj\/"},"author":{"name":"admin","@id":"https:\/\/fjala.info\/2009-2015\/#\/schema\/person\/3aa1163ef05469c496fc94e77611ada2"},"headline":"Dy poezi nga Zef Mulaj","datePublished":"2013-07-01T06:45:20+00:00","mainEntityOfPage":{"@id":"https:\/\/fjala.info\/2009-2015\/dy-poezi-nga-zef-mulaj\/"},"wordCount":88,"commentCount":0,"publisher":{"@id":"https:\/\/fjala.info\/2009-2015\/#organization"},"image":{"@id":"https:\/\/fjala.info\/2009-2015\/dy-poezi-nga-zef-mulaj\/#primaryimage"},"thumbnailUrl":"http:\/\/www.fjala.info\/2012\/zef_mulaj.jpg","articleSection":["Let\u00ebrsi","Poezi"],"inLanguage":"sq-AL","potentialAction":[{"@type":"CommentAction","name":"Comment","target":["https:\/\/fjala.info\/2009-2015\/dy-poezi-nga-zef-mulaj\/#respond"]}]},{"@type":"WebPage","@id":"https:\/\/fjala.info\/2009-2015\/dy-poezi-nga-zef-mulaj\/","url":"https:\/\/fjala.info\/2009-2015\/dy-poezi-nga-zef-mulaj\/","name":"Dy poezi nga Zef Mulaj - FjALA e LIR\u00cb - Arkivi","isPartOf":{"@id":"https:\/\/fjala.info\/2009-2015\/#website"},"primaryImageOfPage":{"@id":"https:\/\/fjala.info\/2009-2015\/dy-poezi-nga-zef-mulaj\/#primaryimage"},"image":{"@id":"https:\/\/fjala.info\/2009-2015\/dy-poezi-nga-zef-mulaj\/#primaryimage"},"thumbnailUrl":"http:\/\/www.fjala.info\/2012\/zef_mulaj.jpg","datePublished":"2013-07-01T06:45:20+00:00","breadcrumb":{"@id":"https:\/\/fjala.info\/2009-2015\/dy-poezi-nga-zef-mulaj\/#breadcrumb"},"inLanguage":"sq-AL","potentialAction":[{"@type":"ReadAction","target":["https:\/\/fjala.info\/2009-2015\/dy-poezi-nga-zef-mulaj\/"]}]},{"@type":"ImageObject","inLanguage":"sq-AL","@id":"https:\/\/fjala.info\/2009-2015\/dy-poezi-nga-zef-mulaj\/#primaryimage","url":"http:\/\/www.fjala.info\/2012\/zef_mulaj.jpg","contentUrl":"http:\/\/www.fjala.info\/2012\/zef_mulaj.jpg"},{"@type":"BreadcrumbList","@id":"https:\/\/fjala.info\/2009-2015\/dy-poezi-nga-zef-mulaj\/#breadcrumb","itemListElement":[{"@type":"ListItem","position":1,"name":"Home","item":"https:\/\/fjala.info\/2009-2015\/"},{"@type":"ListItem","position":2,"name":"Dy poezi nga Zef Mulaj"}]},{"@type":"WebSite","@id":"https:\/\/fjala.info\/2009-2015\/#website","url":"https:\/\/fjala.info\/2009-2015\/","name":"FjALA e LIR\u00cb - Arkivi","description":"Arkivi 2009-2015","publisher":{"@id":"https:\/\/fjala.info\/2009-2015\/#organization"},"potentialAction":[{"@type":"SearchAction","target":{"@type":"EntryPoint","urlTemplate":"https:\/\/fjala.info\/2009-2015\/?s={search_term_string}"},"query-input":{"@type":"PropertyValueSpecification","valueRequired":true,"valueName":"search_term_string"}}],"inLanguage":"sq-AL"},{"@type":"Organization","@id":"https:\/\/fjala.info\/2009-2015\/#organization","name":"FjALA e LIR\u00cb - Arkivi","url":"https:\/\/fjala.info\/2009-2015\/","logo":{"@type":"ImageObject","inLanguage":"sq-AL","@id":"https:\/\/fjala.info\/2009-2015\/#\/schema\/logo\/image\/","url":"","contentUrl":"","caption":"FjALA e LIR\u00cb - Arkivi"},"image":{"@id":"https:\/\/fjala.info\/2009-2015\/#\/schema\/logo\/image\/"}},{"@type":"Person","@id":"https:\/\/fjala.info\/2009-2015\/#\/schema\/person\/3aa1163ef05469c496fc94e77611ada2","name":"admin","image":{"@type":"ImageObject","inLanguage":"sq-AL","@id":"https:\/\/fjala.info\/2009-2015\/wp-content\/uploads\/2012\/02\/arben_cokaj-120x150.jpg","url":"https:\/\/fjala.info\/2009-2015\/wp-content\/uploads\/2012\/02\/arben_cokaj-120x150.jpg","contentUrl":"https:\/\/fjala.info\/2009-2015\/wp-content\/uploads\/2012\/02\/arben_cokaj-120x150.jpg","caption":"admin"},"description":"Admin, Fjala e Lir\u00eb","sameAs":["https:\/\/fjala.info\/"],"url":"https:\/\/fjala.info\/2009-2015\/author\/admin\/"}]}},"_links":{"self":[{"href":"https:\/\/fjala.info\/2009-2015\/wp-json\/wp\/v2\/posts\/3462","targetHints":{"allow":["GET"]}}],"collection":[{"href":"https:\/\/fjala.info\/2009-2015\/wp-json\/wp\/v2\/posts"}],"about":[{"href":"https:\/\/fjala.info\/2009-2015\/wp-json\/wp\/v2\/types\/post"}],"author":[{"embeddable":true,"href":"https:\/\/fjala.info\/2009-2015\/wp-json\/wp\/v2\/users\/1"}],"replies":[{"embeddable":true,"href":"https:\/\/fjala.info\/2009-2015\/wp-json\/wp\/v2\/comments?post=3462"}],"version-history":[{"count":0,"href":"https:\/\/fjala.info\/2009-2015\/wp-json\/wp\/v2\/posts\/3462\/revisions"}],"wp:attachment":[{"href":"https:\/\/fjala.info\/2009-2015\/wp-json\/wp\/v2\/media?parent=3462"}],"wp:term":[{"taxonomy":"category","embeddable":true,"href":"https:\/\/fjala.info\/2009-2015\/wp-json\/wp\/v2\/categories?post=3462"},{"taxonomy":"post_tag","embeddable":true,"href":"https:\/\/fjala.info\/2009-2015\/wp-json\/wp\/v2\/tags?post=3462"}],"curies":[{"name":"wp","href":"https:\/\/api.w.org\/{rel}","templated":true}]}}