{"id":3454,"date":"2013-06-30T22:45:33","date_gmt":"2013-06-30T21:45:33","guid":{"rendered":"http:\/\/fjala.info\/?p=3454"},"modified":"2013-06-30T22:45:33","modified_gmt":"2013-06-30T21:45:33","slug":"nje-lider-pervers","status":"publish","type":"post","link":"https:\/\/fjala.info\/2009-2015\/nje-lider-pervers\/","title":{"rendered":"Nj\u00eb Lider Pervers"},"content":{"rendered":"<p><img decoding=\"async\" class=\"alignright size-thumbnail wp-image-7236\" title=\"Magdalena Ramohito\" alt=\"\" src=\"http:\/\/www.fjala.info\/2013\/magdalena_ramohito.jpg\" width=\"150\" \/> Nga <strong>Magdalena Ramohito<\/strong>, <em>30 Qershor 2013<\/em><\/p>\n<p>Ka disa dit\u00eb q\u00eb rezultatet e zgjedhjeve t\u00eb 23 qershorit, po analizohen, si p\u00ebr forc\u00ebn fituese ashtu edhe p\u00ebr at\u00eb humb\u00ebse. Nd\u00ebrsa njer\u00ebzit n\u00eb rrug\u00eb ndihen t\u00eb \u00e7liruar nga ai makthi q\u00eb i kish mb\u00ebrthyer prej drejtimit me dor\u00eb t\u00eb hekurt t\u00eb Liderit t\u00eb Partis\u00eb Demokratike dhe nj\u00ebherazi Kryeminist\u00ebr i Shqip\u00ebris\u00eb Sali Berisha, n\u00eb Facebook-un e tij shohim shfaqje qesharake, si letra adoleshent\u00ebsh t\u00eb fascinuar pas k\u00ebtij lideri, si fansat e Elvis Preslyt, t\u00eb cil\u00ebt akoma mendojn\u00eb dhe shpresojn\u00eb se ai nuk ka vdekur, por diku fshihet..<\/p>\n<p>Nd\u00ebrsa k\u00ebta t\u00eb fundit kan\u00eb gjith\u00eb mir\u00ebkuptimin e njer\u00ebzimit, sepse muzika prodhon k\u00ebt\u00eb p\u00ebrshtypje: krijon nj\u00eb t\u00eb kaluar, p\u00ebr t\u00eb cil\u00ebn s\u2019di asgj\u00eb dhe e mbush me nj\u00eb ndjenj\u00eb dhembjesh t\u00eb panjohura p\u00ebr lot\u00ebt tan\u00eb. \u00cbsht\u00eb pik\u00ebrisht vepra, q\u00eb muzikant\u00ebt l\u00ebn\u00eb pas, e cila i \u201c\u00e7mend\u201d fansat e tyre deri n\u00eb s\u00ebmundje, saq\u00eb nuk jan\u00eb n\u00eb gjendje t\u00eb pranojn\u00eb largimin e trupit t\u00eb tyre nga jeta.<\/p>\n<p>Tek artist\u00eb nuk ka r\u00ebnd\u00ebsi se kush jan\u00eb si personalitete, fansat e tyre lidhen fort\u00eb pas vepr\u00ebs s\u00eb tyre dhe p\u00ebr k\u00ebt\u00eb arsye ata ndjejn\u00eb boshll\u00ebkun e madh kur njeriu artist largohet nga jeta.<\/p>\n<p>Po nj\u00eb Lider \u00e7far\u00eb \u00ebsht\u00eb? \u2013Nj\u00eb p\u00ebrkufizim i p\u00ebrgjithsh\u00ebm mbi Liderin, e trajton at\u00eb jo vet\u00ebm si nj\u00eb person, q\u00eb vihet n\u00eb krye t\u00eb nj\u00eb grupi njer\u00ebzish dhe drejton duke dh\u00ebn\u00eb urdhra, por si nj\u00eb person q\u00eb frym\u00ebzon at\u00eb grup dhe projekton tek ata d\u00ebshirat, aspiratat dhe vizionin e tij, duke krijuar at\u00eb q\u00eb quhet Lidership.<\/p>\n<p>Nuk \u00ebsht\u00eb e th\u00ebn\u00eb se Lider\u00ebt i krijojn\u00eb kombet e m\u00ebdhenj, t\u00eb cil\u00ebt kan\u00eb nj\u00eb standard t\u00eb lart\u00eb emancipimi. Historia bot\u00ebrore ka afirmuar se ka edhe vende t\u00eb vegj\u00ebl q\u00eb krijojn\u00eb Lider t\u00eb m\u00ebdhenj, t\u00eb cil\u00ebt kan\u00eb sh\u00ebrbyer me men\u00e7urin\u00eb e tyre dhe kontribute t\u00eb m\u00ebdha, t\u00eb cil\u00ebt historia i ka ngritur n\u00eb majat e piramidave. Vendi yn\u00eb i vog\u00ebl Shqip\u00ebria ka lider\u00ebt e vet ushtarak\u00eb, q\u00eb historia bot\u00ebrore i ka njohur si t\u00eb till\u00eb e i ka ngritur n\u00eb piedestale q\u00eb u takojn\u00eb.<\/p>\n<p>Po sigurisht q\u00eb ne shqiptar\u00ebt jemi mburrur e mburremi me Heroin ton\u00eb komb\u00ebtar Sk\u00ebnderbeun, t\u00eb cilin kur kemi qen\u00eb f\u00ebmij\u00eb e kemi p\u00ebrfytyruar si nj\u00eb mbinjeri, n\u00ebp\u00ebrmjet tregimeve, q\u00eb kemi lexuar p\u00ebr t\u00eb; si psh: edhe kali mbante zi pas vdekjes s\u00eb tij\u2026<\/p>\n<p>Figura e Ismail Qemalit gjithashtu ka qen\u00eb n\u00eb p\u00ebrfytyrimin ton\u00eb gati mistike, ngaq\u00eb librat e historis\u00eb e p\u00ebrshkruanin at\u00eb si nj\u00eb Lider q\u00eb shp\u00ebtoi atdheun nga vargonjt\u00eb e Perandoris\u00eb Osmane.<\/p>\n<p>K\u00ebshtu k\u00ebto figura t\u00eb vler\u00ebsuara nga shkenc\u00ebtar\u00eb historian\u00eb jan\u00eb b\u00ebr\u00eb p\u00ebr ne mite, prekjen e t\u00eb cil\u00ebve nga \u00e7do njeri, qoft\u00eb ky historian a politikan, nuk mund ta pranojm\u00eb, ajo shkakton menj\u00ebher\u00eb reaksion, sepse na duket sikur na fshijn\u00eb nj\u00eb pjes\u00eb nga ekzistenca jon\u00eb si komb, sikur na heqin identitetin ton\u00eb. Kaq t\u00eb lidhur jemi me k\u00ebto figura sa kush tenton t\u2019i prek\u00eb, merr me vete \u2018\u00e7mimin\u2019 dhe n\u00eb fakt, loj\u00ebrat q\u00eb personalitete t\u00eb PD k\u00ebto 8 vjet kan\u00eb b\u00ebr\u00eb me heronjt\u00eb e Shqip\u00ebris\u00eb si psh: ajo me Heronjt\u00eb e Vigut n\u00eb Shkod\u00ebr, apo aludimet mbi dat\u00ebn e \u00e7lirimit t\u00eb vendit nga Nazi-Fashizmi, kan\u00eb qen\u00eb kosto p\u00ebr PD.<\/p>\n<p>Edhe Enver Hoxha, t\u00eb cilin historia e vler\u00ebsoi si udh\u00ebheq\u00ebsin e luft\u00ebs Nacional\u00e7lirimtare, t\u00eb vetmen figur\u00eb, q\u00eb u p\u00ebrpoq t\u00eb err\u00ebsonte ishte vet\u00ebm ajo e paraardh\u00ebsit t\u00eb tij, Mbretit Zog, dhe me gjith\u00eb ekzagjerimet q\u00eb i b\u00ebri luft\u00ebs Antifashiste si \u201cEpope e Luft\u00ebs \u00c7lirimtare\u201d, me q\u00ebllim glorifikimin e figur\u00ebs s\u00eb tij, sot nga historian\u00ebt \u00ebsht\u00eb nj\u00eb figur\u00eb e diskutueshme, e cila mbase n\u00eb t\u00eb ardhmen do t\u00eb ket\u00eb vler\u00ebsime t\u00eb reja nga brezat, sepse n\u00eb fakt ishte nj\u00eb personalitet q\u00eb b\u00ebri epok\u00eb, mjafton fakti, q\u00eb ai u vu n\u00eb krye t\u00eb nj\u00eb l\u00ebvizje \u00e7lirimtare, pavar\u00ebsisht vler\u00ebsimit mbi m\u00ebnyr\u00ebn e qeverisjes dhe sjelljen e tij si perandor.<\/p>\n<p>E r\u00ebnd\u00ebsishme \u00ebsht\u00eb, q\u00eb sot t\u00eb gjith\u00eb shqiptar\u00ebt jan\u00eb t\u00eb lumtur q\u00eb jan\u00eb shk\u00ebputur prej asaj periudhe, e cila u mohoi shum\u00eb t\u00eb drejta dhe liri, q\u00eb zhvilloi luft\u00ebn e klasave dhe nxiti armiq\u00ebsin\u00eb midis njer\u00ebzve.<\/p>\n<p>N\u00eb k\u00ebt\u00eb periudh\u00ebn post-komuniste, t\u00eb gjith\u00eb u p\u00ebrpoq\u00ebm t\u00eb krijojm\u00eb nj\u00eb shtet demokratik, por n\u00eb fund me keqardhje konstatuam se pas 22 vjet\u00ebsh, mbet\u00ebm n\u00eb nj\u00eb rreth vicioz, me nj\u00eb liri t\u00eb kufizuar fjale dhe l\u00ebvizje, nd\u00ebrsa metodat dhe praktikat e drejtimit ishin shum\u00eb t\u00eb ngjashme me komunizmin.<\/p>\n<p>Provuam 8 vjet nj\u00eb lider \u2018liberal\u2019 n\u00eb dukje si Fatos Nanon, por shpejt u zhg\u00ebnjyem se kuptuam, q\u00eb ai ishte thjesht\u00eb nj\u00eb diktator i \u2018but\u00eb\u2019, p\u00ebrderisa lufta e klasave vazhdoi, por n\u00eb nj\u00eb form\u00eb tjet\u00ebr\u2026.<\/p>\n<p>Sali Berisha u shfaq p\u00ebrpara shqiptar\u00ebve si nj\u00eb Lider i fort\u00eb e \u201cantikomunist\u201d i flak\u00ebt, por n\u00eb fakt nuk mund t\u00eb fshinte dot t\u00eb kaluar\u00ebn e tij komuniste. Nj\u00eb sekretar partie i devotsh\u00ebm, i cili luft\u00ebn e klasave sidomos n\u00eb k\u00ebto 8 vjet\u00ebt e fundit e ashp\u00ebrsoi n\u00eb at\u00eb mas\u00eb, sa po na merrte frym\u00ebn. Un\u00eb , q\u00eb kam provuar luft\u00ebn e klasave t\u00eb Enver Hoxh\u00ebs, m\u00eb besoni kam th\u00ebn\u00eb ndonj\u00ebher\u00eb: \u201c t\u00eb keqen e interrnimit\u201d n\u00eb krahasim me prozvaljen q\u00eb m\u00eb ka b\u00ebr\u00eb shteti i Sali Berish\u00ebs k\u00ebto 8 vjet.<\/p>\n<p>T\u00eb them t\u00eb drejt\u00ebn n\u00eb artikullin tim t\u00eb fundit e vler\u00ebsova gjestin e tij, t\u00eb pranimit t\u00eb fajit, ngaq\u00eb n\u00eb k\u00ebto 22 vjet e kam par\u00eb si nj\u00eb njeri q\u00eb nuk di t\u00eb pranoj\u00eb faj mbi veten e tij, por ve\u00e7 t\u00eb nxjerr\u00eb helm nga goja e tij, helm, i cili dal\u00ebngadal\u00eb filloi t\u00eb paralizonte gjith\u00eb shoq\u00ebrin\u00eb shqiptare, deri n\u00eb at\u00eb pik\u00eb sa reagimi po minimizohej n\u00eb zero.<\/p>\n<p>U gabova, ndoshta nga entuziazmi, se nga goja e tij d\u00ebgjova deklarat\u00ebn q\u00eb po largohej nga t\u00eb gjitha funksionet e Partis\u00eb s\u00eb tij, dhe se gabimi binte t\u00ebr\u00ebsisht mbi t\u00eb, por disa komentues t\u00eb shkrimit t\u00eb tij m\u00eb bind\u00ebn p\u00ebrnj\u00ebher\u00eb p\u00ebr t\u00eb kund\u00ebrt\u00ebn.<\/p>\n<p>Tani Sali Berisha po luan me lot\u00ebt e adoleshent\u00ebve, t\u00eb frym\u00ebzuar nga prind\u00ebrit e tyre, t\u00eb cil\u00ebt patjet\u00ebr jan\u00eb t\u00eb lidhur me interesa me k\u00ebt\u00eb person dhe asgj\u00eb shpirt\u00ebrore nuk ka midis tyre. V\u00ebnia n\u00eb Facebook-un e Sali Berish\u00ebs p\u00ebrsh\u00ebndetjen e nj\u00eb adoleshenti, si nj\u00eb fans i tij i s\u00ebmur\u00eb \u00ebsht\u00eb thjesht mizore.<\/p>\n<p>Ky njeri q\u00eb e quan veten Lider t\u00eb PD, gjat\u00eb gjith\u00eb jet\u00ebs s\u00eb tij politike ka projektuar tek elektorati i tij vet\u00ebm urrejtje p\u00ebr gjysm\u00ebn tjet\u00ebr t\u00eb shqiptar\u00ebve, ka vrar\u00eb njer\u00ebz n\u00eb bulevard, ka fshehur madje krimin, ka shkaktuar vet\u00ebm trazira n\u00eb k\u00ebt\u00eb vend, dhe ka tentuar ta krahasoj\u00eb veten me Lidera t\u00eb k\u00ebtij vendi , t\u00eb cil\u00ebt kan\u00eb b\u00ebr\u00eb histori. Sigurisht \u00ebsht\u00eb mb\u00ebshtetur nga ithtar\u00eb, q\u00eb n\u00eb pamje t\u00eb par\u00eb dukeshin si militant\u00eb t\u00eb devotsh\u00ebm, por m\u00eb von\u00eb po tregojn\u00eb se jan\u00eb thjesht\u00eb njer\u00ebz mediok\u00ebr arrivist\u00eb, q\u00eb po vazhdojn\u00eb ta mb\u00ebshtesin k\u00ebt\u00eb njeri n\u00eb marr\u00ebzin\u00eb e tij, p\u00ebr ta shfryt\u00ebzuar, me q\u00ebllim arritjen e ambicieve t\u00eb tyre politike.<\/p>\n<p>Nj\u00eb lider q\u00eb projekton ve\u00e7 urrejtje e ndarje klasore n\u00eb nj\u00eb vend q\u00eb p\u00ebrp\u00eblitet me litarin e komunizmit n\u00ebp\u00ebr k\u00ebmb\u00eb, duke menduar se po krijon demokracin\u00eb, nd\u00ebrsa n\u00eb fakt n\u00eb k\u00ebto 22 vjet ka krijuar vet\u00ebm nj\u00eb marr\u00ebzi, nj\u00eb marr\u00ebzi q\u00eb e ka emrin Sali Berisha, s\u2019\u00ebsht\u00eb tjet\u00ebr gj\u00eb ve\u00e7se nj\u00eb Lider pervers.<\/p>\n<p>Ky njeri duhet ndalur n\u00eb marr\u00ebzin\u00eb e tij, nga njer\u00ebzit q\u00eb jan\u00eb brenda Partis\u00eb Demokratike, tani q\u00eb ky \u00ebsht\u00eb i zhveshur nga t\u00eb gjitha atributet, tani q\u00eb hekuri \u00ebsht\u00eb i nxeht\u00eb, n\u00eb t\u00eb kund\u00ebrt, ky pervers do t\u00eb mobilizoj\u00eb tipa si ky gjasht\u00ebmb\u00ebdhjet\u00eb vje\u00e7ari e do t\u00eb na i servir\u00eb si militant\u00eb, t\u00eb cil\u00ebt e duan patjet\u00ebr t\u00eb kthehet Kryetar n\u00eb Parti dhe ai i dor\u00ebzuar p\u00ebrball\u00eb \u201chidh\u00ebrimit \u201c t\u00eb tyre s\u2019ka rrug\u00eb tjet\u00ebr ve\u00e7se t\u00eb ri kandidoj\u00eb dhe pastaj do t\u00eb filloj\u00eb me parull\u00ebn \u201cP\u00ebrpara\u201d.<\/p>\n<p>Shqiptar\u00ebt duhet t\u2019i thon\u00eb NDAL! Perversitetit t\u00eb tij sa nuk \u00ebsht\u00eb von\u00eb.<\/p>\n","protected":false},"excerpt":{"rendered":"<p>Nga Magdalena Ramohito, 30 Qershor 2013 Ka disa dit\u00eb q\u00eb rezultatet e zgjedhjeve t\u00eb 23 qershorit, po analizohen, si p\u00ebr forc\u00ebn fituese ashtu edhe p\u00ebr at\u00eb humb\u00ebse. Nd\u00ebrsa njer\u00ebzit n\u00eb rrug\u00eb ndihen t\u00eb \u00e7liruar nga ai makthi q\u00eb i kish mb\u00ebrthyer prej drejtimit me dor\u00eb t\u00eb hekurt t\u00eb Liderit t\u00eb Partis\u00eb Demokratike dhe nj\u00ebherazi Kryeminist\u00ebr [&hellip;]<\/p>\n","protected":false},"author":1,"featured_media":0,"comment_status":"open","ping_status":"closed","sticky":false,"template":"","format":"standard","meta":{"footnotes":""},"categories":[2],"tags":[],"class_list":{"0":"post-3454","1":"post","2":"type-post","3":"status-publish","4":"format-standard","6":"category-artikuj"},"yoast_head":"<!-- This site is optimized with the Yoast SEO plugin v27.4 - https:\/\/yoast.com\/product\/yoast-seo-wordpress\/ -->\n<title>Nj\u00eb Lider Pervers - FjALA e LIR\u00cb - Arkivi<\/title>\n<meta name=\"robots\" content=\"index, follow, max-snippet:-1, max-image-preview:large, max-video-preview:-1\" \/>\n<link rel=\"canonical\" href=\"https:\/\/fjala.info\/2009-2015\/nje-lider-pervers\/\" \/>\n<meta property=\"og:locale\" content=\"sq_AL\" \/>\n<meta property=\"og:type\" content=\"article\" \/>\n<meta property=\"og:title\" content=\"Nj\u00eb Lider Pervers - FjALA e LIR\u00cb - Arkivi\" \/>\n<meta property=\"og:description\" content=\"Nga Magdalena Ramohito, 30 Qershor 2013 Ka disa dit\u00eb q\u00eb rezultatet e zgjedhjeve t\u00eb 23 qershorit, po analizohen, si p\u00ebr forc\u00ebn fituese ashtu edhe p\u00ebr at\u00eb humb\u00ebse. Nd\u00ebrsa njer\u00ebzit n\u00eb rrug\u00eb ndihen t\u00eb \u00e7liruar nga ai makthi q\u00eb i kish mb\u00ebrthyer prej drejtimit me dor\u00eb t\u00eb hekurt t\u00eb Liderit t\u00eb Partis\u00eb Demokratike dhe nj\u00ebherazi Kryeminist\u00ebr [&hellip;]\" \/>\n<meta property=\"og:url\" content=\"https:\/\/fjala.info\/2009-2015\/nje-lider-pervers\/\" \/>\n<meta property=\"og:site_name\" content=\"FjALA e LIR\u00cb - Arkivi\" \/>\n<meta property=\"article:published_time\" content=\"2013-06-30T21:45:33+00:00\" \/>\n<meta property=\"og:image\" content=\"http:\/\/www.fjala.info\/2013\/magdalena_ramohito.jpg\" \/>\n<meta name=\"author\" content=\"admin\" \/>\n<meta name=\"twitter:card\" content=\"summary_large_image\" \/>\n<meta name=\"twitter:label1\" content=\"Written by\" \/>\n\t<meta name=\"twitter:data1\" content=\"admin\" \/>\n\t<meta name=\"twitter:label2\" content=\"Est. reading time\" \/>\n\t<meta name=\"twitter:data2\" content=\"7 minutes\" \/>\n<script type=\"application\/ld+json\" class=\"yoast-schema-graph\">{\"@context\":\"https:\\\/\\\/schema.org\",\"@graph\":[{\"@type\":\"Article\",\"@id\":\"https:\\\/\\\/fjala.info\\\/2009-2015\\\/nje-lider-pervers\\\/#article\",\"isPartOf\":{\"@id\":\"https:\\\/\\\/fjala.info\\\/2009-2015\\\/nje-lider-pervers\\\/\"},\"author\":{\"name\":\"admin\",\"@id\":\"https:\\\/\\\/fjala.info\\\/2009-2015\\\/#\\\/schema\\\/person\\\/3aa1163ef05469c496fc94e77611ada2\"},\"headline\":\"Nj\u00eb Lider Pervers\",\"datePublished\":\"2013-06-30T21:45:33+00:00\",\"mainEntityOfPage\":{\"@id\":\"https:\\\/\\\/fjala.info\\\/2009-2015\\\/nje-lider-pervers\\\/\"},\"wordCount\":1467,\"commentCount\":0,\"publisher\":{\"@id\":\"https:\\\/\\\/fjala.info\\\/2009-2015\\\/#organization\"},\"image\":{\"@id\":\"https:\\\/\\\/fjala.info\\\/2009-2015\\\/nje-lider-pervers\\\/#primaryimage\"},\"thumbnailUrl\":\"http:\\\/\\\/www.fjala.info\\\/2013\\\/magdalena_ramohito.jpg\",\"articleSection\":[\"Artikuj\"],\"inLanguage\":\"sq-AL\",\"potentialAction\":[{\"@type\":\"CommentAction\",\"name\":\"Comment\",\"target\":[\"https:\\\/\\\/fjala.info\\\/2009-2015\\\/nje-lider-pervers\\\/#respond\"]}]},{\"@type\":\"WebPage\",\"@id\":\"https:\\\/\\\/fjala.info\\\/2009-2015\\\/nje-lider-pervers\\\/\",\"url\":\"https:\\\/\\\/fjala.info\\\/2009-2015\\\/nje-lider-pervers\\\/\",\"name\":\"Nj\u00eb Lider Pervers - FjALA e LIR\u00cb - Arkivi\",\"isPartOf\":{\"@id\":\"https:\\\/\\\/fjala.info\\\/2009-2015\\\/#website\"},\"primaryImageOfPage\":{\"@id\":\"https:\\\/\\\/fjala.info\\\/2009-2015\\\/nje-lider-pervers\\\/#primaryimage\"},\"image\":{\"@id\":\"https:\\\/\\\/fjala.info\\\/2009-2015\\\/nje-lider-pervers\\\/#primaryimage\"},\"thumbnailUrl\":\"http:\\\/\\\/www.fjala.info\\\/2013\\\/magdalena_ramohito.jpg\",\"datePublished\":\"2013-06-30T21:45:33+00:00\",\"breadcrumb\":{\"@id\":\"https:\\\/\\\/fjala.info\\\/2009-2015\\\/nje-lider-pervers\\\/#breadcrumb\"},\"inLanguage\":\"sq-AL\",\"potentialAction\":[{\"@type\":\"ReadAction\",\"target\":[\"https:\\\/\\\/fjala.info\\\/2009-2015\\\/nje-lider-pervers\\\/\"]}]},{\"@type\":\"ImageObject\",\"inLanguage\":\"sq-AL\",\"@id\":\"https:\\\/\\\/fjala.info\\\/2009-2015\\\/nje-lider-pervers\\\/#primaryimage\",\"url\":\"http:\\\/\\\/www.fjala.info\\\/2013\\\/magdalena_ramohito.jpg\",\"contentUrl\":\"http:\\\/\\\/www.fjala.info\\\/2013\\\/magdalena_ramohito.jpg\"},{\"@type\":\"BreadcrumbList\",\"@id\":\"https:\\\/\\\/fjala.info\\\/2009-2015\\\/nje-lider-pervers\\\/#breadcrumb\",\"itemListElement\":[{\"@type\":\"ListItem\",\"position\":1,\"name\":\"Home\",\"item\":\"https:\\\/\\\/fjala.info\\\/2009-2015\\\/\"},{\"@type\":\"ListItem\",\"position\":2,\"name\":\"Nj\u00eb Lider Pervers\"}]},{\"@type\":\"WebSite\",\"@id\":\"https:\\\/\\\/fjala.info\\\/2009-2015\\\/#website\",\"url\":\"https:\\\/\\\/fjala.info\\\/2009-2015\\\/\",\"name\":\"FjALA e LIR\u00cb - Arkivi\",\"description\":\"Arkivi 2009-2015\",\"publisher\":{\"@id\":\"https:\\\/\\\/fjala.info\\\/2009-2015\\\/#organization\"},\"potentialAction\":[{\"@type\":\"SearchAction\",\"target\":{\"@type\":\"EntryPoint\",\"urlTemplate\":\"https:\\\/\\\/fjala.info\\\/2009-2015\\\/?s={search_term_string}\"},\"query-input\":{\"@type\":\"PropertyValueSpecification\",\"valueRequired\":true,\"valueName\":\"search_term_string\"}}],\"inLanguage\":\"sq-AL\"},{\"@type\":\"Organization\",\"@id\":\"https:\\\/\\\/fjala.info\\\/2009-2015\\\/#organization\",\"name\":\"FjALA e LIR\u00cb - Arkivi\",\"url\":\"https:\\\/\\\/fjala.info\\\/2009-2015\\\/\",\"logo\":{\"@type\":\"ImageObject\",\"inLanguage\":\"sq-AL\",\"@id\":\"https:\\\/\\\/fjala.info\\\/2009-2015\\\/#\\\/schema\\\/logo\\\/image\\\/\",\"url\":\"\",\"contentUrl\":\"\",\"caption\":\"FjALA e LIR\u00cb - Arkivi\"},\"image\":{\"@id\":\"https:\\\/\\\/fjala.info\\\/2009-2015\\\/#\\\/schema\\\/logo\\\/image\\\/\"}},{\"@type\":\"Person\",\"@id\":\"https:\\\/\\\/fjala.info\\\/2009-2015\\\/#\\\/schema\\\/person\\\/3aa1163ef05469c496fc94e77611ada2\",\"name\":\"admin\",\"image\":{\"@type\":\"ImageObject\",\"inLanguage\":\"sq-AL\",\"@id\":\"https:\\\/\\\/fjala.info\\\/2009-2015\\\/wp-content\\\/uploads\\\/2012\\\/02\\\/arben_cokaj-120x150.jpg\",\"url\":\"https:\\\/\\\/fjala.info\\\/2009-2015\\\/wp-content\\\/uploads\\\/2012\\\/02\\\/arben_cokaj-120x150.jpg\",\"contentUrl\":\"https:\\\/\\\/fjala.info\\\/2009-2015\\\/wp-content\\\/uploads\\\/2012\\\/02\\\/arben_cokaj-120x150.jpg\",\"caption\":\"admin\"},\"description\":\"Admin, Fjala e Lir\u00eb\",\"sameAs\":[\"https:\\\/\\\/fjala.info\\\/\"],\"url\":\"https:\\\/\\\/fjala.info\\\/2009-2015\\\/author\\\/admin\\\/\"}]}<\/script>\n<!-- \/ Yoast SEO plugin. -->","yoast_head_json":{"title":"Nj\u00eb Lider Pervers - FjALA e LIR\u00cb - Arkivi","robots":{"index":"index","follow":"follow","max-snippet":"max-snippet:-1","max-image-preview":"max-image-preview:large","max-video-preview":"max-video-preview:-1"},"canonical":"https:\/\/fjala.info\/2009-2015\/nje-lider-pervers\/","og_locale":"sq_AL","og_type":"article","og_title":"Nj\u00eb Lider Pervers - FjALA e LIR\u00cb - Arkivi","og_description":"Nga Magdalena Ramohito, 30 Qershor 2013 Ka disa dit\u00eb q\u00eb rezultatet e zgjedhjeve t\u00eb 23 qershorit, po analizohen, si p\u00ebr forc\u00ebn fituese ashtu edhe p\u00ebr at\u00eb humb\u00ebse. Nd\u00ebrsa njer\u00ebzit n\u00eb rrug\u00eb ndihen t\u00eb \u00e7liruar nga ai makthi q\u00eb i kish mb\u00ebrthyer prej drejtimit me dor\u00eb t\u00eb hekurt t\u00eb Liderit t\u00eb Partis\u00eb Demokratike dhe nj\u00ebherazi Kryeminist\u00ebr [&hellip;]","og_url":"https:\/\/fjala.info\/2009-2015\/nje-lider-pervers\/","og_site_name":"FjALA e LIR\u00cb - Arkivi","article_published_time":"2013-06-30T21:45:33+00:00","og_image":[{"url":"http:\/\/www.fjala.info\/2013\/magdalena_ramohito.jpg","type":"","width":"","height":""}],"author":"admin","twitter_card":"summary_large_image","twitter_misc":{"Written by":"admin","Est. reading time":"7 minutes"},"schema":{"@context":"https:\/\/schema.org","@graph":[{"@type":"Article","@id":"https:\/\/fjala.info\/2009-2015\/nje-lider-pervers\/#article","isPartOf":{"@id":"https:\/\/fjala.info\/2009-2015\/nje-lider-pervers\/"},"author":{"name":"admin","@id":"https:\/\/fjala.info\/2009-2015\/#\/schema\/person\/3aa1163ef05469c496fc94e77611ada2"},"headline":"Nj\u00eb Lider Pervers","datePublished":"2013-06-30T21:45:33+00:00","mainEntityOfPage":{"@id":"https:\/\/fjala.info\/2009-2015\/nje-lider-pervers\/"},"wordCount":1467,"commentCount":0,"publisher":{"@id":"https:\/\/fjala.info\/2009-2015\/#organization"},"image":{"@id":"https:\/\/fjala.info\/2009-2015\/nje-lider-pervers\/#primaryimage"},"thumbnailUrl":"http:\/\/www.fjala.info\/2013\/magdalena_ramohito.jpg","articleSection":["Artikuj"],"inLanguage":"sq-AL","potentialAction":[{"@type":"CommentAction","name":"Comment","target":["https:\/\/fjala.info\/2009-2015\/nje-lider-pervers\/#respond"]}]},{"@type":"WebPage","@id":"https:\/\/fjala.info\/2009-2015\/nje-lider-pervers\/","url":"https:\/\/fjala.info\/2009-2015\/nje-lider-pervers\/","name":"Nj\u00eb Lider Pervers - FjALA e LIR\u00cb - Arkivi","isPartOf":{"@id":"https:\/\/fjala.info\/2009-2015\/#website"},"primaryImageOfPage":{"@id":"https:\/\/fjala.info\/2009-2015\/nje-lider-pervers\/#primaryimage"},"image":{"@id":"https:\/\/fjala.info\/2009-2015\/nje-lider-pervers\/#primaryimage"},"thumbnailUrl":"http:\/\/www.fjala.info\/2013\/magdalena_ramohito.jpg","datePublished":"2013-06-30T21:45:33+00:00","breadcrumb":{"@id":"https:\/\/fjala.info\/2009-2015\/nje-lider-pervers\/#breadcrumb"},"inLanguage":"sq-AL","potentialAction":[{"@type":"ReadAction","target":["https:\/\/fjala.info\/2009-2015\/nje-lider-pervers\/"]}]},{"@type":"ImageObject","inLanguage":"sq-AL","@id":"https:\/\/fjala.info\/2009-2015\/nje-lider-pervers\/#primaryimage","url":"http:\/\/www.fjala.info\/2013\/magdalena_ramohito.jpg","contentUrl":"http:\/\/www.fjala.info\/2013\/magdalena_ramohito.jpg"},{"@type":"BreadcrumbList","@id":"https:\/\/fjala.info\/2009-2015\/nje-lider-pervers\/#breadcrumb","itemListElement":[{"@type":"ListItem","position":1,"name":"Home","item":"https:\/\/fjala.info\/2009-2015\/"},{"@type":"ListItem","position":2,"name":"Nj\u00eb Lider Pervers"}]},{"@type":"WebSite","@id":"https:\/\/fjala.info\/2009-2015\/#website","url":"https:\/\/fjala.info\/2009-2015\/","name":"FjALA e LIR\u00cb - Arkivi","description":"Arkivi 2009-2015","publisher":{"@id":"https:\/\/fjala.info\/2009-2015\/#organization"},"potentialAction":[{"@type":"SearchAction","target":{"@type":"EntryPoint","urlTemplate":"https:\/\/fjala.info\/2009-2015\/?s={search_term_string}"},"query-input":{"@type":"PropertyValueSpecification","valueRequired":true,"valueName":"search_term_string"}}],"inLanguage":"sq-AL"},{"@type":"Organization","@id":"https:\/\/fjala.info\/2009-2015\/#organization","name":"FjALA e LIR\u00cb - Arkivi","url":"https:\/\/fjala.info\/2009-2015\/","logo":{"@type":"ImageObject","inLanguage":"sq-AL","@id":"https:\/\/fjala.info\/2009-2015\/#\/schema\/logo\/image\/","url":"","contentUrl":"","caption":"FjALA e LIR\u00cb - Arkivi"},"image":{"@id":"https:\/\/fjala.info\/2009-2015\/#\/schema\/logo\/image\/"}},{"@type":"Person","@id":"https:\/\/fjala.info\/2009-2015\/#\/schema\/person\/3aa1163ef05469c496fc94e77611ada2","name":"admin","image":{"@type":"ImageObject","inLanguage":"sq-AL","@id":"https:\/\/fjala.info\/2009-2015\/wp-content\/uploads\/2012\/02\/arben_cokaj-120x150.jpg","url":"https:\/\/fjala.info\/2009-2015\/wp-content\/uploads\/2012\/02\/arben_cokaj-120x150.jpg","contentUrl":"https:\/\/fjala.info\/2009-2015\/wp-content\/uploads\/2012\/02\/arben_cokaj-120x150.jpg","caption":"admin"},"description":"Admin, Fjala e Lir\u00eb","sameAs":["https:\/\/fjala.info\/"],"url":"https:\/\/fjala.info\/2009-2015\/author\/admin\/"}]}},"_links":{"self":[{"href":"https:\/\/fjala.info\/2009-2015\/wp-json\/wp\/v2\/posts\/3454","targetHints":{"allow":["GET"]}}],"collection":[{"href":"https:\/\/fjala.info\/2009-2015\/wp-json\/wp\/v2\/posts"}],"about":[{"href":"https:\/\/fjala.info\/2009-2015\/wp-json\/wp\/v2\/types\/post"}],"author":[{"embeddable":true,"href":"https:\/\/fjala.info\/2009-2015\/wp-json\/wp\/v2\/users\/1"}],"replies":[{"embeddable":true,"href":"https:\/\/fjala.info\/2009-2015\/wp-json\/wp\/v2\/comments?post=3454"}],"version-history":[{"count":0,"href":"https:\/\/fjala.info\/2009-2015\/wp-json\/wp\/v2\/posts\/3454\/revisions"}],"wp:attachment":[{"href":"https:\/\/fjala.info\/2009-2015\/wp-json\/wp\/v2\/media?parent=3454"}],"wp:term":[{"taxonomy":"category","embeddable":true,"href":"https:\/\/fjala.info\/2009-2015\/wp-json\/wp\/v2\/categories?post=3454"},{"taxonomy":"post_tag","embeddable":true,"href":"https:\/\/fjala.info\/2009-2015\/wp-json\/wp\/v2\/tags?post=3454"}],"curies":[{"name":"wp","href":"https:\/\/api.w.org\/{rel}","templated":true}]}}