{"id":345,"date":"2011-11-28T09:12:41","date_gmt":"2011-11-28T08:12:41","guid":{"rendered":"http:\/\/fjala.shkoder.net\/?p=345"},"modified":"2011-11-28T09:12:41","modified_gmt":"2011-11-28T08:12:41","slug":"28-nentori-i-kujteses-kombetare","status":"publish","type":"post","link":"https:\/\/fjala.info\/2009-2015\/28-nentori-i-kujteses-kombetare\/","title":{"rendered":"28 n\u00ebntori i kujtes\u00ebs komb\u00ebtare"},"content":{"rendered":"<p><img decoding=\"async\" class=\"alignleft size-thumbnail wp-image-7236\" title=\"Ndue Ukaj\" src=\"http:\/\/www.shkoder.net\/images\/fjala\/ndue_ukaj.jpg\" alt=\"\" width=\"150\" \/> <strong>Ndue Ukaj<\/strong><\/p>\n<p>Me 28 n\u00ebntor 1912, zgjedha otomane ra dhe shqiptar\u00ebt u pavar\u00ebsuan. T\u00eb d\u00ebrmuar nga pushtimi i gjat\u00eb dhe i eg\u00ebr otomane, pavar\u00ebsia komb\u00ebtare p\u00ebr shqiptar\u00ebt, natyrisht se ishte nj\u00eb dit\u00eb e shum\u00ebpritur, p\u00ebr t\u00eb cil\u00ebn u luftua shum\u00eb, p\u00ebr t\u00eb cil\u00ebn u sakrifikua shum\u00eb dhe p\u00ebr t\u00eb cil\u00ebn u flijua shum\u00eb. N\u00eb k\u00ebt\u00eb dat\u00eb me r\u00ebnd\u00ebsi, ne kujtojm\u00eb ikjen anadollak\u00ebve dhe koh\u00ebn kur qielli shqiptar, p\u00ebr her\u00eb t\u00eb par\u00eb, pas pes\u00eb shekujsh err\u00ebsire, pa kthjellt\u00ebsin\u00eb e duhur, duke u \u00e7liruar nga nata e zez\u00eb otomane, q\u00eb kishte err\u00ebsuar bot\u00ebn arb\u00ebrore, duke e plandos n\u00eb mjerim t\u00eb shumansh\u00ebm, vrrag\u00ebt e s\u00eb cil\u00ebs ishin t\u00eb thella dhe t\u00eb r\u00ebnda p\u00ebr t\u2019u riparuar.<\/p>\n<p>Sot, kur na ndajn\u00eb vet\u00ebm nj\u00eb vit nga nj\u00eb shekull pavar\u00ebsi komb\u00ebtare, m\u00eb shum\u00eb se kurr\u00eb, kudo hap\u00ebsirave shqiptare, ndjehet nevoja imediate q\u00eb t\u00eb heqim zinxhir\u00ebt e rob\u00ebris\u00eb s\u00eb brendshme, duke e fresku kujtes\u00ebn me lavdin\u00eb ton\u00eb komb\u00ebtare, at\u00eb lavdi q\u00eb buron n\u00ebp\u00ebr dejt\u00eb e gjakut shqiptar, gjak ky q\u00eb asnj\u00ebher\u00eb nuk pushoi t\u00eb derdhej p\u00ebr liri dhe pavar\u00ebsi. N\u00eb k\u00ebto dit\u00eb, kur g\u00ebzimi dhe hareja, \u00ebsht\u00eb shp\u00ebrndar\u00eb kudo ku ka shqiptar, kur flamuri shqiptar, \u00ebsht\u00eb ngritur kudo n\u00eb madh\u00ebshtin\u00eb e qiellit t\u00eb kthjellt\u00eb dhe fluturon lirsh\u00ebm, ne kthehemi mbrapa dhe shprehim admirimin ton\u00eb p\u00ebr burrat fisnik, q\u00eb me pietet, p\u00ebrkushtim dhe sakrific\u00eb, na soll\u00ebn lirin\u00eb dhe na ruajt\u00ebn qenien ton\u00eb komb\u00ebtare. Kjo liri, tash ka nevoj\u00eb t\u00eb plot\u00ebsohet, n\u00ebp\u00ebrmjet p\u00ebrkushtimit p\u00ebr kombin, n\u00ebp\u00ebrmjet konsolidimit t\u00eb vet\u00ebdijes komb\u00ebtare dhe ushtrimit t\u00eb kujtes\u00ebs, si nj\u00eb parakusht p\u00ebr t\u00eb ecur drejt horizonteve t\u00eb reja.<\/p>\n<p>N\u00eb k\u00ebto dit\u00eb, kur kombi shqiptar po hyn n\u00eb jubileun e nj\u00ebqindvjetorit t\u00eb pavar\u00ebsis\u00eb komb\u00ebtare dhe ka send\u00ebrtuar idealet e veta t\u00eb cunguara, ende vazhdon t\u00eb ket\u00eb kriza t\u00eb brendshme, i pakonsoliduar si duhet. Prandaj ting\u00ebllon shum\u00eb sinjifikativ, mendimi i kahersh\u00ebm i ideologut, shkrimtarit dhe politikanit t\u00eb madh Ibrahim Rugova:<\/p>\n<p>\u201cU habit\u00ebn t\u00eb gjith\u00eb, kur pas pes\u00eb shekujsh, nga epoka e Sk\u00ebnderbeut n\u00eb qiellin shqiptar, u ngrit simboli i gjakut-Flamuri.<\/p>\n<p>Mir\u00eb q\u00eb u mashtruan gjith\u00eb. Mir\u00eb q\u00eb kujtuan se nuk kemi asgj\u00eb, se ku\u00e7edra e Anadollit nga g\u00eblltiti \u00e7\u2019pat\u00ebm. Po ajo mori shum\u00eb\u00e7ka, gati na zhbiu, por s\u2019mundi t\u00eb na marr\u00eb at\u00eb m\u00eb t\u00eb vlefshmen, m\u00eb madh\u00ebshtoren-fuqin\u00eb, trim\u00ebrin\u00eb q\u00eb i \u00e7oi n\u00eb k\u00ebmb\u00eb prore shpirtrat tan\u00eb t\u00eb djegur p\u00ebr tok\u00ebn e st\u00ebrgjysh\u00ebrve. S\u2019u harrua porosia e st\u00ebrgjysh\u00ebrve. E shporr\u00ebm m\u00eb tej dhe do t\u00eb shpiem gjersa t\u00eb gjall\u00ebrojm\u00eb mbi k\u00ebt\u00eb tok\u00eb t\u00eb dashur\u201d (Ibrahim Rugova, Pavar\u00ebsia komb\u00ebtare, Bota e re, 28 n\u00ebntor, 1968).<\/p>\n<p>Pik\u00ebrisht ky mendim, i shkruar nga nj\u00eb vizionar i madh q\u00eb b\u00ebri epok\u00ebn e Kosov\u00ebs, ne k\u00ebto dite me rend\u00ebsi p\u00ebr qenien komb\u00ebtare, na tregon sa \u00ebsht\u00eb e nevojshme ta forcojm\u00eb kujtes\u00ebn dhe t\u00eb lirohemi nga zinxhir\u00ebt e rob\u00ebris\u00eb se mendjes, qe na kane penguar dhe po na pengojn\u00eb konsolidimin s\u00eb brendshmi. Anadollaket ik\u00ebn, e pas tyre ik\u00ebn edhe armiqt\u00eb tan\u00eb serb, mir\u00ebpo krizat shqiptare ende nuk jan\u00eb p\u00ebrmbyllur, ashtu sikurse klithmat tona \u201cO moj Shqypni, e mjera Shqypni\u201d. Sot shqiptar\u00ebt jan\u00eb t\u00eb lir\u00eb kudo hap\u00ebsirave gjeografike. Prandaj lypset q\u00eb k\u00ebt\u00eb liri, t\u00eb funksionalizojm\u00eb n\u00eb t\u00eb mir\u00eb t\u00eb idealeve tona shekullore, p\u00ebr t\u00eb cilat kemi obligime t\u00eb m\u00ebdha.<\/p>\n<p>Nd\u00ebrkaq, n\u00eb an\u00ebn tjet\u00ebr, pik\u00ebrisht n\u00eb prag t\u00eb nj\u00ebqindvjetorit t\u00eb pavar\u00ebsis\u00eb komb\u00ebtare, jan\u00eb ngrit z\u00ebra ogurzi, t\u00eb ankthsh\u00ebm, t\u00eb friksh\u00ebm, t\u00eb cil\u00ebt heshtur dhe me p\u00eblqimin e nj\u00eb politike t\u00eb degjeneruar, duan tjet\u00ebrsimin e kujtes\u00ebs historike, n\u00ebp\u00ebrmjet ndryshimit t\u00eb historis\u00eb, n\u00eb favor t\u00eb otoman\u00ebve, duke dashur k\u00ebshtu t\u00eb njollosin shpalljen e pavar\u00ebsis\u00eb komb\u00ebtare, si nj\u00eb tradhti, duke dashur t\u00eb legjitimojn\u00eb pushtimin turk dhe m\u00eb tragjikja, duke dashur gjith\u00eb luft\u00ebn shekullore antiotomane ta shpallin tradhtare. Kjo \u00ebsht\u00eb nj\u00eb p\u00ebrpjekjet makabre, e cila atakon palc\u00ebn komb\u00ebtare, historin\u00eb ton\u00eb, identitetin ton\u00eb dhe kultur\u00ebn ton\u00eb. E gjith\u00eb kjo justifikohet heshtur, n\u00ebp\u00ebrmjet disa ideve marroqe, p\u00ebr gjoja nj\u00eb koekzistenc\u00eb nd\u00ebrmjet otoman\u00ebve pushtues dhe shqiptar\u00ebve t\u00eb rob\u00ebruar, t\u00eb posht\u00ebruar dhe t\u00eb persekutuar p\u00ebr pes\u00eb shekuj.<\/p>\n<p>Gjith\u00eb jemi t\u00eb vet\u00ebdijsh\u00ebm p\u00ebr r\u00ebnd\u00ebsin\u00eb q\u00eb ka kjo fest\u00eb. Gjith\u00eb jemi t\u00eb vet\u00ebdijsh\u00ebm p\u00ebr nevoj\u00ebn q\u00eb kemi t\u00eb bashkohemi rreth k\u00ebsaj feste dhe heronjve tan\u00eb komb\u00ebtar. Gjith\u00eb jemi t\u00eb vet\u00ebdijsh\u00ebm p\u00ebr r\u00ebnd\u00ebsin\u00eb q\u00eb kan\u00eb k\u00ebto momente n\u00eb historin\u00eb e gjallimit t\u00eb kombeve. Pik\u00ebrisht p\u00ebr k\u00ebt\u00eb, sot m\u00eb shum\u00eb se kurr\u00eb duhet t\u00eb festojm\u00eb me mburrje dhe kujtes\u00eb t\u00eb fresk\u00ebt, duke mbledh forcat pozitive, q\u00eb t\u00eb flakim tutje veset dhe plag\u00ebt komb\u00ebtare, n\u00eb t\u00eb mir\u00eb t\u00eb konsolidimit t\u00eb kombit.<\/p>\n<p>Kjo fest\u00eb, e cila nd\u00ebrlidhet me heroin ton\u00eb komb\u00ebtar Gjergj Kastriotin dhe epok\u00ebn e tij t\u00eb lavdishme, na vjen n\u00eb k\u00ebt\u00eb vit, si jehon\u00eb e z\u00ebrave t\u00eb koh\u00ebs, q\u00eb na th\u00ebrrasin p\u00ebr nd\u00ebrgjegj\u00ebsim, n\u00eb koh\u00ebn kur kemi nevoj\u00eb p\u00ebr t\u00eb sforcuar m\u00eb shum\u00eb se kurr\u00eb substanc\u00ebn ton\u00eb komb\u00ebtare dhe forcuar orientimin ton\u00eb per\u00ebndimor. Kjo fest\u00eb, e cila na p\u00ebrkujton plakun e urt\u00eb nga Vlora Ismail Qemjalin, na th\u00ebrret t\u00eb vet\u00ebdijesohemi p\u00ebr sfidat q\u00eb kemi ndaj t\u00eb sotmes dhe p\u00ebrgjegj\u00ebsit\u00eb ndaj s\u00eb ardhmes. Shqiptar\u00ebt tani duhet t\u00eb kujtojn\u00eb m\u00eb pietet 28 n\u00ebntor 1443, at\u00ebher\u00eb kur n\u00eb Kruj\u00eb, u ngrit flamuri shqiptar, flamur ky q\u00eb do t\u00eb p\u00ebrjet\u00ebsohet me kthes\u00ebn e madhe t\u00eb 1912.<\/p>\n<p>28 n\u00ebntori i pavar\u00ebsis\u00eb komb\u00ebtare, duhet t\u00eb sh\u00ebrbej si nj\u00eb moment reflektimi. N\u00ebp\u00ebrmjet kujtes\u00ebs son\u00eb, n\u00eb mund t\u00eb kuptojm\u00eb m\u00eb shum\u00eb rrug\u00ebtimet e kombit dhe mund t\u00eb jemi t\u00eb aft\u00eb t\u2019i kuptojm\u00eb hallkat e shk\u00ebputura historike, ato boshll\u00ebqe q\u00eb u b\u00ebn pengesa t\u00eb m\u00ebdha dhe q\u00eb na soll\u00ebn tragjedi t\u00eb nj\u00ebpasnj\u00ebshme. Kjo dit\u00eb dhe hyrja n\u00eb jubileun e nj\u00ebqindvjetorit t\u00eb pavar\u00ebsis\u00eb komb\u00ebtare, duhet p\u00ebrfundimisht t\u00eb na ushqej ndjenjat tona komb\u00ebtare, duhet t\u00eb na sforcoj idealet tona t\u00eb kahershme per\u00ebndimore dhe duhet t\u00eb na sforcoj unitetin e brendsh\u00ebm.<\/p>\n","protected":false},"excerpt":{"rendered":"<p>Ndue Ukaj Me 28 n\u00ebntor 1912, zgjedha otomane ra dhe shqiptar\u00ebt u pavar\u00ebsuan. T\u00eb d\u00ebrmuar nga pushtimi i gjat\u00eb dhe i eg\u00ebr otomane, pavar\u00ebsia komb\u00ebtare p\u00ebr shqiptar\u00ebt, natyrisht se ishte nj\u00eb dit\u00eb e shum\u00ebpritur, p\u00ebr t\u00eb cil\u00ebn u luftua shum\u00eb, p\u00ebr t\u00eb cil\u00ebn u sakrifikua shum\u00eb dhe p\u00ebr t\u00eb cil\u00ebn u flijua shum\u00eb. N\u00eb k\u00ebt\u00eb [&hellip;]<\/p>\n","protected":false},"author":1,"featured_media":0,"comment_status":"open","ping_status":"closed","sticky":false,"template":"","format":"standard","meta":{"footnotes":""},"categories":[2],"tags":[],"class_list":{"0":"post-345","1":"post","2":"type-post","3":"status-publish","4":"format-standard","6":"category-artikuj"},"yoast_head":"<!-- This site is optimized with the Yoast SEO plugin v27.4 - https:\/\/yoast.com\/product\/yoast-seo-wordpress\/ -->\n<title>28 n\u00ebntori i kujtes\u00ebs komb\u00ebtare - FjALA e LIR\u00cb - Arkivi<\/title>\n<meta name=\"robots\" content=\"index, follow, max-snippet:-1, max-image-preview:large, max-video-preview:-1\" \/>\n<link rel=\"canonical\" href=\"https:\/\/fjala.info\/2009-2015\/28-nentori-i-kujteses-kombetare\/\" \/>\n<meta property=\"og:locale\" content=\"sq_AL\" \/>\n<meta property=\"og:type\" content=\"article\" \/>\n<meta property=\"og:title\" content=\"28 n\u00ebntori i kujtes\u00ebs komb\u00ebtare - FjALA e LIR\u00cb - Arkivi\" \/>\n<meta property=\"og:description\" content=\"Ndue Ukaj Me 28 n\u00ebntor 1912, zgjedha otomane ra dhe shqiptar\u00ebt u pavar\u00ebsuan. T\u00eb d\u00ebrmuar nga pushtimi i gjat\u00eb dhe i eg\u00ebr otomane, pavar\u00ebsia komb\u00ebtare p\u00ebr shqiptar\u00ebt, natyrisht se ishte nj\u00eb dit\u00eb e shum\u00ebpritur, p\u00ebr t\u00eb cil\u00ebn u luftua shum\u00eb, p\u00ebr t\u00eb cil\u00ebn u sakrifikua shum\u00eb dhe p\u00ebr t\u00eb cil\u00ebn u flijua shum\u00eb. N\u00eb k\u00ebt\u00eb [&hellip;]\" \/>\n<meta property=\"og:url\" content=\"https:\/\/fjala.info\/2009-2015\/28-nentori-i-kujteses-kombetare\/\" \/>\n<meta property=\"og:site_name\" content=\"FjALA e LIR\u00cb - Arkivi\" \/>\n<meta property=\"article:published_time\" content=\"2011-11-28T08:12:41+00:00\" \/>\n<meta property=\"og:image\" content=\"http:\/\/www.shkoder.net\/images\/fjala\/ndue_ukaj.jpg\" \/>\n<meta name=\"author\" content=\"admin\" \/>\n<meta name=\"twitter:card\" content=\"summary_large_image\" \/>\n<meta name=\"twitter:label1\" content=\"Written by\" \/>\n\t<meta name=\"twitter:data1\" content=\"admin\" \/>\n\t<meta name=\"twitter:label2\" content=\"Est. reading time\" \/>\n\t<meta name=\"twitter:data2\" content=\"6 minutes\" \/>\n<script type=\"application\/ld+json\" class=\"yoast-schema-graph\">{\"@context\":\"https:\\\/\\\/schema.org\",\"@graph\":[{\"@type\":\"Article\",\"@id\":\"https:\\\/\\\/fjala.info\\\/2009-2015\\\/28-nentori-i-kujteses-kombetare\\\/#article\",\"isPartOf\":{\"@id\":\"https:\\\/\\\/fjala.info\\\/2009-2015\\\/28-nentori-i-kujteses-kombetare\\\/\"},\"author\":{\"name\":\"admin\",\"@id\":\"https:\\\/\\\/fjala.info\\\/2009-2015\\\/#\\\/schema\\\/person\\\/3aa1163ef05469c496fc94e77611ada2\"},\"headline\":\"28 n\u00ebntori i kujtes\u00ebs komb\u00ebtare\",\"datePublished\":\"2011-11-28T08:12:41+00:00\",\"mainEntityOfPage\":{\"@id\":\"https:\\\/\\\/fjala.info\\\/2009-2015\\\/28-nentori-i-kujteses-kombetare\\\/\"},\"wordCount\":1135,\"commentCount\":0,\"publisher\":{\"@id\":\"https:\\\/\\\/fjala.info\\\/2009-2015\\\/#organization\"},\"image\":{\"@id\":\"https:\\\/\\\/fjala.info\\\/2009-2015\\\/28-nentori-i-kujteses-kombetare\\\/#primaryimage\"},\"thumbnailUrl\":\"http:\\\/\\\/www.shkoder.net\\\/images\\\/fjala\\\/ndue_ukaj.jpg\",\"articleSection\":[\"Artikuj\"],\"inLanguage\":\"sq-AL\",\"potentialAction\":[{\"@type\":\"CommentAction\",\"name\":\"Comment\",\"target\":[\"https:\\\/\\\/fjala.info\\\/2009-2015\\\/28-nentori-i-kujteses-kombetare\\\/#respond\"]}]},{\"@type\":\"WebPage\",\"@id\":\"https:\\\/\\\/fjala.info\\\/2009-2015\\\/28-nentori-i-kujteses-kombetare\\\/\",\"url\":\"https:\\\/\\\/fjala.info\\\/2009-2015\\\/28-nentori-i-kujteses-kombetare\\\/\",\"name\":\"28 n\u00ebntori i kujtes\u00ebs komb\u00ebtare - FjALA e LIR\u00cb - Arkivi\",\"isPartOf\":{\"@id\":\"https:\\\/\\\/fjala.info\\\/2009-2015\\\/#website\"},\"primaryImageOfPage\":{\"@id\":\"https:\\\/\\\/fjala.info\\\/2009-2015\\\/28-nentori-i-kujteses-kombetare\\\/#primaryimage\"},\"image\":{\"@id\":\"https:\\\/\\\/fjala.info\\\/2009-2015\\\/28-nentori-i-kujteses-kombetare\\\/#primaryimage\"},\"thumbnailUrl\":\"http:\\\/\\\/www.shkoder.net\\\/images\\\/fjala\\\/ndue_ukaj.jpg\",\"datePublished\":\"2011-11-28T08:12:41+00:00\",\"breadcrumb\":{\"@id\":\"https:\\\/\\\/fjala.info\\\/2009-2015\\\/28-nentori-i-kujteses-kombetare\\\/#breadcrumb\"},\"inLanguage\":\"sq-AL\",\"potentialAction\":[{\"@type\":\"ReadAction\",\"target\":[\"https:\\\/\\\/fjala.info\\\/2009-2015\\\/28-nentori-i-kujteses-kombetare\\\/\"]}]},{\"@type\":\"ImageObject\",\"inLanguage\":\"sq-AL\",\"@id\":\"https:\\\/\\\/fjala.info\\\/2009-2015\\\/28-nentori-i-kujteses-kombetare\\\/#primaryimage\",\"url\":\"http:\\\/\\\/www.shkoder.net\\\/images\\\/fjala\\\/ndue_ukaj.jpg\",\"contentUrl\":\"http:\\\/\\\/www.shkoder.net\\\/images\\\/fjala\\\/ndue_ukaj.jpg\"},{\"@type\":\"BreadcrumbList\",\"@id\":\"https:\\\/\\\/fjala.info\\\/2009-2015\\\/28-nentori-i-kujteses-kombetare\\\/#breadcrumb\",\"itemListElement\":[{\"@type\":\"ListItem\",\"position\":1,\"name\":\"Home\",\"item\":\"https:\\\/\\\/fjala.info\\\/2009-2015\\\/\"},{\"@type\":\"ListItem\",\"position\":2,\"name\":\"28 n\u00ebntori i kujtes\u00ebs komb\u00ebtare\"}]},{\"@type\":\"WebSite\",\"@id\":\"https:\\\/\\\/fjala.info\\\/2009-2015\\\/#website\",\"url\":\"https:\\\/\\\/fjala.info\\\/2009-2015\\\/\",\"name\":\"FjALA e LIR\u00cb - Arkivi\",\"description\":\"Arkivi 2009-2015\",\"publisher\":{\"@id\":\"https:\\\/\\\/fjala.info\\\/2009-2015\\\/#organization\"},\"potentialAction\":[{\"@type\":\"SearchAction\",\"target\":{\"@type\":\"EntryPoint\",\"urlTemplate\":\"https:\\\/\\\/fjala.info\\\/2009-2015\\\/?s={search_term_string}\"},\"query-input\":{\"@type\":\"PropertyValueSpecification\",\"valueRequired\":true,\"valueName\":\"search_term_string\"}}],\"inLanguage\":\"sq-AL\"},{\"@type\":\"Organization\",\"@id\":\"https:\\\/\\\/fjala.info\\\/2009-2015\\\/#organization\",\"name\":\"FjALA e LIR\u00cb - Arkivi\",\"url\":\"https:\\\/\\\/fjala.info\\\/2009-2015\\\/\",\"logo\":{\"@type\":\"ImageObject\",\"inLanguage\":\"sq-AL\",\"@id\":\"https:\\\/\\\/fjala.info\\\/2009-2015\\\/#\\\/schema\\\/logo\\\/image\\\/\",\"url\":\"\",\"contentUrl\":\"\",\"caption\":\"FjALA e LIR\u00cb - Arkivi\"},\"image\":{\"@id\":\"https:\\\/\\\/fjala.info\\\/2009-2015\\\/#\\\/schema\\\/logo\\\/image\\\/\"}},{\"@type\":\"Person\",\"@id\":\"https:\\\/\\\/fjala.info\\\/2009-2015\\\/#\\\/schema\\\/person\\\/3aa1163ef05469c496fc94e77611ada2\",\"name\":\"admin\",\"image\":{\"@type\":\"ImageObject\",\"inLanguage\":\"sq-AL\",\"@id\":\"https:\\\/\\\/fjala.info\\\/2009-2015\\\/wp-content\\\/uploads\\\/2012\\\/02\\\/arben_cokaj-120x150.jpg\",\"url\":\"https:\\\/\\\/fjala.info\\\/2009-2015\\\/wp-content\\\/uploads\\\/2012\\\/02\\\/arben_cokaj-120x150.jpg\",\"contentUrl\":\"https:\\\/\\\/fjala.info\\\/2009-2015\\\/wp-content\\\/uploads\\\/2012\\\/02\\\/arben_cokaj-120x150.jpg\",\"caption\":\"admin\"},\"description\":\"Admin, Fjala e Lir\u00eb\",\"sameAs\":[\"https:\\\/\\\/fjala.info\\\/\"],\"url\":\"https:\\\/\\\/fjala.info\\\/2009-2015\\\/author\\\/admin\\\/\"}]}<\/script>\n<!-- \/ Yoast SEO plugin. -->","yoast_head_json":{"title":"28 n\u00ebntori i kujtes\u00ebs komb\u00ebtare - FjALA e LIR\u00cb - Arkivi","robots":{"index":"index","follow":"follow","max-snippet":"max-snippet:-1","max-image-preview":"max-image-preview:large","max-video-preview":"max-video-preview:-1"},"canonical":"https:\/\/fjala.info\/2009-2015\/28-nentori-i-kujteses-kombetare\/","og_locale":"sq_AL","og_type":"article","og_title":"28 n\u00ebntori i kujtes\u00ebs komb\u00ebtare - FjALA e LIR\u00cb - Arkivi","og_description":"Ndue Ukaj Me 28 n\u00ebntor 1912, zgjedha otomane ra dhe shqiptar\u00ebt u pavar\u00ebsuan. T\u00eb d\u00ebrmuar nga pushtimi i gjat\u00eb dhe i eg\u00ebr otomane, pavar\u00ebsia komb\u00ebtare p\u00ebr shqiptar\u00ebt, natyrisht se ishte nj\u00eb dit\u00eb e shum\u00ebpritur, p\u00ebr t\u00eb cil\u00ebn u luftua shum\u00eb, p\u00ebr t\u00eb cil\u00ebn u sakrifikua shum\u00eb dhe p\u00ebr t\u00eb cil\u00ebn u flijua shum\u00eb. N\u00eb k\u00ebt\u00eb [&hellip;]","og_url":"https:\/\/fjala.info\/2009-2015\/28-nentori-i-kujteses-kombetare\/","og_site_name":"FjALA e LIR\u00cb - Arkivi","article_published_time":"2011-11-28T08:12:41+00:00","og_image":[{"url":"http:\/\/www.shkoder.net\/images\/fjala\/ndue_ukaj.jpg","type":"","width":"","height":""}],"author":"admin","twitter_card":"summary_large_image","twitter_misc":{"Written by":"admin","Est. reading time":"6 minutes"},"schema":{"@context":"https:\/\/schema.org","@graph":[{"@type":"Article","@id":"https:\/\/fjala.info\/2009-2015\/28-nentori-i-kujteses-kombetare\/#article","isPartOf":{"@id":"https:\/\/fjala.info\/2009-2015\/28-nentori-i-kujteses-kombetare\/"},"author":{"name":"admin","@id":"https:\/\/fjala.info\/2009-2015\/#\/schema\/person\/3aa1163ef05469c496fc94e77611ada2"},"headline":"28 n\u00ebntori i kujtes\u00ebs komb\u00ebtare","datePublished":"2011-11-28T08:12:41+00:00","mainEntityOfPage":{"@id":"https:\/\/fjala.info\/2009-2015\/28-nentori-i-kujteses-kombetare\/"},"wordCount":1135,"commentCount":0,"publisher":{"@id":"https:\/\/fjala.info\/2009-2015\/#organization"},"image":{"@id":"https:\/\/fjala.info\/2009-2015\/28-nentori-i-kujteses-kombetare\/#primaryimage"},"thumbnailUrl":"http:\/\/www.shkoder.net\/images\/fjala\/ndue_ukaj.jpg","articleSection":["Artikuj"],"inLanguage":"sq-AL","potentialAction":[{"@type":"CommentAction","name":"Comment","target":["https:\/\/fjala.info\/2009-2015\/28-nentori-i-kujteses-kombetare\/#respond"]}]},{"@type":"WebPage","@id":"https:\/\/fjala.info\/2009-2015\/28-nentori-i-kujteses-kombetare\/","url":"https:\/\/fjala.info\/2009-2015\/28-nentori-i-kujteses-kombetare\/","name":"28 n\u00ebntori i kujtes\u00ebs komb\u00ebtare - FjALA e LIR\u00cb - Arkivi","isPartOf":{"@id":"https:\/\/fjala.info\/2009-2015\/#website"},"primaryImageOfPage":{"@id":"https:\/\/fjala.info\/2009-2015\/28-nentori-i-kujteses-kombetare\/#primaryimage"},"image":{"@id":"https:\/\/fjala.info\/2009-2015\/28-nentori-i-kujteses-kombetare\/#primaryimage"},"thumbnailUrl":"http:\/\/www.shkoder.net\/images\/fjala\/ndue_ukaj.jpg","datePublished":"2011-11-28T08:12:41+00:00","breadcrumb":{"@id":"https:\/\/fjala.info\/2009-2015\/28-nentori-i-kujteses-kombetare\/#breadcrumb"},"inLanguage":"sq-AL","potentialAction":[{"@type":"ReadAction","target":["https:\/\/fjala.info\/2009-2015\/28-nentori-i-kujteses-kombetare\/"]}]},{"@type":"ImageObject","inLanguage":"sq-AL","@id":"https:\/\/fjala.info\/2009-2015\/28-nentori-i-kujteses-kombetare\/#primaryimage","url":"http:\/\/www.shkoder.net\/images\/fjala\/ndue_ukaj.jpg","contentUrl":"http:\/\/www.shkoder.net\/images\/fjala\/ndue_ukaj.jpg"},{"@type":"BreadcrumbList","@id":"https:\/\/fjala.info\/2009-2015\/28-nentori-i-kujteses-kombetare\/#breadcrumb","itemListElement":[{"@type":"ListItem","position":1,"name":"Home","item":"https:\/\/fjala.info\/2009-2015\/"},{"@type":"ListItem","position":2,"name":"28 n\u00ebntori i kujtes\u00ebs komb\u00ebtare"}]},{"@type":"WebSite","@id":"https:\/\/fjala.info\/2009-2015\/#website","url":"https:\/\/fjala.info\/2009-2015\/","name":"FjALA e LIR\u00cb - Arkivi","description":"Arkivi 2009-2015","publisher":{"@id":"https:\/\/fjala.info\/2009-2015\/#organization"},"potentialAction":[{"@type":"SearchAction","target":{"@type":"EntryPoint","urlTemplate":"https:\/\/fjala.info\/2009-2015\/?s={search_term_string}"},"query-input":{"@type":"PropertyValueSpecification","valueRequired":true,"valueName":"search_term_string"}}],"inLanguage":"sq-AL"},{"@type":"Organization","@id":"https:\/\/fjala.info\/2009-2015\/#organization","name":"FjALA e LIR\u00cb - Arkivi","url":"https:\/\/fjala.info\/2009-2015\/","logo":{"@type":"ImageObject","inLanguage":"sq-AL","@id":"https:\/\/fjala.info\/2009-2015\/#\/schema\/logo\/image\/","url":"","contentUrl":"","caption":"FjALA e LIR\u00cb - Arkivi"},"image":{"@id":"https:\/\/fjala.info\/2009-2015\/#\/schema\/logo\/image\/"}},{"@type":"Person","@id":"https:\/\/fjala.info\/2009-2015\/#\/schema\/person\/3aa1163ef05469c496fc94e77611ada2","name":"admin","image":{"@type":"ImageObject","inLanguage":"sq-AL","@id":"https:\/\/fjala.info\/2009-2015\/wp-content\/uploads\/2012\/02\/arben_cokaj-120x150.jpg","url":"https:\/\/fjala.info\/2009-2015\/wp-content\/uploads\/2012\/02\/arben_cokaj-120x150.jpg","contentUrl":"https:\/\/fjala.info\/2009-2015\/wp-content\/uploads\/2012\/02\/arben_cokaj-120x150.jpg","caption":"admin"},"description":"Admin, Fjala e Lir\u00eb","sameAs":["https:\/\/fjala.info\/"],"url":"https:\/\/fjala.info\/2009-2015\/author\/admin\/"}]}},"_links":{"self":[{"href":"https:\/\/fjala.info\/2009-2015\/wp-json\/wp\/v2\/posts\/345","targetHints":{"allow":["GET"]}}],"collection":[{"href":"https:\/\/fjala.info\/2009-2015\/wp-json\/wp\/v2\/posts"}],"about":[{"href":"https:\/\/fjala.info\/2009-2015\/wp-json\/wp\/v2\/types\/post"}],"author":[{"embeddable":true,"href":"https:\/\/fjala.info\/2009-2015\/wp-json\/wp\/v2\/users\/1"}],"replies":[{"embeddable":true,"href":"https:\/\/fjala.info\/2009-2015\/wp-json\/wp\/v2\/comments?post=345"}],"version-history":[{"count":0,"href":"https:\/\/fjala.info\/2009-2015\/wp-json\/wp\/v2\/posts\/345\/revisions"}],"wp:attachment":[{"href":"https:\/\/fjala.info\/2009-2015\/wp-json\/wp\/v2\/media?parent=345"}],"wp:term":[{"taxonomy":"category","embeddable":true,"href":"https:\/\/fjala.info\/2009-2015\/wp-json\/wp\/v2\/categories?post=345"},{"taxonomy":"post_tag","embeddable":true,"href":"https:\/\/fjala.info\/2009-2015\/wp-json\/wp\/v2\/tags?post=345"}],"curies":[{"name":"wp","href":"https:\/\/api.w.org\/{rel}","templated":true}]}}