{"id":3445,"date":"2013-06-30T10:02:33","date_gmt":"2013-06-30T09:02:33","guid":{"rendered":"http:\/\/fjala.info\/?p=3445"},"modified":"2013-06-30T10:02:33","modified_gmt":"2013-06-30T09:02:33","slug":"rama-bej-politike-per-te-lene-emer-ne-histori","status":"publish","type":"post","link":"https:\/\/fjala.info\/2009-2015\/rama-bej-politike-per-te-lene-emer-ne-histori\/","title":{"rendered":"Rama: B\u00ebj politik\u00eb p\u00ebr t\u00eb l\u00ebn\u00eb em\u00ebr n\u00eb histori"},"content":{"rendered":"<p><img decoding=\"async\" class=\"alignleft size-thumbnail wp-image-7236\" title=\"Rama n\u00eb fushat\u00eb\" alt=\"\" src=\"http:\/\/www.fjala.info\/2013\/rama_zgjedhje.jpg\" width=\"300\" \/> <strong>Dita Online<\/strong>, <em>30 Qershor 2013<\/em><\/p>\n<p><strong><em>N\u00eb nj\u00eb intervist\u00eb p\u00ebr gazet\u00ebn \u201cLe Courrier des Balkans\u201d (Korrieri i Ballkanit), e realizuar pik\u00ebrisht me 23 qershor, Edi Rama thot\u00eb se synon t\u00eb b\u00ebj\u00eb politik\u00eb p\u00ebr t\u00eb l\u00ebn\u00eb nj\u00eb em\u00ebr n\u00eb histori, pasi sipas tij politika shp\u00ebrben p\u00ebr t\u00eb luftuar iden\u00eb e vdekjes. Gjat\u00eb intervist\u00ebs me gazetar\u00ebt e huaj, Rama kritikon q\u00ebndrimin e nd\u00ebrkomb\u00ebtar\u00ebve n\u00eb zgjedhjet e vitit 2009 dhe 2011, q\u00eb sipas tij u vodh\u00ebn, por u pranuan nga nd\u00ebrkomb\u00ebtar\u00ebt.<\/em><\/strong><\/p>\n<p><strong>SHQIP\u00cbRIA, EDI RAMA KRYEMINISTRI DHE VDEKJA<\/strong><br \/>\n<strong>Philippe Bertinchamps<\/strong>\/ Jean-Arnault D\u00e9rens \u201c<em><strong>Le Courrier des Balkans<\/strong><\/em>\u201d<\/p>\n<p>Rezultatet konfirmojn\u00eb fitoren e koalicionit t\u00eb majt\u00eb n\u00eb zgjedhjet shqiptare. Edi Rama, i cili njoftoi fitoren e tij q\u00eb dark\u00ebn e s\u00eb diel\u00ebs, do t\u00eb b\u00ebhet Kryeminist\u00ebr. Ai flet p\u00ebr sensin e angazhimit t\u00eb tij n\u00eb politik\u00eb dhe p\u00ebr rivalin e tij, Sali Berisha. Takim me nj\u00eb burr\u00eb q\u00eb b\u00ebn politik\u00eb p\u00ebr t\u00eb mashtruar vdekjen.<\/p>\n<p>Intervista \u00ebsht\u00eb parashikuar t\u00eb zgjas\u00eb pes\u00eb minuta. Zgjati nj\u00eb or\u00eb. E diela n\u00eb dark\u00eb n\u00eb Tiran\u00eb, nj\u00eb lloj topitjeje ka trullosur selin\u00eb e Partis\u00eb Socialist\u00eb shqiptare. Jasht\u00eb, nj\u00eb grup i vog\u00ebl militant\u00ebsh t\u00eb moshuar tundin k\u00ebmb\u00ebt dhe pin\u00eb cigare. Brenda, nj\u00eb trup\u00eb gazetar\u00ebsh t\u00eb televizioneve, t\u00eb trullosur nga vapa, duket sikur po vdesin nga m\u00ebrzia. Por, asgj\u00eb nuk duket q\u00eb e justifikon k\u00ebt\u00eb lodhje. Q\u00eb nga mbyllja e qendrave t\u00eb votimit n\u00eb or\u00ebn 19:00, Edi Rama ka shpallur fitoren e koalicionit t\u00eb opozit\u00ebs s\u00eb majt\u00eb. Pritje, pritje, pritje\u2026 Dhe n\u00eb fund, ja ku \u00ebsht\u00eb. Shefi u shfaq.<\/p>\n<p>Mban nj\u00eb T-shirt lejla, ngjyrat e partis\u00eb, ngjyra e l\u00ebkur\u00ebs e nxir\u00eb dhe dh\u00ebmb\u00ebt t\u00eb bardh\u00eb. Pamje e fort\u00eb prej basketbollisti. Nofullat e shtr\u00ebnguara. Pamje e rraskapitur. \u201cUrime, zoti Kryeminist\u00ebr i ardhsh\u00ebm?\u201d \u201cBah! Po\u2026Duket sikur kemi fituar\u201d. Edi Rama b\u00ebn thirrje p\u00ebr qet\u00ebsi. S\u2019do t\u00eb ket\u00eb grumbullim. S\u2019do t\u00eb ket\u00eb manifestim. Po num\u00ebrojm\u00eb votat\u201d. \u201cAm\u00e1, nj\u00eb fitore duhet festuar, apo jo?\u201d \u201cBah, Po\u2026 K\u00ebsaj radhe, po. Kemi 13-14 pik\u00eb diferenc\u00eb. 75-78 deputet\u00eb n\u00eb Parlament, \u00ebsht\u00eb e sigurt.\u201d N\u00eb ket\u00eb moment, num\u00ebrimi i votave akoma nuk ka filluar. \u201cPor, militant\u00ebt tan\u00eb po na nisin informacione. N\u00eb \u00e7do lagje, n\u00eb \u00e7do godin\u00eb, ne kemi kontakte q\u00eb din\u00eb p\u00ebr k\u00eb kan\u00eb votuar njer\u00ebzit.\u201d<\/p>\n<p><strong>Sipas mendimit tuaj, Sali Berisha do t\u00eb pranoj\u00eb humbjen?<\/strong><br \/>\nAskush nuk e di \u2026<\/p>\n<p><strong>Pas 8 vjet\u00ebsh p\u00ebrpalljeje t\u00eb acaruar, nj\u00eb ndjenj\u00eb revanshi?<\/strong><br \/>\nM\u00eb e v\u00ebshtira \u00ebsht\u00eb t\u00eb humb\u00ebsh kur kund\u00ebrshtari ka manipuluar vot\u00ebn. N\u00eb 2009-n, komuniteti nd\u00ebrkomb\u00ebtar na tradhtoi duke pranuar rezultate t\u00eb falsifikuara. Gjat\u00eb zgjedhjeve lokale n\u00eb Tiran\u00eb n\u00eb vitin 2011, ishte akoma m\u00eb keq. Nj\u00eb situat\u00eb plot\u00ebsisht kafkjane! OSBE-ja botoi nj\u00eb raport, n\u00eb t\u00eb cilin thuhej, nga nj\u00ebra an\u00eb q\u00eb nj\u00eb e treta e votave ishte falsifikuar, dhe nga ana tjet\u00ebr q\u00eb nuk kishte pasur manipulime. Mu desh t\u00eb pranoja humbjen p\u00ebr 10 vota\u2026<\/p>\n<p><strong>Dhe aleati i juaj i ri, Ilir Meta, q\u00eb u bashkua me Berish\u00ebn, a besoni ju te besnik\u00ebria e tij?<\/strong><br \/>\nPolitika \u00ebsht\u00eb harmonia e interesave. Jo e idealeve. Shikoni Sarkozin\u00eb. Flirtoi me Frontin Komb\u00ebtar. Por atij nuk i eci.<br \/>\nEdi Rama merr nj\u00eb cigare. Nj\u00eb militante hap der\u00ebn e zyr\u00ebs s\u00eb tij, dhe sjell me vrap nj\u00eb \u00e7akmak. Ai flet p\u00ebr Michel Rocardin, kur erdhi n\u00eb Shqip\u00ebri p\u00ebr t\u00eb b\u00ebr\u00eb nj\u00eb kontroll t\u00eb situat\u00ebs politike n\u00eb Shqip\u00ebri p\u00ebrpara zgjedhjeve t\u00eb 2009-s, dhe q\u00eb e kishte pyetur: \u201cD\u00ebshironi ju t\u00eb b\u00ebheni Kryeminist\u00ebr? A d\u00ebshironi me t\u00eb v\u00ebrtet\u00eb?\u201d<\/p>\n<p><strong>A d\u00ebshironi ju akoma t\u00eb b\u00ebheni Kryeminist\u00ebr?<\/strong><br \/>\nPo, pa asnj\u00eb dyshim.<\/p>\n<p><strong>Polarizimi shum\u00eb i fort\u00eb q\u00eb ekziston n\u00eb Shqip\u00ebri midis Partis\u00eb Socialist\u00eb dhe Partis\u00eb Demokrate a \u00ebsht\u00eb nj\u00eb lloj strategjie?<\/strong><br \/>\nNga ana e Berish\u00ebs\u2026P\u00ebr nj\u00eb koh\u00eb t\u00eb gjat\u00eb un\u00eb refuzova p\u00ebrballjen me t\u00eb. Thoshin q\u00eb isha shum\u00eb skandinav p\u00ebr Shqip\u00ebrin\u00eb. Por n\u00eb 2009-n, pas falsifikimit t\u00eb zgjedhjeve, u fut\u00ebm n\u00eb nj\u00eb p\u00ebrplasje monumentale, nj\u00eb polarizim i nj\u00eb dhune ekstreme\u2026P\u00ebr rreth dy vjet ishte e tmerrshme. N\u00eb janar 2011 disa manifestues u vran\u00eb n\u00eb rrug\u00eb. Ishte aty q\u00eb komuniteti nd\u00ebrkomb\u00ebtar filloi t\u00eb kuptonte q\u00eb kishte nj\u00eb problem me Berish\u00ebn. Por, disa muaj m\u00eb von\u00eb, OSBE-ja dha prap\u00eb nj\u00eb raport t\u00eb pabesuesh\u00ebm mbi zgjedhjet lokale.<\/p>\n<p><strong>Kjo fitore, a \u00ebsht\u00eb nj\u00eb m\u00ebnyr\u00eb p\u00ebr t\u00eb shp\u00ebtuar l\u00ebkur\u00ebn tuaj n\u00eb politik\u00eb?<\/strong><br \/>\nPor un\u00eb nuk b\u00ebj politik\u00eb p\u00ebr t\u00eb shp\u00ebtuar l\u00ebkur\u00ebn. Sigurisht, ka gjithmon\u00eb nj\u00eb aspekt personal. Politika \u00ebsht\u00eb edhe nj\u00eb m\u00ebnyr\u00eb p\u00ebr t\u2019u afirmuar, apo jo?<\/p>\n<p><strong>Ka 15 vite q\u00eb ju jeni n\u00eb politik\u00eb\u2026<\/strong><br \/>\nPo, po, por un\u00eb nuk u b\u00ebra Edi Rama n\u00ebp\u00ebrmjet politik\u00ebs. Un\u00eb isha Edi Rama p\u00ebrpara. Ne qoft\u00eb se q\u00ebndroj, \u00ebsht\u00eb p\u00ebr t\u00eb b\u00ebr\u00eb di\u00e7ka. Kam nj\u00eb problem me vdekjen. Vjen nga fakti q\u00eb jam nj\u00eb artist. Kam nj\u00eb problem me vdekjen dhe me historin\u00eb. Dua t\u00eb l\u00eb nj\u00eb em\u00ebr. Nuk m\u00eb intereson p\u00ebr t\u00eb tjerat. B\u00ebj politik\u00eb p\u00ebr t\u00eb luftuar iden\u00eb e vdekjes.<\/p>\n","protected":false},"excerpt":{"rendered":"<p>Dita Online, 30 Qershor 2013 N\u00eb nj\u00eb intervist\u00eb p\u00ebr gazet\u00ebn \u201cLe Courrier des Balkans\u201d (Korrieri i Ballkanit), e realizuar pik\u00ebrisht me 23 qershor, Edi Rama thot\u00eb se synon t\u00eb b\u00ebj\u00eb politik\u00eb p\u00ebr t\u00eb l\u00ebn\u00eb nj\u00eb em\u00ebr n\u00eb histori, pasi sipas tij politika shp\u00ebrben p\u00ebr t\u00eb luftuar iden\u00eb e vdekjes. Gjat\u00eb intervist\u00ebs me gazetar\u00ebt e huaj, [&hellip;]<\/p>\n","protected":false},"author":1,"featured_media":0,"comment_status":"open","ping_status":"closed","sticky":false,"template":"","format":"standard","meta":{"footnotes":""},"categories":[2,4],"tags":[],"class_list":{"0":"post-3445","1":"post","2":"type-post","3":"status-publish","4":"format-standard","6":"category-artikuj","7":"category-intervista"},"yoast_head":"<!-- This site is optimized with the Yoast SEO plugin v27.4 - https:\/\/yoast.com\/product\/yoast-seo-wordpress\/ -->\n<title>Rama: B\u00ebj politik\u00eb p\u00ebr t\u00eb l\u00ebn\u00eb em\u00ebr n\u00eb histori - FjALA e LIR\u00cb - Arkivi<\/title>\n<meta name=\"robots\" content=\"index, follow, max-snippet:-1, max-image-preview:large, max-video-preview:-1\" \/>\n<link rel=\"canonical\" href=\"https:\/\/fjala.info\/2009-2015\/rama-bej-politike-per-te-lene-emer-ne-histori\/\" \/>\n<meta property=\"og:locale\" content=\"sq_AL\" \/>\n<meta property=\"og:type\" content=\"article\" \/>\n<meta property=\"og:title\" content=\"Rama: B\u00ebj politik\u00eb p\u00ebr t\u00eb l\u00ebn\u00eb em\u00ebr n\u00eb histori - FjALA e LIR\u00cb - Arkivi\" \/>\n<meta property=\"og:description\" content=\"Dita Online, 30 Qershor 2013 N\u00eb nj\u00eb intervist\u00eb p\u00ebr gazet\u00ebn \u201cLe Courrier des Balkans\u201d (Korrieri i Ballkanit), e realizuar pik\u00ebrisht me 23 qershor, Edi Rama thot\u00eb se synon t\u00eb b\u00ebj\u00eb politik\u00eb p\u00ebr t\u00eb l\u00ebn\u00eb nj\u00eb em\u00ebr n\u00eb histori, pasi sipas tij politika shp\u00ebrben p\u00ebr t\u00eb luftuar iden\u00eb e vdekjes. Gjat\u00eb intervist\u00ebs me gazetar\u00ebt e huaj, [&hellip;]\" \/>\n<meta property=\"og:url\" content=\"https:\/\/fjala.info\/2009-2015\/rama-bej-politike-per-te-lene-emer-ne-histori\/\" \/>\n<meta property=\"og:site_name\" content=\"FjALA e LIR\u00cb - Arkivi\" \/>\n<meta property=\"article:published_time\" content=\"2013-06-30T09:02:33+00:00\" \/>\n<meta property=\"og:image\" content=\"http:\/\/www.fjala.info\/2013\/rama_zgjedhje.jpg\" \/>\n<meta name=\"author\" content=\"admin\" \/>\n<meta name=\"twitter:card\" content=\"summary_large_image\" \/>\n<meta name=\"twitter:label1\" content=\"Written by\" \/>\n\t<meta name=\"twitter:data1\" content=\"admin\" \/>\n\t<meta name=\"twitter:label2\" content=\"Est. reading time\" \/>\n\t<meta name=\"twitter:data2\" content=\"4 minutes\" \/>\n<script type=\"application\/ld+json\" class=\"yoast-schema-graph\">{\"@context\":\"https:\\\/\\\/schema.org\",\"@graph\":[{\"@type\":\"Article\",\"@id\":\"https:\\\/\\\/fjala.info\\\/2009-2015\\\/rama-bej-politike-per-te-lene-emer-ne-histori\\\/#article\",\"isPartOf\":{\"@id\":\"https:\\\/\\\/fjala.info\\\/2009-2015\\\/rama-bej-politike-per-te-lene-emer-ne-histori\\\/\"},\"author\":{\"name\":\"admin\",\"@id\":\"https:\\\/\\\/fjala.info\\\/2009-2015\\\/#\\\/schema\\\/person\\\/3aa1163ef05469c496fc94e77611ada2\"},\"headline\":\"Rama: B\u00ebj politik\u00eb p\u00ebr t\u00eb l\u00ebn\u00eb em\u00ebr n\u00eb histori\",\"datePublished\":\"2013-06-30T09:02:33+00:00\",\"mainEntityOfPage\":{\"@id\":\"https:\\\/\\\/fjala.info\\\/2009-2015\\\/rama-bej-politike-per-te-lene-emer-ne-histori\\\/\"},\"wordCount\":900,\"commentCount\":1,\"publisher\":{\"@id\":\"https:\\\/\\\/fjala.info\\\/2009-2015\\\/#organization\"},\"image\":{\"@id\":\"https:\\\/\\\/fjala.info\\\/2009-2015\\\/rama-bej-politike-per-te-lene-emer-ne-histori\\\/#primaryimage\"},\"thumbnailUrl\":\"http:\\\/\\\/www.fjala.info\\\/2013\\\/rama_zgjedhje.jpg\",\"articleSection\":[\"Artikuj\",\"Intervista\"],\"inLanguage\":\"sq-AL\",\"potentialAction\":[{\"@type\":\"CommentAction\",\"name\":\"Comment\",\"target\":[\"https:\\\/\\\/fjala.info\\\/2009-2015\\\/rama-bej-politike-per-te-lene-emer-ne-histori\\\/#respond\"]}]},{\"@type\":\"WebPage\",\"@id\":\"https:\\\/\\\/fjala.info\\\/2009-2015\\\/rama-bej-politike-per-te-lene-emer-ne-histori\\\/\",\"url\":\"https:\\\/\\\/fjala.info\\\/2009-2015\\\/rama-bej-politike-per-te-lene-emer-ne-histori\\\/\",\"name\":\"Rama: B\u00ebj politik\u00eb p\u00ebr t\u00eb l\u00ebn\u00eb em\u00ebr n\u00eb histori - FjALA e LIR\u00cb - Arkivi\",\"isPartOf\":{\"@id\":\"https:\\\/\\\/fjala.info\\\/2009-2015\\\/#website\"},\"primaryImageOfPage\":{\"@id\":\"https:\\\/\\\/fjala.info\\\/2009-2015\\\/rama-bej-politike-per-te-lene-emer-ne-histori\\\/#primaryimage\"},\"image\":{\"@id\":\"https:\\\/\\\/fjala.info\\\/2009-2015\\\/rama-bej-politike-per-te-lene-emer-ne-histori\\\/#primaryimage\"},\"thumbnailUrl\":\"http:\\\/\\\/www.fjala.info\\\/2013\\\/rama_zgjedhje.jpg\",\"datePublished\":\"2013-06-30T09:02:33+00:00\",\"breadcrumb\":{\"@id\":\"https:\\\/\\\/fjala.info\\\/2009-2015\\\/rama-bej-politike-per-te-lene-emer-ne-histori\\\/#breadcrumb\"},\"inLanguage\":\"sq-AL\",\"potentialAction\":[{\"@type\":\"ReadAction\",\"target\":[\"https:\\\/\\\/fjala.info\\\/2009-2015\\\/rama-bej-politike-per-te-lene-emer-ne-histori\\\/\"]}]},{\"@type\":\"ImageObject\",\"inLanguage\":\"sq-AL\",\"@id\":\"https:\\\/\\\/fjala.info\\\/2009-2015\\\/rama-bej-politike-per-te-lene-emer-ne-histori\\\/#primaryimage\",\"url\":\"http:\\\/\\\/www.fjala.info\\\/2013\\\/rama_zgjedhje.jpg\",\"contentUrl\":\"http:\\\/\\\/www.fjala.info\\\/2013\\\/rama_zgjedhje.jpg\"},{\"@type\":\"BreadcrumbList\",\"@id\":\"https:\\\/\\\/fjala.info\\\/2009-2015\\\/rama-bej-politike-per-te-lene-emer-ne-histori\\\/#breadcrumb\",\"itemListElement\":[{\"@type\":\"ListItem\",\"position\":1,\"name\":\"Home\",\"item\":\"https:\\\/\\\/fjala.info\\\/2009-2015\\\/\"},{\"@type\":\"ListItem\",\"position\":2,\"name\":\"Rama: B\u00ebj politik\u00eb p\u00ebr t\u00eb l\u00ebn\u00eb em\u00ebr n\u00eb histori\"}]},{\"@type\":\"WebSite\",\"@id\":\"https:\\\/\\\/fjala.info\\\/2009-2015\\\/#website\",\"url\":\"https:\\\/\\\/fjala.info\\\/2009-2015\\\/\",\"name\":\"FjALA e LIR\u00cb - Arkivi\",\"description\":\"Arkivi 2009-2015\",\"publisher\":{\"@id\":\"https:\\\/\\\/fjala.info\\\/2009-2015\\\/#organization\"},\"potentialAction\":[{\"@type\":\"SearchAction\",\"target\":{\"@type\":\"EntryPoint\",\"urlTemplate\":\"https:\\\/\\\/fjala.info\\\/2009-2015\\\/?s={search_term_string}\"},\"query-input\":{\"@type\":\"PropertyValueSpecification\",\"valueRequired\":true,\"valueName\":\"search_term_string\"}}],\"inLanguage\":\"sq-AL\"},{\"@type\":\"Organization\",\"@id\":\"https:\\\/\\\/fjala.info\\\/2009-2015\\\/#organization\",\"name\":\"FjALA e LIR\u00cb - Arkivi\",\"url\":\"https:\\\/\\\/fjala.info\\\/2009-2015\\\/\",\"logo\":{\"@type\":\"ImageObject\",\"inLanguage\":\"sq-AL\",\"@id\":\"https:\\\/\\\/fjala.info\\\/2009-2015\\\/#\\\/schema\\\/logo\\\/image\\\/\",\"url\":\"\",\"contentUrl\":\"\",\"caption\":\"FjALA e LIR\u00cb - Arkivi\"},\"image\":{\"@id\":\"https:\\\/\\\/fjala.info\\\/2009-2015\\\/#\\\/schema\\\/logo\\\/image\\\/\"}},{\"@type\":\"Person\",\"@id\":\"https:\\\/\\\/fjala.info\\\/2009-2015\\\/#\\\/schema\\\/person\\\/3aa1163ef05469c496fc94e77611ada2\",\"name\":\"admin\",\"image\":{\"@type\":\"ImageObject\",\"inLanguage\":\"sq-AL\",\"@id\":\"https:\\\/\\\/fjala.info\\\/2009-2015\\\/wp-content\\\/uploads\\\/2012\\\/02\\\/arben_cokaj-120x150.jpg\",\"url\":\"https:\\\/\\\/fjala.info\\\/2009-2015\\\/wp-content\\\/uploads\\\/2012\\\/02\\\/arben_cokaj-120x150.jpg\",\"contentUrl\":\"https:\\\/\\\/fjala.info\\\/2009-2015\\\/wp-content\\\/uploads\\\/2012\\\/02\\\/arben_cokaj-120x150.jpg\",\"caption\":\"admin\"},\"description\":\"Admin, Fjala e Lir\u00eb\",\"sameAs\":[\"https:\\\/\\\/fjala.info\\\/\"],\"url\":\"https:\\\/\\\/fjala.info\\\/2009-2015\\\/author\\\/admin\\\/\"}]}<\/script>\n<!-- \/ Yoast SEO plugin. -->","yoast_head_json":{"title":"Rama: B\u00ebj politik\u00eb p\u00ebr t\u00eb l\u00ebn\u00eb em\u00ebr n\u00eb histori - FjALA e LIR\u00cb - Arkivi","robots":{"index":"index","follow":"follow","max-snippet":"max-snippet:-1","max-image-preview":"max-image-preview:large","max-video-preview":"max-video-preview:-1"},"canonical":"https:\/\/fjala.info\/2009-2015\/rama-bej-politike-per-te-lene-emer-ne-histori\/","og_locale":"sq_AL","og_type":"article","og_title":"Rama: B\u00ebj politik\u00eb p\u00ebr t\u00eb l\u00ebn\u00eb em\u00ebr n\u00eb histori - FjALA e LIR\u00cb - Arkivi","og_description":"Dita Online, 30 Qershor 2013 N\u00eb nj\u00eb intervist\u00eb p\u00ebr gazet\u00ebn \u201cLe Courrier des Balkans\u201d (Korrieri i Ballkanit), e realizuar pik\u00ebrisht me 23 qershor, Edi Rama thot\u00eb se synon t\u00eb b\u00ebj\u00eb politik\u00eb p\u00ebr t\u00eb l\u00ebn\u00eb nj\u00eb em\u00ebr n\u00eb histori, pasi sipas tij politika shp\u00ebrben p\u00ebr t\u00eb luftuar iden\u00eb e vdekjes. Gjat\u00eb intervist\u00ebs me gazetar\u00ebt e huaj, [&hellip;]","og_url":"https:\/\/fjala.info\/2009-2015\/rama-bej-politike-per-te-lene-emer-ne-histori\/","og_site_name":"FjALA e LIR\u00cb - Arkivi","article_published_time":"2013-06-30T09:02:33+00:00","og_image":[{"url":"http:\/\/www.fjala.info\/2013\/rama_zgjedhje.jpg","type":"","width":"","height":""}],"author":"admin","twitter_card":"summary_large_image","twitter_misc":{"Written by":"admin","Est. reading time":"4 minutes"},"schema":{"@context":"https:\/\/schema.org","@graph":[{"@type":"Article","@id":"https:\/\/fjala.info\/2009-2015\/rama-bej-politike-per-te-lene-emer-ne-histori\/#article","isPartOf":{"@id":"https:\/\/fjala.info\/2009-2015\/rama-bej-politike-per-te-lene-emer-ne-histori\/"},"author":{"name":"admin","@id":"https:\/\/fjala.info\/2009-2015\/#\/schema\/person\/3aa1163ef05469c496fc94e77611ada2"},"headline":"Rama: B\u00ebj politik\u00eb p\u00ebr t\u00eb l\u00ebn\u00eb em\u00ebr n\u00eb histori","datePublished":"2013-06-30T09:02:33+00:00","mainEntityOfPage":{"@id":"https:\/\/fjala.info\/2009-2015\/rama-bej-politike-per-te-lene-emer-ne-histori\/"},"wordCount":900,"commentCount":1,"publisher":{"@id":"https:\/\/fjala.info\/2009-2015\/#organization"},"image":{"@id":"https:\/\/fjala.info\/2009-2015\/rama-bej-politike-per-te-lene-emer-ne-histori\/#primaryimage"},"thumbnailUrl":"http:\/\/www.fjala.info\/2013\/rama_zgjedhje.jpg","articleSection":["Artikuj","Intervista"],"inLanguage":"sq-AL","potentialAction":[{"@type":"CommentAction","name":"Comment","target":["https:\/\/fjala.info\/2009-2015\/rama-bej-politike-per-te-lene-emer-ne-histori\/#respond"]}]},{"@type":"WebPage","@id":"https:\/\/fjala.info\/2009-2015\/rama-bej-politike-per-te-lene-emer-ne-histori\/","url":"https:\/\/fjala.info\/2009-2015\/rama-bej-politike-per-te-lene-emer-ne-histori\/","name":"Rama: B\u00ebj politik\u00eb p\u00ebr t\u00eb l\u00ebn\u00eb em\u00ebr n\u00eb histori - FjALA e LIR\u00cb - Arkivi","isPartOf":{"@id":"https:\/\/fjala.info\/2009-2015\/#website"},"primaryImageOfPage":{"@id":"https:\/\/fjala.info\/2009-2015\/rama-bej-politike-per-te-lene-emer-ne-histori\/#primaryimage"},"image":{"@id":"https:\/\/fjala.info\/2009-2015\/rama-bej-politike-per-te-lene-emer-ne-histori\/#primaryimage"},"thumbnailUrl":"http:\/\/www.fjala.info\/2013\/rama_zgjedhje.jpg","datePublished":"2013-06-30T09:02:33+00:00","breadcrumb":{"@id":"https:\/\/fjala.info\/2009-2015\/rama-bej-politike-per-te-lene-emer-ne-histori\/#breadcrumb"},"inLanguage":"sq-AL","potentialAction":[{"@type":"ReadAction","target":["https:\/\/fjala.info\/2009-2015\/rama-bej-politike-per-te-lene-emer-ne-histori\/"]}]},{"@type":"ImageObject","inLanguage":"sq-AL","@id":"https:\/\/fjala.info\/2009-2015\/rama-bej-politike-per-te-lene-emer-ne-histori\/#primaryimage","url":"http:\/\/www.fjala.info\/2013\/rama_zgjedhje.jpg","contentUrl":"http:\/\/www.fjala.info\/2013\/rama_zgjedhje.jpg"},{"@type":"BreadcrumbList","@id":"https:\/\/fjala.info\/2009-2015\/rama-bej-politike-per-te-lene-emer-ne-histori\/#breadcrumb","itemListElement":[{"@type":"ListItem","position":1,"name":"Home","item":"https:\/\/fjala.info\/2009-2015\/"},{"@type":"ListItem","position":2,"name":"Rama: B\u00ebj politik\u00eb p\u00ebr t\u00eb l\u00ebn\u00eb em\u00ebr n\u00eb histori"}]},{"@type":"WebSite","@id":"https:\/\/fjala.info\/2009-2015\/#website","url":"https:\/\/fjala.info\/2009-2015\/","name":"FjALA e LIR\u00cb - Arkivi","description":"Arkivi 2009-2015","publisher":{"@id":"https:\/\/fjala.info\/2009-2015\/#organization"},"potentialAction":[{"@type":"SearchAction","target":{"@type":"EntryPoint","urlTemplate":"https:\/\/fjala.info\/2009-2015\/?s={search_term_string}"},"query-input":{"@type":"PropertyValueSpecification","valueRequired":true,"valueName":"search_term_string"}}],"inLanguage":"sq-AL"},{"@type":"Organization","@id":"https:\/\/fjala.info\/2009-2015\/#organization","name":"FjALA e LIR\u00cb - Arkivi","url":"https:\/\/fjala.info\/2009-2015\/","logo":{"@type":"ImageObject","inLanguage":"sq-AL","@id":"https:\/\/fjala.info\/2009-2015\/#\/schema\/logo\/image\/","url":"","contentUrl":"","caption":"FjALA e LIR\u00cb - Arkivi"},"image":{"@id":"https:\/\/fjala.info\/2009-2015\/#\/schema\/logo\/image\/"}},{"@type":"Person","@id":"https:\/\/fjala.info\/2009-2015\/#\/schema\/person\/3aa1163ef05469c496fc94e77611ada2","name":"admin","image":{"@type":"ImageObject","inLanguage":"sq-AL","@id":"https:\/\/fjala.info\/2009-2015\/wp-content\/uploads\/2012\/02\/arben_cokaj-120x150.jpg","url":"https:\/\/fjala.info\/2009-2015\/wp-content\/uploads\/2012\/02\/arben_cokaj-120x150.jpg","contentUrl":"https:\/\/fjala.info\/2009-2015\/wp-content\/uploads\/2012\/02\/arben_cokaj-120x150.jpg","caption":"admin"},"description":"Admin, Fjala e Lir\u00eb","sameAs":["https:\/\/fjala.info\/"],"url":"https:\/\/fjala.info\/2009-2015\/author\/admin\/"}]}},"_links":{"self":[{"href":"https:\/\/fjala.info\/2009-2015\/wp-json\/wp\/v2\/posts\/3445","targetHints":{"allow":["GET"]}}],"collection":[{"href":"https:\/\/fjala.info\/2009-2015\/wp-json\/wp\/v2\/posts"}],"about":[{"href":"https:\/\/fjala.info\/2009-2015\/wp-json\/wp\/v2\/types\/post"}],"author":[{"embeddable":true,"href":"https:\/\/fjala.info\/2009-2015\/wp-json\/wp\/v2\/users\/1"}],"replies":[{"embeddable":true,"href":"https:\/\/fjala.info\/2009-2015\/wp-json\/wp\/v2\/comments?post=3445"}],"version-history":[{"count":0,"href":"https:\/\/fjala.info\/2009-2015\/wp-json\/wp\/v2\/posts\/3445\/revisions"}],"wp:attachment":[{"href":"https:\/\/fjala.info\/2009-2015\/wp-json\/wp\/v2\/media?parent=3445"}],"wp:term":[{"taxonomy":"category","embeddable":true,"href":"https:\/\/fjala.info\/2009-2015\/wp-json\/wp\/v2\/categories?post=3445"},{"taxonomy":"post_tag","embeddable":true,"href":"https:\/\/fjala.info\/2009-2015\/wp-json\/wp\/v2\/tags?post=3445"}],"curies":[{"name":"wp","href":"https:\/\/api.w.org\/{rel}","templated":true}]}}