{"id":3430,"date":"2013-06-29T14:43:08","date_gmt":"2013-06-29T13:43:08","guid":{"rendered":"http:\/\/fjala.info\/?p=3430"},"modified":"2013-06-29T14:43:08","modified_gmt":"2013-06-29T13:43:08","slug":"mustafa-nano-me-ikjen-e-berishes-kemi-shpetuar-nga-nje-makth-tani-duhet-ta-harrojme","status":"publish","type":"post","link":"https:\/\/fjala.info\/2009-2015\/mustafa-nano-me-ikjen-e-berishes-kemi-shpetuar-nga-nje-makth-tani-duhet-ta-harrojme\/","title":{"rendered":"Mustafa Nano: Me ikjen e Berish\u00ebs kemi shp\u00ebtuar nga nj\u00eb makth, tani duhet ta harrojm\u00eb"},"content":{"rendered":"<p><img decoding=\"async\" class=\"alignleft size-thumbnail wp-image-7236\" title=\"Mustafa Nano\" alt=\"\" src=\"http:\/\/www.fjala.info\/2013\/mustafa_nano.jpg\" width=\"300\" \/> <strong>TemA Online<\/strong>, <em>28 Qershor 2013<\/em><\/p>\n<p><strong>Mustafa Nano<\/strong>, nj\u00eb nd\u00ebr njer\u00ebzit m\u00eb kritik\u00eb t\u00eb kryeministrit Sali Berisha, shprehet se me largimin e tij, duket se merr fund nj\u00eb makth. P\u00ebr Nanon, tashm\u00eb shqiptar\u00ebt nuk duhet t\u00eb b\u00ebjn\u00eb gj\u00eb tjet\u00ebr, ve\u00e7se ta harrojn\u00eb k\u00ebt\u00eb figur\u00eb.<\/p>\n<p>\u201cBerisha de facto nuk ka ikur. Por edhe \u201ckaq sa ka ikur\u201d, \u00ebsht\u00eb nj\u00eb ngjarje e madhe p\u00ebr Shqip\u00ebrin\u00eb. Mund t\u00eb jet\u00eb nj\u00eb nga 3-4 ngjarjet m\u00eb t\u00eb m\u00ebdha n\u00eb historin\u00eb e shtetit shqiptar. Kemi shp\u00ebtuar si prej nj\u00eb makthi. Me ikjen e tij (aq sa ka ikur, pra) \u00ebsht\u00eb si t\u00eb kemi dal\u00eb t\u00eb gjith\u00eb nga nj\u00eb seanc\u00eb ekzorcizmi. \u00cbsht\u00eb nga ato ngjarje q\u00eb e ndryshon vetvetiu Shqip\u00ebrin\u00eb, q\u00eb e b\u00ebn, n\u00eb mos tjet\u00ebr e m\u00eb n\u00eb fund, normale. Shqip\u00ebria do t\u00eb mbetet e mjer\u00eb, e prapambetur dhe plot halle p\u00ebr shum\u00eb koh\u00eb edhe pa Berish\u00ebn, por do t\u00eb jet\u00eb normale.<\/p>\n<p>Dhe ne, mendoj un\u00eb, duhet \u201ct\u00eb b\u00ebhemi normal\u00eb\u201d, gjithashtu. Si? Duke u marr\u00eb sa m\u00eb pak me k\u00ebt\u00eb njeri. Duke e harruar. Aq sa kjo \u00ebsht\u00eb e mundur t\u00eb ndodh\u00eb, kuptohet, me nj\u00eb personazh historik. P\u00ebrsa m\u00eb takon mua, un\u00eb e ndjej se kjo ngjarje m\u00eb ka ndryshuar. Menj\u00ebher\u00eb. N\u00eb nj\u00eb far\u00eb kuptimi, jam gati t\u00eb nd\u00ebrroj profesion: Do filloj t\u00eb b\u00ebj gazetarin\u2026\u201d, ka th\u00ebn\u00eb Nano p\u00ebr t\u00eb p\u00ebrditshmen \u201cDita\u201d.\/<em>b.l<\/em><\/p>\n","protected":false},"excerpt":{"rendered":"<p>TemA Online, 28 Qershor 2013 Mustafa Nano, nj\u00eb nd\u00ebr njer\u00ebzit m\u00eb kritik\u00eb t\u00eb kryeministrit Sali Berisha, shprehet se me largimin e tij, duket se merr fund nj\u00eb makth. P\u00ebr Nanon, tashm\u00eb shqiptar\u00ebt nuk duhet t\u00eb b\u00ebjn\u00eb gj\u00eb tjet\u00ebr, ve\u00e7se ta harrojn\u00eb k\u00ebt\u00eb figur\u00eb. \u201cBerisha de facto nuk ka ikur. Por edhe \u201ckaq sa ka ikur\u201d, [&hellip;]<\/p>\n","protected":false},"author":1,"featured_media":0,"comment_status":"open","ping_status":"closed","sticky":false,"template":"","format":"standard","meta":{"footnotes":""},"categories":[2,5],"tags":[],"class_list":{"0":"post-3430","1":"post","2":"type-post","3":"status-publish","4":"format-standard","6":"category-artikuj","7":"category-lajme"},"yoast_head":"<!-- This site is optimized with the Yoast SEO plugin v27.4 - https:\/\/yoast.com\/product\/yoast-seo-wordpress\/ -->\n<title>Mustafa Nano: Me ikjen e Berish\u00ebs kemi shp\u00ebtuar nga nj\u00eb makth, tani duhet ta harrojm\u00eb - FjALA e LIR\u00cb - Arkivi<\/title>\n<meta name=\"robots\" content=\"index, follow, max-snippet:-1, max-image-preview:large, max-video-preview:-1\" \/>\n<link rel=\"canonical\" href=\"https:\/\/fjala.info\/2009-2015\/mustafa-nano-me-ikjen-e-berishes-kemi-shpetuar-nga-nje-makth-tani-duhet-ta-harrojme\/\" \/>\n<meta property=\"og:locale\" content=\"sq_AL\" \/>\n<meta property=\"og:type\" content=\"article\" \/>\n<meta property=\"og:title\" content=\"Mustafa Nano: Me ikjen e Berish\u00ebs kemi shp\u00ebtuar nga nj\u00eb makth, tani duhet ta harrojm\u00eb - FjALA e LIR\u00cb - Arkivi\" \/>\n<meta property=\"og:description\" content=\"TemA Online, 28 Qershor 2013 Mustafa Nano, nj\u00eb nd\u00ebr njer\u00ebzit m\u00eb kritik\u00eb t\u00eb kryeministrit Sali Berisha, shprehet se me largimin e tij, duket se merr fund nj\u00eb makth. P\u00ebr Nanon, tashm\u00eb shqiptar\u00ebt nuk duhet t\u00eb b\u00ebjn\u00eb gj\u00eb tjet\u00ebr, ve\u00e7se ta harrojn\u00eb k\u00ebt\u00eb figur\u00eb. \u201cBerisha de facto nuk ka ikur. Por edhe \u201ckaq sa ka ikur\u201d, [&hellip;]\" \/>\n<meta property=\"og:url\" content=\"https:\/\/fjala.info\/2009-2015\/mustafa-nano-me-ikjen-e-berishes-kemi-shpetuar-nga-nje-makth-tani-duhet-ta-harrojme\/\" \/>\n<meta property=\"og:site_name\" content=\"FjALA e LIR\u00cb - Arkivi\" \/>\n<meta property=\"article:published_time\" content=\"2013-06-29T13:43:08+00:00\" \/>\n<meta property=\"og:image\" content=\"http:\/\/www.fjala.info\/2013\/mustafa_nano.jpg\" \/>\n<meta name=\"author\" content=\"admin\" \/>\n<meta name=\"twitter:card\" content=\"summary_large_image\" \/>\n<meta name=\"twitter:label1\" content=\"Written by\" \/>\n\t<meta name=\"twitter:data1\" content=\"admin\" \/>\n\t<meta name=\"twitter:label2\" content=\"Est. reading time\" \/>\n\t<meta name=\"twitter:data2\" content=\"1 minute\" \/>\n<script type=\"application\/ld+json\" class=\"yoast-schema-graph\">{\"@context\":\"https:\\\/\\\/schema.org\",\"@graph\":[{\"@type\":\"Article\",\"@id\":\"https:\\\/\\\/fjala.info\\\/2009-2015\\\/mustafa-nano-me-ikjen-e-berishes-kemi-shpetuar-nga-nje-makth-tani-duhet-ta-harrojme\\\/#article\",\"isPartOf\":{\"@id\":\"https:\\\/\\\/fjala.info\\\/2009-2015\\\/mustafa-nano-me-ikjen-e-berishes-kemi-shpetuar-nga-nje-makth-tani-duhet-ta-harrojme\\\/\"},\"author\":{\"name\":\"admin\",\"@id\":\"https:\\\/\\\/fjala.info\\\/2009-2015\\\/#\\\/schema\\\/person\\\/3aa1163ef05469c496fc94e77611ada2\"},\"headline\":\"Mustafa Nano: Me ikjen e Berish\u00ebs kemi shp\u00ebtuar nga nj\u00eb makth, tani duhet ta harrojm\u00eb\",\"datePublished\":\"2013-06-29T13:43:08+00:00\",\"mainEntityOfPage\":{\"@id\":\"https:\\\/\\\/fjala.info\\\/2009-2015\\\/mustafa-nano-me-ikjen-e-berishes-kemi-shpetuar-nga-nje-makth-tani-duhet-ta-harrojme\\\/\"},\"wordCount\":259,\"commentCount\":0,\"publisher\":{\"@id\":\"https:\\\/\\\/fjala.info\\\/2009-2015\\\/#organization\"},\"image\":{\"@id\":\"https:\\\/\\\/fjala.info\\\/2009-2015\\\/mustafa-nano-me-ikjen-e-berishes-kemi-shpetuar-nga-nje-makth-tani-duhet-ta-harrojme\\\/#primaryimage\"},\"thumbnailUrl\":\"http:\\\/\\\/www.fjala.info\\\/2013\\\/mustafa_nano.jpg\",\"articleSection\":[\"Artikuj\",\"Lajme\"],\"inLanguage\":\"sq-AL\",\"potentialAction\":[{\"@type\":\"CommentAction\",\"name\":\"Comment\",\"target\":[\"https:\\\/\\\/fjala.info\\\/2009-2015\\\/mustafa-nano-me-ikjen-e-berishes-kemi-shpetuar-nga-nje-makth-tani-duhet-ta-harrojme\\\/#respond\"]}]},{\"@type\":\"WebPage\",\"@id\":\"https:\\\/\\\/fjala.info\\\/2009-2015\\\/mustafa-nano-me-ikjen-e-berishes-kemi-shpetuar-nga-nje-makth-tani-duhet-ta-harrojme\\\/\",\"url\":\"https:\\\/\\\/fjala.info\\\/2009-2015\\\/mustafa-nano-me-ikjen-e-berishes-kemi-shpetuar-nga-nje-makth-tani-duhet-ta-harrojme\\\/\",\"name\":\"Mustafa Nano: Me ikjen e Berish\u00ebs kemi shp\u00ebtuar nga nj\u00eb makth, tani duhet ta harrojm\u00eb - FjALA e LIR\u00cb - Arkivi\",\"isPartOf\":{\"@id\":\"https:\\\/\\\/fjala.info\\\/2009-2015\\\/#website\"},\"primaryImageOfPage\":{\"@id\":\"https:\\\/\\\/fjala.info\\\/2009-2015\\\/mustafa-nano-me-ikjen-e-berishes-kemi-shpetuar-nga-nje-makth-tani-duhet-ta-harrojme\\\/#primaryimage\"},\"image\":{\"@id\":\"https:\\\/\\\/fjala.info\\\/2009-2015\\\/mustafa-nano-me-ikjen-e-berishes-kemi-shpetuar-nga-nje-makth-tani-duhet-ta-harrojme\\\/#primaryimage\"},\"thumbnailUrl\":\"http:\\\/\\\/www.fjala.info\\\/2013\\\/mustafa_nano.jpg\",\"datePublished\":\"2013-06-29T13:43:08+00:00\",\"breadcrumb\":{\"@id\":\"https:\\\/\\\/fjala.info\\\/2009-2015\\\/mustafa-nano-me-ikjen-e-berishes-kemi-shpetuar-nga-nje-makth-tani-duhet-ta-harrojme\\\/#breadcrumb\"},\"inLanguage\":\"sq-AL\",\"potentialAction\":[{\"@type\":\"ReadAction\",\"target\":[\"https:\\\/\\\/fjala.info\\\/2009-2015\\\/mustafa-nano-me-ikjen-e-berishes-kemi-shpetuar-nga-nje-makth-tani-duhet-ta-harrojme\\\/\"]}]},{\"@type\":\"ImageObject\",\"inLanguage\":\"sq-AL\",\"@id\":\"https:\\\/\\\/fjala.info\\\/2009-2015\\\/mustafa-nano-me-ikjen-e-berishes-kemi-shpetuar-nga-nje-makth-tani-duhet-ta-harrojme\\\/#primaryimage\",\"url\":\"http:\\\/\\\/www.fjala.info\\\/2013\\\/mustafa_nano.jpg\",\"contentUrl\":\"http:\\\/\\\/www.fjala.info\\\/2013\\\/mustafa_nano.jpg\"},{\"@type\":\"BreadcrumbList\",\"@id\":\"https:\\\/\\\/fjala.info\\\/2009-2015\\\/mustafa-nano-me-ikjen-e-berishes-kemi-shpetuar-nga-nje-makth-tani-duhet-ta-harrojme\\\/#breadcrumb\",\"itemListElement\":[{\"@type\":\"ListItem\",\"position\":1,\"name\":\"Home\",\"item\":\"https:\\\/\\\/fjala.info\\\/2009-2015\\\/\"},{\"@type\":\"ListItem\",\"position\":2,\"name\":\"Mustafa Nano: Me ikjen e Berish\u00ebs kemi shp\u00ebtuar nga nj\u00eb makth, tani duhet ta harrojm\u00eb\"}]},{\"@type\":\"WebSite\",\"@id\":\"https:\\\/\\\/fjala.info\\\/2009-2015\\\/#website\",\"url\":\"https:\\\/\\\/fjala.info\\\/2009-2015\\\/\",\"name\":\"FjALA e LIR\u00cb - Arkivi\",\"description\":\"Arkivi 2009-2015\",\"publisher\":{\"@id\":\"https:\\\/\\\/fjala.info\\\/2009-2015\\\/#organization\"},\"potentialAction\":[{\"@type\":\"SearchAction\",\"target\":{\"@type\":\"EntryPoint\",\"urlTemplate\":\"https:\\\/\\\/fjala.info\\\/2009-2015\\\/?s={search_term_string}\"},\"query-input\":{\"@type\":\"PropertyValueSpecification\",\"valueRequired\":true,\"valueName\":\"search_term_string\"}}],\"inLanguage\":\"sq-AL\"},{\"@type\":\"Organization\",\"@id\":\"https:\\\/\\\/fjala.info\\\/2009-2015\\\/#organization\",\"name\":\"FjALA e LIR\u00cb - Arkivi\",\"url\":\"https:\\\/\\\/fjala.info\\\/2009-2015\\\/\",\"logo\":{\"@type\":\"ImageObject\",\"inLanguage\":\"sq-AL\",\"@id\":\"https:\\\/\\\/fjala.info\\\/2009-2015\\\/#\\\/schema\\\/logo\\\/image\\\/\",\"url\":\"\",\"contentUrl\":\"\",\"caption\":\"FjALA e LIR\u00cb - Arkivi\"},\"image\":{\"@id\":\"https:\\\/\\\/fjala.info\\\/2009-2015\\\/#\\\/schema\\\/logo\\\/image\\\/\"}},{\"@type\":\"Person\",\"@id\":\"https:\\\/\\\/fjala.info\\\/2009-2015\\\/#\\\/schema\\\/person\\\/3aa1163ef05469c496fc94e77611ada2\",\"name\":\"admin\",\"image\":{\"@type\":\"ImageObject\",\"inLanguage\":\"sq-AL\",\"@id\":\"https:\\\/\\\/fjala.info\\\/2009-2015\\\/wp-content\\\/uploads\\\/2012\\\/02\\\/arben_cokaj-120x150.jpg\",\"url\":\"https:\\\/\\\/fjala.info\\\/2009-2015\\\/wp-content\\\/uploads\\\/2012\\\/02\\\/arben_cokaj-120x150.jpg\",\"contentUrl\":\"https:\\\/\\\/fjala.info\\\/2009-2015\\\/wp-content\\\/uploads\\\/2012\\\/02\\\/arben_cokaj-120x150.jpg\",\"caption\":\"admin\"},\"description\":\"Admin, Fjala e Lir\u00eb\",\"sameAs\":[\"https:\\\/\\\/fjala.info\\\/\"],\"url\":\"https:\\\/\\\/fjala.info\\\/2009-2015\\\/author\\\/admin\\\/\"}]}<\/script>\n<!-- \/ Yoast SEO plugin. -->","yoast_head_json":{"title":"Mustafa Nano: Me ikjen e Berish\u00ebs kemi shp\u00ebtuar nga nj\u00eb makth, tani duhet ta harrojm\u00eb - FjALA e LIR\u00cb - Arkivi","robots":{"index":"index","follow":"follow","max-snippet":"max-snippet:-1","max-image-preview":"max-image-preview:large","max-video-preview":"max-video-preview:-1"},"canonical":"https:\/\/fjala.info\/2009-2015\/mustafa-nano-me-ikjen-e-berishes-kemi-shpetuar-nga-nje-makth-tani-duhet-ta-harrojme\/","og_locale":"sq_AL","og_type":"article","og_title":"Mustafa Nano: Me ikjen e Berish\u00ebs kemi shp\u00ebtuar nga nj\u00eb makth, tani duhet ta harrojm\u00eb - FjALA e LIR\u00cb - Arkivi","og_description":"TemA Online, 28 Qershor 2013 Mustafa Nano, nj\u00eb nd\u00ebr njer\u00ebzit m\u00eb kritik\u00eb t\u00eb kryeministrit Sali Berisha, shprehet se me largimin e tij, duket se merr fund nj\u00eb makth. P\u00ebr Nanon, tashm\u00eb shqiptar\u00ebt nuk duhet t\u00eb b\u00ebjn\u00eb gj\u00eb tjet\u00ebr, ve\u00e7se ta harrojn\u00eb k\u00ebt\u00eb figur\u00eb. \u201cBerisha de facto nuk ka ikur. Por edhe \u201ckaq sa ka ikur\u201d, [&hellip;]","og_url":"https:\/\/fjala.info\/2009-2015\/mustafa-nano-me-ikjen-e-berishes-kemi-shpetuar-nga-nje-makth-tani-duhet-ta-harrojme\/","og_site_name":"FjALA e LIR\u00cb - Arkivi","article_published_time":"2013-06-29T13:43:08+00:00","og_image":[{"url":"http:\/\/www.fjala.info\/2013\/mustafa_nano.jpg","type":"","width":"","height":""}],"author":"admin","twitter_card":"summary_large_image","twitter_misc":{"Written by":"admin","Est. reading time":"1 minute"},"schema":{"@context":"https:\/\/schema.org","@graph":[{"@type":"Article","@id":"https:\/\/fjala.info\/2009-2015\/mustafa-nano-me-ikjen-e-berishes-kemi-shpetuar-nga-nje-makth-tani-duhet-ta-harrojme\/#article","isPartOf":{"@id":"https:\/\/fjala.info\/2009-2015\/mustafa-nano-me-ikjen-e-berishes-kemi-shpetuar-nga-nje-makth-tani-duhet-ta-harrojme\/"},"author":{"name":"admin","@id":"https:\/\/fjala.info\/2009-2015\/#\/schema\/person\/3aa1163ef05469c496fc94e77611ada2"},"headline":"Mustafa Nano: Me ikjen e Berish\u00ebs kemi shp\u00ebtuar nga nj\u00eb makth, tani duhet ta harrojm\u00eb","datePublished":"2013-06-29T13:43:08+00:00","mainEntityOfPage":{"@id":"https:\/\/fjala.info\/2009-2015\/mustafa-nano-me-ikjen-e-berishes-kemi-shpetuar-nga-nje-makth-tani-duhet-ta-harrojme\/"},"wordCount":259,"commentCount":0,"publisher":{"@id":"https:\/\/fjala.info\/2009-2015\/#organization"},"image":{"@id":"https:\/\/fjala.info\/2009-2015\/mustafa-nano-me-ikjen-e-berishes-kemi-shpetuar-nga-nje-makth-tani-duhet-ta-harrojme\/#primaryimage"},"thumbnailUrl":"http:\/\/www.fjala.info\/2013\/mustafa_nano.jpg","articleSection":["Artikuj","Lajme"],"inLanguage":"sq-AL","potentialAction":[{"@type":"CommentAction","name":"Comment","target":["https:\/\/fjala.info\/2009-2015\/mustafa-nano-me-ikjen-e-berishes-kemi-shpetuar-nga-nje-makth-tani-duhet-ta-harrojme\/#respond"]}]},{"@type":"WebPage","@id":"https:\/\/fjala.info\/2009-2015\/mustafa-nano-me-ikjen-e-berishes-kemi-shpetuar-nga-nje-makth-tani-duhet-ta-harrojme\/","url":"https:\/\/fjala.info\/2009-2015\/mustafa-nano-me-ikjen-e-berishes-kemi-shpetuar-nga-nje-makth-tani-duhet-ta-harrojme\/","name":"Mustafa Nano: Me ikjen e Berish\u00ebs kemi shp\u00ebtuar nga nj\u00eb makth, tani duhet ta harrojm\u00eb - FjALA e LIR\u00cb - Arkivi","isPartOf":{"@id":"https:\/\/fjala.info\/2009-2015\/#website"},"primaryImageOfPage":{"@id":"https:\/\/fjala.info\/2009-2015\/mustafa-nano-me-ikjen-e-berishes-kemi-shpetuar-nga-nje-makth-tani-duhet-ta-harrojme\/#primaryimage"},"image":{"@id":"https:\/\/fjala.info\/2009-2015\/mustafa-nano-me-ikjen-e-berishes-kemi-shpetuar-nga-nje-makth-tani-duhet-ta-harrojme\/#primaryimage"},"thumbnailUrl":"http:\/\/www.fjala.info\/2013\/mustafa_nano.jpg","datePublished":"2013-06-29T13:43:08+00:00","breadcrumb":{"@id":"https:\/\/fjala.info\/2009-2015\/mustafa-nano-me-ikjen-e-berishes-kemi-shpetuar-nga-nje-makth-tani-duhet-ta-harrojme\/#breadcrumb"},"inLanguage":"sq-AL","potentialAction":[{"@type":"ReadAction","target":["https:\/\/fjala.info\/2009-2015\/mustafa-nano-me-ikjen-e-berishes-kemi-shpetuar-nga-nje-makth-tani-duhet-ta-harrojme\/"]}]},{"@type":"ImageObject","inLanguage":"sq-AL","@id":"https:\/\/fjala.info\/2009-2015\/mustafa-nano-me-ikjen-e-berishes-kemi-shpetuar-nga-nje-makth-tani-duhet-ta-harrojme\/#primaryimage","url":"http:\/\/www.fjala.info\/2013\/mustafa_nano.jpg","contentUrl":"http:\/\/www.fjala.info\/2013\/mustafa_nano.jpg"},{"@type":"BreadcrumbList","@id":"https:\/\/fjala.info\/2009-2015\/mustafa-nano-me-ikjen-e-berishes-kemi-shpetuar-nga-nje-makth-tani-duhet-ta-harrojme\/#breadcrumb","itemListElement":[{"@type":"ListItem","position":1,"name":"Home","item":"https:\/\/fjala.info\/2009-2015\/"},{"@type":"ListItem","position":2,"name":"Mustafa Nano: Me ikjen e Berish\u00ebs kemi shp\u00ebtuar nga nj\u00eb makth, tani duhet ta harrojm\u00eb"}]},{"@type":"WebSite","@id":"https:\/\/fjala.info\/2009-2015\/#website","url":"https:\/\/fjala.info\/2009-2015\/","name":"FjALA e LIR\u00cb - Arkivi","description":"Arkivi 2009-2015","publisher":{"@id":"https:\/\/fjala.info\/2009-2015\/#organization"},"potentialAction":[{"@type":"SearchAction","target":{"@type":"EntryPoint","urlTemplate":"https:\/\/fjala.info\/2009-2015\/?s={search_term_string}"},"query-input":{"@type":"PropertyValueSpecification","valueRequired":true,"valueName":"search_term_string"}}],"inLanguage":"sq-AL"},{"@type":"Organization","@id":"https:\/\/fjala.info\/2009-2015\/#organization","name":"FjALA e LIR\u00cb - Arkivi","url":"https:\/\/fjala.info\/2009-2015\/","logo":{"@type":"ImageObject","inLanguage":"sq-AL","@id":"https:\/\/fjala.info\/2009-2015\/#\/schema\/logo\/image\/","url":"","contentUrl":"","caption":"FjALA e LIR\u00cb - Arkivi"},"image":{"@id":"https:\/\/fjala.info\/2009-2015\/#\/schema\/logo\/image\/"}},{"@type":"Person","@id":"https:\/\/fjala.info\/2009-2015\/#\/schema\/person\/3aa1163ef05469c496fc94e77611ada2","name":"admin","image":{"@type":"ImageObject","inLanguage":"sq-AL","@id":"https:\/\/fjala.info\/2009-2015\/wp-content\/uploads\/2012\/02\/arben_cokaj-120x150.jpg","url":"https:\/\/fjala.info\/2009-2015\/wp-content\/uploads\/2012\/02\/arben_cokaj-120x150.jpg","contentUrl":"https:\/\/fjala.info\/2009-2015\/wp-content\/uploads\/2012\/02\/arben_cokaj-120x150.jpg","caption":"admin"},"description":"Admin, Fjala e Lir\u00eb","sameAs":["https:\/\/fjala.info\/"],"url":"https:\/\/fjala.info\/2009-2015\/author\/admin\/"}]}},"_links":{"self":[{"href":"https:\/\/fjala.info\/2009-2015\/wp-json\/wp\/v2\/posts\/3430","targetHints":{"allow":["GET"]}}],"collection":[{"href":"https:\/\/fjala.info\/2009-2015\/wp-json\/wp\/v2\/posts"}],"about":[{"href":"https:\/\/fjala.info\/2009-2015\/wp-json\/wp\/v2\/types\/post"}],"author":[{"embeddable":true,"href":"https:\/\/fjala.info\/2009-2015\/wp-json\/wp\/v2\/users\/1"}],"replies":[{"embeddable":true,"href":"https:\/\/fjala.info\/2009-2015\/wp-json\/wp\/v2\/comments?post=3430"}],"version-history":[{"count":0,"href":"https:\/\/fjala.info\/2009-2015\/wp-json\/wp\/v2\/posts\/3430\/revisions"}],"wp:attachment":[{"href":"https:\/\/fjala.info\/2009-2015\/wp-json\/wp\/v2\/media?parent=3430"}],"wp:term":[{"taxonomy":"category","embeddable":true,"href":"https:\/\/fjala.info\/2009-2015\/wp-json\/wp\/v2\/categories?post=3430"},{"taxonomy":"post_tag","embeddable":true,"href":"https:\/\/fjala.info\/2009-2015\/wp-json\/wp\/v2\/tags?post=3430"}],"curies":[{"name":"wp","href":"https:\/\/api.w.org\/{rel}","templated":true}]}}